{"id":25525,"date":"2025-05-29T23:05:00","date_gmt":"2025-05-29T21:05:00","guid":{"rendered":"https:\/\/janze-athletisme.fr\/wordpress\/?p=25525"},"modified":"2025-05-31T09:38:49","modified_gmt":"2025-05-31T07:38:49","slug":"meeting-de-pace-la-saison-cette-fois-est-bien-lancee","status":"publish","type":"post","link":"https:\/\/janze-athletisme.fr\/wordpress\/meeting-de-pace-la-saison-cette-fois-est-bien-lancee\/","title":{"rendered":"Meeting de Pac\u00e9 : la saison cette fois est bien lanc\u00e9e"},"content":{"rendered":"<p><span style=\"font-family: Verdana, sans-serif\"><span style=\"font-size: x-large\"><b>Meeting du HBA, Pac\u00e9, jeudi 29 mai<\/b><\/span><\/span><\/p>\n<p><span style=\"font-family: Verdana, sans-serif\">Certes il y a eu les deux tours interclubs, mais ils avaient, pour beaucoup de nos jeunes athl\u00e8tes, un go\u00fbt d&rsquo;ap\u00e9ritif, et on attendait avec impatience d&rsquo;entrer dans le plat de r\u00e9sistance. Avec le meeting de Pac\u00e9, au niveau tr\u00e8s relev\u00e9 (20 perfs \u00e0 plus de 1000 points !), on peut dire que la saison est enfin (et bien) lanc\u00e9e.<\/span><\/p>\n<p><span style=\"font-family: Verdana, sans-serif\">Certains r\u00e9sultats se ressentent encore de ce c\u00f4t\u00e9 h\u00e9sitant des d\u00e9buts, mais tout maintenant va se caler tr\u00e8s vite, au fur et \u00e0 mesure des \u00e9ch\u00e9ances \u00e0 venir (Montfort vendredi soir 6 juin, Courtemanche dimanche 15 juin, Redon samedi 21 juin, Saint-Malo dimanche 22 juin, Montfort de nouveau mercredi 25 juin, Courtemanche les 28 et 29 juin, etc.)<\/span><\/p>\n<p><span style=\"font-family: Verdana, sans-serif\"><span style=\"font-size: large\"><b>32 perfs \u00e0 plus de 500 points pour l&rsquo;EAC<\/b><\/span><\/span><\/p>\n<p><span style=\"font-family: Verdana, sans-serif\">On note 32 perfs au-dessus des 500 points en ce jour de l&rsquo;Ascension, dont 17 pour les Janz\u00e9ens \/ Janz\u00e9ennes. Nos deux cheffes de file du jour pour nos couleurs sont cadettes, avec <b>L\u00e9a<\/b> Robert, qu&rsquo;on voit revenir avec plaisir \u00e0 son niveau sur 800m, et <b>Manon<\/b> Le Nard, qui d\u00e9couvrait le 400m haies et r\u00e9alise d\u00e9j\u00e0 une perf de haute vol\u00e9e.<\/span><\/p>\n<p><span style=\"font-family: Verdana, sans-serif\">On note \u00e9galement que la plupart des performances, pour nos athl\u00e8tes, sont leurs meilleures de l&rsquo;ann\u00e9e, alors que l&rsquo;\u00e9t\u00e9 d\u00e9bute \u00e0 peine. Tout cela est donc tr\u00e8s encourageant. Bravo \u00e0 toutes et tous.<\/span><\/p>\n<p><span style=\"font-family: Verdana, sans-serif\"><span style=\"font-size: large\"><b>Merci les juges !<\/b><\/span><\/span><\/p>\n<p><span style=\"font-family: Verdana, sans-serif\"><span style=\"font-size: medium\">Grand jour pour nos deux juges : ils \u00e9taient \u00e9valu\u00e9s ! <b>Wilfrid<\/b> Lebreton pour devenir juge f\u00e9d\u00e9ral courses et <b>Cl\u00e9mence<\/b> Lamoureux pour devenir juge sauts (premi\u00e8re \u00e9valuation). Merci \u00e0 tous les deux pour votre contribution au succ\u00e8s de cette journ\u00e9e.<\/span><\/span><\/p>\n<table border=\"1\" width=\"4369\" cellspacing=\"0\" cellpadding=\"4\">\n<tbody>\n<tr valign=\"TOP\">\n<td bgcolor=\"#ffff99\" width=\"1655\"><span style=\"font-family: Verdana, sans-serif;font-size: 14pt\"><b>Athl\u00e8te<\/b><\/span><\/td>\n<td bgcolor=\"#ffff99\" width=\"1079\">\n<p align=\"CENTER\"><span style=\"font-family: Verdana, sans-serif;font-size: 14pt\"><b>\u00c9preuve<\/b><\/span><\/p>\n<\/td>\n<td bgcolor=\"#ffff99\" width=\"862\">\n<p align=\"CENTER\"><span style=\"font-family: Verdana, sans-serif;font-size: 14pt\"><b>Performance<\/b><\/span><\/p>\n<\/td>\n<td bgcolor=\"#ffff99\" width=\"739\">\n<p align=\"CENTER\"><span style=\"font-family: Verdana, sans-serif;font-size: 14pt\"><b>Points<\/b><\/span><\/p>\n<\/td>\n<\/tr>\n<tr valign=\"TOP\">\n<td bgcolor=\"#ffff99\" width=\"1655\"><span style=\"font-family: Verdana, sans-serif\">Marie Duvigneau (Cesson)<\/span><\/td>\n<td bgcolor=\"#ffff99\" width=\"1079\">\n<p align=\"CENTER\"><span style=\"font-family: Verdana, sans-serif\">400m haies SEF<\/span><\/p>\n<\/td>\n<td bgcolor=\"#ffff99\" width=\"862\">\n<p align=\"CENTER\"><span style=\"font-family: Verdana, sans-serif\">58&Prime;59<\/span><\/p>\n<\/td>\n<td bgcolor=\"#ffff99\" width=\"739\">\n<p align=\"CENTER\"><span style=\"font-family: Verdana, sans-serif\">1063<\/span><\/p>\n<\/td>\n<\/tr>\n<tr valign=\"TOP\">\n<td bgcolor=\"#ffff99\" width=\"1655\"><span style=\"font-family: Verdana, sans-serif\">Lucie Duvigneau (Cesson)<\/span><\/td>\n<td bgcolor=\"#ffff99\" width=\"1079\">\n<p align=\"CENTER\"><span style=\"font-family: Verdana, sans-serif\">400m CAF<\/span><\/p>\n<\/td>\n<td bgcolor=\"#ffff99\" width=\"862\">\n<p align=\"CENTER\"><span style=\"font-family: Verdana, sans-serif\">57&Prime;81<\/span><\/p>\n<\/td>\n<td bgcolor=\"#ffff99\" width=\"739\">\n<p align=\"CENTER\"><span style=\"font-family: Verdana, sans-serif\">919<\/span><\/p>\n<\/td>\n<\/tr>\n<tr valign=\"TOP\">\n<td bgcolor=\"#ffff99\" width=\"1655\"><span style=\"font-family: Verdana, sans-serif\">Tiphanie Lecomte (Cesson)<\/span><\/td>\n<td bgcolor=\"#ffff99\" width=\"1079\">\n<p align=\"CENTER\"><span style=\"font-family: Verdana, sans-serif\">1500m SEF<\/span><\/p>\n<\/td>\n<td bgcolor=\"#ffff99\" width=\"862\">\n<p align=\"CENTER\"><span style=\"font-family: Verdana, sans-serif\">4&rsquo;45&Prime;85<\/span><\/p>\n<\/td>\n<td bgcolor=\"#ffff99\" width=\"739\">\n<p align=\"CENTER\"><span style=\"font-family: Verdana, sans-serif\">866<\/span><\/p>\n<\/td>\n<\/tr>\n<tr valign=\"TOP\">\n<td bgcolor=\"#ffff99\" width=\"1655\"><span style=\"font-family: Verdana, sans-serif\">Martin Lambard (Cesson)<\/span><\/td>\n<td bgcolor=\"#ffff99\" width=\"1079\">\n<p align=\"CENTER\"><span style=\"font-family: Verdana, sans-serif\">800m SEM<\/span><\/p>\n<\/td>\n<td bgcolor=\"#ffff99\" width=\"862\">\n<p align=\"CENTER\"><span style=\"font-family: Verdana, sans-serif\">1&rsquo;55&Prime;97<\/span><\/p>\n<\/td>\n<td bgcolor=\"#ffff99\" width=\"739\">\n<p align=\"CENTER\"><span style=\"font-family: Verdana, sans-serif\">863<\/span><\/p>\n<\/td>\n<\/tr>\n<tr valign=\"TOP\">\n<td bgcolor=\"#ffff99\" width=\"1655\"><span style=\"font-family: Verdana, sans-serif\">Fran\u00e7ois Chevalier (Cesson)<\/span><\/td>\n<td bgcolor=\"#ffff99\" width=\"1079\">\n<p align=\"CENTER\"><span style=\"font-family: Verdana, sans-serif\">400m JUM<\/span><\/p>\n<\/td>\n<td bgcolor=\"#ffff99\" width=\"862\">\n<p align=\"CENTER\"><span style=\"font-family: Verdana, sans-serif\">50&Prime;08<\/span><\/p>\n<\/td>\n<td bgcolor=\"#ffff99\" width=\"739\">\n<p align=\"CENTER\"><span style=\"font-family: Verdana, sans-serif\">853<\/span><\/p>\n<\/td>\n<\/tr>\n<tr valign=\"TOP\">\n<td bgcolor=\"#ffff99\" width=\"1655\"><span style=\"font-family: Verdana, sans-serif\">Sterenn Tanguy (Cesson)<\/span><\/td>\n<td bgcolor=\"#ffff99\" width=\"1079\">\n<p align=\"CENTER\"><span style=\"font-family: Verdana, sans-serif\">100m haies JUF<\/span><\/p>\n<\/td>\n<td bgcolor=\"#ffff99\" width=\"862\">\n<p align=\"CENTER\"><span style=\"font-family: Verdana, sans-serif\">15&Prime;56<\/span><\/p>\n<\/td>\n<td bgcolor=\"#ffff99\" width=\"739\">\n<p align=\"CENTER\"><span style=\"font-family: Verdana, sans-serif\">829<\/span><\/p>\n<\/td>\n<\/tr>\n<tr valign=\"TOP\">\n<td bgcolor=\"#ffff99\" width=\"1655\"><span style=\"font-family: Verdana, sans-serif\">S\u00e9bastien Kern\u00e9\u00efs (Cesson)<\/span><\/td>\n<td bgcolor=\"#ffff99\" width=\"1079\">\n<p align=\"CENTER\"><span style=\"font-family: Verdana, sans-serif\">1500m SEM<\/span><\/p>\n<\/td>\n<td bgcolor=\"#ffff99\" width=\"862\">\n<p align=\"CENTER\"><span style=\"font-family: Verdana, sans-serif\">4&rsquo;05&Prime;12<\/span><\/p>\n<\/td>\n<td bgcolor=\"#ffff99\" width=\"739\">\n<p align=\"CENTER\"><span style=\"font-family: Verdana, sans-serif\">795<\/span><\/p>\n<\/td>\n<\/tr>\n<tr valign=\"TOP\">\n<td bgcolor=\"#ffff99\" width=\"1655\"><span style=\"font-family: Verdana, sans-serif\">Fran\u00e7ois Chevalier (Cesson)<\/span><\/td>\n<td bgcolor=\"#ffff99\" width=\"1079\">\n<p align=\"CENTER\"><span style=\"font-family: Verdana, sans-serif\">200m JUM<\/span><\/p>\n<\/td>\n<td bgcolor=\"#ffff99\" width=\"862\">\n<p align=\"CENTER\"><span style=\"font-family: Verdana, sans-serif\">23&Prime;10<\/span><\/p>\n<\/td>\n<td bgcolor=\"#ffff99\" width=\"739\">\n<p align=\"CENTER\"><span style=\"font-family: Verdana, sans-serif\">781<\/span><\/p>\n<\/td>\n<\/tr>\n<tr valign=\"TOP\">\n<td bgcolor=\"#ffff99\" width=\"1655\"><span style=\"font-family: Verdana, sans-serif\"><b>L\u00e9a <\/b>Robert<\/span><\/td>\n<td bgcolor=\"#ffff99\" width=\"1079\">\n<p align=\"CENTER\"><span style=\"font-family: Verdana, sans-serif\">800m CAF<\/span><\/p>\n<\/td>\n<td bgcolor=\"#ffff99\" width=\"862\">\n<p align=\"CENTER\"><span style=\"font-family: Verdana, sans-serif\">2&rsquo;23&Prime;65<\/span><\/p>\n<\/td>\n<td bgcolor=\"#ffff99\" width=\"739\">\n<p align=\"CENTER\"><span style=\"font-family: Verdana, sans-serif\">778<\/span><\/p>\n<\/td>\n<\/tr>\n<tr valign=\"TOP\">\n<td bgcolor=\"#ffff99\" width=\"1655\"><span style=\"font-family: Verdana, sans-serif\">Robin Legouable (Cesson)<\/span><\/td>\n<td bgcolor=\"#ffff99\" width=\"1079\">\n<p align=\"CENTER\"><span style=\"font-family: Verdana, sans-serif\">800m ESM<\/span><\/p>\n<\/td>\n<td bgcolor=\"#ffff99\" width=\"862\">\n<p align=\"CENTER\"><span style=\"font-family: Verdana, sans-serif\">2&rsquo;00&Prime;17<\/span><\/p>\n<\/td>\n<td bgcolor=\"#ffff99\" width=\"739\">\n<p align=\"CENTER\"><span style=\"font-family: Verdana, sans-serif\">756<\/span><\/p>\n<\/td>\n<\/tr>\n<tr valign=\"TOP\">\n<td bgcolor=\"#ffff99\" width=\"1655\"><span style=\"font-family: Verdana, sans-serif\">Yoann Devaud (Cesson)<\/span><\/td>\n<td bgcolor=\"#ffff99\" width=\"1079\">\n<p align=\"CENTER\"><span style=\"font-family: Verdana, sans-serif\">400m SEM<\/span><\/p>\n<\/td>\n<td bgcolor=\"#ffff99\" width=\"862\">\n<p align=\"CENTER\"><span style=\"font-family: Verdana, sans-serif\">52&Prime;36<\/span><\/p>\n<\/td>\n<td bgcolor=\"#ffff99\" width=\"739\">\n<p align=\"CENTER\"><span style=\"font-family: Verdana, sans-serif\">724<\/span><\/p>\n<\/td>\n<\/tr>\n<tr valign=\"TOP\">\n<td bgcolor=\"#ffff99\" width=\"1655\"><span style=\"font-family: Verdana, sans-serif\">Melvin Gallais (Cesson)<\/span><\/td>\n<td bgcolor=\"#ffff99\" width=\"1079\">\n<p align=\"CENTER\"><span style=\"font-family: Verdana, sans-serif\">800m ESM<\/span><\/p>\n<\/td>\n<td bgcolor=\"#ffff99\" width=\"862\">\n<p align=\"CENTER\"><span style=\"font-family: Verdana, sans-serif\">2&rsquo;03&Prime;15<\/span><\/p>\n<\/td>\n<td bgcolor=\"#ffff99\" width=\"739\">\n<p align=\"CENTER\"><span style=\"font-family: Verdana, sans-serif\">685<\/span><\/p>\n<\/td>\n<\/tr>\n<tr valign=\"TOP\">\n<td bgcolor=\"#ffff99\" width=\"1655\"><span style=\"font-family: Verdana, sans-serif\"><b>Manon<\/b> Le Nard<\/span><\/td>\n<td bgcolor=\"#ffff99\" width=\"1079\">\n<p align=\"CENTER\"><span style=\"font-family: Verdana, sans-serif\">400m haies CAF<\/span><\/p>\n<\/td>\n<td bgcolor=\"#ffff99\" width=\"862\">\n<p align=\"CENTER\"><span style=\"font-family: Verdana, sans-serif\">72&Prime;85<\/span><\/p>\n<\/td>\n<td bgcolor=\"#ffff99\" width=\"739\">\n<p align=\"CENTER\"><span style=\"font-family: Verdana, sans-serif\">681<\/span><\/p>\n<\/td>\n<\/tr>\n<tr valign=\"TOP\">\n<td bgcolor=\"#ffff99\" width=\"1655\"><span style=\"font-family: Verdana, sans-serif\"><b>Mathieu <\/b>Henry<\/span><\/td>\n<td bgcolor=\"#ffff99\" width=\"1079\">\n<p align=\"CENTER\"><span style=\"font-family: Verdana, sans-serif\">1500m SEM<\/span><\/p>\n<\/td>\n<td bgcolor=\"#ffff99\" width=\"862\">\n<p align=\"CENTER\"><span style=\"font-family: Verdana, sans-serif\">4&rsquo;15&Prime;95<\/span><\/p>\n<\/td>\n<td bgcolor=\"#ffff99\" width=\"739\">\n<p align=\"CENTER\"><span style=\"font-family: Verdana, sans-serif\">677<\/span><\/p>\n<\/td>\n<\/tr>\n<tr valign=\"TOP\">\n<td bgcolor=\"#ffff99\" width=\"1655\"><span style=\"font-family: Verdana, sans-serif\">Yoann Devaud (Cesson)<\/span><\/td>\n<td bgcolor=\"#ffff99\" width=\"1079\">\n<p align=\"CENTER\"><span style=\"font-family: Verdana, sans-serif\">200m SEM<\/span><\/p>\n<\/td>\n<td bgcolor=\"#ffff99\" width=\"862\">\n<p align=\"CENTER\"><span style=\"font-family: Verdana, sans-serif\">24&Prime;01<\/span><\/p>\n<\/td>\n<td bgcolor=\"#ffff99\" width=\"739\">\n<p align=\"CENTER\"><span style=\"font-family: Verdana, sans-serif\">670<\/span><\/p>\n<\/td>\n<\/tr>\n<tr valign=\"TOP\">\n<td bgcolor=\"#ffff99\" width=\"1655\"><span style=\"font-family: Verdana, sans-serif\"><b>Floriane<\/b> Bonnel<\/span><\/td>\n<td bgcolor=\"#ffff99\" width=\"1079\">\n<p align=\"CENTER\"><span style=\"font-family: Verdana, sans-serif\">200m SEF<\/span><\/p>\n<\/td>\n<td bgcolor=\"#ffff99\" width=\"862\">\n<p align=\"CENTER\"><span style=\"font-family: Verdana, sans-serif\">28&Prime;22<\/span><\/p>\n<\/td>\n<td bgcolor=\"#ffff99\" width=\"739\">\n<p align=\"CENTER\"><span style=\"font-family: Verdana, sans-serif\">669<\/span><\/p>\n<\/td>\n<\/tr>\n<tr valign=\"TOP\">\n<td bgcolor=\"#ffff99\" width=\"1655\"><span style=\"font-family: Verdana, sans-serif\"><b>L\u00e9o<\/b> Guiheux<\/span><\/td>\n<td bgcolor=\"#ffff99\" width=\"1079\">\n<p align=\"CENTER\"><span style=\"font-family: Verdana, sans-serif\">800m CAM<\/span><\/p>\n<\/td>\n<td bgcolor=\"#ffff99\" width=\"862\">\n<p align=\"CENTER\"><span style=\"font-family: Verdana, sans-serif\">2&rsquo;03&Prime;90<\/span><\/p>\n<\/td>\n<td bgcolor=\"#ffff99\" width=\"739\">\n<p align=\"CENTER\"><span style=\"font-family: Verdana, sans-serif\">668<\/span><\/p>\n<\/td>\n<\/tr>\n<tr valign=\"TOP\">\n<td bgcolor=\"#ffff99\" width=\"1655\"><span style=\"font-family: Verdana, sans-serif\"><b>Enzo<\/b> Paccini<\/span><\/td>\n<td bgcolor=\"#ffff99\" width=\"1079\">\n<p align=\"CENTER\"><span style=\"font-family: Verdana, sans-serif\">Poids 7,26kg<\/span><\/p>\n<\/td>\n<td bgcolor=\"#ffff99\" width=\"862\">\n<p align=\"CENTER\"><span style=\"font-family: Verdana, sans-serif\">12m33<\/span><\/p>\n<\/td>\n<td bgcolor=\"#ffff99\" width=\"739\">\n<p align=\"CENTER\"><span style=\"font-family: Verdana, sans-serif\">666<\/span><\/p>\n<\/td>\n<\/tr>\n<tr valign=\"TOP\">\n<td bgcolor=\"#ffff99\" width=\"1655\"><span style=\"font-family: Verdana, sans-serif\">L\u00e9a Hourmant (Cesson)<\/span><\/td>\n<td bgcolor=\"#ffff99\" width=\"1079\">\n<p align=\"CENTER\"><span style=\"font-family: Verdana, sans-serif\">100m CAF<\/span><\/p>\n<\/td>\n<td bgcolor=\"#ffff99\" width=\"862\">\n<p align=\"CENTER\"><span style=\"font-family: Verdana, sans-serif\">13&Prime;91<\/span><\/p>\n<\/td>\n<td bgcolor=\"#ffff99\" width=\"739\">\n<p align=\"CENTER\"><span style=\"font-family: Verdana, sans-serif\">649<\/span><\/p>\n<\/td>\n<\/tr>\n<tr valign=\"TOP\">\n<td bgcolor=\"#ffff99\" width=\"1655\"><span style=\"font-family: Verdana, sans-serif\">Laetitia Lebosse (Cesson)<\/span><\/td>\n<td bgcolor=\"#ffff99\" width=\"1079\">\n<p align=\"CENTER\"><span style=\"font-family: Verdana, sans-serif\">100m MAF<\/span><\/p>\n<\/td>\n<td bgcolor=\"#ffff99\" width=\"862\">\n<p align=\"CENTER\"><span style=\"font-family: Verdana, sans-serif\">13&Prime;96<\/span><\/p>\n<\/td>\n<td bgcolor=\"#ffff99\" width=\"739\">\n<p align=\"CENTER\"><span style=\"font-family: Verdana, sans-serif\">641<\/span><\/p>\n<\/td>\n<\/tr>\n<tr valign=\"TOP\">\n<td bgcolor=\"#ffff99\" width=\"1655\"><span style=\"font-family: Verdana, sans-serif\">Sterenn Tanguy (Cesson)<\/span><\/td>\n<td bgcolor=\"#ffff99\" width=\"1079\">\n<p align=\"CENTER\"><span style=\"font-family: Verdana, sans-serif\">Hauteur JUF<\/span><\/p>\n<\/td>\n<td bgcolor=\"#ffff99\" width=\"862\">\n<p align=\"CENTER\"><span style=\"font-family: Verdana, sans-serif\">1m40<\/span><\/p>\n<\/td>\n<td bgcolor=\"#ffff99\" width=\"739\">\n<p align=\"CENTER\"><span style=\"font-family: Verdana, sans-serif\">640<\/span><\/p>\n<\/td>\n<\/tr>\n<tr valign=\"TOP\">\n<td bgcolor=\"#ffff99\" width=\"1655\"><span style=\"font-family: Verdana, sans-serif\"><b>Esteban<\/b> Bouillaux <\/span><\/td>\n<td bgcolor=\"#ffff99\" width=\"1079\">\n<p align=\"CENTER\"><span style=\"font-family: Verdana, sans-serif\">3000m CAM<\/span><\/p>\n<\/td>\n<td bgcolor=\"#ffff99\" width=\"862\">\n<p align=\"CENTER\"><span style=\"font-family: Verdana, sans-serif\">9&rsquo;22&Prime;47<\/span><\/p>\n<\/td>\n<td bgcolor=\"#ffff99\" width=\"739\">\n<p align=\"CENTER\"><span style=\"font-family: Verdana, sans-serif\">627<\/span><\/p>\n<\/td>\n<\/tr>\n<tr valign=\"TOP\">\n<td bgcolor=\"#ffff99\" width=\"1655\"><span style=\"font-family: Verdana, sans-serif\"><b>B\u00e9renger<\/b> Tardif<\/span><\/td>\n<td bgcolor=\"#ffff99\" width=\"1079\">\n<p align=\"CENTER\"><span style=\"font-family: Verdana, sans-serif\">200m JUM<\/span><\/p>\n<\/td>\n<td bgcolor=\"#ffff99\" width=\"862\">\n<p align=\"CENTER\"><span style=\"font-family: Verdana, sans-serif\">24&Prime;56<\/span><\/p>\n<\/td>\n<td bgcolor=\"#ffff99\" width=\"739\">\n<p align=\"CENTER\"><span style=\"font-family: Verdana, sans-serif\">607<\/span><\/p>\n<\/td>\n<\/tr>\n<tr valign=\"TOP\">\n<td bgcolor=\"#ffff99\" width=\"1655\"><span style=\"font-family: Verdana, sans-serif\"><b>Cl\u00e9mence<\/b> Lamoureux<\/span><\/td>\n<td bgcolor=\"#ffff99\" width=\"1079\">\n<p align=\"CENTER\"><span style=\"font-family: Verdana, sans-serif\">800m CAF<\/span><\/p>\n<\/td>\n<td bgcolor=\"#ffff99\" width=\"862\">\n<p align=\"CENTER\"><span style=\"font-family: Verdana, sans-serif\">2&rsquo;37&Prime;32<\/span><\/p>\n<\/td>\n<td bgcolor=\"#ffff99\" width=\"739\">\n<p align=\"CENTER\"><span style=\"font-family: Verdana, sans-serif\">590<\/span><\/p>\n<\/td>\n<\/tr>\n<tr valign=\"TOP\">\n<td bgcolor=\"#ffff99\" width=\"1655\"><span style=\"font-family: Verdana, sans-serif\"><b>B\u00e9renger<\/b> Tardif<\/span><\/td>\n<td bgcolor=\"#ffff99\" width=\"1079\">\n<p align=\"CENTER\"><span style=\"font-family: Verdana, sans-serif\">100m JUM<\/span><\/p>\n<\/td>\n<td bgcolor=\"#ffff99\" width=\"862\">\n<p align=\"CENTER\"><span style=\"font-family: Verdana, sans-serif\">12&Prime;17<\/span><\/p>\n<\/td>\n<td bgcolor=\"#ffff99\" width=\"739\">\n<p align=\"CENTER\"><span style=\"font-family: Verdana, sans-serif\">574<\/span><\/p>\n<\/td>\n<\/tr>\n<tr valign=\"TOP\">\n<td bgcolor=\"#ffff99\" width=\"1655\"><span style=\"font-family: Verdana, sans-serif\"><b>Elouan <\/b>L\u00e9v\u00eaque<\/span><\/td>\n<td bgcolor=\"#ffff99\" width=\"1079\">\n<p align=\"CENTER\"><span style=\"font-family: Verdana, sans-serif\">100m CAM<\/span><\/p>\n<\/td>\n<td bgcolor=\"#ffff99\" width=\"862\">\n<p align=\"CENTER\"><span style=\"font-family: Verdana, sans-serif\">12&Prime;27<\/span><\/p>\n<\/td>\n<td bgcolor=\"#ffff99\" width=\"739\">\n<p align=\"CENTER\"><span style=\"font-family: Verdana, sans-serif\">551<\/span><\/p>\n<\/td>\n<\/tr>\n<tr valign=\"TOP\">\n<td bgcolor=\"#ffff99\" width=\"1655\"><span style=\"font-family: Verdana, sans-serif\"><b>Elouan <\/b>L\u00e9v\u00eaque<\/span><\/td>\n<td bgcolor=\"#ffff99\" width=\"1079\">\n<p align=\"CENTER\"><span style=\"font-family: Verdana, sans-serif\">200m CAM<\/span><\/p>\n<\/td>\n<td bgcolor=\"#ffff99\" width=\"862\">\n<p align=\"CENTER\"><span style=\"font-family: Verdana, sans-serif\">25&Prime;10<\/span><\/p>\n<\/td>\n<td bgcolor=\"#ffff99\" width=\"739\">\n<p align=\"CENTER\"><span style=\"font-family: Verdana, sans-serif\">549<\/span><\/p>\n<\/td>\n<\/tr>\n<tr valign=\"TOP\">\n<td bgcolor=\"#ffff99\" width=\"1655\"><span style=\"font-family: Verdana, sans-serif\"><b>Ewen<\/b> Caillaud<\/span><\/td>\n<td bgcolor=\"#ffff99\" width=\"1079\">\n<p align=\"CENTER\"><span style=\"font-family: Verdana, sans-serif\">800m CAM<\/span><\/p>\n<\/td>\n<td bgcolor=\"#ffff99\" width=\"862\">\n<p align=\"CENTER\"><span style=\"font-family: Verdana, sans-serif\">2&rsquo;10&Prime;47<\/span><\/p>\n<\/td>\n<td bgcolor=\"#ffff99\" width=\"739\">\n<p align=\"CENTER\"><span style=\"font-family: Verdana, sans-serif\">525<\/span><\/p>\n<\/td>\n<\/tr>\n<tr valign=\"TOP\">\n<td bgcolor=\"#ffff99\" width=\"1655\"><span style=\"font-family: Verdana, sans-serif\"><b>Ana<\/b> Th\u00e9odin<\/span><\/td>\n<td bgcolor=\"#ffff99\" width=\"1079\">\n<p align=\"CENTER\"><span style=\"font-family: Verdana, sans-serif\">1500m ESF<\/span><\/p>\n<\/td>\n<td bgcolor=\"#ffff99\" width=\"862\">\n<p align=\"CENTER\"><span style=\"font-family: Verdana, sans-serif\">5&rsquo;42&Prime;71<\/span><\/p>\n<\/td>\n<td bgcolor=\"#ffff99\" width=\"739\">\n<p align=\"CENTER\"><span style=\"font-family: Verdana, sans-serif\">521<\/span><\/p>\n<\/td>\n<\/tr>\n<tr valign=\"TOP\">\n<td bgcolor=\"#ffff99\" width=\"1655\"><span style=\"font-family: Verdana, sans-serif\"><b>Quentin<\/b> Planchenault<\/span><\/td>\n<td bgcolor=\"#ffff99\" width=\"1079\">\n<p align=\"CENTER\"><span style=\"font-family: Verdana, sans-serif\">400m CAM<\/span><\/p>\n<\/td>\n<td bgcolor=\"#ffff99\" width=\"862\">\n<p align=\"CENTER\"><span style=\"font-family: Verdana, sans-serif\">56&Prime;45<\/span><\/p>\n<\/td>\n<td bgcolor=\"#ffff99\" width=\"739\">\n<p align=\"CENTER\"><span style=\"font-family: Verdana, sans-serif\">519<\/span><\/p>\n<\/td>\n<\/tr>\n<tr valign=\"TOP\">\n<td bgcolor=\"#ffff99\" width=\"1655\"><span style=\"font-family: Verdana, sans-serif\"><b>Camille<\/b> Danet<\/span><\/td>\n<td bgcolor=\"#ffff99\" width=\"1079\">\n<p align=\"CENTER\"><span style=\"font-family: Verdana, sans-serif\">800m CAF<\/span><\/p>\n<\/td>\n<td bgcolor=\"#ffff99\" width=\"862\">\n<p align=\"CENTER\"><span style=\"font-family: Verdana, sans-serif\">2&rsquo;43&Prime;77<\/span><\/p>\n<\/td>\n<td bgcolor=\"#ffff99\" width=\"739\">\n<p align=\"CENTER\"><span style=\"font-family: Verdana, sans-serif\">511<\/span><\/p>\n<\/td>\n<\/tr>\n<tr valign=\"TOP\">\n<td bgcolor=\"#ffff99\" width=\"1655\"><span style=\"font-family: Verdana, sans-serif\"><b>Samuel<\/b> Lerebours<\/span><\/td>\n<td bgcolor=\"#ffff99\" width=\"1079\">\n<p align=\"CENTER\"><span style=\"font-family: Verdana, sans-serif\">200m JUM<\/span><\/p>\n<\/td>\n<td bgcolor=\"#ffff99\" width=\"862\">\n<p align=\"CENTER\"><span style=\"font-family: Verdana, sans-serif\">25&Prime;57<\/span><\/p>\n<\/td>\n<td bgcolor=\"#ffff99\" width=\"739\">\n<p align=\"CENTER\"><span style=\"font-family: Verdana, sans-serif\">500<\/span><\/p>\n<\/td>\n<\/tr>\n<\/tbody>\n<\/table>\n<p><span style=\"font-family: Verdana, sans-serif\">Nous n&rsquo;avons pas cit\u00e9 <b>Sharleen<\/b> Bourdin, Kinnie Gadbois (Cesson), <b>Louna<\/b> Perrin, <b>Noah <\/b>Barill\u00e9, S\u00e9bastien Barill\u00e9 (Bain), Denis Caillaud (Bain), mais ils \u00e9taient bien pr\u00e9sents \u00e9galement et ont souvent \u00e9tabli de nouveaux records personnels.<\/span><\/p>\n<p><span style=\"font-family: Verdana, sans-serif\">On trouvera tous leurs r\u00e9sultats, et en g\u00e9n\u00e9ral les r\u00e9sultats complets, <a href=\"https:\/\/bases.athle.fr\/asp.net\/liste.aspx?frmbase=resultats&amp;frmmode=1&amp;frmespace=0&amp;frmcompetition=304541\">ICI<\/a>.<\/span><\/p>\n<p><a href=\"https:\/\/janze-athletisme.fr\/wordpress\/wp-content\/uploads\/2025\/05\/Marie-Duvigneau-29mai2025.jpg\"><img loading=\"lazy\" decoding=\"async\" class=\"alignnone wp-image-25531\" src=\"https:\/\/janze-athletisme.fr\/wordpress\/wp-content\/uploads\/2025\/05\/Marie-Duvigneau-29mai2025-300x300.jpg\" alt=\"\" width=\"268\" height=\"268\" srcset=\"https:\/\/janze-athletisme.fr\/wordpress\/wp-content\/uploads\/2025\/05\/Marie-Duvigneau-29mai2025-300x300.jpg 300w, https:\/\/janze-athletisme.fr\/wordpress\/wp-content\/uploads\/2025\/05\/Marie-Duvigneau-29mai2025-150x150.jpg 150w, https:\/\/janze-athletisme.fr\/wordpress\/wp-content\/uploads\/2025\/05\/Marie-Duvigneau-29mai2025-768x768.jpg 768w, https:\/\/janze-athletisme.fr\/wordpress\/wp-content\/uploads\/2025\/05\/Marie-Duvigneau-29mai2025.jpg 1000w\" sizes=\"auto, (max-width: 268px) 100vw, 268px\" \/><\/a> <a href=\"https:\/\/janze-athletisme.fr\/wordpress\/wp-content\/uploads\/2025\/05\/Lucie-Duvigneau-29mai2025.jpg\"><img loading=\"lazy\" decoding=\"async\" class=\"alignnone wp-image-25529\" src=\"https:\/\/janze-athletisme.fr\/wordpress\/wp-content\/uploads\/2025\/05\/Lucie-Duvigneau-29mai2025-300x300.jpg\" alt=\"\" width=\"271\" height=\"271\" srcset=\"https:\/\/janze-athletisme.fr\/wordpress\/wp-content\/uploads\/2025\/05\/Lucie-Duvigneau-29mai2025-300x300.jpg 300w, https:\/\/janze-athletisme.fr\/wordpress\/wp-content\/uploads\/2025\/05\/Lucie-Duvigneau-29mai2025-1024x1024.jpg 1024w, https:\/\/janze-athletisme.fr\/wordpress\/wp-content\/uploads\/2025\/05\/Lucie-Duvigneau-29mai2025-150x150.jpg 150w, https:\/\/janze-athletisme.fr\/wordpress\/wp-content\/uploads\/2025\/05\/Lucie-Duvigneau-29mai2025-768x768.jpg 768w, https:\/\/janze-athletisme.fr\/wordpress\/wp-content\/uploads\/2025\/05\/Lucie-Duvigneau-29mai2025.jpg 1200w\" sizes=\"auto, (max-width: 271px) 100vw, 271px\" \/><\/a> <a href=\"https:\/\/janze-athletisme.fr\/wordpress\/wp-content\/uploads\/2025\/05\/Tiphanie-Lecomte-29mai2025.jpg\"><img loading=\"lazy\" decoding=\"async\" class=\"alignnone wp-image-25534\" src=\"https:\/\/janze-athletisme.fr\/wordpress\/wp-content\/uploads\/2025\/05\/Tiphanie-Lecomte-29mai2025-300x300.jpg\" alt=\"\" width=\"273\" height=\"273\" srcset=\"https:\/\/janze-athletisme.fr\/wordpress\/wp-content\/uploads\/2025\/05\/Tiphanie-Lecomte-29mai2025-300x300.jpg 300w, https:\/\/janze-athletisme.fr\/wordpress\/wp-content\/uploads\/2025\/05\/Tiphanie-Lecomte-29mai2025-1024x1024.jpg 1024w, https:\/\/janze-athletisme.fr\/wordpress\/wp-content\/uploads\/2025\/05\/Tiphanie-Lecomte-29mai2025-150x150.jpg 150w, https:\/\/janze-athletisme.fr\/wordpress\/wp-content\/uploads\/2025\/05\/Tiphanie-Lecomte-29mai2025-768x768.jpg 768w, https:\/\/janze-athletisme.fr\/wordpress\/wp-content\/uploads\/2025\/05\/Tiphanie-Lecomte-29mai2025.jpg 1200w\" sizes=\"auto, (max-width: 273px) 100vw, 273px\" \/> <\/a><\/p>\n<p><a href=\"https:\/\/janze-athletisme.fr\/wordpress\/wp-content\/uploads\/2025\/05\/Francois-Chevalier-29mai2025.jpg\"><img loading=\"lazy\" decoding=\"async\" class=\"alignnone wp-image-25527\" src=\"https:\/\/janze-athletisme.fr\/wordpress\/wp-content\/uploads\/2025\/05\/Francois-Chevalier-29mai2025-300x300.jpg\" alt=\"\" width=\"270\" height=\"270\" srcset=\"https:\/\/janze-athletisme.fr\/wordpress\/wp-content\/uploads\/2025\/05\/Francois-Chevalier-29mai2025-300x300.jpg 300w, https:\/\/janze-athletisme.fr\/wordpress\/wp-content\/uploads\/2025\/05\/Francois-Chevalier-29mai2025-1024x1024.jpg 1024w, https:\/\/janze-athletisme.fr\/wordpress\/wp-content\/uploads\/2025\/05\/Francois-Chevalier-29mai2025-150x150.jpg 150w, https:\/\/janze-athletisme.fr\/wordpress\/wp-content\/uploads\/2025\/05\/Francois-Chevalier-29mai2025-768x768.jpg 768w, https:\/\/janze-athletisme.fr\/wordpress\/wp-content\/uploads\/2025\/05\/Francois-Chevalier-29mai2025.jpg 1200w\" sizes=\"auto, (max-width: 270px) 100vw, 270px\" \/><\/a> <a href=\"https:\/\/janze-athletisme.fr\/wordpress\/wp-content\/uploads\/2025\/05\/Martin-Lambard-29mai2025.jpg\"><img loading=\"lazy\" decoding=\"async\" class=\"alignnone wp-image-25532\" src=\"https:\/\/janze-athletisme.fr\/wordpress\/wp-content\/uploads\/2025\/05\/Martin-Lambard-29mai2025-300x300.jpg\" alt=\"\" width=\"270\" height=\"270\" srcset=\"https:\/\/janze-athletisme.fr\/wordpress\/wp-content\/uploads\/2025\/05\/Martin-Lambard-29mai2025-300x300.jpg 300w, https:\/\/janze-athletisme.fr\/wordpress\/wp-content\/uploads\/2025\/05\/Martin-Lambard-29mai2025-150x150.jpg 150w, https:\/\/janze-athletisme.fr\/wordpress\/wp-content\/uploads\/2025\/05\/Martin-Lambard-29mai2025-768x768.jpg 768w, https:\/\/janze-athletisme.fr\/wordpress\/wp-content\/uploads\/2025\/05\/Martin-Lambard-29mai2025.jpg 1000w\" sizes=\"auto, (max-width: 270px) 100vw, 270px\" \/><\/a> <a href=\"https:\/\/janze-athletisme.fr\/wordpress\/wp-content\/uploads\/2025\/05\/Seb-Kerneis-29mai2025.jpg\"><img loading=\"lazy\" decoding=\"async\" class=\"alignnone wp-image-25533\" src=\"https:\/\/janze-athletisme.fr\/wordpress\/wp-content\/uploads\/2025\/05\/Seb-Kerneis-29mai2025-300x300.jpg\" alt=\"\" width=\"272\" height=\"272\" srcset=\"https:\/\/janze-athletisme.fr\/wordpress\/wp-content\/uploads\/2025\/05\/Seb-Kerneis-29mai2025-300x300.jpg 300w, https:\/\/janze-athletisme.fr\/wordpress\/wp-content\/uploads\/2025\/05\/Seb-Kerneis-29mai2025-150x150.jpg 150w, https:\/\/janze-athletisme.fr\/wordpress\/wp-content\/uploads\/2025\/05\/Seb-Kerneis-29mai2025-768x768.jpg 768w, https:\/\/janze-athletisme.fr\/wordpress\/wp-content\/uploads\/2025\/05\/Seb-Kerneis-29mai2025.jpg 1000w\" sizes=\"auto, (max-width: 272px) 100vw, 272px\" \/><\/a><\/p>\n<p><em>Derri\u00e8re les Cessonnais\/Cessonnaises (ici Marie, Lucie, Tiphanie, Fran\u00e7ois, Martin et S\u00e9bastien), nos Janz\u00e9ens ne sont pas loin, en particulier L\u00e9a et Manon, encore cadettes :<\/em><\/p>\n<p><a href=\"https:\/\/janze-athletisme.fr\/wordpress\/wp-content\/uploads\/2025\/05\/Clemence-Wilfrid-29mai2025.jpg\">\u00a0<\/a><a href=\"https:\/\/janze-athletisme.fr\/wordpress\/wp-content\/uploads\/2025\/05\/Lea-29mai2025.jpg\"><img loading=\"lazy\" decoding=\"async\" class=\"alignnone size-medium wp-image-25528\" src=\"https:\/\/janze-athletisme.fr\/wordpress\/wp-content\/uploads\/2025\/05\/Lea-29mai2025-200x300.jpg\" alt=\"\" width=\"200\" height=\"300\" srcset=\"https:\/\/janze-athletisme.fr\/wordpress\/wp-content\/uploads\/2025\/05\/Lea-29mai2025-200x300.jpg 200w, https:\/\/janze-athletisme.fr\/wordpress\/wp-content\/uploads\/2025\/05\/Lea-29mai2025-683x1024.jpg 683w, https:\/\/janze-athletisme.fr\/wordpress\/wp-content\/uploads\/2025\/05\/Lea-29mai2025-768x1152.jpg 768w, https:\/\/janze-athletisme.fr\/wordpress\/wp-content\/uploads\/2025\/05\/Lea-29mai2025.jpg 1000w\" sizes=\"auto, (max-width: 200px) 100vw, 200px\" \/>\u00a0<\/a><a href=\"https:\/\/janze-athletisme.fr\/wordpress\/wp-content\/uploads\/2025\/05\/Manon-29mai2025.jpg\"><img loading=\"lazy\" decoding=\"async\" class=\"alignnone size-medium wp-image-25530\" src=\"https:\/\/janze-athletisme.fr\/wordpress\/wp-content\/uploads\/2025\/05\/Manon-29mai2025-300x300.jpg\" alt=\"\" width=\"300\" height=\"300\" srcset=\"https:\/\/janze-athletisme.fr\/wordpress\/wp-content\/uploads\/2025\/05\/Manon-29mai2025-300x300.jpg 300w, https:\/\/janze-athletisme.fr\/wordpress\/wp-content\/uploads\/2025\/05\/Manon-29mai2025-150x150.jpg 150w, https:\/\/janze-athletisme.fr\/wordpress\/wp-content\/uploads\/2025\/05\/Manon-29mai2025-768x768.jpg 768w, https:\/\/janze-athletisme.fr\/wordpress\/wp-content\/uploads\/2025\/05\/Manon-29mai2025.jpg 1000w\" sizes=\"auto, (max-width: 300px) 100vw, 300px\" \/><\/a>\u00a0 \u00a0<a href=\"https:\/\/janze-athletisme.fr\/wordpress\/wp-content\/uploads\/2025\/05\/Clemence-Wilfrid-29mai2025.jpg\"><img loading=\"lazy\" decoding=\"async\" class=\"alignnone size-medium wp-image-25526\" src=\"https:\/\/janze-athletisme.fr\/wordpress\/wp-content\/uploads\/2025\/05\/Clemence-Wilfrid-29mai2025-300x300.jpg\" alt=\"\" width=\"300\" height=\"300\" srcset=\"https:\/\/janze-athletisme.fr\/wordpress\/wp-content\/uploads\/2025\/05\/Clemence-Wilfrid-29mai2025-300x300.jpg 300w, https:\/\/janze-athletisme.fr\/wordpress\/wp-content\/uploads\/2025\/05\/Clemence-Wilfrid-29mai2025-150x150.jpg 150w, https:\/\/janze-athletisme.fr\/wordpress\/wp-content\/uploads\/2025\/05\/Clemence-Wilfrid-29mai2025-768x768.jpg 768w, https:\/\/janze-athletisme.fr\/wordpress\/wp-content\/uploads\/2025\/05\/Clemence-Wilfrid-29mai2025.jpg 1000w\" sizes=\"auto, (max-width: 300px) 100vw, 300px\" \/><\/a><\/p>\n<p><em>Sur la derni\u00e8re photo, on voit nos deux juges du jour : Wilfrid et Cl\u00e9mence, tous les deux \u00e9valu\u00e9s pour l&rsquo;occasion.<\/em><\/p>\n","protected":false},"excerpt":{"rendered":"<p>Meeting du HBA, Pac\u00e9, jeudi 29 mai Certes il y a eu les deux tours interclubs, mais ils avaient, pour beaucoup de nos jeunes athl\u00e8tes, un go\u00fbt d&rsquo;ap\u00e9ritif, et on attendait avec impatience d&rsquo;entrer dans le plat de r\u00e9sistance. Avec le meeting de Pac\u00e9, au niveau tr\u00e8s relev\u00e9 (20 perfs \u00e0 plus de 1000 points [&hellip;]<\/p>\n","protected":false},"author":12,"featured_media":25526,"comment_status":"open","ping_status":"open","sticky":false,"template":"","format":"aside","meta":{"_uag_custom_page_level_css":"","site-sidebar-layout":"default","site-content-layout":"","ast-site-content-layout":"default","site-content-style":"default","site-sidebar-style":"default","ast-global-header-display":"","ast-banner-title-visibility":"","ast-main-header-display":"","ast-hfb-above-header-display":"","ast-hfb-below-header-display":"","ast-hfb-mobile-header-display":"","site-post-title":"","ast-breadcrumbs-content":"","ast-featured-img":"","footer-sml-layout":"","ast-disable-related-posts":"","theme-transparent-header-meta":"default","adv-header-id-meta":"","stick-header-meta":"","header-above-stick-meta":"","header-main-stick-meta":"","header-below-stick-meta":"","astra-migrate-meta-layouts":"set","ast-page-background-enabled":"default","ast-page-background-meta":{"desktop":{"background-color":"var(--ast-global-color-4)","background-image":"","background-repeat":"repeat","background-position":"center center","background-size":"auto","background-attachment":"scroll","background-type":"","background-media":"","overlay-type":"","overlay-color":"","overlay-opacity":"","overlay-gradient":""},"tablet":{"background-color":"","background-image":"","background-repeat":"repeat","background-position":"center center","background-size":"auto","background-attachment":"scroll","background-type":"","background-media":"","overlay-type":"","overlay-color":"","overlay-opacity":"","overlay-gradient":""},"mobile":{"background-color":"","background-image":"","background-repeat":"repeat","background-position":"center center","background-size":"auto","background-attachment":"scroll","background-type":"","background-media":"","overlay-type":"","overlay-color":"","overlay-opacity":"","overlay-gradient":""}},"ast-content-background-meta":{"desktop":{"background-color":"var(--ast-global-color-5)","background-image":"","background-repeat":"repeat","background-position":"center center","background-size":"auto","background-attachment":"scroll","background-type":"","background-media":"","overlay-type":"","overlay-color":"","overlay-opacity":"","overlay-gradient":""},"tablet":{"background-color":"var(--ast-global-color-5)","background-image":"","background-repeat":"repeat","background-position":"center center","background-size":"auto","background-attachment":"scroll","background-type":"","background-media":"","overlay-type":"","overlay-color":"","overlay-opacity":"","overlay-gradient":""},"mobile":{"background-color":"var(--ast-global-color-5)","background-image":"","background-repeat":"repeat","background-position":"center center","background-size":"auto","background-attachment":"scroll","background-type":"","background-media":"","overlay-type":"","overlay-color":"","overlay-opacity":"","overlay-gradient":""}},"footnotes":""},"categories":[6],"tags":[],"class_list":["post-25525","post","type-post","status-publish","format-aside","has-post-thumbnail","hentry","category-sections","post_format-post-format-aside"],"yoast_head":"<!-- This site is optimized with the Yoast SEO plugin v27.4 - https:\/\/yoast.com\/product\/yoast-seo-wordpress\/ -->\n<title>Meeting de Pac\u00e9 : la saison cette fois est bien lanc\u00e9e - Janz\u00e9 Athl\u00e9tisme<\/title>\n<meta name=\"robots\" content=\"index, follow, max-snippet:-1, max-image-preview:large, max-video-preview:-1\" \/>\n<link rel=\"canonical\" href=\"https:\/\/janze-athletisme.fr\/wordpress\/meeting-de-pace-la-saison-cette-fois-est-bien-lancee\/\" \/>\n<meta property=\"og:locale\" content=\"fr_FR\" \/>\n<meta property=\"og:type\" content=\"article\" \/>\n<meta property=\"og:title\" content=\"Meeting de Pac\u00e9 : la saison cette fois est bien lanc\u00e9e - Janz\u00e9 Athl\u00e9tisme\" \/>\n<meta property=\"og:description\" content=\"Meeting du HBA, Pac\u00e9, jeudi 29 mai Certes il y a eu les deux tours interclubs, mais ils avaient, pour beaucoup de nos jeunes athl\u00e8tes, un go\u00fbt d&rsquo;ap\u00e9ritif, et on attendait avec impatience d&rsquo;entrer dans le plat de r\u00e9sistance. Avec le meeting de Pac\u00e9, au niveau tr\u00e8s relev\u00e9 (20 perfs \u00e0 plus de 1000 points [&hellip;]\" \/>\n<meta property=\"og:url\" content=\"https:\/\/janze-athletisme.fr\/wordpress\/meeting-de-pace-la-saison-cette-fois-est-bien-lancee\/\" \/>\n<meta property=\"og:site_name\" content=\"Janz\u00e9 Athl\u00e9tisme\" \/>\n<meta property=\"article:publisher\" content=\"https:\/\/www.facebook.com\/groups\/1007964579346590\" \/>\n<meta property=\"article:published_time\" content=\"2025-05-29T21:05:00+00:00\" \/>\n<meta property=\"article:modified_time\" content=\"2025-05-31T07:38:49+00:00\" \/>\n<meta property=\"og:image\" content=\"https:\/\/janze-athletisme.fr\/wordpress\/wp-content\/uploads\/2025\/05\/Clemence-Wilfrid-29mai2025.jpg\" \/>\n\t<meta property=\"og:image:width\" content=\"1000\" \/>\n\t<meta property=\"og:image:height\" content=\"1000\" \/>\n\t<meta property=\"og:image:type\" content=\"image\/jpeg\" \/>\n<meta name=\"author\" content=\"Laurent Meunier\" \/>\n<meta name=\"twitter:card\" content=\"summary_large_image\" \/>\n<meta name=\"twitter:label1\" content=\"\u00c9crit par\" \/>\n\t<meta name=\"twitter:data1\" content=\"Laurent Meunier\" \/>\n\t<meta name=\"twitter:label2\" content=\"Dur\u00e9e de lecture estim\u00e9e\" \/>\n\t<meta name=\"twitter:data2\" content=\"5 minutes\" \/>\n<script type=\"application\/ld+json\" class=\"yoast-schema-graph\">{\"@context\":\"https:\\\/\\\/schema.org\",\"@graph\":[{\"@type\":\"Article\",\"@id\":\"https:\\\/\\\/janze-athletisme.fr\\\/wordpress\\\/meeting-de-pace-la-saison-cette-fois-est-bien-lancee\\\/#article\",\"isPartOf\":{\"@id\":\"https:\\\/\\\/janze-athletisme.fr\\\/wordpress\\\/meeting-de-pace-la-saison-cette-fois-est-bien-lancee\\\/\"},\"author\":{\"name\":\"Laurent Meunier\",\"@id\":\"https:\\\/\\\/janze-athletisme.fr\\\/wordpress\\\/#\\\/schema\\\/person\\\/c7b063dcfa6234c041d4d9b26cc2ea03\"},\"headline\":\"Meeting de Pac\u00e9 : la saison cette fois est bien lanc\u00e9e\",\"datePublished\":\"2025-05-29T21:05:00+00:00\",\"dateModified\":\"2025-05-31T07:38:49+00:00\",\"mainEntityOfPage\":{\"@id\":\"https:\\\/\\\/janze-athletisme.fr\\\/wordpress\\\/meeting-de-pace-la-saison-cette-fois-est-bien-lancee\\\/\"},\"wordCount\":568,\"commentCount\":0,\"publisher\":{\"@id\":\"https:\\\/\\\/janze-athletisme.fr\\\/wordpress\\\/#organization\"},\"image\":{\"@id\":\"https:\\\/\\\/janze-athletisme.fr\\\/wordpress\\\/meeting-de-pace-la-saison-cette-fois-est-bien-lancee\\\/#primaryimage\"},\"thumbnailUrl\":\"https:\\\/\\\/janze-athletisme.fr\\\/wordpress\\\/wp-content\\\/uploads\\\/2025\\\/05\\\/Clemence-Wilfrid-29mai2025.jpg\",\"articleSection\":[\"Le club au jour le jour\"],\"inLanguage\":\"fr-FR\",\"potentialAction\":[{\"@type\":\"CommentAction\",\"name\":\"Comment\",\"target\":[\"https:\\\/\\\/janze-athletisme.fr\\\/wordpress\\\/meeting-de-pace-la-saison-cette-fois-est-bien-lancee\\\/#respond\"]}]},{\"@type\":\"WebPage\",\"@id\":\"https:\\\/\\\/janze-athletisme.fr\\\/wordpress\\\/meeting-de-pace-la-saison-cette-fois-est-bien-lancee\\\/\",\"url\":\"https:\\\/\\\/janze-athletisme.fr\\\/wordpress\\\/meeting-de-pace-la-saison-cette-fois-est-bien-lancee\\\/\",\"name\":\"Meeting de Pac\u00e9 : la saison cette fois est bien lanc\u00e9e - Janz\u00e9 Athl\u00e9tisme\",\"isPartOf\":{\"@id\":\"https:\\\/\\\/janze-athletisme.fr\\\/wordpress\\\/#website\"},\"primaryImageOfPage\":{\"@id\":\"https:\\\/\\\/janze-athletisme.fr\\\/wordpress\\\/meeting-de-pace-la-saison-cette-fois-est-bien-lancee\\\/#primaryimage\"},\"image\":{\"@id\":\"https:\\\/\\\/janze-athletisme.fr\\\/wordpress\\\/meeting-de-pace-la-saison-cette-fois-est-bien-lancee\\\/#primaryimage\"},\"thumbnailUrl\":\"https:\\\/\\\/janze-athletisme.fr\\\/wordpress\\\/wp-content\\\/uploads\\\/2025\\\/05\\\/Clemence-Wilfrid-29mai2025.jpg\",\"datePublished\":\"2025-05-29T21:05:00+00:00\",\"dateModified\":\"2025-05-31T07:38:49+00:00\",\"breadcrumb\":{\"@id\":\"https:\\\/\\\/janze-athletisme.fr\\\/wordpress\\\/meeting-de-pace-la-saison-cette-fois-est-bien-lancee\\\/#breadcrumb\"},\"inLanguage\":\"fr-FR\",\"potentialAction\":[{\"@type\":\"ReadAction\",\"target\":[\"https:\\\/\\\/janze-athletisme.fr\\\/wordpress\\\/meeting-de-pace-la-saison-cette-fois-est-bien-lancee\\\/\"]}]},{\"@type\":\"ImageObject\",\"inLanguage\":\"fr-FR\",\"@id\":\"https:\\\/\\\/janze-athletisme.fr\\\/wordpress\\\/meeting-de-pace-la-saison-cette-fois-est-bien-lancee\\\/#primaryimage\",\"url\":\"https:\\\/\\\/janze-athletisme.fr\\\/wordpress\\\/wp-content\\\/uploads\\\/2025\\\/05\\\/Clemence-Wilfrid-29mai2025.jpg\",\"contentUrl\":\"https:\\\/\\\/janze-athletisme.fr\\\/wordpress\\\/wp-content\\\/uploads\\\/2025\\\/05\\\/Clemence-Wilfrid-29mai2025.jpg\",\"width\":1000,\"height\":1000},{\"@type\":\"BreadcrumbList\",\"@id\":\"https:\\\/\\\/janze-athletisme.fr\\\/wordpress\\\/meeting-de-pace-la-saison-cette-fois-est-bien-lancee\\\/#breadcrumb\",\"itemListElement\":[{\"@type\":\"ListItem\",\"position\":1,\"name\":\"Accueil\",\"item\":\"https:\\\/\\\/janze-athletisme.fr\\\/wordpress\\\/\"},{\"@type\":\"ListItem\",\"position\":2,\"name\":\"Meeting de Pac\u00e9 : la saison cette fois est bien lanc\u00e9e\"}]},{\"@type\":\"WebSite\",\"@id\":\"https:\\\/\\\/janze-athletisme.fr\\\/wordpress\\\/#website\",\"url\":\"https:\\\/\\\/janze-athletisme.fr\\\/wordpress\\\/\",\"name\":\"Janz\u00e9 Athl\u00e9tisme\",\"description\":\"Pays de La Roche aux F\u00e9es\",\"publisher\":{\"@id\":\"https:\\\/\\\/janze-athletisme.fr\\\/wordpress\\\/#organization\"},\"potentialAction\":[{\"@type\":\"SearchAction\",\"target\":{\"@type\":\"EntryPoint\",\"urlTemplate\":\"https:\\\/\\\/janze-athletisme.fr\\\/wordpress\\\/?s={search_term_string}\"},\"query-input\":{\"@type\":\"PropertyValueSpecification\",\"valueRequired\":true,\"valueName\":\"search_term_string\"}}],\"inLanguage\":\"fr-FR\"},{\"@type\":\"Organization\",\"@id\":\"https:\\\/\\\/janze-athletisme.fr\\\/wordpress\\\/#organization\",\"name\":\"Janz\u00e9 Athl\u00e9tisme\",\"url\":\"https:\\\/\\\/janze-athletisme.fr\\\/wordpress\\\/\",\"logo\":{\"@type\":\"ImageObject\",\"inLanguage\":\"fr-FR\",\"@id\":\"https:\\\/\\\/janze-athletisme.fr\\\/wordpress\\\/#\\\/schema\\\/logo\\\/image\\\/\",\"url\":\"https:\\\/\\\/janze-athletisme.fr\\\/wordpress\\\/wp-content\\\/uploads\\\/2015\\\/03\\\/logo-full1.jpg\",\"contentUrl\":\"https:\\\/\\\/janze-athletisme.fr\\\/wordpress\\\/wp-content\\\/uploads\\\/2015\\\/03\\\/logo-full1.jpg\",\"width\":437,\"height\":205,\"caption\":\"Janz\u00e9 Athl\u00e9tisme\"},\"image\":{\"@id\":\"https:\\\/\\\/janze-athletisme.fr\\\/wordpress\\\/#\\\/schema\\\/logo\\\/image\\\/\"},\"sameAs\":[\"https:\\\/\\\/www.facebook.com\\\/groups\\\/1007964579346590\"]},{\"@type\":\"Person\",\"@id\":\"https:\\\/\\\/janze-athletisme.fr\\\/wordpress\\\/#\\\/schema\\\/person\\\/c7b063dcfa6234c041d4d9b26cc2ea03\",\"name\":\"Laurent Meunier\",\"image\":{\"@type\":\"ImageObject\",\"inLanguage\":\"fr-FR\",\"@id\":\"https:\\\/\\\/secure.gravatar.com\\\/avatar\\\/dd25d581ad7c3349090f2fa6a9adb6bfa287e6a5dd8a5216a092727cd8749034?s=96&d=mm&r=g\",\"url\":\"https:\\\/\\\/secure.gravatar.com\\\/avatar\\\/dd25d581ad7c3349090f2fa6a9adb6bfa287e6a5dd8a5216a092727cd8749034?s=96&d=mm&r=g\",\"contentUrl\":\"https:\\\/\\\/secure.gravatar.com\\\/avatar\\\/dd25d581ad7c3349090f2fa6a9adb6bfa287e6a5dd8a5216a092727cd8749034?s=96&d=mm&r=g\",\"caption\":\"Laurent Meunier\"},\"url\":\"https:\\\/\\\/janze-athletisme.fr\\\/wordpress\\\/author\\\/laurent-meunier35\\\/\"}]}<\/script>\n<!-- \/ Yoast SEO plugin. -->","yoast_head_json":{"title":"Meeting de Pac\u00e9 : la saison cette fois est bien lanc\u00e9e - Janz\u00e9 Athl\u00e9tisme","robots":{"index":"index","follow":"follow","max-snippet":"max-snippet:-1","max-image-preview":"max-image-preview:large","max-video-preview":"max-video-preview:-1"},"canonical":"https:\/\/janze-athletisme.fr\/wordpress\/meeting-de-pace-la-saison-cette-fois-est-bien-lancee\/","og_locale":"fr_FR","og_type":"article","og_title":"Meeting de Pac\u00e9 : la saison cette fois est bien lanc\u00e9e - Janz\u00e9 Athl\u00e9tisme","og_description":"Meeting du HBA, Pac\u00e9, jeudi 29 mai Certes il y a eu les deux tours interclubs, mais ils avaient, pour beaucoup de nos jeunes athl\u00e8tes, un go\u00fbt d&rsquo;ap\u00e9ritif, et on attendait avec impatience d&rsquo;entrer dans le plat de r\u00e9sistance. Avec le meeting de Pac\u00e9, au niveau tr\u00e8s relev\u00e9 (20 perfs \u00e0 plus de 1000 points [&hellip;]","og_url":"https:\/\/janze-athletisme.fr\/wordpress\/meeting-de-pace-la-saison-cette-fois-est-bien-lancee\/","og_site_name":"Janz\u00e9 Athl\u00e9tisme","article_publisher":"https:\/\/www.facebook.com\/groups\/1007964579346590","article_published_time":"2025-05-29T21:05:00+00:00","article_modified_time":"2025-05-31T07:38:49+00:00","og_image":[{"width":1000,"height":1000,"url":"https:\/\/janze-athletisme.fr\/wordpress\/wp-content\/uploads\/2025\/05\/Clemence-Wilfrid-29mai2025.jpg","type":"image\/jpeg"}],"author":"Laurent Meunier","twitter_card":"summary_large_image","twitter_misc":{"\u00c9crit par":"Laurent Meunier","Dur\u00e9e de lecture estim\u00e9e":"5 minutes"},"schema":{"@context":"https:\/\/schema.org","@graph":[{"@type":"Article","@id":"https:\/\/janze-athletisme.fr\/wordpress\/meeting-de-pace-la-saison-cette-fois-est-bien-lancee\/#article","isPartOf":{"@id":"https:\/\/janze-athletisme.fr\/wordpress\/meeting-de-pace-la-saison-cette-fois-est-bien-lancee\/"},"author":{"name":"Laurent Meunier","@id":"https:\/\/janze-athletisme.fr\/wordpress\/#\/schema\/person\/c7b063dcfa6234c041d4d9b26cc2ea03"},"headline":"Meeting de Pac\u00e9 : la saison cette fois est bien lanc\u00e9e","datePublished":"2025-05-29T21:05:00+00:00","dateModified":"2025-05-31T07:38:49+00:00","mainEntityOfPage":{"@id":"https:\/\/janze-athletisme.fr\/wordpress\/meeting-de-pace-la-saison-cette-fois-est-bien-lancee\/"},"wordCount":568,"commentCount":0,"publisher":{"@id":"https:\/\/janze-athletisme.fr\/wordpress\/#organization"},"image":{"@id":"https:\/\/janze-athletisme.fr\/wordpress\/meeting-de-pace-la-saison-cette-fois-est-bien-lancee\/#primaryimage"},"thumbnailUrl":"https:\/\/janze-athletisme.fr\/wordpress\/wp-content\/uploads\/2025\/05\/Clemence-Wilfrid-29mai2025.jpg","articleSection":["Le club au jour le jour"],"inLanguage":"fr-FR","potentialAction":[{"@type":"CommentAction","name":"Comment","target":["https:\/\/janze-athletisme.fr\/wordpress\/meeting-de-pace-la-saison-cette-fois-est-bien-lancee\/#respond"]}]},{"@type":"WebPage","@id":"https:\/\/janze-athletisme.fr\/wordpress\/meeting-de-pace-la-saison-cette-fois-est-bien-lancee\/","url":"https:\/\/janze-athletisme.fr\/wordpress\/meeting-de-pace-la-saison-cette-fois-est-bien-lancee\/","name":"Meeting de Pac\u00e9 : la saison cette fois est bien lanc\u00e9e - Janz\u00e9 Athl\u00e9tisme","isPartOf":{"@id":"https:\/\/janze-athletisme.fr\/wordpress\/#website"},"primaryImageOfPage":{"@id":"https:\/\/janze-athletisme.fr\/wordpress\/meeting-de-pace-la-saison-cette-fois-est-bien-lancee\/#primaryimage"},"image":{"@id":"https:\/\/janze-athletisme.fr\/wordpress\/meeting-de-pace-la-saison-cette-fois-est-bien-lancee\/#primaryimage"},"thumbnailUrl":"https:\/\/janze-athletisme.fr\/wordpress\/wp-content\/uploads\/2025\/05\/Clemence-Wilfrid-29mai2025.jpg","datePublished":"2025-05-29T21:05:00+00:00","dateModified":"2025-05-31T07:38:49+00:00","breadcrumb":{"@id":"https:\/\/janze-athletisme.fr\/wordpress\/meeting-de-pace-la-saison-cette-fois-est-bien-lancee\/#breadcrumb"},"inLanguage":"fr-FR","potentialAction":[{"@type":"ReadAction","target":["https:\/\/janze-athletisme.fr\/wordpress\/meeting-de-pace-la-saison-cette-fois-est-bien-lancee\/"]}]},{"@type":"ImageObject","inLanguage":"fr-FR","@id":"https:\/\/janze-athletisme.fr\/wordpress\/meeting-de-pace-la-saison-cette-fois-est-bien-lancee\/#primaryimage","url":"https:\/\/janze-athletisme.fr\/wordpress\/wp-content\/uploads\/2025\/05\/Clemence-Wilfrid-29mai2025.jpg","contentUrl":"https:\/\/janze-athletisme.fr\/wordpress\/wp-content\/uploads\/2025\/05\/Clemence-Wilfrid-29mai2025.jpg","width":1000,"height":1000},{"@type":"BreadcrumbList","@id":"https:\/\/janze-athletisme.fr\/wordpress\/meeting-de-pace-la-saison-cette-fois-est-bien-lancee\/#breadcrumb","itemListElement":[{"@type":"ListItem","position":1,"name":"Accueil","item":"https:\/\/janze-athletisme.fr\/wordpress\/"},{"@type":"ListItem","position":2,"name":"Meeting de Pac\u00e9 : la saison cette fois est bien lanc\u00e9e"}]},{"@type":"WebSite","@id":"https:\/\/janze-athletisme.fr\/wordpress\/#website","url":"https:\/\/janze-athletisme.fr\/wordpress\/","name":"Janz\u00e9 Athl\u00e9tisme","description":"Pays de La Roche aux F\u00e9es","publisher":{"@id":"https:\/\/janze-athletisme.fr\/wordpress\/#organization"},"potentialAction":[{"@type":"SearchAction","target":{"@type":"EntryPoint","urlTemplate":"https:\/\/janze-athletisme.fr\/wordpress\/?s={search_term_string}"},"query-input":{"@type":"PropertyValueSpecification","valueRequired":true,"valueName":"search_term_string"}}],"inLanguage":"fr-FR"},{"@type":"Organization","@id":"https:\/\/janze-athletisme.fr\/wordpress\/#organization","name":"Janz\u00e9 Athl\u00e9tisme","url":"https:\/\/janze-athletisme.fr\/wordpress\/","logo":{"@type":"ImageObject","inLanguage":"fr-FR","@id":"https:\/\/janze-athletisme.fr\/wordpress\/#\/schema\/logo\/image\/","url":"https:\/\/janze-athletisme.fr\/wordpress\/wp-content\/uploads\/2015\/03\/logo-full1.jpg","contentUrl":"https:\/\/janze-athletisme.fr\/wordpress\/wp-content\/uploads\/2015\/03\/logo-full1.jpg","width":437,"height":205,"caption":"Janz\u00e9 Athl\u00e9tisme"},"image":{"@id":"https:\/\/janze-athletisme.fr\/wordpress\/#\/schema\/logo\/image\/"},"sameAs":["https:\/\/www.facebook.com\/groups\/1007964579346590"]},{"@type":"Person","@id":"https:\/\/janze-athletisme.fr\/wordpress\/#\/schema\/person\/c7b063dcfa6234c041d4d9b26cc2ea03","name":"Laurent Meunier","image":{"@type":"ImageObject","inLanguage":"fr-FR","@id":"https:\/\/secure.gravatar.com\/avatar\/dd25d581ad7c3349090f2fa6a9adb6bfa287e6a5dd8a5216a092727cd8749034?s=96&d=mm&r=g","url":"https:\/\/secure.gravatar.com\/avatar\/dd25d581ad7c3349090f2fa6a9adb6bfa287e6a5dd8a5216a092727cd8749034?s=96&d=mm&r=g","contentUrl":"https:\/\/secure.gravatar.com\/avatar\/dd25d581ad7c3349090f2fa6a9adb6bfa287e6a5dd8a5216a092727cd8749034?s=96&d=mm&r=g","caption":"Laurent Meunier"},"url":"https:\/\/janze-athletisme.fr\/wordpress\/author\/laurent-meunier35\/"}]}},"uagb_featured_image_src":{"full":["https:\/\/janze-athletisme.fr\/wordpress\/wp-content\/uploads\/2025\/05\/Clemence-Wilfrid-29mai2025.jpg",1000,1000,false],"thumbnail":["https:\/\/janze-athletisme.fr\/wordpress\/wp-content\/uploads\/2025\/05\/Clemence-Wilfrid-29mai2025-150x150.jpg",150,150,true],"medium":["https:\/\/janze-athletisme.fr\/wordpress\/wp-content\/uploads\/2025\/05\/Clemence-Wilfrid-29mai2025-300x300.jpg",300,300,true],"medium_large":["https:\/\/janze-athletisme.fr\/wordpress\/wp-content\/uploads\/2025\/05\/Clemence-Wilfrid-29mai2025-768x768.jpg",768,768,true],"large":["https:\/\/janze-athletisme.fr\/wordpress\/wp-content\/uploads\/2025\/05\/Clemence-Wilfrid-29mai2025.jpg",1000,1000,false],"1536x1536":["https:\/\/janze-athletisme.fr\/wordpress\/wp-content\/uploads\/2025\/05\/Clemence-Wilfrid-29mai2025.jpg",1000,1000,false],"2048x2048":["https:\/\/janze-athletisme.fr\/wordpress\/wp-content\/uploads\/2025\/05\/Clemence-Wilfrid-29mai2025.jpg",1000,1000,false]},"uagb_author_info":{"display_name":"Laurent Meunier","author_link":"https:\/\/janze-athletisme.fr\/wordpress\/author\/laurent-meunier35\/"},"uagb_comment_info":0,"uagb_excerpt":"Meeting du HBA, Pac\u00e9, jeudi 29 mai Certes il y a eu les deux tours interclubs, mais ils avaient, pour beaucoup de nos jeunes athl\u00e8tes, un go\u00fbt d&rsquo;ap\u00e9ritif, et on attendait avec impatience d&rsquo;entrer dans le plat de r\u00e9sistance. Avec le meeting de Pac\u00e9, au niveau tr\u00e8s relev\u00e9 (20 perfs \u00e0 plus de 1000 points\u2026","_links":{"self":[{"href":"https:\/\/janze-athletisme.fr\/wordpress\/wp-json\/wp\/v2\/posts\/25525","targetHints":{"allow":["GET"]}}],"collection":[{"href":"https:\/\/janze-athletisme.fr\/wordpress\/wp-json\/wp\/v2\/posts"}],"about":[{"href":"https:\/\/janze-athletisme.fr\/wordpress\/wp-json\/wp\/v2\/types\/post"}],"author":[{"embeddable":true,"href":"https:\/\/janze-athletisme.fr\/wordpress\/wp-json\/wp\/v2\/users\/12"}],"replies":[{"embeddable":true,"href":"https:\/\/janze-athletisme.fr\/wordpress\/wp-json\/wp\/v2\/comments?post=25525"}],"version-history":[{"count":10,"href":"https:\/\/janze-athletisme.fr\/wordpress\/wp-json\/wp\/v2\/posts\/25525\/revisions"}],"predecessor-version":[{"id":25580,"href":"https:\/\/janze-athletisme.fr\/wordpress\/wp-json\/wp\/v2\/posts\/25525\/revisions\/25580"}],"wp:featuredmedia":[{"embeddable":true,"href":"https:\/\/janze-athletisme.fr\/wordpress\/wp-json\/wp\/v2\/media\/25526"}],"wp:attachment":[{"href":"https:\/\/janze-athletisme.fr\/wordpress\/wp-json\/wp\/v2\/media?parent=25525"}],"wp:term":[{"taxonomy":"category","embeddable":true,"href":"https:\/\/janze-athletisme.fr\/wordpress\/wp-json\/wp\/v2\/categories?post=25525"},{"taxonomy":"post_tag","embeddable":true,"href":"https:\/\/janze-athletisme.fr\/wordpress\/wp-json\/wp\/v2\/tags?post=25525"}],"curies":[{"name":"wp","href":"https:\/\/api.w.org\/{rel}","templated":true}]}}