{"id":25496,"date":"2025-05-27T17:33:03","date_gmt":"2025-05-27T15:33:03","guid":{"rendered":"https:\/\/janze-athletisme.fr\/wordpress\/?p=25496"},"modified":"2025-05-27T17:33:03","modified_gmt":"2025-05-27T15:33:03","slug":"interclubs-2025-les-classements-officiels","status":"publish","type":"post","link":"https:\/\/janze-athletisme.fr\/wordpress\/interclubs-2025-les-classements-officiels\/","title":{"rendered":"Interclubs 2025: les classements officiels"},"content":{"rendered":"<h1 style=\"text-align: center;\"><span style=\"font-family: comic sans ms, sans-serif; color: #800000;\">Interclubs 2025<\/span><\/h1>\n<h1 style=\"text-align: center;\"><span style=\"font-family: comic sans ms, sans-serif; color: #800000;\">Bilan d\u00e9finitifs et classements officiels<\/span><\/h1>\n<p>&nbsp;<\/p>\n<h4 style=\"text-align: center;\"><span style=\"font-family: comic sans ms, sans-serif; color: #003366;\">Vous trouverez ici les mont\u00e9es et descentes des clubs bretons, avec leurs nombres de points d\u00e9finitifs. Parfois \u00e7a prend un peu de temps et les r\u00e9sultats affich\u00e9s plus t\u00f4t sur notre site n&rsquo;\u00e9taient pas encore totalement officialis\u00e9s.<\/span><\/h4>\n<p>&nbsp;<\/p>\n<h4 style=\"text-align: center;\"><span style=\"font-family: comic sans ms, sans-serif; color: #003366;\">C&rsquo;est chose faite et en d\u00e9finitive, le bilan EAC reste satisfaisant. En gros, nous sommes \u00e0 notre place&#8230; Au moins nous ne descendons pas car gros coup de semonce avec cette double descente des deux \u00e9quipes du Stade Rennais !!! <\/span><\/h4>\n<p>&nbsp;<\/p>\n<h4 style=\"text-align: center;\"><span style=\"font-family: comic sans ms, sans-serif; color: #003366;\">Par contre, on prend les paris pour les 45 000 points pour l&rsquo;\u00e9quipe 1 en 2026 !!!<\/span><\/h4>\n<p>&nbsp;<\/p>\n<p>&nbsp;<\/p>\n<p>&nbsp;<\/p>\n<p>&nbsp;<\/p>\n<p><a href=\"https:\/\/janze-athletisme.fr\/wordpress\/wp-content\/uploads\/2025\/05\/499943305_1408482474054278_8213344428883162224_n.jpg\"><img loading=\"lazy\" decoding=\"async\" class=\"wp-image-25502 alignnone\" src=\"https:\/\/janze-athletisme.fr\/wordpress\/wp-content\/uploads\/2025\/05\/499943305_1408482474054278_8213344428883162224_n-240x300.jpg\" alt=\"\" width=\"459\" height=\"573\" srcset=\"https:\/\/janze-athletisme.fr\/wordpress\/wp-content\/uploads\/2025\/05\/499943305_1408482474054278_8213344428883162224_n-240x300.jpg 240w, https:\/\/janze-athletisme.fr\/wordpress\/wp-content\/uploads\/2025\/05\/499943305_1408482474054278_8213344428883162224_n-819x1024.jpg 819w, https:\/\/janze-athletisme.fr\/wordpress\/wp-content\/uploads\/2025\/05\/499943305_1408482474054278_8213344428883162224_n-768x960.jpg 768w, https:\/\/janze-athletisme.fr\/wordpress\/wp-content\/uploads\/2025\/05\/499943305_1408482474054278_8213344428883162224_n-1229x1536.jpg 1229w, https:\/\/janze-athletisme.fr\/wordpress\/wp-content\/uploads\/2025\/05\/499943305_1408482474054278_8213344428883162224_n.jpg 1638w\" sizes=\"auto, (max-width: 459px) 100vw, 459px\" \/><\/a><a href=\"https:\/\/janze-athletisme.fr\/wordpress\/wp-content\/uploads\/2025\/05\/499718339_1408482467387612_8902850041476275076_n.jpg\"><img loading=\"lazy\" decoding=\"async\" class=\"wp-image-25500 alignright\" src=\"https:\/\/janze-athletisme.fr\/wordpress\/wp-content\/uploads\/2025\/05\/499718339_1408482467387612_8902850041476275076_n-240x300.jpg\" alt=\"\" width=\"492\" height=\"615\" srcset=\"https:\/\/janze-athletisme.fr\/wordpress\/wp-content\/uploads\/2025\/05\/499718339_1408482467387612_8902850041476275076_n-240x300.jpg 240w, https:\/\/janze-athletisme.fr\/wordpress\/wp-content\/uploads\/2025\/05\/499718339_1408482467387612_8902850041476275076_n-819x1024.jpg 819w, https:\/\/janze-athletisme.fr\/wordpress\/wp-content\/uploads\/2025\/05\/499718339_1408482467387612_8902850041476275076_n-768x960.jpg 768w, https:\/\/janze-athletisme.fr\/wordpress\/wp-content\/uploads\/2025\/05\/499718339_1408482467387612_8902850041476275076_n-1229x1536.jpg 1229w, https:\/\/janze-athletisme.fr\/wordpress\/wp-content\/uploads\/2025\/05\/499718339_1408482467387612_8902850041476275076_n.jpg 1638w\" sizes=\"auto, (max-width: 492px) 100vw, 492px\" \/><\/a><\/p>\n<p><a href=\"https:\/\/janze-athletisme.fr\/wordpress\/wp-content\/uploads\/2025\/05\/499793442_1408482524054273_5865470177512089692_n.jpg\"><img loading=\"lazy\" decoding=\"async\" class=\"alignnone  wp-image-25501\" src=\"https:\/\/janze-athletisme.fr\/wordpress\/wp-content\/uploads\/2025\/05\/499793442_1408482524054273_5865470177512089692_n-240x300.jpg\" alt=\"\" width=\"429\" height=\"537\" srcset=\"https:\/\/janze-athletisme.fr\/wordpress\/wp-content\/uploads\/2025\/05\/499793442_1408482524054273_5865470177512089692_n-240x300.jpg 240w, https:\/\/janze-athletisme.fr\/wordpress\/wp-content\/uploads\/2025\/05\/499793442_1408482524054273_5865470177512089692_n-819x1024.jpg 819w, https:\/\/janze-athletisme.fr\/wordpress\/wp-content\/uploads\/2025\/05\/499793442_1408482524054273_5865470177512089692_n-768x960.jpg 768w, https:\/\/janze-athletisme.fr\/wordpress\/wp-content\/uploads\/2025\/05\/499793442_1408482524054273_5865470177512089692_n-1229x1536.jpg 1229w, https:\/\/janze-athletisme.fr\/wordpress\/wp-content\/uploads\/2025\/05\/499793442_1408482524054273_5865470177512089692_n.jpg 1638w\" sizes=\"auto, (max-width: 429px) 100vw, 429px\" \/><\/a><a href=\"https:\/\/janze-athletisme.fr\/wordpress\/wp-content\/uploads\/2025\/05\/499608024_1408482484054277_7251354724439914252_n.jpg\"><img loading=\"lazy\" decoding=\"async\" class=\"alignnone  wp-image-25498\" src=\"https:\/\/janze-athletisme.fr\/wordpress\/wp-content\/uploads\/2025\/05\/499608024_1408482484054277_7251354724439914252_n-240x300.jpg\" alt=\"\" width=\"431\" height=\"539\" srcset=\"https:\/\/janze-athletisme.fr\/wordpress\/wp-content\/uploads\/2025\/05\/499608024_1408482484054277_7251354724439914252_n-240x300.jpg 240w, https:\/\/janze-athletisme.fr\/wordpress\/wp-content\/uploads\/2025\/05\/499608024_1408482484054277_7251354724439914252_n-819x1024.jpg 819w, https:\/\/janze-athletisme.fr\/wordpress\/wp-content\/uploads\/2025\/05\/499608024_1408482484054277_7251354724439914252_n-768x960.jpg 768w, https:\/\/janze-athletisme.fr\/wordpress\/wp-content\/uploads\/2025\/05\/499608024_1408482484054277_7251354724439914252_n-1229x1536.jpg 1229w, https:\/\/janze-athletisme.fr\/wordpress\/wp-content\/uploads\/2025\/05\/499608024_1408482484054277_7251354724439914252_n.jpg 1638w\" sizes=\"auto, (max-width: 431px) 100vw, 431px\" \/><\/a><\/p>\n<p><a href=\"https:\/\/janze-athletisme.fr\/wordpress\/wp-content\/uploads\/2025\/05\/500172157_1408482487387610_504643044077053976_n.jpg\"><img loading=\"lazy\" decoding=\"async\" class=\"alignnone  wp-image-25503\" src=\"https:\/\/janze-athletisme.fr\/wordpress\/wp-content\/uploads\/2025\/05\/500172157_1408482487387610_504643044077053976_n-240x300.jpg\" alt=\"\" width=\"441\" height=\"551\" srcset=\"https:\/\/janze-athletisme.fr\/wordpress\/wp-content\/uploads\/2025\/05\/500172157_1408482487387610_504643044077053976_n-240x300.jpg 240w, https:\/\/janze-athletisme.fr\/wordpress\/wp-content\/uploads\/2025\/05\/500172157_1408482487387610_504643044077053976_n-819x1024.jpg 819w, https:\/\/janze-athletisme.fr\/wordpress\/wp-content\/uploads\/2025\/05\/500172157_1408482487387610_504643044077053976_n-768x960.jpg 768w, https:\/\/janze-athletisme.fr\/wordpress\/wp-content\/uploads\/2025\/05\/500172157_1408482487387610_504643044077053976_n-1229x1536.jpg 1229w, https:\/\/janze-athletisme.fr\/wordpress\/wp-content\/uploads\/2025\/05\/500172157_1408482487387610_504643044077053976_n.jpg 1638w\" sizes=\"auto, (max-width: 441px) 100vw, 441px\" \/><\/a><a href=\"https:\/\/janze-athletisme.fr\/wordpress\/wp-content\/uploads\/2025\/05\/499674389_1408482480720944_1011533138287730888_n.jpg\"><img loading=\"lazy\" decoding=\"async\" class=\"wp-image-25499 alignright\" src=\"https:\/\/janze-athletisme.fr\/wordpress\/wp-content\/uploads\/2025\/05\/499674389_1408482480720944_1011533138287730888_n-240x300.jpg\" alt=\"\" width=\"422\" height=\"528\" srcset=\"https:\/\/janze-athletisme.fr\/wordpress\/wp-content\/uploads\/2025\/05\/499674389_1408482480720944_1011533138287730888_n-240x300.jpg 240w, https:\/\/janze-athletisme.fr\/wordpress\/wp-content\/uploads\/2025\/05\/499674389_1408482480720944_1011533138287730888_n-819x1024.jpg 819w, https:\/\/janze-athletisme.fr\/wordpress\/wp-content\/uploads\/2025\/05\/499674389_1408482480720944_1011533138287730888_n-768x960.jpg 768w, https:\/\/janze-athletisme.fr\/wordpress\/wp-content\/uploads\/2025\/05\/499674389_1408482480720944_1011533138287730888_n-1229x1536.jpg 1229w, https:\/\/janze-athletisme.fr\/wordpress\/wp-content\/uploads\/2025\/05\/499674389_1408482480720944_1011533138287730888_n.jpg 1638w\" sizes=\"auto, (max-width: 422px) 100vw, 422px\" \/><\/a><\/p>\n<p>&nbsp;<\/p>\n<p>&nbsp;<\/p>\n<p>&nbsp;<\/p>\n","protected":false},"excerpt":{"rendered":"<p>Interclubs 2025 Bilan d\u00e9finitifs et classements officiels &nbsp; Vous trouverez ici les mont\u00e9es et descentes des clubs bretons, avec leurs nombres de points d\u00e9finitifs. Parfois \u00e7a prend un peu de temps et les r\u00e9sultats affich\u00e9s plus t\u00f4t sur notre site n&rsquo;\u00e9taient pas encore totalement officialis\u00e9s. &nbsp; C&rsquo;est chose faite et en d\u00e9finitive, le bilan EAC [&hellip;]<\/p>\n","protected":false},"author":8,"featured_media":25497,"comment_status":"open","ping_status":"open","sticky":false,"template":"","format":"aside","meta":{"_uag_custom_page_level_css":"","site-sidebar-layout":"default","site-content-layout":"","ast-site-content-layout":"default","site-content-style":"default","site-sidebar-style":"default","ast-global-header-display":"","ast-banner-title-visibility":"","ast-main-header-display":"","ast-hfb-above-header-display":"","ast-hfb-below-header-display":"","ast-hfb-mobile-header-display":"","site-post-title":"","ast-breadcrumbs-content":"","ast-featured-img":"","footer-sml-layout":"","ast-disable-related-posts":"","theme-transparent-header-meta":"default","adv-header-id-meta":"","stick-header-meta":"","header-above-stick-meta":"","header-main-stick-meta":"","header-below-stick-meta":"","astra-migrate-meta-layouts":"set","ast-page-background-enabled":"default","ast-page-background-meta":{"desktop":{"background-color":"var(--ast-global-color-4)","background-image":"","background-repeat":"repeat","background-position":"center center","background-size":"auto","background-attachment":"scroll","background-type":"","background-media":"","overlay-type":"","overlay-color":"","overlay-opacity":"","overlay-gradient":""},"tablet":{"background-color":"","background-image":"","background-repeat":"repeat","background-position":"center center","background-size":"auto","background-attachment":"scroll","background-type":"","background-media":"","overlay-type":"","overlay-color":"","overlay-opacity":"","overlay-gradient":""},"mobile":{"background-color":"","background-image":"","background-repeat":"repeat","background-position":"center center","background-size":"auto","background-attachment":"scroll","background-type":"","background-media":"","overlay-type":"","overlay-color":"","overlay-opacity":"","overlay-gradient":""}},"ast-content-background-meta":{"desktop":{"background-color":"var(--ast-global-color-5)","background-image":"","background-repeat":"repeat","background-position":"center center","background-size":"auto","background-attachment":"scroll","background-type":"","background-media":"","overlay-type":"","overlay-color":"","overlay-opacity":"","overlay-gradient":""},"tablet":{"background-color":"var(--ast-global-color-5)","background-image":"","background-repeat":"repeat","background-position":"center center","background-size":"auto","background-attachment":"scroll","background-type":"","background-media":"","overlay-type":"","overlay-color":"","overlay-opacity":"","overlay-gradient":""},"mobile":{"background-color":"var(--ast-global-color-5)","background-image":"","background-repeat":"repeat","background-position":"center center","background-size":"auto","background-attachment":"scroll","background-type":"","background-media":"","overlay-type":"","overlay-color":"","overlay-opacity":"","overlay-gradient":""}},"footnotes":""},"categories":[6],"tags":[],"class_list":["post-25496","post","type-post","status-publish","format-aside","has-post-thumbnail","hentry","category-sections","post_format-post-format-aside"],"yoast_head":"<!-- This site is optimized with the Yoast SEO plugin v27.4 - https:\/\/yoast.com\/product\/yoast-seo-wordpress\/ -->\n<title>Interclubs 2025: les classements officiels - Janz\u00e9 Athl\u00e9tisme<\/title>\n<meta name=\"robots\" content=\"index, follow, max-snippet:-1, max-image-preview:large, max-video-preview:-1\" \/>\n<link rel=\"canonical\" href=\"https:\/\/janze-athletisme.fr\/wordpress\/interclubs-2025-les-classements-officiels\/\" \/>\n<meta property=\"og:locale\" content=\"fr_FR\" \/>\n<meta property=\"og:type\" content=\"article\" \/>\n<meta property=\"og:title\" content=\"Interclubs 2025: les classements officiels - Janz\u00e9 Athl\u00e9tisme\" \/>\n<meta property=\"og:description\" content=\"Interclubs 2025 Bilan d\u00e9finitifs et classements officiels &nbsp; Vous trouverez ici les mont\u00e9es et descentes des clubs bretons, avec leurs nombres de points d\u00e9finitifs. Parfois \u00e7a prend un peu de temps et les r\u00e9sultats affich\u00e9s plus t\u00f4t sur notre site n&rsquo;\u00e9taient pas encore totalement officialis\u00e9s. &nbsp; C&rsquo;est chose faite et en d\u00e9finitive, le bilan EAC [&hellip;]\" \/>\n<meta property=\"og:url\" content=\"https:\/\/janze-athletisme.fr\/wordpress\/interclubs-2025-les-classements-officiels\/\" \/>\n<meta property=\"og:site_name\" content=\"Janz\u00e9 Athl\u00e9tisme\" \/>\n<meta property=\"article:publisher\" content=\"https:\/\/www.facebook.com\/groups\/1007964579346590\" \/>\n<meta property=\"article:published_time\" content=\"2025-05-27T15:33:03+00:00\" \/>\n<meta property=\"og:image\" content=\"https:\/\/janze-athletisme.fr\/wordpress\/wp-content\/uploads\/2025\/05\/499983991_1408482470720945_4122091513330453508_n.jpg\" \/>\n\t<meta property=\"og:image:width\" content=\"1638\" \/>\n\t<meta property=\"og:image:height\" content=\"2048\" \/>\n\t<meta property=\"og:image:type\" content=\"image\/jpeg\" \/>\n<meta name=\"author\" content=\"Jean-Marie Jouzel\" \/>\n<meta name=\"twitter:card\" content=\"summary_large_image\" \/>\n<meta name=\"twitter:label1\" content=\"\u00c9crit par\" \/>\n\t<meta name=\"twitter:data1\" content=\"Jean-Marie Jouzel\" \/>\n\t<meta name=\"twitter:label2\" content=\"Dur\u00e9e de lecture estim\u00e9e\" \/>\n\t<meta name=\"twitter:data2\" content=\"2 minutes\" \/>\n<script type=\"application\/ld+json\" class=\"yoast-schema-graph\">{\"@context\":\"https:\\\/\\\/schema.org\",\"@graph\":[{\"@type\":\"Article\",\"@id\":\"https:\\\/\\\/janze-athletisme.fr\\\/wordpress\\\/interclubs-2025-les-classements-officiels\\\/#article\",\"isPartOf\":{\"@id\":\"https:\\\/\\\/janze-athletisme.fr\\\/wordpress\\\/interclubs-2025-les-classements-officiels\\\/\"},\"author\":{\"name\":\"Jean-Marie Jouzel\",\"@id\":\"https:\\\/\\\/janze-athletisme.fr\\\/wordpress\\\/#\\\/schema\\\/person\\\/e27efa3d49687b81c679eb0b5c4973e9\"},\"headline\":\"Interclubs 2025: les classements officiels\",\"datePublished\":\"2025-05-27T15:33:03+00:00\",\"mainEntityOfPage\":{\"@id\":\"https:\\\/\\\/janze-athletisme.fr\\\/wordpress\\\/interclubs-2025-les-classements-officiels\\\/\"},\"wordCount\":118,\"commentCount\":0,\"publisher\":{\"@id\":\"https:\\\/\\\/janze-athletisme.fr\\\/wordpress\\\/#organization\"},\"image\":{\"@id\":\"https:\\\/\\\/janze-athletisme.fr\\\/wordpress\\\/interclubs-2025-les-classements-officiels\\\/#primaryimage\"},\"thumbnailUrl\":\"https:\\\/\\\/janze-athletisme.fr\\\/wordpress\\\/wp-content\\\/uploads\\\/2025\\\/05\\\/499983991_1408482470720945_4122091513330453508_n.jpg\",\"articleSection\":[\"Le club au jour le jour\"],\"inLanguage\":\"fr-FR\",\"potentialAction\":[{\"@type\":\"CommentAction\",\"name\":\"Comment\",\"target\":[\"https:\\\/\\\/janze-athletisme.fr\\\/wordpress\\\/interclubs-2025-les-classements-officiels\\\/#respond\"]}]},{\"@type\":\"WebPage\",\"@id\":\"https:\\\/\\\/janze-athletisme.fr\\\/wordpress\\\/interclubs-2025-les-classements-officiels\\\/\",\"url\":\"https:\\\/\\\/janze-athletisme.fr\\\/wordpress\\\/interclubs-2025-les-classements-officiels\\\/\",\"name\":\"Interclubs 2025: les classements officiels - Janz\u00e9 Athl\u00e9tisme\",\"isPartOf\":{\"@id\":\"https:\\\/\\\/janze-athletisme.fr\\\/wordpress\\\/#website\"},\"primaryImageOfPage\":{\"@id\":\"https:\\\/\\\/janze-athletisme.fr\\\/wordpress\\\/interclubs-2025-les-classements-officiels\\\/#primaryimage\"},\"image\":{\"@id\":\"https:\\\/\\\/janze-athletisme.fr\\\/wordpress\\\/interclubs-2025-les-classements-officiels\\\/#primaryimage\"},\"thumbnailUrl\":\"https:\\\/\\\/janze-athletisme.fr\\\/wordpress\\\/wp-content\\\/uploads\\\/2025\\\/05\\\/499983991_1408482470720945_4122091513330453508_n.jpg\",\"datePublished\":\"2025-05-27T15:33:03+00:00\",\"breadcrumb\":{\"@id\":\"https:\\\/\\\/janze-athletisme.fr\\\/wordpress\\\/interclubs-2025-les-classements-officiels\\\/#breadcrumb\"},\"inLanguage\":\"fr-FR\",\"potentialAction\":[{\"@type\":\"ReadAction\",\"target\":[\"https:\\\/\\\/janze-athletisme.fr\\\/wordpress\\\/interclubs-2025-les-classements-officiels\\\/\"]}]},{\"@type\":\"ImageObject\",\"inLanguage\":\"fr-FR\",\"@id\":\"https:\\\/\\\/janze-athletisme.fr\\\/wordpress\\\/interclubs-2025-les-classements-officiels\\\/#primaryimage\",\"url\":\"https:\\\/\\\/janze-athletisme.fr\\\/wordpress\\\/wp-content\\\/uploads\\\/2025\\\/05\\\/499983991_1408482470720945_4122091513330453508_n.jpg\",\"contentUrl\":\"https:\\\/\\\/janze-athletisme.fr\\\/wordpress\\\/wp-content\\\/uploads\\\/2025\\\/05\\\/499983991_1408482470720945_4122091513330453508_n.jpg\",\"width\":1638,\"height\":2048},{\"@type\":\"BreadcrumbList\",\"@id\":\"https:\\\/\\\/janze-athletisme.fr\\\/wordpress\\\/interclubs-2025-les-classements-officiels\\\/#breadcrumb\",\"itemListElement\":[{\"@type\":\"ListItem\",\"position\":1,\"name\":\"Accueil\",\"item\":\"https:\\\/\\\/janze-athletisme.fr\\\/wordpress\\\/\"},{\"@type\":\"ListItem\",\"position\":2,\"name\":\"Interclubs 2025: les classements officiels\"}]},{\"@type\":\"WebSite\",\"@id\":\"https:\\\/\\\/janze-athletisme.fr\\\/wordpress\\\/#website\",\"url\":\"https:\\\/\\\/janze-athletisme.fr\\\/wordpress\\\/\",\"name\":\"Janz\u00e9 Athl\u00e9tisme\",\"description\":\"Pays de La Roche aux F\u00e9es\",\"publisher\":{\"@id\":\"https:\\\/\\\/janze-athletisme.fr\\\/wordpress\\\/#organization\"},\"potentialAction\":[{\"@type\":\"SearchAction\",\"target\":{\"@type\":\"EntryPoint\",\"urlTemplate\":\"https:\\\/\\\/janze-athletisme.fr\\\/wordpress\\\/?s={search_term_string}\"},\"query-input\":{\"@type\":\"PropertyValueSpecification\",\"valueRequired\":true,\"valueName\":\"search_term_string\"}}],\"inLanguage\":\"fr-FR\"},{\"@type\":\"Organization\",\"@id\":\"https:\\\/\\\/janze-athletisme.fr\\\/wordpress\\\/#organization\",\"name\":\"Janz\u00e9 Athl\u00e9tisme\",\"url\":\"https:\\\/\\\/janze-athletisme.fr\\\/wordpress\\\/\",\"logo\":{\"@type\":\"ImageObject\",\"inLanguage\":\"fr-FR\",\"@id\":\"https:\\\/\\\/janze-athletisme.fr\\\/wordpress\\\/#\\\/schema\\\/logo\\\/image\\\/\",\"url\":\"https:\\\/\\\/janze-athletisme.fr\\\/wordpress\\\/wp-content\\\/uploads\\\/2015\\\/03\\\/logo-full1.jpg\",\"contentUrl\":\"https:\\\/\\\/janze-athletisme.fr\\\/wordpress\\\/wp-content\\\/uploads\\\/2015\\\/03\\\/logo-full1.jpg\",\"width\":437,\"height\":205,\"caption\":\"Janz\u00e9 Athl\u00e9tisme\"},\"image\":{\"@id\":\"https:\\\/\\\/janze-athletisme.fr\\\/wordpress\\\/#\\\/schema\\\/logo\\\/image\\\/\"},\"sameAs\":[\"https:\\\/\\\/www.facebook.com\\\/groups\\\/1007964579346590\"]},{\"@type\":\"Person\",\"@id\":\"https:\\\/\\\/janze-athletisme.fr\\\/wordpress\\\/#\\\/schema\\\/person\\\/e27efa3d49687b81c679eb0b5c4973e9\",\"name\":\"Jean-Marie Jouzel\",\"image\":{\"@type\":\"ImageObject\",\"inLanguage\":\"fr-FR\",\"@id\":\"https:\\\/\\\/secure.gravatar.com\\\/avatar\\\/6aaee532914ad5ae9d6b4c13c953c6689456493b17979b560cf8fd0c344930ab?s=96&d=mm&r=g\",\"url\":\"https:\\\/\\\/secure.gravatar.com\\\/avatar\\\/6aaee532914ad5ae9d6b4c13c953c6689456493b17979b560cf8fd0c344930ab?s=96&d=mm&r=g\",\"contentUrl\":\"https:\\\/\\\/secure.gravatar.com\\\/avatar\\\/6aaee532914ad5ae9d6b4c13c953c6689456493b17979b560cf8fd0c344930ab?s=96&d=mm&r=g\",\"caption\":\"Jean-Marie Jouzel\"},\"url\":\"https:\\\/\\\/janze-athletisme.fr\\\/wordpress\\\/author\\\/jmjouzel\\\/\"}]}<\/script>\n<!-- \/ Yoast SEO plugin. -->","yoast_head_json":{"title":"Interclubs 2025: les classements officiels - Janz\u00e9 Athl\u00e9tisme","robots":{"index":"index","follow":"follow","max-snippet":"max-snippet:-1","max-image-preview":"max-image-preview:large","max-video-preview":"max-video-preview:-1"},"canonical":"https:\/\/janze-athletisme.fr\/wordpress\/interclubs-2025-les-classements-officiels\/","og_locale":"fr_FR","og_type":"article","og_title":"Interclubs 2025: les classements officiels - Janz\u00e9 Athl\u00e9tisme","og_description":"Interclubs 2025 Bilan d\u00e9finitifs et classements officiels &nbsp; Vous trouverez ici les mont\u00e9es et descentes des clubs bretons, avec leurs nombres de points d\u00e9finitifs. Parfois \u00e7a prend un peu de temps et les r\u00e9sultats affich\u00e9s plus t\u00f4t sur notre site n&rsquo;\u00e9taient pas encore totalement officialis\u00e9s. &nbsp; C&rsquo;est chose faite et en d\u00e9finitive, le bilan EAC [&hellip;]","og_url":"https:\/\/janze-athletisme.fr\/wordpress\/interclubs-2025-les-classements-officiels\/","og_site_name":"Janz\u00e9 Athl\u00e9tisme","article_publisher":"https:\/\/www.facebook.com\/groups\/1007964579346590","article_published_time":"2025-05-27T15:33:03+00:00","og_image":[{"width":1638,"height":2048,"url":"https:\/\/janze-athletisme.fr\/wordpress\/wp-content\/uploads\/2025\/05\/499983991_1408482470720945_4122091513330453508_n.jpg","type":"image\/jpeg"}],"author":"Jean-Marie Jouzel","twitter_card":"summary_large_image","twitter_misc":{"\u00c9crit par":"Jean-Marie Jouzel","Dur\u00e9e de lecture estim\u00e9e":"2 minutes"},"schema":{"@context":"https:\/\/schema.org","@graph":[{"@type":"Article","@id":"https:\/\/janze-athletisme.fr\/wordpress\/interclubs-2025-les-classements-officiels\/#article","isPartOf":{"@id":"https:\/\/janze-athletisme.fr\/wordpress\/interclubs-2025-les-classements-officiels\/"},"author":{"name":"Jean-Marie Jouzel","@id":"https:\/\/janze-athletisme.fr\/wordpress\/#\/schema\/person\/e27efa3d49687b81c679eb0b5c4973e9"},"headline":"Interclubs 2025: les classements officiels","datePublished":"2025-05-27T15:33:03+00:00","mainEntityOfPage":{"@id":"https:\/\/janze-athletisme.fr\/wordpress\/interclubs-2025-les-classements-officiels\/"},"wordCount":118,"commentCount":0,"publisher":{"@id":"https:\/\/janze-athletisme.fr\/wordpress\/#organization"},"image":{"@id":"https:\/\/janze-athletisme.fr\/wordpress\/interclubs-2025-les-classements-officiels\/#primaryimage"},"thumbnailUrl":"https:\/\/janze-athletisme.fr\/wordpress\/wp-content\/uploads\/2025\/05\/499983991_1408482470720945_4122091513330453508_n.jpg","articleSection":["Le club au jour le jour"],"inLanguage":"fr-FR","potentialAction":[{"@type":"CommentAction","name":"Comment","target":["https:\/\/janze-athletisme.fr\/wordpress\/interclubs-2025-les-classements-officiels\/#respond"]}]},{"@type":"WebPage","@id":"https:\/\/janze-athletisme.fr\/wordpress\/interclubs-2025-les-classements-officiels\/","url":"https:\/\/janze-athletisme.fr\/wordpress\/interclubs-2025-les-classements-officiels\/","name":"Interclubs 2025: les classements officiels - Janz\u00e9 Athl\u00e9tisme","isPartOf":{"@id":"https:\/\/janze-athletisme.fr\/wordpress\/#website"},"primaryImageOfPage":{"@id":"https:\/\/janze-athletisme.fr\/wordpress\/interclubs-2025-les-classements-officiels\/#primaryimage"},"image":{"@id":"https:\/\/janze-athletisme.fr\/wordpress\/interclubs-2025-les-classements-officiels\/#primaryimage"},"thumbnailUrl":"https:\/\/janze-athletisme.fr\/wordpress\/wp-content\/uploads\/2025\/05\/499983991_1408482470720945_4122091513330453508_n.jpg","datePublished":"2025-05-27T15:33:03+00:00","breadcrumb":{"@id":"https:\/\/janze-athletisme.fr\/wordpress\/interclubs-2025-les-classements-officiels\/#breadcrumb"},"inLanguage":"fr-FR","potentialAction":[{"@type":"ReadAction","target":["https:\/\/janze-athletisme.fr\/wordpress\/interclubs-2025-les-classements-officiels\/"]}]},{"@type":"ImageObject","inLanguage":"fr-FR","@id":"https:\/\/janze-athletisme.fr\/wordpress\/interclubs-2025-les-classements-officiels\/#primaryimage","url":"https:\/\/janze-athletisme.fr\/wordpress\/wp-content\/uploads\/2025\/05\/499983991_1408482470720945_4122091513330453508_n.jpg","contentUrl":"https:\/\/janze-athletisme.fr\/wordpress\/wp-content\/uploads\/2025\/05\/499983991_1408482470720945_4122091513330453508_n.jpg","width":1638,"height":2048},{"@type":"BreadcrumbList","@id":"https:\/\/janze-athletisme.fr\/wordpress\/interclubs-2025-les-classements-officiels\/#breadcrumb","itemListElement":[{"@type":"ListItem","position":1,"name":"Accueil","item":"https:\/\/janze-athletisme.fr\/wordpress\/"},{"@type":"ListItem","position":2,"name":"Interclubs 2025: les classements officiels"}]},{"@type":"WebSite","@id":"https:\/\/janze-athletisme.fr\/wordpress\/#website","url":"https:\/\/janze-athletisme.fr\/wordpress\/","name":"Janz\u00e9 Athl\u00e9tisme","description":"Pays de La Roche aux F\u00e9es","publisher":{"@id":"https:\/\/janze-athletisme.fr\/wordpress\/#organization"},"potentialAction":[{"@type":"SearchAction","target":{"@type":"EntryPoint","urlTemplate":"https:\/\/janze-athletisme.fr\/wordpress\/?s={search_term_string}"},"query-input":{"@type":"PropertyValueSpecification","valueRequired":true,"valueName":"search_term_string"}}],"inLanguage":"fr-FR"},{"@type":"Organization","@id":"https:\/\/janze-athletisme.fr\/wordpress\/#organization","name":"Janz\u00e9 Athl\u00e9tisme","url":"https:\/\/janze-athletisme.fr\/wordpress\/","logo":{"@type":"ImageObject","inLanguage":"fr-FR","@id":"https:\/\/janze-athletisme.fr\/wordpress\/#\/schema\/logo\/image\/","url":"https:\/\/janze-athletisme.fr\/wordpress\/wp-content\/uploads\/2015\/03\/logo-full1.jpg","contentUrl":"https:\/\/janze-athletisme.fr\/wordpress\/wp-content\/uploads\/2015\/03\/logo-full1.jpg","width":437,"height":205,"caption":"Janz\u00e9 Athl\u00e9tisme"},"image":{"@id":"https:\/\/janze-athletisme.fr\/wordpress\/#\/schema\/logo\/image\/"},"sameAs":["https:\/\/www.facebook.com\/groups\/1007964579346590"]},{"@type":"Person","@id":"https:\/\/janze-athletisme.fr\/wordpress\/#\/schema\/person\/e27efa3d49687b81c679eb0b5c4973e9","name":"Jean-Marie Jouzel","image":{"@type":"ImageObject","inLanguage":"fr-FR","@id":"https:\/\/secure.gravatar.com\/avatar\/6aaee532914ad5ae9d6b4c13c953c6689456493b17979b560cf8fd0c344930ab?s=96&d=mm&r=g","url":"https:\/\/secure.gravatar.com\/avatar\/6aaee532914ad5ae9d6b4c13c953c6689456493b17979b560cf8fd0c344930ab?s=96&d=mm&r=g","contentUrl":"https:\/\/secure.gravatar.com\/avatar\/6aaee532914ad5ae9d6b4c13c953c6689456493b17979b560cf8fd0c344930ab?s=96&d=mm&r=g","caption":"Jean-Marie Jouzel"},"url":"https:\/\/janze-athletisme.fr\/wordpress\/author\/jmjouzel\/"}]}},"uagb_featured_image_src":{"full":["https:\/\/janze-athletisme.fr\/wordpress\/wp-content\/uploads\/2025\/05\/499983991_1408482470720945_4122091513330453508_n.jpg",1638,2048,false],"thumbnail":["https:\/\/janze-athletisme.fr\/wordpress\/wp-content\/uploads\/2025\/05\/499983991_1408482470720945_4122091513330453508_n-150x150.jpg",150,150,true],"medium":["https:\/\/janze-athletisme.fr\/wordpress\/wp-content\/uploads\/2025\/05\/499983991_1408482470720945_4122091513330453508_n-240x300.jpg",240,300,true],"medium_large":["https:\/\/janze-athletisme.fr\/wordpress\/wp-content\/uploads\/2025\/05\/499983991_1408482470720945_4122091513330453508_n-768x960.jpg",768,960,true],"large":["https:\/\/janze-athletisme.fr\/wordpress\/wp-content\/uploads\/2025\/05\/499983991_1408482470720945_4122091513330453508_n-819x1024.jpg",819,1024,true],"1536x1536":["https:\/\/janze-athletisme.fr\/wordpress\/wp-content\/uploads\/2025\/05\/499983991_1408482470720945_4122091513330453508_n-1229x1536.jpg",1229,1536,true],"2048x2048":["https:\/\/janze-athletisme.fr\/wordpress\/wp-content\/uploads\/2025\/05\/499983991_1408482470720945_4122091513330453508_n.jpg",1638,2048,false]},"uagb_author_info":{"display_name":"Jean-Marie Jouzel","author_link":"https:\/\/janze-athletisme.fr\/wordpress\/author\/jmjouzel\/"},"uagb_comment_info":0,"uagb_excerpt":"Interclubs 2025 Bilan d\u00e9finitifs et classements officiels &nbsp; Vous trouverez ici les mont\u00e9es et descentes des clubs bretons, avec leurs nombres de points d\u00e9finitifs. Parfois \u00e7a prend un peu de temps et les r\u00e9sultats affich\u00e9s plus t\u00f4t sur notre site n&rsquo;\u00e9taient pas encore totalement officialis\u00e9s. &nbsp; C&rsquo;est chose faite et en d\u00e9finitive, le bilan EAC\u2026","_links":{"self":[{"href":"https:\/\/janze-athletisme.fr\/wordpress\/wp-json\/wp\/v2\/posts\/25496","targetHints":{"allow":["GET"]}}],"collection":[{"href":"https:\/\/janze-athletisme.fr\/wordpress\/wp-json\/wp\/v2\/posts"}],"about":[{"href":"https:\/\/janze-athletisme.fr\/wordpress\/wp-json\/wp\/v2\/types\/post"}],"author":[{"embeddable":true,"href":"https:\/\/janze-athletisme.fr\/wordpress\/wp-json\/wp\/v2\/users\/8"}],"replies":[{"embeddable":true,"href":"https:\/\/janze-athletisme.fr\/wordpress\/wp-json\/wp\/v2\/comments?post=25496"}],"version-history":[{"count":4,"href":"https:\/\/janze-athletisme.fr\/wordpress\/wp-json\/wp\/v2\/posts\/25496\/revisions"}],"predecessor-version":[{"id":25507,"href":"https:\/\/janze-athletisme.fr\/wordpress\/wp-json\/wp\/v2\/posts\/25496\/revisions\/25507"}],"wp:featuredmedia":[{"embeddable":true,"href":"https:\/\/janze-athletisme.fr\/wordpress\/wp-json\/wp\/v2\/media\/25497"}],"wp:attachment":[{"href":"https:\/\/janze-athletisme.fr\/wordpress\/wp-json\/wp\/v2\/media?parent=25496"}],"wp:term":[{"taxonomy":"category","embeddable":true,"href":"https:\/\/janze-athletisme.fr\/wordpress\/wp-json\/wp\/v2\/categories?post=25496"},{"taxonomy":"post_tag","embeddable":true,"href":"https:\/\/janze-athletisme.fr\/wordpress\/wp-json\/wp\/v2\/tags?post=25496"}],"curies":[{"name":"wp","href":"https:\/\/api.w.org\/{rel}","templated":true}]}}