{"id":25481,"date":"2025-05-27T12:50:57","date_gmt":"2025-05-27T10:50:57","guid":{"rendered":"https:\/\/janze-athletisme.fr\/wordpress\/?p=25481"},"modified":"2025-06-02T18:58:44","modified_gmt":"2025-06-02T16:58:44","slug":"sterenn-jules-et-thibault-a-lepreuve-du-decathlon","status":"publish","type":"post","link":"https:\/\/janze-athletisme.fr\/wordpress\/sterenn-jules-et-thibault-a-lepreuve-du-decathlon\/","title":{"rendered":"Sterenn, Jules et Thibault \u00e0 l&rsquo;\u00e9preuve du d\u00e9cathlon"},"content":{"rendered":"<p><span style=\"font-family: Verdana, sans-serif\"><span style=\"font-size: x-large\"><b>Championnat de Bretagne d&rsquo;\u00e9preuves combin\u00e9es, Concarneau, 24\/25 mai<\/b><\/span><\/span><\/p>\n<p><span style=\"font-family: Verdana, sans-serif\">Si <b>Val\u00e9rie<\/b> Le Dorven n&rsquo;\u00e9tait pas \u00e0 la Ronde des f\u00e9es, cette ann\u00e9e, alors que son engagement en amont a \u00e9t\u00e9 entier, c&rsquo;est qu&rsquo;elle avait ce week-end un engagement encore plus fort : celui d&rsquo;accompagner son fiston, Jules, \u00e0 Concarneau, au championnat de Bretagne des femmes fortes et des hommes forts (les D\u00e9esses et Dieux du stade, \u00e7a vous dit quelque chose ?)<\/span><\/p>\n<p><span style=\"font-family: Verdana, sans-serif\">Elle n&rsquo;a pas fait qu&rsquo;accompagner d&rsquo;ailleurs : comme <b>Christophe<\/b> Fleury \u00e0 Dreux, elle a \u00e9t\u00e9 l&rsquo;indispensable JUGE, qui a offici\u00e9 durant tout le WE. Merci mille fois de permettre ainsi aux jeunes de vivre leur passion ! Quant \u00e0 coach <b>Sylvain<\/b> Leroux, non moins b\u00e9n\u00e9vole, non moins passionn\u00e9, non moins indispensable, il a v\u00e9cu avec intensit\u00e9 toutes les \u00e9preuves du WE, passant d&rsquo;un athl\u00e8te \u00e0 l&rsquo;autre pour prodiguer conseil technique, encouragements et filmer les axes de progr\u00e8s.<\/span><\/p>\n<p><a href=\"https:\/\/janze-athletisme.fr\/wordpress\/wp-content\/uploads\/2025\/05\/Thibault-24-25mai-BZH-EC.jpg\"><img loading=\"lazy\" decoding=\"async\" class=\"alignnone size-medium wp-image-25484\" src=\"https:\/\/janze-athletisme.fr\/wordpress\/wp-content\/uploads\/2025\/05\/Thibault-24-25mai-BZH-EC-300x200.jpg\" alt=\"\" width=\"300\" height=\"200\" srcset=\"https:\/\/janze-athletisme.fr\/wordpress\/wp-content\/uploads\/2025\/05\/Thibault-24-25mai-BZH-EC-300x200.jpg 300w, https:\/\/janze-athletisme.fr\/wordpress\/wp-content\/uploads\/2025\/05\/Thibault-24-25mai-BZH-EC-1024x683.jpg 1024w, https:\/\/janze-athletisme.fr\/wordpress\/wp-content\/uploads\/2025\/05\/Thibault-24-25mai-BZH-EC-768x512.jpg 768w, https:\/\/janze-athletisme.fr\/wordpress\/wp-content\/uploads\/2025\/05\/Thibault-24-25mai-BZH-EC.jpg 1500w\" sizes=\"auto, (max-width: 300px) 100vw, 300px\" \/><\/a><\/p>\n<p><span style=\"font-family: Verdana, sans-serif\"><span style=\"font-size: large\"><b>Ce qu&rsquo;en dit coach Sylvain<\/b><\/span><\/span><\/p>\n<p><span style=\"font-family: Verdana, sans-serif\">\u00ab\u00a0<i>Un gros week-end plein d\u2019\u00e9nergie, avec Thibault qui effectuait son dernier D\u00e9cathlon, et Jules qui faisait quant \u00e0 lui son premier vrai d\u00e9ca apr\u00e8s avoir go\u00fbt\u00e9 \u00e0 ses pr\u00e9mices, avec l\u2019octathlon l\u2019ann\u00e9e derni\u00e8re, en minimes\u2026<\/i><\/span><\/p>\n<p><span style=\"font-family: Verdana, sans-serif\"><i>Nous avions Val\u00e9rie comme juge, et sommes partis en mini bus, un vrai confort de derni\u00e8re minute, tr\u00e8s appr\u00e9ci\u00e9, surtout pour emmener les perches.<\/i><\/span><\/p>\n<p><span style=\"font-family: Verdana, sans-serif\"><i>Malgr\u00e9 un temps tr\u00e8s capricieux les gar\u00e7ons ont bien bataill\u00e9, et m\u00eame ont battu certains de leur records &#8212; preuve qu\u2019ils sont en pleine \u00e9volution et que les gestes techniques sont perfectibles.<\/i><\/span><\/p>\n<p><span style=\"font-family: Verdana, sans-serif\"><i>A noter \u00e9galement la participation de Sterenn, qui fait une tr\u00e8s belle seconde place !<\/i><\/span><\/p>\n<p><span style=\"font-family: Verdana, sans-serif\"><i>Thibault lui finit \u00e0 la 4\u00e8me place et Jules \u00e0 la 13\u00e8me.<\/i><\/span><\/p>\n<p><span style=\"font-family: Verdana, sans-serif\"><i>Bel engagement de ces deux loustics qui aiment l\u2019athl\u00e9 dans sa globalit\u00e9 et \u00e7a fait plaisir !<\/i>\u00ab\u00a0<\/span><\/p>\n<p><span style=\"font-family: Verdana, sans-serif\"><span style=\"font-size: large\"><b>Les r\u00e9sultats (d\u00e9cathlon CAM\/JUM &amp; heptathlon JUF)<\/b><\/span><\/span><\/p>\n<table border=\"1\" width=\"643\" cellspacing=\"0\" cellpadding=\"4\">\n<tbody>\n<tr>\n<td bgcolor=\"#ffff99\" width=\"152\"><strong><span style=\"font-family: Verdana, sans-serif;font-size: 14pt\">\u00c9preuve<\/span><\/strong><\/td>\n<td bgcolor=\"#ffff99\" width=\"153\">\n<p align=\"CENTER\"><span style=\"font-family: Verdana, sans-serif;font-size: 14pt\"><b>Jules<\/b> Le Dorven<\/span><\/p>\n<\/td>\n<td bgcolor=\"#ffff99\" width=\"153\">\n<p align=\"CENTER\"><span style=\"font-family: Verdana, sans-serif;font-size: 14pt\"><b>Thibault<\/b> Vilay<\/span><\/p>\n<\/td>\n<td bgcolor=\"#ffff99\" width=\"152\">\n<p align=\"CENTER\"><span style=\"font-family: Verdana, sans-serif;font-size: 14pt\">Sterenn Tanguy (Cesson)<\/span><\/p>\n<\/td>\n<\/tr>\n<tr valign=\"TOP\">\n<td bgcolor=\"#ffff99\" width=\"152\"><span style=\"font-family: Verdana, sans-serif\">100m \/ 200m<\/span><\/td>\n<td bgcolor=\"#ffff99\" width=\"153\">\n<p align=\"CENTER\"><span style=\"font-family: Verdana, sans-serif\">12&Prime;93 (480)<\/span><\/p>\n<\/td>\n<td bgcolor=\"#ffff99\" width=\"153\">\n<p align=\"CENTER\"><span style=\"font-family: Verdana, sans-serif\">11&Prime;81 (689)<\/span><\/p>\n<\/td>\n<td bgcolor=\"#ffff99\" width=\"152\">\n<p align=\"CENTER\"><span style=\"font-family: Verdana, sans-serif\">27&Prime;92 (637)<\/span><\/p>\n<\/td>\n<\/tr>\n<tr valign=\"TOP\">\n<td bgcolor=\"#ffff99\" width=\"152\"><span style=\"font-family: Verdana, sans-serif\">Longueur<\/span><\/td>\n<td bgcolor=\"#ffff99\" width=\"153\">\n<p align=\"CENTER\"><span style=\"font-family: Verdana, sans-serif\">5m35 (451)<\/span><\/p>\n<\/td>\n<td bgcolor=\"#ffff99\" width=\"153\">\n<p align=\"CENTER\"><span style=\"font-family: Verdana, sans-serif\">5m76 (535)<\/span><\/p>\n<\/td>\n<td bgcolor=\"#ffff99\" width=\"152\">\n<p align=\"CENTER\"><span style=\"font-family: Verdana, sans-serif\">4m95 (546)<\/span><\/p>\n<\/td>\n<\/tr>\n<tr valign=\"TOP\">\n<td bgcolor=\"#ffff99\" width=\"152\"><span style=\"font-family: Verdana, sans-serif\">Poids 5kg \/ 6kg \/ 4kg<\/span><\/td>\n<td bgcolor=\"#ffff99\" width=\"153\">\n<p align=\"CENTER\"><span style=\"font-family: Verdana, sans-serif\">8m83 (416)<\/span><\/p>\n<\/td>\n<td bgcolor=\"#ffff99\" width=\"153\">\n<p align=\"CENTER\"><span style=\"font-family: Verdana, sans-serif\">8m79 (413)<\/span><\/p>\n<\/td>\n<td bgcolor=\"#ffff99\" width=\"152\">\n<p align=\"CENTER\"><span style=\"font-family: Verdana, sans-serif\">7m72 (381)<\/span><\/p>\n<\/td>\n<\/tr>\n<tr valign=\"TOP\">\n<td bgcolor=\"#ffff99\" width=\"152\"><span style=\"font-family: Verdana, sans-serif\">Hauteur<\/span><\/td>\n<td bgcolor=\"#ffff99\" width=\"153\">\n<p align=\"CENTER\"><span style=\"font-family: Verdana, sans-serif\">1m44 (345)<\/span><\/p>\n<\/td>\n<td bgcolor=\"#ffff99\" width=\"153\">\n<p align=\"CENTER\"><span style=\"font-family: Verdana, sans-serif\">1m63 (488)<\/span><\/p>\n<\/td>\n<td bgcolor=\"#ffff99\" width=\"152\">\n<p align=\"CENTER\"><span style=\"font-family: Verdana, sans-serif\">1m40 (512)<\/span><\/p>\n<\/td>\n<\/tr>\n<tr valign=\"TOP\">\n<td bgcolor=\"#ffff99\" width=\"152\"><span style=\"font-family: Verdana, sans-serif\">400m<\/span><\/td>\n<td bgcolor=\"#ffff99\" width=\"153\">\n<p align=\"CENTER\"><span style=\"font-family: Verdana, sans-serif\">59&Prime;47 (431)<\/span><\/p>\n<\/td>\n<td bgcolor=\"#ffff99\" width=\"153\">\n<p align=\"CENTER\"><span style=\"font-family: Verdana, sans-serif\">53&Prime;97 (641)<\/span><\/p>\n<\/td>\n<td bgcolor=\"#ffff99\" width=\"152\">\n<p align=\"CENTER\"><span style=\"font-family: Verdana, sans-serif\">&#8212;<\/span><\/p>\n<\/td>\n<\/tr>\n<tr valign=\"TOP\">\n<td bgcolor=\"#ffff99\" width=\"152\"><span style=\"font-family: Verdana, sans-serif\">110m haies (91) \/ 100m haies (84)<\/span><\/td>\n<td bgcolor=\"#ffff99\" width=\"153\">\n<p align=\"CENTER\"><span style=\"font-family: Verdana, sans-serif\">19&Prime;11 (423)<\/span><\/p>\n<\/td>\n<td bgcolor=\"#ffff99\" width=\"153\">\n<p align=\"CENTER\"><span style=\"font-family: Verdana, sans-serif\">17&Prime;85 (539)<\/span><\/p>\n<\/td>\n<td bgcolor=\"#ffff99\" width=\"152\">\n<p align=\"CENTER\"><span style=\"font-family: Verdana, sans-serif\">15&Prime;80 (739)<\/span><\/p>\n<\/td>\n<\/tr>\n<tr valign=\"TOP\">\n<td bgcolor=\"#ffff99\" width=\"152\"><span style=\"font-family: Verdana, sans-serif\">Disque 1,5kg \/ 1,75kg \/ 1,5kg<\/span><\/td>\n<td bgcolor=\"#ffff99\" width=\"153\">\n<p align=\"CENTER\"><span style=\"font-family: Verdana, sans-serif\">30m01 (485)<\/span><\/p>\n<\/td>\n<td bgcolor=\"#ffff99\" width=\"153\">\n<p align=\"CENTER\"><span style=\"font-family: Verdana, sans-serif\">20m08 (274)<\/span><\/p>\n<\/td>\n<td bgcolor=\"#ffff99\" width=\"152\">\n<p align=\"CENTER\"><span style=\"font-family: Verdana, sans-serif\">&#8212;<\/span><\/p>\n<\/td>\n<\/tr>\n<tr valign=\"TOP\">\n<td bgcolor=\"#ffff99\" width=\"152\"><span style=\"font-family: Verdana, sans-serif\">Perche<\/span><\/td>\n<td bgcolor=\"#ffff99\" width=\"153\">\n<p align=\"CENTER\"><span style=\"font-family: Verdana, sans-serif\">2m60 (264)<\/span><\/p>\n<\/td>\n<td bgcolor=\"#ffff99\" width=\"153\">\n<p align=\"CENTER\"><span style=\"font-family: Verdana, sans-serif\">2m70 (286)<\/span><\/p>\n<\/td>\n<td bgcolor=\"#ffff99\" width=\"152\">\n<p align=\"CENTER\"><span style=\"font-family: Verdana, sans-serif\">&#8212;<\/span><\/p>\n<\/td>\n<\/tr>\n<tr valign=\"TOP\">\n<td bgcolor=\"#ffff99\" width=\"152\"><span style=\"font-family: Verdana, sans-serif\">Javelot 700gr \/ 800gr \/ 600gr<\/span><\/td>\n<td bgcolor=\"#ffff99\" width=\"153\">\n<p align=\"CENTER\"><span style=\"font-family: Verdana, sans-serif\">47m02 (545)<\/span><\/p>\n<\/td>\n<td bgcolor=\"#ffff99\" width=\"153\">\n<p align=\"CENTER\"><span style=\"font-family: Verdana, sans-serif\">30m31 (304)<\/span><\/p>\n<\/td>\n<td bgcolor=\"#ffff99\" width=\"152\">\n<p align=\"CENTER\"><span style=\"font-family: Verdana, sans-serif\">25m37 (389)<\/span><\/p>\n<\/td>\n<\/tr>\n<tr valign=\"TOP\">\n<td bgcolor=\"#ffff99\" width=\"152\"><span style=\"font-family: Verdana, sans-serif\">1500m \/ 800m<\/span><\/td>\n<td bgcolor=\"#ffff99\" width=\"153\">\n<p align=\"CENTER\"><span style=\"font-family: Verdana, sans-serif\">5&rsquo;12&Prime;58 (489)<\/span><\/p>\n<\/td>\n<td bgcolor=\"#ffff99\" width=\"153\">\n<p align=\"CENTER\"><span style=\"font-family: Verdana, sans-serif\">5&rsquo;03&Prime;70 (539)<\/span><\/p>\n<\/td>\n<td bgcolor=\"#ffff99\" width=\"152\">\n<p align=\"CENTER\"><span style=\"font-family: Verdana, sans-serif\">2&rsquo;23&Prime;35 (779)<\/span><\/p>\n<\/td>\n<\/tr>\n<tr valign=\"TOP\">\n<td bgcolor=\"#ffff99\" width=\"152\"><span style=\"font-family: Verdana, sans-serif;font-size: 14pt\"><b>Total<\/b><\/span><\/td>\n<td bgcolor=\"#ffff99\" width=\"153\">\n<p align=\"CENTER\"><span style=\"font-family: Verdana, sans-serif\"><b>4309 points<\/b><\/span><\/p>\n<\/td>\n<td bgcolor=\"#ffff99\" width=\"153\">\n<p align=\"CENTER\"><span style=\"font-family: Verdana, sans-serif\"><b>4708 points<\/b><\/span><\/p>\n<\/td>\n<td bgcolor=\"#ffff99\" width=\"152\">\n<p align=\"CENTER\"><span style=\"font-family: Verdana, sans-serif\"><b>3983 points<\/b><\/span><\/p>\n<\/td>\n<\/tr>\n<tr valign=\"TOP\">\n<td bgcolor=\"#ffff99\" width=\"152\"><span style=\"font-family: Verdana, sans-serif\"><i>Place r\u00e9gionale<\/i><\/span><\/td>\n<td bgcolor=\"#ffff99\" width=\"153\">\n<p align=\"CENTER\"><span style=\"font-family: Verdana, sans-serif\"><i>13e CAM \/ 19<\/i><\/span><\/p>\n<\/td>\n<td bgcolor=\"#ffff99\" width=\"153\">\n<p align=\"CENTER\"><span style=\"font-family: Verdana, sans-serif\"><i>5e JUM \/ 5<\/i><\/span><\/p>\n<\/td>\n<td bgcolor=\"#ffff99\" width=\"152\">\n<p align=\"CENTER\"><span style=\"font-family: Verdana, sans-serif\"><i>2e JUF \/ 5<\/i><\/span><\/p>\n<\/td>\n<\/tr>\n<\/tbody>\n<\/table>\n<p><span style=\"font-family: Verdana, sans-serif;font-size: 12pt\"><i>Le chiffre entre parenth\u00e8ses apr\u00e8s la performance indique le nombre de points marqu\u00e9s \u00e0 la <\/i><\/span><span style=\"font-family: Verdana, sans-serif;font-size: 12pt\"><i>table de cotation IAAF. C&rsquo;est le total de ces points qu&rsquo;on accumule pour arriver au total du nombre de points marqu\u00e9s au d\u00e9cathlon ou \u00e0 l&rsquo;heptathlon.<\/i><\/span><\/p>\n<p><span style=\"font-family: Verdana, sans-serif;font-size: 12pt\"><i>On voit ainsi que Sterenn excelle particuli\u00e8rement sur le 100m haies, sur le 800m et dans une moindre mesure sur le 200m. Au croisement de tout cela se trouve le 400m haies, dont elle s&rsquo;est fait une sp\u00e9cialit\u00e9 (record \u00e0 66&Prime;26).<\/i><\/span><\/p>\n<p><span style=\"font-family: Verdana, sans-serif;font-size: 12pt\"><i>Thibault a ses p\u00f4les d&rsquo;excellence sur le 100m, le 400m et dans une moindre mesure sur le 110m haies et le 1500m. Pareil, un futur bon coureur de 400m haies ?<\/i><\/span><\/p>\n<p><span style=\"font-family: Verdana, sans-serif;font-size: 12pt\"><i>Quant \u00e0 Jules, en d\u00e9pit d&rsquo;un total encore modeste (mais il n&rsquo;est que cadet 1), c&rsquo;est peut-\u00eatre LE v\u00e9ritable d\u00e9cathlonien en puissance&#8230; S&rsquo;il doit encore progresser nettement en hauteur et \u00e0 la perche, et continuer \u00e0 travailler sa vitesse, c&rsquo;est visiblement un gar\u00e7on complet et prometteur sur le d\u00e9cathlon.<\/i><\/span><\/p>\n<p><a href=\"https:\/\/janze-athletisme.fr\/wordpress\/wp-content\/uploads\/2025\/05\/Sterenn-24-25mai2025-BZH-EC.jpg\"><img loading=\"lazy\" decoding=\"async\" class=\"alignnone wp-image-25482\" src=\"https:\/\/janze-athletisme.fr\/wordpress\/wp-content\/uploads\/2025\/05\/Sterenn-24-25mai2025-BZH-EC-300x300.jpg\" alt=\"\" width=\"314\" height=\"314\" srcset=\"https:\/\/janze-athletisme.fr\/wordpress\/wp-content\/uploads\/2025\/05\/Sterenn-24-25mai2025-BZH-EC-300x300.jpg 300w, https:\/\/janze-athletisme.fr\/wordpress\/wp-content\/uploads\/2025\/05\/Sterenn-24-25mai2025-BZH-EC-150x150.jpg 150w, https:\/\/janze-athletisme.fr\/wordpress\/wp-content\/uploads\/2025\/05\/Sterenn-24-25mai2025-BZH-EC-768x768.jpg 768w, https:\/\/janze-athletisme.fr\/wordpress\/wp-content\/uploads\/2025\/05\/Sterenn-24-25mai2025-BZH-EC.jpg 1000w\" sizes=\"auto, (max-width: 314px) 100vw, 314px\" \/><\/a> <a href=\"https:\/\/janze-athletisme.fr\/wordpress\/wp-content\/uploads\/2025\/05\/Thibault-Jules-24-25mai.jpg\"><img loading=\"lazy\" decoding=\"async\" class=\"alignnone wp-image-25483\" src=\"https:\/\/janze-athletisme.fr\/wordpress\/wp-content\/uploads\/2025\/05\/Thibault-Jules-24-25mai-300x300.jpg\" alt=\"\" width=\"315\" height=\"315\" srcset=\"https:\/\/janze-athletisme.fr\/wordpress\/wp-content\/uploads\/2025\/05\/Thibault-Jules-24-25mai-300x300.jpg 300w, https:\/\/janze-athletisme.fr\/wordpress\/wp-content\/uploads\/2025\/05\/Thibault-Jules-24-25mai-150x150.jpg 150w, https:\/\/janze-athletisme.fr\/wordpress\/wp-content\/uploads\/2025\/05\/Thibault-Jules-24-25mai-768x768.jpg 768w, https:\/\/janze-athletisme.fr\/wordpress\/wp-content\/uploads\/2025\/05\/Thibault-Jules-24-25mai.jpg 1000w\" sizes=\"auto, (max-width: 315px) 100vw, 315px\" \/><\/a><\/p>\n<p><a href=\"https:\/\/janze-athletisme.fr\/wordpress\/wp-content\/uploads\/2025\/05\/Thibault-24-25mai-BZH-EC.jpg\">\u00a0<\/a><a href=\"https:\/\/janze-athletisme.fr\/wordpress\/wp-content\/uploads\/2025\/05\/BZH-EC-Concarneau-24-25mai-2.jpg\"><img loading=\"lazy\" decoding=\"async\" class=\"alignnone wp-image-25485\" src=\"https:\/\/janze-athletisme.fr\/wordpress\/wp-content\/uploads\/2025\/05\/BZH-EC-Concarneau-24-25mai-2-300x300.jpg\" alt=\"\" width=\"310\" height=\"310\" srcset=\"https:\/\/janze-athletisme.fr\/wordpress\/wp-content\/uploads\/2025\/05\/BZH-EC-Concarneau-24-25mai-2-300x300.jpg 300w, https:\/\/janze-athletisme.fr\/wordpress\/wp-content\/uploads\/2025\/05\/BZH-EC-Concarneau-24-25mai-2-150x150.jpg 150w, https:\/\/janze-athletisme.fr\/wordpress\/wp-content\/uploads\/2025\/05\/BZH-EC-Concarneau-24-25mai-2-768x768.jpg 768w, https:\/\/janze-athletisme.fr\/wordpress\/wp-content\/uploads\/2025\/05\/BZH-EC-Concarneau-24-25mai-2.jpg 1000w\" sizes=\"auto, (max-width: 310px) 100vw, 310px\" \/><\/a> <a href=\"https:\/\/janze-athletisme.fr\/wordpress\/wp-content\/uploads\/2025\/05\/BZH-EC-Concarneau-24-25mai.jpg\"><img loading=\"lazy\" decoding=\"async\" class=\"alignnone wp-image-25486\" src=\"https:\/\/janze-athletisme.fr\/wordpress\/wp-content\/uploads\/2025\/05\/BZH-EC-Concarneau-24-25mai-300x300.jpg\" alt=\"\" width=\"310\" height=\"310\" srcset=\"https:\/\/janze-athletisme.fr\/wordpress\/wp-content\/uploads\/2025\/05\/BZH-EC-Concarneau-24-25mai-300x300.jpg 300w, https:\/\/janze-athletisme.fr\/wordpress\/wp-content\/uploads\/2025\/05\/BZH-EC-Concarneau-24-25mai-150x150.jpg 150w, https:\/\/janze-athletisme.fr\/wordpress\/wp-content\/uploads\/2025\/05\/BZH-EC-Concarneau-24-25mai-768x768.jpg 768w, https:\/\/janze-athletisme.fr\/wordpress\/wp-content\/uploads\/2025\/05\/BZH-EC-Concarneau-24-25mai.jpg 1000w\" sizes=\"auto, (max-width: 310px) 100vw, 310px\" \/><\/a><\/p>\n<p><span style=\"font-size: 10pt\"><em>27 \u00e9preuves \u00e0 trois sur deux jours : admiration !!!<\/em><\/span><\/p>\n<p>Article int\u00e9ressant sur ces championnats sur le site du T\u00e9l\u00e9gramme, <a href=\"https:\/\/www.letelegramme.fr\/sports\/athletisme\/a-concarneau-lattraction-mael-bephassou-lannurien-sur-les-championnats-de-bretagne-depreuves-combinees-6822742.php\">ICI<\/a>. Avec une belle photo de Thibault, \u00e0 la lutte avec Ma\u00ebl-Bephassou Lannurien, le recordman de France du d\u00e9cathlon cadets.<\/p>\n","protected":false},"excerpt":{"rendered":"<p>Championnat de Bretagne d&rsquo;\u00e9preuves combin\u00e9es, Concarneau, 24\/25 mai Si Val\u00e9rie Le Dorven n&rsquo;\u00e9tait pas \u00e0 la Ronde des f\u00e9es, cette ann\u00e9e, alors que son engagement en amont a \u00e9t\u00e9 entier, c&rsquo;est qu&rsquo;elle avait ce week-end un engagement encore plus fort : celui d&rsquo;accompagner son fiston, Jules, \u00e0 Concarneau, au championnat de Bretagne des femmes fortes [&hellip;]<\/p>\n","protected":false},"author":12,"featured_media":25483,"comment_status":"open","ping_status":"open","sticky":false,"template":"","format":"aside","meta":{"_uag_custom_page_level_css":"","site-sidebar-layout":"default","site-content-layout":"","ast-site-content-layout":"default","site-content-style":"default","site-sidebar-style":"default","ast-global-header-display":"","ast-banner-title-visibility":"","ast-main-header-display":"","ast-hfb-above-header-display":"","ast-hfb-below-header-display":"","ast-hfb-mobile-header-display":"","site-post-title":"","ast-breadcrumbs-content":"","ast-featured-img":"","footer-sml-layout":"","ast-disable-related-posts":"","theme-transparent-header-meta":"default","adv-header-id-meta":"","stick-header-meta":"","header-above-stick-meta":"","header-main-stick-meta":"","header-below-stick-meta":"","astra-migrate-meta-layouts":"set","ast-page-background-enabled":"default","ast-page-background-meta":{"desktop":{"background-color":"var(--ast-global-color-4)","background-image":"","background-repeat":"repeat","background-position":"center center","background-size":"auto","background-attachment":"scroll","background-type":"","background-media":"","overlay-type":"","overlay-color":"","overlay-opacity":"","overlay-gradient":""},"tablet":{"background-color":"","background-image":"","background-repeat":"repeat","background-position":"center center","background-size":"auto","background-attachment":"scroll","background-type":"","background-media":"","overlay-type":"","overlay-color":"","overlay-opacity":"","overlay-gradient":""},"mobile":{"background-color":"","background-image":"","background-repeat":"repeat","background-position":"center center","background-size":"auto","background-attachment":"scroll","background-type":"","background-media":"","overlay-type":"","overlay-color":"","overlay-opacity":"","overlay-gradient":""}},"ast-content-background-meta":{"desktop":{"background-color":"var(--ast-global-color-5)","background-image":"","background-repeat":"repeat","background-position":"center center","background-size":"auto","background-attachment":"scroll","background-type":"","background-media":"","overlay-type":"","overlay-color":"","overlay-opacity":"","overlay-gradient":""},"tablet":{"background-color":"var(--ast-global-color-5)","background-image":"","background-repeat":"repeat","background-position":"center center","background-size":"auto","background-attachment":"scroll","background-type":"","background-media":"","overlay-type":"","overlay-color":"","overlay-opacity":"","overlay-gradient":""},"mobile":{"background-color":"var(--ast-global-color-5)","background-image":"","background-repeat":"repeat","background-position":"center center","background-size":"auto","background-attachment":"scroll","background-type":"","background-media":"","overlay-type":"","overlay-color":"","overlay-opacity":"","overlay-gradient":""}},"footnotes":""},"categories":[6],"tags":[],"class_list":["post-25481","post","type-post","status-publish","format-aside","has-post-thumbnail","hentry","category-sections","post_format-post-format-aside"],"yoast_head":"<!-- This site is optimized with the Yoast SEO plugin v27.4 - https:\/\/yoast.com\/product\/yoast-seo-wordpress\/ -->\n<title>Sterenn, Jules et Thibault \u00e0 l&#039;\u00e9preuve du d\u00e9cathlon - Janz\u00e9 Athl\u00e9tisme<\/title>\n<meta name=\"robots\" content=\"index, follow, max-snippet:-1, max-image-preview:large, max-video-preview:-1\" \/>\n<link rel=\"canonical\" href=\"https:\/\/janze-athletisme.fr\/wordpress\/sterenn-jules-et-thibault-a-lepreuve-du-decathlon\/\" \/>\n<meta property=\"og:locale\" content=\"fr_FR\" \/>\n<meta property=\"og:type\" content=\"article\" \/>\n<meta property=\"og:title\" content=\"Sterenn, Jules et Thibault \u00e0 l&#039;\u00e9preuve du d\u00e9cathlon - Janz\u00e9 Athl\u00e9tisme\" \/>\n<meta property=\"og:description\" content=\"Championnat de Bretagne d&rsquo;\u00e9preuves combin\u00e9es, Concarneau, 24\/25 mai Si Val\u00e9rie Le Dorven n&rsquo;\u00e9tait pas \u00e0 la Ronde des f\u00e9es, cette ann\u00e9e, alors que son engagement en amont a \u00e9t\u00e9 entier, c&rsquo;est qu&rsquo;elle avait ce week-end un engagement encore plus fort : celui d&rsquo;accompagner son fiston, Jules, \u00e0 Concarneau, au championnat de Bretagne des femmes fortes [&hellip;]\" \/>\n<meta property=\"og:url\" content=\"https:\/\/janze-athletisme.fr\/wordpress\/sterenn-jules-et-thibault-a-lepreuve-du-decathlon\/\" \/>\n<meta property=\"og:site_name\" content=\"Janz\u00e9 Athl\u00e9tisme\" \/>\n<meta property=\"article:publisher\" content=\"https:\/\/www.facebook.com\/groups\/1007964579346590\" \/>\n<meta property=\"article:published_time\" content=\"2025-05-27T10:50:57+00:00\" \/>\n<meta property=\"article:modified_time\" content=\"2025-06-02T16:58:44+00:00\" \/>\n<meta property=\"og:image\" content=\"https:\/\/janze-athletisme.fr\/wordpress\/wp-content\/uploads\/2025\/05\/Thibault-Jules-24-25mai.jpg\" \/>\n\t<meta property=\"og:image:width\" content=\"1000\" \/>\n\t<meta property=\"og:image:height\" content=\"1000\" \/>\n\t<meta property=\"og:image:type\" content=\"image\/jpeg\" \/>\n<meta name=\"author\" content=\"Laurent Meunier\" \/>\n<meta name=\"twitter:card\" content=\"summary_large_image\" \/>\n<meta name=\"twitter:label1\" content=\"\u00c9crit par\" \/>\n\t<meta name=\"twitter:data1\" content=\"Laurent Meunier\" \/>\n\t<meta name=\"twitter:label2\" content=\"Dur\u00e9e de lecture estim\u00e9e\" \/>\n\t<meta name=\"twitter:data2\" content=\"5 minutes\" \/>\n<script type=\"application\/ld+json\" class=\"yoast-schema-graph\">{\"@context\":\"https:\\\/\\\/schema.org\",\"@graph\":[{\"@type\":\"Article\",\"@id\":\"https:\\\/\\\/janze-athletisme.fr\\\/wordpress\\\/sterenn-jules-et-thibault-a-lepreuve-du-decathlon\\\/#article\",\"isPartOf\":{\"@id\":\"https:\\\/\\\/janze-athletisme.fr\\\/wordpress\\\/sterenn-jules-et-thibault-a-lepreuve-du-decathlon\\\/\"},\"author\":{\"name\":\"Laurent Meunier\",\"@id\":\"https:\\\/\\\/janze-athletisme.fr\\\/wordpress\\\/#\\\/schema\\\/person\\\/c7b063dcfa6234c041d4d9b26cc2ea03\"},\"headline\":\"Sterenn, Jules et Thibault \u00e0 l&rsquo;\u00e9preuve du d\u00e9cathlon\",\"datePublished\":\"2025-05-27T10:50:57+00:00\",\"dateModified\":\"2025-06-02T16:58:44+00:00\",\"mainEntityOfPage\":{\"@id\":\"https:\\\/\\\/janze-athletisme.fr\\\/wordpress\\\/sterenn-jules-et-thibault-a-lepreuve-du-decathlon\\\/\"},\"wordCount\":615,\"commentCount\":0,\"publisher\":{\"@id\":\"https:\\\/\\\/janze-athletisme.fr\\\/wordpress\\\/#organization\"},\"image\":{\"@id\":\"https:\\\/\\\/janze-athletisme.fr\\\/wordpress\\\/sterenn-jules-et-thibault-a-lepreuve-du-decathlon\\\/#primaryimage\"},\"thumbnailUrl\":\"https:\\\/\\\/janze-athletisme.fr\\\/wordpress\\\/wp-content\\\/uploads\\\/2025\\\/05\\\/Thibault-Jules-24-25mai.jpg\",\"articleSection\":[\"Le club au jour le jour\"],\"inLanguage\":\"fr-FR\",\"potentialAction\":[{\"@type\":\"CommentAction\",\"name\":\"Comment\",\"target\":[\"https:\\\/\\\/janze-athletisme.fr\\\/wordpress\\\/sterenn-jules-et-thibault-a-lepreuve-du-decathlon\\\/#respond\"]}]},{\"@type\":\"WebPage\",\"@id\":\"https:\\\/\\\/janze-athletisme.fr\\\/wordpress\\\/sterenn-jules-et-thibault-a-lepreuve-du-decathlon\\\/\",\"url\":\"https:\\\/\\\/janze-athletisme.fr\\\/wordpress\\\/sterenn-jules-et-thibault-a-lepreuve-du-decathlon\\\/\",\"name\":\"Sterenn, Jules et Thibault \u00e0 l'\u00e9preuve du d\u00e9cathlon - Janz\u00e9 Athl\u00e9tisme\",\"isPartOf\":{\"@id\":\"https:\\\/\\\/janze-athletisme.fr\\\/wordpress\\\/#website\"},\"primaryImageOfPage\":{\"@id\":\"https:\\\/\\\/janze-athletisme.fr\\\/wordpress\\\/sterenn-jules-et-thibault-a-lepreuve-du-decathlon\\\/#primaryimage\"},\"image\":{\"@id\":\"https:\\\/\\\/janze-athletisme.fr\\\/wordpress\\\/sterenn-jules-et-thibault-a-lepreuve-du-decathlon\\\/#primaryimage\"},\"thumbnailUrl\":\"https:\\\/\\\/janze-athletisme.fr\\\/wordpress\\\/wp-content\\\/uploads\\\/2025\\\/05\\\/Thibault-Jules-24-25mai.jpg\",\"datePublished\":\"2025-05-27T10:50:57+00:00\",\"dateModified\":\"2025-06-02T16:58:44+00:00\",\"breadcrumb\":{\"@id\":\"https:\\\/\\\/janze-athletisme.fr\\\/wordpress\\\/sterenn-jules-et-thibault-a-lepreuve-du-decathlon\\\/#breadcrumb\"},\"inLanguage\":\"fr-FR\",\"potentialAction\":[{\"@type\":\"ReadAction\",\"target\":[\"https:\\\/\\\/janze-athletisme.fr\\\/wordpress\\\/sterenn-jules-et-thibault-a-lepreuve-du-decathlon\\\/\"]}]},{\"@type\":\"ImageObject\",\"inLanguage\":\"fr-FR\",\"@id\":\"https:\\\/\\\/janze-athletisme.fr\\\/wordpress\\\/sterenn-jules-et-thibault-a-lepreuve-du-decathlon\\\/#primaryimage\",\"url\":\"https:\\\/\\\/janze-athletisme.fr\\\/wordpress\\\/wp-content\\\/uploads\\\/2025\\\/05\\\/Thibault-Jules-24-25mai.jpg\",\"contentUrl\":\"https:\\\/\\\/janze-athletisme.fr\\\/wordpress\\\/wp-content\\\/uploads\\\/2025\\\/05\\\/Thibault-Jules-24-25mai.jpg\",\"width\":1000,\"height\":1000},{\"@type\":\"BreadcrumbList\",\"@id\":\"https:\\\/\\\/janze-athletisme.fr\\\/wordpress\\\/sterenn-jules-et-thibault-a-lepreuve-du-decathlon\\\/#breadcrumb\",\"itemListElement\":[{\"@type\":\"ListItem\",\"position\":1,\"name\":\"Accueil\",\"item\":\"https:\\\/\\\/janze-athletisme.fr\\\/wordpress\\\/\"},{\"@type\":\"ListItem\",\"position\":2,\"name\":\"Sterenn, Jules et Thibault \u00e0 l&rsquo;\u00e9preuve du d\u00e9cathlon\"}]},{\"@type\":\"WebSite\",\"@id\":\"https:\\\/\\\/janze-athletisme.fr\\\/wordpress\\\/#website\",\"url\":\"https:\\\/\\\/janze-athletisme.fr\\\/wordpress\\\/\",\"name\":\"Janz\u00e9 Athl\u00e9tisme\",\"description\":\"Pays de La Roche aux F\u00e9es\",\"publisher\":{\"@id\":\"https:\\\/\\\/janze-athletisme.fr\\\/wordpress\\\/#organization\"},\"potentialAction\":[{\"@type\":\"SearchAction\",\"target\":{\"@type\":\"EntryPoint\",\"urlTemplate\":\"https:\\\/\\\/janze-athletisme.fr\\\/wordpress\\\/?s={search_term_string}\"},\"query-input\":{\"@type\":\"PropertyValueSpecification\",\"valueRequired\":true,\"valueName\":\"search_term_string\"}}],\"inLanguage\":\"fr-FR\"},{\"@type\":\"Organization\",\"@id\":\"https:\\\/\\\/janze-athletisme.fr\\\/wordpress\\\/#organization\",\"name\":\"Janz\u00e9 Athl\u00e9tisme\",\"url\":\"https:\\\/\\\/janze-athletisme.fr\\\/wordpress\\\/\",\"logo\":{\"@type\":\"ImageObject\",\"inLanguage\":\"fr-FR\",\"@id\":\"https:\\\/\\\/janze-athletisme.fr\\\/wordpress\\\/#\\\/schema\\\/logo\\\/image\\\/\",\"url\":\"https:\\\/\\\/janze-athletisme.fr\\\/wordpress\\\/wp-content\\\/uploads\\\/2015\\\/03\\\/logo-full1.jpg\",\"contentUrl\":\"https:\\\/\\\/janze-athletisme.fr\\\/wordpress\\\/wp-content\\\/uploads\\\/2015\\\/03\\\/logo-full1.jpg\",\"width\":437,\"height\":205,\"caption\":\"Janz\u00e9 Athl\u00e9tisme\"},\"image\":{\"@id\":\"https:\\\/\\\/janze-athletisme.fr\\\/wordpress\\\/#\\\/schema\\\/logo\\\/image\\\/\"},\"sameAs\":[\"https:\\\/\\\/www.facebook.com\\\/groups\\\/1007964579346590\"]},{\"@type\":\"Person\",\"@id\":\"https:\\\/\\\/janze-athletisme.fr\\\/wordpress\\\/#\\\/schema\\\/person\\\/c7b063dcfa6234c041d4d9b26cc2ea03\",\"name\":\"Laurent Meunier\",\"image\":{\"@type\":\"ImageObject\",\"inLanguage\":\"fr-FR\",\"@id\":\"https:\\\/\\\/secure.gravatar.com\\\/avatar\\\/dd25d581ad7c3349090f2fa6a9adb6bfa287e6a5dd8a5216a092727cd8749034?s=96&d=mm&r=g\",\"url\":\"https:\\\/\\\/secure.gravatar.com\\\/avatar\\\/dd25d581ad7c3349090f2fa6a9adb6bfa287e6a5dd8a5216a092727cd8749034?s=96&d=mm&r=g\",\"contentUrl\":\"https:\\\/\\\/secure.gravatar.com\\\/avatar\\\/dd25d581ad7c3349090f2fa6a9adb6bfa287e6a5dd8a5216a092727cd8749034?s=96&d=mm&r=g\",\"caption\":\"Laurent Meunier\"},\"url\":\"https:\\\/\\\/janze-athletisme.fr\\\/wordpress\\\/author\\\/laurent-meunier35\\\/\"}]}<\/script>\n<!-- \/ Yoast SEO plugin. -->","yoast_head_json":{"title":"Sterenn, Jules et Thibault \u00e0 l'\u00e9preuve du d\u00e9cathlon - Janz\u00e9 Athl\u00e9tisme","robots":{"index":"index","follow":"follow","max-snippet":"max-snippet:-1","max-image-preview":"max-image-preview:large","max-video-preview":"max-video-preview:-1"},"canonical":"https:\/\/janze-athletisme.fr\/wordpress\/sterenn-jules-et-thibault-a-lepreuve-du-decathlon\/","og_locale":"fr_FR","og_type":"article","og_title":"Sterenn, Jules et Thibault \u00e0 l'\u00e9preuve du d\u00e9cathlon - Janz\u00e9 Athl\u00e9tisme","og_description":"Championnat de Bretagne d&rsquo;\u00e9preuves combin\u00e9es, Concarneau, 24\/25 mai Si Val\u00e9rie Le Dorven n&rsquo;\u00e9tait pas \u00e0 la Ronde des f\u00e9es, cette ann\u00e9e, alors que son engagement en amont a \u00e9t\u00e9 entier, c&rsquo;est qu&rsquo;elle avait ce week-end un engagement encore plus fort : celui d&rsquo;accompagner son fiston, Jules, \u00e0 Concarneau, au championnat de Bretagne des femmes fortes [&hellip;]","og_url":"https:\/\/janze-athletisme.fr\/wordpress\/sterenn-jules-et-thibault-a-lepreuve-du-decathlon\/","og_site_name":"Janz\u00e9 Athl\u00e9tisme","article_publisher":"https:\/\/www.facebook.com\/groups\/1007964579346590","article_published_time":"2025-05-27T10:50:57+00:00","article_modified_time":"2025-06-02T16:58:44+00:00","og_image":[{"width":1000,"height":1000,"url":"https:\/\/janze-athletisme.fr\/wordpress\/wp-content\/uploads\/2025\/05\/Thibault-Jules-24-25mai.jpg","type":"image\/jpeg"}],"author":"Laurent Meunier","twitter_card":"summary_large_image","twitter_misc":{"\u00c9crit par":"Laurent Meunier","Dur\u00e9e de lecture estim\u00e9e":"5 minutes"},"schema":{"@context":"https:\/\/schema.org","@graph":[{"@type":"Article","@id":"https:\/\/janze-athletisme.fr\/wordpress\/sterenn-jules-et-thibault-a-lepreuve-du-decathlon\/#article","isPartOf":{"@id":"https:\/\/janze-athletisme.fr\/wordpress\/sterenn-jules-et-thibault-a-lepreuve-du-decathlon\/"},"author":{"name":"Laurent Meunier","@id":"https:\/\/janze-athletisme.fr\/wordpress\/#\/schema\/person\/c7b063dcfa6234c041d4d9b26cc2ea03"},"headline":"Sterenn, Jules et Thibault \u00e0 l&rsquo;\u00e9preuve du d\u00e9cathlon","datePublished":"2025-05-27T10:50:57+00:00","dateModified":"2025-06-02T16:58:44+00:00","mainEntityOfPage":{"@id":"https:\/\/janze-athletisme.fr\/wordpress\/sterenn-jules-et-thibault-a-lepreuve-du-decathlon\/"},"wordCount":615,"commentCount":0,"publisher":{"@id":"https:\/\/janze-athletisme.fr\/wordpress\/#organization"},"image":{"@id":"https:\/\/janze-athletisme.fr\/wordpress\/sterenn-jules-et-thibault-a-lepreuve-du-decathlon\/#primaryimage"},"thumbnailUrl":"https:\/\/janze-athletisme.fr\/wordpress\/wp-content\/uploads\/2025\/05\/Thibault-Jules-24-25mai.jpg","articleSection":["Le club au jour le jour"],"inLanguage":"fr-FR","potentialAction":[{"@type":"CommentAction","name":"Comment","target":["https:\/\/janze-athletisme.fr\/wordpress\/sterenn-jules-et-thibault-a-lepreuve-du-decathlon\/#respond"]}]},{"@type":"WebPage","@id":"https:\/\/janze-athletisme.fr\/wordpress\/sterenn-jules-et-thibault-a-lepreuve-du-decathlon\/","url":"https:\/\/janze-athletisme.fr\/wordpress\/sterenn-jules-et-thibault-a-lepreuve-du-decathlon\/","name":"Sterenn, Jules et Thibault \u00e0 l'\u00e9preuve du d\u00e9cathlon - Janz\u00e9 Athl\u00e9tisme","isPartOf":{"@id":"https:\/\/janze-athletisme.fr\/wordpress\/#website"},"primaryImageOfPage":{"@id":"https:\/\/janze-athletisme.fr\/wordpress\/sterenn-jules-et-thibault-a-lepreuve-du-decathlon\/#primaryimage"},"image":{"@id":"https:\/\/janze-athletisme.fr\/wordpress\/sterenn-jules-et-thibault-a-lepreuve-du-decathlon\/#primaryimage"},"thumbnailUrl":"https:\/\/janze-athletisme.fr\/wordpress\/wp-content\/uploads\/2025\/05\/Thibault-Jules-24-25mai.jpg","datePublished":"2025-05-27T10:50:57+00:00","dateModified":"2025-06-02T16:58:44+00:00","breadcrumb":{"@id":"https:\/\/janze-athletisme.fr\/wordpress\/sterenn-jules-et-thibault-a-lepreuve-du-decathlon\/#breadcrumb"},"inLanguage":"fr-FR","potentialAction":[{"@type":"ReadAction","target":["https:\/\/janze-athletisme.fr\/wordpress\/sterenn-jules-et-thibault-a-lepreuve-du-decathlon\/"]}]},{"@type":"ImageObject","inLanguage":"fr-FR","@id":"https:\/\/janze-athletisme.fr\/wordpress\/sterenn-jules-et-thibault-a-lepreuve-du-decathlon\/#primaryimage","url":"https:\/\/janze-athletisme.fr\/wordpress\/wp-content\/uploads\/2025\/05\/Thibault-Jules-24-25mai.jpg","contentUrl":"https:\/\/janze-athletisme.fr\/wordpress\/wp-content\/uploads\/2025\/05\/Thibault-Jules-24-25mai.jpg","width":1000,"height":1000},{"@type":"BreadcrumbList","@id":"https:\/\/janze-athletisme.fr\/wordpress\/sterenn-jules-et-thibault-a-lepreuve-du-decathlon\/#breadcrumb","itemListElement":[{"@type":"ListItem","position":1,"name":"Accueil","item":"https:\/\/janze-athletisme.fr\/wordpress\/"},{"@type":"ListItem","position":2,"name":"Sterenn, Jules et Thibault \u00e0 l&rsquo;\u00e9preuve du d\u00e9cathlon"}]},{"@type":"WebSite","@id":"https:\/\/janze-athletisme.fr\/wordpress\/#website","url":"https:\/\/janze-athletisme.fr\/wordpress\/","name":"Janz\u00e9 Athl\u00e9tisme","description":"Pays de La Roche aux F\u00e9es","publisher":{"@id":"https:\/\/janze-athletisme.fr\/wordpress\/#organization"},"potentialAction":[{"@type":"SearchAction","target":{"@type":"EntryPoint","urlTemplate":"https:\/\/janze-athletisme.fr\/wordpress\/?s={search_term_string}"},"query-input":{"@type":"PropertyValueSpecification","valueRequired":true,"valueName":"search_term_string"}}],"inLanguage":"fr-FR"},{"@type":"Organization","@id":"https:\/\/janze-athletisme.fr\/wordpress\/#organization","name":"Janz\u00e9 Athl\u00e9tisme","url":"https:\/\/janze-athletisme.fr\/wordpress\/","logo":{"@type":"ImageObject","inLanguage":"fr-FR","@id":"https:\/\/janze-athletisme.fr\/wordpress\/#\/schema\/logo\/image\/","url":"https:\/\/janze-athletisme.fr\/wordpress\/wp-content\/uploads\/2015\/03\/logo-full1.jpg","contentUrl":"https:\/\/janze-athletisme.fr\/wordpress\/wp-content\/uploads\/2015\/03\/logo-full1.jpg","width":437,"height":205,"caption":"Janz\u00e9 Athl\u00e9tisme"},"image":{"@id":"https:\/\/janze-athletisme.fr\/wordpress\/#\/schema\/logo\/image\/"},"sameAs":["https:\/\/www.facebook.com\/groups\/1007964579346590"]},{"@type":"Person","@id":"https:\/\/janze-athletisme.fr\/wordpress\/#\/schema\/person\/c7b063dcfa6234c041d4d9b26cc2ea03","name":"Laurent Meunier","image":{"@type":"ImageObject","inLanguage":"fr-FR","@id":"https:\/\/secure.gravatar.com\/avatar\/dd25d581ad7c3349090f2fa6a9adb6bfa287e6a5dd8a5216a092727cd8749034?s=96&d=mm&r=g","url":"https:\/\/secure.gravatar.com\/avatar\/dd25d581ad7c3349090f2fa6a9adb6bfa287e6a5dd8a5216a092727cd8749034?s=96&d=mm&r=g","contentUrl":"https:\/\/secure.gravatar.com\/avatar\/dd25d581ad7c3349090f2fa6a9adb6bfa287e6a5dd8a5216a092727cd8749034?s=96&d=mm&r=g","caption":"Laurent Meunier"},"url":"https:\/\/janze-athletisme.fr\/wordpress\/author\/laurent-meunier35\/"}]}},"uagb_featured_image_src":{"full":["https:\/\/janze-athletisme.fr\/wordpress\/wp-content\/uploads\/2025\/05\/Thibault-Jules-24-25mai.jpg",1000,1000,false],"thumbnail":["https:\/\/janze-athletisme.fr\/wordpress\/wp-content\/uploads\/2025\/05\/Thibault-Jules-24-25mai-150x150.jpg",150,150,true],"medium":["https:\/\/janze-athletisme.fr\/wordpress\/wp-content\/uploads\/2025\/05\/Thibault-Jules-24-25mai-300x300.jpg",300,300,true],"medium_large":["https:\/\/janze-athletisme.fr\/wordpress\/wp-content\/uploads\/2025\/05\/Thibault-Jules-24-25mai-768x768.jpg",768,768,true],"large":["https:\/\/janze-athletisme.fr\/wordpress\/wp-content\/uploads\/2025\/05\/Thibault-Jules-24-25mai.jpg",1000,1000,false],"1536x1536":["https:\/\/janze-athletisme.fr\/wordpress\/wp-content\/uploads\/2025\/05\/Thibault-Jules-24-25mai.jpg",1000,1000,false],"2048x2048":["https:\/\/janze-athletisme.fr\/wordpress\/wp-content\/uploads\/2025\/05\/Thibault-Jules-24-25mai.jpg",1000,1000,false]},"uagb_author_info":{"display_name":"Laurent Meunier","author_link":"https:\/\/janze-athletisme.fr\/wordpress\/author\/laurent-meunier35\/"},"uagb_comment_info":0,"uagb_excerpt":"Championnat de Bretagne d&rsquo;\u00e9preuves combin\u00e9es, Concarneau, 24\/25 mai Si Val\u00e9rie Le Dorven n&rsquo;\u00e9tait pas \u00e0 la Ronde des f\u00e9es, cette ann\u00e9e, alors que son engagement en amont a \u00e9t\u00e9 entier, c&rsquo;est qu&rsquo;elle avait ce week-end un engagement encore plus fort : celui d&rsquo;accompagner son fiston, Jules, \u00e0 Concarneau, au championnat de Bretagne des femmes fortes\u2026","_links":{"self":[{"href":"https:\/\/janze-athletisme.fr\/wordpress\/wp-json\/wp\/v2\/posts\/25481","targetHints":{"allow":["GET"]}}],"collection":[{"href":"https:\/\/janze-athletisme.fr\/wordpress\/wp-json\/wp\/v2\/posts"}],"about":[{"href":"https:\/\/janze-athletisme.fr\/wordpress\/wp-json\/wp\/v2\/types\/post"}],"author":[{"embeddable":true,"href":"https:\/\/janze-athletisme.fr\/wordpress\/wp-json\/wp\/v2\/users\/12"}],"replies":[{"embeddable":true,"href":"https:\/\/janze-athletisme.fr\/wordpress\/wp-json\/wp\/v2\/comments?post=25481"}],"version-history":[{"count":5,"href":"https:\/\/janze-athletisme.fr\/wordpress\/wp-json\/wp\/v2\/posts\/25481\/revisions"}],"predecessor-version":[{"id":25630,"href":"https:\/\/janze-athletisme.fr\/wordpress\/wp-json\/wp\/v2\/posts\/25481\/revisions\/25630"}],"wp:featuredmedia":[{"embeddable":true,"href":"https:\/\/janze-athletisme.fr\/wordpress\/wp-json\/wp\/v2\/media\/25483"}],"wp:attachment":[{"href":"https:\/\/janze-athletisme.fr\/wordpress\/wp-json\/wp\/v2\/media?parent=25481"}],"wp:term":[{"taxonomy":"category","embeddable":true,"href":"https:\/\/janze-athletisme.fr\/wordpress\/wp-json\/wp\/v2\/categories?post=25481"},{"taxonomy":"post_tag","embeddable":true,"href":"https:\/\/janze-athletisme.fr\/wordpress\/wp-json\/wp\/v2\/tags?post=25481"}],"curies":[{"name":"wp","href":"https:\/\/api.w.org\/{rel}","templated":true}]}}