{"id":25466,"date":"2025-05-27T00:01:02","date_gmt":"2025-05-26T22:01:02","guid":{"rendered":"https:\/\/janze-athletisme.fr\/wordpress\/?p=25466"},"modified":"2025-06-01T21:07:55","modified_gmt":"2025-06-01T19:07:55","slug":"dreux-les-photos","status":"publish","type":"post","link":"https:\/\/janze-athletisme.fr\/wordpress\/dreux-les-photos\/","title":{"rendered":"Dreux : les photos"},"content":{"rendered":"<p><span style=\"font-family: Verdana, sans-serif\"><span style=\"font-size: x-large\"><b>Equip&rsquo;athl\u00e9, finale nationale U16 (minimes) N2, Dreux, 24\/25 mai<\/b><\/span><\/span><\/p>\n<p><span style=\"font-family: Verdana, sans-serif\">A c\u00f4t\u00e9 de la Ronde des f\u00e9es, l&rsquo;\u00e9v\u00e8nement semble s&rsquo;\u00eatre d\u00e9roul\u00e9 en catimini (et que dire du championnat r\u00e9gional des \u00e9preuves combin\u00e9es, qui avait lieu tout ce WE \u00e0 Concarneau), et c&rsquo;est pourtant pour pouvoir organiser ce genre de d\u00e9placements pour nos jeunes (notamment) que la Ronde des f\u00e9es a son importance.<\/span><\/p>\n<p><span style=\"font-family: Verdana, sans-serif\">Ce voyage en terre nationale d&rsquo;\u00e9quip&rsquo;athl\u00e9 ne se reproduira peut-\u00eatre pas de sit\u00f4t, tant nous avons cette ann\u00e9e, au sein du club, une g\u00e9n\u00e9ration exceptionnelle, qui vient de laisser son empreinte dans l&rsquo;histoire du club. Ce genre de d\u00e9placement est pour toute une g\u00e9n\u00e9ration un marqueur fort, qui soude un groupe et passe les ann\u00e9es, le genre de temps forts dont on se souvient longtemps.<\/span><\/p>\n<p><span style=\"font-family: Verdana, sans-serif\">A voir les photos adress\u00e9es par <strong>Mathieu<\/strong> Henry, l&rsquo;\u00e9quipe n&rsquo;a pas seulement perform\u00e9 mais s&rsquo;est aussi bien amus\u00e9e. Nous avons oubli\u00e9 de les citer, dans l&rsquo;article sur les r\u00e9sultats (<a href=\"https:\/\/janze-athletisme.fr\/wordpress\/janze-athle-27e-equipe-nationale-u16\/\">ICI<\/a>), mais merci \u00e0 <b>Christophe<\/b> Fleury, qui a fait juge \u00e0 Dreux, et \u00e0 <strong>Tiphanie<\/strong> Lecomte (Cesson), responsable en second du groupe et r\u00e9f\u00e9rente des filles (les plus nombreuses dans cette aventure).<\/span><\/p>\n<p><a href=\"https:\/\/janze-athletisme.fr\/wordpress\/wp-content\/uploads\/2025\/05\/Equipathle-Dreux-24-25mai2025-2.jpg\"><img loading=\"lazy\" decoding=\"async\" class=\"alignnone size-medium wp-image-25467\" src=\"https:\/\/janze-athletisme.fr\/wordpress\/wp-content\/uploads\/2025\/05\/Equipathle-Dreux-24-25mai2025-2-300x200.jpg\" alt=\"\" width=\"300\" height=\"200\" srcset=\"https:\/\/janze-athletisme.fr\/wordpress\/wp-content\/uploads\/2025\/05\/Equipathle-Dreux-24-25mai2025-2-300x200.jpg 300w, https:\/\/janze-athletisme.fr\/wordpress\/wp-content\/uploads\/2025\/05\/Equipathle-Dreux-24-25mai2025-2-1024x683.jpg 1024w, https:\/\/janze-athletisme.fr\/wordpress\/wp-content\/uploads\/2025\/05\/Equipathle-Dreux-24-25mai2025-2-768x512.jpg 768w, https:\/\/janze-athletisme.fr\/wordpress\/wp-content\/uploads\/2025\/05\/Equipathle-Dreux-24-25mai2025-2.jpg 1500w\" sizes=\"auto, (max-width: 300px) 100vw, 300px\" \/><\/a> <a href=\"https:\/\/janze-athletisme.fr\/wordpress\/wp-content\/uploads\/2025\/05\/Equipathle-Dreux-24-25mai2025-3.jpg\"><img loading=\"lazy\" decoding=\"async\" class=\"alignnone wp-image-25468\" src=\"https:\/\/janze-athletisme.fr\/wordpress\/wp-content\/uploads\/2025\/05\/Equipathle-Dreux-24-25mai2025-3-300x200.jpg\" alt=\"\" width=\"251\" height=\"167\" srcset=\"https:\/\/janze-athletisme.fr\/wordpress\/wp-content\/uploads\/2025\/05\/Equipathle-Dreux-24-25mai2025-3-300x200.jpg 300w, https:\/\/janze-athletisme.fr\/wordpress\/wp-content\/uploads\/2025\/05\/Equipathle-Dreux-24-25mai2025-3-1024x683.jpg 1024w, https:\/\/janze-athletisme.fr\/wordpress\/wp-content\/uploads\/2025\/05\/Equipathle-Dreux-24-25mai2025-3-768x512.jpg 768w, https:\/\/janze-athletisme.fr\/wordpress\/wp-content\/uploads\/2025\/05\/Equipathle-Dreux-24-25mai2025-3.jpg 1500w\" sizes=\"auto, (max-width: 251px) 100vw, 251px\" \/><\/a> <a href=\"https:\/\/janze-athletisme.fr\/wordpress\/wp-content\/uploads\/2025\/05\/Equipathle-Dreux-24-25mai2025-4.jpg\"><img loading=\"lazy\" decoding=\"async\" class=\"alignnone wp-image-25469\" src=\"https:\/\/janze-athletisme.fr\/wordpress\/wp-content\/uploads\/2025\/05\/Equipathle-Dreux-24-25mai2025-4-300x200.jpg\" alt=\"\" width=\"254\" height=\"169\" srcset=\"https:\/\/janze-athletisme.fr\/wordpress\/wp-content\/uploads\/2025\/05\/Equipathle-Dreux-24-25mai2025-4-300x200.jpg 300w, https:\/\/janze-athletisme.fr\/wordpress\/wp-content\/uploads\/2025\/05\/Equipathle-Dreux-24-25mai2025-4-1024x683.jpg 1024w, https:\/\/janze-athletisme.fr\/wordpress\/wp-content\/uploads\/2025\/05\/Equipathle-Dreux-24-25mai2025-4-768x512.jpg 768w, https:\/\/janze-athletisme.fr\/wordpress\/wp-content\/uploads\/2025\/05\/Equipathle-Dreux-24-25mai2025-4.jpg 1500w\" sizes=\"auto, (max-width: 254px) 100vw, 254px\" \/><\/a><\/p>\n<p><a href=\"https:\/\/janze-athletisme.fr\/wordpress\/wp-content\/uploads\/2025\/05\/Equipathle-Dreux-24-25mai2025-5.jpg\"><img loading=\"lazy\" decoding=\"async\" class=\"alignnone size-medium wp-image-25470\" src=\"https:\/\/janze-athletisme.fr\/wordpress\/wp-content\/uploads\/2025\/05\/Equipathle-Dreux-24-25mai2025-5-300x200.jpg\" alt=\"\" width=\"300\" height=\"200\" srcset=\"https:\/\/janze-athletisme.fr\/wordpress\/wp-content\/uploads\/2025\/05\/Equipathle-Dreux-24-25mai2025-5-300x200.jpg 300w, https:\/\/janze-athletisme.fr\/wordpress\/wp-content\/uploads\/2025\/05\/Equipathle-Dreux-24-25mai2025-5-1024x683.jpg 1024w, https:\/\/janze-athletisme.fr\/wordpress\/wp-content\/uploads\/2025\/05\/Equipathle-Dreux-24-25mai2025-5-768x512.jpg 768w, https:\/\/janze-athletisme.fr\/wordpress\/wp-content\/uploads\/2025\/05\/Equipathle-Dreux-24-25mai2025-5.jpg 1500w\" sizes=\"auto, (max-width: 300px) 100vw, 300px\" \/><\/a> <a href=\"https:\/\/janze-athletisme.fr\/wordpress\/wp-content\/uploads\/2025\/05\/Equipathle-Dreux-24-25mai2025-6.jpg\"><img loading=\"lazy\" decoding=\"async\" class=\"alignnone size-medium wp-image-25471\" src=\"https:\/\/janze-athletisme.fr\/wordpress\/wp-content\/uploads\/2025\/05\/Equipathle-Dreux-24-25mai2025-6-300x200.jpg\" alt=\"\" width=\"300\" height=\"200\" srcset=\"https:\/\/janze-athletisme.fr\/wordpress\/wp-content\/uploads\/2025\/05\/Equipathle-Dreux-24-25mai2025-6-300x200.jpg 300w, https:\/\/janze-athletisme.fr\/wordpress\/wp-content\/uploads\/2025\/05\/Equipathle-Dreux-24-25mai2025-6-1024x682.jpg 1024w, https:\/\/janze-athletisme.fr\/wordpress\/wp-content\/uploads\/2025\/05\/Equipathle-Dreux-24-25mai2025-6-768x512.jpg 768w, https:\/\/janze-athletisme.fr\/wordpress\/wp-content\/uploads\/2025\/05\/Equipathle-Dreux-24-25mai2025-6.jpg 1501w\" sizes=\"auto, (max-width: 300px) 100vw, 300px\" \/> <\/a><a href=\"https:\/\/janze-athletisme.fr\/wordpress\/wp-content\/uploads\/2025\/05\/Relais-4x60m-MImixte.jpg\"><img loading=\"lazy\" decoding=\"async\" class=\"alignnone wp-image-25472\" src=\"https:\/\/janze-athletisme.fr\/wordpress\/wp-content\/uploads\/2025\/05\/Relais-4x60m-MImixte-300x300.jpg\" alt=\"\" width=\"204\" height=\"204\" srcset=\"https:\/\/janze-athletisme.fr\/wordpress\/wp-content\/uploads\/2025\/05\/Relais-4x60m-MImixte-300x300.jpg 300w, https:\/\/janze-athletisme.fr\/wordpress\/wp-content\/uploads\/2025\/05\/Relais-4x60m-MImixte-150x150.jpg 150w, https:\/\/janze-athletisme.fr\/wordpress\/wp-content\/uploads\/2025\/05\/Relais-4x60m-MImixte-768x768.jpg 768w, https:\/\/janze-athletisme.fr\/wordpress\/wp-content\/uploads\/2025\/05\/Relais-4x60m-MImixte.jpg 1000w\" sizes=\"auto, (max-width: 204px) 100vw, 204px\" \/><\/a><\/p>\n<p><a href=\"https:\/\/janze-athletisme.fr\/wordpress\/wp-content\/uploads\/2025\/05\/Le-choeur-des-supportrices.jpg\"><img loading=\"lazy\" decoding=\"async\" class=\"alignnone wp-image-25473\" src=\"https:\/\/janze-athletisme.fr\/wordpress\/wp-content\/uploads\/2025\/05\/Le-choeur-des-supportrices-300x300.jpg\" alt=\"\" width=\"322\" height=\"322\" srcset=\"https:\/\/janze-athletisme.fr\/wordpress\/wp-content\/uploads\/2025\/05\/Le-choeur-des-supportrices-300x300.jpg 300w, https:\/\/janze-athletisme.fr\/wordpress\/wp-content\/uploads\/2025\/05\/Le-choeur-des-supportrices-1024x1024.jpg 1024w, https:\/\/janze-athletisme.fr\/wordpress\/wp-content\/uploads\/2025\/05\/Le-choeur-des-supportrices-150x150.jpg 150w, https:\/\/janze-athletisme.fr\/wordpress\/wp-content\/uploads\/2025\/05\/Le-choeur-des-supportrices-768x768.jpg 768w, https:\/\/janze-athletisme.fr\/wordpress\/wp-content\/uploads\/2025\/05\/Le-choeur-des-supportrices.jpg 1200w\" sizes=\"auto, (max-width: 322px) 100vw, 322px\" \/> <\/a><a href=\"https:\/\/janze-athletisme.fr\/wordpress\/wp-content\/uploads\/2025\/05\/Equipathle-Dreux-24-25mai2025-1.jpg\"><img loading=\"lazy\" decoding=\"async\" class=\"alignnone wp-image-25474\" src=\"https:\/\/janze-athletisme.fr\/wordpress\/wp-content\/uploads\/2025\/05\/Equipathle-Dreux-24-25mai2025-1-300x200.jpg\" alt=\"\" width=\"484\" height=\"323\" srcset=\"https:\/\/janze-athletisme.fr\/wordpress\/wp-content\/uploads\/2025\/05\/Equipathle-Dreux-24-25mai2025-1-300x200.jpg 300w, https:\/\/janze-athletisme.fr\/wordpress\/wp-content\/uploads\/2025\/05\/Equipathle-Dreux-24-25mai2025-1-1024x683.jpg 1024w, https:\/\/janze-athletisme.fr\/wordpress\/wp-content\/uploads\/2025\/05\/Equipathle-Dreux-24-25mai2025-1-768x512.jpg 768w, https:\/\/janze-athletisme.fr\/wordpress\/wp-content\/uploads\/2025\/05\/Equipathle-Dreux-24-25mai2025-1-1536x1024.jpg 1536w, https:\/\/janze-athletisme.fr\/wordpress\/wp-content\/uploads\/2025\/05\/Equipathle-Dreux-24-25mai2025-1.jpg 1800w\" sizes=\"auto, (max-width: 484px) 100vw, 484px\" \/><\/a><\/p>\n<p><span style=\"font-size: 10pt\"><em>De gauche \u00e0 droite sur la derni\u00e8re photo : Rose MB, No\u00e9mie, L\u00e9a, Rose M, Mathieu, Lucile, Alice, Tha\u00efs, Justine, Wyssem, Esteban, Sayhann, Mathis. Merci \u00e0 Mathieu pour les photos.<\/em><\/span><\/p>\n<p>Vu \u00e9galement sur le site de la LBA :<\/p>\n<p><a href=\"https:\/\/janze-athletisme.fr\/wordpress\/wp-content\/uploads\/2025\/05\/Article-LBA.png\"><img loading=\"lazy\" decoding=\"async\" class=\"alignnone wp-image-25508\" src=\"https:\/\/janze-athletisme.fr\/wordpress\/wp-content\/uploads\/2025\/05\/Article-LBA-300x163.png\" alt=\"\" width=\"500\" height=\"272\" srcset=\"https:\/\/janze-athletisme.fr\/wordpress\/wp-content\/uploads\/2025\/05\/Article-LBA-300x163.png 300w, https:\/\/janze-athletisme.fr\/wordpress\/wp-content\/uploads\/2025\/05\/Article-LBA.png 767w\" sizes=\"auto, (max-width: 500px) 100vw, 500px\" \/><\/a><\/p>\n<p>Et sur celui du CDA 35, avec les r\u00e9sultats d\u00e9finitifs (l&rsquo;EAC est finalement 28e avec 437 points), ainsi que le r\u00e9sultat dans le d\u00e9tail de tous les athl\u00e8tes du d\u00e9partement engag\u00e9s : <a href=\"https:\/\/bases.athle.fr\/asp.net\/liste.aspx?frmbase=resultats&amp;frmmode=1&amp;frmespace=0&amp;frmcompetition=302342&amp;FrmDepartement=035\">ICI<\/a>.<\/p>\n","protected":false},"excerpt":{"rendered":"<p>Equip&rsquo;athl\u00e9, finale nationale U16 (minimes) N2, Dreux, 24\/25 mai A c\u00f4t\u00e9 de la Ronde des f\u00e9es, l&rsquo;\u00e9v\u00e8nement semble s&rsquo;\u00eatre d\u00e9roul\u00e9 en catimini (et que dire du championnat r\u00e9gional des \u00e9preuves combin\u00e9es, qui avait lieu tout ce WE \u00e0 Concarneau), et c&rsquo;est pourtant pour pouvoir organiser ce genre de d\u00e9placements pour nos jeunes (notamment) que la [&hellip;]<\/p>\n","protected":false},"author":12,"featured_media":25473,"comment_status":"open","ping_status":"open","sticky":false,"template":"","format":"aside","meta":{"_uag_custom_page_level_css":"","site-sidebar-layout":"default","site-content-layout":"","ast-site-content-layout":"default","site-content-style":"default","site-sidebar-style":"default","ast-global-header-display":"","ast-banner-title-visibility":"","ast-main-header-display":"","ast-hfb-above-header-display":"","ast-hfb-below-header-display":"","ast-hfb-mobile-header-display":"","site-post-title":"","ast-breadcrumbs-content":"","ast-featured-img":"","footer-sml-layout":"","ast-disable-related-posts":"","theme-transparent-header-meta":"default","adv-header-id-meta":"","stick-header-meta":"","header-above-stick-meta":"","header-main-stick-meta":"","header-below-stick-meta":"","astra-migrate-meta-layouts":"set","ast-page-background-enabled":"default","ast-page-background-meta":{"desktop":{"background-color":"var(--ast-global-color-4)","background-image":"","background-repeat":"repeat","background-position":"center center","background-size":"auto","background-attachment":"scroll","background-type":"","background-media":"","overlay-type":"","overlay-color":"","overlay-opacity":"","overlay-gradient":""},"tablet":{"background-color":"","background-image":"","background-repeat":"repeat","background-position":"center center","background-size":"auto","background-attachment":"scroll","background-type":"","background-media":"","overlay-type":"","overlay-color":"","overlay-opacity":"","overlay-gradient":""},"mobile":{"background-color":"","background-image":"","background-repeat":"repeat","background-position":"center center","background-size":"auto","background-attachment":"scroll","background-type":"","background-media":"","overlay-type":"","overlay-color":"","overlay-opacity":"","overlay-gradient":""}},"ast-content-background-meta":{"desktop":{"background-color":"var(--ast-global-color-5)","background-image":"","background-repeat":"repeat","background-position":"center center","background-size":"auto","background-attachment":"scroll","background-type":"","background-media":"","overlay-type":"","overlay-color":"","overlay-opacity":"","overlay-gradient":""},"tablet":{"background-color":"var(--ast-global-color-5)","background-image":"","background-repeat":"repeat","background-position":"center center","background-size":"auto","background-attachment":"scroll","background-type":"","background-media":"","overlay-type":"","overlay-color":"","overlay-opacity":"","overlay-gradient":""},"mobile":{"background-color":"var(--ast-global-color-5)","background-image":"","background-repeat":"repeat","background-position":"center center","background-size":"auto","background-attachment":"scroll","background-type":"","background-media":"","overlay-type":"","overlay-color":"","overlay-opacity":"","overlay-gradient":""}},"footnotes":""},"categories":[6],"tags":[],"class_list":["post-25466","post","type-post","status-publish","format-aside","has-post-thumbnail","hentry","category-sections","post_format-post-format-aside"],"yoast_head":"<!-- This site is optimized with the Yoast SEO plugin v27.4 - https:\/\/yoast.com\/product\/yoast-seo-wordpress\/ -->\n<title>Dreux : les photos - Janz\u00e9 Athl\u00e9tisme<\/title>\n<meta name=\"robots\" content=\"index, follow, max-snippet:-1, max-image-preview:large, max-video-preview:-1\" \/>\n<link rel=\"canonical\" href=\"https:\/\/janze-athletisme.fr\/wordpress\/dreux-les-photos\/\" \/>\n<meta property=\"og:locale\" content=\"fr_FR\" \/>\n<meta property=\"og:type\" content=\"article\" \/>\n<meta property=\"og:title\" content=\"Dreux : les photos - Janz\u00e9 Athl\u00e9tisme\" \/>\n<meta property=\"og:description\" content=\"Equip&rsquo;athl\u00e9, finale nationale U16 (minimes) N2, Dreux, 24\/25 mai A c\u00f4t\u00e9 de la Ronde des f\u00e9es, l&rsquo;\u00e9v\u00e8nement semble s&rsquo;\u00eatre d\u00e9roul\u00e9 en catimini (et que dire du championnat r\u00e9gional des \u00e9preuves combin\u00e9es, qui avait lieu tout ce WE \u00e0 Concarneau), et c&rsquo;est pourtant pour pouvoir organiser ce genre de d\u00e9placements pour nos jeunes (notamment) que la [&hellip;]\" \/>\n<meta property=\"og:url\" content=\"https:\/\/janze-athletisme.fr\/wordpress\/dreux-les-photos\/\" \/>\n<meta property=\"og:site_name\" content=\"Janz\u00e9 Athl\u00e9tisme\" \/>\n<meta property=\"article:publisher\" content=\"https:\/\/www.facebook.com\/groups\/1007964579346590\" \/>\n<meta property=\"article:published_time\" content=\"2025-05-26T22:01:02+00:00\" \/>\n<meta property=\"article:modified_time\" content=\"2025-06-01T19:07:55+00:00\" \/>\n<meta property=\"og:image\" content=\"https:\/\/janze-athletisme.fr\/wordpress\/wp-content\/uploads\/2025\/05\/Le-choeur-des-supportrices.jpg\" \/>\n\t<meta property=\"og:image:width\" content=\"1200\" \/>\n\t<meta property=\"og:image:height\" content=\"1200\" \/>\n\t<meta property=\"og:image:type\" content=\"image\/jpeg\" \/>\n<meta name=\"author\" content=\"Laurent Meunier\" \/>\n<meta name=\"twitter:card\" content=\"summary_large_image\" \/>\n<meta name=\"twitter:label1\" content=\"\u00c9crit par\" \/>\n\t<meta name=\"twitter:data1\" content=\"Laurent Meunier\" \/>\n\t<meta name=\"twitter:label2\" content=\"Dur\u00e9e de lecture estim\u00e9e\" \/>\n\t<meta name=\"twitter:data2\" content=\"4 minutes\" \/>\n<script type=\"application\/ld+json\" class=\"yoast-schema-graph\">{\"@context\":\"https:\\\/\\\/schema.org\",\"@graph\":[{\"@type\":\"Article\",\"@id\":\"https:\\\/\\\/janze-athletisme.fr\\\/wordpress\\\/dreux-les-photos\\\/#article\",\"isPartOf\":{\"@id\":\"https:\\\/\\\/janze-athletisme.fr\\\/wordpress\\\/dreux-les-photos\\\/\"},\"author\":{\"name\":\"Laurent Meunier\",\"@id\":\"https:\\\/\\\/janze-athletisme.fr\\\/wordpress\\\/#\\\/schema\\\/person\\\/c7b063dcfa6234c041d4d9b26cc2ea03\"},\"headline\":\"Dreux : les photos\",\"datePublished\":\"2025-05-26T22:01:02+00:00\",\"dateModified\":\"2025-06-01T19:07:55+00:00\",\"mainEntityOfPage\":{\"@id\":\"https:\\\/\\\/janze-athletisme.fr\\\/wordpress\\\/dreux-les-photos\\\/\"},\"wordCount\":295,\"commentCount\":0,\"publisher\":{\"@id\":\"https:\\\/\\\/janze-athletisme.fr\\\/wordpress\\\/#organization\"},\"image\":{\"@id\":\"https:\\\/\\\/janze-athletisme.fr\\\/wordpress\\\/dreux-les-photos\\\/#primaryimage\"},\"thumbnailUrl\":\"https:\\\/\\\/janze-athletisme.fr\\\/wordpress\\\/wp-content\\\/uploads\\\/2025\\\/05\\\/Le-choeur-des-supportrices.jpg\",\"articleSection\":[\"Le club au jour le jour\"],\"inLanguage\":\"fr-FR\",\"potentialAction\":[{\"@type\":\"CommentAction\",\"name\":\"Comment\",\"target\":[\"https:\\\/\\\/janze-athletisme.fr\\\/wordpress\\\/dreux-les-photos\\\/#respond\"]}]},{\"@type\":\"WebPage\",\"@id\":\"https:\\\/\\\/janze-athletisme.fr\\\/wordpress\\\/dreux-les-photos\\\/\",\"url\":\"https:\\\/\\\/janze-athletisme.fr\\\/wordpress\\\/dreux-les-photos\\\/\",\"name\":\"Dreux : les photos - Janz\u00e9 Athl\u00e9tisme\",\"isPartOf\":{\"@id\":\"https:\\\/\\\/janze-athletisme.fr\\\/wordpress\\\/#website\"},\"primaryImageOfPage\":{\"@id\":\"https:\\\/\\\/janze-athletisme.fr\\\/wordpress\\\/dreux-les-photos\\\/#primaryimage\"},\"image\":{\"@id\":\"https:\\\/\\\/janze-athletisme.fr\\\/wordpress\\\/dreux-les-photos\\\/#primaryimage\"},\"thumbnailUrl\":\"https:\\\/\\\/janze-athletisme.fr\\\/wordpress\\\/wp-content\\\/uploads\\\/2025\\\/05\\\/Le-choeur-des-supportrices.jpg\",\"datePublished\":\"2025-05-26T22:01:02+00:00\",\"dateModified\":\"2025-06-01T19:07:55+00:00\",\"breadcrumb\":{\"@id\":\"https:\\\/\\\/janze-athletisme.fr\\\/wordpress\\\/dreux-les-photos\\\/#breadcrumb\"},\"inLanguage\":\"fr-FR\",\"potentialAction\":[{\"@type\":\"ReadAction\",\"target\":[\"https:\\\/\\\/janze-athletisme.fr\\\/wordpress\\\/dreux-les-photos\\\/\"]}]},{\"@type\":\"ImageObject\",\"inLanguage\":\"fr-FR\",\"@id\":\"https:\\\/\\\/janze-athletisme.fr\\\/wordpress\\\/dreux-les-photos\\\/#primaryimage\",\"url\":\"https:\\\/\\\/janze-athletisme.fr\\\/wordpress\\\/wp-content\\\/uploads\\\/2025\\\/05\\\/Le-choeur-des-supportrices.jpg\",\"contentUrl\":\"https:\\\/\\\/janze-athletisme.fr\\\/wordpress\\\/wp-content\\\/uploads\\\/2025\\\/05\\\/Le-choeur-des-supportrices.jpg\",\"width\":1200,\"height\":1200},{\"@type\":\"BreadcrumbList\",\"@id\":\"https:\\\/\\\/janze-athletisme.fr\\\/wordpress\\\/dreux-les-photos\\\/#breadcrumb\",\"itemListElement\":[{\"@type\":\"ListItem\",\"position\":1,\"name\":\"Accueil\",\"item\":\"https:\\\/\\\/janze-athletisme.fr\\\/wordpress\\\/\"},{\"@type\":\"ListItem\",\"position\":2,\"name\":\"Dreux : les photos\"}]},{\"@type\":\"WebSite\",\"@id\":\"https:\\\/\\\/janze-athletisme.fr\\\/wordpress\\\/#website\",\"url\":\"https:\\\/\\\/janze-athletisme.fr\\\/wordpress\\\/\",\"name\":\"Janz\u00e9 Athl\u00e9tisme\",\"description\":\"Pays de La Roche aux F\u00e9es\",\"publisher\":{\"@id\":\"https:\\\/\\\/janze-athletisme.fr\\\/wordpress\\\/#organization\"},\"potentialAction\":[{\"@type\":\"SearchAction\",\"target\":{\"@type\":\"EntryPoint\",\"urlTemplate\":\"https:\\\/\\\/janze-athletisme.fr\\\/wordpress\\\/?s={search_term_string}\"},\"query-input\":{\"@type\":\"PropertyValueSpecification\",\"valueRequired\":true,\"valueName\":\"search_term_string\"}}],\"inLanguage\":\"fr-FR\"},{\"@type\":\"Organization\",\"@id\":\"https:\\\/\\\/janze-athletisme.fr\\\/wordpress\\\/#organization\",\"name\":\"Janz\u00e9 Athl\u00e9tisme\",\"url\":\"https:\\\/\\\/janze-athletisme.fr\\\/wordpress\\\/\",\"logo\":{\"@type\":\"ImageObject\",\"inLanguage\":\"fr-FR\",\"@id\":\"https:\\\/\\\/janze-athletisme.fr\\\/wordpress\\\/#\\\/schema\\\/logo\\\/image\\\/\",\"url\":\"https:\\\/\\\/janze-athletisme.fr\\\/wordpress\\\/wp-content\\\/uploads\\\/2015\\\/03\\\/logo-full1.jpg\",\"contentUrl\":\"https:\\\/\\\/janze-athletisme.fr\\\/wordpress\\\/wp-content\\\/uploads\\\/2015\\\/03\\\/logo-full1.jpg\",\"width\":437,\"height\":205,\"caption\":\"Janz\u00e9 Athl\u00e9tisme\"},\"image\":{\"@id\":\"https:\\\/\\\/janze-athletisme.fr\\\/wordpress\\\/#\\\/schema\\\/logo\\\/image\\\/\"},\"sameAs\":[\"https:\\\/\\\/www.facebook.com\\\/groups\\\/1007964579346590\"]},{\"@type\":\"Person\",\"@id\":\"https:\\\/\\\/janze-athletisme.fr\\\/wordpress\\\/#\\\/schema\\\/person\\\/c7b063dcfa6234c041d4d9b26cc2ea03\",\"name\":\"Laurent Meunier\",\"image\":{\"@type\":\"ImageObject\",\"inLanguage\":\"fr-FR\",\"@id\":\"https:\\\/\\\/secure.gravatar.com\\\/avatar\\\/dd25d581ad7c3349090f2fa6a9adb6bfa287e6a5dd8a5216a092727cd8749034?s=96&d=mm&r=g\",\"url\":\"https:\\\/\\\/secure.gravatar.com\\\/avatar\\\/dd25d581ad7c3349090f2fa6a9adb6bfa287e6a5dd8a5216a092727cd8749034?s=96&d=mm&r=g\",\"contentUrl\":\"https:\\\/\\\/secure.gravatar.com\\\/avatar\\\/dd25d581ad7c3349090f2fa6a9adb6bfa287e6a5dd8a5216a092727cd8749034?s=96&d=mm&r=g\",\"caption\":\"Laurent Meunier\"},\"url\":\"https:\\\/\\\/janze-athletisme.fr\\\/wordpress\\\/author\\\/laurent-meunier35\\\/\"}]}<\/script>\n<!-- \/ Yoast SEO plugin. -->","yoast_head_json":{"title":"Dreux : les photos - Janz\u00e9 Athl\u00e9tisme","robots":{"index":"index","follow":"follow","max-snippet":"max-snippet:-1","max-image-preview":"max-image-preview:large","max-video-preview":"max-video-preview:-1"},"canonical":"https:\/\/janze-athletisme.fr\/wordpress\/dreux-les-photos\/","og_locale":"fr_FR","og_type":"article","og_title":"Dreux : les photos - Janz\u00e9 Athl\u00e9tisme","og_description":"Equip&rsquo;athl\u00e9, finale nationale U16 (minimes) N2, Dreux, 24\/25 mai A c\u00f4t\u00e9 de la Ronde des f\u00e9es, l&rsquo;\u00e9v\u00e8nement semble s&rsquo;\u00eatre d\u00e9roul\u00e9 en catimini (et que dire du championnat r\u00e9gional des \u00e9preuves combin\u00e9es, qui avait lieu tout ce WE \u00e0 Concarneau), et c&rsquo;est pourtant pour pouvoir organiser ce genre de d\u00e9placements pour nos jeunes (notamment) que la [&hellip;]","og_url":"https:\/\/janze-athletisme.fr\/wordpress\/dreux-les-photos\/","og_site_name":"Janz\u00e9 Athl\u00e9tisme","article_publisher":"https:\/\/www.facebook.com\/groups\/1007964579346590","article_published_time":"2025-05-26T22:01:02+00:00","article_modified_time":"2025-06-01T19:07:55+00:00","og_image":[{"width":1200,"height":1200,"url":"https:\/\/janze-athletisme.fr\/wordpress\/wp-content\/uploads\/2025\/05\/Le-choeur-des-supportrices.jpg","type":"image\/jpeg"}],"author":"Laurent Meunier","twitter_card":"summary_large_image","twitter_misc":{"\u00c9crit par":"Laurent Meunier","Dur\u00e9e de lecture estim\u00e9e":"4 minutes"},"schema":{"@context":"https:\/\/schema.org","@graph":[{"@type":"Article","@id":"https:\/\/janze-athletisme.fr\/wordpress\/dreux-les-photos\/#article","isPartOf":{"@id":"https:\/\/janze-athletisme.fr\/wordpress\/dreux-les-photos\/"},"author":{"name":"Laurent Meunier","@id":"https:\/\/janze-athletisme.fr\/wordpress\/#\/schema\/person\/c7b063dcfa6234c041d4d9b26cc2ea03"},"headline":"Dreux : les photos","datePublished":"2025-05-26T22:01:02+00:00","dateModified":"2025-06-01T19:07:55+00:00","mainEntityOfPage":{"@id":"https:\/\/janze-athletisme.fr\/wordpress\/dreux-les-photos\/"},"wordCount":295,"commentCount":0,"publisher":{"@id":"https:\/\/janze-athletisme.fr\/wordpress\/#organization"},"image":{"@id":"https:\/\/janze-athletisme.fr\/wordpress\/dreux-les-photos\/#primaryimage"},"thumbnailUrl":"https:\/\/janze-athletisme.fr\/wordpress\/wp-content\/uploads\/2025\/05\/Le-choeur-des-supportrices.jpg","articleSection":["Le club au jour le jour"],"inLanguage":"fr-FR","potentialAction":[{"@type":"CommentAction","name":"Comment","target":["https:\/\/janze-athletisme.fr\/wordpress\/dreux-les-photos\/#respond"]}]},{"@type":"WebPage","@id":"https:\/\/janze-athletisme.fr\/wordpress\/dreux-les-photos\/","url":"https:\/\/janze-athletisme.fr\/wordpress\/dreux-les-photos\/","name":"Dreux : les photos - Janz\u00e9 Athl\u00e9tisme","isPartOf":{"@id":"https:\/\/janze-athletisme.fr\/wordpress\/#website"},"primaryImageOfPage":{"@id":"https:\/\/janze-athletisme.fr\/wordpress\/dreux-les-photos\/#primaryimage"},"image":{"@id":"https:\/\/janze-athletisme.fr\/wordpress\/dreux-les-photos\/#primaryimage"},"thumbnailUrl":"https:\/\/janze-athletisme.fr\/wordpress\/wp-content\/uploads\/2025\/05\/Le-choeur-des-supportrices.jpg","datePublished":"2025-05-26T22:01:02+00:00","dateModified":"2025-06-01T19:07:55+00:00","breadcrumb":{"@id":"https:\/\/janze-athletisme.fr\/wordpress\/dreux-les-photos\/#breadcrumb"},"inLanguage":"fr-FR","potentialAction":[{"@type":"ReadAction","target":["https:\/\/janze-athletisme.fr\/wordpress\/dreux-les-photos\/"]}]},{"@type":"ImageObject","inLanguage":"fr-FR","@id":"https:\/\/janze-athletisme.fr\/wordpress\/dreux-les-photos\/#primaryimage","url":"https:\/\/janze-athletisme.fr\/wordpress\/wp-content\/uploads\/2025\/05\/Le-choeur-des-supportrices.jpg","contentUrl":"https:\/\/janze-athletisme.fr\/wordpress\/wp-content\/uploads\/2025\/05\/Le-choeur-des-supportrices.jpg","width":1200,"height":1200},{"@type":"BreadcrumbList","@id":"https:\/\/janze-athletisme.fr\/wordpress\/dreux-les-photos\/#breadcrumb","itemListElement":[{"@type":"ListItem","position":1,"name":"Accueil","item":"https:\/\/janze-athletisme.fr\/wordpress\/"},{"@type":"ListItem","position":2,"name":"Dreux : les photos"}]},{"@type":"WebSite","@id":"https:\/\/janze-athletisme.fr\/wordpress\/#website","url":"https:\/\/janze-athletisme.fr\/wordpress\/","name":"Janz\u00e9 Athl\u00e9tisme","description":"Pays de La Roche aux F\u00e9es","publisher":{"@id":"https:\/\/janze-athletisme.fr\/wordpress\/#organization"},"potentialAction":[{"@type":"SearchAction","target":{"@type":"EntryPoint","urlTemplate":"https:\/\/janze-athletisme.fr\/wordpress\/?s={search_term_string}"},"query-input":{"@type":"PropertyValueSpecification","valueRequired":true,"valueName":"search_term_string"}}],"inLanguage":"fr-FR"},{"@type":"Organization","@id":"https:\/\/janze-athletisme.fr\/wordpress\/#organization","name":"Janz\u00e9 Athl\u00e9tisme","url":"https:\/\/janze-athletisme.fr\/wordpress\/","logo":{"@type":"ImageObject","inLanguage":"fr-FR","@id":"https:\/\/janze-athletisme.fr\/wordpress\/#\/schema\/logo\/image\/","url":"https:\/\/janze-athletisme.fr\/wordpress\/wp-content\/uploads\/2015\/03\/logo-full1.jpg","contentUrl":"https:\/\/janze-athletisme.fr\/wordpress\/wp-content\/uploads\/2015\/03\/logo-full1.jpg","width":437,"height":205,"caption":"Janz\u00e9 Athl\u00e9tisme"},"image":{"@id":"https:\/\/janze-athletisme.fr\/wordpress\/#\/schema\/logo\/image\/"},"sameAs":["https:\/\/www.facebook.com\/groups\/1007964579346590"]},{"@type":"Person","@id":"https:\/\/janze-athletisme.fr\/wordpress\/#\/schema\/person\/c7b063dcfa6234c041d4d9b26cc2ea03","name":"Laurent Meunier","image":{"@type":"ImageObject","inLanguage":"fr-FR","@id":"https:\/\/secure.gravatar.com\/avatar\/dd25d581ad7c3349090f2fa6a9adb6bfa287e6a5dd8a5216a092727cd8749034?s=96&d=mm&r=g","url":"https:\/\/secure.gravatar.com\/avatar\/dd25d581ad7c3349090f2fa6a9adb6bfa287e6a5dd8a5216a092727cd8749034?s=96&d=mm&r=g","contentUrl":"https:\/\/secure.gravatar.com\/avatar\/dd25d581ad7c3349090f2fa6a9adb6bfa287e6a5dd8a5216a092727cd8749034?s=96&d=mm&r=g","caption":"Laurent Meunier"},"url":"https:\/\/janze-athletisme.fr\/wordpress\/author\/laurent-meunier35\/"}]}},"uagb_featured_image_src":{"full":["https:\/\/janze-athletisme.fr\/wordpress\/wp-content\/uploads\/2025\/05\/Le-choeur-des-supportrices.jpg",1200,1200,false],"thumbnail":["https:\/\/janze-athletisme.fr\/wordpress\/wp-content\/uploads\/2025\/05\/Le-choeur-des-supportrices-150x150.jpg",150,150,true],"medium":["https:\/\/janze-athletisme.fr\/wordpress\/wp-content\/uploads\/2025\/05\/Le-choeur-des-supportrices-300x300.jpg",300,300,true],"medium_large":["https:\/\/janze-athletisme.fr\/wordpress\/wp-content\/uploads\/2025\/05\/Le-choeur-des-supportrices-768x768.jpg",768,768,true],"large":["https:\/\/janze-athletisme.fr\/wordpress\/wp-content\/uploads\/2025\/05\/Le-choeur-des-supportrices-1024x1024.jpg",1024,1024,true],"1536x1536":["https:\/\/janze-athletisme.fr\/wordpress\/wp-content\/uploads\/2025\/05\/Le-choeur-des-supportrices.jpg",1200,1200,false],"2048x2048":["https:\/\/janze-athletisme.fr\/wordpress\/wp-content\/uploads\/2025\/05\/Le-choeur-des-supportrices.jpg",1200,1200,false]},"uagb_author_info":{"display_name":"Laurent Meunier","author_link":"https:\/\/janze-athletisme.fr\/wordpress\/author\/laurent-meunier35\/"},"uagb_comment_info":0,"uagb_excerpt":"Equip&rsquo;athl\u00e9, finale nationale U16 (minimes) N2, Dreux, 24\/25 mai A c\u00f4t\u00e9 de la Ronde des f\u00e9es, l&rsquo;\u00e9v\u00e8nement semble s&rsquo;\u00eatre d\u00e9roul\u00e9 en catimini (et que dire du championnat r\u00e9gional des \u00e9preuves combin\u00e9es, qui avait lieu tout ce WE \u00e0 Concarneau), et c&rsquo;est pourtant pour pouvoir organiser ce genre de d\u00e9placements pour nos jeunes (notamment) que la\u2026","_links":{"self":[{"href":"https:\/\/janze-athletisme.fr\/wordpress\/wp-json\/wp\/v2\/posts\/25466","targetHints":{"allow":["GET"]}}],"collection":[{"href":"https:\/\/janze-athletisme.fr\/wordpress\/wp-json\/wp\/v2\/posts"}],"about":[{"href":"https:\/\/janze-athletisme.fr\/wordpress\/wp-json\/wp\/v2\/types\/post"}],"author":[{"embeddable":true,"href":"https:\/\/janze-athletisme.fr\/wordpress\/wp-json\/wp\/v2\/users\/12"}],"replies":[{"embeddable":true,"href":"https:\/\/janze-athletisme.fr\/wordpress\/wp-json\/wp\/v2\/comments?post=25466"}],"version-history":[{"count":8,"href":"https:\/\/janze-athletisme.fr\/wordpress\/wp-json\/wp\/v2\/posts\/25466\/revisions"}],"predecessor-version":[{"id":25612,"href":"https:\/\/janze-athletisme.fr\/wordpress\/wp-json\/wp\/v2\/posts\/25466\/revisions\/25612"}],"wp:featuredmedia":[{"embeddable":true,"href":"https:\/\/janze-athletisme.fr\/wordpress\/wp-json\/wp\/v2\/media\/25473"}],"wp:attachment":[{"href":"https:\/\/janze-athletisme.fr\/wordpress\/wp-json\/wp\/v2\/media?parent=25466"}],"wp:term":[{"taxonomy":"category","embeddable":true,"href":"https:\/\/janze-athletisme.fr\/wordpress\/wp-json\/wp\/v2\/categories?post=25466"},{"taxonomy":"post_tag","embeddable":true,"href":"https:\/\/janze-athletisme.fr\/wordpress\/wp-json\/wp\/v2\/tags?post=25466"}],"curies":[{"name":"wp","href":"https:\/\/api.w.org\/{rel}","templated":true}]}}