{"id":25460,"date":"2025-05-26T18:19:04","date_gmt":"2025-05-26T16:19:04","guid":{"rendered":"https:\/\/janze-athletisme.fr\/wordpress\/?p=25460"},"modified":"2025-05-26T18:19:04","modified_gmt":"2025-05-26T16:19:04","slug":"esse-la-ronde-des-fees-2025-une-reussite-grace-a-vous","status":"publish","type":"post","link":"https:\/\/janze-athletisme.fr\/wordpress\/esse-la-ronde-des-fees-2025-une-reussite-grace-a-vous\/","title":{"rendered":"Ess\u00e9: la Ronde des F\u00e9es 2025, une r\u00e9ussite gr\u00e2ce \u00e0 vous !"},"content":{"rendered":"<h1 style=\"text-align: center;\"><span style=\"font-family: comic sans ms, sans-serif; color: #800000;\">La Ronde des F\u00e9es 2025<\/span><\/h1>\n<p>&nbsp;<\/p>\n<p><span style=\"color: #000000;\">Ca y est, c&rsquo;est fini, on va pouvoir se (re)poser un peu et faire un point sur cette deuxi\u00e8me \u00e9dition. On va quand m\u00eame commencer par citer et mettre \u00e0 l&rsquo;honneur le Comit\u00e9 d&rsquo;Organisation de la Ronde des F\u00e9es: Luc Daubias, Aur\u00e9lie Bou\u00e9, Raymond Flegeau, H\u00e9l\u00e8ne Gu\u00e9ry, Franck Geslin, Erwan Josset, Jean-Marie Jouzel. Une pens\u00e9e \u00e9galement pour Val\u00e9rie Le Dorven qui n&rsquo;a pu nous accompagner cette ann\u00e9e mais qui a \u00e9t\u00e9 actrice de la 1\u00e8re \u00e9dition et nous a plus que soutenu lors de cette 2\u00e8me \u00e9dition par ses conseils.<\/span><\/p>\n<p><span style=\"color: #000000;\">Fort de notre 1\u00e8re exp\u00e9rience, chacun avait sa partition \u00e0 jouer et connaissait la musique. Ca aide quand m\u00eame de repartir avec un point de rep\u00e8re !<\/span><\/p>\n<p><span style=\"color: #000000;\">J&rsquo;ai d\u00e9j\u00e0 eu l&rsquo;occasion de remercier nos partenaires dans un pr\u00e9c\u00e9dent article mais inutile de vous dire que sans eux, pas de Ronde des F\u00e9es ! Alors, garder leurs noms sous le coude le jour o\u00f9 vous chercher un artisan, un commer\u00e7ant, une entreprise. C&rsquo;est un juste retour des choses que de les remercier concr\u00e8tement en les faisant aussi vivre. Certains sont de jeunes entrepreneurs ou des commerces\/entreprises parfois en difficult\u00e9s. Leur don n&rsquo;en est que fort symboliquement.<\/span><\/p>\n<p><span style=\"color: #000000;\">Il est vrai qu&rsquo;avec une 1\u00e8re exp\u00e9rience, les choses s&rsquo;articulent mieux. On sait o\u00f9 on va mais on se dit que l\u00e0, il va falloir concr\u00e9tiser et marquer l&rsquo;essai. On ne vous le cache pas, on a eu un petit coup de stress lors de notre recherche de b\u00e9n\u00e9voles. Ce n&rsquo;est pas \u00e0 nous 7 qu&rsquo;on aurait pu faire tourner la boutique ! certes, nous pouvions compter sur la confiance et le soutien du Conseil d&rsquo;Administration de Janz\u00e9 Athl\u00e9tisme mais on voyait mal Ga\u00ebtan \u00e0 la fois au micro tout en faisant des gaufres et distribuant les dossards !!!<\/span><\/p>\n<p><span style=\"color: #000000;\">On a eu tort de douter, on a pu compter sur le formidable \u00e9lan des b\u00e9n\u00e9voles arriv\u00e9s en nombre pour participer aussi \u00e0 la f\u00eate. Des b\u00e9n\u00e9voles qui d\u00e9passaient le simple cercle des adh\u00e9rents du club, famille, amis jusqu&rsquo;aux associations ext\u00e9rieures comme les Couleurs Solidaires, eux aussi impliqu\u00e9s aupr\u00e8s de Gabriel. Pour info, ce serait sympa aussi de leur rendre l&rsquo;appareil et de venir en nombre aux Illumin\u00e9s de Ste Anne le samedi 28 juin prochain !<\/span><\/p>\n<p><span style=\"color: #000000;\">Bref, vous avez \u00e9t\u00e9 super et c&rsquo;est la larme \u00e0 l&rsquo;oeil que nous vous remercions toutes et tous ! (snif !).<\/span><\/p>\n<p><span style=\"color: #000000;\"> Mention sp\u00e9ciale \u00e0 notre groupe de cadettes qui nous a mis une ambiance de ouf !!! merci les filles, vous avez \u00e9t\u00e9 g\u00e9niales !<a href=\"https:\/\/janze-athletisme.fr\/wordpress\/wp-content\/uploads\/2025\/05\/P1150405.jpg\"><img loading=\"lazy\" decoding=\"async\" class=\"alignnone  wp-image-25461\" src=\"https:\/\/janze-athletisme.fr\/wordpress\/wp-content\/uploads\/2025\/05\/P1150405-300x225.jpg\" alt=\"\" width=\"379\" height=\"284\" srcset=\"https:\/\/janze-athletisme.fr\/wordpress\/wp-content\/uploads\/2025\/05\/P1150405-300x225.jpg 300w, https:\/\/janze-athletisme.fr\/wordpress\/wp-content\/uploads\/2025\/05\/P1150405-1024x769.jpg 1024w, https:\/\/janze-athletisme.fr\/wordpress\/wp-content\/uploads\/2025\/05\/P1150405-768x577.jpg 768w, https:\/\/janze-athletisme.fr\/wordpress\/wp-content\/uploads\/2025\/05\/P1150405.jpg 1288w\" sizes=\"auto, (max-width: 379px) 100vw, 379px\" \/><\/a><\/span><\/p>\n<p><span style=\"color: #000000;\">Une \u00e9dition record donc: record de b\u00e9n\u00e9voles (pr\u00e8s de 90 !), records de participants avec pr\u00e8s de 440 inscrits aux 3 \u00e9preuves propos\u00e9es. Sp\u00e9ciale d\u00e9dicace aux marcheurs avec pr\u00e8s de 60 inscrits dont un gros contingent du club de Ch\u00e2teaubourg ! on n&rsquo;oublie pas non plus les potos des Dragons de la Forge, venus en force eux aussi (on ne se quitte plus depuis la Travers\u00e9e de la Baie !).<\/span><\/p>\n<p><span style=\"color: #000000;\">A propos des Dragons de la Forge, noter bien que la Course de la Forge sera la deuxi\u00e8me \u00e9tape apr\u00e8s la Grimpette de Co\u00easmes du 1er challenge de la Roche aux F\u00e9es la saison prochaine ! Grimpette, la Forge, Ronde des F\u00e9es, commencez d\u00e9j\u00e0 \u00e0 retenir ces courses dans votre prochain programme.<\/span><\/p>\n<p><span style=\"color: #000000;\">Une fois qu&rsquo;on a dis \u00e7a, restait les 3 \u00e9preuves et \u00e7a aurait fait moyen si nous n&rsquo;avions pas eu quelques maillots oranges&#8230;place aux r\u00e9sultats et RDV en 2026 pour la troisi\u00e8me \u00e9dition !!!<\/span><\/p>\n<p><span style=\"color: #000000;\"><strong>Et pour les photos des courses, r\u00e9galez-vous<\/strong>:<\/span> <strong><span style=\"color: #ff0000; font-family: comic sans ms, sans-serif; font-size: 14pt;\"><a style=\"color: #ff0000;\" href=\"https:\/\/photos.app.goo.gl\/y83oBLPUYFhhVRDH9\">CLIC<\/a><\/span><\/strong><\/p>\n<h5 style=\"text-align: center;\"><span style=\"text-decoration: underline; font-family: comic sans ms, sans-serif; color: #003366;\">La Petite Ronde des F\u00e9es<\/span><\/h5>\n<p><span style=\"color: #000000;\">Petite pens\u00e9e \u00e9mue pour Chlo\u00e9 Juvin, form\u00e9e \u00e0 Janz\u00e9 athl\u00e9 qui remporte la course chez les filles. Bravo Ana\u00efs et Fabrice pour votre participation et mention sp\u00e9ciale \u00e0 Karine qui termine 1\u00e8re de sa cat\u00e9gorie ! bravo \u00e9galement \u00e0 Bruno et Mathis Houssais, 1er et 2\u00e8me du 8km, l&rsquo;histoire se r\u00e9p\u00e8te mais cette fois le p\u00e8re est \u00e0 l&rsquo;honneur !<\/span><\/p>\n<h5 style=\"text-align: center;\"><\/h5>\n<table style=\"border-collapse: collapse; width: 100%;\">\n<tbody>\n<tr>\n<td style=\"width: 16.6667%; text-align: center;\"><strong><span style=\"color: #000000;\">Distance<\/span><\/strong><\/td>\n<td style=\"width: 16.6667%; text-align: center;\"><strong><span style=\"color: #000000;\">Classement<\/span><\/strong><\/td>\n<td style=\"width: 16.6667%; text-align: center;\"><strong><span style=\"color: #000000;\">Nom<\/span><\/strong><\/td>\n<td style=\"width: 16.6667%; text-align: center;\"><strong><span style=\"color: #000000;\">Temps<\/span><\/strong><\/td>\n<td style=\"width: 16.6667%; text-align: center;\"><strong><span style=\"color: #000000;\">Classement cat\u00e9gorie<\/span><\/strong><\/td>\n<td style=\"width: 16.6667%; text-align: center;\"><strong><span style=\"color: #000000;\">Classement femme<\/span><\/strong><\/td>\n<\/tr>\n<tr>\n<td style=\"width: 16.6667%; text-align: center;\"><span style=\"color: #000000;\">8 km<\/span><\/td>\n<td style=\"width: 16.6667%; text-align: center;\"><span style=\"color: #000000;\">69\/170<\/span><\/td>\n<td style=\"width: 16.6667%; text-align: center;\"><span style=\"color: #000000;\">Ana\u00efs Bruneau<\/span><\/td>\n<td style=\"width: 16.6667%; text-align: center;\"><span style=\"color: #000000;\">48&rsquo;14<\/span><\/td>\n<td style=\"width: 16.6667%; text-align: center;\"><span style=\"color: #000000;\">8\u00e8me SEF<\/span><\/td>\n<td style=\"width: 16.6667%; text-align: center;\"><span style=\"color: #000000;\">13\/81<\/span><\/td>\n<\/tr>\n<tr>\n<td style=\"width: 16.6667%; text-align: center;\"><span style=\"color: #000000;\">8 km<\/span><\/td>\n<td style=\"width: 16.6667%; text-align: center;\"><span style=\"color: #000000;\">70\/170<\/span><\/td>\n<td style=\"width: 16.6667%; text-align: center;\"><span style=\"color: #000000;\">Fabrice Derval<\/span><\/td>\n<td style=\"width: 16.6667%; text-align: center;\"><span style=\"color: #000000;\">48&rsquo;42<\/span><\/td>\n<td style=\"width: 16.6667%; text-align: center;\"><span style=\"color: #000000;\">10\u00e8me M1<\/span><\/td>\n<td style=\"width: 16.6667%; text-align: center;\"><span style=\"color: #000000;\">&#8211;<\/span><\/td>\n<\/tr>\n<tr>\n<td style=\"width: 16.6667%; text-align: center;\"><span style=\"color: #000000;\">8 km<\/span><\/td>\n<td style=\"width: 16.6667%; text-align: center;\"><span style=\"color: #000000;\">76\/170<\/span><\/td>\n<td style=\"width: 16.6667%; text-align: center;\"><span style=\"color: #000000;\">Karine Delin<\/span><\/td>\n<td style=\"width: 16.6667%; text-align: center;\"><span style=\"color: #000000;\">49&rsquo;38<\/span><\/td>\n<td style=\"width: 16.6667%; text-align: center;\"><span style=\"color: #ff6600;\"><strong>1\u00e8re M3F<\/strong><\/span><\/td>\n<td style=\"width: 16.6667%; text-align: center;\"><span style=\"color: #000000;\">18\/81<\/span><\/td>\n<\/tr>\n<\/tbody>\n<\/table>\n<p><span style=\"color: #000000;\">Que des gar\u00e7ons sur le 17km et un podium (encore !) au scratch pour Micka\u00ebl ! vu son \u00e9tat de forme actuel, Fred assure n\u00e9anmoins avec une tr\u00e8s belle 5\u00e8me place. Bravo \u00e0 Guillaume et K\u00e9van qui ne se sont quasiment pas quitt\u00e9s. Mention sp\u00e9ciale \u00e0 Raymond qui a tenu \u00e0 participer \u00e0 la course malgr\u00e9 les heures de pr\u00e9paration du site la veille et le jour m\u00eame.<\/span><\/p>\n<h5 style=\"text-align: center;\"><span style=\"text-decoration: underline;\"><span style=\"color: #003366; font-family: comic sans ms, sans-serif; text-decoration: underline;\">La Ronde des F\u00e9es<\/span><\/span><\/h5>\n<table style=\"border-collapse: collapse; width: 100%; height: 318px;\">\n<tbody>\n<tr style=\"height: 53px;\">\n<td style=\"width: 20%; height: 53px; text-align: center;\"><strong><span style=\"color: #000000;\">Distance<\/span><\/strong><\/td>\n<td style=\"width: 20%; height: 53px; text-align: center;\"><strong><span style=\"color: #000000;\">Classement<\/span><\/strong><\/td>\n<td style=\"width: 20%; height: 53px; text-align: center;\"><strong><span style=\"color: #000000;\">Nom<\/span><\/strong><\/td>\n<td style=\"width: 20%; height: 53px; text-align: center;\"><strong><span style=\"color: #000000;\">Temps<\/span><\/strong><\/td>\n<td style=\"width: 20%; height: 53px; text-align: center;\"><strong><span style=\"color: #000000;\">Classement cat\u00e9gorie<\/span><\/strong><\/td>\n<\/tr>\n<tr style=\"height: 53px;\">\n<td style=\"width: 20%; height: 53px; text-align: center;\"><span style=\"color: #000000;\">17 km<\/span><\/td>\n<td style=\"width: 20%; height: 53px; text-align: center;\"><span style=\"color: #993300;\"><strong>3\/189<\/strong><\/span><\/td>\n<td style=\"width: 20%; height: 53px; text-align: center;\"><span style=\"color: #000000;\">Micka\u00ebl Auroy<\/span><\/td>\n<td style=\"width: 20%; height: 53px; text-align: center;\"><span style=\"color: #000000;\">1h07&rsquo;10<\/span><\/td>\n<td style=\"width: 20%; height: 53px; text-align: center;\"><span style=\"color: #ff6600;\"><strong>1er M0<\/strong><\/span><\/td>\n<\/tr>\n<tr style=\"height: 53px;\">\n<td style=\"width: 20%; height: 53px; text-align: center;\"><span style=\"color: #000000;\">17 km<\/span><\/td>\n<td style=\"width: 20%; height: 53px; text-align: center;\"><span style=\"color: #000000;\">5\/189<\/span><\/td>\n<td style=\"width: 20%; height: 53px; text-align: center;\"><span style=\"color: #000000;\">Fred Breut<\/span><\/td>\n<td style=\"width: 20%; height: 53px; text-align: center;\"><span style=\"color: #000000;\">1h10&rsquo;31<\/span><\/td>\n<td style=\"width: 20%; height: 53px; text-align: center;\"><span style=\"color: #808080;\"><strong>2\u00e8me M0<\/strong><\/span><\/td>\n<\/tr>\n<tr style=\"height: 53px;\">\n<td style=\"width: 20%; height: 53px; text-align: center;\"><span style=\"color: #000000;\">17 km<\/span><\/td>\n<td style=\"width: 20%; height: 53px; text-align: center;\"><span style=\"color: #000000;\">52\/189<\/span><\/td>\n<td style=\"width: 20%; height: 53px; text-align: center;\"><span style=\"color: #000000;\">K\u00e9van Gatel<\/span><\/td>\n<td style=\"width: 20%; height: 53px; text-align: center;\"><span style=\"color: #000000;\">1h27&rsquo;11<\/span><\/td>\n<td style=\"width: 20%; height: 53px; text-align: center;\"><span style=\"color: #000000;\">12\u00e8me M0<\/span><\/td>\n<\/tr>\n<tr style=\"height: 53px;\">\n<td style=\"width: 20%; height: 53px; text-align: center;\"><span style=\"color: #000000;\">17 km<\/span><\/td>\n<td style=\"width: 20%; height: 53px; text-align: center;\"><span style=\"color: #000000;\">54\/189<\/span><\/td>\n<td style=\"width: 20%; height: 53px; text-align: center;\"><span style=\"color: #000000;\">Guillaume Besnard<\/span><\/td>\n<td style=\"width: 20%; height: 53px; text-align: center;\"><span style=\"color: #000000;\">1h27&rsquo;19<\/span><\/td>\n<td style=\"width: 20%; height: 53px; text-align: center;\"><span style=\"color: #000000;\">10\u00e8me M1<\/span><\/td>\n<\/tr>\n<tr style=\"height: 53px;\">\n<td style=\"width: 20%; height: 53px; text-align: center;\"><span style=\"color: #000000;\">17 km<\/span><\/td>\n<td style=\"width: 20%; height: 53px; text-align: center;\"><span style=\"color: #000000;\">130\/189<\/span><\/td>\n<td style=\"width: 20%; height: 53px; text-align: center;\"><span style=\"color: #000000;\">Raymond Flegeau<\/span><\/td>\n<td style=\"width: 20%; height: 53px; text-align: center;\"><span style=\"color: #000000;\">1h47&rsquo;53<\/span><\/td>\n<td style=\"width: 20%; height: 53px; text-align: center;\"><span style=\"color: #000000;\">5\u00e8me M5<\/span><\/td>\n<\/tr>\n<\/tbody>\n<\/table>\n<p><span style=\"color: #000000;\">Bravo les marcheurs avec Ludovic en t\u00eate de file et honneur \u00e0 l&rsquo;impressionnant vainqueur: Pascal Roinson du club de Ch\u00e2teauboug et un grand merci \u00e0 Christophe qui a mis l&rsquo;ambiance et remport\u00e9 la palme du plus beau costume de f\u00e9e ! un grand merci Palmyre, Louis et Annick, des fid\u00e8les sur qui on peut compter !<\/span><\/p>\n<h5 style=\"text-align: center;\"><span style=\"text-decoration: underline; color: #003366;\"><span style=\"font-family: comic sans ms, sans-serif;\">La Marche des F\u00e9es<\/span><\/span><\/h5>\n<table style=\"border-collapse: collapse; width: 100%; height: 371px;\">\n<tbody>\n<tr style=\"height: 53px;\">\n<td style=\"width: 16.6667%; text-align: center; height: 53px;\"><strong><span style=\"color: #000000;\">Distance<\/span><\/strong><\/td>\n<td style=\"width: 16.6667%; text-align: center; height: 53px;\"><strong><span style=\"color: #000000;\">Classement<\/span><\/strong><\/td>\n<td style=\"width: 16.6667%; text-align: center; height: 53px;\"><strong><span style=\"color: #000000;\">Nom<\/span><\/strong><\/td>\n<td style=\"width: 16.6667%; text-align: center; height: 53px;\"><strong><span style=\"color: #000000;\">Temps<\/span><\/strong><\/td>\n<td style=\"width: 16.6667%; text-align: center; height: 53px;\"><strong><span style=\"color: #000000;\">Classement cat\u00e9gorie<\/span><\/strong><\/td>\n<td style=\"width: 16.6667%; text-align: center; height: 53px;\"><strong><span style=\"color: #000000;\">Classement femme<\/span><\/strong><\/td>\n<\/tr>\n<tr style=\"height: 53px;\">\n<td style=\"width: 16.6667%; text-align: center; height: 53px;\"><span style=\"color: #000000;\">13 km<\/span><\/td>\n<td style=\"width: 16.6667%; text-align: center; height: 53px;\"><span style=\"color: #000000;\">15\/58<\/span><\/td>\n<td style=\"width: 16.6667%; text-align: center; height: 53px;\"><span style=\"color: #000000;\">Ludovic Dr\u00e9an<\/span><\/td>\n<td style=\"width: 16.6667%; text-align: center; height: 53px;\"><span style=\"color: #000000;\">1h43&rsquo;43<\/span><\/td>\n<td style=\"width: 16.6667%; text-align: center; height: 53px;\"><span style=\"color: #000000;\">6\u00e8me M5<\/span><\/td>\n<td style=\"width: 16.6667%; text-align: center; height: 53px;\"><span style=\"color: #000000;\">&#8211;<\/span><\/td>\n<\/tr>\n<tr style=\"height: 53px;\">\n<td style=\"width: 16.6667%; text-align: center; height: 53px;\"><span style=\"color: #000000;\">13 km<\/span><\/td>\n<td style=\"width: 16.6667%; text-align: center; height: 53px;\"><span style=\"color: #000000;\">21\/58<\/span><\/td>\n<td style=\"width: 16.6667%; text-align: center; height: 53px;\"><span style=\"color: #000000;\">Louis Saffray<\/span><\/td>\n<td style=\"width: 16.6667%; text-align: center; height: 53px;\"><span style=\"color: #000000;\">1h45&rsquo;31<\/span><\/td>\n<td style=\"width: 16.6667%; text-align: center; height: 53px;\"><span style=\"color: #333333;\"><strong>2\u00e8me M8<\/strong><\/span><\/td>\n<td style=\"width: 16.6667%; text-align: center; height: 53px;\"><span style=\"color: #000000;\">&#8211;<\/span><\/td>\n<\/tr>\n<tr style=\"height: 53px;\">\n<td style=\"width: 16.6667%; text-align: center; height: 53px;\"><span style=\"color: #000000;\">13 km<\/span><\/td>\n<td style=\"width: 16.6667%; text-align: center; height: 53px;\"><span style=\"color: #000000;\">23\/58<\/span><\/td>\n<td style=\"width: 16.6667%; text-align: center; height: 53px;\"><span style=\"color: #000000;\">Palmyre Houget<\/span><\/td>\n<td style=\"width: 16.6667%; text-align: center; height: 53px;\"><span style=\"color: #000000;\">1h49&rsquo;58<\/span><\/td>\n<td style=\"width: 16.6667%; text-align: center; height: 53px;\"><span style=\"color: #ff9900;\"><strong>1\u00e8re M6F<\/strong><\/span><\/td>\n<td style=\"width: 16.6667%; text-align: center; height: 53px;\"><span style=\"color: #000000;\">4\/29<\/span><\/td>\n<\/tr>\n<tr style=\"height: 53px;\">\n<td style=\"width: 16.6667%; text-align: center; height: 53px;\"><span style=\"color: #000000;\">13 km<\/span><\/td>\n<td style=\"width: 16.6667%; text-align: center; height: 53px;\"><span style=\"color: #000000;\">24\/58<\/span><\/td>\n<td style=\"width: 16.6667%; text-align: center; height: 53px;\"><span style=\"color: #000000;\">Marie-Th\u00e9r\u00e8se Hazard<\/span><\/td>\n<td style=\"width: 16.6667%; text-align: center; height: 53px;\"><span style=\"color: #000000;\">1h50&rsquo;32<\/span><\/td>\n<td style=\"width: 16.6667%; text-align: center; height: 53px;\"><span style=\"color: #333333;\"><strong>2\u00e8me M6F<\/strong><\/span><\/td>\n<td style=\"width: 16.6667%; text-align: center; height: 53px;\"><span style=\"color: #000000;\">5\/29<\/span><\/td>\n<\/tr>\n<tr style=\"height: 53px;\">\n<td style=\"width: 16.6667%; text-align: center; height: 53px;\"><span style=\"color: #000000;\">13 km<\/span><\/td>\n<td style=\"width: 16.6667%; text-align: center; height: 53px;\"><span style=\"color: #000000;\">34\/58<\/span><\/td>\n<td style=\"width: 16.6667%; text-align: center; height: 53px;\"><span style=\"color: #000000;\">Annick Saffray<\/span><\/td>\n<td style=\"width: 16.6667%; text-align: center; height: 53px;\"><span style=\"color: #000000;\">1h56&rsquo;58<\/span><\/td>\n<td style=\"width: 16.6667%; text-align: center; height: 53px;\"><span style=\"color: #000000;\">5\u00e8me M6F<\/span><\/td>\n<td style=\"width: 16.6667%; text-align: center; height: 53px;\"><span style=\"color: #000000;\">12\/29<\/span><\/td>\n<\/tr>\n<tr style=\"height: 53px;\">\n<td style=\"width: 16.6667%; text-align: center; height: 53px;\"><span style=\"color: #000000;\">13 km<\/span><\/td>\n<td style=\"width: 16.6667%; text-align: center; height: 53px;\"><span style=\"color: #000000;\">42\/58<\/span><\/td>\n<td style=\"width: 16.6667%; text-align: center; height: 53px;\"><span style=\"color: #000000;\">Christophe Galut<\/span><\/td>\n<td style=\"width: 16.6667%; text-align: center; height: 53px;\"><span style=\"color: #000000;\">2h11&rsquo;53<\/span><\/td>\n<td style=\"width: 16.6667%; text-align: center; height: 53px;\"><span style=\"color: #000000;\">7\u00e8me M3<\/span><\/td>\n<td style=\"width: 16.6667%; text-align: center; height: 53px;\"><span style=\"color: #000000;\">&#8211;<\/span><\/td>\n<\/tr>\n<\/tbody>\n<\/table>\n","protected":false},"excerpt":{"rendered":"<p>La Ronde des F\u00e9es 2025 &nbsp; Ca y est, c&rsquo;est fini, on va pouvoir se (re)poser un peu et faire un point sur cette deuxi\u00e8me \u00e9dition. On va quand m\u00eame commencer par citer et mettre \u00e0 l&rsquo;honneur le Comit\u00e9 d&rsquo;Organisation de la Ronde des F\u00e9es: Luc Daubias, Aur\u00e9lie Bou\u00e9, Raymond Flegeau, H\u00e9l\u00e8ne Gu\u00e9ry, Franck Geslin, [&hellip;]<\/p>\n","protected":false},"author":8,"featured_media":23736,"comment_status":"open","ping_status":"open","sticky":false,"template":"","format":"aside","meta":{"_uag_custom_page_level_css":"","site-sidebar-layout":"default","site-content-layout":"","ast-site-content-layout":"default","site-content-style":"default","site-sidebar-style":"default","ast-global-header-display":"","ast-banner-title-visibility":"","ast-main-header-display":"","ast-hfb-above-header-display":"","ast-hfb-below-header-display":"","ast-hfb-mobile-header-display":"","site-post-title":"","ast-breadcrumbs-content":"","ast-featured-img":"","footer-sml-layout":"","ast-disable-related-posts":"","theme-transparent-header-meta":"default","adv-header-id-meta":"","stick-header-meta":"","header-above-stick-meta":"","header-main-stick-meta":"","header-below-stick-meta":"","astra-migrate-meta-layouts":"set","ast-page-background-enabled":"default","ast-page-background-meta":{"desktop":{"background-color":"var(--ast-global-color-4)","background-image":"","background-repeat":"repeat","background-position":"center center","background-size":"auto","background-attachment":"scroll","background-type":"","background-media":"","overlay-type":"","overlay-color":"","overlay-opacity":"","overlay-gradient":""},"tablet":{"background-color":"","background-image":"","background-repeat":"repeat","background-position":"center center","background-size":"auto","background-attachment":"scroll","background-type":"","background-media":"","overlay-type":"","overlay-color":"","overlay-opacity":"","overlay-gradient":""},"mobile":{"background-color":"","background-image":"","background-repeat":"repeat","background-position":"center center","background-size":"auto","background-attachment":"scroll","background-type":"","background-media":"","overlay-type":"","overlay-color":"","overlay-opacity":"","overlay-gradient":""}},"ast-content-background-meta":{"desktop":{"background-color":"var(--ast-global-color-5)","background-image":"","background-repeat":"repeat","background-position":"center center","background-size":"auto","background-attachment":"scroll","background-type":"","background-media":"","overlay-type":"","overlay-color":"","overlay-opacity":"","overlay-gradient":""},"tablet":{"background-color":"var(--ast-global-color-5)","background-image":"","background-repeat":"repeat","background-position":"center center","background-size":"auto","background-attachment":"scroll","background-type":"","background-media":"","overlay-type":"","overlay-color":"","overlay-opacity":"","overlay-gradient":""},"mobile":{"background-color":"var(--ast-global-color-5)","background-image":"","background-repeat":"repeat","background-position":"center center","background-size":"auto","background-attachment":"scroll","background-type":"","background-media":"","overlay-type":"","overlay-color":"","overlay-opacity":"","overlay-gradient":""}},"footnotes":""},"categories":[6],"tags":[],"class_list":["post-25460","post","type-post","status-publish","format-aside","has-post-thumbnail","hentry","category-sections","post_format-post-format-aside"],"yoast_head":"<!-- This site is optimized with the Yoast SEO plugin v27.4 - https:\/\/yoast.com\/product\/yoast-seo-wordpress\/ -->\n<title>Ess\u00e9: la Ronde des F\u00e9es 2025, une r\u00e9ussite gr\u00e2ce \u00e0 vous ! - Janz\u00e9 Athl\u00e9tisme<\/title>\n<meta name=\"robots\" content=\"index, follow, max-snippet:-1, max-image-preview:large, max-video-preview:-1\" \/>\n<link rel=\"canonical\" href=\"https:\/\/janze-athletisme.fr\/wordpress\/esse-la-ronde-des-fees-2025-une-reussite-grace-a-vous\/\" \/>\n<meta property=\"og:locale\" content=\"fr_FR\" \/>\n<meta property=\"og:type\" content=\"article\" \/>\n<meta property=\"og:title\" content=\"Ess\u00e9: la Ronde des F\u00e9es 2025, une r\u00e9ussite gr\u00e2ce \u00e0 vous ! - Janz\u00e9 Athl\u00e9tisme\" \/>\n<meta property=\"og:description\" content=\"La Ronde des F\u00e9es 2025 &nbsp; Ca y est, c&rsquo;est fini, on va pouvoir se (re)poser un peu et faire un point sur cette deuxi\u00e8me \u00e9dition. On va quand m\u00eame commencer par citer et mettre \u00e0 l&rsquo;honneur le Comit\u00e9 d&rsquo;Organisation de la Ronde des F\u00e9es: Luc Daubias, Aur\u00e9lie Bou\u00e9, Raymond Flegeau, H\u00e9l\u00e8ne Gu\u00e9ry, Franck Geslin, [&hellip;]\" \/>\n<meta property=\"og:url\" content=\"https:\/\/janze-athletisme.fr\/wordpress\/esse-la-ronde-des-fees-2025-une-reussite-grace-a-vous\/\" \/>\n<meta property=\"og:site_name\" content=\"Janz\u00e9 Athl\u00e9tisme\" \/>\n<meta property=\"article:publisher\" content=\"https:\/\/www.facebook.com\/groups\/1007964579346590\" \/>\n<meta property=\"article:published_time\" content=\"2025-05-26T16:19:04+00:00\" \/>\n<meta property=\"og:image\" content=\"https:\/\/janze-athletisme.fr\/wordpress\/wp-content\/uploads\/2025\/02\/Affiche-ronde-des-fees-2025-2.jpg\" \/>\n\t<meta property=\"og:image:width\" content=\"1414\" \/>\n\t<meta property=\"og:image:height\" content=\"2000\" \/>\n\t<meta property=\"og:image:type\" content=\"image\/jpeg\" \/>\n<meta name=\"author\" content=\"Jean-Marie Jouzel\" \/>\n<meta name=\"twitter:card\" content=\"summary_large_image\" \/>\n<meta name=\"twitter:label1\" content=\"\u00c9crit par\" \/>\n\t<meta name=\"twitter:data1\" content=\"Jean-Marie Jouzel\" \/>\n\t<meta name=\"twitter:label2\" content=\"Dur\u00e9e de lecture estim\u00e9e\" \/>\n\t<meta name=\"twitter:data2\" content=\"6 minutes\" \/>\n<script type=\"application\/ld+json\" class=\"yoast-schema-graph\">{\"@context\":\"https:\\\/\\\/schema.org\",\"@graph\":[{\"@type\":\"Article\",\"@id\":\"https:\\\/\\\/janze-athletisme.fr\\\/wordpress\\\/esse-la-ronde-des-fees-2025-une-reussite-grace-a-vous\\\/#article\",\"isPartOf\":{\"@id\":\"https:\\\/\\\/janze-athletisme.fr\\\/wordpress\\\/esse-la-ronde-des-fees-2025-une-reussite-grace-a-vous\\\/\"},\"author\":{\"name\":\"Jean-Marie Jouzel\",\"@id\":\"https:\\\/\\\/janze-athletisme.fr\\\/wordpress\\\/#\\\/schema\\\/person\\\/e27efa3d49687b81c679eb0b5c4973e9\"},\"headline\":\"Ess\u00e9: la Ronde des F\u00e9es 2025, une r\u00e9ussite gr\u00e2ce \u00e0 vous !\",\"datePublished\":\"2025-05-26T16:19:04+00:00\",\"mainEntityOfPage\":{\"@id\":\"https:\\\/\\\/janze-athletisme.fr\\\/wordpress\\\/esse-la-ronde-des-fees-2025-une-reussite-grace-a-vous\\\/\"},\"wordCount\":979,\"commentCount\":0,\"publisher\":{\"@id\":\"https:\\\/\\\/janze-athletisme.fr\\\/wordpress\\\/#organization\"},\"image\":{\"@id\":\"https:\\\/\\\/janze-athletisme.fr\\\/wordpress\\\/esse-la-ronde-des-fees-2025-une-reussite-grace-a-vous\\\/#primaryimage\"},\"thumbnailUrl\":\"https:\\\/\\\/janze-athletisme.fr\\\/wordpress\\\/wp-content\\\/uploads\\\/2025\\\/02\\\/Affiche-ronde-des-fees-2025-2.jpg\",\"articleSection\":[\"Le club au jour le jour\"],\"inLanguage\":\"fr-FR\",\"potentialAction\":[{\"@type\":\"CommentAction\",\"name\":\"Comment\",\"target\":[\"https:\\\/\\\/janze-athletisme.fr\\\/wordpress\\\/esse-la-ronde-des-fees-2025-une-reussite-grace-a-vous\\\/#respond\"]}]},{\"@type\":\"WebPage\",\"@id\":\"https:\\\/\\\/janze-athletisme.fr\\\/wordpress\\\/esse-la-ronde-des-fees-2025-une-reussite-grace-a-vous\\\/\",\"url\":\"https:\\\/\\\/janze-athletisme.fr\\\/wordpress\\\/esse-la-ronde-des-fees-2025-une-reussite-grace-a-vous\\\/\",\"name\":\"Ess\u00e9: la Ronde des F\u00e9es 2025, une r\u00e9ussite gr\u00e2ce \u00e0 vous ! - Janz\u00e9 Athl\u00e9tisme\",\"isPartOf\":{\"@id\":\"https:\\\/\\\/janze-athletisme.fr\\\/wordpress\\\/#website\"},\"primaryImageOfPage\":{\"@id\":\"https:\\\/\\\/janze-athletisme.fr\\\/wordpress\\\/esse-la-ronde-des-fees-2025-une-reussite-grace-a-vous\\\/#primaryimage\"},\"image\":{\"@id\":\"https:\\\/\\\/janze-athletisme.fr\\\/wordpress\\\/esse-la-ronde-des-fees-2025-une-reussite-grace-a-vous\\\/#primaryimage\"},\"thumbnailUrl\":\"https:\\\/\\\/janze-athletisme.fr\\\/wordpress\\\/wp-content\\\/uploads\\\/2025\\\/02\\\/Affiche-ronde-des-fees-2025-2.jpg\",\"datePublished\":\"2025-05-26T16:19:04+00:00\",\"breadcrumb\":{\"@id\":\"https:\\\/\\\/janze-athletisme.fr\\\/wordpress\\\/esse-la-ronde-des-fees-2025-une-reussite-grace-a-vous\\\/#breadcrumb\"},\"inLanguage\":\"fr-FR\",\"potentialAction\":[{\"@type\":\"ReadAction\",\"target\":[\"https:\\\/\\\/janze-athletisme.fr\\\/wordpress\\\/esse-la-ronde-des-fees-2025-une-reussite-grace-a-vous\\\/\"]}]},{\"@type\":\"ImageObject\",\"inLanguage\":\"fr-FR\",\"@id\":\"https:\\\/\\\/janze-athletisme.fr\\\/wordpress\\\/esse-la-ronde-des-fees-2025-une-reussite-grace-a-vous\\\/#primaryimage\",\"url\":\"https:\\\/\\\/janze-athletisme.fr\\\/wordpress\\\/wp-content\\\/uploads\\\/2025\\\/02\\\/Affiche-ronde-des-fees-2025-2.jpg\",\"contentUrl\":\"https:\\\/\\\/janze-athletisme.fr\\\/wordpress\\\/wp-content\\\/uploads\\\/2025\\\/02\\\/Affiche-ronde-des-fees-2025-2.jpg\",\"width\":1414,\"height\":2000},{\"@type\":\"BreadcrumbList\",\"@id\":\"https:\\\/\\\/janze-athletisme.fr\\\/wordpress\\\/esse-la-ronde-des-fees-2025-une-reussite-grace-a-vous\\\/#breadcrumb\",\"itemListElement\":[{\"@type\":\"ListItem\",\"position\":1,\"name\":\"Accueil\",\"item\":\"https:\\\/\\\/janze-athletisme.fr\\\/wordpress\\\/\"},{\"@type\":\"ListItem\",\"position\":2,\"name\":\"Ess\u00e9: la Ronde des F\u00e9es 2025, une r\u00e9ussite gr\u00e2ce \u00e0 vous !\"}]},{\"@type\":\"WebSite\",\"@id\":\"https:\\\/\\\/janze-athletisme.fr\\\/wordpress\\\/#website\",\"url\":\"https:\\\/\\\/janze-athletisme.fr\\\/wordpress\\\/\",\"name\":\"Janz\u00e9 Athl\u00e9tisme\",\"description\":\"Pays de La Roche aux F\u00e9es\",\"publisher\":{\"@id\":\"https:\\\/\\\/janze-athletisme.fr\\\/wordpress\\\/#organization\"},\"potentialAction\":[{\"@type\":\"SearchAction\",\"target\":{\"@type\":\"EntryPoint\",\"urlTemplate\":\"https:\\\/\\\/janze-athletisme.fr\\\/wordpress\\\/?s={search_term_string}\"},\"query-input\":{\"@type\":\"PropertyValueSpecification\",\"valueRequired\":true,\"valueName\":\"search_term_string\"}}],\"inLanguage\":\"fr-FR\"},{\"@type\":\"Organization\",\"@id\":\"https:\\\/\\\/janze-athletisme.fr\\\/wordpress\\\/#organization\",\"name\":\"Janz\u00e9 Athl\u00e9tisme\",\"url\":\"https:\\\/\\\/janze-athletisme.fr\\\/wordpress\\\/\",\"logo\":{\"@type\":\"ImageObject\",\"inLanguage\":\"fr-FR\",\"@id\":\"https:\\\/\\\/janze-athletisme.fr\\\/wordpress\\\/#\\\/schema\\\/logo\\\/image\\\/\",\"url\":\"https:\\\/\\\/janze-athletisme.fr\\\/wordpress\\\/wp-content\\\/uploads\\\/2015\\\/03\\\/logo-full1.jpg\",\"contentUrl\":\"https:\\\/\\\/janze-athletisme.fr\\\/wordpress\\\/wp-content\\\/uploads\\\/2015\\\/03\\\/logo-full1.jpg\",\"width\":437,\"height\":205,\"caption\":\"Janz\u00e9 Athl\u00e9tisme\"},\"image\":{\"@id\":\"https:\\\/\\\/janze-athletisme.fr\\\/wordpress\\\/#\\\/schema\\\/logo\\\/image\\\/\"},\"sameAs\":[\"https:\\\/\\\/www.facebook.com\\\/groups\\\/1007964579346590\"]},{\"@type\":\"Person\",\"@id\":\"https:\\\/\\\/janze-athletisme.fr\\\/wordpress\\\/#\\\/schema\\\/person\\\/e27efa3d49687b81c679eb0b5c4973e9\",\"name\":\"Jean-Marie Jouzel\",\"image\":{\"@type\":\"ImageObject\",\"inLanguage\":\"fr-FR\",\"@id\":\"https:\\\/\\\/secure.gravatar.com\\\/avatar\\\/6aaee532914ad5ae9d6b4c13c953c6689456493b17979b560cf8fd0c344930ab?s=96&d=mm&r=g\",\"url\":\"https:\\\/\\\/secure.gravatar.com\\\/avatar\\\/6aaee532914ad5ae9d6b4c13c953c6689456493b17979b560cf8fd0c344930ab?s=96&d=mm&r=g\",\"contentUrl\":\"https:\\\/\\\/secure.gravatar.com\\\/avatar\\\/6aaee532914ad5ae9d6b4c13c953c6689456493b17979b560cf8fd0c344930ab?s=96&d=mm&r=g\",\"caption\":\"Jean-Marie Jouzel\"},\"url\":\"https:\\\/\\\/janze-athletisme.fr\\\/wordpress\\\/author\\\/jmjouzel\\\/\"}]}<\/script>\n<!-- \/ Yoast SEO plugin. -->","yoast_head_json":{"title":"Ess\u00e9: la Ronde des F\u00e9es 2025, une r\u00e9ussite gr\u00e2ce \u00e0 vous ! - Janz\u00e9 Athl\u00e9tisme","robots":{"index":"index","follow":"follow","max-snippet":"max-snippet:-1","max-image-preview":"max-image-preview:large","max-video-preview":"max-video-preview:-1"},"canonical":"https:\/\/janze-athletisme.fr\/wordpress\/esse-la-ronde-des-fees-2025-une-reussite-grace-a-vous\/","og_locale":"fr_FR","og_type":"article","og_title":"Ess\u00e9: la Ronde des F\u00e9es 2025, une r\u00e9ussite gr\u00e2ce \u00e0 vous ! - Janz\u00e9 Athl\u00e9tisme","og_description":"La Ronde des F\u00e9es 2025 &nbsp; Ca y est, c&rsquo;est fini, on va pouvoir se (re)poser un peu et faire un point sur cette deuxi\u00e8me \u00e9dition. On va quand m\u00eame commencer par citer et mettre \u00e0 l&rsquo;honneur le Comit\u00e9 d&rsquo;Organisation de la Ronde des F\u00e9es: Luc Daubias, Aur\u00e9lie Bou\u00e9, Raymond Flegeau, H\u00e9l\u00e8ne Gu\u00e9ry, Franck Geslin, [&hellip;]","og_url":"https:\/\/janze-athletisme.fr\/wordpress\/esse-la-ronde-des-fees-2025-une-reussite-grace-a-vous\/","og_site_name":"Janz\u00e9 Athl\u00e9tisme","article_publisher":"https:\/\/www.facebook.com\/groups\/1007964579346590","article_published_time":"2025-05-26T16:19:04+00:00","og_image":[{"width":1414,"height":2000,"url":"https:\/\/janze-athletisme.fr\/wordpress\/wp-content\/uploads\/2025\/02\/Affiche-ronde-des-fees-2025-2.jpg","type":"image\/jpeg"}],"author":"Jean-Marie Jouzel","twitter_card":"summary_large_image","twitter_misc":{"\u00c9crit par":"Jean-Marie Jouzel","Dur\u00e9e de lecture estim\u00e9e":"6 minutes"},"schema":{"@context":"https:\/\/schema.org","@graph":[{"@type":"Article","@id":"https:\/\/janze-athletisme.fr\/wordpress\/esse-la-ronde-des-fees-2025-une-reussite-grace-a-vous\/#article","isPartOf":{"@id":"https:\/\/janze-athletisme.fr\/wordpress\/esse-la-ronde-des-fees-2025-une-reussite-grace-a-vous\/"},"author":{"name":"Jean-Marie Jouzel","@id":"https:\/\/janze-athletisme.fr\/wordpress\/#\/schema\/person\/e27efa3d49687b81c679eb0b5c4973e9"},"headline":"Ess\u00e9: la Ronde des F\u00e9es 2025, une r\u00e9ussite gr\u00e2ce \u00e0 vous !","datePublished":"2025-05-26T16:19:04+00:00","mainEntityOfPage":{"@id":"https:\/\/janze-athletisme.fr\/wordpress\/esse-la-ronde-des-fees-2025-une-reussite-grace-a-vous\/"},"wordCount":979,"commentCount":0,"publisher":{"@id":"https:\/\/janze-athletisme.fr\/wordpress\/#organization"},"image":{"@id":"https:\/\/janze-athletisme.fr\/wordpress\/esse-la-ronde-des-fees-2025-une-reussite-grace-a-vous\/#primaryimage"},"thumbnailUrl":"https:\/\/janze-athletisme.fr\/wordpress\/wp-content\/uploads\/2025\/02\/Affiche-ronde-des-fees-2025-2.jpg","articleSection":["Le club au jour le jour"],"inLanguage":"fr-FR","potentialAction":[{"@type":"CommentAction","name":"Comment","target":["https:\/\/janze-athletisme.fr\/wordpress\/esse-la-ronde-des-fees-2025-une-reussite-grace-a-vous\/#respond"]}]},{"@type":"WebPage","@id":"https:\/\/janze-athletisme.fr\/wordpress\/esse-la-ronde-des-fees-2025-une-reussite-grace-a-vous\/","url":"https:\/\/janze-athletisme.fr\/wordpress\/esse-la-ronde-des-fees-2025-une-reussite-grace-a-vous\/","name":"Ess\u00e9: la Ronde des F\u00e9es 2025, une r\u00e9ussite gr\u00e2ce \u00e0 vous ! - Janz\u00e9 Athl\u00e9tisme","isPartOf":{"@id":"https:\/\/janze-athletisme.fr\/wordpress\/#website"},"primaryImageOfPage":{"@id":"https:\/\/janze-athletisme.fr\/wordpress\/esse-la-ronde-des-fees-2025-une-reussite-grace-a-vous\/#primaryimage"},"image":{"@id":"https:\/\/janze-athletisme.fr\/wordpress\/esse-la-ronde-des-fees-2025-une-reussite-grace-a-vous\/#primaryimage"},"thumbnailUrl":"https:\/\/janze-athletisme.fr\/wordpress\/wp-content\/uploads\/2025\/02\/Affiche-ronde-des-fees-2025-2.jpg","datePublished":"2025-05-26T16:19:04+00:00","breadcrumb":{"@id":"https:\/\/janze-athletisme.fr\/wordpress\/esse-la-ronde-des-fees-2025-une-reussite-grace-a-vous\/#breadcrumb"},"inLanguage":"fr-FR","potentialAction":[{"@type":"ReadAction","target":["https:\/\/janze-athletisme.fr\/wordpress\/esse-la-ronde-des-fees-2025-une-reussite-grace-a-vous\/"]}]},{"@type":"ImageObject","inLanguage":"fr-FR","@id":"https:\/\/janze-athletisme.fr\/wordpress\/esse-la-ronde-des-fees-2025-une-reussite-grace-a-vous\/#primaryimage","url":"https:\/\/janze-athletisme.fr\/wordpress\/wp-content\/uploads\/2025\/02\/Affiche-ronde-des-fees-2025-2.jpg","contentUrl":"https:\/\/janze-athletisme.fr\/wordpress\/wp-content\/uploads\/2025\/02\/Affiche-ronde-des-fees-2025-2.jpg","width":1414,"height":2000},{"@type":"BreadcrumbList","@id":"https:\/\/janze-athletisme.fr\/wordpress\/esse-la-ronde-des-fees-2025-une-reussite-grace-a-vous\/#breadcrumb","itemListElement":[{"@type":"ListItem","position":1,"name":"Accueil","item":"https:\/\/janze-athletisme.fr\/wordpress\/"},{"@type":"ListItem","position":2,"name":"Ess\u00e9: la Ronde des F\u00e9es 2025, une r\u00e9ussite gr\u00e2ce \u00e0 vous !"}]},{"@type":"WebSite","@id":"https:\/\/janze-athletisme.fr\/wordpress\/#website","url":"https:\/\/janze-athletisme.fr\/wordpress\/","name":"Janz\u00e9 Athl\u00e9tisme","description":"Pays de La Roche aux F\u00e9es","publisher":{"@id":"https:\/\/janze-athletisme.fr\/wordpress\/#organization"},"potentialAction":[{"@type":"SearchAction","target":{"@type":"EntryPoint","urlTemplate":"https:\/\/janze-athletisme.fr\/wordpress\/?s={search_term_string}"},"query-input":{"@type":"PropertyValueSpecification","valueRequired":true,"valueName":"search_term_string"}}],"inLanguage":"fr-FR"},{"@type":"Organization","@id":"https:\/\/janze-athletisme.fr\/wordpress\/#organization","name":"Janz\u00e9 Athl\u00e9tisme","url":"https:\/\/janze-athletisme.fr\/wordpress\/","logo":{"@type":"ImageObject","inLanguage":"fr-FR","@id":"https:\/\/janze-athletisme.fr\/wordpress\/#\/schema\/logo\/image\/","url":"https:\/\/janze-athletisme.fr\/wordpress\/wp-content\/uploads\/2015\/03\/logo-full1.jpg","contentUrl":"https:\/\/janze-athletisme.fr\/wordpress\/wp-content\/uploads\/2015\/03\/logo-full1.jpg","width":437,"height":205,"caption":"Janz\u00e9 Athl\u00e9tisme"},"image":{"@id":"https:\/\/janze-athletisme.fr\/wordpress\/#\/schema\/logo\/image\/"},"sameAs":["https:\/\/www.facebook.com\/groups\/1007964579346590"]},{"@type":"Person","@id":"https:\/\/janze-athletisme.fr\/wordpress\/#\/schema\/person\/e27efa3d49687b81c679eb0b5c4973e9","name":"Jean-Marie Jouzel","image":{"@type":"ImageObject","inLanguage":"fr-FR","@id":"https:\/\/secure.gravatar.com\/avatar\/6aaee532914ad5ae9d6b4c13c953c6689456493b17979b560cf8fd0c344930ab?s=96&d=mm&r=g","url":"https:\/\/secure.gravatar.com\/avatar\/6aaee532914ad5ae9d6b4c13c953c6689456493b17979b560cf8fd0c344930ab?s=96&d=mm&r=g","contentUrl":"https:\/\/secure.gravatar.com\/avatar\/6aaee532914ad5ae9d6b4c13c953c6689456493b17979b560cf8fd0c344930ab?s=96&d=mm&r=g","caption":"Jean-Marie Jouzel"},"url":"https:\/\/janze-athletisme.fr\/wordpress\/author\/jmjouzel\/"}]}},"uagb_featured_image_src":{"full":["https:\/\/janze-athletisme.fr\/wordpress\/wp-content\/uploads\/2025\/02\/Affiche-ronde-des-fees-2025-2.jpg",1414,2000,false],"thumbnail":["https:\/\/janze-athletisme.fr\/wordpress\/wp-content\/uploads\/2025\/02\/Affiche-ronde-des-fees-2025-2-150x150.jpg",150,150,true],"medium":["https:\/\/janze-athletisme.fr\/wordpress\/wp-content\/uploads\/2025\/02\/Affiche-ronde-des-fees-2025-2-212x300.jpg",212,300,true],"medium_large":["https:\/\/janze-athletisme.fr\/wordpress\/wp-content\/uploads\/2025\/02\/Affiche-ronde-des-fees-2025-2-768x1086.jpg",768,1086,true],"large":["https:\/\/janze-athletisme.fr\/wordpress\/wp-content\/uploads\/2025\/02\/Affiche-ronde-des-fees-2025-2-724x1024.jpg",724,1024,true],"1536x1536":["https:\/\/janze-athletisme.fr\/wordpress\/wp-content\/uploads\/2025\/02\/Affiche-ronde-des-fees-2025-2-1086x1536.jpg",1086,1536,true],"2048x2048":["https:\/\/janze-athletisme.fr\/wordpress\/wp-content\/uploads\/2025\/02\/Affiche-ronde-des-fees-2025-2.jpg",1414,2000,false]},"uagb_author_info":{"display_name":"Jean-Marie Jouzel","author_link":"https:\/\/janze-athletisme.fr\/wordpress\/author\/jmjouzel\/"},"uagb_comment_info":0,"uagb_excerpt":"La Ronde des F\u00e9es 2025 &nbsp; Ca y est, c&rsquo;est fini, on va pouvoir se (re)poser un peu et faire un point sur cette deuxi\u00e8me \u00e9dition. On va quand m\u00eame commencer par citer et mettre \u00e0 l&rsquo;honneur le Comit\u00e9 d&rsquo;Organisation de la Ronde des F\u00e9es: Luc Daubias, Aur\u00e9lie Bou\u00e9, Raymond Flegeau, H\u00e9l\u00e8ne Gu\u00e9ry, Franck Geslin,\u2026","_links":{"self":[{"href":"https:\/\/janze-athletisme.fr\/wordpress\/wp-json\/wp\/v2\/posts\/25460","targetHints":{"allow":["GET"]}}],"collection":[{"href":"https:\/\/janze-athletisme.fr\/wordpress\/wp-json\/wp\/v2\/posts"}],"about":[{"href":"https:\/\/janze-athletisme.fr\/wordpress\/wp-json\/wp\/v2\/types\/post"}],"author":[{"embeddable":true,"href":"https:\/\/janze-athletisme.fr\/wordpress\/wp-json\/wp\/v2\/users\/8"}],"replies":[{"embeddable":true,"href":"https:\/\/janze-athletisme.fr\/wordpress\/wp-json\/wp\/v2\/comments?post=25460"}],"version-history":[{"count":1,"href":"https:\/\/janze-athletisme.fr\/wordpress\/wp-json\/wp\/v2\/posts\/25460\/revisions"}],"predecessor-version":[{"id":25462,"href":"https:\/\/janze-athletisme.fr\/wordpress\/wp-json\/wp\/v2\/posts\/25460\/revisions\/25462"}],"wp:featuredmedia":[{"embeddable":true,"href":"https:\/\/janze-athletisme.fr\/wordpress\/wp-json\/wp\/v2\/media\/23736"}],"wp:attachment":[{"href":"https:\/\/janze-athletisme.fr\/wordpress\/wp-json\/wp\/v2\/media?parent=25460"}],"wp:term":[{"taxonomy":"category","embeddable":true,"href":"https:\/\/janze-athletisme.fr\/wordpress\/wp-json\/wp\/v2\/categories?post=25460"},{"taxonomy":"post_tag","embeddable":true,"href":"https:\/\/janze-athletisme.fr\/wordpress\/wp-json\/wp\/v2\/tags?post=25460"}],"curies":[{"name":"wp","href":"https:\/\/api.w.org\/{rel}","templated":true}]}}