{"id":25438,"date":"2025-05-26T00:17:43","date_gmt":"2025-05-25T22:17:43","guid":{"rendered":"https:\/\/janze-athletisme.fr\/wordpress\/?p=25438"},"modified":"2025-05-28T16:37:10","modified_gmt":"2025-05-28T14:37:10","slug":"janze-athle-27e-equipe-nationale-u16","status":"publish","type":"post","link":"https:\/\/janze-athletisme.fr\/wordpress\/janze-athle-27e-equipe-nationale-u16\/","title":{"rendered":"Janz\u00e9 Athl\u00e9 27e \u00e9quipe nationale U16 (en N2)"},"content":{"rendered":"<p><span style=\"font-family: Verdana, sans-serif\"><span style=\"font-size: x-large\"><b>Equip&rsquo;athl\u00e9 U16 (minimes), finale nationale N2, Dreux, samedi 24 \/ dimanche 25 mai<\/b><\/span><\/span><\/p>\n<p><span style=\"font-family: Verdana, sans-serif\">Sur le Stade Jean-Bruck de Dreux, le maillot jaune de l&rsquo;EAC avait la couleur du maillot orange de Janz\u00e9 Athl\u00e9. Jeanne Serraj, qui avait toute sa place et aurait d\u00fb repr\u00e9senter Cesson, n&rsquo;a pu se lib\u00e9rer, si bien que toute l&rsquo;\u00e9quipe &#8212; \u00e0 l&rsquo;exception notable de Rose Mah\u00e9, qui repr\u00e9sentait Bain &#8212; \u00e9tait janz\u00e9enne.<\/span><\/p>\n<p><span style=\"font-family: Verdana, sans-serif\">Avec 120 points \u00e0 elle seule (\u00e0 petits 4 points d\u00e9sormais du record d\u00e9partemental de Suzie Harnois \/ HBA), <b>Justine <\/b>Bourgault est la cheffe de file de cette brillante \u00e9quipe, compos\u00e9e de 12 membres, potentiellement interchangeables en cas de blessure, au moins pour la partie vitesse\/saut.<\/span><\/p>\n<p><span style=\"font-family: Verdana, sans-serif\"><span style=\"font-size: large\"><b>Le niveau global de Saint-Malo le 10 mai est maintenu<\/b><\/span><\/span><\/p>\n<p><span style=\"font-family: Verdana, sans-serif\">L&rsquo;\u00e9quipe \u00e9tait revenue du tour qualificatif de Saint-Malo avec 440 points et la 29e place nationale. Elle revient de Dreux avec 439 points et la 27e place. Elle est donc entr\u00e9e pour la premi\u00e8re fois dans le gotha national sans d\u00e9m\u00e9riter.<\/span><\/p>\n<p><span style=\"font-family: Verdana, sans-serif\">On verra dans le tableau \u00e0 suivre toutes les performances r\u00e9alis\u00e9es. On en note quatorze \u00e0 plus de 30 points \u2013 le niveau r\u00e9gional &#8211;, dont trois \u00e0 plus de 40 points \u2013 le seuil du niveau national.<\/span><\/p>\n<p><span style=\"font-family: Verdana, sans-serif\">Notre \u00e9quipe a donc brill\u00e9 collectivement mais aussi par ses individualit\u00e9s. M\u00eame si les uns et les autres interagissent pour fournir le meilleur. Un collectif sans pilote ne va pas loin, un pilote sans collectif encore moins.<\/span><\/p>\n<p><span style=\"font-family: Verdana, sans-serif\">Bravo \u00e0 toutes et tous. La participation et le niveau atteint \u00e0 ce championnat de France Equip&rsquo;athl\u00e9 minimes marquera l&rsquo;une des grandes dates de l&rsquo;ann\u00e9e pour le club. On attend d\u00e9sormais les photos.<\/span><\/p>\n<table border=\"1\" width=\"100%\" cellspacing=\"0\" cellpadding=\"4\">\n<tbody>\n<tr>\n<td bgcolor=\"#ffff99\" width=\"34%\"><span style=\"font-family: Verdana, sans-serif\"><span style=\"font-size: large\"><b>Athl\u00e8te<\/b><\/span><\/span><\/td>\n<td bgcolor=\"#ffff99\" width=\"19%\">\n<p align=\"CENTER\"><span style=\"font-family: Verdana, sans-serif\"><span style=\"font-size: large\"><b>\u00c9preuve<\/b><\/span><\/span><\/p>\n<\/td>\n<td bgcolor=\"#ffff99\" width=\"17%\">\n<p align=\"CENTER\"><span style=\"font-family: Verdana, sans-serif\"><span style=\"font-size: large\"><b>Performance<\/b><\/span><\/span><\/p>\n<\/td>\n<td bgcolor=\"#ffff99\" width=\"15%\">\n<p align=\"CENTER\"><span style=\"font-family: Verdana, sans-serif;font-size: 12pt\"><b>Nombre points<\/b><\/span><\/p>\n<\/td>\n<td bgcolor=\"#ffff99\" width=\"15%\">\n<p align=\"CENTER\"><span style=\"font-family: Verdana, sans-serif\"><span style=\"font-size: large\"><b>Place France<\/b><\/span><\/span><\/p>\n<\/td>\n<\/tr>\n<tr>\n<td colspan=\"3\" bgcolor=\"#ffff99\" width=\"70%\"><span style=\"font-family: Verdana, sans-serif\"><i>Total EAC le 10 mai \u00e0 Saint-Malo<\/i><\/span><\/td>\n<td bgcolor=\"#ffff99\" width=\"15%\">\n<p align=\"CENTER\"><span style=\"font-family: Verdana, sans-serif\"><i>440<\/i><\/span><\/p>\n<\/td>\n<td bgcolor=\"#ffff99\" width=\"15%\">\n<p align=\"CENTER\"><span style=\"font-family: Verdana, sans-serif\"><i>29e<\/i><\/span><\/p>\n<\/td>\n<\/tr>\n<tr>\n<td bgcolor=\"#ffff99\" width=\"34%\"><span style=\"font-family: Verdana, sans-serif\"><b>Mathieu<\/b> Henry<\/span><\/td>\n<td bgcolor=\"#ffff99\" width=\"19%\">\n<p align=\"CENTER\"><span style=\"font-family: Verdana, sans-serif\">Resp.\u00e9quipe<\/span><\/p>\n<\/td>\n<td bgcolor=\"#ffff99\" width=\"17%\">\n<p align=\"CENTER\"><span style=\"font-family: Verdana, sans-serif\">&#8212;<\/span><\/p>\n<\/td>\n<td bgcolor=\"#ffff99\" width=\"15%\">\n<p align=\"CENTER\"><span style=\"font-family: Verdana, sans-serif\">&#8212;<\/span><\/p>\n<\/td>\n<td bgcolor=\"#ffff99\" width=\"15%\">\n<p align=\"CENTER\"><span style=\"font-family: Verdana, sans-serif\">&#8212;<\/span><\/p>\n<\/td>\n<\/tr>\n<tr>\n<td bgcolor=\"#ffff99\" width=\"34%\"><span style=\"font-family: Verdana, sans-serif\"><b>Justine <\/b>Bourgault<\/span><\/td>\n<td bgcolor=\"#ffff99\" width=\"19%\">\n<p align=\"CENTER\"><span style=\"font-family: Verdana, sans-serif\">Longueur<\/span><\/p>\n<\/td>\n<td bgcolor=\"#ffff99\" width=\"17%\">\n<p align=\"CENTER\"><span style=\"font-family: Verdana, sans-serif\">5m35<\/span><\/p>\n<\/td>\n<td bgcolor=\"#ffff99\" width=\"15%\">\n<p align=\"CENTER\"><span style=\"font-family: Verdana, sans-serif\">42<\/span><\/p>\n<\/td>\n<td bgcolor=\"#ffff99\" width=\"15%\"><\/td>\n<\/tr>\n<tr>\n<td bgcolor=\"#ffff99\" width=\"34%\"><span style=\"font-family: Verdana, sans-serif\"><b>Justine<\/b> Bourgault<\/span><\/td>\n<td bgcolor=\"#ffff99\" width=\"19%\">\n<p align=\"CENTER\"><span style=\"font-family: Verdana, sans-serif\">Triple saut<\/span><\/p>\n<\/td>\n<td bgcolor=\"#ffff99\" width=\"17%\">\n<p align=\"CENTER\"><span style=\"font-family: Verdana, sans-serif\">11m36<\/span><\/p>\n<\/td>\n<td bgcolor=\"#ffff99\" width=\"15%\">\n<p align=\"CENTER\"><span style=\"font-family: Verdana, sans-serif\">42<\/span><\/p>\n<\/td>\n<td bgcolor=\"#ffff99\" width=\"15%\"><\/td>\n<\/tr>\n<tr>\n<td bgcolor=\"#ffff99\" width=\"34%\"><span style=\"font-family: Verdana, sans-serif\">Rose Mah\u00e9 (Bain)<\/span><\/td>\n<td bgcolor=\"#ffff99\" width=\"19%\">\n<p align=\"CENTER\"><span style=\"font-family: Verdana, sans-serif\">1000m<\/span><\/p>\n<\/td>\n<td bgcolor=\"#ffff99\" width=\"17%\">\n<p align=\"CENTER\"><span style=\"font-family: Verdana, sans-serif\">3&rsquo;08&Prime;96<\/span><\/p>\n<\/td>\n<td bgcolor=\"#ffff99\" width=\"15%\">\n<p align=\"CENTER\"><span style=\"font-family: Verdana, sans-serif\">41<\/span><\/p>\n<\/td>\n<td bgcolor=\"#ffff99\" width=\"15%\"><\/td>\n<\/tr>\n<tr>\n<td bgcolor=\"#ffff99\" width=\"34%\"><span style=\"font-family: Verdana, sans-serif\"><b>Esteban<\/b> Fleury<\/span><\/td>\n<td bgcolor=\"#ffff99\" width=\"19%\">\n<p align=\"CENTER\"><span style=\"font-family: Verdana, sans-serif\">Disque 1,2kg<\/span><\/p>\n<\/td>\n<td bgcolor=\"#ffff99\" width=\"17%\">\n<p align=\"CENTER\"><span style=\"font-family: Verdana, sans-serif\">35m40<\/span><\/p>\n<\/td>\n<td bgcolor=\"#ffff99\" width=\"15%\">\n<p align=\"CENTER\"><span style=\"font-family: Verdana, sans-serif\">39<\/span><\/p>\n<\/td>\n<td bgcolor=\"#ffff99\" width=\"15%\"><\/td>\n<\/tr>\n<tr>\n<td bgcolor=\"#ffff99\" width=\"34%\"><span style=\"font-family: Verdana, sans-serif\"><b>Justine<\/b> Bourgault<\/span><\/td>\n<td bgcolor=\"#ffff99\" width=\"19%\">\n<p align=\"CENTER\"><span style=\"font-family: Verdana, sans-serif\">80m<\/span><\/p>\n<\/td>\n<td bgcolor=\"#ffff99\" width=\"17%\">\n<p align=\"CENTER\"><span style=\"font-family: Verdana, sans-serif\">11&Prime;07<\/span><\/p>\n<\/td>\n<td bgcolor=\"#ffff99\" width=\"15%\">\n<p align=\"CENTER\"><span style=\"font-family: Verdana, sans-serif\">36<\/span><\/p>\n<\/td>\n<td bgcolor=\"#ffff99\" width=\"15%\"><\/td>\n<\/tr>\n<tr>\n<td bgcolor=\"#ffff99\" width=\"34%\"><span style=\"font-family: Verdana, sans-serif\"><b>Rose<\/b> Meyer-Blanchot<\/span><\/td>\n<td bgcolor=\"#ffff99\" width=\"19%\">\n<p align=\"CENTER\"><span style=\"font-family: Verdana, sans-serif\">2000m<\/span><\/p>\n<\/td>\n<td bgcolor=\"#ffff99\" width=\"17%\">\n<p align=\"CENTER\"><span style=\"font-family: Verdana, sans-serif\">7&rsquo;21&Prime;09<\/span><\/p>\n<\/td>\n<td bgcolor=\"#ffff99\" width=\"15%\">\n<p align=\"CENTER\"><span style=\"font-family: Verdana, sans-serif\">35<\/span><\/p>\n<\/td>\n<td bgcolor=\"#ffff99\" width=\"15%\"><\/td>\n<\/tr>\n<tr>\n<td bgcolor=\"#ffff99\" width=\"34%\"><span style=\"font-family: Verdana, sans-serif\"><b>L\u00e9a<\/b> Th\u00e9odin<\/span><\/td>\n<td bgcolor=\"#ffff99\" width=\"19%\">\n<p align=\"CENTER\"><span style=\"font-family: Verdana, sans-serif\">Hauteur<\/span><\/p>\n<\/td>\n<td bgcolor=\"#ffff99\" width=\"17%\">\n<p align=\"CENTER\"><span style=\"font-family: Verdana, sans-serif\">1m44<\/span><\/p>\n<\/td>\n<td bgcolor=\"#ffff99\" width=\"15%\">\n<p align=\"CENTER\"><span style=\"font-family: Verdana, sans-serif\">35<\/span><\/p>\n<\/td>\n<td bgcolor=\"#ffff99\" width=\"15%\"><\/td>\n<\/tr>\n<tr>\n<td bgcolor=\"#ffff99\" width=\"34%\"><span style=\"font-family: Verdana, sans-serif\"><b>Sayhann<\/b> Ksouda-Lain\u00e9<\/span><\/td>\n<td bgcolor=\"#ffff99\" width=\"19%\">\n<p align=\"CENTER\"><span style=\"font-family: Verdana, sans-serif\">Hauteur<\/span><\/p>\n<\/td>\n<td bgcolor=\"#ffff99\" width=\"17%\">\n<p align=\"CENTER\"><span style=\"font-family: Verdana, sans-serif\">1m60<\/span><\/p>\n<\/td>\n<td bgcolor=\"#ffff99\" width=\"15%\">\n<p align=\"CENTER\"><span style=\"font-family: Verdana, sans-serif\">34<\/span><\/p>\n<\/td>\n<td bgcolor=\"#ffff99\" width=\"15%\"><\/td>\n<\/tr>\n<tr>\n<td bgcolor=\"#ffff99\" width=\"34%\"><span style=\"font-family: Verdana, sans-serif\">Rose Mah\u00e9 (Bain)<\/span><\/td>\n<td bgcolor=\"#ffff99\" width=\"19%\">\n<p align=\"CENTER\"><span style=\"font-family: Verdana, sans-serif\">Javelot 500gr<\/span><\/p>\n<\/td>\n<td bgcolor=\"#ffff99\" width=\"17%\">\n<p align=\"CENTER\"><span style=\"font-family: Verdana, sans-serif\">21m76<\/span><\/p>\n<\/td>\n<td bgcolor=\"#ffff99\" width=\"15%\">\n<p align=\"CENTER\"><span style=\"font-family: Verdana, sans-serif\">33<\/span><\/p>\n<\/td>\n<td bgcolor=\"#ffff99\" width=\"15%\"><\/td>\n<\/tr>\n<tr>\n<td bgcolor=\"#ffff99\" width=\"34%\"><span style=\"font-family: Verdana, sans-serif\"><b>Mathis<\/b> Montagne<\/span><\/td>\n<td bgcolor=\"#ffff99\" width=\"19%\">\n<p align=\"CENTER\"><span style=\"font-family: Verdana, sans-serif\">Longueur<\/span><\/p>\n<\/td>\n<td bgcolor=\"#ffff99\" width=\"17%\">\n<p align=\"CENTER\"><span style=\"font-family: Verdana, sans-serif\">5m21<\/span><\/p>\n<\/td>\n<td bgcolor=\"#ffff99\" width=\"15%\">\n<p align=\"CENTER\"><span style=\"font-family: Verdana, sans-serif\">33<\/span><\/p>\n<\/td>\n<td bgcolor=\"#ffff99\" width=\"15%\"><\/td>\n<\/tr>\n<tr>\n<td bgcolor=\"#ffff99\" width=\"34%\"><span style=\"font-family: Verdana, sans-serif\"><b>Esteban<\/b> Fleury<\/span><\/td>\n<td bgcolor=\"#ffff99\" width=\"19%\">\n<p align=\"CENTER\"><span style=\"font-family: Verdana, sans-serif\">Javelot 600gr<\/span><\/p>\n<\/td>\n<td bgcolor=\"#ffff99\" width=\"17%\">\n<p align=\"CENTER\"><span style=\"font-family: Verdana, sans-serif\">30m92<\/span><\/p>\n<\/td>\n<td bgcolor=\"#ffff99\" width=\"15%\">\n<p align=\"CENTER\"><span style=\"font-family: Verdana, sans-serif\">32<\/span><\/p>\n<\/td>\n<td bgcolor=\"#ffff99\" width=\"15%\"><\/td>\n<\/tr>\n<tr>\n<td bgcolor=\"#ffff99\" width=\"34%\"><span style=\"font-family: Verdana, sans-serif\"><b>Esteban<\/b> Fleury<\/span><\/td>\n<td bgcolor=\"#ffff99\" width=\"19%\">\n<p align=\"CENTER\"><span style=\"font-family: Verdana, sans-serif\">100m haies<\/span><\/p>\n<\/td>\n<td bgcolor=\"#ffff99\" width=\"17%\">\n<p align=\"CENTER\"><span style=\"font-family: Verdana, sans-serif\">15&Prime;71<\/span><\/p>\n<\/td>\n<td bgcolor=\"#ffff99\" width=\"15%\">\n<p align=\"CENTER\"><span style=\"font-family: Verdana, sans-serif\">31<\/span><\/p>\n<\/td>\n<td bgcolor=\"#ffff99\" width=\"15%\"><\/td>\n<\/tr>\n<tr>\n<td bgcolor=\"#ffff99\" width=\"34%\"><span style=\"font-family: Verdana, sans-serif\"><b>Justine Tha\u00efs Esteban Sayhann<\/b><\/span><\/td>\n<td bgcolor=\"#ffff99\" width=\"19%\">\n<p align=\"CENTER\"><span style=\"font-family: Verdana, sans-serif\">4x60m mixte<\/span><\/p>\n<\/td>\n<td bgcolor=\"#ffff99\" width=\"17%\">\n<p align=\"CENTER\"><span style=\"font-family: Verdana, sans-serif\">30&Prime;57<\/span><\/p>\n<\/td>\n<td bgcolor=\"#ffff99\" width=\"15%\">\n<p align=\"CENTER\"><span style=\"font-family: Verdana, sans-serif\">31<\/span><\/p>\n<\/td>\n<td bgcolor=\"#ffff99\" width=\"15%\"><\/td>\n<\/tr>\n<tr>\n<td bgcolor=\"#ffff99\" width=\"34%\"><span style=\"font-family: Verdana, sans-serif\"><b>Alice<\/b> Bou\u00e9<\/span><\/td>\n<td bgcolor=\"#ffff99\" width=\"19%\">\n<p align=\"CENTER\"><span style=\"font-family: Verdana, sans-serif\">120m<\/span><\/p>\n<\/td>\n<td bgcolor=\"#ffff99\" width=\"17%\">\n<p align=\"CENTER\"><span style=\"font-family: Verdana, sans-serif\">17&Prime;13<\/span><\/p>\n<\/td>\n<td bgcolor=\"#ffff99\" width=\"15%\">\n<p align=\"CENTER\"><span style=\"font-family: Verdana, sans-serif\">30<\/span><\/p>\n<\/td>\n<td bgcolor=\"#ffff99\" width=\"15%\"><\/td>\n<\/tr>\n<tr>\n<td bgcolor=\"#ffff99\" width=\"34%\"><span style=\"font-family: Verdana, sans-serif\"><b>Mathis<\/b> Montagne<\/span><\/td>\n<td bgcolor=\"#ffff99\" width=\"19%\">\n<p align=\"CENTER\"><span style=\"font-family: Verdana, sans-serif\">Triple saut<\/span><\/p>\n<\/td>\n<td bgcolor=\"#ffff99\" width=\"17%\">\n<p align=\"CENTER\"><span style=\"font-family: Verdana, sans-serif\">10m50<\/span><\/p>\n<\/td>\n<td bgcolor=\"#ffff99\" width=\"15%\">\n<p align=\"CENTER\"><span style=\"font-family: Verdana, sans-serif\">29<\/span><\/p>\n<\/td>\n<td bgcolor=\"#ffff99\" width=\"15%\"><\/td>\n<\/tr>\n<tr>\n<td bgcolor=\"#ffff99\" width=\"34%\"><span style=\"font-family: Verdana, sans-serif\"><b>Alice<\/b> Bou\u00e9<\/span><\/td>\n<td bgcolor=\"#ffff99\" width=\"19%\">\n<p align=\"CENTER\"><span style=\"font-family: Verdana, sans-serif\">200m haies<\/span><\/p>\n<\/td>\n<td bgcolor=\"#ffff99\" width=\"17%\">\n<p align=\"CENTER\"><span style=\"font-family: Verdana, sans-serif\">34&Prime;92<\/span><\/p>\n<\/td>\n<td bgcolor=\"#ffff99\" width=\"15%\">\n<p align=\"CENTER\"><span style=\"font-family: Verdana, sans-serif\">24<\/span><\/p>\n<\/td>\n<td bgcolor=\"#ffff99\" width=\"15%\"><\/td>\n<\/tr>\n<tr>\n<td bgcolor=\"#ffff99\" width=\"34%\"><span style=\"font-family: Verdana, sans-serif\"><b>Sayhann<\/b> Ksouda-Lain\u00e9<\/span><\/td>\n<td bgcolor=\"#ffff99\" width=\"19%\">\n<p align=\"CENTER\"><span style=\"font-family: Verdana, sans-serif\">Marteau 4kg<\/span><\/p>\n<\/td>\n<td bgcolor=\"#ffff99\" width=\"17%\">\n<p align=\"CENTER\"><span style=\"font-family: Verdana, sans-serif\">23m09<\/span><\/p>\n<\/td>\n<td bgcolor=\"#ffff99\" width=\"15%\">\n<p align=\"CENTER\"><span style=\"font-family: Verdana, sans-serif\">22<\/span><\/p>\n<\/td>\n<td bgcolor=\"#ffff99\" width=\"15%\"><\/td>\n<\/tr>\n<tr>\n<td bgcolor=\"#ffff99\" width=\"34%\"><span style=\"font-family: Verdana, sans-serif\"><b>Wyssem<\/b> Le Gallic-Habibi<\/span><\/td>\n<td bgcolor=\"#ffff99\" width=\"19%\">\n<p align=\"CENTER\"><span style=\"font-family: Verdana, sans-serif\">80m<\/span><\/p>\n<\/td>\n<td bgcolor=\"#ffff99\" width=\"17%\">\n<p align=\"CENTER\"><span style=\"font-family: Verdana, sans-serif\">10&Prime;93<\/span><\/p>\n<\/td>\n<td bgcolor=\"#ffff99\" width=\"15%\">\n<p align=\"CENTER\"><span style=\"font-family: Verdana, sans-serif\">22<\/span><\/p>\n<\/td>\n<td bgcolor=\"#ffff99\" width=\"15%\"><\/td>\n<\/tr>\n<tr>\n<td bgcolor=\"#ffff99\" width=\"34%\"><span style=\"font-family: Verdana, sans-serif\"><b>Antonin<\/b> Heinry (BEM)<\/span><\/td>\n<td bgcolor=\"#ffff99\" width=\"19%\">\n<p align=\"CENTER\"><span style=\"font-family: Verdana, sans-serif\">Jeune juge<\/span><\/p>\n<\/td>\n<td bgcolor=\"#ffff99\" width=\"17%\">\n<p align=\"CENTER\"><span style=\"font-family: Verdana, sans-serif\">&#8212;<\/span><\/p>\n<\/td>\n<td bgcolor=\"#ffff99\" width=\"15%\">\n<p align=\"CENTER\"><span style=\"font-family: Verdana, sans-serif\">20<\/span><\/p>\n<\/td>\n<td bgcolor=\"#ffff99\" width=\"15%\">\n<p align=\"CENTER\"><span style=\"font-family: Verdana, sans-serif\">&#8212;<\/span><\/p>\n<\/td>\n<\/tr>\n<tr>\n<td bgcolor=\"#ffff99\" width=\"34%\"><span style=\"font-family: Verdana, sans-serif\"><b>Mathis<\/b> Montagne<\/span><\/td>\n<td bgcolor=\"#ffff99\" width=\"19%\">\n<p align=\"CENTER\"><span style=\"font-family: Verdana, sans-serif\">120m<\/span><\/p>\n<\/td>\n<td bgcolor=\"#ffff99\" width=\"17%\">\n<p align=\"CENTER\"><span style=\"font-family: Verdana, sans-serif\">16&Prime;01<\/span><\/p>\n<\/td>\n<td bgcolor=\"#ffff99\" width=\"15%\">\n<p align=\"CENTER\"><span style=\"font-family: Verdana, sans-serif\">19<\/span><\/p>\n<\/td>\n<td bgcolor=\"#ffff99\" width=\"15%\"><\/td>\n<\/tr>\n<tr>\n<td bgcolor=\"#ffff99\" width=\"34%\"><span style=\"font-family: Verdana, sans-serif\"><b>No\u00e9mie<\/b> Leroux<\/span><\/td>\n<td bgcolor=\"#ffff99\" width=\"19%\">\n<p align=\"CENTER\"><span style=\"font-family: Verdana, sans-serif\">80m haies<\/span><\/p>\n<\/td>\n<td bgcolor=\"#ffff99\" width=\"17%\">\n<p align=\"CENTER\"><span style=\"font-family: Verdana, sans-serif\">16&Prime;45<\/span><\/p>\n<\/td>\n<td bgcolor=\"#ffff99\" width=\"15%\">\n<p align=\"CENTER\"><span style=\"font-family: Verdana, sans-serif\">14<\/span><\/p>\n<\/td>\n<td bgcolor=\"#ffff99\" width=\"15%\"><\/td>\n<\/tr>\n<tr>\n<td bgcolor=\"#ffff99\" width=\"34%\"><span style=\"font-family: Verdana, sans-serif\"><b>No\u00e9mie<\/b> Leroux<\/span><\/td>\n<td bgcolor=\"#ffff99\" width=\"19%\">\n<p align=\"CENTER\"><span style=\"font-family: Verdana, sans-serif\">Poids 3kg<\/span><\/p>\n<\/td>\n<td bgcolor=\"#ffff99\" width=\"17%\">\n<p align=\"CENTER\"><span style=\"font-family: Verdana, sans-serif\">5m89<\/span><\/p>\n<\/td>\n<td bgcolor=\"#ffff99\" width=\"15%\">\n<p align=\"CENTER\"><span style=\"font-family: Verdana, sans-serif\">14<\/span><\/p>\n<\/td>\n<td bgcolor=\"#ffff99\" width=\"15%\"><\/td>\n<\/tr>\n<tr>\n<td bgcolor=\"#ffff99\" width=\"34%\"><span style=\"font-family: Verdana, sans-serif\"><b>No\u00e9mie<\/b> Leroux<\/span><\/td>\n<td bgcolor=\"#ffff99\" width=\"19%\">\n<p align=\"CENTER\"><span style=\"font-family: Verdana, sans-serif\">Disque 800gr<\/span><\/p>\n<\/td>\n<td bgcolor=\"#ffff99\" width=\"17%\">\n<p align=\"CENTER\"><span style=\"font-family: Verdana, sans-serif\">13m88<\/span><\/p>\n<\/td>\n<td bgcolor=\"#ffff99\" width=\"15%\">\n<p align=\"CENTER\"><span style=\"font-family: Verdana, sans-serif\">13<\/span><\/p>\n<\/td>\n<td bgcolor=\"#ffff99\" width=\"15%\"><\/td>\n<\/tr>\n<tr>\n<td bgcolor=\"#ffff99\" width=\"34%\"><span style=\"font-family: Verdana, sans-serif\"><b>Lucile <\/b>Aubin<\/span><\/td>\n<td bgcolor=\"#ffff99\" width=\"19%\">\n<p align=\"CENTER\"><span style=\"font-family: Verdana, sans-serif\">Marteau 3kg<\/span><\/p>\n<\/td>\n<td bgcolor=\"#ffff99\" width=\"17%\">\n<p align=\"CENTER\"><span style=\"font-family: Verdana, sans-serif\">13m28<\/span><\/p>\n<\/td>\n<td bgcolor=\"#ffff99\" width=\"15%\">\n<p align=\"CENTER\"><span style=\"font-family: Verdana, sans-serif\">7<\/span><\/p>\n<\/td>\n<td bgcolor=\"#ffff99\" width=\"15%\"><\/td>\n<\/tr>\n<tr>\n<td bgcolor=\"#ffff99\" width=\"34%\"><span style=\"font-family: Verdana, sans-serif\"><b>Wyssem<\/b> Le Gallic-Habibi<\/span><\/td>\n<td bgcolor=\"#ffff99\" width=\"19%\">\n<p align=\"CENTER\"><span style=\"font-family: Verdana, sans-serif\">Longueur<\/span><\/p>\n<\/td>\n<td bgcolor=\"#ffff99\" width=\"17%\">\n<p align=\"CENTER\"><span style=\"font-family: Verdana, sans-serif\">4m41<\/span><\/p>\n<\/td>\n<td bgcolor=\"#ffff99\" width=\"15%\">\n<p align=\"CENTER\"><span style=\"font-family: Verdana, sans-serif\">5<\/span><\/p>\n<\/td>\n<td bgcolor=\"#ffff99\" width=\"15%\"><\/td>\n<\/tr>\n<tr>\n<td colspan=\"3\" bgcolor=\"#ffff99\" width=\"70%\"><span style=\"font-family: Verdana, sans-serif\"><i>Total EAC le 25 mai \u00e0 Dreux<\/i><\/span><\/td>\n<td bgcolor=\"#ffff99\" width=\"15%\">\n<p align=\"CENTER\"><span style=\"font-family: Verdana, sans-serif\"><i>439<\/i><\/span><\/p>\n<\/td>\n<td bgcolor=\"#ffff99\" width=\"15%\">\n<p align=\"CENTER\"><span style=\"font-family: Verdana, sans-serif\"><i>27e<\/i><\/span><\/p>\n<\/td>\n<\/tr>\n<\/tbody>\n<\/table>\n<p><span style=\"font-family: Verdana, sans-serif\">Tous les r\u00e9sultats sont <a href=\"https:\/\/bases.athle.fr\/asp.net\/liste.aspx?frmbase=resultats&amp;frmmode=1&amp;frmespace=0&amp;frmcompetition=302342\">ICI<\/a>. On les trouvera aussi dans les images ci-dessous.<\/span><\/p>\n<p><a href=\"https:\/\/janze-athletisme.fr\/wordpress\/wp-content\/uploads\/2025\/05\/Resultat-des-equipes-N2.png\"><img loading=\"lazy\" decoding=\"async\" class=\"alignnone wp-image-25439\" src=\"https:\/\/janze-athletisme.fr\/wordpress\/wp-content\/uploads\/2025\/05\/Resultat-des-equipes-N2-300x265.png\" alt=\"\" width=\"354\" height=\"313\" srcset=\"https:\/\/janze-athletisme.fr\/wordpress\/wp-content\/uploads\/2025\/05\/Resultat-des-equipes-N2-300x265.png 300w, https:\/\/janze-athletisme.fr\/wordpress\/wp-content\/uploads\/2025\/05\/Resultat-des-equipes-N2-768x679.png 768w, https:\/\/janze-athletisme.fr\/wordpress\/wp-content\/uploads\/2025\/05\/Resultat-des-equipes-N2.png 791w\" sizes=\"auto, (max-width: 354px) 100vw, 354px\" \/><\/a> <a href=\"https:\/\/janze-athletisme.fr\/wordpress\/wp-content\/uploads\/2025\/05\/Resultats-individuels.png\"><img loading=\"lazy\" decoding=\"async\" class=\"alignnone wp-image-25440\" src=\"https:\/\/janze-athletisme.fr\/wordpress\/wp-content\/uploads\/2025\/05\/Resultats-individuels-300x268.png\" alt=\"\" width=\"351\" height=\"314\" srcset=\"https:\/\/janze-athletisme.fr\/wordpress\/wp-content\/uploads\/2025\/05\/Resultats-individuels-300x268.png 300w, https:\/\/janze-athletisme.fr\/wordpress\/wp-content\/uploads\/2025\/05\/Resultats-individuels-768x686.png 768w, https:\/\/janze-athletisme.fr\/wordpress\/wp-content\/uploads\/2025\/05\/Resultats-individuels.png 826w\" sizes=\"auto, (max-width: 351px) 100vw, 351px\" \/><\/a><\/p>\n<p><em>Vous avez not\u00e9 que le compte des points du tableau ne correspond pas au total de l&rsquo;\u00e9quipe. Pourquoi ? Parce que la r\u00e8gle est relativement complexe. La voici :<\/em><\/p>\n<p><span style=\"font-family: Verdana, sans-serif;font-size: 14pt\"><b>Totalisation des cotations pour la N2 (U16)<\/b><\/span><\/p>\n<p>\u25aa <span style=\"font-family: Verdana, sans-serif\">Premi\u00e8re \u00e9tape : pour chaque \u00e9preuve, on retient la meilleure cotation <\/span><span style=\"font-family: Verdana, sans-serif\">(gar\u00e7ons et filles confondus).<\/span><\/p>\n<p>\u25aa <span style=\"font-family: Verdana, sans-serif\">Seconde \u00e9tape : on classe les \u00e9preuves dans chaque groupe d\u2019\u00e9preuves <\/span><span style=\"font-family: Verdana, sans-serif\">de la meilleure \u00e0 la moins bonne cotation.<\/span><\/p>\n<p>\u25aa <span style=\"font-family: Verdana, sans-serif\">Troisi\u00e8me \u00e9tape : on retire la moins bonne cotation du groupe <\/span><span style=\"font-family: Verdana, sans-serif\">d\u2019\u00e9preuves (\u00ab sauts \u00bb, \u00ab lancers \u00bb, \u00ab sprint\/haies \u00bb et \u00ab \u00bd fond\/marche \u00bb),<\/span><\/p>\n<p><span style=\"font-family: Verdana, sans-serif\">o 12 performances sont prises en compte pour le classement N2.<\/span><\/p>\n<p>\u2022 <span style=\"font-family: Verdana, sans-serif\">S\u2019ajoutent au total les points de jeune juge selon la cotation indiqu\u00e9e.<\/span><\/p>\n<p>\u2022 <span style=\"font-family: Verdana, sans-serif\">L\u2019absence de cotation dans une famille n\u2019est pas \u00e9liminatoire.<\/span><\/p>\n<p>\u2022 <span style=\"font-family: Verdana, sans-serif\">Les \u00e9quipes ex-aequo sont d\u00e9partag\u00e9es par le temps r\u00e9alis\u00e9 dans l\u2019\u00e9preuve de relais.<\/span><\/p>\n","protected":false},"excerpt":{"rendered":"<p>Equip&rsquo;athl\u00e9 U16 (minimes), finale nationale N2, Dreux, samedi 24 \/ dimanche 25 mai Sur le Stade Jean-Bruck de Dreux, le maillot jaune de l&rsquo;EAC avait la couleur du maillot orange de Janz\u00e9 Athl\u00e9. Jeanne Serraj, qui avait toute sa place et aurait d\u00fb repr\u00e9senter Cesson, n&rsquo;a pu se lib\u00e9rer, si bien que toute l&rsquo;\u00e9quipe &#8212; [&hellip;]<\/p>\n","protected":false},"author":12,"featured_media":25441,"comment_status":"open","ping_status":"open","sticky":false,"template":"","format":"aside","meta":{"_uag_custom_page_level_css":"","site-sidebar-layout":"default","site-content-layout":"","ast-site-content-layout":"default","site-content-style":"default","site-sidebar-style":"default","ast-global-header-display":"","ast-banner-title-visibility":"","ast-main-header-display":"","ast-hfb-above-header-display":"","ast-hfb-below-header-display":"","ast-hfb-mobile-header-display":"","site-post-title":"","ast-breadcrumbs-content":"","ast-featured-img":"","footer-sml-layout":"","ast-disable-related-posts":"","theme-transparent-header-meta":"default","adv-header-id-meta":"","stick-header-meta":"","header-above-stick-meta":"","header-main-stick-meta":"","header-below-stick-meta":"","astra-migrate-meta-layouts":"set","ast-page-background-enabled":"default","ast-page-background-meta":{"desktop":{"background-color":"var(--ast-global-color-4)","background-image":"","background-repeat":"repeat","background-position":"center center","background-size":"auto","background-attachment":"scroll","background-type":"","background-media":"","overlay-type":"","overlay-color":"","overlay-opacity":"","overlay-gradient":""},"tablet":{"background-color":"","background-image":"","background-repeat":"repeat","background-position":"center center","background-size":"auto","background-attachment":"scroll","background-type":"","background-media":"","overlay-type":"","overlay-color":"","overlay-opacity":"","overlay-gradient":""},"mobile":{"background-color":"","background-image":"","background-repeat":"repeat","background-position":"center center","background-size":"auto","background-attachment":"scroll","background-type":"","background-media":"","overlay-type":"","overlay-color":"","overlay-opacity":"","overlay-gradient":""}},"ast-content-background-meta":{"desktop":{"background-color":"var(--ast-global-color-5)","background-image":"","background-repeat":"repeat","background-position":"center center","background-size":"auto","background-attachment":"scroll","background-type":"","background-media":"","overlay-type":"","overlay-color":"","overlay-opacity":"","overlay-gradient":""},"tablet":{"background-color":"var(--ast-global-color-5)","background-image":"","background-repeat":"repeat","background-position":"center center","background-size":"auto","background-attachment":"scroll","background-type":"","background-media":"","overlay-type":"","overlay-color":"","overlay-opacity":"","overlay-gradient":""},"mobile":{"background-color":"var(--ast-global-color-5)","background-image":"","background-repeat":"repeat","background-position":"center center","background-size":"auto","background-attachment":"scroll","background-type":"","background-media":"","overlay-type":"","overlay-color":"","overlay-opacity":"","overlay-gradient":""}},"footnotes":""},"categories":[6],"tags":[],"class_list":["post-25438","post","type-post","status-publish","format-aside","has-post-thumbnail","hentry","category-sections","post_format-post-format-aside"],"yoast_head":"<!-- This site is optimized with the Yoast SEO plugin v27.4 - https:\/\/yoast.com\/product\/yoast-seo-wordpress\/ -->\n<title>Janz\u00e9 Athl\u00e9 27e \u00e9quipe nationale U16 (en N2) - Janz\u00e9 Athl\u00e9tisme<\/title>\n<meta name=\"robots\" content=\"index, follow, max-snippet:-1, max-image-preview:large, max-video-preview:-1\" \/>\n<link rel=\"canonical\" href=\"https:\/\/janze-athletisme.fr\/wordpress\/janze-athle-27e-equipe-nationale-u16\/\" \/>\n<meta property=\"og:locale\" content=\"fr_FR\" \/>\n<meta property=\"og:type\" content=\"article\" \/>\n<meta property=\"og:title\" content=\"Janz\u00e9 Athl\u00e9 27e \u00e9quipe nationale U16 (en N2) - Janz\u00e9 Athl\u00e9tisme\" \/>\n<meta property=\"og:description\" content=\"Equip&rsquo;athl\u00e9 U16 (minimes), finale nationale N2, Dreux, samedi 24 \/ dimanche 25 mai Sur le Stade Jean-Bruck de Dreux, le maillot jaune de l&rsquo;EAC avait la couleur du maillot orange de Janz\u00e9 Athl\u00e9. Jeanne Serraj, qui avait toute sa place et aurait d\u00fb repr\u00e9senter Cesson, n&rsquo;a pu se lib\u00e9rer, si bien que toute l&rsquo;\u00e9quipe &#8212; [&hellip;]\" \/>\n<meta property=\"og:url\" content=\"https:\/\/janze-athletisme.fr\/wordpress\/janze-athle-27e-equipe-nationale-u16\/\" \/>\n<meta property=\"og:site_name\" content=\"Janz\u00e9 Athl\u00e9tisme\" \/>\n<meta property=\"article:publisher\" content=\"https:\/\/www.facebook.com\/groups\/1007964579346590\" \/>\n<meta property=\"article:published_time\" content=\"2025-05-25T22:17:43+00:00\" \/>\n<meta property=\"article:modified_time\" content=\"2025-05-28T14:37:10+00:00\" \/>\n<meta property=\"og:image\" content=\"https:\/\/janze-athletisme.fr\/wordpress\/wp-content\/uploads\/2025\/05\/DSC_5113-1.jpg\" \/>\n\t<meta property=\"og:image:width\" content=\"1200\" \/>\n\t<meta property=\"og:image:height\" content=\"1200\" \/>\n\t<meta property=\"og:image:type\" content=\"image\/jpeg\" \/>\n<meta name=\"author\" content=\"Laurent Meunier\" \/>\n<meta name=\"twitter:card\" content=\"summary_large_image\" \/>\n<meta name=\"twitter:label1\" content=\"\u00c9crit par\" \/>\n\t<meta name=\"twitter:data1\" content=\"Laurent Meunier\" \/>\n\t<meta name=\"twitter:label2\" content=\"Dur\u00e9e de lecture estim\u00e9e\" \/>\n\t<meta name=\"twitter:data2\" content=\"4 minutes\" \/>\n<script type=\"application\/ld+json\" class=\"yoast-schema-graph\">{\"@context\":\"https:\\\/\\\/schema.org\",\"@graph\":[{\"@type\":\"Article\",\"@id\":\"https:\\\/\\\/janze-athletisme.fr\\\/wordpress\\\/janze-athle-27e-equipe-nationale-u16\\\/#article\",\"isPartOf\":{\"@id\":\"https:\\\/\\\/janze-athletisme.fr\\\/wordpress\\\/janze-athle-27e-equipe-nationale-u16\\\/\"},\"author\":{\"name\":\"Laurent Meunier\",\"@id\":\"https:\\\/\\\/janze-athletisme.fr\\\/wordpress\\\/#\\\/schema\\\/person\\\/c7b063dcfa6234c041d4d9b26cc2ea03\"},\"headline\":\"Janz\u00e9 Athl\u00e9 27e \u00e9quipe nationale U16 (en N2)\",\"datePublished\":\"2025-05-25T22:17:43+00:00\",\"dateModified\":\"2025-05-28T14:37:10+00:00\",\"mainEntityOfPage\":{\"@id\":\"https:\\\/\\\/janze-athletisme.fr\\\/wordpress\\\/janze-athle-27e-equipe-nationale-u16\\\/\"},\"wordCount\":588,\"commentCount\":0,\"publisher\":{\"@id\":\"https:\\\/\\\/janze-athletisme.fr\\\/wordpress\\\/#organization\"},\"image\":{\"@id\":\"https:\\\/\\\/janze-athletisme.fr\\\/wordpress\\\/janze-athle-27e-equipe-nationale-u16\\\/#primaryimage\"},\"thumbnailUrl\":\"https:\\\/\\\/janze-athletisme.fr\\\/wordpress\\\/wp-content\\\/uploads\\\/2025\\\/05\\\/DSC_5113-1.jpg\",\"articleSection\":[\"Le club au jour le jour\"],\"inLanguage\":\"fr-FR\",\"potentialAction\":[{\"@type\":\"CommentAction\",\"name\":\"Comment\",\"target\":[\"https:\\\/\\\/janze-athletisme.fr\\\/wordpress\\\/janze-athle-27e-equipe-nationale-u16\\\/#respond\"]}]},{\"@type\":\"WebPage\",\"@id\":\"https:\\\/\\\/janze-athletisme.fr\\\/wordpress\\\/janze-athle-27e-equipe-nationale-u16\\\/\",\"url\":\"https:\\\/\\\/janze-athletisme.fr\\\/wordpress\\\/janze-athle-27e-equipe-nationale-u16\\\/\",\"name\":\"Janz\u00e9 Athl\u00e9 27e \u00e9quipe nationale U16 (en N2) - Janz\u00e9 Athl\u00e9tisme\",\"isPartOf\":{\"@id\":\"https:\\\/\\\/janze-athletisme.fr\\\/wordpress\\\/#website\"},\"primaryImageOfPage\":{\"@id\":\"https:\\\/\\\/janze-athletisme.fr\\\/wordpress\\\/janze-athle-27e-equipe-nationale-u16\\\/#primaryimage\"},\"image\":{\"@id\":\"https:\\\/\\\/janze-athletisme.fr\\\/wordpress\\\/janze-athle-27e-equipe-nationale-u16\\\/#primaryimage\"},\"thumbnailUrl\":\"https:\\\/\\\/janze-athletisme.fr\\\/wordpress\\\/wp-content\\\/uploads\\\/2025\\\/05\\\/DSC_5113-1.jpg\",\"datePublished\":\"2025-05-25T22:17:43+00:00\",\"dateModified\":\"2025-05-28T14:37:10+00:00\",\"breadcrumb\":{\"@id\":\"https:\\\/\\\/janze-athletisme.fr\\\/wordpress\\\/janze-athle-27e-equipe-nationale-u16\\\/#breadcrumb\"},\"inLanguage\":\"fr-FR\",\"potentialAction\":[{\"@type\":\"ReadAction\",\"target\":[\"https:\\\/\\\/janze-athletisme.fr\\\/wordpress\\\/janze-athle-27e-equipe-nationale-u16\\\/\"]}]},{\"@type\":\"ImageObject\",\"inLanguage\":\"fr-FR\",\"@id\":\"https:\\\/\\\/janze-athletisme.fr\\\/wordpress\\\/janze-athle-27e-equipe-nationale-u16\\\/#primaryimage\",\"url\":\"https:\\\/\\\/janze-athletisme.fr\\\/wordpress\\\/wp-content\\\/uploads\\\/2025\\\/05\\\/DSC_5113-1.jpg\",\"contentUrl\":\"https:\\\/\\\/janze-athletisme.fr\\\/wordpress\\\/wp-content\\\/uploads\\\/2025\\\/05\\\/DSC_5113-1.jpg\",\"width\":1200,\"height\":1200},{\"@type\":\"BreadcrumbList\",\"@id\":\"https:\\\/\\\/janze-athletisme.fr\\\/wordpress\\\/janze-athle-27e-equipe-nationale-u16\\\/#breadcrumb\",\"itemListElement\":[{\"@type\":\"ListItem\",\"position\":1,\"name\":\"Accueil\",\"item\":\"https:\\\/\\\/janze-athletisme.fr\\\/wordpress\\\/\"},{\"@type\":\"ListItem\",\"position\":2,\"name\":\"Janz\u00e9 Athl\u00e9 27e \u00e9quipe nationale U16 (en N2)\"}]},{\"@type\":\"WebSite\",\"@id\":\"https:\\\/\\\/janze-athletisme.fr\\\/wordpress\\\/#website\",\"url\":\"https:\\\/\\\/janze-athletisme.fr\\\/wordpress\\\/\",\"name\":\"Janz\u00e9 Athl\u00e9tisme\",\"description\":\"Pays de La Roche aux F\u00e9es\",\"publisher\":{\"@id\":\"https:\\\/\\\/janze-athletisme.fr\\\/wordpress\\\/#organization\"},\"potentialAction\":[{\"@type\":\"SearchAction\",\"target\":{\"@type\":\"EntryPoint\",\"urlTemplate\":\"https:\\\/\\\/janze-athletisme.fr\\\/wordpress\\\/?s={search_term_string}\"},\"query-input\":{\"@type\":\"PropertyValueSpecification\",\"valueRequired\":true,\"valueName\":\"search_term_string\"}}],\"inLanguage\":\"fr-FR\"},{\"@type\":\"Organization\",\"@id\":\"https:\\\/\\\/janze-athletisme.fr\\\/wordpress\\\/#organization\",\"name\":\"Janz\u00e9 Athl\u00e9tisme\",\"url\":\"https:\\\/\\\/janze-athletisme.fr\\\/wordpress\\\/\",\"logo\":{\"@type\":\"ImageObject\",\"inLanguage\":\"fr-FR\",\"@id\":\"https:\\\/\\\/janze-athletisme.fr\\\/wordpress\\\/#\\\/schema\\\/logo\\\/image\\\/\",\"url\":\"https:\\\/\\\/janze-athletisme.fr\\\/wordpress\\\/wp-content\\\/uploads\\\/2015\\\/03\\\/logo-full1.jpg\",\"contentUrl\":\"https:\\\/\\\/janze-athletisme.fr\\\/wordpress\\\/wp-content\\\/uploads\\\/2015\\\/03\\\/logo-full1.jpg\",\"width\":437,\"height\":205,\"caption\":\"Janz\u00e9 Athl\u00e9tisme\"},\"image\":{\"@id\":\"https:\\\/\\\/janze-athletisme.fr\\\/wordpress\\\/#\\\/schema\\\/logo\\\/image\\\/\"},\"sameAs\":[\"https:\\\/\\\/www.facebook.com\\\/groups\\\/1007964579346590\"]},{\"@type\":\"Person\",\"@id\":\"https:\\\/\\\/janze-athletisme.fr\\\/wordpress\\\/#\\\/schema\\\/person\\\/c7b063dcfa6234c041d4d9b26cc2ea03\",\"name\":\"Laurent Meunier\",\"image\":{\"@type\":\"ImageObject\",\"inLanguage\":\"fr-FR\",\"@id\":\"https:\\\/\\\/secure.gravatar.com\\\/avatar\\\/dd25d581ad7c3349090f2fa6a9adb6bfa287e6a5dd8a5216a092727cd8749034?s=96&d=mm&r=g\",\"url\":\"https:\\\/\\\/secure.gravatar.com\\\/avatar\\\/dd25d581ad7c3349090f2fa6a9adb6bfa287e6a5dd8a5216a092727cd8749034?s=96&d=mm&r=g\",\"contentUrl\":\"https:\\\/\\\/secure.gravatar.com\\\/avatar\\\/dd25d581ad7c3349090f2fa6a9adb6bfa287e6a5dd8a5216a092727cd8749034?s=96&d=mm&r=g\",\"caption\":\"Laurent Meunier\"},\"url\":\"https:\\\/\\\/janze-athletisme.fr\\\/wordpress\\\/author\\\/laurent-meunier35\\\/\"}]}<\/script>\n<!-- \/ Yoast SEO plugin. -->","yoast_head_json":{"title":"Janz\u00e9 Athl\u00e9 27e \u00e9quipe nationale U16 (en N2) - Janz\u00e9 Athl\u00e9tisme","robots":{"index":"index","follow":"follow","max-snippet":"max-snippet:-1","max-image-preview":"max-image-preview:large","max-video-preview":"max-video-preview:-1"},"canonical":"https:\/\/janze-athletisme.fr\/wordpress\/janze-athle-27e-equipe-nationale-u16\/","og_locale":"fr_FR","og_type":"article","og_title":"Janz\u00e9 Athl\u00e9 27e \u00e9quipe nationale U16 (en N2) - Janz\u00e9 Athl\u00e9tisme","og_description":"Equip&rsquo;athl\u00e9 U16 (minimes), finale nationale N2, Dreux, samedi 24 \/ dimanche 25 mai Sur le Stade Jean-Bruck de Dreux, le maillot jaune de l&rsquo;EAC avait la couleur du maillot orange de Janz\u00e9 Athl\u00e9. Jeanne Serraj, qui avait toute sa place et aurait d\u00fb repr\u00e9senter Cesson, n&rsquo;a pu se lib\u00e9rer, si bien que toute l&rsquo;\u00e9quipe &#8212; [&hellip;]","og_url":"https:\/\/janze-athletisme.fr\/wordpress\/janze-athle-27e-equipe-nationale-u16\/","og_site_name":"Janz\u00e9 Athl\u00e9tisme","article_publisher":"https:\/\/www.facebook.com\/groups\/1007964579346590","article_published_time":"2025-05-25T22:17:43+00:00","article_modified_time":"2025-05-28T14:37:10+00:00","og_image":[{"width":1200,"height":1200,"url":"https:\/\/janze-athletisme.fr\/wordpress\/wp-content\/uploads\/2025\/05\/DSC_5113-1.jpg","type":"image\/jpeg"}],"author":"Laurent Meunier","twitter_card":"summary_large_image","twitter_misc":{"\u00c9crit par":"Laurent Meunier","Dur\u00e9e de lecture estim\u00e9e":"4 minutes"},"schema":{"@context":"https:\/\/schema.org","@graph":[{"@type":"Article","@id":"https:\/\/janze-athletisme.fr\/wordpress\/janze-athle-27e-equipe-nationale-u16\/#article","isPartOf":{"@id":"https:\/\/janze-athletisme.fr\/wordpress\/janze-athle-27e-equipe-nationale-u16\/"},"author":{"name":"Laurent Meunier","@id":"https:\/\/janze-athletisme.fr\/wordpress\/#\/schema\/person\/c7b063dcfa6234c041d4d9b26cc2ea03"},"headline":"Janz\u00e9 Athl\u00e9 27e \u00e9quipe nationale U16 (en N2)","datePublished":"2025-05-25T22:17:43+00:00","dateModified":"2025-05-28T14:37:10+00:00","mainEntityOfPage":{"@id":"https:\/\/janze-athletisme.fr\/wordpress\/janze-athle-27e-equipe-nationale-u16\/"},"wordCount":588,"commentCount":0,"publisher":{"@id":"https:\/\/janze-athletisme.fr\/wordpress\/#organization"},"image":{"@id":"https:\/\/janze-athletisme.fr\/wordpress\/janze-athle-27e-equipe-nationale-u16\/#primaryimage"},"thumbnailUrl":"https:\/\/janze-athletisme.fr\/wordpress\/wp-content\/uploads\/2025\/05\/DSC_5113-1.jpg","articleSection":["Le club au jour le jour"],"inLanguage":"fr-FR","potentialAction":[{"@type":"CommentAction","name":"Comment","target":["https:\/\/janze-athletisme.fr\/wordpress\/janze-athle-27e-equipe-nationale-u16\/#respond"]}]},{"@type":"WebPage","@id":"https:\/\/janze-athletisme.fr\/wordpress\/janze-athle-27e-equipe-nationale-u16\/","url":"https:\/\/janze-athletisme.fr\/wordpress\/janze-athle-27e-equipe-nationale-u16\/","name":"Janz\u00e9 Athl\u00e9 27e \u00e9quipe nationale U16 (en N2) - Janz\u00e9 Athl\u00e9tisme","isPartOf":{"@id":"https:\/\/janze-athletisme.fr\/wordpress\/#website"},"primaryImageOfPage":{"@id":"https:\/\/janze-athletisme.fr\/wordpress\/janze-athle-27e-equipe-nationale-u16\/#primaryimage"},"image":{"@id":"https:\/\/janze-athletisme.fr\/wordpress\/janze-athle-27e-equipe-nationale-u16\/#primaryimage"},"thumbnailUrl":"https:\/\/janze-athletisme.fr\/wordpress\/wp-content\/uploads\/2025\/05\/DSC_5113-1.jpg","datePublished":"2025-05-25T22:17:43+00:00","dateModified":"2025-05-28T14:37:10+00:00","breadcrumb":{"@id":"https:\/\/janze-athletisme.fr\/wordpress\/janze-athle-27e-equipe-nationale-u16\/#breadcrumb"},"inLanguage":"fr-FR","potentialAction":[{"@type":"ReadAction","target":["https:\/\/janze-athletisme.fr\/wordpress\/janze-athle-27e-equipe-nationale-u16\/"]}]},{"@type":"ImageObject","inLanguage":"fr-FR","@id":"https:\/\/janze-athletisme.fr\/wordpress\/janze-athle-27e-equipe-nationale-u16\/#primaryimage","url":"https:\/\/janze-athletisme.fr\/wordpress\/wp-content\/uploads\/2025\/05\/DSC_5113-1.jpg","contentUrl":"https:\/\/janze-athletisme.fr\/wordpress\/wp-content\/uploads\/2025\/05\/DSC_5113-1.jpg","width":1200,"height":1200},{"@type":"BreadcrumbList","@id":"https:\/\/janze-athletisme.fr\/wordpress\/janze-athle-27e-equipe-nationale-u16\/#breadcrumb","itemListElement":[{"@type":"ListItem","position":1,"name":"Accueil","item":"https:\/\/janze-athletisme.fr\/wordpress\/"},{"@type":"ListItem","position":2,"name":"Janz\u00e9 Athl\u00e9 27e \u00e9quipe nationale U16 (en N2)"}]},{"@type":"WebSite","@id":"https:\/\/janze-athletisme.fr\/wordpress\/#website","url":"https:\/\/janze-athletisme.fr\/wordpress\/","name":"Janz\u00e9 Athl\u00e9tisme","description":"Pays de La Roche aux F\u00e9es","publisher":{"@id":"https:\/\/janze-athletisme.fr\/wordpress\/#organization"},"potentialAction":[{"@type":"SearchAction","target":{"@type":"EntryPoint","urlTemplate":"https:\/\/janze-athletisme.fr\/wordpress\/?s={search_term_string}"},"query-input":{"@type":"PropertyValueSpecification","valueRequired":true,"valueName":"search_term_string"}}],"inLanguage":"fr-FR"},{"@type":"Organization","@id":"https:\/\/janze-athletisme.fr\/wordpress\/#organization","name":"Janz\u00e9 Athl\u00e9tisme","url":"https:\/\/janze-athletisme.fr\/wordpress\/","logo":{"@type":"ImageObject","inLanguage":"fr-FR","@id":"https:\/\/janze-athletisme.fr\/wordpress\/#\/schema\/logo\/image\/","url":"https:\/\/janze-athletisme.fr\/wordpress\/wp-content\/uploads\/2015\/03\/logo-full1.jpg","contentUrl":"https:\/\/janze-athletisme.fr\/wordpress\/wp-content\/uploads\/2015\/03\/logo-full1.jpg","width":437,"height":205,"caption":"Janz\u00e9 Athl\u00e9tisme"},"image":{"@id":"https:\/\/janze-athletisme.fr\/wordpress\/#\/schema\/logo\/image\/"},"sameAs":["https:\/\/www.facebook.com\/groups\/1007964579346590"]},{"@type":"Person","@id":"https:\/\/janze-athletisme.fr\/wordpress\/#\/schema\/person\/c7b063dcfa6234c041d4d9b26cc2ea03","name":"Laurent Meunier","image":{"@type":"ImageObject","inLanguage":"fr-FR","@id":"https:\/\/secure.gravatar.com\/avatar\/dd25d581ad7c3349090f2fa6a9adb6bfa287e6a5dd8a5216a092727cd8749034?s=96&d=mm&r=g","url":"https:\/\/secure.gravatar.com\/avatar\/dd25d581ad7c3349090f2fa6a9adb6bfa287e6a5dd8a5216a092727cd8749034?s=96&d=mm&r=g","contentUrl":"https:\/\/secure.gravatar.com\/avatar\/dd25d581ad7c3349090f2fa6a9adb6bfa287e6a5dd8a5216a092727cd8749034?s=96&d=mm&r=g","caption":"Laurent Meunier"},"url":"https:\/\/janze-athletisme.fr\/wordpress\/author\/laurent-meunier35\/"}]}},"uagb_featured_image_src":{"full":["https:\/\/janze-athletisme.fr\/wordpress\/wp-content\/uploads\/2025\/05\/DSC_5113-1.jpg",1200,1200,false],"thumbnail":["https:\/\/janze-athletisme.fr\/wordpress\/wp-content\/uploads\/2025\/05\/DSC_5113-1-150x150.jpg",150,150,true],"medium":["https:\/\/janze-athletisme.fr\/wordpress\/wp-content\/uploads\/2025\/05\/DSC_5113-1-300x300.jpg",300,300,true],"medium_large":["https:\/\/janze-athletisme.fr\/wordpress\/wp-content\/uploads\/2025\/05\/DSC_5113-1-768x768.jpg",768,768,true],"large":["https:\/\/janze-athletisme.fr\/wordpress\/wp-content\/uploads\/2025\/05\/DSC_5113-1-1024x1024.jpg",1024,1024,true],"1536x1536":["https:\/\/janze-athletisme.fr\/wordpress\/wp-content\/uploads\/2025\/05\/DSC_5113-1.jpg",1200,1200,false],"2048x2048":["https:\/\/janze-athletisme.fr\/wordpress\/wp-content\/uploads\/2025\/05\/DSC_5113-1.jpg",1200,1200,false]},"uagb_author_info":{"display_name":"Laurent Meunier","author_link":"https:\/\/janze-athletisme.fr\/wordpress\/author\/laurent-meunier35\/"},"uagb_comment_info":0,"uagb_excerpt":"Equip&rsquo;athl\u00e9 U16 (minimes), finale nationale N2, Dreux, samedi 24 \/ dimanche 25 mai Sur le Stade Jean-Bruck de Dreux, le maillot jaune de l&rsquo;EAC avait la couleur du maillot orange de Janz\u00e9 Athl\u00e9. Jeanne Serraj, qui avait toute sa place et aurait d\u00fb repr\u00e9senter Cesson, n&rsquo;a pu se lib\u00e9rer, si bien que toute l&rsquo;\u00e9quipe &#8212;\u2026","_links":{"self":[{"href":"https:\/\/janze-athletisme.fr\/wordpress\/wp-json\/wp\/v2\/posts\/25438","targetHints":{"allow":["GET"]}}],"collection":[{"href":"https:\/\/janze-athletisme.fr\/wordpress\/wp-json\/wp\/v2\/posts"}],"about":[{"href":"https:\/\/janze-athletisme.fr\/wordpress\/wp-json\/wp\/v2\/types\/post"}],"author":[{"embeddable":true,"href":"https:\/\/janze-athletisme.fr\/wordpress\/wp-json\/wp\/v2\/users\/12"}],"replies":[{"embeddable":true,"href":"https:\/\/janze-athletisme.fr\/wordpress\/wp-json\/wp\/v2\/comments?post=25438"}],"version-history":[{"count":10,"href":"https:\/\/janze-athletisme.fr\/wordpress\/wp-json\/wp\/v2\/posts\/25438\/revisions"}],"predecessor-version":[{"id":25520,"href":"https:\/\/janze-athletisme.fr\/wordpress\/wp-json\/wp\/v2\/posts\/25438\/revisions\/25520"}],"wp:featuredmedia":[{"embeddable":true,"href":"https:\/\/janze-athletisme.fr\/wordpress\/wp-json\/wp\/v2\/media\/25441"}],"wp:attachment":[{"href":"https:\/\/janze-athletisme.fr\/wordpress\/wp-json\/wp\/v2\/media?parent=25438"}],"wp:term":[{"taxonomy":"category","embeddable":true,"href":"https:\/\/janze-athletisme.fr\/wordpress\/wp-json\/wp\/v2\/categories?post=25438"},{"taxonomy":"post_tag","embeddable":true,"href":"https:\/\/janze-athletisme.fr\/wordpress\/wp-json\/wp\/v2\/tags?post=25438"}],"curies":[{"name":"wp","href":"https:\/\/api.w.org\/{rel}","templated":true}]}}