{"id":25430,"date":"2025-05-25T16:54:43","date_gmt":"2025-05-25T14:54:43","guid":{"rendered":"https:\/\/janze-athletisme.fr\/wordpress\/?p=25430"},"modified":"2025-05-26T11:33:38","modified_gmt":"2025-05-26T09:33:38","slug":"rdf-2025-1ere-galerie-de-photos","status":"publish","type":"post","link":"https:\/\/janze-athletisme.fr\/wordpress\/rdf-2025-1ere-galerie-de-photos\/","title":{"rendered":"RDF 2025 : trois galeries de photos en une"},"content":{"rendered":"<p><span style=\"font-size: 18pt\"><strong>Ronde des f\u00e9es, Ess\u00e9, samedi 24 mai<\/strong><\/span><\/p>\n<p>Voici le lien de la galerie r\u00e9alis\u00e9e par <strong>Denis<\/strong> Caillaud: <a href=\"https:\/\/photos.app.goo.gl\/y83oBLPUYFhhVRDH9\">ICI<\/a><\/p>\n<p>Voici le lien de la galerie pour les miennes : <a href=\"https:\/\/photos.app.goo.gl\/JmnEtgTNamgbsP5y9\">ICI<\/a><\/p>\n<p>On les retrouvera incessamment sur le site de Klikego.<\/p>\n<p>Et en voici une derni\u00e8re avec les b\u00e9n\u00e9voles et amis : <a href=\"https:\/\/photos.app.goo.gl\/CZLbe21LvVpqSXd17\">ICI<\/a><\/p>\n<p>Ci-dessous la liste de tous les b\u00e9n\u00e9voles ayant particip\u00e9 \u00e0 la Ronde des F\u00e9es 2025. Ils ont \u00e9t\u00e9 nombreux.<\/p>\n<p>On ne les remerciera jamais assez, mais on va quand m\u00eame essayer (un peu) : Merci merci merci merci merci merci merci merci merci merci merci merci merci merci merci merci merci merci merci \u00e0 toutes et tous et encore merci.<\/p>\n<p><a href=\"https:\/\/janze-athletisme.fr\/wordpress\/wp-content\/uploads\/2025\/05\/Benevoles-1.png\"><img loading=\"lazy\" decoding=\"async\" class=\"alignnone wp-image-25432\" src=\"https:\/\/janze-athletisme.fr\/wordpress\/wp-content\/uploads\/2025\/05\/Benevoles-1-300x195.png\" alt=\"\" width=\"267\" height=\"174\" srcset=\"https:\/\/janze-athletisme.fr\/wordpress\/wp-content\/uploads\/2025\/05\/Benevoles-1-300x195.png 300w, https:\/\/janze-athletisme.fr\/wordpress\/wp-content\/uploads\/2025\/05\/Benevoles-1-768x499.png 768w, https:\/\/janze-athletisme.fr\/wordpress\/wp-content\/uploads\/2025\/05\/Benevoles-1.png 862w\" sizes=\"auto, (max-width: 267px) 100vw, 267px\" \/><\/a> <a href=\"https:\/\/janze-athletisme.fr\/wordpress\/wp-content\/uploads\/2025\/05\/Benevoles-2.png\"><img loading=\"lazy\" decoding=\"async\" class=\"alignnone wp-image-25433\" src=\"https:\/\/janze-athletisme.fr\/wordpress\/wp-content\/uploads\/2025\/05\/Benevoles-2-300x190.png\" alt=\"\" width=\"269\" height=\"171\" srcset=\"https:\/\/janze-athletisme.fr\/wordpress\/wp-content\/uploads\/2025\/05\/Benevoles-2-300x190.png 300w, https:\/\/janze-athletisme.fr\/wordpress\/wp-content\/uploads\/2025\/05\/Benevoles-2-768x487.png 768w, https:\/\/janze-athletisme.fr\/wordpress\/wp-content\/uploads\/2025\/05\/Benevoles-2.png 865w\" sizes=\"auto, (max-width: 269px) 100vw, 269px\" \/><\/a> <a href=\"https:\/\/janze-athletisme.fr\/wordpress\/wp-content\/uploads\/2025\/05\/Benevoles-3.png\"><img loading=\"lazy\" decoding=\"async\" class=\"alignnone wp-image-25434\" src=\"https:\/\/janze-athletisme.fr\/wordpress\/wp-content\/uploads\/2025\/05\/Benevoles-3-300x199.png\" alt=\"\" width=\"254\" height=\"168\" srcset=\"https:\/\/janze-athletisme.fr\/wordpress\/wp-content\/uploads\/2025\/05\/Benevoles-3-300x199.png 300w, https:\/\/janze-athletisme.fr\/wordpress\/wp-content\/uploads\/2025\/05\/Benevoles-3-768x510.png 768w, https:\/\/janze-athletisme.fr\/wordpress\/wp-content\/uploads\/2025\/05\/Benevoles-3.png 859w\" sizes=\"auto, (max-width: 254px) 100vw, 254px\" \/><\/a><\/p>\n<p><a href=\"https:\/\/janze-athletisme.fr\/wordpress\/wp-content\/uploads\/2025\/05\/Benevoles-4.png\"><img loading=\"lazy\" decoding=\"async\" class=\"alignnone size-medium wp-image-25435\" src=\"https:\/\/janze-athletisme.fr\/wordpress\/wp-content\/uploads\/2025\/05\/Benevoles-4-300x127.png\" alt=\"\" width=\"300\" height=\"127\" srcset=\"https:\/\/janze-athletisme.fr\/wordpress\/wp-content\/uploads\/2025\/05\/Benevoles-4-300x127.png 300w, https:\/\/janze-athletisme.fr\/wordpress\/wp-content\/uploads\/2025\/05\/Benevoles-4-768x326.png 768w, https:\/\/janze-athletisme.fr\/wordpress\/wp-content\/uploads\/2025\/05\/Benevoles-4.png 863w\" sizes=\"auto, (max-width: 300px) 100vw, 300px\" \/> <\/a><a href=\"https:\/\/janze-athletisme.fr\/wordpress\/wp-content\/uploads\/2025\/05\/Emotikon-bravo.jpg\"><img loading=\"lazy\" decoding=\"async\" class=\"alignnone  wp-image-25447\" src=\"https:\/\/janze-athletisme.fr\/wordpress\/wp-content\/uploads\/2025\/05\/Emotikon-bravo-300x162.jpg\" alt=\"\" width=\"242\" height=\"131\" srcset=\"https:\/\/janze-athletisme.fr\/wordpress\/wp-content\/uploads\/2025\/05\/Emotikon-bravo-300x162.jpg 300w, https:\/\/janze-athletisme.fr\/wordpress\/wp-content\/uploads\/2025\/05\/Emotikon-bravo.jpg 762w\" sizes=\"auto, (max-width: 242px) 100vw, 242px\" \/><\/a><\/p>\n","protected":false},"excerpt":{"rendered":"<p>Ronde des f\u00e9es, Ess\u00e9, samedi 24 mai Voici le lien de la galerie r\u00e9alis\u00e9e par Denis Caillaud: ICI Voici le lien de la galerie pour les miennes : ICI On les retrouvera incessamment sur le site de Klikego. Et en voici une derni\u00e8re avec les b\u00e9n\u00e9voles et amis : ICI Ci-dessous la liste de tous [&hellip;]<\/p>\n","protected":false},"author":12,"featured_media":25431,"comment_status":"open","ping_status":"open","sticky":false,"template":"","format":"aside","meta":{"_uag_custom_page_level_css":"","site-sidebar-layout":"default","site-content-layout":"","ast-site-content-layout":"default","site-content-style":"default","site-sidebar-style":"default","ast-global-header-display":"","ast-banner-title-visibility":"","ast-main-header-display":"","ast-hfb-above-header-display":"","ast-hfb-below-header-display":"","ast-hfb-mobile-header-display":"","site-post-title":"","ast-breadcrumbs-content":"","ast-featured-img":"","footer-sml-layout":"","ast-disable-related-posts":"","theme-transparent-header-meta":"default","adv-header-id-meta":"","stick-header-meta":"","header-above-stick-meta":"","header-main-stick-meta":"","header-below-stick-meta":"","astra-migrate-meta-layouts":"set","ast-page-background-enabled":"default","ast-page-background-meta":{"desktop":{"background-color":"var(--ast-global-color-4)","background-image":"","background-repeat":"repeat","background-position":"center center","background-size":"auto","background-attachment":"scroll","background-type":"","background-media":"","overlay-type":"","overlay-color":"","overlay-opacity":"","overlay-gradient":""},"tablet":{"background-color":"","background-image":"","background-repeat":"repeat","background-position":"center center","background-size":"auto","background-attachment":"scroll","background-type":"","background-media":"","overlay-type":"","overlay-color":"","overlay-opacity":"","overlay-gradient":""},"mobile":{"background-color":"","background-image":"","background-repeat":"repeat","background-position":"center center","background-size":"auto","background-attachment":"scroll","background-type":"","background-media":"","overlay-type":"","overlay-color":"","overlay-opacity":"","overlay-gradient":""}},"ast-content-background-meta":{"desktop":{"background-color":"var(--ast-global-color-5)","background-image":"","background-repeat":"repeat","background-position":"center center","background-size":"auto","background-attachment":"scroll","background-type":"","background-media":"","overlay-type":"","overlay-color":"","overlay-opacity":"","overlay-gradient":""},"tablet":{"background-color":"var(--ast-global-color-5)","background-image":"","background-repeat":"repeat","background-position":"center center","background-size":"auto","background-attachment":"scroll","background-type":"","background-media":"","overlay-type":"","overlay-color":"","overlay-opacity":"","overlay-gradient":""},"mobile":{"background-color":"var(--ast-global-color-5)","background-image":"","background-repeat":"repeat","background-position":"center center","background-size":"auto","background-attachment":"scroll","background-type":"","background-media":"","overlay-type":"","overlay-color":"","overlay-opacity":"","overlay-gradient":""}},"footnotes":""},"categories":[6],"tags":[],"class_list":["post-25430","post","type-post","status-publish","format-aside","has-post-thumbnail","hentry","category-sections","post_format-post-format-aside"],"yoast_head":"<!-- This site is optimized with the Yoast SEO plugin v27.4 - https:\/\/yoast.com\/product\/yoast-seo-wordpress\/ -->\n<title>RDF 2025 : trois galeries de photos en une - Janz\u00e9 Athl\u00e9tisme<\/title>\n<meta name=\"robots\" content=\"index, follow, max-snippet:-1, max-image-preview:large, max-video-preview:-1\" \/>\n<link rel=\"canonical\" href=\"https:\/\/janze-athletisme.fr\/wordpress\/rdf-2025-1ere-galerie-de-photos\/\" \/>\n<meta property=\"og:locale\" content=\"fr_FR\" \/>\n<meta property=\"og:type\" content=\"article\" \/>\n<meta property=\"og:title\" content=\"RDF 2025 : trois galeries de photos en une - Janz\u00e9 Athl\u00e9tisme\" \/>\n<meta property=\"og:description\" content=\"Ronde des f\u00e9es, Ess\u00e9, samedi 24 mai Voici le lien de la galerie r\u00e9alis\u00e9e par Denis Caillaud: ICI Voici le lien de la galerie pour les miennes : ICI On les retrouvera incessamment sur le site de Klikego. Et en voici une derni\u00e8re avec les b\u00e9n\u00e9voles et amis : ICI Ci-dessous la liste de tous [&hellip;]\" \/>\n<meta property=\"og:url\" content=\"https:\/\/janze-athletisme.fr\/wordpress\/rdf-2025-1ere-galerie-de-photos\/\" \/>\n<meta property=\"og:site_name\" content=\"Janz\u00e9 Athl\u00e9tisme\" \/>\n<meta property=\"article:publisher\" content=\"https:\/\/www.facebook.com\/groups\/1007964579346590\" \/>\n<meta property=\"article:published_time\" content=\"2025-05-25T14:54:43+00:00\" \/>\n<meta property=\"article:modified_time\" content=\"2025-05-26T09:33:38+00:00\" \/>\n<meta property=\"og:image\" content=\"https:\/\/janze-athletisme.fr\/wordpress\/wp-content\/uploads\/2025\/05\/Fees-DR-DC-e1748184442655.jpg\" \/>\n\t<meta property=\"og:image:width\" content=\"689\" \/>\n\t<meta property=\"og:image:height\" content=\"651\" \/>\n\t<meta property=\"og:image:type\" content=\"image\/jpeg\" \/>\n<meta name=\"author\" content=\"Laurent Meunier\" \/>\n<meta name=\"twitter:card\" content=\"summary_large_image\" \/>\n<meta name=\"twitter:label1\" content=\"\u00c9crit par\" \/>\n\t<meta name=\"twitter:data1\" content=\"Laurent Meunier\" \/>\n\t<meta name=\"twitter:label2\" content=\"Dur\u00e9e de lecture estim\u00e9e\" \/>\n\t<meta name=\"twitter:data2\" content=\"2 minutes\" \/>\n<script type=\"application\/ld+json\" class=\"yoast-schema-graph\">{\"@context\":\"https:\\\/\\\/schema.org\",\"@graph\":[{\"@type\":\"Article\",\"@id\":\"https:\\\/\\\/janze-athletisme.fr\\\/wordpress\\\/rdf-2025-1ere-galerie-de-photos\\\/#article\",\"isPartOf\":{\"@id\":\"https:\\\/\\\/janze-athletisme.fr\\\/wordpress\\\/rdf-2025-1ere-galerie-de-photos\\\/\"},\"author\":{\"name\":\"Laurent Meunier\",\"@id\":\"https:\\\/\\\/janze-athletisme.fr\\\/wordpress\\\/#\\\/schema\\\/person\\\/c7b063dcfa6234c041d4d9b26cc2ea03\"},\"headline\":\"RDF 2025 : trois galeries de photos en une\",\"datePublished\":\"2025-05-25T14:54:43+00:00\",\"dateModified\":\"2025-05-26T09:33:38+00:00\",\"mainEntityOfPage\":{\"@id\":\"https:\\\/\\\/janze-athletisme.fr\\\/wordpress\\\/rdf-2025-1ere-galerie-de-photos\\\/\"},\"wordCount\":120,\"commentCount\":0,\"publisher\":{\"@id\":\"https:\\\/\\\/janze-athletisme.fr\\\/wordpress\\\/#organization\"},\"image\":{\"@id\":\"https:\\\/\\\/janze-athletisme.fr\\\/wordpress\\\/rdf-2025-1ere-galerie-de-photos\\\/#primaryimage\"},\"thumbnailUrl\":\"https:\\\/\\\/janze-athletisme.fr\\\/wordpress\\\/wp-content\\\/uploads\\\/2025\\\/05\\\/Fees-DR-DC-e1748184442655.jpg\",\"articleSection\":[\"Le club au jour le jour\"],\"inLanguage\":\"fr-FR\",\"potentialAction\":[{\"@type\":\"CommentAction\",\"name\":\"Comment\",\"target\":[\"https:\\\/\\\/janze-athletisme.fr\\\/wordpress\\\/rdf-2025-1ere-galerie-de-photos\\\/#respond\"]}]},{\"@type\":\"WebPage\",\"@id\":\"https:\\\/\\\/janze-athletisme.fr\\\/wordpress\\\/rdf-2025-1ere-galerie-de-photos\\\/\",\"url\":\"https:\\\/\\\/janze-athletisme.fr\\\/wordpress\\\/rdf-2025-1ere-galerie-de-photos\\\/\",\"name\":\"RDF 2025 : trois galeries de photos en une - Janz\u00e9 Athl\u00e9tisme\",\"isPartOf\":{\"@id\":\"https:\\\/\\\/janze-athletisme.fr\\\/wordpress\\\/#website\"},\"primaryImageOfPage\":{\"@id\":\"https:\\\/\\\/janze-athletisme.fr\\\/wordpress\\\/rdf-2025-1ere-galerie-de-photos\\\/#primaryimage\"},\"image\":{\"@id\":\"https:\\\/\\\/janze-athletisme.fr\\\/wordpress\\\/rdf-2025-1ere-galerie-de-photos\\\/#primaryimage\"},\"thumbnailUrl\":\"https:\\\/\\\/janze-athletisme.fr\\\/wordpress\\\/wp-content\\\/uploads\\\/2025\\\/05\\\/Fees-DR-DC-e1748184442655.jpg\",\"datePublished\":\"2025-05-25T14:54:43+00:00\",\"dateModified\":\"2025-05-26T09:33:38+00:00\",\"breadcrumb\":{\"@id\":\"https:\\\/\\\/janze-athletisme.fr\\\/wordpress\\\/rdf-2025-1ere-galerie-de-photos\\\/#breadcrumb\"},\"inLanguage\":\"fr-FR\",\"potentialAction\":[{\"@type\":\"ReadAction\",\"target\":[\"https:\\\/\\\/janze-athletisme.fr\\\/wordpress\\\/rdf-2025-1ere-galerie-de-photos\\\/\"]}]},{\"@type\":\"ImageObject\",\"inLanguage\":\"fr-FR\",\"@id\":\"https:\\\/\\\/janze-athletisme.fr\\\/wordpress\\\/rdf-2025-1ere-galerie-de-photos\\\/#primaryimage\",\"url\":\"https:\\\/\\\/janze-athletisme.fr\\\/wordpress\\\/wp-content\\\/uploads\\\/2025\\\/05\\\/Fees-DR-DC-e1748184442655.jpg\",\"contentUrl\":\"https:\\\/\\\/janze-athletisme.fr\\\/wordpress\\\/wp-content\\\/uploads\\\/2025\\\/05\\\/Fees-DR-DC-e1748184442655.jpg\",\"width\":689,\"height\":651},{\"@type\":\"BreadcrumbList\",\"@id\":\"https:\\\/\\\/janze-athletisme.fr\\\/wordpress\\\/rdf-2025-1ere-galerie-de-photos\\\/#breadcrumb\",\"itemListElement\":[{\"@type\":\"ListItem\",\"position\":1,\"name\":\"Accueil\",\"item\":\"https:\\\/\\\/janze-athletisme.fr\\\/wordpress\\\/\"},{\"@type\":\"ListItem\",\"position\":2,\"name\":\"RDF 2025 : trois galeries de photos en une\"}]},{\"@type\":\"WebSite\",\"@id\":\"https:\\\/\\\/janze-athletisme.fr\\\/wordpress\\\/#website\",\"url\":\"https:\\\/\\\/janze-athletisme.fr\\\/wordpress\\\/\",\"name\":\"Janz\u00e9 Athl\u00e9tisme\",\"description\":\"Pays de La Roche aux F\u00e9es\",\"publisher\":{\"@id\":\"https:\\\/\\\/janze-athletisme.fr\\\/wordpress\\\/#organization\"},\"potentialAction\":[{\"@type\":\"SearchAction\",\"target\":{\"@type\":\"EntryPoint\",\"urlTemplate\":\"https:\\\/\\\/janze-athletisme.fr\\\/wordpress\\\/?s={search_term_string}\"},\"query-input\":{\"@type\":\"PropertyValueSpecification\",\"valueRequired\":true,\"valueName\":\"search_term_string\"}}],\"inLanguage\":\"fr-FR\"},{\"@type\":\"Organization\",\"@id\":\"https:\\\/\\\/janze-athletisme.fr\\\/wordpress\\\/#organization\",\"name\":\"Janz\u00e9 Athl\u00e9tisme\",\"url\":\"https:\\\/\\\/janze-athletisme.fr\\\/wordpress\\\/\",\"logo\":{\"@type\":\"ImageObject\",\"inLanguage\":\"fr-FR\",\"@id\":\"https:\\\/\\\/janze-athletisme.fr\\\/wordpress\\\/#\\\/schema\\\/logo\\\/image\\\/\",\"url\":\"https:\\\/\\\/janze-athletisme.fr\\\/wordpress\\\/wp-content\\\/uploads\\\/2015\\\/03\\\/logo-full1.jpg\",\"contentUrl\":\"https:\\\/\\\/janze-athletisme.fr\\\/wordpress\\\/wp-content\\\/uploads\\\/2015\\\/03\\\/logo-full1.jpg\",\"width\":437,\"height\":205,\"caption\":\"Janz\u00e9 Athl\u00e9tisme\"},\"image\":{\"@id\":\"https:\\\/\\\/janze-athletisme.fr\\\/wordpress\\\/#\\\/schema\\\/logo\\\/image\\\/\"},\"sameAs\":[\"https:\\\/\\\/www.facebook.com\\\/groups\\\/1007964579346590\"]},{\"@type\":\"Person\",\"@id\":\"https:\\\/\\\/janze-athletisme.fr\\\/wordpress\\\/#\\\/schema\\\/person\\\/c7b063dcfa6234c041d4d9b26cc2ea03\",\"name\":\"Laurent Meunier\",\"image\":{\"@type\":\"ImageObject\",\"inLanguage\":\"fr-FR\",\"@id\":\"https:\\\/\\\/secure.gravatar.com\\\/avatar\\\/dd25d581ad7c3349090f2fa6a9adb6bfa287e6a5dd8a5216a092727cd8749034?s=96&d=mm&r=g\",\"url\":\"https:\\\/\\\/secure.gravatar.com\\\/avatar\\\/dd25d581ad7c3349090f2fa6a9adb6bfa287e6a5dd8a5216a092727cd8749034?s=96&d=mm&r=g\",\"contentUrl\":\"https:\\\/\\\/secure.gravatar.com\\\/avatar\\\/dd25d581ad7c3349090f2fa6a9adb6bfa287e6a5dd8a5216a092727cd8749034?s=96&d=mm&r=g\",\"caption\":\"Laurent Meunier\"},\"url\":\"https:\\\/\\\/janze-athletisme.fr\\\/wordpress\\\/author\\\/laurent-meunier35\\\/\"}]}<\/script>\n<!-- \/ Yoast SEO plugin. -->","yoast_head_json":{"title":"RDF 2025 : trois galeries de photos en une - Janz\u00e9 Athl\u00e9tisme","robots":{"index":"index","follow":"follow","max-snippet":"max-snippet:-1","max-image-preview":"max-image-preview:large","max-video-preview":"max-video-preview:-1"},"canonical":"https:\/\/janze-athletisme.fr\/wordpress\/rdf-2025-1ere-galerie-de-photos\/","og_locale":"fr_FR","og_type":"article","og_title":"RDF 2025 : trois galeries de photos en une - Janz\u00e9 Athl\u00e9tisme","og_description":"Ronde des f\u00e9es, Ess\u00e9, samedi 24 mai Voici le lien de la galerie r\u00e9alis\u00e9e par Denis Caillaud: ICI Voici le lien de la galerie pour les miennes : ICI On les retrouvera incessamment sur le site de Klikego. Et en voici une derni\u00e8re avec les b\u00e9n\u00e9voles et amis : ICI Ci-dessous la liste de tous [&hellip;]","og_url":"https:\/\/janze-athletisme.fr\/wordpress\/rdf-2025-1ere-galerie-de-photos\/","og_site_name":"Janz\u00e9 Athl\u00e9tisme","article_publisher":"https:\/\/www.facebook.com\/groups\/1007964579346590","article_published_time":"2025-05-25T14:54:43+00:00","article_modified_time":"2025-05-26T09:33:38+00:00","og_image":[{"width":689,"height":651,"url":"https:\/\/janze-athletisme.fr\/wordpress\/wp-content\/uploads\/2025\/05\/Fees-DR-DC-e1748184442655.jpg","type":"image\/jpeg"}],"author":"Laurent Meunier","twitter_card":"summary_large_image","twitter_misc":{"\u00c9crit par":"Laurent Meunier","Dur\u00e9e de lecture estim\u00e9e":"2 minutes"},"schema":{"@context":"https:\/\/schema.org","@graph":[{"@type":"Article","@id":"https:\/\/janze-athletisme.fr\/wordpress\/rdf-2025-1ere-galerie-de-photos\/#article","isPartOf":{"@id":"https:\/\/janze-athletisme.fr\/wordpress\/rdf-2025-1ere-galerie-de-photos\/"},"author":{"name":"Laurent Meunier","@id":"https:\/\/janze-athletisme.fr\/wordpress\/#\/schema\/person\/c7b063dcfa6234c041d4d9b26cc2ea03"},"headline":"RDF 2025 : trois galeries de photos en une","datePublished":"2025-05-25T14:54:43+00:00","dateModified":"2025-05-26T09:33:38+00:00","mainEntityOfPage":{"@id":"https:\/\/janze-athletisme.fr\/wordpress\/rdf-2025-1ere-galerie-de-photos\/"},"wordCount":120,"commentCount":0,"publisher":{"@id":"https:\/\/janze-athletisme.fr\/wordpress\/#organization"},"image":{"@id":"https:\/\/janze-athletisme.fr\/wordpress\/rdf-2025-1ere-galerie-de-photos\/#primaryimage"},"thumbnailUrl":"https:\/\/janze-athletisme.fr\/wordpress\/wp-content\/uploads\/2025\/05\/Fees-DR-DC-e1748184442655.jpg","articleSection":["Le club au jour le jour"],"inLanguage":"fr-FR","potentialAction":[{"@type":"CommentAction","name":"Comment","target":["https:\/\/janze-athletisme.fr\/wordpress\/rdf-2025-1ere-galerie-de-photos\/#respond"]}]},{"@type":"WebPage","@id":"https:\/\/janze-athletisme.fr\/wordpress\/rdf-2025-1ere-galerie-de-photos\/","url":"https:\/\/janze-athletisme.fr\/wordpress\/rdf-2025-1ere-galerie-de-photos\/","name":"RDF 2025 : trois galeries de photos en une - Janz\u00e9 Athl\u00e9tisme","isPartOf":{"@id":"https:\/\/janze-athletisme.fr\/wordpress\/#website"},"primaryImageOfPage":{"@id":"https:\/\/janze-athletisme.fr\/wordpress\/rdf-2025-1ere-galerie-de-photos\/#primaryimage"},"image":{"@id":"https:\/\/janze-athletisme.fr\/wordpress\/rdf-2025-1ere-galerie-de-photos\/#primaryimage"},"thumbnailUrl":"https:\/\/janze-athletisme.fr\/wordpress\/wp-content\/uploads\/2025\/05\/Fees-DR-DC-e1748184442655.jpg","datePublished":"2025-05-25T14:54:43+00:00","dateModified":"2025-05-26T09:33:38+00:00","breadcrumb":{"@id":"https:\/\/janze-athletisme.fr\/wordpress\/rdf-2025-1ere-galerie-de-photos\/#breadcrumb"},"inLanguage":"fr-FR","potentialAction":[{"@type":"ReadAction","target":["https:\/\/janze-athletisme.fr\/wordpress\/rdf-2025-1ere-galerie-de-photos\/"]}]},{"@type":"ImageObject","inLanguage":"fr-FR","@id":"https:\/\/janze-athletisme.fr\/wordpress\/rdf-2025-1ere-galerie-de-photos\/#primaryimage","url":"https:\/\/janze-athletisme.fr\/wordpress\/wp-content\/uploads\/2025\/05\/Fees-DR-DC-e1748184442655.jpg","contentUrl":"https:\/\/janze-athletisme.fr\/wordpress\/wp-content\/uploads\/2025\/05\/Fees-DR-DC-e1748184442655.jpg","width":689,"height":651},{"@type":"BreadcrumbList","@id":"https:\/\/janze-athletisme.fr\/wordpress\/rdf-2025-1ere-galerie-de-photos\/#breadcrumb","itemListElement":[{"@type":"ListItem","position":1,"name":"Accueil","item":"https:\/\/janze-athletisme.fr\/wordpress\/"},{"@type":"ListItem","position":2,"name":"RDF 2025 : trois galeries de photos en une"}]},{"@type":"WebSite","@id":"https:\/\/janze-athletisme.fr\/wordpress\/#website","url":"https:\/\/janze-athletisme.fr\/wordpress\/","name":"Janz\u00e9 Athl\u00e9tisme","description":"Pays de La Roche aux F\u00e9es","publisher":{"@id":"https:\/\/janze-athletisme.fr\/wordpress\/#organization"},"potentialAction":[{"@type":"SearchAction","target":{"@type":"EntryPoint","urlTemplate":"https:\/\/janze-athletisme.fr\/wordpress\/?s={search_term_string}"},"query-input":{"@type":"PropertyValueSpecification","valueRequired":true,"valueName":"search_term_string"}}],"inLanguage":"fr-FR"},{"@type":"Organization","@id":"https:\/\/janze-athletisme.fr\/wordpress\/#organization","name":"Janz\u00e9 Athl\u00e9tisme","url":"https:\/\/janze-athletisme.fr\/wordpress\/","logo":{"@type":"ImageObject","inLanguage":"fr-FR","@id":"https:\/\/janze-athletisme.fr\/wordpress\/#\/schema\/logo\/image\/","url":"https:\/\/janze-athletisme.fr\/wordpress\/wp-content\/uploads\/2015\/03\/logo-full1.jpg","contentUrl":"https:\/\/janze-athletisme.fr\/wordpress\/wp-content\/uploads\/2015\/03\/logo-full1.jpg","width":437,"height":205,"caption":"Janz\u00e9 Athl\u00e9tisme"},"image":{"@id":"https:\/\/janze-athletisme.fr\/wordpress\/#\/schema\/logo\/image\/"},"sameAs":["https:\/\/www.facebook.com\/groups\/1007964579346590"]},{"@type":"Person","@id":"https:\/\/janze-athletisme.fr\/wordpress\/#\/schema\/person\/c7b063dcfa6234c041d4d9b26cc2ea03","name":"Laurent Meunier","image":{"@type":"ImageObject","inLanguage":"fr-FR","@id":"https:\/\/secure.gravatar.com\/avatar\/dd25d581ad7c3349090f2fa6a9adb6bfa287e6a5dd8a5216a092727cd8749034?s=96&d=mm&r=g","url":"https:\/\/secure.gravatar.com\/avatar\/dd25d581ad7c3349090f2fa6a9adb6bfa287e6a5dd8a5216a092727cd8749034?s=96&d=mm&r=g","contentUrl":"https:\/\/secure.gravatar.com\/avatar\/dd25d581ad7c3349090f2fa6a9adb6bfa287e6a5dd8a5216a092727cd8749034?s=96&d=mm&r=g","caption":"Laurent Meunier"},"url":"https:\/\/janze-athletisme.fr\/wordpress\/author\/laurent-meunier35\/"}]}},"uagb_featured_image_src":{"full":["https:\/\/janze-athletisme.fr\/wordpress\/wp-content\/uploads\/2025\/05\/Fees-DR-DC-e1748184442655.jpg",689,651,false],"thumbnail":["https:\/\/janze-athletisme.fr\/wordpress\/wp-content\/uploads\/2025\/05\/Fees-DR-DC-e1748184442655-150x150.jpg",150,150,true],"medium":["https:\/\/janze-athletisme.fr\/wordpress\/wp-content\/uploads\/2025\/05\/Fees-DR-DC-e1748184442655-300x283.jpg",300,283,true],"medium_large":["https:\/\/janze-athletisme.fr\/wordpress\/wp-content\/uploads\/2025\/05\/Fees-DR-DC-e1748184442655.jpg",689,651,false],"large":["https:\/\/janze-athletisme.fr\/wordpress\/wp-content\/uploads\/2025\/05\/Fees-DR-DC-e1748184442655.jpg",689,651,false],"1536x1536":["https:\/\/janze-athletisme.fr\/wordpress\/wp-content\/uploads\/2025\/05\/Fees-DR-DC-e1748184442655.jpg",689,651,false],"2048x2048":["https:\/\/janze-athletisme.fr\/wordpress\/wp-content\/uploads\/2025\/05\/Fees-DR-DC-e1748184442655.jpg",689,651,false]},"uagb_author_info":{"display_name":"Laurent Meunier","author_link":"https:\/\/janze-athletisme.fr\/wordpress\/author\/laurent-meunier35\/"},"uagb_comment_info":0,"uagb_excerpt":"Ronde des f\u00e9es, Ess\u00e9, samedi 24 mai Voici le lien de la galerie r\u00e9alis\u00e9e par Denis Caillaud: ICI Voici le lien de la galerie pour les miennes : ICI On les retrouvera incessamment sur le site de Klikego. Et en voici une derni\u00e8re avec les b\u00e9n\u00e9voles et amis : ICI Ci-dessous la liste de tous\u2026","_links":{"self":[{"href":"https:\/\/janze-athletisme.fr\/wordpress\/wp-json\/wp\/v2\/posts\/25430","targetHints":{"allow":["GET"]}}],"collection":[{"href":"https:\/\/janze-athletisme.fr\/wordpress\/wp-json\/wp\/v2\/posts"}],"about":[{"href":"https:\/\/janze-athletisme.fr\/wordpress\/wp-json\/wp\/v2\/types\/post"}],"author":[{"embeddable":true,"href":"https:\/\/janze-athletisme.fr\/wordpress\/wp-json\/wp\/v2\/users\/12"}],"replies":[{"embeddable":true,"href":"https:\/\/janze-athletisme.fr\/wordpress\/wp-json\/wp\/v2\/comments?post=25430"}],"version-history":[{"count":4,"href":"https:\/\/janze-athletisme.fr\/wordpress\/wp-json\/wp\/v2\/posts\/25430\/revisions"}],"predecessor-version":[{"id":25448,"href":"https:\/\/janze-athletisme.fr\/wordpress\/wp-json\/wp\/v2\/posts\/25430\/revisions\/25448"}],"wp:featuredmedia":[{"embeddable":true,"href":"https:\/\/janze-athletisme.fr\/wordpress\/wp-json\/wp\/v2\/media\/25431"}],"wp:attachment":[{"href":"https:\/\/janze-athletisme.fr\/wordpress\/wp-json\/wp\/v2\/media?parent=25430"}],"wp:term":[{"taxonomy":"category","embeddable":true,"href":"https:\/\/janze-athletisme.fr\/wordpress\/wp-json\/wp\/v2\/categories?post=25430"},{"taxonomy":"post_tag","embeddable":true,"href":"https:\/\/janze-athletisme.fr\/wordpress\/wp-json\/wp\/v2\/tags?post=25430"}],"curies":[{"name":"wp","href":"https:\/\/api.w.org\/{rel}","templated":true}]}}