{"id":25427,"date":"2025-05-26T16:26:31","date_gmt":"2025-05-26T14:26:31","guid":{"rendered":"https:\/\/janze-athletisme.fr\/wordpress\/?p=25427"},"modified":"2025-05-27T13:34:23","modified_gmt":"2025-05-27T11:34:23","slug":"la-ronde-des-fees-merci-a-nos-partenaires","status":"publish","type":"post","link":"https:\/\/janze-athletisme.fr\/wordpress\/la-ronde-des-fees-merci-a-nos-partenaires\/","title":{"rendered":"La Ronde des F\u00e9es: Merci \u00e0 nos partenaires"},"content":{"rendered":"<h1 style=\"text-align: center;\"><span style=\"color: #000080; font-family: comic sans ms, sans-serif;\">Sans m\u00e9c\u00e8nes, rien n&rsquo;est possible !<\/span><\/h1>\n<p>&nbsp;<\/p>\n<p><span style=\"font-family: comic sans ms, sans-serif; color: #003366;\">Avant un r\u00e9sum\u00e9 complet de la journ\u00e9e et comme l&rsquo;article avec les r\u00e9sultats risque d&rsquo;\u00eatre un peu long, ne perdons pas l&rsquo;occasion de remercier tous les partenaires de la Ronde des F\u00e9es.<\/span><\/p>\n<p><span style=\"font-family: comic sans ms, sans-serif; color: #003366;\"> Ils m\u00e9ritent bien un article d\u00e9di\u00e9 car sans eux et bien, on serait rester tranquillement \u00e0 la maison \u00e0 se mater une s\u00e9rie sur Netflix au lieu de ce moment de partage et sportif inoubliable !!!<\/span><\/p>\n<h1 style=\"text-align: center;\"><span style=\"font-family: comic sans ms, sans-serif; color: #ff0000;\">Merci !<\/span><\/h1>\n<p><span style=\"font-family: comic sans ms, sans-serif; color: #003366;\">Aqualia, le plus gros donateur&#8230;<\/span><\/p>\n<p><span style=\"font-family: comic sans ms, sans-serif; color: #003366;\">Imprimerie Fertard, affiches, flyers, banderoles,etc.<\/span><\/p>\n<p><span style=\"font-family: comic sans ms, sans-serif; color: #003366;\">La Ferme de l&rsquo;Aubini\u00e8re, pour le jus de pomme et les valisettes offertes aux premiers des 3 \u00e9preuves<\/span><\/p>\n<p><span style=\"font-family: comic sans ms, sans-serif; color: #003366;\">Optique des Halles, et oui, Jean-Philippe est toujours l\u00e0, fid\u00e8le au poste !<\/span><\/p>\n<p><span style=\"font-family: comic sans ms, sans-serif; color: #003366;\">MMA, sans oublier Ludo, un fid\u00e8le&#8230;<\/span><\/p>\n<p><span style=\"font-family: comic sans ms, sans-serif; color: #003366;\">Solarenn, pour les tomates cerises !<\/span><\/p>\n<p><span style=\"font-family: comic sans ms, sans-serif; color: #003366;\">Super U, un partenaire historique de Janz\u00e9 athl\u00e9 !<\/span><\/p>\n<p><span style=\"font-family: comic sans ms, sans-serif; color: #003366;\">Sojasun, pour les yaourts sur le ravito final<\/span><\/p>\n<p><span style=\"font-family: comic sans ms, sans-serif; color: #003366;\">Sobhi sport, pour l&rsquo;arche, les bons d&rsquo;achat et les dossards gratuits<\/span><\/p>\n<p><span style=\"color: #003366; font-family: comic sans ms, sans-serif;\">MG Elagage, pour l&rsquo;\u00e9lagage&#8230;et aussi pour \u00eatre rest\u00e9s la journ\u00e9e en tant que signaleurs !<\/span><\/p>\n<p><span style=\"font-family: comic sans ms, sans-serif; color: #003366;\">Et pour leurs dons: les Poulets de Janz\u00e9 (merci Micka\u00ebl Auroy), Entreprise Christophe Gautier (merci Romain Le Goff !), la Ferme de Kerveloy, les Cocottes Noires, Radis et compagnie, Biocoop (merci pour les bananes !), AXA assurances, D\u00e9copub, Bagatelle, Planet&rsquo;hair (merci Yannick et les couleurs solidaires !), le cave \u00e0 vin de Retiers, boucherie Heinry, D\u00e9siles paysagiste (les fleurs et plantes pr\u00e8s du podium, c&rsquo;est eux !), bijouterie Goubill, CPA (Comptoir Pi\u00e8ces Auto), Global Fit Club et le GAEC Jary (les Vergers du Brachet).<\/span><\/p>\n<p><span style=\"font-family: comic sans ms, sans-serif; color: #003366;\">Et un grand merci pour finir aux municipalit\u00e9 d&rsquo;Ess\u00e9, du Theil, de Janz\u00e9, Fagots et Froment pour la travers\u00e9e de leur propri\u00e9t\u00e9 et l&rsquo;EHPAD de la Roche aux F\u00e9es pour le passage devant le ch\u00e2teau.<\/span><\/p>\n<h4 style=\"text-align: center;\"><span style=\"color: #ff0000; font-family: comic sans ms, sans-serif;\">RDV en 2026 !!!<\/span><\/h4>\n","protected":false},"excerpt":{"rendered":"<p>Sans m\u00e9c\u00e8nes, rien n&rsquo;est possible ! &nbsp; Avant un r\u00e9sum\u00e9 complet de la journ\u00e9e et comme l&rsquo;article avec les r\u00e9sultats risque d&rsquo;\u00eatre un peu long, ne perdons pas l&rsquo;occasion de remercier tous les partenaires de la Ronde des F\u00e9es. Ils m\u00e9ritent bien un article d\u00e9di\u00e9 car sans eux et bien, on serait rester tranquillement \u00e0 [&hellip;]<\/p>\n","protected":false},"author":8,"featured_media":25428,"comment_status":"open","ping_status":"open","sticky":false,"template":"","format":"aside","meta":{"_uag_custom_page_level_css":"","site-sidebar-layout":"default","site-content-layout":"","ast-site-content-layout":"default","site-content-style":"default","site-sidebar-style":"default","ast-global-header-display":"","ast-banner-title-visibility":"","ast-main-header-display":"","ast-hfb-above-header-display":"","ast-hfb-below-header-display":"","ast-hfb-mobile-header-display":"","site-post-title":"","ast-breadcrumbs-content":"","ast-featured-img":"","footer-sml-layout":"","ast-disable-related-posts":"","theme-transparent-header-meta":"default","adv-header-id-meta":"","stick-header-meta":"","header-above-stick-meta":"","header-main-stick-meta":"","header-below-stick-meta":"","astra-migrate-meta-layouts":"set","ast-page-background-enabled":"default","ast-page-background-meta":{"desktop":{"background-color":"var(--ast-global-color-4)","background-image":"","background-repeat":"repeat","background-position":"center center","background-size":"auto","background-attachment":"scroll","background-type":"","background-media":"","overlay-type":"","overlay-color":"","overlay-opacity":"","overlay-gradient":""},"tablet":{"background-color":"","background-image":"","background-repeat":"repeat","background-position":"center center","background-size":"auto","background-attachment":"scroll","background-type":"","background-media":"","overlay-type":"","overlay-color":"","overlay-opacity":"","overlay-gradient":""},"mobile":{"background-color":"","background-image":"","background-repeat":"repeat","background-position":"center center","background-size":"auto","background-attachment":"scroll","background-type":"","background-media":"","overlay-type":"","overlay-color":"","overlay-opacity":"","overlay-gradient":""}},"ast-content-background-meta":{"desktop":{"background-color":"var(--ast-global-color-5)","background-image":"","background-repeat":"repeat","background-position":"center center","background-size":"auto","background-attachment":"scroll","background-type":"","background-media":"","overlay-type":"","overlay-color":"","overlay-opacity":"","overlay-gradient":""},"tablet":{"background-color":"var(--ast-global-color-5)","background-image":"","background-repeat":"repeat","background-position":"center center","background-size":"auto","background-attachment":"scroll","background-type":"","background-media":"","overlay-type":"","overlay-color":"","overlay-opacity":"","overlay-gradient":""},"mobile":{"background-color":"var(--ast-global-color-5)","background-image":"","background-repeat":"repeat","background-position":"center center","background-size":"auto","background-attachment":"scroll","background-type":"","background-media":"","overlay-type":"","overlay-color":"","overlay-opacity":"","overlay-gradient":""}},"footnotes":""},"categories":[6],"tags":[],"class_list":["post-25427","post","type-post","status-publish","format-aside","has-post-thumbnail","hentry","category-sections","post_format-post-format-aside"],"yoast_head":"<!-- This site is optimized with the Yoast SEO plugin v27.4 - https:\/\/yoast.com\/product\/yoast-seo-wordpress\/ -->\n<title>La Ronde des F\u00e9es: Merci \u00e0 nos partenaires - Janz\u00e9 Athl\u00e9tisme<\/title>\n<meta name=\"robots\" content=\"index, follow, max-snippet:-1, max-image-preview:large, max-video-preview:-1\" \/>\n<link rel=\"canonical\" href=\"https:\/\/janze-athletisme.fr\/wordpress\/la-ronde-des-fees-merci-a-nos-partenaires\/\" \/>\n<meta property=\"og:locale\" content=\"fr_FR\" \/>\n<meta property=\"og:type\" content=\"article\" \/>\n<meta property=\"og:title\" content=\"La Ronde des F\u00e9es: Merci \u00e0 nos partenaires - Janz\u00e9 Athl\u00e9tisme\" \/>\n<meta property=\"og:description\" content=\"Sans m\u00e9c\u00e8nes, rien n&rsquo;est possible ! &nbsp; Avant un r\u00e9sum\u00e9 complet de la journ\u00e9e et comme l&rsquo;article avec les r\u00e9sultats risque d&rsquo;\u00eatre un peu long, ne perdons pas l&rsquo;occasion de remercier tous les partenaires de la Ronde des F\u00e9es. Ils m\u00e9ritent bien un article d\u00e9di\u00e9 car sans eux et bien, on serait rester tranquillement \u00e0 [&hellip;]\" \/>\n<meta property=\"og:url\" content=\"https:\/\/janze-athletisme.fr\/wordpress\/la-ronde-des-fees-merci-a-nos-partenaires\/\" \/>\n<meta property=\"og:site_name\" content=\"Janz\u00e9 Athl\u00e9tisme\" \/>\n<meta property=\"article:publisher\" content=\"https:\/\/www.facebook.com\/groups\/1007964579346590\" \/>\n<meta property=\"article:published_time\" content=\"2025-05-26T14:26:31+00:00\" \/>\n<meta property=\"article:modified_time\" content=\"2025-05-27T11:34:23+00:00\" \/>\n<meta property=\"og:image\" content=\"https:\/\/janze-athletisme.fr\/wordpress\/wp-content\/uploads\/2025\/05\/Sans-titre-6.jpg\" \/>\n\t<meta property=\"og:image:width\" content=\"225\" \/>\n\t<meta property=\"og:image:height\" content=\"225\" \/>\n\t<meta property=\"og:image:type\" content=\"image\/jpeg\" \/>\n<meta name=\"author\" content=\"Jean-Marie Jouzel\" \/>\n<meta name=\"twitter:card\" content=\"summary_large_image\" \/>\n<meta name=\"twitter:label1\" content=\"\u00c9crit par\" \/>\n\t<meta name=\"twitter:data1\" content=\"Jean-Marie Jouzel\" \/>\n\t<meta name=\"twitter:label2\" content=\"Dur\u00e9e de lecture estim\u00e9e\" \/>\n\t<meta name=\"twitter:data2\" content=\"2 minutes\" \/>\n<script type=\"application\/ld+json\" class=\"yoast-schema-graph\">{\"@context\":\"https:\\\/\\\/schema.org\",\"@graph\":[{\"@type\":\"Article\",\"@id\":\"https:\\\/\\\/janze-athletisme.fr\\\/wordpress\\\/la-ronde-des-fees-merci-a-nos-partenaires\\\/#article\",\"isPartOf\":{\"@id\":\"https:\\\/\\\/janze-athletisme.fr\\\/wordpress\\\/la-ronde-des-fees-merci-a-nos-partenaires\\\/\"},\"author\":{\"name\":\"Jean-Marie Jouzel\",\"@id\":\"https:\\\/\\\/janze-athletisme.fr\\\/wordpress\\\/#\\\/schema\\\/person\\\/e27efa3d49687b81c679eb0b5c4973e9\"},\"headline\":\"La Ronde des F\u00e9es: Merci \u00e0 nos partenaires\",\"datePublished\":\"2025-05-26T14:26:31+00:00\",\"dateModified\":\"2025-05-27T11:34:23+00:00\",\"mainEntityOfPage\":{\"@id\":\"https:\\\/\\\/janze-athletisme.fr\\\/wordpress\\\/la-ronde-des-fees-merci-a-nos-partenaires\\\/\"},\"wordCount\":324,\"commentCount\":0,\"publisher\":{\"@id\":\"https:\\\/\\\/janze-athletisme.fr\\\/wordpress\\\/#organization\"},\"image\":{\"@id\":\"https:\\\/\\\/janze-athletisme.fr\\\/wordpress\\\/la-ronde-des-fees-merci-a-nos-partenaires\\\/#primaryimage\"},\"thumbnailUrl\":\"https:\\\/\\\/janze-athletisme.fr\\\/wordpress\\\/wp-content\\\/uploads\\\/2025\\\/05\\\/Sans-titre-6.jpg\",\"articleSection\":[\"Le club au jour le jour\"],\"inLanguage\":\"fr-FR\",\"potentialAction\":[{\"@type\":\"CommentAction\",\"name\":\"Comment\",\"target\":[\"https:\\\/\\\/janze-athletisme.fr\\\/wordpress\\\/la-ronde-des-fees-merci-a-nos-partenaires\\\/#respond\"]}]},{\"@type\":\"WebPage\",\"@id\":\"https:\\\/\\\/janze-athletisme.fr\\\/wordpress\\\/la-ronde-des-fees-merci-a-nos-partenaires\\\/\",\"url\":\"https:\\\/\\\/janze-athletisme.fr\\\/wordpress\\\/la-ronde-des-fees-merci-a-nos-partenaires\\\/\",\"name\":\"La Ronde des F\u00e9es: Merci \u00e0 nos partenaires - Janz\u00e9 Athl\u00e9tisme\",\"isPartOf\":{\"@id\":\"https:\\\/\\\/janze-athletisme.fr\\\/wordpress\\\/#website\"},\"primaryImageOfPage\":{\"@id\":\"https:\\\/\\\/janze-athletisme.fr\\\/wordpress\\\/la-ronde-des-fees-merci-a-nos-partenaires\\\/#primaryimage\"},\"image\":{\"@id\":\"https:\\\/\\\/janze-athletisme.fr\\\/wordpress\\\/la-ronde-des-fees-merci-a-nos-partenaires\\\/#primaryimage\"},\"thumbnailUrl\":\"https:\\\/\\\/janze-athletisme.fr\\\/wordpress\\\/wp-content\\\/uploads\\\/2025\\\/05\\\/Sans-titre-6.jpg\",\"datePublished\":\"2025-05-26T14:26:31+00:00\",\"dateModified\":\"2025-05-27T11:34:23+00:00\",\"breadcrumb\":{\"@id\":\"https:\\\/\\\/janze-athletisme.fr\\\/wordpress\\\/la-ronde-des-fees-merci-a-nos-partenaires\\\/#breadcrumb\"},\"inLanguage\":\"fr-FR\",\"potentialAction\":[{\"@type\":\"ReadAction\",\"target\":[\"https:\\\/\\\/janze-athletisme.fr\\\/wordpress\\\/la-ronde-des-fees-merci-a-nos-partenaires\\\/\"]}]},{\"@type\":\"ImageObject\",\"inLanguage\":\"fr-FR\",\"@id\":\"https:\\\/\\\/janze-athletisme.fr\\\/wordpress\\\/la-ronde-des-fees-merci-a-nos-partenaires\\\/#primaryimage\",\"url\":\"https:\\\/\\\/janze-athletisme.fr\\\/wordpress\\\/wp-content\\\/uploads\\\/2025\\\/05\\\/Sans-titre-6.jpg\",\"contentUrl\":\"https:\\\/\\\/janze-athletisme.fr\\\/wordpress\\\/wp-content\\\/uploads\\\/2025\\\/05\\\/Sans-titre-6.jpg\",\"width\":225,\"height\":225},{\"@type\":\"BreadcrumbList\",\"@id\":\"https:\\\/\\\/janze-athletisme.fr\\\/wordpress\\\/la-ronde-des-fees-merci-a-nos-partenaires\\\/#breadcrumb\",\"itemListElement\":[{\"@type\":\"ListItem\",\"position\":1,\"name\":\"Accueil\",\"item\":\"https:\\\/\\\/janze-athletisme.fr\\\/wordpress\\\/\"},{\"@type\":\"ListItem\",\"position\":2,\"name\":\"La Ronde des F\u00e9es: Merci \u00e0 nos partenaires\"}]},{\"@type\":\"WebSite\",\"@id\":\"https:\\\/\\\/janze-athletisme.fr\\\/wordpress\\\/#website\",\"url\":\"https:\\\/\\\/janze-athletisme.fr\\\/wordpress\\\/\",\"name\":\"Janz\u00e9 Athl\u00e9tisme\",\"description\":\"Pays de La Roche aux F\u00e9es\",\"publisher\":{\"@id\":\"https:\\\/\\\/janze-athletisme.fr\\\/wordpress\\\/#organization\"},\"potentialAction\":[{\"@type\":\"SearchAction\",\"target\":{\"@type\":\"EntryPoint\",\"urlTemplate\":\"https:\\\/\\\/janze-athletisme.fr\\\/wordpress\\\/?s={search_term_string}\"},\"query-input\":{\"@type\":\"PropertyValueSpecification\",\"valueRequired\":true,\"valueName\":\"search_term_string\"}}],\"inLanguage\":\"fr-FR\"},{\"@type\":\"Organization\",\"@id\":\"https:\\\/\\\/janze-athletisme.fr\\\/wordpress\\\/#organization\",\"name\":\"Janz\u00e9 Athl\u00e9tisme\",\"url\":\"https:\\\/\\\/janze-athletisme.fr\\\/wordpress\\\/\",\"logo\":{\"@type\":\"ImageObject\",\"inLanguage\":\"fr-FR\",\"@id\":\"https:\\\/\\\/janze-athletisme.fr\\\/wordpress\\\/#\\\/schema\\\/logo\\\/image\\\/\",\"url\":\"https:\\\/\\\/janze-athletisme.fr\\\/wordpress\\\/wp-content\\\/uploads\\\/2015\\\/03\\\/logo-full1.jpg\",\"contentUrl\":\"https:\\\/\\\/janze-athletisme.fr\\\/wordpress\\\/wp-content\\\/uploads\\\/2015\\\/03\\\/logo-full1.jpg\",\"width\":437,\"height\":205,\"caption\":\"Janz\u00e9 Athl\u00e9tisme\"},\"image\":{\"@id\":\"https:\\\/\\\/janze-athletisme.fr\\\/wordpress\\\/#\\\/schema\\\/logo\\\/image\\\/\"},\"sameAs\":[\"https:\\\/\\\/www.facebook.com\\\/groups\\\/1007964579346590\"]},{\"@type\":\"Person\",\"@id\":\"https:\\\/\\\/janze-athletisme.fr\\\/wordpress\\\/#\\\/schema\\\/person\\\/e27efa3d49687b81c679eb0b5c4973e9\",\"name\":\"Jean-Marie Jouzel\",\"image\":{\"@type\":\"ImageObject\",\"inLanguage\":\"fr-FR\",\"@id\":\"https:\\\/\\\/secure.gravatar.com\\\/avatar\\\/6aaee532914ad5ae9d6b4c13c953c6689456493b17979b560cf8fd0c344930ab?s=96&d=mm&r=g\",\"url\":\"https:\\\/\\\/secure.gravatar.com\\\/avatar\\\/6aaee532914ad5ae9d6b4c13c953c6689456493b17979b560cf8fd0c344930ab?s=96&d=mm&r=g\",\"contentUrl\":\"https:\\\/\\\/secure.gravatar.com\\\/avatar\\\/6aaee532914ad5ae9d6b4c13c953c6689456493b17979b560cf8fd0c344930ab?s=96&d=mm&r=g\",\"caption\":\"Jean-Marie Jouzel\"},\"url\":\"https:\\\/\\\/janze-athletisme.fr\\\/wordpress\\\/author\\\/jmjouzel\\\/\"}]}<\/script>\n<!-- \/ Yoast SEO plugin. -->","yoast_head_json":{"title":"La Ronde des F\u00e9es: Merci \u00e0 nos partenaires - Janz\u00e9 Athl\u00e9tisme","robots":{"index":"index","follow":"follow","max-snippet":"max-snippet:-1","max-image-preview":"max-image-preview:large","max-video-preview":"max-video-preview:-1"},"canonical":"https:\/\/janze-athletisme.fr\/wordpress\/la-ronde-des-fees-merci-a-nos-partenaires\/","og_locale":"fr_FR","og_type":"article","og_title":"La Ronde des F\u00e9es: Merci \u00e0 nos partenaires - Janz\u00e9 Athl\u00e9tisme","og_description":"Sans m\u00e9c\u00e8nes, rien n&rsquo;est possible ! &nbsp; Avant un r\u00e9sum\u00e9 complet de la journ\u00e9e et comme l&rsquo;article avec les r\u00e9sultats risque d&rsquo;\u00eatre un peu long, ne perdons pas l&rsquo;occasion de remercier tous les partenaires de la Ronde des F\u00e9es. Ils m\u00e9ritent bien un article d\u00e9di\u00e9 car sans eux et bien, on serait rester tranquillement \u00e0 [&hellip;]","og_url":"https:\/\/janze-athletisme.fr\/wordpress\/la-ronde-des-fees-merci-a-nos-partenaires\/","og_site_name":"Janz\u00e9 Athl\u00e9tisme","article_publisher":"https:\/\/www.facebook.com\/groups\/1007964579346590","article_published_time":"2025-05-26T14:26:31+00:00","article_modified_time":"2025-05-27T11:34:23+00:00","og_image":[{"width":225,"height":225,"url":"https:\/\/janze-athletisme.fr\/wordpress\/wp-content\/uploads\/2025\/05\/Sans-titre-6.jpg","type":"image\/jpeg"}],"author":"Jean-Marie Jouzel","twitter_card":"summary_large_image","twitter_misc":{"\u00c9crit par":"Jean-Marie Jouzel","Dur\u00e9e de lecture estim\u00e9e":"2 minutes"},"schema":{"@context":"https:\/\/schema.org","@graph":[{"@type":"Article","@id":"https:\/\/janze-athletisme.fr\/wordpress\/la-ronde-des-fees-merci-a-nos-partenaires\/#article","isPartOf":{"@id":"https:\/\/janze-athletisme.fr\/wordpress\/la-ronde-des-fees-merci-a-nos-partenaires\/"},"author":{"name":"Jean-Marie Jouzel","@id":"https:\/\/janze-athletisme.fr\/wordpress\/#\/schema\/person\/e27efa3d49687b81c679eb0b5c4973e9"},"headline":"La Ronde des F\u00e9es: Merci \u00e0 nos partenaires","datePublished":"2025-05-26T14:26:31+00:00","dateModified":"2025-05-27T11:34:23+00:00","mainEntityOfPage":{"@id":"https:\/\/janze-athletisme.fr\/wordpress\/la-ronde-des-fees-merci-a-nos-partenaires\/"},"wordCount":324,"commentCount":0,"publisher":{"@id":"https:\/\/janze-athletisme.fr\/wordpress\/#organization"},"image":{"@id":"https:\/\/janze-athletisme.fr\/wordpress\/la-ronde-des-fees-merci-a-nos-partenaires\/#primaryimage"},"thumbnailUrl":"https:\/\/janze-athletisme.fr\/wordpress\/wp-content\/uploads\/2025\/05\/Sans-titre-6.jpg","articleSection":["Le club au jour le jour"],"inLanguage":"fr-FR","potentialAction":[{"@type":"CommentAction","name":"Comment","target":["https:\/\/janze-athletisme.fr\/wordpress\/la-ronde-des-fees-merci-a-nos-partenaires\/#respond"]}]},{"@type":"WebPage","@id":"https:\/\/janze-athletisme.fr\/wordpress\/la-ronde-des-fees-merci-a-nos-partenaires\/","url":"https:\/\/janze-athletisme.fr\/wordpress\/la-ronde-des-fees-merci-a-nos-partenaires\/","name":"La Ronde des F\u00e9es: Merci \u00e0 nos partenaires - Janz\u00e9 Athl\u00e9tisme","isPartOf":{"@id":"https:\/\/janze-athletisme.fr\/wordpress\/#website"},"primaryImageOfPage":{"@id":"https:\/\/janze-athletisme.fr\/wordpress\/la-ronde-des-fees-merci-a-nos-partenaires\/#primaryimage"},"image":{"@id":"https:\/\/janze-athletisme.fr\/wordpress\/la-ronde-des-fees-merci-a-nos-partenaires\/#primaryimage"},"thumbnailUrl":"https:\/\/janze-athletisme.fr\/wordpress\/wp-content\/uploads\/2025\/05\/Sans-titre-6.jpg","datePublished":"2025-05-26T14:26:31+00:00","dateModified":"2025-05-27T11:34:23+00:00","breadcrumb":{"@id":"https:\/\/janze-athletisme.fr\/wordpress\/la-ronde-des-fees-merci-a-nos-partenaires\/#breadcrumb"},"inLanguage":"fr-FR","potentialAction":[{"@type":"ReadAction","target":["https:\/\/janze-athletisme.fr\/wordpress\/la-ronde-des-fees-merci-a-nos-partenaires\/"]}]},{"@type":"ImageObject","inLanguage":"fr-FR","@id":"https:\/\/janze-athletisme.fr\/wordpress\/la-ronde-des-fees-merci-a-nos-partenaires\/#primaryimage","url":"https:\/\/janze-athletisme.fr\/wordpress\/wp-content\/uploads\/2025\/05\/Sans-titre-6.jpg","contentUrl":"https:\/\/janze-athletisme.fr\/wordpress\/wp-content\/uploads\/2025\/05\/Sans-titre-6.jpg","width":225,"height":225},{"@type":"BreadcrumbList","@id":"https:\/\/janze-athletisme.fr\/wordpress\/la-ronde-des-fees-merci-a-nos-partenaires\/#breadcrumb","itemListElement":[{"@type":"ListItem","position":1,"name":"Accueil","item":"https:\/\/janze-athletisme.fr\/wordpress\/"},{"@type":"ListItem","position":2,"name":"La Ronde des F\u00e9es: Merci \u00e0 nos partenaires"}]},{"@type":"WebSite","@id":"https:\/\/janze-athletisme.fr\/wordpress\/#website","url":"https:\/\/janze-athletisme.fr\/wordpress\/","name":"Janz\u00e9 Athl\u00e9tisme","description":"Pays de La Roche aux F\u00e9es","publisher":{"@id":"https:\/\/janze-athletisme.fr\/wordpress\/#organization"},"potentialAction":[{"@type":"SearchAction","target":{"@type":"EntryPoint","urlTemplate":"https:\/\/janze-athletisme.fr\/wordpress\/?s={search_term_string}"},"query-input":{"@type":"PropertyValueSpecification","valueRequired":true,"valueName":"search_term_string"}}],"inLanguage":"fr-FR"},{"@type":"Organization","@id":"https:\/\/janze-athletisme.fr\/wordpress\/#organization","name":"Janz\u00e9 Athl\u00e9tisme","url":"https:\/\/janze-athletisme.fr\/wordpress\/","logo":{"@type":"ImageObject","inLanguage":"fr-FR","@id":"https:\/\/janze-athletisme.fr\/wordpress\/#\/schema\/logo\/image\/","url":"https:\/\/janze-athletisme.fr\/wordpress\/wp-content\/uploads\/2015\/03\/logo-full1.jpg","contentUrl":"https:\/\/janze-athletisme.fr\/wordpress\/wp-content\/uploads\/2015\/03\/logo-full1.jpg","width":437,"height":205,"caption":"Janz\u00e9 Athl\u00e9tisme"},"image":{"@id":"https:\/\/janze-athletisme.fr\/wordpress\/#\/schema\/logo\/image\/"},"sameAs":["https:\/\/www.facebook.com\/groups\/1007964579346590"]},{"@type":"Person","@id":"https:\/\/janze-athletisme.fr\/wordpress\/#\/schema\/person\/e27efa3d49687b81c679eb0b5c4973e9","name":"Jean-Marie Jouzel","image":{"@type":"ImageObject","inLanguage":"fr-FR","@id":"https:\/\/secure.gravatar.com\/avatar\/6aaee532914ad5ae9d6b4c13c953c6689456493b17979b560cf8fd0c344930ab?s=96&d=mm&r=g","url":"https:\/\/secure.gravatar.com\/avatar\/6aaee532914ad5ae9d6b4c13c953c6689456493b17979b560cf8fd0c344930ab?s=96&d=mm&r=g","contentUrl":"https:\/\/secure.gravatar.com\/avatar\/6aaee532914ad5ae9d6b4c13c953c6689456493b17979b560cf8fd0c344930ab?s=96&d=mm&r=g","caption":"Jean-Marie Jouzel"},"url":"https:\/\/janze-athletisme.fr\/wordpress\/author\/jmjouzel\/"}]}},"uagb_featured_image_src":{"full":["https:\/\/janze-athletisme.fr\/wordpress\/wp-content\/uploads\/2025\/05\/Sans-titre-6.jpg",225,225,false],"thumbnail":["https:\/\/janze-athletisme.fr\/wordpress\/wp-content\/uploads\/2025\/05\/Sans-titre-6-150x150.jpg",150,150,true],"medium":["https:\/\/janze-athletisme.fr\/wordpress\/wp-content\/uploads\/2025\/05\/Sans-titre-6.jpg",225,225,false],"medium_large":["https:\/\/janze-athletisme.fr\/wordpress\/wp-content\/uploads\/2025\/05\/Sans-titre-6.jpg",225,225,false],"large":["https:\/\/janze-athletisme.fr\/wordpress\/wp-content\/uploads\/2025\/05\/Sans-titre-6.jpg",225,225,false],"1536x1536":["https:\/\/janze-athletisme.fr\/wordpress\/wp-content\/uploads\/2025\/05\/Sans-titre-6.jpg",225,225,false],"2048x2048":["https:\/\/janze-athletisme.fr\/wordpress\/wp-content\/uploads\/2025\/05\/Sans-titre-6.jpg",225,225,false]},"uagb_author_info":{"display_name":"Jean-Marie Jouzel","author_link":"https:\/\/janze-athletisme.fr\/wordpress\/author\/jmjouzel\/"},"uagb_comment_info":0,"uagb_excerpt":"Sans m\u00e9c\u00e8nes, rien n&rsquo;est possible ! &nbsp; Avant un r\u00e9sum\u00e9 complet de la journ\u00e9e et comme l&rsquo;article avec les r\u00e9sultats risque d&rsquo;\u00eatre un peu long, ne perdons pas l&rsquo;occasion de remercier tous les partenaires de la Ronde des F\u00e9es. Ils m\u00e9ritent bien un article d\u00e9di\u00e9 car sans eux et bien, on serait rester tranquillement \u00e0\u2026","_links":{"self":[{"href":"https:\/\/janze-athletisme.fr\/wordpress\/wp-json\/wp\/v2\/posts\/25427","targetHints":{"allow":["GET"]}}],"collection":[{"href":"https:\/\/janze-athletisme.fr\/wordpress\/wp-json\/wp\/v2\/posts"}],"about":[{"href":"https:\/\/janze-athletisme.fr\/wordpress\/wp-json\/wp\/v2\/types\/post"}],"author":[{"embeddable":true,"href":"https:\/\/janze-athletisme.fr\/wordpress\/wp-json\/wp\/v2\/users\/8"}],"replies":[{"embeddable":true,"href":"https:\/\/janze-athletisme.fr\/wordpress\/wp-json\/wp\/v2\/comments?post=25427"}],"version-history":[{"count":3,"href":"https:\/\/janze-athletisme.fr\/wordpress\/wp-json\/wp\/v2\/posts\/25427\/revisions"}],"predecessor-version":[{"id":25490,"href":"https:\/\/janze-athletisme.fr\/wordpress\/wp-json\/wp\/v2\/posts\/25427\/revisions\/25490"}],"wp:featuredmedia":[{"embeddable":true,"href":"https:\/\/janze-athletisme.fr\/wordpress\/wp-json\/wp\/v2\/media\/25428"}],"wp:attachment":[{"href":"https:\/\/janze-athletisme.fr\/wordpress\/wp-json\/wp\/v2\/media?parent=25427"}],"wp:term":[{"taxonomy":"category","embeddable":true,"href":"https:\/\/janze-athletisme.fr\/wordpress\/wp-json\/wp\/v2\/categories?post=25427"},{"taxonomy":"post_tag","embeddable":true,"href":"https:\/\/janze-athletisme.fr\/wordpress\/wp-json\/wp\/v2\/tags?post=25427"}],"curies":[{"name":"wp","href":"https:\/\/api.w.org\/{rel}","templated":true}]}}