{"id":25422,"date":"2025-05-25T15:34:21","date_gmt":"2025-05-25T13:34:21","guid":{"rendered":"https:\/\/janze-athletisme.fr\/wordpress\/?p=25422"},"modified":"2025-05-25T15:34:53","modified_gmt":"2025-05-25T13:34:53","slug":"royan-les-filles-assurent-sous-le-soleil","status":"publish","type":"post","link":"https:\/\/janze-athletisme.fr\/wordpress\/royan-les-filles-assurent-sous-le-soleil\/","title":{"rendered":"Royan: les filles assurent sous le soleil !"},"content":{"rendered":"<h1 style=\"text-align: center;\"><span style=\"font-family: comic sans ms, sans-serif; color: #800000;\">Marathon de Royan<\/span><\/h1>\n<p>&nbsp;<\/p>\n<p><span style=\"color: #000000;\">Et non, ce n&rsquo;est pas encore l&rsquo;article sur la Ronde des F\u00e9es avec les r\u00e9sultats de nos janz\u00e9ens (et les autres&#8230;). On attend juste le millier de photos de Denis, le temps qu&rsquo;il trie tout \u00e7a&#8230;pour un r\u00e9sum\u00e9 complet.<\/span><\/p>\n<p><span style=\"color: #000000;\">En attendant place au semi et au marathon ! on se plaignait de l&rsquo;absence de f\u00e9minines ces derniers temps, cette fois on est servi avec 100% de de filles ! Honneur au sexe dit faible car dans la cat\u00e9gorie semi, Amandine et Justine ont assur\u00e9 sur la distance et malgr\u00e9 une m\u00e9t\u00e9o \u00e9prouvante \u00e0 cause d&rsquo;un soleil somme toute souvent esp\u00e9r\u00e9, elles assurent avec les honneurs. Un bon classement au scratch et de tr\u00e8s belles places en f\u00e9minines. Bravo les filles !<\/span><\/p>\n<p><span style=\"color: #000000;\">Maryse en habitu\u00e9e des podiums et des marathons assure une fois de plus et cette fois, pas de bobos ni virus qui pouvaient la g\u00eaner \u00e0 remporter son \u00e9ni\u00e8me podium dans sa cat\u00e9gorie.<\/span><\/p>\n<p><span style=\"color: #000000;\">Bravo championne, malgr\u00e9 un d\u00e9part matinal (7h30) tu as une fois de plus assur\u00e9e, c&rsquo;est qui la patronne ???<\/span><\/p>\n<p><a href=\"https:\/\/janze-athletisme.fr\/wordpress\/wp-content\/uploads\/2025\/05\/496238404_2763348477199674_6898734132629442490_n.jpg\"><img loading=\"lazy\" decoding=\"async\" class=\"wp-image-25423 aligncenter\" src=\"https:\/\/janze-athletisme.fr\/wordpress\/wp-content\/uploads\/2025\/05\/496238404_2763348477199674_6898734132629442490_n-225x300.jpg\" alt=\"Maryse a quand m\u00eame (presque) droit au podium !\" width=\"386\" height=\"515\" srcset=\"https:\/\/janze-athletisme.fr\/wordpress\/wp-content\/uploads\/2025\/05\/496238404_2763348477199674_6898734132629442490_n-225x300.jpg 225w, https:\/\/janze-athletisme.fr\/wordpress\/wp-content\/uploads\/2025\/05\/496238404_2763348477199674_6898734132629442490_n.jpg 450w\" sizes=\"auto, (max-width: 386px) 100vw, 386px\" \/><\/a><\/p>\n<p>&nbsp;<\/p>\n<table style=\"border-collapse: collapse; width: 100%; height: 212px;\">\n<tbody>\n<tr style=\"height: 53px;\">\n<td style=\"width: 16.6667%; height: 53px; text-align: center;\"><span style=\"color: #000000;\">Distance<\/span><\/td>\n<td style=\"width: 16.6667%; height: 53px; text-align: center;\"><span style=\"color: #000000;\">Classement <\/span><\/td>\n<td style=\"width: 16.6667%; height: 53px; text-align: center;\"><span style=\"color: #000000;\">Nom<\/span><\/td>\n<td style=\"width: 16.6667%; height: 53px; text-align: center;\"><span style=\"color: #000000;\">Temps<\/span><\/td>\n<td style=\"width: 16.6667%; height: 53px; text-align: center;\"><span style=\"color: #000000;\">Classement cat\u00e9gorie<\/span><\/td>\n<td style=\"width: 16.6667%; height: 53px; text-align: center;\"><span style=\"color: #000000;\">Classement femme<\/span><\/td>\n<\/tr>\n<tr style=\"height: 53px;\">\n<td style=\"width: 16.6667%; height: 53px; text-align: center;\"><span style=\"color: #000000;\">21,1 km<\/span><\/td>\n<td style=\"width: 16.6667%; height: 53px; text-align: center;\"><span style=\"color: #000000;\">750\/2799<\/span><\/td>\n<td style=\"width: 16.6667%; height: 53px; text-align: center;\"><span style=\"color: #000000;\">Amandine Prodhomme<\/span><\/td>\n<td style=\"width: 16.6667%; height: 53px; text-align: center;\"><span style=\"color: #000000;\">1h53&rsquo;24<\/span><\/td>\n<td style=\"width: 16.6667%; height: 53px; text-align: center;\"><span style=\"color: #000000;\">60\u00e8me SEF<\/span><\/td>\n<td style=\"width: 16.6667%; height: 53px; text-align: center;\"><span style=\"color: #000000;\">118\/1144<\/span><\/td>\n<\/tr>\n<tr style=\"height: 53px;\">\n<td style=\"width: 16.6667%; height: 53px; text-align: center;\"><span style=\"color: #000000;\">21,1 km<\/span><\/td>\n<td style=\"width: 16.6667%; height: 53px; text-align: center;\"><span style=\"color: #000000;\">1911\/2799<\/span><\/td>\n<td style=\"width: 16.6667%; height: 53px; text-align: center;\"><span style=\"color: #000000;\">Justine Prodhomme<\/span><\/td>\n<td style=\"width: 16.6667%; height: 53px; text-align: center;\"><span style=\"color: #000000;\">2h15&rsquo;07<\/span><\/td>\n<td style=\"width: 16.6667%; height: 53px; text-align: center;\"><span style=\"color: #000000;\">20\u00e8me ESF<\/span><\/td>\n<td style=\"width: 16.6667%; height: 53px; text-align: center;\"><span style=\"color: #000000;\">610\/1144<\/span><\/td>\n<\/tr>\n<tr style=\"height: 53px;\">\n<td style=\"width: 16.6667%; height: 53px; text-align: center;\"><span style=\"color: #000000;\">42,195 km<\/span><\/td>\n<td style=\"width: 16.6667%; height: 53px; text-align: center;\"><span style=\"color: #000000;\">112\/1264<\/span><\/td>\n<td style=\"width: 16.6667%; height: 53px; text-align: center;\"><span style=\"color: #000000;\">Maryse Veyer<\/span><\/td>\n<td style=\"width: 16.6667%; height: 53px; text-align: center;\"><span style=\"color: #000000;\">3h24&rsquo;07<\/span><\/td>\n<td style=\"width: 16.6667%; height: 53px; text-align: center;\"><span style=\"color: #ff6600;\"><strong>1\u00e8re M4F<\/strong><\/span><\/td>\n<td style=\"width: 16.6667%; height: 53px; text-align: center;\"><span style=\"color: #000000;\">4\/270<\/span><\/td>\n<\/tr>\n<\/tbody>\n<\/table>\n","protected":false},"excerpt":{"rendered":"<p>Marathon de Royan &nbsp; Et non, ce n&rsquo;est pas encore l&rsquo;article sur la Ronde des F\u00e9es avec les r\u00e9sultats de nos janz\u00e9ens (et les autres&#8230;). On attend juste le millier de photos de Denis, le temps qu&rsquo;il trie tout \u00e7a&#8230;pour un r\u00e9sum\u00e9 complet. En attendant place au semi et au marathon ! on se plaignait [&hellip;]<\/p>\n","protected":false},"author":8,"featured_media":25424,"comment_status":"open","ping_status":"open","sticky":false,"template":"","format":"aside","meta":{"_uag_custom_page_level_css":"","site-sidebar-layout":"default","site-content-layout":"","ast-site-content-layout":"default","site-content-style":"default","site-sidebar-style":"default","ast-global-header-display":"","ast-banner-title-visibility":"","ast-main-header-display":"","ast-hfb-above-header-display":"","ast-hfb-below-header-display":"","ast-hfb-mobile-header-display":"","site-post-title":"","ast-breadcrumbs-content":"","ast-featured-img":"","footer-sml-layout":"","ast-disable-related-posts":"","theme-transparent-header-meta":"default","adv-header-id-meta":"","stick-header-meta":"","header-above-stick-meta":"","header-main-stick-meta":"","header-below-stick-meta":"","astra-migrate-meta-layouts":"set","ast-page-background-enabled":"default","ast-page-background-meta":{"desktop":{"background-color":"var(--ast-global-color-4)","background-image":"","background-repeat":"repeat","background-position":"center center","background-size":"auto","background-attachment":"scroll","background-type":"","background-media":"","overlay-type":"","overlay-color":"","overlay-opacity":"","overlay-gradient":""},"tablet":{"background-color":"","background-image":"","background-repeat":"repeat","background-position":"center center","background-size":"auto","background-attachment":"scroll","background-type":"","background-media":"","overlay-type":"","overlay-color":"","overlay-opacity":"","overlay-gradient":""},"mobile":{"background-color":"","background-image":"","background-repeat":"repeat","background-position":"center center","background-size":"auto","background-attachment":"scroll","background-type":"","background-media":"","overlay-type":"","overlay-color":"","overlay-opacity":"","overlay-gradient":""}},"ast-content-background-meta":{"desktop":{"background-color":"var(--ast-global-color-5)","background-image":"","background-repeat":"repeat","background-position":"center center","background-size":"auto","background-attachment":"scroll","background-type":"","background-media":"","overlay-type":"","overlay-color":"","overlay-opacity":"","overlay-gradient":""},"tablet":{"background-color":"var(--ast-global-color-5)","background-image":"","background-repeat":"repeat","background-position":"center center","background-size":"auto","background-attachment":"scroll","background-type":"","background-media":"","overlay-type":"","overlay-color":"","overlay-opacity":"","overlay-gradient":""},"mobile":{"background-color":"var(--ast-global-color-5)","background-image":"","background-repeat":"repeat","background-position":"center center","background-size":"auto","background-attachment":"scroll","background-type":"","background-media":"","overlay-type":"","overlay-color":"","overlay-opacity":"","overlay-gradient":""}},"footnotes":""},"categories":[6],"tags":[],"class_list":["post-25422","post","type-post","status-publish","format-aside","has-post-thumbnail","hentry","category-sections","post_format-post-format-aside"],"yoast_head":"<!-- This site is optimized with the Yoast SEO plugin v27.4 - https:\/\/yoast.com\/product\/yoast-seo-wordpress\/ -->\n<title>Royan: les filles assurent sous le soleil ! - Janz\u00e9 Athl\u00e9tisme<\/title>\n<meta name=\"robots\" content=\"index, follow, max-snippet:-1, max-image-preview:large, max-video-preview:-1\" \/>\n<link rel=\"canonical\" href=\"https:\/\/janze-athletisme.fr\/wordpress\/royan-les-filles-assurent-sous-le-soleil\/\" \/>\n<meta property=\"og:locale\" content=\"fr_FR\" \/>\n<meta property=\"og:type\" content=\"article\" \/>\n<meta property=\"og:title\" content=\"Royan: les filles assurent sous le soleil ! - Janz\u00e9 Athl\u00e9tisme\" \/>\n<meta property=\"og:description\" content=\"Marathon de Royan &nbsp; Et non, ce n&rsquo;est pas encore l&rsquo;article sur la Ronde des F\u00e9es avec les r\u00e9sultats de nos janz\u00e9ens (et les autres&#8230;). On attend juste le millier de photos de Denis, le temps qu&rsquo;il trie tout \u00e7a&#8230;pour un r\u00e9sum\u00e9 complet. En attendant place au semi et au marathon ! on se plaignait [&hellip;]\" \/>\n<meta property=\"og:url\" content=\"https:\/\/janze-athletisme.fr\/wordpress\/royan-les-filles-assurent-sous-le-soleil\/\" \/>\n<meta property=\"og:site_name\" content=\"Janz\u00e9 Athl\u00e9tisme\" \/>\n<meta property=\"article:publisher\" content=\"https:\/\/www.facebook.com\/groups\/1007964579346590\" \/>\n<meta property=\"article:published_time\" content=\"2025-05-25T13:34:21+00:00\" \/>\n<meta property=\"article:modified_time\" content=\"2025-05-25T13:34:53+00:00\" \/>\n<meta property=\"og:image\" content=\"https:\/\/janze-athletisme.fr\/wordpress\/wp-content\/uploads\/2025\/05\/Sans-titre-5.jpg\" \/>\n\t<meta property=\"og:image:width\" content=\"189\" \/>\n\t<meta property=\"og:image:height\" content=\"267\" \/>\n\t<meta property=\"og:image:type\" content=\"image\/jpeg\" \/>\n<meta name=\"author\" content=\"Jean-Marie Jouzel\" \/>\n<meta name=\"twitter:card\" content=\"summary_large_image\" \/>\n<meta name=\"twitter:label1\" content=\"\u00c9crit par\" \/>\n\t<meta name=\"twitter:data1\" content=\"Jean-Marie Jouzel\" \/>\n\t<meta name=\"twitter:label2\" content=\"Dur\u00e9e de lecture estim\u00e9e\" \/>\n\t<meta name=\"twitter:data2\" content=\"2 minutes\" \/>\n<script type=\"application\/ld+json\" class=\"yoast-schema-graph\">{\"@context\":\"https:\\\/\\\/schema.org\",\"@graph\":[{\"@type\":\"Article\",\"@id\":\"https:\\\/\\\/janze-athletisme.fr\\\/wordpress\\\/royan-les-filles-assurent-sous-le-soleil\\\/#article\",\"isPartOf\":{\"@id\":\"https:\\\/\\\/janze-athletisme.fr\\\/wordpress\\\/royan-les-filles-assurent-sous-le-soleil\\\/\"},\"author\":{\"name\":\"Jean-Marie Jouzel\",\"@id\":\"https:\\\/\\\/janze-athletisme.fr\\\/wordpress\\\/#\\\/schema\\\/person\\\/e27efa3d49687b81c679eb0b5c4973e9\"},\"headline\":\"Royan: les filles assurent sous le soleil !\",\"datePublished\":\"2025-05-25T13:34:21+00:00\",\"dateModified\":\"2025-05-25T13:34:53+00:00\",\"mainEntityOfPage\":{\"@id\":\"https:\\\/\\\/janze-athletisme.fr\\\/wordpress\\\/royan-les-filles-assurent-sous-le-soleil\\\/\"},\"wordCount\":230,\"commentCount\":1,\"publisher\":{\"@id\":\"https:\\\/\\\/janze-athletisme.fr\\\/wordpress\\\/#organization\"},\"image\":{\"@id\":\"https:\\\/\\\/janze-athletisme.fr\\\/wordpress\\\/royan-les-filles-assurent-sous-le-soleil\\\/#primaryimage\"},\"thumbnailUrl\":\"https:\\\/\\\/janze-athletisme.fr\\\/wordpress\\\/wp-content\\\/uploads\\\/2025\\\/05\\\/Sans-titre-5.jpg\",\"articleSection\":[\"Le club au jour le jour\"],\"inLanguage\":\"fr-FR\",\"potentialAction\":[{\"@type\":\"CommentAction\",\"name\":\"Comment\",\"target\":[\"https:\\\/\\\/janze-athletisme.fr\\\/wordpress\\\/royan-les-filles-assurent-sous-le-soleil\\\/#respond\"]}]},{\"@type\":\"WebPage\",\"@id\":\"https:\\\/\\\/janze-athletisme.fr\\\/wordpress\\\/royan-les-filles-assurent-sous-le-soleil\\\/\",\"url\":\"https:\\\/\\\/janze-athletisme.fr\\\/wordpress\\\/royan-les-filles-assurent-sous-le-soleil\\\/\",\"name\":\"Royan: les filles assurent sous le soleil ! - Janz\u00e9 Athl\u00e9tisme\",\"isPartOf\":{\"@id\":\"https:\\\/\\\/janze-athletisme.fr\\\/wordpress\\\/#website\"},\"primaryImageOfPage\":{\"@id\":\"https:\\\/\\\/janze-athletisme.fr\\\/wordpress\\\/royan-les-filles-assurent-sous-le-soleil\\\/#primaryimage\"},\"image\":{\"@id\":\"https:\\\/\\\/janze-athletisme.fr\\\/wordpress\\\/royan-les-filles-assurent-sous-le-soleil\\\/#primaryimage\"},\"thumbnailUrl\":\"https:\\\/\\\/janze-athletisme.fr\\\/wordpress\\\/wp-content\\\/uploads\\\/2025\\\/05\\\/Sans-titre-5.jpg\",\"datePublished\":\"2025-05-25T13:34:21+00:00\",\"dateModified\":\"2025-05-25T13:34:53+00:00\",\"breadcrumb\":{\"@id\":\"https:\\\/\\\/janze-athletisme.fr\\\/wordpress\\\/royan-les-filles-assurent-sous-le-soleil\\\/#breadcrumb\"},\"inLanguage\":\"fr-FR\",\"potentialAction\":[{\"@type\":\"ReadAction\",\"target\":[\"https:\\\/\\\/janze-athletisme.fr\\\/wordpress\\\/royan-les-filles-assurent-sous-le-soleil\\\/\"]}]},{\"@type\":\"ImageObject\",\"inLanguage\":\"fr-FR\",\"@id\":\"https:\\\/\\\/janze-athletisme.fr\\\/wordpress\\\/royan-les-filles-assurent-sous-le-soleil\\\/#primaryimage\",\"url\":\"https:\\\/\\\/janze-athletisme.fr\\\/wordpress\\\/wp-content\\\/uploads\\\/2025\\\/05\\\/Sans-titre-5.jpg\",\"contentUrl\":\"https:\\\/\\\/janze-athletisme.fr\\\/wordpress\\\/wp-content\\\/uploads\\\/2025\\\/05\\\/Sans-titre-5.jpg\",\"width\":189,\"height\":267},{\"@type\":\"BreadcrumbList\",\"@id\":\"https:\\\/\\\/janze-athletisme.fr\\\/wordpress\\\/royan-les-filles-assurent-sous-le-soleil\\\/#breadcrumb\",\"itemListElement\":[{\"@type\":\"ListItem\",\"position\":1,\"name\":\"Accueil\",\"item\":\"https:\\\/\\\/janze-athletisme.fr\\\/wordpress\\\/\"},{\"@type\":\"ListItem\",\"position\":2,\"name\":\"Royan: les filles assurent sous le soleil !\"}]},{\"@type\":\"WebSite\",\"@id\":\"https:\\\/\\\/janze-athletisme.fr\\\/wordpress\\\/#website\",\"url\":\"https:\\\/\\\/janze-athletisme.fr\\\/wordpress\\\/\",\"name\":\"Janz\u00e9 Athl\u00e9tisme\",\"description\":\"Pays de La Roche aux F\u00e9es\",\"publisher\":{\"@id\":\"https:\\\/\\\/janze-athletisme.fr\\\/wordpress\\\/#organization\"},\"potentialAction\":[{\"@type\":\"SearchAction\",\"target\":{\"@type\":\"EntryPoint\",\"urlTemplate\":\"https:\\\/\\\/janze-athletisme.fr\\\/wordpress\\\/?s={search_term_string}\"},\"query-input\":{\"@type\":\"PropertyValueSpecification\",\"valueRequired\":true,\"valueName\":\"search_term_string\"}}],\"inLanguage\":\"fr-FR\"},{\"@type\":\"Organization\",\"@id\":\"https:\\\/\\\/janze-athletisme.fr\\\/wordpress\\\/#organization\",\"name\":\"Janz\u00e9 Athl\u00e9tisme\",\"url\":\"https:\\\/\\\/janze-athletisme.fr\\\/wordpress\\\/\",\"logo\":{\"@type\":\"ImageObject\",\"inLanguage\":\"fr-FR\",\"@id\":\"https:\\\/\\\/janze-athletisme.fr\\\/wordpress\\\/#\\\/schema\\\/logo\\\/image\\\/\",\"url\":\"https:\\\/\\\/janze-athletisme.fr\\\/wordpress\\\/wp-content\\\/uploads\\\/2015\\\/03\\\/logo-full1.jpg\",\"contentUrl\":\"https:\\\/\\\/janze-athletisme.fr\\\/wordpress\\\/wp-content\\\/uploads\\\/2015\\\/03\\\/logo-full1.jpg\",\"width\":437,\"height\":205,\"caption\":\"Janz\u00e9 Athl\u00e9tisme\"},\"image\":{\"@id\":\"https:\\\/\\\/janze-athletisme.fr\\\/wordpress\\\/#\\\/schema\\\/logo\\\/image\\\/\"},\"sameAs\":[\"https:\\\/\\\/www.facebook.com\\\/groups\\\/1007964579346590\"]},{\"@type\":\"Person\",\"@id\":\"https:\\\/\\\/janze-athletisme.fr\\\/wordpress\\\/#\\\/schema\\\/person\\\/e27efa3d49687b81c679eb0b5c4973e9\",\"name\":\"Jean-Marie Jouzel\",\"image\":{\"@type\":\"ImageObject\",\"inLanguage\":\"fr-FR\",\"@id\":\"https:\\\/\\\/secure.gravatar.com\\\/avatar\\\/6aaee532914ad5ae9d6b4c13c953c6689456493b17979b560cf8fd0c344930ab?s=96&d=mm&r=g\",\"url\":\"https:\\\/\\\/secure.gravatar.com\\\/avatar\\\/6aaee532914ad5ae9d6b4c13c953c6689456493b17979b560cf8fd0c344930ab?s=96&d=mm&r=g\",\"contentUrl\":\"https:\\\/\\\/secure.gravatar.com\\\/avatar\\\/6aaee532914ad5ae9d6b4c13c953c6689456493b17979b560cf8fd0c344930ab?s=96&d=mm&r=g\",\"caption\":\"Jean-Marie Jouzel\"},\"url\":\"https:\\\/\\\/janze-athletisme.fr\\\/wordpress\\\/author\\\/jmjouzel\\\/\"}]}<\/script>\n<!-- \/ Yoast SEO plugin. -->","yoast_head_json":{"title":"Royan: les filles assurent sous le soleil ! - Janz\u00e9 Athl\u00e9tisme","robots":{"index":"index","follow":"follow","max-snippet":"max-snippet:-1","max-image-preview":"max-image-preview:large","max-video-preview":"max-video-preview:-1"},"canonical":"https:\/\/janze-athletisme.fr\/wordpress\/royan-les-filles-assurent-sous-le-soleil\/","og_locale":"fr_FR","og_type":"article","og_title":"Royan: les filles assurent sous le soleil ! - Janz\u00e9 Athl\u00e9tisme","og_description":"Marathon de Royan &nbsp; Et non, ce n&rsquo;est pas encore l&rsquo;article sur la Ronde des F\u00e9es avec les r\u00e9sultats de nos janz\u00e9ens (et les autres&#8230;). On attend juste le millier de photos de Denis, le temps qu&rsquo;il trie tout \u00e7a&#8230;pour un r\u00e9sum\u00e9 complet. En attendant place au semi et au marathon ! on se plaignait [&hellip;]","og_url":"https:\/\/janze-athletisme.fr\/wordpress\/royan-les-filles-assurent-sous-le-soleil\/","og_site_name":"Janz\u00e9 Athl\u00e9tisme","article_publisher":"https:\/\/www.facebook.com\/groups\/1007964579346590","article_published_time":"2025-05-25T13:34:21+00:00","article_modified_time":"2025-05-25T13:34:53+00:00","og_image":[{"width":189,"height":267,"url":"https:\/\/janze-athletisme.fr\/wordpress\/wp-content\/uploads\/2025\/05\/Sans-titre-5.jpg","type":"image\/jpeg"}],"author":"Jean-Marie Jouzel","twitter_card":"summary_large_image","twitter_misc":{"\u00c9crit par":"Jean-Marie Jouzel","Dur\u00e9e de lecture estim\u00e9e":"2 minutes"},"schema":{"@context":"https:\/\/schema.org","@graph":[{"@type":"Article","@id":"https:\/\/janze-athletisme.fr\/wordpress\/royan-les-filles-assurent-sous-le-soleil\/#article","isPartOf":{"@id":"https:\/\/janze-athletisme.fr\/wordpress\/royan-les-filles-assurent-sous-le-soleil\/"},"author":{"name":"Jean-Marie Jouzel","@id":"https:\/\/janze-athletisme.fr\/wordpress\/#\/schema\/person\/e27efa3d49687b81c679eb0b5c4973e9"},"headline":"Royan: les filles assurent sous le soleil !","datePublished":"2025-05-25T13:34:21+00:00","dateModified":"2025-05-25T13:34:53+00:00","mainEntityOfPage":{"@id":"https:\/\/janze-athletisme.fr\/wordpress\/royan-les-filles-assurent-sous-le-soleil\/"},"wordCount":230,"commentCount":1,"publisher":{"@id":"https:\/\/janze-athletisme.fr\/wordpress\/#organization"},"image":{"@id":"https:\/\/janze-athletisme.fr\/wordpress\/royan-les-filles-assurent-sous-le-soleil\/#primaryimage"},"thumbnailUrl":"https:\/\/janze-athletisme.fr\/wordpress\/wp-content\/uploads\/2025\/05\/Sans-titre-5.jpg","articleSection":["Le club au jour le jour"],"inLanguage":"fr-FR","potentialAction":[{"@type":"CommentAction","name":"Comment","target":["https:\/\/janze-athletisme.fr\/wordpress\/royan-les-filles-assurent-sous-le-soleil\/#respond"]}]},{"@type":"WebPage","@id":"https:\/\/janze-athletisme.fr\/wordpress\/royan-les-filles-assurent-sous-le-soleil\/","url":"https:\/\/janze-athletisme.fr\/wordpress\/royan-les-filles-assurent-sous-le-soleil\/","name":"Royan: les filles assurent sous le soleil ! - Janz\u00e9 Athl\u00e9tisme","isPartOf":{"@id":"https:\/\/janze-athletisme.fr\/wordpress\/#website"},"primaryImageOfPage":{"@id":"https:\/\/janze-athletisme.fr\/wordpress\/royan-les-filles-assurent-sous-le-soleil\/#primaryimage"},"image":{"@id":"https:\/\/janze-athletisme.fr\/wordpress\/royan-les-filles-assurent-sous-le-soleil\/#primaryimage"},"thumbnailUrl":"https:\/\/janze-athletisme.fr\/wordpress\/wp-content\/uploads\/2025\/05\/Sans-titre-5.jpg","datePublished":"2025-05-25T13:34:21+00:00","dateModified":"2025-05-25T13:34:53+00:00","breadcrumb":{"@id":"https:\/\/janze-athletisme.fr\/wordpress\/royan-les-filles-assurent-sous-le-soleil\/#breadcrumb"},"inLanguage":"fr-FR","potentialAction":[{"@type":"ReadAction","target":["https:\/\/janze-athletisme.fr\/wordpress\/royan-les-filles-assurent-sous-le-soleil\/"]}]},{"@type":"ImageObject","inLanguage":"fr-FR","@id":"https:\/\/janze-athletisme.fr\/wordpress\/royan-les-filles-assurent-sous-le-soleil\/#primaryimage","url":"https:\/\/janze-athletisme.fr\/wordpress\/wp-content\/uploads\/2025\/05\/Sans-titre-5.jpg","contentUrl":"https:\/\/janze-athletisme.fr\/wordpress\/wp-content\/uploads\/2025\/05\/Sans-titre-5.jpg","width":189,"height":267},{"@type":"BreadcrumbList","@id":"https:\/\/janze-athletisme.fr\/wordpress\/royan-les-filles-assurent-sous-le-soleil\/#breadcrumb","itemListElement":[{"@type":"ListItem","position":1,"name":"Accueil","item":"https:\/\/janze-athletisme.fr\/wordpress\/"},{"@type":"ListItem","position":2,"name":"Royan: les filles assurent sous le soleil !"}]},{"@type":"WebSite","@id":"https:\/\/janze-athletisme.fr\/wordpress\/#website","url":"https:\/\/janze-athletisme.fr\/wordpress\/","name":"Janz\u00e9 Athl\u00e9tisme","description":"Pays de La Roche aux F\u00e9es","publisher":{"@id":"https:\/\/janze-athletisme.fr\/wordpress\/#organization"},"potentialAction":[{"@type":"SearchAction","target":{"@type":"EntryPoint","urlTemplate":"https:\/\/janze-athletisme.fr\/wordpress\/?s={search_term_string}"},"query-input":{"@type":"PropertyValueSpecification","valueRequired":true,"valueName":"search_term_string"}}],"inLanguage":"fr-FR"},{"@type":"Organization","@id":"https:\/\/janze-athletisme.fr\/wordpress\/#organization","name":"Janz\u00e9 Athl\u00e9tisme","url":"https:\/\/janze-athletisme.fr\/wordpress\/","logo":{"@type":"ImageObject","inLanguage":"fr-FR","@id":"https:\/\/janze-athletisme.fr\/wordpress\/#\/schema\/logo\/image\/","url":"https:\/\/janze-athletisme.fr\/wordpress\/wp-content\/uploads\/2015\/03\/logo-full1.jpg","contentUrl":"https:\/\/janze-athletisme.fr\/wordpress\/wp-content\/uploads\/2015\/03\/logo-full1.jpg","width":437,"height":205,"caption":"Janz\u00e9 Athl\u00e9tisme"},"image":{"@id":"https:\/\/janze-athletisme.fr\/wordpress\/#\/schema\/logo\/image\/"},"sameAs":["https:\/\/www.facebook.com\/groups\/1007964579346590"]},{"@type":"Person","@id":"https:\/\/janze-athletisme.fr\/wordpress\/#\/schema\/person\/e27efa3d49687b81c679eb0b5c4973e9","name":"Jean-Marie Jouzel","image":{"@type":"ImageObject","inLanguage":"fr-FR","@id":"https:\/\/secure.gravatar.com\/avatar\/6aaee532914ad5ae9d6b4c13c953c6689456493b17979b560cf8fd0c344930ab?s=96&d=mm&r=g","url":"https:\/\/secure.gravatar.com\/avatar\/6aaee532914ad5ae9d6b4c13c953c6689456493b17979b560cf8fd0c344930ab?s=96&d=mm&r=g","contentUrl":"https:\/\/secure.gravatar.com\/avatar\/6aaee532914ad5ae9d6b4c13c953c6689456493b17979b560cf8fd0c344930ab?s=96&d=mm&r=g","caption":"Jean-Marie Jouzel"},"url":"https:\/\/janze-athletisme.fr\/wordpress\/author\/jmjouzel\/"}]}},"uagb_featured_image_src":{"full":["https:\/\/janze-athletisme.fr\/wordpress\/wp-content\/uploads\/2025\/05\/Sans-titre-5.jpg",189,267,false],"thumbnail":["https:\/\/janze-athletisme.fr\/wordpress\/wp-content\/uploads\/2025\/05\/Sans-titre-5-150x150.jpg",150,150,true],"medium":["https:\/\/janze-athletisme.fr\/wordpress\/wp-content\/uploads\/2025\/05\/Sans-titre-5.jpg",189,267,false],"medium_large":["https:\/\/janze-athletisme.fr\/wordpress\/wp-content\/uploads\/2025\/05\/Sans-titre-5.jpg",189,267,false],"large":["https:\/\/janze-athletisme.fr\/wordpress\/wp-content\/uploads\/2025\/05\/Sans-titre-5.jpg",189,267,false],"1536x1536":["https:\/\/janze-athletisme.fr\/wordpress\/wp-content\/uploads\/2025\/05\/Sans-titre-5.jpg",189,267,false],"2048x2048":["https:\/\/janze-athletisme.fr\/wordpress\/wp-content\/uploads\/2025\/05\/Sans-titre-5.jpg",189,267,false]},"uagb_author_info":{"display_name":"Jean-Marie Jouzel","author_link":"https:\/\/janze-athletisme.fr\/wordpress\/author\/jmjouzel\/"},"uagb_comment_info":1,"uagb_excerpt":"Marathon de Royan &nbsp; Et non, ce n&rsquo;est pas encore l&rsquo;article sur la Ronde des F\u00e9es avec les r\u00e9sultats de nos janz\u00e9ens (et les autres&#8230;). On attend juste le millier de photos de Denis, le temps qu&rsquo;il trie tout \u00e7a&#8230;pour un r\u00e9sum\u00e9 complet. En attendant place au semi et au marathon ! on se plaignait\u2026","_links":{"self":[{"href":"https:\/\/janze-athletisme.fr\/wordpress\/wp-json\/wp\/v2\/posts\/25422","targetHints":{"allow":["GET"]}}],"collection":[{"href":"https:\/\/janze-athletisme.fr\/wordpress\/wp-json\/wp\/v2\/posts"}],"about":[{"href":"https:\/\/janze-athletisme.fr\/wordpress\/wp-json\/wp\/v2\/types\/post"}],"author":[{"embeddable":true,"href":"https:\/\/janze-athletisme.fr\/wordpress\/wp-json\/wp\/v2\/users\/8"}],"replies":[{"embeddable":true,"href":"https:\/\/janze-athletisme.fr\/wordpress\/wp-json\/wp\/v2\/comments?post=25422"}],"version-history":[{"count":2,"href":"https:\/\/janze-athletisme.fr\/wordpress\/wp-json\/wp\/v2\/posts\/25422\/revisions"}],"predecessor-version":[{"id":25426,"href":"https:\/\/janze-athletisme.fr\/wordpress\/wp-json\/wp\/v2\/posts\/25422\/revisions\/25426"}],"wp:featuredmedia":[{"embeddable":true,"href":"https:\/\/janze-athletisme.fr\/wordpress\/wp-json\/wp\/v2\/media\/25424"}],"wp:attachment":[{"href":"https:\/\/janze-athletisme.fr\/wordpress\/wp-json\/wp\/v2\/media?parent=25422"}],"wp:term":[{"taxonomy":"category","embeddable":true,"href":"https:\/\/janze-athletisme.fr\/wordpress\/wp-json\/wp\/v2\/categories?post=25422"},{"taxonomy":"post_tag","embeddable":true,"href":"https:\/\/janze-athletisme.fr\/wordpress\/wp-json\/wp\/v2\/tags?post=25422"}],"curies":[{"name":"wp","href":"https:\/\/api.w.org\/{rel}","templated":true}]}}