{"id":25348,"date":"2025-05-23T00:01:31","date_gmt":"2025-05-22T22:01:31","guid":{"rendered":"https:\/\/janze-athletisme.fr\/wordpress\/?p=25348"},"modified":"2025-05-22T23:44:14","modified_gmt":"2025-05-22T21:44:14","slug":"ugsel-ils-seront-10-aux-france","status":"publish","type":"post","link":"https:\/\/janze-athletisme.fr\/wordpress\/ugsel-ils-seront-10-aux-france\/","title":{"rendered":"UGSEL : ils seront 10 aux France"},"content":{"rendered":"<p><span style=\"font-family: Verdana, sans-serif\"><span style=\"font-size: x-large\"><b>R\u00e9gionaux UGSEL, Redon, mercredi 21 mai<\/b><\/span><\/span><\/p>\n<p><span style=\"font-family: Verdana, sans-serif\">C&rsquo;\u00e9tait la derni\u00e8re grande r\u00e9p\u00e9tition g\u00e9n\u00e9ral pour nos minimes, avant les France scolaires du mois prochain, et avant la finale nationale de l&rsquo;\u00e9quip&rsquo;athl\u00e9 ces samedi et dimanche 24\/25 mai \u00e0 Dreux.<\/span><\/p>\n<p><span style=\"font-family: Verdana, sans-serif\">Tous les qualifi\u00e9s et toutes les qualifi\u00e9es pour le tour final sont dans le tableau qui suit. On ajoutera <b>L\u00e9a <\/b>Th\u00e9odin, qualifi\u00e9e lors du tour pr\u00e9c\u00e9dent. Il et (surtout) elles seront donc dix \u00e0 Lens, les 19 et 19 juin prochain, sur 12 \u00e9preuves diff\u00e9rentes.<\/span><\/p>\n<p><span style=\"font-family: Verdana, sans-serif\">A noter \u00e9galement qu&rsquo;apr\u00e8s les 12 m\u00e9dailles des D\u00e9partementaux ce sont cette fois 6 m\u00e9dailles qui sont ramen\u00e9es par nos jeunes \u00e0 l&rsquo;occasion de ces R\u00e9gionaux.<\/span><\/p>\n<p><span style=\"font-family: Verdana, sans-serif\"><span style=\"font-size: large\"><b>Les qualifi\u00e9.es de l&rsquo;EAC pour le National de Lens<\/b><\/span><\/span><\/p>\n<table style=\"width: 100%;height: 821px\" border=\"1\" width=\"100%\" cellspacing=\"0\" cellpadding=\"4\">\n<tbody>\n<tr style=\"height: 62px\">\n<td style=\"height: 62px\" bgcolor=\"#ffffff\" width=\"36%\"><span style=\"font-family: Verdana, sans-serif;font-size: 14pt\"><b>Athl\u00e8te<\/b><\/span><\/td>\n<td style=\"height: 62px\" bgcolor=\"#ffffff\" width=\"21%\"><span style=\"font-family: Verdana, sans-serif;font-size: 14pt\"><b>\u00c9preuve<\/b><\/span><\/td>\n<td style=\"height: 62px\" bgcolor=\"#ffffff\" width=\"21%\">\n<p align=\"CENTER\"><span style=\"font-family: Verdana, sans-serif;font-size: 14pt\"><b>Performance<\/b><\/span><\/p>\n<\/td>\n<td style=\"height: 62px\" bgcolor=\"#ffffff\" width=\"11%\">\n<p align=\"CENTER\"><span style=\"font-family: Verdana, sans-serif;font-size: 14pt\"><b>Points<\/b><\/span><\/p>\n<\/td>\n<td style=\"height: 62px\" bgcolor=\"#ffffff\" width=\"11%\">\n<p align=\"CENTER\"><span style=\"font-family: Verdana, sans-serif;font-size: 14pt\"><b>Place<\/b><\/span><\/p>\n<\/td>\n<\/tr>\n<tr style=\"height: 69px\">\n<td style=\"height: 69px\" bgcolor=\"#ffffff\" width=\"36%\"><span style=\"font-family: Verdana, sans-serif\"><span style=\"font-size: medium\"><b>Rose<\/b> Meyer-Blanchot<\/span><\/span><\/td>\n<td style=\"height: 69px\" bgcolor=\"#ffffff\" width=\"21%\"><span style=\"font-family: Verdana, sans-serif\"><span style=\"font-size: medium\">2000m MIF<\/span><\/span><\/td>\n<td style=\"height: 69px\" bgcolor=\"#ffffff\" width=\"21%\">\n<p align=\"CENTER\"><span style=\"font-family: Verdana, sans-serif\"><span style=\"font-size: medium\">7&rsquo;19&Prime;53<\/span><\/span><\/p>\n<\/td>\n<td style=\"height: 69px\" bgcolor=\"#ffffff\" width=\"11%\">\n<p align=\"CENTER\"><span style=\"font-family: Verdana, sans-serif\"><span style=\"font-size: medium\">41<\/span><\/span><\/p>\n<\/td>\n<td style=\"height: 69px\" bgcolor=\"#ffffff\" width=\"11%\">\n<p align=\"CENTER\"><span style=\"font-family: Verdana, sans-serif\"><span style=\"font-size: medium\"><b>2e<\/b><\/span><\/span><\/p>\n<\/td>\n<\/tr>\n<tr style=\"height: 69px\">\n<td style=\"height: 69px\" bgcolor=\"#ffffff\" width=\"36%\"><span style=\"font-family: Verdana, sans-serif\"><span style=\"font-size: medium\"><b>Justine<\/b> Bourgault<\/span><\/span><\/td>\n<td style=\"height: 69px\" bgcolor=\"#ffffff\" width=\"21%\"><span style=\"font-family: Verdana, sans-serif\"><span style=\"font-size: medium\">Triple saut MIF<\/span><\/span><\/td>\n<td style=\"height: 69px\" bgcolor=\"#ffffff\" width=\"21%\">\n<p align=\"CENTER\"><span style=\"font-family: Verdana, sans-serif\"><span style=\"font-size: medium\">11m49<\/span><\/span><\/p>\n<\/td>\n<td style=\"height: 69px\" bgcolor=\"#ffffff\" width=\"11%\">\n<p align=\"CENTER\"><span style=\"font-family: Verdana, sans-serif\"><span style=\"font-size: medium\">41<\/span><\/span><\/p>\n<\/td>\n<td style=\"height: 69px\" bgcolor=\"#ffffff\" width=\"11%\">\n<p align=\"CENTER\"><span style=\"font-family: Verdana, sans-serif\"><span style=\"font-size: medium\"><b>2e<\/b><\/span><\/span><\/p>\n<\/td>\n<\/tr>\n<tr style=\"height: 69px\">\n<td style=\"height: 69px\" bgcolor=\"#ffffff\" width=\"36%\"><span style=\"font-family: Verdana, sans-serif\"><span style=\"font-size: medium\">Rose Mah\u00e9<\/span><\/span><\/td>\n<td style=\"height: 69px\" bgcolor=\"#ffffff\" width=\"21%\"><span style=\"font-family: Verdana, sans-serif\"><span style=\"font-size: medium\">1000m MIF<\/span><\/span><\/td>\n<td style=\"height: 69px\" bgcolor=\"#ffffff\" width=\"21%\">\n<p align=\"CENTER\"><span style=\"font-family: Verdana, sans-serif\"><span style=\"font-size: medium\">3&rsquo;12&Prime;65<\/span><\/span><\/p>\n<\/td>\n<td style=\"height: 69px\" bgcolor=\"#ffffff\" width=\"11%\">\n<p align=\"CENTER\"><span style=\"font-family: Verdana, sans-serif\"><span style=\"font-size: medium\">37<\/span><\/span><\/p>\n<\/td>\n<td style=\"height: 69px\" bgcolor=\"#ffffff\" width=\"11%\">\n<p align=\"CENTER\"><span style=\"font-family: Verdana, sans-serif\"><span style=\"font-size: medium\"><b>2e<\/b><\/span><\/span><\/p>\n<\/td>\n<\/tr>\n<tr style=\"height: 69px\">\n<td style=\"height: 69px\" bgcolor=\"#ffffff\" width=\"36%\"><span style=\"font-family: Verdana, sans-serif\"><span style=\"font-size: medium\">Jeanne Serraj<\/span><\/span><\/td>\n<td style=\"height: 69px\" bgcolor=\"#ffffff\" width=\"21%\"><span style=\"font-family: Verdana, sans-serif\"><span style=\"font-size: medium\">120m MIF<\/span><\/span><\/td>\n<td style=\"height: 69px\" bgcolor=\"#ffffff\" width=\"21%\">\n<p align=\"CENTER\"><span style=\"font-family: Verdana, sans-serif\"><span style=\"font-size: medium\">16&Prime;13<\/span><\/span><\/p>\n<\/td>\n<td style=\"height: 69px\" bgcolor=\"#ffffff\" width=\"11%\">\n<p align=\"CENTER\"><span style=\"font-family: Verdana, sans-serif\"><span style=\"font-size: medium\">32<\/span><\/span><\/p>\n<\/td>\n<td style=\"height: 69px\" bgcolor=\"#ffffff\" width=\"11%\">\n<p align=\"CENTER\"><span style=\"font-family: Verdana, sans-serif\"><span style=\"font-size: medium\">4e<\/span><\/span><\/p>\n<\/td>\n<\/tr>\n<tr style=\"height: 69px\">\n<td style=\"height: 69px\" bgcolor=\"#ffffff\" width=\"36%\"><span style=\"font-family: Verdana, sans-serif\"><span style=\"font-size: medium\"><b>Mathis<\/b> Montagne<\/span><\/span><\/td>\n<td style=\"height: 69px\" bgcolor=\"#ffffff\" width=\"21%\"><span style=\"font-family: Verdana, sans-serif\"><span style=\"font-size: medium\">Hauteur MIM<\/span><\/span><\/td>\n<td style=\"height: 69px\" bgcolor=\"#ffffff\" width=\"21%\">\n<p align=\"CENTER\"><span style=\"font-family: Verdana, sans-serif\"><span style=\"font-size: medium\">1m65<\/span><\/span><\/p>\n<\/td>\n<td style=\"height: 69px\" bgcolor=\"#ffffff\" width=\"11%\">\n<p align=\"CENTER\"><span style=\"font-family: Verdana, sans-serif\"><span style=\"font-size: medium\">32<\/span><\/span><\/p>\n<\/td>\n<td style=\"height: 69px\" bgcolor=\"#ffffff\" width=\"11%\">\n<p align=\"CENTER\"><span style=\"font-family: Verdana, sans-serif\"><span style=\"font-size: medium\"><b>3e<\/b><\/span><\/span><\/p>\n<\/td>\n<\/tr>\n<tr style=\"height: 69px\">\n<td style=\"height: 69px\" bgcolor=\"#ffffff\" width=\"36%\"><span style=\"font-family: Verdana, sans-serif\"><b>Justine<\/b> Bourgault<\/span><\/td>\n<td style=\"height: 69px\" bgcolor=\"#ffffff\" width=\"21%\"><span style=\"font-family: Verdana, sans-serif\">80m MIF<\/span><\/td>\n<td style=\"height: 69px\" bgcolor=\"#ffffff\" width=\"21%\">\n<p align=\"CENTER\"><span style=\"font-family: Verdana, sans-serif\">10&Prime;85<\/span><\/p>\n<\/td>\n<td style=\"height: 69px\" bgcolor=\"#ffffff\" width=\"11%\">\n<p align=\"CENTER\"><span style=\"font-family: Verdana, sans-serif\">31<\/span><\/p>\n<\/td>\n<td style=\"height: 69px\" bgcolor=\"#ffffff\" width=\"11%\">\n<p align=\"CENTER\"><span style=\"font-family: Verdana, sans-serif\"><span style=\"font-size: medium\">5e<\/span><\/span><\/p>\n<\/td>\n<\/tr>\n<tr style=\"height: 69px\">\n<td style=\"height: 69px\" bgcolor=\"#ffffff\" width=\"36%\"><span style=\"font-family: Verdana, sans-serif\"><b>Alice<\/b> Bou\u00e9<\/span><\/td>\n<td style=\"height: 69px\" bgcolor=\"#ffffff\" width=\"21%\"><span style=\"font-family: Verdana, sans-serif\">200m haies MIF<\/span><\/td>\n<td style=\"height: 69px\" bgcolor=\"#ffffff\" width=\"21%\">\n<p align=\"CENTER\"><span style=\"font-family: Verdana, sans-serif\">33&Prime;85<\/span><\/p>\n<\/td>\n<td style=\"height: 69px\" bgcolor=\"#ffffff\" width=\"11%\">\n<p align=\"CENTER\"><span style=\"font-family: Verdana, sans-serif\">29<\/span><\/p>\n<\/td>\n<td style=\"height: 69px\" bgcolor=\"#ffffff\" width=\"11%\">\n<p align=\"CENTER\"><span style=\"font-family: Verdana, sans-serif\"><span style=\"font-size: medium\"><b>2e<\/b><\/span><\/span><\/p>\n<\/td>\n<\/tr>\n<tr style=\"height: 69px\">\n<td style=\"height: 69px\" bgcolor=\"#ffffff\" width=\"36%\"><span style=\"font-family: Verdana, sans-serif\">Rose Mah\u00e9<\/span><\/td>\n<td style=\"height: 69px\" bgcolor=\"#ffffff\" width=\"21%\"><span style=\"font-family: Verdana, sans-serif\">Hauteur MIF<\/span><\/td>\n<td style=\"height: 69px\" bgcolor=\"#ffffff\" width=\"21%\">\n<p align=\"CENTER\"><span style=\"font-family: Verdana, sans-serif\">1m42<\/span><\/p>\n<\/td>\n<td style=\"height: 69px\" bgcolor=\"#ffffff\" width=\"11%\">\n<p align=\"CENTER\"><span style=\"font-family: Verdana, sans-serif\">29<\/span><\/p>\n<\/td>\n<td style=\"height: 69px\" bgcolor=\"#ffffff\" width=\"11%\">\n<p align=\"CENTER\"><span style=\"font-family: Verdana, sans-serif\"><span style=\"font-size: medium\">4e<\/span><\/span><\/p>\n<\/td>\n<\/tr>\n<tr style=\"height: 69px\">\n<td style=\"height: 69px\" bgcolor=\"#ffffff\" width=\"36%\"><span style=\"font-family: Verdana, sans-serif\">Rose Mah\u00e9<\/span><\/td>\n<td style=\"height: 69px\" bgcolor=\"#ffffff\" width=\"21%\"><span style=\"font-family: Verdana, sans-serif\">Javelot MIF<\/span><\/td>\n<td style=\"height: 69px\" bgcolor=\"#ffffff\" width=\"21%\">\n<p align=\"CENTER\"><span style=\"font-family: Verdana, sans-serif\">23m00<\/span><\/p>\n<\/td>\n<td style=\"height: 69px\" bgcolor=\"#ffffff\" width=\"11%\">\n<p align=\"CENTER\"><span style=\"font-family: Verdana, sans-serif\">28<\/span><\/p>\n<\/td>\n<td style=\"height: 69px\" bgcolor=\"#ffffff\" width=\"11%\">\n<p align=\"CENTER\"><span style=\"font-family: Verdana, sans-serif\"><span style=\"font-size: medium\">5e<\/span><\/span><\/p>\n<\/td>\n<\/tr>\n<tr style=\"height: 69px\">\n<td style=\"height: 69px\" bgcolor=\"#ffffff\" width=\"36%\"><span style=\"font-family: Verdana, sans-serif\"><b>Lucile, Justine, Alice, Violetta, Tha\u00efs<\/b><\/span><\/td>\n<td style=\"height: 69px\" bgcolor=\"#ffffff\" width=\"21%\"><span style=\"font-family: Verdana, sans-serif\">4x60m MIF<\/span><\/td>\n<td style=\"height: 69px\" bgcolor=\"#ffffff\" width=\"21%\">\n<p align=\"CENTER\"><span style=\"font-family: Verdana, sans-serif\">32&Prime;71<\/span><\/p>\n<\/td>\n<td style=\"height: 69px\" bgcolor=\"#ffffff\" width=\"11%\">\n<p align=\"CENTER\"><span style=\"font-family: Verdana, sans-serif\">26<\/span><\/p>\n<\/td>\n<td style=\"height: 69px\" bgcolor=\"#ffffff\" width=\"11%\">\n<p align=\"CENTER\"><span style=\"font-family: Verdana, sans-serif\"><span style=\"font-size: medium\">6e<\/span><\/span><\/p>\n<\/td>\n<\/tr>\n<tr style=\"height: 69px\">\n<td style=\"height: 69px\" bgcolor=\"#ffffff\" width=\"36%\"><span style=\"font-family: Verdana, sans-serif\"><b>Mathis<\/b> Montagne<\/span><\/td>\n<td style=\"height: 69px\" bgcolor=\"#ffffff\" width=\"21%\"><span style=\"font-family: Verdana, sans-serif\">80m haies MIM<\/span><\/td>\n<td style=\"height: 69px\" bgcolor=\"#ffffff\" width=\"21%\">\n<p align=\"CENTER\"><span style=\"font-family: Verdana, sans-serif\">12&Prime;50<\/span><\/p>\n<\/td>\n<td style=\"height: 69px\" bgcolor=\"#ffffff\" width=\"11%\">\n<p align=\"CENTER\"><span style=\"font-family: Verdana, sans-serif\">25<\/span><\/p>\n<\/td>\n<td style=\"height: 69px\" bgcolor=\"#ffffff\" width=\"11%\">\n<p align=\"CENTER\"><span style=\"font-family: Verdana, sans-serif\"><span style=\"font-size: medium\"><b>1er<\/b><\/span><\/span><\/p>\n<\/td>\n<\/tr>\n<\/tbody>\n<\/table>\n<p><span style=\"font-family: Verdana, sans-serif\">A noter que l&rsquo;\u00e9quipe de Saint-Jo Janz\u00e9 est 10e du classement r\u00e9gional chez les filles et 9e chez les gar\u00e7ons. Excellent !<\/span><\/p>\n<p><span style=\"font-family: Verdana, sans-serif\">Un grand bravo aussi \u00e0 <b>No\u00e9mie<\/b> Leroux (Ste Marie Vitr\u00e9), <b>Sayhann<\/b> Ksouda-Lain\u00e9, <b>Thomas<\/b> Bou\u00e9 et <b>Paul<\/b> Bourgault (St Jo Janz\u00e9), qui \u00e9chouent \u00e0 se qualifier individuellement, parfois pour un rien (Sayhann), mais ont contribu\u00e9 \u00e0 porter haut les couleurs de leur coll\u00e8ge respectif.<\/span><\/p>\n<p><span style=\"font-family: Verdana, sans-serif\">Lien vers les r\u00e9sultats, <a href=\"https:\/\/www.ugsel-bretagne.org\/wp-content\/uploads\/2025\/05\/athle-estival_minimes_redon.pdf\">ICI<\/a>.<\/span><\/p>\n<p><a href=\"https:\/\/janze-athletisme.fr\/wordpress\/wp-content\/uploads\/2025\/05\/Photo-illustration-Redon.png\"><img loading=\"lazy\" decoding=\"async\" class=\"alignnone size-medium wp-image-25350\" src=\"https:\/\/janze-athletisme.fr\/wordpress\/wp-content\/uploads\/2025\/05\/Photo-illustration-Redon-300x239.png\" alt=\"\" width=\"300\" height=\"239\" srcset=\"https:\/\/janze-athletisme.fr\/wordpress\/wp-content\/uploads\/2025\/05\/Photo-illustration-Redon-300x239.png 300w, https:\/\/janze-athletisme.fr\/wordpress\/wp-content\/uploads\/2025\/05\/Photo-illustration-Redon.png 602w\" sizes=\"auto, (max-width: 300px) 100vw, 300px\" \/><\/a><\/p>\n<p><span style=\"font-size: 10pt\"><em>Les deux plus gros r\u00e9sultats du jour sont \u00e0 mettre \u00e0 l&rsquo;actif de Rose Meyer-Blanchot et de Justine Bourgault (photos d&rsquo;archives \/ Saint-Malo, 10 mai 2025).<\/em><\/span><\/p>\n","protected":false},"excerpt":{"rendered":"<p>R\u00e9gionaux UGSEL, Redon, mercredi 21 mai C&rsquo;\u00e9tait la derni\u00e8re grande r\u00e9p\u00e9tition g\u00e9n\u00e9ral pour nos minimes, avant les France scolaires du mois prochain, et avant la finale nationale de l&rsquo;\u00e9quip&rsquo;athl\u00e9 ces samedi et dimanche 24\/25 mai \u00e0 Dreux. Tous les qualifi\u00e9s et toutes les qualifi\u00e9es pour le tour final sont dans le tableau qui suit. On [&hellip;]<\/p>\n","protected":false},"author":12,"featured_media":25350,"comment_status":"open","ping_status":"open","sticky":false,"template":"","format":"aside","meta":{"_uag_custom_page_level_css":"","site-sidebar-layout":"default","site-content-layout":"","ast-site-content-layout":"default","site-content-style":"default","site-sidebar-style":"default","ast-global-header-display":"","ast-banner-title-visibility":"","ast-main-header-display":"","ast-hfb-above-header-display":"","ast-hfb-below-header-display":"","ast-hfb-mobile-header-display":"","site-post-title":"","ast-breadcrumbs-content":"","ast-featured-img":"","footer-sml-layout":"","ast-disable-related-posts":"","theme-transparent-header-meta":"default","adv-header-id-meta":"","stick-header-meta":"","header-above-stick-meta":"","header-main-stick-meta":"","header-below-stick-meta":"","astra-migrate-meta-layouts":"set","ast-page-background-enabled":"default","ast-page-background-meta":{"desktop":{"background-color":"var(--ast-global-color-4)","background-image":"","background-repeat":"repeat","background-position":"center center","background-size":"auto","background-attachment":"scroll","background-type":"","background-media":"","overlay-type":"","overlay-color":"","overlay-opacity":"","overlay-gradient":""},"tablet":{"background-color":"","background-image":"","background-repeat":"repeat","background-position":"center center","background-size":"auto","background-attachment":"scroll","background-type":"","background-media":"","overlay-type":"","overlay-color":"","overlay-opacity":"","overlay-gradient":""},"mobile":{"background-color":"","background-image":"","background-repeat":"repeat","background-position":"center center","background-size":"auto","background-attachment":"scroll","background-type":"","background-media":"","overlay-type":"","overlay-color":"","overlay-opacity":"","overlay-gradient":""}},"ast-content-background-meta":{"desktop":{"background-color":"var(--ast-global-color-5)","background-image":"","background-repeat":"repeat","background-position":"center center","background-size":"auto","background-attachment":"scroll","background-type":"","background-media":"","overlay-type":"","overlay-color":"","overlay-opacity":"","overlay-gradient":""},"tablet":{"background-color":"var(--ast-global-color-5)","background-image":"","background-repeat":"repeat","background-position":"center center","background-size":"auto","background-attachment":"scroll","background-type":"","background-media":"","overlay-type":"","overlay-color":"","overlay-opacity":"","overlay-gradient":""},"mobile":{"background-color":"var(--ast-global-color-5)","background-image":"","background-repeat":"repeat","background-position":"center center","background-size":"auto","background-attachment":"scroll","background-type":"","background-media":"","overlay-type":"","overlay-color":"","overlay-opacity":"","overlay-gradient":""}},"footnotes":""},"categories":[6],"tags":[],"class_list":["post-25348","post","type-post","status-publish","format-aside","has-post-thumbnail","hentry","category-sections","post_format-post-format-aside"],"yoast_head":"<!-- This site is optimized with the Yoast SEO plugin v27.4 - https:\/\/yoast.com\/product\/yoast-seo-wordpress\/ -->\n<title>UGSEL : ils seront 10 aux France - Janz\u00e9 Athl\u00e9tisme<\/title>\n<meta name=\"robots\" content=\"index, follow, max-snippet:-1, max-image-preview:large, max-video-preview:-1\" \/>\n<link rel=\"canonical\" href=\"https:\/\/janze-athletisme.fr\/wordpress\/ugsel-ils-seront-10-aux-france\/\" \/>\n<meta property=\"og:locale\" content=\"fr_FR\" \/>\n<meta property=\"og:type\" content=\"article\" \/>\n<meta property=\"og:title\" content=\"UGSEL : ils seront 10 aux France - Janz\u00e9 Athl\u00e9tisme\" \/>\n<meta property=\"og:description\" content=\"R\u00e9gionaux UGSEL, Redon, mercredi 21 mai C&rsquo;\u00e9tait la derni\u00e8re grande r\u00e9p\u00e9tition g\u00e9n\u00e9ral pour nos minimes, avant les France scolaires du mois prochain, et avant la finale nationale de l&rsquo;\u00e9quip&rsquo;athl\u00e9 ces samedi et dimanche 24\/25 mai \u00e0 Dreux. Tous les qualifi\u00e9s et toutes les qualifi\u00e9es pour le tour final sont dans le tableau qui suit. On [&hellip;]\" \/>\n<meta property=\"og:url\" content=\"https:\/\/janze-athletisme.fr\/wordpress\/ugsel-ils-seront-10-aux-france\/\" \/>\n<meta property=\"og:site_name\" content=\"Janz\u00e9 Athl\u00e9tisme\" \/>\n<meta property=\"article:publisher\" content=\"https:\/\/www.facebook.com\/groups\/1007964579346590\" \/>\n<meta property=\"article:published_time\" content=\"2025-05-22T22:01:31+00:00\" \/>\n<meta property=\"og:image\" content=\"https:\/\/janze-athletisme.fr\/wordpress\/wp-content\/uploads\/2025\/05\/Photo-illustration-Redon.png\" \/>\n\t<meta property=\"og:image:width\" content=\"602\" \/>\n\t<meta property=\"og:image:height\" content=\"479\" \/>\n\t<meta property=\"og:image:type\" content=\"image\/png\" \/>\n<meta name=\"author\" content=\"Laurent Meunier\" \/>\n<meta name=\"twitter:card\" content=\"summary_large_image\" \/>\n<meta name=\"twitter:label1\" content=\"\u00c9crit par\" \/>\n\t<meta name=\"twitter:data1\" content=\"Laurent Meunier\" \/>\n\t<meta name=\"twitter:label2\" content=\"Dur\u00e9e de lecture estim\u00e9e\" \/>\n\t<meta name=\"twitter:data2\" content=\"2 minutes\" \/>\n<script type=\"application\/ld+json\" class=\"yoast-schema-graph\">{\"@context\":\"https:\\\/\\\/schema.org\",\"@graph\":[{\"@type\":\"Article\",\"@id\":\"https:\\\/\\\/janze-athletisme.fr\\\/wordpress\\\/ugsel-ils-seront-10-aux-france\\\/#article\",\"isPartOf\":{\"@id\":\"https:\\\/\\\/janze-athletisme.fr\\\/wordpress\\\/ugsel-ils-seront-10-aux-france\\\/\"},\"author\":{\"name\":\"Laurent Meunier\",\"@id\":\"https:\\\/\\\/janze-athletisme.fr\\\/wordpress\\\/#\\\/schema\\\/person\\\/c7b063dcfa6234c041d4d9b26cc2ea03\"},\"headline\":\"UGSEL : ils seront 10 aux France\",\"datePublished\":\"2025-05-22T22:01:31+00:00\",\"mainEntityOfPage\":{\"@id\":\"https:\\\/\\\/janze-athletisme.fr\\\/wordpress\\\/ugsel-ils-seront-10-aux-france\\\/\"},\"wordCount\":308,\"commentCount\":0,\"publisher\":{\"@id\":\"https:\\\/\\\/janze-athletisme.fr\\\/wordpress\\\/#organization\"},\"image\":{\"@id\":\"https:\\\/\\\/janze-athletisme.fr\\\/wordpress\\\/ugsel-ils-seront-10-aux-france\\\/#primaryimage\"},\"thumbnailUrl\":\"https:\\\/\\\/janze-athletisme.fr\\\/wordpress\\\/wp-content\\\/uploads\\\/2025\\\/05\\\/Photo-illustration-Redon.png\",\"articleSection\":[\"Le club au jour le jour\"],\"inLanguage\":\"fr-FR\",\"potentialAction\":[{\"@type\":\"CommentAction\",\"name\":\"Comment\",\"target\":[\"https:\\\/\\\/janze-athletisme.fr\\\/wordpress\\\/ugsel-ils-seront-10-aux-france\\\/#respond\"]}]},{\"@type\":\"WebPage\",\"@id\":\"https:\\\/\\\/janze-athletisme.fr\\\/wordpress\\\/ugsel-ils-seront-10-aux-france\\\/\",\"url\":\"https:\\\/\\\/janze-athletisme.fr\\\/wordpress\\\/ugsel-ils-seront-10-aux-france\\\/\",\"name\":\"UGSEL : ils seront 10 aux France - Janz\u00e9 Athl\u00e9tisme\",\"isPartOf\":{\"@id\":\"https:\\\/\\\/janze-athletisme.fr\\\/wordpress\\\/#website\"},\"primaryImageOfPage\":{\"@id\":\"https:\\\/\\\/janze-athletisme.fr\\\/wordpress\\\/ugsel-ils-seront-10-aux-france\\\/#primaryimage\"},\"image\":{\"@id\":\"https:\\\/\\\/janze-athletisme.fr\\\/wordpress\\\/ugsel-ils-seront-10-aux-france\\\/#primaryimage\"},\"thumbnailUrl\":\"https:\\\/\\\/janze-athletisme.fr\\\/wordpress\\\/wp-content\\\/uploads\\\/2025\\\/05\\\/Photo-illustration-Redon.png\",\"datePublished\":\"2025-05-22T22:01:31+00:00\",\"breadcrumb\":{\"@id\":\"https:\\\/\\\/janze-athletisme.fr\\\/wordpress\\\/ugsel-ils-seront-10-aux-france\\\/#breadcrumb\"},\"inLanguage\":\"fr-FR\",\"potentialAction\":[{\"@type\":\"ReadAction\",\"target\":[\"https:\\\/\\\/janze-athletisme.fr\\\/wordpress\\\/ugsel-ils-seront-10-aux-france\\\/\"]}]},{\"@type\":\"ImageObject\",\"inLanguage\":\"fr-FR\",\"@id\":\"https:\\\/\\\/janze-athletisme.fr\\\/wordpress\\\/ugsel-ils-seront-10-aux-france\\\/#primaryimage\",\"url\":\"https:\\\/\\\/janze-athletisme.fr\\\/wordpress\\\/wp-content\\\/uploads\\\/2025\\\/05\\\/Photo-illustration-Redon.png\",\"contentUrl\":\"https:\\\/\\\/janze-athletisme.fr\\\/wordpress\\\/wp-content\\\/uploads\\\/2025\\\/05\\\/Photo-illustration-Redon.png\",\"width\":602,\"height\":479},{\"@type\":\"BreadcrumbList\",\"@id\":\"https:\\\/\\\/janze-athletisme.fr\\\/wordpress\\\/ugsel-ils-seront-10-aux-france\\\/#breadcrumb\",\"itemListElement\":[{\"@type\":\"ListItem\",\"position\":1,\"name\":\"Accueil\",\"item\":\"https:\\\/\\\/janze-athletisme.fr\\\/wordpress\\\/\"},{\"@type\":\"ListItem\",\"position\":2,\"name\":\"UGSEL : ils seront 10 aux France\"}]},{\"@type\":\"WebSite\",\"@id\":\"https:\\\/\\\/janze-athletisme.fr\\\/wordpress\\\/#website\",\"url\":\"https:\\\/\\\/janze-athletisme.fr\\\/wordpress\\\/\",\"name\":\"Janz\u00e9 Athl\u00e9tisme\",\"description\":\"Pays de La Roche aux F\u00e9es\",\"publisher\":{\"@id\":\"https:\\\/\\\/janze-athletisme.fr\\\/wordpress\\\/#organization\"},\"potentialAction\":[{\"@type\":\"SearchAction\",\"target\":{\"@type\":\"EntryPoint\",\"urlTemplate\":\"https:\\\/\\\/janze-athletisme.fr\\\/wordpress\\\/?s={search_term_string}\"},\"query-input\":{\"@type\":\"PropertyValueSpecification\",\"valueRequired\":true,\"valueName\":\"search_term_string\"}}],\"inLanguage\":\"fr-FR\"},{\"@type\":\"Organization\",\"@id\":\"https:\\\/\\\/janze-athletisme.fr\\\/wordpress\\\/#organization\",\"name\":\"Janz\u00e9 Athl\u00e9tisme\",\"url\":\"https:\\\/\\\/janze-athletisme.fr\\\/wordpress\\\/\",\"logo\":{\"@type\":\"ImageObject\",\"inLanguage\":\"fr-FR\",\"@id\":\"https:\\\/\\\/janze-athletisme.fr\\\/wordpress\\\/#\\\/schema\\\/logo\\\/image\\\/\",\"url\":\"https:\\\/\\\/janze-athletisme.fr\\\/wordpress\\\/wp-content\\\/uploads\\\/2015\\\/03\\\/logo-full1.jpg\",\"contentUrl\":\"https:\\\/\\\/janze-athletisme.fr\\\/wordpress\\\/wp-content\\\/uploads\\\/2015\\\/03\\\/logo-full1.jpg\",\"width\":437,\"height\":205,\"caption\":\"Janz\u00e9 Athl\u00e9tisme\"},\"image\":{\"@id\":\"https:\\\/\\\/janze-athletisme.fr\\\/wordpress\\\/#\\\/schema\\\/logo\\\/image\\\/\"},\"sameAs\":[\"https:\\\/\\\/www.facebook.com\\\/groups\\\/1007964579346590\"]},{\"@type\":\"Person\",\"@id\":\"https:\\\/\\\/janze-athletisme.fr\\\/wordpress\\\/#\\\/schema\\\/person\\\/c7b063dcfa6234c041d4d9b26cc2ea03\",\"name\":\"Laurent Meunier\",\"image\":{\"@type\":\"ImageObject\",\"inLanguage\":\"fr-FR\",\"@id\":\"https:\\\/\\\/secure.gravatar.com\\\/avatar\\\/dd25d581ad7c3349090f2fa6a9adb6bfa287e6a5dd8a5216a092727cd8749034?s=96&d=mm&r=g\",\"url\":\"https:\\\/\\\/secure.gravatar.com\\\/avatar\\\/dd25d581ad7c3349090f2fa6a9adb6bfa287e6a5dd8a5216a092727cd8749034?s=96&d=mm&r=g\",\"contentUrl\":\"https:\\\/\\\/secure.gravatar.com\\\/avatar\\\/dd25d581ad7c3349090f2fa6a9adb6bfa287e6a5dd8a5216a092727cd8749034?s=96&d=mm&r=g\",\"caption\":\"Laurent Meunier\"},\"url\":\"https:\\\/\\\/janze-athletisme.fr\\\/wordpress\\\/author\\\/laurent-meunier35\\\/\"}]}<\/script>\n<!-- \/ Yoast SEO plugin. -->","yoast_head_json":{"title":"UGSEL : ils seront 10 aux France - Janz\u00e9 Athl\u00e9tisme","robots":{"index":"index","follow":"follow","max-snippet":"max-snippet:-1","max-image-preview":"max-image-preview:large","max-video-preview":"max-video-preview:-1"},"canonical":"https:\/\/janze-athletisme.fr\/wordpress\/ugsel-ils-seront-10-aux-france\/","og_locale":"fr_FR","og_type":"article","og_title":"UGSEL : ils seront 10 aux France - Janz\u00e9 Athl\u00e9tisme","og_description":"R\u00e9gionaux UGSEL, Redon, mercredi 21 mai C&rsquo;\u00e9tait la derni\u00e8re grande r\u00e9p\u00e9tition g\u00e9n\u00e9ral pour nos minimes, avant les France scolaires du mois prochain, et avant la finale nationale de l&rsquo;\u00e9quip&rsquo;athl\u00e9 ces samedi et dimanche 24\/25 mai \u00e0 Dreux. Tous les qualifi\u00e9s et toutes les qualifi\u00e9es pour le tour final sont dans le tableau qui suit. On [&hellip;]","og_url":"https:\/\/janze-athletisme.fr\/wordpress\/ugsel-ils-seront-10-aux-france\/","og_site_name":"Janz\u00e9 Athl\u00e9tisme","article_publisher":"https:\/\/www.facebook.com\/groups\/1007964579346590","article_published_time":"2025-05-22T22:01:31+00:00","og_image":[{"width":602,"height":479,"url":"https:\/\/janze-athletisme.fr\/wordpress\/wp-content\/uploads\/2025\/05\/Photo-illustration-Redon.png","type":"image\/png"}],"author":"Laurent Meunier","twitter_card":"summary_large_image","twitter_misc":{"\u00c9crit par":"Laurent Meunier","Dur\u00e9e de lecture estim\u00e9e":"2 minutes"},"schema":{"@context":"https:\/\/schema.org","@graph":[{"@type":"Article","@id":"https:\/\/janze-athletisme.fr\/wordpress\/ugsel-ils-seront-10-aux-france\/#article","isPartOf":{"@id":"https:\/\/janze-athletisme.fr\/wordpress\/ugsel-ils-seront-10-aux-france\/"},"author":{"name":"Laurent Meunier","@id":"https:\/\/janze-athletisme.fr\/wordpress\/#\/schema\/person\/c7b063dcfa6234c041d4d9b26cc2ea03"},"headline":"UGSEL : ils seront 10 aux France","datePublished":"2025-05-22T22:01:31+00:00","mainEntityOfPage":{"@id":"https:\/\/janze-athletisme.fr\/wordpress\/ugsel-ils-seront-10-aux-france\/"},"wordCount":308,"commentCount":0,"publisher":{"@id":"https:\/\/janze-athletisme.fr\/wordpress\/#organization"},"image":{"@id":"https:\/\/janze-athletisme.fr\/wordpress\/ugsel-ils-seront-10-aux-france\/#primaryimage"},"thumbnailUrl":"https:\/\/janze-athletisme.fr\/wordpress\/wp-content\/uploads\/2025\/05\/Photo-illustration-Redon.png","articleSection":["Le club au jour le jour"],"inLanguage":"fr-FR","potentialAction":[{"@type":"CommentAction","name":"Comment","target":["https:\/\/janze-athletisme.fr\/wordpress\/ugsel-ils-seront-10-aux-france\/#respond"]}]},{"@type":"WebPage","@id":"https:\/\/janze-athletisme.fr\/wordpress\/ugsel-ils-seront-10-aux-france\/","url":"https:\/\/janze-athletisme.fr\/wordpress\/ugsel-ils-seront-10-aux-france\/","name":"UGSEL : ils seront 10 aux France - Janz\u00e9 Athl\u00e9tisme","isPartOf":{"@id":"https:\/\/janze-athletisme.fr\/wordpress\/#website"},"primaryImageOfPage":{"@id":"https:\/\/janze-athletisme.fr\/wordpress\/ugsel-ils-seront-10-aux-france\/#primaryimage"},"image":{"@id":"https:\/\/janze-athletisme.fr\/wordpress\/ugsel-ils-seront-10-aux-france\/#primaryimage"},"thumbnailUrl":"https:\/\/janze-athletisme.fr\/wordpress\/wp-content\/uploads\/2025\/05\/Photo-illustration-Redon.png","datePublished":"2025-05-22T22:01:31+00:00","breadcrumb":{"@id":"https:\/\/janze-athletisme.fr\/wordpress\/ugsel-ils-seront-10-aux-france\/#breadcrumb"},"inLanguage":"fr-FR","potentialAction":[{"@type":"ReadAction","target":["https:\/\/janze-athletisme.fr\/wordpress\/ugsel-ils-seront-10-aux-france\/"]}]},{"@type":"ImageObject","inLanguage":"fr-FR","@id":"https:\/\/janze-athletisme.fr\/wordpress\/ugsel-ils-seront-10-aux-france\/#primaryimage","url":"https:\/\/janze-athletisme.fr\/wordpress\/wp-content\/uploads\/2025\/05\/Photo-illustration-Redon.png","contentUrl":"https:\/\/janze-athletisme.fr\/wordpress\/wp-content\/uploads\/2025\/05\/Photo-illustration-Redon.png","width":602,"height":479},{"@type":"BreadcrumbList","@id":"https:\/\/janze-athletisme.fr\/wordpress\/ugsel-ils-seront-10-aux-france\/#breadcrumb","itemListElement":[{"@type":"ListItem","position":1,"name":"Accueil","item":"https:\/\/janze-athletisme.fr\/wordpress\/"},{"@type":"ListItem","position":2,"name":"UGSEL : ils seront 10 aux France"}]},{"@type":"WebSite","@id":"https:\/\/janze-athletisme.fr\/wordpress\/#website","url":"https:\/\/janze-athletisme.fr\/wordpress\/","name":"Janz\u00e9 Athl\u00e9tisme","description":"Pays de La Roche aux F\u00e9es","publisher":{"@id":"https:\/\/janze-athletisme.fr\/wordpress\/#organization"},"potentialAction":[{"@type":"SearchAction","target":{"@type":"EntryPoint","urlTemplate":"https:\/\/janze-athletisme.fr\/wordpress\/?s={search_term_string}"},"query-input":{"@type":"PropertyValueSpecification","valueRequired":true,"valueName":"search_term_string"}}],"inLanguage":"fr-FR"},{"@type":"Organization","@id":"https:\/\/janze-athletisme.fr\/wordpress\/#organization","name":"Janz\u00e9 Athl\u00e9tisme","url":"https:\/\/janze-athletisme.fr\/wordpress\/","logo":{"@type":"ImageObject","inLanguage":"fr-FR","@id":"https:\/\/janze-athletisme.fr\/wordpress\/#\/schema\/logo\/image\/","url":"https:\/\/janze-athletisme.fr\/wordpress\/wp-content\/uploads\/2015\/03\/logo-full1.jpg","contentUrl":"https:\/\/janze-athletisme.fr\/wordpress\/wp-content\/uploads\/2015\/03\/logo-full1.jpg","width":437,"height":205,"caption":"Janz\u00e9 Athl\u00e9tisme"},"image":{"@id":"https:\/\/janze-athletisme.fr\/wordpress\/#\/schema\/logo\/image\/"},"sameAs":["https:\/\/www.facebook.com\/groups\/1007964579346590"]},{"@type":"Person","@id":"https:\/\/janze-athletisme.fr\/wordpress\/#\/schema\/person\/c7b063dcfa6234c041d4d9b26cc2ea03","name":"Laurent Meunier","image":{"@type":"ImageObject","inLanguage":"fr-FR","@id":"https:\/\/secure.gravatar.com\/avatar\/dd25d581ad7c3349090f2fa6a9adb6bfa287e6a5dd8a5216a092727cd8749034?s=96&d=mm&r=g","url":"https:\/\/secure.gravatar.com\/avatar\/dd25d581ad7c3349090f2fa6a9adb6bfa287e6a5dd8a5216a092727cd8749034?s=96&d=mm&r=g","contentUrl":"https:\/\/secure.gravatar.com\/avatar\/dd25d581ad7c3349090f2fa6a9adb6bfa287e6a5dd8a5216a092727cd8749034?s=96&d=mm&r=g","caption":"Laurent Meunier"},"url":"https:\/\/janze-athletisme.fr\/wordpress\/author\/laurent-meunier35\/"}]}},"uagb_featured_image_src":{"full":["https:\/\/janze-athletisme.fr\/wordpress\/wp-content\/uploads\/2025\/05\/Photo-illustration-Redon.png",602,479,false],"thumbnail":["https:\/\/janze-athletisme.fr\/wordpress\/wp-content\/uploads\/2025\/05\/Photo-illustration-Redon-150x150.png",150,150,true],"medium":["https:\/\/janze-athletisme.fr\/wordpress\/wp-content\/uploads\/2025\/05\/Photo-illustration-Redon-300x239.png",300,239,true],"medium_large":["https:\/\/janze-athletisme.fr\/wordpress\/wp-content\/uploads\/2025\/05\/Photo-illustration-Redon.png",602,479,false],"large":["https:\/\/janze-athletisme.fr\/wordpress\/wp-content\/uploads\/2025\/05\/Photo-illustration-Redon.png",602,479,false],"1536x1536":["https:\/\/janze-athletisme.fr\/wordpress\/wp-content\/uploads\/2025\/05\/Photo-illustration-Redon.png",602,479,false],"2048x2048":["https:\/\/janze-athletisme.fr\/wordpress\/wp-content\/uploads\/2025\/05\/Photo-illustration-Redon.png",602,479,false]},"uagb_author_info":{"display_name":"Laurent Meunier","author_link":"https:\/\/janze-athletisme.fr\/wordpress\/author\/laurent-meunier35\/"},"uagb_comment_info":0,"uagb_excerpt":"R\u00e9gionaux UGSEL, Redon, mercredi 21 mai C&rsquo;\u00e9tait la derni\u00e8re grande r\u00e9p\u00e9tition g\u00e9n\u00e9ral pour nos minimes, avant les France scolaires du mois prochain, et avant la finale nationale de l&rsquo;\u00e9quip&rsquo;athl\u00e9 ces samedi et dimanche 24\/25 mai \u00e0 Dreux. Tous les qualifi\u00e9s et toutes les qualifi\u00e9es pour le tour final sont dans le tableau qui suit. On\u2026","_links":{"self":[{"href":"https:\/\/janze-athletisme.fr\/wordpress\/wp-json\/wp\/v2\/posts\/25348","targetHints":{"allow":["GET"]}}],"collection":[{"href":"https:\/\/janze-athletisme.fr\/wordpress\/wp-json\/wp\/v2\/posts"}],"about":[{"href":"https:\/\/janze-athletisme.fr\/wordpress\/wp-json\/wp\/v2\/types\/post"}],"author":[{"embeddable":true,"href":"https:\/\/janze-athletisme.fr\/wordpress\/wp-json\/wp\/v2\/users\/12"}],"replies":[{"embeddable":true,"href":"https:\/\/janze-athletisme.fr\/wordpress\/wp-json\/wp\/v2\/comments?post=25348"}],"version-history":[{"count":4,"href":"https:\/\/janze-athletisme.fr\/wordpress\/wp-json\/wp\/v2\/posts\/25348\/revisions"}],"predecessor-version":[{"id":25354,"href":"https:\/\/janze-athletisme.fr\/wordpress\/wp-json\/wp\/v2\/posts\/25348\/revisions\/25354"}],"wp:featuredmedia":[{"embeddable":true,"href":"https:\/\/janze-athletisme.fr\/wordpress\/wp-json\/wp\/v2\/media\/25350"}],"wp:attachment":[{"href":"https:\/\/janze-athletisme.fr\/wordpress\/wp-json\/wp\/v2\/media?parent=25348"}],"wp:term":[{"taxonomy":"category","embeddable":true,"href":"https:\/\/janze-athletisme.fr\/wordpress\/wp-json\/wp\/v2\/categories?post=25348"},{"taxonomy":"post_tag","embeddable":true,"href":"https:\/\/janze-athletisme.fr\/wordpress\/wp-json\/wp\/v2\/tags?post=25348"}],"curies":[{"name":"wp","href":"https:\/\/api.w.org\/{rel}","templated":true}]}}