{"id":24048,"date":"2025-03-10T11:37:29","date_gmt":"2025-03-10T10:37:29","guid":{"rendered":"https:\/\/janze-athletisme.fr\/wordpress\/?p=24048"},"modified":"2025-03-10T11:38:35","modified_gmt":"2025-03-10T10:38:35","slug":"nouvelle-boutique-nouveaux-tarifs","status":"publish","type":"post","link":"https:\/\/janze-athletisme.fr\/wordpress\/nouvelle-boutique-nouveaux-tarifs\/","title":{"rendered":"Nouvelle boutique, nouveaux tarifs !"},"content":{"rendered":"<h1 style=\"text-align: center;\"><span style=\"font-family: comic sans ms, sans-serif; color: #800000;\">Boutique club Janz\u00e9 athl\u00e9 2025<\/span><\/h1>\n<p>&nbsp;<\/p>\n<p><a href=\"https:\/\/janze-athletisme.fr\/wordpress\/wp-content\/uploads\/2025\/03\/Screenshot-2025-03-10-at-11-36-22-La-boutique-EAC_Janze-athle-Janze-Athletisme.png\"><img loading=\"lazy\" decoding=\"async\" class=\"wp-image-24049 aligncenter\" src=\"https:\/\/janze-athletisme.fr\/wordpress\/wp-content\/uploads\/2025\/03\/Screenshot-2025-03-10-at-11-36-22-La-boutique-EAC_Janze-athle-Janze-Athletisme-212x300.png\" alt=\"\" width=\"653\" height=\"924\" srcset=\"https:\/\/janze-athletisme.fr\/wordpress\/wp-content\/uploads\/2025\/03\/Screenshot-2025-03-10-at-11-36-22-La-boutique-EAC_Janze-athle-Janze-Athletisme-212x300.png 212w, https:\/\/janze-athletisme.fr\/wordpress\/wp-content\/uploads\/2025\/03\/Screenshot-2025-03-10-at-11-36-22-La-boutique-EAC_Janze-athle-Janze-Athletisme-723x1024.png 723w, https:\/\/janze-athletisme.fr\/wordpress\/wp-content\/uploads\/2025\/03\/Screenshot-2025-03-10-at-11-36-22-La-boutique-EAC_Janze-athle-Janze-Athletisme-768x1088.png 768w, https:\/\/janze-athletisme.fr\/wordpress\/wp-content\/uploads\/2025\/03\/Screenshot-2025-03-10-at-11-36-22-La-boutique-EAC_Janze-athle-Janze-Athletisme.png 1023w\" sizes=\"auto, (max-width: 653px) 100vw, 653px\" \/><\/a><\/p>\n<h5><span style=\"color: #003366; font-family: comic sans ms, sans-serif;\">Porter les couleurs du club, que ce soit le maillot ou les accessoires, ce n&rsquo;est pas obligatoire, c&rsquo;est juste indispensable !!! <\/span><\/h5>\n<h5><span style=\"color: #003366; font-family: comic sans ms, sans-serif;\">Vous avez d\u00e9j\u00e0 pour la plupart le maillot du club (du moins je l&rsquo;esp\u00e8re sinon c&rsquo;est la loose !!!) voir la fameuse veste noire ou fluo, produits phare du club (pour la veste fluo notamment, produit phare ! si vous avez compris la blague&#8230;).<\/span><\/h5>\n<h5><span style=\"color: #003366; font-family: comic sans ms, sans-serif;\"> Pour la saison 2025, nous avons modifi\u00e9 l&rsquo;offre et les produits propos\u00e9s en fonctions des commandes pass\u00e9es et souhaits de chacun.<\/span><\/h5>\n<p>&nbsp;<\/p>\n<h5><span style=\"color: #003366; font-family: comic sans ms, sans-serif;\"><span style=\"color: #800000;\">Nouveaut\u00e9 cette ann\u00e9e:<\/span> les manchettes du club, noires avec le logo !!! l&rsquo;accessoire indispensable si vous \u00eates un peu frileux mais pas trop quand m\u00eame !<\/span><\/h5>\n<p>&nbsp;<\/p>\n<h5><span style=\"color: #003366; font-family: comic sans ms, sans-serif;\">Apr\u00e8s quelques ann\u00e9es, nous avons quand m\u00eame d\u00fb revoir \u00e0 la hausse certains tarifs tout en vous proposant des prix comp\u00e9titifs. Pour rappel, le club prend \u00e0 charge pr\u00e8s de 40% du prix des d\u00e9bardeurs et maillots, que ce soit Janz\u00e9 ou l&rsquo;EAC.<\/span><\/h5>\n<h5><span style=\"color: #003366; font-family: comic sans ms, sans-serif;\"> Quant aux produits Mizuno de la boutique Janz\u00e9 athl\u00e9, ceux-ci sont propos\u00e9s quasi \u00e0 prix co\u00fbtant donc pas ou tr\u00e8s peu de b\u00e9n\u00e9fices pour le club. La boutique des produits EAC par contre est g\u00e9r\u00e9e directement par notre fournisseur Springart. Vous commandez, de pr\u00e9f\u00e9rence lors des p\u00e9riodes de promotion, ils vous livrent ! les d\u00e9bardeurs EAC vous sont par contre propos\u00e9s par le club pour que vous puissiez b\u00e9n\u00e9ficier de notre remise de moins 40%. Le lien est sur la page Boutique.<\/span><\/h5>\n<p>&nbsp;<\/p>\n<h5><span style=\"color: #003366; font-family: comic sans ms, sans-serif;\">Tous les produits Springart sont con\u00e7us et fabriqu\u00e9s en France ! certes nous aurions pu aussi vous proposer un maillot \u00e0 5 euros chez Shein ou Kiabi mais non, pas envie&#8230;<\/span><\/h5>\n<p>&nbsp;<\/p>\n<h5><span style=\"color: #003366; font-family: comic sans ms, sans-serif;\">N&rsquo;h\u00e9sitez pas \u00e0 consulter la boutique via l&rsquo;onglet Boutique sur le site du club ! <span style=\"color: #ff0000; font-size: 24pt;\"><a style=\"color: #ff0000;\" href=\"https:\/\/janze-athletisme.fr\/wordpress\/boutique\/\">Ici<\/a><\/span><br \/>\n<\/span><\/h5>\n","protected":false},"excerpt":{"rendered":"<p>Boutique club Janz\u00e9 athl\u00e9 2025 &nbsp; Porter les couleurs du club, que ce soit le maillot ou les accessoires, ce n&rsquo;est pas obligatoire, c&rsquo;est juste indispensable !!! Vous avez d\u00e9j\u00e0 pour la plupart le maillot du club (du moins je l&rsquo;esp\u00e8re sinon c&rsquo;est la loose !!!) voir la fameuse veste noire ou fluo, produits phare [&hellip;]<\/p>\n","protected":false},"author":8,"featured_media":24049,"comment_status":"open","ping_status":"open","sticky":false,"template":"","format":"aside","meta":{"_uag_custom_page_level_css":"","site-sidebar-layout":"default","site-content-layout":"","ast-site-content-layout":"default","site-content-style":"default","site-sidebar-style":"default","ast-global-header-display":"","ast-banner-title-visibility":"","ast-main-header-display":"","ast-hfb-above-header-display":"","ast-hfb-below-header-display":"","ast-hfb-mobile-header-display":"","site-post-title":"","ast-breadcrumbs-content":"","ast-featured-img":"","footer-sml-layout":"","ast-disable-related-posts":"","theme-transparent-header-meta":"default","adv-header-id-meta":"","stick-header-meta":"","header-above-stick-meta":"","header-main-stick-meta":"","header-below-stick-meta":"","astra-migrate-meta-layouts":"set","ast-page-background-enabled":"default","ast-page-background-meta":{"desktop":{"background-color":"var(--ast-global-color-4)","background-image":"","background-repeat":"repeat","background-position":"center center","background-size":"auto","background-attachment":"scroll","background-type":"","background-media":"","overlay-type":"","overlay-color":"","overlay-opacity":"","overlay-gradient":""},"tablet":{"background-color":"","background-image":"","background-repeat":"repeat","background-position":"center center","background-size":"auto","background-attachment":"scroll","background-type":"","background-media":"","overlay-type":"","overlay-color":"","overlay-opacity":"","overlay-gradient":""},"mobile":{"background-color":"","background-image":"","background-repeat":"repeat","background-position":"center center","background-size":"auto","background-attachment":"scroll","background-type":"","background-media":"","overlay-type":"","overlay-color":"","overlay-opacity":"","overlay-gradient":""}},"ast-content-background-meta":{"desktop":{"background-color":"var(--ast-global-color-5)","background-image":"","background-repeat":"repeat","background-position":"center center","background-size":"auto","background-attachment":"scroll","background-type":"","background-media":"","overlay-type":"","overlay-color":"","overlay-opacity":"","overlay-gradient":""},"tablet":{"background-color":"var(--ast-global-color-5)","background-image":"","background-repeat":"repeat","background-position":"center center","background-size":"auto","background-attachment":"scroll","background-type":"","background-media":"","overlay-type":"","overlay-color":"","overlay-opacity":"","overlay-gradient":""},"mobile":{"background-color":"var(--ast-global-color-5)","background-image":"","background-repeat":"repeat","background-position":"center center","background-size":"auto","background-attachment":"scroll","background-type":"","background-media":"","overlay-type":"","overlay-color":"","overlay-opacity":"","overlay-gradient":""}},"footnotes":""},"categories":[6],"tags":[],"class_list":["post-24048","post","type-post","status-publish","format-aside","has-post-thumbnail","hentry","category-sections","post_format-post-format-aside"],"yoast_head":"<!-- This site is optimized with the Yoast SEO plugin v27.4 - https:\/\/yoast.com\/product\/yoast-seo-wordpress\/ -->\n<title>Nouvelle boutique, nouveaux tarifs ! - Janz\u00e9 Athl\u00e9tisme<\/title>\n<meta name=\"robots\" content=\"index, follow, max-snippet:-1, max-image-preview:large, max-video-preview:-1\" \/>\n<link rel=\"canonical\" href=\"https:\/\/janze-athletisme.fr\/wordpress\/nouvelle-boutique-nouveaux-tarifs\/\" \/>\n<meta property=\"og:locale\" content=\"fr_FR\" \/>\n<meta property=\"og:type\" content=\"article\" \/>\n<meta property=\"og:title\" content=\"Nouvelle boutique, nouveaux tarifs ! - Janz\u00e9 Athl\u00e9tisme\" \/>\n<meta property=\"og:description\" content=\"Boutique club Janz\u00e9 athl\u00e9 2025 &nbsp; Porter les couleurs du club, que ce soit le maillot ou les accessoires, ce n&rsquo;est pas obligatoire, c&rsquo;est juste indispensable !!! Vous avez d\u00e9j\u00e0 pour la plupart le maillot du club (du moins je l&rsquo;esp\u00e8re sinon c&rsquo;est la loose !!!) voir la fameuse veste noire ou fluo, produits phare [&hellip;]\" \/>\n<meta property=\"og:url\" content=\"https:\/\/janze-athletisme.fr\/wordpress\/nouvelle-boutique-nouveaux-tarifs\/\" \/>\n<meta property=\"og:site_name\" content=\"Janz\u00e9 Athl\u00e9tisme\" \/>\n<meta property=\"article:publisher\" content=\"https:\/\/www.facebook.com\/groups\/1007964579346590\" \/>\n<meta property=\"article:published_time\" content=\"2025-03-10T10:37:29+00:00\" \/>\n<meta property=\"article:modified_time\" content=\"2025-03-10T10:38:35+00:00\" \/>\n<meta property=\"og:image\" content=\"https:\/\/janze-athletisme.fr\/wordpress\/wp-content\/uploads\/2025\/03\/Screenshot-2025-03-10-at-11-36-22-La-boutique-EAC_Janze-athle-Janze-Athletisme.png\" \/>\n\t<meta property=\"og:image:width\" content=\"1023\" \/>\n\t<meta property=\"og:image:height\" content=\"1449\" \/>\n\t<meta property=\"og:image:type\" content=\"image\/png\" \/>\n<meta name=\"author\" content=\"Jean-Marie Jouzel\" \/>\n<meta name=\"twitter:card\" content=\"summary_large_image\" \/>\n<meta name=\"twitter:label1\" content=\"\u00c9crit par\" \/>\n\t<meta name=\"twitter:data1\" content=\"Jean-Marie Jouzel\" \/>\n\t<meta name=\"twitter:label2\" content=\"Dur\u00e9e de lecture estim\u00e9e\" \/>\n\t<meta name=\"twitter:data2\" content=\"2 minutes\" \/>\n<script type=\"application\/ld+json\" class=\"yoast-schema-graph\">{\"@context\":\"https:\\\/\\\/schema.org\",\"@graph\":[{\"@type\":\"Article\",\"@id\":\"https:\\\/\\\/janze-athletisme.fr\\\/wordpress\\\/nouvelle-boutique-nouveaux-tarifs\\\/#article\",\"isPartOf\":{\"@id\":\"https:\\\/\\\/janze-athletisme.fr\\\/wordpress\\\/nouvelle-boutique-nouveaux-tarifs\\\/\"},\"author\":{\"name\":\"Jean-Marie Jouzel\",\"@id\":\"https:\\\/\\\/janze-athletisme.fr\\\/wordpress\\\/#\\\/schema\\\/person\\\/e27efa3d49687b81c679eb0b5c4973e9\"},\"headline\":\"Nouvelle boutique, nouveaux tarifs !\",\"datePublished\":\"2025-03-10T10:37:29+00:00\",\"dateModified\":\"2025-03-10T10:38:35+00:00\",\"mainEntityOfPage\":{\"@id\":\"https:\\\/\\\/janze-athletisme.fr\\\/wordpress\\\/nouvelle-boutique-nouveaux-tarifs\\\/\"},\"wordCount\":318,\"commentCount\":0,\"publisher\":{\"@id\":\"https:\\\/\\\/janze-athletisme.fr\\\/wordpress\\\/#organization\"},\"image\":{\"@id\":\"https:\\\/\\\/janze-athletisme.fr\\\/wordpress\\\/nouvelle-boutique-nouveaux-tarifs\\\/#primaryimage\"},\"thumbnailUrl\":\"https:\\\/\\\/janze-athletisme.fr\\\/wordpress\\\/wp-content\\\/uploads\\\/2025\\\/03\\\/Screenshot-2025-03-10-at-11-36-22-La-boutique-EAC_Janze-athle-Janze-Athletisme.png\",\"articleSection\":[\"Le club au jour le jour\"],\"inLanguage\":\"fr-FR\",\"potentialAction\":[{\"@type\":\"CommentAction\",\"name\":\"Comment\",\"target\":[\"https:\\\/\\\/janze-athletisme.fr\\\/wordpress\\\/nouvelle-boutique-nouveaux-tarifs\\\/#respond\"]}]},{\"@type\":\"WebPage\",\"@id\":\"https:\\\/\\\/janze-athletisme.fr\\\/wordpress\\\/nouvelle-boutique-nouveaux-tarifs\\\/\",\"url\":\"https:\\\/\\\/janze-athletisme.fr\\\/wordpress\\\/nouvelle-boutique-nouveaux-tarifs\\\/\",\"name\":\"Nouvelle boutique, nouveaux tarifs ! - Janz\u00e9 Athl\u00e9tisme\",\"isPartOf\":{\"@id\":\"https:\\\/\\\/janze-athletisme.fr\\\/wordpress\\\/#website\"},\"primaryImageOfPage\":{\"@id\":\"https:\\\/\\\/janze-athletisme.fr\\\/wordpress\\\/nouvelle-boutique-nouveaux-tarifs\\\/#primaryimage\"},\"image\":{\"@id\":\"https:\\\/\\\/janze-athletisme.fr\\\/wordpress\\\/nouvelle-boutique-nouveaux-tarifs\\\/#primaryimage\"},\"thumbnailUrl\":\"https:\\\/\\\/janze-athletisme.fr\\\/wordpress\\\/wp-content\\\/uploads\\\/2025\\\/03\\\/Screenshot-2025-03-10-at-11-36-22-La-boutique-EAC_Janze-athle-Janze-Athletisme.png\",\"datePublished\":\"2025-03-10T10:37:29+00:00\",\"dateModified\":\"2025-03-10T10:38:35+00:00\",\"breadcrumb\":{\"@id\":\"https:\\\/\\\/janze-athletisme.fr\\\/wordpress\\\/nouvelle-boutique-nouveaux-tarifs\\\/#breadcrumb\"},\"inLanguage\":\"fr-FR\",\"potentialAction\":[{\"@type\":\"ReadAction\",\"target\":[\"https:\\\/\\\/janze-athletisme.fr\\\/wordpress\\\/nouvelle-boutique-nouveaux-tarifs\\\/\"]}]},{\"@type\":\"ImageObject\",\"inLanguage\":\"fr-FR\",\"@id\":\"https:\\\/\\\/janze-athletisme.fr\\\/wordpress\\\/nouvelle-boutique-nouveaux-tarifs\\\/#primaryimage\",\"url\":\"https:\\\/\\\/janze-athletisme.fr\\\/wordpress\\\/wp-content\\\/uploads\\\/2025\\\/03\\\/Screenshot-2025-03-10-at-11-36-22-La-boutique-EAC_Janze-athle-Janze-Athletisme.png\",\"contentUrl\":\"https:\\\/\\\/janze-athletisme.fr\\\/wordpress\\\/wp-content\\\/uploads\\\/2025\\\/03\\\/Screenshot-2025-03-10-at-11-36-22-La-boutique-EAC_Janze-athle-Janze-Athletisme.png\",\"width\":1023,\"height\":1449},{\"@type\":\"BreadcrumbList\",\"@id\":\"https:\\\/\\\/janze-athletisme.fr\\\/wordpress\\\/nouvelle-boutique-nouveaux-tarifs\\\/#breadcrumb\",\"itemListElement\":[{\"@type\":\"ListItem\",\"position\":1,\"name\":\"Accueil\",\"item\":\"https:\\\/\\\/janze-athletisme.fr\\\/wordpress\\\/\"},{\"@type\":\"ListItem\",\"position\":2,\"name\":\"Nouvelle boutique, nouveaux tarifs !\"}]},{\"@type\":\"WebSite\",\"@id\":\"https:\\\/\\\/janze-athletisme.fr\\\/wordpress\\\/#website\",\"url\":\"https:\\\/\\\/janze-athletisme.fr\\\/wordpress\\\/\",\"name\":\"Janz\u00e9 Athl\u00e9tisme\",\"description\":\"Pays de La Roche aux F\u00e9es\",\"publisher\":{\"@id\":\"https:\\\/\\\/janze-athletisme.fr\\\/wordpress\\\/#organization\"},\"potentialAction\":[{\"@type\":\"SearchAction\",\"target\":{\"@type\":\"EntryPoint\",\"urlTemplate\":\"https:\\\/\\\/janze-athletisme.fr\\\/wordpress\\\/?s={search_term_string}\"},\"query-input\":{\"@type\":\"PropertyValueSpecification\",\"valueRequired\":true,\"valueName\":\"search_term_string\"}}],\"inLanguage\":\"fr-FR\"},{\"@type\":\"Organization\",\"@id\":\"https:\\\/\\\/janze-athletisme.fr\\\/wordpress\\\/#organization\",\"name\":\"Janz\u00e9 Athl\u00e9tisme\",\"url\":\"https:\\\/\\\/janze-athletisme.fr\\\/wordpress\\\/\",\"logo\":{\"@type\":\"ImageObject\",\"inLanguage\":\"fr-FR\",\"@id\":\"https:\\\/\\\/janze-athletisme.fr\\\/wordpress\\\/#\\\/schema\\\/logo\\\/image\\\/\",\"url\":\"https:\\\/\\\/janze-athletisme.fr\\\/wordpress\\\/wp-content\\\/uploads\\\/2015\\\/03\\\/logo-full1.jpg\",\"contentUrl\":\"https:\\\/\\\/janze-athletisme.fr\\\/wordpress\\\/wp-content\\\/uploads\\\/2015\\\/03\\\/logo-full1.jpg\",\"width\":437,\"height\":205,\"caption\":\"Janz\u00e9 Athl\u00e9tisme\"},\"image\":{\"@id\":\"https:\\\/\\\/janze-athletisme.fr\\\/wordpress\\\/#\\\/schema\\\/logo\\\/image\\\/\"},\"sameAs\":[\"https:\\\/\\\/www.facebook.com\\\/groups\\\/1007964579346590\"]},{\"@type\":\"Person\",\"@id\":\"https:\\\/\\\/janze-athletisme.fr\\\/wordpress\\\/#\\\/schema\\\/person\\\/e27efa3d49687b81c679eb0b5c4973e9\",\"name\":\"Jean-Marie Jouzel\",\"image\":{\"@type\":\"ImageObject\",\"inLanguage\":\"fr-FR\",\"@id\":\"https:\\\/\\\/secure.gravatar.com\\\/avatar\\\/6aaee532914ad5ae9d6b4c13c953c6689456493b17979b560cf8fd0c344930ab?s=96&d=mm&r=g\",\"url\":\"https:\\\/\\\/secure.gravatar.com\\\/avatar\\\/6aaee532914ad5ae9d6b4c13c953c6689456493b17979b560cf8fd0c344930ab?s=96&d=mm&r=g\",\"contentUrl\":\"https:\\\/\\\/secure.gravatar.com\\\/avatar\\\/6aaee532914ad5ae9d6b4c13c953c6689456493b17979b560cf8fd0c344930ab?s=96&d=mm&r=g\",\"caption\":\"Jean-Marie Jouzel\"},\"url\":\"https:\\\/\\\/janze-athletisme.fr\\\/wordpress\\\/author\\\/jmjouzel\\\/\"}]}<\/script>\n<!-- \/ Yoast SEO plugin. -->","yoast_head_json":{"title":"Nouvelle boutique, nouveaux tarifs ! - Janz\u00e9 Athl\u00e9tisme","robots":{"index":"index","follow":"follow","max-snippet":"max-snippet:-1","max-image-preview":"max-image-preview:large","max-video-preview":"max-video-preview:-1"},"canonical":"https:\/\/janze-athletisme.fr\/wordpress\/nouvelle-boutique-nouveaux-tarifs\/","og_locale":"fr_FR","og_type":"article","og_title":"Nouvelle boutique, nouveaux tarifs ! - Janz\u00e9 Athl\u00e9tisme","og_description":"Boutique club Janz\u00e9 athl\u00e9 2025 &nbsp; Porter les couleurs du club, que ce soit le maillot ou les accessoires, ce n&rsquo;est pas obligatoire, c&rsquo;est juste indispensable !!! Vous avez d\u00e9j\u00e0 pour la plupart le maillot du club (du moins je l&rsquo;esp\u00e8re sinon c&rsquo;est la loose !!!) voir la fameuse veste noire ou fluo, produits phare [&hellip;]","og_url":"https:\/\/janze-athletisme.fr\/wordpress\/nouvelle-boutique-nouveaux-tarifs\/","og_site_name":"Janz\u00e9 Athl\u00e9tisme","article_publisher":"https:\/\/www.facebook.com\/groups\/1007964579346590","article_published_time":"2025-03-10T10:37:29+00:00","article_modified_time":"2025-03-10T10:38:35+00:00","og_image":[{"width":1023,"height":1449,"url":"https:\/\/janze-athletisme.fr\/wordpress\/wp-content\/uploads\/2025\/03\/Screenshot-2025-03-10-at-11-36-22-La-boutique-EAC_Janze-athle-Janze-Athletisme.png","type":"image\/png"}],"author":"Jean-Marie Jouzel","twitter_card":"summary_large_image","twitter_misc":{"\u00c9crit par":"Jean-Marie Jouzel","Dur\u00e9e de lecture estim\u00e9e":"2 minutes"},"schema":{"@context":"https:\/\/schema.org","@graph":[{"@type":"Article","@id":"https:\/\/janze-athletisme.fr\/wordpress\/nouvelle-boutique-nouveaux-tarifs\/#article","isPartOf":{"@id":"https:\/\/janze-athletisme.fr\/wordpress\/nouvelle-boutique-nouveaux-tarifs\/"},"author":{"name":"Jean-Marie Jouzel","@id":"https:\/\/janze-athletisme.fr\/wordpress\/#\/schema\/person\/e27efa3d49687b81c679eb0b5c4973e9"},"headline":"Nouvelle boutique, nouveaux tarifs !","datePublished":"2025-03-10T10:37:29+00:00","dateModified":"2025-03-10T10:38:35+00:00","mainEntityOfPage":{"@id":"https:\/\/janze-athletisme.fr\/wordpress\/nouvelle-boutique-nouveaux-tarifs\/"},"wordCount":318,"commentCount":0,"publisher":{"@id":"https:\/\/janze-athletisme.fr\/wordpress\/#organization"},"image":{"@id":"https:\/\/janze-athletisme.fr\/wordpress\/nouvelle-boutique-nouveaux-tarifs\/#primaryimage"},"thumbnailUrl":"https:\/\/janze-athletisme.fr\/wordpress\/wp-content\/uploads\/2025\/03\/Screenshot-2025-03-10-at-11-36-22-La-boutique-EAC_Janze-athle-Janze-Athletisme.png","articleSection":["Le club au jour le jour"],"inLanguage":"fr-FR","potentialAction":[{"@type":"CommentAction","name":"Comment","target":["https:\/\/janze-athletisme.fr\/wordpress\/nouvelle-boutique-nouveaux-tarifs\/#respond"]}]},{"@type":"WebPage","@id":"https:\/\/janze-athletisme.fr\/wordpress\/nouvelle-boutique-nouveaux-tarifs\/","url":"https:\/\/janze-athletisme.fr\/wordpress\/nouvelle-boutique-nouveaux-tarifs\/","name":"Nouvelle boutique, nouveaux tarifs ! - Janz\u00e9 Athl\u00e9tisme","isPartOf":{"@id":"https:\/\/janze-athletisme.fr\/wordpress\/#website"},"primaryImageOfPage":{"@id":"https:\/\/janze-athletisme.fr\/wordpress\/nouvelle-boutique-nouveaux-tarifs\/#primaryimage"},"image":{"@id":"https:\/\/janze-athletisme.fr\/wordpress\/nouvelle-boutique-nouveaux-tarifs\/#primaryimage"},"thumbnailUrl":"https:\/\/janze-athletisme.fr\/wordpress\/wp-content\/uploads\/2025\/03\/Screenshot-2025-03-10-at-11-36-22-La-boutique-EAC_Janze-athle-Janze-Athletisme.png","datePublished":"2025-03-10T10:37:29+00:00","dateModified":"2025-03-10T10:38:35+00:00","breadcrumb":{"@id":"https:\/\/janze-athletisme.fr\/wordpress\/nouvelle-boutique-nouveaux-tarifs\/#breadcrumb"},"inLanguage":"fr-FR","potentialAction":[{"@type":"ReadAction","target":["https:\/\/janze-athletisme.fr\/wordpress\/nouvelle-boutique-nouveaux-tarifs\/"]}]},{"@type":"ImageObject","inLanguage":"fr-FR","@id":"https:\/\/janze-athletisme.fr\/wordpress\/nouvelle-boutique-nouveaux-tarifs\/#primaryimage","url":"https:\/\/janze-athletisme.fr\/wordpress\/wp-content\/uploads\/2025\/03\/Screenshot-2025-03-10-at-11-36-22-La-boutique-EAC_Janze-athle-Janze-Athletisme.png","contentUrl":"https:\/\/janze-athletisme.fr\/wordpress\/wp-content\/uploads\/2025\/03\/Screenshot-2025-03-10-at-11-36-22-La-boutique-EAC_Janze-athle-Janze-Athletisme.png","width":1023,"height":1449},{"@type":"BreadcrumbList","@id":"https:\/\/janze-athletisme.fr\/wordpress\/nouvelle-boutique-nouveaux-tarifs\/#breadcrumb","itemListElement":[{"@type":"ListItem","position":1,"name":"Accueil","item":"https:\/\/janze-athletisme.fr\/wordpress\/"},{"@type":"ListItem","position":2,"name":"Nouvelle boutique, nouveaux tarifs !"}]},{"@type":"WebSite","@id":"https:\/\/janze-athletisme.fr\/wordpress\/#website","url":"https:\/\/janze-athletisme.fr\/wordpress\/","name":"Janz\u00e9 Athl\u00e9tisme","description":"Pays de La Roche aux F\u00e9es","publisher":{"@id":"https:\/\/janze-athletisme.fr\/wordpress\/#organization"},"potentialAction":[{"@type":"SearchAction","target":{"@type":"EntryPoint","urlTemplate":"https:\/\/janze-athletisme.fr\/wordpress\/?s={search_term_string}"},"query-input":{"@type":"PropertyValueSpecification","valueRequired":true,"valueName":"search_term_string"}}],"inLanguage":"fr-FR"},{"@type":"Organization","@id":"https:\/\/janze-athletisme.fr\/wordpress\/#organization","name":"Janz\u00e9 Athl\u00e9tisme","url":"https:\/\/janze-athletisme.fr\/wordpress\/","logo":{"@type":"ImageObject","inLanguage":"fr-FR","@id":"https:\/\/janze-athletisme.fr\/wordpress\/#\/schema\/logo\/image\/","url":"https:\/\/janze-athletisme.fr\/wordpress\/wp-content\/uploads\/2015\/03\/logo-full1.jpg","contentUrl":"https:\/\/janze-athletisme.fr\/wordpress\/wp-content\/uploads\/2015\/03\/logo-full1.jpg","width":437,"height":205,"caption":"Janz\u00e9 Athl\u00e9tisme"},"image":{"@id":"https:\/\/janze-athletisme.fr\/wordpress\/#\/schema\/logo\/image\/"},"sameAs":["https:\/\/www.facebook.com\/groups\/1007964579346590"]},{"@type":"Person","@id":"https:\/\/janze-athletisme.fr\/wordpress\/#\/schema\/person\/e27efa3d49687b81c679eb0b5c4973e9","name":"Jean-Marie Jouzel","image":{"@type":"ImageObject","inLanguage":"fr-FR","@id":"https:\/\/secure.gravatar.com\/avatar\/6aaee532914ad5ae9d6b4c13c953c6689456493b17979b560cf8fd0c344930ab?s=96&d=mm&r=g","url":"https:\/\/secure.gravatar.com\/avatar\/6aaee532914ad5ae9d6b4c13c953c6689456493b17979b560cf8fd0c344930ab?s=96&d=mm&r=g","contentUrl":"https:\/\/secure.gravatar.com\/avatar\/6aaee532914ad5ae9d6b4c13c953c6689456493b17979b560cf8fd0c344930ab?s=96&d=mm&r=g","caption":"Jean-Marie Jouzel"},"url":"https:\/\/janze-athletisme.fr\/wordpress\/author\/jmjouzel\/"}]}},"uagb_featured_image_src":{"full":["https:\/\/janze-athletisme.fr\/wordpress\/wp-content\/uploads\/2025\/03\/Screenshot-2025-03-10-at-11-36-22-La-boutique-EAC_Janze-athle-Janze-Athletisme.png",1023,1449,false],"thumbnail":["https:\/\/janze-athletisme.fr\/wordpress\/wp-content\/uploads\/2025\/03\/Screenshot-2025-03-10-at-11-36-22-La-boutique-EAC_Janze-athle-Janze-Athletisme-150x150.png",150,150,true],"medium":["https:\/\/janze-athletisme.fr\/wordpress\/wp-content\/uploads\/2025\/03\/Screenshot-2025-03-10-at-11-36-22-La-boutique-EAC_Janze-athle-Janze-Athletisme-212x300.png",212,300,true],"medium_large":["https:\/\/janze-athletisme.fr\/wordpress\/wp-content\/uploads\/2025\/03\/Screenshot-2025-03-10-at-11-36-22-La-boutique-EAC_Janze-athle-Janze-Athletisme-768x1088.png",768,1088,true],"large":["https:\/\/janze-athletisme.fr\/wordpress\/wp-content\/uploads\/2025\/03\/Screenshot-2025-03-10-at-11-36-22-La-boutique-EAC_Janze-athle-Janze-Athletisme-723x1024.png",723,1024,true],"1536x1536":["https:\/\/janze-athletisme.fr\/wordpress\/wp-content\/uploads\/2025\/03\/Screenshot-2025-03-10-at-11-36-22-La-boutique-EAC_Janze-athle-Janze-Athletisme.png",1023,1449,false],"2048x2048":["https:\/\/janze-athletisme.fr\/wordpress\/wp-content\/uploads\/2025\/03\/Screenshot-2025-03-10-at-11-36-22-La-boutique-EAC_Janze-athle-Janze-Athletisme.png",1023,1449,false]},"uagb_author_info":{"display_name":"Jean-Marie Jouzel","author_link":"https:\/\/janze-athletisme.fr\/wordpress\/author\/jmjouzel\/"},"uagb_comment_info":0,"uagb_excerpt":"Boutique club Janz\u00e9 athl\u00e9 2025 &nbsp; Porter les couleurs du club, que ce soit le maillot ou les accessoires, ce n&rsquo;est pas obligatoire, c&rsquo;est juste indispensable !!! Vous avez d\u00e9j\u00e0 pour la plupart le maillot du club (du moins je l&rsquo;esp\u00e8re sinon c&rsquo;est la loose !!!) voir la fameuse veste noire ou fluo, produits phare\u2026","_links":{"self":[{"href":"https:\/\/janze-athletisme.fr\/wordpress\/wp-json\/wp\/v2\/posts\/24048","targetHints":{"allow":["GET"]}}],"collection":[{"href":"https:\/\/janze-athletisme.fr\/wordpress\/wp-json\/wp\/v2\/posts"}],"about":[{"href":"https:\/\/janze-athletisme.fr\/wordpress\/wp-json\/wp\/v2\/types\/post"}],"author":[{"embeddable":true,"href":"https:\/\/janze-athletisme.fr\/wordpress\/wp-json\/wp\/v2\/users\/8"}],"replies":[{"embeddable":true,"href":"https:\/\/janze-athletisme.fr\/wordpress\/wp-json\/wp\/v2\/comments?post=24048"}],"version-history":[{"count":3,"href":"https:\/\/janze-athletisme.fr\/wordpress\/wp-json\/wp\/v2\/posts\/24048\/revisions"}],"predecessor-version":[{"id":24052,"href":"https:\/\/janze-athletisme.fr\/wordpress\/wp-json\/wp\/v2\/posts\/24048\/revisions\/24052"}],"wp:featuredmedia":[{"embeddable":true,"href":"https:\/\/janze-athletisme.fr\/wordpress\/wp-json\/wp\/v2\/media\/24049"}],"wp:attachment":[{"href":"https:\/\/janze-athletisme.fr\/wordpress\/wp-json\/wp\/v2\/media?parent=24048"}],"wp:term":[{"taxonomy":"category","embeddable":true,"href":"https:\/\/janze-athletisme.fr\/wordpress\/wp-json\/wp\/v2\/categories?post=24048"},{"taxonomy":"post_tag","embeddable":true,"href":"https:\/\/janze-athletisme.fr\/wordpress\/wp-json\/wp\/v2\/tags?post=24048"}],"curies":[{"name":"wp","href":"https:\/\/api.w.org\/{rel}","templated":true}]}}