{"id":24014,"date":"2025-03-07T20:12:10","date_gmt":"2025-03-07T19:12:10","guid":{"rendered":"https:\/\/janze-athletisme.fr\/wordpress\/?p=24014"},"modified":"2025-03-07T20:48:42","modified_gmt":"2025-03-07T19:48:42","slug":"departementaux-indoor-u14-les-photos","status":"publish","type":"post","link":"https:\/\/janze-athletisme.fr\/wordpress\/departementaux-indoor-u14-les-photos\/","title":{"rendered":"D\u00e9partementaux indoor U14 : les photos"},"content":{"rendered":"<p><span style=\"font-size: 18pt\">Championnat d&rsquo;Ille-et-Vilaine indoor U14 (benjamins \/ benjamines), salle Robert-Poirier, samedi 1er mars<\/span><\/p>\n<p>Les photos ont paru d\u00e9j\u00e0 sur l&rsquo;insta du club, mais c&rsquo;est bien de garder m\u00e9moire ici aussi de ce que font nos jeunes, et le lectorat n&rsquo;est pas n\u00e9cessairement le m\u00eame. Pour rappel, les r\u00e9sultats sont <a href=\"https:\/\/janze-athletisme.fr\/wordpress\/indoor-u14-les-resultats\/\">ICI<\/a>.<\/p>\n<p>On retrouvera quatre des gar\u00e7ons au pentathlon r\u00e9gional U14 de Guilers (29) demain samedi 8 mars : <strong>Prynce<\/strong> NGoma, <strong>Axel<\/strong> Herv\u00e9, <strong>Yanis<\/strong> Leroux et Tommy Saussier (Cesson). Bon courage \u00e0 vous !<\/p>\n<p><a href=\"https:\/\/janze-athletisme.fr\/wordpress\/wp-content\/uploads\/2025\/03\/Depart35-U14-1mars2025-0.png\"><img loading=\"lazy\" decoding=\"async\" class=\"alignnone wp-image-24015\" src=\"https:\/\/janze-athletisme.fr\/wordpress\/wp-content\/uploads\/2025\/03\/Depart35-U14-1mars2025-0-300x300.png\" alt=\"\" width=\"197\" height=\"197\" srcset=\"https:\/\/janze-athletisme.fr\/wordpress\/wp-content\/uploads\/2025\/03\/Depart35-U14-1mars2025-0-300x300.png 300w, https:\/\/janze-athletisme.fr\/wordpress\/wp-content\/uploads\/2025\/03\/Depart35-U14-1mars2025-0-1024x1024.png 1024w, https:\/\/janze-athletisme.fr\/wordpress\/wp-content\/uploads\/2025\/03\/Depart35-U14-1mars2025-0-150x150.png 150w, https:\/\/janze-athletisme.fr\/wordpress\/wp-content\/uploads\/2025\/03\/Depart35-U14-1mars2025-0-768x768.png 768w, https:\/\/janze-athletisme.fr\/wordpress\/wp-content\/uploads\/2025\/03\/Depart35-U14-1mars2025-0.png 1200w\" sizes=\"auto, (max-width: 197px) 100vw, 197px\" \/><\/a> <a href=\"https:\/\/janze-athletisme.fr\/wordpress\/wp-content\/uploads\/2025\/03\/Depart35-U14-1mars2025-1.jpg\"><img loading=\"lazy\" decoding=\"async\" class=\"alignnone wp-image-24016\" src=\"https:\/\/janze-athletisme.fr\/wordpress\/wp-content\/uploads\/2025\/03\/Depart35-U14-1mars2025-1-300x300.jpg\" alt=\"\" width=\"199\" height=\"199\" srcset=\"https:\/\/janze-athletisme.fr\/wordpress\/wp-content\/uploads\/2025\/03\/Depart35-U14-1mars2025-1-300x300.jpg 300w, https:\/\/janze-athletisme.fr\/wordpress\/wp-content\/uploads\/2025\/03\/Depart35-U14-1mars2025-1-1024x1024.jpg 1024w, https:\/\/janze-athletisme.fr\/wordpress\/wp-content\/uploads\/2025\/03\/Depart35-U14-1mars2025-1-150x150.jpg 150w, https:\/\/janze-athletisme.fr\/wordpress\/wp-content\/uploads\/2025\/03\/Depart35-U14-1mars2025-1-768x769.jpg 768w, https:\/\/janze-athletisme.fr\/wordpress\/wp-content\/uploads\/2025\/03\/Depart35-U14-1mars2025-1.jpg 1199w\" sizes=\"auto, (max-width: 199px) 100vw, 199px\" \/><\/a> <a href=\"https:\/\/janze-athletisme.fr\/wordpress\/wp-content\/uploads\/2025\/03\/Depart35-U14-1mars2025-2.jpg\"><img loading=\"lazy\" decoding=\"async\" class=\"alignnone wp-image-24017\" src=\"https:\/\/janze-athletisme.fr\/wordpress\/wp-content\/uploads\/2025\/03\/Depart35-U14-1mars2025-2-300x300.jpg\" alt=\"\" width=\"200\" height=\"200\" srcset=\"https:\/\/janze-athletisme.fr\/wordpress\/wp-content\/uploads\/2025\/03\/Depart35-U14-1mars2025-2-300x300.jpg 300w, https:\/\/janze-athletisme.fr\/wordpress\/wp-content\/uploads\/2025\/03\/Depart35-U14-1mars2025-2-1024x1024.jpg 1024w, https:\/\/janze-athletisme.fr\/wordpress\/wp-content\/uploads\/2025\/03\/Depart35-U14-1mars2025-2-150x150.jpg 150w, https:\/\/janze-athletisme.fr\/wordpress\/wp-content\/uploads\/2025\/03\/Depart35-U14-1mars2025-2-768x769.jpg 768w, https:\/\/janze-athletisme.fr\/wordpress\/wp-content\/uploads\/2025\/03\/Depart35-U14-1mars2025-2.jpg 1200w\" sizes=\"auto, (max-width: 200px) 100vw, 200px\" \/><\/a> <a href=\"https:\/\/janze-athletisme.fr\/wordpress\/wp-content\/uploads\/2025\/03\/Depart35-U14-1mars2025-3.jpg\"><img loading=\"lazy\" decoding=\"async\" class=\"alignnone wp-image-24018\" src=\"https:\/\/janze-athletisme.fr\/wordpress\/wp-content\/uploads\/2025\/03\/Depart35-U14-1mars2025-3-300x300.jpg\" alt=\"\" width=\"201\" height=\"201\" srcset=\"https:\/\/janze-athletisme.fr\/wordpress\/wp-content\/uploads\/2025\/03\/Depart35-U14-1mars2025-3-300x300.jpg 300w, https:\/\/janze-athletisme.fr\/wordpress\/wp-content\/uploads\/2025\/03\/Depart35-U14-1mars2025-3-1024x1024.jpg 1024w, https:\/\/janze-athletisme.fr\/wordpress\/wp-content\/uploads\/2025\/03\/Depart35-U14-1mars2025-3-150x150.jpg 150w, https:\/\/janze-athletisme.fr\/wordpress\/wp-content\/uploads\/2025\/03\/Depart35-U14-1mars2025-3-768x769.jpg 768w, https:\/\/janze-athletisme.fr\/wordpress\/wp-content\/uploads\/2025\/03\/Depart35-U14-1mars2025-3.jpg 1200w\" sizes=\"auto, (max-width: 201px) 100vw, 201px\" \/><\/a><\/p>\n<p><a href=\"https:\/\/janze-athletisme.fr\/wordpress\/wp-content\/uploads\/2025\/03\/Depart35-U14-1mars2025-4.jpg\"><img loading=\"lazy\" decoding=\"async\" class=\"alignnone wp-image-24019\" src=\"https:\/\/janze-athletisme.fr\/wordpress\/wp-content\/uploads\/2025\/03\/Depart35-U14-1mars2025-4-300x300.jpg\" alt=\"\" width=\"165\" height=\"165\" srcset=\"https:\/\/janze-athletisme.fr\/wordpress\/wp-content\/uploads\/2025\/03\/Depart35-U14-1mars2025-4-300x300.jpg 300w, https:\/\/janze-athletisme.fr\/wordpress\/wp-content\/uploads\/2025\/03\/Depart35-U14-1mars2025-4-1024x1024.jpg 1024w, https:\/\/janze-athletisme.fr\/wordpress\/wp-content\/uploads\/2025\/03\/Depart35-U14-1mars2025-4-150x150.jpg 150w, https:\/\/janze-athletisme.fr\/wordpress\/wp-content\/uploads\/2025\/03\/Depart35-U14-1mars2025-4-768x768.jpg 768w, https:\/\/janze-athletisme.fr\/wordpress\/wp-content\/uploads\/2025\/03\/Depart35-U14-1mars2025-4.jpg 1200w\" sizes=\"auto, (max-width: 165px) 100vw, 165px\" \/><\/a> <a href=\"https:\/\/janze-athletisme.fr\/wordpress\/wp-content\/uploads\/2025\/03\/Depart35-U14-1mars2025-5.jpg\"><img loading=\"lazy\" decoding=\"async\" class=\"alignnone wp-image-24020\" src=\"https:\/\/janze-athletisme.fr\/wordpress\/wp-content\/uploads\/2025\/03\/Depart35-U14-1mars2025-5-300x300.jpg\" alt=\"\" width=\"165\" height=\"165\" srcset=\"https:\/\/janze-athletisme.fr\/wordpress\/wp-content\/uploads\/2025\/03\/Depart35-U14-1mars2025-5-300x300.jpg 300w, https:\/\/janze-athletisme.fr\/wordpress\/wp-content\/uploads\/2025\/03\/Depart35-U14-1mars2025-5-1024x1024.jpg 1024w, https:\/\/janze-athletisme.fr\/wordpress\/wp-content\/uploads\/2025\/03\/Depart35-U14-1mars2025-5-150x150.jpg 150w, https:\/\/janze-athletisme.fr\/wordpress\/wp-content\/uploads\/2025\/03\/Depart35-U14-1mars2025-5-768x768.jpg 768w, https:\/\/janze-athletisme.fr\/wordpress\/wp-content\/uploads\/2025\/03\/Depart35-U14-1mars2025-5-1536x1536.jpg 1536w, https:\/\/janze-athletisme.fr\/wordpress\/wp-content\/uploads\/2025\/03\/Depart35-U14-1mars2025-5.jpg 2023w\" sizes=\"auto, (max-width: 165px) 100vw, 165px\" \/><\/a> <a href=\"https:\/\/janze-athletisme.fr\/wordpress\/wp-content\/uploads\/2025\/03\/Depart35-U14-1mars2025-6.jpg\"><img loading=\"lazy\" decoding=\"async\" class=\"alignnone size-medium wp-image-24021\" src=\"https:\/\/janze-athletisme.fr\/wordpress\/wp-content\/uploads\/2025\/03\/Depart35-U14-1mars2025-6-300x143.jpg\" alt=\"\" width=\"300\" height=\"143\" srcset=\"https:\/\/janze-athletisme.fr\/wordpress\/wp-content\/uploads\/2025\/03\/Depart35-U14-1mars2025-6-300x143.jpg 300w, https:\/\/janze-athletisme.fr\/wordpress\/wp-content\/uploads\/2025\/03\/Depart35-U14-1mars2025-6-1024x490.jpg 1024w, https:\/\/janze-athletisme.fr\/wordpress\/wp-content\/uploads\/2025\/03\/Depart35-U14-1mars2025-6-768x367.jpg 768w, https:\/\/janze-athletisme.fr\/wordpress\/wp-content\/uploads\/2025\/03\/Depart35-U14-1mars2025-6-1536x734.jpg 1536w, https:\/\/janze-athletisme.fr\/wordpress\/wp-content\/uploads\/2025\/03\/Depart35-U14-1mars2025-6.jpg 1673w\" sizes=\"auto, (max-width: 300px) 100vw, 300px\" \/><\/a> <a href=\"https:\/\/janze-athletisme.fr\/wordpress\/wp-content\/uploads\/2025\/03\/Depart35-U14-1mars2025-7.jpg\"><img loading=\"lazy\" decoding=\"async\" class=\"alignnone wp-image-24022\" src=\"https:\/\/janze-athletisme.fr\/wordpress\/wp-content\/uploads\/2025\/03\/Depart35-U14-1mars2025-7-300x300.jpg\" alt=\"\" width=\"168\" height=\"168\" srcset=\"https:\/\/janze-athletisme.fr\/wordpress\/wp-content\/uploads\/2025\/03\/Depart35-U14-1mars2025-7-300x300.jpg 300w, https:\/\/janze-athletisme.fr\/wordpress\/wp-content\/uploads\/2025\/03\/Depart35-U14-1mars2025-7-150x150.jpg 150w, https:\/\/janze-athletisme.fr\/wordpress\/wp-content\/uploads\/2025\/03\/Depart35-U14-1mars2025-7.jpg 600w\" sizes=\"auto, (max-width: 168px) 100vw, 168px\" \/><\/a><\/p>\n<p><a href=\"https:\/\/janze-athletisme.fr\/wordpress\/wp-content\/uploads\/2025\/03\/Depart35-U14-1mars2025-8.jpg\"><img loading=\"lazy\" decoding=\"async\" class=\"alignnone wp-image-24023\" src=\"https:\/\/janze-athletisme.fr\/wordpress\/wp-content\/uploads\/2025\/03\/Depart35-U14-1mars2025-8-300x300.jpg\" alt=\"\" width=\"198\" height=\"198\" srcset=\"https:\/\/janze-athletisme.fr\/wordpress\/wp-content\/uploads\/2025\/03\/Depart35-U14-1mars2025-8-300x300.jpg 300w, https:\/\/janze-athletisme.fr\/wordpress\/wp-content\/uploads\/2025\/03\/Depart35-U14-1mars2025-8-150x150.jpg 150w, https:\/\/janze-athletisme.fr\/wordpress\/wp-content\/uploads\/2025\/03\/Depart35-U14-1mars2025-8-768x769.jpg 768w, https:\/\/janze-athletisme.fr\/wordpress\/wp-content\/uploads\/2025\/03\/Depart35-U14-1mars2025-8.jpg 800w\" sizes=\"auto, (max-width: 198px) 100vw, 198px\" \/><\/a> <a href=\"https:\/\/janze-athletisme.fr\/wordpress\/wp-content\/uploads\/2025\/03\/Depart35-U14-1mars2025-9-1.jpg\"><img loading=\"lazy\" decoding=\"async\" class=\"alignnone wp-image-24027\" src=\"https:\/\/janze-athletisme.fr\/wordpress\/wp-content\/uploads\/2025\/03\/Depart35-U14-1mars2025-9-1-300x300.jpg\" alt=\"\" width=\"199\" height=\"199\" srcset=\"https:\/\/janze-athletisme.fr\/wordpress\/wp-content\/uploads\/2025\/03\/Depart35-U14-1mars2025-9-1-300x300.jpg 300w, https:\/\/janze-athletisme.fr\/wordpress\/wp-content\/uploads\/2025\/03\/Depart35-U14-1mars2025-9-1-150x150.jpg 150w, https:\/\/janze-athletisme.fr\/wordpress\/wp-content\/uploads\/2025\/03\/Depart35-U14-1mars2025-9-1-768x768.jpg 768w, https:\/\/janze-athletisme.fr\/wordpress\/wp-content\/uploads\/2025\/03\/Depart35-U14-1mars2025-9-1.jpg 800w\" sizes=\"auto, (max-width: 199px) 100vw, 199px\" \/><\/a> <a href=\"https:\/\/janze-athletisme.fr\/wordpress\/wp-content\/uploads\/2025\/03\/Depart35-U14-1mars2025-10.jpg\"><img loading=\"lazy\" decoding=\"async\" class=\"alignnone wp-image-24025\" src=\"https:\/\/janze-athletisme.fr\/wordpress\/wp-content\/uploads\/2025\/03\/Depart35-U14-1mars2025-10-300x300.jpg\" alt=\"\" width=\"200\" height=\"200\" srcset=\"https:\/\/janze-athletisme.fr\/wordpress\/wp-content\/uploads\/2025\/03\/Depart35-U14-1mars2025-10-300x300.jpg 300w, https:\/\/janze-athletisme.fr\/wordpress\/wp-content\/uploads\/2025\/03\/Depart35-U14-1mars2025-10-150x150.jpg 150w, https:\/\/janze-athletisme.fr\/wordpress\/wp-content\/uploads\/2025\/03\/Depart35-U14-1mars2025-10-768x768.jpg 768w, https:\/\/janze-athletisme.fr\/wordpress\/wp-content\/uploads\/2025\/03\/Depart35-U14-1mars2025-10.jpg 800w\" sizes=\"auto, (max-width: 200px) 100vw, 200px\" \/><\/a> <a href=\"https:\/\/janze-athletisme.fr\/wordpress\/wp-content\/uploads\/2025\/03\/Depart35-U14-1mars2025-11.jpg\"><img loading=\"lazy\" decoding=\"async\" class=\"alignnone wp-image-24026\" src=\"https:\/\/janze-athletisme.fr\/wordpress\/wp-content\/uploads\/2025\/03\/Depart35-U14-1mars2025-11-300x300.jpg\" alt=\"\" width=\"199\" height=\"199\" srcset=\"https:\/\/janze-athletisme.fr\/wordpress\/wp-content\/uploads\/2025\/03\/Depart35-U14-1mars2025-11-300x300.jpg 300w, https:\/\/janze-athletisme.fr\/wordpress\/wp-content\/uploads\/2025\/03\/Depart35-U14-1mars2025-11-150x150.jpg 150w, https:\/\/janze-athletisme.fr\/wordpress\/wp-content\/uploads\/2025\/03\/Depart35-U14-1mars2025-11-768x768.jpg 768w, https:\/\/janze-athletisme.fr\/wordpress\/wp-content\/uploads\/2025\/03\/Depart35-U14-1mars2025-11.jpg 800w\" sizes=\"auto, (max-width: 199px) 100vw, 199px\" \/><\/a><\/p>\n<p><a href=\"https:\/\/janze-athletisme.fr\/wordpress\/wp-content\/uploads\/2025\/03\/Depart35-U14-1mars2025-12.jpg\"><img loading=\"lazy\" decoding=\"async\" class=\"alignnone wp-image-24028\" src=\"https:\/\/janze-athletisme.fr\/wordpress\/wp-content\/uploads\/2025\/03\/Depart35-U14-1mars2025-12-300x300.jpg\" alt=\"\" width=\"202\" height=\"202\" srcset=\"https:\/\/janze-athletisme.fr\/wordpress\/wp-content\/uploads\/2025\/03\/Depart35-U14-1mars2025-12-300x300.jpg 300w, https:\/\/janze-athletisme.fr\/wordpress\/wp-content\/uploads\/2025\/03\/Depart35-U14-1mars2025-12-150x150.jpg 150w, https:\/\/janze-athletisme.fr\/wordpress\/wp-content\/uploads\/2025\/03\/Depart35-U14-1mars2025-12-768x768.jpg 768w, https:\/\/janze-athletisme.fr\/wordpress\/wp-content\/uploads\/2025\/03\/Depart35-U14-1mars2025-12.jpg 800w\" sizes=\"auto, (max-width: 202px) 100vw, 202px\" \/><\/a> <a href=\"https:\/\/janze-athletisme.fr\/wordpress\/wp-content\/uploads\/2025\/03\/Depart35-U14-1mars2025-13.jpg\"><img loading=\"lazy\" decoding=\"async\" class=\"alignnone wp-image-24029\" src=\"https:\/\/janze-athletisme.fr\/wordpress\/wp-content\/uploads\/2025\/03\/Depart35-U14-1mars2025-13-300x300.jpg\" alt=\"\" width=\"205\" height=\"205\" srcset=\"https:\/\/janze-athletisme.fr\/wordpress\/wp-content\/uploads\/2025\/03\/Depart35-U14-1mars2025-13-300x300.jpg 300w, https:\/\/janze-athletisme.fr\/wordpress\/wp-content\/uploads\/2025\/03\/Depart35-U14-1mars2025-13-150x150.jpg 150w, https:\/\/janze-athletisme.fr\/wordpress\/wp-content\/uploads\/2025\/03\/Depart35-U14-1mars2025-13-768x770.jpg 768w, https:\/\/janze-athletisme.fr\/wordpress\/wp-content\/uploads\/2025\/03\/Depart35-U14-1mars2025-13.jpg 800w\" sizes=\"auto, (max-width: 205px) 100vw, 205px\" \/> <\/a><\/p>\n<p><span style=\"font-size: 10pt\"><em>Merci \u00e0 Jourdani pour les photos et pour le montage de la vue de t\u00eate.<\/em><\/span><\/p>\n","protected":false},"excerpt":{"rendered":"<p>Championnat d&rsquo;Ille-et-Vilaine indoor U14 (benjamins \/ benjamines), salle Robert-Poirier, samedi 1er mars Les photos ont paru d\u00e9j\u00e0 sur l&rsquo;insta du club, mais c&rsquo;est bien de garder m\u00e9moire ici aussi de ce que font nos jeunes, et le lectorat n&rsquo;est pas n\u00e9cessairement le m\u00eame. Pour rappel, les r\u00e9sultats sont ICI. On retrouvera quatre des gar\u00e7ons au [&hellip;]<\/p>\n","protected":false},"author":12,"featured_media":24015,"comment_status":"open","ping_status":"open","sticky":false,"template":"","format":"aside","meta":{"_uag_custom_page_level_css":"","site-sidebar-layout":"default","site-content-layout":"","ast-site-content-layout":"default","site-content-style":"default","site-sidebar-style":"default","ast-global-header-display":"","ast-banner-title-visibility":"","ast-main-header-display":"","ast-hfb-above-header-display":"","ast-hfb-below-header-display":"","ast-hfb-mobile-header-display":"","site-post-title":"","ast-breadcrumbs-content":"","ast-featured-img":"","footer-sml-layout":"","ast-disable-related-posts":"","theme-transparent-header-meta":"default","adv-header-id-meta":"","stick-header-meta":"","header-above-stick-meta":"","header-main-stick-meta":"","header-below-stick-meta":"","astra-migrate-meta-layouts":"set","ast-page-background-enabled":"default","ast-page-background-meta":{"desktop":{"background-color":"var(--ast-global-color-4)","background-image":"","background-repeat":"repeat","background-position":"center center","background-size":"auto","background-attachment":"scroll","background-type":"","background-media":"","overlay-type":"","overlay-color":"","overlay-opacity":"","overlay-gradient":""},"tablet":{"background-color":"","background-image":"","background-repeat":"repeat","background-position":"center center","background-size":"auto","background-attachment":"scroll","background-type":"","background-media":"","overlay-type":"","overlay-color":"","overlay-opacity":"","overlay-gradient":""},"mobile":{"background-color":"","background-image":"","background-repeat":"repeat","background-position":"center center","background-size":"auto","background-attachment":"scroll","background-type":"","background-media":"","overlay-type":"","overlay-color":"","overlay-opacity":"","overlay-gradient":""}},"ast-content-background-meta":{"desktop":{"background-color":"var(--ast-global-color-5)","background-image":"","background-repeat":"repeat","background-position":"center center","background-size":"auto","background-attachment":"scroll","background-type":"","background-media":"","overlay-type":"","overlay-color":"","overlay-opacity":"","overlay-gradient":""},"tablet":{"background-color":"var(--ast-global-color-5)","background-image":"","background-repeat":"repeat","background-position":"center center","background-size":"auto","background-attachment":"scroll","background-type":"","background-media":"","overlay-type":"","overlay-color":"","overlay-opacity":"","overlay-gradient":""},"mobile":{"background-color":"var(--ast-global-color-5)","background-image":"","background-repeat":"repeat","background-position":"center center","background-size":"auto","background-attachment":"scroll","background-type":"","background-media":"","overlay-type":"","overlay-color":"","overlay-opacity":"","overlay-gradient":""}},"footnotes":""},"categories":[6],"tags":[],"class_list":["post-24014","post","type-post","status-publish","format-aside","has-post-thumbnail","hentry","category-sections","post_format-post-format-aside"],"yoast_head":"<!-- This site is optimized with the Yoast SEO plugin v27.4 - https:\/\/yoast.com\/product\/yoast-seo-wordpress\/ -->\n<title>D\u00e9partementaux indoor U14 : les photos - Janz\u00e9 Athl\u00e9tisme<\/title>\n<meta name=\"robots\" content=\"index, follow, max-snippet:-1, max-image-preview:large, max-video-preview:-1\" \/>\n<link rel=\"canonical\" href=\"https:\/\/janze-athletisme.fr\/wordpress\/departementaux-indoor-u14-les-photos\/\" \/>\n<meta property=\"og:locale\" content=\"fr_FR\" \/>\n<meta property=\"og:type\" content=\"article\" \/>\n<meta property=\"og:title\" content=\"D\u00e9partementaux indoor U14 : les photos - Janz\u00e9 Athl\u00e9tisme\" \/>\n<meta property=\"og:description\" content=\"Championnat d&rsquo;Ille-et-Vilaine indoor U14 (benjamins \/ benjamines), salle Robert-Poirier, samedi 1er mars Les photos ont paru d\u00e9j\u00e0 sur l&rsquo;insta du club, mais c&rsquo;est bien de garder m\u00e9moire ici aussi de ce que font nos jeunes, et le lectorat n&rsquo;est pas n\u00e9cessairement le m\u00eame. Pour rappel, les r\u00e9sultats sont ICI. On retrouvera quatre des gar\u00e7ons au [&hellip;]\" \/>\n<meta property=\"og:url\" content=\"https:\/\/janze-athletisme.fr\/wordpress\/departementaux-indoor-u14-les-photos\/\" \/>\n<meta property=\"og:site_name\" content=\"Janz\u00e9 Athl\u00e9tisme\" \/>\n<meta property=\"article:publisher\" content=\"https:\/\/www.facebook.com\/groups\/1007964579346590\" \/>\n<meta property=\"article:published_time\" content=\"2025-03-07T19:12:10+00:00\" \/>\n<meta property=\"article:modified_time\" content=\"2025-03-07T19:48:42+00:00\" \/>\n<meta property=\"og:image\" content=\"https:\/\/janze-athletisme.fr\/wordpress\/wp-content\/uploads\/2025\/03\/Depart35-U14-1mars2025-0.png\" \/>\n\t<meta property=\"og:image:width\" content=\"1200\" \/>\n\t<meta property=\"og:image:height\" content=\"1200\" \/>\n\t<meta property=\"og:image:type\" content=\"image\/png\" \/>\n<meta name=\"author\" content=\"Laurent Meunier\" \/>\n<meta name=\"twitter:card\" content=\"summary_large_image\" \/>\n<meta name=\"twitter:label1\" content=\"\u00c9crit par\" \/>\n\t<meta name=\"twitter:data1\" content=\"Laurent Meunier\" \/>\n\t<meta name=\"twitter:label2\" content=\"Dur\u00e9e de lecture estim\u00e9e\" \/>\n\t<meta name=\"twitter:data2\" content=\"4 minutes\" \/>\n<script type=\"application\/ld+json\" class=\"yoast-schema-graph\">{\"@context\":\"https:\\\/\\\/schema.org\",\"@graph\":[{\"@type\":\"Article\",\"@id\":\"https:\\\/\\\/janze-athletisme.fr\\\/wordpress\\\/departementaux-indoor-u14-les-photos\\\/#article\",\"isPartOf\":{\"@id\":\"https:\\\/\\\/janze-athletisme.fr\\\/wordpress\\\/departementaux-indoor-u14-les-photos\\\/\"},\"author\":{\"name\":\"Laurent Meunier\",\"@id\":\"https:\\\/\\\/janze-athletisme.fr\\\/wordpress\\\/#\\\/schema\\\/person\\\/c7b063dcfa6234c041d4d9b26cc2ea03\"},\"headline\":\"D\u00e9partementaux indoor U14 : les photos\",\"datePublished\":\"2025-03-07T19:12:10+00:00\",\"dateModified\":\"2025-03-07T19:48:42+00:00\",\"mainEntityOfPage\":{\"@id\":\"https:\\\/\\\/janze-athletisme.fr\\\/wordpress\\\/departementaux-indoor-u14-les-photos\\\/\"},\"wordCount\":107,\"commentCount\":0,\"publisher\":{\"@id\":\"https:\\\/\\\/janze-athletisme.fr\\\/wordpress\\\/#organization\"},\"image\":{\"@id\":\"https:\\\/\\\/janze-athletisme.fr\\\/wordpress\\\/departementaux-indoor-u14-les-photos\\\/#primaryimage\"},\"thumbnailUrl\":\"https:\\\/\\\/janze-athletisme.fr\\\/wordpress\\\/wp-content\\\/uploads\\\/2025\\\/03\\\/Depart35-U14-1mars2025-0.png\",\"articleSection\":[\"Le club au jour le jour\"],\"inLanguage\":\"fr-FR\",\"potentialAction\":[{\"@type\":\"CommentAction\",\"name\":\"Comment\",\"target\":[\"https:\\\/\\\/janze-athletisme.fr\\\/wordpress\\\/departementaux-indoor-u14-les-photos\\\/#respond\"]}]},{\"@type\":\"WebPage\",\"@id\":\"https:\\\/\\\/janze-athletisme.fr\\\/wordpress\\\/departementaux-indoor-u14-les-photos\\\/\",\"url\":\"https:\\\/\\\/janze-athletisme.fr\\\/wordpress\\\/departementaux-indoor-u14-les-photos\\\/\",\"name\":\"D\u00e9partementaux indoor U14 : les photos - Janz\u00e9 Athl\u00e9tisme\",\"isPartOf\":{\"@id\":\"https:\\\/\\\/janze-athletisme.fr\\\/wordpress\\\/#website\"},\"primaryImageOfPage\":{\"@id\":\"https:\\\/\\\/janze-athletisme.fr\\\/wordpress\\\/departementaux-indoor-u14-les-photos\\\/#primaryimage\"},\"image\":{\"@id\":\"https:\\\/\\\/janze-athletisme.fr\\\/wordpress\\\/departementaux-indoor-u14-les-photos\\\/#primaryimage\"},\"thumbnailUrl\":\"https:\\\/\\\/janze-athletisme.fr\\\/wordpress\\\/wp-content\\\/uploads\\\/2025\\\/03\\\/Depart35-U14-1mars2025-0.png\",\"datePublished\":\"2025-03-07T19:12:10+00:00\",\"dateModified\":\"2025-03-07T19:48:42+00:00\",\"breadcrumb\":{\"@id\":\"https:\\\/\\\/janze-athletisme.fr\\\/wordpress\\\/departementaux-indoor-u14-les-photos\\\/#breadcrumb\"},\"inLanguage\":\"fr-FR\",\"potentialAction\":[{\"@type\":\"ReadAction\",\"target\":[\"https:\\\/\\\/janze-athletisme.fr\\\/wordpress\\\/departementaux-indoor-u14-les-photos\\\/\"]}]},{\"@type\":\"ImageObject\",\"inLanguage\":\"fr-FR\",\"@id\":\"https:\\\/\\\/janze-athletisme.fr\\\/wordpress\\\/departementaux-indoor-u14-les-photos\\\/#primaryimage\",\"url\":\"https:\\\/\\\/janze-athletisme.fr\\\/wordpress\\\/wp-content\\\/uploads\\\/2025\\\/03\\\/Depart35-U14-1mars2025-0.png\",\"contentUrl\":\"https:\\\/\\\/janze-athletisme.fr\\\/wordpress\\\/wp-content\\\/uploads\\\/2025\\\/03\\\/Depart35-U14-1mars2025-0.png\",\"width\":1200,\"height\":1200},{\"@type\":\"BreadcrumbList\",\"@id\":\"https:\\\/\\\/janze-athletisme.fr\\\/wordpress\\\/departementaux-indoor-u14-les-photos\\\/#breadcrumb\",\"itemListElement\":[{\"@type\":\"ListItem\",\"position\":1,\"name\":\"Accueil\",\"item\":\"https:\\\/\\\/janze-athletisme.fr\\\/wordpress\\\/\"},{\"@type\":\"ListItem\",\"position\":2,\"name\":\"D\u00e9partementaux indoor U14 : les photos\"}]},{\"@type\":\"WebSite\",\"@id\":\"https:\\\/\\\/janze-athletisme.fr\\\/wordpress\\\/#website\",\"url\":\"https:\\\/\\\/janze-athletisme.fr\\\/wordpress\\\/\",\"name\":\"Janz\u00e9 Athl\u00e9tisme\",\"description\":\"Pays de La Roche aux F\u00e9es\",\"publisher\":{\"@id\":\"https:\\\/\\\/janze-athletisme.fr\\\/wordpress\\\/#organization\"},\"potentialAction\":[{\"@type\":\"SearchAction\",\"target\":{\"@type\":\"EntryPoint\",\"urlTemplate\":\"https:\\\/\\\/janze-athletisme.fr\\\/wordpress\\\/?s={search_term_string}\"},\"query-input\":{\"@type\":\"PropertyValueSpecification\",\"valueRequired\":true,\"valueName\":\"search_term_string\"}}],\"inLanguage\":\"fr-FR\"},{\"@type\":\"Organization\",\"@id\":\"https:\\\/\\\/janze-athletisme.fr\\\/wordpress\\\/#organization\",\"name\":\"Janz\u00e9 Athl\u00e9tisme\",\"url\":\"https:\\\/\\\/janze-athletisme.fr\\\/wordpress\\\/\",\"logo\":{\"@type\":\"ImageObject\",\"inLanguage\":\"fr-FR\",\"@id\":\"https:\\\/\\\/janze-athletisme.fr\\\/wordpress\\\/#\\\/schema\\\/logo\\\/image\\\/\",\"url\":\"https:\\\/\\\/janze-athletisme.fr\\\/wordpress\\\/wp-content\\\/uploads\\\/2015\\\/03\\\/logo-full1.jpg\",\"contentUrl\":\"https:\\\/\\\/janze-athletisme.fr\\\/wordpress\\\/wp-content\\\/uploads\\\/2015\\\/03\\\/logo-full1.jpg\",\"width\":437,\"height\":205,\"caption\":\"Janz\u00e9 Athl\u00e9tisme\"},\"image\":{\"@id\":\"https:\\\/\\\/janze-athletisme.fr\\\/wordpress\\\/#\\\/schema\\\/logo\\\/image\\\/\"},\"sameAs\":[\"https:\\\/\\\/www.facebook.com\\\/groups\\\/1007964579346590\"]},{\"@type\":\"Person\",\"@id\":\"https:\\\/\\\/janze-athletisme.fr\\\/wordpress\\\/#\\\/schema\\\/person\\\/c7b063dcfa6234c041d4d9b26cc2ea03\",\"name\":\"Laurent Meunier\",\"image\":{\"@type\":\"ImageObject\",\"inLanguage\":\"fr-FR\",\"@id\":\"https:\\\/\\\/secure.gravatar.com\\\/avatar\\\/dd25d581ad7c3349090f2fa6a9adb6bfa287e6a5dd8a5216a092727cd8749034?s=96&d=mm&r=g\",\"url\":\"https:\\\/\\\/secure.gravatar.com\\\/avatar\\\/dd25d581ad7c3349090f2fa6a9adb6bfa287e6a5dd8a5216a092727cd8749034?s=96&d=mm&r=g\",\"contentUrl\":\"https:\\\/\\\/secure.gravatar.com\\\/avatar\\\/dd25d581ad7c3349090f2fa6a9adb6bfa287e6a5dd8a5216a092727cd8749034?s=96&d=mm&r=g\",\"caption\":\"Laurent Meunier\"},\"url\":\"https:\\\/\\\/janze-athletisme.fr\\\/wordpress\\\/author\\\/laurent-meunier35\\\/\"}]}<\/script>\n<!-- \/ Yoast SEO plugin. -->","yoast_head_json":{"title":"D\u00e9partementaux indoor U14 : les photos - Janz\u00e9 Athl\u00e9tisme","robots":{"index":"index","follow":"follow","max-snippet":"max-snippet:-1","max-image-preview":"max-image-preview:large","max-video-preview":"max-video-preview:-1"},"canonical":"https:\/\/janze-athletisme.fr\/wordpress\/departementaux-indoor-u14-les-photos\/","og_locale":"fr_FR","og_type":"article","og_title":"D\u00e9partementaux indoor U14 : les photos - Janz\u00e9 Athl\u00e9tisme","og_description":"Championnat d&rsquo;Ille-et-Vilaine indoor U14 (benjamins \/ benjamines), salle Robert-Poirier, samedi 1er mars Les photos ont paru d\u00e9j\u00e0 sur l&rsquo;insta du club, mais c&rsquo;est bien de garder m\u00e9moire ici aussi de ce que font nos jeunes, et le lectorat n&rsquo;est pas n\u00e9cessairement le m\u00eame. Pour rappel, les r\u00e9sultats sont ICI. On retrouvera quatre des gar\u00e7ons au [&hellip;]","og_url":"https:\/\/janze-athletisme.fr\/wordpress\/departementaux-indoor-u14-les-photos\/","og_site_name":"Janz\u00e9 Athl\u00e9tisme","article_publisher":"https:\/\/www.facebook.com\/groups\/1007964579346590","article_published_time":"2025-03-07T19:12:10+00:00","article_modified_time":"2025-03-07T19:48:42+00:00","og_image":[{"width":1200,"height":1200,"url":"https:\/\/janze-athletisme.fr\/wordpress\/wp-content\/uploads\/2025\/03\/Depart35-U14-1mars2025-0.png","type":"image\/png"}],"author":"Laurent Meunier","twitter_card":"summary_large_image","twitter_misc":{"\u00c9crit par":"Laurent Meunier","Dur\u00e9e de lecture estim\u00e9e":"4 minutes"},"schema":{"@context":"https:\/\/schema.org","@graph":[{"@type":"Article","@id":"https:\/\/janze-athletisme.fr\/wordpress\/departementaux-indoor-u14-les-photos\/#article","isPartOf":{"@id":"https:\/\/janze-athletisme.fr\/wordpress\/departementaux-indoor-u14-les-photos\/"},"author":{"name":"Laurent Meunier","@id":"https:\/\/janze-athletisme.fr\/wordpress\/#\/schema\/person\/c7b063dcfa6234c041d4d9b26cc2ea03"},"headline":"D\u00e9partementaux indoor U14 : les photos","datePublished":"2025-03-07T19:12:10+00:00","dateModified":"2025-03-07T19:48:42+00:00","mainEntityOfPage":{"@id":"https:\/\/janze-athletisme.fr\/wordpress\/departementaux-indoor-u14-les-photos\/"},"wordCount":107,"commentCount":0,"publisher":{"@id":"https:\/\/janze-athletisme.fr\/wordpress\/#organization"},"image":{"@id":"https:\/\/janze-athletisme.fr\/wordpress\/departementaux-indoor-u14-les-photos\/#primaryimage"},"thumbnailUrl":"https:\/\/janze-athletisme.fr\/wordpress\/wp-content\/uploads\/2025\/03\/Depart35-U14-1mars2025-0.png","articleSection":["Le club au jour le jour"],"inLanguage":"fr-FR","potentialAction":[{"@type":"CommentAction","name":"Comment","target":["https:\/\/janze-athletisme.fr\/wordpress\/departementaux-indoor-u14-les-photos\/#respond"]}]},{"@type":"WebPage","@id":"https:\/\/janze-athletisme.fr\/wordpress\/departementaux-indoor-u14-les-photos\/","url":"https:\/\/janze-athletisme.fr\/wordpress\/departementaux-indoor-u14-les-photos\/","name":"D\u00e9partementaux indoor U14 : les photos - Janz\u00e9 Athl\u00e9tisme","isPartOf":{"@id":"https:\/\/janze-athletisme.fr\/wordpress\/#website"},"primaryImageOfPage":{"@id":"https:\/\/janze-athletisme.fr\/wordpress\/departementaux-indoor-u14-les-photos\/#primaryimage"},"image":{"@id":"https:\/\/janze-athletisme.fr\/wordpress\/departementaux-indoor-u14-les-photos\/#primaryimage"},"thumbnailUrl":"https:\/\/janze-athletisme.fr\/wordpress\/wp-content\/uploads\/2025\/03\/Depart35-U14-1mars2025-0.png","datePublished":"2025-03-07T19:12:10+00:00","dateModified":"2025-03-07T19:48:42+00:00","breadcrumb":{"@id":"https:\/\/janze-athletisme.fr\/wordpress\/departementaux-indoor-u14-les-photos\/#breadcrumb"},"inLanguage":"fr-FR","potentialAction":[{"@type":"ReadAction","target":["https:\/\/janze-athletisme.fr\/wordpress\/departementaux-indoor-u14-les-photos\/"]}]},{"@type":"ImageObject","inLanguage":"fr-FR","@id":"https:\/\/janze-athletisme.fr\/wordpress\/departementaux-indoor-u14-les-photos\/#primaryimage","url":"https:\/\/janze-athletisme.fr\/wordpress\/wp-content\/uploads\/2025\/03\/Depart35-U14-1mars2025-0.png","contentUrl":"https:\/\/janze-athletisme.fr\/wordpress\/wp-content\/uploads\/2025\/03\/Depart35-U14-1mars2025-0.png","width":1200,"height":1200},{"@type":"BreadcrumbList","@id":"https:\/\/janze-athletisme.fr\/wordpress\/departementaux-indoor-u14-les-photos\/#breadcrumb","itemListElement":[{"@type":"ListItem","position":1,"name":"Accueil","item":"https:\/\/janze-athletisme.fr\/wordpress\/"},{"@type":"ListItem","position":2,"name":"D\u00e9partementaux indoor U14 : les photos"}]},{"@type":"WebSite","@id":"https:\/\/janze-athletisme.fr\/wordpress\/#website","url":"https:\/\/janze-athletisme.fr\/wordpress\/","name":"Janz\u00e9 Athl\u00e9tisme","description":"Pays de La Roche aux F\u00e9es","publisher":{"@id":"https:\/\/janze-athletisme.fr\/wordpress\/#organization"},"potentialAction":[{"@type":"SearchAction","target":{"@type":"EntryPoint","urlTemplate":"https:\/\/janze-athletisme.fr\/wordpress\/?s={search_term_string}"},"query-input":{"@type":"PropertyValueSpecification","valueRequired":true,"valueName":"search_term_string"}}],"inLanguage":"fr-FR"},{"@type":"Organization","@id":"https:\/\/janze-athletisme.fr\/wordpress\/#organization","name":"Janz\u00e9 Athl\u00e9tisme","url":"https:\/\/janze-athletisme.fr\/wordpress\/","logo":{"@type":"ImageObject","inLanguage":"fr-FR","@id":"https:\/\/janze-athletisme.fr\/wordpress\/#\/schema\/logo\/image\/","url":"https:\/\/janze-athletisme.fr\/wordpress\/wp-content\/uploads\/2015\/03\/logo-full1.jpg","contentUrl":"https:\/\/janze-athletisme.fr\/wordpress\/wp-content\/uploads\/2015\/03\/logo-full1.jpg","width":437,"height":205,"caption":"Janz\u00e9 Athl\u00e9tisme"},"image":{"@id":"https:\/\/janze-athletisme.fr\/wordpress\/#\/schema\/logo\/image\/"},"sameAs":["https:\/\/www.facebook.com\/groups\/1007964579346590"]},{"@type":"Person","@id":"https:\/\/janze-athletisme.fr\/wordpress\/#\/schema\/person\/c7b063dcfa6234c041d4d9b26cc2ea03","name":"Laurent Meunier","image":{"@type":"ImageObject","inLanguage":"fr-FR","@id":"https:\/\/secure.gravatar.com\/avatar\/dd25d581ad7c3349090f2fa6a9adb6bfa287e6a5dd8a5216a092727cd8749034?s=96&d=mm&r=g","url":"https:\/\/secure.gravatar.com\/avatar\/dd25d581ad7c3349090f2fa6a9adb6bfa287e6a5dd8a5216a092727cd8749034?s=96&d=mm&r=g","contentUrl":"https:\/\/secure.gravatar.com\/avatar\/dd25d581ad7c3349090f2fa6a9adb6bfa287e6a5dd8a5216a092727cd8749034?s=96&d=mm&r=g","caption":"Laurent Meunier"},"url":"https:\/\/janze-athletisme.fr\/wordpress\/author\/laurent-meunier35\/"}]}},"uagb_featured_image_src":{"full":["https:\/\/janze-athletisme.fr\/wordpress\/wp-content\/uploads\/2025\/03\/Depart35-U14-1mars2025-0.png",1200,1200,false],"thumbnail":["https:\/\/janze-athletisme.fr\/wordpress\/wp-content\/uploads\/2025\/03\/Depart35-U14-1mars2025-0-150x150.png",150,150,true],"medium":["https:\/\/janze-athletisme.fr\/wordpress\/wp-content\/uploads\/2025\/03\/Depart35-U14-1mars2025-0-300x300.png",300,300,true],"medium_large":["https:\/\/janze-athletisme.fr\/wordpress\/wp-content\/uploads\/2025\/03\/Depart35-U14-1mars2025-0-768x768.png",768,768,true],"large":["https:\/\/janze-athletisme.fr\/wordpress\/wp-content\/uploads\/2025\/03\/Depart35-U14-1mars2025-0-1024x1024.png",1024,1024,true],"1536x1536":["https:\/\/janze-athletisme.fr\/wordpress\/wp-content\/uploads\/2025\/03\/Depart35-U14-1mars2025-0.png",1200,1200,false],"2048x2048":["https:\/\/janze-athletisme.fr\/wordpress\/wp-content\/uploads\/2025\/03\/Depart35-U14-1mars2025-0.png",1200,1200,false]},"uagb_author_info":{"display_name":"Laurent Meunier","author_link":"https:\/\/janze-athletisme.fr\/wordpress\/author\/laurent-meunier35\/"},"uagb_comment_info":0,"uagb_excerpt":"Championnat d&rsquo;Ille-et-Vilaine indoor U14 (benjamins \/ benjamines), salle Robert-Poirier, samedi 1er mars Les photos ont paru d\u00e9j\u00e0 sur l&rsquo;insta du club, mais c&rsquo;est bien de garder m\u00e9moire ici aussi de ce que font nos jeunes, et le lectorat n&rsquo;est pas n\u00e9cessairement le m\u00eame. Pour rappel, les r\u00e9sultats sont ICI. On retrouvera quatre des gar\u00e7ons au\u2026","_links":{"self":[{"href":"https:\/\/janze-athletisme.fr\/wordpress\/wp-json\/wp\/v2\/posts\/24014","targetHints":{"allow":["GET"]}}],"collection":[{"href":"https:\/\/janze-athletisme.fr\/wordpress\/wp-json\/wp\/v2\/posts"}],"about":[{"href":"https:\/\/janze-athletisme.fr\/wordpress\/wp-json\/wp\/v2\/types\/post"}],"author":[{"embeddable":true,"href":"https:\/\/janze-athletisme.fr\/wordpress\/wp-json\/wp\/v2\/users\/12"}],"replies":[{"embeddable":true,"href":"https:\/\/janze-athletisme.fr\/wordpress\/wp-json\/wp\/v2\/comments?post=24014"}],"version-history":[{"count":3,"href":"https:\/\/janze-athletisme.fr\/wordpress\/wp-json\/wp\/v2\/posts\/24014\/revisions"}],"predecessor-version":[{"id":24033,"href":"https:\/\/janze-athletisme.fr\/wordpress\/wp-json\/wp\/v2\/posts\/24014\/revisions\/24033"}],"wp:featuredmedia":[{"embeddable":true,"href":"https:\/\/janze-athletisme.fr\/wordpress\/wp-json\/wp\/v2\/media\/24015"}],"wp:attachment":[{"href":"https:\/\/janze-athletisme.fr\/wordpress\/wp-json\/wp\/v2\/media?parent=24014"}],"wp:term":[{"taxonomy":"category","embeddable":true,"href":"https:\/\/janze-athletisme.fr\/wordpress\/wp-json\/wp\/v2\/categories?post=24014"},{"taxonomy":"post_tag","embeddable":true,"href":"https:\/\/janze-athletisme.fr\/wordpress\/wp-json\/wp\/v2\/tags?post=24014"}],"curies":[{"name":"wp","href":"https:\/\/api.w.org\/{rel}","templated":true}]}}