{"id":23962,"date":"2025-03-05T19:51:21","date_gmt":"2025-03-05T18:51:21","guid":{"rendered":"https:\/\/janze-athletisme.fr\/wordpress\/?p=23962"},"modified":"2025-03-05T19:55:25","modified_gmt":"2025-03-05T18:55:25","slug":"dernier-retour-sur-challans-le-feu","status":"publish","type":"post","link":"https:\/\/janze-athletisme.fr\/wordpress\/dernier-retour-sur-challans-le-feu\/","title":{"rendered":"Dernier retour sur Challans le feu"},"content":{"rendered":"<p><span style=\"font-size: 18pt\"><strong>Championnat de France de cross-country, samedi 1er, dimanche 2 mars, Challans<\/strong><\/span><\/p>\n<p>Un ultime retour sur cette grande f\u00eate du cross national, \u00e0 laquelle ont particip\u00e9 12 athl\u00e8tes de l&rsquo;EAC (2 au crit\u00e9rium masters du samedi et 10 aux \u00e9preuves du dimanche), dont 11 Janz\u00e9ens. Ce n&rsquo;\u00e9tait quand m\u00eame pas rien que cet \u00e9v\u00e8nement, avec 20 000 personnes pr\u00e9sentes, plus de 4 000 coureurs, et une ambiance de feu. L\u2019\u00c9quipe TV a diffus\u00e9 les \u00e9preuves (en diff\u00e9r\u00e9 certes) et les journalistes accr\u00e9dit\u00e9s \u00e9taient tr\u00e8s nombreux. Et donc nous y \u00e9tions. Avec les athl\u00e8tes, les parents accompagnateurs, les encadrants et les amis, nous \u00e9tions une petite trentaine \u00e0 assister \u00e0 cette grand&rsquo;messe du cross. Bon, ce n&rsquo;\u00e9tait pas tout \u00e0 fait Carhaix 2023, pour le parcours et pour l&rsquo;ambiance, mais il a fait chaud aussi. Et ce seront des souvenirs qui resteront.<\/p>\n<p><a href=\"https:\/\/janze-athletisme.fr\/wordpress\/wp-content\/uploads\/2025\/03\/DSC_3684.jpg\"><img loading=\"lazy\" decoding=\"async\" class=\"alignnone wp-image-23963\" src=\"https:\/\/janze-athletisme.fr\/wordpress\/wp-content\/uploads\/2025\/03\/DSC_3684-300x200.jpg\" alt=\"\" width=\"282\" height=\"188\" srcset=\"https:\/\/janze-athletisme.fr\/wordpress\/wp-content\/uploads\/2025\/03\/DSC_3684-300x200.jpg 300w, https:\/\/janze-athletisme.fr\/wordpress\/wp-content\/uploads\/2025\/03\/DSC_3684-1024x683.jpg 1024w, https:\/\/janze-athletisme.fr\/wordpress\/wp-content\/uploads\/2025\/03\/DSC_3684-768x512.jpg 768w, https:\/\/janze-athletisme.fr\/wordpress\/wp-content\/uploads\/2025\/03\/DSC_3684.jpg 1500w\" sizes=\"auto, (max-width: 282px) 100vw, 282px\" \/><\/a> <a href=\"https:\/\/janze-athletisme.fr\/wordpress\/wp-content\/uploads\/2025\/03\/DSC_3693.jpg\"><img loading=\"lazy\" decoding=\"async\" class=\"alignnone wp-image-23964\" src=\"https:\/\/janze-athletisme.fr\/wordpress\/wp-content\/uploads\/2025\/03\/DSC_3693-300x300.jpg\" alt=\"\" width=\"188\" height=\"188\" srcset=\"https:\/\/janze-athletisme.fr\/wordpress\/wp-content\/uploads\/2025\/03\/DSC_3693-300x300.jpg 300w, https:\/\/janze-athletisme.fr\/wordpress\/wp-content\/uploads\/2025\/03\/DSC_3693-1024x1024.jpg 1024w, https:\/\/janze-athletisme.fr\/wordpress\/wp-content\/uploads\/2025\/03\/DSC_3693-150x150.jpg 150w, https:\/\/janze-athletisme.fr\/wordpress\/wp-content\/uploads\/2025\/03\/DSC_3693-768x768.jpg 768w, https:\/\/janze-athletisme.fr\/wordpress\/wp-content\/uploads\/2025\/03\/DSC_3693.jpg 1200w\" sizes=\"auto, (max-width: 188px) 100vw, 188px\" \/><\/a> <a href=\"https:\/\/janze-athletisme.fr\/wordpress\/wp-content\/uploads\/2025\/03\/DSC_3697.jpg\"><img loading=\"lazy\" decoding=\"async\" class=\"alignnone wp-image-23965\" src=\"https:\/\/janze-athletisme.fr\/wordpress\/wp-content\/uploads\/2025\/03\/DSC_3697-300x300.jpg\" alt=\"\" width=\"188\" height=\"188\" srcset=\"https:\/\/janze-athletisme.fr\/wordpress\/wp-content\/uploads\/2025\/03\/DSC_3697-300x300.jpg 300w, https:\/\/janze-athletisme.fr\/wordpress\/wp-content\/uploads\/2025\/03\/DSC_3697-1024x1024.jpg 1024w, https:\/\/janze-athletisme.fr\/wordpress\/wp-content\/uploads\/2025\/03\/DSC_3697-150x150.jpg 150w, https:\/\/janze-athletisme.fr\/wordpress\/wp-content\/uploads\/2025\/03\/DSC_3697-768x769.jpg 768w, https:\/\/janze-athletisme.fr\/wordpress\/wp-content\/uploads\/2025\/03\/DSC_3697.jpg 1200w\" sizes=\"auto, (max-width: 188px) 100vw, 188px\" \/><\/a> <a href=\"https:\/\/janze-athletisme.fr\/wordpress\/wp-content\/uploads\/2025\/03\/Rose-Mahe-2mars2025-1.jpg\"><img loading=\"lazy\" decoding=\"async\" class=\"alignnone wp-image-23966\" src=\"https:\/\/janze-athletisme.fr\/wordpress\/wp-content\/uploads\/2025\/03\/Rose-Mahe-2mars2025-1-199x300.jpg\" alt=\"\" width=\"125\" height=\"188\" srcset=\"https:\/\/janze-athletisme.fr\/wordpress\/wp-content\/uploads\/2025\/03\/Rose-Mahe-2mars2025-1-199x300.jpg 199w, https:\/\/janze-athletisme.fr\/wordpress\/wp-content\/uploads\/2025\/03\/Rose-Mahe-2mars2025-1-679x1024.jpg 679w, https:\/\/janze-athletisme.fr\/wordpress\/wp-content\/uploads\/2025\/03\/Rose-Mahe-2mars2025-1-768x1157.jpg 768w, https:\/\/janze-athletisme.fr\/wordpress\/wp-content\/uploads\/2025\/03\/Rose-Mahe-2mars2025-1.jpg 1000w\" sizes=\"auto, (max-width: 125px) 100vw, 125px\" \/><\/a><\/p>\n<p><a href=\"https:\/\/janze-athletisme.fr\/wordpress\/wp-content\/uploads\/2025\/03\/DSC_3727.jpg\"><img loading=\"lazy\" decoding=\"async\" class=\"alignnone wp-image-23967\" src=\"https:\/\/janze-athletisme.fr\/wordpress\/wp-content\/uploads\/2025\/03\/DSC_3727-300x200.jpg\" alt=\"\" width=\"251\" height=\"167\" srcset=\"https:\/\/janze-athletisme.fr\/wordpress\/wp-content\/uploads\/2025\/03\/DSC_3727-300x200.jpg 300w, https:\/\/janze-athletisme.fr\/wordpress\/wp-content\/uploads\/2025\/03\/DSC_3727-1024x683.jpg 1024w, https:\/\/janze-athletisme.fr\/wordpress\/wp-content\/uploads\/2025\/03\/DSC_3727-768x512.jpg 768w, https:\/\/janze-athletisme.fr\/wordpress\/wp-content\/uploads\/2025\/03\/DSC_3727.jpg 1500w\" sizes=\"auto, (max-width: 251px) 100vw, 251px\" \/><\/a> <a href=\"https:\/\/janze-athletisme.fr\/wordpress\/wp-content\/uploads\/2025\/03\/DSC_3729.jpg\"><img loading=\"lazy\" decoding=\"async\" class=\"alignnone wp-image-23968\" src=\"https:\/\/janze-athletisme.fr\/wordpress\/wp-content\/uploads\/2025\/03\/DSC_3729-201x300.jpg\" alt=\"\" width=\"112\" height=\"168\" srcset=\"https:\/\/janze-athletisme.fr\/wordpress\/wp-content\/uploads\/2025\/03\/DSC_3729-201x300.jpg 201w, https:\/\/janze-athletisme.fr\/wordpress\/wp-content\/uploads\/2025\/03\/DSC_3729-685x1024.jpg 685w, https:\/\/janze-athletisme.fr\/wordpress\/wp-content\/uploads\/2025\/03\/DSC_3729-768x1147.jpg 768w, https:\/\/janze-athletisme.fr\/wordpress\/wp-content\/uploads\/2025\/03\/DSC_3729.jpg 1000w\" sizes=\"auto, (max-width: 112px) 100vw, 112px\" \/><\/a> <a href=\"https:\/\/janze-athletisme.fr\/wordpress\/wp-content\/uploads\/2025\/03\/DSC_3740.jpg\"><img loading=\"lazy\" decoding=\"async\" class=\"alignnone wp-image-23969\" src=\"https:\/\/janze-athletisme.fr\/wordpress\/wp-content\/uploads\/2025\/03\/DSC_3740-300x200.jpg\" alt=\"\" width=\"250\" height=\"166\" srcset=\"https:\/\/janze-athletisme.fr\/wordpress\/wp-content\/uploads\/2025\/03\/DSC_3740-300x200.jpg 300w, https:\/\/janze-athletisme.fr\/wordpress\/wp-content\/uploads\/2025\/03\/DSC_3740-1024x682.jpg 1024w, https:\/\/janze-athletisme.fr\/wordpress\/wp-content\/uploads\/2025\/03\/DSC_3740-768x511.jpg 768w, https:\/\/janze-athletisme.fr\/wordpress\/wp-content\/uploads\/2025\/03\/DSC_3740.jpg 1502w\" sizes=\"auto, (max-width: 250px) 100vw, 250px\" \/><\/a> <a href=\"https:\/\/janze-athletisme.fr\/wordpress\/wp-content\/uploads\/2025\/03\/DSC_3745.jpg\"><img loading=\"lazy\" decoding=\"async\" class=\"alignnone wp-image-23970\" src=\"https:\/\/janze-athletisme.fr\/wordpress\/wp-content\/uploads\/2025\/03\/DSC_3745-300x300.jpg\" alt=\"\" width=\"168\" height=\"168\" srcset=\"https:\/\/janze-athletisme.fr\/wordpress\/wp-content\/uploads\/2025\/03\/DSC_3745-300x300.jpg 300w, https:\/\/janze-athletisme.fr\/wordpress\/wp-content\/uploads\/2025\/03\/DSC_3745-1024x1024.jpg 1024w, https:\/\/janze-athletisme.fr\/wordpress\/wp-content\/uploads\/2025\/03\/DSC_3745-150x150.jpg 150w, https:\/\/janze-athletisme.fr\/wordpress\/wp-content\/uploads\/2025\/03\/DSC_3745-768x768.jpg 768w, https:\/\/janze-athletisme.fr\/wordpress\/wp-content\/uploads\/2025\/03\/DSC_3745.jpg 1200w\" sizes=\"auto, (max-width: 168px) 100vw, 168px\" \/><\/a><\/p>\n<p><a href=\"https:\/\/janze-athletisme.fr\/wordpress\/wp-content\/uploads\/2025\/03\/DSC_3749.jpg\"><img loading=\"lazy\" decoding=\"async\" class=\"alignnone wp-image-23971\" src=\"https:\/\/janze-athletisme.fr\/wordpress\/wp-content\/uploads\/2025\/03\/DSC_3749-300x300.jpg\" alt=\"\" width=\"196\" height=\"196\" srcset=\"https:\/\/janze-athletisme.fr\/wordpress\/wp-content\/uploads\/2025\/03\/DSC_3749-300x300.jpg 300w, https:\/\/janze-athletisme.fr\/wordpress\/wp-content\/uploads\/2025\/03\/DSC_3749-1024x1024.jpg 1024w, https:\/\/janze-athletisme.fr\/wordpress\/wp-content\/uploads\/2025\/03\/DSC_3749-150x150.jpg 150w, https:\/\/janze-athletisme.fr\/wordpress\/wp-content\/uploads\/2025\/03\/DSC_3749-768x768.jpg 768w, https:\/\/janze-athletisme.fr\/wordpress\/wp-content\/uploads\/2025\/03\/DSC_3749.jpg 1200w\" sizes=\"auto, (max-width: 196px) 100vw, 196px\" \/><\/a> <a href=\"https:\/\/janze-athletisme.fr\/wordpress\/wp-content\/uploads\/2025\/03\/DSC_3756.jpg\"><img loading=\"lazy\" decoding=\"async\" class=\"alignnone wp-image-23973\" src=\"https:\/\/janze-athletisme.fr\/wordpress\/wp-content\/uploads\/2025\/03\/DSC_3756-300x201.jpg\" alt=\"\" width=\"294\" height=\"197\" srcset=\"https:\/\/janze-athletisme.fr\/wordpress\/wp-content\/uploads\/2025\/03\/DSC_3756-300x201.jpg 300w, https:\/\/janze-athletisme.fr\/wordpress\/wp-content\/uploads\/2025\/03\/DSC_3756-1024x686.jpg 1024w, https:\/\/janze-athletisme.fr\/wordpress\/wp-content\/uploads\/2025\/03\/DSC_3756-768x514.jpg 768w, https:\/\/janze-athletisme.fr\/wordpress\/wp-content\/uploads\/2025\/03\/DSC_3756.jpg 1493w\" sizes=\"auto, (max-width: 294px) 100vw, 294px\" \/><\/a> <a href=\"https:\/\/janze-athletisme.fr\/wordpress\/wp-content\/uploads\/2025\/03\/DSC_3761.jpg\"><img loading=\"lazy\" decoding=\"async\" class=\"alignnone wp-image-23974\" src=\"https:\/\/janze-athletisme.fr\/wordpress\/wp-content\/uploads\/2025\/03\/DSC_3761-300x201.jpg\" alt=\"\" width=\"292\" height=\"196\" srcset=\"https:\/\/janze-athletisme.fr\/wordpress\/wp-content\/uploads\/2025\/03\/DSC_3761-300x201.jpg 300w, https:\/\/janze-athletisme.fr\/wordpress\/wp-content\/uploads\/2025\/03\/DSC_3761-1024x684.jpg 1024w, https:\/\/janze-athletisme.fr\/wordpress\/wp-content\/uploads\/2025\/03\/DSC_3761-768x513.jpg 768w, https:\/\/janze-athletisme.fr\/wordpress\/wp-content\/uploads\/2025\/03\/DSC_3761.jpg 1496w\" sizes=\"auto, (max-width: 292px) 100vw, 292px\" \/><\/a><\/p>\n<p><a href=\"https:\/\/janze-athletisme.fr\/wordpress\/wp-content\/uploads\/2025\/03\/DSC_3750.jpg\">\u00a0<\/a><a href=\"https:\/\/janze-athletisme.fr\/wordpress\/wp-content\/uploads\/2025\/03\/Leo-Raphael-2mars2025-4.jpg\"><img loading=\"lazy\" decoding=\"async\" class=\"alignnone wp-image-23975\" src=\"https:\/\/janze-athletisme.fr\/wordpress\/wp-content\/uploads\/2025\/03\/Leo-Raphael-2mars2025-4-200x300.jpg\" alt=\"\" width=\"121\" height=\"182\" srcset=\"https:\/\/janze-athletisme.fr\/wordpress\/wp-content\/uploads\/2025\/03\/Leo-Raphael-2mars2025-4-200x300.jpg 200w, https:\/\/janze-athletisme.fr\/wordpress\/wp-content\/uploads\/2025\/03\/Leo-Raphael-2mars2025-4-683x1024.jpg 683w, https:\/\/janze-athletisme.fr\/wordpress\/wp-content\/uploads\/2025\/03\/Leo-Raphael-2mars2025-4-768x1152.jpg 768w, https:\/\/janze-athletisme.fr\/wordpress\/wp-content\/uploads\/2025\/03\/Leo-Raphael-2mars2025-4.jpg 1000w\" sizes=\"auto, (max-width: 121px) 100vw, 121px\" \/><\/a><a href=\"https:\/\/janze-athletisme.fr\/wordpress\/wp-content\/uploads\/2025\/03\/DSC_3807.jpg\"> <img loading=\"lazy\" decoding=\"async\" class=\"alignnone wp-image-23977\" src=\"https:\/\/janze-athletisme.fr\/wordpress\/wp-content\/uploads\/2025\/03\/DSC_3807-300x300.jpg\" alt=\"\" width=\"184\" height=\"184\" srcset=\"https:\/\/janze-athletisme.fr\/wordpress\/wp-content\/uploads\/2025\/03\/DSC_3807-300x300.jpg 300w, https:\/\/janze-athletisme.fr\/wordpress\/wp-content\/uploads\/2025\/03\/DSC_3807-1024x1024.jpg 1024w, https:\/\/janze-athletisme.fr\/wordpress\/wp-content\/uploads\/2025\/03\/DSC_3807-150x150.jpg 150w, https:\/\/janze-athletisme.fr\/wordpress\/wp-content\/uploads\/2025\/03\/DSC_3807-768x767.jpg 768w, https:\/\/janze-athletisme.fr\/wordpress\/wp-content\/uploads\/2025\/03\/DSC_3807.jpg 1201w\" sizes=\"auto, (max-width: 184px) 100vw, 184px\" \/><\/a><a href=\"https:\/\/janze-athletisme.fr\/wordpress\/wp-content\/uploads\/2025\/03\/Raphael-2mars2025-1.jpg\"> <img loading=\"lazy\" decoding=\"async\" class=\"alignnone wp-image-23978\" src=\"https:\/\/janze-athletisme.fr\/wordpress\/wp-content\/uploads\/2025\/03\/Raphael-2mars2025-1-300x300.jpg\" alt=\"\" width=\"184\" height=\"184\" srcset=\"https:\/\/janze-athletisme.fr\/wordpress\/wp-content\/uploads\/2025\/03\/Raphael-2mars2025-1-300x300.jpg 300w, https:\/\/janze-athletisme.fr\/wordpress\/wp-content\/uploads\/2025\/03\/Raphael-2mars2025-1-1024x1024.jpg 1024w, https:\/\/janze-athletisme.fr\/wordpress\/wp-content\/uploads\/2025\/03\/Raphael-2mars2025-1-150x150.jpg 150w, https:\/\/janze-athletisme.fr\/wordpress\/wp-content\/uploads\/2025\/03\/Raphael-2mars2025-1-768x767.jpg 768w, https:\/\/janze-athletisme.fr\/wordpress\/wp-content\/uploads\/2025\/03\/Raphael-2mars2025-1.jpg 1501w\" sizes=\"auto, (max-width: 184px) 100vw, 184px\" \/><\/a><a href=\"https:\/\/janze-athletisme.fr\/wordpress\/wp-content\/uploads\/2025\/03\/Leo-2mars2025-3.jpg\"> <img loading=\"lazy\" decoding=\"async\" class=\"alignnone wp-image-23979\" src=\"https:\/\/janze-athletisme.fr\/wordpress\/wp-content\/uploads\/2025\/03\/Leo-2mars2025-3-300x300.jpg\" alt=\"\" width=\"183\" height=\"183\" srcset=\"https:\/\/janze-athletisme.fr\/wordpress\/wp-content\/uploads\/2025\/03\/Leo-2mars2025-3-300x300.jpg 300w, https:\/\/janze-athletisme.fr\/wordpress\/wp-content\/uploads\/2025\/03\/Leo-2mars2025-3-1024x1024.jpg 1024w, https:\/\/janze-athletisme.fr\/wordpress\/wp-content\/uploads\/2025\/03\/Leo-2mars2025-3-150x150.jpg 150w, https:\/\/janze-athletisme.fr\/wordpress\/wp-content\/uploads\/2025\/03\/Leo-2mars2025-3-768x769.jpg 768w, https:\/\/janze-athletisme.fr\/wordpress\/wp-content\/uploads\/2025\/03\/Leo-2mars2025-3.jpg 1500w\" sizes=\"auto, (max-width: 183px) 100vw, 183px\" \/> <\/a><a href=\"https:\/\/janze-athletisme.fr\/wordpress\/wp-content\/uploads\/2025\/03\/DSC_3750.jpg\"><img loading=\"lazy\" decoding=\"async\" class=\"alignnone wp-image-23972\" src=\"https:\/\/janze-athletisme.fr\/wordpress\/wp-content\/uploads\/2025\/03\/DSC_3750-300x300.jpg\" alt=\"\" width=\"96\" height=\"96\" srcset=\"https:\/\/janze-athletisme.fr\/wordpress\/wp-content\/uploads\/2025\/03\/DSC_3750-300x300.jpg 300w, https:\/\/janze-athletisme.fr\/wordpress\/wp-content\/uploads\/2025\/03\/DSC_3750-1024x1024.jpg 1024w, https:\/\/janze-athletisme.fr\/wordpress\/wp-content\/uploads\/2025\/03\/DSC_3750-150x150.jpg 150w, https:\/\/janze-athletisme.fr\/wordpress\/wp-content\/uploads\/2025\/03\/DSC_3750-768x768.jpg 768w, https:\/\/janze-athletisme.fr\/wordpress\/wp-content\/uploads\/2025\/03\/DSC_3750.jpg 1200w\" sizes=\"auto, (max-width: 96px) 100vw, 96px\" \/><\/a><\/p>\n<p><a href=\"https:\/\/janze-athletisme.fr\/wordpress\/wp-content\/uploads\/2025\/03\/DSC_3838.jpg\"><img loading=\"lazy\" decoding=\"async\" class=\"alignnone wp-image-23980\" src=\"https:\/\/janze-athletisme.fr\/wordpress\/wp-content\/uploads\/2025\/03\/DSC_3838-300x200.jpg\" alt=\"\" width=\"293\" height=\"195\" srcset=\"https:\/\/janze-athletisme.fr\/wordpress\/wp-content\/uploads\/2025\/03\/DSC_3838-300x200.jpg 300w, https:\/\/janze-athletisme.fr\/wordpress\/wp-content\/uploads\/2025\/03\/DSC_3838-1024x683.jpg 1024w, https:\/\/janze-athletisme.fr\/wordpress\/wp-content\/uploads\/2025\/03\/DSC_3838-768x512.jpg 768w, https:\/\/janze-athletisme.fr\/wordpress\/wp-content\/uploads\/2025\/03\/DSC_3838.jpg 1500w\" sizes=\"auto, (max-width: 293px) 100vw, 293px\" \/><\/a> <a href=\"https:\/\/janze-athletisme.fr\/wordpress\/wp-content\/uploads\/2025\/03\/DSC_3843.jpg\"><img loading=\"lazy\" decoding=\"async\" class=\"alignnone wp-image-23981\" src=\"https:\/\/janze-athletisme.fr\/wordpress\/wp-content\/uploads\/2025\/03\/DSC_3843-300x200.jpg\" alt=\"\" width=\"293\" height=\"195\" srcset=\"https:\/\/janze-athletisme.fr\/wordpress\/wp-content\/uploads\/2025\/03\/DSC_3843-300x200.jpg 300w, https:\/\/janze-athletisme.fr\/wordpress\/wp-content\/uploads\/2025\/03\/DSC_3843-1024x683.jpg 1024w, https:\/\/janze-athletisme.fr\/wordpress\/wp-content\/uploads\/2025\/03\/DSC_3843-768x512.jpg 768w, https:\/\/janze-athletisme.fr\/wordpress\/wp-content\/uploads\/2025\/03\/DSC_3843.jpg 1500w\" sizes=\"auto, (max-width: 293px) 100vw, 293px\" \/> <\/a><a href=\"https:\/\/janze-athletisme.fr\/wordpress\/wp-content\/uploads\/2025\/03\/DSC_3848.jpg\"><img loading=\"lazy\" decoding=\"async\" class=\"alignnone wp-image-23982\" src=\"https:\/\/janze-athletisme.fr\/wordpress\/wp-content\/uploads\/2025\/03\/DSC_3848-300x300.jpg\" alt=\"\" width=\"197\" height=\"197\" srcset=\"https:\/\/janze-athletisme.fr\/wordpress\/wp-content\/uploads\/2025\/03\/DSC_3848-300x300.jpg 300w, https:\/\/janze-athletisme.fr\/wordpress\/wp-content\/uploads\/2025\/03\/DSC_3848-1024x1024.jpg 1024w, https:\/\/janze-athletisme.fr\/wordpress\/wp-content\/uploads\/2025\/03\/DSC_3848-150x150.jpg 150w, https:\/\/janze-athletisme.fr\/wordpress\/wp-content\/uploads\/2025\/03\/DSC_3848-768x768.jpg 768w, https:\/\/janze-athletisme.fr\/wordpress\/wp-content\/uploads\/2025\/03\/DSC_3848.jpg 1200w\" sizes=\"auto, (max-width: 197px) 100vw, 197px\" \/><\/a><\/p>\n<p><a href=\"https:\/\/janze-athletisme.fr\/wordpress\/wp-content\/uploads\/2025\/03\/DSC_3829-scaled.jpg\"><img loading=\"lazy\" decoding=\"async\" class=\"alignnone wp-image-23983\" src=\"https:\/\/janze-athletisme.fr\/wordpress\/wp-content\/uploads\/2025\/03\/DSC_3829-300x300.jpg\" alt=\"\" width=\"157\" height=\"157\" srcset=\"https:\/\/janze-athletisme.fr\/wordpress\/wp-content\/uploads\/2025\/03\/DSC_3829-300x300.jpg 300w, https:\/\/janze-athletisme.fr\/wordpress\/wp-content\/uploads\/2025\/03\/DSC_3829-1024x1024.jpg 1024w, https:\/\/janze-athletisme.fr\/wordpress\/wp-content\/uploads\/2025\/03\/DSC_3829-150x150.jpg 150w, https:\/\/janze-athletisme.fr\/wordpress\/wp-content\/uploads\/2025\/03\/DSC_3829-768x768.jpg 768w, https:\/\/janze-athletisme.fr\/wordpress\/wp-content\/uploads\/2025\/03\/DSC_3829-1536x1536.jpg 1536w, https:\/\/janze-athletisme.fr\/wordpress\/wp-content\/uploads\/2025\/03\/DSC_3829-2048x2048.jpg 2048w\" sizes=\"auto, (max-width: 157px) 100vw, 157px\" \/> <\/a><a href=\"https:\/\/janze-athletisme.fr\/wordpress\/wp-content\/uploads\/2025\/03\/Lea-Lucie-2mars2025.jpg\"><img loading=\"lazy\" decoding=\"async\" class=\"alignnone wp-image-23984\" src=\"https:\/\/janze-athletisme.fr\/wordpress\/wp-content\/uploads\/2025\/03\/Lea-Lucie-2mars2025-300x300.jpg\" alt=\"\" width=\"176\" height=\"176\" srcset=\"https:\/\/janze-athletisme.fr\/wordpress\/wp-content\/uploads\/2025\/03\/Lea-Lucie-2mars2025-300x300.jpg 300w, https:\/\/janze-athletisme.fr\/wordpress\/wp-content\/uploads\/2025\/03\/Lea-Lucie-2mars2025-1024x1024.jpg 1024w, https:\/\/janze-athletisme.fr\/wordpress\/wp-content\/uploads\/2025\/03\/Lea-Lucie-2mars2025-150x150.jpg 150w, https:\/\/janze-athletisme.fr\/wordpress\/wp-content\/uploads\/2025\/03\/Lea-Lucie-2mars2025-768x768.jpg 768w, https:\/\/janze-athletisme.fr\/wordpress\/wp-content\/uploads\/2025\/03\/Lea-Lucie-2mars2025.jpg 1200w\" sizes=\"auto, (max-width: 176px) 100vw, 176px\" \/><\/a><a href=\"https:\/\/janze-athletisme.fr\/wordpress\/wp-content\/uploads\/2025\/03\/DSC_3886.jpg\"> <img loading=\"lazy\" decoding=\"async\" class=\"alignnone wp-image-23985\" src=\"https:\/\/janze-athletisme.fr\/wordpress\/wp-content\/uploads\/2025\/03\/DSC_3886-300x300.jpg\" alt=\"\" width=\"179\" height=\"179\" srcset=\"https:\/\/janze-athletisme.fr\/wordpress\/wp-content\/uploads\/2025\/03\/DSC_3886-300x300.jpg 300w, https:\/\/janze-athletisme.fr\/wordpress\/wp-content\/uploads\/2025\/03\/DSC_3886-150x150.jpg 150w, https:\/\/janze-athletisme.fr\/wordpress\/wp-content\/uploads\/2025\/03\/DSC_3886-768x768.jpg 768w, https:\/\/janze-athletisme.fr\/wordpress\/wp-content\/uploads\/2025\/03\/DSC_3886.jpg 1000w\" sizes=\"auto, (max-width: 179px) 100vw, 179px\" \/> <\/a><a href=\"https:\/\/janze-athletisme.fr\/wordpress\/wp-content\/uploads\/2025\/03\/DSC_3901.jpg\"><img loading=\"lazy\" decoding=\"async\" class=\"alignnone wp-image-23986\" src=\"https:\/\/janze-athletisme.fr\/wordpress\/wp-content\/uploads\/2025\/03\/DSC_3901-300x200.jpg\" alt=\"\" width=\"269\" height=\"179\" srcset=\"https:\/\/janze-athletisme.fr\/wordpress\/wp-content\/uploads\/2025\/03\/DSC_3901-300x200.jpg 300w, https:\/\/janze-athletisme.fr\/wordpress\/wp-content\/uploads\/2025\/03\/DSC_3901-1024x683.jpg 1024w, https:\/\/janze-athletisme.fr\/wordpress\/wp-content\/uploads\/2025\/03\/DSC_3901-768x512.jpg 768w, https:\/\/janze-athletisme.fr\/wordpress\/wp-content\/uploads\/2025\/03\/DSC_3901.jpg 1500w\" sizes=\"auto, (max-width: 269px) 100vw, 269px\" \/><\/a><\/p>\n<p><a href=\"https:\/\/janze-athletisme.fr\/wordpress\/wp-content\/uploads\/2025\/03\/DSC_3926.jpg\"><img loading=\"lazy\" decoding=\"async\" class=\"alignnone wp-image-23990\" src=\"https:\/\/janze-athletisme.fr\/wordpress\/wp-content\/uploads\/2025\/03\/DSC_3926-300x300.jpg\" alt=\"\" width=\"224\" height=\"224\" srcset=\"https:\/\/janze-athletisme.fr\/wordpress\/wp-content\/uploads\/2025\/03\/DSC_3926-300x300.jpg 300w, https:\/\/janze-athletisme.fr\/wordpress\/wp-content\/uploads\/2025\/03\/DSC_3926-1024x1024.jpg 1024w, https:\/\/janze-athletisme.fr\/wordpress\/wp-content\/uploads\/2025\/03\/DSC_3926-150x150.jpg 150w, https:\/\/janze-athletisme.fr\/wordpress\/wp-content\/uploads\/2025\/03\/DSC_3926-768x768.jpg 768w, https:\/\/janze-athletisme.fr\/wordpress\/wp-content\/uploads\/2025\/03\/DSC_3926.jpg 1200w\" sizes=\"auto, (max-width: 224px) 100vw, 224px\" \/> <\/a><a href=\"https:\/\/janze-athletisme.fr\/wordpress\/wp-content\/uploads\/2025\/03\/DSC_3921.jpg\"><img loading=\"lazy\" decoding=\"async\" class=\"alignnone wp-image-23989\" src=\"https:\/\/janze-athletisme.fr\/wordpress\/wp-content\/uploads\/2025\/03\/DSC_3921-300x300.jpg\" alt=\"\" width=\"224\" height=\"224\" srcset=\"https:\/\/janze-athletisme.fr\/wordpress\/wp-content\/uploads\/2025\/03\/DSC_3921-300x300.jpg 300w, https:\/\/janze-athletisme.fr\/wordpress\/wp-content\/uploads\/2025\/03\/DSC_3921-1024x1024.jpg 1024w, https:\/\/janze-athletisme.fr\/wordpress\/wp-content\/uploads\/2025\/03\/DSC_3921-150x150.jpg 150w, https:\/\/janze-athletisme.fr\/wordpress\/wp-content\/uploads\/2025\/03\/DSC_3921-768x767.jpg 768w, https:\/\/janze-athletisme.fr\/wordpress\/wp-content\/uploads\/2025\/03\/DSC_3921.jpg 1201w\" sizes=\"auto, (max-width: 224px) 100vw, 224px\" \/><\/a><a href=\"https:\/\/janze-athletisme.fr\/wordpress\/wp-content\/uploads\/2025\/03\/DSC_3930.jpg\"> <img loading=\"lazy\" decoding=\"async\" class=\"alignnone wp-image-23991\" src=\"https:\/\/janze-athletisme.fr\/wordpress\/wp-content\/uploads\/2025\/03\/DSC_3930-300x200.jpg\" alt=\"\" width=\"338\" height=\"225\" srcset=\"https:\/\/janze-athletisme.fr\/wordpress\/wp-content\/uploads\/2025\/03\/DSC_3930-300x200.jpg 300w, https:\/\/janze-athletisme.fr\/wordpress\/wp-content\/uploads\/2025\/03\/DSC_3930-1024x683.jpg 1024w, https:\/\/janze-athletisme.fr\/wordpress\/wp-content\/uploads\/2025\/03\/DSC_3930-768x512.jpg 768w, https:\/\/janze-athletisme.fr\/wordpress\/wp-content\/uploads\/2025\/03\/DSC_3930.jpg 1500w\" sizes=\"auto, (max-width: 338px) 100vw, 338px\" \/><\/a><\/p>\n<p><a href=\"https:\/\/janze-athletisme.fr\/wordpress\/wp-content\/uploads\/2025\/03\/DSC_3935.jpg\"> <img loading=\"lazy\" decoding=\"async\" class=\"alignnone wp-image-23992\" src=\"https:\/\/janze-athletisme.fr\/wordpress\/wp-content\/uploads\/2025\/03\/DSC_3935-300x201.jpg\" alt=\"\" width=\"333\" height=\"223\" srcset=\"https:\/\/janze-athletisme.fr\/wordpress\/wp-content\/uploads\/2025\/03\/DSC_3935-300x201.jpg 300w, https:\/\/janze-athletisme.fr\/wordpress\/wp-content\/uploads\/2025\/03\/DSC_3935-1024x687.jpg 1024w, https:\/\/janze-athletisme.fr\/wordpress\/wp-content\/uploads\/2025\/03\/DSC_3935-768x515.jpg 768w, https:\/\/janze-athletisme.fr\/wordpress\/wp-content\/uploads\/2025\/03\/DSC_3935.jpg 1490w\" sizes=\"auto, (max-width: 333px) 100vw, 333px\" \/> <\/a><a href=\"https:\/\/janze-athletisme.fr\/wordpress\/wp-content\/uploads\/2025\/03\/DSC_3928.jpg\"><img loading=\"lazy\" decoding=\"async\" class=\"alignnone wp-image-23993\" src=\"https:\/\/janze-athletisme.fr\/wordpress\/wp-content\/uploads\/2025\/03\/DSC_3928-300x300.jpg\" alt=\"\" width=\"224\" height=\"224\" srcset=\"https:\/\/janze-athletisme.fr\/wordpress\/wp-content\/uploads\/2025\/03\/DSC_3928-300x300.jpg 300w, https:\/\/janze-athletisme.fr\/wordpress\/wp-content\/uploads\/2025\/03\/DSC_3928-1024x1024.jpg 1024w, https:\/\/janze-athletisme.fr\/wordpress\/wp-content\/uploads\/2025\/03\/DSC_3928-150x150.jpg 150w, https:\/\/janze-athletisme.fr\/wordpress\/wp-content\/uploads\/2025\/03\/DSC_3928-768x768.jpg 768w, https:\/\/janze-athletisme.fr\/wordpress\/wp-content\/uploads\/2025\/03\/DSC_3928.jpg 1200w\" sizes=\"auto, (max-width: 224px) 100vw, 224px\" \/> <\/a><a href=\"https:\/\/janze-athletisme.fr\/wordpress\/wp-content\/uploads\/2025\/03\/DSC_3939.jpg\"><img loading=\"lazy\" decoding=\"async\" class=\"alignnone wp-image-23994\" src=\"https:\/\/janze-athletisme.fr\/wordpress\/wp-content\/uploads\/2025\/03\/DSC_3939-300x300.jpg\" alt=\"\" width=\"224\" height=\"224\" srcset=\"https:\/\/janze-athletisme.fr\/wordpress\/wp-content\/uploads\/2025\/03\/DSC_3939-300x300.jpg 300w, https:\/\/janze-athletisme.fr\/wordpress\/wp-content\/uploads\/2025\/03\/DSC_3939-1024x1024.jpg 1024w, https:\/\/janze-athletisme.fr\/wordpress\/wp-content\/uploads\/2025\/03\/DSC_3939-150x150.jpg 150w, https:\/\/janze-athletisme.fr\/wordpress\/wp-content\/uploads\/2025\/03\/DSC_3939-768x769.jpg 768w, https:\/\/janze-athletisme.fr\/wordpress\/wp-content\/uploads\/2025\/03\/DSC_3939.jpg 1200w\" sizes=\"auto, (max-width: 224px) 100vw, 224px\" \/> <\/a><\/p>\n","protected":false},"excerpt":{"rendered":"<p>Championnat de France de cross-country, samedi 1er, dimanche 2 mars, Challans Un ultime retour sur cette grande f\u00eate du cross national, \u00e0 laquelle ont particip\u00e9 12 athl\u00e8tes de l&rsquo;EAC (2 au crit\u00e9rium masters du samedi et 10 aux \u00e9preuves du dimanche), dont 11 Janz\u00e9ens. Ce n&rsquo;\u00e9tait quand m\u00eame pas rien que cet \u00e9v\u00e8nement, avec 20 [&hellip;]<\/p>\n","protected":false},"author":12,"featured_media":23989,"comment_status":"open","ping_status":"open","sticky":false,"template":"","format":"aside","meta":{"_uag_custom_page_level_css":"","site-sidebar-layout":"default","site-content-layout":"","ast-site-content-layout":"default","site-content-style":"default","site-sidebar-style":"default","ast-global-header-display":"","ast-banner-title-visibility":"","ast-main-header-display":"","ast-hfb-above-header-display":"","ast-hfb-below-header-display":"","ast-hfb-mobile-header-display":"","site-post-title":"","ast-breadcrumbs-content":"","ast-featured-img":"","footer-sml-layout":"","ast-disable-related-posts":"","theme-transparent-header-meta":"default","adv-header-id-meta":"","stick-header-meta":"","header-above-stick-meta":"","header-main-stick-meta":"","header-below-stick-meta":"","astra-migrate-meta-layouts":"set","ast-page-background-enabled":"default","ast-page-background-meta":{"desktop":{"background-color":"var(--ast-global-color-4)","background-image":"","background-repeat":"repeat","background-position":"center center","background-size":"auto","background-attachment":"scroll","background-type":"","background-media":"","overlay-type":"","overlay-color":"","overlay-opacity":"","overlay-gradient":""},"tablet":{"background-color":"","background-image":"","background-repeat":"repeat","background-position":"center center","background-size":"auto","background-attachment":"scroll","background-type":"","background-media":"","overlay-type":"","overlay-color":"","overlay-opacity":"","overlay-gradient":""},"mobile":{"background-color":"","background-image":"","background-repeat":"repeat","background-position":"center center","background-size":"auto","background-attachment":"scroll","background-type":"","background-media":"","overlay-type":"","overlay-color":"","overlay-opacity":"","overlay-gradient":""}},"ast-content-background-meta":{"desktop":{"background-color":"var(--ast-global-color-5)","background-image":"","background-repeat":"repeat","background-position":"center center","background-size":"auto","background-attachment":"scroll","background-type":"","background-media":"","overlay-type":"","overlay-color":"","overlay-opacity":"","overlay-gradient":""},"tablet":{"background-color":"var(--ast-global-color-5)","background-image":"","background-repeat":"repeat","background-position":"center center","background-size":"auto","background-attachment":"scroll","background-type":"","background-media":"","overlay-type":"","overlay-color":"","overlay-opacity":"","overlay-gradient":""},"mobile":{"background-color":"var(--ast-global-color-5)","background-image":"","background-repeat":"repeat","background-position":"center center","background-size":"auto","background-attachment":"scroll","background-type":"","background-media":"","overlay-type":"","overlay-color":"","overlay-opacity":"","overlay-gradient":""}},"footnotes":""},"categories":[6],"tags":[],"class_list":["post-23962","post","type-post","status-publish","format-aside","has-post-thumbnail","hentry","category-sections","post_format-post-format-aside"],"yoast_head":"<!-- This site is optimized with the Yoast SEO plugin v27.4 - https:\/\/yoast.com\/product\/yoast-seo-wordpress\/ -->\n<title>Dernier retour sur Challans le feu - Janz\u00e9 Athl\u00e9tisme<\/title>\n<meta name=\"robots\" content=\"index, follow, max-snippet:-1, max-image-preview:large, max-video-preview:-1\" \/>\n<link rel=\"canonical\" href=\"https:\/\/janze-athletisme.fr\/wordpress\/dernier-retour-sur-challans-le-feu\/\" \/>\n<meta property=\"og:locale\" content=\"fr_FR\" \/>\n<meta property=\"og:type\" content=\"article\" \/>\n<meta property=\"og:title\" content=\"Dernier retour sur Challans le feu - Janz\u00e9 Athl\u00e9tisme\" \/>\n<meta property=\"og:description\" content=\"Championnat de France de cross-country, samedi 1er, dimanche 2 mars, Challans Un ultime retour sur cette grande f\u00eate du cross national, \u00e0 laquelle ont particip\u00e9 12 athl\u00e8tes de l&rsquo;EAC (2 au crit\u00e9rium masters du samedi et 10 aux \u00e9preuves du dimanche), dont 11 Janz\u00e9ens. Ce n&rsquo;\u00e9tait quand m\u00eame pas rien que cet \u00e9v\u00e8nement, avec 20 [&hellip;]\" \/>\n<meta property=\"og:url\" content=\"https:\/\/janze-athletisme.fr\/wordpress\/dernier-retour-sur-challans-le-feu\/\" \/>\n<meta property=\"og:site_name\" content=\"Janz\u00e9 Athl\u00e9tisme\" \/>\n<meta property=\"article:publisher\" content=\"https:\/\/www.facebook.com\/groups\/1007964579346590\" \/>\n<meta property=\"article:published_time\" content=\"2025-03-05T18:51:21+00:00\" \/>\n<meta property=\"article:modified_time\" content=\"2025-03-05T18:55:25+00:00\" \/>\n<meta property=\"og:image\" content=\"https:\/\/janze-athletisme.fr\/wordpress\/wp-content\/uploads\/2025\/03\/DSC_3921.jpg\" \/>\n\t<meta property=\"og:image:width\" content=\"1201\" \/>\n\t<meta property=\"og:image:height\" content=\"1200\" \/>\n\t<meta property=\"og:image:type\" content=\"image\/jpeg\" \/>\n<meta name=\"author\" content=\"Laurent Meunier\" \/>\n<meta name=\"twitter:card\" content=\"summary_large_image\" \/>\n<meta name=\"twitter:label1\" content=\"\u00c9crit par\" \/>\n\t<meta name=\"twitter:data1\" content=\"Laurent Meunier\" \/>\n\t<meta name=\"twitter:label2\" content=\"Dur\u00e9e de lecture estim\u00e9e\" \/>\n\t<meta name=\"twitter:data2\" content=\"7 minutes\" \/>\n<script type=\"application\/ld+json\" class=\"yoast-schema-graph\">{\"@context\":\"https:\\\/\\\/schema.org\",\"@graph\":[{\"@type\":\"Article\",\"@id\":\"https:\\\/\\\/janze-athletisme.fr\\\/wordpress\\\/dernier-retour-sur-challans-le-feu\\\/#article\",\"isPartOf\":{\"@id\":\"https:\\\/\\\/janze-athletisme.fr\\\/wordpress\\\/dernier-retour-sur-challans-le-feu\\\/\"},\"author\":{\"name\":\"Laurent Meunier\",\"@id\":\"https:\\\/\\\/janze-athletisme.fr\\\/wordpress\\\/#\\\/schema\\\/person\\\/c7b063dcfa6234c041d4d9b26cc2ea03\"},\"headline\":\"Dernier retour sur Challans le feu\",\"datePublished\":\"2025-03-05T18:51:21+00:00\",\"dateModified\":\"2025-03-05T18:55:25+00:00\",\"mainEntityOfPage\":{\"@id\":\"https:\\\/\\\/janze-athletisme.fr\\\/wordpress\\\/dernier-retour-sur-challans-le-feu\\\/\"},\"wordCount\":150,\"commentCount\":0,\"publisher\":{\"@id\":\"https:\\\/\\\/janze-athletisme.fr\\\/wordpress\\\/#organization\"},\"image\":{\"@id\":\"https:\\\/\\\/janze-athletisme.fr\\\/wordpress\\\/dernier-retour-sur-challans-le-feu\\\/#primaryimage\"},\"thumbnailUrl\":\"https:\\\/\\\/janze-athletisme.fr\\\/wordpress\\\/wp-content\\\/uploads\\\/2025\\\/03\\\/DSC_3921.jpg\",\"articleSection\":[\"Le club au jour le jour\"],\"inLanguage\":\"fr-FR\",\"potentialAction\":[{\"@type\":\"CommentAction\",\"name\":\"Comment\",\"target\":[\"https:\\\/\\\/janze-athletisme.fr\\\/wordpress\\\/dernier-retour-sur-challans-le-feu\\\/#respond\"]}]},{\"@type\":\"WebPage\",\"@id\":\"https:\\\/\\\/janze-athletisme.fr\\\/wordpress\\\/dernier-retour-sur-challans-le-feu\\\/\",\"url\":\"https:\\\/\\\/janze-athletisme.fr\\\/wordpress\\\/dernier-retour-sur-challans-le-feu\\\/\",\"name\":\"Dernier retour sur Challans le feu - Janz\u00e9 Athl\u00e9tisme\",\"isPartOf\":{\"@id\":\"https:\\\/\\\/janze-athletisme.fr\\\/wordpress\\\/#website\"},\"primaryImageOfPage\":{\"@id\":\"https:\\\/\\\/janze-athletisme.fr\\\/wordpress\\\/dernier-retour-sur-challans-le-feu\\\/#primaryimage\"},\"image\":{\"@id\":\"https:\\\/\\\/janze-athletisme.fr\\\/wordpress\\\/dernier-retour-sur-challans-le-feu\\\/#primaryimage\"},\"thumbnailUrl\":\"https:\\\/\\\/janze-athletisme.fr\\\/wordpress\\\/wp-content\\\/uploads\\\/2025\\\/03\\\/DSC_3921.jpg\",\"datePublished\":\"2025-03-05T18:51:21+00:00\",\"dateModified\":\"2025-03-05T18:55:25+00:00\",\"breadcrumb\":{\"@id\":\"https:\\\/\\\/janze-athletisme.fr\\\/wordpress\\\/dernier-retour-sur-challans-le-feu\\\/#breadcrumb\"},\"inLanguage\":\"fr-FR\",\"potentialAction\":[{\"@type\":\"ReadAction\",\"target\":[\"https:\\\/\\\/janze-athletisme.fr\\\/wordpress\\\/dernier-retour-sur-challans-le-feu\\\/\"]}]},{\"@type\":\"ImageObject\",\"inLanguage\":\"fr-FR\",\"@id\":\"https:\\\/\\\/janze-athletisme.fr\\\/wordpress\\\/dernier-retour-sur-challans-le-feu\\\/#primaryimage\",\"url\":\"https:\\\/\\\/janze-athletisme.fr\\\/wordpress\\\/wp-content\\\/uploads\\\/2025\\\/03\\\/DSC_3921.jpg\",\"contentUrl\":\"https:\\\/\\\/janze-athletisme.fr\\\/wordpress\\\/wp-content\\\/uploads\\\/2025\\\/03\\\/DSC_3921.jpg\",\"width\":1201,\"height\":1200},{\"@type\":\"BreadcrumbList\",\"@id\":\"https:\\\/\\\/janze-athletisme.fr\\\/wordpress\\\/dernier-retour-sur-challans-le-feu\\\/#breadcrumb\",\"itemListElement\":[{\"@type\":\"ListItem\",\"position\":1,\"name\":\"Accueil\",\"item\":\"https:\\\/\\\/janze-athletisme.fr\\\/wordpress\\\/\"},{\"@type\":\"ListItem\",\"position\":2,\"name\":\"Dernier retour sur Challans le feu\"}]},{\"@type\":\"WebSite\",\"@id\":\"https:\\\/\\\/janze-athletisme.fr\\\/wordpress\\\/#website\",\"url\":\"https:\\\/\\\/janze-athletisme.fr\\\/wordpress\\\/\",\"name\":\"Janz\u00e9 Athl\u00e9tisme\",\"description\":\"Pays de La Roche aux F\u00e9es\",\"publisher\":{\"@id\":\"https:\\\/\\\/janze-athletisme.fr\\\/wordpress\\\/#organization\"},\"potentialAction\":[{\"@type\":\"SearchAction\",\"target\":{\"@type\":\"EntryPoint\",\"urlTemplate\":\"https:\\\/\\\/janze-athletisme.fr\\\/wordpress\\\/?s={search_term_string}\"},\"query-input\":{\"@type\":\"PropertyValueSpecification\",\"valueRequired\":true,\"valueName\":\"search_term_string\"}}],\"inLanguage\":\"fr-FR\"},{\"@type\":\"Organization\",\"@id\":\"https:\\\/\\\/janze-athletisme.fr\\\/wordpress\\\/#organization\",\"name\":\"Janz\u00e9 Athl\u00e9tisme\",\"url\":\"https:\\\/\\\/janze-athletisme.fr\\\/wordpress\\\/\",\"logo\":{\"@type\":\"ImageObject\",\"inLanguage\":\"fr-FR\",\"@id\":\"https:\\\/\\\/janze-athletisme.fr\\\/wordpress\\\/#\\\/schema\\\/logo\\\/image\\\/\",\"url\":\"https:\\\/\\\/janze-athletisme.fr\\\/wordpress\\\/wp-content\\\/uploads\\\/2015\\\/03\\\/logo-full1.jpg\",\"contentUrl\":\"https:\\\/\\\/janze-athletisme.fr\\\/wordpress\\\/wp-content\\\/uploads\\\/2015\\\/03\\\/logo-full1.jpg\",\"width\":437,\"height\":205,\"caption\":\"Janz\u00e9 Athl\u00e9tisme\"},\"image\":{\"@id\":\"https:\\\/\\\/janze-athletisme.fr\\\/wordpress\\\/#\\\/schema\\\/logo\\\/image\\\/\"},\"sameAs\":[\"https:\\\/\\\/www.facebook.com\\\/groups\\\/1007964579346590\"]},{\"@type\":\"Person\",\"@id\":\"https:\\\/\\\/janze-athletisme.fr\\\/wordpress\\\/#\\\/schema\\\/person\\\/c7b063dcfa6234c041d4d9b26cc2ea03\",\"name\":\"Laurent Meunier\",\"image\":{\"@type\":\"ImageObject\",\"inLanguage\":\"fr-FR\",\"@id\":\"https:\\\/\\\/secure.gravatar.com\\\/avatar\\\/dd25d581ad7c3349090f2fa6a9adb6bfa287e6a5dd8a5216a092727cd8749034?s=96&d=mm&r=g\",\"url\":\"https:\\\/\\\/secure.gravatar.com\\\/avatar\\\/dd25d581ad7c3349090f2fa6a9adb6bfa287e6a5dd8a5216a092727cd8749034?s=96&d=mm&r=g\",\"contentUrl\":\"https:\\\/\\\/secure.gravatar.com\\\/avatar\\\/dd25d581ad7c3349090f2fa6a9adb6bfa287e6a5dd8a5216a092727cd8749034?s=96&d=mm&r=g\",\"caption\":\"Laurent Meunier\"},\"url\":\"https:\\\/\\\/janze-athletisme.fr\\\/wordpress\\\/author\\\/laurent-meunier35\\\/\"}]}<\/script>\n<!-- \/ Yoast SEO plugin. -->","yoast_head_json":{"title":"Dernier retour sur Challans le feu - Janz\u00e9 Athl\u00e9tisme","robots":{"index":"index","follow":"follow","max-snippet":"max-snippet:-1","max-image-preview":"max-image-preview:large","max-video-preview":"max-video-preview:-1"},"canonical":"https:\/\/janze-athletisme.fr\/wordpress\/dernier-retour-sur-challans-le-feu\/","og_locale":"fr_FR","og_type":"article","og_title":"Dernier retour sur Challans le feu - Janz\u00e9 Athl\u00e9tisme","og_description":"Championnat de France de cross-country, samedi 1er, dimanche 2 mars, Challans Un ultime retour sur cette grande f\u00eate du cross national, \u00e0 laquelle ont particip\u00e9 12 athl\u00e8tes de l&rsquo;EAC (2 au crit\u00e9rium masters du samedi et 10 aux \u00e9preuves du dimanche), dont 11 Janz\u00e9ens. Ce n&rsquo;\u00e9tait quand m\u00eame pas rien que cet \u00e9v\u00e8nement, avec 20 [&hellip;]","og_url":"https:\/\/janze-athletisme.fr\/wordpress\/dernier-retour-sur-challans-le-feu\/","og_site_name":"Janz\u00e9 Athl\u00e9tisme","article_publisher":"https:\/\/www.facebook.com\/groups\/1007964579346590","article_published_time":"2025-03-05T18:51:21+00:00","article_modified_time":"2025-03-05T18:55:25+00:00","og_image":[{"width":1201,"height":1200,"url":"https:\/\/janze-athletisme.fr\/wordpress\/wp-content\/uploads\/2025\/03\/DSC_3921.jpg","type":"image\/jpeg"}],"author":"Laurent Meunier","twitter_card":"summary_large_image","twitter_misc":{"\u00c9crit par":"Laurent Meunier","Dur\u00e9e de lecture estim\u00e9e":"7 minutes"},"schema":{"@context":"https:\/\/schema.org","@graph":[{"@type":"Article","@id":"https:\/\/janze-athletisme.fr\/wordpress\/dernier-retour-sur-challans-le-feu\/#article","isPartOf":{"@id":"https:\/\/janze-athletisme.fr\/wordpress\/dernier-retour-sur-challans-le-feu\/"},"author":{"name":"Laurent Meunier","@id":"https:\/\/janze-athletisme.fr\/wordpress\/#\/schema\/person\/c7b063dcfa6234c041d4d9b26cc2ea03"},"headline":"Dernier retour sur Challans le feu","datePublished":"2025-03-05T18:51:21+00:00","dateModified":"2025-03-05T18:55:25+00:00","mainEntityOfPage":{"@id":"https:\/\/janze-athletisme.fr\/wordpress\/dernier-retour-sur-challans-le-feu\/"},"wordCount":150,"commentCount":0,"publisher":{"@id":"https:\/\/janze-athletisme.fr\/wordpress\/#organization"},"image":{"@id":"https:\/\/janze-athletisme.fr\/wordpress\/dernier-retour-sur-challans-le-feu\/#primaryimage"},"thumbnailUrl":"https:\/\/janze-athletisme.fr\/wordpress\/wp-content\/uploads\/2025\/03\/DSC_3921.jpg","articleSection":["Le club au jour le jour"],"inLanguage":"fr-FR","potentialAction":[{"@type":"CommentAction","name":"Comment","target":["https:\/\/janze-athletisme.fr\/wordpress\/dernier-retour-sur-challans-le-feu\/#respond"]}]},{"@type":"WebPage","@id":"https:\/\/janze-athletisme.fr\/wordpress\/dernier-retour-sur-challans-le-feu\/","url":"https:\/\/janze-athletisme.fr\/wordpress\/dernier-retour-sur-challans-le-feu\/","name":"Dernier retour sur Challans le feu - Janz\u00e9 Athl\u00e9tisme","isPartOf":{"@id":"https:\/\/janze-athletisme.fr\/wordpress\/#website"},"primaryImageOfPage":{"@id":"https:\/\/janze-athletisme.fr\/wordpress\/dernier-retour-sur-challans-le-feu\/#primaryimage"},"image":{"@id":"https:\/\/janze-athletisme.fr\/wordpress\/dernier-retour-sur-challans-le-feu\/#primaryimage"},"thumbnailUrl":"https:\/\/janze-athletisme.fr\/wordpress\/wp-content\/uploads\/2025\/03\/DSC_3921.jpg","datePublished":"2025-03-05T18:51:21+00:00","dateModified":"2025-03-05T18:55:25+00:00","breadcrumb":{"@id":"https:\/\/janze-athletisme.fr\/wordpress\/dernier-retour-sur-challans-le-feu\/#breadcrumb"},"inLanguage":"fr-FR","potentialAction":[{"@type":"ReadAction","target":["https:\/\/janze-athletisme.fr\/wordpress\/dernier-retour-sur-challans-le-feu\/"]}]},{"@type":"ImageObject","inLanguage":"fr-FR","@id":"https:\/\/janze-athletisme.fr\/wordpress\/dernier-retour-sur-challans-le-feu\/#primaryimage","url":"https:\/\/janze-athletisme.fr\/wordpress\/wp-content\/uploads\/2025\/03\/DSC_3921.jpg","contentUrl":"https:\/\/janze-athletisme.fr\/wordpress\/wp-content\/uploads\/2025\/03\/DSC_3921.jpg","width":1201,"height":1200},{"@type":"BreadcrumbList","@id":"https:\/\/janze-athletisme.fr\/wordpress\/dernier-retour-sur-challans-le-feu\/#breadcrumb","itemListElement":[{"@type":"ListItem","position":1,"name":"Accueil","item":"https:\/\/janze-athletisme.fr\/wordpress\/"},{"@type":"ListItem","position":2,"name":"Dernier retour sur Challans le feu"}]},{"@type":"WebSite","@id":"https:\/\/janze-athletisme.fr\/wordpress\/#website","url":"https:\/\/janze-athletisme.fr\/wordpress\/","name":"Janz\u00e9 Athl\u00e9tisme","description":"Pays de La Roche aux F\u00e9es","publisher":{"@id":"https:\/\/janze-athletisme.fr\/wordpress\/#organization"},"potentialAction":[{"@type":"SearchAction","target":{"@type":"EntryPoint","urlTemplate":"https:\/\/janze-athletisme.fr\/wordpress\/?s={search_term_string}"},"query-input":{"@type":"PropertyValueSpecification","valueRequired":true,"valueName":"search_term_string"}}],"inLanguage":"fr-FR"},{"@type":"Organization","@id":"https:\/\/janze-athletisme.fr\/wordpress\/#organization","name":"Janz\u00e9 Athl\u00e9tisme","url":"https:\/\/janze-athletisme.fr\/wordpress\/","logo":{"@type":"ImageObject","inLanguage":"fr-FR","@id":"https:\/\/janze-athletisme.fr\/wordpress\/#\/schema\/logo\/image\/","url":"https:\/\/janze-athletisme.fr\/wordpress\/wp-content\/uploads\/2015\/03\/logo-full1.jpg","contentUrl":"https:\/\/janze-athletisme.fr\/wordpress\/wp-content\/uploads\/2015\/03\/logo-full1.jpg","width":437,"height":205,"caption":"Janz\u00e9 Athl\u00e9tisme"},"image":{"@id":"https:\/\/janze-athletisme.fr\/wordpress\/#\/schema\/logo\/image\/"},"sameAs":["https:\/\/www.facebook.com\/groups\/1007964579346590"]},{"@type":"Person","@id":"https:\/\/janze-athletisme.fr\/wordpress\/#\/schema\/person\/c7b063dcfa6234c041d4d9b26cc2ea03","name":"Laurent Meunier","image":{"@type":"ImageObject","inLanguage":"fr-FR","@id":"https:\/\/secure.gravatar.com\/avatar\/dd25d581ad7c3349090f2fa6a9adb6bfa287e6a5dd8a5216a092727cd8749034?s=96&d=mm&r=g","url":"https:\/\/secure.gravatar.com\/avatar\/dd25d581ad7c3349090f2fa6a9adb6bfa287e6a5dd8a5216a092727cd8749034?s=96&d=mm&r=g","contentUrl":"https:\/\/secure.gravatar.com\/avatar\/dd25d581ad7c3349090f2fa6a9adb6bfa287e6a5dd8a5216a092727cd8749034?s=96&d=mm&r=g","caption":"Laurent Meunier"},"url":"https:\/\/janze-athletisme.fr\/wordpress\/author\/laurent-meunier35\/"}]}},"uagb_featured_image_src":{"full":["https:\/\/janze-athletisme.fr\/wordpress\/wp-content\/uploads\/2025\/03\/DSC_3921.jpg",1201,1200,false],"thumbnail":["https:\/\/janze-athletisme.fr\/wordpress\/wp-content\/uploads\/2025\/03\/DSC_3921-150x150.jpg",150,150,true],"medium":["https:\/\/janze-athletisme.fr\/wordpress\/wp-content\/uploads\/2025\/03\/DSC_3921-300x300.jpg",300,300,true],"medium_large":["https:\/\/janze-athletisme.fr\/wordpress\/wp-content\/uploads\/2025\/03\/DSC_3921-768x767.jpg",768,767,true],"large":["https:\/\/janze-athletisme.fr\/wordpress\/wp-content\/uploads\/2025\/03\/DSC_3921-1024x1024.jpg",1024,1024,true],"1536x1536":["https:\/\/janze-athletisme.fr\/wordpress\/wp-content\/uploads\/2025\/03\/DSC_3921.jpg",1201,1200,false],"2048x2048":["https:\/\/janze-athletisme.fr\/wordpress\/wp-content\/uploads\/2025\/03\/DSC_3921.jpg",1201,1200,false]},"uagb_author_info":{"display_name":"Laurent Meunier","author_link":"https:\/\/janze-athletisme.fr\/wordpress\/author\/laurent-meunier35\/"},"uagb_comment_info":0,"uagb_excerpt":"Championnat de France de cross-country, samedi 1er, dimanche 2 mars, Challans Un ultime retour sur cette grande f\u00eate du cross national, \u00e0 laquelle ont particip\u00e9 12 athl\u00e8tes de l&rsquo;EAC (2 au crit\u00e9rium masters du samedi et 10 aux \u00e9preuves du dimanche), dont 11 Janz\u00e9ens. Ce n&rsquo;\u00e9tait quand m\u00eame pas rien que cet \u00e9v\u00e8nement, avec 20\u2026","_links":{"self":[{"href":"https:\/\/janze-athletisme.fr\/wordpress\/wp-json\/wp\/v2\/posts\/23962","targetHints":{"allow":["GET"]}}],"collection":[{"href":"https:\/\/janze-athletisme.fr\/wordpress\/wp-json\/wp\/v2\/posts"}],"about":[{"href":"https:\/\/janze-athletisme.fr\/wordpress\/wp-json\/wp\/v2\/types\/post"}],"author":[{"embeddable":true,"href":"https:\/\/janze-athletisme.fr\/wordpress\/wp-json\/wp\/v2\/users\/12"}],"replies":[{"embeddable":true,"href":"https:\/\/janze-athletisme.fr\/wordpress\/wp-json\/wp\/v2\/comments?post=23962"}],"version-history":[{"count":2,"href":"https:\/\/janze-athletisme.fr\/wordpress\/wp-json\/wp\/v2\/posts\/23962\/revisions"}],"predecessor-version":[{"id":23996,"href":"https:\/\/janze-athletisme.fr\/wordpress\/wp-json\/wp\/v2\/posts\/23962\/revisions\/23996"}],"wp:featuredmedia":[{"embeddable":true,"href":"https:\/\/janze-athletisme.fr\/wordpress\/wp-json\/wp\/v2\/media\/23989"}],"wp:attachment":[{"href":"https:\/\/janze-athletisme.fr\/wordpress\/wp-json\/wp\/v2\/media?parent=23962"}],"wp:term":[{"taxonomy":"category","embeddable":true,"href":"https:\/\/janze-athletisme.fr\/wordpress\/wp-json\/wp\/v2\/categories?post=23962"},{"taxonomy":"post_tag","embeddable":true,"href":"https:\/\/janze-athletisme.fr\/wordpress\/wp-json\/wp\/v2\/tags?post=23962"}],"curies":[{"name":"wp","href":"https:\/\/api.w.org\/{rel}","templated":true}]}}