{"id":23955,"date":"2025-03-04T23:00:10","date_gmt":"2025-03-04T22:00:10","guid":{"rendered":"https:\/\/janze-athletisme.fr\/wordpress\/?p=23955"},"modified":"2025-03-04T23:01:38","modified_gmt":"2025-03-04T22:01:38","slug":"maryse-et-rose-a-lhonneur-sur-le-site-de-la-ligue","status":"publish","type":"post","link":"https:\/\/janze-athletisme.fr\/wordpress\/maryse-et-rose-a-lhonneur-sur-le-site-de-la-ligue\/","title":{"rendered":"Maryse et Rose \u00e0 l&rsquo;honneur sur le site de la Ligue"},"content":{"rendered":"<p><em>Voici l&rsquo;article du site de la Ligue qui revient sur le r\u00e9sultat des Bretons et Bretonnes aux championnats de France de cross. L&rsquo;EAC est concern\u00e9e par deux mentions. Ce n&rsquo;est pas tous les jours qu&rsquo;on peut faire ce petit clin d\u2019\u0153il&#8230; Bon, ce n&rsquo;est pas encore une mention dans les course \u00c9lites, mais c&rsquo;est d\u00e9j\u00e0 tr\u00e8s bien. Bravo Maryse et bravo Rose ! Pour en savoir plus, c&rsquo;est <a href=\"https:\/\/www.bretagneathle.com\/post\/les-bretons-medailles-des-france-de-cross-et-de-lancers\">ICI<\/a>.<\/em><strong><br \/>\n<\/strong><\/p>\n<p><span style=\"font-size: 14pt\"><strong>Les champion(ne)s de France bretons :<\/strong><\/span><\/p>\n<p><strong>Ad\u00e8le Le Berre<\/strong> (Quimper Athl\u00e9tisme) d\u00e9croche le titre sur le Cross Long femmes en Masters 2.<\/p>\n<p><strong>Maryse Le Gallo<\/strong> (APLO) remporte un eni\u00e8me titre national \u00e0 sa besace en remportant le crit\u00e9rium Masters en M6.<\/p>\n<p>Le collectif masters hommes de l&rsquo;<strong>EAPB<\/strong> d\u00e9croche \u00e0 nouveau le titre national par \u00e9quipe une \u00e9quipe compos\u00e9e de Charles Delys, Pierre Henri Gueguen, Paul Lambert et Pierre Riaux<\/p>\n<p><span style=\"font-size: 14pt\"><strong>Les vices champion(ne)s de France :<\/strong><\/span><\/p>\n<p><strong>Marie Bouchard<\/strong> (Iroise Athl\u00e9tisme) termine brillamment 2\u00e8me du cross long femmes derri\u00e8re L\u00e9onie Perriault.<\/p>\n<p><strong>B\u00e9atrice Osty<\/strong> (Quimper Athl\u00e9tisme) 2\u00e8me Masters 2 sur le cross long femmes.<\/p>\n<p><span style=\"text-decoration: underline\"><strong>Maryse Veyer<\/strong> (EAC) 2\u00e8me du Crit\u00e9rium Masters femmes en M4<\/span><\/p>\n<p><strong>Denis Barbeoch<\/strong> (CAB Pont l&rsquo;Abb\u00e9) 2\u00e8me du Crit\u00e9rium Masters en M7<\/p>\n<p><span style=\"text-decoration: underline\">La m\u00e9daille d&rsquo;argent d\u00e9croch\u00e9 par <strong>l&rsquo;\u00e9quipe de Bretagne minimes<\/strong> en mixte sur la Coupe de France des Ligues Minimes<\/span><\/p>\n<p><span style=\"font-size: 14pt\"><strong>Les m\u00e9daill\u00e9s de Bronze bretons :<\/strong><\/span><\/p>\n<p>Le collectif masters hommes du <strong>Quimper Athl\u00e9tisme<\/strong> d\u00e9croche le bronze par \u00e9quipe avec Benjamin Le Grand, Michel Nedelec, Marc Souben et Ewen Thomas.<\/p>\n<p>Le collectif U20 du <strong>Stade Brestois Athl\u00e9tisme<\/strong> sur le relais cross d\u00e9croche une belle 3\u00e8me place. L&rsquo;\u00e9quipe \u00e9tait compos\u00e9e de Elyse Le Menn, Anna Vourch, Tanig Adam et Ma\u00ebl Bruno<\/p>\n<p><strong>Christophe Schmitt<\/strong> (Iroise Athl\u00e9tisme) m\u00e9daill\u00e9 de Bronze sur le National du cross Entreprise masculin<\/p>\n<p>Et enfin le collectif du <strong>HBA <\/strong>juniors filles qui d\u00e9croche le bronze par \u00e9quipe (une \u00e9quipe compos\u00e9e d&rsquo;Am\u00e9lie Adam, Am\u00e9lie Guyot, Pimprenelle Guinet Roussellier et Aelig Guillou).<\/p>\n<p>\u00c0 noter les belles performances de <strong>Margot Gouix <\/strong>(CJF St Malo) 15\u00e8me en U18 filles, la 18\u00e8me place de <strong>Cl\u00e9ment Rabin Boutin<\/strong> (Stade Rennais) en U20 gar\u00e7ons, la 4\u00e8me place par \u00e9quipe du <strong>CIMA Pays d&rsquo;Auray<\/strong> sur le cross court hommes et la 16\u00e8me place sur le cross long hommes de <strong>Pol Le Bot<\/strong> (EAPB).<\/p>\n","protected":false},"excerpt":{"rendered":"<p>Voici l&rsquo;article du site de la Ligue qui revient sur le r\u00e9sultat des Bretons et Bretonnes aux championnats de France de cross. L&rsquo;EAC est concern\u00e9e par deux mentions. Ce n&rsquo;est pas tous les jours qu&rsquo;on peut faire ce petit clin d\u2019\u0153il&#8230; Bon, ce n&rsquo;est pas encore une mention dans les course \u00c9lites, mais c&rsquo;est d\u00e9j\u00e0 [&hellip;]<\/p>\n","protected":false},"author":12,"featured_media":23956,"comment_status":"open","ping_status":"open","sticky":false,"template":"","format":"aside","meta":{"_uag_custom_page_level_css":"","site-sidebar-layout":"default","site-content-layout":"","ast-site-content-layout":"default","site-content-style":"default","site-sidebar-style":"default","ast-global-header-display":"","ast-banner-title-visibility":"","ast-main-header-display":"","ast-hfb-above-header-display":"","ast-hfb-below-header-display":"","ast-hfb-mobile-header-display":"","site-post-title":"","ast-breadcrumbs-content":"","ast-featured-img":"","footer-sml-layout":"","ast-disable-related-posts":"","theme-transparent-header-meta":"default","adv-header-id-meta":"","stick-header-meta":"","header-above-stick-meta":"","header-main-stick-meta":"","header-below-stick-meta":"","astra-migrate-meta-layouts":"set","ast-page-background-enabled":"default","ast-page-background-meta":{"desktop":{"background-color":"var(--ast-global-color-4)","background-image":"","background-repeat":"repeat","background-position":"center center","background-size":"auto","background-attachment":"scroll","background-type":"","background-media":"","overlay-type":"","overlay-color":"","overlay-opacity":"","overlay-gradient":""},"tablet":{"background-color":"","background-image":"","background-repeat":"repeat","background-position":"center center","background-size":"auto","background-attachment":"scroll","background-type":"","background-media":"","overlay-type":"","overlay-color":"","overlay-opacity":"","overlay-gradient":""},"mobile":{"background-color":"","background-image":"","background-repeat":"repeat","background-position":"center center","background-size":"auto","background-attachment":"scroll","background-type":"","background-media":"","overlay-type":"","overlay-color":"","overlay-opacity":"","overlay-gradient":""}},"ast-content-background-meta":{"desktop":{"background-color":"var(--ast-global-color-5)","background-image":"","background-repeat":"repeat","background-position":"center center","background-size":"auto","background-attachment":"scroll","background-type":"","background-media":"","overlay-type":"","overlay-color":"","overlay-opacity":"","overlay-gradient":""},"tablet":{"background-color":"var(--ast-global-color-5)","background-image":"","background-repeat":"repeat","background-position":"center center","background-size":"auto","background-attachment":"scroll","background-type":"","background-media":"","overlay-type":"","overlay-color":"","overlay-opacity":"","overlay-gradient":""},"mobile":{"background-color":"var(--ast-global-color-5)","background-image":"","background-repeat":"repeat","background-position":"center center","background-size":"auto","background-attachment":"scroll","background-type":"","background-media":"","overlay-type":"","overlay-color":"","overlay-opacity":"","overlay-gradient":""}},"footnotes":""},"categories":[6],"tags":[],"class_list":["post-23955","post","type-post","status-publish","format-aside","has-post-thumbnail","hentry","category-sections","post_format-post-format-aside"],"yoast_head":"<!-- This site is optimized with the Yoast SEO plugin v27.4 - https:\/\/yoast.com\/product\/yoast-seo-wordpress\/ -->\n<title>Maryse et Rose \u00e0 l&#039;honneur sur le site de la Ligue - Janz\u00e9 Athl\u00e9tisme<\/title>\n<meta name=\"robots\" content=\"index, follow, max-snippet:-1, max-image-preview:large, max-video-preview:-1\" \/>\n<link rel=\"canonical\" href=\"https:\/\/janze-athletisme.fr\/wordpress\/maryse-et-rose-a-lhonneur-sur-le-site-de-la-ligue\/\" \/>\n<meta property=\"og:locale\" content=\"fr_FR\" \/>\n<meta property=\"og:type\" content=\"article\" \/>\n<meta property=\"og:title\" content=\"Maryse et Rose \u00e0 l&#039;honneur sur le site de la Ligue - Janz\u00e9 Athl\u00e9tisme\" \/>\n<meta property=\"og:description\" content=\"Voici l&rsquo;article du site de la Ligue qui revient sur le r\u00e9sultat des Bretons et Bretonnes aux championnats de France de cross. L&rsquo;EAC est concern\u00e9e par deux mentions. Ce n&rsquo;est pas tous les jours qu&rsquo;on peut faire ce petit clin d\u2019\u0153il&#8230; Bon, ce n&rsquo;est pas encore une mention dans les course \u00c9lites, mais c&rsquo;est d\u00e9j\u00e0 [&hellip;]\" \/>\n<meta property=\"og:url\" content=\"https:\/\/janze-athletisme.fr\/wordpress\/maryse-et-rose-a-lhonneur-sur-le-site-de-la-ligue\/\" \/>\n<meta property=\"og:site_name\" content=\"Janz\u00e9 Athl\u00e9tisme\" \/>\n<meta property=\"article:publisher\" content=\"https:\/\/www.facebook.com\/groups\/1007964579346590\" \/>\n<meta property=\"article:published_time\" content=\"2025-03-04T22:00:10+00:00\" \/>\n<meta property=\"article:modified_time\" content=\"2025-03-04T22:01:38+00:00\" \/>\n<meta property=\"og:image\" content=\"https:\/\/janze-athletisme.fr\/wordpress\/wp-content\/uploads\/2025\/03\/DSC_3713.jpg\" \/>\n\t<meta property=\"og:image:width\" content=\"1201\" \/>\n\t<meta property=\"og:image:height\" content=\"1200\" \/>\n\t<meta property=\"og:image:type\" content=\"image\/jpeg\" \/>\n<meta name=\"author\" content=\"Laurent Meunier\" \/>\n<meta name=\"twitter:card\" content=\"summary_large_image\" \/>\n<meta name=\"twitter:label1\" content=\"\u00c9crit par\" \/>\n\t<meta name=\"twitter:data1\" content=\"Laurent Meunier\" \/>\n\t<meta name=\"twitter:label2\" content=\"Dur\u00e9e de lecture estim\u00e9e\" \/>\n\t<meta name=\"twitter:data2\" content=\"3 minutes\" \/>\n<script type=\"application\/ld+json\" class=\"yoast-schema-graph\">{\"@context\":\"https:\\\/\\\/schema.org\",\"@graph\":[{\"@type\":\"Article\",\"@id\":\"https:\\\/\\\/janze-athletisme.fr\\\/wordpress\\\/maryse-et-rose-a-lhonneur-sur-le-site-de-la-ligue\\\/#article\",\"isPartOf\":{\"@id\":\"https:\\\/\\\/janze-athletisme.fr\\\/wordpress\\\/maryse-et-rose-a-lhonneur-sur-le-site-de-la-ligue\\\/\"},\"author\":{\"name\":\"Laurent Meunier\",\"@id\":\"https:\\\/\\\/janze-athletisme.fr\\\/wordpress\\\/#\\\/schema\\\/person\\\/c7b063dcfa6234c041d4d9b26cc2ea03\"},\"headline\":\"Maryse et Rose \u00e0 l&rsquo;honneur sur le site de la Ligue\",\"datePublished\":\"2025-03-04T22:00:10+00:00\",\"dateModified\":\"2025-03-04T22:01:38+00:00\",\"mainEntityOfPage\":{\"@id\":\"https:\\\/\\\/janze-athletisme.fr\\\/wordpress\\\/maryse-et-rose-a-lhonneur-sur-le-site-de-la-ligue\\\/\"},\"wordCount\":422,\"commentCount\":0,\"publisher\":{\"@id\":\"https:\\\/\\\/janze-athletisme.fr\\\/wordpress\\\/#organization\"},\"image\":{\"@id\":\"https:\\\/\\\/janze-athletisme.fr\\\/wordpress\\\/maryse-et-rose-a-lhonneur-sur-le-site-de-la-ligue\\\/#primaryimage\"},\"thumbnailUrl\":\"https:\\\/\\\/janze-athletisme.fr\\\/wordpress\\\/wp-content\\\/uploads\\\/2025\\\/03\\\/DSC_3713.jpg\",\"articleSection\":[\"Le club au jour le jour\"],\"inLanguage\":\"fr-FR\",\"potentialAction\":[{\"@type\":\"CommentAction\",\"name\":\"Comment\",\"target\":[\"https:\\\/\\\/janze-athletisme.fr\\\/wordpress\\\/maryse-et-rose-a-lhonneur-sur-le-site-de-la-ligue\\\/#respond\"]}]},{\"@type\":\"WebPage\",\"@id\":\"https:\\\/\\\/janze-athletisme.fr\\\/wordpress\\\/maryse-et-rose-a-lhonneur-sur-le-site-de-la-ligue\\\/\",\"url\":\"https:\\\/\\\/janze-athletisme.fr\\\/wordpress\\\/maryse-et-rose-a-lhonneur-sur-le-site-de-la-ligue\\\/\",\"name\":\"Maryse et Rose \u00e0 l'honneur sur le site de la Ligue - Janz\u00e9 Athl\u00e9tisme\",\"isPartOf\":{\"@id\":\"https:\\\/\\\/janze-athletisme.fr\\\/wordpress\\\/#website\"},\"primaryImageOfPage\":{\"@id\":\"https:\\\/\\\/janze-athletisme.fr\\\/wordpress\\\/maryse-et-rose-a-lhonneur-sur-le-site-de-la-ligue\\\/#primaryimage\"},\"image\":{\"@id\":\"https:\\\/\\\/janze-athletisme.fr\\\/wordpress\\\/maryse-et-rose-a-lhonneur-sur-le-site-de-la-ligue\\\/#primaryimage\"},\"thumbnailUrl\":\"https:\\\/\\\/janze-athletisme.fr\\\/wordpress\\\/wp-content\\\/uploads\\\/2025\\\/03\\\/DSC_3713.jpg\",\"datePublished\":\"2025-03-04T22:00:10+00:00\",\"dateModified\":\"2025-03-04T22:01:38+00:00\",\"breadcrumb\":{\"@id\":\"https:\\\/\\\/janze-athletisme.fr\\\/wordpress\\\/maryse-et-rose-a-lhonneur-sur-le-site-de-la-ligue\\\/#breadcrumb\"},\"inLanguage\":\"fr-FR\",\"potentialAction\":[{\"@type\":\"ReadAction\",\"target\":[\"https:\\\/\\\/janze-athletisme.fr\\\/wordpress\\\/maryse-et-rose-a-lhonneur-sur-le-site-de-la-ligue\\\/\"]}]},{\"@type\":\"ImageObject\",\"inLanguage\":\"fr-FR\",\"@id\":\"https:\\\/\\\/janze-athletisme.fr\\\/wordpress\\\/maryse-et-rose-a-lhonneur-sur-le-site-de-la-ligue\\\/#primaryimage\",\"url\":\"https:\\\/\\\/janze-athletisme.fr\\\/wordpress\\\/wp-content\\\/uploads\\\/2025\\\/03\\\/DSC_3713.jpg\",\"contentUrl\":\"https:\\\/\\\/janze-athletisme.fr\\\/wordpress\\\/wp-content\\\/uploads\\\/2025\\\/03\\\/DSC_3713.jpg\",\"width\":1201,\"height\":1200},{\"@type\":\"BreadcrumbList\",\"@id\":\"https:\\\/\\\/janze-athletisme.fr\\\/wordpress\\\/maryse-et-rose-a-lhonneur-sur-le-site-de-la-ligue\\\/#breadcrumb\",\"itemListElement\":[{\"@type\":\"ListItem\",\"position\":1,\"name\":\"Accueil\",\"item\":\"https:\\\/\\\/janze-athletisme.fr\\\/wordpress\\\/\"},{\"@type\":\"ListItem\",\"position\":2,\"name\":\"Maryse et Rose \u00e0 l&rsquo;honneur sur le site de la Ligue\"}]},{\"@type\":\"WebSite\",\"@id\":\"https:\\\/\\\/janze-athletisme.fr\\\/wordpress\\\/#website\",\"url\":\"https:\\\/\\\/janze-athletisme.fr\\\/wordpress\\\/\",\"name\":\"Janz\u00e9 Athl\u00e9tisme\",\"description\":\"Pays de La Roche aux F\u00e9es\",\"publisher\":{\"@id\":\"https:\\\/\\\/janze-athletisme.fr\\\/wordpress\\\/#organization\"},\"potentialAction\":[{\"@type\":\"SearchAction\",\"target\":{\"@type\":\"EntryPoint\",\"urlTemplate\":\"https:\\\/\\\/janze-athletisme.fr\\\/wordpress\\\/?s={search_term_string}\"},\"query-input\":{\"@type\":\"PropertyValueSpecification\",\"valueRequired\":true,\"valueName\":\"search_term_string\"}}],\"inLanguage\":\"fr-FR\"},{\"@type\":\"Organization\",\"@id\":\"https:\\\/\\\/janze-athletisme.fr\\\/wordpress\\\/#organization\",\"name\":\"Janz\u00e9 Athl\u00e9tisme\",\"url\":\"https:\\\/\\\/janze-athletisme.fr\\\/wordpress\\\/\",\"logo\":{\"@type\":\"ImageObject\",\"inLanguage\":\"fr-FR\",\"@id\":\"https:\\\/\\\/janze-athletisme.fr\\\/wordpress\\\/#\\\/schema\\\/logo\\\/image\\\/\",\"url\":\"https:\\\/\\\/janze-athletisme.fr\\\/wordpress\\\/wp-content\\\/uploads\\\/2015\\\/03\\\/logo-full1.jpg\",\"contentUrl\":\"https:\\\/\\\/janze-athletisme.fr\\\/wordpress\\\/wp-content\\\/uploads\\\/2015\\\/03\\\/logo-full1.jpg\",\"width\":437,\"height\":205,\"caption\":\"Janz\u00e9 Athl\u00e9tisme\"},\"image\":{\"@id\":\"https:\\\/\\\/janze-athletisme.fr\\\/wordpress\\\/#\\\/schema\\\/logo\\\/image\\\/\"},\"sameAs\":[\"https:\\\/\\\/www.facebook.com\\\/groups\\\/1007964579346590\"]},{\"@type\":\"Person\",\"@id\":\"https:\\\/\\\/janze-athletisme.fr\\\/wordpress\\\/#\\\/schema\\\/person\\\/c7b063dcfa6234c041d4d9b26cc2ea03\",\"name\":\"Laurent Meunier\",\"image\":{\"@type\":\"ImageObject\",\"inLanguage\":\"fr-FR\",\"@id\":\"https:\\\/\\\/secure.gravatar.com\\\/avatar\\\/dd25d581ad7c3349090f2fa6a9adb6bfa287e6a5dd8a5216a092727cd8749034?s=96&d=mm&r=g\",\"url\":\"https:\\\/\\\/secure.gravatar.com\\\/avatar\\\/dd25d581ad7c3349090f2fa6a9adb6bfa287e6a5dd8a5216a092727cd8749034?s=96&d=mm&r=g\",\"contentUrl\":\"https:\\\/\\\/secure.gravatar.com\\\/avatar\\\/dd25d581ad7c3349090f2fa6a9adb6bfa287e6a5dd8a5216a092727cd8749034?s=96&d=mm&r=g\",\"caption\":\"Laurent Meunier\"},\"url\":\"https:\\\/\\\/janze-athletisme.fr\\\/wordpress\\\/author\\\/laurent-meunier35\\\/\"}]}<\/script>\n<!-- \/ Yoast SEO plugin. -->","yoast_head_json":{"title":"Maryse et Rose \u00e0 l'honneur sur le site de la Ligue - Janz\u00e9 Athl\u00e9tisme","robots":{"index":"index","follow":"follow","max-snippet":"max-snippet:-1","max-image-preview":"max-image-preview:large","max-video-preview":"max-video-preview:-1"},"canonical":"https:\/\/janze-athletisme.fr\/wordpress\/maryse-et-rose-a-lhonneur-sur-le-site-de-la-ligue\/","og_locale":"fr_FR","og_type":"article","og_title":"Maryse et Rose \u00e0 l'honneur sur le site de la Ligue - Janz\u00e9 Athl\u00e9tisme","og_description":"Voici l&rsquo;article du site de la Ligue qui revient sur le r\u00e9sultat des Bretons et Bretonnes aux championnats de France de cross. L&rsquo;EAC est concern\u00e9e par deux mentions. Ce n&rsquo;est pas tous les jours qu&rsquo;on peut faire ce petit clin d\u2019\u0153il&#8230; Bon, ce n&rsquo;est pas encore une mention dans les course \u00c9lites, mais c&rsquo;est d\u00e9j\u00e0 [&hellip;]","og_url":"https:\/\/janze-athletisme.fr\/wordpress\/maryse-et-rose-a-lhonneur-sur-le-site-de-la-ligue\/","og_site_name":"Janz\u00e9 Athl\u00e9tisme","article_publisher":"https:\/\/www.facebook.com\/groups\/1007964579346590","article_published_time":"2025-03-04T22:00:10+00:00","article_modified_time":"2025-03-04T22:01:38+00:00","og_image":[{"width":1201,"height":1200,"url":"https:\/\/janze-athletisme.fr\/wordpress\/wp-content\/uploads\/2025\/03\/DSC_3713.jpg","type":"image\/jpeg"}],"author":"Laurent Meunier","twitter_card":"summary_large_image","twitter_misc":{"\u00c9crit par":"Laurent Meunier","Dur\u00e9e de lecture estim\u00e9e":"3 minutes"},"schema":{"@context":"https:\/\/schema.org","@graph":[{"@type":"Article","@id":"https:\/\/janze-athletisme.fr\/wordpress\/maryse-et-rose-a-lhonneur-sur-le-site-de-la-ligue\/#article","isPartOf":{"@id":"https:\/\/janze-athletisme.fr\/wordpress\/maryse-et-rose-a-lhonneur-sur-le-site-de-la-ligue\/"},"author":{"name":"Laurent Meunier","@id":"https:\/\/janze-athletisme.fr\/wordpress\/#\/schema\/person\/c7b063dcfa6234c041d4d9b26cc2ea03"},"headline":"Maryse et Rose \u00e0 l&rsquo;honneur sur le site de la Ligue","datePublished":"2025-03-04T22:00:10+00:00","dateModified":"2025-03-04T22:01:38+00:00","mainEntityOfPage":{"@id":"https:\/\/janze-athletisme.fr\/wordpress\/maryse-et-rose-a-lhonneur-sur-le-site-de-la-ligue\/"},"wordCount":422,"commentCount":0,"publisher":{"@id":"https:\/\/janze-athletisme.fr\/wordpress\/#organization"},"image":{"@id":"https:\/\/janze-athletisme.fr\/wordpress\/maryse-et-rose-a-lhonneur-sur-le-site-de-la-ligue\/#primaryimage"},"thumbnailUrl":"https:\/\/janze-athletisme.fr\/wordpress\/wp-content\/uploads\/2025\/03\/DSC_3713.jpg","articleSection":["Le club au jour le jour"],"inLanguage":"fr-FR","potentialAction":[{"@type":"CommentAction","name":"Comment","target":["https:\/\/janze-athletisme.fr\/wordpress\/maryse-et-rose-a-lhonneur-sur-le-site-de-la-ligue\/#respond"]}]},{"@type":"WebPage","@id":"https:\/\/janze-athletisme.fr\/wordpress\/maryse-et-rose-a-lhonneur-sur-le-site-de-la-ligue\/","url":"https:\/\/janze-athletisme.fr\/wordpress\/maryse-et-rose-a-lhonneur-sur-le-site-de-la-ligue\/","name":"Maryse et Rose \u00e0 l'honneur sur le site de la Ligue - Janz\u00e9 Athl\u00e9tisme","isPartOf":{"@id":"https:\/\/janze-athletisme.fr\/wordpress\/#website"},"primaryImageOfPage":{"@id":"https:\/\/janze-athletisme.fr\/wordpress\/maryse-et-rose-a-lhonneur-sur-le-site-de-la-ligue\/#primaryimage"},"image":{"@id":"https:\/\/janze-athletisme.fr\/wordpress\/maryse-et-rose-a-lhonneur-sur-le-site-de-la-ligue\/#primaryimage"},"thumbnailUrl":"https:\/\/janze-athletisme.fr\/wordpress\/wp-content\/uploads\/2025\/03\/DSC_3713.jpg","datePublished":"2025-03-04T22:00:10+00:00","dateModified":"2025-03-04T22:01:38+00:00","breadcrumb":{"@id":"https:\/\/janze-athletisme.fr\/wordpress\/maryse-et-rose-a-lhonneur-sur-le-site-de-la-ligue\/#breadcrumb"},"inLanguage":"fr-FR","potentialAction":[{"@type":"ReadAction","target":["https:\/\/janze-athletisme.fr\/wordpress\/maryse-et-rose-a-lhonneur-sur-le-site-de-la-ligue\/"]}]},{"@type":"ImageObject","inLanguage":"fr-FR","@id":"https:\/\/janze-athletisme.fr\/wordpress\/maryse-et-rose-a-lhonneur-sur-le-site-de-la-ligue\/#primaryimage","url":"https:\/\/janze-athletisme.fr\/wordpress\/wp-content\/uploads\/2025\/03\/DSC_3713.jpg","contentUrl":"https:\/\/janze-athletisme.fr\/wordpress\/wp-content\/uploads\/2025\/03\/DSC_3713.jpg","width":1201,"height":1200},{"@type":"BreadcrumbList","@id":"https:\/\/janze-athletisme.fr\/wordpress\/maryse-et-rose-a-lhonneur-sur-le-site-de-la-ligue\/#breadcrumb","itemListElement":[{"@type":"ListItem","position":1,"name":"Accueil","item":"https:\/\/janze-athletisme.fr\/wordpress\/"},{"@type":"ListItem","position":2,"name":"Maryse et Rose \u00e0 l&rsquo;honneur sur le site de la Ligue"}]},{"@type":"WebSite","@id":"https:\/\/janze-athletisme.fr\/wordpress\/#website","url":"https:\/\/janze-athletisme.fr\/wordpress\/","name":"Janz\u00e9 Athl\u00e9tisme","description":"Pays de La Roche aux F\u00e9es","publisher":{"@id":"https:\/\/janze-athletisme.fr\/wordpress\/#organization"},"potentialAction":[{"@type":"SearchAction","target":{"@type":"EntryPoint","urlTemplate":"https:\/\/janze-athletisme.fr\/wordpress\/?s={search_term_string}"},"query-input":{"@type":"PropertyValueSpecification","valueRequired":true,"valueName":"search_term_string"}}],"inLanguage":"fr-FR"},{"@type":"Organization","@id":"https:\/\/janze-athletisme.fr\/wordpress\/#organization","name":"Janz\u00e9 Athl\u00e9tisme","url":"https:\/\/janze-athletisme.fr\/wordpress\/","logo":{"@type":"ImageObject","inLanguage":"fr-FR","@id":"https:\/\/janze-athletisme.fr\/wordpress\/#\/schema\/logo\/image\/","url":"https:\/\/janze-athletisme.fr\/wordpress\/wp-content\/uploads\/2015\/03\/logo-full1.jpg","contentUrl":"https:\/\/janze-athletisme.fr\/wordpress\/wp-content\/uploads\/2015\/03\/logo-full1.jpg","width":437,"height":205,"caption":"Janz\u00e9 Athl\u00e9tisme"},"image":{"@id":"https:\/\/janze-athletisme.fr\/wordpress\/#\/schema\/logo\/image\/"},"sameAs":["https:\/\/www.facebook.com\/groups\/1007964579346590"]},{"@type":"Person","@id":"https:\/\/janze-athletisme.fr\/wordpress\/#\/schema\/person\/c7b063dcfa6234c041d4d9b26cc2ea03","name":"Laurent Meunier","image":{"@type":"ImageObject","inLanguage":"fr-FR","@id":"https:\/\/secure.gravatar.com\/avatar\/dd25d581ad7c3349090f2fa6a9adb6bfa287e6a5dd8a5216a092727cd8749034?s=96&d=mm&r=g","url":"https:\/\/secure.gravatar.com\/avatar\/dd25d581ad7c3349090f2fa6a9adb6bfa287e6a5dd8a5216a092727cd8749034?s=96&d=mm&r=g","contentUrl":"https:\/\/secure.gravatar.com\/avatar\/dd25d581ad7c3349090f2fa6a9adb6bfa287e6a5dd8a5216a092727cd8749034?s=96&d=mm&r=g","caption":"Laurent Meunier"},"url":"https:\/\/janze-athletisme.fr\/wordpress\/author\/laurent-meunier35\/"}]}},"uagb_featured_image_src":{"full":["https:\/\/janze-athletisme.fr\/wordpress\/wp-content\/uploads\/2025\/03\/DSC_3713.jpg",1201,1200,false],"thumbnail":["https:\/\/janze-athletisme.fr\/wordpress\/wp-content\/uploads\/2025\/03\/DSC_3713-150x150.jpg",150,150,true],"medium":["https:\/\/janze-athletisme.fr\/wordpress\/wp-content\/uploads\/2025\/03\/DSC_3713-300x300.jpg",300,300,true],"medium_large":["https:\/\/janze-athletisme.fr\/wordpress\/wp-content\/uploads\/2025\/03\/DSC_3713-768x767.jpg",768,767,true],"large":["https:\/\/janze-athletisme.fr\/wordpress\/wp-content\/uploads\/2025\/03\/DSC_3713-1024x1024.jpg",1024,1024,true],"1536x1536":["https:\/\/janze-athletisme.fr\/wordpress\/wp-content\/uploads\/2025\/03\/DSC_3713.jpg",1201,1200,false],"2048x2048":["https:\/\/janze-athletisme.fr\/wordpress\/wp-content\/uploads\/2025\/03\/DSC_3713.jpg",1201,1200,false]},"uagb_author_info":{"display_name":"Laurent Meunier","author_link":"https:\/\/janze-athletisme.fr\/wordpress\/author\/laurent-meunier35\/"},"uagb_comment_info":0,"uagb_excerpt":"Voici l&rsquo;article du site de la Ligue qui revient sur le r\u00e9sultat des Bretons et Bretonnes aux championnats de France de cross. L&rsquo;EAC est concern\u00e9e par deux mentions. Ce n&rsquo;est pas tous les jours qu&rsquo;on peut faire ce petit clin d\u2019\u0153il&#8230; Bon, ce n&rsquo;est pas encore une mention dans les course \u00c9lites, mais c&rsquo;est d\u00e9j\u00e0\u2026","_links":{"self":[{"href":"https:\/\/janze-athletisme.fr\/wordpress\/wp-json\/wp\/v2\/posts\/23955","targetHints":{"allow":["GET"]}}],"collection":[{"href":"https:\/\/janze-athletisme.fr\/wordpress\/wp-json\/wp\/v2\/posts"}],"about":[{"href":"https:\/\/janze-athletisme.fr\/wordpress\/wp-json\/wp\/v2\/types\/post"}],"author":[{"embeddable":true,"href":"https:\/\/janze-athletisme.fr\/wordpress\/wp-json\/wp\/v2\/users\/12"}],"replies":[{"embeddable":true,"href":"https:\/\/janze-athletisme.fr\/wordpress\/wp-json\/wp\/v2\/comments?post=23955"}],"version-history":[{"count":3,"href":"https:\/\/janze-athletisme.fr\/wordpress\/wp-json\/wp\/v2\/posts\/23955\/revisions"}],"predecessor-version":[{"id":23959,"href":"https:\/\/janze-athletisme.fr\/wordpress\/wp-json\/wp\/v2\/posts\/23955\/revisions\/23959"}],"wp:featuredmedia":[{"embeddable":true,"href":"https:\/\/janze-athletisme.fr\/wordpress\/wp-json\/wp\/v2\/media\/23956"}],"wp:attachment":[{"href":"https:\/\/janze-athletisme.fr\/wordpress\/wp-json\/wp\/v2\/media?parent=23955"}],"wp:term":[{"taxonomy":"category","embeddable":true,"href":"https:\/\/janze-athletisme.fr\/wordpress\/wp-json\/wp\/v2\/categories?post=23955"},{"taxonomy":"post_tag","embeddable":true,"href":"https:\/\/janze-athletisme.fr\/wordpress\/wp-json\/wp\/v2\/tags?post=23955"}],"curies":[{"name":"wp","href":"https:\/\/api.w.org\/{rel}","templated":true}]}}