{"id":23950,"date":"2025-03-04T22:50:14","date_gmt":"2025-03-04T21:50:14","guid":{"rendered":"https:\/\/janze-athletisme.fr\/wordpress\/?p=23950"},"modified":"2025-03-04T22:52:00","modified_gmt":"2025-03-04T21:52:00","slug":"lea-justine-et-esteban-selectionnes-par-la-ligue","status":"publish","type":"post","link":"https:\/\/janze-athletisme.fr\/wordpress\/lea-justine-et-esteban-selectionnes-par-la-ligue\/","title":{"rendered":"L\u00e9a, Justine et Esteban s\u00e9lectionn\u00e9s par la Ligue !"},"content":{"rendered":"<h3>Match Inter-Ligues Minimes en salle &amp; Lancers longs, Val de Reuil, dimanche 16 mars<\/h3>\n<p><em><strong>Mathieu<\/strong> Henry l&rsquo;esp\u00e9rait (<a href=\"https:\/\/janze-athletisme.fr\/wordpress\/bzh-indoor-u16-les-photos\/\">ICI<\/a>). C&rsquo;est confirm\u00e9. <strong>L\u00e9a<\/strong> Th\u00e9odin \u00e0 la hauteur, <strong>Justine<\/strong> Bourgault au triple saut et <strong>Esteban<\/strong> Fleury au javelot sont s\u00e9lectionn\u00e9s par la Ligue de Bretagne pour participer au match Inter-Ligues minimes du 16 mars prochain, \u00e0 Val de Reuil.<\/em><\/p>\n<p><em>Apr\u00e8s Rose Mah\u00e9, s\u00e9lectionn\u00e9e pour les France de cross \u00e0 Challans, c&rsquo;est une nouvelle reconnaissance pour l&rsquo;EAC, leurs \u00e9quipes de jeunes et leurs entra\u00eeneurs. Bravo !<\/em><\/p>\n<p><a href=\"https:\/\/nextcloud.bretagneathletisme.com\/nextcloud\/index.php\/s\/gYPpRCxc3xgFKGP\">La s\u00e9lection BZH 2025<\/a><\/p>\n<p><span style=\"font-size: 14pt\"><strong>Au programme<\/strong><\/span><\/p>\n<p><u>Minimes F\u00e9minines<\/u> : 50m \u2013 50m haies \u2013 1000m \u2013 3000m marche \u2013 Longueur \u2013 Triple saut \u2013 Hauteur \u2013 Perche \u2013 Poids \u2013 \u00c9preuves-combin\u00e9es \u2013 Relais 4x1tour- Javelot \u2013 Marteau &#8211; Disque<\/p>\n<p><u>Minimes Masculins<\/u> : 50m \u2013 50m haies \u2013 1000m \u2013 3000m marche \u2013 Longueur \u2013 Triple saut \u2013 Hauteur \u2013 Perche \u2013 Poids \u2013 \u00c9preuves-combin\u00e9es \u2013 Relais 4x1tour &#8211; Javelot \u2013 Marteau &#8211; Disque<\/p>\n<p>Un relais d\u2019ambiance 8 x 200 (4 gar\u00e7ons et 4 filles) sera \u00e9galement propos\u00e9 en fin de programme, comptant hors classement.<\/p>\n<p><em>Le classement se fera sur les performances de deux athl\u00e8tes par \u00e9preuve. Il y aura donc deux athl\u00e8tes de la Ligue par \u00e9preuve. Le rassemblement d\u00e9butera le 15 mars.<\/em><\/p>\n<p><strong>Pour en savoir plus, c&rsquo;est <a href=\"https:\/\/www.bretagneathle.com\/performance\/selections-bzh\">ICI<\/a>.<\/strong><\/p>\n","protected":false},"excerpt":{"rendered":"<p>Match Inter-Ligues Minimes en salle &amp; Lancers longs, Val de Reuil, dimanche 16 mars Mathieu Henry l&rsquo;esp\u00e9rait (ICI). C&rsquo;est confirm\u00e9. L\u00e9a Th\u00e9odin \u00e0 la hauteur, Justine Bourgault au triple saut et Esteban Fleury au javelot sont s\u00e9lectionn\u00e9s par la Ligue de Bretagne pour participer au match Inter-Ligues minimes du 16 mars prochain, \u00e0 Val de [&hellip;]<\/p>\n","protected":false},"author":12,"featured_media":23948,"comment_status":"open","ping_status":"open","sticky":false,"template":"","format":"aside","meta":{"_uag_custom_page_level_css":"","site-sidebar-layout":"default","site-content-layout":"","ast-site-content-layout":"default","site-content-style":"default","site-sidebar-style":"default","ast-global-header-display":"","ast-banner-title-visibility":"","ast-main-header-display":"","ast-hfb-above-header-display":"","ast-hfb-below-header-display":"","ast-hfb-mobile-header-display":"","site-post-title":"","ast-breadcrumbs-content":"","ast-featured-img":"","footer-sml-layout":"","ast-disable-related-posts":"","theme-transparent-header-meta":"default","adv-header-id-meta":"","stick-header-meta":"","header-above-stick-meta":"","header-main-stick-meta":"","header-below-stick-meta":"","astra-migrate-meta-layouts":"set","ast-page-background-enabled":"default","ast-page-background-meta":{"desktop":{"background-color":"var(--ast-global-color-4)","background-image":"","background-repeat":"repeat","background-position":"center center","background-size":"auto","background-attachment":"scroll","background-type":"","background-media":"","overlay-type":"","overlay-color":"","overlay-opacity":"","overlay-gradient":""},"tablet":{"background-color":"","background-image":"","background-repeat":"repeat","background-position":"center center","background-size":"auto","background-attachment":"scroll","background-type":"","background-media":"","overlay-type":"","overlay-color":"","overlay-opacity":"","overlay-gradient":""},"mobile":{"background-color":"","background-image":"","background-repeat":"repeat","background-position":"center center","background-size":"auto","background-attachment":"scroll","background-type":"","background-media":"","overlay-type":"","overlay-color":"","overlay-opacity":"","overlay-gradient":""}},"ast-content-background-meta":{"desktop":{"background-color":"var(--ast-global-color-5)","background-image":"","background-repeat":"repeat","background-position":"center center","background-size":"auto","background-attachment":"scroll","background-type":"","background-media":"","overlay-type":"","overlay-color":"","overlay-opacity":"","overlay-gradient":""},"tablet":{"background-color":"var(--ast-global-color-5)","background-image":"","background-repeat":"repeat","background-position":"center center","background-size":"auto","background-attachment":"scroll","background-type":"","background-media":"","overlay-type":"","overlay-color":"","overlay-opacity":"","overlay-gradient":""},"mobile":{"background-color":"var(--ast-global-color-5)","background-image":"","background-repeat":"repeat","background-position":"center center","background-size":"auto","background-attachment":"scroll","background-type":"","background-media":"","overlay-type":"","overlay-color":"","overlay-opacity":"","overlay-gradient":""}},"footnotes":""},"categories":[6],"tags":[],"class_list":["post-23950","post","type-post","status-publish","format-aside","has-post-thumbnail","hentry","category-sections","post_format-post-format-aside"],"yoast_head":"<!-- This site is optimized with the Yoast SEO plugin v27.4 - https:\/\/yoast.com\/product\/yoast-seo-wordpress\/ -->\n<title>L\u00e9a, Justine et Esteban s\u00e9lectionn\u00e9s par la Ligue ! - Janz\u00e9 Athl\u00e9tisme<\/title>\n<meta name=\"robots\" content=\"index, follow, max-snippet:-1, max-image-preview:large, max-video-preview:-1\" \/>\n<link rel=\"canonical\" href=\"https:\/\/janze-athletisme.fr\/wordpress\/lea-justine-et-esteban-selectionnes-par-la-ligue\/\" \/>\n<meta property=\"og:locale\" content=\"fr_FR\" \/>\n<meta property=\"og:type\" content=\"article\" \/>\n<meta property=\"og:title\" content=\"L\u00e9a, Justine et Esteban s\u00e9lectionn\u00e9s par la Ligue ! - Janz\u00e9 Athl\u00e9tisme\" \/>\n<meta property=\"og:description\" content=\"Match Inter-Ligues Minimes en salle &amp; Lancers longs, Val de Reuil, dimanche 16 mars Mathieu Henry l&rsquo;esp\u00e9rait (ICI). C&rsquo;est confirm\u00e9. L\u00e9a Th\u00e9odin \u00e0 la hauteur, Justine Bourgault au triple saut et Esteban Fleury au javelot sont s\u00e9lectionn\u00e9s par la Ligue de Bretagne pour participer au match Inter-Ligues minimes du 16 mars prochain, \u00e0 Val de [&hellip;]\" \/>\n<meta property=\"og:url\" content=\"https:\/\/janze-athletisme.fr\/wordpress\/lea-justine-et-esteban-selectionnes-par-la-ligue\/\" \/>\n<meta property=\"og:site_name\" content=\"Janz\u00e9 Athl\u00e9tisme\" \/>\n<meta property=\"article:publisher\" content=\"https:\/\/www.facebook.com\/groups\/1007964579346590\" \/>\n<meta property=\"article:published_time\" content=\"2025-03-04T21:50:14+00:00\" \/>\n<meta property=\"article:modified_time\" content=\"2025-03-04T21:52:00+00:00\" \/>\n<meta property=\"og:image\" content=\"https:\/\/janze-athletisme.fr\/wordpress\/wp-content\/uploads\/2025\/03\/Visuel-ligue.jpg\" \/>\n\t<meta property=\"og:image:width\" content=\"266\" \/>\n\t<meta property=\"og:image:height\" content=\"236\" \/>\n\t<meta property=\"og:image:type\" content=\"image\/jpeg\" \/>\n<meta name=\"author\" content=\"Laurent Meunier\" \/>\n<meta name=\"twitter:card\" content=\"summary_large_image\" \/>\n<meta name=\"twitter:label1\" content=\"\u00c9crit par\" \/>\n\t<meta name=\"twitter:data1\" content=\"Laurent Meunier\" \/>\n\t<meta name=\"twitter:label2\" content=\"Dur\u00e9e de lecture estim\u00e9e\" \/>\n\t<meta name=\"twitter:data2\" content=\"2 minutes\" \/>\n<script type=\"application\/ld+json\" class=\"yoast-schema-graph\">{\"@context\":\"https:\\\/\\\/schema.org\",\"@graph\":[{\"@type\":\"Article\",\"@id\":\"https:\\\/\\\/janze-athletisme.fr\\\/wordpress\\\/lea-justine-et-esteban-selectionnes-par-la-ligue\\\/#article\",\"isPartOf\":{\"@id\":\"https:\\\/\\\/janze-athletisme.fr\\\/wordpress\\\/lea-justine-et-esteban-selectionnes-par-la-ligue\\\/\"},\"author\":{\"name\":\"Laurent Meunier\",\"@id\":\"https:\\\/\\\/janze-athletisme.fr\\\/wordpress\\\/#\\\/schema\\\/person\\\/c7b063dcfa6234c041d4d9b26cc2ea03\"},\"headline\":\"L\u00e9a, Justine et Esteban s\u00e9lectionn\u00e9s par la Ligue !\",\"datePublished\":\"2025-03-04T21:50:14+00:00\",\"dateModified\":\"2025-03-04T21:52:00+00:00\",\"mainEntityOfPage\":{\"@id\":\"https:\\\/\\\/janze-athletisme.fr\\\/wordpress\\\/lea-justine-et-esteban-selectionnes-par-la-ligue\\\/\"},\"wordCount\":211,\"commentCount\":0,\"publisher\":{\"@id\":\"https:\\\/\\\/janze-athletisme.fr\\\/wordpress\\\/#organization\"},\"image\":{\"@id\":\"https:\\\/\\\/janze-athletisme.fr\\\/wordpress\\\/lea-justine-et-esteban-selectionnes-par-la-ligue\\\/#primaryimage\"},\"thumbnailUrl\":\"https:\\\/\\\/janze-athletisme.fr\\\/wordpress\\\/wp-content\\\/uploads\\\/2025\\\/03\\\/Visuel-ligue.jpg\",\"articleSection\":[\"Le club au jour le jour\"],\"inLanguage\":\"fr-FR\",\"potentialAction\":[{\"@type\":\"CommentAction\",\"name\":\"Comment\",\"target\":[\"https:\\\/\\\/janze-athletisme.fr\\\/wordpress\\\/lea-justine-et-esteban-selectionnes-par-la-ligue\\\/#respond\"]}]},{\"@type\":\"WebPage\",\"@id\":\"https:\\\/\\\/janze-athletisme.fr\\\/wordpress\\\/lea-justine-et-esteban-selectionnes-par-la-ligue\\\/\",\"url\":\"https:\\\/\\\/janze-athletisme.fr\\\/wordpress\\\/lea-justine-et-esteban-selectionnes-par-la-ligue\\\/\",\"name\":\"L\u00e9a, Justine et Esteban s\u00e9lectionn\u00e9s par la Ligue ! - Janz\u00e9 Athl\u00e9tisme\",\"isPartOf\":{\"@id\":\"https:\\\/\\\/janze-athletisme.fr\\\/wordpress\\\/#website\"},\"primaryImageOfPage\":{\"@id\":\"https:\\\/\\\/janze-athletisme.fr\\\/wordpress\\\/lea-justine-et-esteban-selectionnes-par-la-ligue\\\/#primaryimage\"},\"image\":{\"@id\":\"https:\\\/\\\/janze-athletisme.fr\\\/wordpress\\\/lea-justine-et-esteban-selectionnes-par-la-ligue\\\/#primaryimage\"},\"thumbnailUrl\":\"https:\\\/\\\/janze-athletisme.fr\\\/wordpress\\\/wp-content\\\/uploads\\\/2025\\\/03\\\/Visuel-ligue.jpg\",\"datePublished\":\"2025-03-04T21:50:14+00:00\",\"dateModified\":\"2025-03-04T21:52:00+00:00\",\"breadcrumb\":{\"@id\":\"https:\\\/\\\/janze-athletisme.fr\\\/wordpress\\\/lea-justine-et-esteban-selectionnes-par-la-ligue\\\/#breadcrumb\"},\"inLanguage\":\"fr-FR\",\"potentialAction\":[{\"@type\":\"ReadAction\",\"target\":[\"https:\\\/\\\/janze-athletisme.fr\\\/wordpress\\\/lea-justine-et-esteban-selectionnes-par-la-ligue\\\/\"]}]},{\"@type\":\"ImageObject\",\"inLanguage\":\"fr-FR\",\"@id\":\"https:\\\/\\\/janze-athletisme.fr\\\/wordpress\\\/lea-justine-et-esteban-selectionnes-par-la-ligue\\\/#primaryimage\",\"url\":\"https:\\\/\\\/janze-athletisme.fr\\\/wordpress\\\/wp-content\\\/uploads\\\/2025\\\/03\\\/Visuel-ligue.jpg\",\"contentUrl\":\"https:\\\/\\\/janze-athletisme.fr\\\/wordpress\\\/wp-content\\\/uploads\\\/2025\\\/03\\\/Visuel-ligue.jpg\",\"width\":266,\"height\":236},{\"@type\":\"BreadcrumbList\",\"@id\":\"https:\\\/\\\/janze-athletisme.fr\\\/wordpress\\\/lea-justine-et-esteban-selectionnes-par-la-ligue\\\/#breadcrumb\",\"itemListElement\":[{\"@type\":\"ListItem\",\"position\":1,\"name\":\"Accueil\",\"item\":\"https:\\\/\\\/janze-athletisme.fr\\\/wordpress\\\/\"},{\"@type\":\"ListItem\",\"position\":2,\"name\":\"L\u00e9a, Justine et Esteban s\u00e9lectionn\u00e9s par la Ligue !\"}]},{\"@type\":\"WebSite\",\"@id\":\"https:\\\/\\\/janze-athletisme.fr\\\/wordpress\\\/#website\",\"url\":\"https:\\\/\\\/janze-athletisme.fr\\\/wordpress\\\/\",\"name\":\"Janz\u00e9 Athl\u00e9tisme\",\"description\":\"Pays de La Roche aux F\u00e9es\",\"publisher\":{\"@id\":\"https:\\\/\\\/janze-athletisme.fr\\\/wordpress\\\/#organization\"},\"potentialAction\":[{\"@type\":\"SearchAction\",\"target\":{\"@type\":\"EntryPoint\",\"urlTemplate\":\"https:\\\/\\\/janze-athletisme.fr\\\/wordpress\\\/?s={search_term_string}\"},\"query-input\":{\"@type\":\"PropertyValueSpecification\",\"valueRequired\":true,\"valueName\":\"search_term_string\"}}],\"inLanguage\":\"fr-FR\"},{\"@type\":\"Organization\",\"@id\":\"https:\\\/\\\/janze-athletisme.fr\\\/wordpress\\\/#organization\",\"name\":\"Janz\u00e9 Athl\u00e9tisme\",\"url\":\"https:\\\/\\\/janze-athletisme.fr\\\/wordpress\\\/\",\"logo\":{\"@type\":\"ImageObject\",\"inLanguage\":\"fr-FR\",\"@id\":\"https:\\\/\\\/janze-athletisme.fr\\\/wordpress\\\/#\\\/schema\\\/logo\\\/image\\\/\",\"url\":\"https:\\\/\\\/janze-athletisme.fr\\\/wordpress\\\/wp-content\\\/uploads\\\/2015\\\/03\\\/logo-full1.jpg\",\"contentUrl\":\"https:\\\/\\\/janze-athletisme.fr\\\/wordpress\\\/wp-content\\\/uploads\\\/2015\\\/03\\\/logo-full1.jpg\",\"width\":437,\"height\":205,\"caption\":\"Janz\u00e9 Athl\u00e9tisme\"},\"image\":{\"@id\":\"https:\\\/\\\/janze-athletisme.fr\\\/wordpress\\\/#\\\/schema\\\/logo\\\/image\\\/\"},\"sameAs\":[\"https:\\\/\\\/www.facebook.com\\\/groups\\\/1007964579346590\"]},{\"@type\":\"Person\",\"@id\":\"https:\\\/\\\/janze-athletisme.fr\\\/wordpress\\\/#\\\/schema\\\/person\\\/c7b063dcfa6234c041d4d9b26cc2ea03\",\"name\":\"Laurent Meunier\",\"image\":{\"@type\":\"ImageObject\",\"inLanguage\":\"fr-FR\",\"@id\":\"https:\\\/\\\/secure.gravatar.com\\\/avatar\\\/dd25d581ad7c3349090f2fa6a9adb6bfa287e6a5dd8a5216a092727cd8749034?s=96&d=mm&r=g\",\"url\":\"https:\\\/\\\/secure.gravatar.com\\\/avatar\\\/dd25d581ad7c3349090f2fa6a9adb6bfa287e6a5dd8a5216a092727cd8749034?s=96&d=mm&r=g\",\"contentUrl\":\"https:\\\/\\\/secure.gravatar.com\\\/avatar\\\/dd25d581ad7c3349090f2fa6a9adb6bfa287e6a5dd8a5216a092727cd8749034?s=96&d=mm&r=g\",\"caption\":\"Laurent Meunier\"},\"url\":\"https:\\\/\\\/janze-athletisme.fr\\\/wordpress\\\/author\\\/laurent-meunier35\\\/\"}]}<\/script>\n<!-- \/ Yoast SEO plugin. -->","yoast_head_json":{"title":"L\u00e9a, Justine et Esteban s\u00e9lectionn\u00e9s par la Ligue ! - Janz\u00e9 Athl\u00e9tisme","robots":{"index":"index","follow":"follow","max-snippet":"max-snippet:-1","max-image-preview":"max-image-preview:large","max-video-preview":"max-video-preview:-1"},"canonical":"https:\/\/janze-athletisme.fr\/wordpress\/lea-justine-et-esteban-selectionnes-par-la-ligue\/","og_locale":"fr_FR","og_type":"article","og_title":"L\u00e9a, Justine et Esteban s\u00e9lectionn\u00e9s par la Ligue ! - Janz\u00e9 Athl\u00e9tisme","og_description":"Match Inter-Ligues Minimes en salle &amp; Lancers longs, Val de Reuil, dimanche 16 mars Mathieu Henry l&rsquo;esp\u00e9rait (ICI). C&rsquo;est confirm\u00e9. L\u00e9a Th\u00e9odin \u00e0 la hauteur, Justine Bourgault au triple saut et Esteban Fleury au javelot sont s\u00e9lectionn\u00e9s par la Ligue de Bretagne pour participer au match Inter-Ligues minimes du 16 mars prochain, \u00e0 Val de [&hellip;]","og_url":"https:\/\/janze-athletisme.fr\/wordpress\/lea-justine-et-esteban-selectionnes-par-la-ligue\/","og_site_name":"Janz\u00e9 Athl\u00e9tisme","article_publisher":"https:\/\/www.facebook.com\/groups\/1007964579346590","article_published_time":"2025-03-04T21:50:14+00:00","article_modified_time":"2025-03-04T21:52:00+00:00","og_image":[{"width":266,"height":236,"url":"https:\/\/janze-athletisme.fr\/wordpress\/wp-content\/uploads\/2025\/03\/Visuel-ligue.jpg","type":"image\/jpeg"}],"author":"Laurent Meunier","twitter_card":"summary_large_image","twitter_misc":{"\u00c9crit par":"Laurent Meunier","Dur\u00e9e de lecture estim\u00e9e":"2 minutes"},"schema":{"@context":"https:\/\/schema.org","@graph":[{"@type":"Article","@id":"https:\/\/janze-athletisme.fr\/wordpress\/lea-justine-et-esteban-selectionnes-par-la-ligue\/#article","isPartOf":{"@id":"https:\/\/janze-athletisme.fr\/wordpress\/lea-justine-et-esteban-selectionnes-par-la-ligue\/"},"author":{"name":"Laurent Meunier","@id":"https:\/\/janze-athletisme.fr\/wordpress\/#\/schema\/person\/c7b063dcfa6234c041d4d9b26cc2ea03"},"headline":"L\u00e9a, Justine et Esteban s\u00e9lectionn\u00e9s par la Ligue !","datePublished":"2025-03-04T21:50:14+00:00","dateModified":"2025-03-04T21:52:00+00:00","mainEntityOfPage":{"@id":"https:\/\/janze-athletisme.fr\/wordpress\/lea-justine-et-esteban-selectionnes-par-la-ligue\/"},"wordCount":211,"commentCount":0,"publisher":{"@id":"https:\/\/janze-athletisme.fr\/wordpress\/#organization"},"image":{"@id":"https:\/\/janze-athletisme.fr\/wordpress\/lea-justine-et-esteban-selectionnes-par-la-ligue\/#primaryimage"},"thumbnailUrl":"https:\/\/janze-athletisme.fr\/wordpress\/wp-content\/uploads\/2025\/03\/Visuel-ligue.jpg","articleSection":["Le club au jour le jour"],"inLanguage":"fr-FR","potentialAction":[{"@type":"CommentAction","name":"Comment","target":["https:\/\/janze-athletisme.fr\/wordpress\/lea-justine-et-esteban-selectionnes-par-la-ligue\/#respond"]}]},{"@type":"WebPage","@id":"https:\/\/janze-athletisme.fr\/wordpress\/lea-justine-et-esteban-selectionnes-par-la-ligue\/","url":"https:\/\/janze-athletisme.fr\/wordpress\/lea-justine-et-esteban-selectionnes-par-la-ligue\/","name":"L\u00e9a, Justine et Esteban s\u00e9lectionn\u00e9s par la Ligue ! - Janz\u00e9 Athl\u00e9tisme","isPartOf":{"@id":"https:\/\/janze-athletisme.fr\/wordpress\/#website"},"primaryImageOfPage":{"@id":"https:\/\/janze-athletisme.fr\/wordpress\/lea-justine-et-esteban-selectionnes-par-la-ligue\/#primaryimage"},"image":{"@id":"https:\/\/janze-athletisme.fr\/wordpress\/lea-justine-et-esteban-selectionnes-par-la-ligue\/#primaryimage"},"thumbnailUrl":"https:\/\/janze-athletisme.fr\/wordpress\/wp-content\/uploads\/2025\/03\/Visuel-ligue.jpg","datePublished":"2025-03-04T21:50:14+00:00","dateModified":"2025-03-04T21:52:00+00:00","breadcrumb":{"@id":"https:\/\/janze-athletisme.fr\/wordpress\/lea-justine-et-esteban-selectionnes-par-la-ligue\/#breadcrumb"},"inLanguage":"fr-FR","potentialAction":[{"@type":"ReadAction","target":["https:\/\/janze-athletisme.fr\/wordpress\/lea-justine-et-esteban-selectionnes-par-la-ligue\/"]}]},{"@type":"ImageObject","inLanguage":"fr-FR","@id":"https:\/\/janze-athletisme.fr\/wordpress\/lea-justine-et-esteban-selectionnes-par-la-ligue\/#primaryimage","url":"https:\/\/janze-athletisme.fr\/wordpress\/wp-content\/uploads\/2025\/03\/Visuel-ligue.jpg","contentUrl":"https:\/\/janze-athletisme.fr\/wordpress\/wp-content\/uploads\/2025\/03\/Visuel-ligue.jpg","width":266,"height":236},{"@type":"BreadcrumbList","@id":"https:\/\/janze-athletisme.fr\/wordpress\/lea-justine-et-esteban-selectionnes-par-la-ligue\/#breadcrumb","itemListElement":[{"@type":"ListItem","position":1,"name":"Accueil","item":"https:\/\/janze-athletisme.fr\/wordpress\/"},{"@type":"ListItem","position":2,"name":"L\u00e9a, Justine et Esteban s\u00e9lectionn\u00e9s par la Ligue !"}]},{"@type":"WebSite","@id":"https:\/\/janze-athletisme.fr\/wordpress\/#website","url":"https:\/\/janze-athletisme.fr\/wordpress\/","name":"Janz\u00e9 Athl\u00e9tisme","description":"Pays de La Roche aux F\u00e9es","publisher":{"@id":"https:\/\/janze-athletisme.fr\/wordpress\/#organization"},"potentialAction":[{"@type":"SearchAction","target":{"@type":"EntryPoint","urlTemplate":"https:\/\/janze-athletisme.fr\/wordpress\/?s={search_term_string}"},"query-input":{"@type":"PropertyValueSpecification","valueRequired":true,"valueName":"search_term_string"}}],"inLanguage":"fr-FR"},{"@type":"Organization","@id":"https:\/\/janze-athletisme.fr\/wordpress\/#organization","name":"Janz\u00e9 Athl\u00e9tisme","url":"https:\/\/janze-athletisme.fr\/wordpress\/","logo":{"@type":"ImageObject","inLanguage":"fr-FR","@id":"https:\/\/janze-athletisme.fr\/wordpress\/#\/schema\/logo\/image\/","url":"https:\/\/janze-athletisme.fr\/wordpress\/wp-content\/uploads\/2015\/03\/logo-full1.jpg","contentUrl":"https:\/\/janze-athletisme.fr\/wordpress\/wp-content\/uploads\/2015\/03\/logo-full1.jpg","width":437,"height":205,"caption":"Janz\u00e9 Athl\u00e9tisme"},"image":{"@id":"https:\/\/janze-athletisme.fr\/wordpress\/#\/schema\/logo\/image\/"},"sameAs":["https:\/\/www.facebook.com\/groups\/1007964579346590"]},{"@type":"Person","@id":"https:\/\/janze-athletisme.fr\/wordpress\/#\/schema\/person\/c7b063dcfa6234c041d4d9b26cc2ea03","name":"Laurent Meunier","image":{"@type":"ImageObject","inLanguage":"fr-FR","@id":"https:\/\/secure.gravatar.com\/avatar\/dd25d581ad7c3349090f2fa6a9adb6bfa287e6a5dd8a5216a092727cd8749034?s=96&d=mm&r=g","url":"https:\/\/secure.gravatar.com\/avatar\/dd25d581ad7c3349090f2fa6a9adb6bfa287e6a5dd8a5216a092727cd8749034?s=96&d=mm&r=g","contentUrl":"https:\/\/secure.gravatar.com\/avatar\/dd25d581ad7c3349090f2fa6a9adb6bfa287e6a5dd8a5216a092727cd8749034?s=96&d=mm&r=g","caption":"Laurent Meunier"},"url":"https:\/\/janze-athletisme.fr\/wordpress\/author\/laurent-meunier35\/"}]}},"uagb_featured_image_src":{"full":["https:\/\/janze-athletisme.fr\/wordpress\/wp-content\/uploads\/2025\/03\/Visuel-ligue.jpg",266,236,false],"thumbnail":["https:\/\/janze-athletisme.fr\/wordpress\/wp-content\/uploads\/2025\/03\/Visuel-ligue-150x150.jpg",150,150,true],"medium":["https:\/\/janze-athletisme.fr\/wordpress\/wp-content\/uploads\/2025\/03\/Visuel-ligue.jpg",266,236,false],"medium_large":["https:\/\/janze-athletisme.fr\/wordpress\/wp-content\/uploads\/2025\/03\/Visuel-ligue.jpg",266,236,false],"large":["https:\/\/janze-athletisme.fr\/wordpress\/wp-content\/uploads\/2025\/03\/Visuel-ligue.jpg",266,236,false],"1536x1536":["https:\/\/janze-athletisme.fr\/wordpress\/wp-content\/uploads\/2025\/03\/Visuel-ligue.jpg",266,236,false],"2048x2048":["https:\/\/janze-athletisme.fr\/wordpress\/wp-content\/uploads\/2025\/03\/Visuel-ligue.jpg",266,236,false]},"uagb_author_info":{"display_name":"Laurent Meunier","author_link":"https:\/\/janze-athletisme.fr\/wordpress\/author\/laurent-meunier35\/"},"uagb_comment_info":0,"uagb_excerpt":"Match Inter-Ligues Minimes en salle &amp; Lancers longs, Val de Reuil, dimanche 16 mars Mathieu Henry l&rsquo;esp\u00e9rait (ICI). C&rsquo;est confirm\u00e9. L\u00e9a Th\u00e9odin \u00e0 la hauteur, Justine Bourgault au triple saut et Esteban Fleury au javelot sont s\u00e9lectionn\u00e9s par la Ligue de Bretagne pour participer au match Inter-Ligues minimes du 16 mars prochain, \u00e0 Val de\u2026","_links":{"self":[{"href":"https:\/\/janze-athletisme.fr\/wordpress\/wp-json\/wp\/v2\/posts\/23950","targetHints":{"allow":["GET"]}}],"collection":[{"href":"https:\/\/janze-athletisme.fr\/wordpress\/wp-json\/wp\/v2\/posts"}],"about":[{"href":"https:\/\/janze-athletisme.fr\/wordpress\/wp-json\/wp\/v2\/types\/post"}],"author":[{"embeddable":true,"href":"https:\/\/janze-athletisme.fr\/wordpress\/wp-json\/wp\/v2\/users\/12"}],"replies":[{"embeddable":true,"href":"https:\/\/janze-athletisme.fr\/wordpress\/wp-json\/wp\/v2\/comments?post=23950"}],"version-history":[{"count":4,"href":"https:\/\/janze-athletisme.fr\/wordpress\/wp-json\/wp\/v2\/posts\/23950\/revisions"}],"predecessor-version":[{"id":23954,"href":"https:\/\/janze-athletisme.fr\/wordpress\/wp-json\/wp\/v2\/posts\/23950\/revisions\/23954"}],"wp:featuredmedia":[{"embeddable":true,"href":"https:\/\/janze-athletisme.fr\/wordpress\/wp-json\/wp\/v2\/media\/23948"}],"wp:attachment":[{"href":"https:\/\/janze-athletisme.fr\/wordpress\/wp-json\/wp\/v2\/media?parent=23950"}],"wp:term":[{"taxonomy":"category","embeddable":true,"href":"https:\/\/janze-athletisme.fr\/wordpress\/wp-json\/wp\/v2\/categories?post=23950"},{"taxonomy":"post_tag","embeddable":true,"href":"https:\/\/janze-athletisme.fr\/wordpress\/wp-json\/wp\/v2\/tags?post=23950"}],"curies":[{"name":"wp","href":"https:\/\/api.w.org\/{rel}","templated":true}]}}