{"id":23883,"date":"2025-03-04T09:55:34","date_gmt":"2025-03-04T08:55:34","guid":{"rendered":"https:\/\/janze-athletisme.fr\/wordpress\/?p=23883"},"modified":"2025-03-04T23:08:30","modified_gmt":"2025-03-04T22:08:30","slug":"challans-la-rude-ecole-du-haut-niveau","status":"publish","type":"post","link":"https:\/\/janze-athletisme.fr\/wordpress\/challans-la-rude-ecole-du-haut-niveau\/","title":{"rendered":"Challans : la rude \u00e9cole du haut niveau"},"content":{"rendered":"<p><span style=\"font-size: 18pt\"><strong>Championnat de France de cross-country, Challans, dimanche 2 mars<\/strong><\/span><\/p>\n<p><em>Les pelotons \u00e9taient cons\u00e9quents (407 engag\u00e9es chez les cadettes, 406 chez les cadets, 365 chez les juniors filles, 354 dans le cross court f\u00e9minin, 449 dans le cross long masculin, 150 dans l&rsquo;inter-ligues minimes !) et le niveau, comme chaque ann\u00e9e aux France de cross, monstrueux.<\/em><\/p>\n<p><em>Dans ce contexte hyper relev\u00e9, nos athl\u00e8tes de l&rsquo;EAC ont encore de la peine \u00e0 se faire remarquer. L&rsquo;exp\u00e9rience est tr\u00e8s importante \u00e0 ce niveau, et on voit que ce sont nos athl\u00e8tes les plus exp\u00e9riment\u00e9s, Basile et Tiphanie, qui sont les plus proches de leurs standards. On ne va pas pour autant faire la fine bouche et on va saluer comme il se doit tous nos jeunes, qui se sont donn\u00e9s \u00e0 fond, pour certains brillamment et d&rsquo;autres en commen\u00e7ant \u00e0 ressentir une l\u00e9gitime fatigue de fin de saison.<\/em><\/p>\n<p><span style=\"font-size: 14pt\"><strong>Les r\u00e9sultats course par course<\/strong><\/span><\/p>\n<p><u>COUPE DE FRANCE MINIMES<\/u><\/p>\n<p>Rose Mah\u00e9 (Bain), comme sa grande s\u0153ur, a manqu\u00e9 un peu de fra\u00eecheur, et elle a \u00e9t\u00e9 \u00e0 la peine par rapport \u00e0 son niveau de Brest et Combourg, notamment sur la fin, o\u00f9 elle n&rsquo;a pas \u00e9t\u00e9 capable de reproduire les beaux finishs pr\u00e9c\u00e9dents. Elle reste n\u00e9anmoins une excellente 30<sup>e<\/sup> et, 4<sup>e<\/sup> de son \u00e9quipe, monte sur le podium avec l&rsquo;\u00e9quipe de Bretagne (2<sup>e<\/sup> \u00e9quipe mixte avec un classement sur les 6 premi\u00e8res filles et les 6 premiers gar\u00e7ons, \u00e0 quatre petits points de la victoire). Dans le classement filles, l&rsquo;\u00e9quipe est 4<sup>e<\/sup> (sur 19 ligues class\u00e9es), cette fois \u00e0 deux points du podium. Ce sera pour l&rsquo;an prochain, Rose n&rsquo;\u00e9tant que minime 1<sup>\u00e8re<\/sup> ann\u00e9e.<\/p>\n<p><a href=\"https:\/\/janze-athletisme.fr\/wordpress\/wp-content\/uploads\/2025\/03\/DSC_3686.jpg\"><img loading=\"lazy\" decoding=\"async\" class=\"alignnone wp-image-23884\" src=\"https:\/\/janze-athletisme.fr\/wordpress\/wp-content\/uploads\/2025\/03\/DSC_3686-300x200.jpg\" alt=\"\" width=\"250\" height=\"166\" srcset=\"https:\/\/janze-athletisme.fr\/wordpress\/wp-content\/uploads\/2025\/03\/DSC_3686-300x200.jpg 300w, https:\/\/janze-athletisme.fr\/wordpress\/wp-content\/uploads\/2025\/03\/DSC_3686-1024x683.jpg 1024w, https:\/\/janze-athletisme.fr\/wordpress\/wp-content\/uploads\/2025\/03\/DSC_3686-768x512.jpg 768w, https:\/\/janze-athletisme.fr\/wordpress\/wp-content\/uploads\/2025\/03\/DSC_3686-1536x1025.jpg 1536w, https:\/\/janze-athletisme.fr\/wordpress\/wp-content\/uploads\/2025\/03\/DSC_3686.jpg 1799w\" sizes=\"auto, (max-width: 250px) 100vw, 250px\" \/> <\/a><a href=\"https:\/\/janze-athletisme.fr\/wordpress\/wp-content\/uploads\/2025\/03\/DSC_3719.jpg\"><img loading=\"lazy\" decoding=\"async\" class=\"alignnone wp-image-23885\" src=\"https:\/\/janze-athletisme.fr\/wordpress\/wp-content\/uploads\/2025\/03\/DSC_3719-300x201.jpg\" alt=\"\" width=\"249\" height=\"167\" srcset=\"https:\/\/janze-athletisme.fr\/wordpress\/wp-content\/uploads\/2025\/03\/DSC_3719-300x201.jpg 300w, https:\/\/janze-athletisme.fr\/wordpress\/wp-content\/uploads\/2025\/03\/DSC_3719-1024x684.jpg 1024w, https:\/\/janze-athletisme.fr\/wordpress\/wp-content\/uploads\/2025\/03\/DSC_3719-768x513.jpg 768w, https:\/\/janze-athletisme.fr\/wordpress\/wp-content\/uploads\/2025\/03\/DSC_3719.jpg 1496w\" sizes=\"auto, (max-width: 249px) 100vw, 249px\" \/> <\/a><a href=\"https:\/\/janze-athletisme.fr\/wordpress\/wp-content\/uploads\/2025\/03\/DSC_3711.jpg\"><img loading=\"lazy\" decoding=\"async\" class=\"alignnone wp-image-23886\" src=\"https:\/\/janze-athletisme.fr\/wordpress\/wp-content\/uploads\/2025\/03\/DSC_3711-300x300.jpg\" alt=\"\" width=\"167\" height=\"167\" srcset=\"https:\/\/janze-athletisme.fr\/wordpress\/wp-content\/uploads\/2025\/03\/DSC_3711-300x300.jpg 300w, https:\/\/janze-athletisme.fr\/wordpress\/wp-content\/uploads\/2025\/03\/DSC_3711-1024x1024.jpg 1024w, https:\/\/janze-athletisme.fr\/wordpress\/wp-content\/uploads\/2025\/03\/DSC_3711-150x150.jpg 150w, https:\/\/janze-athletisme.fr\/wordpress\/wp-content\/uploads\/2025\/03\/DSC_3711-768x767.jpg 768w, https:\/\/janze-athletisme.fr\/wordpress\/wp-content\/uploads\/2025\/03\/DSC_3711.jpg 1201w\" sizes=\"auto, (max-width: 167px) 100vw, 167px\" \/><\/a><a href=\"https:\/\/janze-athletisme.fr\/wordpress\/wp-content\/uploads\/2025\/03\/DSC_3712.jpg\"> <img loading=\"lazy\" decoding=\"async\" class=\"alignnone wp-image-23887\" src=\"https:\/\/janze-athletisme.fr\/wordpress\/wp-content\/uploads\/2025\/03\/DSC_3712-201x300.jpg\" alt=\"\" width=\"113\" height=\"169\" srcset=\"https:\/\/janze-athletisme.fr\/wordpress\/wp-content\/uploads\/2025\/03\/DSC_3712-201x300.jpg 201w, https:\/\/janze-athletisme.fr\/wordpress\/wp-content\/uploads\/2025\/03\/DSC_3712-686x1024.jpg 686w, https:\/\/janze-athletisme.fr\/wordpress\/wp-content\/uploads\/2025\/03\/DSC_3712-768x1146.jpg 768w, https:\/\/janze-athletisme.fr\/wordpress\/wp-content\/uploads\/2025\/03\/DSC_3712-1029x1536.jpg 1029w, https:\/\/janze-athletisme.fr\/wordpress\/wp-content\/uploads\/2025\/03\/DSC_3712.jpg 1200w\" sizes=\"auto, (max-width: 113px) 100vw, 113px\" \/><\/a><\/p>\n<p><a href=\"https:\/\/janze-athletisme.fr\/wordpress\/wp-content\/uploads\/2025\/03\/DSC_3865.jpg\"><img loading=\"lazy\" decoding=\"async\" class=\"alignnone wp-image-23888\" src=\"https:\/\/janze-athletisme.fr\/wordpress\/wp-content\/uploads\/2025\/03\/DSC_3865-300x300.jpg\" alt=\"\" width=\"157\" height=\"157\" srcset=\"https:\/\/janze-athletisme.fr\/wordpress\/wp-content\/uploads\/2025\/03\/DSC_3865-300x300.jpg 300w, https:\/\/janze-athletisme.fr\/wordpress\/wp-content\/uploads\/2025\/03\/DSC_3865-1024x1024.jpg 1024w, https:\/\/janze-athletisme.fr\/wordpress\/wp-content\/uploads\/2025\/03\/DSC_3865-150x150.jpg 150w, https:\/\/janze-athletisme.fr\/wordpress\/wp-content\/uploads\/2025\/03\/DSC_3865-768x768.jpg 768w, https:\/\/janze-athletisme.fr\/wordpress\/wp-content\/uploads\/2025\/03\/DSC_3865.jpg 1200w\" sizes=\"auto, (max-width: 157px) 100vw, 157px\" \/><\/a> <a href=\"https:\/\/janze-athletisme.fr\/wordpress\/wp-content\/uploads\/2025\/03\/DSC_3877.jpg\"><img loading=\"lazy\" decoding=\"async\" class=\"alignnone wp-image-23889\" src=\"https:\/\/janze-athletisme.fr\/wordpress\/wp-content\/uploads\/2025\/03\/DSC_3877-300x200.jpg\" alt=\"\" width=\"236\" height=\"157\" srcset=\"https:\/\/janze-athletisme.fr\/wordpress\/wp-content\/uploads\/2025\/03\/DSC_3877-300x200.jpg 300w, https:\/\/janze-athletisme.fr\/wordpress\/wp-content\/uploads\/2025\/03\/DSC_3877-1024x683.jpg 1024w, https:\/\/janze-athletisme.fr\/wordpress\/wp-content\/uploads\/2025\/03\/DSC_3877-768x512.jpg 768w, https:\/\/janze-athletisme.fr\/wordpress\/wp-content\/uploads\/2025\/03\/DSC_3877.jpg 1500w\" sizes=\"auto, (max-width: 236px) 100vw, 236px\" \/><\/a> <a href=\"https:\/\/janze-athletisme.fr\/wordpress\/wp-content\/uploads\/2025\/03\/DSC_3882.jpg\"><img loading=\"lazy\" decoding=\"async\" class=\"alignnone wp-image-23890\" src=\"https:\/\/janze-athletisme.fr\/wordpress\/wp-content\/uploads\/2025\/03\/DSC_3882-300x200.jpg\" alt=\"\" width=\"206\" height=\"137\" srcset=\"https:\/\/janze-athletisme.fr\/wordpress\/wp-content\/uploads\/2025\/03\/DSC_3882-300x200.jpg 300w, https:\/\/janze-athletisme.fr\/wordpress\/wp-content\/uploads\/2025\/03\/DSC_3882-1024x683.jpg 1024w, https:\/\/janze-athletisme.fr\/wordpress\/wp-content\/uploads\/2025\/03\/DSC_3882-768x512.jpg 768w, https:\/\/janze-athletisme.fr\/wordpress\/wp-content\/uploads\/2025\/03\/DSC_3882.jpg 1500w\" sizes=\"auto, (max-width: 206px) 100vw, 206px\" \/><\/a> <a href=\"https:\/\/janze-athletisme.fr\/wordpress\/wp-content\/uploads\/2025\/03\/DSC_3883.jpg\"><img loading=\"lazy\" decoding=\"async\" class=\"alignnone wp-image-23891\" src=\"https:\/\/janze-athletisme.fr\/wordpress\/wp-content\/uploads\/2025\/03\/DSC_3883-300x200.jpg\" alt=\"\" width=\"179\" height=\"119\" srcset=\"https:\/\/janze-athletisme.fr\/wordpress\/wp-content\/uploads\/2025\/03\/DSC_3883-300x200.jpg 300w, https:\/\/janze-athletisme.fr\/wordpress\/wp-content\/uploads\/2025\/03\/DSC_3883-1024x684.jpg 1024w, https:\/\/janze-athletisme.fr\/wordpress\/wp-content\/uploads\/2025\/03\/DSC_3883-768x513.jpg 768w, https:\/\/janze-athletisme.fr\/wordpress\/wp-content\/uploads\/2025\/03\/DSC_3883.jpg 1498w\" sizes=\"auto, (max-width: 179px) 100vw, 179px\" \/><\/a><\/p>\n<p><u>CADETTES<\/u><\/p>\n<p><strong>L\u00e9a<\/strong> Robert \u00e9tait mieux qu&rsquo;aux Pr\u00e9-France, avec une VMA en progr\u00e8s, mais a patient\u00e9 30&prime; avant de pouvoir s&rsquo;\u00e9lancer de son box o\u00f9 \u00e9taient parqu\u00e9es comme des fauves des individuelles affam\u00e9es&#8230; Traumatis\u00e9e par son coup de pointe de Combourg, elle s&rsquo;est laiss\u00e9e enferm\u00e9e au d\u00e9part, h\u00e9las ! La suite n&rsquo;a \u00e9t\u00e9 qu&rsquo;une longue remont\u00e9e, mais le faux rythme du d\u00e9part, avec des \u00e0-coups et des ralentissements brutaux, a \u00e9t\u00e9 r\u00e9dhibitoire, vue la masse de concurrentes, et il aurait fallu 2km de plus pour qu&rsquo;elle acc\u00e8de enfin au classement qui aurait d\u00fb \u00eatre le sien. 312<sup>e<\/sup> au lieu des 120\/150 esp\u00e9r\u00e9. Mais le m\u00e9tier rentre. Si l&rsquo;\u00e9quipe parvient \u00e0 se qualifier l&rsquo;an prochain (avec les juniors), L\u00e9a aura son box pour enfin performer aux France. Ce qui serait m\u00e9rit\u00e9 vu son potentiel.<\/p>\n<p><a href=\"https:\/\/janze-athletisme.fr\/wordpress\/wp-content\/uploads\/2025\/03\/DSC_3743.jpg\"><img loading=\"lazy\" decoding=\"async\" class=\"alignnone wp-image-23892\" src=\"https:\/\/janze-athletisme.fr\/wordpress\/wp-content\/uploads\/2025\/03\/DSC_3743-200x300.jpg\" alt=\"\" width=\"138\" height=\"207\" srcset=\"https:\/\/janze-athletisme.fr\/wordpress\/wp-content\/uploads\/2025\/03\/DSC_3743-200x300.jpg 200w, https:\/\/janze-athletisme.fr\/wordpress\/wp-content\/uploads\/2025\/03\/DSC_3743-684x1024.jpg 684w, https:\/\/janze-athletisme.fr\/wordpress\/wp-content\/uploads\/2025\/03\/DSC_3743-768x1149.jpg 768w, https:\/\/janze-athletisme.fr\/wordpress\/wp-content\/uploads\/2025\/03\/DSC_3743-1026x1536.jpg 1026w, https:\/\/janze-athletisme.fr\/wordpress\/wp-content\/uploads\/2025\/03\/DSC_3743.jpg 1200w\" sizes=\"auto, (max-width: 138px) 100vw, 138px\" \/> <\/a><a href=\"https:\/\/janze-athletisme.fr\/wordpress\/wp-content\/uploads\/2025\/03\/DSC_3730.jpg\"><img loading=\"lazy\" decoding=\"async\" class=\"alignnone wp-image-23893\" src=\"https:\/\/janze-athletisme.fr\/wordpress\/wp-content\/uploads\/2025\/03\/DSC_3730-300x300.jpg\" alt=\"\" width=\"210\" height=\"210\" srcset=\"https:\/\/janze-athletisme.fr\/wordpress\/wp-content\/uploads\/2025\/03\/DSC_3730-300x300.jpg 300w, https:\/\/janze-athletisme.fr\/wordpress\/wp-content\/uploads\/2025\/03\/DSC_3730-1024x1024.jpg 1024w, https:\/\/janze-athletisme.fr\/wordpress\/wp-content\/uploads\/2025\/03\/DSC_3730-150x150.jpg 150w, https:\/\/janze-athletisme.fr\/wordpress\/wp-content\/uploads\/2025\/03\/DSC_3730-768x768.jpg 768w, https:\/\/janze-athletisme.fr\/wordpress\/wp-content\/uploads\/2025\/03\/DSC_3730.jpg 1200w\" sizes=\"auto, (max-width: 210px) 100vw, 210px\" \/><\/a><a href=\"https:\/\/janze-athletisme.fr\/wordpress\/wp-content\/uploads\/2025\/03\/DSC_3739.jpg\"> <img loading=\"lazy\" decoding=\"async\" class=\"alignnone wp-image-23894\" src=\"https:\/\/janze-athletisme.fr\/wordpress\/wp-content\/uploads\/2025\/03\/DSC_3739-300x300.jpg\" alt=\"\" width=\"188\" height=\"188\" srcset=\"https:\/\/janze-athletisme.fr\/wordpress\/wp-content\/uploads\/2025\/03\/DSC_3739-300x300.jpg 300w, https:\/\/janze-athletisme.fr\/wordpress\/wp-content\/uploads\/2025\/03\/DSC_3739-1024x1024.jpg 1024w, https:\/\/janze-athletisme.fr\/wordpress\/wp-content\/uploads\/2025\/03\/DSC_3739-150x150.jpg 150w, https:\/\/janze-athletisme.fr\/wordpress\/wp-content\/uploads\/2025\/03\/DSC_3739-768x768.jpg 768w, https:\/\/janze-athletisme.fr\/wordpress\/wp-content\/uploads\/2025\/03\/DSC_3739.jpg 1200w\" sizes=\"auto, (max-width: 188px) 100vw, 188px\" \/> <\/a><a href=\"https:\/\/janze-athletisme.fr\/wordpress\/wp-content\/uploads\/2025\/03\/DSC_3748.jpg\"><img loading=\"lazy\" decoding=\"async\" class=\"alignnone wp-image-23895\" src=\"https:\/\/janze-athletisme.fr\/wordpress\/wp-content\/uploads\/2025\/03\/DSC_3748-300x200.jpg\" alt=\"\" width=\"250\" height=\"166\" srcset=\"https:\/\/janze-athletisme.fr\/wordpress\/wp-content\/uploads\/2025\/03\/DSC_3748-300x200.jpg 300w, https:\/\/janze-athletisme.fr\/wordpress\/wp-content\/uploads\/2025\/03\/DSC_3748-1024x682.jpg 1024w, https:\/\/janze-athletisme.fr\/wordpress\/wp-content\/uploads\/2025\/03\/DSC_3748-768x512.jpg 768w, https:\/\/janze-athletisme.fr\/wordpress\/wp-content\/uploads\/2025\/03\/DSC_3748.jpg 1501w\" sizes=\"auto, (max-width: 250px) 100vw, 250px\" \/><\/a><\/p>\n<p><u>CADETS<\/u><\/p>\n<p><strong>Rapha\u00ebl<\/strong> Bou\u00e9, 82<sup>e<\/sup>, a \u00e9t\u00e9 excellent, accrocheur en diable, et au niveau attendu. Le coup d&rsquo;arr\u00eat de la fin janvier (malade) lui aura permis de repartir sur un cycle positif. <strong>L\u00e9o<\/strong> Guiheux, comme le laissait entrevoir ses derni\u00e8res s\u00e9ances un peu plus difficiles, \u00e9tait fatigu\u00e9 de sa longue et superbe saison et finit 114<sup>e<\/sup>. C&rsquo;est bien, c&rsquo;est m\u00eame tr\u00e8s bien, mais sur son niveau de Brest il aurait \u00e9t\u00e9 dans les 50 premiers. \u00c0 noter que pour la premi\u00e8re fois de sa vie de crossman, il a battu Bastien Jacq, et, \u00e7a, c&rsquo;\u00e9tait sa grande fiert\u00e9 du jour ! Tous les athl\u00e8tes du p\u00f4le excellence de S\u00e9vign\u00e9\/Cesson sont derri\u00e8re nos deux chefs de file, et, l\u00e0, on frise l&rsquo;exploit. Preuve de la qualit\u00e9 de leur performance, Rapha\u00ebl et L\u00e9o sont 6e et 7e Bretons.<\/p>\n<p><a href=\"https:\/\/janze-athletisme.fr\/wordpress\/wp-content\/uploads\/2025\/03\/DSC_3758.jpg\"><img loading=\"lazy\" decoding=\"async\" class=\"alignnone wp-image-23896\" src=\"https:\/\/janze-athletisme.fr\/wordpress\/wp-content\/uploads\/2025\/03\/DSC_3758-300x300.jpg\" alt=\"\" width=\"170\" height=\"170\" srcset=\"https:\/\/janze-athletisme.fr\/wordpress\/wp-content\/uploads\/2025\/03\/DSC_3758-300x300.jpg 300w, https:\/\/janze-athletisme.fr\/wordpress\/wp-content\/uploads\/2025\/03\/DSC_3758-1024x1024.jpg 1024w, https:\/\/janze-athletisme.fr\/wordpress\/wp-content\/uploads\/2025\/03\/DSC_3758-150x150.jpg 150w, https:\/\/janze-athletisme.fr\/wordpress\/wp-content\/uploads\/2025\/03\/DSC_3758-768x768.jpg 768w, https:\/\/janze-athletisme.fr\/wordpress\/wp-content\/uploads\/2025\/03\/DSC_3758.jpg 1200w\" sizes=\"auto, (max-width: 170px) 100vw, 170px\" \/><\/a> <a href=\"https:\/\/janze-athletisme.fr\/wordpress\/wp-content\/uploads\/2025\/03\/DSC_3765.jpg\"><img loading=\"lazy\" decoding=\"async\" class=\"alignnone wp-image-23897\" src=\"https:\/\/janze-athletisme.fr\/wordpress\/wp-content\/uploads\/2025\/03\/DSC_3765-300x300.jpg\" alt=\"\" width=\"171\" height=\"171\" srcset=\"https:\/\/janze-athletisme.fr\/wordpress\/wp-content\/uploads\/2025\/03\/DSC_3765-300x300.jpg 300w, https:\/\/janze-athletisme.fr\/wordpress\/wp-content\/uploads\/2025\/03\/DSC_3765-1024x1024.jpg 1024w, https:\/\/janze-athletisme.fr\/wordpress\/wp-content\/uploads\/2025\/03\/DSC_3765-150x150.jpg 150w, https:\/\/janze-athletisme.fr\/wordpress\/wp-content\/uploads\/2025\/03\/DSC_3765-768x768.jpg 768w, https:\/\/janze-athletisme.fr\/wordpress\/wp-content\/uploads\/2025\/03\/DSC_3765.jpg 1200w\" sizes=\"auto, (max-width: 171px) 100vw, 171px\" \/> <\/a><a href=\"https:\/\/janze-athletisme.fr\/wordpress\/wp-content\/uploads\/2025\/03\/DSC_3776.jpg\"><img loading=\"lazy\" decoding=\"async\" class=\"alignnone wp-image-23898\" src=\"https:\/\/janze-athletisme.fr\/wordpress\/wp-content\/uploads\/2025\/03\/DSC_3776-300x200.jpg\" alt=\"\" width=\"191\" height=\"127\" srcset=\"https:\/\/janze-athletisme.fr\/wordpress\/wp-content\/uploads\/2025\/03\/DSC_3776-300x200.jpg 300w, https:\/\/janze-athletisme.fr\/wordpress\/wp-content\/uploads\/2025\/03\/DSC_3776-1024x682.jpg 1024w, https:\/\/janze-athletisme.fr\/wordpress\/wp-content\/uploads\/2025\/03\/DSC_3776-768x511.jpg 768w, https:\/\/janze-athletisme.fr\/wordpress\/wp-content\/uploads\/2025\/03\/DSC_3776.jpg 1502w\" sizes=\"auto, (max-width: 191px) 100vw, 191px\" \/><\/a><a href=\"https:\/\/janze-athletisme.fr\/wordpress\/wp-content\/uploads\/2025\/03\/DSC_3782.jpg\"> <img loading=\"lazy\" decoding=\"async\" class=\"alignnone wp-image-23899\" src=\"https:\/\/janze-athletisme.fr\/wordpress\/wp-content\/uploads\/2025\/03\/DSC_3782-300x199.jpg\" alt=\"\" width=\"255\" height=\"169\" srcset=\"https:\/\/janze-athletisme.fr\/wordpress\/wp-content\/uploads\/2025\/03\/DSC_3782-300x199.jpg 300w, https:\/\/janze-athletisme.fr\/wordpress\/wp-content\/uploads\/2025\/03\/DSC_3782-1024x680.jpg 1024w, https:\/\/janze-athletisme.fr\/wordpress\/wp-content\/uploads\/2025\/03\/DSC_3782-768x510.jpg 768w, https:\/\/janze-athletisme.fr\/wordpress\/wp-content\/uploads\/2025\/03\/DSC_3782.jpg 1506w\" sizes=\"auto, (max-width: 255px) 100vw, 255px\" \/> <\/a><\/p>\n<p><a href=\"https:\/\/janze-athletisme.fr\/wordpress\/wp-content\/uploads\/2025\/03\/DSC_3787.jpg\"><img loading=\"lazy\" decoding=\"async\" class=\"alignnone wp-image-23900\" src=\"https:\/\/janze-athletisme.fr\/wordpress\/wp-content\/uploads\/2025\/03\/DSC_3787-300x300.jpg\" alt=\"\" width=\"194\" height=\"194\" srcset=\"https:\/\/janze-athletisme.fr\/wordpress\/wp-content\/uploads\/2025\/03\/DSC_3787-300x300.jpg 300w, https:\/\/janze-athletisme.fr\/wordpress\/wp-content\/uploads\/2025\/03\/DSC_3787-1024x1024.jpg 1024w, https:\/\/janze-athletisme.fr\/wordpress\/wp-content\/uploads\/2025\/03\/DSC_3787-150x150.jpg 150w, https:\/\/janze-athletisme.fr\/wordpress\/wp-content\/uploads\/2025\/03\/DSC_3787-768x768.jpg 768w, https:\/\/janze-athletisme.fr\/wordpress\/wp-content\/uploads\/2025\/03\/DSC_3787.jpg 1200w\" sizes=\"auto, (max-width: 194px) 100vw, 194px\" \/> <\/a><a href=\"https:\/\/janze-athletisme.fr\/wordpress\/wp-content\/uploads\/2025\/03\/DSC_3801.jpg\"><img loading=\"lazy\" decoding=\"async\" class=\"alignnone wp-image-23901\" src=\"https:\/\/janze-athletisme.fr\/wordpress\/wp-content\/uploads\/2025\/03\/DSC_3801-300x300.jpg\" alt=\"\" width=\"195\" height=\"195\" srcset=\"https:\/\/janze-athletisme.fr\/wordpress\/wp-content\/uploads\/2025\/03\/DSC_3801-300x300.jpg 300w, https:\/\/janze-athletisme.fr\/wordpress\/wp-content\/uploads\/2025\/03\/DSC_3801-1024x1024.jpg 1024w, https:\/\/janze-athletisme.fr\/wordpress\/wp-content\/uploads\/2025\/03\/DSC_3801-150x150.jpg 150w, https:\/\/janze-athletisme.fr\/wordpress\/wp-content\/uploads\/2025\/03\/DSC_3801-768x769.jpg 768w, https:\/\/janze-athletisme.fr\/wordpress\/wp-content\/uploads\/2025\/03\/DSC_3801.jpg 1200w\" sizes=\"auto, (max-width: 195px) 100vw, 195px\" \/> <\/a> <a href=\"https:\/\/janze-athletisme.fr\/wordpress\/wp-content\/uploads\/2025\/03\/DSC_3814.jpg\"><img loading=\"lazy\" decoding=\"async\" class=\"alignnone wp-image-23902\" src=\"https:\/\/janze-athletisme.fr\/wordpress\/wp-content\/uploads\/2025\/03\/DSC_3814-300x300.jpg\" alt=\"\" width=\"195\" height=\"195\" srcset=\"https:\/\/janze-athletisme.fr\/wordpress\/wp-content\/uploads\/2025\/03\/DSC_3814-300x300.jpg 300w, https:\/\/janze-athletisme.fr\/wordpress\/wp-content\/uploads\/2025\/03\/DSC_3814-1024x1024.jpg 1024w, https:\/\/janze-athletisme.fr\/wordpress\/wp-content\/uploads\/2025\/03\/DSC_3814-150x150.jpg 150w, https:\/\/janze-athletisme.fr\/wordpress\/wp-content\/uploads\/2025\/03\/DSC_3814-768x767.jpg 768w, https:\/\/janze-athletisme.fr\/wordpress\/wp-content\/uploads\/2025\/03\/DSC_3814.jpg 1501w\" sizes=\"auto, (max-width: 195px) 100vw, 195px\" \/>\u00a0<\/a><a href=\"https:\/\/janze-athletisme.fr\/wordpress\/wp-content\/uploads\/2025\/03\/DSC_3816.jpg\"><img loading=\"lazy\" decoding=\"async\" class=\"alignnone wp-image-23904\" src=\"https:\/\/janze-athletisme.fr\/wordpress\/wp-content\/uploads\/2025\/03\/DSC_3816-300x300.jpg\" alt=\"\" width=\"198\" height=\"198\" srcset=\"https:\/\/janze-athletisme.fr\/wordpress\/wp-content\/uploads\/2025\/03\/DSC_3816-300x300.jpg 300w, https:\/\/janze-athletisme.fr\/wordpress\/wp-content\/uploads\/2025\/03\/DSC_3816-1024x1024.jpg 1024w, https:\/\/janze-athletisme.fr\/wordpress\/wp-content\/uploads\/2025\/03\/DSC_3816-150x150.jpg 150w, https:\/\/janze-athletisme.fr\/wordpress\/wp-content\/uploads\/2025\/03\/DSC_3816-768x769.jpg 768w, https:\/\/janze-athletisme.fr\/wordpress\/wp-content\/uploads\/2025\/03\/DSC_3816.jpg 1500w\" sizes=\"auto, (max-width: 198px) 100vw, 198px\" \/>2<\/a><\/p>\n<p><strong>Esteban<\/strong> Bouillaux en fait partie (du P\u00f4le S\u00e9vign\u00e9). Il n&rsquo;est pas \u00e0 son niveau (301<sup>e<\/sup>). Handicap\u00e9 depuis dix jours par un syndrome des essuie-glaces \u00e0 un genou, il s&rsquo;est content\u00e9 de v\u00e9lo d&rsquo;appartement et de longueurs de bassin en piscine, ce qui n&rsquo;est pas le top pour \u00eatre au mieux. Il est bien parti, mais il avait perdu un peu de VMA et il a souffert \u00e0 la fin.<\/p>\n<p><a href=\"https:\/\/janze-athletisme.fr\/wordpress\/wp-content\/uploads\/2025\/03\/DSC_3770.jpg\"><img loading=\"lazy\" decoding=\"async\" class=\"alignnone wp-image-23905\" src=\"https:\/\/janze-athletisme.fr\/wordpress\/wp-content\/uploads\/2025\/03\/DSC_3770-200x300.jpg\" alt=\"\" width=\"129\" height=\"194\" srcset=\"https:\/\/janze-athletisme.fr\/wordpress\/wp-content\/uploads\/2025\/03\/DSC_3770-200x300.jpg 200w, https:\/\/janze-athletisme.fr\/wordpress\/wp-content\/uploads\/2025\/03\/DSC_3770-682x1024.jpg 682w, https:\/\/janze-athletisme.fr\/wordpress\/wp-content\/uploads\/2025\/03\/DSC_3770-768x1153.jpg 768w, https:\/\/janze-athletisme.fr\/wordpress\/wp-content\/uploads\/2025\/03\/DSC_3770.jpg 1000w\" sizes=\"auto, (max-width: 129px) 100vw, 129px\" \/> <\/a><a href=\"https:\/\/janze-athletisme.fr\/wordpress\/wp-content\/uploads\/2025\/03\/DSC_3791.jpg\"><img loading=\"lazy\" decoding=\"async\" class=\"alignnone wp-image-23906\" src=\"https:\/\/janze-athletisme.fr\/wordpress\/wp-content\/uploads\/2025\/03\/DSC_3791-201x300.jpg\" alt=\"\" width=\"129\" height=\"193\" srcset=\"https:\/\/janze-athletisme.fr\/wordpress\/wp-content\/uploads\/2025\/03\/DSC_3791-201x300.jpg 201w, https:\/\/janze-athletisme.fr\/wordpress\/wp-content\/uploads\/2025\/03\/DSC_3791-685x1024.jpg 685w, https:\/\/janze-athletisme.fr\/wordpress\/wp-content\/uploads\/2025\/03\/DSC_3791-768x1147.jpg 768w, https:\/\/janze-athletisme.fr\/wordpress\/wp-content\/uploads\/2025\/03\/DSC_3791.jpg 1000w\" sizes=\"auto, (max-width: 129px) 100vw, 129px\" \/><\/a><a href=\"https:\/\/janze-athletisme.fr\/wordpress\/wp-content\/uploads\/2025\/03\/DSC_3793.jpg\"> <img loading=\"lazy\" decoding=\"async\" class=\"alignnone wp-image-23907\" src=\"https:\/\/janze-athletisme.fr\/wordpress\/wp-content\/uploads\/2025\/03\/DSC_3793-300x300.jpg\" alt=\"\" width=\"193\" height=\"193\" srcset=\"https:\/\/janze-athletisme.fr\/wordpress\/wp-content\/uploads\/2025\/03\/DSC_3793-300x300.jpg 300w, https:\/\/janze-athletisme.fr\/wordpress\/wp-content\/uploads\/2025\/03\/DSC_3793-1024x1024.jpg 1024w, https:\/\/janze-athletisme.fr\/wordpress\/wp-content\/uploads\/2025\/03\/DSC_3793-150x150.jpg 150w, https:\/\/janze-athletisme.fr\/wordpress\/wp-content\/uploads\/2025\/03\/DSC_3793-768x768.jpg 768w, https:\/\/janze-athletisme.fr\/wordpress\/wp-content\/uploads\/2025\/03\/DSC_3793.jpg 1200w\" sizes=\"auto, (max-width: 193px) 100vw, 193px\" \/> <\/a><a href=\"https:\/\/janze-athletisme.fr\/wordpress\/wp-content\/uploads\/2025\/03\/DSC_3806.jpg\"><img loading=\"lazy\" decoding=\"async\" class=\"alignnone wp-image-23908\" src=\"https:\/\/janze-athletisme.fr\/wordpress\/wp-content\/uploads\/2025\/03\/DSC_3806-300x300.jpg\" alt=\"\" width=\"194\" height=\"194\" srcset=\"https:\/\/janze-athletisme.fr\/wordpress\/wp-content\/uploads\/2025\/03\/DSC_3806-300x300.jpg 300w, https:\/\/janze-athletisme.fr\/wordpress\/wp-content\/uploads\/2025\/03\/DSC_3806-1024x1024.jpg 1024w, https:\/\/janze-athletisme.fr\/wordpress\/wp-content\/uploads\/2025\/03\/DSC_3806-150x150.jpg 150w, https:\/\/janze-athletisme.fr\/wordpress\/wp-content\/uploads\/2025\/03\/DSC_3806-768x769.jpg 768w, https:\/\/janze-athletisme.fr\/wordpress\/wp-content\/uploads\/2025\/03\/DSC_3806.jpg 1200w\" sizes=\"auto, (max-width: 194px) 100vw, 194px\" \/> <\/a><a href=\"https:\/\/janze-athletisme.fr\/wordpress\/wp-content\/uploads\/2025\/03\/DSC_3822.jpg\"><img loading=\"lazy\" decoding=\"async\" class=\"alignnone wp-image-23909\" src=\"https:\/\/janze-athletisme.fr\/wordpress\/wp-content\/uploads\/2025\/03\/DSC_3822-199x300.jpg\" alt=\"\" width=\"129\" height=\"194\" srcset=\"https:\/\/janze-athletisme.fr\/wordpress\/wp-content\/uploads\/2025\/03\/DSC_3822-199x300.jpg 199w, https:\/\/janze-athletisme.fr\/wordpress\/wp-content\/uploads\/2025\/03\/DSC_3822-679x1024.jpg 679w, https:\/\/janze-athletisme.fr\/wordpress\/wp-content\/uploads\/2025\/03\/DSC_3822-768x1157.jpg 768w, https:\/\/janze-athletisme.fr\/wordpress\/wp-content\/uploads\/2025\/03\/DSC_3822.jpg 1000w\" sizes=\"auto, (max-width: 129px) 100vw, 129px\" \/><\/a><\/p>\n<p>Rien \u00e0 reprocher \u00e0 <strong>Noah<\/strong> Barill\u00e9 et <strong>Ewen <\/strong>Caillaud, qui continuent \u00e0 d\u00e9couvrir le haut niveau, apr\u00e8s Blois \u00e0 l&rsquo;automne (Coupe de France des Relais). 389 et 394<sup>e<\/sup>, ils ont pu mesurer ce qui les s\u00e9pare encore des hauts sommets. Leur saison aura \u00e9t\u00e9 belle n\u00e9anmoins. Et tr\u00e8s encourageante.<\/p>\n<p>L&rsquo;absence de <strong>Lohan<\/strong> Ksouda-Lain\u00e9 s&rsquo;est fait ressentir. 27<sup>e<\/sup> sur 31 \u00e9quipes class\u00e9es, l&rsquo;\u00e9quipe avec lui aurait pu finir dans les 20 premi\u00e8res. Ils seront cinq l&rsquo;an prochain \u00e0 passer juniors, et m\u00eame six avec <strong>Emilio<\/strong> Berthou, que le cross commence \u00e0 inspirer\u2026 Quelque chose nous dit que l&rsquo;aventure n&rsquo;est pas termin\u00e9e.<\/p>\n<p><a href=\"https:\/\/janze-athletisme.fr\/wordpress\/wp-content\/uploads\/2025\/03\/DSC_3752.jpg\"><img loading=\"lazy\" decoding=\"async\" class=\"alignnone wp-image-23910\" src=\"https:\/\/janze-athletisme.fr\/wordpress\/wp-content\/uploads\/2025\/03\/DSC_3752-300x300.jpg\" alt=\"\" width=\"159\" height=\"159\" srcset=\"https:\/\/janze-athletisme.fr\/wordpress\/wp-content\/uploads\/2025\/03\/DSC_3752-300x300.jpg 300w, https:\/\/janze-athletisme.fr\/wordpress\/wp-content\/uploads\/2025\/03\/DSC_3752-1024x1024.jpg 1024w, https:\/\/janze-athletisme.fr\/wordpress\/wp-content\/uploads\/2025\/03\/DSC_3752-150x150.jpg 150w, https:\/\/janze-athletisme.fr\/wordpress\/wp-content\/uploads\/2025\/03\/DSC_3752-768x768.jpg 768w, https:\/\/janze-athletisme.fr\/wordpress\/wp-content\/uploads\/2025\/03\/DSC_3752.jpg 1200w\" sizes=\"auto, (max-width: 159px) 100vw, 159px\" \/> <\/a><a href=\"https:\/\/janze-athletisme.fr\/wordpress\/wp-content\/uploads\/2025\/03\/DSC_3795.jpg\"><img loading=\"lazy\" decoding=\"async\" class=\"alignnone wp-image-23911\" src=\"https:\/\/janze-athletisme.fr\/wordpress\/wp-content\/uploads\/2025\/03\/DSC_3795-300x300.jpg\" alt=\"\" width=\"107\" height=\"107\" srcset=\"https:\/\/janze-athletisme.fr\/wordpress\/wp-content\/uploads\/2025\/03\/DSC_3795-300x300.jpg 300w, https:\/\/janze-athletisme.fr\/wordpress\/wp-content\/uploads\/2025\/03\/DSC_3795-1024x1024.jpg 1024w, https:\/\/janze-athletisme.fr\/wordpress\/wp-content\/uploads\/2025\/03\/DSC_3795-150x150.jpg 150w, https:\/\/janze-athletisme.fr\/wordpress\/wp-content\/uploads\/2025\/03\/DSC_3795-768x768.jpg 768w, https:\/\/janze-athletisme.fr\/wordpress\/wp-content\/uploads\/2025\/03\/DSC_3795.jpg 1200w\" sizes=\"auto, (max-width: 107px) 100vw, 107px\" \/> <\/a><a href=\"https:\/\/janze-athletisme.fr\/wordpress\/wp-content\/uploads\/2025\/03\/DSC_3823.jpg\"><img loading=\"lazy\" decoding=\"async\" class=\"alignnone wp-image-23912\" src=\"https:\/\/janze-athletisme.fr\/wordpress\/wp-content\/uploads\/2025\/03\/DSC_3823-300x203.jpg\" alt=\"\" width=\"238\" height=\"161\" srcset=\"https:\/\/janze-athletisme.fr\/wordpress\/wp-content\/uploads\/2025\/03\/DSC_3823-300x203.jpg 300w, https:\/\/janze-athletisme.fr\/wordpress\/wp-content\/uploads\/2025\/03\/DSC_3823-1024x694.jpg 1024w, https:\/\/janze-athletisme.fr\/wordpress\/wp-content\/uploads\/2025\/03\/DSC_3823-768x521.jpg 768w, https:\/\/janze-athletisme.fr\/wordpress\/wp-content\/uploads\/2025\/03\/DSC_3823.jpg 1475w\" sizes=\"auto, (max-width: 238px) 100vw, 238px\" \/><\/a> <a href=\"https:\/\/janze-athletisme.fr\/wordpress\/wp-content\/uploads\/2025\/03\/DSC_3825.jpg\"><img loading=\"lazy\" decoding=\"async\" class=\"alignnone wp-image-23913\" src=\"https:\/\/janze-athletisme.fr\/wordpress\/wp-content\/uploads\/2025\/03\/DSC_3825-201x300.jpg\" alt=\"\" width=\"109\" height=\"162\" srcset=\"https:\/\/janze-athletisme.fr\/wordpress\/wp-content\/uploads\/2025\/03\/DSC_3825-201x300.jpg 201w, https:\/\/janze-athletisme.fr\/wordpress\/wp-content\/uploads\/2025\/03\/DSC_3825-684x1024.jpg 684w, https:\/\/janze-athletisme.fr\/wordpress\/wp-content\/uploads\/2025\/03\/DSC_3825-768x1149.jpg 768w, https:\/\/janze-athletisme.fr\/wordpress\/wp-content\/uploads\/2025\/03\/DSC_3825.jpg 1000w\" sizes=\"auto, (max-width: 109px) 100vw, 109px\" \/><\/a> <a href=\"https:\/\/janze-athletisme.fr\/wordpress\/wp-content\/uploads\/2025\/03\/DSC_3827.jpg\"><img loading=\"lazy\" decoding=\"async\" class=\"alignnone wp-image-23914\" src=\"https:\/\/janze-athletisme.fr\/wordpress\/wp-content\/uploads\/2025\/03\/DSC_3827-300x300.jpg\" alt=\"\" width=\"163\" height=\"163\" srcset=\"https:\/\/janze-athletisme.fr\/wordpress\/wp-content\/uploads\/2025\/03\/DSC_3827-300x300.jpg 300w, https:\/\/janze-athletisme.fr\/wordpress\/wp-content\/uploads\/2025\/03\/DSC_3827-1024x1024.jpg 1024w, https:\/\/janze-athletisme.fr\/wordpress\/wp-content\/uploads\/2025\/03\/DSC_3827-150x150.jpg 150w, https:\/\/janze-athletisme.fr\/wordpress\/wp-content\/uploads\/2025\/03\/DSC_3827-768x768.jpg 768w, https:\/\/janze-athletisme.fr\/wordpress\/wp-content\/uploads\/2025\/03\/DSC_3827.jpg 1200w\" sizes=\"auto, (max-width: 163px) 100vw, 163px\" \/><\/a><\/p>\n<p><u>JUNIORS FILLES<\/u><\/p>\n<p>Elsa Mah\u00e9 (Bain), 122<sup>e<\/sup> n&rsquo;est pas \u00e0 son niveau de l&rsquo;hiver, m\u00eame si elle limite les d\u00e9g\u00e2ts. Elle aurait d\u00fb \u00eatre dans les 80 premi\u00e8res, largement. Idem, la fatigue s&rsquo;est install\u00e9e ces derniers temps, et elle n&rsquo;a jamais \u00e9t\u00e9 aussi \u00e0 l&rsquo;aise qu&rsquo;aux R\u00e9gionaux et aux Pr\u00e9-France. Il faut saluer n\u00e9anmoins un hiver de haute facture, avec de tr\u00e8s belles courses \u00e0 Montauban (France universitaires), Brest et Combourg. C&rsquo;est d\u00e9j\u00e0 tr\u00e8s tr\u00e8s bien !<\/p>\n<p><a href=\"https:\/\/janze-athletisme.fr\/wordpress\/wp-content\/uploads\/2025\/03\/DSC_3841.jpg\"><img loading=\"lazy\" decoding=\"async\" class=\"alignnone wp-image-23916\" src=\"https:\/\/janze-athletisme.fr\/wordpress\/wp-content\/uploads\/2025\/03\/DSC_3841-300x200.jpg\" alt=\"\" width=\"233\" height=\"155\" srcset=\"https:\/\/janze-athletisme.fr\/wordpress\/wp-content\/uploads\/2025\/03\/DSC_3841-300x200.jpg 300w, https:\/\/janze-athletisme.fr\/wordpress\/wp-content\/uploads\/2025\/03\/DSC_3841-1024x683.jpg 1024w, https:\/\/janze-athletisme.fr\/wordpress\/wp-content\/uploads\/2025\/03\/DSC_3841-768x512.jpg 768w, https:\/\/janze-athletisme.fr\/wordpress\/wp-content\/uploads\/2025\/03\/DSC_3841-1536x1024.jpg 1536w, https:\/\/janze-athletisme.fr\/wordpress\/wp-content\/uploads\/2025\/03\/DSC_3841.jpg 1800w\" sizes=\"auto, (max-width: 233px) 100vw, 233px\" \/><\/a> <a href=\"https:\/\/janze-athletisme.fr\/wordpress\/wp-content\/uploads\/2025\/03\/DSC_3847.jpg\"><img loading=\"lazy\" decoding=\"async\" class=\"alignnone wp-image-23917\" src=\"https:\/\/janze-athletisme.fr\/wordpress\/wp-content\/uploads\/2025\/03\/DSC_3847-300x200.jpg\" alt=\"\" width=\"234\" height=\"156\" srcset=\"https:\/\/janze-athletisme.fr\/wordpress\/wp-content\/uploads\/2025\/03\/DSC_3847-300x200.jpg 300w, https:\/\/janze-athletisme.fr\/wordpress\/wp-content\/uploads\/2025\/03\/DSC_3847-1024x684.jpg 1024w, https:\/\/janze-athletisme.fr\/wordpress\/wp-content\/uploads\/2025\/03\/DSC_3847-768x513.jpg 768w, https:\/\/janze-athletisme.fr\/wordpress\/wp-content\/uploads\/2025\/03\/DSC_3847-1536x1026.jpg 1536w, https:\/\/janze-athletisme.fr\/wordpress\/wp-content\/uploads\/2025\/03\/DSC_3847.jpg 1796w\" sizes=\"auto, (max-width: 234px) 100vw, 234px\" \/><\/a> <a href=\"https:\/\/janze-athletisme.fr\/wordpress\/wp-content\/uploads\/2025\/03\/DSC_3851.jpg\"><img loading=\"lazy\" decoding=\"async\" class=\"alignnone wp-image-23918\" src=\"https:\/\/janze-athletisme.fr\/wordpress\/wp-content\/uploads\/2025\/03\/DSC_3851-300x300.jpg\" alt=\"\" width=\"156\" height=\"156\" srcset=\"https:\/\/janze-athletisme.fr\/wordpress\/wp-content\/uploads\/2025\/03\/DSC_3851-300x300.jpg 300w, https:\/\/janze-athletisme.fr\/wordpress\/wp-content\/uploads\/2025\/03\/DSC_3851-1024x1024.jpg 1024w, https:\/\/janze-athletisme.fr\/wordpress\/wp-content\/uploads\/2025\/03\/DSC_3851-150x150.jpg 150w, https:\/\/janze-athletisme.fr\/wordpress\/wp-content\/uploads\/2025\/03\/DSC_3851-768x767.jpg 768w, https:\/\/janze-athletisme.fr\/wordpress\/wp-content\/uploads\/2025\/03\/DSC_3851.jpg 1501w\" sizes=\"auto, (max-width: 156px) 100vw, 156px\" \/><\/a> <a href=\"https:\/\/janze-athletisme.fr\/wordpress\/wp-content\/uploads\/2025\/03\/DSC_3855.jpg\"><img loading=\"lazy\" decoding=\"async\" class=\"alignnone wp-image-23919\" src=\"https:\/\/janze-athletisme.fr\/wordpress\/wp-content\/uploads\/2025\/03\/DSC_3855-300x300.jpg\" alt=\"\" width=\"155\" height=\"155\" srcset=\"https:\/\/janze-athletisme.fr\/wordpress\/wp-content\/uploads\/2025\/03\/DSC_3855-300x300.jpg 300w, https:\/\/janze-athletisme.fr\/wordpress\/wp-content\/uploads\/2025\/03\/DSC_3855-1024x1024.jpg 1024w, https:\/\/janze-athletisme.fr\/wordpress\/wp-content\/uploads\/2025\/03\/DSC_3855-150x150.jpg 150w, https:\/\/janze-athletisme.fr\/wordpress\/wp-content\/uploads\/2025\/03\/DSC_3855-768x769.jpg 768w, https:\/\/janze-athletisme.fr\/wordpress\/wp-content\/uploads\/2025\/03\/DSC_3855.jpg 1200w\" sizes=\"auto, (max-width: 155px) 100vw, 155px\" \/><\/a><\/p>\n<p><u>CROSS COURT ELITES FEMMES<\/u><\/p>\n<p>Tiphanie,155<sup>e<\/sup>, ne s&rsquo;en sort pas mal du tout, hargneuse, \u00e0 la bagarre. Il lui a juste manqu\u00e9 un peu de pr\u00e9paration pour \u00eatre encore mieux.<\/p>\n<p><a href=\"https:\/\/janze-athletisme.fr\/wordpress\/wp-content\/uploads\/2025\/03\/DSC_3892.jpg\"><img loading=\"lazy\" decoding=\"async\" class=\"alignnone wp-image-23920\" src=\"https:\/\/janze-athletisme.fr\/wordpress\/wp-content\/uploads\/2025\/03\/DSC_3892-300x300.jpg\" alt=\"\" width=\"186\" height=\"186\" srcset=\"https:\/\/janze-athletisme.fr\/wordpress\/wp-content\/uploads\/2025\/03\/DSC_3892-300x300.jpg 300w, https:\/\/janze-athletisme.fr\/wordpress\/wp-content\/uploads\/2025\/03\/DSC_3892-1024x1024.jpg 1024w, https:\/\/janze-athletisme.fr\/wordpress\/wp-content\/uploads\/2025\/03\/DSC_3892-150x150.jpg 150w, https:\/\/janze-athletisme.fr\/wordpress\/wp-content\/uploads\/2025\/03\/DSC_3892-768x768.jpg 768w, https:\/\/janze-athletisme.fr\/wordpress\/wp-content\/uploads\/2025\/03\/DSC_3892.jpg 1200w\" sizes=\"auto, (max-width: 186px) 100vw, 186px\" \/><\/a> <a href=\"https:\/\/janze-athletisme.fr\/wordpress\/wp-content\/uploads\/2025\/03\/DSC_3894.jpg\"><img loading=\"lazy\" decoding=\"async\" class=\"alignnone wp-image-23921\" src=\"https:\/\/janze-athletisme.fr\/wordpress\/wp-content\/uploads\/2025\/03\/DSC_3894-300x201.jpg\" alt=\"\" width=\"279\" height=\"187\" srcset=\"https:\/\/janze-athletisme.fr\/wordpress\/wp-content\/uploads\/2025\/03\/DSC_3894-300x201.jpg 300w, https:\/\/janze-athletisme.fr\/wordpress\/wp-content\/uploads\/2025\/03\/DSC_3894-1024x687.jpg 1024w, https:\/\/janze-athletisme.fr\/wordpress\/wp-content\/uploads\/2025\/03\/DSC_3894-768x515.jpg 768w, https:\/\/janze-athletisme.fr\/wordpress\/wp-content\/uploads\/2025\/03\/DSC_3894.jpg 1490w\" sizes=\"auto, (max-width: 279px) 100vw, 279px\" \/><\/a> <a href=\"https:\/\/janze-athletisme.fr\/wordpress\/wp-content\/uploads\/2025\/03\/DSC_3896.jpg\"><img loading=\"lazy\" decoding=\"async\" class=\"alignnone wp-image-23922\" src=\"https:\/\/janze-athletisme.fr\/wordpress\/wp-content\/uploads\/2025\/03\/DSC_3896-200x300.jpg\" alt=\"\" width=\"125\" height=\"188\" srcset=\"https:\/\/janze-athletisme.fr\/wordpress\/wp-content\/uploads\/2025\/03\/DSC_3896-200x300.jpg 200w, https:\/\/janze-athletisme.fr\/wordpress\/wp-content\/uploads\/2025\/03\/DSC_3896-681x1024.jpg 681w, https:\/\/janze-athletisme.fr\/wordpress\/wp-content\/uploads\/2025\/03\/DSC_3896-768x1154.jpg 768w, https:\/\/janze-athletisme.fr\/wordpress\/wp-content\/uploads\/2025\/03\/DSC_3896.jpg 1000w\" sizes=\"auto, (max-width: 125px) 100vw, 125px\" \/><\/a> <a href=\"https:\/\/janze-athletisme.fr\/wordpress\/wp-content\/uploads\/2025\/03\/DSC_3898.jpg\"><img loading=\"lazy\" decoding=\"async\" class=\"alignnone wp-image-23923\" src=\"https:\/\/janze-athletisme.fr\/wordpress\/wp-content\/uploads\/2025\/03\/DSC_3898-300x300.jpg\" alt=\"\" width=\"191\" height=\"191\" srcset=\"https:\/\/janze-athletisme.fr\/wordpress\/wp-content\/uploads\/2025\/03\/DSC_3898-300x300.jpg 300w, https:\/\/janze-athletisme.fr\/wordpress\/wp-content\/uploads\/2025\/03\/DSC_3898-1024x1024.jpg 1024w, https:\/\/janze-athletisme.fr\/wordpress\/wp-content\/uploads\/2025\/03\/DSC_3898-150x150.jpg 150w, https:\/\/janze-athletisme.fr\/wordpress\/wp-content\/uploads\/2025\/03\/DSC_3898-768x768.jpg 768w, https:\/\/janze-athletisme.fr\/wordpress\/wp-content\/uploads\/2025\/03\/DSC_3898.jpg 1200w\" sizes=\"auto, (max-width: 191px) 100vw, 191px\" \/><\/a><\/p>\n<p><u>CROSS LONG ELITES HOMMES<\/u><\/p>\n<p>Basile, 183<sup>e<\/sup>, dans une course au niveau monstrueux, pouvait difficilement faire mieux, et c&rsquo;est d\u00e9j\u00e0 une tr\u00e8s belle perf. Il est aussi 36e espoir et 5e Breton dans sa cat\u00e9gorie. Excellent !<\/p>\n<p><a href=\"https:\/\/janze-athletisme.fr\/wordpress\/wp-content\/uploads\/2025\/03\/DSC_3911.jpg\"><img loading=\"lazy\" decoding=\"async\" class=\"alignnone wp-image-23924\" src=\"https:\/\/janze-athletisme.fr\/wordpress\/wp-content\/uploads\/2025\/03\/DSC_3911-300x300.jpg\" alt=\"\" width=\"180\" height=\"180\" srcset=\"https:\/\/janze-athletisme.fr\/wordpress\/wp-content\/uploads\/2025\/03\/DSC_3911-300x300.jpg 300w, https:\/\/janze-athletisme.fr\/wordpress\/wp-content\/uploads\/2025\/03\/DSC_3911-1024x1024.jpg 1024w, https:\/\/janze-athletisme.fr\/wordpress\/wp-content\/uploads\/2025\/03\/DSC_3911-150x150.jpg 150w, https:\/\/janze-athletisme.fr\/wordpress\/wp-content\/uploads\/2025\/03\/DSC_3911-768x768.jpg 768w, https:\/\/janze-athletisme.fr\/wordpress\/wp-content\/uploads\/2025\/03\/DSC_3911.jpg 1200w\" sizes=\"auto, (max-width: 180px) 100vw, 180px\" \/> <\/a><a href=\"https:\/\/janze-athletisme.fr\/wordpress\/wp-content\/uploads\/2025\/03\/DSC_3923.jpg\"><img loading=\"lazy\" decoding=\"async\" class=\"alignnone wp-image-23925\" src=\"https:\/\/janze-athletisme.fr\/wordpress\/wp-content\/uploads\/2025\/03\/DSC_3923-300x300.jpg\" alt=\"\" width=\"181\" height=\"181\" srcset=\"https:\/\/janze-athletisme.fr\/wordpress\/wp-content\/uploads\/2025\/03\/DSC_3923-300x300.jpg 300w, https:\/\/janze-athletisme.fr\/wordpress\/wp-content\/uploads\/2025\/03\/DSC_3923-1024x1024.jpg 1024w, https:\/\/janze-athletisme.fr\/wordpress\/wp-content\/uploads\/2025\/03\/DSC_3923-150x150.jpg 150w, https:\/\/janze-athletisme.fr\/wordpress\/wp-content\/uploads\/2025\/03\/DSC_3923-768x767.jpg 768w, https:\/\/janze-athletisme.fr\/wordpress\/wp-content\/uploads\/2025\/03\/DSC_3923.jpg 1201w\" sizes=\"auto, (max-width: 181px) 100vw, 181px\" \/> <\/a><a href=\"https:\/\/janze-athletisme.fr\/wordpress\/wp-content\/uploads\/2025\/03\/DSC_3925.jpg\"><img loading=\"lazy\" decoding=\"async\" class=\"alignnone wp-image-23926\" src=\"https:\/\/janze-athletisme.fr\/wordpress\/wp-content\/uploads\/2025\/03\/DSC_3925-199x300.jpg\" alt=\"\" width=\"121\" height=\"183\" srcset=\"https:\/\/janze-athletisme.fr\/wordpress\/wp-content\/uploads\/2025\/03\/DSC_3925-199x300.jpg 199w, https:\/\/janze-athletisme.fr\/wordpress\/wp-content\/uploads\/2025\/03\/DSC_3925-679x1024.jpg 679w, https:\/\/janze-athletisme.fr\/wordpress\/wp-content\/uploads\/2025\/03\/DSC_3925-768x1159.jpg 768w, https:\/\/janze-athletisme.fr\/wordpress\/wp-content\/uploads\/2025\/03\/DSC_3925.jpg 1000w\" sizes=\"auto, (max-width: 121px) 100vw, 121px\" \/> <\/a><a href=\"https:\/\/janze-athletisme.fr\/wordpress\/wp-content\/uploads\/2025\/03\/DSC_3931-2.jpg\"><img loading=\"lazy\" decoding=\"async\" class=\"alignnone wp-image-23929\" src=\"https:\/\/janze-athletisme.fr\/wordpress\/wp-content\/uploads\/2025\/03\/DSC_3931-2-300x300.jpg\" alt=\"\" width=\"184\" height=\"184\" srcset=\"https:\/\/janze-athletisme.fr\/wordpress\/wp-content\/uploads\/2025\/03\/DSC_3931-2-300x300.jpg 300w, https:\/\/janze-athletisme.fr\/wordpress\/wp-content\/uploads\/2025\/03\/DSC_3931-2-1024x1024.jpg 1024w, https:\/\/janze-athletisme.fr\/wordpress\/wp-content\/uploads\/2025\/03\/DSC_3931-2-150x150.jpg 150w, https:\/\/janze-athletisme.fr\/wordpress\/wp-content\/uploads\/2025\/03\/DSC_3931-2-768x768.jpg 768w, https:\/\/janze-athletisme.fr\/wordpress\/wp-content\/uploads\/2025\/03\/DSC_3931-2.jpg 1200w\" sizes=\"auto, (max-width: 184px) 100vw, 184px\" \/> <\/a><a href=\"https:\/\/janze-athletisme.fr\/wordpress\/wp-content\/uploads\/2025\/03\/DSC_3942.jpg\"><img loading=\"lazy\" decoding=\"async\" class=\"alignnone wp-image-23930\" src=\"https:\/\/janze-athletisme.fr\/wordpress\/wp-content\/uploads\/2025\/03\/DSC_3942-200x300.jpg\" alt=\"\" width=\"114\" height=\"171\" srcset=\"https:\/\/janze-athletisme.fr\/wordpress\/wp-content\/uploads\/2025\/03\/DSC_3942-200x300.jpg 200w, https:\/\/janze-athletisme.fr\/wordpress\/wp-content\/uploads\/2025\/03\/DSC_3942-683x1024.jpg 683w, https:\/\/janze-athletisme.fr\/wordpress\/wp-content\/uploads\/2025\/03\/DSC_3942-768x1152.jpg 768w, https:\/\/janze-athletisme.fr\/wordpress\/wp-content\/uploads\/2025\/03\/DSC_3942.jpg 1000w\" sizes=\"auto, (max-width: 114px) 100vw, 114px\" \/><\/a><\/p>\n<p><u>CRITERIUM MASTERS<\/u><\/p>\n<p>Bravo encore \u00e0 <strong>Maryse<\/strong> Veyer, brillante 2<sup>e<\/sup> le samedi, et \u00e0 <strong>Wilfrid<\/strong> Lebreton, qui est all\u00e9 au bout, en d\u00e9pit de ses p\u00e9pins physiques (voir <a href=\"https:\/\/janze-athletisme.fr\/wordpress\/maryse-vice-championne-de-france-m4\/\">ICI<\/a> et <a href=\"https:\/\/janze-athletisme.fr\/wordpress\/championnats-de-france-de-cross-a-challans-85-les-resultats-adultes\/\">ICI<\/a>).<\/p>\n<p><a href=\"https:\/\/janze-athletisme.fr\/wordpress\/wp-content\/uploads\/2025\/03\/Maryse-1mars2025-1.jpg\"><img loading=\"lazy\" decoding=\"async\" class=\"alignnone wp-image-23931\" src=\"https:\/\/janze-athletisme.fr\/wordpress\/wp-content\/uploads\/2025\/03\/Maryse-1mars2025-1-300x286.jpg\" alt=\"\" width=\"168\" height=\"160\" srcset=\"https:\/\/janze-athletisme.fr\/wordpress\/wp-content\/uploads\/2025\/03\/Maryse-1mars2025-1-300x286.jpg 300w, https:\/\/janze-athletisme.fr\/wordpress\/wp-content\/uploads\/2025\/03\/Maryse-1mars2025-1.jpg 570w\" sizes=\"auto, (max-width: 168px) 100vw, 168px\" \/> <\/a><a href=\"https:\/\/janze-athletisme.fr\/wordpress\/wp-content\/uploads\/2025\/03\/DSC_3859.jpg\"><img loading=\"lazy\" decoding=\"async\" class=\"alignnone wp-image-23932\" src=\"https:\/\/janze-athletisme.fr\/wordpress\/wp-content\/uploads\/2025\/03\/DSC_3859-300x300.jpg\" alt=\"\" width=\"161\" height=\"161\" srcset=\"https:\/\/janze-athletisme.fr\/wordpress\/wp-content\/uploads\/2025\/03\/DSC_3859-300x300.jpg 300w, https:\/\/janze-athletisme.fr\/wordpress\/wp-content\/uploads\/2025\/03\/DSC_3859-1024x1024.jpg 1024w, https:\/\/janze-athletisme.fr\/wordpress\/wp-content\/uploads\/2025\/03\/DSC_3859-150x150.jpg 150w, https:\/\/janze-athletisme.fr\/wordpress\/wp-content\/uploads\/2025\/03\/DSC_3859-768x768.jpg 768w, https:\/\/janze-athletisme.fr\/wordpress\/wp-content\/uploads\/2025\/03\/DSC_3859.jpg 1200w\" sizes=\"auto, (max-width: 161px) 100vw, 161px\" \/><\/a><\/p>\n<p>Tous les r\u00e9sultats g\u00e9n\u00e9raux sont <a href=\"https:\/\/bases.athle.fr\/asp.net\/liste.aspx?frmbase=resultats&amp;frmmode=1&amp;frmespace=0&amp;frmcompetition=297872&amp;frmepreuve=Coupe+de+France+U16+f%c3%a9minin+%2f+MIF\">ICI<\/a>.<\/p>\n","protected":false},"excerpt":{"rendered":"<p>Championnat de France de cross-country, Challans, dimanche 2 mars Les pelotons \u00e9taient cons\u00e9quents (407 engag\u00e9es chez les cadettes, 406 chez les cadets, 365 chez les juniors filles, 354 dans le cross court f\u00e9minin, 449 dans le cross long masculin, 150 dans l&rsquo;inter-ligues minimes !) et le niveau, comme chaque ann\u00e9e aux France de cross, monstrueux. [&hellip;]<\/p>\n","protected":false},"author":12,"featured_media":23900,"comment_status":"open","ping_status":"open","sticky":false,"template":"","format":"aside","meta":{"_uag_custom_page_level_css":"","site-sidebar-layout":"default","site-content-layout":"","ast-site-content-layout":"default","site-content-style":"default","site-sidebar-style":"default","ast-global-header-display":"","ast-banner-title-visibility":"","ast-main-header-display":"","ast-hfb-above-header-display":"","ast-hfb-below-header-display":"","ast-hfb-mobile-header-display":"","site-post-title":"","ast-breadcrumbs-content":"","ast-featured-img":"","footer-sml-layout":"","ast-disable-related-posts":"","theme-transparent-header-meta":"default","adv-header-id-meta":"","stick-header-meta":"","header-above-stick-meta":"","header-main-stick-meta":"","header-below-stick-meta":"","astra-migrate-meta-layouts":"set","ast-page-background-enabled":"default","ast-page-background-meta":{"desktop":{"background-color":"var(--ast-global-color-4)","background-image":"","background-repeat":"repeat","background-position":"center center","background-size":"auto","background-attachment":"scroll","background-type":"","background-media":"","overlay-type":"","overlay-color":"","overlay-opacity":"","overlay-gradient":""},"tablet":{"background-color":"","background-image":"","background-repeat":"repeat","background-position":"center center","background-size":"auto","background-attachment":"scroll","background-type":"","background-media":"","overlay-type":"","overlay-color":"","overlay-opacity":"","overlay-gradient":""},"mobile":{"background-color":"","background-image":"","background-repeat":"repeat","background-position":"center center","background-size":"auto","background-attachment":"scroll","background-type":"","background-media":"","overlay-type":"","overlay-color":"","overlay-opacity":"","overlay-gradient":""}},"ast-content-background-meta":{"desktop":{"background-color":"var(--ast-global-color-5)","background-image":"","background-repeat":"repeat","background-position":"center center","background-size":"auto","background-attachment":"scroll","background-type":"","background-media":"","overlay-type":"","overlay-color":"","overlay-opacity":"","overlay-gradient":""},"tablet":{"background-color":"var(--ast-global-color-5)","background-image":"","background-repeat":"repeat","background-position":"center center","background-size":"auto","background-attachment":"scroll","background-type":"","background-media":"","overlay-type":"","overlay-color":"","overlay-opacity":"","overlay-gradient":""},"mobile":{"background-color":"var(--ast-global-color-5)","background-image":"","background-repeat":"repeat","background-position":"center center","background-size":"auto","background-attachment":"scroll","background-type":"","background-media":"","overlay-type":"","overlay-color":"","overlay-opacity":"","overlay-gradient":""}},"footnotes":""},"categories":[6],"tags":[],"class_list":["post-23883","post","type-post","status-publish","format-aside","has-post-thumbnail","hentry","category-sections","post_format-post-format-aside"],"yoast_head":"<!-- This site is optimized with the Yoast SEO plugin v27.4 - https:\/\/yoast.com\/product\/yoast-seo-wordpress\/ -->\n<title>Challans : la rude \u00e9cole du haut niveau - Janz\u00e9 Athl\u00e9tisme<\/title>\n<meta name=\"robots\" content=\"index, follow, max-snippet:-1, max-image-preview:large, max-video-preview:-1\" \/>\n<link rel=\"canonical\" href=\"https:\/\/janze-athletisme.fr\/wordpress\/challans-la-rude-ecole-du-haut-niveau\/\" \/>\n<meta property=\"og:locale\" content=\"fr_FR\" \/>\n<meta property=\"og:type\" content=\"article\" \/>\n<meta property=\"og:title\" content=\"Challans : la rude \u00e9cole du haut niveau - Janz\u00e9 Athl\u00e9tisme\" \/>\n<meta property=\"og:description\" content=\"Championnat de France de cross-country, Challans, dimanche 2 mars Les pelotons \u00e9taient cons\u00e9quents (407 engag\u00e9es chez les cadettes, 406 chez les cadets, 365 chez les juniors filles, 354 dans le cross court f\u00e9minin, 449 dans le cross long masculin, 150 dans l&rsquo;inter-ligues minimes !) et le niveau, comme chaque ann\u00e9e aux France de cross, monstrueux. [&hellip;]\" \/>\n<meta property=\"og:url\" content=\"https:\/\/janze-athletisme.fr\/wordpress\/challans-la-rude-ecole-du-haut-niveau\/\" \/>\n<meta property=\"og:site_name\" content=\"Janz\u00e9 Athl\u00e9tisme\" \/>\n<meta property=\"article:publisher\" content=\"https:\/\/www.facebook.com\/groups\/1007964579346590\" \/>\n<meta property=\"article:published_time\" content=\"2025-03-04T08:55:34+00:00\" \/>\n<meta property=\"article:modified_time\" content=\"2025-03-04T22:08:30+00:00\" \/>\n<meta property=\"og:image\" content=\"https:\/\/janze-athletisme.fr\/wordpress\/wp-content\/uploads\/2025\/03\/DSC_3787.jpg\" \/>\n\t<meta property=\"og:image:width\" content=\"1200\" \/>\n\t<meta property=\"og:image:height\" content=\"1200\" \/>\n\t<meta property=\"og:image:type\" content=\"image\/jpeg\" \/>\n<meta name=\"author\" content=\"Laurent Meunier\" \/>\n<meta name=\"twitter:card\" content=\"summary_large_image\" \/>\n<meta name=\"twitter:label1\" content=\"\u00c9crit par\" \/>\n\t<meta name=\"twitter:data1\" content=\"Laurent Meunier\" \/>\n\t<meta name=\"twitter:label2\" content=\"Dur\u00e9e de lecture estim\u00e9e\" \/>\n\t<meta name=\"twitter:data2\" content=\"14 minutes\" \/>\n<script type=\"application\/ld+json\" class=\"yoast-schema-graph\">{\"@context\":\"https:\\\/\\\/schema.org\",\"@graph\":[{\"@type\":\"Article\",\"@id\":\"https:\\\/\\\/janze-athletisme.fr\\\/wordpress\\\/challans-la-rude-ecole-du-haut-niveau\\\/#article\",\"isPartOf\":{\"@id\":\"https:\\\/\\\/janze-athletisme.fr\\\/wordpress\\\/challans-la-rude-ecole-du-haut-niveau\\\/\"},\"author\":{\"name\":\"Laurent Meunier\",\"@id\":\"https:\\\/\\\/janze-athletisme.fr\\\/wordpress\\\/#\\\/schema\\\/person\\\/c7b063dcfa6234c041d4d9b26cc2ea03\"},\"headline\":\"Challans : la rude \u00e9cole du haut niveau\",\"datePublished\":\"2025-03-04T08:55:34+00:00\",\"dateModified\":\"2025-03-04T22:08:30+00:00\",\"mainEntityOfPage\":{\"@id\":\"https:\\\/\\\/janze-athletisme.fr\\\/wordpress\\\/challans-la-rude-ecole-du-haut-niveau\\\/\"},\"wordCount\":975,\"commentCount\":0,\"publisher\":{\"@id\":\"https:\\\/\\\/janze-athletisme.fr\\\/wordpress\\\/#organization\"},\"image\":{\"@id\":\"https:\\\/\\\/janze-athletisme.fr\\\/wordpress\\\/challans-la-rude-ecole-du-haut-niveau\\\/#primaryimage\"},\"thumbnailUrl\":\"https:\\\/\\\/janze-athletisme.fr\\\/wordpress\\\/wp-content\\\/uploads\\\/2025\\\/03\\\/DSC_3787.jpg\",\"articleSection\":[\"Le club au jour le jour\"],\"inLanguage\":\"fr-FR\",\"potentialAction\":[{\"@type\":\"CommentAction\",\"name\":\"Comment\",\"target\":[\"https:\\\/\\\/janze-athletisme.fr\\\/wordpress\\\/challans-la-rude-ecole-du-haut-niveau\\\/#respond\"]}]},{\"@type\":\"WebPage\",\"@id\":\"https:\\\/\\\/janze-athletisme.fr\\\/wordpress\\\/challans-la-rude-ecole-du-haut-niveau\\\/\",\"url\":\"https:\\\/\\\/janze-athletisme.fr\\\/wordpress\\\/challans-la-rude-ecole-du-haut-niveau\\\/\",\"name\":\"Challans : la rude \u00e9cole du haut niveau - Janz\u00e9 Athl\u00e9tisme\",\"isPartOf\":{\"@id\":\"https:\\\/\\\/janze-athletisme.fr\\\/wordpress\\\/#website\"},\"primaryImageOfPage\":{\"@id\":\"https:\\\/\\\/janze-athletisme.fr\\\/wordpress\\\/challans-la-rude-ecole-du-haut-niveau\\\/#primaryimage\"},\"image\":{\"@id\":\"https:\\\/\\\/janze-athletisme.fr\\\/wordpress\\\/challans-la-rude-ecole-du-haut-niveau\\\/#primaryimage\"},\"thumbnailUrl\":\"https:\\\/\\\/janze-athletisme.fr\\\/wordpress\\\/wp-content\\\/uploads\\\/2025\\\/03\\\/DSC_3787.jpg\",\"datePublished\":\"2025-03-04T08:55:34+00:00\",\"dateModified\":\"2025-03-04T22:08:30+00:00\",\"breadcrumb\":{\"@id\":\"https:\\\/\\\/janze-athletisme.fr\\\/wordpress\\\/challans-la-rude-ecole-du-haut-niveau\\\/#breadcrumb\"},\"inLanguage\":\"fr-FR\",\"potentialAction\":[{\"@type\":\"ReadAction\",\"target\":[\"https:\\\/\\\/janze-athletisme.fr\\\/wordpress\\\/challans-la-rude-ecole-du-haut-niveau\\\/\"]}]},{\"@type\":\"ImageObject\",\"inLanguage\":\"fr-FR\",\"@id\":\"https:\\\/\\\/janze-athletisme.fr\\\/wordpress\\\/challans-la-rude-ecole-du-haut-niveau\\\/#primaryimage\",\"url\":\"https:\\\/\\\/janze-athletisme.fr\\\/wordpress\\\/wp-content\\\/uploads\\\/2025\\\/03\\\/DSC_3787.jpg\",\"contentUrl\":\"https:\\\/\\\/janze-athletisme.fr\\\/wordpress\\\/wp-content\\\/uploads\\\/2025\\\/03\\\/DSC_3787.jpg\",\"width\":1200,\"height\":1200},{\"@type\":\"BreadcrumbList\",\"@id\":\"https:\\\/\\\/janze-athletisme.fr\\\/wordpress\\\/challans-la-rude-ecole-du-haut-niveau\\\/#breadcrumb\",\"itemListElement\":[{\"@type\":\"ListItem\",\"position\":1,\"name\":\"Accueil\",\"item\":\"https:\\\/\\\/janze-athletisme.fr\\\/wordpress\\\/\"},{\"@type\":\"ListItem\",\"position\":2,\"name\":\"Challans : la rude \u00e9cole du haut niveau\"}]},{\"@type\":\"WebSite\",\"@id\":\"https:\\\/\\\/janze-athletisme.fr\\\/wordpress\\\/#website\",\"url\":\"https:\\\/\\\/janze-athletisme.fr\\\/wordpress\\\/\",\"name\":\"Janz\u00e9 Athl\u00e9tisme\",\"description\":\"Pays de La Roche aux F\u00e9es\",\"publisher\":{\"@id\":\"https:\\\/\\\/janze-athletisme.fr\\\/wordpress\\\/#organization\"},\"potentialAction\":[{\"@type\":\"SearchAction\",\"target\":{\"@type\":\"EntryPoint\",\"urlTemplate\":\"https:\\\/\\\/janze-athletisme.fr\\\/wordpress\\\/?s={search_term_string}\"},\"query-input\":{\"@type\":\"PropertyValueSpecification\",\"valueRequired\":true,\"valueName\":\"search_term_string\"}}],\"inLanguage\":\"fr-FR\"},{\"@type\":\"Organization\",\"@id\":\"https:\\\/\\\/janze-athletisme.fr\\\/wordpress\\\/#organization\",\"name\":\"Janz\u00e9 Athl\u00e9tisme\",\"url\":\"https:\\\/\\\/janze-athletisme.fr\\\/wordpress\\\/\",\"logo\":{\"@type\":\"ImageObject\",\"inLanguage\":\"fr-FR\",\"@id\":\"https:\\\/\\\/janze-athletisme.fr\\\/wordpress\\\/#\\\/schema\\\/logo\\\/image\\\/\",\"url\":\"https:\\\/\\\/janze-athletisme.fr\\\/wordpress\\\/wp-content\\\/uploads\\\/2015\\\/03\\\/logo-full1.jpg\",\"contentUrl\":\"https:\\\/\\\/janze-athletisme.fr\\\/wordpress\\\/wp-content\\\/uploads\\\/2015\\\/03\\\/logo-full1.jpg\",\"width\":437,\"height\":205,\"caption\":\"Janz\u00e9 Athl\u00e9tisme\"},\"image\":{\"@id\":\"https:\\\/\\\/janze-athletisme.fr\\\/wordpress\\\/#\\\/schema\\\/logo\\\/image\\\/\"},\"sameAs\":[\"https:\\\/\\\/www.facebook.com\\\/groups\\\/1007964579346590\"]},{\"@type\":\"Person\",\"@id\":\"https:\\\/\\\/janze-athletisme.fr\\\/wordpress\\\/#\\\/schema\\\/person\\\/c7b063dcfa6234c041d4d9b26cc2ea03\",\"name\":\"Laurent Meunier\",\"image\":{\"@type\":\"ImageObject\",\"inLanguage\":\"fr-FR\",\"@id\":\"https:\\\/\\\/secure.gravatar.com\\\/avatar\\\/dd25d581ad7c3349090f2fa6a9adb6bfa287e6a5dd8a5216a092727cd8749034?s=96&d=mm&r=g\",\"url\":\"https:\\\/\\\/secure.gravatar.com\\\/avatar\\\/dd25d581ad7c3349090f2fa6a9adb6bfa287e6a5dd8a5216a092727cd8749034?s=96&d=mm&r=g\",\"contentUrl\":\"https:\\\/\\\/secure.gravatar.com\\\/avatar\\\/dd25d581ad7c3349090f2fa6a9adb6bfa287e6a5dd8a5216a092727cd8749034?s=96&d=mm&r=g\",\"caption\":\"Laurent Meunier\"},\"url\":\"https:\\\/\\\/janze-athletisme.fr\\\/wordpress\\\/author\\\/laurent-meunier35\\\/\"}]}<\/script>\n<!-- \/ Yoast SEO plugin. -->","yoast_head_json":{"title":"Challans : la rude \u00e9cole du haut niveau - Janz\u00e9 Athl\u00e9tisme","robots":{"index":"index","follow":"follow","max-snippet":"max-snippet:-1","max-image-preview":"max-image-preview:large","max-video-preview":"max-video-preview:-1"},"canonical":"https:\/\/janze-athletisme.fr\/wordpress\/challans-la-rude-ecole-du-haut-niveau\/","og_locale":"fr_FR","og_type":"article","og_title":"Challans : la rude \u00e9cole du haut niveau - Janz\u00e9 Athl\u00e9tisme","og_description":"Championnat de France de cross-country, Challans, dimanche 2 mars Les pelotons \u00e9taient cons\u00e9quents (407 engag\u00e9es chez les cadettes, 406 chez les cadets, 365 chez les juniors filles, 354 dans le cross court f\u00e9minin, 449 dans le cross long masculin, 150 dans l&rsquo;inter-ligues minimes !) et le niveau, comme chaque ann\u00e9e aux France de cross, monstrueux. [&hellip;]","og_url":"https:\/\/janze-athletisme.fr\/wordpress\/challans-la-rude-ecole-du-haut-niveau\/","og_site_name":"Janz\u00e9 Athl\u00e9tisme","article_publisher":"https:\/\/www.facebook.com\/groups\/1007964579346590","article_published_time":"2025-03-04T08:55:34+00:00","article_modified_time":"2025-03-04T22:08:30+00:00","og_image":[{"width":1200,"height":1200,"url":"https:\/\/janze-athletisme.fr\/wordpress\/wp-content\/uploads\/2025\/03\/DSC_3787.jpg","type":"image\/jpeg"}],"author":"Laurent Meunier","twitter_card":"summary_large_image","twitter_misc":{"\u00c9crit par":"Laurent Meunier","Dur\u00e9e de lecture estim\u00e9e":"14 minutes"},"schema":{"@context":"https:\/\/schema.org","@graph":[{"@type":"Article","@id":"https:\/\/janze-athletisme.fr\/wordpress\/challans-la-rude-ecole-du-haut-niveau\/#article","isPartOf":{"@id":"https:\/\/janze-athletisme.fr\/wordpress\/challans-la-rude-ecole-du-haut-niveau\/"},"author":{"name":"Laurent Meunier","@id":"https:\/\/janze-athletisme.fr\/wordpress\/#\/schema\/person\/c7b063dcfa6234c041d4d9b26cc2ea03"},"headline":"Challans : la rude \u00e9cole du haut niveau","datePublished":"2025-03-04T08:55:34+00:00","dateModified":"2025-03-04T22:08:30+00:00","mainEntityOfPage":{"@id":"https:\/\/janze-athletisme.fr\/wordpress\/challans-la-rude-ecole-du-haut-niveau\/"},"wordCount":975,"commentCount":0,"publisher":{"@id":"https:\/\/janze-athletisme.fr\/wordpress\/#organization"},"image":{"@id":"https:\/\/janze-athletisme.fr\/wordpress\/challans-la-rude-ecole-du-haut-niveau\/#primaryimage"},"thumbnailUrl":"https:\/\/janze-athletisme.fr\/wordpress\/wp-content\/uploads\/2025\/03\/DSC_3787.jpg","articleSection":["Le club au jour le jour"],"inLanguage":"fr-FR","potentialAction":[{"@type":"CommentAction","name":"Comment","target":["https:\/\/janze-athletisme.fr\/wordpress\/challans-la-rude-ecole-du-haut-niveau\/#respond"]}]},{"@type":"WebPage","@id":"https:\/\/janze-athletisme.fr\/wordpress\/challans-la-rude-ecole-du-haut-niveau\/","url":"https:\/\/janze-athletisme.fr\/wordpress\/challans-la-rude-ecole-du-haut-niveau\/","name":"Challans : la rude \u00e9cole du haut niveau - Janz\u00e9 Athl\u00e9tisme","isPartOf":{"@id":"https:\/\/janze-athletisme.fr\/wordpress\/#website"},"primaryImageOfPage":{"@id":"https:\/\/janze-athletisme.fr\/wordpress\/challans-la-rude-ecole-du-haut-niveau\/#primaryimage"},"image":{"@id":"https:\/\/janze-athletisme.fr\/wordpress\/challans-la-rude-ecole-du-haut-niveau\/#primaryimage"},"thumbnailUrl":"https:\/\/janze-athletisme.fr\/wordpress\/wp-content\/uploads\/2025\/03\/DSC_3787.jpg","datePublished":"2025-03-04T08:55:34+00:00","dateModified":"2025-03-04T22:08:30+00:00","breadcrumb":{"@id":"https:\/\/janze-athletisme.fr\/wordpress\/challans-la-rude-ecole-du-haut-niveau\/#breadcrumb"},"inLanguage":"fr-FR","potentialAction":[{"@type":"ReadAction","target":["https:\/\/janze-athletisme.fr\/wordpress\/challans-la-rude-ecole-du-haut-niveau\/"]}]},{"@type":"ImageObject","inLanguage":"fr-FR","@id":"https:\/\/janze-athletisme.fr\/wordpress\/challans-la-rude-ecole-du-haut-niveau\/#primaryimage","url":"https:\/\/janze-athletisme.fr\/wordpress\/wp-content\/uploads\/2025\/03\/DSC_3787.jpg","contentUrl":"https:\/\/janze-athletisme.fr\/wordpress\/wp-content\/uploads\/2025\/03\/DSC_3787.jpg","width":1200,"height":1200},{"@type":"BreadcrumbList","@id":"https:\/\/janze-athletisme.fr\/wordpress\/challans-la-rude-ecole-du-haut-niveau\/#breadcrumb","itemListElement":[{"@type":"ListItem","position":1,"name":"Accueil","item":"https:\/\/janze-athletisme.fr\/wordpress\/"},{"@type":"ListItem","position":2,"name":"Challans : la rude \u00e9cole du haut niveau"}]},{"@type":"WebSite","@id":"https:\/\/janze-athletisme.fr\/wordpress\/#website","url":"https:\/\/janze-athletisme.fr\/wordpress\/","name":"Janz\u00e9 Athl\u00e9tisme","description":"Pays de La Roche aux F\u00e9es","publisher":{"@id":"https:\/\/janze-athletisme.fr\/wordpress\/#organization"},"potentialAction":[{"@type":"SearchAction","target":{"@type":"EntryPoint","urlTemplate":"https:\/\/janze-athletisme.fr\/wordpress\/?s={search_term_string}"},"query-input":{"@type":"PropertyValueSpecification","valueRequired":true,"valueName":"search_term_string"}}],"inLanguage":"fr-FR"},{"@type":"Organization","@id":"https:\/\/janze-athletisme.fr\/wordpress\/#organization","name":"Janz\u00e9 Athl\u00e9tisme","url":"https:\/\/janze-athletisme.fr\/wordpress\/","logo":{"@type":"ImageObject","inLanguage":"fr-FR","@id":"https:\/\/janze-athletisme.fr\/wordpress\/#\/schema\/logo\/image\/","url":"https:\/\/janze-athletisme.fr\/wordpress\/wp-content\/uploads\/2015\/03\/logo-full1.jpg","contentUrl":"https:\/\/janze-athletisme.fr\/wordpress\/wp-content\/uploads\/2015\/03\/logo-full1.jpg","width":437,"height":205,"caption":"Janz\u00e9 Athl\u00e9tisme"},"image":{"@id":"https:\/\/janze-athletisme.fr\/wordpress\/#\/schema\/logo\/image\/"},"sameAs":["https:\/\/www.facebook.com\/groups\/1007964579346590"]},{"@type":"Person","@id":"https:\/\/janze-athletisme.fr\/wordpress\/#\/schema\/person\/c7b063dcfa6234c041d4d9b26cc2ea03","name":"Laurent Meunier","image":{"@type":"ImageObject","inLanguage":"fr-FR","@id":"https:\/\/secure.gravatar.com\/avatar\/dd25d581ad7c3349090f2fa6a9adb6bfa287e6a5dd8a5216a092727cd8749034?s=96&d=mm&r=g","url":"https:\/\/secure.gravatar.com\/avatar\/dd25d581ad7c3349090f2fa6a9adb6bfa287e6a5dd8a5216a092727cd8749034?s=96&d=mm&r=g","contentUrl":"https:\/\/secure.gravatar.com\/avatar\/dd25d581ad7c3349090f2fa6a9adb6bfa287e6a5dd8a5216a092727cd8749034?s=96&d=mm&r=g","caption":"Laurent Meunier"},"url":"https:\/\/janze-athletisme.fr\/wordpress\/author\/laurent-meunier35\/"}]}},"uagb_featured_image_src":{"full":["https:\/\/janze-athletisme.fr\/wordpress\/wp-content\/uploads\/2025\/03\/DSC_3787.jpg",1200,1200,false],"thumbnail":["https:\/\/janze-athletisme.fr\/wordpress\/wp-content\/uploads\/2025\/03\/DSC_3787-150x150.jpg",150,150,true],"medium":["https:\/\/janze-athletisme.fr\/wordpress\/wp-content\/uploads\/2025\/03\/DSC_3787-300x300.jpg",300,300,true],"medium_large":["https:\/\/janze-athletisme.fr\/wordpress\/wp-content\/uploads\/2025\/03\/DSC_3787-768x768.jpg",768,768,true],"large":["https:\/\/janze-athletisme.fr\/wordpress\/wp-content\/uploads\/2025\/03\/DSC_3787-1024x1024.jpg",1024,1024,true],"1536x1536":["https:\/\/janze-athletisme.fr\/wordpress\/wp-content\/uploads\/2025\/03\/DSC_3787.jpg",1200,1200,false],"2048x2048":["https:\/\/janze-athletisme.fr\/wordpress\/wp-content\/uploads\/2025\/03\/DSC_3787.jpg",1200,1200,false]},"uagb_author_info":{"display_name":"Laurent Meunier","author_link":"https:\/\/janze-athletisme.fr\/wordpress\/author\/laurent-meunier35\/"},"uagb_comment_info":0,"uagb_excerpt":"Championnat de France de cross-country, Challans, dimanche 2 mars Les pelotons \u00e9taient cons\u00e9quents (407 engag\u00e9es chez les cadettes, 406 chez les cadets, 365 chez les juniors filles, 354 dans le cross court f\u00e9minin, 449 dans le cross long masculin, 150 dans l&rsquo;inter-ligues minimes !) et le niveau, comme chaque ann\u00e9e aux France de cross, monstrueux.\u2026","_links":{"self":[{"href":"https:\/\/janze-athletisme.fr\/wordpress\/wp-json\/wp\/v2\/posts\/23883","targetHints":{"allow":["GET"]}}],"collection":[{"href":"https:\/\/janze-athletisme.fr\/wordpress\/wp-json\/wp\/v2\/posts"}],"about":[{"href":"https:\/\/janze-athletisme.fr\/wordpress\/wp-json\/wp\/v2\/types\/post"}],"author":[{"embeddable":true,"href":"https:\/\/janze-athletisme.fr\/wordpress\/wp-json\/wp\/v2\/users\/12"}],"replies":[{"embeddable":true,"href":"https:\/\/janze-athletisme.fr\/wordpress\/wp-json\/wp\/v2\/comments?post=23883"}],"version-history":[{"count":8,"href":"https:\/\/janze-athletisme.fr\/wordpress\/wp-json\/wp\/v2\/posts\/23883\/revisions"}],"predecessor-version":[{"id":23960,"href":"https:\/\/janze-athletisme.fr\/wordpress\/wp-json\/wp\/v2\/posts\/23883\/revisions\/23960"}],"wp:featuredmedia":[{"embeddable":true,"href":"https:\/\/janze-athletisme.fr\/wordpress\/wp-json\/wp\/v2\/media\/23900"}],"wp:attachment":[{"href":"https:\/\/janze-athletisme.fr\/wordpress\/wp-json\/wp\/v2\/media?parent=23883"}],"wp:term":[{"taxonomy":"category","embeddable":true,"href":"https:\/\/janze-athletisme.fr\/wordpress\/wp-json\/wp\/v2\/categories?post=23883"},{"taxonomy":"post_tag","embeddable":true,"href":"https:\/\/janze-athletisme.fr\/wordpress\/wp-json\/wp\/v2\/tags?post=23883"}],"curies":[{"name":"wp","href":"https:\/\/api.w.org\/{rel}","templated":true}]}}