{"id":23871,"date":"2025-03-03T20:40:13","date_gmt":"2025-03-03T19:40:13","guid":{"rendered":"https:\/\/janze-athletisme.fr\/wordpress\/?p=23871"},"modified":"2025-03-03T20:42:32","modified_gmt":"2025-03-03T19:42:32","slug":"enzo-14e-du-poids-espoirs-national","status":"publish","type":"post","link":"https:\/\/janze-athletisme.fr\/wordpress\/enzo-14e-du-poids-espoirs-national\/","title":{"rendered":"Enzo 14e du poids espoirs national"},"content":{"rendered":"<p><span style=\"font-size: 18pt\"><strong>Championnat de France hivernal des lancers longs, Salon-de-Provence, samedi 1er mars<\/strong><\/span><\/p>\n<p>Arriv\u00e9 avec la 16e (et derni\u00e8re) perf nationale \u00e0 ce sommet hivernal des lanceurs, <strong>Enzo<\/strong> Paccini n&rsquo;a pas d\u00e9m\u00e9rit\u00e9, puisqu&rsquo;il termine 14e, tout pr\u00e8s de son record de l&rsquo;hiver (12m56 contre 12m61 le 18 janvier), et laisse donc derri\u00e8re lui deux concurrents.<\/p>\n<p>Dommage qu&rsquo;il n&rsquo;ait pas b\u00e9n\u00e9fici\u00e9 des trois lancers suppl\u00e9mentaires d\u00e9volus aux huit premiers du concours, parce qu&rsquo;il \u00e9tait parti sur une dynamique exponentielle : 11m58 au 1er essai, 12m08 au 2e et 12m56 au 3e.<\/p>\n<p>Une suite logique nous aurait amen\u00e9 \u00e0 13m54 au 6e&#8230; Dommage, mais ce sera pour cet \u00e9t\u00e9 !<\/p>\n<p>Bravo Enzo ! Le club est fier de toi.<\/p>\n<p><a href=\"https:\/\/janze-athletisme.fr\/wordpress\/wp-content\/uploads\/2025\/03\/Enzo-Paccini-18janv2025-DR-CMS-2.jpg\"><img loading=\"lazy\" decoding=\"async\" class=\"alignnone wp-image-23874\" src=\"https:\/\/janze-athletisme.fr\/wordpress\/wp-content\/uploads\/2025\/03\/Enzo-Paccini-18janv2025-DR-CMS-2-300x201.jpg\" alt=\"\" width=\"327\" height=\"219\" srcset=\"https:\/\/janze-athletisme.fr\/wordpress\/wp-content\/uploads\/2025\/03\/Enzo-Paccini-18janv2025-DR-CMS-2-300x201.jpg 300w, https:\/\/janze-athletisme.fr\/wordpress\/wp-content\/uploads\/2025\/03\/Enzo-Paccini-18janv2025-DR-CMS-2-768x515.jpg 768w, https:\/\/janze-athletisme.fr\/wordpress\/wp-content\/uploads\/2025\/03\/Enzo-Paccini-18janv2025-DR-CMS-2.jpg 1011w\" sizes=\"auto, (max-width: 327px) 100vw, 327px\" \/><\/a> <a href=\"https:\/\/janze-athletisme.fr\/wordpress\/wp-content\/uploads\/2025\/03\/Enzo-Paccini-18janv2025-DR-CMS-3.jpg\"><img loading=\"lazy\" decoding=\"async\" class=\"alignnone wp-image-23875\" src=\"https:\/\/janze-athletisme.fr\/wordpress\/wp-content\/uploads\/2025\/03\/Enzo-Paccini-18janv2025-DR-CMS-3-300x201.jpg\" alt=\"\" width=\"327\" height=\"219\" srcset=\"https:\/\/janze-athletisme.fr\/wordpress\/wp-content\/uploads\/2025\/03\/Enzo-Paccini-18janv2025-DR-CMS-3-300x201.jpg 300w, https:\/\/janze-athletisme.fr\/wordpress\/wp-content\/uploads\/2025\/03\/Enzo-Paccini-18janv2025-DR-CMS-3-768x514.jpg 768w, https:\/\/janze-athletisme.fr\/wordpress\/wp-content\/uploads\/2025\/03\/Enzo-Paccini-18janv2025-DR-CMS-3.jpg 1012w\" sizes=\"auto, (max-width: 327px) 100vw, 327px\" \/><\/a><\/p>\n<p><a href=\"https:\/\/janze-athletisme.fr\/wordpress\/wp-content\/uploads\/2025\/03\/Enzo-Paccini-18janv2025-DR-CMS-4.jpg\"><img loading=\"lazy\" decoding=\"async\" class=\"alignnone wp-image-23876\" src=\"https:\/\/janze-athletisme.fr\/wordpress\/wp-content\/uploads\/2025\/03\/Enzo-Paccini-18janv2025-DR-CMS-4-300x201.jpg\" alt=\"\" width=\"327\" height=\"219\" srcset=\"https:\/\/janze-athletisme.fr\/wordpress\/wp-content\/uploads\/2025\/03\/Enzo-Paccini-18janv2025-DR-CMS-4-300x201.jpg 300w, https:\/\/janze-athletisme.fr\/wordpress\/wp-content\/uploads\/2025\/03\/Enzo-Paccini-18janv2025-DR-CMS-4-768x516.jpg 768w, https:\/\/janze-athletisme.fr\/wordpress\/wp-content\/uploads\/2025\/03\/Enzo-Paccini-18janv2025-DR-CMS-4.jpg 1013w\" sizes=\"auto, (max-width: 327px) 100vw, 327px\" \/> <\/a><a href=\"https:\/\/janze-athletisme.fr\/wordpress\/wp-content\/uploads\/2025\/03\/Enzo-Paccini-18janv2025-DR-CMS.jpg\"><img loading=\"lazy\" decoding=\"async\" class=\"alignnone wp-image-23877\" src=\"https:\/\/janze-athletisme.fr\/wordpress\/wp-content\/uploads\/2025\/03\/Enzo-Paccini-18janv2025-DR-CMS-300x201.jpg\" alt=\"\" width=\"326\" height=\"218\" srcset=\"https:\/\/janze-athletisme.fr\/wordpress\/wp-content\/uploads\/2025\/03\/Enzo-Paccini-18janv2025-DR-CMS-300x201.jpg 300w, https:\/\/janze-athletisme.fr\/wordpress\/wp-content\/uploads\/2025\/03\/Enzo-Paccini-18janv2025-DR-CMS-768x514.jpg 768w, https:\/\/janze-athletisme.fr\/wordpress\/wp-content\/uploads\/2025\/03\/Enzo-Paccini-18janv2025-DR-CMS.jpg 1013w\" sizes=\"auto, (max-width: 326px) 100vw, 326px\" \/><\/a><\/p>\n<p><em><span style=\"font-size: 10pt\">Enzo photographi\u00e9 par Capture My Sport lors des derniers R\u00e9gionaux en salle ce m\u00eame 18 janvier o\u00f9 il a \u00e9tabli sa meilleure perf de l&rsquo;hiver.<\/span><\/em><\/p>\n","protected":false},"excerpt":{"rendered":"<p>Championnat de France hivernal des lancers longs, Salon-de-Provence, samedi 1er mars Arriv\u00e9 avec la 16e (et derni\u00e8re) perf nationale \u00e0 ce sommet hivernal des lanceurs, Enzo Paccini n&rsquo;a pas d\u00e9m\u00e9rit\u00e9, puisqu&rsquo;il termine 14e, tout pr\u00e8s de son record de l&rsquo;hiver (12m56 contre 12m61 le 18 janvier), et laisse donc derri\u00e8re lui deux concurrents. Dommage qu&rsquo;il [&hellip;]<\/p>\n","protected":false},"author":12,"featured_media":23877,"comment_status":"open","ping_status":"open","sticky":false,"template":"","format":"aside","meta":{"_uag_custom_page_level_css":"","site-sidebar-layout":"default","site-content-layout":"","ast-site-content-layout":"default","site-content-style":"default","site-sidebar-style":"default","ast-global-header-display":"","ast-banner-title-visibility":"","ast-main-header-display":"","ast-hfb-above-header-display":"","ast-hfb-below-header-display":"","ast-hfb-mobile-header-display":"","site-post-title":"","ast-breadcrumbs-content":"","ast-featured-img":"","footer-sml-layout":"","ast-disable-related-posts":"","theme-transparent-header-meta":"default","adv-header-id-meta":"","stick-header-meta":"","header-above-stick-meta":"","header-main-stick-meta":"","header-below-stick-meta":"","astra-migrate-meta-layouts":"set","ast-page-background-enabled":"default","ast-page-background-meta":{"desktop":{"background-color":"var(--ast-global-color-4)","background-image":"","background-repeat":"repeat","background-position":"center center","background-size":"auto","background-attachment":"scroll","background-type":"","background-media":"","overlay-type":"","overlay-color":"","overlay-opacity":"","overlay-gradient":""},"tablet":{"background-color":"","background-image":"","background-repeat":"repeat","background-position":"center center","background-size":"auto","background-attachment":"scroll","background-type":"","background-media":"","overlay-type":"","overlay-color":"","overlay-opacity":"","overlay-gradient":""},"mobile":{"background-color":"","background-image":"","background-repeat":"repeat","background-position":"center center","background-size":"auto","background-attachment":"scroll","background-type":"","background-media":"","overlay-type":"","overlay-color":"","overlay-opacity":"","overlay-gradient":""}},"ast-content-background-meta":{"desktop":{"background-color":"var(--ast-global-color-5)","background-image":"","background-repeat":"repeat","background-position":"center center","background-size":"auto","background-attachment":"scroll","background-type":"","background-media":"","overlay-type":"","overlay-color":"","overlay-opacity":"","overlay-gradient":""},"tablet":{"background-color":"var(--ast-global-color-5)","background-image":"","background-repeat":"repeat","background-position":"center center","background-size":"auto","background-attachment":"scroll","background-type":"","background-media":"","overlay-type":"","overlay-color":"","overlay-opacity":"","overlay-gradient":""},"mobile":{"background-color":"var(--ast-global-color-5)","background-image":"","background-repeat":"repeat","background-position":"center center","background-size":"auto","background-attachment":"scroll","background-type":"","background-media":"","overlay-type":"","overlay-color":"","overlay-opacity":"","overlay-gradient":""}},"footnotes":""},"categories":[6],"tags":[],"class_list":["post-23871","post","type-post","status-publish","format-aside","has-post-thumbnail","hentry","category-sections","post_format-post-format-aside"],"yoast_head":"<!-- This site is optimized with the Yoast SEO plugin v27.4 - https:\/\/yoast.com\/product\/yoast-seo-wordpress\/ -->\n<title>Enzo 14e du poids espoirs national - Janz\u00e9 Athl\u00e9tisme<\/title>\n<meta name=\"robots\" content=\"index, follow, max-snippet:-1, max-image-preview:large, max-video-preview:-1\" \/>\n<link rel=\"canonical\" href=\"https:\/\/janze-athletisme.fr\/wordpress\/enzo-14e-du-poids-espoirs-national\/\" \/>\n<meta property=\"og:locale\" content=\"fr_FR\" \/>\n<meta property=\"og:type\" content=\"article\" \/>\n<meta property=\"og:title\" content=\"Enzo 14e du poids espoirs national - Janz\u00e9 Athl\u00e9tisme\" \/>\n<meta property=\"og:description\" content=\"Championnat de France hivernal des lancers longs, Salon-de-Provence, samedi 1er mars Arriv\u00e9 avec la 16e (et derni\u00e8re) perf nationale \u00e0 ce sommet hivernal des lanceurs, Enzo Paccini n&rsquo;a pas d\u00e9m\u00e9rit\u00e9, puisqu&rsquo;il termine 14e, tout pr\u00e8s de son record de l&rsquo;hiver (12m56 contre 12m61 le 18 janvier), et laisse donc derri\u00e8re lui deux concurrents. Dommage qu&rsquo;il [&hellip;]\" \/>\n<meta property=\"og:url\" content=\"https:\/\/janze-athletisme.fr\/wordpress\/enzo-14e-du-poids-espoirs-national\/\" \/>\n<meta property=\"og:site_name\" content=\"Janz\u00e9 Athl\u00e9tisme\" \/>\n<meta property=\"article:publisher\" content=\"https:\/\/www.facebook.com\/groups\/1007964579346590\" \/>\n<meta property=\"article:published_time\" content=\"2025-03-03T19:40:13+00:00\" \/>\n<meta property=\"article:modified_time\" content=\"2025-03-03T19:42:32+00:00\" \/>\n<meta property=\"og:image\" content=\"https:\/\/janze-athletisme.fr\/wordpress\/wp-content\/uploads\/2025\/03\/Enzo-Paccini-18janv2025-DR-CMS.jpg\" \/>\n\t<meta property=\"og:image:width\" content=\"1013\" \/>\n\t<meta property=\"og:image:height\" content=\"678\" \/>\n\t<meta property=\"og:image:type\" content=\"image\/jpeg\" \/>\n<meta name=\"author\" content=\"Laurent Meunier\" \/>\n<meta name=\"twitter:card\" content=\"summary_large_image\" \/>\n<meta name=\"twitter:label1\" content=\"\u00c9crit par\" \/>\n\t<meta name=\"twitter:data1\" content=\"Laurent Meunier\" \/>\n\t<meta name=\"twitter:label2\" content=\"Dur\u00e9e de lecture estim\u00e9e\" \/>\n\t<meta name=\"twitter:data2\" content=\"2 minutes\" \/>\n<script type=\"application\/ld+json\" class=\"yoast-schema-graph\">{\"@context\":\"https:\\\/\\\/schema.org\",\"@graph\":[{\"@type\":\"Article\",\"@id\":\"https:\\\/\\\/janze-athletisme.fr\\\/wordpress\\\/enzo-14e-du-poids-espoirs-national\\\/#article\",\"isPartOf\":{\"@id\":\"https:\\\/\\\/janze-athletisme.fr\\\/wordpress\\\/enzo-14e-du-poids-espoirs-national\\\/\"},\"author\":{\"name\":\"Laurent Meunier\",\"@id\":\"https:\\\/\\\/janze-athletisme.fr\\\/wordpress\\\/#\\\/schema\\\/person\\\/c7b063dcfa6234c041d4d9b26cc2ea03\"},\"headline\":\"Enzo 14e du poids espoirs national\",\"datePublished\":\"2025-03-03T19:40:13+00:00\",\"dateModified\":\"2025-03-03T19:42:32+00:00\",\"mainEntityOfPage\":{\"@id\":\"https:\\\/\\\/janze-athletisme.fr\\\/wordpress\\\/enzo-14e-du-poids-espoirs-national\\\/\"},\"wordCount\":157,\"commentCount\":0,\"publisher\":{\"@id\":\"https:\\\/\\\/janze-athletisme.fr\\\/wordpress\\\/#organization\"},\"image\":{\"@id\":\"https:\\\/\\\/janze-athletisme.fr\\\/wordpress\\\/enzo-14e-du-poids-espoirs-national\\\/#primaryimage\"},\"thumbnailUrl\":\"https:\\\/\\\/janze-athletisme.fr\\\/wordpress\\\/wp-content\\\/uploads\\\/2025\\\/03\\\/Enzo-Paccini-18janv2025-DR-CMS.jpg\",\"articleSection\":[\"Le club au jour le jour\"],\"inLanguage\":\"fr-FR\",\"potentialAction\":[{\"@type\":\"CommentAction\",\"name\":\"Comment\",\"target\":[\"https:\\\/\\\/janze-athletisme.fr\\\/wordpress\\\/enzo-14e-du-poids-espoirs-national\\\/#respond\"]}]},{\"@type\":\"WebPage\",\"@id\":\"https:\\\/\\\/janze-athletisme.fr\\\/wordpress\\\/enzo-14e-du-poids-espoirs-national\\\/\",\"url\":\"https:\\\/\\\/janze-athletisme.fr\\\/wordpress\\\/enzo-14e-du-poids-espoirs-national\\\/\",\"name\":\"Enzo 14e du poids espoirs national - Janz\u00e9 Athl\u00e9tisme\",\"isPartOf\":{\"@id\":\"https:\\\/\\\/janze-athletisme.fr\\\/wordpress\\\/#website\"},\"primaryImageOfPage\":{\"@id\":\"https:\\\/\\\/janze-athletisme.fr\\\/wordpress\\\/enzo-14e-du-poids-espoirs-national\\\/#primaryimage\"},\"image\":{\"@id\":\"https:\\\/\\\/janze-athletisme.fr\\\/wordpress\\\/enzo-14e-du-poids-espoirs-national\\\/#primaryimage\"},\"thumbnailUrl\":\"https:\\\/\\\/janze-athletisme.fr\\\/wordpress\\\/wp-content\\\/uploads\\\/2025\\\/03\\\/Enzo-Paccini-18janv2025-DR-CMS.jpg\",\"datePublished\":\"2025-03-03T19:40:13+00:00\",\"dateModified\":\"2025-03-03T19:42:32+00:00\",\"breadcrumb\":{\"@id\":\"https:\\\/\\\/janze-athletisme.fr\\\/wordpress\\\/enzo-14e-du-poids-espoirs-national\\\/#breadcrumb\"},\"inLanguage\":\"fr-FR\",\"potentialAction\":[{\"@type\":\"ReadAction\",\"target\":[\"https:\\\/\\\/janze-athletisme.fr\\\/wordpress\\\/enzo-14e-du-poids-espoirs-national\\\/\"]}]},{\"@type\":\"ImageObject\",\"inLanguage\":\"fr-FR\",\"@id\":\"https:\\\/\\\/janze-athletisme.fr\\\/wordpress\\\/enzo-14e-du-poids-espoirs-national\\\/#primaryimage\",\"url\":\"https:\\\/\\\/janze-athletisme.fr\\\/wordpress\\\/wp-content\\\/uploads\\\/2025\\\/03\\\/Enzo-Paccini-18janv2025-DR-CMS.jpg\",\"contentUrl\":\"https:\\\/\\\/janze-athletisme.fr\\\/wordpress\\\/wp-content\\\/uploads\\\/2025\\\/03\\\/Enzo-Paccini-18janv2025-DR-CMS.jpg\",\"width\":1013,\"height\":678},{\"@type\":\"BreadcrumbList\",\"@id\":\"https:\\\/\\\/janze-athletisme.fr\\\/wordpress\\\/enzo-14e-du-poids-espoirs-national\\\/#breadcrumb\",\"itemListElement\":[{\"@type\":\"ListItem\",\"position\":1,\"name\":\"Accueil\",\"item\":\"https:\\\/\\\/janze-athletisme.fr\\\/wordpress\\\/\"},{\"@type\":\"ListItem\",\"position\":2,\"name\":\"Enzo 14e du poids espoirs national\"}]},{\"@type\":\"WebSite\",\"@id\":\"https:\\\/\\\/janze-athletisme.fr\\\/wordpress\\\/#website\",\"url\":\"https:\\\/\\\/janze-athletisme.fr\\\/wordpress\\\/\",\"name\":\"Janz\u00e9 Athl\u00e9tisme\",\"description\":\"Pays de La Roche aux F\u00e9es\",\"publisher\":{\"@id\":\"https:\\\/\\\/janze-athletisme.fr\\\/wordpress\\\/#organization\"},\"potentialAction\":[{\"@type\":\"SearchAction\",\"target\":{\"@type\":\"EntryPoint\",\"urlTemplate\":\"https:\\\/\\\/janze-athletisme.fr\\\/wordpress\\\/?s={search_term_string}\"},\"query-input\":{\"@type\":\"PropertyValueSpecification\",\"valueRequired\":true,\"valueName\":\"search_term_string\"}}],\"inLanguage\":\"fr-FR\"},{\"@type\":\"Organization\",\"@id\":\"https:\\\/\\\/janze-athletisme.fr\\\/wordpress\\\/#organization\",\"name\":\"Janz\u00e9 Athl\u00e9tisme\",\"url\":\"https:\\\/\\\/janze-athletisme.fr\\\/wordpress\\\/\",\"logo\":{\"@type\":\"ImageObject\",\"inLanguage\":\"fr-FR\",\"@id\":\"https:\\\/\\\/janze-athletisme.fr\\\/wordpress\\\/#\\\/schema\\\/logo\\\/image\\\/\",\"url\":\"https:\\\/\\\/janze-athletisme.fr\\\/wordpress\\\/wp-content\\\/uploads\\\/2015\\\/03\\\/logo-full1.jpg\",\"contentUrl\":\"https:\\\/\\\/janze-athletisme.fr\\\/wordpress\\\/wp-content\\\/uploads\\\/2015\\\/03\\\/logo-full1.jpg\",\"width\":437,\"height\":205,\"caption\":\"Janz\u00e9 Athl\u00e9tisme\"},\"image\":{\"@id\":\"https:\\\/\\\/janze-athletisme.fr\\\/wordpress\\\/#\\\/schema\\\/logo\\\/image\\\/\"},\"sameAs\":[\"https:\\\/\\\/www.facebook.com\\\/groups\\\/1007964579346590\"]},{\"@type\":\"Person\",\"@id\":\"https:\\\/\\\/janze-athletisme.fr\\\/wordpress\\\/#\\\/schema\\\/person\\\/c7b063dcfa6234c041d4d9b26cc2ea03\",\"name\":\"Laurent Meunier\",\"image\":{\"@type\":\"ImageObject\",\"inLanguage\":\"fr-FR\",\"@id\":\"https:\\\/\\\/secure.gravatar.com\\\/avatar\\\/dd25d581ad7c3349090f2fa6a9adb6bfa287e6a5dd8a5216a092727cd8749034?s=96&d=mm&r=g\",\"url\":\"https:\\\/\\\/secure.gravatar.com\\\/avatar\\\/dd25d581ad7c3349090f2fa6a9adb6bfa287e6a5dd8a5216a092727cd8749034?s=96&d=mm&r=g\",\"contentUrl\":\"https:\\\/\\\/secure.gravatar.com\\\/avatar\\\/dd25d581ad7c3349090f2fa6a9adb6bfa287e6a5dd8a5216a092727cd8749034?s=96&d=mm&r=g\",\"caption\":\"Laurent Meunier\"},\"url\":\"https:\\\/\\\/janze-athletisme.fr\\\/wordpress\\\/author\\\/laurent-meunier35\\\/\"}]}<\/script>\n<!-- \/ Yoast SEO plugin. -->","yoast_head_json":{"title":"Enzo 14e du poids espoirs national - Janz\u00e9 Athl\u00e9tisme","robots":{"index":"index","follow":"follow","max-snippet":"max-snippet:-1","max-image-preview":"max-image-preview:large","max-video-preview":"max-video-preview:-1"},"canonical":"https:\/\/janze-athletisme.fr\/wordpress\/enzo-14e-du-poids-espoirs-national\/","og_locale":"fr_FR","og_type":"article","og_title":"Enzo 14e du poids espoirs national - Janz\u00e9 Athl\u00e9tisme","og_description":"Championnat de France hivernal des lancers longs, Salon-de-Provence, samedi 1er mars Arriv\u00e9 avec la 16e (et derni\u00e8re) perf nationale \u00e0 ce sommet hivernal des lanceurs, Enzo Paccini n&rsquo;a pas d\u00e9m\u00e9rit\u00e9, puisqu&rsquo;il termine 14e, tout pr\u00e8s de son record de l&rsquo;hiver (12m56 contre 12m61 le 18 janvier), et laisse donc derri\u00e8re lui deux concurrents. Dommage qu&rsquo;il [&hellip;]","og_url":"https:\/\/janze-athletisme.fr\/wordpress\/enzo-14e-du-poids-espoirs-national\/","og_site_name":"Janz\u00e9 Athl\u00e9tisme","article_publisher":"https:\/\/www.facebook.com\/groups\/1007964579346590","article_published_time":"2025-03-03T19:40:13+00:00","article_modified_time":"2025-03-03T19:42:32+00:00","og_image":[{"width":1013,"height":678,"url":"https:\/\/janze-athletisme.fr\/wordpress\/wp-content\/uploads\/2025\/03\/Enzo-Paccini-18janv2025-DR-CMS.jpg","type":"image\/jpeg"}],"author":"Laurent Meunier","twitter_card":"summary_large_image","twitter_misc":{"\u00c9crit par":"Laurent Meunier","Dur\u00e9e de lecture estim\u00e9e":"2 minutes"},"schema":{"@context":"https:\/\/schema.org","@graph":[{"@type":"Article","@id":"https:\/\/janze-athletisme.fr\/wordpress\/enzo-14e-du-poids-espoirs-national\/#article","isPartOf":{"@id":"https:\/\/janze-athletisme.fr\/wordpress\/enzo-14e-du-poids-espoirs-national\/"},"author":{"name":"Laurent Meunier","@id":"https:\/\/janze-athletisme.fr\/wordpress\/#\/schema\/person\/c7b063dcfa6234c041d4d9b26cc2ea03"},"headline":"Enzo 14e du poids espoirs national","datePublished":"2025-03-03T19:40:13+00:00","dateModified":"2025-03-03T19:42:32+00:00","mainEntityOfPage":{"@id":"https:\/\/janze-athletisme.fr\/wordpress\/enzo-14e-du-poids-espoirs-national\/"},"wordCount":157,"commentCount":0,"publisher":{"@id":"https:\/\/janze-athletisme.fr\/wordpress\/#organization"},"image":{"@id":"https:\/\/janze-athletisme.fr\/wordpress\/enzo-14e-du-poids-espoirs-national\/#primaryimage"},"thumbnailUrl":"https:\/\/janze-athletisme.fr\/wordpress\/wp-content\/uploads\/2025\/03\/Enzo-Paccini-18janv2025-DR-CMS.jpg","articleSection":["Le club au jour le jour"],"inLanguage":"fr-FR","potentialAction":[{"@type":"CommentAction","name":"Comment","target":["https:\/\/janze-athletisme.fr\/wordpress\/enzo-14e-du-poids-espoirs-national\/#respond"]}]},{"@type":"WebPage","@id":"https:\/\/janze-athletisme.fr\/wordpress\/enzo-14e-du-poids-espoirs-national\/","url":"https:\/\/janze-athletisme.fr\/wordpress\/enzo-14e-du-poids-espoirs-national\/","name":"Enzo 14e du poids espoirs national - Janz\u00e9 Athl\u00e9tisme","isPartOf":{"@id":"https:\/\/janze-athletisme.fr\/wordpress\/#website"},"primaryImageOfPage":{"@id":"https:\/\/janze-athletisme.fr\/wordpress\/enzo-14e-du-poids-espoirs-national\/#primaryimage"},"image":{"@id":"https:\/\/janze-athletisme.fr\/wordpress\/enzo-14e-du-poids-espoirs-national\/#primaryimage"},"thumbnailUrl":"https:\/\/janze-athletisme.fr\/wordpress\/wp-content\/uploads\/2025\/03\/Enzo-Paccini-18janv2025-DR-CMS.jpg","datePublished":"2025-03-03T19:40:13+00:00","dateModified":"2025-03-03T19:42:32+00:00","breadcrumb":{"@id":"https:\/\/janze-athletisme.fr\/wordpress\/enzo-14e-du-poids-espoirs-national\/#breadcrumb"},"inLanguage":"fr-FR","potentialAction":[{"@type":"ReadAction","target":["https:\/\/janze-athletisme.fr\/wordpress\/enzo-14e-du-poids-espoirs-national\/"]}]},{"@type":"ImageObject","inLanguage":"fr-FR","@id":"https:\/\/janze-athletisme.fr\/wordpress\/enzo-14e-du-poids-espoirs-national\/#primaryimage","url":"https:\/\/janze-athletisme.fr\/wordpress\/wp-content\/uploads\/2025\/03\/Enzo-Paccini-18janv2025-DR-CMS.jpg","contentUrl":"https:\/\/janze-athletisme.fr\/wordpress\/wp-content\/uploads\/2025\/03\/Enzo-Paccini-18janv2025-DR-CMS.jpg","width":1013,"height":678},{"@type":"BreadcrumbList","@id":"https:\/\/janze-athletisme.fr\/wordpress\/enzo-14e-du-poids-espoirs-national\/#breadcrumb","itemListElement":[{"@type":"ListItem","position":1,"name":"Accueil","item":"https:\/\/janze-athletisme.fr\/wordpress\/"},{"@type":"ListItem","position":2,"name":"Enzo 14e du poids espoirs national"}]},{"@type":"WebSite","@id":"https:\/\/janze-athletisme.fr\/wordpress\/#website","url":"https:\/\/janze-athletisme.fr\/wordpress\/","name":"Janz\u00e9 Athl\u00e9tisme","description":"Pays de La Roche aux F\u00e9es","publisher":{"@id":"https:\/\/janze-athletisme.fr\/wordpress\/#organization"},"potentialAction":[{"@type":"SearchAction","target":{"@type":"EntryPoint","urlTemplate":"https:\/\/janze-athletisme.fr\/wordpress\/?s={search_term_string}"},"query-input":{"@type":"PropertyValueSpecification","valueRequired":true,"valueName":"search_term_string"}}],"inLanguage":"fr-FR"},{"@type":"Organization","@id":"https:\/\/janze-athletisme.fr\/wordpress\/#organization","name":"Janz\u00e9 Athl\u00e9tisme","url":"https:\/\/janze-athletisme.fr\/wordpress\/","logo":{"@type":"ImageObject","inLanguage":"fr-FR","@id":"https:\/\/janze-athletisme.fr\/wordpress\/#\/schema\/logo\/image\/","url":"https:\/\/janze-athletisme.fr\/wordpress\/wp-content\/uploads\/2015\/03\/logo-full1.jpg","contentUrl":"https:\/\/janze-athletisme.fr\/wordpress\/wp-content\/uploads\/2015\/03\/logo-full1.jpg","width":437,"height":205,"caption":"Janz\u00e9 Athl\u00e9tisme"},"image":{"@id":"https:\/\/janze-athletisme.fr\/wordpress\/#\/schema\/logo\/image\/"},"sameAs":["https:\/\/www.facebook.com\/groups\/1007964579346590"]},{"@type":"Person","@id":"https:\/\/janze-athletisme.fr\/wordpress\/#\/schema\/person\/c7b063dcfa6234c041d4d9b26cc2ea03","name":"Laurent Meunier","image":{"@type":"ImageObject","inLanguage":"fr-FR","@id":"https:\/\/secure.gravatar.com\/avatar\/dd25d581ad7c3349090f2fa6a9adb6bfa287e6a5dd8a5216a092727cd8749034?s=96&d=mm&r=g","url":"https:\/\/secure.gravatar.com\/avatar\/dd25d581ad7c3349090f2fa6a9adb6bfa287e6a5dd8a5216a092727cd8749034?s=96&d=mm&r=g","contentUrl":"https:\/\/secure.gravatar.com\/avatar\/dd25d581ad7c3349090f2fa6a9adb6bfa287e6a5dd8a5216a092727cd8749034?s=96&d=mm&r=g","caption":"Laurent Meunier"},"url":"https:\/\/janze-athletisme.fr\/wordpress\/author\/laurent-meunier35\/"}]}},"uagb_featured_image_src":{"full":["https:\/\/janze-athletisme.fr\/wordpress\/wp-content\/uploads\/2025\/03\/Enzo-Paccini-18janv2025-DR-CMS.jpg",1013,678,false],"thumbnail":["https:\/\/janze-athletisme.fr\/wordpress\/wp-content\/uploads\/2025\/03\/Enzo-Paccini-18janv2025-DR-CMS-150x150.jpg",150,150,true],"medium":["https:\/\/janze-athletisme.fr\/wordpress\/wp-content\/uploads\/2025\/03\/Enzo-Paccini-18janv2025-DR-CMS-300x201.jpg",300,201,true],"medium_large":["https:\/\/janze-athletisme.fr\/wordpress\/wp-content\/uploads\/2025\/03\/Enzo-Paccini-18janv2025-DR-CMS-768x514.jpg",768,514,true],"large":["https:\/\/janze-athletisme.fr\/wordpress\/wp-content\/uploads\/2025\/03\/Enzo-Paccini-18janv2025-DR-CMS.jpg",1013,678,false],"1536x1536":["https:\/\/janze-athletisme.fr\/wordpress\/wp-content\/uploads\/2025\/03\/Enzo-Paccini-18janv2025-DR-CMS.jpg",1013,678,false],"2048x2048":["https:\/\/janze-athletisme.fr\/wordpress\/wp-content\/uploads\/2025\/03\/Enzo-Paccini-18janv2025-DR-CMS.jpg",1013,678,false]},"uagb_author_info":{"display_name":"Laurent Meunier","author_link":"https:\/\/janze-athletisme.fr\/wordpress\/author\/laurent-meunier35\/"},"uagb_comment_info":0,"uagb_excerpt":"Championnat de France hivernal des lancers longs, Salon-de-Provence, samedi 1er mars Arriv\u00e9 avec la 16e (et derni\u00e8re) perf nationale \u00e0 ce sommet hivernal des lanceurs, Enzo Paccini n&rsquo;a pas d\u00e9m\u00e9rit\u00e9, puisqu&rsquo;il termine 14e, tout pr\u00e8s de son record de l&rsquo;hiver (12m56 contre 12m61 le 18 janvier), et laisse donc derri\u00e8re lui deux concurrents. Dommage qu&rsquo;il\u2026","_links":{"self":[{"href":"https:\/\/janze-athletisme.fr\/wordpress\/wp-json\/wp\/v2\/posts\/23871","targetHints":{"allow":["GET"]}}],"collection":[{"href":"https:\/\/janze-athletisme.fr\/wordpress\/wp-json\/wp\/v2\/posts"}],"about":[{"href":"https:\/\/janze-athletisme.fr\/wordpress\/wp-json\/wp\/v2\/types\/post"}],"author":[{"embeddable":true,"href":"https:\/\/janze-athletisme.fr\/wordpress\/wp-json\/wp\/v2\/users\/12"}],"replies":[{"embeddable":true,"href":"https:\/\/janze-athletisme.fr\/wordpress\/wp-json\/wp\/v2\/comments?post=23871"}],"version-history":[{"count":6,"href":"https:\/\/janze-athletisme.fr\/wordpress\/wp-json\/wp\/v2\/posts\/23871\/revisions"}],"predecessor-version":[{"id":23881,"href":"https:\/\/janze-athletisme.fr\/wordpress\/wp-json\/wp\/v2\/posts\/23871\/revisions\/23881"}],"wp:featuredmedia":[{"embeddable":true,"href":"https:\/\/janze-athletisme.fr\/wordpress\/wp-json\/wp\/v2\/media\/23877"}],"wp:attachment":[{"href":"https:\/\/janze-athletisme.fr\/wordpress\/wp-json\/wp\/v2\/media?parent=23871"}],"wp:term":[{"taxonomy":"category","embeddable":true,"href":"https:\/\/janze-athletisme.fr\/wordpress\/wp-json\/wp\/v2\/categories?post=23871"},{"taxonomy":"post_tag","embeddable":true,"href":"https:\/\/janze-athletisme.fr\/wordpress\/wp-json\/wp\/v2\/tags?post=23871"}],"curies":[{"name":"wp","href":"https:\/\/api.w.org\/{rel}","templated":true}]}}