{"id":23862,"date":"2025-03-03T20:26:54","date_gmt":"2025-03-03T19:26:54","guid":{"rendered":"https:\/\/janze-athletisme.fr\/wordpress\/?p=23862"},"modified":"2025-03-04T00:26:28","modified_gmt":"2025-03-03T23:26:28","slug":"bzh-indoor-u16-les-photos","status":"publish","type":"post","link":"https:\/\/janze-athletisme.fr\/wordpress\/bzh-indoor-u16-les-photos\/","title":{"rendered":"BZH Indoor U16 : les photos"},"content":{"rendered":"<p><span style=\"font-size: 18pt\"><strong>Championnat de Bretagne U16 (minimes) indoor, halle Maryvonne-Dupureur, Saint-Brieuc, samedi 1er mars<\/strong><\/span><\/p>\n<p>Nous avons donn\u00e9 hier les r\u00e9sultats de ce championnat (<a href=\"https:\/\/janze-athletisme.fr\/wordpress\/bzh-indoor-u16-trois-medailles-et-de-la-densite\/\">ICI<\/a>), qui globalement a souri \u00e0 nos couleurs, avec 2 m\u00e9dailles de bronze et une m\u00e9daille d&rsquo;argent, ainsi qu&rsquo;une belle densit\u00e9 en milieu de tableau.<\/p>\n<p><strong>Mathieu<\/strong> Henry, le coach du groupe, \u00e9tait ravi : \u00ab\u00a0<em>Encore une fois, tr\u00e8s fier de tous ces jeunes qui ont repr\u00e9sent\u00e9 l&rsquo;EAC. C&rsquo;est le collectif qui permet les m\u00e9dailles individuelles ! On attend, je l&rsquo;esp\u00e8re, trois bonnes nouvelles cette semaine avec les s\u00e9lections pour le match inter-ligues \u00e0 Val-de-Reuil.<\/em><\/p>\n<p><em>Je suis d&rsquo;autant plus fier(e) que ces jeunes s&rsquo;investissent pour notre club : apr\u00e8s Esteban et Alice (l&rsquo;ann\u00e9e derni\u00e8re), ce sont cette fois L\u00e9a et Lucile qui ont re\u00e7u leur dipl\u00f4me de jeunes juges r\u00e9gionaux, accompagn\u00e9 d\u2019un joli polo vert. Alice et Esteban attendent maintenant la s\u00e9lection pour le niveau f\u00e9d\u00e9ral, qui aura lieu le week-end des inter-ligues.<\/em><\/p>\n<p><em>Fier du groupe qui, malgr\u00e9 quelques d\u00e9ceptions, reste soud\u00e9, fort, et grandit petit \u00e0 petit !<\/em><\/p>\n<p><em>Et bien s\u00fbr, un grand merci \u00e0 <strong>Christophe<\/strong> Fleury, toujours pr\u00e9sent pour permettre aux groupes de participer aux diff\u00e9rentes comp\u00e9tition<\/em>s.\u00a0\u00bb<\/p>\n<p><a href=\"https:\/\/janze-athletisme.fr\/wordpress\/wp-content\/uploads\/2025\/03\/IMG_7744.jpeg\"><img loading=\"lazy\" decoding=\"async\" class=\"alignnone wp-image-23863\" src=\"https:\/\/janze-athletisme.fr\/wordpress\/wp-content\/uploads\/2025\/03\/IMG_7744-300x300.jpeg\" alt=\"\" width=\"256\" height=\"256\" srcset=\"https:\/\/janze-athletisme.fr\/wordpress\/wp-content\/uploads\/2025\/03\/IMG_7744-300x300.jpeg 300w, https:\/\/janze-athletisme.fr\/wordpress\/wp-content\/uploads\/2025\/03\/IMG_7744-1024x1024.jpeg 1024w, https:\/\/janze-athletisme.fr\/wordpress\/wp-content\/uploads\/2025\/03\/IMG_7744-150x150.jpeg 150w, https:\/\/janze-athletisme.fr\/wordpress\/wp-content\/uploads\/2025\/03\/IMG_7744-768x768.jpeg 768w, https:\/\/janze-athletisme.fr\/wordpress\/wp-content\/uploads\/2025\/03\/IMG_7744.jpeg 1200w\" sizes=\"auto, (max-width: 256px) 100vw, 256px\" \/><\/a> <a href=\"https:\/\/janze-athletisme.fr\/wordpress\/wp-content\/uploads\/2025\/03\/IMG_7753.jpeg\"><img loading=\"lazy\" decoding=\"async\" class=\"alignnone wp-image-23864\" src=\"https:\/\/janze-athletisme.fr\/wordpress\/wp-content\/uploads\/2025\/03\/IMG_7753-300x300.jpeg\" alt=\"\" width=\"258\" height=\"258\" srcset=\"https:\/\/janze-athletisme.fr\/wordpress\/wp-content\/uploads\/2025\/03\/IMG_7753-300x300.jpeg 300w, https:\/\/janze-athletisme.fr\/wordpress\/wp-content\/uploads\/2025\/03\/IMG_7753-1024x1024.jpeg 1024w, https:\/\/janze-athletisme.fr\/wordpress\/wp-content\/uploads\/2025\/03\/IMG_7753-150x150.jpeg 150w, https:\/\/janze-athletisme.fr\/wordpress\/wp-content\/uploads\/2025\/03\/IMG_7753-768x768.jpeg 768w, https:\/\/janze-athletisme.fr\/wordpress\/wp-content\/uploads\/2025\/03\/IMG_7753.jpeg 1200w\" sizes=\"auto, (max-width: 258px) 100vw, 258px\" \/><\/a> <a href=\"https:\/\/janze-athletisme.fr\/wordpress\/wp-content\/uploads\/2025\/03\/IMG_7757.jpeg\"><img loading=\"lazy\" decoding=\"async\" class=\"alignnone wp-image-23865\" src=\"https:\/\/janze-athletisme.fr\/wordpress\/wp-content\/uploads\/2025\/03\/IMG_7757-300x300.jpeg\" alt=\"\" width=\"258\" height=\"258\" srcset=\"https:\/\/janze-athletisme.fr\/wordpress\/wp-content\/uploads\/2025\/03\/IMG_7757-300x300.jpeg 300w, https:\/\/janze-athletisme.fr\/wordpress\/wp-content\/uploads\/2025\/03\/IMG_7757-1024x1024.jpeg 1024w, https:\/\/janze-athletisme.fr\/wordpress\/wp-content\/uploads\/2025\/03\/IMG_7757-150x150.jpeg 150w, https:\/\/janze-athletisme.fr\/wordpress\/wp-content\/uploads\/2025\/03\/IMG_7757-768x768.jpeg 768w, https:\/\/janze-athletisme.fr\/wordpress\/wp-content\/uploads\/2025\/03\/IMG_7757.jpeg 1200w\" sizes=\"auto, (max-width: 258px) 100vw, 258px\" \/><\/a><\/p>\n<p><span style=\"font-size: 10pt\"><em>Les trois podiums du jour : L\u00e9a \u00e0 la hauteur, Justine \u00e0 la longueur et&#8230; Justine au triple.<\/em><\/span><\/p>\n<p><a href=\"https:\/\/janze-athletisme.fr\/wordpress\/wp-content\/uploads\/2025\/03\/IMG_7761.jpeg\"><img loading=\"lazy\" decoding=\"async\" class=\"alignnone wp-image-23866\" src=\"https:\/\/janze-athletisme.fr\/wordpress\/wp-content\/uploads\/2025\/03\/IMG_7761-300x201.jpeg\" alt=\"\" width=\"389\" height=\"260\" srcset=\"https:\/\/janze-athletisme.fr\/wordpress\/wp-content\/uploads\/2025\/03\/IMG_7761-300x201.jpeg 300w, https:\/\/janze-athletisme.fr\/wordpress\/wp-content\/uploads\/2025\/03\/IMG_7761-1024x688.jpeg 1024w, https:\/\/janze-athletisme.fr\/wordpress\/wp-content\/uploads\/2025\/03\/IMG_7761-768x516.jpeg 768w, https:\/\/janze-athletisme.fr\/wordpress\/wp-content\/uploads\/2025\/03\/IMG_7761-1536x1031.jpeg 1536w, https:\/\/janze-athletisme.fr\/wordpress\/wp-content\/uploads\/2025\/03\/IMG_7761.jpeg 1787w\" sizes=\"auto, (max-width: 389px) 100vw, 389px\" \/> <\/a><a href=\"https:\/\/janze-athletisme.fr\/wordpress\/wp-content\/uploads\/2025\/03\/IMG_7769.jpeg\"><img loading=\"lazy\" decoding=\"async\" class=\"alignnone wp-image-23867\" src=\"https:\/\/janze-athletisme.fr\/wordpress\/wp-content\/uploads\/2025\/03\/IMG_7769-300x202.jpeg\" alt=\"\" width=\"387\" height=\"261\" srcset=\"https:\/\/janze-athletisme.fr\/wordpress\/wp-content\/uploads\/2025\/03\/IMG_7769-300x202.jpeg 300w, https:\/\/janze-athletisme.fr\/wordpress\/wp-content\/uploads\/2025\/03\/IMG_7769-1024x689.jpeg 1024w, https:\/\/janze-athletisme.fr\/wordpress\/wp-content\/uploads\/2025\/03\/IMG_7769-768x516.jpeg 768w, https:\/\/janze-athletisme.fr\/wordpress\/wp-content\/uploads\/2025\/03\/IMG_7769.jpeg 1487w\" sizes=\"auto, (max-width: 387px) 100vw, 387px\" \/><\/a><\/p>\n<p><span style=\"font-size: 10pt\"><em>Nos athl\u00e8tes janz\u00e9ens avec Christophe. Et nos jeunes juges avec leurs maillots verts. Bravo \u00e0 toutes et tous ! <\/em><\/span><\/p>\n<p><span style=\"font-size: 10pt\"><em>Et merci Mathieu pour les photos.<br \/>\n<\/em><\/span><\/p>\n","protected":false},"excerpt":{"rendered":"<p>Championnat de Bretagne U16 (minimes) indoor, halle Maryvonne-Dupureur, Saint-Brieuc, samedi 1er mars Nous avons donn\u00e9 hier les r\u00e9sultats de ce championnat (ICI), qui globalement a souri \u00e0 nos couleurs, avec 2 m\u00e9dailles de bronze et une m\u00e9daille d&rsquo;argent, ainsi qu&rsquo;une belle densit\u00e9 en milieu de tableau. Mathieu Henry, le coach du groupe, \u00e9tait ravi : [&hellip;]<\/p>\n","protected":false},"author":12,"featured_media":23863,"comment_status":"open","ping_status":"open","sticky":false,"template":"","format":"aside","meta":{"_uag_custom_page_level_css":"","site-sidebar-layout":"default","site-content-layout":"","ast-site-content-layout":"default","site-content-style":"default","site-sidebar-style":"default","ast-global-header-display":"","ast-banner-title-visibility":"","ast-main-header-display":"","ast-hfb-above-header-display":"","ast-hfb-below-header-display":"","ast-hfb-mobile-header-display":"","site-post-title":"","ast-breadcrumbs-content":"","ast-featured-img":"","footer-sml-layout":"","ast-disable-related-posts":"","theme-transparent-header-meta":"default","adv-header-id-meta":"","stick-header-meta":"","header-above-stick-meta":"","header-main-stick-meta":"","header-below-stick-meta":"","astra-migrate-meta-layouts":"set","ast-page-background-enabled":"default","ast-page-background-meta":{"desktop":{"background-color":"var(--ast-global-color-4)","background-image":"","background-repeat":"repeat","background-position":"center center","background-size":"auto","background-attachment":"scroll","background-type":"","background-media":"","overlay-type":"","overlay-color":"","overlay-opacity":"","overlay-gradient":""},"tablet":{"background-color":"","background-image":"","background-repeat":"repeat","background-position":"center center","background-size":"auto","background-attachment":"scroll","background-type":"","background-media":"","overlay-type":"","overlay-color":"","overlay-opacity":"","overlay-gradient":""},"mobile":{"background-color":"","background-image":"","background-repeat":"repeat","background-position":"center center","background-size":"auto","background-attachment":"scroll","background-type":"","background-media":"","overlay-type":"","overlay-color":"","overlay-opacity":"","overlay-gradient":""}},"ast-content-background-meta":{"desktop":{"background-color":"var(--ast-global-color-5)","background-image":"","background-repeat":"repeat","background-position":"center center","background-size":"auto","background-attachment":"scroll","background-type":"","background-media":"","overlay-type":"","overlay-color":"","overlay-opacity":"","overlay-gradient":""},"tablet":{"background-color":"var(--ast-global-color-5)","background-image":"","background-repeat":"repeat","background-position":"center center","background-size":"auto","background-attachment":"scroll","background-type":"","background-media":"","overlay-type":"","overlay-color":"","overlay-opacity":"","overlay-gradient":""},"mobile":{"background-color":"var(--ast-global-color-5)","background-image":"","background-repeat":"repeat","background-position":"center center","background-size":"auto","background-attachment":"scroll","background-type":"","background-media":"","overlay-type":"","overlay-color":"","overlay-opacity":"","overlay-gradient":""}},"footnotes":""},"categories":[6],"tags":[],"class_list":["post-23862","post","type-post","status-publish","format-aside","has-post-thumbnail","hentry","category-sections","post_format-post-format-aside"],"yoast_head":"<!-- This site is optimized with the Yoast SEO plugin v27.4 - https:\/\/yoast.com\/product\/yoast-seo-wordpress\/ -->\n<title>BZH Indoor U16 : les photos - Janz\u00e9 Athl\u00e9tisme<\/title>\n<meta name=\"robots\" content=\"index, follow, max-snippet:-1, max-image-preview:large, max-video-preview:-1\" \/>\n<link rel=\"canonical\" href=\"https:\/\/janze-athletisme.fr\/wordpress\/bzh-indoor-u16-les-photos\/\" \/>\n<meta property=\"og:locale\" content=\"fr_FR\" \/>\n<meta property=\"og:type\" content=\"article\" \/>\n<meta property=\"og:title\" content=\"BZH Indoor U16 : les photos - Janz\u00e9 Athl\u00e9tisme\" \/>\n<meta property=\"og:description\" content=\"Championnat de Bretagne U16 (minimes) indoor, halle Maryvonne-Dupureur, Saint-Brieuc, samedi 1er mars Nous avons donn\u00e9 hier les r\u00e9sultats de ce championnat (ICI), qui globalement a souri \u00e0 nos couleurs, avec 2 m\u00e9dailles de bronze et une m\u00e9daille d&rsquo;argent, ainsi qu&rsquo;une belle densit\u00e9 en milieu de tableau. Mathieu Henry, le coach du groupe, \u00e9tait ravi : [&hellip;]\" \/>\n<meta property=\"og:url\" content=\"https:\/\/janze-athletisme.fr\/wordpress\/bzh-indoor-u16-les-photos\/\" \/>\n<meta property=\"og:site_name\" content=\"Janz\u00e9 Athl\u00e9tisme\" \/>\n<meta property=\"article:publisher\" content=\"https:\/\/www.facebook.com\/groups\/1007964579346590\" \/>\n<meta property=\"article:published_time\" content=\"2025-03-03T19:26:54+00:00\" \/>\n<meta property=\"article:modified_time\" content=\"2025-03-03T23:26:28+00:00\" \/>\n<meta property=\"og:image\" content=\"https:\/\/janze-athletisme.fr\/wordpress\/wp-content\/uploads\/2025\/03\/IMG_7744.jpeg\" \/>\n\t<meta property=\"og:image:width\" content=\"1200\" \/>\n\t<meta property=\"og:image:height\" content=\"1200\" \/>\n\t<meta property=\"og:image:type\" content=\"image\/jpeg\" \/>\n<meta name=\"author\" content=\"Laurent Meunier\" \/>\n<meta name=\"twitter:card\" content=\"summary_large_image\" \/>\n<meta name=\"twitter:label1\" content=\"\u00c9crit par\" \/>\n\t<meta name=\"twitter:data1\" content=\"Laurent Meunier\" \/>\n\t<meta name=\"twitter:label2\" content=\"Dur\u00e9e de lecture estim\u00e9e\" \/>\n\t<meta name=\"twitter:data2\" content=\"3 minutes\" \/>\n<script type=\"application\/ld+json\" class=\"yoast-schema-graph\">{\"@context\":\"https:\\\/\\\/schema.org\",\"@graph\":[{\"@type\":\"Article\",\"@id\":\"https:\\\/\\\/janze-athletisme.fr\\\/wordpress\\\/bzh-indoor-u16-les-photos\\\/#article\",\"isPartOf\":{\"@id\":\"https:\\\/\\\/janze-athletisme.fr\\\/wordpress\\\/bzh-indoor-u16-les-photos\\\/\"},\"author\":{\"name\":\"Laurent Meunier\",\"@id\":\"https:\\\/\\\/janze-athletisme.fr\\\/wordpress\\\/#\\\/schema\\\/person\\\/c7b063dcfa6234c041d4d9b26cc2ea03\"},\"headline\":\"BZH Indoor U16 : les photos\",\"datePublished\":\"2025-03-03T19:26:54+00:00\",\"dateModified\":\"2025-03-03T23:26:28+00:00\",\"mainEntityOfPage\":{\"@id\":\"https:\\\/\\\/janze-athletisme.fr\\\/wordpress\\\/bzh-indoor-u16-les-photos\\\/\"},\"wordCount\":259,\"commentCount\":0,\"publisher\":{\"@id\":\"https:\\\/\\\/janze-athletisme.fr\\\/wordpress\\\/#organization\"},\"image\":{\"@id\":\"https:\\\/\\\/janze-athletisme.fr\\\/wordpress\\\/bzh-indoor-u16-les-photos\\\/#primaryimage\"},\"thumbnailUrl\":\"https:\\\/\\\/janze-athletisme.fr\\\/wordpress\\\/wp-content\\\/uploads\\\/2025\\\/03\\\/IMG_7744.jpeg\",\"articleSection\":[\"Le club au jour le jour\"],\"inLanguage\":\"fr-FR\",\"potentialAction\":[{\"@type\":\"CommentAction\",\"name\":\"Comment\",\"target\":[\"https:\\\/\\\/janze-athletisme.fr\\\/wordpress\\\/bzh-indoor-u16-les-photos\\\/#respond\"]}]},{\"@type\":\"WebPage\",\"@id\":\"https:\\\/\\\/janze-athletisme.fr\\\/wordpress\\\/bzh-indoor-u16-les-photos\\\/\",\"url\":\"https:\\\/\\\/janze-athletisme.fr\\\/wordpress\\\/bzh-indoor-u16-les-photos\\\/\",\"name\":\"BZH Indoor U16 : les photos - Janz\u00e9 Athl\u00e9tisme\",\"isPartOf\":{\"@id\":\"https:\\\/\\\/janze-athletisme.fr\\\/wordpress\\\/#website\"},\"primaryImageOfPage\":{\"@id\":\"https:\\\/\\\/janze-athletisme.fr\\\/wordpress\\\/bzh-indoor-u16-les-photos\\\/#primaryimage\"},\"image\":{\"@id\":\"https:\\\/\\\/janze-athletisme.fr\\\/wordpress\\\/bzh-indoor-u16-les-photos\\\/#primaryimage\"},\"thumbnailUrl\":\"https:\\\/\\\/janze-athletisme.fr\\\/wordpress\\\/wp-content\\\/uploads\\\/2025\\\/03\\\/IMG_7744.jpeg\",\"datePublished\":\"2025-03-03T19:26:54+00:00\",\"dateModified\":\"2025-03-03T23:26:28+00:00\",\"breadcrumb\":{\"@id\":\"https:\\\/\\\/janze-athletisme.fr\\\/wordpress\\\/bzh-indoor-u16-les-photos\\\/#breadcrumb\"},\"inLanguage\":\"fr-FR\",\"potentialAction\":[{\"@type\":\"ReadAction\",\"target\":[\"https:\\\/\\\/janze-athletisme.fr\\\/wordpress\\\/bzh-indoor-u16-les-photos\\\/\"]}]},{\"@type\":\"ImageObject\",\"inLanguage\":\"fr-FR\",\"@id\":\"https:\\\/\\\/janze-athletisme.fr\\\/wordpress\\\/bzh-indoor-u16-les-photos\\\/#primaryimage\",\"url\":\"https:\\\/\\\/janze-athletisme.fr\\\/wordpress\\\/wp-content\\\/uploads\\\/2025\\\/03\\\/IMG_7744.jpeg\",\"contentUrl\":\"https:\\\/\\\/janze-athletisme.fr\\\/wordpress\\\/wp-content\\\/uploads\\\/2025\\\/03\\\/IMG_7744.jpeg\",\"width\":1200,\"height\":1200},{\"@type\":\"BreadcrumbList\",\"@id\":\"https:\\\/\\\/janze-athletisme.fr\\\/wordpress\\\/bzh-indoor-u16-les-photos\\\/#breadcrumb\",\"itemListElement\":[{\"@type\":\"ListItem\",\"position\":1,\"name\":\"Accueil\",\"item\":\"https:\\\/\\\/janze-athletisme.fr\\\/wordpress\\\/\"},{\"@type\":\"ListItem\",\"position\":2,\"name\":\"BZH Indoor U16 : les photos\"}]},{\"@type\":\"WebSite\",\"@id\":\"https:\\\/\\\/janze-athletisme.fr\\\/wordpress\\\/#website\",\"url\":\"https:\\\/\\\/janze-athletisme.fr\\\/wordpress\\\/\",\"name\":\"Janz\u00e9 Athl\u00e9tisme\",\"description\":\"Pays de La Roche aux F\u00e9es\",\"publisher\":{\"@id\":\"https:\\\/\\\/janze-athletisme.fr\\\/wordpress\\\/#organization\"},\"potentialAction\":[{\"@type\":\"SearchAction\",\"target\":{\"@type\":\"EntryPoint\",\"urlTemplate\":\"https:\\\/\\\/janze-athletisme.fr\\\/wordpress\\\/?s={search_term_string}\"},\"query-input\":{\"@type\":\"PropertyValueSpecification\",\"valueRequired\":true,\"valueName\":\"search_term_string\"}}],\"inLanguage\":\"fr-FR\"},{\"@type\":\"Organization\",\"@id\":\"https:\\\/\\\/janze-athletisme.fr\\\/wordpress\\\/#organization\",\"name\":\"Janz\u00e9 Athl\u00e9tisme\",\"url\":\"https:\\\/\\\/janze-athletisme.fr\\\/wordpress\\\/\",\"logo\":{\"@type\":\"ImageObject\",\"inLanguage\":\"fr-FR\",\"@id\":\"https:\\\/\\\/janze-athletisme.fr\\\/wordpress\\\/#\\\/schema\\\/logo\\\/image\\\/\",\"url\":\"https:\\\/\\\/janze-athletisme.fr\\\/wordpress\\\/wp-content\\\/uploads\\\/2015\\\/03\\\/logo-full1.jpg\",\"contentUrl\":\"https:\\\/\\\/janze-athletisme.fr\\\/wordpress\\\/wp-content\\\/uploads\\\/2015\\\/03\\\/logo-full1.jpg\",\"width\":437,\"height\":205,\"caption\":\"Janz\u00e9 Athl\u00e9tisme\"},\"image\":{\"@id\":\"https:\\\/\\\/janze-athletisme.fr\\\/wordpress\\\/#\\\/schema\\\/logo\\\/image\\\/\"},\"sameAs\":[\"https:\\\/\\\/www.facebook.com\\\/groups\\\/1007964579346590\"]},{\"@type\":\"Person\",\"@id\":\"https:\\\/\\\/janze-athletisme.fr\\\/wordpress\\\/#\\\/schema\\\/person\\\/c7b063dcfa6234c041d4d9b26cc2ea03\",\"name\":\"Laurent Meunier\",\"image\":{\"@type\":\"ImageObject\",\"inLanguage\":\"fr-FR\",\"@id\":\"https:\\\/\\\/secure.gravatar.com\\\/avatar\\\/dd25d581ad7c3349090f2fa6a9adb6bfa287e6a5dd8a5216a092727cd8749034?s=96&d=mm&r=g\",\"url\":\"https:\\\/\\\/secure.gravatar.com\\\/avatar\\\/dd25d581ad7c3349090f2fa6a9adb6bfa287e6a5dd8a5216a092727cd8749034?s=96&d=mm&r=g\",\"contentUrl\":\"https:\\\/\\\/secure.gravatar.com\\\/avatar\\\/dd25d581ad7c3349090f2fa6a9adb6bfa287e6a5dd8a5216a092727cd8749034?s=96&d=mm&r=g\",\"caption\":\"Laurent Meunier\"},\"url\":\"https:\\\/\\\/janze-athletisme.fr\\\/wordpress\\\/author\\\/laurent-meunier35\\\/\"}]}<\/script>\n<!-- \/ Yoast SEO plugin. -->","yoast_head_json":{"title":"BZH Indoor U16 : les photos - Janz\u00e9 Athl\u00e9tisme","robots":{"index":"index","follow":"follow","max-snippet":"max-snippet:-1","max-image-preview":"max-image-preview:large","max-video-preview":"max-video-preview:-1"},"canonical":"https:\/\/janze-athletisme.fr\/wordpress\/bzh-indoor-u16-les-photos\/","og_locale":"fr_FR","og_type":"article","og_title":"BZH Indoor U16 : les photos - Janz\u00e9 Athl\u00e9tisme","og_description":"Championnat de Bretagne U16 (minimes) indoor, halle Maryvonne-Dupureur, Saint-Brieuc, samedi 1er mars Nous avons donn\u00e9 hier les r\u00e9sultats de ce championnat (ICI), qui globalement a souri \u00e0 nos couleurs, avec 2 m\u00e9dailles de bronze et une m\u00e9daille d&rsquo;argent, ainsi qu&rsquo;une belle densit\u00e9 en milieu de tableau. Mathieu Henry, le coach du groupe, \u00e9tait ravi : [&hellip;]","og_url":"https:\/\/janze-athletisme.fr\/wordpress\/bzh-indoor-u16-les-photos\/","og_site_name":"Janz\u00e9 Athl\u00e9tisme","article_publisher":"https:\/\/www.facebook.com\/groups\/1007964579346590","article_published_time":"2025-03-03T19:26:54+00:00","article_modified_time":"2025-03-03T23:26:28+00:00","og_image":[{"width":1200,"height":1200,"url":"https:\/\/janze-athletisme.fr\/wordpress\/wp-content\/uploads\/2025\/03\/IMG_7744.jpeg","type":"image\/jpeg"}],"author":"Laurent Meunier","twitter_card":"summary_large_image","twitter_misc":{"\u00c9crit par":"Laurent Meunier","Dur\u00e9e de lecture estim\u00e9e":"3 minutes"},"schema":{"@context":"https:\/\/schema.org","@graph":[{"@type":"Article","@id":"https:\/\/janze-athletisme.fr\/wordpress\/bzh-indoor-u16-les-photos\/#article","isPartOf":{"@id":"https:\/\/janze-athletisme.fr\/wordpress\/bzh-indoor-u16-les-photos\/"},"author":{"name":"Laurent Meunier","@id":"https:\/\/janze-athletisme.fr\/wordpress\/#\/schema\/person\/c7b063dcfa6234c041d4d9b26cc2ea03"},"headline":"BZH Indoor U16 : les photos","datePublished":"2025-03-03T19:26:54+00:00","dateModified":"2025-03-03T23:26:28+00:00","mainEntityOfPage":{"@id":"https:\/\/janze-athletisme.fr\/wordpress\/bzh-indoor-u16-les-photos\/"},"wordCount":259,"commentCount":0,"publisher":{"@id":"https:\/\/janze-athletisme.fr\/wordpress\/#organization"},"image":{"@id":"https:\/\/janze-athletisme.fr\/wordpress\/bzh-indoor-u16-les-photos\/#primaryimage"},"thumbnailUrl":"https:\/\/janze-athletisme.fr\/wordpress\/wp-content\/uploads\/2025\/03\/IMG_7744.jpeg","articleSection":["Le club au jour le jour"],"inLanguage":"fr-FR","potentialAction":[{"@type":"CommentAction","name":"Comment","target":["https:\/\/janze-athletisme.fr\/wordpress\/bzh-indoor-u16-les-photos\/#respond"]}]},{"@type":"WebPage","@id":"https:\/\/janze-athletisme.fr\/wordpress\/bzh-indoor-u16-les-photos\/","url":"https:\/\/janze-athletisme.fr\/wordpress\/bzh-indoor-u16-les-photos\/","name":"BZH Indoor U16 : les photos - Janz\u00e9 Athl\u00e9tisme","isPartOf":{"@id":"https:\/\/janze-athletisme.fr\/wordpress\/#website"},"primaryImageOfPage":{"@id":"https:\/\/janze-athletisme.fr\/wordpress\/bzh-indoor-u16-les-photos\/#primaryimage"},"image":{"@id":"https:\/\/janze-athletisme.fr\/wordpress\/bzh-indoor-u16-les-photos\/#primaryimage"},"thumbnailUrl":"https:\/\/janze-athletisme.fr\/wordpress\/wp-content\/uploads\/2025\/03\/IMG_7744.jpeg","datePublished":"2025-03-03T19:26:54+00:00","dateModified":"2025-03-03T23:26:28+00:00","breadcrumb":{"@id":"https:\/\/janze-athletisme.fr\/wordpress\/bzh-indoor-u16-les-photos\/#breadcrumb"},"inLanguage":"fr-FR","potentialAction":[{"@type":"ReadAction","target":["https:\/\/janze-athletisme.fr\/wordpress\/bzh-indoor-u16-les-photos\/"]}]},{"@type":"ImageObject","inLanguage":"fr-FR","@id":"https:\/\/janze-athletisme.fr\/wordpress\/bzh-indoor-u16-les-photos\/#primaryimage","url":"https:\/\/janze-athletisme.fr\/wordpress\/wp-content\/uploads\/2025\/03\/IMG_7744.jpeg","contentUrl":"https:\/\/janze-athletisme.fr\/wordpress\/wp-content\/uploads\/2025\/03\/IMG_7744.jpeg","width":1200,"height":1200},{"@type":"BreadcrumbList","@id":"https:\/\/janze-athletisme.fr\/wordpress\/bzh-indoor-u16-les-photos\/#breadcrumb","itemListElement":[{"@type":"ListItem","position":1,"name":"Accueil","item":"https:\/\/janze-athletisme.fr\/wordpress\/"},{"@type":"ListItem","position":2,"name":"BZH Indoor U16 : les photos"}]},{"@type":"WebSite","@id":"https:\/\/janze-athletisme.fr\/wordpress\/#website","url":"https:\/\/janze-athletisme.fr\/wordpress\/","name":"Janz\u00e9 Athl\u00e9tisme","description":"Pays de La Roche aux F\u00e9es","publisher":{"@id":"https:\/\/janze-athletisme.fr\/wordpress\/#organization"},"potentialAction":[{"@type":"SearchAction","target":{"@type":"EntryPoint","urlTemplate":"https:\/\/janze-athletisme.fr\/wordpress\/?s={search_term_string}"},"query-input":{"@type":"PropertyValueSpecification","valueRequired":true,"valueName":"search_term_string"}}],"inLanguage":"fr-FR"},{"@type":"Organization","@id":"https:\/\/janze-athletisme.fr\/wordpress\/#organization","name":"Janz\u00e9 Athl\u00e9tisme","url":"https:\/\/janze-athletisme.fr\/wordpress\/","logo":{"@type":"ImageObject","inLanguage":"fr-FR","@id":"https:\/\/janze-athletisme.fr\/wordpress\/#\/schema\/logo\/image\/","url":"https:\/\/janze-athletisme.fr\/wordpress\/wp-content\/uploads\/2015\/03\/logo-full1.jpg","contentUrl":"https:\/\/janze-athletisme.fr\/wordpress\/wp-content\/uploads\/2015\/03\/logo-full1.jpg","width":437,"height":205,"caption":"Janz\u00e9 Athl\u00e9tisme"},"image":{"@id":"https:\/\/janze-athletisme.fr\/wordpress\/#\/schema\/logo\/image\/"},"sameAs":["https:\/\/www.facebook.com\/groups\/1007964579346590"]},{"@type":"Person","@id":"https:\/\/janze-athletisme.fr\/wordpress\/#\/schema\/person\/c7b063dcfa6234c041d4d9b26cc2ea03","name":"Laurent Meunier","image":{"@type":"ImageObject","inLanguage":"fr-FR","@id":"https:\/\/secure.gravatar.com\/avatar\/dd25d581ad7c3349090f2fa6a9adb6bfa287e6a5dd8a5216a092727cd8749034?s=96&d=mm&r=g","url":"https:\/\/secure.gravatar.com\/avatar\/dd25d581ad7c3349090f2fa6a9adb6bfa287e6a5dd8a5216a092727cd8749034?s=96&d=mm&r=g","contentUrl":"https:\/\/secure.gravatar.com\/avatar\/dd25d581ad7c3349090f2fa6a9adb6bfa287e6a5dd8a5216a092727cd8749034?s=96&d=mm&r=g","caption":"Laurent Meunier"},"url":"https:\/\/janze-athletisme.fr\/wordpress\/author\/laurent-meunier35\/"}]}},"uagb_featured_image_src":{"full":["https:\/\/janze-athletisme.fr\/wordpress\/wp-content\/uploads\/2025\/03\/IMG_7744.jpeg",1200,1200,false],"thumbnail":["https:\/\/janze-athletisme.fr\/wordpress\/wp-content\/uploads\/2025\/03\/IMG_7744-150x150.jpeg",150,150,true],"medium":["https:\/\/janze-athletisme.fr\/wordpress\/wp-content\/uploads\/2025\/03\/IMG_7744-300x300.jpeg",300,300,true],"medium_large":["https:\/\/janze-athletisme.fr\/wordpress\/wp-content\/uploads\/2025\/03\/IMG_7744-768x768.jpeg",768,768,true],"large":["https:\/\/janze-athletisme.fr\/wordpress\/wp-content\/uploads\/2025\/03\/IMG_7744-1024x1024.jpeg",1024,1024,true],"1536x1536":["https:\/\/janze-athletisme.fr\/wordpress\/wp-content\/uploads\/2025\/03\/IMG_7744.jpeg",1200,1200,false],"2048x2048":["https:\/\/janze-athletisme.fr\/wordpress\/wp-content\/uploads\/2025\/03\/IMG_7744.jpeg",1200,1200,false]},"uagb_author_info":{"display_name":"Laurent Meunier","author_link":"https:\/\/janze-athletisme.fr\/wordpress\/author\/laurent-meunier35\/"},"uagb_comment_info":0,"uagb_excerpt":"Championnat de Bretagne U16 (minimes) indoor, halle Maryvonne-Dupureur, Saint-Brieuc, samedi 1er mars Nous avons donn\u00e9 hier les r\u00e9sultats de ce championnat (ICI), qui globalement a souri \u00e0 nos couleurs, avec 2 m\u00e9dailles de bronze et une m\u00e9daille d&rsquo;argent, ainsi qu&rsquo;une belle densit\u00e9 en milieu de tableau. Mathieu Henry, le coach du groupe, \u00e9tait ravi :\u2026","_links":{"self":[{"href":"https:\/\/janze-athletisme.fr\/wordpress\/wp-json\/wp\/v2\/posts\/23862","targetHints":{"allow":["GET"]}}],"collection":[{"href":"https:\/\/janze-athletisme.fr\/wordpress\/wp-json\/wp\/v2\/posts"}],"about":[{"href":"https:\/\/janze-athletisme.fr\/wordpress\/wp-json\/wp\/v2\/types\/post"}],"author":[{"embeddable":true,"href":"https:\/\/janze-athletisme.fr\/wordpress\/wp-json\/wp\/v2\/users\/12"}],"replies":[{"embeddable":true,"href":"https:\/\/janze-athletisme.fr\/wordpress\/wp-json\/wp\/v2\/comments?post=23862"}],"version-history":[{"count":4,"href":"https:\/\/janze-athletisme.fr\/wordpress\/wp-json\/wp\/v2\/posts\/23862\/revisions"}],"predecessor-version":[{"id":23882,"href":"https:\/\/janze-athletisme.fr\/wordpress\/wp-json\/wp\/v2\/posts\/23862\/revisions\/23882"}],"wp:featuredmedia":[{"embeddable":true,"href":"https:\/\/janze-athletisme.fr\/wordpress\/wp-json\/wp\/v2\/media\/23863"}],"wp:attachment":[{"href":"https:\/\/janze-athletisme.fr\/wordpress\/wp-json\/wp\/v2\/media?parent=23862"}],"wp:term":[{"taxonomy":"category","embeddable":true,"href":"https:\/\/janze-athletisme.fr\/wordpress\/wp-json\/wp\/v2\/categories?post=23862"},{"taxonomy":"post_tag","embeddable":true,"href":"https:\/\/janze-athletisme.fr\/wordpress\/wp-json\/wp\/v2\/tags?post=23862"}],"curies":[{"name":"wp","href":"https:\/\/api.w.org\/{rel}","templated":true}]}}