{"id":23855,"date":"2025-03-03T07:13:07","date_gmt":"2025-03-03T06:13:07","guid":{"rendered":"https:\/\/janze-athletisme.fr\/wordpress\/?p=23855"},"modified":"2025-03-04T10:34:54","modified_gmt":"2025-03-04T09:34:54","slug":"un-magnifique-ultra-tour-a-lannion-pour-nos-marcheurs","status":"publish","type":"post","link":"https:\/\/janze-athletisme.fr\/wordpress\/un-magnifique-ultra-tour-a-lannion-pour-nos-marcheurs\/","title":{"rendered":"Un magnifique (ultra) tour \u00e0 Lannion pour nos marcheurs"},"content":{"rendered":"<p><span style=\"font-size: 18pt\"><strong>Ultra Tour des C\u00f4tes d&rsquo;Armor, dimanche 23 f\u00e9vrier, Lannion<\/strong><\/span><\/p>\n<p><strong>Karine<\/strong> Pennec, <strong>Ludovic<\/strong> Dr\u00e9an, <strong>Louis<\/strong> Saffray, <strong>Michel<\/strong> Sperling, <strong>Palmyre<\/strong> Houget et Pierre Houget (licenci\u00e9 \u00e0 Bain), ont particip\u00e9 \u00e9galement \u00e0 ce grand \u00e9v\u00e8nement dont on a parl\u00e9 d\u00e9j\u00e0 ici pour nos coureurs (Ana\u00efs Guinnebault et Erwan Josset).<\/p>\n<p>Les r\u00e9sultats (brillants) sont ci-dessous dans le message de Karine.<\/p>\n<p>Ludovic nous raconte : \u00ab\u00a0<em>La marche de 11.5 km s&rsquo;est d\u00e9roul\u00e9e sous une m\u00e9t\u00e9o id\u00e9ale, avec quelques difficult\u00e9s notamment une <\/em><br \/>\n<em>tr\u00e8s longue et tr\u00e8s raide mont\u00e9e en premi\u00e8re partie de course et un escalier interminable en fin de course. Le paysage \u00e9tait magnifique. Normal, on est en Bretagne !<\/em>\u00a0\u00bb<\/p>\n<p>L&rsquo;escalier, c&rsquo;est celui qui monte vers l&rsquo;\u00e9glise de Brelevenez, une splendeur !<\/p>\n<figure id=\"attachment_23856\" aria-describedby=\"caption-attachment-23856\" style=\"width: 192px\" class=\"wp-caption alignnone\"><a href=\"https:\/\/janze-athletisme.fr\/wordpress\/wp-content\/uploads\/2025\/03\/export1740910139430.jpg\"><img loading=\"lazy\" decoding=\"async\" class=\"size-medium wp-image-23856\" src=\"https:\/\/janze-athletisme.fr\/wordpress\/wp-content\/uploads\/2025\/03\/export1740910139430-192x300.jpg\" alt=\"\" width=\"192\" height=\"300\" srcset=\"https:\/\/janze-athletisme.fr\/wordpress\/wp-content\/uploads\/2025\/03\/export1740910139430-192x300.jpg 192w, https:\/\/janze-athletisme.fr\/wordpress\/wp-content\/uploads\/2025\/03\/export1740910139430-654x1024.jpg 654w, https:\/\/janze-athletisme.fr\/wordpress\/wp-content\/uploads\/2025\/03\/export1740910139430-768x1203.jpg 768w, https:\/\/janze-athletisme.fr\/wordpress\/wp-content\/uploads\/2025\/03\/export1740910139430.jpg 827w\" sizes=\"auto, (max-width: 192px) 100vw, 192px\" \/><\/a><figcaption id=\"caption-attachment-23856\" class=\"wp-caption-text\">Le message de Karine.<\/figcaption><\/figure>\n<p><a href=\"https:\/\/janze-athletisme.fr\/wordpress\/wp-content\/uploads\/2025\/03\/IMG-20250223-WA0000-1-.jpg\"><img loading=\"lazy\" decoding=\"async\" class=\"alignnone wp-image-23857\" src=\"https:\/\/janze-athletisme.fr\/wordpress\/wp-content\/uploads\/2025\/03\/IMG-20250223-WA0000-1--300x227.jpg\" alt=\"\" width=\"268\" height=\"203\" srcset=\"https:\/\/janze-athletisme.fr\/wordpress\/wp-content\/uploads\/2025\/03\/IMG-20250223-WA0000-1--300x227.jpg 300w, https:\/\/janze-athletisme.fr\/wordpress\/wp-content\/uploads\/2025\/03\/IMG-20250223-WA0000-1-.jpg 536w\" sizes=\"auto, (max-width: 268px) 100vw, 268px\" \/><\/a> <a href=\"https:\/\/janze-athletisme.fr\/wordpress\/wp-content\/uploads\/2025\/03\/IMG-20250223-WA0006.jpg\"><img loading=\"lazy\" decoding=\"async\" class=\"alignnone wp-image-23858\" src=\"https:\/\/janze-athletisme.fr\/wordpress\/wp-content\/uploads\/2025\/03\/IMG-20250223-WA0006-300x225.jpg\" alt=\"\" width=\"270\" height=\"203\" srcset=\"https:\/\/janze-athletisme.fr\/wordpress\/wp-content\/uploads\/2025\/03\/IMG-20250223-WA0006-300x225.jpg 300w, https:\/\/janze-athletisme.fr\/wordpress\/wp-content\/uploads\/2025\/03\/IMG-20250223-WA0006-768x576.jpg 768w, https:\/\/janze-athletisme.fr\/wordpress\/wp-content\/uploads\/2025\/03\/IMG-20250223-WA0006.jpg 1000w\" sizes=\"auto, (max-width: 270px) 100vw, 270px\" \/> <\/a><a href=\"https:\/\/janze-athletisme.fr\/wordpress\/wp-content\/uploads\/2025\/03\/IMG-20250223-WA0001.jpg\"><img loading=\"lazy\" decoding=\"async\" class=\"alignnone wp-image-23859\" src=\"https:\/\/janze-athletisme.fr\/wordpress\/wp-content\/uploads\/2025\/03\/IMG-20250223-WA0001-300x225.jpg\" alt=\"\" width=\"269\" height=\"202\" srcset=\"https:\/\/janze-athletisme.fr\/wordpress\/wp-content\/uploads\/2025\/03\/IMG-20250223-WA0001-300x225.jpg 300w, https:\/\/janze-athletisme.fr\/wordpress\/wp-content\/uploads\/2025\/03\/IMG-20250223-WA0001-768x576.jpg 768w, https:\/\/janze-athletisme.fr\/wordpress\/wp-content\/uploads\/2025\/03\/IMG-20250223-WA0001.jpg 1000w\" sizes=\"auto, (max-width: 269px) 100vw, 269px\" \/><\/a><\/p>\n","protected":false},"excerpt":{"rendered":"<p>Ultra Tour des C\u00f4tes d&rsquo;Armor, dimanche 23 f\u00e9vrier, Lannion Karine Pennec, Ludovic Dr\u00e9an, Louis Saffray, Michel Sperling, Palmyre Houget et Pierre Houget (licenci\u00e9 \u00e0 Bain), ont particip\u00e9 \u00e9galement \u00e0 ce grand \u00e9v\u00e8nement dont on a parl\u00e9 d\u00e9j\u00e0 ici pour nos coureurs (Ana\u00efs Guinnebault et Erwan Josset). Les r\u00e9sultats (brillants) sont ci-dessous dans le message de [&hellip;]<\/p>\n","protected":false},"author":12,"featured_media":23859,"comment_status":"open","ping_status":"open","sticky":false,"template":"","format":"aside","meta":{"_uag_custom_page_level_css":"","site-sidebar-layout":"default","site-content-layout":"","ast-site-content-layout":"default","site-content-style":"default","site-sidebar-style":"default","ast-global-header-display":"","ast-banner-title-visibility":"","ast-main-header-display":"","ast-hfb-above-header-display":"","ast-hfb-below-header-display":"","ast-hfb-mobile-header-display":"","site-post-title":"","ast-breadcrumbs-content":"","ast-featured-img":"","footer-sml-layout":"","ast-disable-related-posts":"","theme-transparent-header-meta":"default","adv-header-id-meta":"","stick-header-meta":"","header-above-stick-meta":"","header-main-stick-meta":"","header-below-stick-meta":"","astra-migrate-meta-layouts":"set","ast-page-background-enabled":"default","ast-page-background-meta":{"desktop":{"background-color":"var(--ast-global-color-4)","background-image":"","background-repeat":"repeat","background-position":"center center","background-size":"auto","background-attachment":"scroll","background-type":"","background-media":"","overlay-type":"","overlay-color":"","overlay-opacity":"","overlay-gradient":""},"tablet":{"background-color":"","background-image":"","background-repeat":"repeat","background-position":"center center","background-size":"auto","background-attachment":"scroll","background-type":"","background-media":"","overlay-type":"","overlay-color":"","overlay-opacity":"","overlay-gradient":""},"mobile":{"background-color":"","background-image":"","background-repeat":"repeat","background-position":"center center","background-size":"auto","background-attachment":"scroll","background-type":"","background-media":"","overlay-type":"","overlay-color":"","overlay-opacity":"","overlay-gradient":""}},"ast-content-background-meta":{"desktop":{"background-color":"var(--ast-global-color-5)","background-image":"","background-repeat":"repeat","background-position":"center center","background-size":"auto","background-attachment":"scroll","background-type":"","background-media":"","overlay-type":"","overlay-color":"","overlay-opacity":"","overlay-gradient":""},"tablet":{"background-color":"var(--ast-global-color-5)","background-image":"","background-repeat":"repeat","background-position":"center center","background-size":"auto","background-attachment":"scroll","background-type":"","background-media":"","overlay-type":"","overlay-color":"","overlay-opacity":"","overlay-gradient":""},"mobile":{"background-color":"var(--ast-global-color-5)","background-image":"","background-repeat":"repeat","background-position":"center center","background-size":"auto","background-attachment":"scroll","background-type":"","background-media":"","overlay-type":"","overlay-color":"","overlay-opacity":"","overlay-gradient":""}},"footnotes":""},"categories":[6],"tags":[],"class_list":["post-23855","post","type-post","status-publish","format-aside","has-post-thumbnail","hentry","category-sections","post_format-post-format-aside"],"yoast_head":"<!-- This site is optimized with the Yoast SEO plugin v27.4 - https:\/\/yoast.com\/product\/yoast-seo-wordpress\/ -->\n<title>Un magnifique (ultra) tour \u00e0 Lannion pour nos marcheurs - Janz\u00e9 Athl\u00e9tisme<\/title>\n<meta name=\"robots\" content=\"index, follow, max-snippet:-1, max-image-preview:large, max-video-preview:-1\" \/>\n<link rel=\"canonical\" href=\"https:\/\/janze-athletisme.fr\/wordpress\/un-magnifique-ultra-tour-a-lannion-pour-nos-marcheurs\/\" \/>\n<meta property=\"og:locale\" content=\"fr_FR\" \/>\n<meta property=\"og:type\" content=\"article\" \/>\n<meta property=\"og:title\" content=\"Un magnifique (ultra) tour \u00e0 Lannion pour nos marcheurs - Janz\u00e9 Athl\u00e9tisme\" \/>\n<meta property=\"og:description\" content=\"Ultra Tour des C\u00f4tes d&rsquo;Armor, dimanche 23 f\u00e9vrier, Lannion Karine Pennec, Ludovic Dr\u00e9an, Louis Saffray, Michel Sperling, Palmyre Houget et Pierre Houget (licenci\u00e9 \u00e0 Bain), ont particip\u00e9 \u00e9galement \u00e0 ce grand \u00e9v\u00e8nement dont on a parl\u00e9 d\u00e9j\u00e0 ici pour nos coureurs (Ana\u00efs Guinnebault et Erwan Josset). Les r\u00e9sultats (brillants) sont ci-dessous dans le message de [&hellip;]\" \/>\n<meta property=\"og:url\" content=\"https:\/\/janze-athletisme.fr\/wordpress\/un-magnifique-ultra-tour-a-lannion-pour-nos-marcheurs\/\" \/>\n<meta property=\"og:site_name\" content=\"Janz\u00e9 Athl\u00e9tisme\" \/>\n<meta property=\"article:publisher\" content=\"https:\/\/www.facebook.com\/groups\/1007964579346590\" \/>\n<meta property=\"article:published_time\" content=\"2025-03-03T06:13:07+00:00\" \/>\n<meta property=\"article:modified_time\" content=\"2025-03-04T09:34:54+00:00\" \/>\n<meta property=\"og:image\" content=\"https:\/\/janze-athletisme.fr\/wordpress\/wp-content\/uploads\/2025\/03\/IMG-20250223-WA0001.jpg\" \/>\n\t<meta property=\"og:image:width\" content=\"1000\" \/>\n\t<meta property=\"og:image:height\" content=\"750\" \/>\n\t<meta property=\"og:image:type\" content=\"image\/jpeg\" \/>\n<meta name=\"author\" content=\"Laurent Meunier\" \/>\n<meta name=\"twitter:card\" content=\"summary_large_image\" \/>\n<meta name=\"twitter:label1\" content=\"\u00c9crit par\" \/>\n\t<meta name=\"twitter:data1\" content=\"Laurent Meunier\" \/>\n\t<meta name=\"twitter:label2\" content=\"Dur\u00e9e de lecture estim\u00e9e\" \/>\n\t<meta name=\"twitter:data2\" content=\"2 minutes\" \/>\n<script type=\"application\/ld+json\" class=\"yoast-schema-graph\">{\"@context\":\"https:\\\/\\\/schema.org\",\"@graph\":[{\"@type\":\"Article\",\"@id\":\"https:\\\/\\\/janze-athletisme.fr\\\/wordpress\\\/un-magnifique-ultra-tour-a-lannion-pour-nos-marcheurs\\\/#article\",\"isPartOf\":{\"@id\":\"https:\\\/\\\/janze-athletisme.fr\\\/wordpress\\\/un-magnifique-ultra-tour-a-lannion-pour-nos-marcheurs\\\/\"},\"author\":{\"name\":\"Laurent Meunier\",\"@id\":\"https:\\\/\\\/janze-athletisme.fr\\\/wordpress\\\/#\\\/schema\\\/person\\\/c7b063dcfa6234c041d4d9b26cc2ea03\"},\"headline\":\"Un magnifique (ultra) tour \u00e0 Lannion pour nos marcheurs\",\"datePublished\":\"2025-03-03T06:13:07+00:00\",\"dateModified\":\"2025-03-04T09:34:54+00:00\",\"mainEntityOfPage\":{\"@id\":\"https:\\\/\\\/janze-athletisme.fr\\\/wordpress\\\/un-magnifique-ultra-tour-a-lannion-pour-nos-marcheurs\\\/\"},\"wordCount\":151,\"commentCount\":0,\"publisher\":{\"@id\":\"https:\\\/\\\/janze-athletisme.fr\\\/wordpress\\\/#organization\"},\"image\":{\"@id\":\"https:\\\/\\\/janze-athletisme.fr\\\/wordpress\\\/un-magnifique-ultra-tour-a-lannion-pour-nos-marcheurs\\\/#primaryimage\"},\"thumbnailUrl\":\"https:\\\/\\\/janze-athletisme.fr\\\/wordpress\\\/wp-content\\\/uploads\\\/2025\\\/03\\\/IMG-20250223-WA0001.jpg\",\"articleSection\":[\"Le club au jour le jour\"],\"inLanguage\":\"fr-FR\",\"potentialAction\":[{\"@type\":\"CommentAction\",\"name\":\"Comment\",\"target\":[\"https:\\\/\\\/janze-athletisme.fr\\\/wordpress\\\/un-magnifique-ultra-tour-a-lannion-pour-nos-marcheurs\\\/#respond\"]}]},{\"@type\":\"WebPage\",\"@id\":\"https:\\\/\\\/janze-athletisme.fr\\\/wordpress\\\/un-magnifique-ultra-tour-a-lannion-pour-nos-marcheurs\\\/\",\"url\":\"https:\\\/\\\/janze-athletisme.fr\\\/wordpress\\\/un-magnifique-ultra-tour-a-lannion-pour-nos-marcheurs\\\/\",\"name\":\"Un magnifique (ultra) tour \u00e0 Lannion pour nos marcheurs - Janz\u00e9 Athl\u00e9tisme\",\"isPartOf\":{\"@id\":\"https:\\\/\\\/janze-athletisme.fr\\\/wordpress\\\/#website\"},\"primaryImageOfPage\":{\"@id\":\"https:\\\/\\\/janze-athletisme.fr\\\/wordpress\\\/un-magnifique-ultra-tour-a-lannion-pour-nos-marcheurs\\\/#primaryimage\"},\"image\":{\"@id\":\"https:\\\/\\\/janze-athletisme.fr\\\/wordpress\\\/un-magnifique-ultra-tour-a-lannion-pour-nos-marcheurs\\\/#primaryimage\"},\"thumbnailUrl\":\"https:\\\/\\\/janze-athletisme.fr\\\/wordpress\\\/wp-content\\\/uploads\\\/2025\\\/03\\\/IMG-20250223-WA0001.jpg\",\"datePublished\":\"2025-03-03T06:13:07+00:00\",\"dateModified\":\"2025-03-04T09:34:54+00:00\",\"breadcrumb\":{\"@id\":\"https:\\\/\\\/janze-athletisme.fr\\\/wordpress\\\/un-magnifique-ultra-tour-a-lannion-pour-nos-marcheurs\\\/#breadcrumb\"},\"inLanguage\":\"fr-FR\",\"potentialAction\":[{\"@type\":\"ReadAction\",\"target\":[\"https:\\\/\\\/janze-athletisme.fr\\\/wordpress\\\/un-magnifique-ultra-tour-a-lannion-pour-nos-marcheurs\\\/\"]}]},{\"@type\":\"ImageObject\",\"inLanguage\":\"fr-FR\",\"@id\":\"https:\\\/\\\/janze-athletisme.fr\\\/wordpress\\\/un-magnifique-ultra-tour-a-lannion-pour-nos-marcheurs\\\/#primaryimage\",\"url\":\"https:\\\/\\\/janze-athletisme.fr\\\/wordpress\\\/wp-content\\\/uploads\\\/2025\\\/03\\\/IMG-20250223-WA0001.jpg\",\"contentUrl\":\"https:\\\/\\\/janze-athletisme.fr\\\/wordpress\\\/wp-content\\\/uploads\\\/2025\\\/03\\\/IMG-20250223-WA0001.jpg\",\"width\":1000,\"height\":750},{\"@type\":\"BreadcrumbList\",\"@id\":\"https:\\\/\\\/janze-athletisme.fr\\\/wordpress\\\/un-magnifique-ultra-tour-a-lannion-pour-nos-marcheurs\\\/#breadcrumb\",\"itemListElement\":[{\"@type\":\"ListItem\",\"position\":1,\"name\":\"Accueil\",\"item\":\"https:\\\/\\\/janze-athletisme.fr\\\/wordpress\\\/\"},{\"@type\":\"ListItem\",\"position\":2,\"name\":\"Un magnifique (ultra) tour \u00e0 Lannion pour nos marcheurs\"}]},{\"@type\":\"WebSite\",\"@id\":\"https:\\\/\\\/janze-athletisme.fr\\\/wordpress\\\/#website\",\"url\":\"https:\\\/\\\/janze-athletisme.fr\\\/wordpress\\\/\",\"name\":\"Janz\u00e9 Athl\u00e9tisme\",\"description\":\"Pays de La Roche aux F\u00e9es\",\"publisher\":{\"@id\":\"https:\\\/\\\/janze-athletisme.fr\\\/wordpress\\\/#organization\"},\"potentialAction\":[{\"@type\":\"SearchAction\",\"target\":{\"@type\":\"EntryPoint\",\"urlTemplate\":\"https:\\\/\\\/janze-athletisme.fr\\\/wordpress\\\/?s={search_term_string}\"},\"query-input\":{\"@type\":\"PropertyValueSpecification\",\"valueRequired\":true,\"valueName\":\"search_term_string\"}}],\"inLanguage\":\"fr-FR\"},{\"@type\":\"Organization\",\"@id\":\"https:\\\/\\\/janze-athletisme.fr\\\/wordpress\\\/#organization\",\"name\":\"Janz\u00e9 Athl\u00e9tisme\",\"url\":\"https:\\\/\\\/janze-athletisme.fr\\\/wordpress\\\/\",\"logo\":{\"@type\":\"ImageObject\",\"inLanguage\":\"fr-FR\",\"@id\":\"https:\\\/\\\/janze-athletisme.fr\\\/wordpress\\\/#\\\/schema\\\/logo\\\/image\\\/\",\"url\":\"https:\\\/\\\/janze-athletisme.fr\\\/wordpress\\\/wp-content\\\/uploads\\\/2015\\\/03\\\/logo-full1.jpg\",\"contentUrl\":\"https:\\\/\\\/janze-athletisme.fr\\\/wordpress\\\/wp-content\\\/uploads\\\/2015\\\/03\\\/logo-full1.jpg\",\"width\":437,\"height\":205,\"caption\":\"Janz\u00e9 Athl\u00e9tisme\"},\"image\":{\"@id\":\"https:\\\/\\\/janze-athletisme.fr\\\/wordpress\\\/#\\\/schema\\\/logo\\\/image\\\/\"},\"sameAs\":[\"https:\\\/\\\/www.facebook.com\\\/groups\\\/1007964579346590\"]},{\"@type\":\"Person\",\"@id\":\"https:\\\/\\\/janze-athletisme.fr\\\/wordpress\\\/#\\\/schema\\\/person\\\/c7b063dcfa6234c041d4d9b26cc2ea03\",\"name\":\"Laurent Meunier\",\"image\":{\"@type\":\"ImageObject\",\"inLanguage\":\"fr-FR\",\"@id\":\"https:\\\/\\\/secure.gravatar.com\\\/avatar\\\/dd25d581ad7c3349090f2fa6a9adb6bfa287e6a5dd8a5216a092727cd8749034?s=96&d=mm&r=g\",\"url\":\"https:\\\/\\\/secure.gravatar.com\\\/avatar\\\/dd25d581ad7c3349090f2fa6a9adb6bfa287e6a5dd8a5216a092727cd8749034?s=96&d=mm&r=g\",\"contentUrl\":\"https:\\\/\\\/secure.gravatar.com\\\/avatar\\\/dd25d581ad7c3349090f2fa6a9adb6bfa287e6a5dd8a5216a092727cd8749034?s=96&d=mm&r=g\",\"caption\":\"Laurent Meunier\"},\"url\":\"https:\\\/\\\/janze-athletisme.fr\\\/wordpress\\\/author\\\/laurent-meunier35\\\/\"}]}<\/script>\n<!-- \/ Yoast SEO plugin. -->","yoast_head_json":{"title":"Un magnifique (ultra) tour \u00e0 Lannion pour nos marcheurs - Janz\u00e9 Athl\u00e9tisme","robots":{"index":"index","follow":"follow","max-snippet":"max-snippet:-1","max-image-preview":"max-image-preview:large","max-video-preview":"max-video-preview:-1"},"canonical":"https:\/\/janze-athletisme.fr\/wordpress\/un-magnifique-ultra-tour-a-lannion-pour-nos-marcheurs\/","og_locale":"fr_FR","og_type":"article","og_title":"Un magnifique (ultra) tour \u00e0 Lannion pour nos marcheurs - Janz\u00e9 Athl\u00e9tisme","og_description":"Ultra Tour des C\u00f4tes d&rsquo;Armor, dimanche 23 f\u00e9vrier, Lannion Karine Pennec, Ludovic Dr\u00e9an, Louis Saffray, Michel Sperling, Palmyre Houget et Pierre Houget (licenci\u00e9 \u00e0 Bain), ont particip\u00e9 \u00e9galement \u00e0 ce grand \u00e9v\u00e8nement dont on a parl\u00e9 d\u00e9j\u00e0 ici pour nos coureurs (Ana\u00efs Guinnebault et Erwan Josset). Les r\u00e9sultats (brillants) sont ci-dessous dans le message de [&hellip;]","og_url":"https:\/\/janze-athletisme.fr\/wordpress\/un-magnifique-ultra-tour-a-lannion-pour-nos-marcheurs\/","og_site_name":"Janz\u00e9 Athl\u00e9tisme","article_publisher":"https:\/\/www.facebook.com\/groups\/1007964579346590","article_published_time":"2025-03-03T06:13:07+00:00","article_modified_time":"2025-03-04T09:34:54+00:00","og_image":[{"width":1000,"height":750,"url":"https:\/\/janze-athletisme.fr\/wordpress\/wp-content\/uploads\/2025\/03\/IMG-20250223-WA0001.jpg","type":"image\/jpeg"}],"author":"Laurent Meunier","twitter_card":"summary_large_image","twitter_misc":{"\u00c9crit par":"Laurent Meunier","Dur\u00e9e de lecture estim\u00e9e":"2 minutes"},"schema":{"@context":"https:\/\/schema.org","@graph":[{"@type":"Article","@id":"https:\/\/janze-athletisme.fr\/wordpress\/un-magnifique-ultra-tour-a-lannion-pour-nos-marcheurs\/#article","isPartOf":{"@id":"https:\/\/janze-athletisme.fr\/wordpress\/un-magnifique-ultra-tour-a-lannion-pour-nos-marcheurs\/"},"author":{"name":"Laurent Meunier","@id":"https:\/\/janze-athletisme.fr\/wordpress\/#\/schema\/person\/c7b063dcfa6234c041d4d9b26cc2ea03"},"headline":"Un magnifique (ultra) tour \u00e0 Lannion pour nos marcheurs","datePublished":"2025-03-03T06:13:07+00:00","dateModified":"2025-03-04T09:34:54+00:00","mainEntityOfPage":{"@id":"https:\/\/janze-athletisme.fr\/wordpress\/un-magnifique-ultra-tour-a-lannion-pour-nos-marcheurs\/"},"wordCount":151,"commentCount":0,"publisher":{"@id":"https:\/\/janze-athletisme.fr\/wordpress\/#organization"},"image":{"@id":"https:\/\/janze-athletisme.fr\/wordpress\/un-magnifique-ultra-tour-a-lannion-pour-nos-marcheurs\/#primaryimage"},"thumbnailUrl":"https:\/\/janze-athletisme.fr\/wordpress\/wp-content\/uploads\/2025\/03\/IMG-20250223-WA0001.jpg","articleSection":["Le club au jour le jour"],"inLanguage":"fr-FR","potentialAction":[{"@type":"CommentAction","name":"Comment","target":["https:\/\/janze-athletisme.fr\/wordpress\/un-magnifique-ultra-tour-a-lannion-pour-nos-marcheurs\/#respond"]}]},{"@type":"WebPage","@id":"https:\/\/janze-athletisme.fr\/wordpress\/un-magnifique-ultra-tour-a-lannion-pour-nos-marcheurs\/","url":"https:\/\/janze-athletisme.fr\/wordpress\/un-magnifique-ultra-tour-a-lannion-pour-nos-marcheurs\/","name":"Un magnifique (ultra) tour \u00e0 Lannion pour nos marcheurs - Janz\u00e9 Athl\u00e9tisme","isPartOf":{"@id":"https:\/\/janze-athletisme.fr\/wordpress\/#website"},"primaryImageOfPage":{"@id":"https:\/\/janze-athletisme.fr\/wordpress\/un-magnifique-ultra-tour-a-lannion-pour-nos-marcheurs\/#primaryimage"},"image":{"@id":"https:\/\/janze-athletisme.fr\/wordpress\/un-magnifique-ultra-tour-a-lannion-pour-nos-marcheurs\/#primaryimage"},"thumbnailUrl":"https:\/\/janze-athletisme.fr\/wordpress\/wp-content\/uploads\/2025\/03\/IMG-20250223-WA0001.jpg","datePublished":"2025-03-03T06:13:07+00:00","dateModified":"2025-03-04T09:34:54+00:00","breadcrumb":{"@id":"https:\/\/janze-athletisme.fr\/wordpress\/un-magnifique-ultra-tour-a-lannion-pour-nos-marcheurs\/#breadcrumb"},"inLanguage":"fr-FR","potentialAction":[{"@type":"ReadAction","target":["https:\/\/janze-athletisme.fr\/wordpress\/un-magnifique-ultra-tour-a-lannion-pour-nos-marcheurs\/"]}]},{"@type":"ImageObject","inLanguage":"fr-FR","@id":"https:\/\/janze-athletisme.fr\/wordpress\/un-magnifique-ultra-tour-a-lannion-pour-nos-marcheurs\/#primaryimage","url":"https:\/\/janze-athletisme.fr\/wordpress\/wp-content\/uploads\/2025\/03\/IMG-20250223-WA0001.jpg","contentUrl":"https:\/\/janze-athletisme.fr\/wordpress\/wp-content\/uploads\/2025\/03\/IMG-20250223-WA0001.jpg","width":1000,"height":750},{"@type":"BreadcrumbList","@id":"https:\/\/janze-athletisme.fr\/wordpress\/un-magnifique-ultra-tour-a-lannion-pour-nos-marcheurs\/#breadcrumb","itemListElement":[{"@type":"ListItem","position":1,"name":"Accueil","item":"https:\/\/janze-athletisme.fr\/wordpress\/"},{"@type":"ListItem","position":2,"name":"Un magnifique (ultra) tour \u00e0 Lannion pour nos marcheurs"}]},{"@type":"WebSite","@id":"https:\/\/janze-athletisme.fr\/wordpress\/#website","url":"https:\/\/janze-athletisme.fr\/wordpress\/","name":"Janz\u00e9 Athl\u00e9tisme","description":"Pays de La Roche aux F\u00e9es","publisher":{"@id":"https:\/\/janze-athletisme.fr\/wordpress\/#organization"},"potentialAction":[{"@type":"SearchAction","target":{"@type":"EntryPoint","urlTemplate":"https:\/\/janze-athletisme.fr\/wordpress\/?s={search_term_string}"},"query-input":{"@type":"PropertyValueSpecification","valueRequired":true,"valueName":"search_term_string"}}],"inLanguage":"fr-FR"},{"@type":"Organization","@id":"https:\/\/janze-athletisme.fr\/wordpress\/#organization","name":"Janz\u00e9 Athl\u00e9tisme","url":"https:\/\/janze-athletisme.fr\/wordpress\/","logo":{"@type":"ImageObject","inLanguage":"fr-FR","@id":"https:\/\/janze-athletisme.fr\/wordpress\/#\/schema\/logo\/image\/","url":"https:\/\/janze-athletisme.fr\/wordpress\/wp-content\/uploads\/2015\/03\/logo-full1.jpg","contentUrl":"https:\/\/janze-athletisme.fr\/wordpress\/wp-content\/uploads\/2015\/03\/logo-full1.jpg","width":437,"height":205,"caption":"Janz\u00e9 Athl\u00e9tisme"},"image":{"@id":"https:\/\/janze-athletisme.fr\/wordpress\/#\/schema\/logo\/image\/"},"sameAs":["https:\/\/www.facebook.com\/groups\/1007964579346590"]},{"@type":"Person","@id":"https:\/\/janze-athletisme.fr\/wordpress\/#\/schema\/person\/c7b063dcfa6234c041d4d9b26cc2ea03","name":"Laurent Meunier","image":{"@type":"ImageObject","inLanguage":"fr-FR","@id":"https:\/\/secure.gravatar.com\/avatar\/dd25d581ad7c3349090f2fa6a9adb6bfa287e6a5dd8a5216a092727cd8749034?s=96&d=mm&r=g","url":"https:\/\/secure.gravatar.com\/avatar\/dd25d581ad7c3349090f2fa6a9adb6bfa287e6a5dd8a5216a092727cd8749034?s=96&d=mm&r=g","contentUrl":"https:\/\/secure.gravatar.com\/avatar\/dd25d581ad7c3349090f2fa6a9adb6bfa287e6a5dd8a5216a092727cd8749034?s=96&d=mm&r=g","caption":"Laurent Meunier"},"url":"https:\/\/janze-athletisme.fr\/wordpress\/author\/laurent-meunier35\/"}]}},"uagb_featured_image_src":{"full":["https:\/\/janze-athletisme.fr\/wordpress\/wp-content\/uploads\/2025\/03\/IMG-20250223-WA0001.jpg",1000,750,false],"thumbnail":["https:\/\/janze-athletisme.fr\/wordpress\/wp-content\/uploads\/2025\/03\/IMG-20250223-WA0001-150x150.jpg",150,150,true],"medium":["https:\/\/janze-athletisme.fr\/wordpress\/wp-content\/uploads\/2025\/03\/IMG-20250223-WA0001-300x225.jpg",300,225,true],"medium_large":["https:\/\/janze-athletisme.fr\/wordpress\/wp-content\/uploads\/2025\/03\/IMG-20250223-WA0001-768x576.jpg",768,576,true],"large":["https:\/\/janze-athletisme.fr\/wordpress\/wp-content\/uploads\/2025\/03\/IMG-20250223-WA0001.jpg",1000,750,false],"1536x1536":["https:\/\/janze-athletisme.fr\/wordpress\/wp-content\/uploads\/2025\/03\/IMG-20250223-WA0001.jpg",1000,750,false],"2048x2048":["https:\/\/janze-athletisme.fr\/wordpress\/wp-content\/uploads\/2025\/03\/IMG-20250223-WA0001.jpg",1000,750,false]},"uagb_author_info":{"display_name":"Laurent Meunier","author_link":"https:\/\/janze-athletisme.fr\/wordpress\/author\/laurent-meunier35\/"},"uagb_comment_info":0,"uagb_excerpt":"Ultra Tour des C\u00f4tes d&rsquo;Armor, dimanche 23 f\u00e9vrier, Lannion Karine Pennec, Ludovic Dr\u00e9an, Louis Saffray, Michel Sperling, Palmyre Houget et Pierre Houget (licenci\u00e9 \u00e0 Bain), ont particip\u00e9 \u00e9galement \u00e0 ce grand \u00e9v\u00e8nement dont on a parl\u00e9 d\u00e9j\u00e0 ici pour nos coureurs (Ana\u00efs Guinnebault et Erwan Josset). Les r\u00e9sultats (brillants) sont ci-dessous dans le message de\u2026","_links":{"self":[{"href":"https:\/\/janze-athletisme.fr\/wordpress\/wp-json\/wp\/v2\/posts\/23855","targetHints":{"allow":["GET"]}}],"collection":[{"href":"https:\/\/janze-athletisme.fr\/wordpress\/wp-json\/wp\/v2\/posts"}],"about":[{"href":"https:\/\/janze-athletisme.fr\/wordpress\/wp-json\/wp\/v2\/types\/post"}],"author":[{"embeddable":true,"href":"https:\/\/janze-athletisme.fr\/wordpress\/wp-json\/wp\/v2\/users\/12"}],"replies":[{"embeddable":true,"href":"https:\/\/janze-athletisme.fr\/wordpress\/wp-json\/wp\/v2\/comments?post=23855"}],"version-history":[{"count":3,"href":"https:\/\/janze-athletisme.fr\/wordpress\/wp-json\/wp\/v2\/posts\/23855\/revisions"}],"predecessor-version":[{"id":23940,"href":"https:\/\/janze-athletisme.fr\/wordpress\/wp-json\/wp\/v2\/posts\/23855\/revisions\/23940"}],"wp:featuredmedia":[{"embeddable":true,"href":"https:\/\/janze-athletisme.fr\/wordpress\/wp-json\/wp\/v2\/media\/23859"}],"wp:attachment":[{"href":"https:\/\/janze-athletisme.fr\/wordpress\/wp-json\/wp\/v2\/media?parent=23855"}],"wp:term":[{"taxonomy":"category","embeddable":true,"href":"https:\/\/janze-athletisme.fr\/wordpress\/wp-json\/wp\/v2\/categories?post=23855"},{"taxonomy":"post_tag","embeddable":true,"href":"https:\/\/janze-athletisme.fr\/wordpress\/wp-json\/wp\/v2\/tags?post=23855"}],"curies":[{"name":"wp","href":"https:\/\/api.w.org\/{rel}","templated":true}]}}