{"id":23746,"date":"2025-02-20T23:10:36","date_gmt":"2025-02-20T22:10:36","guid":{"rendered":"https:\/\/janze-athletisme.fr\/wordpress\/?p=23746"},"modified":"2025-02-20T23:18:38","modified_gmt":"2025-02-20T22:18:38","slug":"enzo-a-son-tour-qualifie-aux-france","status":"publish","type":"post","link":"https:\/\/janze-athletisme.fr\/wordpress\/enzo-a-son-tour-qualifie-aux-france\/","title":{"rendered":"Enzo \u00e0 son tour qualifi\u00e9 aux France"},"content":{"rendered":"<p><span style=\"font-size: 18pt\"><strong>Championnat de France des lancers hivernaux, Salon de Provence, 28 f\u00e9vrier<\/strong><\/span><br \/>\nBon ce n&rsquo;est pas encore Miramas et les France \u00c9lites ce week-end, mais c&rsquo;est quand m\u00eame une qualification aux championnats de France. La 30\u00e8me individuelle (pour 22 athl\u00e8tes diff\u00e9rents) depuis le d\u00e9but de la saison pour notre club. Incroyable ! Nous vivons une saison exceptionnelle sur ce plan\u2026<br \/>\nApr\u00e8s <strong>Faustine<\/strong> Louaisil, <strong>Cl\u00e9mence<\/strong> Lamoureux, <strong>L\u00e9a<\/strong> Robert, <strong>Ewen<\/strong> Caillaud, <strong>Camille<\/strong> Danet, <strong>Noah<\/strong> Barill\u00e9, <strong>Manon<\/strong> Le Nard, <strong>Ma\u00eblys<\/strong> Renoult, <strong>Anna<\/strong> Tanguy, <strong>Lou-Ann<\/strong> Bouix aux France de Relais, puis Faustine Louaisil de nouveau, <strong>A\u00efcha<\/strong> Omrani, <strong>Wilfrid<\/strong> Lebreton, <strong>Rapha\u00ebl<\/strong> Bou\u00e9, <strong>L\u00e9o<\/strong> Guiheux et <strong>Esteban<\/strong> Bouillaux aux France de 5km \u00e0 Saint-Omer, puis <strong>B\u00e9renger<\/strong> Tardif, <strong>Thibault<\/strong> Vilay et <strong>Quentin<\/strong> Planchenault le week-end dernier \u00e0 Li\u00e9vin pour les France indoor U18\/U20, et avant L\u00e9a Robert, <strong>Basile<\/strong> Chevrel, L\u00e9o Guiheux, Rapha\u00ebl Bou\u00e9, Esteban Bouillaux, <strong>Lohan<\/strong> Ksouda-Lain\u00e9, Noah Barill\u00e9 et Ewen Caillaud le 2 mars \u00e0 Challans pour les France de cross, et avant encore <strong>Maryse<\/strong> Veyer sur les France de marathon et A\u00efcha Omrani sur les France de 10km \u00e0 la fin mars, c&rsquo;est <strong>Enzo<\/strong> Paccini cette fois qui s&rsquo;est qualifi\u00e9 pour les lancers hivernaux, \u00e0 Salon de Provence le 28 f\u00e9vrier, dans son \u00e9preuve de pr\u00e9dilection, le poids (7.26 kg).<br \/>\nAvec 12m61, il sera la 16e perf d&rsquo;engagement chez les espoirs, et la derni\u00e8re, mais au moins va-t-il \u00eatre de la f\u00eate. Ce sera l&rsquo;occasion pour lui de voir concourir les meilleurs nationaux de sa cat\u00e9gorie d&rsquo;\u00e2ge et, en les observant, en prenant conseil, de continuer \u00e0 progresser.<br \/>\nBravo Enzo. Il est la discr\u00e9tion m\u00eame, mais, mine de rien, il est en train de tracer un sacr\u00e9 bout de chemin.<\/p>\n<p><a href=\"https:\/\/janze-athletisme.fr\/wordpress\/wp-content\/uploads\/2025\/02\/Enzo-30juin2024-DR-CMS.jpg\"><img loading=\"lazy\" decoding=\"async\" class=\"alignnone size-medium wp-image-23747\" src=\"https:\/\/janze-athletisme.fr\/wordpress\/wp-content\/uploads\/2025\/02\/Enzo-30juin2024-DR-CMS-300x201.jpg\" alt=\"\" width=\"300\" height=\"201\" srcset=\"https:\/\/janze-athletisme.fr\/wordpress\/wp-content\/uploads\/2025\/02\/Enzo-30juin2024-DR-CMS-300x201.jpg 300w, https:\/\/janze-athletisme.fr\/wordpress\/wp-content\/uploads\/2025\/02\/Enzo-30juin2024-DR-CMS-768x514.jpg 768w, https:\/\/janze-athletisme.fr\/wordpress\/wp-content\/uploads\/2025\/02\/Enzo-30juin2024-DR-CMS.jpg 1011w\" sizes=\"auto, (max-width: 300px) 100vw, 300px\" \/><\/a><\/p>\n<p><span style=\"font-size: 10pt\"><em>(DR Capture My Sport, championnat de Bretagne, juin 2024).<\/em><\/span><\/p>\n","protected":false},"excerpt":{"rendered":"<p>Championnat de France des lancers hivernaux, Salon de Provence, 28 f\u00e9vrier Bon ce n&rsquo;est pas encore Miramas et les France \u00c9lites ce week-end, mais c&rsquo;est quand m\u00eame une qualification aux championnats de France. La 30\u00e8me individuelle (pour 22 athl\u00e8tes diff\u00e9rents) depuis le d\u00e9but de la saison pour notre club. Incroyable ! Nous vivons une saison [&hellip;]<\/p>\n","protected":false},"author":12,"featured_media":23747,"comment_status":"open","ping_status":"open","sticky":false,"template":"","format":"aside","meta":{"_uag_custom_page_level_css":"","site-sidebar-layout":"default","site-content-layout":"","ast-site-content-layout":"default","site-content-style":"default","site-sidebar-style":"default","ast-global-header-display":"","ast-banner-title-visibility":"","ast-main-header-display":"","ast-hfb-above-header-display":"","ast-hfb-below-header-display":"","ast-hfb-mobile-header-display":"","site-post-title":"","ast-breadcrumbs-content":"","ast-featured-img":"","footer-sml-layout":"","ast-disable-related-posts":"","theme-transparent-header-meta":"default","adv-header-id-meta":"","stick-header-meta":"","header-above-stick-meta":"","header-main-stick-meta":"","header-below-stick-meta":"","astra-migrate-meta-layouts":"set","ast-page-background-enabled":"default","ast-page-background-meta":{"desktop":{"background-color":"var(--ast-global-color-4)","background-image":"","background-repeat":"repeat","background-position":"center center","background-size":"auto","background-attachment":"scroll","background-type":"","background-media":"","overlay-type":"","overlay-color":"","overlay-opacity":"","overlay-gradient":""},"tablet":{"background-color":"","background-image":"","background-repeat":"repeat","background-position":"center center","background-size":"auto","background-attachment":"scroll","background-type":"","background-media":"","overlay-type":"","overlay-color":"","overlay-opacity":"","overlay-gradient":""},"mobile":{"background-color":"","background-image":"","background-repeat":"repeat","background-position":"center center","background-size":"auto","background-attachment":"scroll","background-type":"","background-media":"","overlay-type":"","overlay-color":"","overlay-opacity":"","overlay-gradient":""}},"ast-content-background-meta":{"desktop":{"background-color":"var(--ast-global-color-5)","background-image":"","background-repeat":"repeat","background-position":"center center","background-size":"auto","background-attachment":"scroll","background-type":"","background-media":"","overlay-type":"","overlay-color":"","overlay-opacity":"","overlay-gradient":""},"tablet":{"background-color":"var(--ast-global-color-5)","background-image":"","background-repeat":"repeat","background-position":"center center","background-size":"auto","background-attachment":"scroll","background-type":"","background-media":"","overlay-type":"","overlay-color":"","overlay-opacity":"","overlay-gradient":""},"mobile":{"background-color":"var(--ast-global-color-5)","background-image":"","background-repeat":"repeat","background-position":"center center","background-size":"auto","background-attachment":"scroll","background-type":"","background-media":"","overlay-type":"","overlay-color":"","overlay-opacity":"","overlay-gradient":""}},"footnotes":""},"categories":[6],"tags":[],"class_list":["post-23746","post","type-post","status-publish","format-aside","has-post-thumbnail","hentry","category-sections","post_format-post-format-aside"],"yoast_head":"<!-- This site is optimized with the Yoast SEO plugin v27.4 - https:\/\/yoast.com\/product\/yoast-seo-wordpress\/ -->\n<title>Enzo \u00e0 son tour qualifi\u00e9 aux France - Janz\u00e9 Athl\u00e9tisme<\/title>\n<meta name=\"robots\" content=\"index, follow, max-snippet:-1, max-image-preview:large, max-video-preview:-1\" \/>\n<link rel=\"canonical\" href=\"https:\/\/janze-athletisme.fr\/wordpress\/enzo-a-son-tour-qualifie-aux-france\/\" \/>\n<meta property=\"og:locale\" content=\"fr_FR\" \/>\n<meta property=\"og:type\" content=\"article\" \/>\n<meta property=\"og:title\" content=\"Enzo \u00e0 son tour qualifi\u00e9 aux France - Janz\u00e9 Athl\u00e9tisme\" \/>\n<meta property=\"og:description\" content=\"Championnat de France des lancers hivernaux, Salon de Provence, 28 f\u00e9vrier Bon ce n&rsquo;est pas encore Miramas et les France \u00c9lites ce week-end, mais c&rsquo;est quand m\u00eame une qualification aux championnats de France. La 30\u00e8me individuelle (pour 22 athl\u00e8tes diff\u00e9rents) depuis le d\u00e9but de la saison pour notre club. Incroyable ! Nous vivons une saison [&hellip;]\" \/>\n<meta property=\"og:url\" content=\"https:\/\/janze-athletisme.fr\/wordpress\/enzo-a-son-tour-qualifie-aux-france\/\" \/>\n<meta property=\"og:site_name\" content=\"Janz\u00e9 Athl\u00e9tisme\" \/>\n<meta property=\"article:publisher\" content=\"https:\/\/www.facebook.com\/groups\/1007964579346590\" \/>\n<meta property=\"article:published_time\" content=\"2025-02-20T22:10:36+00:00\" \/>\n<meta property=\"article:modified_time\" content=\"2025-02-20T22:18:38+00:00\" \/>\n<meta property=\"og:image\" content=\"https:\/\/janze-athletisme.fr\/wordpress\/wp-content\/uploads\/2025\/02\/Enzo-30juin2024-DR-CMS.jpg\" \/>\n\t<meta property=\"og:image:width\" content=\"1011\" \/>\n\t<meta property=\"og:image:height\" content=\"677\" \/>\n\t<meta property=\"og:image:type\" content=\"image\/jpeg\" \/>\n<meta name=\"author\" content=\"Laurent Meunier\" \/>\n<meta name=\"twitter:card\" content=\"summary_large_image\" \/>\n<meta name=\"twitter:label1\" content=\"\u00c9crit par\" \/>\n\t<meta name=\"twitter:data1\" content=\"Laurent Meunier\" \/>\n\t<meta name=\"twitter:label2\" content=\"Dur\u00e9e de lecture estim\u00e9e\" \/>\n\t<meta name=\"twitter:data2\" content=\"2 minutes\" \/>\n<script type=\"application\/ld+json\" class=\"yoast-schema-graph\">{\"@context\":\"https:\\\/\\\/schema.org\",\"@graph\":[{\"@type\":\"Article\",\"@id\":\"https:\\\/\\\/janze-athletisme.fr\\\/wordpress\\\/enzo-a-son-tour-qualifie-aux-france\\\/#article\",\"isPartOf\":{\"@id\":\"https:\\\/\\\/janze-athletisme.fr\\\/wordpress\\\/enzo-a-son-tour-qualifie-aux-france\\\/\"},\"author\":{\"name\":\"Laurent Meunier\",\"@id\":\"https:\\\/\\\/janze-athletisme.fr\\\/wordpress\\\/#\\\/schema\\\/person\\\/c7b063dcfa6234c041d4d9b26cc2ea03\"},\"headline\":\"Enzo \u00e0 son tour qualifi\u00e9 aux France\",\"datePublished\":\"2025-02-20T22:10:36+00:00\",\"dateModified\":\"2025-02-20T22:18:38+00:00\",\"mainEntityOfPage\":{\"@id\":\"https:\\\/\\\/janze-athletisme.fr\\\/wordpress\\\/enzo-a-son-tour-qualifie-aux-france\\\/\"},\"wordCount\":309,\"commentCount\":0,\"publisher\":{\"@id\":\"https:\\\/\\\/janze-athletisme.fr\\\/wordpress\\\/#organization\"},\"image\":{\"@id\":\"https:\\\/\\\/janze-athletisme.fr\\\/wordpress\\\/enzo-a-son-tour-qualifie-aux-france\\\/#primaryimage\"},\"thumbnailUrl\":\"https:\\\/\\\/janze-athletisme.fr\\\/wordpress\\\/wp-content\\\/uploads\\\/2025\\\/02\\\/Enzo-30juin2024-DR-CMS.jpg\",\"articleSection\":[\"Le club au jour le jour\"],\"inLanguage\":\"fr-FR\",\"potentialAction\":[{\"@type\":\"CommentAction\",\"name\":\"Comment\",\"target\":[\"https:\\\/\\\/janze-athletisme.fr\\\/wordpress\\\/enzo-a-son-tour-qualifie-aux-france\\\/#respond\"]}]},{\"@type\":\"WebPage\",\"@id\":\"https:\\\/\\\/janze-athletisme.fr\\\/wordpress\\\/enzo-a-son-tour-qualifie-aux-france\\\/\",\"url\":\"https:\\\/\\\/janze-athletisme.fr\\\/wordpress\\\/enzo-a-son-tour-qualifie-aux-france\\\/\",\"name\":\"Enzo \u00e0 son tour qualifi\u00e9 aux France - Janz\u00e9 Athl\u00e9tisme\",\"isPartOf\":{\"@id\":\"https:\\\/\\\/janze-athletisme.fr\\\/wordpress\\\/#website\"},\"primaryImageOfPage\":{\"@id\":\"https:\\\/\\\/janze-athletisme.fr\\\/wordpress\\\/enzo-a-son-tour-qualifie-aux-france\\\/#primaryimage\"},\"image\":{\"@id\":\"https:\\\/\\\/janze-athletisme.fr\\\/wordpress\\\/enzo-a-son-tour-qualifie-aux-france\\\/#primaryimage\"},\"thumbnailUrl\":\"https:\\\/\\\/janze-athletisme.fr\\\/wordpress\\\/wp-content\\\/uploads\\\/2025\\\/02\\\/Enzo-30juin2024-DR-CMS.jpg\",\"datePublished\":\"2025-02-20T22:10:36+00:00\",\"dateModified\":\"2025-02-20T22:18:38+00:00\",\"breadcrumb\":{\"@id\":\"https:\\\/\\\/janze-athletisme.fr\\\/wordpress\\\/enzo-a-son-tour-qualifie-aux-france\\\/#breadcrumb\"},\"inLanguage\":\"fr-FR\",\"potentialAction\":[{\"@type\":\"ReadAction\",\"target\":[\"https:\\\/\\\/janze-athletisme.fr\\\/wordpress\\\/enzo-a-son-tour-qualifie-aux-france\\\/\"]}]},{\"@type\":\"ImageObject\",\"inLanguage\":\"fr-FR\",\"@id\":\"https:\\\/\\\/janze-athletisme.fr\\\/wordpress\\\/enzo-a-son-tour-qualifie-aux-france\\\/#primaryimage\",\"url\":\"https:\\\/\\\/janze-athletisme.fr\\\/wordpress\\\/wp-content\\\/uploads\\\/2025\\\/02\\\/Enzo-30juin2024-DR-CMS.jpg\",\"contentUrl\":\"https:\\\/\\\/janze-athletisme.fr\\\/wordpress\\\/wp-content\\\/uploads\\\/2025\\\/02\\\/Enzo-30juin2024-DR-CMS.jpg\",\"width\":1011,\"height\":677},{\"@type\":\"BreadcrumbList\",\"@id\":\"https:\\\/\\\/janze-athletisme.fr\\\/wordpress\\\/enzo-a-son-tour-qualifie-aux-france\\\/#breadcrumb\",\"itemListElement\":[{\"@type\":\"ListItem\",\"position\":1,\"name\":\"Accueil\",\"item\":\"https:\\\/\\\/janze-athletisme.fr\\\/wordpress\\\/\"},{\"@type\":\"ListItem\",\"position\":2,\"name\":\"Enzo \u00e0 son tour qualifi\u00e9 aux France\"}]},{\"@type\":\"WebSite\",\"@id\":\"https:\\\/\\\/janze-athletisme.fr\\\/wordpress\\\/#website\",\"url\":\"https:\\\/\\\/janze-athletisme.fr\\\/wordpress\\\/\",\"name\":\"Janz\u00e9 Athl\u00e9tisme\",\"description\":\"Pays de La Roche aux F\u00e9es\",\"publisher\":{\"@id\":\"https:\\\/\\\/janze-athletisme.fr\\\/wordpress\\\/#organization\"},\"potentialAction\":[{\"@type\":\"SearchAction\",\"target\":{\"@type\":\"EntryPoint\",\"urlTemplate\":\"https:\\\/\\\/janze-athletisme.fr\\\/wordpress\\\/?s={search_term_string}\"},\"query-input\":{\"@type\":\"PropertyValueSpecification\",\"valueRequired\":true,\"valueName\":\"search_term_string\"}}],\"inLanguage\":\"fr-FR\"},{\"@type\":\"Organization\",\"@id\":\"https:\\\/\\\/janze-athletisme.fr\\\/wordpress\\\/#organization\",\"name\":\"Janz\u00e9 Athl\u00e9tisme\",\"url\":\"https:\\\/\\\/janze-athletisme.fr\\\/wordpress\\\/\",\"logo\":{\"@type\":\"ImageObject\",\"inLanguage\":\"fr-FR\",\"@id\":\"https:\\\/\\\/janze-athletisme.fr\\\/wordpress\\\/#\\\/schema\\\/logo\\\/image\\\/\",\"url\":\"https:\\\/\\\/janze-athletisme.fr\\\/wordpress\\\/wp-content\\\/uploads\\\/2015\\\/03\\\/logo-full1.jpg\",\"contentUrl\":\"https:\\\/\\\/janze-athletisme.fr\\\/wordpress\\\/wp-content\\\/uploads\\\/2015\\\/03\\\/logo-full1.jpg\",\"width\":437,\"height\":205,\"caption\":\"Janz\u00e9 Athl\u00e9tisme\"},\"image\":{\"@id\":\"https:\\\/\\\/janze-athletisme.fr\\\/wordpress\\\/#\\\/schema\\\/logo\\\/image\\\/\"},\"sameAs\":[\"https:\\\/\\\/www.facebook.com\\\/groups\\\/1007964579346590\"]},{\"@type\":\"Person\",\"@id\":\"https:\\\/\\\/janze-athletisme.fr\\\/wordpress\\\/#\\\/schema\\\/person\\\/c7b063dcfa6234c041d4d9b26cc2ea03\",\"name\":\"Laurent Meunier\",\"image\":{\"@type\":\"ImageObject\",\"inLanguage\":\"fr-FR\",\"@id\":\"https:\\\/\\\/secure.gravatar.com\\\/avatar\\\/dd25d581ad7c3349090f2fa6a9adb6bfa287e6a5dd8a5216a092727cd8749034?s=96&d=mm&r=g\",\"url\":\"https:\\\/\\\/secure.gravatar.com\\\/avatar\\\/dd25d581ad7c3349090f2fa6a9adb6bfa287e6a5dd8a5216a092727cd8749034?s=96&d=mm&r=g\",\"contentUrl\":\"https:\\\/\\\/secure.gravatar.com\\\/avatar\\\/dd25d581ad7c3349090f2fa6a9adb6bfa287e6a5dd8a5216a092727cd8749034?s=96&d=mm&r=g\",\"caption\":\"Laurent Meunier\"},\"url\":\"https:\\\/\\\/janze-athletisme.fr\\\/wordpress\\\/author\\\/laurent-meunier35\\\/\"}]}<\/script>\n<!-- \/ Yoast SEO plugin. -->","yoast_head_json":{"title":"Enzo \u00e0 son tour qualifi\u00e9 aux France - Janz\u00e9 Athl\u00e9tisme","robots":{"index":"index","follow":"follow","max-snippet":"max-snippet:-1","max-image-preview":"max-image-preview:large","max-video-preview":"max-video-preview:-1"},"canonical":"https:\/\/janze-athletisme.fr\/wordpress\/enzo-a-son-tour-qualifie-aux-france\/","og_locale":"fr_FR","og_type":"article","og_title":"Enzo \u00e0 son tour qualifi\u00e9 aux France - Janz\u00e9 Athl\u00e9tisme","og_description":"Championnat de France des lancers hivernaux, Salon de Provence, 28 f\u00e9vrier Bon ce n&rsquo;est pas encore Miramas et les France \u00c9lites ce week-end, mais c&rsquo;est quand m\u00eame une qualification aux championnats de France. La 30\u00e8me individuelle (pour 22 athl\u00e8tes diff\u00e9rents) depuis le d\u00e9but de la saison pour notre club. Incroyable ! Nous vivons une saison [&hellip;]","og_url":"https:\/\/janze-athletisme.fr\/wordpress\/enzo-a-son-tour-qualifie-aux-france\/","og_site_name":"Janz\u00e9 Athl\u00e9tisme","article_publisher":"https:\/\/www.facebook.com\/groups\/1007964579346590","article_published_time":"2025-02-20T22:10:36+00:00","article_modified_time":"2025-02-20T22:18:38+00:00","og_image":[{"width":1011,"height":677,"url":"https:\/\/janze-athletisme.fr\/wordpress\/wp-content\/uploads\/2025\/02\/Enzo-30juin2024-DR-CMS.jpg","type":"image\/jpeg"}],"author":"Laurent Meunier","twitter_card":"summary_large_image","twitter_misc":{"\u00c9crit par":"Laurent Meunier","Dur\u00e9e de lecture estim\u00e9e":"2 minutes"},"schema":{"@context":"https:\/\/schema.org","@graph":[{"@type":"Article","@id":"https:\/\/janze-athletisme.fr\/wordpress\/enzo-a-son-tour-qualifie-aux-france\/#article","isPartOf":{"@id":"https:\/\/janze-athletisme.fr\/wordpress\/enzo-a-son-tour-qualifie-aux-france\/"},"author":{"name":"Laurent Meunier","@id":"https:\/\/janze-athletisme.fr\/wordpress\/#\/schema\/person\/c7b063dcfa6234c041d4d9b26cc2ea03"},"headline":"Enzo \u00e0 son tour qualifi\u00e9 aux France","datePublished":"2025-02-20T22:10:36+00:00","dateModified":"2025-02-20T22:18:38+00:00","mainEntityOfPage":{"@id":"https:\/\/janze-athletisme.fr\/wordpress\/enzo-a-son-tour-qualifie-aux-france\/"},"wordCount":309,"commentCount":0,"publisher":{"@id":"https:\/\/janze-athletisme.fr\/wordpress\/#organization"},"image":{"@id":"https:\/\/janze-athletisme.fr\/wordpress\/enzo-a-son-tour-qualifie-aux-france\/#primaryimage"},"thumbnailUrl":"https:\/\/janze-athletisme.fr\/wordpress\/wp-content\/uploads\/2025\/02\/Enzo-30juin2024-DR-CMS.jpg","articleSection":["Le club au jour le jour"],"inLanguage":"fr-FR","potentialAction":[{"@type":"CommentAction","name":"Comment","target":["https:\/\/janze-athletisme.fr\/wordpress\/enzo-a-son-tour-qualifie-aux-france\/#respond"]}]},{"@type":"WebPage","@id":"https:\/\/janze-athletisme.fr\/wordpress\/enzo-a-son-tour-qualifie-aux-france\/","url":"https:\/\/janze-athletisme.fr\/wordpress\/enzo-a-son-tour-qualifie-aux-france\/","name":"Enzo \u00e0 son tour qualifi\u00e9 aux France - Janz\u00e9 Athl\u00e9tisme","isPartOf":{"@id":"https:\/\/janze-athletisme.fr\/wordpress\/#website"},"primaryImageOfPage":{"@id":"https:\/\/janze-athletisme.fr\/wordpress\/enzo-a-son-tour-qualifie-aux-france\/#primaryimage"},"image":{"@id":"https:\/\/janze-athletisme.fr\/wordpress\/enzo-a-son-tour-qualifie-aux-france\/#primaryimage"},"thumbnailUrl":"https:\/\/janze-athletisme.fr\/wordpress\/wp-content\/uploads\/2025\/02\/Enzo-30juin2024-DR-CMS.jpg","datePublished":"2025-02-20T22:10:36+00:00","dateModified":"2025-02-20T22:18:38+00:00","breadcrumb":{"@id":"https:\/\/janze-athletisme.fr\/wordpress\/enzo-a-son-tour-qualifie-aux-france\/#breadcrumb"},"inLanguage":"fr-FR","potentialAction":[{"@type":"ReadAction","target":["https:\/\/janze-athletisme.fr\/wordpress\/enzo-a-son-tour-qualifie-aux-france\/"]}]},{"@type":"ImageObject","inLanguage":"fr-FR","@id":"https:\/\/janze-athletisme.fr\/wordpress\/enzo-a-son-tour-qualifie-aux-france\/#primaryimage","url":"https:\/\/janze-athletisme.fr\/wordpress\/wp-content\/uploads\/2025\/02\/Enzo-30juin2024-DR-CMS.jpg","contentUrl":"https:\/\/janze-athletisme.fr\/wordpress\/wp-content\/uploads\/2025\/02\/Enzo-30juin2024-DR-CMS.jpg","width":1011,"height":677},{"@type":"BreadcrumbList","@id":"https:\/\/janze-athletisme.fr\/wordpress\/enzo-a-son-tour-qualifie-aux-france\/#breadcrumb","itemListElement":[{"@type":"ListItem","position":1,"name":"Accueil","item":"https:\/\/janze-athletisme.fr\/wordpress\/"},{"@type":"ListItem","position":2,"name":"Enzo \u00e0 son tour qualifi\u00e9 aux France"}]},{"@type":"WebSite","@id":"https:\/\/janze-athletisme.fr\/wordpress\/#website","url":"https:\/\/janze-athletisme.fr\/wordpress\/","name":"Janz\u00e9 Athl\u00e9tisme","description":"Pays de La Roche aux F\u00e9es","publisher":{"@id":"https:\/\/janze-athletisme.fr\/wordpress\/#organization"},"potentialAction":[{"@type":"SearchAction","target":{"@type":"EntryPoint","urlTemplate":"https:\/\/janze-athletisme.fr\/wordpress\/?s={search_term_string}"},"query-input":{"@type":"PropertyValueSpecification","valueRequired":true,"valueName":"search_term_string"}}],"inLanguage":"fr-FR"},{"@type":"Organization","@id":"https:\/\/janze-athletisme.fr\/wordpress\/#organization","name":"Janz\u00e9 Athl\u00e9tisme","url":"https:\/\/janze-athletisme.fr\/wordpress\/","logo":{"@type":"ImageObject","inLanguage":"fr-FR","@id":"https:\/\/janze-athletisme.fr\/wordpress\/#\/schema\/logo\/image\/","url":"https:\/\/janze-athletisme.fr\/wordpress\/wp-content\/uploads\/2015\/03\/logo-full1.jpg","contentUrl":"https:\/\/janze-athletisme.fr\/wordpress\/wp-content\/uploads\/2015\/03\/logo-full1.jpg","width":437,"height":205,"caption":"Janz\u00e9 Athl\u00e9tisme"},"image":{"@id":"https:\/\/janze-athletisme.fr\/wordpress\/#\/schema\/logo\/image\/"},"sameAs":["https:\/\/www.facebook.com\/groups\/1007964579346590"]},{"@type":"Person","@id":"https:\/\/janze-athletisme.fr\/wordpress\/#\/schema\/person\/c7b063dcfa6234c041d4d9b26cc2ea03","name":"Laurent Meunier","image":{"@type":"ImageObject","inLanguage":"fr-FR","@id":"https:\/\/secure.gravatar.com\/avatar\/dd25d581ad7c3349090f2fa6a9adb6bfa287e6a5dd8a5216a092727cd8749034?s=96&d=mm&r=g","url":"https:\/\/secure.gravatar.com\/avatar\/dd25d581ad7c3349090f2fa6a9adb6bfa287e6a5dd8a5216a092727cd8749034?s=96&d=mm&r=g","contentUrl":"https:\/\/secure.gravatar.com\/avatar\/dd25d581ad7c3349090f2fa6a9adb6bfa287e6a5dd8a5216a092727cd8749034?s=96&d=mm&r=g","caption":"Laurent Meunier"},"url":"https:\/\/janze-athletisme.fr\/wordpress\/author\/laurent-meunier35\/"}]}},"uagb_featured_image_src":{"full":["https:\/\/janze-athletisme.fr\/wordpress\/wp-content\/uploads\/2025\/02\/Enzo-30juin2024-DR-CMS.jpg",1011,677,false],"thumbnail":["https:\/\/janze-athletisme.fr\/wordpress\/wp-content\/uploads\/2025\/02\/Enzo-30juin2024-DR-CMS-150x150.jpg",150,150,true],"medium":["https:\/\/janze-athletisme.fr\/wordpress\/wp-content\/uploads\/2025\/02\/Enzo-30juin2024-DR-CMS-300x201.jpg",300,201,true],"medium_large":["https:\/\/janze-athletisme.fr\/wordpress\/wp-content\/uploads\/2025\/02\/Enzo-30juin2024-DR-CMS-768x514.jpg",768,514,true],"large":["https:\/\/janze-athletisme.fr\/wordpress\/wp-content\/uploads\/2025\/02\/Enzo-30juin2024-DR-CMS.jpg",1011,677,false],"1536x1536":["https:\/\/janze-athletisme.fr\/wordpress\/wp-content\/uploads\/2025\/02\/Enzo-30juin2024-DR-CMS.jpg",1011,677,false],"2048x2048":["https:\/\/janze-athletisme.fr\/wordpress\/wp-content\/uploads\/2025\/02\/Enzo-30juin2024-DR-CMS.jpg",1011,677,false]},"uagb_author_info":{"display_name":"Laurent Meunier","author_link":"https:\/\/janze-athletisme.fr\/wordpress\/author\/laurent-meunier35\/"},"uagb_comment_info":0,"uagb_excerpt":"Championnat de France des lancers hivernaux, Salon de Provence, 28 f\u00e9vrier Bon ce n&rsquo;est pas encore Miramas et les France \u00c9lites ce week-end, mais c&rsquo;est quand m\u00eame une qualification aux championnats de France. La 30\u00e8me individuelle (pour 22 athl\u00e8tes diff\u00e9rents) depuis le d\u00e9but de la saison pour notre club. Incroyable ! Nous vivons une saison\u2026","_links":{"self":[{"href":"https:\/\/janze-athletisme.fr\/wordpress\/wp-json\/wp\/v2\/posts\/23746","targetHints":{"allow":["GET"]}}],"collection":[{"href":"https:\/\/janze-athletisme.fr\/wordpress\/wp-json\/wp\/v2\/posts"}],"about":[{"href":"https:\/\/janze-athletisme.fr\/wordpress\/wp-json\/wp\/v2\/types\/post"}],"author":[{"embeddable":true,"href":"https:\/\/janze-athletisme.fr\/wordpress\/wp-json\/wp\/v2\/users\/12"}],"replies":[{"embeddable":true,"href":"https:\/\/janze-athletisme.fr\/wordpress\/wp-json\/wp\/v2\/comments?post=23746"}],"version-history":[{"count":3,"href":"https:\/\/janze-athletisme.fr\/wordpress\/wp-json\/wp\/v2\/posts\/23746\/revisions"}],"predecessor-version":[{"id":23751,"href":"https:\/\/janze-athletisme.fr\/wordpress\/wp-json\/wp\/v2\/posts\/23746\/revisions\/23751"}],"wp:featuredmedia":[{"embeddable":true,"href":"https:\/\/janze-athletisme.fr\/wordpress\/wp-json\/wp\/v2\/media\/23747"}],"wp:attachment":[{"href":"https:\/\/janze-athletisme.fr\/wordpress\/wp-json\/wp\/v2\/media?parent=23746"}],"wp:term":[{"taxonomy":"category","embeddable":true,"href":"https:\/\/janze-athletisme.fr\/wordpress\/wp-json\/wp\/v2\/categories?post=23746"},{"taxonomy":"post_tag","embeddable":true,"href":"https:\/\/janze-athletisme.fr\/wordpress\/wp-json\/wp\/v2\/tags?post=23746"}],"curies":[{"name":"wp","href":"https:\/\/api.w.org\/{rel}","templated":true}]}}