{"id":23358,"date":"2025-02-05T00:01:07","date_gmt":"2025-02-04T23:01:07","guid":{"rendered":"https:\/\/janze-athletisme.fr\/wordpress\/?p=23358"},"modified":"2025-02-05T15:03:24","modified_gmt":"2025-02-05T14:03:24","slug":"le-4-x-1-tour-juniors-hommes-qualifie-pour-lievin","status":"publish","type":"post","link":"https:\/\/janze-athletisme.fr\/wordpress\/le-4-x-1-tour-juniors-hommes-qualifie-pour-lievin\/","title":{"rendered":"Le 4 x 1 tour Juniors Hommes qualifi\u00e9 pour Li\u00e9vin"},"content":{"rendered":"<p><span style=\"font-size: 18pt\"><strong>Pr\u00e9-France individuels indoor, salle Robert-Poirier, samedi 1<sup>er<\/sup> et dimanche 2 f\u00e9vrier<\/strong><\/span><\/p>\n<p>Ils \u00e9taient quatorze de l&rsquo;EAC \u00e0 \u00eatre pr\u00e9sents ce premier week-end de f\u00e9vrier pour les Pr\u00e9-France individuels en salle, regroupant les r\u00e9gions Bretagne et Normandie, dont quatre de Janz\u00e9 Athl\u00e9. L&rsquo;objectif de rentrer dans les vingt-quatre meilleures perfs nationales de l&rsquo;hiver (ou seize selon les disciplines) \u00e9tait a priori inaccessible pour nos jeunes Janz\u00e9ens, et cette comp\u00e9tition de haut niveau n&rsquo;\u00e9tait donc que l&rsquo;occasion d&rsquo;un ultime tour de piste hivernal pour tenter d&rsquo;am\u00e9liorer les marques de l&rsquo;hiver. C&rsquo;\u00e9tait sans compter sur le 4 x 1 tour juniors masculin, qui termine finalement 16<sup>e<\/sup> du bilan national et se trouve par cons\u00e9quent dernier qualifi\u00e9 pour Li\u00e9vin les 15\/16 f\u00e9vrier prochains.<\/p>\n<p>Compos\u00e9 de trois juniors 1<sup>\u00e8re<\/sup> ann\u00e9e et d&rsquo;un cadet 2<sup>e<\/sup> ann\u00e9e, ce relais prometteur sera donc le seul repr\u00e9sentant de Janz\u00e9 (3\/4) cette ann\u00e9e aux championnats de France indoor, mais sera accompagn\u00e9 des Cessonnais Lucie Duvigneau et du m\u00eame Fran\u00e7ois Chevalier, qualifi\u00e9s tous les deux individuellement sur le 400m, CAF pour Lucie (59&Prime;88 cet hiver) et JUM pour Fran\u00e7ois (50&Prime;19).<\/p>\n<p><span style=\"font-size: 14pt\"><strong>Le bel hiver du 4 x 1 tour junior masculin<\/strong><\/span><\/p>\n<p><strong>Thibault<\/strong> Vilay (23&Prime;90, record \u00e0 23&Prime;63 le 19 janvier), <strong>Quentin<\/strong> Planchenault (23&Prime;77, record perso ce 1<sup>er<\/sup> f\u00e9vrier), et <strong>B\u00e9renger<\/strong> Tardif (24&Prime;20, record perso \u00e9galement) sont associ\u00e9s \u00e0 Fran\u00e7ois Chevalier (Cesson, 22&Prime;96, record perso). Samedi, \u00e0 Robert-Poirier, ils ont fini 2<sup>e<\/sup>, en 1&rsquo;33&Prime;15, apr\u00e8s \u00eatre mont\u00e9s sur le podium aux D\u00e9partementaux (1<sup>er<\/sup> en 1&rsquo;33&Prime;82) et aux R\u00e9gionaux en salle (3<sup>e <\/sup>en 1&rsquo;35&Prime;28). Ils pourront \u00eatre ambitieux \u00e0 l&rsquo;automne prochain, sur 4 x 200m, lors des prochains championnats de France de relais en plein air, mais, en attendant, vont pouvoir s&rsquo;aguerrir \u00e0 Li\u00e9vin.<\/p>\n<p><a href=\"https:\/\/janze-athletisme.fr\/wordpress\/wp-content\/uploads\/2025\/02\/DSC_2589.jpg\"><img loading=\"lazy\" decoding=\"async\" class=\"alignnone wp-image-23360\" src=\"https:\/\/janze-athletisme.fr\/wordpress\/wp-content\/uploads\/2025\/02\/DSC_2589-200x300.jpg\" alt=\"\" width=\"156\" height=\"234\" srcset=\"https:\/\/janze-athletisme.fr\/wordpress\/wp-content\/uploads\/2025\/02\/DSC_2589-200x300.jpg 200w, https:\/\/janze-athletisme.fr\/wordpress\/wp-content\/uploads\/2025\/02\/DSC_2589-684x1024.jpg 684w, https:\/\/janze-athletisme.fr\/wordpress\/wp-content\/uploads\/2025\/02\/DSC_2589-768x1150.jpg 768w, https:\/\/janze-athletisme.fr\/wordpress\/wp-content\/uploads\/2025\/02\/DSC_2589.jpg 1000w\" sizes=\"auto, (max-width: 156px) 100vw, 156px\" \/><\/a> <a href=\"https:\/\/janze-athletisme.fr\/wordpress\/wp-content\/uploads\/2025\/02\/DSC_2592.jpg\"><img loading=\"lazy\" decoding=\"async\" class=\"alignnone wp-image-23361\" src=\"https:\/\/janze-athletisme.fr\/wordpress\/wp-content\/uploads\/2025\/02\/DSC_2592-300x300.jpg\" alt=\"\" width=\"234\" height=\"234\" srcset=\"https:\/\/janze-athletisme.fr\/wordpress\/wp-content\/uploads\/2025\/02\/DSC_2592-300x300.jpg 300w, https:\/\/janze-athletisme.fr\/wordpress\/wp-content\/uploads\/2025\/02\/DSC_2592-1024x1024.jpg 1024w, https:\/\/janze-athletisme.fr\/wordpress\/wp-content\/uploads\/2025\/02\/DSC_2592-150x150.jpg 150w, https:\/\/janze-athletisme.fr\/wordpress\/wp-content\/uploads\/2025\/02\/DSC_2592-768x767.jpg 768w, https:\/\/janze-athletisme.fr\/wordpress\/wp-content\/uploads\/2025\/02\/DSC_2592.jpg 1201w\" sizes=\"auto, (max-width: 234px) 100vw, 234px\" \/> <\/a><a href=\"https:\/\/janze-athletisme.fr\/wordpress\/wp-content\/uploads\/2025\/02\/DSC_2595.jpg\"><img loading=\"lazy\" decoding=\"async\" class=\"alignnone wp-image-23362\" src=\"https:\/\/janze-athletisme.fr\/wordpress\/wp-content\/uploads\/2025\/02\/DSC_2595-300x300.jpg\" alt=\"\" width=\"236\" height=\"236\" srcset=\"https:\/\/janze-athletisme.fr\/wordpress\/wp-content\/uploads\/2025\/02\/DSC_2595-300x300.jpg 300w, https:\/\/janze-athletisme.fr\/wordpress\/wp-content\/uploads\/2025\/02\/DSC_2595-150x150.jpg 150w, https:\/\/janze-athletisme.fr\/wordpress\/wp-content\/uploads\/2025\/02\/DSC_2595-768x767.jpg 768w, https:\/\/janze-athletisme.fr\/wordpress\/wp-content\/uploads\/2025\/02\/DSC_2595.jpg 1001w\" sizes=\"auto, (max-width: 236px) 100vw, 236px\" \/><\/a> <a href=\"https:\/\/janze-athletisme.fr\/wordpress\/wp-content\/uploads\/2025\/02\/DSC_2600-1.jpg\"><img loading=\"lazy\" decoding=\"async\" class=\"alignnone wp-image-23364\" src=\"https:\/\/janze-athletisme.fr\/wordpress\/wp-content\/uploads\/2025\/02\/DSC_2600-1-200x300.jpg\" alt=\"\" width=\"159\" height=\"239\" srcset=\"https:\/\/janze-athletisme.fr\/wordpress\/wp-content\/uploads\/2025\/02\/DSC_2600-1-200x300.jpg 200w, https:\/\/janze-athletisme.fr\/wordpress\/wp-content\/uploads\/2025\/02\/DSC_2600-1-682x1024.jpg 682w, https:\/\/janze-athletisme.fr\/wordpress\/wp-content\/uploads\/2025\/02\/DSC_2600-1-768x1153.jpg 768w, https:\/\/janze-athletisme.fr\/wordpress\/wp-content\/uploads\/2025\/02\/DSC_2600-1.jpg 1000w\" sizes=\"auto, (max-width: 159px) 100vw, 159px\" \/>\u00a0<\/a><\/p>\n<p><a href=\"https:\/\/janze-athletisme.fr\/wordpress\/wp-content\/uploads\/2025\/02\/DSC_2610-1.jpg\"><img loading=\"lazy\" decoding=\"async\" class=\"alignnone wp-image-23367\" src=\"https:\/\/janze-athletisme.fr\/wordpress\/wp-content\/uploads\/2025\/02\/DSC_2610-1-199x300.jpg\" alt=\"\" width=\"154\" height=\"232\" srcset=\"https:\/\/janze-athletisme.fr\/wordpress\/wp-content\/uploads\/2025\/02\/DSC_2610-1-199x300.jpg 199w, https:\/\/janze-athletisme.fr\/wordpress\/wp-content\/uploads\/2025\/02\/DSC_2610-1-679x1024.jpg 679w, https:\/\/janze-athletisme.fr\/wordpress\/wp-content\/uploads\/2025\/02\/DSC_2610-1-768x1159.jpg 768w, https:\/\/janze-athletisme.fr\/wordpress\/wp-content\/uploads\/2025\/02\/DSC_2610-1.jpg 1000w\" sizes=\"auto, (max-width: 154px) 100vw, 154px\" \/><\/a><a href=\"https:\/\/janze-athletisme.fr\/wordpress\/wp-content\/uploads\/2025\/02\/DSC_2612.jpg\">\u00a0<img loading=\"lazy\" decoding=\"async\" class=\"alignnone wp-image-23366\" src=\"https:\/\/janze-athletisme.fr\/wordpress\/wp-content\/uploads\/2025\/02\/DSC_2612-300x300.jpg\" alt=\"\" width=\"279\" height=\"279\" srcset=\"https:\/\/janze-athletisme.fr\/wordpress\/wp-content\/uploads\/2025\/02\/DSC_2612-300x300.jpg 300w, https:\/\/janze-athletisme.fr\/wordpress\/wp-content\/uploads\/2025\/02\/DSC_2612-1024x1024.jpg 1024w, https:\/\/janze-athletisme.fr\/wordpress\/wp-content\/uploads\/2025\/02\/DSC_2612-150x150.jpg 150w, https:\/\/janze-athletisme.fr\/wordpress\/wp-content\/uploads\/2025\/02\/DSC_2612-768x768.jpg 768w, https:\/\/janze-athletisme.fr\/wordpress\/wp-content\/uploads\/2025\/02\/DSC_2612.jpg 1200w\" sizes=\"auto, (max-width: 279px) 100vw, 279px\" \/> <\/a><a href=\"https:\/\/janze-athletisme.fr\/wordpress\/wp-content\/uploads\/2025\/02\/DSC_2615.jpg\"><img loading=\"lazy\" decoding=\"async\" class=\"alignnone wp-image-23368\" src=\"https:\/\/janze-athletisme.fr\/wordpress\/wp-content\/uploads\/2025\/02\/DSC_2615-300x300.jpg\" alt=\"\" width=\"308\" height=\"308\" srcset=\"https:\/\/janze-athletisme.fr\/wordpress\/wp-content\/uploads\/2025\/02\/DSC_2615-300x300.jpg 300w, https:\/\/janze-athletisme.fr\/wordpress\/wp-content\/uploads\/2025\/02\/DSC_2615-1024x1024.jpg 1024w, https:\/\/janze-athletisme.fr\/wordpress\/wp-content\/uploads\/2025\/02\/DSC_2615-150x150.jpg 150w, https:\/\/janze-athletisme.fr\/wordpress\/wp-content\/uploads\/2025\/02\/DSC_2615-768x767.jpg 768w, https:\/\/janze-athletisme.fr\/wordpress\/wp-content\/uploads\/2025\/02\/DSC_2615.jpg 1201w\" sizes=\"auto, (max-width: 308px) 100vw, 308px\" \/><\/a><\/p>\n<p><span style=\"font-size: 14pt\"><strong>Toutes les perfs du jour pour l&rsquo;EAC<\/strong><\/span><\/p>\n<table style=\"width: 100%;height: 1578px\">\n<tbody>\n<tr style=\"height: 82px\">\n<td style=\"height: 82px\" width=\"195\"><strong>Athl\u00e8te<\/strong><\/td>\n<td style=\"height: 82px;text-align: center\" width=\"102\"><strong>\u00c9preuve<\/strong><\/td>\n<td style=\"height: 82px;text-align: center\" width=\"105\"><strong>Performance<\/strong><\/td>\n<td style=\"height: 82px;text-align: center\" width=\"95\"><span style=\"font-size: 10pt\"><strong>Points Table de Cotation<\/strong><\/span><\/td>\n<td style=\"height: 82px;text-align: center\" width=\"68\"><strong>Niveau<\/strong><\/td>\n<\/tr>\n<tr style=\"height: 68px\">\n<td style=\"height: 68px\" width=\"195\">Hugo Baudu (Cesson)<\/td>\n<td style=\"height: 68px;text-align: center\" width=\"102\">200m SEM<\/td>\n<td style=\"height: 68px;text-align: center\" width=\"105\">22&Prime;51<\/td>\n<td style=\"height: 68px;text-align: center\" width=\"95\">917<\/td>\n<td style=\"height: 68px;text-align: center\" width=\"68\">IR1<\/td>\n<\/tr>\n<tr style=\"height: 68px\">\n<td style=\"height: 68px\" width=\"195\">Lola Foeillet (Cesson)<\/td>\n<td style=\"height: 68px;text-align: center\" width=\"102\">60m CAF<\/td>\n<td style=\"height: 68px;text-align: center\" width=\"105\">8&Prime;04<\/td>\n<td style=\"height: 68px;text-align: center\" width=\"95\">884<\/td>\n<td style=\"height: 68px;text-align: center\" width=\"68\">IR1<\/td>\n<\/tr>\n<tr style=\"height: 68px\">\n<td style=\"height: 68px\" width=\"195\">Lucie Duvigneau (Cesson)<\/td>\n<td style=\"height: 68px;text-align: center\" width=\"102\">400m CAF<\/td>\n<td style=\"height: 68px;text-align: center\" width=\"105\">59&Prime;88<\/td>\n<td style=\"height: 68px;text-align: center\" width=\"95\">875<\/td>\n<td style=\"height: 68px;text-align: center\" width=\"68\">IR2<\/td>\n<\/tr>\n<tr style=\"height: 68px\">\n<td style=\"height: 68px\" width=\"195\">Pauline Le Bihan (Cesson)<\/td>\n<td style=\"height: 68px;text-align: center\" width=\"102\">60m ESF<\/td>\n<td style=\"height: 68px;text-align: center\" width=\"105\">8&Prime;12<\/td>\n<td style=\"height: 68px;text-align: center\" width=\"95\">860<\/td>\n<td style=\"height: 68px;text-align: center\" width=\"68\">IR2<\/td>\n<\/tr>\n<tr style=\"height: 68px\">\n<td style=\"height: 68px\" width=\"195\">Fran\u00e7ois Chevalier (Cesson)<\/td>\n<td style=\"height: 68px;text-align: center\" width=\"102\">200m JUM<\/td>\n<td style=\"height: 68px;text-align: center\" width=\"105\">22&Prime;96<\/td>\n<td style=\"height: 68px;text-align: center\" width=\"95\">857<\/td>\n<td style=\"height: 68px;text-align: center\" width=\"68\">IR3<\/td>\n<\/tr>\n<tr style=\"height: 68px\">\n<td style=\"height: 68px\" width=\"195\">Lola Foeillet (Cesson)<\/td>\n<td style=\"height: 68px;text-align: center\" width=\"102\">200m CAF<\/td>\n<td style=\"height: 68px;text-align: center\" width=\"105\">26&Prime;72<\/td>\n<td style=\"height: 68px;text-align: center\" width=\"95\">847<\/td>\n<td style=\"height: 68px;text-align: center\" width=\"68\">IR3<\/td>\n<\/tr>\n<tr style=\"height: 68px\">\n<td style=\"height: 68px\" width=\"195\">Fran\u00e7ois Chevalier (Cesson)<\/td>\n<td style=\"height: 68px;text-align: center\" width=\"102\">400m JUM<\/td>\n<td style=\"height: 68px;text-align: center\" width=\"105\">50&Prime;19<\/td>\n<td style=\"height: 68px;text-align: center\" width=\"95\">807<\/td>\n<td style=\"height: 68px;text-align: center\" width=\"68\">IR1<\/td>\n<\/tr>\n<tr style=\"height: 68px\">\n<td style=\"height: 68px\" width=\"195\">Martin Lambard (Cesson)<\/td>\n<td style=\"height: 68px;text-align: center\" width=\"102\">800m SEM<\/td>\n<td style=\"height: 68px;text-align: center\" width=\"105\">2&rsquo;01&Prime;00<\/td>\n<td style=\"height: 68px;text-align: center\" width=\"95\">783<\/td>\n<td style=\"height: 68px;text-align: center\" width=\"68\">IR3<\/td>\n<\/tr>\n<tr style=\"height: 68px\">\n<td style=\"height: 68px\" width=\"195\">Yoann Devaud (Cesson)<\/td>\n<td style=\"height: 68px;text-align: center\" width=\"102\">400m SEM<\/td>\n<td style=\"height: 68px;text-align: center\" width=\"105\">52&Prime;55<\/td>\n<td style=\"height: 68px;text-align: center\" width=\"95\">771<\/td>\n<td style=\"height: 68px;text-align: center\" width=\"68\">IR4<\/td>\n<\/tr>\n<tr style=\"height: 68px\">\n<td style=\"height: 68px\" width=\"195\">Yoann Devaud (Cesson)<\/td>\n<td style=\"height: 68px;text-align: center\" width=\"102\">200m SEM<\/td>\n<td style=\"height: 68px;text-align: center\" width=\"105\">23&Prime;70<\/td>\n<td style=\"height: 68px;text-align: center\" width=\"95\">762<\/td>\n<td style=\"height: 68px;text-align: center\" width=\"68\">R1<\/td>\n<\/tr>\n<tr style=\"height: 68px\">\n<td style=\"height: 68px\" width=\"195\">Sterenn Tanguy (Cesson)<\/td>\n<td style=\"height: 68px;text-align: center\" width=\"102\">60m haies JUF<\/td>\n<td style=\"height: 68px;text-align: center\" width=\"105\">9&Prime;97<\/td>\n<td style=\"height: 68px;text-align: center\" width=\"95\">755<\/td>\n<td style=\"height: 68px;text-align: center\" width=\"68\">IR4<\/td>\n<\/tr>\n<tr style=\"height: 68px\">\n<td style=\"height: 68px\" width=\"195\"><strong>Quentin<\/strong> Planchenault<\/td>\n<td style=\"height: 68px;text-align: center\" width=\"102\">200m CAM<\/td>\n<td style=\"height: 68px;text-align: center\" width=\"105\">23&Prime;77<\/td>\n<td style=\"height: 68px;text-align: center\" width=\"95\">753<\/td>\n<td style=\"height: 68px;text-align: center\" width=\"68\">R2<\/td>\n<\/tr>\n<tr style=\"height: 68px\">\n<td style=\"height: 68px\" width=\"195\"><strong>Thibault<\/strong> Vilay<\/td>\n<td style=\"height: 68px;text-align: center\" width=\"102\">200m JUM<\/td>\n<td style=\"height: 68px;text-align: center\" width=\"105\">23&Prime;90<\/td>\n<td style=\"height: 68px;text-align: center\" width=\"95\">737<\/td>\n<td style=\"height: 68px;text-align: center\" width=\"68\">R2<\/td>\n<\/tr>\n<tr style=\"height: 68px\">\n<td style=\"height: 68px\" width=\"195\">Pauline Le Bihan (Cesson)<\/td>\n<td style=\"height: 68px;text-align: center\" width=\"102\">Longueur ESF<\/td>\n<td style=\"height: 68px;text-align: center\" width=\"105\">4m67<\/td>\n<td style=\"height: 68px;text-align: center\" width=\"95\">713<\/td>\n<td style=\"height: 68px;text-align: center\" width=\"68\">R5<\/td>\n<\/tr>\n<tr style=\"height: 68px\">\n<td style=\"height: 68px\" width=\"195\">Sterenn Tanguy (Cesson)<\/td>\n<td style=\"height: 68px;text-align: center\" width=\"102\">Longueur JUF<\/td>\n<td style=\"height: 68px;text-align: center\" width=\"105\">4m64<\/td>\n<td style=\"height: 68px;text-align: center\" width=\"95\">707<\/td>\n<td style=\"height: 68px;text-align: center\" width=\"68\">R5<\/td>\n<\/tr>\n<tr style=\"height: 68px\">\n<td style=\"height: 68px\" width=\"195\"><strong>B\u00e9renger<\/strong> Tardif<\/td>\n<td style=\"height: 68px;text-align: center\" width=\"102\">200m JUM<\/td>\n<td style=\"height: 68px;text-align: center\" width=\"105\">24m20<\/td>\n<td style=\"height: 68px;text-align: center\" width=\"95\">701<\/td>\n<td style=\"height: 68px;text-align: center\" width=\"68\">R3<\/td>\n<\/tr>\n<tr style=\"height: 68px\">\n<td style=\"height: 68px\" width=\"195\">Robin Legouable (Cesson)<\/td>\n<td style=\"height: 68px;text-align: center\" width=\"102\">800m ESM<\/td>\n<td style=\"height: 68px;text-align: center\" width=\"105\">2&rsquo;04&Prime;79<\/td>\n<td style=\"height: 68px;text-align: center\" width=\"95\">692<\/td>\n<td style=\"height: 68px;text-align: center\" width=\"68\">R1<\/td>\n<\/tr>\n<tr style=\"height: 68px\">\n<td style=\"height: 68px\" width=\"195\"><strong>Enzo<\/strong> Paccini<\/td>\n<td style=\"height: 68px;text-align: center\" width=\"102\">Poids 7,26kg ESM<\/td>\n<td style=\"height: 68px;text-align: center\" width=\"105\">12m38<\/td>\n<td style=\"height: 68px;text-align: center\" width=\"95\">669<\/td>\n<td style=\"height: 68px;text-align: center\" width=\"68\">R1<\/td>\n<\/tr>\n<tr style=\"height: 68px\">\n<td style=\"height: 68px\" width=\"195\"><strong>B\u00e9renger<\/strong> Tardif<\/td>\n<td style=\"height: 68px;text-align: center\" width=\"102\">400m JUM<\/td>\n<td style=\"height: 68px;text-align: center\" width=\"105\">54&Prime;50<\/td>\n<td style=\"height: 68px;text-align: center\" width=\"95\">668<\/td>\n<td style=\"height: 68px;text-align: center\" width=\"68\">R2<\/td>\n<\/tr>\n<tr style=\"height: 68px\">\n<td style=\"height: 68px\" width=\"195\"><strong>Thibault<\/strong> Vilay<\/td>\n<td style=\"height: 68px;text-align: center\" width=\"102\">Hauteur JUM<\/td>\n<td style=\"height: 68px;text-align: center\" width=\"105\">1m70<\/td>\n<td style=\"height: 68px;text-align: center\" width=\"95\">655<\/td>\n<td style=\"height: 68px;text-align: center\" width=\"68\">R5<\/td>\n<\/tr>\n<tr style=\"height: 68px\">\n<td style=\"height: 68px\" width=\"195\">Sterenn Tanguy (Cesson)<\/td>\n<td style=\"height: 68px;text-align: center\" width=\"102\">800m JUF<\/td>\n<td style=\"height: 68px;text-align: center\" width=\"105\">2&rsquo;37&Prime;11<\/td>\n<td style=\"height: 68px;text-align: center\" width=\"95\">653<\/td>\n<td style=\"height: 68px;text-align: center\" width=\"68\">R4<\/td>\n<\/tr>\n<tr style=\"height: 68px\">\n<td style=\"height: 68px\" width=\"195\">Evan Thebault (Cesson)<\/td>\n<td style=\"height: 68px;text-align: center\" width=\"102\">400m ESM<\/td>\n<td style=\"height: 68px;text-align: center\" width=\"105\">54&Prime;84<\/td>\n<td style=\"height: 68px;text-align: center\" width=\"95\">650<\/td>\n<td style=\"height: 68px;text-align: center\" width=\"68\">R2<\/td>\n<\/tr>\n<\/tbody>\n<\/table>\n<p><a href=\"https:\/\/janze-athletisme.fr\/wordpress\/wp-content\/uploads\/2025\/02\/DSC_2562.jpg\"><img loading=\"lazy\" decoding=\"async\" class=\"alignnone wp-image-23369\" src=\"https:\/\/janze-athletisme.fr\/wordpress\/wp-content\/uploads\/2025\/02\/DSC_2562-300x300.jpg\" alt=\"\" width=\"240\" height=\"240\" srcset=\"https:\/\/janze-athletisme.fr\/wordpress\/wp-content\/uploads\/2025\/02\/DSC_2562-300x300.jpg 300w, https:\/\/janze-athletisme.fr\/wordpress\/wp-content\/uploads\/2025\/02\/DSC_2562-1024x1024.jpg 1024w, https:\/\/janze-athletisme.fr\/wordpress\/wp-content\/uploads\/2025\/02\/DSC_2562-150x150.jpg 150w, https:\/\/janze-athletisme.fr\/wordpress\/wp-content\/uploads\/2025\/02\/DSC_2562-768x769.jpg 768w, https:\/\/janze-athletisme.fr\/wordpress\/wp-content\/uploads\/2025\/02\/DSC_2562.jpg 1200w\" sizes=\"auto, (max-width: 240px) 100vw, 240px\" \/> <\/a><a href=\"https:\/\/janze-athletisme.fr\/wordpress\/wp-content\/uploads\/2025\/02\/DSC_2567.jpg\"><img loading=\"lazy\" decoding=\"async\" class=\"alignnone wp-image-23370\" src=\"https:\/\/janze-athletisme.fr\/wordpress\/wp-content\/uploads\/2025\/02\/DSC_2567-300x300.jpg\" alt=\"\" width=\"240\" height=\"240\" srcset=\"https:\/\/janze-athletisme.fr\/wordpress\/wp-content\/uploads\/2025\/02\/DSC_2567-300x300.jpg 300w, https:\/\/janze-athletisme.fr\/wordpress\/wp-content\/uploads\/2025\/02\/DSC_2567-1024x1024.jpg 1024w, https:\/\/janze-athletisme.fr\/wordpress\/wp-content\/uploads\/2025\/02\/DSC_2567-150x150.jpg 150w, https:\/\/janze-athletisme.fr\/wordpress\/wp-content\/uploads\/2025\/02\/DSC_2567-768x767.jpg 768w, https:\/\/janze-athletisme.fr\/wordpress\/wp-content\/uploads\/2025\/02\/DSC_2567.jpg 1201w\" sizes=\"auto, (max-width: 240px) 100vw, 240px\" \/> <\/a><a href=\"https:\/\/janze-athletisme.fr\/wordpress\/wp-content\/uploads\/2025\/02\/DSC_2571.jpg\"><img loading=\"lazy\" decoding=\"async\" class=\"alignnone wp-image-23371\" src=\"https:\/\/janze-athletisme.fr\/wordpress\/wp-content\/uploads\/2025\/02\/DSC_2571-199x300.jpg\" alt=\"\" width=\"160\" height=\"242\" srcset=\"https:\/\/janze-athletisme.fr\/wordpress\/wp-content\/uploads\/2025\/02\/DSC_2571-199x300.jpg 199w, https:\/\/janze-athletisme.fr\/wordpress\/wp-content\/uploads\/2025\/02\/DSC_2571-681x1024.jpg 681w, https:\/\/janze-athletisme.fr\/wordpress\/wp-content\/uploads\/2025\/02\/DSC_2571-768x1155.jpg 768w, https:\/\/janze-athletisme.fr\/wordpress\/wp-content\/uploads\/2025\/02\/DSC_2571.jpg 1000w\" sizes=\"auto, (max-width: 160px) 100vw, 160px\" \/> <\/a><a href=\"https:\/\/janze-athletisme.fr\/wordpress\/wp-content\/uploads\/2025\/02\/DSC_2574.jpg\"><img loading=\"lazy\" decoding=\"async\" class=\"alignnone wp-image-23372\" src=\"https:\/\/janze-athletisme.fr\/wordpress\/wp-content\/uploads\/2025\/02\/DSC_2574-200x300.jpg\" alt=\"\" width=\"160\" height=\"240\" srcset=\"https:\/\/janze-athletisme.fr\/wordpress\/wp-content\/uploads\/2025\/02\/DSC_2574-200x300.jpg 200w, https:\/\/janze-athletisme.fr\/wordpress\/wp-content\/uploads\/2025\/02\/DSC_2574-682x1024.jpg 682w, https:\/\/janze-athletisme.fr\/wordpress\/wp-content\/uploads\/2025\/02\/DSC_2574-768x1154.jpg 768w, https:\/\/janze-athletisme.fr\/wordpress\/wp-content\/uploads\/2025\/02\/DSC_2574.jpg 1000w\" sizes=\"auto, (max-width: 160px) 100vw, 160px\" \/><\/a><\/p>\n<p><a href=\"https:\/\/janze-athletisme.fr\/wordpress\/wp-content\/uploads\/2025\/02\/DSC_2577.jpg\"><img loading=\"lazy\" decoding=\"async\" class=\"alignnone size-medium wp-image-23373\" src=\"https:\/\/janze-athletisme.fr\/wordpress\/wp-content\/uploads\/2025\/02\/DSC_2577-300x203.jpg\" alt=\"\" width=\"300\" height=\"203\" srcset=\"https:\/\/janze-athletisme.fr\/wordpress\/wp-content\/uploads\/2025\/02\/DSC_2577-300x203.jpg 300w, https:\/\/janze-athletisme.fr\/wordpress\/wp-content\/uploads\/2025\/02\/DSC_2577-1024x691.jpg 1024w, https:\/\/janze-athletisme.fr\/wordpress\/wp-content\/uploads\/2025\/02\/DSC_2577-768x519.jpg 768w, https:\/\/janze-athletisme.fr\/wordpress\/wp-content\/uploads\/2025\/02\/DSC_2577.jpg 1481w\" sizes=\"auto, (max-width: 300px) 100vw, 300px\" \/> <\/a><a href=\"https:\/\/janze-athletisme.fr\/wordpress\/wp-content\/uploads\/2025\/02\/DSC_2585.jpg\"><img loading=\"lazy\" decoding=\"async\" class=\"alignnone wp-image-23374\" src=\"https:\/\/janze-athletisme.fr\/wordpress\/wp-content\/uploads\/2025\/02\/DSC_2585-201x300.jpg\" alt=\"\" width=\"136\" height=\"203\" srcset=\"https:\/\/janze-athletisme.fr\/wordpress\/wp-content\/uploads\/2025\/02\/DSC_2585-201x300.jpg 201w, https:\/\/janze-athletisme.fr\/wordpress\/wp-content\/uploads\/2025\/02\/DSC_2585-685x1024.jpg 685w, https:\/\/janze-athletisme.fr\/wordpress\/wp-content\/uploads\/2025\/02\/DSC_2585-768x1148.jpg 768w, https:\/\/janze-athletisme.fr\/wordpress\/wp-content\/uploads\/2025\/02\/DSC_2585.jpg 1000w\" sizes=\"auto, (max-width: 136px) 100vw, 136px\" \/> <\/a>\u00a0 \u00a0<a href=\"https:\/\/janze-athletisme.fr\/wordpress\/wp-content\/uploads\/2025\/02\/Enzo-16nov2024-1-DR-CR.jpg\"><img loading=\"lazy\" decoding=\"async\" class=\"alignnone size-medium wp-image-23359\" src=\"https:\/\/janze-athletisme.fr\/wordpress\/wp-content\/uploads\/2025\/02\/Enzo-16nov2024-1-DR-CR-300x200.jpg\" alt=\"\" width=\"300\" height=\"200\" srcset=\"https:\/\/janze-athletisme.fr\/wordpress\/wp-content\/uploads\/2025\/02\/Enzo-16nov2024-1-DR-CR-300x200.jpg 300w, https:\/\/janze-athletisme.fr\/wordpress\/wp-content\/uploads\/2025\/02\/Enzo-16nov2024-1-DR-CR-1024x683.jpg 1024w, https:\/\/janze-athletisme.fr\/wordpress\/wp-content\/uploads\/2025\/02\/Enzo-16nov2024-1-DR-CR-768x512.jpg 768w, https:\/\/janze-athletisme.fr\/wordpress\/wp-content\/uploads\/2025\/02\/Enzo-16nov2024-1-DR-CR.jpg 1500w\" sizes=\"auto, (max-width: 300px) 100vw, 300px\" \/>\u00a0<\/a><\/p>\n<p><span style=\"font-size: 10pt\"><em>Yoann Devaud, <strong>B\u00e9renger<\/strong> Tardif et Evan Thebault sur 200m, Sterenn Tanguy, Martin Lambard et Robin Legouable sur 800m. Quant \u00e0 <strong>Enzo<\/strong> Paccini au poids 7.26kg, il esp\u00e9rait se rapprocher du 13m65 qualificatif, mais avec 12m38, il reste \u00e0 distance (record de l&rsquo;hiver \u00e0 12m61, 31<sup>e<\/sup> perf national, ce qui est d\u00e9j\u00e0 une tr\u00e8s belle perf !) (DR Camille Roger le 5 janvier dernier pour Enzo).<\/em><\/span><\/p>\n<p><a href=\"https:\/\/janze-athletisme.fr\/wordpress\/wp-content\/uploads\/2025\/02\/Enzo-16nov2024-1-DR-CR.jpg\">Tous les r\u00e9sultats complets sont <\/a><a href=\"https:\/\/bases.athle.fr\/asp.net\/liste.aspx?frmbase=resultats&amp;frmmode=1&amp;frmespace=0&amp;frmcompetition=302993\">ICI<\/a>.<\/p>\n","protected":false},"excerpt":{"rendered":"<p>Pr\u00e9-France individuels indoor, salle Robert-Poirier, samedi 1er et dimanche 2 f\u00e9vrier Ils \u00e9taient quatorze de l&rsquo;EAC \u00e0 \u00eatre pr\u00e9sents ce premier week-end de f\u00e9vrier pour les Pr\u00e9-France individuels en salle, regroupant les r\u00e9gions Bretagne et Normandie, dont quatre de Janz\u00e9 Athl\u00e9. L&rsquo;objectif de rentrer dans les vingt-quatre meilleures perfs nationales de l&rsquo;hiver (ou seize selon [&hellip;]<\/p>\n","protected":false},"author":12,"featured_media":23368,"comment_status":"open","ping_status":"open","sticky":false,"template":"","format":"aside","meta":{"_uag_custom_page_level_css":"","site-sidebar-layout":"default","site-content-layout":"","ast-site-content-layout":"default","site-content-style":"default","site-sidebar-style":"default","ast-global-header-display":"","ast-banner-title-visibility":"","ast-main-header-display":"","ast-hfb-above-header-display":"","ast-hfb-below-header-display":"","ast-hfb-mobile-header-display":"","site-post-title":"","ast-breadcrumbs-content":"","ast-featured-img":"","footer-sml-layout":"","ast-disable-related-posts":"","theme-transparent-header-meta":"default","adv-header-id-meta":"","stick-header-meta":"","header-above-stick-meta":"","header-main-stick-meta":"","header-below-stick-meta":"","astra-migrate-meta-layouts":"set","ast-page-background-enabled":"default","ast-page-background-meta":{"desktop":{"background-color":"var(--ast-global-color-4)","background-image":"","background-repeat":"repeat","background-position":"center center","background-size":"auto","background-attachment":"scroll","background-type":"","background-media":"","overlay-type":"","overlay-color":"","overlay-opacity":"","overlay-gradient":""},"tablet":{"background-color":"","background-image":"","background-repeat":"repeat","background-position":"center center","background-size":"auto","background-attachment":"scroll","background-type":"","background-media":"","overlay-type":"","overlay-color":"","overlay-opacity":"","overlay-gradient":""},"mobile":{"background-color":"","background-image":"","background-repeat":"repeat","background-position":"center center","background-size":"auto","background-attachment":"scroll","background-type":"","background-media":"","overlay-type":"","overlay-color":"","overlay-opacity":"","overlay-gradient":""}},"ast-content-background-meta":{"desktop":{"background-color":"var(--ast-global-color-5)","background-image":"","background-repeat":"repeat","background-position":"center center","background-size":"auto","background-attachment":"scroll","background-type":"","background-media":"","overlay-type":"","overlay-color":"","overlay-opacity":"","overlay-gradient":""},"tablet":{"background-color":"var(--ast-global-color-5)","background-image":"","background-repeat":"repeat","background-position":"center center","background-size":"auto","background-attachment":"scroll","background-type":"","background-media":"","overlay-type":"","overlay-color":"","overlay-opacity":"","overlay-gradient":""},"mobile":{"background-color":"var(--ast-global-color-5)","background-image":"","background-repeat":"repeat","background-position":"center center","background-size":"auto","background-attachment":"scroll","background-type":"","background-media":"","overlay-type":"","overlay-color":"","overlay-opacity":"","overlay-gradient":""}},"footnotes":""},"categories":[6],"tags":[],"class_list":["post-23358","post","type-post","status-publish","format-aside","has-post-thumbnail","hentry","category-sections","post_format-post-format-aside"],"yoast_head":"<!-- This site is optimized with the Yoast SEO plugin v27.5 - https:\/\/yoast.com\/product\/yoast-seo-wordpress\/ -->\n<title>Le 4 x 1 tour Juniors Hommes qualifi\u00e9 pour Li\u00e9vin - Janz\u00e9 Athl\u00e9tisme<\/title>\n<meta name=\"robots\" content=\"index, follow, max-snippet:-1, max-image-preview:large, max-video-preview:-1\" \/>\n<link rel=\"canonical\" href=\"https:\/\/janze-athletisme.fr\/wordpress\/le-4-x-1-tour-juniors-hommes-qualifie-pour-lievin\/\" \/>\n<meta property=\"og:locale\" content=\"fr_FR\" \/>\n<meta property=\"og:type\" content=\"article\" \/>\n<meta property=\"og:title\" content=\"Le 4 x 1 tour Juniors Hommes qualifi\u00e9 pour Li\u00e9vin - Janz\u00e9 Athl\u00e9tisme\" \/>\n<meta property=\"og:description\" content=\"Pr\u00e9-France individuels indoor, salle Robert-Poirier, samedi 1er et dimanche 2 f\u00e9vrier Ils \u00e9taient quatorze de l&rsquo;EAC \u00e0 \u00eatre pr\u00e9sents ce premier week-end de f\u00e9vrier pour les Pr\u00e9-France individuels en salle, regroupant les r\u00e9gions Bretagne et Normandie, dont quatre de Janz\u00e9 Athl\u00e9. L&rsquo;objectif de rentrer dans les vingt-quatre meilleures perfs nationales de l&rsquo;hiver (ou seize selon [&hellip;]\" \/>\n<meta property=\"og:url\" content=\"https:\/\/janze-athletisme.fr\/wordpress\/le-4-x-1-tour-juniors-hommes-qualifie-pour-lievin\/\" \/>\n<meta property=\"og:site_name\" content=\"Janz\u00e9 Athl\u00e9tisme\" \/>\n<meta property=\"article:publisher\" content=\"https:\/\/www.facebook.com\/groups\/1007964579346590\" \/>\n<meta property=\"article:published_time\" content=\"2025-02-04T23:01:07+00:00\" \/>\n<meta property=\"article:modified_time\" content=\"2025-02-05T14:03:24+00:00\" \/>\n<meta property=\"og:image\" content=\"https:\/\/janze-athletisme.fr\/wordpress\/wp-content\/uploads\/2025\/02\/DSC_2615.jpg\" \/>\n\t<meta property=\"og:image:width\" content=\"1201\" \/>\n\t<meta property=\"og:image:height\" content=\"1200\" \/>\n\t<meta property=\"og:image:type\" content=\"image\/jpeg\" \/>\n<meta name=\"author\" content=\"Laurent Meunier\" \/>\n<meta name=\"twitter:card\" content=\"summary_large_image\" \/>\n<meta name=\"twitter:label1\" content=\"\u00c9crit par\" \/>\n\t<meta name=\"twitter:data1\" content=\"Laurent Meunier\" \/>\n\t<meta name=\"twitter:label2\" content=\"Dur\u00e9e de lecture estim\u00e9e\" \/>\n\t<meta name=\"twitter:data2\" content=\"6 minutes\" \/>\n<script type=\"application\/ld+json\" class=\"yoast-schema-graph\">{\"@context\":\"https:\\\/\\\/schema.org\",\"@graph\":[{\"@type\":\"Article\",\"@id\":\"https:\\\/\\\/janze-athletisme.fr\\\/wordpress\\\/le-4-x-1-tour-juniors-hommes-qualifie-pour-lievin\\\/#article\",\"isPartOf\":{\"@id\":\"https:\\\/\\\/janze-athletisme.fr\\\/wordpress\\\/le-4-x-1-tour-juniors-hommes-qualifie-pour-lievin\\\/\"},\"author\":{\"name\":\"Laurent Meunier\",\"@id\":\"https:\\\/\\\/janze-athletisme.fr\\\/wordpress\\\/#\\\/schema\\\/person\\\/c7b063dcfa6234c041d4d9b26cc2ea03\"},\"headline\":\"Le 4 x 1 tour Juniors Hommes qualifi\u00e9 pour Li\u00e9vin\",\"datePublished\":\"2025-02-04T23:01:07+00:00\",\"dateModified\":\"2025-02-05T14:03:24+00:00\",\"mainEntityOfPage\":{\"@id\":\"https:\\\/\\\/janze-athletisme.fr\\\/wordpress\\\/le-4-x-1-tour-juniors-hommes-qualifie-pour-lievin\\\/\"},\"wordCount\":533,\"commentCount\":0,\"publisher\":{\"@id\":\"https:\\\/\\\/janze-athletisme.fr\\\/wordpress\\\/#organization\"},\"image\":{\"@id\":\"https:\\\/\\\/janze-athletisme.fr\\\/wordpress\\\/le-4-x-1-tour-juniors-hommes-qualifie-pour-lievin\\\/#primaryimage\"},\"thumbnailUrl\":\"https:\\\/\\\/janze-athletisme.fr\\\/wordpress\\\/wp-content\\\/uploads\\\/2025\\\/02\\\/DSC_2615.jpg\",\"articleSection\":[\"Le club au jour le jour\"],\"inLanguage\":\"fr-FR\",\"potentialAction\":[{\"@type\":\"CommentAction\",\"name\":\"Comment\",\"target\":[\"https:\\\/\\\/janze-athletisme.fr\\\/wordpress\\\/le-4-x-1-tour-juniors-hommes-qualifie-pour-lievin\\\/#respond\"]}]},{\"@type\":\"WebPage\",\"@id\":\"https:\\\/\\\/janze-athletisme.fr\\\/wordpress\\\/le-4-x-1-tour-juniors-hommes-qualifie-pour-lievin\\\/\",\"url\":\"https:\\\/\\\/janze-athletisme.fr\\\/wordpress\\\/le-4-x-1-tour-juniors-hommes-qualifie-pour-lievin\\\/\",\"name\":\"Le 4 x 1 tour Juniors Hommes qualifi\u00e9 pour Li\u00e9vin - Janz\u00e9 Athl\u00e9tisme\",\"isPartOf\":{\"@id\":\"https:\\\/\\\/janze-athletisme.fr\\\/wordpress\\\/#website\"},\"primaryImageOfPage\":{\"@id\":\"https:\\\/\\\/janze-athletisme.fr\\\/wordpress\\\/le-4-x-1-tour-juniors-hommes-qualifie-pour-lievin\\\/#primaryimage\"},\"image\":{\"@id\":\"https:\\\/\\\/janze-athletisme.fr\\\/wordpress\\\/le-4-x-1-tour-juniors-hommes-qualifie-pour-lievin\\\/#primaryimage\"},\"thumbnailUrl\":\"https:\\\/\\\/janze-athletisme.fr\\\/wordpress\\\/wp-content\\\/uploads\\\/2025\\\/02\\\/DSC_2615.jpg\",\"datePublished\":\"2025-02-04T23:01:07+00:00\",\"dateModified\":\"2025-02-05T14:03:24+00:00\",\"breadcrumb\":{\"@id\":\"https:\\\/\\\/janze-athletisme.fr\\\/wordpress\\\/le-4-x-1-tour-juniors-hommes-qualifie-pour-lievin\\\/#breadcrumb\"},\"inLanguage\":\"fr-FR\",\"potentialAction\":[{\"@type\":\"ReadAction\",\"target\":[\"https:\\\/\\\/janze-athletisme.fr\\\/wordpress\\\/le-4-x-1-tour-juniors-hommes-qualifie-pour-lievin\\\/\"]}]},{\"@type\":\"ImageObject\",\"inLanguage\":\"fr-FR\",\"@id\":\"https:\\\/\\\/janze-athletisme.fr\\\/wordpress\\\/le-4-x-1-tour-juniors-hommes-qualifie-pour-lievin\\\/#primaryimage\",\"url\":\"https:\\\/\\\/janze-athletisme.fr\\\/wordpress\\\/wp-content\\\/uploads\\\/2025\\\/02\\\/DSC_2615.jpg\",\"contentUrl\":\"https:\\\/\\\/janze-athletisme.fr\\\/wordpress\\\/wp-content\\\/uploads\\\/2025\\\/02\\\/DSC_2615.jpg\",\"width\":1201,\"height\":1200},{\"@type\":\"BreadcrumbList\",\"@id\":\"https:\\\/\\\/janze-athletisme.fr\\\/wordpress\\\/le-4-x-1-tour-juniors-hommes-qualifie-pour-lievin\\\/#breadcrumb\",\"itemListElement\":[{\"@type\":\"ListItem\",\"position\":1,\"name\":\"Accueil\",\"item\":\"https:\\\/\\\/janze-athletisme.fr\\\/wordpress\\\/\"},{\"@type\":\"ListItem\",\"position\":2,\"name\":\"Le 4 x 1 tour Juniors Hommes qualifi\u00e9 pour Li\u00e9vin\"}]},{\"@type\":\"WebSite\",\"@id\":\"https:\\\/\\\/janze-athletisme.fr\\\/wordpress\\\/#website\",\"url\":\"https:\\\/\\\/janze-athletisme.fr\\\/wordpress\\\/\",\"name\":\"Janz\u00e9 Athl\u00e9tisme\",\"description\":\"Pays de La Roche aux F\u00e9es\",\"publisher\":{\"@id\":\"https:\\\/\\\/janze-athletisme.fr\\\/wordpress\\\/#organization\"},\"potentialAction\":[{\"@type\":\"SearchAction\",\"target\":{\"@type\":\"EntryPoint\",\"urlTemplate\":\"https:\\\/\\\/janze-athletisme.fr\\\/wordpress\\\/?s={search_term_string}\"},\"query-input\":{\"@type\":\"PropertyValueSpecification\",\"valueRequired\":true,\"valueName\":\"search_term_string\"}}],\"inLanguage\":\"fr-FR\"},{\"@type\":\"Organization\",\"@id\":\"https:\\\/\\\/janze-athletisme.fr\\\/wordpress\\\/#organization\",\"name\":\"Janz\u00e9 Athl\u00e9tisme\",\"url\":\"https:\\\/\\\/janze-athletisme.fr\\\/wordpress\\\/\",\"logo\":{\"@type\":\"ImageObject\",\"inLanguage\":\"fr-FR\",\"@id\":\"https:\\\/\\\/janze-athletisme.fr\\\/wordpress\\\/#\\\/schema\\\/logo\\\/image\\\/\",\"url\":\"https:\\\/\\\/janze-athletisme.fr\\\/wordpress\\\/wp-content\\\/uploads\\\/2015\\\/03\\\/logo-full1.jpg\",\"contentUrl\":\"https:\\\/\\\/janze-athletisme.fr\\\/wordpress\\\/wp-content\\\/uploads\\\/2015\\\/03\\\/logo-full1.jpg\",\"width\":437,\"height\":205,\"caption\":\"Janz\u00e9 Athl\u00e9tisme\"},\"image\":{\"@id\":\"https:\\\/\\\/janze-athletisme.fr\\\/wordpress\\\/#\\\/schema\\\/logo\\\/image\\\/\"},\"sameAs\":[\"https:\\\/\\\/www.facebook.com\\\/groups\\\/1007964579346590\"]},{\"@type\":\"Person\",\"@id\":\"https:\\\/\\\/janze-athletisme.fr\\\/wordpress\\\/#\\\/schema\\\/person\\\/c7b063dcfa6234c041d4d9b26cc2ea03\",\"name\":\"Laurent Meunier\",\"image\":{\"@type\":\"ImageObject\",\"inLanguage\":\"fr-FR\",\"@id\":\"https:\\\/\\\/secure.gravatar.com\\\/avatar\\\/dd25d581ad7c3349090f2fa6a9adb6bfa287e6a5dd8a5216a092727cd8749034?s=96&d=mm&r=g\",\"url\":\"https:\\\/\\\/secure.gravatar.com\\\/avatar\\\/dd25d581ad7c3349090f2fa6a9adb6bfa287e6a5dd8a5216a092727cd8749034?s=96&d=mm&r=g\",\"contentUrl\":\"https:\\\/\\\/secure.gravatar.com\\\/avatar\\\/dd25d581ad7c3349090f2fa6a9adb6bfa287e6a5dd8a5216a092727cd8749034?s=96&d=mm&r=g\",\"caption\":\"Laurent Meunier\"},\"url\":\"https:\\\/\\\/janze-athletisme.fr\\\/wordpress\\\/author\\\/laurent-meunier35\\\/\"}]}<\/script>\n<!-- \/ Yoast SEO plugin. -->","yoast_head_json":{"title":"Le 4 x 1 tour Juniors Hommes qualifi\u00e9 pour Li\u00e9vin - Janz\u00e9 Athl\u00e9tisme","robots":{"index":"index","follow":"follow","max-snippet":"max-snippet:-1","max-image-preview":"max-image-preview:large","max-video-preview":"max-video-preview:-1"},"canonical":"https:\/\/janze-athletisme.fr\/wordpress\/le-4-x-1-tour-juniors-hommes-qualifie-pour-lievin\/","og_locale":"fr_FR","og_type":"article","og_title":"Le 4 x 1 tour Juniors Hommes qualifi\u00e9 pour Li\u00e9vin - Janz\u00e9 Athl\u00e9tisme","og_description":"Pr\u00e9-France individuels indoor, salle Robert-Poirier, samedi 1er et dimanche 2 f\u00e9vrier Ils \u00e9taient quatorze de l&rsquo;EAC \u00e0 \u00eatre pr\u00e9sents ce premier week-end de f\u00e9vrier pour les Pr\u00e9-France individuels en salle, regroupant les r\u00e9gions Bretagne et Normandie, dont quatre de Janz\u00e9 Athl\u00e9. L&rsquo;objectif de rentrer dans les vingt-quatre meilleures perfs nationales de l&rsquo;hiver (ou seize selon [&hellip;]","og_url":"https:\/\/janze-athletisme.fr\/wordpress\/le-4-x-1-tour-juniors-hommes-qualifie-pour-lievin\/","og_site_name":"Janz\u00e9 Athl\u00e9tisme","article_publisher":"https:\/\/www.facebook.com\/groups\/1007964579346590","article_published_time":"2025-02-04T23:01:07+00:00","article_modified_time":"2025-02-05T14:03:24+00:00","og_image":[{"width":1201,"height":1200,"url":"https:\/\/janze-athletisme.fr\/wordpress\/wp-content\/uploads\/2025\/02\/DSC_2615.jpg","type":"image\/jpeg"}],"author":"Laurent Meunier","twitter_card":"summary_large_image","twitter_misc":{"\u00c9crit par":"Laurent Meunier","Dur\u00e9e de lecture estim\u00e9e":"6 minutes"},"schema":{"@context":"https:\/\/schema.org","@graph":[{"@type":"Article","@id":"https:\/\/janze-athletisme.fr\/wordpress\/le-4-x-1-tour-juniors-hommes-qualifie-pour-lievin\/#article","isPartOf":{"@id":"https:\/\/janze-athletisme.fr\/wordpress\/le-4-x-1-tour-juniors-hommes-qualifie-pour-lievin\/"},"author":{"name":"Laurent Meunier","@id":"https:\/\/janze-athletisme.fr\/wordpress\/#\/schema\/person\/c7b063dcfa6234c041d4d9b26cc2ea03"},"headline":"Le 4 x 1 tour Juniors Hommes qualifi\u00e9 pour Li\u00e9vin","datePublished":"2025-02-04T23:01:07+00:00","dateModified":"2025-02-05T14:03:24+00:00","mainEntityOfPage":{"@id":"https:\/\/janze-athletisme.fr\/wordpress\/le-4-x-1-tour-juniors-hommes-qualifie-pour-lievin\/"},"wordCount":533,"commentCount":0,"publisher":{"@id":"https:\/\/janze-athletisme.fr\/wordpress\/#organization"},"image":{"@id":"https:\/\/janze-athletisme.fr\/wordpress\/le-4-x-1-tour-juniors-hommes-qualifie-pour-lievin\/#primaryimage"},"thumbnailUrl":"https:\/\/janze-athletisme.fr\/wordpress\/wp-content\/uploads\/2025\/02\/DSC_2615.jpg","articleSection":["Le club au jour le jour"],"inLanguage":"fr-FR","potentialAction":[{"@type":"CommentAction","name":"Comment","target":["https:\/\/janze-athletisme.fr\/wordpress\/le-4-x-1-tour-juniors-hommes-qualifie-pour-lievin\/#respond"]}]},{"@type":"WebPage","@id":"https:\/\/janze-athletisme.fr\/wordpress\/le-4-x-1-tour-juniors-hommes-qualifie-pour-lievin\/","url":"https:\/\/janze-athletisme.fr\/wordpress\/le-4-x-1-tour-juniors-hommes-qualifie-pour-lievin\/","name":"Le 4 x 1 tour Juniors Hommes qualifi\u00e9 pour Li\u00e9vin - Janz\u00e9 Athl\u00e9tisme","isPartOf":{"@id":"https:\/\/janze-athletisme.fr\/wordpress\/#website"},"primaryImageOfPage":{"@id":"https:\/\/janze-athletisme.fr\/wordpress\/le-4-x-1-tour-juniors-hommes-qualifie-pour-lievin\/#primaryimage"},"image":{"@id":"https:\/\/janze-athletisme.fr\/wordpress\/le-4-x-1-tour-juniors-hommes-qualifie-pour-lievin\/#primaryimage"},"thumbnailUrl":"https:\/\/janze-athletisme.fr\/wordpress\/wp-content\/uploads\/2025\/02\/DSC_2615.jpg","datePublished":"2025-02-04T23:01:07+00:00","dateModified":"2025-02-05T14:03:24+00:00","breadcrumb":{"@id":"https:\/\/janze-athletisme.fr\/wordpress\/le-4-x-1-tour-juniors-hommes-qualifie-pour-lievin\/#breadcrumb"},"inLanguage":"fr-FR","potentialAction":[{"@type":"ReadAction","target":["https:\/\/janze-athletisme.fr\/wordpress\/le-4-x-1-tour-juniors-hommes-qualifie-pour-lievin\/"]}]},{"@type":"ImageObject","inLanguage":"fr-FR","@id":"https:\/\/janze-athletisme.fr\/wordpress\/le-4-x-1-tour-juniors-hommes-qualifie-pour-lievin\/#primaryimage","url":"https:\/\/janze-athletisme.fr\/wordpress\/wp-content\/uploads\/2025\/02\/DSC_2615.jpg","contentUrl":"https:\/\/janze-athletisme.fr\/wordpress\/wp-content\/uploads\/2025\/02\/DSC_2615.jpg","width":1201,"height":1200},{"@type":"BreadcrumbList","@id":"https:\/\/janze-athletisme.fr\/wordpress\/le-4-x-1-tour-juniors-hommes-qualifie-pour-lievin\/#breadcrumb","itemListElement":[{"@type":"ListItem","position":1,"name":"Accueil","item":"https:\/\/janze-athletisme.fr\/wordpress\/"},{"@type":"ListItem","position":2,"name":"Le 4 x 1 tour Juniors Hommes qualifi\u00e9 pour Li\u00e9vin"}]},{"@type":"WebSite","@id":"https:\/\/janze-athletisme.fr\/wordpress\/#website","url":"https:\/\/janze-athletisme.fr\/wordpress\/","name":"Janz\u00e9 Athl\u00e9tisme","description":"Pays de La Roche aux F\u00e9es","publisher":{"@id":"https:\/\/janze-athletisme.fr\/wordpress\/#organization"},"potentialAction":[{"@type":"SearchAction","target":{"@type":"EntryPoint","urlTemplate":"https:\/\/janze-athletisme.fr\/wordpress\/?s={search_term_string}"},"query-input":{"@type":"PropertyValueSpecification","valueRequired":true,"valueName":"search_term_string"}}],"inLanguage":"fr-FR"},{"@type":"Organization","@id":"https:\/\/janze-athletisme.fr\/wordpress\/#organization","name":"Janz\u00e9 Athl\u00e9tisme","url":"https:\/\/janze-athletisme.fr\/wordpress\/","logo":{"@type":"ImageObject","inLanguage":"fr-FR","@id":"https:\/\/janze-athletisme.fr\/wordpress\/#\/schema\/logo\/image\/","url":"https:\/\/janze-athletisme.fr\/wordpress\/wp-content\/uploads\/2015\/03\/logo-full1.jpg","contentUrl":"https:\/\/janze-athletisme.fr\/wordpress\/wp-content\/uploads\/2015\/03\/logo-full1.jpg","width":437,"height":205,"caption":"Janz\u00e9 Athl\u00e9tisme"},"image":{"@id":"https:\/\/janze-athletisme.fr\/wordpress\/#\/schema\/logo\/image\/"},"sameAs":["https:\/\/www.facebook.com\/groups\/1007964579346590"]},{"@type":"Person","@id":"https:\/\/janze-athletisme.fr\/wordpress\/#\/schema\/person\/c7b063dcfa6234c041d4d9b26cc2ea03","name":"Laurent Meunier","image":{"@type":"ImageObject","inLanguage":"fr-FR","@id":"https:\/\/secure.gravatar.com\/avatar\/dd25d581ad7c3349090f2fa6a9adb6bfa287e6a5dd8a5216a092727cd8749034?s=96&d=mm&r=g","url":"https:\/\/secure.gravatar.com\/avatar\/dd25d581ad7c3349090f2fa6a9adb6bfa287e6a5dd8a5216a092727cd8749034?s=96&d=mm&r=g","contentUrl":"https:\/\/secure.gravatar.com\/avatar\/dd25d581ad7c3349090f2fa6a9adb6bfa287e6a5dd8a5216a092727cd8749034?s=96&d=mm&r=g","caption":"Laurent Meunier"},"url":"https:\/\/janze-athletisme.fr\/wordpress\/author\/laurent-meunier35\/"}]}},"uagb_featured_image_src":{"full":["https:\/\/janze-athletisme.fr\/wordpress\/wp-content\/uploads\/2025\/02\/DSC_2615.jpg",1201,1200,false],"thumbnail":["https:\/\/janze-athletisme.fr\/wordpress\/wp-content\/uploads\/2025\/02\/DSC_2615-150x150.jpg",150,150,true],"medium":["https:\/\/janze-athletisme.fr\/wordpress\/wp-content\/uploads\/2025\/02\/DSC_2615-300x300.jpg",300,300,true],"medium_large":["https:\/\/janze-athletisme.fr\/wordpress\/wp-content\/uploads\/2025\/02\/DSC_2615-768x767.jpg",768,767,true],"large":["https:\/\/janze-athletisme.fr\/wordpress\/wp-content\/uploads\/2025\/02\/DSC_2615-1024x1024.jpg",1024,1024,true],"1536x1536":["https:\/\/janze-athletisme.fr\/wordpress\/wp-content\/uploads\/2025\/02\/DSC_2615.jpg",1201,1200,false],"2048x2048":["https:\/\/janze-athletisme.fr\/wordpress\/wp-content\/uploads\/2025\/02\/DSC_2615.jpg",1201,1200,false]},"uagb_author_info":{"display_name":"Laurent Meunier","author_link":"https:\/\/janze-athletisme.fr\/wordpress\/author\/laurent-meunier35\/"},"uagb_comment_info":0,"uagb_excerpt":"Pr\u00e9-France individuels indoor, salle Robert-Poirier, samedi 1er et dimanche 2 f\u00e9vrier Ils \u00e9taient quatorze de l&rsquo;EAC \u00e0 \u00eatre pr\u00e9sents ce premier week-end de f\u00e9vrier pour les Pr\u00e9-France individuels en salle, regroupant les r\u00e9gions Bretagne et Normandie, dont quatre de Janz\u00e9 Athl\u00e9. L&rsquo;objectif de rentrer dans les vingt-quatre meilleures perfs nationales de l&rsquo;hiver (ou seize selon\u2026","_links":{"self":[{"href":"https:\/\/janze-athletisme.fr\/wordpress\/wp-json\/wp\/v2\/posts\/23358","targetHints":{"allow":["GET"]}}],"collection":[{"href":"https:\/\/janze-athletisme.fr\/wordpress\/wp-json\/wp\/v2\/posts"}],"about":[{"href":"https:\/\/janze-athletisme.fr\/wordpress\/wp-json\/wp\/v2\/types\/post"}],"author":[{"embeddable":true,"href":"https:\/\/janze-athletisme.fr\/wordpress\/wp-json\/wp\/v2\/users\/12"}],"replies":[{"embeddable":true,"href":"https:\/\/janze-athletisme.fr\/wordpress\/wp-json\/wp\/v2\/comments?post=23358"}],"version-history":[{"count":6,"href":"https:\/\/janze-athletisme.fr\/wordpress\/wp-json\/wp\/v2\/posts\/23358\/revisions"}],"predecessor-version":[{"id":23389,"href":"https:\/\/janze-athletisme.fr\/wordpress\/wp-json\/wp\/v2\/posts\/23358\/revisions\/23389"}],"wp:featuredmedia":[{"embeddable":true,"href":"https:\/\/janze-athletisme.fr\/wordpress\/wp-json\/wp\/v2\/media\/23368"}],"wp:attachment":[{"href":"https:\/\/janze-athletisme.fr\/wordpress\/wp-json\/wp\/v2\/media?parent=23358"}],"wp:term":[{"taxonomy":"category","embeddable":true,"href":"https:\/\/janze-athletisme.fr\/wordpress\/wp-json\/wp\/v2\/categories?post=23358"},{"taxonomy":"post_tag","embeddable":true,"href":"https:\/\/janze-athletisme.fr\/wordpress\/wp-json\/wp\/v2\/tags?post=23358"}],"curies":[{"name":"wp","href":"https:\/\/api.w.org\/{rel}","templated":true}]}}