{"id":23323,"date":"2025-02-04T00:20:02","date_gmt":"2025-02-03T23:20:02","guid":{"rendered":"https:\/\/janze-athletisme.fr\/wordpress\/?p=23323"},"modified":"2025-02-04T10:06:23","modified_gmt":"2025-02-04T09:06:23","slug":"cross-bzh-les-resultats-complets-2-2","status":"publish","type":"post","link":"https:\/\/janze-athletisme.fr\/wordpress\/cross-bzh-les-resultats-complets-2-2\/","title":{"rendered":"Cross BZH : les r\u00e9sultats complets (2\/2)"},"content":{"rendered":"<p><span style=\"font-size: 18pt\"><strong>Championnat de Bretagne de cross-country, Brest, dimanche 2 f\u00e9vrier<\/strong><\/span><\/p>\n<p><span style=\"font-size: 14pt\"><strong>Masters Hommes<\/strong><\/span><\/p>\n<p>L&rsquo;\u00e9quipe termine 27<sup>e<\/sup> sur 37 et arrache la derni\u00e8re place qualificative. Yes, bravo les gars ! C&rsquo;est une belle perf, qui permettra au club d&rsquo;avoir six Masters aux Pr\u00e9-France, dimanche \u00e0 Combourg.<\/p>\n<p>Avec une allure de feu devant (le vainqueur couvre les 8580m en 28&rsquo;02), <strong>Micka\u00ebl <\/strong>Piquet a souffert pour tenir le rythme tr\u00e8s \u00e9lev\u00e9 des premiers pelotons. Il a eu le masque tout du long, mais s&rsquo;est bien battu et termine 89<sup>e<\/sup>. Samuel Bergeon (Bain), davantage prudent au d\u00e9part, est bien remont\u00e9 pour finir 122<sup>e<\/sup>. <strong>Julien <\/strong>Roussel et <strong>Micka\u00ebl<\/strong> Balluet ont couru ensemble et se classent 172 et 173<sup>e<\/sup>, en 34&rsquo;25 quand m\u00eame, ce qui reste un tr\u00e8s beau rythme pour du cross. Denis Caillaud est 213<sup>e<\/sup> et son comparse de Bain, Cyrille Jolivel 215<sup>e<\/sup>. <strong>Jean-Marie<\/strong> Jouzel est \u00e0 3 secondes, mais l&rsquo;\u00e9quipe h\u00e9las, ne pouvant qualifier que six gars, Jean-Marie, pourtant en progr\u00e8s sensible depuis Foug\u00e8res, reste sur le marchepied (218<sup>e<\/sup> \/ 260 class\u00e9s). Dommage ! <strong>Wilfrid <\/strong>Lebreton, toujours bless\u00e9 \u00e0 l&rsquo;ischio, a tent\u00e9 l&rsquo;aventure mais n&rsquo;a pu aller au bout. Le rythme n&rsquo;y \u00e9tait pas. \u00c7a va revenir, Wilfrid, une fois la g\u00eane \u00e9cart\u00e9e.<\/p>\n<p><a href=\"https:\/\/janze-athletisme.fr\/wordpress\/wp-content\/uploads\/2025\/02\/Equipe-Masters-2fev2025.jpg\"><img loading=\"lazy\" decoding=\"async\" class=\"alignnone wp-image-23324\" src=\"https:\/\/janze-athletisme.fr\/wordpress\/wp-content\/uploads\/2025\/02\/Equipe-Masters-2fev2025-300x199.jpg\" alt=\"\" width=\"453\" height=\"300\" srcset=\"https:\/\/janze-athletisme.fr\/wordpress\/wp-content\/uploads\/2025\/02\/Equipe-Masters-2fev2025-300x199.jpg 300w, https:\/\/janze-athletisme.fr\/wordpress\/wp-content\/uploads\/2025\/02\/Equipe-Masters-2fev2025-1024x680.jpg 1024w, https:\/\/janze-athletisme.fr\/wordpress\/wp-content\/uploads\/2025\/02\/Equipe-Masters-2fev2025-768x510.jpg 768w, https:\/\/janze-athletisme.fr\/wordpress\/wp-content\/uploads\/2025\/02\/Equipe-Masters-2fev2025-1536x1020.jpg 1536w, https:\/\/janze-athletisme.fr\/wordpress\/wp-content\/uploads\/2025\/02\/Equipe-Masters-2fev2025.jpg 1807w\" sizes=\"auto, (max-width: 453px) 100vw, 453px\" \/><\/a><\/p>\n<p><span style=\"font-size: 14pt\"><strong>Cadets<\/strong><\/span><\/p>\n<p>L&rsquo;\u00e9quipe \u00e9tant r\u00e9duite \u00e0 son minimum de quatre coureurs (avec <strong>Ewen <\/strong>Caillaud en voyage scolaire et <strong>Rapha\u00ebl <\/strong>Bou\u00e9 malade tous les jours pr\u00e9c\u00e9dents et oblig\u00e9 de d\u00e9clarer forfait), il y avait un peu d&rsquo;angoisse avant cette course : en novembre, on aurait pari\u00e9 sur une qualification de toute l&rsquo;\u00e9quipe aux France, et l\u00e0, on \u00e9tait \u00e0 la limite de ne pouvoir la pr\u00e9senter au R\u00e9gional&#8230; Heureusement, le renfort de <strong>Lohan <\/strong>Ksouda-Lain\u00e9 s&rsquo;est av\u00e9r\u00e9 pr\u00e9cieux. Avec <strong>Noah <\/strong>Barill\u00e9, en 4<sup>e<\/sup> mousquetaire, ils ont port\u00e9 l&rsquo;\u00e9quipe \u00e0 eux deux et ont permis qu&rsquo;elle se qualifie, brillamment compte tenu des circonstances (6<sup>e<\/sup> sur 17). Lohan et Noah sont 70<sup>e<\/sup> et 107<sup>e<\/sup> sur 154 class\u00e9s. Bravo \u00e0 tous les deux ! Lohan \u00e9tait d\u00e9\u00e7u de sa place, mais il a d\u00e9couvert le niveau cadet breton, qui est assez exceptionnel ces temps-ci.<\/p>\n<p><strong>L\u00e9o <\/strong>Guiheux de son c\u00f4t\u00e9 continue \u00e0 c\u00f4toyer les sommets, et, apr\u00e8s le splendide 3<sup>e<\/sup> place de Foug\u00e8res, termine \u00e0 Brest brillantissime 4<sup>e<\/sup>. Il a fait une course d&rsquo;enfer ! Parti prudemment, comme \u00e0 Foug\u00e8res, il a r\u00e9agi d\u00e8s que la course s&rsquo;est emball\u00e9e une premi\u00e8re fois, se portant sans mal \u00e0 hauteur des premiers, puis a contribu\u00e9 \u00e0 l&rsquo;\u00e9cr\u00e9mage par l&rsquo;arri\u00e8re. \u00c0 800m de l&rsquo;arriv\u00e9e, \u00e0 l&rsquo;approche de la derni\u00e8re difficult\u00e9 du parcours, il est en t\u00eate et son nom au micro fait chavirer les c\u0153urs jaune et or. C&rsquo;est le moment que choisit le vainqueur du jour pour porter son attaque. L\u00e9o s&rsquo;accroche, Bastien Jacq et Tym\u00e9o Daniel, 1<sup>er<\/sup> et 2<sup>e<\/sup> \u00e0 Foug\u00e8res d\u00e9crochent (Bastien dira plus tard qu&rsquo;il a cru qu&rsquo;il ne reviendrait pas sur L\u00e9o), et il faut la descente, puis le sprint final, et l&rsquo;allonge de Bastien et de Malwenn Le Buan pour avoir raison du guerrier qu&rsquo;est L\u00e9o. Il termine \u00e0 7 secondes de la victoire et \u00e0 1 du podium. C&rsquo;\u00e9tait vraiment beau, et son entra\u00eeneur, qui, \u00e0 son \u00e9poque, avait fait 4<sup>e<\/sup> au D\u00e9partemental et 5<sup>e<\/sup> au R\u00e9gional de cross en cadets, pouvait mesurer la port\u00e9e de la performance de L\u00e9o le tigre. Trop beau !<\/p>\n<p>Il ne faut pas n\u00e9gliger non plus la performance d&rsquo;<strong>Esteban<\/strong> Bouillaux, parti \u00e0 hauteur de L\u00e9o et avec de l&rsquo;ambition \u00e9galement, mais qui n&rsquo;est pas parvenu \u00e0 tenir l&rsquo;allure jusqu&rsquo;au bout. Class\u00e9 32<sup>e<\/sup> et d\u00e9\u00e7u \u00e9videmment, rien cependant n&rsquo;est perdu pour Combourg et il faudra tout donner pour finir dans les 40 premiers. La marche est haute pour Challans cette ann\u00e9e, et cette qualification il va falloir aller la chercher avec les tripes ! \u00c7a vaut aussi pour Rapha\u00ebl, qu&rsquo;on esp\u00e8re r\u00e9tabli, et au moins pour deux ou trois cadettes (classement n\u00e9cessaire dans les 48 premi\u00e8res pour elles). A Combourg, les compteurs seront remis \u00e0 z\u00e9ro, et il faudra se livrer sans retenue.<\/p>\n<p><a href=\"https:\/\/janze-athletisme.fr\/wordpress\/wp-content\/uploads\/2025\/02\/Equipe-CAM-2fev2025.jpg\"><img loading=\"lazy\" decoding=\"async\" class=\"alignnone size-medium wp-image-23325\" src=\"https:\/\/janze-athletisme.fr\/wordpress\/wp-content\/uploads\/2025\/02\/Equipe-CAM-2fev2025-300x200.jpg\" alt=\"\" width=\"300\" height=\"200\" srcset=\"https:\/\/janze-athletisme.fr\/wordpress\/wp-content\/uploads\/2025\/02\/Equipe-CAM-2fev2025-300x200.jpg 300w, https:\/\/janze-athletisme.fr\/wordpress\/wp-content\/uploads\/2025\/02\/Equipe-CAM-2fev2025-1024x683.jpg 1024w, https:\/\/janze-athletisme.fr\/wordpress\/wp-content\/uploads\/2025\/02\/Equipe-CAM-2fev2025-768x512.jpg 768w, https:\/\/janze-athletisme.fr\/wordpress\/wp-content\/uploads\/2025\/02\/Equipe-CAM-2fev2025-1536x1025.jpg 1536w, https:\/\/janze-athletisme.fr\/wordpress\/wp-content\/uploads\/2025\/02\/Equipe-CAM-2fev2025.jpg 1799w\" sizes=\"auto, (max-width: 300px) 100vw, 300px\" \/> <\/a><a href=\"https:\/\/janze-athletisme.fr\/wordpress\/wp-content\/uploads\/2025\/02\/Leo-4e-BZH-2fev2025.jpg\"><img loading=\"lazy\" decoding=\"async\" class=\"alignnone wp-image-23326\" src=\"https:\/\/janze-athletisme.fr\/wordpress\/wp-content\/uploads\/2025\/02\/Leo-4e-BZH-2fev2025-300x300.jpg\" alt=\"\" width=\"200\" height=\"200\" srcset=\"https:\/\/janze-athletisme.fr\/wordpress\/wp-content\/uploads\/2025\/02\/Leo-4e-BZH-2fev2025-300x300.jpg 300w, https:\/\/janze-athletisme.fr\/wordpress\/wp-content\/uploads\/2025\/02\/Leo-4e-BZH-2fev2025-1024x1024.jpg 1024w, https:\/\/janze-athletisme.fr\/wordpress\/wp-content\/uploads\/2025\/02\/Leo-4e-BZH-2fev2025-150x150.jpg 150w, https:\/\/janze-athletisme.fr\/wordpress\/wp-content\/uploads\/2025\/02\/Leo-4e-BZH-2fev2025-768x768.jpg 768w, https:\/\/janze-athletisme.fr\/wordpress\/wp-content\/uploads\/2025\/02\/Leo-4e-BZH-2fev2025.jpg 1200w\" sizes=\"auto, (max-width: 200px) 100vw, 200px\" \/><\/a><\/p>\n<p><span style=\"font-size: 14pt\"><strong>Juniors filles<\/strong><\/span><\/p>\n<p>Elsa Mah\u00e9 (Bain), encore un peu juste \u00e0 Foug\u00e8res (10<sup>e<\/sup>), apr\u00e8s une grippe avant No\u00ebl, a eu le temps de bien r\u00e9cup\u00e9rer et de bien travailler, et a produit ce dimanche \u00e0 Brest sa course r\u00e9f\u00e9rence de l&rsquo;hiver. Elle termine 8<sup>e<\/sup> r\u00e9gionale, \u00e0 un cheveu (une seconde !) d&rsquo;Ava Guedeu-Lefeuvre, une pointure tout de m\u00eame dans le monde du cross. Partie prudemment, Elsa, qui commence \u00e0 bien se conna\u00eetre et court maintenant en confiance, a fini en boulet de canon, et il n&rsquo;y a gu\u00e8re que L\u00e9na Auvray (3<sup>e<\/sup>) \u00e0 avoir couru plus vite le dernier kilom\u00e8tre. Exceptionnel ! Bravo Elsa !<\/p>\n<p><a href=\"https:\/\/janze-athletisme.fr\/wordpress\/wp-content\/uploads\/2025\/02\/Elsa-2fev2025-6.jpg\"><img loading=\"lazy\" decoding=\"async\" class=\"alignnone wp-image-23327\" src=\"https:\/\/janze-athletisme.fr\/wordpress\/wp-content\/uploads\/2025\/02\/Elsa-2fev2025-6-300x300.jpg\" alt=\"\" width=\"231\" height=\"231\" srcset=\"https:\/\/janze-athletisme.fr\/wordpress\/wp-content\/uploads\/2025\/02\/Elsa-2fev2025-6-300x300.jpg 300w, https:\/\/janze-athletisme.fr\/wordpress\/wp-content\/uploads\/2025\/02\/Elsa-2fev2025-6-1024x1024.jpg 1024w, https:\/\/janze-athletisme.fr\/wordpress\/wp-content\/uploads\/2025\/02\/Elsa-2fev2025-6-150x150.jpg 150w, https:\/\/janze-athletisme.fr\/wordpress\/wp-content\/uploads\/2025\/02\/Elsa-2fev2025-6-768x768.jpg 768w, https:\/\/janze-athletisme.fr\/wordpress\/wp-content\/uploads\/2025\/02\/Elsa-2fev2025-6.jpg 1200w\" sizes=\"auto, (max-width: 231px) 100vw, 231px\" \/><\/a><\/p>\n<p><span style=\"font-size: 14pt\"><strong>Juniors gar\u00e7ons<\/strong><\/span><\/p>\n<p>Pas de repr\u00e9sentant de l&rsquo;EAC dans cette course.<\/p>\n<p><span style=\"font-size: 14pt\"><strong>\u00c9lites Femmes<\/strong><\/span><\/p>\n<p>Un d\u00e9part aux antipodes pour <strong>Maryse<\/strong> Veyer et <strong>Lou<\/strong> Gaspais. Maryse est partie dans le peloton de t\u00eate, au culot, comme la petite jeune qu&rsquo;elle est encore, pendant que Lou, un peu perturb\u00e9 ces temps-ci par un boulot prenant, chutait, prise dans une bousculade devant elle. Repartie derni\u00e8re, elle n&rsquo;a cess\u00e9 de se battre pour remonter, mais, partie de tr\u00e8s loin, s&rsquo;est un peu \u00e9puis\u00e9e \u00e0 la t\u00e2che, au point d&rsquo;\u00eatre rejointe et doubl\u00e9e \u00e0 la fin par Virginie Balluet (Bain), revenue \u00e0 son meilleur niveau. Maryse, pendant ce temps, limitant les d\u00e9g\u00e2ts, est parvenue \u00e0 tenir un rythme soutenu jusqu&rsquo;au bout. Elle finit 79<sup>e<\/sup>, Virginie 115<sup>e<\/sup> et Lou 116<sup>e<\/sup>. <strong>La\u00efs <\/strong>Meunier, 168<sup>e<\/sup> (sur 191), frigorifi\u00e9e \u00e0 Foug\u00e8res, a retrouv\u00e9 le go\u00fbt \u00e0 courir et s&rsquo;est fait plaisir \u00e0 son allure. Elle est 29<sup>e<\/sup> ESF (sur 34 class\u00e9es).<\/p>\n<p>\u00c0 noter que <span style=\"text-decoration: underline\">Maryse<\/span>, et de loin, <span style=\"text-decoration: underline\">termine 1<sup>\u00e8re<\/sup> M4F<\/span>, sur 5 class\u00e9es (7680m en 33&rsquo;40 tout de m\u00eame !). En M3F, elle aurait \u00e9t\u00e9 2<sup>e<\/sup> et encore 7<sup>e<\/sup> en M2F. Pas mal Maryse, pas mal ! Le cross, m\u00eame en dilettante, te va (tr\u00e8s) bien !<\/p>\n<p>L&rsquo;\u00e9quipe, 21<sup>e<\/sup> sur 24 class\u00e9es, se qualifie de justesse pour Combourg. Il y aura donc potentiellement deux \u00e9quipes \u00c9lites Femmes de l&rsquo;EAC \u00e0 Combourg : une en cross long et une en cross court. Bravo les filles ! La classe !!!<\/p>\n<p><a href=\"https:\/\/janze-athletisme.fr\/wordpress\/wp-content\/uploads\/2025\/02\/Equipe-Elites-F-2fev2025.jpg\"><img loading=\"lazy\" decoding=\"async\" class=\"alignnone wp-image-23328\" src=\"https:\/\/janze-athletisme.fr\/wordpress\/wp-content\/uploads\/2025\/02\/Equipe-Elites-F-2fev2025-300x300.jpg\" alt=\"\" width=\"236\" height=\"236\" srcset=\"https:\/\/janze-athletisme.fr\/wordpress\/wp-content\/uploads\/2025\/02\/Equipe-Elites-F-2fev2025-300x300.jpg 300w, https:\/\/janze-athletisme.fr\/wordpress\/wp-content\/uploads\/2025\/02\/Equipe-Elites-F-2fev2025-1024x1024.jpg 1024w, https:\/\/janze-athletisme.fr\/wordpress\/wp-content\/uploads\/2025\/02\/Equipe-Elites-F-2fev2025-150x150.jpg 150w, https:\/\/janze-athletisme.fr\/wordpress\/wp-content\/uploads\/2025\/02\/Equipe-Elites-F-2fev2025-768x768.jpg 768w, https:\/\/janze-athletisme.fr\/wordpress\/wp-content\/uploads\/2025\/02\/Equipe-Elites-F-2fev2025.jpg 1500w\" sizes=\"auto, (max-width: 236px) 100vw, 236px\" \/> <\/a><a href=\"https:\/\/janze-athletisme.fr\/wordpress\/wp-content\/uploads\/2025\/02\/Equipe-Elites-F-2.jpg\"><img loading=\"lazy\" decoding=\"async\" class=\"alignnone wp-image-23329\" src=\"https:\/\/janze-athletisme.fr\/wordpress\/wp-content\/uploads\/2025\/02\/Equipe-Elites-F-2-300x200.jpg\" alt=\"\" width=\"353\" height=\"235\" srcset=\"https:\/\/janze-athletisme.fr\/wordpress\/wp-content\/uploads\/2025\/02\/Equipe-Elites-F-2-300x200.jpg 300w, https:\/\/janze-athletisme.fr\/wordpress\/wp-content\/uploads\/2025\/02\/Equipe-Elites-F-2-1024x683.jpg 1024w, https:\/\/janze-athletisme.fr\/wordpress\/wp-content\/uploads\/2025\/02\/Equipe-Elites-F-2-768x512.jpg 768w, https:\/\/janze-athletisme.fr\/wordpress\/wp-content\/uploads\/2025\/02\/Equipe-Elites-F-2.jpg 1500w\" sizes=\"auto, (max-width: 353px) 100vw, 353px\" \/><\/a><\/p>\n<p><span style=\"font-size: 14pt\"><strong>\u00c9lites Hommes<\/strong><\/span><\/p>\n<p><strong>Basile <\/strong>Chevrel nous a fait plaisir. On a m\u00eame cru longtemps qu&rsquo;il allait monter sur le podium Espoirs, et peut-\u00eatre faire un top 10 dans la course \u00c9lites. Il termine finalement 5<sup>e<\/sup> et 13<sup>e<\/sup>, mais a montr\u00e9 que d\u00e9sormais il c\u00f4toie les meilleurs. Il a fallu deux kilom\u00e8tres \u00e0 Beno\u00eet Fenouill\u00e8re pour le passer et se porter en t\u00eate de la course, qu&rsquo;il a finalement gagn\u00e9 (champion pour la 4<sup>e<\/sup> fois).<\/p>\n<p>S\u00e9bastien Kern\u00e9\u00efs (Cesson) a produit une belle course \u00e9galement, tr\u00e8s bon 68<sup>e<\/sup>, et se qualifie individuellement pour les Pr\u00e9-France. Quant \u00e0 <strong>Micka\u00ebl<\/strong> Auroy et <strong>Fred<\/strong> Breut, rest\u00e9s pr\u00eats l&rsquo;un de l&rsquo;autre pendant toute la course, il leur a manqu\u00e9 un peu de fra\u00eecheur pour finir plus haut dans le classement. Micka\u00ebl sortait d&rsquo;une grippe et Fred ne se sort pas d&rsquo;un mal de dos qui le perturbe en course comme aux entra\u00eenements. 201<sup>e<\/sup> et 221<sup>e<\/sup>, ils sont \u00e9ject\u00e9s du wagon pour Combourg pour quelques dizaines de secondes. Pierre-Xavier Bouvier (Bain) est 243<sup>e<\/sup> et <strong>Romain<\/strong> le Goff 292<sup>e<\/sup> (sur 299). A distance donc, mais au moins ont-ils particip\u00e9 \u00e0 cette course de folie, courue sur un tempo torride dans la douceur brestoise. Et ils devraient voir les effets du cross lors de leurs prochaines sorties sur route. Le cross est la meilleure \u00e9cole qui soit pour travailler la route (et ne parlons pas du trail).<\/p>\n<p>L&rsquo;\u00e9quipe est 26<sup>e<\/sup> (sur 46 class\u00e9es !) et \u00e9choue \u00e0 se qualifier pour 29 malheureux points. C&rsquo;est \u00e0 la fois peu et beaucoup. En tout cas, c&rsquo;est dommage pour Micka\u00ebl et Fred en particulier, qui auraient m\u00e9rit\u00e9, au vu du travail produit tout l&rsquo;hiver, d&rsquo;\u00eatre du voyage de Combourg dimanche.<\/p>\n<p><a href=\"https:\/\/janze-athletisme.fr\/wordpress\/wp-content\/uploads\/2025\/02\/Equipe-Elites-H-2fev2025-1.jpg\"><img loading=\"lazy\" decoding=\"async\" class=\"alignnone wp-image-23331\" src=\"https:\/\/janze-athletisme.fr\/wordpress\/wp-content\/uploads\/2025\/02\/Equipe-Elites-H-2fev2025-1-300x200.jpg\" alt=\"\" width=\"439\" height=\"292\" srcset=\"https:\/\/janze-athletisme.fr\/wordpress\/wp-content\/uploads\/2025\/02\/Equipe-Elites-H-2fev2025-1-300x200.jpg 300w, https:\/\/janze-athletisme.fr\/wordpress\/wp-content\/uploads\/2025\/02\/Equipe-Elites-H-2fev2025-1-1024x683.jpg 1024w, https:\/\/janze-athletisme.fr\/wordpress\/wp-content\/uploads\/2025\/02\/Equipe-Elites-H-2fev2025-1-768x512.jpg 768w, https:\/\/janze-athletisme.fr\/wordpress\/wp-content\/uploads\/2025\/02\/Equipe-Elites-H-2fev2025-1-1536x1024.jpg 1536w, https:\/\/janze-athletisme.fr\/wordpress\/wp-content\/uploads\/2025\/02\/Equipe-Elites-H-2fev2025-1.jpg 1800w\" sizes=\"auto, (max-width: 439px) 100vw, 439px\" \/><\/a><\/p>\n<p>Tous les r\u00e9sultats officiels du championnat de Bretagne de cross sont <a href=\"https:\/\/bases.athle.fr\/asp.net\/liste.aspx?frmbase=resultats&amp;frmmode=1&amp;frmespace=0&amp;frmcompetition=301952&amp;frmposition=0\">ICI<\/a>.<\/p>\n","protected":false},"excerpt":{"rendered":"<p>Championnat de Bretagne de cross-country, Brest, dimanche 2 f\u00e9vrier Masters Hommes L&rsquo;\u00e9quipe termine 27e sur 37 et arrache la derni\u00e8re place qualificative. Yes, bravo les gars ! C&rsquo;est une belle perf, qui permettra au club d&rsquo;avoir six Masters aux Pr\u00e9-France, dimanche \u00e0 Combourg. Avec une allure de feu devant (le vainqueur couvre les 8580m en [&hellip;]<\/p>\n","protected":false},"author":12,"featured_media":23328,"comment_status":"open","ping_status":"open","sticky":false,"template":"","format":"aside","meta":{"_uag_custom_page_level_css":"","site-sidebar-layout":"default","site-content-layout":"","ast-site-content-layout":"default","site-content-style":"default","site-sidebar-style":"default","ast-global-header-display":"","ast-banner-title-visibility":"","ast-main-header-display":"","ast-hfb-above-header-display":"","ast-hfb-below-header-display":"","ast-hfb-mobile-header-display":"","site-post-title":"","ast-breadcrumbs-content":"","ast-featured-img":"","footer-sml-layout":"","ast-disable-related-posts":"","theme-transparent-header-meta":"default","adv-header-id-meta":"","stick-header-meta":"","header-above-stick-meta":"","header-main-stick-meta":"","header-below-stick-meta":"","astra-migrate-meta-layouts":"set","ast-page-background-enabled":"default","ast-page-background-meta":{"desktop":{"background-color":"var(--ast-global-color-4)","background-image":"","background-repeat":"repeat","background-position":"center center","background-size":"auto","background-attachment":"scroll","background-type":"","background-media":"","overlay-type":"","overlay-color":"","overlay-opacity":"","overlay-gradient":""},"tablet":{"background-color":"","background-image":"","background-repeat":"repeat","background-position":"center center","background-size":"auto","background-attachment":"scroll","background-type":"","background-media":"","overlay-type":"","overlay-color":"","overlay-opacity":"","overlay-gradient":""},"mobile":{"background-color":"","background-image":"","background-repeat":"repeat","background-position":"center center","background-size":"auto","background-attachment":"scroll","background-type":"","background-media":"","overlay-type":"","overlay-color":"","overlay-opacity":"","overlay-gradient":""}},"ast-content-background-meta":{"desktop":{"background-color":"var(--ast-global-color-5)","background-image":"","background-repeat":"repeat","background-position":"center center","background-size":"auto","background-attachment":"scroll","background-type":"","background-media":"","overlay-type":"","overlay-color":"","overlay-opacity":"","overlay-gradient":""},"tablet":{"background-color":"var(--ast-global-color-5)","background-image":"","background-repeat":"repeat","background-position":"center center","background-size":"auto","background-attachment":"scroll","background-type":"","background-media":"","overlay-type":"","overlay-color":"","overlay-opacity":"","overlay-gradient":""},"mobile":{"background-color":"var(--ast-global-color-5)","background-image":"","background-repeat":"repeat","background-position":"center center","background-size":"auto","background-attachment":"scroll","background-type":"","background-media":"","overlay-type":"","overlay-color":"","overlay-opacity":"","overlay-gradient":""}},"footnotes":""},"categories":[6],"tags":[],"class_list":["post-23323","post","type-post","status-publish","format-aside","has-post-thumbnail","hentry","category-sections","post_format-post-format-aside"],"yoast_head":"<!-- This site is optimized with the Yoast SEO plugin v27.5 - https:\/\/yoast.com\/product\/yoast-seo-wordpress\/ -->\n<title>Cross BZH : les r\u00e9sultats complets (2\/2) - Janz\u00e9 Athl\u00e9tisme<\/title>\n<meta name=\"robots\" content=\"index, follow, max-snippet:-1, max-image-preview:large, max-video-preview:-1\" \/>\n<link rel=\"canonical\" href=\"https:\/\/janze-athletisme.fr\/wordpress\/cross-bzh-les-resultats-complets-2-2\/\" \/>\n<meta property=\"og:locale\" content=\"fr_FR\" \/>\n<meta property=\"og:type\" content=\"article\" \/>\n<meta property=\"og:title\" content=\"Cross BZH : les r\u00e9sultats complets (2\/2) - Janz\u00e9 Athl\u00e9tisme\" \/>\n<meta property=\"og:description\" content=\"Championnat de Bretagne de cross-country, Brest, dimanche 2 f\u00e9vrier Masters Hommes L&rsquo;\u00e9quipe termine 27e sur 37 et arrache la derni\u00e8re place qualificative. Yes, bravo les gars ! C&rsquo;est une belle perf, qui permettra au club d&rsquo;avoir six Masters aux Pr\u00e9-France, dimanche \u00e0 Combourg. Avec une allure de feu devant (le vainqueur couvre les 8580m en [&hellip;]\" \/>\n<meta property=\"og:url\" content=\"https:\/\/janze-athletisme.fr\/wordpress\/cross-bzh-les-resultats-complets-2-2\/\" \/>\n<meta property=\"og:site_name\" content=\"Janz\u00e9 Athl\u00e9tisme\" \/>\n<meta property=\"article:publisher\" content=\"https:\/\/www.facebook.com\/groups\/1007964579346590\" \/>\n<meta property=\"article:published_time\" content=\"2025-02-03T23:20:02+00:00\" \/>\n<meta property=\"article:modified_time\" content=\"2025-02-04T09:06:23+00:00\" \/>\n<meta property=\"og:image\" content=\"https:\/\/janze-athletisme.fr\/wordpress\/wp-content\/uploads\/2025\/02\/Equipe-Elites-F-2fev2025.jpg\" \/>\n\t<meta property=\"og:image:width\" content=\"1500\" \/>\n\t<meta property=\"og:image:height\" content=\"1500\" \/>\n\t<meta property=\"og:image:type\" content=\"image\/jpeg\" \/>\n<meta name=\"author\" content=\"Laurent Meunier\" \/>\n<meta name=\"twitter:card\" content=\"summary_large_image\" \/>\n<meta name=\"twitter:label1\" content=\"\u00c9crit par\" \/>\n\t<meta name=\"twitter:data1\" content=\"Laurent Meunier\" \/>\n\t<meta name=\"twitter:label2\" content=\"Dur\u00e9e de lecture estim\u00e9e\" \/>\n\t<meta name=\"twitter:data2\" content=\"9 minutes\" \/>\n<script type=\"application\/ld+json\" class=\"yoast-schema-graph\">{\"@context\":\"https:\\\/\\\/schema.org\",\"@graph\":[{\"@type\":\"Article\",\"@id\":\"https:\\\/\\\/janze-athletisme.fr\\\/wordpress\\\/cross-bzh-les-resultats-complets-2-2\\\/#article\",\"isPartOf\":{\"@id\":\"https:\\\/\\\/janze-athletisme.fr\\\/wordpress\\\/cross-bzh-les-resultats-complets-2-2\\\/\"},\"author\":{\"name\":\"Laurent Meunier\",\"@id\":\"https:\\\/\\\/janze-athletisme.fr\\\/wordpress\\\/#\\\/schema\\\/person\\\/c7b063dcfa6234c041d4d9b26cc2ea03\"},\"headline\":\"Cross BZH : les r\u00e9sultats complets (2\\\/2)\",\"datePublished\":\"2025-02-03T23:20:02+00:00\",\"dateModified\":\"2025-02-04T09:06:23+00:00\",\"mainEntityOfPage\":{\"@id\":\"https:\\\/\\\/janze-athletisme.fr\\\/wordpress\\\/cross-bzh-les-resultats-complets-2-2\\\/\"},\"wordCount\":1392,\"commentCount\":0,\"publisher\":{\"@id\":\"https:\\\/\\\/janze-athletisme.fr\\\/wordpress\\\/#organization\"},\"image\":{\"@id\":\"https:\\\/\\\/janze-athletisme.fr\\\/wordpress\\\/cross-bzh-les-resultats-complets-2-2\\\/#primaryimage\"},\"thumbnailUrl\":\"https:\\\/\\\/janze-athletisme.fr\\\/wordpress\\\/wp-content\\\/uploads\\\/2025\\\/02\\\/Equipe-Elites-F-2fev2025.jpg\",\"articleSection\":[\"Le club au jour le jour\"],\"inLanguage\":\"fr-FR\",\"potentialAction\":[{\"@type\":\"CommentAction\",\"name\":\"Comment\",\"target\":[\"https:\\\/\\\/janze-athletisme.fr\\\/wordpress\\\/cross-bzh-les-resultats-complets-2-2\\\/#respond\"]}]},{\"@type\":\"WebPage\",\"@id\":\"https:\\\/\\\/janze-athletisme.fr\\\/wordpress\\\/cross-bzh-les-resultats-complets-2-2\\\/\",\"url\":\"https:\\\/\\\/janze-athletisme.fr\\\/wordpress\\\/cross-bzh-les-resultats-complets-2-2\\\/\",\"name\":\"Cross BZH : les r\u00e9sultats complets (2\\\/2) - Janz\u00e9 Athl\u00e9tisme\",\"isPartOf\":{\"@id\":\"https:\\\/\\\/janze-athletisme.fr\\\/wordpress\\\/#website\"},\"primaryImageOfPage\":{\"@id\":\"https:\\\/\\\/janze-athletisme.fr\\\/wordpress\\\/cross-bzh-les-resultats-complets-2-2\\\/#primaryimage\"},\"image\":{\"@id\":\"https:\\\/\\\/janze-athletisme.fr\\\/wordpress\\\/cross-bzh-les-resultats-complets-2-2\\\/#primaryimage\"},\"thumbnailUrl\":\"https:\\\/\\\/janze-athletisme.fr\\\/wordpress\\\/wp-content\\\/uploads\\\/2025\\\/02\\\/Equipe-Elites-F-2fev2025.jpg\",\"datePublished\":\"2025-02-03T23:20:02+00:00\",\"dateModified\":\"2025-02-04T09:06:23+00:00\",\"breadcrumb\":{\"@id\":\"https:\\\/\\\/janze-athletisme.fr\\\/wordpress\\\/cross-bzh-les-resultats-complets-2-2\\\/#breadcrumb\"},\"inLanguage\":\"fr-FR\",\"potentialAction\":[{\"@type\":\"ReadAction\",\"target\":[\"https:\\\/\\\/janze-athletisme.fr\\\/wordpress\\\/cross-bzh-les-resultats-complets-2-2\\\/\"]}]},{\"@type\":\"ImageObject\",\"inLanguage\":\"fr-FR\",\"@id\":\"https:\\\/\\\/janze-athletisme.fr\\\/wordpress\\\/cross-bzh-les-resultats-complets-2-2\\\/#primaryimage\",\"url\":\"https:\\\/\\\/janze-athletisme.fr\\\/wordpress\\\/wp-content\\\/uploads\\\/2025\\\/02\\\/Equipe-Elites-F-2fev2025.jpg\",\"contentUrl\":\"https:\\\/\\\/janze-athletisme.fr\\\/wordpress\\\/wp-content\\\/uploads\\\/2025\\\/02\\\/Equipe-Elites-F-2fev2025.jpg\",\"width\":1500,\"height\":1500},{\"@type\":\"BreadcrumbList\",\"@id\":\"https:\\\/\\\/janze-athletisme.fr\\\/wordpress\\\/cross-bzh-les-resultats-complets-2-2\\\/#breadcrumb\",\"itemListElement\":[{\"@type\":\"ListItem\",\"position\":1,\"name\":\"Accueil\",\"item\":\"https:\\\/\\\/janze-athletisme.fr\\\/wordpress\\\/\"},{\"@type\":\"ListItem\",\"position\":2,\"name\":\"Cross BZH : les r\u00e9sultats complets (2\\\/2)\"}]},{\"@type\":\"WebSite\",\"@id\":\"https:\\\/\\\/janze-athletisme.fr\\\/wordpress\\\/#website\",\"url\":\"https:\\\/\\\/janze-athletisme.fr\\\/wordpress\\\/\",\"name\":\"Janz\u00e9 Athl\u00e9tisme\",\"description\":\"Pays de La Roche aux F\u00e9es\",\"publisher\":{\"@id\":\"https:\\\/\\\/janze-athletisme.fr\\\/wordpress\\\/#organization\"},\"potentialAction\":[{\"@type\":\"SearchAction\",\"target\":{\"@type\":\"EntryPoint\",\"urlTemplate\":\"https:\\\/\\\/janze-athletisme.fr\\\/wordpress\\\/?s={search_term_string}\"},\"query-input\":{\"@type\":\"PropertyValueSpecification\",\"valueRequired\":true,\"valueName\":\"search_term_string\"}}],\"inLanguage\":\"fr-FR\"},{\"@type\":\"Organization\",\"@id\":\"https:\\\/\\\/janze-athletisme.fr\\\/wordpress\\\/#organization\",\"name\":\"Janz\u00e9 Athl\u00e9tisme\",\"url\":\"https:\\\/\\\/janze-athletisme.fr\\\/wordpress\\\/\",\"logo\":{\"@type\":\"ImageObject\",\"inLanguage\":\"fr-FR\",\"@id\":\"https:\\\/\\\/janze-athletisme.fr\\\/wordpress\\\/#\\\/schema\\\/logo\\\/image\\\/\",\"url\":\"https:\\\/\\\/janze-athletisme.fr\\\/wordpress\\\/wp-content\\\/uploads\\\/2015\\\/03\\\/logo-full1.jpg\",\"contentUrl\":\"https:\\\/\\\/janze-athletisme.fr\\\/wordpress\\\/wp-content\\\/uploads\\\/2015\\\/03\\\/logo-full1.jpg\",\"width\":437,\"height\":205,\"caption\":\"Janz\u00e9 Athl\u00e9tisme\"},\"image\":{\"@id\":\"https:\\\/\\\/janze-athletisme.fr\\\/wordpress\\\/#\\\/schema\\\/logo\\\/image\\\/\"},\"sameAs\":[\"https:\\\/\\\/www.facebook.com\\\/groups\\\/1007964579346590\"]},{\"@type\":\"Person\",\"@id\":\"https:\\\/\\\/janze-athletisme.fr\\\/wordpress\\\/#\\\/schema\\\/person\\\/c7b063dcfa6234c041d4d9b26cc2ea03\",\"name\":\"Laurent Meunier\",\"image\":{\"@type\":\"ImageObject\",\"inLanguage\":\"fr-FR\",\"@id\":\"https:\\\/\\\/secure.gravatar.com\\\/avatar\\\/dd25d581ad7c3349090f2fa6a9adb6bfa287e6a5dd8a5216a092727cd8749034?s=96&d=mm&r=g\",\"url\":\"https:\\\/\\\/secure.gravatar.com\\\/avatar\\\/dd25d581ad7c3349090f2fa6a9adb6bfa287e6a5dd8a5216a092727cd8749034?s=96&d=mm&r=g\",\"contentUrl\":\"https:\\\/\\\/secure.gravatar.com\\\/avatar\\\/dd25d581ad7c3349090f2fa6a9adb6bfa287e6a5dd8a5216a092727cd8749034?s=96&d=mm&r=g\",\"caption\":\"Laurent Meunier\"},\"url\":\"https:\\\/\\\/janze-athletisme.fr\\\/wordpress\\\/author\\\/laurent-meunier35\\\/\"}]}<\/script>\n<!-- \/ Yoast SEO plugin. -->","yoast_head_json":{"title":"Cross BZH : les r\u00e9sultats complets (2\/2) - Janz\u00e9 Athl\u00e9tisme","robots":{"index":"index","follow":"follow","max-snippet":"max-snippet:-1","max-image-preview":"max-image-preview:large","max-video-preview":"max-video-preview:-1"},"canonical":"https:\/\/janze-athletisme.fr\/wordpress\/cross-bzh-les-resultats-complets-2-2\/","og_locale":"fr_FR","og_type":"article","og_title":"Cross BZH : les r\u00e9sultats complets (2\/2) - Janz\u00e9 Athl\u00e9tisme","og_description":"Championnat de Bretagne de cross-country, Brest, dimanche 2 f\u00e9vrier Masters Hommes L&rsquo;\u00e9quipe termine 27e sur 37 et arrache la derni\u00e8re place qualificative. Yes, bravo les gars ! C&rsquo;est une belle perf, qui permettra au club d&rsquo;avoir six Masters aux Pr\u00e9-France, dimanche \u00e0 Combourg. Avec une allure de feu devant (le vainqueur couvre les 8580m en [&hellip;]","og_url":"https:\/\/janze-athletisme.fr\/wordpress\/cross-bzh-les-resultats-complets-2-2\/","og_site_name":"Janz\u00e9 Athl\u00e9tisme","article_publisher":"https:\/\/www.facebook.com\/groups\/1007964579346590","article_published_time":"2025-02-03T23:20:02+00:00","article_modified_time":"2025-02-04T09:06:23+00:00","og_image":[{"width":1500,"height":1500,"url":"https:\/\/janze-athletisme.fr\/wordpress\/wp-content\/uploads\/2025\/02\/Equipe-Elites-F-2fev2025.jpg","type":"image\/jpeg"}],"author":"Laurent Meunier","twitter_card":"summary_large_image","twitter_misc":{"\u00c9crit par":"Laurent Meunier","Dur\u00e9e de lecture estim\u00e9e":"9 minutes"},"schema":{"@context":"https:\/\/schema.org","@graph":[{"@type":"Article","@id":"https:\/\/janze-athletisme.fr\/wordpress\/cross-bzh-les-resultats-complets-2-2\/#article","isPartOf":{"@id":"https:\/\/janze-athletisme.fr\/wordpress\/cross-bzh-les-resultats-complets-2-2\/"},"author":{"name":"Laurent Meunier","@id":"https:\/\/janze-athletisme.fr\/wordpress\/#\/schema\/person\/c7b063dcfa6234c041d4d9b26cc2ea03"},"headline":"Cross BZH : les r\u00e9sultats complets (2\/2)","datePublished":"2025-02-03T23:20:02+00:00","dateModified":"2025-02-04T09:06:23+00:00","mainEntityOfPage":{"@id":"https:\/\/janze-athletisme.fr\/wordpress\/cross-bzh-les-resultats-complets-2-2\/"},"wordCount":1392,"commentCount":0,"publisher":{"@id":"https:\/\/janze-athletisme.fr\/wordpress\/#organization"},"image":{"@id":"https:\/\/janze-athletisme.fr\/wordpress\/cross-bzh-les-resultats-complets-2-2\/#primaryimage"},"thumbnailUrl":"https:\/\/janze-athletisme.fr\/wordpress\/wp-content\/uploads\/2025\/02\/Equipe-Elites-F-2fev2025.jpg","articleSection":["Le club au jour le jour"],"inLanguage":"fr-FR","potentialAction":[{"@type":"CommentAction","name":"Comment","target":["https:\/\/janze-athletisme.fr\/wordpress\/cross-bzh-les-resultats-complets-2-2\/#respond"]}]},{"@type":"WebPage","@id":"https:\/\/janze-athletisme.fr\/wordpress\/cross-bzh-les-resultats-complets-2-2\/","url":"https:\/\/janze-athletisme.fr\/wordpress\/cross-bzh-les-resultats-complets-2-2\/","name":"Cross BZH : les r\u00e9sultats complets (2\/2) - Janz\u00e9 Athl\u00e9tisme","isPartOf":{"@id":"https:\/\/janze-athletisme.fr\/wordpress\/#website"},"primaryImageOfPage":{"@id":"https:\/\/janze-athletisme.fr\/wordpress\/cross-bzh-les-resultats-complets-2-2\/#primaryimage"},"image":{"@id":"https:\/\/janze-athletisme.fr\/wordpress\/cross-bzh-les-resultats-complets-2-2\/#primaryimage"},"thumbnailUrl":"https:\/\/janze-athletisme.fr\/wordpress\/wp-content\/uploads\/2025\/02\/Equipe-Elites-F-2fev2025.jpg","datePublished":"2025-02-03T23:20:02+00:00","dateModified":"2025-02-04T09:06:23+00:00","breadcrumb":{"@id":"https:\/\/janze-athletisme.fr\/wordpress\/cross-bzh-les-resultats-complets-2-2\/#breadcrumb"},"inLanguage":"fr-FR","potentialAction":[{"@type":"ReadAction","target":["https:\/\/janze-athletisme.fr\/wordpress\/cross-bzh-les-resultats-complets-2-2\/"]}]},{"@type":"ImageObject","inLanguage":"fr-FR","@id":"https:\/\/janze-athletisme.fr\/wordpress\/cross-bzh-les-resultats-complets-2-2\/#primaryimage","url":"https:\/\/janze-athletisme.fr\/wordpress\/wp-content\/uploads\/2025\/02\/Equipe-Elites-F-2fev2025.jpg","contentUrl":"https:\/\/janze-athletisme.fr\/wordpress\/wp-content\/uploads\/2025\/02\/Equipe-Elites-F-2fev2025.jpg","width":1500,"height":1500},{"@type":"BreadcrumbList","@id":"https:\/\/janze-athletisme.fr\/wordpress\/cross-bzh-les-resultats-complets-2-2\/#breadcrumb","itemListElement":[{"@type":"ListItem","position":1,"name":"Accueil","item":"https:\/\/janze-athletisme.fr\/wordpress\/"},{"@type":"ListItem","position":2,"name":"Cross BZH : les r\u00e9sultats complets (2\/2)"}]},{"@type":"WebSite","@id":"https:\/\/janze-athletisme.fr\/wordpress\/#website","url":"https:\/\/janze-athletisme.fr\/wordpress\/","name":"Janz\u00e9 Athl\u00e9tisme","description":"Pays de La Roche aux F\u00e9es","publisher":{"@id":"https:\/\/janze-athletisme.fr\/wordpress\/#organization"},"potentialAction":[{"@type":"SearchAction","target":{"@type":"EntryPoint","urlTemplate":"https:\/\/janze-athletisme.fr\/wordpress\/?s={search_term_string}"},"query-input":{"@type":"PropertyValueSpecification","valueRequired":true,"valueName":"search_term_string"}}],"inLanguage":"fr-FR"},{"@type":"Organization","@id":"https:\/\/janze-athletisme.fr\/wordpress\/#organization","name":"Janz\u00e9 Athl\u00e9tisme","url":"https:\/\/janze-athletisme.fr\/wordpress\/","logo":{"@type":"ImageObject","inLanguage":"fr-FR","@id":"https:\/\/janze-athletisme.fr\/wordpress\/#\/schema\/logo\/image\/","url":"https:\/\/janze-athletisme.fr\/wordpress\/wp-content\/uploads\/2015\/03\/logo-full1.jpg","contentUrl":"https:\/\/janze-athletisme.fr\/wordpress\/wp-content\/uploads\/2015\/03\/logo-full1.jpg","width":437,"height":205,"caption":"Janz\u00e9 Athl\u00e9tisme"},"image":{"@id":"https:\/\/janze-athletisme.fr\/wordpress\/#\/schema\/logo\/image\/"},"sameAs":["https:\/\/www.facebook.com\/groups\/1007964579346590"]},{"@type":"Person","@id":"https:\/\/janze-athletisme.fr\/wordpress\/#\/schema\/person\/c7b063dcfa6234c041d4d9b26cc2ea03","name":"Laurent Meunier","image":{"@type":"ImageObject","inLanguage":"fr-FR","@id":"https:\/\/secure.gravatar.com\/avatar\/dd25d581ad7c3349090f2fa6a9adb6bfa287e6a5dd8a5216a092727cd8749034?s=96&d=mm&r=g","url":"https:\/\/secure.gravatar.com\/avatar\/dd25d581ad7c3349090f2fa6a9adb6bfa287e6a5dd8a5216a092727cd8749034?s=96&d=mm&r=g","contentUrl":"https:\/\/secure.gravatar.com\/avatar\/dd25d581ad7c3349090f2fa6a9adb6bfa287e6a5dd8a5216a092727cd8749034?s=96&d=mm&r=g","caption":"Laurent Meunier"},"url":"https:\/\/janze-athletisme.fr\/wordpress\/author\/laurent-meunier35\/"}]}},"uagb_featured_image_src":{"full":["https:\/\/janze-athletisme.fr\/wordpress\/wp-content\/uploads\/2025\/02\/Equipe-Elites-F-2fev2025.jpg",1500,1500,false],"thumbnail":["https:\/\/janze-athletisme.fr\/wordpress\/wp-content\/uploads\/2025\/02\/Equipe-Elites-F-2fev2025-150x150.jpg",150,150,true],"medium":["https:\/\/janze-athletisme.fr\/wordpress\/wp-content\/uploads\/2025\/02\/Equipe-Elites-F-2fev2025-300x300.jpg",300,300,true],"medium_large":["https:\/\/janze-athletisme.fr\/wordpress\/wp-content\/uploads\/2025\/02\/Equipe-Elites-F-2fev2025-768x768.jpg",768,768,true],"large":["https:\/\/janze-athletisme.fr\/wordpress\/wp-content\/uploads\/2025\/02\/Equipe-Elites-F-2fev2025-1024x1024.jpg",1024,1024,true],"1536x1536":["https:\/\/janze-athletisme.fr\/wordpress\/wp-content\/uploads\/2025\/02\/Equipe-Elites-F-2fev2025.jpg",1500,1500,false],"2048x2048":["https:\/\/janze-athletisme.fr\/wordpress\/wp-content\/uploads\/2025\/02\/Equipe-Elites-F-2fev2025.jpg",1500,1500,false]},"uagb_author_info":{"display_name":"Laurent Meunier","author_link":"https:\/\/janze-athletisme.fr\/wordpress\/author\/laurent-meunier35\/"},"uagb_comment_info":0,"uagb_excerpt":"Championnat de Bretagne de cross-country, Brest, dimanche 2 f\u00e9vrier Masters Hommes L&rsquo;\u00e9quipe termine 27e sur 37 et arrache la derni\u00e8re place qualificative. Yes, bravo les gars ! C&rsquo;est une belle perf, qui permettra au club d&rsquo;avoir six Masters aux Pr\u00e9-France, dimanche \u00e0 Combourg. Avec une allure de feu devant (le vainqueur couvre les 8580m en\u2026","_links":{"self":[{"href":"https:\/\/janze-athletisme.fr\/wordpress\/wp-json\/wp\/v2\/posts\/23323","targetHints":{"allow":["GET"]}}],"collection":[{"href":"https:\/\/janze-athletisme.fr\/wordpress\/wp-json\/wp\/v2\/posts"}],"about":[{"href":"https:\/\/janze-athletisme.fr\/wordpress\/wp-json\/wp\/v2\/types\/post"}],"author":[{"embeddable":true,"href":"https:\/\/janze-athletisme.fr\/wordpress\/wp-json\/wp\/v2\/users\/12"}],"replies":[{"embeddable":true,"href":"https:\/\/janze-athletisme.fr\/wordpress\/wp-json\/wp\/v2\/comments?post=23323"}],"version-history":[{"count":9,"href":"https:\/\/janze-athletisme.fr\/wordpress\/wp-json\/wp\/v2\/posts\/23323\/revisions"}],"predecessor-version":[{"id":23344,"href":"https:\/\/janze-athletisme.fr\/wordpress\/wp-json\/wp\/v2\/posts\/23323\/revisions\/23344"}],"wp:featuredmedia":[{"embeddable":true,"href":"https:\/\/janze-athletisme.fr\/wordpress\/wp-json\/wp\/v2\/media\/23328"}],"wp:attachment":[{"href":"https:\/\/janze-athletisme.fr\/wordpress\/wp-json\/wp\/v2\/media?parent=23323"}],"wp:term":[{"taxonomy":"category","embeddable":true,"href":"https:\/\/janze-athletisme.fr\/wordpress\/wp-json\/wp\/v2\/categories?post=23323"},{"taxonomy":"post_tag","embeddable":true,"href":"https:\/\/janze-athletisme.fr\/wordpress\/wp-json\/wp\/v2\/tags?post=23323"}],"curies":[{"name":"wp","href":"https:\/\/api.w.org\/{rel}","templated":true}]}}