{"id":23316,"date":"2025-02-04T00:13:44","date_gmt":"2025-02-03T23:13:44","guid":{"rendered":"https:\/\/janze-athletisme.fr\/wordpress\/?p=23316"},"modified":"2025-02-04T09:53:31","modified_gmt":"2025-02-04T08:53:31","slug":"cross-bzh-les-resultats-complets-1-2","status":"publish","type":"post","link":"https:\/\/janze-athletisme.fr\/wordpress\/cross-bzh-les-resultats-complets-1-2\/","title":{"rendered":"Cross BZH : les r\u00e9sultats complets (1\/2)"},"content":{"rendered":"<p><span style=\"font-size: 18pt\"><strong>Championnat de Bretagne de cross-country, Brest, dimanche 2 f\u00e9vrier<\/strong><\/span><\/p>\n<p><span style=\"font-size: 14pt\"><strong>Benjamines<\/strong><\/span><\/p>\n<p>Comme aux D\u00e9partementaux, <strong>Cl\u00e9mentine<\/strong> Caillaud \u00e9tait notre seule repr\u00e9sentante EAC. Elle est encore loin au classement (113<sup>e<\/sup>\/146 class\u00e9es), mais visiblement a du plaisir \u00e0 faire du cross et a fini avec le sourire et de bonnes sensations. Bravo Clem, ce sont de tr\u00e8s bons d\u00e9buts !<\/p>\n<p><a href=\"https:\/\/janze-athletisme.fr\/wordpress\/wp-content\/uploads\/2025\/02\/Clementine-2fev2025.jpg\"><img loading=\"lazy\" decoding=\"async\" class=\"alignnone wp-image-23317\" src=\"https:\/\/janze-athletisme.fr\/wordpress\/wp-content\/uploads\/2025\/02\/Clementine-2fev2025-300x300.jpg\" alt=\"\" width=\"226\" height=\"226\" srcset=\"https:\/\/janze-athletisme.fr\/wordpress\/wp-content\/uploads\/2025\/02\/Clementine-2fev2025-300x300.jpg 300w, https:\/\/janze-athletisme.fr\/wordpress\/wp-content\/uploads\/2025\/02\/Clementine-2fev2025-1024x1024.jpg 1024w, https:\/\/janze-athletisme.fr\/wordpress\/wp-content\/uploads\/2025\/02\/Clementine-2fev2025-150x150.jpg 150w, https:\/\/janze-athletisme.fr\/wordpress\/wp-content\/uploads\/2025\/02\/Clementine-2fev2025-768x768.jpg 768w, https:\/\/janze-athletisme.fr\/wordpress\/wp-content\/uploads\/2025\/02\/Clementine-2fev2025.jpg 1200w\" sizes=\"auto, (max-width: 226px) 100vw, 226px\" \/><\/a><\/p>\n<p><span style=\"font-size: 14pt\"><strong>Benjamins<\/strong><\/span><\/p>\n<p><strong>Axel <\/strong>Herv\u00e9 avait fini 12<sup>e<\/sup> \u00e0 Foug\u00e8res et n&rsquo;\u00e9tait pas \u00e0 sa place. Cette fois, il a boss\u00e9 (et bien) et le voici de nouveau 12<sup>e<\/sup>, mais 5<sup>e<\/sup> du d\u00e9partement, ce qui est plus conforme \u00e0 ses (grosses) qualit\u00e9s. Il a le temps encore, mais ce jeune homme est un futur beau crossman. Le souci, si l&rsquo;on peut dire, c&rsquo;est qu&rsquo;il est bon partout, y compris en vitesse et sur les haies. Il a encore le temps de choisir, mais l&rsquo;heure du choix sera corn\u00e9lienne. L\u00e9o Letort (Cesson), belle graine de champion \u00e9galement, est 19<sup>e<\/sup>. C&rsquo;est dire le niveau de ces championnats chez les jeunes. Leur 3<sup>e<\/sup> comparse, Nolan Plantet (Cesson), est un tr\u00e8s bon 43<sup>e<\/sup> (sur 127 class\u00e9s). Des neuf pr\u00e9sents de Foug\u00e8res, il ne restait qu&rsquo;eux trois. Tous les autres avaient fait d\u00e9fection, soit malades, soient indisponibles. En minimes, l&rsquo;an prochain, ils auront une tr\u00e8s belle \u00e9quipe.<\/p>\n<p><a href=\"https:\/\/janze-athletisme.fr\/wordpress\/wp-content\/uploads\/2025\/02\/Equipe-BEM-2fev2025.jpg\"><img loading=\"lazy\" decoding=\"async\" class=\"alignnone wp-image-23318\" src=\"https:\/\/janze-athletisme.fr\/wordpress\/wp-content\/uploads\/2025\/02\/Equipe-BEM-2fev2025-300x300.jpg\" alt=\"\" width=\"223\" height=\"223\" srcset=\"https:\/\/janze-athletisme.fr\/wordpress\/wp-content\/uploads\/2025\/02\/Equipe-BEM-2fev2025-300x300.jpg 300w, https:\/\/janze-athletisme.fr\/wordpress\/wp-content\/uploads\/2025\/02\/Equipe-BEM-2fev2025-1024x1024.jpg 1024w, https:\/\/janze-athletisme.fr\/wordpress\/wp-content\/uploads\/2025\/02\/Equipe-BEM-2fev2025-150x150.jpg 150w, https:\/\/janze-athletisme.fr\/wordpress\/wp-content\/uploads\/2025\/02\/Equipe-BEM-2fev2025-768x768.jpg 768w, https:\/\/janze-athletisme.fr\/wordpress\/wp-content\/uploads\/2025\/02\/Equipe-BEM-2fev2025.jpg 1200w\" sizes=\"auto, (max-width: 223px) 100vw, 223px\" \/><\/a><\/p>\n<p><span style=\"font-size: 14pt\"><strong>Minimes filles<\/strong><\/span><\/p>\n<p>Rose Mah\u00e9 (Bain) a suivi l&rsquo;exemple d&rsquo;Axel : 4<sup>e<\/sup> \u00e0 Foug\u00e8res, elle est encore 4<sup>e<\/sup> \u00e0 Brest, mais cette fois 1<sup>\u00e8re<\/sup> du d\u00e9partement. Grosse course, assez prudente au d\u00e9but, mais mordante \u00e0 la fin, avec un finish somptueux. Elle est notre premi\u00e8re qualifi\u00e9e pour les France, s\u00e9lectionn\u00e9e avec l&rsquo;\u00e9quipe de la Ligue pour Challans le 2 mars prochain. Et elle n&rsquo;est encore que minime 1, on oublie toujours de le pr\u00e9ciser. <strong>Rose<\/strong> Meyer-Blanchot progresse \u00e9galement, m\u00eame si cette fois elle s&rsquo;est un peu brul\u00e9e les ailes \u00e0 vouloir suivre le rythme endiabl\u00e9 de sa co\u00e9quipi\u00e8re. 10<sup>e<\/sup> \u00e0 Foug\u00e8res, elle est 17<sup>e<\/sup> cette fois. Mais elle apprend, et vite, c&rsquo;est bien. Toutes les deux seront \u00e0 Combourg avec la s\u00e9lection 35.<\/p>\n<p>Un peu plus loin, Ad\u00e8le Diraison (Cesson), malade dans la semaine et \u00e0 peine convalescente, et <strong>Nina <\/strong>Rocher, d\u00e9butante \u00e0 ce niveau, ont fait une belle course d&rsquo;\u00e9quipe, tr\u00e8s solide, et se classent 73 et 76<sup>e<\/sup> (sur 185 class\u00e9es !) L&rsquo;\u00e9quipe est 9<sup>e<\/sup> sur 27, \u00e0 17 points des 6<sup>e<\/sup>. C&rsquo;est un tr\u00e8s beau r\u00e9sultat d&rsquo;ensemble. Elles \u00e9taient 3<sup>e<\/sup> \u00e0 Foug\u00e8res : elles sont cette fois 4<sup>e<\/sup> du d\u00e9partement. \u00c7a reste tr\u00e8s bien et promesse d&rsquo;avenir. Nina, un peu anxieuse en amont du cross, a visiblement bien g\u00e9r\u00e9 et finalement ador\u00e9 l&rsquo;exp\u00e9rience.<\/p>\n<p><a href=\"https:\/\/janze-athletisme.fr\/wordpress\/wp-content\/uploads\/2025\/02\/Equipe-MIF-2fev2025.jpg\"><img loading=\"lazy\" decoding=\"async\" class=\"alignnone wp-image-23319\" src=\"https:\/\/janze-athletisme.fr\/wordpress\/wp-content\/uploads\/2025\/02\/Equipe-MIF-2fev2025-300x300.jpg\" alt=\"\" width=\"225\" height=\"225\" srcset=\"https:\/\/janze-athletisme.fr\/wordpress\/wp-content\/uploads\/2025\/02\/Equipe-MIF-2fev2025-300x300.jpg 300w, https:\/\/janze-athletisme.fr\/wordpress\/wp-content\/uploads\/2025\/02\/Equipe-MIF-2fev2025-1024x1024.jpg 1024w, https:\/\/janze-athletisme.fr\/wordpress\/wp-content\/uploads\/2025\/02\/Equipe-MIF-2fev2025-150x150.jpg 150w, https:\/\/janze-athletisme.fr\/wordpress\/wp-content\/uploads\/2025\/02\/Equipe-MIF-2fev2025-768x768.jpg 768w, https:\/\/janze-athletisme.fr\/wordpress\/wp-content\/uploads\/2025\/02\/Equipe-MIF-2fev2025.jpg 1500w\" sizes=\"auto, (max-width: 225px) 100vw, 225px\" \/><\/a><\/p>\n<p><span style=\"font-size: 14pt\"><strong>Cadettes<\/strong><\/span><\/p>\n<p>On les attendait, nos cadettes, et elles avaient envie de bien faire. Pour l&rsquo;EAC, c&rsquo;\u00e9tait LA chance du jour par \u00e9quipes. 3<sup>e<\/sup> r\u00e9gionales il y a deux ans, elles r\u00eavaient \u00e0 un nouveau podium collectif, apr\u00e8s la 2<sup>e<\/sup> place des D\u00e9partementaux. H\u00e9las, la pression \u00e9tait peut-\u00eatre un peu forte, et le rendez-vous, dans ce contexte redoutablement \u00e9lev\u00e9, est manqu\u00e9. Elles sont d&rsquo;excellentes 6<sup>e<\/sup> (sur 15), mais le Stade Rennais, 3<sup>e<\/sup> \u00e0 Foug\u00e8res, est cette fois 2<sup>e<\/sup>, et le HBA, vainqueur il y a trois semaines, 3<sup>e<\/sup>. Elles sont toujours sur le podium d\u00e9partemental (3<sup>e<\/sup>) mais un peu loin, et la perspective d&rsquo;une qualification aux France par \u00e9quipe devient illusoire (quatre \u00e9quipes seulement seront qualifi\u00e9es \u00e0 Combourg).<\/p>\n<p>Individuellement, <strong>L\u00e9a <\/strong>Robert (32<sup>e<\/sup>) n&rsquo;est pas \u00e0 son niveau. Il lui manque quasiment une minute pour \u00eatre \u00e0 la bagarre avec ses adversaires habituelles. Allez L\u00e9a, rien n&rsquo;est perdu, on y croit, on travaille cette semaine et on se concentre bien pour dimanche. Les autres filles sont \u00e0 peu pr\u00e8s \u00e0 leur niveau actuel : <strong>Faustine <\/strong>Louaisil, en progr\u00e8s (40<sup>e<\/sup>), sa s\u0153ur <strong>Bertille<\/strong> 44<sup>e<\/sup>, et <strong>Louna<\/strong> Perrin, 58<sup>e<\/sup>. <strong>Camille<\/strong> Danet, malade, a souffert (117<sup>e<\/sup>), mais a \u00e9t\u00e9 support\u00e9 par ses co\u00e9quipi\u00e8res, <strong>Lucie<\/strong> Gadby (118<sup>e<\/sup>) et Juliette Sutter (Cesson \/ 119<sup>e<\/sup>). Belle course d&rsquo;\u00e9quipe, les filles, bravo ! <strong>Jeanne <\/strong>Richard, 129<sup>e<\/sup>, arrache la derni\u00e8re place qualificative individuelle, et <strong>Manon<\/strong> Guiot h\u00e9las ne sera pas du voyage \u00e0 Combourg (135<sup>e<\/sup>\/144 class\u00e9es), en d\u00e9pit d&rsquo;un beau travail depuis d\u00e9but d\u00e9cembre. On y croit, Manon, les progr\u00e8s sont sensibles !<\/p>\n<p><a href=\"https:\/\/janze-athletisme.fr\/wordpress\/wp-content\/uploads\/2025\/02\/Equipe-CAF-2fev2025.jpg\"><img loading=\"lazy\" decoding=\"async\" class=\"alignnone  wp-image-23320\" src=\"https:\/\/janze-athletisme.fr\/wordpress\/wp-content\/uploads\/2025\/02\/Equipe-CAF-2fev2025-300x200.jpg\" alt=\"\" width=\"450\" height=\"300\" srcset=\"https:\/\/janze-athletisme.fr\/wordpress\/wp-content\/uploads\/2025\/02\/Equipe-CAF-2fev2025-300x200.jpg 300w, https:\/\/janze-athletisme.fr\/wordpress\/wp-content\/uploads\/2025\/02\/Equipe-CAF-2fev2025-1024x683.jpg 1024w, https:\/\/janze-athletisme.fr\/wordpress\/wp-content\/uploads\/2025\/02\/Equipe-CAF-2fev2025-768x512.jpg 768w, https:\/\/janze-athletisme.fr\/wordpress\/wp-content\/uploads\/2025\/02\/Equipe-CAF-2fev2025-1536x1024.jpg 1536w, https:\/\/janze-athletisme.fr\/wordpress\/wp-content\/uploads\/2025\/02\/Equipe-CAF-2fev2025.jpg 1800w\" sizes=\"auto, (max-width: 450px) 100vw, 450px\" \/><\/a><\/p>\n<p><span style=\"font-size: 14pt\"><strong>Minimes gar\u00e7ons<\/strong><\/span><\/p>\n<p><strong>Gabin<\/strong> Roussel et<strong> Paul<\/strong> Bourgault d\u00e9couvrent cet hiver le haut niveau. Ils ont de tr\u00e8s belles qualit\u00e9s tous les deux, mais le niveau breton \u00e9tant ce qu&rsquo;il est, c&rsquo;est encore difficile. Gabin est 33<sup>e<\/sup> et Paul 48<sup>e<\/sup>. 14 et 19<sup>e<\/sup> du d\u00e9partement, ils sont \u00e0 leur niveau de Foug\u00e8res (13 et 22<sup>e<\/sup>) et seront du voyage \u00e0 Combourg avec la s\u00e9lection 35. <strong>Lucas<\/strong> Guiheux et <strong>Kelyan<\/strong> Rooy ont fait la course ensemble (110 et 111<sup>e<\/sup>), mais Lucas, malade dans la semaine, esp\u00e9rait mieux, au vu de sa course de Foug\u00e8res (excellent 37<sup>e<\/sup>). Idem pour <strong>Thibault<\/strong> Philippe-Passot, tr\u00e8s bon 48<sup>e<\/sup> il y a trois semaines, mais ici un peu en manque de bonnes s\u00e9ances (118<sup>e<\/sup>). <strong>Mathys<\/strong> Riot est 131<sup>e<\/sup> et s&rsquo;est bien battu, avec courage. Quant \u00e0 <strong>Arthur <\/strong>Boucard, il d\u00e9bute cet hiver en cross et apprend encore&#8230; Ici, il a souffert et ferme le ban, mais toujours avec le sourire (143<sup>e <\/sup>\/143). \u00c7&rsquo;est bien, Arthur, et \u00e7a va venir, ne t&rsquo;en fais pas !<\/p>\n<p><strong>Sayhann<\/strong> Ksouda-Lain\u00e9 et <strong>Wyssem<\/strong> Le Gallic-Habibi, bless\u00e9s, ont manqu\u00e9 \u00e0 l&rsquo;\u00e9quipe, qui finit 13<sup>e<\/sup> sur 16 class\u00e9es. Une pens\u00e9e aussi pour <strong>Alban<\/strong> Cantin, qualifi\u00e9 mais malade dans la semaine et oblig\u00e9 de d\u00e9clarer forfait.<\/p>\n<p><a href=\"https:\/\/janze-athletisme.fr\/wordpress\/wp-content\/uploads\/2025\/02\/Equipe-MIM-2fev2025.jpg\"><img loading=\"lazy\" decoding=\"async\" class=\"alignnone  wp-image-23321\" src=\"https:\/\/janze-athletisme.fr\/wordpress\/wp-content\/uploads\/2025\/02\/Equipe-MIM-2fev2025-300x200.jpg\" alt=\"\" width=\"384\" height=\"256\" srcset=\"https:\/\/janze-athletisme.fr\/wordpress\/wp-content\/uploads\/2025\/02\/Equipe-MIM-2fev2025-300x200.jpg 300w, https:\/\/janze-athletisme.fr\/wordpress\/wp-content\/uploads\/2025\/02\/Equipe-MIM-2fev2025-1024x683.jpg 1024w, https:\/\/janze-athletisme.fr\/wordpress\/wp-content\/uploads\/2025\/02\/Equipe-MIM-2fev2025-768x512.jpg 768w, https:\/\/janze-athletisme.fr\/wordpress\/wp-content\/uploads\/2025\/02\/Equipe-MIM-2fev2025-1536x1024.jpg 1536w, https:\/\/janze-athletisme.fr\/wordpress\/wp-content\/uploads\/2025\/02\/Equipe-MIM-2fev2025.jpg 1800w\" sizes=\"auto, (max-width: 384px) 100vw, 384px\" \/><\/a><\/p>\n","protected":false},"excerpt":{"rendered":"<p>Championnat de Bretagne de cross-country, Brest, dimanche 2 f\u00e9vrier Benjamines Comme aux D\u00e9partementaux, Cl\u00e9mentine Caillaud \u00e9tait notre seule repr\u00e9sentante EAC. Elle est encore loin au classement (113e\/146 class\u00e9es), mais visiblement a du plaisir \u00e0 faire du cross et a fini avec le sourire et de bonnes sensations. Bravo Clem, ce sont de tr\u00e8s bons d\u00e9buts [&hellip;]<\/p>\n","protected":false},"author":12,"featured_media":23318,"comment_status":"open","ping_status":"open","sticky":false,"template":"","format":"aside","meta":{"_uag_custom_page_level_css":"","site-sidebar-layout":"default","site-content-layout":"","ast-site-content-layout":"default","site-content-style":"default","site-sidebar-style":"default","ast-global-header-display":"","ast-banner-title-visibility":"","ast-main-header-display":"","ast-hfb-above-header-display":"","ast-hfb-below-header-display":"","ast-hfb-mobile-header-display":"","site-post-title":"","ast-breadcrumbs-content":"","ast-featured-img":"","footer-sml-layout":"","ast-disable-related-posts":"","theme-transparent-header-meta":"default","adv-header-id-meta":"","stick-header-meta":"","header-above-stick-meta":"","header-main-stick-meta":"","header-below-stick-meta":"","astra-migrate-meta-layouts":"set","ast-page-background-enabled":"default","ast-page-background-meta":{"desktop":{"background-color":"var(--ast-global-color-4)","background-image":"","background-repeat":"repeat","background-position":"center center","background-size":"auto","background-attachment":"scroll","background-type":"","background-media":"","overlay-type":"","overlay-color":"","overlay-opacity":"","overlay-gradient":""},"tablet":{"background-color":"","background-image":"","background-repeat":"repeat","background-position":"center center","background-size":"auto","background-attachment":"scroll","background-type":"","background-media":"","overlay-type":"","overlay-color":"","overlay-opacity":"","overlay-gradient":""},"mobile":{"background-color":"","background-image":"","background-repeat":"repeat","background-position":"center center","background-size":"auto","background-attachment":"scroll","background-type":"","background-media":"","overlay-type":"","overlay-color":"","overlay-opacity":"","overlay-gradient":""}},"ast-content-background-meta":{"desktop":{"background-color":"var(--ast-global-color-5)","background-image":"","background-repeat":"repeat","background-position":"center center","background-size":"auto","background-attachment":"scroll","background-type":"","background-media":"","overlay-type":"","overlay-color":"","overlay-opacity":"","overlay-gradient":""},"tablet":{"background-color":"var(--ast-global-color-5)","background-image":"","background-repeat":"repeat","background-position":"center center","background-size":"auto","background-attachment":"scroll","background-type":"","background-media":"","overlay-type":"","overlay-color":"","overlay-opacity":"","overlay-gradient":""},"mobile":{"background-color":"var(--ast-global-color-5)","background-image":"","background-repeat":"repeat","background-position":"center center","background-size":"auto","background-attachment":"scroll","background-type":"","background-media":"","overlay-type":"","overlay-color":"","overlay-opacity":"","overlay-gradient":""}},"footnotes":""},"categories":[6],"tags":[],"class_list":["post-23316","post","type-post","status-publish","format-aside","has-post-thumbnail","hentry","category-sections","post_format-post-format-aside"],"yoast_head":"<!-- This site is optimized with the Yoast SEO plugin v27.5 - https:\/\/yoast.com\/product\/yoast-seo-wordpress\/ -->\n<title>Cross BZH : les r\u00e9sultats complets (1\/2) - Janz\u00e9 Athl\u00e9tisme<\/title>\n<meta name=\"robots\" content=\"index, follow, max-snippet:-1, max-image-preview:large, max-video-preview:-1\" \/>\n<link rel=\"canonical\" href=\"https:\/\/janze-athletisme.fr\/wordpress\/cross-bzh-les-resultats-complets-1-2\/\" \/>\n<meta property=\"og:locale\" content=\"fr_FR\" \/>\n<meta property=\"og:type\" content=\"article\" \/>\n<meta property=\"og:title\" content=\"Cross BZH : les r\u00e9sultats complets (1\/2) - Janz\u00e9 Athl\u00e9tisme\" \/>\n<meta property=\"og:description\" content=\"Championnat de Bretagne de cross-country, Brest, dimanche 2 f\u00e9vrier Benjamines Comme aux D\u00e9partementaux, Cl\u00e9mentine Caillaud \u00e9tait notre seule repr\u00e9sentante EAC. Elle est encore loin au classement (113e\/146 class\u00e9es), mais visiblement a du plaisir \u00e0 faire du cross et a fini avec le sourire et de bonnes sensations. Bravo Clem, ce sont de tr\u00e8s bons d\u00e9buts [&hellip;]\" \/>\n<meta property=\"og:url\" content=\"https:\/\/janze-athletisme.fr\/wordpress\/cross-bzh-les-resultats-complets-1-2\/\" \/>\n<meta property=\"og:site_name\" content=\"Janz\u00e9 Athl\u00e9tisme\" \/>\n<meta property=\"article:publisher\" content=\"https:\/\/www.facebook.com\/groups\/1007964579346590\" \/>\n<meta property=\"article:published_time\" content=\"2025-02-03T23:13:44+00:00\" \/>\n<meta property=\"article:modified_time\" content=\"2025-02-04T08:53:31+00:00\" \/>\n<meta property=\"og:image\" content=\"https:\/\/janze-athletisme.fr\/wordpress\/wp-content\/uploads\/2025\/02\/Equipe-BEM-2fev2025.jpg\" \/>\n\t<meta property=\"og:image:width\" content=\"1200\" \/>\n\t<meta property=\"og:image:height\" content=\"1200\" \/>\n\t<meta property=\"og:image:type\" content=\"image\/jpeg\" \/>\n<meta name=\"author\" content=\"Laurent Meunier\" \/>\n<meta name=\"twitter:card\" content=\"summary_large_image\" \/>\n<meta name=\"twitter:label1\" content=\"\u00c9crit par\" \/>\n\t<meta name=\"twitter:data1\" content=\"Laurent Meunier\" \/>\n\t<meta name=\"twitter:label2\" content=\"Dur\u00e9e de lecture estim\u00e9e\" \/>\n\t<meta name=\"twitter:data2\" content=\"6 minutes\" \/>\n<script type=\"application\/ld+json\" class=\"yoast-schema-graph\">{\"@context\":\"https:\\\/\\\/schema.org\",\"@graph\":[{\"@type\":\"Article\",\"@id\":\"https:\\\/\\\/janze-athletisme.fr\\\/wordpress\\\/cross-bzh-les-resultats-complets-1-2\\\/#article\",\"isPartOf\":{\"@id\":\"https:\\\/\\\/janze-athletisme.fr\\\/wordpress\\\/cross-bzh-les-resultats-complets-1-2\\\/\"},\"author\":{\"name\":\"Laurent Meunier\",\"@id\":\"https:\\\/\\\/janze-athletisme.fr\\\/wordpress\\\/#\\\/schema\\\/person\\\/c7b063dcfa6234c041d4d9b26cc2ea03\"},\"headline\":\"Cross BZH : les r\u00e9sultats complets (1\\\/2)\",\"datePublished\":\"2025-02-03T23:13:44+00:00\",\"dateModified\":\"2025-02-04T08:53:31+00:00\",\"mainEntityOfPage\":{\"@id\":\"https:\\\/\\\/janze-athletisme.fr\\\/wordpress\\\/cross-bzh-les-resultats-complets-1-2\\\/\"},\"wordCount\":943,\"commentCount\":0,\"publisher\":{\"@id\":\"https:\\\/\\\/janze-athletisme.fr\\\/wordpress\\\/#organization\"},\"image\":{\"@id\":\"https:\\\/\\\/janze-athletisme.fr\\\/wordpress\\\/cross-bzh-les-resultats-complets-1-2\\\/#primaryimage\"},\"thumbnailUrl\":\"https:\\\/\\\/janze-athletisme.fr\\\/wordpress\\\/wp-content\\\/uploads\\\/2025\\\/02\\\/Equipe-BEM-2fev2025.jpg\",\"articleSection\":[\"Le club au jour le jour\"],\"inLanguage\":\"fr-FR\",\"potentialAction\":[{\"@type\":\"CommentAction\",\"name\":\"Comment\",\"target\":[\"https:\\\/\\\/janze-athletisme.fr\\\/wordpress\\\/cross-bzh-les-resultats-complets-1-2\\\/#respond\"]}]},{\"@type\":\"WebPage\",\"@id\":\"https:\\\/\\\/janze-athletisme.fr\\\/wordpress\\\/cross-bzh-les-resultats-complets-1-2\\\/\",\"url\":\"https:\\\/\\\/janze-athletisme.fr\\\/wordpress\\\/cross-bzh-les-resultats-complets-1-2\\\/\",\"name\":\"Cross BZH : les r\u00e9sultats complets (1\\\/2) - Janz\u00e9 Athl\u00e9tisme\",\"isPartOf\":{\"@id\":\"https:\\\/\\\/janze-athletisme.fr\\\/wordpress\\\/#website\"},\"primaryImageOfPage\":{\"@id\":\"https:\\\/\\\/janze-athletisme.fr\\\/wordpress\\\/cross-bzh-les-resultats-complets-1-2\\\/#primaryimage\"},\"image\":{\"@id\":\"https:\\\/\\\/janze-athletisme.fr\\\/wordpress\\\/cross-bzh-les-resultats-complets-1-2\\\/#primaryimage\"},\"thumbnailUrl\":\"https:\\\/\\\/janze-athletisme.fr\\\/wordpress\\\/wp-content\\\/uploads\\\/2025\\\/02\\\/Equipe-BEM-2fev2025.jpg\",\"datePublished\":\"2025-02-03T23:13:44+00:00\",\"dateModified\":\"2025-02-04T08:53:31+00:00\",\"breadcrumb\":{\"@id\":\"https:\\\/\\\/janze-athletisme.fr\\\/wordpress\\\/cross-bzh-les-resultats-complets-1-2\\\/#breadcrumb\"},\"inLanguage\":\"fr-FR\",\"potentialAction\":[{\"@type\":\"ReadAction\",\"target\":[\"https:\\\/\\\/janze-athletisme.fr\\\/wordpress\\\/cross-bzh-les-resultats-complets-1-2\\\/\"]}]},{\"@type\":\"ImageObject\",\"inLanguage\":\"fr-FR\",\"@id\":\"https:\\\/\\\/janze-athletisme.fr\\\/wordpress\\\/cross-bzh-les-resultats-complets-1-2\\\/#primaryimage\",\"url\":\"https:\\\/\\\/janze-athletisme.fr\\\/wordpress\\\/wp-content\\\/uploads\\\/2025\\\/02\\\/Equipe-BEM-2fev2025.jpg\",\"contentUrl\":\"https:\\\/\\\/janze-athletisme.fr\\\/wordpress\\\/wp-content\\\/uploads\\\/2025\\\/02\\\/Equipe-BEM-2fev2025.jpg\",\"width\":1200,\"height\":1200},{\"@type\":\"BreadcrumbList\",\"@id\":\"https:\\\/\\\/janze-athletisme.fr\\\/wordpress\\\/cross-bzh-les-resultats-complets-1-2\\\/#breadcrumb\",\"itemListElement\":[{\"@type\":\"ListItem\",\"position\":1,\"name\":\"Accueil\",\"item\":\"https:\\\/\\\/janze-athletisme.fr\\\/wordpress\\\/\"},{\"@type\":\"ListItem\",\"position\":2,\"name\":\"Cross BZH : les r\u00e9sultats complets (1\\\/2)\"}]},{\"@type\":\"WebSite\",\"@id\":\"https:\\\/\\\/janze-athletisme.fr\\\/wordpress\\\/#website\",\"url\":\"https:\\\/\\\/janze-athletisme.fr\\\/wordpress\\\/\",\"name\":\"Janz\u00e9 Athl\u00e9tisme\",\"description\":\"Pays de La Roche aux F\u00e9es\",\"publisher\":{\"@id\":\"https:\\\/\\\/janze-athletisme.fr\\\/wordpress\\\/#organization\"},\"potentialAction\":[{\"@type\":\"SearchAction\",\"target\":{\"@type\":\"EntryPoint\",\"urlTemplate\":\"https:\\\/\\\/janze-athletisme.fr\\\/wordpress\\\/?s={search_term_string}\"},\"query-input\":{\"@type\":\"PropertyValueSpecification\",\"valueRequired\":true,\"valueName\":\"search_term_string\"}}],\"inLanguage\":\"fr-FR\"},{\"@type\":\"Organization\",\"@id\":\"https:\\\/\\\/janze-athletisme.fr\\\/wordpress\\\/#organization\",\"name\":\"Janz\u00e9 Athl\u00e9tisme\",\"url\":\"https:\\\/\\\/janze-athletisme.fr\\\/wordpress\\\/\",\"logo\":{\"@type\":\"ImageObject\",\"inLanguage\":\"fr-FR\",\"@id\":\"https:\\\/\\\/janze-athletisme.fr\\\/wordpress\\\/#\\\/schema\\\/logo\\\/image\\\/\",\"url\":\"https:\\\/\\\/janze-athletisme.fr\\\/wordpress\\\/wp-content\\\/uploads\\\/2015\\\/03\\\/logo-full1.jpg\",\"contentUrl\":\"https:\\\/\\\/janze-athletisme.fr\\\/wordpress\\\/wp-content\\\/uploads\\\/2015\\\/03\\\/logo-full1.jpg\",\"width\":437,\"height\":205,\"caption\":\"Janz\u00e9 Athl\u00e9tisme\"},\"image\":{\"@id\":\"https:\\\/\\\/janze-athletisme.fr\\\/wordpress\\\/#\\\/schema\\\/logo\\\/image\\\/\"},\"sameAs\":[\"https:\\\/\\\/www.facebook.com\\\/groups\\\/1007964579346590\"]},{\"@type\":\"Person\",\"@id\":\"https:\\\/\\\/janze-athletisme.fr\\\/wordpress\\\/#\\\/schema\\\/person\\\/c7b063dcfa6234c041d4d9b26cc2ea03\",\"name\":\"Laurent Meunier\",\"image\":{\"@type\":\"ImageObject\",\"inLanguage\":\"fr-FR\",\"@id\":\"https:\\\/\\\/secure.gravatar.com\\\/avatar\\\/dd25d581ad7c3349090f2fa6a9adb6bfa287e6a5dd8a5216a092727cd8749034?s=96&d=mm&r=g\",\"url\":\"https:\\\/\\\/secure.gravatar.com\\\/avatar\\\/dd25d581ad7c3349090f2fa6a9adb6bfa287e6a5dd8a5216a092727cd8749034?s=96&d=mm&r=g\",\"contentUrl\":\"https:\\\/\\\/secure.gravatar.com\\\/avatar\\\/dd25d581ad7c3349090f2fa6a9adb6bfa287e6a5dd8a5216a092727cd8749034?s=96&d=mm&r=g\",\"caption\":\"Laurent Meunier\"},\"url\":\"https:\\\/\\\/janze-athletisme.fr\\\/wordpress\\\/author\\\/laurent-meunier35\\\/\"}]}<\/script>\n<!-- \/ Yoast SEO plugin. -->","yoast_head_json":{"title":"Cross BZH : les r\u00e9sultats complets (1\/2) - Janz\u00e9 Athl\u00e9tisme","robots":{"index":"index","follow":"follow","max-snippet":"max-snippet:-1","max-image-preview":"max-image-preview:large","max-video-preview":"max-video-preview:-1"},"canonical":"https:\/\/janze-athletisme.fr\/wordpress\/cross-bzh-les-resultats-complets-1-2\/","og_locale":"fr_FR","og_type":"article","og_title":"Cross BZH : les r\u00e9sultats complets (1\/2) - Janz\u00e9 Athl\u00e9tisme","og_description":"Championnat de Bretagne de cross-country, Brest, dimanche 2 f\u00e9vrier Benjamines Comme aux D\u00e9partementaux, Cl\u00e9mentine Caillaud \u00e9tait notre seule repr\u00e9sentante EAC. Elle est encore loin au classement (113e\/146 class\u00e9es), mais visiblement a du plaisir \u00e0 faire du cross et a fini avec le sourire et de bonnes sensations. Bravo Clem, ce sont de tr\u00e8s bons d\u00e9buts [&hellip;]","og_url":"https:\/\/janze-athletisme.fr\/wordpress\/cross-bzh-les-resultats-complets-1-2\/","og_site_name":"Janz\u00e9 Athl\u00e9tisme","article_publisher":"https:\/\/www.facebook.com\/groups\/1007964579346590","article_published_time":"2025-02-03T23:13:44+00:00","article_modified_time":"2025-02-04T08:53:31+00:00","og_image":[{"width":1200,"height":1200,"url":"https:\/\/janze-athletisme.fr\/wordpress\/wp-content\/uploads\/2025\/02\/Equipe-BEM-2fev2025.jpg","type":"image\/jpeg"}],"author":"Laurent Meunier","twitter_card":"summary_large_image","twitter_misc":{"\u00c9crit par":"Laurent Meunier","Dur\u00e9e de lecture estim\u00e9e":"6 minutes"},"schema":{"@context":"https:\/\/schema.org","@graph":[{"@type":"Article","@id":"https:\/\/janze-athletisme.fr\/wordpress\/cross-bzh-les-resultats-complets-1-2\/#article","isPartOf":{"@id":"https:\/\/janze-athletisme.fr\/wordpress\/cross-bzh-les-resultats-complets-1-2\/"},"author":{"name":"Laurent Meunier","@id":"https:\/\/janze-athletisme.fr\/wordpress\/#\/schema\/person\/c7b063dcfa6234c041d4d9b26cc2ea03"},"headline":"Cross BZH : les r\u00e9sultats complets (1\/2)","datePublished":"2025-02-03T23:13:44+00:00","dateModified":"2025-02-04T08:53:31+00:00","mainEntityOfPage":{"@id":"https:\/\/janze-athletisme.fr\/wordpress\/cross-bzh-les-resultats-complets-1-2\/"},"wordCount":943,"commentCount":0,"publisher":{"@id":"https:\/\/janze-athletisme.fr\/wordpress\/#organization"},"image":{"@id":"https:\/\/janze-athletisme.fr\/wordpress\/cross-bzh-les-resultats-complets-1-2\/#primaryimage"},"thumbnailUrl":"https:\/\/janze-athletisme.fr\/wordpress\/wp-content\/uploads\/2025\/02\/Equipe-BEM-2fev2025.jpg","articleSection":["Le club au jour le jour"],"inLanguage":"fr-FR","potentialAction":[{"@type":"CommentAction","name":"Comment","target":["https:\/\/janze-athletisme.fr\/wordpress\/cross-bzh-les-resultats-complets-1-2\/#respond"]}]},{"@type":"WebPage","@id":"https:\/\/janze-athletisme.fr\/wordpress\/cross-bzh-les-resultats-complets-1-2\/","url":"https:\/\/janze-athletisme.fr\/wordpress\/cross-bzh-les-resultats-complets-1-2\/","name":"Cross BZH : les r\u00e9sultats complets (1\/2) - Janz\u00e9 Athl\u00e9tisme","isPartOf":{"@id":"https:\/\/janze-athletisme.fr\/wordpress\/#website"},"primaryImageOfPage":{"@id":"https:\/\/janze-athletisme.fr\/wordpress\/cross-bzh-les-resultats-complets-1-2\/#primaryimage"},"image":{"@id":"https:\/\/janze-athletisme.fr\/wordpress\/cross-bzh-les-resultats-complets-1-2\/#primaryimage"},"thumbnailUrl":"https:\/\/janze-athletisme.fr\/wordpress\/wp-content\/uploads\/2025\/02\/Equipe-BEM-2fev2025.jpg","datePublished":"2025-02-03T23:13:44+00:00","dateModified":"2025-02-04T08:53:31+00:00","breadcrumb":{"@id":"https:\/\/janze-athletisme.fr\/wordpress\/cross-bzh-les-resultats-complets-1-2\/#breadcrumb"},"inLanguage":"fr-FR","potentialAction":[{"@type":"ReadAction","target":["https:\/\/janze-athletisme.fr\/wordpress\/cross-bzh-les-resultats-complets-1-2\/"]}]},{"@type":"ImageObject","inLanguage":"fr-FR","@id":"https:\/\/janze-athletisme.fr\/wordpress\/cross-bzh-les-resultats-complets-1-2\/#primaryimage","url":"https:\/\/janze-athletisme.fr\/wordpress\/wp-content\/uploads\/2025\/02\/Equipe-BEM-2fev2025.jpg","contentUrl":"https:\/\/janze-athletisme.fr\/wordpress\/wp-content\/uploads\/2025\/02\/Equipe-BEM-2fev2025.jpg","width":1200,"height":1200},{"@type":"BreadcrumbList","@id":"https:\/\/janze-athletisme.fr\/wordpress\/cross-bzh-les-resultats-complets-1-2\/#breadcrumb","itemListElement":[{"@type":"ListItem","position":1,"name":"Accueil","item":"https:\/\/janze-athletisme.fr\/wordpress\/"},{"@type":"ListItem","position":2,"name":"Cross BZH : les r\u00e9sultats complets (1\/2)"}]},{"@type":"WebSite","@id":"https:\/\/janze-athletisme.fr\/wordpress\/#website","url":"https:\/\/janze-athletisme.fr\/wordpress\/","name":"Janz\u00e9 Athl\u00e9tisme","description":"Pays de La Roche aux F\u00e9es","publisher":{"@id":"https:\/\/janze-athletisme.fr\/wordpress\/#organization"},"potentialAction":[{"@type":"SearchAction","target":{"@type":"EntryPoint","urlTemplate":"https:\/\/janze-athletisme.fr\/wordpress\/?s={search_term_string}"},"query-input":{"@type":"PropertyValueSpecification","valueRequired":true,"valueName":"search_term_string"}}],"inLanguage":"fr-FR"},{"@type":"Organization","@id":"https:\/\/janze-athletisme.fr\/wordpress\/#organization","name":"Janz\u00e9 Athl\u00e9tisme","url":"https:\/\/janze-athletisme.fr\/wordpress\/","logo":{"@type":"ImageObject","inLanguage":"fr-FR","@id":"https:\/\/janze-athletisme.fr\/wordpress\/#\/schema\/logo\/image\/","url":"https:\/\/janze-athletisme.fr\/wordpress\/wp-content\/uploads\/2015\/03\/logo-full1.jpg","contentUrl":"https:\/\/janze-athletisme.fr\/wordpress\/wp-content\/uploads\/2015\/03\/logo-full1.jpg","width":437,"height":205,"caption":"Janz\u00e9 Athl\u00e9tisme"},"image":{"@id":"https:\/\/janze-athletisme.fr\/wordpress\/#\/schema\/logo\/image\/"},"sameAs":["https:\/\/www.facebook.com\/groups\/1007964579346590"]},{"@type":"Person","@id":"https:\/\/janze-athletisme.fr\/wordpress\/#\/schema\/person\/c7b063dcfa6234c041d4d9b26cc2ea03","name":"Laurent Meunier","image":{"@type":"ImageObject","inLanguage":"fr-FR","@id":"https:\/\/secure.gravatar.com\/avatar\/dd25d581ad7c3349090f2fa6a9adb6bfa287e6a5dd8a5216a092727cd8749034?s=96&d=mm&r=g","url":"https:\/\/secure.gravatar.com\/avatar\/dd25d581ad7c3349090f2fa6a9adb6bfa287e6a5dd8a5216a092727cd8749034?s=96&d=mm&r=g","contentUrl":"https:\/\/secure.gravatar.com\/avatar\/dd25d581ad7c3349090f2fa6a9adb6bfa287e6a5dd8a5216a092727cd8749034?s=96&d=mm&r=g","caption":"Laurent Meunier"},"url":"https:\/\/janze-athletisme.fr\/wordpress\/author\/laurent-meunier35\/"}]}},"uagb_featured_image_src":{"full":["https:\/\/janze-athletisme.fr\/wordpress\/wp-content\/uploads\/2025\/02\/Equipe-BEM-2fev2025.jpg",1200,1200,false],"thumbnail":["https:\/\/janze-athletisme.fr\/wordpress\/wp-content\/uploads\/2025\/02\/Equipe-BEM-2fev2025-150x150.jpg",150,150,true],"medium":["https:\/\/janze-athletisme.fr\/wordpress\/wp-content\/uploads\/2025\/02\/Equipe-BEM-2fev2025-300x300.jpg",300,300,true],"medium_large":["https:\/\/janze-athletisme.fr\/wordpress\/wp-content\/uploads\/2025\/02\/Equipe-BEM-2fev2025-768x768.jpg",768,768,true],"large":["https:\/\/janze-athletisme.fr\/wordpress\/wp-content\/uploads\/2025\/02\/Equipe-BEM-2fev2025-1024x1024.jpg",1024,1024,true],"1536x1536":["https:\/\/janze-athletisme.fr\/wordpress\/wp-content\/uploads\/2025\/02\/Equipe-BEM-2fev2025.jpg",1200,1200,false],"2048x2048":["https:\/\/janze-athletisme.fr\/wordpress\/wp-content\/uploads\/2025\/02\/Equipe-BEM-2fev2025.jpg",1200,1200,false]},"uagb_author_info":{"display_name":"Laurent Meunier","author_link":"https:\/\/janze-athletisme.fr\/wordpress\/author\/laurent-meunier35\/"},"uagb_comment_info":0,"uagb_excerpt":"Championnat de Bretagne de cross-country, Brest, dimanche 2 f\u00e9vrier Benjamines Comme aux D\u00e9partementaux, Cl\u00e9mentine Caillaud \u00e9tait notre seule repr\u00e9sentante EAC. Elle est encore loin au classement (113e\/146 class\u00e9es), mais visiblement a du plaisir \u00e0 faire du cross et a fini avec le sourire et de bonnes sensations. Bravo Clem, ce sont de tr\u00e8s bons d\u00e9buts\u2026","_links":{"self":[{"href":"https:\/\/janze-athletisme.fr\/wordpress\/wp-json\/wp\/v2\/posts\/23316","targetHints":{"allow":["GET"]}}],"collection":[{"href":"https:\/\/janze-athletisme.fr\/wordpress\/wp-json\/wp\/v2\/posts"}],"about":[{"href":"https:\/\/janze-athletisme.fr\/wordpress\/wp-json\/wp\/v2\/types\/post"}],"author":[{"embeddable":true,"href":"https:\/\/janze-athletisme.fr\/wordpress\/wp-json\/wp\/v2\/users\/12"}],"replies":[{"embeddable":true,"href":"https:\/\/janze-athletisme.fr\/wordpress\/wp-json\/wp\/v2\/comments?post=23316"}],"version-history":[{"count":5,"href":"https:\/\/janze-athletisme.fr\/wordpress\/wp-json\/wp\/v2\/posts\/23316\/revisions"}],"predecessor-version":[{"id":23340,"href":"https:\/\/janze-athletisme.fr\/wordpress\/wp-json\/wp\/v2\/posts\/23316\/revisions\/23340"}],"wp:featuredmedia":[{"embeddable":true,"href":"https:\/\/janze-athletisme.fr\/wordpress\/wp-json\/wp\/v2\/media\/23318"}],"wp:attachment":[{"href":"https:\/\/janze-athletisme.fr\/wordpress\/wp-json\/wp\/v2\/media?parent=23316"}],"wp:term":[{"taxonomy":"category","embeddable":true,"href":"https:\/\/janze-athletisme.fr\/wordpress\/wp-json\/wp\/v2\/categories?post=23316"},{"taxonomy":"post_tag","embeddable":true,"href":"https:\/\/janze-athletisme.fr\/wordpress\/wp-json\/wp\/v2\/tags?post=23316"}],"curies":[{"name":"wp","href":"https:\/\/api.w.org\/{rel}","templated":true}]}}