{"id":23308,"date":"2025-02-04T21:45:53","date_gmt":"2025-02-04T20:45:53","guid":{"rendered":"https:\/\/janze-athletisme.fr\/wordpress\/?p=23308"},"modified":"2025-02-04T21:45:53","modified_gmt":"2025-02-04T20:45:53","slug":"bretagne-de-cross-a-brest-les-elites-les-masters-et-les-photos","status":"publish","type":"post","link":"https:\/\/janze-athletisme.fr\/wordpress\/bretagne-de-cross-a-brest-les-elites-les-masters-et-les-photos\/","title":{"rendered":"Bretagne de cross \u00e0 Brest: les Elites, les Masters et les photos !!!"},"content":{"rendered":"<h1 style=\"text-align: center;\"><span style=\"color: #800000; font-family: comic sans ms, sans-serif;\">Championnats de Bretagne de cross<\/span><\/h1>\n<p>&nbsp;<\/p>\n<p><span style=\"color: #000000;\">Focus sur les r\u00e9sultats des adultes, \u00e0 savoir de la cat\u00e9gorie Espoir \u00e0 Masters, filles et gar\u00e7ons avec des fortunes diverses. Miracle pour les Masters et une qualif in extr\u00e9mis par \u00e9quipe, ce qui n&rsquo;\u00e9tait pas act\u00e9 le jour m\u00eame. Micka\u00ebl Piquet, Julien Roussel, Micka\u00ebl Balluet et Samuel Bourgeon du BBA auront la chance de participer aux demi-finales contre les Normands \u00e0 Combourg dimanche prochain. Bravo les gars ! \u00e0 noter quand m\u00eame la tr\u00e8s belle course de Cyril, Denis et Jean-Marie qui se sont \u00ab\u00a0tir\u00e9 la bourre !\u00a0\u00bb pour finir quasiment ensemble. Belle bagarre qui permet \u00e0 nos deux licenci\u00e9s de Bain de compl\u00e9ter l&rsquo;\u00e9quipe en se qualifiant eux aussi pour les inters. De mon c\u00f4t\u00e9 d\u00e9\u00e7u bien s\u00fbr d&rsquo;\u00e9chouer une fois de plus pour quelques secondes mais content de la bonne entente entre nous trois, un magnifique souvenir. Bravo \u00e9galement \u00e0 Wilfrid qui malgr\u00e9 une blessure a tenu \u00e0 prendre le d\u00e9part mais la douleur \u00e9tait trop forte et poursuivre aurait pu \u00eatre d\u00e9l\u00e9t\u00e8re par la suite.<\/span><\/p>\n<p><span style=\"color: #000000;\">Dans la course f\u00e9minine, des fortunes diverses avec un d\u00e9part chaotique et la chute de Lou qui ne lui a pas permis de jouer les premiers r\u00f4les, elle fait malgr\u00e9 tout une superbe remont\u00e9e pour finir au coude \u00e0 coude avec Virginie. A noter que Lou ne s&rsquo;est pas m\u00e9nag\u00e9e non plus cette semaine avec une activit\u00e9 de pompier qui l&rsquo;a mis sur les rotules suite aux derni\u00e8res inondations. Respect ! une tr\u00e8s belle course \u00e9galement de Maryse qui apr\u00e8s un d\u00e9part canon a g\u00e9r\u00e9 son allure jusqu&rsquo;\u00e0 la fin pour terminer premi\u00e8re janz\u00e9enne. A noter la belle prestation de La\u00efs qui elle aussi a su tirer les enseignements des d\u00e9partementaux et a am\u00e9lior\u00e9 son classement apr\u00e8s une course courageuse et r\u00e9guli\u00e8re. La bonne nouvelle est leur qualification par \u00e9quipe m\u00eame s&rsquo;il est vrai que dans cette cat\u00e9gorie les qualifications sont \u00ab\u00a0larges !\u00a0\u00bb.<\/span><\/p>\n<p><span style=\"color: #000000;\">Chez les Elites hommes, un super Basile qui dans la continuit\u00e9 de sa magnifique perf&rsquo; sur les 10km de St Gr\u00e9goire, finit l\u00e0 o\u00f9 on l&rsquo;esp\u00e9rait ! coach Michel pouvait \u00eatre fier de son poulain, tremble Beno\u00eet Fanouill\u00e8res, tu va sentir prochainement le vent du boulet !!! pas de qualif&rsquo; par \u00e9quipe, on s&rsquo;en doutait mais l&rsquo;EAC a jou\u00e9 cr\u00e2nement sa chance. Seb Kerneis notre Cessonnais du jour (et le seul malheureusement en Elites) ira lui aussi \u00e0 Combourg. Ce sera pour l&rsquo;ann\u00e9e prochaine, esp\u00e9rons, pour Micka\u00ebl, Fred et Romain, sans oublier Pierre-Xavier du BBA. On les conna\u00eet, ce sont d&rsquo;excellents coureurs mais on vous l&rsquo;a dit et r\u00e9p\u00e9t\u00e9, le niveau du cross en Bretagne est tel que chaque participant est une mobylette ! bravo et f\u00e9licitations \u00e0 vous de vous \u00eatre confront\u00e9 \u00e0 la difficult\u00e9 !<\/span><\/p>\n<p><span style=\"color: #000000;\">RDV \u00e0 Combourg pour poursuivre l&rsquo;aventure. C&rsquo;est clair que le club a d&rsquo;autres ambitions et qu&rsquo;une qualification par \u00e9quipe aux championnats de France serait la bienvenue, il y a trop longtemps qu&rsquo;on n&rsquo;a pas connu \u00e7a malheureusement mais patience&#8230;on vous l&rsquo;a d\u00e9j\u00e0 r\u00e9p\u00e9t\u00e9, pas question de faire dans l&rsquo;autosatisfaction, il faut \u00eatre lucide et actuellement, nous ne sommes pas au niveau comparativement aux autres clubs de notre envergure. Promis, on va bosser encore plus dur, continuer \u00e0 faire en sorte que l&rsquo;EAC soit un club attractif qui peut permettre \u00e0 des athl\u00e8tes de haut niveau de s&rsquo;\u00e9panouir et progresser.<\/span><\/p>\n<p><span style=\"color: #000000;\">En attendant, vous pouvez retrouver l&rsquo;int\u00e9gralit\u00e9 des photos des d\u00e9partementaux et r\u00e9gionaux sur le lien suivant. Elles sont un peu m\u00e9lang\u00e9es mais pour vous rep\u00e9rer, fiez-vous aux dates.<\/span><\/p>\n<p><span style=\"color: #000000;\"> Merci au talentueux Beno\u00eet Robert pour les photos des Masters (on ne peut pas \u00eatre partout&#8230;):<\/span> <span style=\"font-size: 18pt;\"><strong><span style=\"color: #ff0000;\"><a style=\"color: #ff0000;\" href=\"https:\/\/drive.google.com\/drive\/folders\/1dd0ToCXJtAsqiD8eJ1QUj_sA0MsqOtzg?usp=sharing_eil&amp;ts=67877b3c\">CLIC<\/a><\/span><\/strong><\/span><\/p>\n<p><strong><span style=\"color: #000000;\"><span style=\"font-family: comic sans ms, sans-serif;\">Et pour rappel les r\u00e9sultats complets:\u00a0<span style=\"color: #ff0000; font-size: 24pt;\"><a style=\"color: #ff0000;\" href=\"https:\/\/bases.athle.fr\/asp.net\/liste.aspx?frmbase=resultats&amp;frmmode=1&amp;frmespace=0&amp;frmcompetition=301952&amp;frmepreuve=MASTERS+%2f+MAM\">Ici<\/a><\/span><\/span> <\/span><\/strong><\/p>\n<p>&nbsp;<\/p>\n","protected":false},"excerpt":{"rendered":"<p>Championnats de Bretagne de cross &nbsp; Focus sur les r\u00e9sultats des adultes, \u00e0 savoir de la cat\u00e9gorie Espoir \u00e0 Masters, filles et gar\u00e7ons avec des fortunes diverses. Miracle pour les Masters et une qualif in extr\u00e9mis par \u00e9quipe, ce qui n&rsquo;\u00e9tait pas act\u00e9 le jour m\u00eame. Micka\u00ebl Piquet, Julien Roussel, Micka\u00ebl Balluet et Samuel Bourgeon [&hellip;]<\/p>\n","protected":false},"author":8,"featured_media":23356,"comment_status":"open","ping_status":"open","sticky":false,"template":"","format":"aside","meta":{"_uag_custom_page_level_css":"","site-sidebar-layout":"default","site-content-layout":"","ast-site-content-layout":"default","site-content-style":"default","site-sidebar-style":"default","ast-global-header-display":"","ast-banner-title-visibility":"","ast-main-header-display":"","ast-hfb-above-header-display":"","ast-hfb-below-header-display":"","ast-hfb-mobile-header-display":"","site-post-title":"","ast-breadcrumbs-content":"","ast-featured-img":"","footer-sml-layout":"","ast-disable-related-posts":"","theme-transparent-header-meta":"default","adv-header-id-meta":"","stick-header-meta":"","header-above-stick-meta":"","header-main-stick-meta":"","header-below-stick-meta":"","astra-migrate-meta-layouts":"set","ast-page-background-enabled":"default","ast-page-background-meta":{"desktop":{"background-color":"var(--ast-global-color-4)","background-image":"","background-repeat":"repeat","background-position":"center center","background-size":"auto","background-attachment":"scroll","background-type":"","background-media":"","overlay-type":"","overlay-color":"","overlay-opacity":"","overlay-gradient":""},"tablet":{"background-color":"","background-image":"","background-repeat":"repeat","background-position":"center center","background-size":"auto","background-attachment":"scroll","background-type":"","background-media":"","overlay-type":"","overlay-color":"","overlay-opacity":"","overlay-gradient":""},"mobile":{"background-color":"","background-image":"","background-repeat":"repeat","background-position":"center center","background-size":"auto","background-attachment":"scroll","background-type":"","background-media":"","overlay-type":"","overlay-color":"","overlay-opacity":"","overlay-gradient":""}},"ast-content-background-meta":{"desktop":{"background-color":"var(--ast-global-color-5)","background-image":"","background-repeat":"repeat","background-position":"center center","background-size":"auto","background-attachment":"scroll","background-type":"","background-media":"","overlay-type":"","overlay-color":"","overlay-opacity":"","overlay-gradient":""},"tablet":{"background-color":"var(--ast-global-color-5)","background-image":"","background-repeat":"repeat","background-position":"center center","background-size":"auto","background-attachment":"scroll","background-type":"","background-media":"","overlay-type":"","overlay-color":"","overlay-opacity":"","overlay-gradient":""},"mobile":{"background-color":"var(--ast-global-color-5)","background-image":"","background-repeat":"repeat","background-position":"center center","background-size":"auto","background-attachment":"scroll","background-type":"","background-media":"","overlay-type":"","overlay-color":"","overlay-opacity":"","overlay-gradient":""}},"footnotes":""},"categories":[6],"tags":[],"class_list":["post-23308","post","type-post","status-publish","format-aside","has-post-thumbnail","hentry","category-sections","post_format-post-format-aside"],"yoast_head":"<!-- This site is optimized with the Yoast SEO plugin v27.5 - https:\/\/yoast.com\/product\/yoast-seo-wordpress\/ -->\n<title>Bretagne de cross \u00e0 Brest: les Elites, les Masters et les photos !!! - Janz\u00e9 Athl\u00e9tisme<\/title>\n<meta name=\"robots\" content=\"index, follow, max-snippet:-1, max-image-preview:large, max-video-preview:-1\" \/>\n<link rel=\"canonical\" href=\"https:\/\/janze-athletisme.fr\/wordpress\/bretagne-de-cross-a-brest-les-elites-les-masters-et-les-photos\/\" \/>\n<meta property=\"og:locale\" content=\"fr_FR\" \/>\n<meta property=\"og:type\" content=\"article\" \/>\n<meta property=\"og:title\" content=\"Bretagne de cross \u00e0 Brest: les Elites, les Masters et les photos !!! - Janz\u00e9 Athl\u00e9tisme\" \/>\n<meta property=\"og:description\" content=\"Championnats de Bretagne de cross &nbsp; Focus sur les r\u00e9sultats des adultes, \u00e0 savoir de la cat\u00e9gorie Espoir \u00e0 Masters, filles et gar\u00e7ons avec des fortunes diverses. Miracle pour les Masters et une qualif in extr\u00e9mis par \u00e9quipe, ce qui n&rsquo;\u00e9tait pas act\u00e9 le jour m\u00eame. Micka\u00ebl Piquet, Julien Roussel, Micka\u00ebl Balluet et Samuel Bourgeon [&hellip;]\" \/>\n<meta property=\"og:url\" content=\"https:\/\/janze-athletisme.fr\/wordpress\/bretagne-de-cross-a-brest-les-elites-les-masters-et-les-photos\/\" \/>\n<meta property=\"og:site_name\" content=\"Janz\u00e9 Athl\u00e9tisme\" \/>\n<meta property=\"article:publisher\" content=\"https:\/\/www.facebook.com\/groups\/1007964579346590\" \/>\n<meta property=\"article:published_time\" content=\"2025-02-04T20:45:53+00:00\" \/>\n<meta property=\"og:image\" content=\"https:\/\/janze-athletisme.fr\/wordpress\/wp-content\/uploads\/2025\/02\/Sans-titre-3.jpg\" \/>\n\t<meta property=\"og:image:width\" content=\"300\" \/>\n\t<meta property=\"og:image:height\" content=\"168\" \/>\n\t<meta property=\"og:image:type\" content=\"image\/jpeg\" \/>\n<meta name=\"author\" content=\"Jean-Marie Jouzel\" \/>\n<meta name=\"twitter:card\" content=\"summary_large_image\" \/>\n<meta name=\"twitter:label1\" content=\"\u00c9crit par\" \/>\n\t<meta name=\"twitter:data1\" content=\"Jean-Marie Jouzel\" \/>\n\t<meta name=\"twitter:label2\" content=\"Dur\u00e9e de lecture estim\u00e9e\" \/>\n\t<meta name=\"twitter:data2\" content=\"4 minutes\" \/>\n<script type=\"application\/ld+json\" class=\"yoast-schema-graph\">{\"@context\":\"https:\\\/\\\/schema.org\",\"@graph\":[{\"@type\":\"Article\",\"@id\":\"https:\\\/\\\/janze-athletisme.fr\\\/wordpress\\\/bretagne-de-cross-a-brest-les-elites-les-masters-et-les-photos\\\/#article\",\"isPartOf\":{\"@id\":\"https:\\\/\\\/janze-athletisme.fr\\\/wordpress\\\/bretagne-de-cross-a-brest-les-elites-les-masters-et-les-photos\\\/\"},\"author\":{\"name\":\"Jean-Marie Jouzel\",\"@id\":\"https:\\\/\\\/janze-athletisme.fr\\\/wordpress\\\/#\\\/schema\\\/person\\\/e27efa3d49687b81c679eb0b5c4973e9\"},\"headline\":\"Bretagne de cross \u00e0 Brest: les Elites, les Masters et les photos !!!\",\"datePublished\":\"2025-02-04T20:45:53+00:00\",\"mainEntityOfPage\":{\"@id\":\"https:\\\/\\\/janze-athletisme.fr\\\/wordpress\\\/bretagne-de-cross-a-brest-les-elites-les-masters-et-les-photos\\\/\"},\"wordCount\":683,\"commentCount\":0,\"publisher\":{\"@id\":\"https:\\\/\\\/janze-athletisme.fr\\\/wordpress\\\/#organization\"},\"image\":{\"@id\":\"https:\\\/\\\/janze-athletisme.fr\\\/wordpress\\\/bretagne-de-cross-a-brest-les-elites-les-masters-et-les-photos\\\/#primaryimage\"},\"thumbnailUrl\":\"https:\\\/\\\/janze-athletisme.fr\\\/wordpress\\\/wp-content\\\/uploads\\\/2025\\\/02\\\/Sans-titre-3.jpg\",\"articleSection\":[\"Le club au jour le jour\"],\"inLanguage\":\"fr-FR\",\"potentialAction\":[{\"@type\":\"CommentAction\",\"name\":\"Comment\",\"target\":[\"https:\\\/\\\/janze-athletisme.fr\\\/wordpress\\\/bretagne-de-cross-a-brest-les-elites-les-masters-et-les-photos\\\/#respond\"]}]},{\"@type\":\"WebPage\",\"@id\":\"https:\\\/\\\/janze-athletisme.fr\\\/wordpress\\\/bretagne-de-cross-a-brest-les-elites-les-masters-et-les-photos\\\/\",\"url\":\"https:\\\/\\\/janze-athletisme.fr\\\/wordpress\\\/bretagne-de-cross-a-brest-les-elites-les-masters-et-les-photos\\\/\",\"name\":\"Bretagne de cross \u00e0 Brest: les Elites, les Masters et les photos !!! - Janz\u00e9 Athl\u00e9tisme\",\"isPartOf\":{\"@id\":\"https:\\\/\\\/janze-athletisme.fr\\\/wordpress\\\/#website\"},\"primaryImageOfPage\":{\"@id\":\"https:\\\/\\\/janze-athletisme.fr\\\/wordpress\\\/bretagne-de-cross-a-brest-les-elites-les-masters-et-les-photos\\\/#primaryimage\"},\"image\":{\"@id\":\"https:\\\/\\\/janze-athletisme.fr\\\/wordpress\\\/bretagne-de-cross-a-brest-les-elites-les-masters-et-les-photos\\\/#primaryimage\"},\"thumbnailUrl\":\"https:\\\/\\\/janze-athletisme.fr\\\/wordpress\\\/wp-content\\\/uploads\\\/2025\\\/02\\\/Sans-titre-3.jpg\",\"datePublished\":\"2025-02-04T20:45:53+00:00\",\"breadcrumb\":{\"@id\":\"https:\\\/\\\/janze-athletisme.fr\\\/wordpress\\\/bretagne-de-cross-a-brest-les-elites-les-masters-et-les-photos\\\/#breadcrumb\"},\"inLanguage\":\"fr-FR\",\"potentialAction\":[{\"@type\":\"ReadAction\",\"target\":[\"https:\\\/\\\/janze-athletisme.fr\\\/wordpress\\\/bretagne-de-cross-a-brest-les-elites-les-masters-et-les-photos\\\/\"]}]},{\"@type\":\"ImageObject\",\"inLanguage\":\"fr-FR\",\"@id\":\"https:\\\/\\\/janze-athletisme.fr\\\/wordpress\\\/bretagne-de-cross-a-brest-les-elites-les-masters-et-les-photos\\\/#primaryimage\",\"url\":\"https:\\\/\\\/janze-athletisme.fr\\\/wordpress\\\/wp-content\\\/uploads\\\/2025\\\/02\\\/Sans-titre-3.jpg\",\"contentUrl\":\"https:\\\/\\\/janze-athletisme.fr\\\/wordpress\\\/wp-content\\\/uploads\\\/2025\\\/02\\\/Sans-titre-3.jpg\",\"width\":300,\"height\":168},{\"@type\":\"BreadcrumbList\",\"@id\":\"https:\\\/\\\/janze-athletisme.fr\\\/wordpress\\\/bretagne-de-cross-a-brest-les-elites-les-masters-et-les-photos\\\/#breadcrumb\",\"itemListElement\":[{\"@type\":\"ListItem\",\"position\":1,\"name\":\"Accueil\",\"item\":\"https:\\\/\\\/janze-athletisme.fr\\\/wordpress\\\/\"},{\"@type\":\"ListItem\",\"position\":2,\"name\":\"Bretagne de cross \u00e0 Brest: les Elites, les Masters et les photos !!!\"}]},{\"@type\":\"WebSite\",\"@id\":\"https:\\\/\\\/janze-athletisme.fr\\\/wordpress\\\/#website\",\"url\":\"https:\\\/\\\/janze-athletisme.fr\\\/wordpress\\\/\",\"name\":\"Janz\u00e9 Athl\u00e9tisme\",\"description\":\"Pays de La Roche aux F\u00e9es\",\"publisher\":{\"@id\":\"https:\\\/\\\/janze-athletisme.fr\\\/wordpress\\\/#organization\"},\"potentialAction\":[{\"@type\":\"SearchAction\",\"target\":{\"@type\":\"EntryPoint\",\"urlTemplate\":\"https:\\\/\\\/janze-athletisme.fr\\\/wordpress\\\/?s={search_term_string}\"},\"query-input\":{\"@type\":\"PropertyValueSpecification\",\"valueRequired\":true,\"valueName\":\"search_term_string\"}}],\"inLanguage\":\"fr-FR\"},{\"@type\":\"Organization\",\"@id\":\"https:\\\/\\\/janze-athletisme.fr\\\/wordpress\\\/#organization\",\"name\":\"Janz\u00e9 Athl\u00e9tisme\",\"url\":\"https:\\\/\\\/janze-athletisme.fr\\\/wordpress\\\/\",\"logo\":{\"@type\":\"ImageObject\",\"inLanguage\":\"fr-FR\",\"@id\":\"https:\\\/\\\/janze-athletisme.fr\\\/wordpress\\\/#\\\/schema\\\/logo\\\/image\\\/\",\"url\":\"https:\\\/\\\/janze-athletisme.fr\\\/wordpress\\\/wp-content\\\/uploads\\\/2015\\\/03\\\/logo-full1.jpg\",\"contentUrl\":\"https:\\\/\\\/janze-athletisme.fr\\\/wordpress\\\/wp-content\\\/uploads\\\/2015\\\/03\\\/logo-full1.jpg\",\"width\":437,\"height\":205,\"caption\":\"Janz\u00e9 Athl\u00e9tisme\"},\"image\":{\"@id\":\"https:\\\/\\\/janze-athletisme.fr\\\/wordpress\\\/#\\\/schema\\\/logo\\\/image\\\/\"},\"sameAs\":[\"https:\\\/\\\/www.facebook.com\\\/groups\\\/1007964579346590\"]},{\"@type\":\"Person\",\"@id\":\"https:\\\/\\\/janze-athletisme.fr\\\/wordpress\\\/#\\\/schema\\\/person\\\/e27efa3d49687b81c679eb0b5c4973e9\",\"name\":\"Jean-Marie Jouzel\",\"image\":{\"@type\":\"ImageObject\",\"inLanguage\":\"fr-FR\",\"@id\":\"https:\\\/\\\/secure.gravatar.com\\\/avatar\\\/6aaee532914ad5ae9d6b4c13c953c6689456493b17979b560cf8fd0c344930ab?s=96&d=mm&r=g\",\"url\":\"https:\\\/\\\/secure.gravatar.com\\\/avatar\\\/6aaee532914ad5ae9d6b4c13c953c6689456493b17979b560cf8fd0c344930ab?s=96&d=mm&r=g\",\"contentUrl\":\"https:\\\/\\\/secure.gravatar.com\\\/avatar\\\/6aaee532914ad5ae9d6b4c13c953c6689456493b17979b560cf8fd0c344930ab?s=96&d=mm&r=g\",\"caption\":\"Jean-Marie Jouzel\"},\"url\":\"https:\\\/\\\/janze-athletisme.fr\\\/wordpress\\\/author\\\/jmjouzel\\\/\"}]}<\/script>\n<!-- \/ Yoast SEO plugin. -->","yoast_head_json":{"title":"Bretagne de cross \u00e0 Brest: les Elites, les Masters et les photos !!! - Janz\u00e9 Athl\u00e9tisme","robots":{"index":"index","follow":"follow","max-snippet":"max-snippet:-1","max-image-preview":"max-image-preview:large","max-video-preview":"max-video-preview:-1"},"canonical":"https:\/\/janze-athletisme.fr\/wordpress\/bretagne-de-cross-a-brest-les-elites-les-masters-et-les-photos\/","og_locale":"fr_FR","og_type":"article","og_title":"Bretagne de cross \u00e0 Brest: les Elites, les Masters et les photos !!! - Janz\u00e9 Athl\u00e9tisme","og_description":"Championnats de Bretagne de cross &nbsp; Focus sur les r\u00e9sultats des adultes, \u00e0 savoir de la cat\u00e9gorie Espoir \u00e0 Masters, filles et gar\u00e7ons avec des fortunes diverses. Miracle pour les Masters et une qualif in extr\u00e9mis par \u00e9quipe, ce qui n&rsquo;\u00e9tait pas act\u00e9 le jour m\u00eame. Micka\u00ebl Piquet, Julien Roussel, Micka\u00ebl Balluet et Samuel Bourgeon [&hellip;]","og_url":"https:\/\/janze-athletisme.fr\/wordpress\/bretagne-de-cross-a-brest-les-elites-les-masters-et-les-photos\/","og_site_name":"Janz\u00e9 Athl\u00e9tisme","article_publisher":"https:\/\/www.facebook.com\/groups\/1007964579346590","article_published_time":"2025-02-04T20:45:53+00:00","og_image":[{"width":300,"height":168,"url":"https:\/\/janze-athletisme.fr\/wordpress\/wp-content\/uploads\/2025\/02\/Sans-titre-3.jpg","type":"image\/jpeg"}],"author":"Jean-Marie Jouzel","twitter_card":"summary_large_image","twitter_misc":{"\u00c9crit par":"Jean-Marie Jouzel","Dur\u00e9e de lecture estim\u00e9e":"4 minutes"},"schema":{"@context":"https:\/\/schema.org","@graph":[{"@type":"Article","@id":"https:\/\/janze-athletisme.fr\/wordpress\/bretagne-de-cross-a-brest-les-elites-les-masters-et-les-photos\/#article","isPartOf":{"@id":"https:\/\/janze-athletisme.fr\/wordpress\/bretagne-de-cross-a-brest-les-elites-les-masters-et-les-photos\/"},"author":{"name":"Jean-Marie Jouzel","@id":"https:\/\/janze-athletisme.fr\/wordpress\/#\/schema\/person\/e27efa3d49687b81c679eb0b5c4973e9"},"headline":"Bretagne de cross \u00e0 Brest: les Elites, les Masters et les photos !!!","datePublished":"2025-02-04T20:45:53+00:00","mainEntityOfPage":{"@id":"https:\/\/janze-athletisme.fr\/wordpress\/bretagne-de-cross-a-brest-les-elites-les-masters-et-les-photos\/"},"wordCount":683,"commentCount":0,"publisher":{"@id":"https:\/\/janze-athletisme.fr\/wordpress\/#organization"},"image":{"@id":"https:\/\/janze-athletisme.fr\/wordpress\/bretagne-de-cross-a-brest-les-elites-les-masters-et-les-photos\/#primaryimage"},"thumbnailUrl":"https:\/\/janze-athletisme.fr\/wordpress\/wp-content\/uploads\/2025\/02\/Sans-titre-3.jpg","articleSection":["Le club au jour le jour"],"inLanguage":"fr-FR","potentialAction":[{"@type":"CommentAction","name":"Comment","target":["https:\/\/janze-athletisme.fr\/wordpress\/bretagne-de-cross-a-brest-les-elites-les-masters-et-les-photos\/#respond"]}]},{"@type":"WebPage","@id":"https:\/\/janze-athletisme.fr\/wordpress\/bretagne-de-cross-a-brest-les-elites-les-masters-et-les-photos\/","url":"https:\/\/janze-athletisme.fr\/wordpress\/bretagne-de-cross-a-brest-les-elites-les-masters-et-les-photos\/","name":"Bretagne de cross \u00e0 Brest: les Elites, les Masters et les photos !!! - Janz\u00e9 Athl\u00e9tisme","isPartOf":{"@id":"https:\/\/janze-athletisme.fr\/wordpress\/#website"},"primaryImageOfPage":{"@id":"https:\/\/janze-athletisme.fr\/wordpress\/bretagne-de-cross-a-brest-les-elites-les-masters-et-les-photos\/#primaryimage"},"image":{"@id":"https:\/\/janze-athletisme.fr\/wordpress\/bretagne-de-cross-a-brest-les-elites-les-masters-et-les-photos\/#primaryimage"},"thumbnailUrl":"https:\/\/janze-athletisme.fr\/wordpress\/wp-content\/uploads\/2025\/02\/Sans-titre-3.jpg","datePublished":"2025-02-04T20:45:53+00:00","breadcrumb":{"@id":"https:\/\/janze-athletisme.fr\/wordpress\/bretagne-de-cross-a-brest-les-elites-les-masters-et-les-photos\/#breadcrumb"},"inLanguage":"fr-FR","potentialAction":[{"@type":"ReadAction","target":["https:\/\/janze-athletisme.fr\/wordpress\/bretagne-de-cross-a-brest-les-elites-les-masters-et-les-photos\/"]}]},{"@type":"ImageObject","inLanguage":"fr-FR","@id":"https:\/\/janze-athletisme.fr\/wordpress\/bretagne-de-cross-a-brest-les-elites-les-masters-et-les-photos\/#primaryimage","url":"https:\/\/janze-athletisme.fr\/wordpress\/wp-content\/uploads\/2025\/02\/Sans-titre-3.jpg","contentUrl":"https:\/\/janze-athletisme.fr\/wordpress\/wp-content\/uploads\/2025\/02\/Sans-titre-3.jpg","width":300,"height":168},{"@type":"BreadcrumbList","@id":"https:\/\/janze-athletisme.fr\/wordpress\/bretagne-de-cross-a-brest-les-elites-les-masters-et-les-photos\/#breadcrumb","itemListElement":[{"@type":"ListItem","position":1,"name":"Accueil","item":"https:\/\/janze-athletisme.fr\/wordpress\/"},{"@type":"ListItem","position":2,"name":"Bretagne de cross \u00e0 Brest: les Elites, les Masters et les photos !!!"}]},{"@type":"WebSite","@id":"https:\/\/janze-athletisme.fr\/wordpress\/#website","url":"https:\/\/janze-athletisme.fr\/wordpress\/","name":"Janz\u00e9 Athl\u00e9tisme","description":"Pays de La Roche aux F\u00e9es","publisher":{"@id":"https:\/\/janze-athletisme.fr\/wordpress\/#organization"},"potentialAction":[{"@type":"SearchAction","target":{"@type":"EntryPoint","urlTemplate":"https:\/\/janze-athletisme.fr\/wordpress\/?s={search_term_string}"},"query-input":{"@type":"PropertyValueSpecification","valueRequired":true,"valueName":"search_term_string"}}],"inLanguage":"fr-FR"},{"@type":"Organization","@id":"https:\/\/janze-athletisme.fr\/wordpress\/#organization","name":"Janz\u00e9 Athl\u00e9tisme","url":"https:\/\/janze-athletisme.fr\/wordpress\/","logo":{"@type":"ImageObject","inLanguage":"fr-FR","@id":"https:\/\/janze-athletisme.fr\/wordpress\/#\/schema\/logo\/image\/","url":"https:\/\/janze-athletisme.fr\/wordpress\/wp-content\/uploads\/2015\/03\/logo-full1.jpg","contentUrl":"https:\/\/janze-athletisme.fr\/wordpress\/wp-content\/uploads\/2015\/03\/logo-full1.jpg","width":437,"height":205,"caption":"Janz\u00e9 Athl\u00e9tisme"},"image":{"@id":"https:\/\/janze-athletisme.fr\/wordpress\/#\/schema\/logo\/image\/"},"sameAs":["https:\/\/www.facebook.com\/groups\/1007964579346590"]},{"@type":"Person","@id":"https:\/\/janze-athletisme.fr\/wordpress\/#\/schema\/person\/e27efa3d49687b81c679eb0b5c4973e9","name":"Jean-Marie Jouzel","image":{"@type":"ImageObject","inLanguage":"fr-FR","@id":"https:\/\/secure.gravatar.com\/avatar\/6aaee532914ad5ae9d6b4c13c953c6689456493b17979b560cf8fd0c344930ab?s=96&d=mm&r=g","url":"https:\/\/secure.gravatar.com\/avatar\/6aaee532914ad5ae9d6b4c13c953c6689456493b17979b560cf8fd0c344930ab?s=96&d=mm&r=g","contentUrl":"https:\/\/secure.gravatar.com\/avatar\/6aaee532914ad5ae9d6b4c13c953c6689456493b17979b560cf8fd0c344930ab?s=96&d=mm&r=g","caption":"Jean-Marie Jouzel"},"url":"https:\/\/janze-athletisme.fr\/wordpress\/author\/jmjouzel\/"}]}},"uagb_featured_image_src":{"full":["https:\/\/janze-athletisme.fr\/wordpress\/wp-content\/uploads\/2025\/02\/Sans-titre-3.jpg",300,168,false],"thumbnail":["https:\/\/janze-athletisme.fr\/wordpress\/wp-content\/uploads\/2025\/02\/Sans-titre-3-150x150.jpg",150,150,true],"medium":["https:\/\/janze-athletisme.fr\/wordpress\/wp-content\/uploads\/2025\/02\/Sans-titre-3.jpg",300,168,false],"medium_large":["https:\/\/janze-athletisme.fr\/wordpress\/wp-content\/uploads\/2025\/02\/Sans-titre-3.jpg",300,168,false],"large":["https:\/\/janze-athletisme.fr\/wordpress\/wp-content\/uploads\/2025\/02\/Sans-titre-3.jpg",300,168,false],"1536x1536":["https:\/\/janze-athletisme.fr\/wordpress\/wp-content\/uploads\/2025\/02\/Sans-titre-3.jpg",300,168,false],"2048x2048":["https:\/\/janze-athletisme.fr\/wordpress\/wp-content\/uploads\/2025\/02\/Sans-titre-3.jpg",300,168,false]},"uagb_author_info":{"display_name":"Jean-Marie Jouzel","author_link":"https:\/\/janze-athletisme.fr\/wordpress\/author\/jmjouzel\/"},"uagb_comment_info":0,"uagb_excerpt":"Championnats de Bretagne de cross &nbsp; Focus sur les r\u00e9sultats des adultes, \u00e0 savoir de la cat\u00e9gorie Espoir \u00e0 Masters, filles et gar\u00e7ons avec des fortunes diverses. Miracle pour les Masters et une qualif in extr\u00e9mis par \u00e9quipe, ce qui n&rsquo;\u00e9tait pas act\u00e9 le jour m\u00eame. Micka\u00ebl Piquet, Julien Roussel, Micka\u00ebl Balluet et Samuel Bourgeon\u2026","_links":{"self":[{"href":"https:\/\/janze-athletisme.fr\/wordpress\/wp-json\/wp\/v2\/posts\/23308","targetHints":{"allow":["GET"]}}],"collection":[{"href":"https:\/\/janze-athletisme.fr\/wordpress\/wp-json\/wp\/v2\/posts"}],"about":[{"href":"https:\/\/janze-athletisme.fr\/wordpress\/wp-json\/wp\/v2\/types\/post"}],"author":[{"embeddable":true,"href":"https:\/\/janze-athletisme.fr\/wordpress\/wp-json\/wp\/v2\/users\/8"}],"replies":[{"embeddable":true,"href":"https:\/\/janze-athletisme.fr\/wordpress\/wp-json\/wp\/v2\/comments?post=23308"}],"version-history":[{"count":2,"href":"https:\/\/janze-athletisme.fr\/wordpress\/wp-json\/wp\/v2\/posts\/23308\/revisions"}],"predecessor-version":[{"id":23357,"href":"https:\/\/janze-athletisme.fr\/wordpress\/wp-json\/wp\/v2\/posts\/23308\/revisions\/23357"}],"wp:featuredmedia":[{"embeddable":true,"href":"https:\/\/janze-athletisme.fr\/wordpress\/wp-json\/wp\/v2\/media\/23356"}],"wp:attachment":[{"href":"https:\/\/janze-athletisme.fr\/wordpress\/wp-json\/wp\/v2\/media?parent=23308"}],"wp:term":[{"taxonomy":"category","embeddable":true,"href":"https:\/\/janze-athletisme.fr\/wordpress\/wp-json\/wp\/v2\/categories?post=23308"},{"taxonomy":"post_tag","embeddable":true,"href":"https:\/\/janze-athletisme.fr\/wordpress\/wp-json\/wp\/v2\/tags?post=23308"}],"curies":[{"name":"wp","href":"https:\/\/api.w.org\/{rel}","templated":true}]}}