{"id":23303,"date":"2025-02-03T20:20:25","date_gmt":"2025-02-03T19:20:25","guid":{"rendered":"https:\/\/janze-athletisme.fr\/wordpress\/?p=23303"},"modified":"2025-02-03T20:20:25","modified_gmt":"2025-02-03T19:20:25","slug":"plourhan-22-de-la-boue-de-la-boue-de-la-boue-et-encore-de-la-boue","status":"publish","type":"post","link":"https:\/\/janze-athletisme.fr\/wordpress\/plourhan-22-de-la-boue-de-la-boue-de-la-boue-et-encore-de-la-boue\/","title":{"rendered":"Plourhan (22): de la boue, de la boue, de la boue et encore de la boue !"},"content":{"rendered":"<h1 style=\"text-align: center;\"><span style=\"font-family: comic sans ms, sans-serif; color: #800000;\">Trail Glazig<\/span><\/h1>\n<p>&nbsp;<\/p>\n<p><a href=\"https:\/\/janze-athletisme.fr\/wordpress\/wp-content\/uploads\/2025\/02\/475654124_9225210360860640_2258228579965122565_n.jpg\"><img loading=\"lazy\" decoding=\"async\" class=\"wp-image-23304 aligncenter\" src=\"https:\/\/janze-athletisme.fr\/wordpress\/wp-content\/uploads\/2025\/02\/475654124_9225210360860640_2258228579965122565_n-225x300.jpg\" alt=\"\" width=\"454\" height=\"605\" srcset=\"https:\/\/janze-athletisme.fr\/wordpress\/wp-content\/uploads\/2025\/02\/475654124_9225210360860640_2258228579965122565_n-225x300.jpg 225w, https:\/\/janze-athletisme.fr\/wordpress\/wp-content\/uploads\/2025\/02\/475654124_9225210360860640_2258228579965122565_n.jpg 450w\" sizes=\"auto, (max-width: 454px) 100vw, 454px\" \/><\/a><\/p>\n<p>&nbsp;<\/p>\n<div dir=\"auto\"><span style=\"color: #000000;\">Il n&rsquo;y avait pas que du cross dimanche, St\u00e9phane et Erwan ont aussi connu la joie de patauger dans la boue ! Erwan comme \u00e0 son habitude nous raconte son exp\u00e9rience:<\/span><em><span style=\"color: #000000;\"> \u00ab\u00a0Et bien \u00e7a c&rsquo;est fait <span class=\"html-span xexx8yu x4uap5 x18d9i69 xkhd6sd x1hl2dhg x16tdsg8 x1vvkbs x3nfvp2 x1j61x8r x1fcty0u xdj266r xat24cr xgzva0m xhhsvwb xxymvpz xlup9mm x1kky2od\"><img loading=\"lazy\" decoding=\"async\" class=\"xz74otr\" src=\"https:\/\/static.xx.fbcdn.net\/images\/emoji.php\/v9\/tce\/1\/16\/1f600.png\" alt=\"\ud83d\ude00\" width=\"16\" height=\"16\" \/>. <\/span><\/span><\/em><em><span style=\"color: #000000;\">Un d\u00e9part \u00e0 la fra\u00eeche de nuit avec <span class=\"html-span xdj266r x11i5rnm xat24cr x1mh8g0r xexx8yu x4uap5 x18d9i69 xkhd6sd x1hl2dhg x16tdsg8 x1vvkbs\"><a class=\"x1i10hfl xjbqb8w x1ejq31n xd10rxx x1sy0etr x17r0tee x972fbf xcfux6l x1qhh985 xm0m39n x9f619 x1ypdohk xt0psk2 xe8uvvx xdj266r x11i5rnm xat24cr x1mh8g0r xexx8yu x4uap5 x18d9i69 xkhd6sd x16tdsg8 x1hl2dhg xggy1nq x1a2a7pz x1sur9pj xkrqix3 x1fey0fg x1s688f\" style=\"color: #000000;\" tabindex=\"0\" role=\"link\" href=\"https:\/\/www.facebook.com\/stephane.rousseau.146?__cft__[0]=AZXxoLV7U0Qm6x8AK3A85nI7Ihsi3lF1ixOqy_LOi_P2IkLU1L4u-q0a6dQgjK5oZ90bBOaO_YEBXN8qxfRbFYabvDL_BogTQqFTTm6wdoohKZuEv-EMh-TaJCn6tyGzZ8UHCcbe2ebGg_bLGNYL4KwuFcC7-rUZI-gv-F33JeU63AedN9Sw_l5XOhLzuqD7LPI&amp;__tn__=-]K-R\"><span class=\"xt0psk2\"><span class=\"xjp7ctv\"><span aria-describedby=\":R2klri9actakd9alqhraillkqismipapd5aq:\">St\u00e9phane Rousseau<\/span><\/span><\/span><\/a><\/span> et ses amis vers le dernier tiers du peloton de d\u00e9part, on commence par les pieds dans la gadoue et l&rsquo;eau, arrive le GR34, que du kiff, un lev\u00e9 de soleil sur la mer&#8230;<\/span><\/em><\/div>\n<div dir=\"auto\"><em><span style=\"color: #000000;\">Premier ravitaillement je ne m&rsquo;arr\u00eate pas, je suis bien les 30 premiers kilom\u00e8tres, le deuxi\u00e8me ravitaillement je remets de l&rsquo;eau, l&rsquo;arr\u00eat fait un peu mal, on retourne dans les terres, l\u00e0 c&rsquo;est autre chose, la deuxi\u00e8me moiti\u00e9 de course est plus dur, on passe une route inond\u00e9e jusqu&rsquo;au genou sur au moins 200m, mais glac\u00e9e de chez glac\u00e9e&#8230;<\/span><\/em><\/div>\n<div dir=\"auto\"><em><span style=\"color: #000000;\">Je sens plus mes pieds mais on repart, du sous-bois en g\u00e9n\u00e9ral j&rsquo;aime bien mais l\u00e0 que de la boue, tr\u00e8s peu de partis au sec. Arrive le troisi\u00e8me ravitaillement au zoo de tr\u00e9gomeur km43, l\u00e0 pour repartir c&rsquo;est tr\u00e8s difficile, toujours du terrain instable et de l&rsquo;eau, arrive les 2\/3 derniers kilom\u00e8tres&#8230;.. l\u00e0 c&rsquo;est quelque chose, des mont\u00e9es tr\u00e8s raides avec de la boue bien s\u00fbr, heureusement qu&rsquo;il y avait des cordes par endroits, les cuisses et les mollets carbonisent <span class=\"html-span xexx8yu x4uap5 x18d9i69 xkhd6sd x1hl2dhg x16tdsg8 x1vvkbs x3nfvp2 x1j61x8r x1fcty0u xdj266r xat24cr xgzva0m xhhsvwb xxymvpz xlup9mm x1kky2od\"><img loading=\"lazy\" decoding=\"async\" class=\"xz74otr\" src=\"https:\/\/static.xx.fbcdn.net\/images\/emoji.php\/v9\/tce\/1\/16\/1f600.png\" alt=\"\ud83d\ude00\" width=\"16\" height=\"16\" \/><\/span> mais faut relancer \u00e0 chaque fois, j&rsquo;arrive \u00e0 doubler encore un peu, reste le dernier kilom\u00e8tre j&rsquo;essaye d&rsquo;envoyer mais \u00e7a va plus bien vite lol, l&rsquo;arriv\u00e9e dans la boue pardi&#8230; j&rsquo;ai mis du temps \u00e0 reprendre mon souffle.<\/span><\/em><\/div>\n<div dir=\"auto\"><em><span style=\"color: #000000;\">\u00c7a faisait presque 3 mois sans trail et bien y a du travail.<\/span><\/em><\/div>\n<div dir=\"auto\"><em><span style=\"color: #000000;\">Prochain objectif UTCA \u00e0 L&rsquo;annonce 92km, plus de bord de mer donc se sera mieux ou pas <span class=\"html-span xexx8yu x4uap5 x18d9i69 xkhd6sd x1hl2dhg x16tdsg8 x1vvkbs x3nfvp2 x1j61x8r x1fcty0u xdj266r xat24cr xgzva0m xhhsvwb xxymvpz xlup9mm x1kky2od\"><img loading=\"lazy\" decoding=\"async\" class=\"xz74otr\" src=\"https:\/\/static.xx.fbcdn.net\/images\/emoji.php\/v9\/tce\/1\/16\/1f600.png\" alt=\"\ud83d\ude00\" width=\"16\" height=\"16\" \/><\/span>\u00ab\u00a0<\/span><\/em><\/div>\n<div dir=\"auto\"><\/div>\n<div dir=\"auto\"><span style=\"color: #000000;\">Bravo les gars, bel exploit !<\/span><\/div>\n<div dir=\"auto\"><\/div>\n<div dir=\"auto\"><\/div>\n<div dir=\"auto\">\n<table style=\"border-collapse: collapse; width: 100%;\">\n<tbody>\n<tr>\n<td style=\"width: 20%; text-align: center;\"><strong><span style=\"color: #000000;\">Distance<\/span><\/strong><\/td>\n<td style=\"width: 20%; text-align: center;\"><strong><span style=\"color: #000000;\">Classement<\/span><\/strong><\/td>\n<td style=\"width: 20%; text-align: center;\"><strong><span style=\"color: #000000;\">Nom<\/span><\/strong><\/td>\n<td style=\"width: 20%; text-align: center;\"><strong><span style=\"color: #000000;\">Temps<\/span><\/strong><\/td>\n<td style=\"width: 20%; text-align: center;\"><strong><span style=\"color: #000000;\">Classement cat\u00e9gorie<\/span><\/strong><\/td>\n<\/tr>\n<tr>\n<td style=\"width: 20%; text-align: center;\"><span style=\"color: #000000;\">54 km<\/span><\/td>\n<td style=\"width: 20%; text-align: center;\"><span style=\"color: #000000;\">312\/780<\/span><\/td>\n<td style=\"width: 20%; text-align: center;\"><span style=\"color: #000000;\">Erwan Josset<\/span><\/td>\n<td style=\"width: 20%; text-align: center;\"><span style=\"color: #000000;\">5h58&rsquo;19<\/span><\/td>\n<td style=\"width: 20%; text-align: center;\"><span style=\"color: #000000;\">53\u00e8me M1<\/span><\/td>\n<\/tr>\n<tr>\n<td style=\"width: 20%; text-align: center;\"><span style=\"color: #000000;\">54 km<\/span><\/td>\n<td style=\"width: 20%; text-align: center;\"><span style=\"color: #000000;\">625\/780<\/span><\/td>\n<td style=\"width: 20%; text-align: center;\"><span style=\"color: #000000;\">St\u00e9phane Rousseau<\/span><\/td>\n<td style=\"width: 20%; text-align: center;\"><span style=\"color: #000000;\">6h58&rsquo;55<\/span><\/td>\n<td style=\"width: 20%; text-align: center;\"><span style=\"color: #000000;\">55\u00e8me M3<\/span><\/td>\n<\/tr>\n<\/tbody>\n<\/table>\n<\/div>\n","protected":false},"excerpt":{"rendered":"<p>Trail Glazig &nbsp; &nbsp; Il n&rsquo;y avait pas que du cross dimanche, St\u00e9phane et Erwan ont aussi connu la joie de patauger dans la boue ! Erwan comme \u00e0 son habitude nous raconte son exp\u00e9rience: \u00ab\u00a0Et bien \u00e7a c&rsquo;est fait . Un d\u00e9part \u00e0 la fra\u00eeche de nuit avec St\u00e9phane Rousseau et ses amis vers [&hellip;]<\/p>\n","protected":false},"author":8,"featured_media":23305,"comment_status":"open","ping_status":"open","sticky":false,"template":"","format":"aside","meta":{"_uag_custom_page_level_css":"","site-sidebar-layout":"default","site-content-layout":"","ast-site-content-layout":"default","site-content-style":"default","site-sidebar-style":"default","ast-global-header-display":"","ast-banner-title-visibility":"","ast-main-header-display":"","ast-hfb-above-header-display":"","ast-hfb-below-header-display":"","ast-hfb-mobile-header-display":"","site-post-title":"","ast-breadcrumbs-content":"","ast-featured-img":"","footer-sml-layout":"","ast-disable-related-posts":"","theme-transparent-header-meta":"default","adv-header-id-meta":"","stick-header-meta":"","header-above-stick-meta":"","header-main-stick-meta":"","header-below-stick-meta":"","astra-migrate-meta-layouts":"set","ast-page-background-enabled":"default","ast-page-background-meta":{"desktop":{"background-color":"var(--ast-global-color-4)","background-image":"","background-repeat":"repeat","background-position":"center center","background-size":"auto","background-attachment":"scroll","background-type":"","background-media":"","overlay-type":"","overlay-color":"","overlay-opacity":"","overlay-gradient":""},"tablet":{"background-color":"","background-image":"","background-repeat":"repeat","background-position":"center center","background-size":"auto","background-attachment":"scroll","background-type":"","background-media":"","overlay-type":"","overlay-color":"","overlay-opacity":"","overlay-gradient":""},"mobile":{"background-color":"","background-image":"","background-repeat":"repeat","background-position":"center center","background-size":"auto","background-attachment":"scroll","background-type":"","background-media":"","overlay-type":"","overlay-color":"","overlay-opacity":"","overlay-gradient":""}},"ast-content-background-meta":{"desktop":{"background-color":"var(--ast-global-color-5)","background-image":"","background-repeat":"repeat","background-position":"center center","background-size":"auto","background-attachment":"scroll","background-type":"","background-media":"","overlay-type":"","overlay-color":"","overlay-opacity":"","overlay-gradient":""},"tablet":{"background-color":"var(--ast-global-color-5)","background-image":"","background-repeat":"repeat","background-position":"center center","background-size":"auto","background-attachment":"scroll","background-type":"","background-media":"","overlay-type":"","overlay-color":"","overlay-opacity":"","overlay-gradient":""},"mobile":{"background-color":"var(--ast-global-color-5)","background-image":"","background-repeat":"repeat","background-position":"center center","background-size":"auto","background-attachment":"scroll","background-type":"","background-media":"","overlay-type":"","overlay-color":"","overlay-opacity":"","overlay-gradient":""}},"footnotes":""},"categories":[6],"tags":[],"class_list":["post-23303","post","type-post","status-publish","format-aside","has-post-thumbnail","hentry","category-sections","post_format-post-format-aside"],"yoast_head":"<!-- This site is optimized with the Yoast SEO plugin v27.5 - https:\/\/yoast.com\/product\/yoast-seo-wordpress\/ -->\n<title>Plourhan (22): de la boue, de la boue, de la boue et encore de la boue ! - Janz\u00e9 Athl\u00e9tisme<\/title>\n<meta name=\"robots\" content=\"index, follow, max-snippet:-1, max-image-preview:large, max-video-preview:-1\" \/>\n<link rel=\"canonical\" href=\"https:\/\/janze-athletisme.fr\/wordpress\/plourhan-22-de-la-boue-de-la-boue-de-la-boue-et-encore-de-la-boue\/\" \/>\n<meta property=\"og:locale\" content=\"fr_FR\" \/>\n<meta property=\"og:type\" content=\"article\" \/>\n<meta property=\"og:title\" content=\"Plourhan (22): de la boue, de la boue, de la boue et encore de la boue ! - Janz\u00e9 Athl\u00e9tisme\" \/>\n<meta property=\"og:description\" content=\"Trail Glazig &nbsp; &nbsp; Il n&rsquo;y avait pas que du cross dimanche, St\u00e9phane et Erwan ont aussi connu la joie de patauger dans la boue ! Erwan comme \u00e0 son habitude nous raconte son exp\u00e9rience: \u00ab\u00a0Et bien \u00e7a c&rsquo;est fait . Un d\u00e9part \u00e0 la fra\u00eeche de nuit avec St\u00e9phane Rousseau et ses amis vers [&hellip;]\" \/>\n<meta property=\"og:url\" content=\"https:\/\/janze-athletisme.fr\/wordpress\/plourhan-22-de-la-boue-de-la-boue-de-la-boue-et-encore-de-la-boue\/\" \/>\n<meta property=\"og:site_name\" content=\"Janz\u00e9 Athl\u00e9tisme\" \/>\n<meta property=\"article:publisher\" content=\"https:\/\/www.facebook.com\/groups\/1007964579346590\" \/>\n<meta property=\"article:published_time\" content=\"2025-02-03T19:20:25+00:00\" \/>\n<meta property=\"og:image\" content=\"https:\/\/janze-athletisme.fr\/wordpress\/wp-content\/uploads\/2025\/02\/Sans-titre.jpg\" \/>\n\t<meta property=\"og:image:width\" content=\"199\" \/>\n\t<meta property=\"og:image:height\" content=\"253\" \/>\n\t<meta property=\"og:image:type\" content=\"image\/jpeg\" \/>\n<meta name=\"author\" content=\"Jean-Marie Jouzel\" \/>\n<meta name=\"twitter:card\" content=\"summary_large_image\" \/>\n<meta name=\"twitter:label1\" content=\"\u00c9crit par\" \/>\n\t<meta name=\"twitter:data1\" content=\"Jean-Marie Jouzel\" \/>\n\t<meta name=\"twitter:label2\" content=\"Dur\u00e9e de lecture estim\u00e9e\" \/>\n\t<meta name=\"twitter:data2\" content=\"3 minutes\" \/>\n<script type=\"application\/ld+json\" class=\"yoast-schema-graph\">{\"@context\":\"https:\\\/\\\/schema.org\",\"@graph\":[{\"@type\":\"Article\",\"@id\":\"https:\\\/\\\/janze-athletisme.fr\\\/wordpress\\\/plourhan-22-de-la-boue-de-la-boue-de-la-boue-et-encore-de-la-boue\\\/#article\",\"isPartOf\":{\"@id\":\"https:\\\/\\\/janze-athletisme.fr\\\/wordpress\\\/plourhan-22-de-la-boue-de-la-boue-de-la-boue-et-encore-de-la-boue\\\/\"},\"author\":{\"name\":\"Jean-Marie Jouzel\",\"@id\":\"https:\\\/\\\/janze-athletisme.fr\\\/wordpress\\\/#\\\/schema\\\/person\\\/e27efa3d49687b81c679eb0b5c4973e9\"},\"headline\":\"Plourhan (22): de la boue, de la boue, de la boue et encore de la boue !\",\"datePublished\":\"2025-02-03T19:20:25+00:00\",\"mainEntityOfPage\":{\"@id\":\"https:\\\/\\\/janze-athletisme.fr\\\/wordpress\\\/plourhan-22-de-la-boue-de-la-boue-de-la-boue-et-encore-de-la-boue\\\/\"},\"wordCount\":366,\"commentCount\":0,\"publisher\":{\"@id\":\"https:\\\/\\\/janze-athletisme.fr\\\/wordpress\\\/#organization\"},\"image\":{\"@id\":\"https:\\\/\\\/janze-athletisme.fr\\\/wordpress\\\/plourhan-22-de-la-boue-de-la-boue-de-la-boue-et-encore-de-la-boue\\\/#primaryimage\"},\"thumbnailUrl\":\"https:\\\/\\\/janze-athletisme.fr\\\/wordpress\\\/wp-content\\\/uploads\\\/2025\\\/02\\\/Sans-titre.jpg\",\"articleSection\":[\"Le club au jour le jour\"],\"inLanguage\":\"fr-FR\",\"potentialAction\":[{\"@type\":\"CommentAction\",\"name\":\"Comment\",\"target\":[\"https:\\\/\\\/janze-athletisme.fr\\\/wordpress\\\/plourhan-22-de-la-boue-de-la-boue-de-la-boue-et-encore-de-la-boue\\\/#respond\"]}]},{\"@type\":\"WebPage\",\"@id\":\"https:\\\/\\\/janze-athletisme.fr\\\/wordpress\\\/plourhan-22-de-la-boue-de-la-boue-de-la-boue-et-encore-de-la-boue\\\/\",\"url\":\"https:\\\/\\\/janze-athletisme.fr\\\/wordpress\\\/plourhan-22-de-la-boue-de-la-boue-de-la-boue-et-encore-de-la-boue\\\/\",\"name\":\"Plourhan (22): de la boue, de la boue, de la boue et encore de la boue ! - Janz\u00e9 Athl\u00e9tisme\",\"isPartOf\":{\"@id\":\"https:\\\/\\\/janze-athletisme.fr\\\/wordpress\\\/#website\"},\"primaryImageOfPage\":{\"@id\":\"https:\\\/\\\/janze-athletisme.fr\\\/wordpress\\\/plourhan-22-de-la-boue-de-la-boue-de-la-boue-et-encore-de-la-boue\\\/#primaryimage\"},\"image\":{\"@id\":\"https:\\\/\\\/janze-athletisme.fr\\\/wordpress\\\/plourhan-22-de-la-boue-de-la-boue-de-la-boue-et-encore-de-la-boue\\\/#primaryimage\"},\"thumbnailUrl\":\"https:\\\/\\\/janze-athletisme.fr\\\/wordpress\\\/wp-content\\\/uploads\\\/2025\\\/02\\\/Sans-titre.jpg\",\"datePublished\":\"2025-02-03T19:20:25+00:00\",\"breadcrumb\":{\"@id\":\"https:\\\/\\\/janze-athletisme.fr\\\/wordpress\\\/plourhan-22-de-la-boue-de-la-boue-de-la-boue-et-encore-de-la-boue\\\/#breadcrumb\"},\"inLanguage\":\"fr-FR\",\"potentialAction\":[{\"@type\":\"ReadAction\",\"target\":[\"https:\\\/\\\/janze-athletisme.fr\\\/wordpress\\\/plourhan-22-de-la-boue-de-la-boue-de-la-boue-et-encore-de-la-boue\\\/\"]}]},{\"@type\":\"ImageObject\",\"inLanguage\":\"fr-FR\",\"@id\":\"https:\\\/\\\/janze-athletisme.fr\\\/wordpress\\\/plourhan-22-de-la-boue-de-la-boue-de-la-boue-et-encore-de-la-boue\\\/#primaryimage\",\"url\":\"https:\\\/\\\/janze-athletisme.fr\\\/wordpress\\\/wp-content\\\/uploads\\\/2025\\\/02\\\/Sans-titre.jpg\",\"contentUrl\":\"https:\\\/\\\/janze-athletisme.fr\\\/wordpress\\\/wp-content\\\/uploads\\\/2025\\\/02\\\/Sans-titre.jpg\",\"width\":199,\"height\":253},{\"@type\":\"BreadcrumbList\",\"@id\":\"https:\\\/\\\/janze-athletisme.fr\\\/wordpress\\\/plourhan-22-de-la-boue-de-la-boue-de-la-boue-et-encore-de-la-boue\\\/#breadcrumb\",\"itemListElement\":[{\"@type\":\"ListItem\",\"position\":1,\"name\":\"Accueil\",\"item\":\"https:\\\/\\\/janze-athletisme.fr\\\/wordpress\\\/\"},{\"@type\":\"ListItem\",\"position\":2,\"name\":\"Plourhan (22): de la boue, de la boue, de la boue et encore de la boue !\"}]},{\"@type\":\"WebSite\",\"@id\":\"https:\\\/\\\/janze-athletisme.fr\\\/wordpress\\\/#website\",\"url\":\"https:\\\/\\\/janze-athletisme.fr\\\/wordpress\\\/\",\"name\":\"Janz\u00e9 Athl\u00e9tisme\",\"description\":\"Pays de La Roche aux F\u00e9es\",\"publisher\":{\"@id\":\"https:\\\/\\\/janze-athletisme.fr\\\/wordpress\\\/#organization\"},\"potentialAction\":[{\"@type\":\"SearchAction\",\"target\":{\"@type\":\"EntryPoint\",\"urlTemplate\":\"https:\\\/\\\/janze-athletisme.fr\\\/wordpress\\\/?s={search_term_string}\"},\"query-input\":{\"@type\":\"PropertyValueSpecification\",\"valueRequired\":true,\"valueName\":\"search_term_string\"}}],\"inLanguage\":\"fr-FR\"},{\"@type\":\"Organization\",\"@id\":\"https:\\\/\\\/janze-athletisme.fr\\\/wordpress\\\/#organization\",\"name\":\"Janz\u00e9 Athl\u00e9tisme\",\"url\":\"https:\\\/\\\/janze-athletisme.fr\\\/wordpress\\\/\",\"logo\":{\"@type\":\"ImageObject\",\"inLanguage\":\"fr-FR\",\"@id\":\"https:\\\/\\\/janze-athletisme.fr\\\/wordpress\\\/#\\\/schema\\\/logo\\\/image\\\/\",\"url\":\"https:\\\/\\\/janze-athletisme.fr\\\/wordpress\\\/wp-content\\\/uploads\\\/2015\\\/03\\\/logo-full1.jpg\",\"contentUrl\":\"https:\\\/\\\/janze-athletisme.fr\\\/wordpress\\\/wp-content\\\/uploads\\\/2015\\\/03\\\/logo-full1.jpg\",\"width\":437,\"height\":205,\"caption\":\"Janz\u00e9 Athl\u00e9tisme\"},\"image\":{\"@id\":\"https:\\\/\\\/janze-athletisme.fr\\\/wordpress\\\/#\\\/schema\\\/logo\\\/image\\\/\"},\"sameAs\":[\"https:\\\/\\\/www.facebook.com\\\/groups\\\/1007964579346590\"]},{\"@type\":\"Person\",\"@id\":\"https:\\\/\\\/janze-athletisme.fr\\\/wordpress\\\/#\\\/schema\\\/person\\\/e27efa3d49687b81c679eb0b5c4973e9\",\"name\":\"Jean-Marie Jouzel\",\"image\":{\"@type\":\"ImageObject\",\"inLanguage\":\"fr-FR\",\"@id\":\"https:\\\/\\\/secure.gravatar.com\\\/avatar\\\/6aaee532914ad5ae9d6b4c13c953c6689456493b17979b560cf8fd0c344930ab?s=96&d=mm&r=g\",\"url\":\"https:\\\/\\\/secure.gravatar.com\\\/avatar\\\/6aaee532914ad5ae9d6b4c13c953c6689456493b17979b560cf8fd0c344930ab?s=96&d=mm&r=g\",\"contentUrl\":\"https:\\\/\\\/secure.gravatar.com\\\/avatar\\\/6aaee532914ad5ae9d6b4c13c953c6689456493b17979b560cf8fd0c344930ab?s=96&d=mm&r=g\",\"caption\":\"Jean-Marie Jouzel\"},\"url\":\"https:\\\/\\\/janze-athletisme.fr\\\/wordpress\\\/author\\\/jmjouzel\\\/\"}]}<\/script>\n<!-- \/ Yoast SEO plugin. -->","yoast_head_json":{"title":"Plourhan (22): de la boue, de la boue, de la boue et encore de la boue ! - Janz\u00e9 Athl\u00e9tisme","robots":{"index":"index","follow":"follow","max-snippet":"max-snippet:-1","max-image-preview":"max-image-preview:large","max-video-preview":"max-video-preview:-1"},"canonical":"https:\/\/janze-athletisme.fr\/wordpress\/plourhan-22-de-la-boue-de-la-boue-de-la-boue-et-encore-de-la-boue\/","og_locale":"fr_FR","og_type":"article","og_title":"Plourhan (22): de la boue, de la boue, de la boue et encore de la boue ! - Janz\u00e9 Athl\u00e9tisme","og_description":"Trail Glazig &nbsp; &nbsp; Il n&rsquo;y avait pas que du cross dimanche, St\u00e9phane et Erwan ont aussi connu la joie de patauger dans la boue ! Erwan comme \u00e0 son habitude nous raconte son exp\u00e9rience: \u00ab\u00a0Et bien \u00e7a c&rsquo;est fait . Un d\u00e9part \u00e0 la fra\u00eeche de nuit avec St\u00e9phane Rousseau et ses amis vers [&hellip;]","og_url":"https:\/\/janze-athletisme.fr\/wordpress\/plourhan-22-de-la-boue-de-la-boue-de-la-boue-et-encore-de-la-boue\/","og_site_name":"Janz\u00e9 Athl\u00e9tisme","article_publisher":"https:\/\/www.facebook.com\/groups\/1007964579346590","article_published_time":"2025-02-03T19:20:25+00:00","og_image":[{"width":199,"height":253,"url":"https:\/\/janze-athletisme.fr\/wordpress\/wp-content\/uploads\/2025\/02\/Sans-titre.jpg","type":"image\/jpeg"}],"author":"Jean-Marie Jouzel","twitter_card":"summary_large_image","twitter_misc":{"\u00c9crit par":"Jean-Marie Jouzel","Dur\u00e9e de lecture estim\u00e9e":"3 minutes"},"schema":{"@context":"https:\/\/schema.org","@graph":[{"@type":"Article","@id":"https:\/\/janze-athletisme.fr\/wordpress\/plourhan-22-de-la-boue-de-la-boue-de-la-boue-et-encore-de-la-boue\/#article","isPartOf":{"@id":"https:\/\/janze-athletisme.fr\/wordpress\/plourhan-22-de-la-boue-de-la-boue-de-la-boue-et-encore-de-la-boue\/"},"author":{"name":"Jean-Marie Jouzel","@id":"https:\/\/janze-athletisme.fr\/wordpress\/#\/schema\/person\/e27efa3d49687b81c679eb0b5c4973e9"},"headline":"Plourhan (22): de la boue, de la boue, de la boue et encore de la boue !","datePublished":"2025-02-03T19:20:25+00:00","mainEntityOfPage":{"@id":"https:\/\/janze-athletisme.fr\/wordpress\/plourhan-22-de-la-boue-de-la-boue-de-la-boue-et-encore-de-la-boue\/"},"wordCount":366,"commentCount":0,"publisher":{"@id":"https:\/\/janze-athletisme.fr\/wordpress\/#organization"},"image":{"@id":"https:\/\/janze-athletisme.fr\/wordpress\/plourhan-22-de-la-boue-de-la-boue-de-la-boue-et-encore-de-la-boue\/#primaryimage"},"thumbnailUrl":"https:\/\/janze-athletisme.fr\/wordpress\/wp-content\/uploads\/2025\/02\/Sans-titre.jpg","articleSection":["Le club au jour le jour"],"inLanguage":"fr-FR","potentialAction":[{"@type":"CommentAction","name":"Comment","target":["https:\/\/janze-athletisme.fr\/wordpress\/plourhan-22-de-la-boue-de-la-boue-de-la-boue-et-encore-de-la-boue\/#respond"]}]},{"@type":"WebPage","@id":"https:\/\/janze-athletisme.fr\/wordpress\/plourhan-22-de-la-boue-de-la-boue-de-la-boue-et-encore-de-la-boue\/","url":"https:\/\/janze-athletisme.fr\/wordpress\/plourhan-22-de-la-boue-de-la-boue-de-la-boue-et-encore-de-la-boue\/","name":"Plourhan (22): de la boue, de la boue, de la boue et encore de la boue ! - Janz\u00e9 Athl\u00e9tisme","isPartOf":{"@id":"https:\/\/janze-athletisme.fr\/wordpress\/#website"},"primaryImageOfPage":{"@id":"https:\/\/janze-athletisme.fr\/wordpress\/plourhan-22-de-la-boue-de-la-boue-de-la-boue-et-encore-de-la-boue\/#primaryimage"},"image":{"@id":"https:\/\/janze-athletisme.fr\/wordpress\/plourhan-22-de-la-boue-de-la-boue-de-la-boue-et-encore-de-la-boue\/#primaryimage"},"thumbnailUrl":"https:\/\/janze-athletisme.fr\/wordpress\/wp-content\/uploads\/2025\/02\/Sans-titre.jpg","datePublished":"2025-02-03T19:20:25+00:00","breadcrumb":{"@id":"https:\/\/janze-athletisme.fr\/wordpress\/plourhan-22-de-la-boue-de-la-boue-de-la-boue-et-encore-de-la-boue\/#breadcrumb"},"inLanguage":"fr-FR","potentialAction":[{"@type":"ReadAction","target":["https:\/\/janze-athletisme.fr\/wordpress\/plourhan-22-de-la-boue-de-la-boue-de-la-boue-et-encore-de-la-boue\/"]}]},{"@type":"ImageObject","inLanguage":"fr-FR","@id":"https:\/\/janze-athletisme.fr\/wordpress\/plourhan-22-de-la-boue-de-la-boue-de-la-boue-et-encore-de-la-boue\/#primaryimage","url":"https:\/\/janze-athletisme.fr\/wordpress\/wp-content\/uploads\/2025\/02\/Sans-titre.jpg","contentUrl":"https:\/\/janze-athletisme.fr\/wordpress\/wp-content\/uploads\/2025\/02\/Sans-titre.jpg","width":199,"height":253},{"@type":"BreadcrumbList","@id":"https:\/\/janze-athletisme.fr\/wordpress\/plourhan-22-de-la-boue-de-la-boue-de-la-boue-et-encore-de-la-boue\/#breadcrumb","itemListElement":[{"@type":"ListItem","position":1,"name":"Accueil","item":"https:\/\/janze-athletisme.fr\/wordpress\/"},{"@type":"ListItem","position":2,"name":"Plourhan (22): de la boue, de la boue, de la boue et encore de la boue !"}]},{"@type":"WebSite","@id":"https:\/\/janze-athletisme.fr\/wordpress\/#website","url":"https:\/\/janze-athletisme.fr\/wordpress\/","name":"Janz\u00e9 Athl\u00e9tisme","description":"Pays de La Roche aux F\u00e9es","publisher":{"@id":"https:\/\/janze-athletisme.fr\/wordpress\/#organization"},"potentialAction":[{"@type":"SearchAction","target":{"@type":"EntryPoint","urlTemplate":"https:\/\/janze-athletisme.fr\/wordpress\/?s={search_term_string}"},"query-input":{"@type":"PropertyValueSpecification","valueRequired":true,"valueName":"search_term_string"}}],"inLanguage":"fr-FR"},{"@type":"Organization","@id":"https:\/\/janze-athletisme.fr\/wordpress\/#organization","name":"Janz\u00e9 Athl\u00e9tisme","url":"https:\/\/janze-athletisme.fr\/wordpress\/","logo":{"@type":"ImageObject","inLanguage":"fr-FR","@id":"https:\/\/janze-athletisme.fr\/wordpress\/#\/schema\/logo\/image\/","url":"https:\/\/janze-athletisme.fr\/wordpress\/wp-content\/uploads\/2015\/03\/logo-full1.jpg","contentUrl":"https:\/\/janze-athletisme.fr\/wordpress\/wp-content\/uploads\/2015\/03\/logo-full1.jpg","width":437,"height":205,"caption":"Janz\u00e9 Athl\u00e9tisme"},"image":{"@id":"https:\/\/janze-athletisme.fr\/wordpress\/#\/schema\/logo\/image\/"},"sameAs":["https:\/\/www.facebook.com\/groups\/1007964579346590"]},{"@type":"Person","@id":"https:\/\/janze-athletisme.fr\/wordpress\/#\/schema\/person\/e27efa3d49687b81c679eb0b5c4973e9","name":"Jean-Marie Jouzel","image":{"@type":"ImageObject","inLanguage":"fr-FR","@id":"https:\/\/secure.gravatar.com\/avatar\/6aaee532914ad5ae9d6b4c13c953c6689456493b17979b560cf8fd0c344930ab?s=96&d=mm&r=g","url":"https:\/\/secure.gravatar.com\/avatar\/6aaee532914ad5ae9d6b4c13c953c6689456493b17979b560cf8fd0c344930ab?s=96&d=mm&r=g","contentUrl":"https:\/\/secure.gravatar.com\/avatar\/6aaee532914ad5ae9d6b4c13c953c6689456493b17979b560cf8fd0c344930ab?s=96&d=mm&r=g","caption":"Jean-Marie Jouzel"},"url":"https:\/\/janze-athletisme.fr\/wordpress\/author\/jmjouzel\/"}]}},"uagb_featured_image_src":{"full":["https:\/\/janze-athletisme.fr\/wordpress\/wp-content\/uploads\/2025\/02\/Sans-titre.jpg",199,253,false],"thumbnail":["https:\/\/janze-athletisme.fr\/wordpress\/wp-content\/uploads\/2025\/02\/Sans-titre-150x150.jpg",150,150,true],"medium":["https:\/\/janze-athletisme.fr\/wordpress\/wp-content\/uploads\/2025\/02\/Sans-titre.jpg",199,253,false],"medium_large":["https:\/\/janze-athletisme.fr\/wordpress\/wp-content\/uploads\/2025\/02\/Sans-titre.jpg",199,253,false],"large":["https:\/\/janze-athletisme.fr\/wordpress\/wp-content\/uploads\/2025\/02\/Sans-titre.jpg",199,253,false],"1536x1536":["https:\/\/janze-athletisme.fr\/wordpress\/wp-content\/uploads\/2025\/02\/Sans-titre.jpg",199,253,false],"2048x2048":["https:\/\/janze-athletisme.fr\/wordpress\/wp-content\/uploads\/2025\/02\/Sans-titre.jpg",199,253,false]},"uagb_author_info":{"display_name":"Jean-Marie Jouzel","author_link":"https:\/\/janze-athletisme.fr\/wordpress\/author\/jmjouzel\/"},"uagb_comment_info":0,"uagb_excerpt":"Trail Glazig &nbsp; &nbsp; Il n&rsquo;y avait pas que du cross dimanche, St\u00e9phane et Erwan ont aussi connu la joie de patauger dans la boue ! Erwan comme \u00e0 son habitude nous raconte son exp\u00e9rience: \u00ab\u00a0Et bien \u00e7a c&rsquo;est fait . Un d\u00e9part \u00e0 la fra\u00eeche de nuit avec St\u00e9phane Rousseau et ses amis vers\u2026","_links":{"self":[{"href":"https:\/\/janze-athletisme.fr\/wordpress\/wp-json\/wp\/v2\/posts\/23303","targetHints":{"allow":["GET"]}}],"collection":[{"href":"https:\/\/janze-athletisme.fr\/wordpress\/wp-json\/wp\/v2\/posts"}],"about":[{"href":"https:\/\/janze-athletisme.fr\/wordpress\/wp-json\/wp\/v2\/types\/post"}],"author":[{"embeddable":true,"href":"https:\/\/janze-athletisme.fr\/wordpress\/wp-json\/wp\/v2\/users\/8"}],"replies":[{"embeddable":true,"href":"https:\/\/janze-athletisme.fr\/wordpress\/wp-json\/wp\/v2\/comments?post=23303"}],"version-history":[{"count":1,"href":"https:\/\/janze-athletisme.fr\/wordpress\/wp-json\/wp\/v2\/posts\/23303\/revisions"}],"predecessor-version":[{"id":23307,"href":"https:\/\/janze-athletisme.fr\/wordpress\/wp-json\/wp\/v2\/posts\/23303\/revisions\/23307"}],"wp:featuredmedia":[{"embeddable":true,"href":"https:\/\/janze-athletisme.fr\/wordpress\/wp-json\/wp\/v2\/media\/23305"}],"wp:attachment":[{"href":"https:\/\/janze-athletisme.fr\/wordpress\/wp-json\/wp\/v2\/media?parent=23303"}],"wp:term":[{"taxonomy":"category","embeddable":true,"href":"https:\/\/janze-athletisme.fr\/wordpress\/wp-json\/wp\/v2\/categories?post=23303"},{"taxonomy":"post_tag","embeddable":true,"href":"https:\/\/janze-athletisme.fr\/wordpress\/wp-json\/wp\/v2\/tags?post=23303"}],"curies":[{"name":"wp","href":"https:\/\/api.w.org\/{rel}","templated":true}]}}