{"id":23292,"date":"2025-02-03T16:20:37","date_gmt":"2025-02-03T15:20:37","guid":{"rendered":"https:\/\/janze-athletisme.fr\/wordpress\/?p=23292"},"modified":"2025-02-04T12:04:00","modified_gmt":"2025-02-04T11:04:00","slug":"pre-france-de-cross-a-combourg-qualifies-et-repechables","status":"publish","type":"post","link":"https:\/\/janze-athletisme.fr\/wordpress\/pre-france-de-cross-a-combourg-qualifies-et-repechables\/","title":{"rendered":"Pr\u00e9-France de cross \u00e0 Combourg : la liste des qualifi\u00e9s et rep\u00each\u00e9s"},"content":{"rendered":"<p><strong><span style=\"font-size: 18pt\">Pr\u00e9-France de cross-country, dimanche 9 f\u00e9vrier, Combourg<\/span><\/strong><\/p>\n<p>Les championnats de Bretagne de cross-country, c&rsquo;\u00e9tait bien (tellement qu&rsquo;on va y revenir), mais la vie de nos athl\u00e8tes ne s&rsquo;arr\u00eate pas l\u00e0 et on se projette d\u00e9j\u00e0 sur la suite, d\u00e8s ce dimanche 9 f\u00e9vrier, pour les Pr\u00e9-France, \u00e0 Combourg, puis, le 2 mars, pour les championnats de France, \u00e0 Challans, en Vend\u00e9e.<\/p>\n<p>A Combourg, nous avons dix-neuf athl\u00e8tes de Janz\u00e9 qualifi\u00e9s par \u00e9quipes (avec pour le moment trois rep\u00each\u00e9s) et deux individuellement sur le cross long, ainsi que deux par \u00e9quipes et un individuel sur le cross court. Basile Chevrel et Lou Gaspais revenant deux fois sur les deux \u00e9preuves, et apr\u00e8s retranchement d&rsquo;un forfait pour indisponibilit\u00e9, il nous reste donc un total de vingt-et-un athl\u00e8tes qualifi\u00e9s pour les Pr\u00e9-France, auxquels on ajoutera quatre s\u00e9lectionn\u00e9s en cat\u00e9gorie Minimes (une fille, trois gar\u00e7ons), ce qui nous ferait donc un total total de 25 athl\u00e8tes de Janz\u00e9 pr\u00e9sents pour cette antichambre des France.<\/p>\n<p>C&rsquo;est bien, c&rsquo;est un premier beau r\u00e9sultat. Les Cadets, les Cadettes, les \u00c9lites Femmes et les Masters hommes en cross long, avec en plus les \u00c9lites Femmes en cross court, cela nous fait au total cinq \u00e9quipes qualifi\u00e9es, auxquels s&rsquo;ajoutent Basile Chevrel en Elites H sur le court comme sur le long et Jeanne Richard en cadettes. Si l&rsquo;on ajoute nos partenaires de Bain et de Cesson, nous arrivons \u00e0 un total de <span style=\"text-decoration: underline\">36 qualifi\u00e9s<\/span>. Nous en avions 27 l&rsquo;an pass\u00e9, au soir de Merdrignac. Nous progressons. Donc bravo !<\/p>\n<p><span style=\"font-size: 14pt\"><strong>Les qualifi\u00e9s pour Combourg (cross long)<\/strong><\/span><\/p>\n<p><span style=\"text-decoration: underline\"><strong>\u00c9quipe cadettes<\/strong><\/span> : <strong>L\u00e9a<\/strong> Robert, <strong>Faustine<\/strong> Louaisil, <strong>Bertille<\/strong> Louaisil, <strong>Louna<\/strong> Perrin, <strong>Camille<\/strong> Danet, <strong>Lucie<\/strong> Gadby.<\/p>\n<p><span style=\"text-decoration: underline\"><strong>Individuelles cadettes<\/strong><\/span> : <strong>Jeanne<\/strong> Richard + Juliette Sutter (Cesson).<\/p>\n<p><span style=\"text-decoration: underline\"><strong>\u00c9quipe cadets<\/strong><\/span> : <strong>L\u00e9o<\/strong> Guiheux, <strong>Esteban<\/strong> Bouillaux, <strong>Lohan<\/strong> Ksouda-Lain\u00e9, <strong>Noah<\/strong> Barill\u00e9. Rep\u00each\u00e9s (absents \u00e0 Brest) : <strong>Rapha\u00ebl<\/strong> Bou\u00e9, <strong>Ewen<\/strong> Caillaud.<\/p>\n<p><span style=\"text-decoration: underline\"><strong>Individuelle juniors filles<\/strong> <\/span>: Elsa Mah\u00e9 (Bain).<\/p>\n<p><span style=\"text-decoration: underline\"><strong>\u00c9quipe Masters Hommes<\/strong><\/span> : <strong>Micka\u00ebl<\/strong> Piquet, <strong>Micka\u00ebl<\/strong> Balluet, <strong>Julien<\/strong> Roussel + Samuel Bergeon, Denis Caillaud, Cyrille Jollivel (Bain tous les trois).<\/p>\n<p><span style=\"text-decoration: underline\"><strong>\u00c9quipe \u00c9lites Femmes<\/strong> <\/span>: <strong>Maryse<\/strong> Veyer, <strong>Lou<\/strong> Gaspais (plut\u00f4t sur le court ?) + Virginie Balluet (Bain). Rep\u00each\u00e9e (absente \u00e0 Brest) : <strong>C\u00e9line<\/strong> Hazard. Qualifi\u00e9e mais indisponible pour Combourg : <strong>La\u00efs<\/strong> Meunier. <em>Pour information, il reste quatre places pour d&rsquo;\u00e9ventuelles rep\u00each\u00e9es ayant la licence comp\u00e9tition, deux sur le cross long et deux sur le cross court.<\/em><\/p>\n<p><span style=\"text-decoration: underline\"><strong>Individuels \u00c9lites Hommes<\/strong> <\/span>: <strong>Basile<\/strong> Chevrel + S\u00e9bastien Kern\u00e9\u00efs (Cesson).<\/p>\n<p><a href=\"https:\/\/janze-athletisme.fr\/wordpress\/wp-content\/uploads\/2025\/02\/Qualifie.es-repeche.es-equipes-cross-long.jpg\"><img loading=\"lazy\" decoding=\"async\" class=\"alignnone size-medium wp-image-23294\" src=\"https:\/\/janze-athletisme.fr\/wordpress\/wp-content\/uploads\/2025\/02\/Qualifie.es-repeche.es-equipes-cross-long-300x248.jpg\" alt=\"\" width=\"300\" height=\"248\" srcset=\"https:\/\/janze-athletisme.fr\/wordpress\/wp-content\/uploads\/2025\/02\/Qualifie.es-repeche.es-equipes-cross-long-300x248.jpg 300w, https:\/\/janze-athletisme.fr\/wordpress\/wp-content\/uploads\/2025\/02\/Qualifie.es-repeche.es-equipes-cross-long.jpg 683w\" sizes=\"auto, (max-width: 300px) 100vw, 300px\" \/><\/a><a href=\"https:\/\/janze-athletisme.fr\/wordpress\/wp-content\/uploads\/2025\/02\/Qualifie.es-repeche.es-individuel.les-cross-long.jpg\"><img loading=\"lazy\" decoding=\"async\" class=\"alignnone size-medium wp-image-23295\" src=\"https:\/\/janze-athletisme.fr\/wordpress\/wp-content\/uploads\/2025\/02\/Qualifie.es-repeche.es-individuel.les-cross-long-300x57.jpg\" alt=\"\" width=\"300\" height=\"57\" srcset=\"https:\/\/janze-athletisme.fr\/wordpress\/wp-content\/uploads\/2025\/02\/Qualifie.es-repeche.es-individuel.les-cross-long-300x57.jpg 300w, https:\/\/janze-athletisme.fr\/wordpress\/wp-content\/uploads\/2025\/02\/Qualifie.es-repeche.es-individuel.les-cross-long.jpg 679w\" sizes=\"auto, (max-width: 300px) 100vw, 300px\" \/><\/a><\/p>\n<p><span style=\"font-size: 14pt\"><strong>Les qualifi\u00e9s pour Combourg (cross court)<\/strong><\/span><\/p>\n<p><span style=\"text-decoration: underline\"><strong>\u00c9quipe \u00c9lites Femmes<\/strong><\/span> : <strong>Lou<\/strong> Gaspais (plut\u00f4t sur le long ?), <strong>Ana<\/strong> Th\u00e9odin (?) + Tiphanie Lecomte (Cesson). Qualifi\u00e9e mais absente : Youna Colliaux (Cesson).<\/p>\n<p><span style=\"text-decoration: underline\"><strong>Individuel \u00c9lites Hommes<\/strong><\/span> : <strong>Basile<\/strong> Chevrel (sera sur le long).<\/p>\n<p><a href=\"https:\/\/janze-athletisme.fr\/wordpress\/wp-content\/uploads\/2025\/02\/Qualifie.es-repeche.es-equipes-cross-court.jpg\"><img loading=\"lazy\" decoding=\"async\" class=\"alignnone size-medium wp-image-23296\" src=\"https:\/\/janze-athletisme.fr\/wordpress\/wp-content\/uploads\/2025\/02\/Qualifie.es-repeche.es-equipes-cross-court-300x38.jpg\" alt=\"\" width=\"300\" height=\"38\" srcset=\"https:\/\/janze-athletisme.fr\/wordpress\/wp-content\/uploads\/2025\/02\/Qualifie.es-repeche.es-equipes-cross-court-300x38.jpg 300w, https:\/\/janze-athletisme.fr\/wordpress\/wp-content\/uploads\/2025\/02\/Qualifie.es-repeche.es-equipes-cross-court.jpg 681w\" sizes=\"auto, (max-width: 300px) 100vw, 300px\" \/><\/a><a href=\"https:\/\/janze-athletisme.fr\/wordpress\/wp-content\/uploads\/2025\/02\/Qualifie.es-repeche.es-individuel.les-cross-court.jpg\"><img loading=\"lazy\" decoding=\"async\" class=\"alignnone size-medium wp-image-23297\" src=\"https:\/\/janze-athletisme.fr\/wordpress\/wp-content\/uploads\/2025\/02\/Qualifie.es-repeche.es-individuel.les-cross-court-300x30.jpg\" alt=\"\" width=\"300\" height=\"30\" srcset=\"https:\/\/janze-athletisme.fr\/wordpress\/wp-content\/uploads\/2025\/02\/Qualifie.es-repeche.es-individuel.les-cross-court-300x30.jpg 300w, https:\/\/janze-athletisme.fr\/wordpress\/wp-content\/uploads\/2025\/02\/Qualifie.es-repeche.es-individuel.les-cross-court.jpg 681w\" sizes=\"auto, (max-width: 300px) 100vw, 300px\" \/><\/a><\/p>\n<p><span style=\"font-size: 14pt\"><strong>Les s\u00e9lectionn\u00e9s pour Combourg (avec le comit\u00e9 35)<\/strong><\/span><\/p>\n<p><span style=\"text-decoration: underline\"><strong>Minimes filles<\/strong><\/span> : <strong>Rose<\/strong> Meyer-Blanchot + Rose Mah\u00e9 (Bain).<\/p>\n<p><span style=\"text-decoration: underline\"><strong>Minimes gar\u00e7ons<\/strong><\/span> : <strong>Gabin<\/strong> Roussel, <strong>Paul<\/strong> Bourgault,<strong> Sayhann<\/strong> Ksouda-Lain\u00e9 (?)<\/p>\n<p>La liste de la s\u00e9lection du comit\u00e9 est <a href=\"http:\/\/athle35.athle.org\/upload\/ssites\/001033\/ETD35\/match_intercomites_2025.pdf\">ICI<\/a>.<\/p>\n","protected":false},"excerpt":{"rendered":"<p>Pr\u00e9-France de cross-country, dimanche 9 f\u00e9vrier, Combourg Les championnats de Bretagne de cross-country, c&rsquo;\u00e9tait bien (tellement qu&rsquo;on va y revenir), mais la vie de nos athl\u00e8tes ne s&rsquo;arr\u00eate pas l\u00e0 et on se projette d\u00e9j\u00e0 sur la suite, d\u00e8s ce dimanche 9 f\u00e9vrier, pour les Pr\u00e9-France, \u00e0 Combourg, puis, le 2 mars, pour les championnats [&hellip;]<\/p>\n","protected":false},"author":12,"featured_media":23293,"comment_status":"open","ping_status":"open","sticky":false,"template":"","format":"aside","meta":{"_uag_custom_page_level_css":"","site-sidebar-layout":"default","site-content-layout":"","ast-site-content-layout":"default","site-content-style":"default","site-sidebar-style":"default","ast-global-header-display":"","ast-banner-title-visibility":"","ast-main-header-display":"","ast-hfb-above-header-display":"","ast-hfb-below-header-display":"","ast-hfb-mobile-header-display":"","site-post-title":"","ast-breadcrumbs-content":"","ast-featured-img":"","footer-sml-layout":"","ast-disable-related-posts":"","theme-transparent-header-meta":"default","adv-header-id-meta":"","stick-header-meta":"","header-above-stick-meta":"","header-main-stick-meta":"","header-below-stick-meta":"","astra-migrate-meta-layouts":"set","ast-page-background-enabled":"default","ast-page-background-meta":{"desktop":{"background-color":"var(--ast-global-color-4)","background-image":"","background-repeat":"repeat","background-position":"center center","background-size":"auto","background-attachment":"scroll","background-type":"","background-media":"","overlay-type":"","overlay-color":"","overlay-opacity":"","overlay-gradient":""},"tablet":{"background-color":"","background-image":"","background-repeat":"repeat","background-position":"center center","background-size":"auto","background-attachment":"scroll","background-type":"","background-media":"","overlay-type":"","overlay-color":"","overlay-opacity":"","overlay-gradient":""},"mobile":{"background-color":"","background-image":"","background-repeat":"repeat","background-position":"center center","background-size":"auto","background-attachment":"scroll","background-type":"","background-media":"","overlay-type":"","overlay-color":"","overlay-opacity":"","overlay-gradient":""}},"ast-content-background-meta":{"desktop":{"background-color":"var(--ast-global-color-5)","background-image":"","background-repeat":"repeat","background-position":"center center","background-size":"auto","background-attachment":"scroll","background-type":"","background-media":"","overlay-type":"","overlay-color":"","overlay-opacity":"","overlay-gradient":""},"tablet":{"background-color":"var(--ast-global-color-5)","background-image":"","background-repeat":"repeat","background-position":"center center","background-size":"auto","background-attachment":"scroll","background-type":"","background-media":"","overlay-type":"","overlay-color":"","overlay-opacity":"","overlay-gradient":""},"mobile":{"background-color":"var(--ast-global-color-5)","background-image":"","background-repeat":"repeat","background-position":"center center","background-size":"auto","background-attachment":"scroll","background-type":"","background-media":"","overlay-type":"","overlay-color":"","overlay-opacity":"","overlay-gradient":""}},"footnotes":""},"categories":[6],"tags":[],"class_list":["post-23292","post","type-post","status-publish","format-aside","has-post-thumbnail","hentry","category-sections","post_format-post-format-aside"],"yoast_head":"<!-- This site is optimized with the Yoast SEO plugin v27.5 - https:\/\/yoast.com\/product\/yoast-seo-wordpress\/ -->\n<title>Pr\u00e9-France de cross \u00e0 Combourg : la liste des qualifi\u00e9s et rep\u00each\u00e9s - Janz\u00e9 Athl\u00e9tisme<\/title>\n<meta name=\"robots\" content=\"index, follow, max-snippet:-1, max-image-preview:large, max-video-preview:-1\" \/>\n<link rel=\"canonical\" href=\"https:\/\/janze-athletisme.fr\/wordpress\/pre-france-de-cross-a-combourg-qualifies-et-repechables\/\" \/>\n<meta property=\"og:locale\" content=\"fr_FR\" \/>\n<meta property=\"og:type\" content=\"article\" \/>\n<meta property=\"og:title\" content=\"Pr\u00e9-France de cross \u00e0 Combourg : la liste des qualifi\u00e9s et rep\u00each\u00e9s - Janz\u00e9 Athl\u00e9tisme\" \/>\n<meta property=\"og:description\" content=\"Pr\u00e9-France de cross-country, dimanche 9 f\u00e9vrier, Combourg Les championnats de Bretagne de cross-country, c&rsquo;\u00e9tait bien (tellement qu&rsquo;on va y revenir), mais la vie de nos athl\u00e8tes ne s&rsquo;arr\u00eate pas l\u00e0 et on se projette d\u00e9j\u00e0 sur la suite, d\u00e8s ce dimanche 9 f\u00e9vrier, pour les Pr\u00e9-France, \u00e0 Combourg, puis, le 2 mars, pour les championnats [&hellip;]\" \/>\n<meta property=\"og:url\" content=\"https:\/\/janze-athletisme.fr\/wordpress\/pre-france-de-cross-a-combourg-qualifies-et-repechables\/\" \/>\n<meta property=\"og:site_name\" content=\"Janz\u00e9 Athl\u00e9tisme\" \/>\n<meta property=\"article:publisher\" content=\"https:\/\/www.facebook.com\/groups\/1007964579346590\" \/>\n<meta property=\"article:published_time\" content=\"2025-02-03T15:20:37+00:00\" \/>\n<meta property=\"article:modified_time\" content=\"2025-02-04T11:04:00+00:00\" \/>\n<meta property=\"og:image\" content=\"https:\/\/janze-athletisme.fr\/wordpress\/wp-content\/uploads\/2025\/02\/Basile-2fev2025-2.jpg\" \/>\n\t<meta property=\"og:image:width\" content=\"1500\" \/>\n\t<meta property=\"og:image:height\" content=\"1000\" \/>\n\t<meta property=\"og:image:type\" content=\"image\/jpeg\" \/>\n<meta name=\"author\" content=\"Laurent Meunier\" \/>\n<meta name=\"twitter:card\" content=\"summary_large_image\" \/>\n<meta name=\"twitter:label1\" content=\"\u00c9crit par\" \/>\n\t<meta name=\"twitter:data1\" content=\"Laurent Meunier\" \/>\n\t<meta name=\"twitter:label2\" content=\"Dur\u00e9e de lecture estim\u00e9e\" \/>\n\t<meta name=\"twitter:data2\" content=\"4 minutes\" \/>\n<script type=\"application\/ld+json\" class=\"yoast-schema-graph\">{\"@context\":\"https:\\\/\\\/schema.org\",\"@graph\":[{\"@type\":\"Article\",\"@id\":\"https:\\\/\\\/janze-athletisme.fr\\\/wordpress\\\/pre-france-de-cross-a-combourg-qualifies-et-repechables\\\/#article\",\"isPartOf\":{\"@id\":\"https:\\\/\\\/janze-athletisme.fr\\\/wordpress\\\/pre-france-de-cross-a-combourg-qualifies-et-repechables\\\/\"},\"author\":{\"name\":\"Laurent Meunier\",\"@id\":\"https:\\\/\\\/janze-athletisme.fr\\\/wordpress\\\/#\\\/schema\\\/person\\\/c7b063dcfa6234c041d4d9b26cc2ea03\"},\"headline\":\"Pr\u00e9-France de cross \u00e0 Combourg : la liste des qualifi\u00e9s et rep\u00each\u00e9s\",\"datePublished\":\"2025-02-03T15:20:37+00:00\",\"dateModified\":\"2025-02-04T11:04:00+00:00\",\"mainEntityOfPage\":{\"@id\":\"https:\\\/\\\/janze-athletisme.fr\\\/wordpress\\\/pre-france-de-cross-a-combourg-qualifies-et-repechables\\\/\"},\"wordCount\":510,\"commentCount\":0,\"publisher\":{\"@id\":\"https:\\\/\\\/janze-athletisme.fr\\\/wordpress\\\/#organization\"},\"image\":{\"@id\":\"https:\\\/\\\/janze-athletisme.fr\\\/wordpress\\\/pre-france-de-cross-a-combourg-qualifies-et-repechables\\\/#primaryimage\"},\"thumbnailUrl\":\"https:\\\/\\\/janze-athletisme.fr\\\/wordpress\\\/wp-content\\\/uploads\\\/2025\\\/02\\\/Basile-2fev2025-2.jpg\",\"articleSection\":[\"Le club au jour le jour\"],\"inLanguage\":\"fr-FR\",\"potentialAction\":[{\"@type\":\"CommentAction\",\"name\":\"Comment\",\"target\":[\"https:\\\/\\\/janze-athletisme.fr\\\/wordpress\\\/pre-france-de-cross-a-combourg-qualifies-et-repechables\\\/#respond\"]}]},{\"@type\":\"WebPage\",\"@id\":\"https:\\\/\\\/janze-athletisme.fr\\\/wordpress\\\/pre-france-de-cross-a-combourg-qualifies-et-repechables\\\/\",\"url\":\"https:\\\/\\\/janze-athletisme.fr\\\/wordpress\\\/pre-france-de-cross-a-combourg-qualifies-et-repechables\\\/\",\"name\":\"Pr\u00e9-France de cross \u00e0 Combourg : la liste des qualifi\u00e9s et rep\u00each\u00e9s - Janz\u00e9 Athl\u00e9tisme\",\"isPartOf\":{\"@id\":\"https:\\\/\\\/janze-athletisme.fr\\\/wordpress\\\/#website\"},\"primaryImageOfPage\":{\"@id\":\"https:\\\/\\\/janze-athletisme.fr\\\/wordpress\\\/pre-france-de-cross-a-combourg-qualifies-et-repechables\\\/#primaryimage\"},\"image\":{\"@id\":\"https:\\\/\\\/janze-athletisme.fr\\\/wordpress\\\/pre-france-de-cross-a-combourg-qualifies-et-repechables\\\/#primaryimage\"},\"thumbnailUrl\":\"https:\\\/\\\/janze-athletisme.fr\\\/wordpress\\\/wp-content\\\/uploads\\\/2025\\\/02\\\/Basile-2fev2025-2.jpg\",\"datePublished\":\"2025-02-03T15:20:37+00:00\",\"dateModified\":\"2025-02-04T11:04:00+00:00\",\"breadcrumb\":{\"@id\":\"https:\\\/\\\/janze-athletisme.fr\\\/wordpress\\\/pre-france-de-cross-a-combourg-qualifies-et-repechables\\\/#breadcrumb\"},\"inLanguage\":\"fr-FR\",\"potentialAction\":[{\"@type\":\"ReadAction\",\"target\":[\"https:\\\/\\\/janze-athletisme.fr\\\/wordpress\\\/pre-france-de-cross-a-combourg-qualifies-et-repechables\\\/\"]}]},{\"@type\":\"ImageObject\",\"inLanguage\":\"fr-FR\",\"@id\":\"https:\\\/\\\/janze-athletisme.fr\\\/wordpress\\\/pre-france-de-cross-a-combourg-qualifies-et-repechables\\\/#primaryimage\",\"url\":\"https:\\\/\\\/janze-athletisme.fr\\\/wordpress\\\/wp-content\\\/uploads\\\/2025\\\/02\\\/Basile-2fev2025-2.jpg\",\"contentUrl\":\"https:\\\/\\\/janze-athletisme.fr\\\/wordpress\\\/wp-content\\\/uploads\\\/2025\\\/02\\\/Basile-2fev2025-2.jpg\",\"width\":1500,\"height\":1000},{\"@type\":\"BreadcrumbList\",\"@id\":\"https:\\\/\\\/janze-athletisme.fr\\\/wordpress\\\/pre-france-de-cross-a-combourg-qualifies-et-repechables\\\/#breadcrumb\",\"itemListElement\":[{\"@type\":\"ListItem\",\"position\":1,\"name\":\"Accueil\",\"item\":\"https:\\\/\\\/janze-athletisme.fr\\\/wordpress\\\/\"},{\"@type\":\"ListItem\",\"position\":2,\"name\":\"Pr\u00e9-France de cross \u00e0 Combourg : la liste des qualifi\u00e9s et rep\u00each\u00e9s\"}]},{\"@type\":\"WebSite\",\"@id\":\"https:\\\/\\\/janze-athletisme.fr\\\/wordpress\\\/#website\",\"url\":\"https:\\\/\\\/janze-athletisme.fr\\\/wordpress\\\/\",\"name\":\"Janz\u00e9 Athl\u00e9tisme\",\"description\":\"Pays de La Roche aux F\u00e9es\",\"publisher\":{\"@id\":\"https:\\\/\\\/janze-athletisme.fr\\\/wordpress\\\/#organization\"},\"potentialAction\":[{\"@type\":\"SearchAction\",\"target\":{\"@type\":\"EntryPoint\",\"urlTemplate\":\"https:\\\/\\\/janze-athletisme.fr\\\/wordpress\\\/?s={search_term_string}\"},\"query-input\":{\"@type\":\"PropertyValueSpecification\",\"valueRequired\":true,\"valueName\":\"search_term_string\"}}],\"inLanguage\":\"fr-FR\"},{\"@type\":\"Organization\",\"@id\":\"https:\\\/\\\/janze-athletisme.fr\\\/wordpress\\\/#organization\",\"name\":\"Janz\u00e9 Athl\u00e9tisme\",\"url\":\"https:\\\/\\\/janze-athletisme.fr\\\/wordpress\\\/\",\"logo\":{\"@type\":\"ImageObject\",\"inLanguage\":\"fr-FR\",\"@id\":\"https:\\\/\\\/janze-athletisme.fr\\\/wordpress\\\/#\\\/schema\\\/logo\\\/image\\\/\",\"url\":\"https:\\\/\\\/janze-athletisme.fr\\\/wordpress\\\/wp-content\\\/uploads\\\/2015\\\/03\\\/logo-full1.jpg\",\"contentUrl\":\"https:\\\/\\\/janze-athletisme.fr\\\/wordpress\\\/wp-content\\\/uploads\\\/2015\\\/03\\\/logo-full1.jpg\",\"width\":437,\"height\":205,\"caption\":\"Janz\u00e9 Athl\u00e9tisme\"},\"image\":{\"@id\":\"https:\\\/\\\/janze-athletisme.fr\\\/wordpress\\\/#\\\/schema\\\/logo\\\/image\\\/\"},\"sameAs\":[\"https:\\\/\\\/www.facebook.com\\\/groups\\\/1007964579346590\"]},{\"@type\":\"Person\",\"@id\":\"https:\\\/\\\/janze-athletisme.fr\\\/wordpress\\\/#\\\/schema\\\/person\\\/c7b063dcfa6234c041d4d9b26cc2ea03\",\"name\":\"Laurent Meunier\",\"image\":{\"@type\":\"ImageObject\",\"inLanguage\":\"fr-FR\",\"@id\":\"https:\\\/\\\/secure.gravatar.com\\\/avatar\\\/dd25d581ad7c3349090f2fa6a9adb6bfa287e6a5dd8a5216a092727cd8749034?s=96&d=mm&r=g\",\"url\":\"https:\\\/\\\/secure.gravatar.com\\\/avatar\\\/dd25d581ad7c3349090f2fa6a9adb6bfa287e6a5dd8a5216a092727cd8749034?s=96&d=mm&r=g\",\"contentUrl\":\"https:\\\/\\\/secure.gravatar.com\\\/avatar\\\/dd25d581ad7c3349090f2fa6a9adb6bfa287e6a5dd8a5216a092727cd8749034?s=96&d=mm&r=g\",\"caption\":\"Laurent Meunier\"},\"url\":\"https:\\\/\\\/janze-athletisme.fr\\\/wordpress\\\/author\\\/laurent-meunier35\\\/\"}]}<\/script>\n<!-- \/ Yoast SEO plugin. -->","yoast_head_json":{"title":"Pr\u00e9-France de cross \u00e0 Combourg : la liste des qualifi\u00e9s et rep\u00each\u00e9s - Janz\u00e9 Athl\u00e9tisme","robots":{"index":"index","follow":"follow","max-snippet":"max-snippet:-1","max-image-preview":"max-image-preview:large","max-video-preview":"max-video-preview:-1"},"canonical":"https:\/\/janze-athletisme.fr\/wordpress\/pre-france-de-cross-a-combourg-qualifies-et-repechables\/","og_locale":"fr_FR","og_type":"article","og_title":"Pr\u00e9-France de cross \u00e0 Combourg : la liste des qualifi\u00e9s et rep\u00each\u00e9s - Janz\u00e9 Athl\u00e9tisme","og_description":"Pr\u00e9-France de cross-country, dimanche 9 f\u00e9vrier, Combourg Les championnats de Bretagne de cross-country, c&rsquo;\u00e9tait bien (tellement qu&rsquo;on va y revenir), mais la vie de nos athl\u00e8tes ne s&rsquo;arr\u00eate pas l\u00e0 et on se projette d\u00e9j\u00e0 sur la suite, d\u00e8s ce dimanche 9 f\u00e9vrier, pour les Pr\u00e9-France, \u00e0 Combourg, puis, le 2 mars, pour les championnats [&hellip;]","og_url":"https:\/\/janze-athletisme.fr\/wordpress\/pre-france-de-cross-a-combourg-qualifies-et-repechables\/","og_site_name":"Janz\u00e9 Athl\u00e9tisme","article_publisher":"https:\/\/www.facebook.com\/groups\/1007964579346590","article_published_time":"2025-02-03T15:20:37+00:00","article_modified_time":"2025-02-04T11:04:00+00:00","og_image":[{"width":1500,"height":1000,"url":"https:\/\/janze-athletisme.fr\/wordpress\/wp-content\/uploads\/2025\/02\/Basile-2fev2025-2.jpg","type":"image\/jpeg"}],"author":"Laurent Meunier","twitter_card":"summary_large_image","twitter_misc":{"\u00c9crit par":"Laurent Meunier","Dur\u00e9e de lecture estim\u00e9e":"4 minutes"},"schema":{"@context":"https:\/\/schema.org","@graph":[{"@type":"Article","@id":"https:\/\/janze-athletisme.fr\/wordpress\/pre-france-de-cross-a-combourg-qualifies-et-repechables\/#article","isPartOf":{"@id":"https:\/\/janze-athletisme.fr\/wordpress\/pre-france-de-cross-a-combourg-qualifies-et-repechables\/"},"author":{"name":"Laurent Meunier","@id":"https:\/\/janze-athletisme.fr\/wordpress\/#\/schema\/person\/c7b063dcfa6234c041d4d9b26cc2ea03"},"headline":"Pr\u00e9-France de cross \u00e0 Combourg : la liste des qualifi\u00e9s et rep\u00each\u00e9s","datePublished":"2025-02-03T15:20:37+00:00","dateModified":"2025-02-04T11:04:00+00:00","mainEntityOfPage":{"@id":"https:\/\/janze-athletisme.fr\/wordpress\/pre-france-de-cross-a-combourg-qualifies-et-repechables\/"},"wordCount":510,"commentCount":0,"publisher":{"@id":"https:\/\/janze-athletisme.fr\/wordpress\/#organization"},"image":{"@id":"https:\/\/janze-athletisme.fr\/wordpress\/pre-france-de-cross-a-combourg-qualifies-et-repechables\/#primaryimage"},"thumbnailUrl":"https:\/\/janze-athletisme.fr\/wordpress\/wp-content\/uploads\/2025\/02\/Basile-2fev2025-2.jpg","articleSection":["Le club au jour le jour"],"inLanguage":"fr-FR","potentialAction":[{"@type":"CommentAction","name":"Comment","target":["https:\/\/janze-athletisme.fr\/wordpress\/pre-france-de-cross-a-combourg-qualifies-et-repechables\/#respond"]}]},{"@type":"WebPage","@id":"https:\/\/janze-athletisme.fr\/wordpress\/pre-france-de-cross-a-combourg-qualifies-et-repechables\/","url":"https:\/\/janze-athletisme.fr\/wordpress\/pre-france-de-cross-a-combourg-qualifies-et-repechables\/","name":"Pr\u00e9-France de cross \u00e0 Combourg : la liste des qualifi\u00e9s et rep\u00each\u00e9s - Janz\u00e9 Athl\u00e9tisme","isPartOf":{"@id":"https:\/\/janze-athletisme.fr\/wordpress\/#website"},"primaryImageOfPage":{"@id":"https:\/\/janze-athletisme.fr\/wordpress\/pre-france-de-cross-a-combourg-qualifies-et-repechables\/#primaryimage"},"image":{"@id":"https:\/\/janze-athletisme.fr\/wordpress\/pre-france-de-cross-a-combourg-qualifies-et-repechables\/#primaryimage"},"thumbnailUrl":"https:\/\/janze-athletisme.fr\/wordpress\/wp-content\/uploads\/2025\/02\/Basile-2fev2025-2.jpg","datePublished":"2025-02-03T15:20:37+00:00","dateModified":"2025-02-04T11:04:00+00:00","breadcrumb":{"@id":"https:\/\/janze-athletisme.fr\/wordpress\/pre-france-de-cross-a-combourg-qualifies-et-repechables\/#breadcrumb"},"inLanguage":"fr-FR","potentialAction":[{"@type":"ReadAction","target":["https:\/\/janze-athletisme.fr\/wordpress\/pre-france-de-cross-a-combourg-qualifies-et-repechables\/"]}]},{"@type":"ImageObject","inLanguage":"fr-FR","@id":"https:\/\/janze-athletisme.fr\/wordpress\/pre-france-de-cross-a-combourg-qualifies-et-repechables\/#primaryimage","url":"https:\/\/janze-athletisme.fr\/wordpress\/wp-content\/uploads\/2025\/02\/Basile-2fev2025-2.jpg","contentUrl":"https:\/\/janze-athletisme.fr\/wordpress\/wp-content\/uploads\/2025\/02\/Basile-2fev2025-2.jpg","width":1500,"height":1000},{"@type":"BreadcrumbList","@id":"https:\/\/janze-athletisme.fr\/wordpress\/pre-france-de-cross-a-combourg-qualifies-et-repechables\/#breadcrumb","itemListElement":[{"@type":"ListItem","position":1,"name":"Accueil","item":"https:\/\/janze-athletisme.fr\/wordpress\/"},{"@type":"ListItem","position":2,"name":"Pr\u00e9-France de cross \u00e0 Combourg : la liste des qualifi\u00e9s et rep\u00each\u00e9s"}]},{"@type":"WebSite","@id":"https:\/\/janze-athletisme.fr\/wordpress\/#website","url":"https:\/\/janze-athletisme.fr\/wordpress\/","name":"Janz\u00e9 Athl\u00e9tisme","description":"Pays de La Roche aux F\u00e9es","publisher":{"@id":"https:\/\/janze-athletisme.fr\/wordpress\/#organization"},"potentialAction":[{"@type":"SearchAction","target":{"@type":"EntryPoint","urlTemplate":"https:\/\/janze-athletisme.fr\/wordpress\/?s={search_term_string}"},"query-input":{"@type":"PropertyValueSpecification","valueRequired":true,"valueName":"search_term_string"}}],"inLanguage":"fr-FR"},{"@type":"Organization","@id":"https:\/\/janze-athletisme.fr\/wordpress\/#organization","name":"Janz\u00e9 Athl\u00e9tisme","url":"https:\/\/janze-athletisme.fr\/wordpress\/","logo":{"@type":"ImageObject","inLanguage":"fr-FR","@id":"https:\/\/janze-athletisme.fr\/wordpress\/#\/schema\/logo\/image\/","url":"https:\/\/janze-athletisme.fr\/wordpress\/wp-content\/uploads\/2015\/03\/logo-full1.jpg","contentUrl":"https:\/\/janze-athletisme.fr\/wordpress\/wp-content\/uploads\/2015\/03\/logo-full1.jpg","width":437,"height":205,"caption":"Janz\u00e9 Athl\u00e9tisme"},"image":{"@id":"https:\/\/janze-athletisme.fr\/wordpress\/#\/schema\/logo\/image\/"},"sameAs":["https:\/\/www.facebook.com\/groups\/1007964579346590"]},{"@type":"Person","@id":"https:\/\/janze-athletisme.fr\/wordpress\/#\/schema\/person\/c7b063dcfa6234c041d4d9b26cc2ea03","name":"Laurent Meunier","image":{"@type":"ImageObject","inLanguage":"fr-FR","@id":"https:\/\/secure.gravatar.com\/avatar\/dd25d581ad7c3349090f2fa6a9adb6bfa287e6a5dd8a5216a092727cd8749034?s=96&d=mm&r=g","url":"https:\/\/secure.gravatar.com\/avatar\/dd25d581ad7c3349090f2fa6a9adb6bfa287e6a5dd8a5216a092727cd8749034?s=96&d=mm&r=g","contentUrl":"https:\/\/secure.gravatar.com\/avatar\/dd25d581ad7c3349090f2fa6a9adb6bfa287e6a5dd8a5216a092727cd8749034?s=96&d=mm&r=g","caption":"Laurent Meunier"},"url":"https:\/\/janze-athletisme.fr\/wordpress\/author\/laurent-meunier35\/"}]}},"uagb_featured_image_src":{"full":["https:\/\/janze-athletisme.fr\/wordpress\/wp-content\/uploads\/2025\/02\/Basile-2fev2025-2.jpg",1500,1000,false],"thumbnail":["https:\/\/janze-athletisme.fr\/wordpress\/wp-content\/uploads\/2025\/02\/Basile-2fev2025-2-150x150.jpg",150,150,true],"medium":["https:\/\/janze-athletisme.fr\/wordpress\/wp-content\/uploads\/2025\/02\/Basile-2fev2025-2-300x200.jpg",300,200,true],"medium_large":["https:\/\/janze-athletisme.fr\/wordpress\/wp-content\/uploads\/2025\/02\/Basile-2fev2025-2-768x512.jpg",768,512,true],"large":["https:\/\/janze-athletisme.fr\/wordpress\/wp-content\/uploads\/2025\/02\/Basile-2fev2025-2-1024x683.jpg",1024,683,true],"1536x1536":["https:\/\/janze-athletisme.fr\/wordpress\/wp-content\/uploads\/2025\/02\/Basile-2fev2025-2.jpg",1500,1000,false],"2048x2048":["https:\/\/janze-athletisme.fr\/wordpress\/wp-content\/uploads\/2025\/02\/Basile-2fev2025-2.jpg",1500,1000,false]},"uagb_author_info":{"display_name":"Laurent Meunier","author_link":"https:\/\/janze-athletisme.fr\/wordpress\/author\/laurent-meunier35\/"},"uagb_comment_info":0,"uagb_excerpt":"Pr\u00e9-France de cross-country, dimanche 9 f\u00e9vrier, Combourg Les championnats de Bretagne de cross-country, c&rsquo;\u00e9tait bien (tellement qu&rsquo;on va y revenir), mais la vie de nos athl\u00e8tes ne s&rsquo;arr\u00eate pas l\u00e0 et on se projette d\u00e9j\u00e0 sur la suite, d\u00e8s ce dimanche 9 f\u00e9vrier, pour les Pr\u00e9-France, \u00e0 Combourg, puis, le 2 mars, pour les championnats\u2026","_links":{"self":[{"href":"https:\/\/janze-athletisme.fr\/wordpress\/wp-json\/wp\/v2\/posts\/23292","targetHints":{"allow":["GET"]}}],"collection":[{"href":"https:\/\/janze-athletisme.fr\/wordpress\/wp-json\/wp\/v2\/posts"}],"about":[{"href":"https:\/\/janze-athletisme.fr\/wordpress\/wp-json\/wp\/v2\/types\/post"}],"author":[{"embeddable":true,"href":"https:\/\/janze-athletisme.fr\/wordpress\/wp-json\/wp\/v2\/users\/12"}],"replies":[{"embeddable":true,"href":"https:\/\/janze-athletisme.fr\/wordpress\/wp-json\/wp\/v2\/comments?post=23292"}],"version-history":[{"count":10,"href":"https:\/\/janze-athletisme.fr\/wordpress\/wp-json\/wp\/v2\/posts\/23292\/revisions"}],"predecessor-version":[{"id":23349,"href":"https:\/\/janze-athletisme.fr\/wordpress\/wp-json\/wp\/v2\/posts\/23292\/revisions\/23349"}],"wp:featuredmedia":[{"embeddable":true,"href":"https:\/\/janze-athletisme.fr\/wordpress\/wp-json\/wp\/v2\/media\/23293"}],"wp:attachment":[{"href":"https:\/\/janze-athletisme.fr\/wordpress\/wp-json\/wp\/v2\/media?parent=23292"}],"wp:term":[{"taxonomy":"category","embeddable":true,"href":"https:\/\/janze-athletisme.fr\/wordpress\/wp-json\/wp\/v2\/categories?post=23292"},{"taxonomy":"post_tag","embeddable":true,"href":"https:\/\/janze-athletisme.fr\/wordpress\/wp-json\/wp\/v2\/tags?post=23292"}],"curies":[{"name":"wp","href":"https:\/\/api.w.org\/{rel}","templated":true}]}}