{"id":23269,"date":"2025-02-02T23:21:40","date_gmt":"2025-02-02T22:21:40","guid":{"rendered":"https:\/\/janze-athletisme.fr\/wordpress\/?p=23269"},"modified":"2025-02-03T15:37:52","modified_gmt":"2025-02-03T14:37:52","slug":"cross-bzh-rose-4e-leo-4e-basile-5e-et-elsa-8e-bretons","status":"publish","type":"post","link":"https:\/\/janze-athletisme.fr\/wordpress\/cross-bzh-rose-4e-leo-4e-basile-5e-et-elsa-8e-bretons\/","title":{"rendered":"Cross BZH : Rose 4e, L\u00e9o 4e, Basile 5e et Elsa 8e Bretons"},"content":{"rendered":"<p><span style=\"font-size: 18pt\"><strong>Championnat de Bretagne de cross-country, Brest, dimanche 2 f\u00e9vrier<\/strong><\/span><\/p>\n<p>Rose Mah\u00e9 (Bain), 4<sup>e<\/sup> en minimes filles, <strong>L\u00e9o<\/strong> Guiheux 4<sup>e<\/sup> en cadets, <strong>Basile<\/strong> Chevrel 5<sup>e<\/sup> en espoirs (et 13<sup>e<\/sup> de la course \u00c9lites Hommes) et Elsa Mah\u00e9 (Bain) 8<sup>e<\/sup> en juniors filles sont les grosses satisfactions du jour pour l&rsquo;EAC \u00e0 l&rsquo;occasion de ces championnats de Bretagne de cross-country. Dans un contexte tr\u00e8s relev\u00e9, ils ont relev\u00e9 le d\u00e9fi et emport\u00e9 de tr\u00e8s belles places d&rsquo;honneur, \u00e0 un rien parfois du podium (Rose, L\u00e9o).<\/p>\n<p>Mais ce qui est int\u00e9ressant, c&rsquo;est que ces quatre-l\u00e0 ne sont pas les seuls :<strong> Axel<\/strong> Herv\u00e9 est 12<sup>e<\/sup> en BEM, <strong>Rose <\/strong>Meyer-Blanchot 17<sup>e<\/sup> en MIF, L\u00e9o Letort (Cesson) 19<sup>e<\/sup> en BEM, les cadettes et les cadets 6<sup>e<\/sup> par \u00e9quipes, et les Minimes filles 9<sup>e<\/sup>\u2026 Cette cuv\u00e9e 2025 du cross r\u00e9gional est plut\u00f4t r\u00e9ussi. Nous allons maintenant regarder le nombre de qualifi\u00e9s, de s\u00e9lectionn\u00e9s et de rep\u00eachables pour le tour suivant, mais ils devraient \u00eatre assez nombreux.<\/p>\n<p><a href=\"https:\/\/janze-athletisme.fr\/wordpress\/wp-content\/uploads\/2025\/02\/Rose-Mahe-2fev2025-1.jpg\"><img loading=\"lazy\" decoding=\"async\" class=\"alignnone wp-image-23270\" src=\"https:\/\/janze-athletisme.fr\/wordpress\/wp-content\/uploads\/2025\/02\/Rose-Mahe-2fev2025-1-300x165.jpg\" alt=\"\" width=\"448\" height=\"246\" srcset=\"https:\/\/janze-athletisme.fr\/wordpress\/wp-content\/uploads\/2025\/02\/Rose-Mahe-2fev2025-1-300x165.jpg 300w, https:\/\/janze-athletisme.fr\/wordpress\/wp-content\/uploads\/2025\/02\/Rose-Mahe-2fev2025-1-1024x564.jpg 1024w, https:\/\/janze-athletisme.fr\/wordpress\/wp-content\/uploads\/2025\/02\/Rose-Mahe-2fev2025-1-768x423.jpg 768w, https:\/\/janze-athletisme.fr\/wordpress\/wp-content\/uploads\/2025\/02\/Rose-Mahe-2fev2025-1-1536x847.jpg 1536w, https:\/\/janze-athletisme.fr\/wordpress\/wp-content\/uploads\/2025\/02\/Rose-Mahe-2fev2025-1.jpg 1814w\" sizes=\"auto, (max-width: 448px) 100vw, 448px\" \/> <\/a><a href=\"https:\/\/janze-athletisme.fr\/wordpress\/wp-content\/uploads\/2025\/02\/Leo-2fev2025-3.jpg\"><img loading=\"lazy\" decoding=\"async\" class=\"alignnone wp-image-23271\" src=\"https:\/\/janze-athletisme.fr\/wordpress\/wp-content\/uploads\/2025\/02\/Leo-2fev2025-3-300x200.jpg\" alt=\"\" width=\"371\" height=\"247\" srcset=\"https:\/\/janze-athletisme.fr\/wordpress\/wp-content\/uploads\/2025\/02\/Leo-2fev2025-3-300x200.jpg 300w, https:\/\/janze-athletisme.fr\/wordpress\/wp-content\/uploads\/2025\/02\/Leo-2fev2025-3-1024x682.jpg 1024w, https:\/\/janze-athletisme.fr\/wordpress\/wp-content\/uploads\/2025\/02\/Leo-2fev2025-3-768x511.jpg 768w, https:\/\/janze-athletisme.fr\/wordpress\/wp-content\/uploads\/2025\/02\/Leo-2fev2025-3.jpg 1502w\" sizes=\"auto, (max-width: 371px) 100vw, 371px\" \/><\/a><\/p>\n<p><a href=\"https:\/\/janze-athletisme.fr\/wordpress\/wp-content\/uploads\/2025\/02\/Basile-2fev2025-1.jpg\"><img loading=\"lazy\" decoding=\"async\" class=\"alignnone wp-image-23272\" src=\"https:\/\/janze-athletisme.fr\/wordpress\/wp-content\/uploads\/2025\/02\/Basile-2fev2025-1-300x200.jpg\" alt=\"\" width=\"409\" height=\"272\" srcset=\"https:\/\/janze-athletisme.fr\/wordpress\/wp-content\/uploads\/2025\/02\/Basile-2fev2025-1-300x200.jpg 300w, https:\/\/janze-athletisme.fr\/wordpress\/wp-content\/uploads\/2025\/02\/Basile-2fev2025-1-1024x683.jpg 1024w, https:\/\/janze-athletisme.fr\/wordpress\/wp-content\/uploads\/2025\/02\/Basile-2fev2025-1-768x512.jpg 768w, https:\/\/janze-athletisme.fr\/wordpress\/wp-content\/uploads\/2025\/02\/Basile-2fev2025-1-1536x1024.jpg 1536w, https:\/\/janze-athletisme.fr\/wordpress\/wp-content\/uploads\/2025\/02\/Basile-2fev2025-1.jpg 1800w\" sizes=\"auto, (max-width: 409px) 100vw, 409px\" \/> <\/a><a href=\"https:\/\/janze-athletisme.fr\/wordpress\/wp-content\/uploads\/2025\/02\/Elsa-2fev2025-5.jpg\"><img loading=\"lazy\" decoding=\"async\" class=\"alignnone wp-image-23273\" src=\"https:\/\/janze-athletisme.fr\/wordpress\/wp-content\/uploads\/2025\/02\/Elsa-2fev2025-5-300x200.jpg\" alt=\"\" width=\"409\" height=\"273\" srcset=\"https:\/\/janze-athletisme.fr\/wordpress\/wp-content\/uploads\/2025\/02\/Elsa-2fev2025-5-300x200.jpg 300w, https:\/\/janze-athletisme.fr\/wordpress\/wp-content\/uploads\/2025\/02\/Elsa-2fev2025-5-1024x681.jpg 1024w, https:\/\/janze-athletisme.fr\/wordpress\/wp-content\/uploads\/2025\/02\/Elsa-2fev2025-5-768x511.jpg 768w, https:\/\/janze-athletisme.fr\/wordpress\/wp-content\/uploads\/2025\/02\/Elsa-2fev2025-5.jpg 1503w\" sizes=\"auto, (max-width: 409px) 100vw, 409px\" \/><\/a><\/p>\n<p><em><span style=\"font-size: 10pt\">Rose, L\u00e9o, Basile et Elsa, nos quatre chefs de file du jour&#8230;<\/span><\/em><\/p>\n<p>A noter un beau traitement du cross BZH dans le T\u00e9l\u00e9gramme du lundi 3 f\u00e9vrier :<\/p>\n<p><a href=\"https:\/\/janze-athletisme.fr\/wordpress\/wp-content\/uploads\/2025\/02\/Article-Telegramme-1.jpg\"><img loading=\"lazy\" decoding=\"async\" class=\"alignnone wp-image-23286\" src=\"https:\/\/janze-athletisme.fr\/wordpress\/wp-content\/uploads\/2025\/02\/Article-Telegramme-1-205x300.jpg\" alt=\"\" width=\"260\" height=\"380\" srcset=\"https:\/\/janze-athletisme.fr\/wordpress\/wp-content\/uploads\/2025\/02\/Article-Telegramme-1-205x300.jpg 205w, https:\/\/janze-athletisme.fr\/wordpress\/wp-content\/uploads\/2025\/02\/Article-Telegramme-1.jpg 487w\" sizes=\"auto, (max-width: 260px) 100vw, 260px\" \/><\/a> <a href=\"https:\/\/janze-athletisme.fr\/wordpress\/wp-content\/uploads\/2025\/02\/Article-Telegramme-2.jpg\"><img loading=\"lazy\" decoding=\"async\" class=\"alignnone wp-image-23287\" src=\"https:\/\/janze-athletisme.fr\/wordpress\/wp-content\/uploads\/2025\/02\/Article-Telegramme-2-206x300.jpg\" alt=\"\" width=\"262\" height=\"381\" srcset=\"https:\/\/janze-athletisme.fr\/wordpress\/wp-content\/uploads\/2025\/02\/Article-Telegramme-2-206x300.jpg 206w, https:\/\/janze-athletisme.fr\/wordpress\/wp-content\/uploads\/2025\/02\/Article-Telegramme-2.jpg 487w\" sizes=\"auto, (max-width: 262px) 100vw, 262px\" \/><\/a> <a href=\"https:\/\/janze-athletisme.fr\/wordpress\/wp-content\/uploads\/2025\/02\/Article-Telegramme-3.jpg\"><img loading=\"lazy\" decoding=\"async\" class=\"alignnone wp-image-23288\" src=\"https:\/\/janze-athletisme.fr\/wordpress\/wp-content\/uploads\/2025\/02\/Article-Telegramme-3-235x300.jpg\" alt=\"\" width=\"295\" height=\"377\" srcset=\"https:\/\/janze-athletisme.fr\/wordpress\/wp-content\/uploads\/2025\/02\/Article-Telegramme-3-235x300.jpg 235w, https:\/\/janze-athletisme.fr\/wordpress\/wp-content\/uploads\/2025\/02\/Article-Telegramme-3.jpg 601w\" sizes=\"auto, (max-width: 295px) 100vw, 295px\" \/>\u00a0<\/a><\/p>\n<p>A voir \u00e9galement sur le site de la Ligue de Bretagne, <a href=\"https:\/\/www.bretagneathle.com\/post\/bretagne-de-cross-%C3%A0-brest-les-favoris-tiennent-leur-rang\">ICI<\/a>.<\/p>\n","protected":false},"excerpt":{"rendered":"<p>Championnat de Bretagne de cross-country, Brest, dimanche 2 f\u00e9vrier Rose Mah\u00e9 (Bain), 4e en minimes filles, L\u00e9o Guiheux 4e en cadets, Basile Chevrel 5e en espoirs (et 13e de la course \u00c9lites Hommes) et Elsa Mah\u00e9 (Bain) 8e en juniors filles sont les grosses satisfactions du jour pour l&rsquo;EAC \u00e0 l&rsquo;occasion de ces championnats de [&hellip;]<\/p>\n","protected":false},"author":12,"featured_media":23274,"comment_status":"open","ping_status":"open","sticky":false,"template":"","format":"aside","meta":{"_uag_custom_page_level_css":"","site-sidebar-layout":"default","site-content-layout":"","ast-site-content-layout":"default","site-content-style":"default","site-sidebar-style":"default","ast-global-header-display":"","ast-banner-title-visibility":"","ast-main-header-display":"","ast-hfb-above-header-display":"","ast-hfb-below-header-display":"","ast-hfb-mobile-header-display":"","site-post-title":"","ast-breadcrumbs-content":"","ast-featured-img":"","footer-sml-layout":"","ast-disable-related-posts":"","theme-transparent-header-meta":"default","adv-header-id-meta":"","stick-header-meta":"","header-above-stick-meta":"","header-main-stick-meta":"","header-below-stick-meta":"","astra-migrate-meta-layouts":"set","ast-page-background-enabled":"default","ast-page-background-meta":{"desktop":{"background-color":"var(--ast-global-color-4)","background-image":"","background-repeat":"repeat","background-position":"center center","background-size":"auto","background-attachment":"scroll","background-type":"","background-media":"","overlay-type":"","overlay-color":"","overlay-opacity":"","overlay-gradient":""},"tablet":{"background-color":"","background-image":"","background-repeat":"repeat","background-position":"center center","background-size":"auto","background-attachment":"scroll","background-type":"","background-media":"","overlay-type":"","overlay-color":"","overlay-opacity":"","overlay-gradient":""},"mobile":{"background-color":"","background-image":"","background-repeat":"repeat","background-position":"center center","background-size":"auto","background-attachment":"scroll","background-type":"","background-media":"","overlay-type":"","overlay-color":"","overlay-opacity":"","overlay-gradient":""}},"ast-content-background-meta":{"desktop":{"background-color":"var(--ast-global-color-5)","background-image":"","background-repeat":"repeat","background-position":"center center","background-size":"auto","background-attachment":"scroll","background-type":"","background-media":"","overlay-type":"","overlay-color":"","overlay-opacity":"","overlay-gradient":""},"tablet":{"background-color":"var(--ast-global-color-5)","background-image":"","background-repeat":"repeat","background-position":"center center","background-size":"auto","background-attachment":"scroll","background-type":"","background-media":"","overlay-type":"","overlay-color":"","overlay-opacity":"","overlay-gradient":""},"mobile":{"background-color":"var(--ast-global-color-5)","background-image":"","background-repeat":"repeat","background-position":"center center","background-size":"auto","background-attachment":"scroll","background-type":"","background-media":"","overlay-type":"","overlay-color":"","overlay-opacity":"","overlay-gradient":""}},"footnotes":""},"categories":[6],"tags":[],"class_list":["post-23269","post","type-post","status-publish","format-aside","has-post-thumbnail","hentry","category-sections","post_format-post-format-aside"],"yoast_head":"<!-- This site is optimized with the Yoast SEO plugin v27.5 - https:\/\/yoast.com\/product\/yoast-seo-wordpress\/ -->\n<title>Cross BZH : Rose 4e, L\u00e9o 4e, Basile 5e et Elsa 8e Bretons - Janz\u00e9 Athl\u00e9tisme<\/title>\n<meta name=\"robots\" content=\"index, follow, max-snippet:-1, max-image-preview:large, max-video-preview:-1\" \/>\n<link rel=\"canonical\" href=\"https:\/\/janze-athletisme.fr\/wordpress\/cross-bzh-rose-4e-leo-4e-basile-5e-et-elsa-8e-bretons\/\" \/>\n<meta property=\"og:locale\" content=\"fr_FR\" \/>\n<meta property=\"og:type\" content=\"article\" \/>\n<meta property=\"og:title\" content=\"Cross BZH : Rose 4e, L\u00e9o 4e, Basile 5e et Elsa 8e Bretons - Janz\u00e9 Athl\u00e9tisme\" \/>\n<meta property=\"og:description\" content=\"Championnat de Bretagne de cross-country, Brest, dimanche 2 f\u00e9vrier Rose Mah\u00e9 (Bain), 4e en minimes filles, L\u00e9o Guiheux 4e en cadets, Basile Chevrel 5e en espoirs (et 13e de la course \u00c9lites Hommes) et Elsa Mah\u00e9 (Bain) 8e en juniors filles sont les grosses satisfactions du jour pour l&rsquo;EAC \u00e0 l&rsquo;occasion de ces championnats de [&hellip;]\" \/>\n<meta property=\"og:url\" content=\"https:\/\/janze-athletisme.fr\/wordpress\/cross-bzh-rose-4e-leo-4e-basile-5e-et-elsa-8e-bretons\/\" \/>\n<meta property=\"og:site_name\" content=\"Janz\u00e9 Athl\u00e9tisme\" \/>\n<meta property=\"article:publisher\" content=\"https:\/\/www.facebook.com\/groups\/1007964579346590\" \/>\n<meta property=\"article:published_time\" content=\"2025-02-02T22:21:40+00:00\" \/>\n<meta property=\"article:modified_time\" content=\"2025-02-03T14:37:52+00:00\" \/>\n<meta property=\"og:image\" content=\"https:\/\/janze-athletisme.fr\/wordpress\/wp-content\/uploads\/2025\/02\/Leo-2fev2025-1.jpg\" \/>\n\t<meta property=\"og:image:width\" content=\"1200\" \/>\n\t<meta property=\"og:image:height\" content=\"1200\" \/>\n\t<meta property=\"og:image:type\" content=\"image\/jpeg\" \/>\n<meta name=\"author\" content=\"Laurent Meunier\" \/>\n<meta name=\"twitter:card\" content=\"summary_large_image\" \/>\n<meta name=\"twitter:label1\" content=\"\u00c9crit par\" \/>\n\t<meta name=\"twitter:data1\" content=\"Laurent Meunier\" \/>\n\t<meta name=\"twitter:label2\" content=\"Dur\u00e9e de lecture estim\u00e9e\" \/>\n\t<meta name=\"twitter:data2\" content=\"3 minutes\" \/>\n<script type=\"application\/ld+json\" class=\"yoast-schema-graph\">{\"@context\":\"https:\\\/\\\/schema.org\",\"@graph\":[{\"@type\":\"Article\",\"@id\":\"https:\\\/\\\/janze-athletisme.fr\\\/wordpress\\\/cross-bzh-rose-4e-leo-4e-basile-5e-et-elsa-8e-bretons\\\/#article\",\"isPartOf\":{\"@id\":\"https:\\\/\\\/janze-athletisme.fr\\\/wordpress\\\/cross-bzh-rose-4e-leo-4e-basile-5e-et-elsa-8e-bretons\\\/\"},\"author\":{\"name\":\"Laurent Meunier\",\"@id\":\"https:\\\/\\\/janze-athletisme.fr\\\/wordpress\\\/#\\\/schema\\\/person\\\/c7b063dcfa6234c041d4d9b26cc2ea03\"},\"headline\":\"Cross BZH : Rose 4e, L\u00e9o 4e, Basile 5e et Elsa 8e Bretons\",\"datePublished\":\"2025-02-02T22:21:40+00:00\",\"dateModified\":\"2025-02-03T14:37:52+00:00\",\"mainEntityOfPage\":{\"@id\":\"https:\\\/\\\/janze-athletisme.fr\\\/wordpress\\\/cross-bzh-rose-4e-leo-4e-basile-5e-et-elsa-8e-bretons\\\/\"},\"wordCount\":230,\"commentCount\":1,\"publisher\":{\"@id\":\"https:\\\/\\\/janze-athletisme.fr\\\/wordpress\\\/#organization\"},\"image\":{\"@id\":\"https:\\\/\\\/janze-athletisme.fr\\\/wordpress\\\/cross-bzh-rose-4e-leo-4e-basile-5e-et-elsa-8e-bretons\\\/#primaryimage\"},\"thumbnailUrl\":\"https:\\\/\\\/janze-athletisme.fr\\\/wordpress\\\/wp-content\\\/uploads\\\/2025\\\/02\\\/Leo-2fev2025-1.jpg\",\"articleSection\":[\"Le club au jour le jour\"],\"inLanguage\":\"fr-FR\",\"potentialAction\":[{\"@type\":\"CommentAction\",\"name\":\"Comment\",\"target\":[\"https:\\\/\\\/janze-athletisme.fr\\\/wordpress\\\/cross-bzh-rose-4e-leo-4e-basile-5e-et-elsa-8e-bretons\\\/#respond\"]}]},{\"@type\":\"WebPage\",\"@id\":\"https:\\\/\\\/janze-athletisme.fr\\\/wordpress\\\/cross-bzh-rose-4e-leo-4e-basile-5e-et-elsa-8e-bretons\\\/\",\"url\":\"https:\\\/\\\/janze-athletisme.fr\\\/wordpress\\\/cross-bzh-rose-4e-leo-4e-basile-5e-et-elsa-8e-bretons\\\/\",\"name\":\"Cross BZH : Rose 4e, L\u00e9o 4e, Basile 5e et Elsa 8e Bretons - Janz\u00e9 Athl\u00e9tisme\",\"isPartOf\":{\"@id\":\"https:\\\/\\\/janze-athletisme.fr\\\/wordpress\\\/#website\"},\"primaryImageOfPage\":{\"@id\":\"https:\\\/\\\/janze-athletisme.fr\\\/wordpress\\\/cross-bzh-rose-4e-leo-4e-basile-5e-et-elsa-8e-bretons\\\/#primaryimage\"},\"image\":{\"@id\":\"https:\\\/\\\/janze-athletisme.fr\\\/wordpress\\\/cross-bzh-rose-4e-leo-4e-basile-5e-et-elsa-8e-bretons\\\/#primaryimage\"},\"thumbnailUrl\":\"https:\\\/\\\/janze-athletisme.fr\\\/wordpress\\\/wp-content\\\/uploads\\\/2025\\\/02\\\/Leo-2fev2025-1.jpg\",\"datePublished\":\"2025-02-02T22:21:40+00:00\",\"dateModified\":\"2025-02-03T14:37:52+00:00\",\"breadcrumb\":{\"@id\":\"https:\\\/\\\/janze-athletisme.fr\\\/wordpress\\\/cross-bzh-rose-4e-leo-4e-basile-5e-et-elsa-8e-bretons\\\/#breadcrumb\"},\"inLanguage\":\"fr-FR\",\"potentialAction\":[{\"@type\":\"ReadAction\",\"target\":[\"https:\\\/\\\/janze-athletisme.fr\\\/wordpress\\\/cross-bzh-rose-4e-leo-4e-basile-5e-et-elsa-8e-bretons\\\/\"]}]},{\"@type\":\"ImageObject\",\"inLanguage\":\"fr-FR\",\"@id\":\"https:\\\/\\\/janze-athletisme.fr\\\/wordpress\\\/cross-bzh-rose-4e-leo-4e-basile-5e-et-elsa-8e-bretons\\\/#primaryimage\",\"url\":\"https:\\\/\\\/janze-athletisme.fr\\\/wordpress\\\/wp-content\\\/uploads\\\/2025\\\/02\\\/Leo-2fev2025-1.jpg\",\"contentUrl\":\"https:\\\/\\\/janze-athletisme.fr\\\/wordpress\\\/wp-content\\\/uploads\\\/2025\\\/02\\\/Leo-2fev2025-1.jpg\",\"width\":1200,\"height\":1200},{\"@type\":\"BreadcrumbList\",\"@id\":\"https:\\\/\\\/janze-athletisme.fr\\\/wordpress\\\/cross-bzh-rose-4e-leo-4e-basile-5e-et-elsa-8e-bretons\\\/#breadcrumb\",\"itemListElement\":[{\"@type\":\"ListItem\",\"position\":1,\"name\":\"Accueil\",\"item\":\"https:\\\/\\\/janze-athletisme.fr\\\/wordpress\\\/\"},{\"@type\":\"ListItem\",\"position\":2,\"name\":\"Cross BZH : Rose 4e, L\u00e9o 4e, Basile 5e et Elsa 8e Bretons\"}]},{\"@type\":\"WebSite\",\"@id\":\"https:\\\/\\\/janze-athletisme.fr\\\/wordpress\\\/#website\",\"url\":\"https:\\\/\\\/janze-athletisme.fr\\\/wordpress\\\/\",\"name\":\"Janz\u00e9 Athl\u00e9tisme\",\"description\":\"Pays de La Roche aux F\u00e9es\",\"publisher\":{\"@id\":\"https:\\\/\\\/janze-athletisme.fr\\\/wordpress\\\/#organization\"},\"potentialAction\":[{\"@type\":\"SearchAction\",\"target\":{\"@type\":\"EntryPoint\",\"urlTemplate\":\"https:\\\/\\\/janze-athletisme.fr\\\/wordpress\\\/?s={search_term_string}\"},\"query-input\":{\"@type\":\"PropertyValueSpecification\",\"valueRequired\":true,\"valueName\":\"search_term_string\"}}],\"inLanguage\":\"fr-FR\"},{\"@type\":\"Organization\",\"@id\":\"https:\\\/\\\/janze-athletisme.fr\\\/wordpress\\\/#organization\",\"name\":\"Janz\u00e9 Athl\u00e9tisme\",\"url\":\"https:\\\/\\\/janze-athletisme.fr\\\/wordpress\\\/\",\"logo\":{\"@type\":\"ImageObject\",\"inLanguage\":\"fr-FR\",\"@id\":\"https:\\\/\\\/janze-athletisme.fr\\\/wordpress\\\/#\\\/schema\\\/logo\\\/image\\\/\",\"url\":\"https:\\\/\\\/janze-athletisme.fr\\\/wordpress\\\/wp-content\\\/uploads\\\/2015\\\/03\\\/logo-full1.jpg\",\"contentUrl\":\"https:\\\/\\\/janze-athletisme.fr\\\/wordpress\\\/wp-content\\\/uploads\\\/2015\\\/03\\\/logo-full1.jpg\",\"width\":437,\"height\":205,\"caption\":\"Janz\u00e9 Athl\u00e9tisme\"},\"image\":{\"@id\":\"https:\\\/\\\/janze-athletisme.fr\\\/wordpress\\\/#\\\/schema\\\/logo\\\/image\\\/\"},\"sameAs\":[\"https:\\\/\\\/www.facebook.com\\\/groups\\\/1007964579346590\"]},{\"@type\":\"Person\",\"@id\":\"https:\\\/\\\/janze-athletisme.fr\\\/wordpress\\\/#\\\/schema\\\/person\\\/c7b063dcfa6234c041d4d9b26cc2ea03\",\"name\":\"Laurent Meunier\",\"image\":{\"@type\":\"ImageObject\",\"inLanguage\":\"fr-FR\",\"@id\":\"https:\\\/\\\/secure.gravatar.com\\\/avatar\\\/dd25d581ad7c3349090f2fa6a9adb6bfa287e6a5dd8a5216a092727cd8749034?s=96&d=mm&r=g\",\"url\":\"https:\\\/\\\/secure.gravatar.com\\\/avatar\\\/dd25d581ad7c3349090f2fa6a9adb6bfa287e6a5dd8a5216a092727cd8749034?s=96&d=mm&r=g\",\"contentUrl\":\"https:\\\/\\\/secure.gravatar.com\\\/avatar\\\/dd25d581ad7c3349090f2fa6a9adb6bfa287e6a5dd8a5216a092727cd8749034?s=96&d=mm&r=g\",\"caption\":\"Laurent Meunier\"},\"url\":\"https:\\\/\\\/janze-athletisme.fr\\\/wordpress\\\/author\\\/laurent-meunier35\\\/\"}]}<\/script>\n<!-- \/ Yoast SEO plugin. -->","yoast_head_json":{"title":"Cross BZH : Rose 4e, L\u00e9o 4e, Basile 5e et Elsa 8e Bretons - Janz\u00e9 Athl\u00e9tisme","robots":{"index":"index","follow":"follow","max-snippet":"max-snippet:-1","max-image-preview":"max-image-preview:large","max-video-preview":"max-video-preview:-1"},"canonical":"https:\/\/janze-athletisme.fr\/wordpress\/cross-bzh-rose-4e-leo-4e-basile-5e-et-elsa-8e-bretons\/","og_locale":"fr_FR","og_type":"article","og_title":"Cross BZH : Rose 4e, L\u00e9o 4e, Basile 5e et Elsa 8e Bretons - Janz\u00e9 Athl\u00e9tisme","og_description":"Championnat de Bretagne de cross-country, Brest, dimanche 2 f\u00e9vrier Rose Mah\u00e9 (Bain), 4e en minimes filles, L\u00e9o Guiheux 4e en cadets, Basile Chevrel 5e en espoirs (et 13e de la course \u00c9lites Hommes) et Elsa Mah\u00e9 (Bain) 8e en juniors filles sont les grosses satisfactions du jour pour l&rsquo;EAC \u00e0 l&rsquo;occasion de ces championnats de [&hellip;]","og_url":"https:\/\/janze-athletisme.fr\/wordpress\/cross-bzh-rose-4e-leo-4e-basile-5e-et-elsa-8e-bretons\/","og_site_name":"Janz\u00e9 Athl\u00e9tisme","article_publisher":"https:\/\/www.facebook.com\/groups\/1007964579346590","article_published_time":"2025-02-02T22:21:40+00:00","article_modified_time":"2025-02-03T14:37:52+00:00","og_image":[{"width":1200,"height":1200,"url":"https:\/\/janze-athletisme.fr\/wordpress\/wp-content\/uploads\/2025\/02\/Leo-2fev2025-1.jpg","type":"image\/jpeg"}],"author":"Laurent Meunier","twitter_card":"summary_large_image","twitter_misc":{"\u00c9crit par":"Laurent Meunier","Dur\u00e9e de lecture estim\u00e9e":"3 minutes"},"schema":{"@context":"https:\/\/schema.org","@graph":[{"@type":"Article","@id":"https:\/\/janze-athletisme.fr\/wordpress\/cross-bzh-rose-4e-leo-4e-basile-5e-et-elsa-8e-bretons\/#article","isPartOf":{"@id":"https:\/\/janze-athletisme.fr\/wordpress\/cross-bzh-rose-4e-leo-4e-basile-5e-et-elsa-8e-bretons\/"},"author":{"name":"Laurent Meunier","@id":"https:\/\/janze-athletisme.fr\/wordpress\/#\/schema\/person\/c7b063dcfa6234c041d4d9b26cc2ea03"},"headline":"Cross BZH : Rose 4e, L\u00e9o 4e, Basile 5e et Elsa 8e Bretons","datePublished":"2025-02-02T22:21:40+00:00","dateModified":"2025-02-03T14:37:52+00:00","mainEntityOfPage":{"@id":"https:\/\/janze-athletisme.fr\/wordpress\/cross-bzh-rose-4e-leo-4e-basile-5e-et-elsa-8e-bretons\/"},"wordCount":230,"commentCount":1,"publisher":{"@id":"https:\/\/janze-athletisme.fr\/wordpress\/#organization"},"image":{"@id":"https:\/\/janze-athletisme.fr\/wordpress\/cross-bzh-rose-4e-leo-4e-basile-5e-et-elsa-8e-bretons\/#primaryimage"},"thumbnailUrl":"https:\/\/janze-athletisme.fr\/wordpress\/wp-content\/uploads\/2025\/02\/Leo-2fev2025-1.jpg","articleSection":["Le club au jour le jour"],"inLanguage":"fr-FR","potentialAction":[{"@type":"CommentAction","name":"Comment","target":["https:\/\/janze-athletisme.fr\/wordpress\/cross-bzh-rose-4e-leo-4e-basile-5e-et-elsa-8e-bretons\/#respond"]}]},{"@type":"WebPage","@id":"https:\/\/janze-athletisme.fr\/wordpress\/cross-bzh-rose-4e-leo-4e-basile-5e-et-elsa-8e-bretons\/","url":"https:\/\/janze-athletisme.fr\/wordpress\/cross-bzh-rose-4e-leo-4e-basile-5e-et-elsa-8e-bretons\/","name":"Cross BZH : Rose 4e, L\u00e9o 4e, Basile 5e et Elsa 8e Bretons - Janz\u00e9 Athl\u00e9tisme","isPartOf":{"@id":"https:\/\/janze-athletisme.fr\/wordpress\/#website"},"primaryImageOfPage":{"@id":"https:\/\/janze-athletisme.fr\/wordpress\/cross-bzh-rose-4e-leo-4e-basile-5e-et-elsa-8e-bretons\/#primaryimage"},"image":{"@id":"https:\/\/janze-athletisme.fr\/wordpress\/cross-bzh-rose-4e-leo-4e-basile-5e-et-elsa-8e-bretons\/#primaryimage"},"thumbnailUrl":"https:\/\/janze-athletisme.fr\/wordpress\/wp-content\/uploads\/2025\/02\/Leo-2fev2025-1.jpg","datePublished":"2025-02-02T22:21:40+00:00","dateModified":"2025-02-03T14:37:52+00:00","breadcrumb":{"@id":"https:\/\/janze-athletisme.fr\/wordpress\/cross-bzh-rose-4e-leo-4e-basile-5e-et-elsa-8e-bretons\/#breadcrumb"},"inLanguage":"fr-FR","potentialAction":[{"@type":"ReadAction","target":["https:\/\/janze-athletisme.fr\/wordpress\/cross-bzh-rose-4e-leo-4e-basile-5e-et-elsa-8e-bretons\/"]}]},{"@type":"ImageObject","inLanguage":"fr-FR","@id":"https:\/\/janze-athletisme.fr\/wordpress\/cross-bzh-rose-4e-leo-4e-basile-5e-et-elsa-8e-bretons\/#primaryimage","url":"https:\/\/janze-athletisme.fr\/wordpress\/wp-content\/uploads\/2025\/02\/Leo-2fev2025-1.jpg","contentUrl":"https:\/\/janze-athletisme.fr\/wordpress\/wp-content\/uploads\/2025\/02\/Leo-2fev2025-1.jpg","width":1200,"height":1200},{"@type":"BreadcrumbList","@id":"https:\/\/janze-athletisme.fr\/wordpress\/cross-bzh-rose-4e-leo-4e-basile-5e-et-elsa-8e-bretons\/#breadcrumb","itemListElement":[{"@type":"ListItem","position":1,"name":"Accueil","item":"https:\/\/janze-athletisme.fr\/wordpress\/"},{"@type":"ListItem","position":2,"name":"Cross BZH : Rose 4e, L\u00e9o 4e, Basile 5e et Elsa 8e Bretons"}]},{"@type":"WebSite","@id":"https:\/\/janze-athletisme.fr\/wordpress\/#website","url":"https:\/\/janze-athletisme.fr\/wordpress\/","name":"Janz\u00e9 Athl\u00e9tisme","description":"Pays de La Roche aux F\u00e9es","publisher":{"@id":"https:\/\/janze-athletisme.fr\/wordpress\/#organization"},"potentialAction":[{"@type":"SearchAction","target":{"@type":"EntryPoint","urlTemplate":"https:\/\/janze-athletisme.fr\/wordpress\/?s={search_term_string}"},"query-input":{"@type":"PropertyValueSpecification","valueRequired":true,"valueName":"search_term_string"}}],"inLanguage":"fr-FR"},{"@type":"Organization","@id":"https:\/\/janze-athletisme.fr\/wordpress\/#organization","name":"Janz\u00e9 Athl\u00e9tisme","url":"https:\/\/janze-athletisme.fr\/wordpress\/","logo":{"@type":"ImageObject","inLanguage":"fr-FR","@id":"https:\/\/janze-athletisme.fr\/wordpress\/#\/schema\/logo\/image\/","url":"https:\/\/janze-athletisme.fr\/wordpress\/wp-content\/uploads\/2015\/03\/logo-full1.jpg","contentUrl":"https:\/\/janze-athletisme.fr\/wordpress\/wp-content\/uploads\/2015\/03\/logo-full1.jpg","width":437,"height":205,"caption":"Janz\u00e9 Athl\u00e9tisme"},"image":{"@id":"https:\/\/janze-athletisme.fr\/wordpress\/#\/schema\/logo\/image\/"},"sameAs":["https:\/\/www.facebook.com\/groups\/1007964579346590"]},{"@type":"Person","@id":"https:\/\/janze-athletisme.fr\/wordpress\/#\/schema\/person\/c7b063dcfa6234c041d4d9b26cc2ea03","name":"Laurent Meunier","image":{"@type":"ImageObject","inLanguage":"fr-FR","@id":"https:\/\/secure.gravatar.com\/avatar\/dd25d581ad7c3349090f2fa6a9adb6bfa287e6a5dd8a5216a092727cd8749034?s=96&d=mm&r=g","url":"https:\/\/secure.gravatar.com\/avatar\/dd25d581ad7c3349090f2fa6a9adb6bfa287e6a5dd8a5216a092727cd8749034?s=96&d=mm&r=g","contentUrl":"https:\/\/secure.gravatar.com\/avatar\/dd25d581ad7c3349090f2fa6a9adb6bfa287e6a5dd8a5216a092727cd8749034?s=96&d=mm&r=g","caption":"Laurent Meunier"},"url":"https:\/\/janze-athletisme.fr\/wordpress\/author\/laurent-meunier35\/"}]}},"uagb_featured_image_src":{"full":["https:\/\/janze-athletisme.fr\/wordpress\/wp-content\/uploads\/2025\/02\/Leo-2fev2025-1.jpg",1200,1200,false],"thumbnail":["https:\/\/janze-athletisme.fr\/wordpress\/wp-content\/uploads\/2025\/02\/Leo-2fev2025-1-150x150.jpg",150,150,true],"medium":["https:\/\/janze-athletisme.fr\/wordpress\/wp-content\/uploads\/2025\/02\/Leo-2fev2025-1-300x300.jpg",300,300,true],"medium_large":["https:\/\/janze-athletisme.fr\/wordpress\/wp-content\/uploads\/2025\/02\/Leo-2fev2025-1-768x768.jpg",768,768,true],"large":["https:\/\/janze-athletisme.fr\/wordpress\/wp-content\/uploads\/2025\/02\/Leo-2fev2025-1-1024x1024.jpg",1024,1024,true],"1536x1536":["https:\/\/janze-athletisme.fr\/wordpress\/wp-content\/uploads\/2025\/02\/Leo-2fev2025-1.jpg",1200,1200,false],"2048x2048":["https:\/\/janze-athletisme.fr\/wordpress\/wp-content\/uploads\/2025\/02\/Leo-2fev2025-1.jpg",1200,1200,false]},"uagb_author_info":{"display_name":"Laurent Meunier","author_link":"https:\/\/janze-athletisme.fr\/wordpress\/author\/laurent-meunier35\/"},"uagb_comment_info":1,"uagb_excerpt":"Championnat de Bretagne de cross-country, Brest, dimanche 2 f\u00e9vrier Rose Mah\u00e9 (Bain), 4e en minimes filles, L\u00e9o Guiheux 4e en cadets, Basile Chevrel 5e en espoirs (et 13e de la course \u00c9lites Hommes) et Elsa Mah\u00e9 (Bain) 8e en juniors filles sont les grosses satisfactions du jour pour l&rsquo;EAC \u00e0 l&rsquo;occasion de ces championnats de\u2026","_links":{"self":[{"href":"https:\/\/janze-athletisme.fr\/wordpress\/wp-json\/wp\/v2\/posts\/23269","targetHints":{"allow":["GET"]}}],"collection":[{"href":"https:\/\/janze-athletisme.fr\/wordpress\/wp-json\/wp\/v2\/posts"}],"about":[{"href":"https:\/\/janze-athletisme.fr\/wordpress\/wp-json\/wp\/v2\/types\/post"}],"author":[{"embeddable":true,"href":"https:\/\/janze-athletisme.fr\/wordpress\/wp-json\/wp\/v2\/users\/12"}],"replies":[{"embeddable":true,"href":"https:\/\/janze-athletisme.fr\/wordpress\/wp-json\/wp\/v2\/comments?post=23269"}],"version-history":[{"count":6,"href":"https:\/\/janze-athletisme.fr\/wordpress\/wp-json\/wp\/v2\/posts\/23269\/revisions"}],"predecessor-version":[{"id":23291,"href":"https:\/\/janze-athletisme.fr\/wordpress\/wp-json\/wp\/v2\/posts\/23269\/revisions\/23291"}],"wp:featuredmedia":[{"embeddable":true,"href":"https:\/\/janze-athletisme.fr\/wordpress\/wp-json\/wp\/v2\/media\/23274"}],"wp:attachment":[{"href":"https:\/\/janze-athletisme.fr\/wordpress\/wp-json\/wp\/v2\/media?parent=23269"}],"wp:term":[{"taxonomy":"category","embeddable":true,"href":"https:\/\/janze-athletisme.fr\/wordpress\/wp-json\/wp\/v2\/categories?post=23269"},{"taxonomy":"post_tag","embeddable":true,"href":"https:\/\/janze-athletisme.fr\/wordpress\/wp-json\/wp\/v2\/tags?post=23269"}],"curies":[{"name":"wp","href":"https:\/\/api.w.org\/{rel}","templated":true}]}}