{"id":23251,"date":"2025-02-01T18:21:04","date_gmt":"2025-02-01T17:21:04","guid":{"rendered":"https:\/\/janze-athletisme.fr\/wordpress\/?p=23251"},"modified":"2025-02-01T18:26:56","modified_gmt":"2025-02-01T17:26:56","slug":"appel-a-participation-stade-louis-lecoq-mardi-4-fevrier-19h","status":"publish","type":"post","link":"https:\/\/janze-athletisme.fr\/wordpress\/appel-a-participation-stade-louis-lecoq-mardi-4-fevrier-19h\/","title":{"rendered":"Appel \u00e0 participation : Stade Louis Lecoq mardi 4 f\u00e9vrier 19h"},"content":{"rendered":"<p><a href=\"https:\/\/janze-athletisme.fr\/wordpress\/wp-content\/uploads\/2025\/02\/Capture-decran-2025-02-01-181309-e1738430121134.png\"><img loading=\"lazy\" decoding=\"async\" class=\"wp-image-23255 alignleft\" src=\"https:\/\/janze-athletisme.fr\/wordpress\/wp-content\/uploads\/2025\/02\/Capture-decran-2025-02-01-181309-e1738430121134.png\" alt=\"\" width=\"171\" height=\"117\" srcset=\"https:\/\/janze-athletisme.fr\/wordpress\/wp-content\/uploads\/2025\/02\/Capture-decran-2025-02-01-181309-e1738430121134.png 433w, https:\/\/janze-athletisme.fr\/wordpress\/wp-content\/uploads\/2025\/02\/Capture-decran-2025-02-01-181309-e1738430121134-300x205.png 300w\" sizes=\"auto, (max-width: 171px) 100vw, 171px\" \/><\/a><a href=\"https:\/\/janze-athletisme.fr\/wordpress\/wp-content\/uploads\/2025\/02\/Capture-decran-2025-02-01-142108-1-e1738428772772.png\"><img loading=\"lazy\" decoding=\"async\" class=\"alignnone wp-image-23247\" src=\"https:\/\/janze-athletisme.fr\/wordpress\/wp-content\/uploads\/2025\/02\/Capture-decran-2025-02-01-142108-1-e1738428772772.png\" alt=\"\" width=\"760\" height=\"118\" srcset=\"https:\/\/janze-athletisme.fr\/wordpress\/wp-content\/uploads\/2025\/02\/Capture-decran-2025-02-01-142108-1-e1738428772772.png 785w, https:\/\/janze-athletisme.fr\/wordpress\/wp-content\/uploads\/2025\/02\/Capture-decran-2025-02-01-142108-1-e1738428772772-300x47.png 300w, https:\/\/janze-athletisme.fr\/wordpress\/wp-content\/uploads\/2025\/02\/Capture-decran-2025-02-01-142108-1-e1738428772772-768x119.png 768w\" sizes=\"auto, (max-width: 760px) 100vw, 760px\" \/><\/a><\/p>\n<p>Dans le cadre de leur formation en <strong>Master 1 biologie sant\u00e9 parcours canc\u00e9rologie \u00e0 l\u2019Universit\u00e9 de Rennes<\/strong>, deux \u00e9tudiantes seront pr\u00e9sentes au stade Louis Lecoq en d\u00e9but de s\u00e9ance mardi 04 f\u00e9vrier 2025 \u00e0 19h.<\/p>\n<p>A l\u2019occasion d\u2019une exp\u00e9rience scientifique, elles souhaitent pouvoir <strong>comparer les techniques de courses entre la course pieds nus et la course avec des chaussures de running<\/strong>.<\/p>\n<p>L\u2019intervention consiste \u00e0 faire des vid\u00e9os au niveau de pieds de ces deux types de courses. Pour que les conclusions de cette \u00e9tude soient les plus pertinentes possible, elles souhaitent avoir le maximum de participants.<br \/>\nJe vous propose donc de <strong>contribuer \u00e0 cette \u00e9tude en d\u00e9but de s\u00e9ance mardi prochain<\/strong>, avant de partir en footing d\u2019\u00e9chauffement. Nous ferons un passage pieds nus, puis un passage avec chaussures.<br \/>\nJe compte sur le maximum de participants, toutes les athl\u00e8tes du club sont les bienvenus.<\/p>\n<p>Pensez \u00e0 venir avec de quoi essuyer vos pieds et\/ou changer de chaussettes au cas o\u00f9\u00a0!<\/p>\n<p>Merci<\/p>\n<p>Coach Franck<\/p>\n","protected":false},"excerpt":{"rendered":"<p>Dans le cadre de leur formation en Master 1 biologie sant\u00e9 parcours canc\u00e9rologie \u00e0 l\u2019Universit\u00e9 de Rennes, deux \u00e9tudiantes seront pr\u00e9sentes au stade Louis Lecoq en d\u00e9but de s\u00e9ance mardi 04 f\u00e9vrier 2025 \u00e0 19h. A l\u2019occasion d\u2019une exp\u00e9rience scientifique, elles souhaitent pouvoir comparer les techniques de courses entre la course pieds nus et la [&hellip;]<\/p>\n","protected":false},"author":9,"featured_media":23255,"comment_status":"open","ping_status":"open","sticky":false,"template":"","format":"aside","meta":{"_uag_custom_page_level_css":"","site-sidebar-layout":"default","site-content-layout":"","ast-site-content-layout":"default","site-content-style":"default","site-sidebar-style":"default","ast-global-header-display":"","ast-banner-title-visibility":"","ast-main-header-display":"","ast-hfb-above-header-display":"","ast-hfb-below-header-display":"","ast-hfb-mobile-header-display":"","site-post-title":"","ast-breadcrumbs-content":"","ast-featured-img":"","footer-sml-layout":"","ast-disable-related-posts":"","theme-transparent-header-meta":"default","adv-header-id-meta":"","stick-header-meta":"","header-above-stick-meta":"","header-main-stick-meta":"","header-below-stick-meta":"","astra-migrate-meta-layouts":"set","ast-page-background-enabled":"default","ast-page-background-meta":{"desktop":{"background-color":"var(--ast-global-color-4)","background-image":"","background-repeat":"repeat","background-position":"center center","background-size":"auto","background-attachment":"scroll","background-type":"","background-media":"","overlay-type":"","overlay-color":"","overlay-opacity":"","overlay-gradient":""},"tablet":{"background-color":"","background-image":"","background-repeat":"repeat","background-position":"center center","background-size":"auto","background-attachment":"scroll","background-type":"","background-media":"","overlay-type":"","overlay-color":"","overlay-opacity":"","overlay-gradient":""},"mobile":{"background-color":"","background-image":"","background-repeat":"repeat","background-position":"center center","background-size":"auto","background-attachment":"scroll","background-type":"","background-media":"","overlay-type":"","overlay-color":"","overlay-opacity":"","overlay-gradient":""}},"ast-content-background-meta":{"desktop":{"background-color":"var(--ast-global-color-5)","background-image":"","background-repeat":"repeat","background-position":"center center","background-size":"auto","background-attachment":"scroll","background-type":"","background-media":"","overlay-type":"","overlay-color":"","overlay-opacity":"","overlay-gradient":""},"tablet":{"background-color":"var(--ast-global-color-5)","background-image":"","background-repeat":"repeat","background-position":"center center","background-size":"auto","background-attachment":"scroll","background-type":"","background-media":"","overlay-type":"","overlay-color":"","overlay-opacity":"","overlay-gradient":""},"mobile":{"background-color":"var(--ast-global-color-5)","background-image":"","background-repeat":"repeat","background-position":"center center","background-size":"auto","background-attachment":"scroll","background-type":"","background-media":"","overlay-type":"","overlay-color":"","overlay-opacity":"","overlay-gradient":""}},"footnotes":""},"categories":[6],"tags":[],"class_list":["post-23251","post","type-post","status-publish","format-aside","has-post-thumbnail","hentry","category-sections","post_format-post-format-aside"],"yoast_head":"<!-- This site is optimized with the Yoast SEO plugin v27.5 - https:\/\/yoast.com\/product\/yoast-seo-wordpress\/ -->\n<title>Appel \u00e0 participation : Stade Louis Lecoq mardi 4 f\u00e9vrier 19h - Janz\u00e9 Athl\u00e9tisme<\/title>\n<meta name=\"robots\" content=\"index, follow, max-snippet:-1, max-image-preview:large, max-video-preview:-1\" \/>\n<link rel=\"canonical\" href=\"https:\/\/janze-athletisme.fr\/wordpress\/appel-a-participation-stade-louis-lecoq-mardi-4-fevrier-19h\/\" \/>\n<meta property=\"og:locale\" content=\"fr_FR\" \/>\n<meta property=\"og:type\" content=\"article\" \/>\n<meta property=\"og:title\" content=\"Appel \u00e0 participation : Stade Louis Lecoq mardi 4 f\u00e9vrier 19h - Janz\u00e9 Athl\u00e9tisme\" \/>\n<meta property=\"og:description\" content=\"Dans le cadre de leur formation en Master 1 biologie sant\u00e9 parcours canc\u00e9rologie \u00e0 l\u2019Universit\u00e9 de Rennes, deux \u00e9tudiantes seront pr\u00e9sentes au stade Louis Lecoq en d\u00e9but de s\u00e9ance mardi 04 f\u00e9vrier 2025 \u00e0 19h. A l\u2019occasion d\u2019une exp\u00e9rience scientifique, elles souhaitent pouvoir comparer les techniques de courses entre la course pieds nus et la [&hellip;]\" \/>\n<meta property=\"og:url\" content=\"https:\/\/janze-athletisme.fr\/wordpress\/appel-a-participation-stade-louis-lecoq-mardi-4-fevrier-19h\/\" \/>\n<meta property=\"og:site_name\" content=\"Janz\u00e9 Athl\u00e9tisme\" \/>\n<meta property=\"article:publisher\" content=\"https:\/\/www.facebook.com\/groups\/1007964579346590\" \/>\n<meta property=\"article:published_time\" content=\"2025-02-01T17:21:04+00:00\" \/>\n<meta property=\"article:modified_time\" content=\"2025-02-01T17:26:56+00:00\" \/>\n<meta property=\"og:image\" content=\"https:\/\/janze-athletisme.fr\/wordpress\/wp-content\/uploads\/2025\/02\/Capture-decran-2025-02-01-181309-e1738430121134.png\" \/>\n\t<meta property=\"og:image:width\" content=\"433\" \/>\n\t<meta property=\"og:image:height\" content=\"296\" \/>\n\t<meta property=\"og:image:type\" content=\"image\/png\" \/>\n<meta name=\"author\" content=\"Franck Le Charpentier\" \/>\n<meta name=\"twitter:card\" content=\"summary_large_image\" \/>\n<meta name=\"twitter:label1\" content=\"\u00c9crit par\" \/>\n\t<meta name=\"twitter:data1\" content=\"Franck Le Charpentier\" \/>\n\t<meta name=\"twitter:label2\" content=\"Dur\u00e9e de lecture estim\u00e9e\" \/>\n\t<meta name=\"twitter:data2\" content=\"2 minutes\" \/>\n<script type=\"application\/ld+json\" class=\"yoast-schema-graph\">{\"@context\":\"https:\\\/\\\/schema.org\",\"@graph\":[{\"@type\":\"Article\",\"@id\":\"https:\\\/\\\/janze-athletisme.fr\\\/wordpress\\\/appel-a-participation-stade-louis-lecoq-mardi-4-fevrier-19h\\\/#article\",\"isPartOf\":{\"@id\":\"https:\\\/\\\/janze-athletisme.fr\\\/wordpress\\\/appel-a-participation-stade-louis-lecoq-mardi-4-fevrier-19h\\\/\"},\"author\":{\"name\":\"Franck Le Charpentier\",\"@id\":\"https:\\\/\\\/janze-athletisme.fr\\\/wordpress\\\/#\\\/schema\\\/person\\\/ad234bf8b030bd31c125b82a1ec33854\"},\"headline\":\"Appel \u00e0 participation : Stade Louis Lecoq mardi 4 f\u00e9vrier 19h\",\"datePublished\":\"2025-02-01T17:21:04+00:00\",\"dateModified\":\"2025-02-01T17:26:56+00:00\",\"mainEntityOfPage\":{\"@id\":\"https:\\\/\\\/janze-athletisme.fr\\\/wordpress\\\/appel-a-participation-stade-louis-lecoq-mardi-4-fevrier-19h\\\/\"},\"wordCount\":179,\"commentCount\":0,\"publisher\":{\"@id\":\"https:\\\/\\\/janze-athletisme.fr\\\/wordpress\\\/#organization\"},\"image\":{\"@id\":\"https:\\\/\\\/janze-athletisme.fr\\\/wordpress\\\/appel-a-participation-stade-louis-lecoq-mardi-4-fevrier-19h\\\/#primaryimage\"},\"thumbnailUrl\":\"https:\\\/\\\/janze-athletisme.fr\\\/wordpress\\\/wp-content\\\/uploads\\\/2025\\\/02\\\/Capture-decran-2025-02-01-181309-e1738430121134.png\",\"articleSection\":[\"Le club au jour le jour\"],\"inLanguage\":\"fr-FR\",\"potentialAction\":[{\"@type\":\"CommentAction\",\"name\":\"Comment\",\"target\":[\"https:\\\/\\\/janze-athletisme.fr\\\/wordpress\\\/appel-a-participation-stade-louis-lecoq-mardi-4-fevrier-19h\\\/#respond\"]}]},{\"@type\":\"WebPage\",\"@id\":\"https:\\\/\\\/janze-athletisme.fr\\\/wordpress\\\/appel-a-participation-stade-louis-lecoq-mardi-4-fevrier-19h\\\/\",\"url\":\"https:\\\/\\\/janze-athletisme.fr\\\/wordpress\\\/appel-a-participation-stade-louis-lecoq-mardi-4-fevrier-19h\\\/\",\"name\":\"Appel \u00e0 participation : Stade Louis Lecoq mardi 4 f\u00e9vrier 19h - Janz\u00e9 Athl\u00e9tisme\",\"isPartOf\":{\"@id\":\"https:\\\/\\\/janze-athletisme.fr\\\/wordpress\\\/#website\"},\"primaryImageOfPage\":{\"@id\":\"https:\\\/\\\/janze-athletisme.fr\\\/wordpress\\\/appel-a-participation-stade-louis-lecoq-mardi-4-fevrier-19h\\\/#primaryimage\"},\"image\":{\"@id\":\"https:\\\/\\\/janze-athletisme.fr\\\/wordpress\\\/appel-a-participation-stade-louis-lecoq-mardi-4-fevrier-19h\\\/#primaryimage\"},\"thumbnailUrl\":\"https:\\\/\\\/janze-athletisme.fr\\\/wordpress\\\/wp-content\\\/uploads\\\/2025\\\/02\\\/Capture-decran-2025-02-01-181309-e1738430121134.png\",\"datePublished\":\"2025-02-01T17:21:04+00:00\",\"dateModified\":\"2025-02-01T17:26:56+00:00\",\"breadcrumb\":{\"@id\":\"https:\\\/\\\/janze-athletisme.fr\\\/wordpress\\\/appel-a-participation-stade-louis-lecoq-mardi-4-fevrier-19h\\\/#breadcrumb\"},\"inLanguage\":\"fr-FR\",\"potentialAction\":[{\"@type\":\"ReadAction\",\"target\":[\"https:\\\/\\\/janze-athletisme.fr\\\/wordpress\\\/appel-a-participation-stade-louis-lecoq-mardi-4-fevrier-19h\\\/\"]}]},{\"@type\":\"ImageObject\",\"inLanguage\":\"fr-FR\",\"@id\":\"https:\\\/\\\/janze-athletisme.fr\\\/wordpress\\\/appel-a-participation-stade-louis-lecoq-mardi-4-fevrier-19h\\\/#primaryimage\",\"url\":\"https:\\\/\\\/janze-athletisme.fr\\\/wordpress\\\/wp-content\\\/uploads\\\/2025\\\/02\\\/Capture-decran-2025-02-01-181309-e1738430121134.png\",\"contentUrl\":\"https:\\\/\\\/janze-athletisme.fr\\\/wordpress\\\/wp-content\\\/uploads\\\/2025\\\/02\\\/Capture-decran-2025-02-01-181309-e1738430121134.png\",\"width\":433,\"height\":296},{\"@type\":\"BreadcrumbList\",\"@id\":\"https:\\\/\\\/janze-athletisme.fr\\\/wordpress\\\/appel-a-participation-stade-louis-lecoq-mardi-4-fevrier-19h\\\/#breadcrumb\",\"itemListElement\":[{\"@type\":\"ListItem\",\"position\":1,\"name\":\"Accueil\",\"item\":\"https:\\\/\\\/janze-athletisme.fr\\\/wordpress\\\/\"},{\"@type\":\"ListItem\",\"position\":2,\"name\":\"Appel \u00e0 participation : Stade Louis Lecoq mardi 4 f\u00e9vrier 19h\"}]},{\"@type\":\"WebSite\",\"@id\":\"https:\\\/\\\/janze-athletisme.fr\\\/wordpress\\\/#website\",\"url\":\"https:\\\/\\\/janze-athletisme.fr\\\/wordpress\\\/\",\"name\":\"Janz\u00e9 Athl\u00e9tisme\",\"description\":\"Pays de La Roche aux F\u00e9es\",\"publisher\":{\"@id\":\"https:\\\/\\\/janze-athletisme.fr\\\/wordpress\\\/#organization\"},\"potentialAction\":[{\"@type\":\"SearchAction\",\"target\":{\"@type\":\"EntryPoint\",\"urlTemplate\":\"https:\\\/\\\/janze-athletisme.fr\\\/wordpress\\\/?s={search_term_string}\"},\"query-input\":{\"@type\":\"PropertyValueSpecification\",\"valueRequired\":true,\"valueName\":\"search_term_string\"}}],\"inLanguage\":\"fr-FR\"},{\"@type\":\"Organization\",\"@id\":\"https:\\\/\\\/janze-athletisme.fr\\\/wordpress\\\/#organization\",\"name\":\"Janz\u00e9 Athl\u00e9tisme\",\"url\":\"https:\\\/\\\/janze-athletisme.fr\\\/wordpress\\\/\",\"logo\":{\"@type\":\"ImageObject\",\"inLanguage\":\"fr-FR\",\"@id\":\"https:\\\/\\\/janze-athletisme.fr\\\/wordpress\\\/#\\\/schema\\\/logo\\\/image\\\/\",\"url\":\"https:\\\/\\\/janze-athletisme.fr\\\/wordpress\\\/wp-content\\\/uploads\\\/2015\\\/03\\\/logo-full1.jpg\",\"contentUrl\":\"https:\\\/\\\/janze-athletisme.fr\\\/wordpress\\\/wp-content\\\/uploads\\\/2015\\\/03\\\/logo-full1.jpg\",\"width\":437,\"height\":205,\"caption\":\"Janz\u00e9 Athl\u00e9tisme\"},\"image\":{\"@id\":\"https:\\\/\\\/janze-athletisme.fr\\\/wordpress\\\/#\\\/schema\\\/logo\\\/image\\\/\"},\"sameAs\":[\"https:\\\/\\\/www.facebook.com\\\/groups\\\/1007964579346590\"]},{\"@type\":\"Person\",\"@id\":\"https:\\\/\\\/janze-athletisme.fr\\\/wordpress\\\/#\\\/schema\\\/person\\\/ad234bf8b030bd31c125b82a1ec33854\",\"name\":\"Franck Le Charpentier\",\"image\":{\"@type\":\"ImageObject\",\"inLanguage\":\"fr-FR\",\"@id\":\"https:\\\/\\\/secure.gravatar.com\\\/avatar\\\/fc189bc59f11679dc3da275ba96286a31423dc69df2d485d065331065a446964?s=96&d=mm&r=g\",\"url\":\"https:\\\/\\\/secure.gravatar.com\\\/avatar\\\/fc189bc59f11679dc3da275ba96286a31423dc69df2d485d065331065a446964?s=96&d=mm&r=g\",\"contentUrl\":\"https:\\\/\\\/secure.gravatar.com\\\/avatar\\\/fc189bc59f11679dc3da275ba96286a31423dc69df2d485d065331065a446964?s=96&d=mm&r=g\",\"caption\":\"Franck Le Charpentier\"},\"url\":\"https:\\\/\\\/janze-athletisme.fr\\\/wordpress\\\/author\\\/francklec\\\/\"}]}<\/script>\n<!-- \/ Yoast SEO plugin. -->","yoast_head_json":{"title":"Appel \u00e0 participation : Stade Louis Lecoq mardi 4 f\u00e9vrier 19h - Janz\u00e9 Athl\u00e9tisme","robots":{"index":"index","follow":"follow","max-snippet":"max-snippet:-1","max-image-preview":"max-image-preview:large","max-video-preview":"max-video-preview:-1"},"canonical":"https:\/\/janze-athletisme.fr\/wordpress\/appel-a-participation-stade-louis-lecoq-mardi-4-fevrier-19h\/","og_locale":"fr_FR","og_type":"article","og_title":"Appel \u00e0 participation : Stade Louis Lecoq mardi 4 f\u00e9vrier 19h - Janz\u00e9 Athl\u00e9tisme","og_description":"Dans le cadre de leur formation en Master 1 biologie sant\u00e9 parcours canc\u00e9rologie \u00e0 l\u2019Universit\u00e9 de Rennes, deux \u00e9tudiantes seront pr\u00e9sentes au stade Louis Lecoq en d\u00e9but de s\u00e9ance mardi 04 f\u00e9vrier 2025 \u00e0 19h. A l\u2019occasion d\u2019une exp\u00e9rience scientifique, elles souhaitent pouvoir comparer les techniques de courses entre la course pieds nus et la [&hellip;]","og_url":"https:\/\/janze-athletisme.fr\/wordpress\/appel-a-participation-stade-louis-lecoq-mardi-4-fevrier-19h\/","og_site_name":"Janz\u00e9 Athl\u00e9tisme","article_publisher":"https:\/\/www.facebook.com\/groups\/1007964579346590","article_published_time":"2025-02-01T17:21:04+00:00","article_modified_time":"2025-02-01T17:26:56+00:00","og_image":[{"width":433,"height":296,"url":"https:\/\/janze-athletisme.fr\/wordpress\/wp-content\/uploads\/2025\/02\/Capture-decran-2025-02-01-181309-e1738430121134.png","type":"image\/png"}],"author":"Franck Le Charpentier","twitter_card":"summary_large_image","twitter_misc":{"\u00c9crit par":"Franck Le Charpentier","Dur\u00e9e de lecture estim\u00e9e":"2 minutes"},"schema":{"@context":"https:\/\/schema.org","@graph":[{"@type":"Article","@id":"https:\/\/janze-athletisme.fr\/wordpress\/appel-a-participation-stade-louis-lecoq-mardi-4-fevrier-19h\/#article","isPartOf":{"@id":"https:\/\/janze-athletisme.fr\/wordpress\/appel-a-participation-stade-louis-lecoq-mardi-4-fevrier-19h\/"},"author":{"name":"Franck Le Charpentier","@id":"https:\/\/janze-athletisme.fr\/wordpress\/#\/schema\/person\/ad234bf8b030bd31c125b82a1ec33854"},"headline":"Appel \u00e0 participation : Stade Louis Lecoq mardi 4 f\u00e9vrier 19h","datePublished":"2025-02-01T17:21:04+00:00","dateModified":"2025-02-01T17:26:56+00:00","mainEntityOfPage":{"@id":"https:\/\/janze-athletisme.fr\/wordpress\/appel-a-participation-stade-louis-lecoq-mardi-4-fevrier-19h\/"},"wordCount":179,"commentCount":0,"publisher":{"@id":"https:\/\/janze-athletisme.fr\/wordpress\/#organization"},"image":{"@id":"https:\/\/janze-athletisme.fr\/wordpress\/appel-a-participation-stade-louis-lecoq-mardi-4-fevrier-19h\/#primaryimage"},"thumbnailUrl":"https:\/\/janze-athletisme.fr\/wordpress\/wp-content\/uploads\/2025\/02\/Capture-decran-2025-02-01-181309-e1738430121134.png","articleSection":["Le club au jour le jour"],"inLanguage":"fr-FR","potentialAction":[{"@type":"CommentAction","name":"Comment","target":["https:\/\/janze-athletisme.fr\/wordpress\/appel-a-participation-stade-louis-lecoq-mardi-4-fevrier-19h\/#respond"]}]},{"@type":"WebPage","@id":"https:\/\/janze-athletisme.fr\/wordpress\/appel-a-participation-stade-louis-lecoq-mardi-4-fevrier-19h\/","url":"https:\/\/janze-athletisme.fr\/wordpress\/appel-a-participation-stade-louis-lecoq-mardi-4-fevrier-19h\/","name":"Appel \u00e0 participation : Stade Louis Lecoq mardi 4 f\u00e9vrier 19h - Janz\u00e9 Athl\u00e9tisme","isPartOf":{"@id":"https:\/\/janze-athletisme.fr\/wordpress\/#website"},"primaryImageOfPage":{"@id":"https:\/\/janze-athletisme.fr\/wordpress\/appel-a-participation-stade-louis-lecoq-mardi-4-fevrier-19h\/#primaryimage"},"image":{"@id":"https:\/\/janze-athletisme.fr\/wordpress\/appel-a-participation-stade-louis-lecoq-mardi-4-fevrier-19h\/#primaryimage"},"thumbnailUrl":"https:\/\/janze-athletisme.fr\/wordpress\/wp-content\/uploads\/2025\/02\/Capture-decran-2025-02-01-181309-e1738430121134.png","datePublished":"2025-02-01T17:21:04+00:00","dateModified":"2025-02-01T17:26:56+00:00","breadcrumb":{"@id":"https:\/\/janze-athletisme.fr\/wordpress\/appel-a-participation-stade-louis-lecoq-mardi-4-fevrier-19h\/#breadcrumb"},"inLanguage":"fr-FR","potentialAction":[{"@type":"ReadAction","target":["https:\/\/janze-athletisme.fr\/wordpress\/appel-a-participation-stade-louis-lecoq-mardi-4-fevrier-19h\/"]}]},{"@type":"ImageObject","inLanguage":"fr-FR","@id":"https:\/\/janze-athletisme.fr\/wordpress\/appel-a-participation-stade-louis-lecoq-mardi-4-fevrier-19h\/#primaryimage","url":"https:\/\/janze-athletisme.fr\/wordpress\/wp-content\/uploads\/2025\/02\/Capture-decran-2025-02-01-181309-e1738430121134.png","contentUrl":"https:\/\/janze-athletisme.fr\/wordpress\/wp-content\/uploads\/2025\/02\/Capture-decran-2025-02-01-181309-e1738430121134.png","width":433,"height":296},{"@type":"BreadcrumbList","@id":"https:\/\/janze-athletisme.fr\/wordpress\/appel-a-participation-stade-louis-lecoq-mardi-4-fevrier-19h\/#breadcrumb","itemListElement":[{"@type":"ListItem","position":1,"name":"Accueil","item":"https:\/\/janze-athletisme.fr\/wordpress\/"},{"@type":"ListItem","position":2,"name":"Appel \u00e0 participation : Stade Louis Lecoq mardi 4 f\u00e9vrier 19h"}]},{"@type":"WebSite","@id":"https:\/\/janze-athletisme.fr\/wordpress\/#website","url":"https:\/\/janze-athletisme.fr\/wordpress\/","name":"Janz\u00e9 Athl\u00e9tisme","description":"Pays de La Roche aux F\u00e9es","publisher":{"@id":"https:\/\/janze-athletisme.fr\/wordpress\/#organization"},"potentialAction":[{"@type":"SearchAction","target":{"@type":"EntryPoint","urlTemplate":"https:\/\/janze-athletisme.fr\/wordpress\/?s={search_term_string}"},"query-input":{"@type":"PropertyValueSpecification","valueRequired":true,"valueName":"search_term_string"}}],"inLanguage":"fr-FR"},{"@type":"Organization","@id":"https:\/\/janze-athletisme.fr\/wordpress\/#organization","name":"Janz\u00e9 Athl\u00e9tisme","url":"https:\/\/janze-athletisme.fr\/wordpress\/","logo":{"@type":"ImageObject","inLanguage":"fr-FR","@id":"https:\/\/janze-athletisme.fr\/wordpress\/#\/schema\/logo\/image\/","url":"https:\/\/janze-athletisme.fr\/wordpress\/wp-content\/uploads\/2015\/03\/logo-full1.jpg","contentUrl":"https:\/\/janze-athletisme.fr\/wordpress\/wp-content\/uploads\/2015\/03\/logo-full1.jpg","width":437,"height":205,"caption":"Janz\u00e9 Athl\u00e9tisme"},"image":{"@id":"https:\/\/janze-athletisme.fr\/wordpress\/#\/schema\/logo\/image\/"},"sameAs":["https:\/\/www.facebook.com\/groups\/1007964579346590"]},{"@type":"Person","@id":"https:\/\/janze-athletisme.fr\/wordpress\/#\/schema\/person\/ad234bf8b030bd31c125b82a1ec33854","name":"Franck Le Charpentier","image":{"@type":"ImageObject","inLanguage":"fr-FR","@id":"https:\/\/secure.gravatar.com\/avatar\/fc189bc59f11679dc3da275ba96286a31423dc69df2d485d065331065a446964?s=96&d=mm&r=g","url":"https:\/\/secure.gravatar.com\/avatar\/fc189bc59f11679dc3da275ba96286a31423dc69df2d485d065331065a446964?s=96&d=mm&r=g","contentUrl":"https:\/\/secure.gravatar.com\/avatar\/fc189bc59f11679dc3da275ba96286a31423dc69df2d485d065331065a446964?s=96&d=mm&r=g","caption":"Franck Le Charpentier"},"url":"https:\/\/janze-athletisme.fr\/wordpress\/author\/francklec\/"}]}},"uagb_featured_image_src":{"full":["https:\/\/janze-athletisme.fr\/wordpress\/wp-content\/uploads\/2025\/02\/Capture-decran-2025-02-01-181309-e1738430121134.png",433,296,false],"thumbnail":["https:\/\/janze-athletisme.fr\/wordpress\/wp-content\/uploads\/2025\/02\/Capture-decran-2025-02-01-181309-e1738430121134-150x150.png",150,150,true],"medium":["https:\/\/janze-athletisme.fr\/wordpress\/wp-content\/uploads\/2025\/02\/Capture-decran-2025-02-01-181309-e1738430121134-300x205.png",300,205,true],"medium_large":["https:\/\/janze-athletisme.fr\/wordpress\/wp-content\/uploads\/2025\/02\/Capture-decran-2025-02-01-181309-e1738430121134.png",433,296,false],"large":["https:\/\/janze-athletisme.fr\/wordpress\/wp-content\/uploads\/2025\/02\/Capture-decran-2025-02-01-181309-e1738430121134.png",433,296,false],"1536x1536":["https:\/\/janze-athletisme.fr\/wordpress\/wp-content\/uploads\/2025\/02\/Capture-decran-2025-02-01-181309-e1738430121134.png",433,296,false],"2048x2048":["https:\/\/janze-athletisme.fr\/wordpress\/wp-content\/uploads\/2025\/02\/Capture-decran-2025-02-01-181309-e1738430121134.png",433,296,false]},"uagb_author_info":{"display_name":"Franck Le Charpentier","author_link":"https:\/\/janze-athletisme.fr\/wordpress\/author\/francklec\/"},"uagb_comment_info":0,"uagb_excerpt":"Dans le cadre de leur formation en Master 1 biologie sant\u00e9 parcours canc\u00e9rologie \u00e0 l\u2019Universit\u00e9 de Rennes, deux \u00e9tudiantes seront pr\u00e9sentes au stade Louis Lecoq en d\u00e9but de s\u00e9ance mardi 04 f\u00e9vrier 2025 \u00e0 19h. A l\u2019occasion d\u2019une exp\u00e9rience scientifique, elles souhaitent pouvoir comparer les techniques de courses entre la course pieds nus et la\u2026","_links":{"self":[{"href":"https:\/\/janze-athletisme.fr\/wordpress\/wp-json\/wp\/v2\/posts\/23251","targetHints":{"allow":["GET"]}}],"collection":[{"href":"https:\/\/janze-athletisme.fr\/wordpress\/wp-json\/wp\/v2\/posts"}],"about":[{"href":"https:\/\/janze-athletisme.fr\/wordpress\/wp-json\/wp\/v2\/types\/post"}],"author":[{"embeddable":true,"href":"https:\/\/janze-athletisme.fr\/wordpress\/wp-json\/wp\/v2\/users\/9"}],"replies":[{"embeddable":true,"href":"https:\/\/janze-athletisme.fr\/wordpress\/wp-json\/wp\/v2\/comments?post=23251"}],"version-history":[{"count":11,"href":"https:\/\/janze-athletisme.fr\/wordpress\/wp-json\/wp\/v2\/posts\/23251\/revisions"}],"predecessor-version":[{"id":23268,"href":"https:\/\/janze-athletisme.fr\/wordpress\/wp-json\/wp\/v2\/posts\/23251\/revisions\/23268"}],"wp:featuredmedia":[{"embeddable":true,"href":"https:\/\/janze-athletisme.fr\/wordpress\/wp-json\/wp\/v2\/media\/23255"}],"wp:attachment":[{"href":"https:\/\/janze-athletisme.fr\/wordpress\/wp-json\/wp\/v2\/media?parent=23251"}],"wp:term":[{"taxonomy":"category","embeddable":true,"href":"https:\/\/janze-athletisme.fr\/wordpress\/wp-json\/wp\/v2\/categories?post=23251"},{"taxonomy":"post_tag","embeddable":true,"href":"https:\/\/janze-athletisme.fr\/wordpress\/wp-json\/wp\/v2\/tags?post=23251"}],"curies":[{"name":"wp","href":"https:\/\/api.w.org\/{rel}","templated":true}]}}