{"id":23229,"date":"2025-01-30T21:47:14","date_gmt":"2025-01-30T20:47:14","guid":{"rendered":"https:\/\/janze-athletisme.fr\/wordpress\/?p=23229"},"modified":"2025-01-30T21:48:11","modified_gmt":"2025-01-30T20:48:11","slug":"49-athletes-de-leac-presents-dimanche-a-brest-et-16-a-rennes","status":"publish","type":"post","link":"https:\/\/janze-athletisme.fr\/wordpress\/49-athletes-de-leac-presents-dimanche-a-brest-et-16-a-rennes\/","title":{"rendered":"49 athl\u00e8tes de l&rsquo;EAC pr\u00e9sents dimanche \u00e0 Brest et 16 \u00e0 Rennes"},"content":{"rendered":"<p><span style=\"font-size: 18pt\"><strong>Championnat de Bretagne de cross-country, Brest, dimanche 2 f\u00e9vrier<\/strong><\/span><\/p>\n<p><em>Ils \u00e9taient 51 pr\u00e9vus pour le 26 janvier. Ils seront finalement 49 pr\u00e9sents le 2 f\u00e9vrier, dont 37 Janz\u00e9ens et Janz\u00e9ennes. Une belle d\u00e9l\u00e9gation donc pour des championnats qui s&rsquo;annoncent gras au sol (pointes de 15 au moins), mais sous une m\u00e9t\u00e9o qui sera (enfin) printani\u00e8re.<\/em><\/p>\n<p><span style=\"font-size: 14pt\"><strong>La liste des athl\u00e8tes EAC<\/strong><\/span><\/p>\n<p><strong><u>Benjamines <\/u><\/strong>(10h30 \/ 2820m) : <strong>Cl\u00e9mentine <\/strong>Caillaud.<\/p>\n<p><strong><u>Benjamins<\/u><\/strong> (10h50 \/ 2820m) : L\u00e9o Letort (Cesson), <strong>Axel <\/strong>Herv\u00e9, Nolan Plantet (Cesson).<\/p>\n<p><strong><u>Minimes filles<\/u><\/strong> (11h10 \/ 3720m) : Rose Mah\u00e9 (Bain), <strong>Rose<\/strong> Meyer-Blanchot, <strong>Nina<\/strong> Rocher, Ad\u00e8le Diraison (Cesson).<\/p>\n<p><strong><u>Cadettes<\/u><\/strong> (11h30 \/ 3720m) : <strong>L\u00e9a<\/strong> Robert, <strong>Bertille<\/strong> Louaisil, <strong>Faustine<\/strong> Louaisil, <strong>Louna<\/strong> Perrin, <strong>Camille <\/strong>Danet, <strong>Jeanne<\/strong> Richard, <strong>Lucie <\/strong>Gadby, Juliette Sutter (Cesson), <strong>Manon<\/strong> Guiot.<\/p>\n<p><strong><u>Minimes gar\u00e7ons<\/u><\/strong> (12h \/ 4040m) : <strong>Gabin<\/strong> Roussel, <strong>Paul <\/strong>Bourgault, <strong>Lucas<\/strong> Guiheux, <strong>Thibault <\/strong>Phillippe-Passot, <strong>Kelyan<\/strong> Rooy, <strong>Alban <\/strong>Cantin, <strong>Arthur <\/strong>Boucard, <strong>Mathys <\/strong>Riot.<\/p>\n<p><strong><u>Masters <\/u><\/strong>(12h30 \/ 8580m) : <strong>Micka\u00ebl <\/strong>Piquet, <strong>Micka\u00ebl<\/strong> Balluet, Samuel Bergeon (Bain), <strong>Wilfrid<\/strong> Lebreton, Denis Caillaud (Bain), <strong>Julien<\/strong> Roussel, Cyrille Jollivel (Bain), <strong>Jean-Marie<\/strong> Jouzel.<\/p>\n<p><strong><u>Cadets<\/u><\/strong> (13h10 \/ 4940m) : <strong>L\u00e9o <\/strong>Guiheux, <strong>Rapha\u00ebl <\/strong>Bou\u00e9, <strong>Esteban <\/strong>Bouillaux, <strong>Noah<\/strong> Barill\u00e9, <strong>Lohan <\/strong>Ksouda-Lain\u00e9.<\/p>\n<p><strong><u>Juniors filles<\/u><\/strong> (14h \/ 4540m) : Elsa Mah\u00e9 (Bain).<\/p>\n<p><strong><u>Juniors Hommes<\/u><\/strong> (14h40 \/ 5960m) : N\u00e9ant.<\/p>\n<p><strong><u>Elites Femmes <\/u><\/strong>(15h20 \/ 7680m) : <strong>Lou<\/strong> Gaspais, <strong>Maryse <\/strong>Veyer, Virginie Balluet (Bain), <strong>La\u00efs<\/strong> Meunier.<\/p>\n<p><strong><u>Elites Hommes<\/u><\/strong> (16h10 \/ 8580m) : S\u00e9bastien Kern\u00e9\u00efs (Cesson), <strong>Basile<\/strong> Chevrel, <strong>Fred<\/strong> Breut, Pierre-Xavier Bouvier (Bain), <strong>Romain <\/strong>Le Goff, <strong>Micka\u00ebl<\/strong> Auroy.<\/p>\n<p><span style=\"font-size: 18pt\"><strong>Pr\u00e9-France individuel indoor U18 &amp; +, salle Robert-Poirier, samedi 1<sup>er<\/sup> et dimanche 2 f\u00e9vrier<\/strong><\/span><\/p>\n<p><em>16 athl\u00e8tes de l&rsquo;EAC feront le d\u00e9placement (moins lointain) de Robert-Poirier ce week-end pour les Pr\u00e9-France individuels en salle. Petite d\u00e9l\u00e9gation, mais ambitieuse. 6 de nos repr\u00e9sentants janz\u00e9ens seront pr\u00e9sents sur ces 16.<\/em><\/p>\n<p><span style=\"font-size: 14pt\"><strong>La liste des athl\u00e8tes EAC<\/strong><\/span><\/p>\n<p>Lola Foeillet (Cesson) 60m et 200m CAF, Pauline Le Bihan (Cesson) 60m, longueur et 200m ESF, Lucie Duvigneau (Cesson) 200m et 400m CAF, <strong>Cl\u00e9mence<\/strong> Lamoureux 800m CAF, Sterenn Tanguy (Cesson) 60m haies, longueur et 800m JUF, <strong>Quentin<\/strong> Planchenault 200m CAM, Fran\u00e7ois Chevalier (Cesson) 200m et 400m JUM, <strong>B\u00e9renger <\/strong>Tardif 200m et 400m JUM, <strong>Thibault<\/strong> Vilay 200m et hauteur JUM, Hugo Baudu (Cesson) 200m SEM, Yoann Devaud (Cesson) 200m et 400m SEM, <strong>Henri <\/strong>Carmes 400m CAM, Evan Thebault (Cesson) 400m ESM, Robin Legouable (Cesson) 800m ESM, Martin Lambard (Cesson) 800m SEM, <strong>Enzo<\/strong> Paccini poids ESM.<\/p>\n","protected":false},"excerpt":{"rendered":"<p>Championnat de Bretagne de cross-country, Brest, dimanche 2 f\u00e9vrier Ils \u00e9taient 51 pr\u00e9vus pour le 26 janvier. Ils seront finalement 49 pr\u00e9sents le 2 f\u00e9vrier, dont 37 Janz\u00e9ens et Janz\u00e9ennes. Une belle d\u00e9l\u00e9gation donc pour des championnats qui s&rsquo;annoncent gras au sol (pointes de 15 au moins), mais sous une m\u00e9t\u00e9o qui sera (enfin) printani\u00e8re. [&hellip;]<\/p>\n","protected":false},"author":12,"featured_media":22991,"comment_status":"open","ping_status":"open","sticky":false,"template":"","format":"aside","meta":{"_uag_custom_page_level_css":"","site-sidebar-layout":"default","site-content-layout":"","ast-site-content-layout":"default","site-content-style":"default","site-sidebar-style":"default","ast-global-header-display":"","ast-banner-title-visibility":"","ast-main-header-display":"","ast-hfb-above-header-display":"","ast-hfb-below-header-display":"","ast-hfb-mobile-header-display":"","site-post-title":"","ast-breadcrumbs-content":"","ast-featured-img":"","footer-sml-layout":"","ast-disable-related-posts":"","theme-transparent-header-meta":"default","adv-header-id-meta":"","stick-header-meta":"","header-above-stick-meta":"","header-main-stick-meta":"","header-below-stick-meta":"","astra-migrate-meta-layouts":"set","ast-page-background-enabled":"default","ast-page-background-meta":{"desktop":{"background-color":"var(--ast-global-color-4)","background-image":"","background-repeat":"repeat","background-position":"center center","background-size":"auto","background-attachment":"scroll","background-type":"","background-media":"","overlay-type":"","overlay-color":"","overlay-opacity":"","overlay-gradient":""},"tablet":{"background-color":"","background-image":"","background-repeat":"repeat","background-position":"center center","background-size":"auto","background-attachment":"scroll","background-type":"","background-media":"","overlay-type":"","overlay-color":"","overlay-opacity":"","overlay-gradient":""},"mobile":{"background-color":"","background-image":"","background-repeat":"repeat","background-position":"center center","background-size":"auto","background-attachment":"scroll","background-type":"","background-media":"","overlay-type":"","overlay-color":"","overlay-opacity":"","overlay-gradient":""}},"ast-content-background-meta":{"desktop":{"background-color":"var(--ast-global-color-5)","background-image":"","background-repeat":"repeat","background-position":"center center","background-size":"auto","background-attachment":"scroll","background-type":"","background-media":"","overlay-type":"","overlay-color":"","overlay-opacity":"","overlay-gradient":""},"tablet":{"background-color":"var(--ast-global-color-5)","background-image":"","background-repeat":"repeat","background-position":"center center","background-size":"auto","background-attachment":"scroll","background-type":"","background-media":"","overlay-type":"","overlay-color":"","overlay-opacity":"","overlay-gradient":""},"mobile":{"background-color":"var(--ast-global-color-5)","background-image":"","background-repeat":"repeat","background-position":"center center","background-size":"auto","background-attachment":"scroll","background-type":"","background-media":"","overlay-type":"","overlay-color":"","overlay-opacity":"","overlay-gradient":""}},"footnotes":""},"categories":[6],"tags":[],"class_list":["post-23229","post","type-post","status-publish","format-aside","has-post-thumbnail","hentry","category-sections","post_format-post-format-aside"],"yoast_head":"<!-- This site is optimized with the Yoast SEO plugin v27.5 - https:\/\/yoast.com\/product\/yoast-seo-wordpress\/ -->\n<title>49 athl\u00e8tes de l&#039;EAC pr\u00e9sents dimanche \u00e0 Brest et 16 \u00e0 Rennes - Janz\u00e9 Athl\u00e9tisme<\/title>\n<meta name=\"robots\" content=\"index, follow, max-snippet:-1, max-image-preview:large, max-video-preview:-1\" \/>\n<link rel=\"canonical\" href=\"https:\/\/janze-athletisme.fr\/wordpress\/49-athletes-de-leac-presents-dimanche-a-brest-et-16-a-rennes\/\" \/>\n<meta property=\"og:locale\" content=\"fr_FR\" \/>\n<meta property=\"og:type\" content=\"article\" \/>\n<meta property=\"og:title\" content=\"49 athl\u00e8tes de l&#039;EAC pr\u00e9sents dimanche \u00e0 Brest et 16 \u00e0 Rennes - Janz\u00e9 Athl\u00e9tisme\" \/>\n<meta property=\"og:description\" content=\"Championnat de Bretagne de cross-country, Brest, dimanche 2 f\u00e9vrier Ils \u00e9taient 51 pr\u00e9vus pour le 26 janvier. Ils seront finalement 49 pr\u00e9sents le 2 f\u00e9vrier, dont 37 Janz\u00e9ens et Janz\u00e9ennes. Une belle d\u00e9l\u00e9gation donc pour des championnats qui s&rsquo;annoncent gras au sol (pointes de 15 au moins), mais sous une m\u00e9t\u00e9o qui sera (enfin) printani\u00e8re. [&hellip;]\" \/>\n<meta property=\"og:url\" content=\"https:\/\/janze-athletisme.fr\/wordpress\/49-athletes-de-leac-presents-dimanche-a-brest-et-16-a-rennes\/\" \/>\n<meta property=\"og:site_name\" content=\"Janz\u00e9 Athl\u00e9tisme\" \/>\n<meta property=\"article:publisher\" content=\"https:\/\/www.facebook.com\/groups\/1007964579346590\" \/>\n<meta property=\"article:published_time\" content=\"2025-01-30T20:47:14+00:00\" \/>\n<meta property=\"article:modified_time\" content=\"2025-01-30T20:48:11+00:00\" \/>\n<meta property=\"og:image\" content=\"https:\/\/janze-athletisme.fr\/wordpress\/wp-content\/uploads\/2025\/01\/DSC_1820-e1738270022211.jpg\" \/>\n\t<meta property=\"og:image:width\" content=\"1200\" \/>\n\t<meta property=\"og:image:height\" content=\"1338\" \/>\n\t<meta property=\"og:image:type\" content=\"image\/jpeg\" \/>\n<meta name=\"author\" content=\"Laurent Meunier\" \/>\n<meta name=\"twitter:card\" content=\"summary_large_image\" \/>\n<meta name=\"twitter:label1\" content=\"\u00c9crit par\" \/>\n\t<meta name=\"twitter:data1\" content=\"Laurent Meunier\" \/>\n\t<meta name=\"twitter:label2\" content=\"Dur\u00e9e de lecture estim\u00e9e\" \/>\n\t<meta name=\"twitter:data2\" content=\"3 minutes\" \/>\n<script type=\"application\/ld+json\" class=\"yoast-schema-graph\">{\"@context\":\"https:\\\/\\\/schema.org\",\"@graph\":[{\"@type\":\"Article\",\"@id\":\"https:\\\/\\\/janze-athletisme.fr\\\/wordpress\\\/49-athletes-de-leac-presents-dimanche-a-brest-et-16-a-rennes\\\/#article\",\"isPartOf\":{\"@id\":\"https:\\\/\\\/janze-athletisme.fr\\\/wordpress\\\/49-athletes-de-leac-presents-dimanche-a-brest-et-16-a-rennes\\\/\"},\"author\":{\"name\":\"Laurent Meunier\",\"@id\":\"https:\\\/\\\/janze-athletisme.fr\\\/wordpress\\\/#\\\/schema\\\/person\\\/c7b063dcfa6234c041d4d9b26cc2ea03\"},\"headline\":\"49 athl\u00e8tes de l&rsquo;EAC pr\u00e9sents dimanche \u00e0 Brest et 16 \u00e0 Rennes\",\"datePublished\":\"2025-01-30T20:47:14+00:00\",\"dateModified\":\"2025-01-30T20:48:11+00:00\",\"mainEntityOfPage\":{\"@id\":\"https:\\\/\\\/janze-athletisme.fr\\\/wordpress\\\/49-athletes-de-leac-presents-dimanche-a-brest-et-16-a-rennes\\\/\"},\"wordCount\":398,\"commentCount\":0,\"publisher\":{\"@id\":\"https:\\\/\\\/janze-athletisme.fr\\\/wordpress\\\/#organization\"},\"image\":{\"@id\":\"https:\\\/\\\/janze-athletisme.fr\\\/wordpress\\\/49-athletes-de-leac-presents-dimanche-a-brest-et-16-a-rennes\\\/#primaryimage\"},\"thumbnailUrl\":\"https:\\\/\\\/janze-athletisme.fr\\\/wordpress\\\/wp-content\\\/uploads\\\/2025\\\/01\\\/DSC_1820-e1738270022211.jpg\",\"articleSection\":[\"Le club au jour le jour\"],\"inLanguage\":\"fr-FR\",\"potentialAction\":[{\"@type\":\"CommentAction\",\"name\":\"Comment\",\"target\":[\"https:\\\/\\\/janze-athletisme.fr\\\/wordpress\\\/49-athletes-de-leac-presents-dimanche-a-brest-et-16-a-rennes\\\/#respond\"]}]},{\"@type\":\"WebPage\",\"@id\":\"https:\\\/\\\/janze-athletisme.fr\\\/wordpress\\\/49-athletes-de-leac-presents-dimanche-a-brest-et-16-a-rennes\\\/\",\"url\":\"https:\\\/\\\/janze-athletisme.fr\\\/wordpress\\\/49-athletes-de-leac-presents-dimanche-a-brest-et-16-a-rennes\\\/\",\"name\":\"49 athl\u00e8tes de l'EAC pr\u00e9sents dimanche \u00e0 Brest et 16 \u00e0 Rennes - Janz\u00e9 Athl\u00e9tisme\",\"isPartOf\":{\"@id\":\"https:\\\/\\\/janze-athletisme.fr\\\/wordpress\\\/#website\"},\"primaryImageOfPage\":{\"@id\":\"https:\\\/\\\/janze-athletisme.fr\\\/wordpress\\\/49-athletes-de-leac-presents-dimanche-a-brest-et-16-a-rennes\\\/#primaryimage\"},\"image\":{\"@id\":\"https:\\\/\\\/janze-athletisme.fr\\\/wordpress\\\/49-athletes-de-leac-presents-dimanche-a-brest-et-16-a-rennes\\\/#primaryimage\"},\"thumbnailUrl\":\"https:\\\/\\\/janze-athletisme.fr\\\/wordpress\\\/wp-content\\\/uploads\\\/2025\\\/01\\\/DSC_1820-e1738270022211.jpg\",\"datePublished\":\"2025-01-30T20:47:14+00:00\",\"dateModified\":\"2025-01-30T20:48:11+00:00\",\"breadcrumb\":{\"@id\":\"https:\\\/\\\/janze-athletisme.fr\\\/wordpress\\\/49-athletes-de-leac-presents-dimanche-a-brest-et-16-a-rennes\\\/#breadcrumb\"},\"inLanguage\":\"fr-FR\",\"potentialAction\":[{\"@type\":\"ReadAction\",\"target\":[\"https:\\\/\\\/janze-athletisme.fr\\\/wordpress\\\/49-athletes-de-leac-presents-dimanche-a-brest-et-16-a-rennes\\\/\"]}]},{\"@type\":\"ImageObject\",\"inLanguage\":\"fr-FR\",\"@id\":\"https:\\\/\\\/janze-athletisme.fr\\\/wordpress\\\/49-athletes-de-leac-presents-dimanche-a-brest-et-16-a-rennes\\\/#primaryimage\",\"url\":\"https:\\\/\\\/janze-athletisme.fr\\\/wordpress\\\/wp-content\\\/uploads\\\/2025\\\/01\\\/DSC_1820-e1738270022211.jpg\",\"contentUrl\":\"https:\\\/\\\/janze-athletisme.fr\\\/wordpress\\\/wp-content\\\/uploads\\\/2025\\\/01\\\/DSC_1820-e1738270022211.jpg\",\"width\":1200,\"height\":1338},{\"@type\":\"BreadcrumbList\",\"@id\":\"https:\\\/\\\/janze-athletisme.fr\\\/wordpress\\\/49-athletes-de-leac-presents-dimanche-a-brest-et-16-a-rennes\\\/#breadcrumb\",\"itemListElement\":[{\"@type\":\"ListItem\",\"position\":1,\"name\":\"Accueil\",\"item\":\"https:\\\/\\\/janze-athletisme.fr\\\/wordpress\\\/\"},{\"@type\":\"ListItem\",\"position\":2,\"name\":\"49 athl\u00e8tes de l&rsquo;EAC pr\u00e9sents dimanche \u00e0 Brest et 16 \u00e0 Rennes\"}]},{\"@type\":\"WebSite\",\"@id\":\"https:\\\/\\\/janze-athletisme.fr\\\/wordpress\\\/#website\",\"url\":\"https:\\\/\\\/janze-athletisme.fr\\\/wordpress\\\/\",\"name\":\"Janz\u00e9 Athl\u00e9tisme\",\"description\":\"Pays de La Roche aux F\u00e9es\",\"publisher\":{\"@id\":\"https:\\\/\\\/janze-athletisme.fr\\\/wordpress\\\/#organization\"},\"potentialAction\":[{\"@type\":\"SearchAction\",\"target\":{\"@type\":\"EntryPoint\",\"urlTemplate\":\"https:\\\/\\\/janze-athletisme.fr\\\/wordpress\\\/?s={search_term_string}\"},\"query-input\":{\"@type\":\"PropertyValueSpecification\",\"valueRequired\":true,\"valueName\":\"search_term_string\"}}],\"inLanguage\":\"fr-FR\"},{\"@type\":\"Organization\",\"@id\":\"https:\\\/\\\/janze-athletisme.fr\\\/wordpress\\\/#organization\",\"name\":\"Janz\u00e9 Athl\u00e9tisme\",\"url\":\"https:\\\/\\\/janze-athletisme.fr\\\/wordpress\\\/\",\"logo\":{\"@type\":\"ImageObject\",\"inLanguage\":\"fr-FR\",\"@id\":\"https:\\\/\\\/janze-athletisme.fr\\\/wordpress\\\/#\\\/schema\\\/logo\\\/image\\\/\",\"url\":\"https:\\\/\\\/janze-athletisme.fr\\\/wordpress\\\/wp-content\\\/uploads\\\/2015\\\/03\\\/logo-full1.jpg\",\"contentUrl\":\"https:\\\/\\\/janze-athletisme.fr\\\/wordpress\\\/wp-content\\\/uploads\\\/2015\\\/03\\\/logo-full1.jpg\",\"width\":437,\"height\":205,\"caption\":\"Janz\u00e9 Athl\u00e9tisme\"},\"image\":{\"@id\":\"https:\\\/\\\/janze-athletisme.fr\\\/wordpress\\\/#\\\/schema\\\/logo\\\/image\\\/\"},\"sameAs\":[\"https:\\\/\\\/www.facebook.com\\\/groups\\\/1007964579346590\"]},{\"@type\":\"Person\",\"@id\":\"https:\\\/\\\/janze-athletisme.fr\\\/wordpress\\\/#\\\/schema\\\/person\\\/c7b063dcfa6234c041d4d9b26cc2ea03\",\"name\":\"Laurent Meunier\",\"image\":{\"@type\":\"ImageObject\",\"inLanguage\":\"fr-FR\",\"@id\":\"https:\\\/\\\/secure.gravatar.com\\\/avatar\\\/dd25d581ad7c3349090f2fa6a9adb6bfa287e6a5dd8a5216a092727cd8749034?s=96&d=mm&r=g\",\"url\":\"https:\\\/\\\/secure.gravatar.com\\\/avatar\\\/dd25d581ad7c3349090f2fa6a9adb6bfa287e6a5dd8a5216a092727cd8749034?s=96&d=mm&r=g\",\"contentUrl\":\"https:\\\/\\\/secure.gravatar.com\\\/avatar\\\/dd25d581ad7c3349090f2fa6a9adb6bfa287e6a5dd8a5216a092727cd8749034?s=96&d=mm&r=g\",\"caption\":\"Laurent Meunier\"},\"url\":\"https:\\\/\\\/janze-athletisme.fr\\\/wordpress\\\/author\\\/laurent-meunier35\\\/\"}]}<\/script>\n<!-- \/ Yoast SEO plugin. -->","yoast_head_json":{"title":"49 athl\u00e8tes de l'EAC pr\u00e9sents dimanche \u00e0 Brest et 16 \u00e0 Rennes - Janz\u00e9 Athl\u00e9tisme","robots":{"index":"index","follow":"follow","max-snippet":"max-snippet:-1","max-image-preview":"max-image-preview:large","max-video-preview":"max-video-preview:-1"},"canonical":"https:\/\/janze-athletisme.fr\/wordpress\/49-athletes-de-leac-presents-dimanche-a-brest-et-16-a-rennes\/","og_locale":"fr_FR","og_type":"article","og_title":"49 athl\u00e8tes de l'EAC pr\u00e9sents dimanche \u00e0 Brest et 16 \u00e0 Rennes - Janz\u00e9 Athl\u00e9tisme","og_description":"Championnat de Bretagne de cross-country, Brest, dimanche 2 f\u00e9vrier Ils \u00e9taient 51 pr\u00e9vus pour le 26 janvier. Ils seront finalement 49 pr\u00e9sents le 2 f\u00e9vrier, dont 37 Janz\u00e9ens et Janz\u00e9ennes. Une belle d\u00e9l\u00e9gation donc pour des championnats qui s&rsquo;annoncent gras au sol (pointes de 15 au moins), mais sous une m\u00e9t\u00e9o qui sera (enfin) printani\u00e8re. [&hellip;]","og_url":"https:\/\/janze-athletisme.fr\/wordpress\/49-athletes-de-leac-presents-dimanche-a-brest-et-16-a-rennes\/","og_site_name":"Janz\u00e9 Athl\u00e9tisme","article_publisher":"https:\/\/www.facebook.com\/groups\/1007964579346590","article_published_time":"2025-01-30T20:47:14+00:00","article_modified_time":"2025-01-30T20:48:11+00:00","og_image":[{"width":1200,"height":1338,"url":"https:\/\/janze-athletisme.fr\/wordpress\/wp-content\/uploads\/2025\/01\/DSC_1820-e1738270022211.jpg","type":"image\/jpeg"}],"author":"Laurent Meunier","twitter_card":"summary_large_image","twitter_misc":{"\u00c9crit par":"Laurent Meunier","Dur\u00e9e de lecture estim\u00e9e":"3 minutes"},"schema":{"@context":"https:\/\/schema.org","@graph":[{"@type":"Article","@id":"https:\/\/janze-athletisme.fr\/wordpress\/49-athletes-de-leac-presents-dimanche-a-brest-et-16-a-rennes\/#article","isPartOf":{"@id":"https:\/\/janze-athletisme.fr\/wordpress\/49-athletes-de-leac-presents-dimanche-a-brest-et-16-a-rennes\/"},"author":{"name":"Laurent Meunier","@id":"https:\/\/janze-athletisme.fr\/wordpress\/#\/schema\/person\/c7b063dcfa6234c041d4d9b26cc2ea03"},"headline":"49 athl\u00e8tes de l&rsquo;EAC pr\u00e9sents dimanche \u00e0 Brest et 16 \u00e0 Rennes","datePublished":"2025-01-30T20:47:14+00:00","dateModified":"2025-01-30T20:48:11+00:00","mainEntityOfPage":{"@id":"https:\/\/janze-athletisme.fr\/wordpress\/49-athletes-de-leac-presents-dimanche-a-brest-et-16-a-rennes\/"},"wordCount":398,"commentCount":0,"publisher":{"@id":"https:\/\/janze-athletisme.fr\/wordpress\/#organization"},"image":{"@id":"https:\/\/janze-athletisme.fr\/wordpress\/49-athletes-de-leac-presents-dimanche-a-brest-et-16-a-rennes\/#primaryimage"},"thumbnailUrl":"https:\/\/janze-athletisme.fr\/wordpress\/wp-content\/uploads\/2025\/01\/DSC_1820-e1738270022211.jpg","articleSection":["Le club au jour le jour"],"inLanguage":"fr-FR","potentialAction":[{"@type":"CommentAction","name":"Comment","target":["https:\/\/janze-athletisme.fr\/wordpress\/49-athletes-de-leac-presents-dimanche-a-brest-et-16-a-rennes\/#respond"]}]},{"@type":"WebPage","@id":"https:\/\/janze-athletisme.fr\/wordpress\/49-athletes-de-leac-presents-dimanche-a-brest-et-16-a-rennes\/","url":"https:\/\/janze-athletisme.fr\/wordpress\/49-athletes-de-leac-presents-dimanche-a-brest-et-16-a-rennes\/","name":"49 athl\u00e8tes de l'EAC pr\u00e9sents dimanche \u00e0 Brest et 16 \u00e0 Rennes - Janz\u00e9 Athl\u00e9tisme","isPartOf":{"@id":"https:\/\/janze-athletisme.fr\/wordpress\/#website"},"primaryImageOfPage":{"@id":"https:\/\/janze-athletisme.fr\/wordpress\/49-athletes-de-leac-presents-dimanche-a-brest-et-16-a-rennes\/#primaryimage"},"image":{"@id":"https:\/\/janze-athletisme.fr\/wordpress\/49-athletes-de-leac-presents-dimanche-a-brest-et-16-a-rennes\/#primaryimage"},"thumbnailUrl":"https:\/\/janze-athletisme.fr\/wordpress\/wp-content\/uploads\/2025\/01\/DSC_1820-e1738270022211.jpg","datePublished":"2025-01-30T20:47:14+00:00","dateModified":"2025-01-30T20:48:11+00:00","breadcrumb":{"@id":"https:\/\/janze-athletisme.fr\/wordpress\/49-athletes-de-leac-presents-dimanche-a-brest-et-16-a-rennes\/#breadcrumb"},"inLanguage":"fr-FR","potentialAction":[{"@type":"ReadAction","target":["https:\/\/janze-athletisme.fr\/wordpress\/49-athletes-de-leac-presents-dimanche-a-brest-et-16-a-rennes\/"]}]},{"@type":"ImageObject","inLanguage":"fr-FR","@id":"https:\/\/janze-athletisme.fr\/wordpress\/49-athletes-de-leac-presents-dimanche-a-brest-et-16-a-rennes\/#primaryimage","url":"https:\/\/janze-athletisme.fr\/wordpress\/wp-content\/uploads\/2025\/01\/DSC_1820-e1738270022211.jpg","contentUrl":"https:\/\/janze-athletisme.fr\/wordpress\/wp-content\/uploads\/2025\/01\/DSC_1820-e1738270022211.jpg","width":1200,"height":1338},{"@type":"BreadcrumbList","@id":"https:\/\/janze-athletisme.fr\/wordpress\/49-athletes-de-leac-presents-dimanche-a-brest-et-16-a-rennes\/#breadcrumb","itemListElement":[{"@type":"ListItem","position":1,"name":"Accueil","item":"https:\/\/janze-athletisme.fr\/wordpress\/"},{"@type":"ListItem","position":2,"name":"49 athl\u00e8tes de l&rsquo;EAC pr\u00e9sents dimanche \u00e0 Brest et 16 \u00e0 Rennes"}]},{"@type":"WebSite","@id":"https:\/\/janze-athletisme.fr\/wordpress\/#website","url":"https:\/\/janze-athletisme.fr\/wordpress\/","name":"Janz\u00e9 Athl\u00e9tisme","description":"Pays de La Roche aux F\u00e9es","publisher":{"@id":"https:\/\/janze-athletisme.fr\/wordpress\/#organization"},"potentialAction":[{"@type":"SearchAction","target":{"@type":"EntryPoint","urlTemplate":"https:\/\/janze-athletisme.fr\/wordpress\/?s={search_term_string}"},"query-input":{"@type":"PropertyValueSpecification","valueRequired":true,"valueName":"search_term_string"}}],"inLanguage":"fr-FR"},{"@type":"Organization","@id":"https:\/\/janze-athletisme.fr\/wordpress\/#organization","name":"Janz\u00e9 Athl\u00e9tisme","url":"https:\/\/janze-athletisme.fr\/wordpress\/","logo":{"@type":"ImageObject","inLanguage":"fr-FR","@id":"https:\/\/janze-athletisme.fr\/wordpress\/#\/schema\/logo\/image\/","url":"https:\/\/janze-athletisme.fr\/wordpress\/wp-content\/uploads\/2015\/03\/logo-full1.jpg","contentUrl":"https:\/\/janze-athletisme.fr\/wordpress\/wp-content\/uploads\/2015\/03\/logo-full1.jpg","width":437,"height":205,"caption":"Janz\u00e9 Athl\u00e9tisme"},"image":{"@id":"https:\/\/janze-athletisme.fr\/wordpress\/#\/schema\/logo\/image\/"},"sameAs":["https:\/\/www.facebook.com\/groups\/1007964579346590"]},{"@type":"Person","@id":"https:\/\/janze-athletisme.fr\/wordpress\/#\/schema\/person\/c7b063dcfa6234c041d4d9b26cc2ea03","name":"Laurent Meunier","image":{"@type":"ImageObject","inLanguage":"fr-FR","@id":"https:\/\/secure.gravatar.com\/avatar\/dd25d581ad7c3349090f2fa6a9adb6bfa287e6a5dd8a5216a092727cd8749034?s=96&d=mm&r=g","url":"https:\/\/secure.gravatar.com\/avatar\/dd25d581ad7c3349090f2fa6a9adb6bfa287e6a5dd8a5216a092727cd8749034?s=96&d=mm&r=g","contentUrl":"https:\/\/secure.gravatar.com\/avatar\/dd25d581ad7c3349090f2fa6a9adb6bfa287e6a5dd8a5216a092727cd8749034?s=96&d=mm&r=g","caption":"Laurent Meunier"},"url":"https:\/\/janze-athletisme.fr\/wordpress\/author\/laurent-meunier35\/"}]}},"uagb_featured_image_src":{"full":["https:\/\/janze-athletisme.fr\/wordpress\/wp-content\/uploads\/2025\/01\/DSC_1820-e1738270022211.jpg",1200,1338,false],"thumbnail":["https:\/\/janze-athletisme.fr\/wordpress\/wp-content\/uploads\/2025\/01\/DSC_1820-e1738270022211-150x150.jpg",150,150,true],"medium":["https:\/\/janze-athletisme.fr\/wordpress\/wp-content\/uploads\/2025\/01\/DSC_1820-e1738270022211-269x300.jpg",269,300,true],"medium_large":["https:\/\/janze-athletisme.fr\/wordpress\/wp-content\/uploads\/2025\/01\/DSC_1820-e1738270022211-768x856.jpg",768,856,true],"large":["https:\/\/janze-athletisme.fr\/wordpress\/wp-content\/uploads\/2025\/01\/DSC_1820-e1738270022211-918x1024.jpg",918,1024,true],"1536x1536":["https:\/\/janze-athletisme.fr\/wordpress\/wp-content\/uploads\/2025\/01\/DSC_1820-1024x1536.jpg",1024,1536,true],"2048x2048":["https:\/\/janze-athletisme.fr\/wordpress\/wp-content\/uploads\/2025\/01\/DSC_1820-e1738270022211.jpg",1200,1338,false]},"uagb_author_info":{"display_name":"Laurent Meunier","author_link":"https:\/\/janze-athletisme.fr\/wordpress\/author\/laurent-meunier35\/"},"uagb_comment_info":0,"uagb_excerpt":"Championnat de Bretagne de cross-country, Brest, dimanche 2 f\u00e9vrier Ils \u00e9taient 51 pr\u00e9vus pour le 26 janvier. Ils seront finalement 49 pr\u00e9sents le 2 f\u00e9vrier, dont 37 Janz\u00e9ens et Janz\u00e9ennes. Une belle d\u00e9l\u00e9gation donc pour des championnats qui s&rsquo;annoncent gras au sol (pointes de 15 au moins), mais sous une m\u00e9t\u00e9o qui sera (enfin) printani\u00e8re.\u2026","_links":{"self":[{"href":"https:\/\/janze-athletisme.fr\/wordpress\/wp-json\/wp\/v2\/posts\/23229","targetHints":{"allow":["GET"]}}],"collection":[{"href":"https:\/\/janze-athletisme.fr\/wordpress\/wp-json\/wp\/v2\/posts"}],"about":[{"href":"https:\/\/janze-athletisme.fr\/wordpress\/wp-json\/wp\/v2\/types\/post"}],"author":[{"embeddable":true,"href":"https:\/\/janze-athletisme.fr\/wordpress\/wp-json\/wp\/v2\/users\/12"}],"replies":[{"embeddable":true,"href":"https:\/\/janze-athletisme.fr\/wordpress\/wp-json\/wp\/v2\/comments?post=23229"}],"version-history":[{"count":2,"href":"https:\/\/janze-athletisme.fr\/wordpress\/wp-json\/wp\/v2\/posts\/23229\/revisions"}],"predecessor-version":[{"id":23231,"href":"https:\/\/janze-athletisme.fr\/wordpress\/wp-json\/wp\/v2\/posts\/23229\/revisions\/23231"}],"wp:featuredmedia":[{"embeddable":true,"href":"https:\/\/janze-athletisme.fr\/wordpress\/wp-json\/wp\/v2\/media\/22991"}],"wp:attachment":[{"href":"https:\/\/janze-athletisme.fr\/wordpress\/wp-json\/wp\/v2\/media?parent=23229"}],"wp:term":[{"taxonomy":"category","embeddable":true,"href":"https:\/\/janze-athletisme.fr\/wordpress\/wp-json\/wp\/v2\/categories?post=23229"},{"taxonomy":"post_tag","embeddable":true,"href":"https:\/\/janze-athletisme.fr\/wordpress\/wp-json\/wp\/v2\/tags?post=23229"}],"curies":[{"name":"wp","href":"https:\/\/api.w.org\/{rel}","templated":true}]}}