{"id":22698,"date":"2025-01-07T12:26:21","date_gmt":"2025-01-07T11:26:21","guid":{"rendered":"https:\/\/janze-athletisme.fr\/wordpress\/?p=22698"},"modified":"2025-01-07T22:13:43","modified_gmt":"2025-01-07T21:13:43","slug":"departementaux-indoor-les-grosses-perfs-eac-de-la-journee","status":"publish","type":"post","link":"https:\/\/janze-athletisme.fr\/wordpress\/departementaux-indoor-les-grosses-perfs-eac-de-la-journee\/","title":{"rendered":"D\u00e9partementaux indoor : les grosses perfs EAC de la journ\u00e9e"},"content":{"rendered":"<p><span style=\"font-size: 18pt\"><strong>Championnat d&rsquo;Ille-et-Vilaine indoor, salle Robert-Poirier, dimanche 5 janvier<\/strong><\/span><\/p>\n<p>Vingt-deux Cessonnais (dix filles, douze gar\u00e7ons) et dix-huit Janz\u00e9ens (cinq filles, treize gar\u00e7ons) ont particip\u00e9 \u00e0 ces championnats d\u00e9partementaux indoor 2025. On a vu que ces quarante athl\u00e8tes ont ramen\u00e9 vingt m\u00e9dailles, dont quatre titres, mais aussi trente-sept performances \u00e0 plus de 600 points, c&rsquo;est-\u00e0-dire d&rsquo;un niveau au moins r\u00e9gional, dont neuf d&rsquo;un niveau interr\u00e9gional. Vingt de ces perfs sont le fait de cadets et juniors, ce qui confirme la mont\u00e9e en puissance des plus jeunes.<\/p>\n<p>Sur ce seul crit\u00e8re de la performance, nos Janz\u00e9ens sont encore un peu derri\u00e8re les Cessonnais mais se rapprochent de plus en plus. Ils sont onze \u00e0 atteindre un niveau au moins r\u00e9gional, contre quinze Cessonnais.<\/p>\n<table style=\"width: 100%;height: 2593px\" width=\"0\">\n<tbody>\n<tr style=\"height: 77px\">\n<td style=\"height: 77px\" width=\"245\"><span style=\"font-size: 14pt\"><strong>Athl\u00e8te<\/strong><\/span><\/td>\n<td style=\"text-align: center;height: 77px\" width=\"132\"><span style=\"font-size: 14pt\"><strong>\u00c9preuve<\/strong><\/span><\/td>\n<td style=\"text-align: center;height: 77px\" width=\"132\"><span style=\"font-size: 14pt\"><strong>Performance<\/strong><\/span><\/td>\n<td style=\"text-align: center;height: 77px\" width=\"104\"><span style=\"font-size: 12pt\"><strong>Points table<\/strong><\/span><\/p>\n<p><span style=\"font-size: 12pt\"><strong>de cotation<\/strong><\/span><\/td>\n<td style=\"text-align: center;height: 77px\" width=\"85\"><span style=\"font-size: 14pt\"><strong>Niveau<\/strong><\/span><\/td>\n<\/tr>\n<tr style=\"height: 68px\">\n<td style=\"height: 68px\" width=\"245\">Hugo Baudu (Cesson)<\/td>\n<td style=\"text-align: center;height: 68px\" width=\"132\">200m SEM<\/td>\n<td style=\"text-align: center;height: 68px\" width=\"132\">22&Prime;54<\/td>\n<td style=\"text-align: center;height: 68px\" width=\"104\">913<\/td>\n<td style=\"text-align: center;height: 68px\" width=\"85\">IR1<\/td>\n<\/tr>\n<tr style=\"height: 68px\">\n<td style=\"height: 68px\" width=\"245\">Fran\u00e7ois Chevalier (Cesson)<\/td>\n<td style=\"text-align: center;height: 68px\" width=\"132\">400m JUM<\/td>\n<td style=\"text-align: center;height: 68px\" width=\"132\">50&Prime;77<\/td>\n<td style=\"text-align: center;height: 68px\" width=\"104\">872<\/td>\n<td style=\"text-align: center;height: 68px\" width=\"85\">IR2<\/td>\n<\/tr>\n<tr style=\"height: 68px\">\n<td style=\"height: 68px\" width=\"245\">Pauline Le Bihan (Cesson)<\/td>\n<td style=\"text-align: center;height: 68px\" width=\"132\">60m ESF<\/td>\n<td style=\"text-align: center;height: 68px\" width=\"132\">8&Prime;10<\/td>\n<td style=\"text-align: center;height: 68px\" width=\"104\">866<\/td>\n<td style=\"text-align: center;height: 68px\" width=\"85\">IR2<\/td>\n<\/tr>\n<tr style=\"height: 68px\">\n<td style=\"height: 68px\" width=\"245\">Lucie Duvigneau (Cesson)<\/td>\n<td style=\"text-align: center;height: 68px\" width=\"132\">400m CAF<\/td>\n<td style=\"text-align: center;height: 68px\" width=\"132\">60&Prime;34<\/td>\n<td style=\"text-align: center;height: 68px\" width=\"104\">860<\/td>\n<td style=\"text-align: center;height: 68px\" width=\"85\">IR2<\/td>\n<\/tr>\n<tr style=\"height: 68px\">\n<td style=\"height: 68px\" width=\"245\">Lola Foeillet (Cesson)<\/td>\n<td style=\"text-align: center;height: 68px\" width=\"132\">60m CAF<\/td>\n<td style=\"text-align: center;height: 68px\" width=\"132\">8&Prime;16<\/td>\n<td style=\"text-align: center;height: 68px\" width=\"104\">849<\/td>\n<td style=\"text-align: center;height: 68px\" width=\"85\">IR3<\/td>\n<\/tr>\n<tr style=\"height: 68px\">\n<td style=\"height: 68px\" width=\"245\">Alan Duvigneau (Cesson)<\/td>\n<td style=\"text-align: center;height: 68px\" width=\"132\">60m SEM<\/td>\n<td style=\"text-align: center;height: 68px\" width=\"132\">7&Prime;25<\/td>\n<td style=\"text-align: center;height: 68px\" width=\"104\">816<\/td>\n<td style=\"text-align: center;height: 68px\" width=\"85\">IR2<\/td>\n<\/tr>\n<tr style=\"height: 68px\">\n<td style=\"height: 68px\" width=\"245\">Martin Lambard (Cesson)<\/td>\n<td style=\"text-align: center;height: 68px\" width=\"132\">800m SEM<\/td>\n<td style=\"text-align: center;height: 68px\" width=\"132\">1&rsquo;59&Prime;73<\/td>\n<td style=\"text-align: center;height: 68px\" width=\"104\">815<\/td>\n<td style=\"text-align: center;height: 68px\" width=\"85\">IR3<\/td>\n<\/tr>\n<tr style=\"height: 68px\">\n<td style=\"height: 68px\" width=\"245\">Lola Foeillet (Cesson)<\/td>\n<td style=\"text-align: center;height: 68px\" width=\"132\">200m CAF<\/td>\n<td style=\"text-align: center;height: 68px\" width=\"132\">27&Prime;37<\/td>\n<td style=\"text-align: center;height: 68px\" width=\"104\">795<\/td>\n<td style=\"text-align: center;height: 68px\" width=\"85\">R1<\/td>\n<\/tr>\n<tr style=\"height: 68px\">\n<td style=\"height: 68px\" width=\"245\">Sterenn Tanguy (Cesson)<\/td>\n<td style=\"text-align: center;height: 68px\" width=\"132\">60m JUF<\/td>\n<td style=\"text-align: center;height: 68px\" width=\"132\">7&Prime;75<\/td>\n<td style=\"text-align: center;height: 68px\" width=\"104\">775<\/td>\n<td style=\"text-align: center;height: 68px\" width=\"85\">R1<\/td>\n<\/tr>\n<tr style=\"height: 68px\">\n<td style=\"height: 68px\" width=\"245\"><strong>Quentin<\/strong> Planchenault<\/td>\n<td style=\"text-align: center;height: 68px\" width=\"132\">60m CAM<\/td>\n<td style=\"text-align: center;height: 68px\" width=\"132\">7&Prime;35<\/td>\n<td style=\"text-align: center;height: 68px\" width=\"104\">769<\/td>\n<td style=\"text-align: center;height: 68px\" width=\"85\">IR3<\/td>\n<\/tr>\n<tr style=\"height: 68px\">\n<td style=\"height: 68px\" width=\"245\">Sterenn Tanguy (Cesson)<\/td>\n<td style=\"text-align: center;height: 68px\" width=\"132\">200m JUF<\/td>\n<td style=\"text-align: center;height: 68px\" width=\"132\">27&Prime;93<\/td>\n<td style=\"text-align: center;height: 68px\" width=\"104\">751<\/td>\n<td style=\"text-align: center;height: 68px\" width=\"85\">R2<\/td>\n<\/tr>\n<tr style=\"height: 68px\">\n<td style=\"height: 68px\" width=\"245\">Jeanne Collineau-Catez (Cesson)<\/td>\n<td style=\"text-align: center;height: 68px\" width=\"132\">60m SEF<\/td>\n<td style=\"text-align: center;height: 68px\" width=\"132\">8&Prime;51<\/td>\n<td style=\"text-align: center;height: 68px\" width=\"104\">750<\/td>\n<td style=\"text-align: center;height: 68px\" width=\"85\">R2<\/td>\n<\/tr>\n<tr style=\"height: 68px\">\n<td style=\"height: 68px\" width=\"245\">Yoann Devaud (Cesson)<\/td>\n<td style=\"text-align: center;height: 68px\" width=\"132\">400m SEM<\/td>\n<td style=\"text-align: center;height: 68px\" width=\"132\">53&Prime;05<\/td>\n<td style=\"text-align: center;height: 68px\" width=\"104\">744<\/td>\n<td style=\"text-align: center;height: 68px\" width=\"85\">IR4<\/td>\n<\/tr>\n<tr style=\"height: 68px\">\n<td style=\"height: 68px\" width=\"245\"><strong>Thibault<\/strong> Vilay<\/td>\n<td style=\"text-align: center;height: 68px\" width=\"132\">200m JUM<\/td>\n<td style=\"text-align: center;height: 68px\" width=\"132\">23&Prime;90<\/td>\n<td style=\"text-align: center;height: 68px\" width=\"104\">737<\/td>\n<td style=\"text-align: center;height: 68px\" width=\"85\">R2<\/td>\n<\/tr>\n<tr style=\"height: 68px\">\n<td style=\"height: 68px\" width=\"245\">Yoann Devaud (Cesson)<\/td>\n<td style=\"text-align: center;height: 68px\" width=\"132\">200m SEM<\/td>\n<td style=\"text-align: center;height: 68px\" width=\"132\">23&Prime;90<\/td>\n<td style=\"text-align: center;height: 68px\" width=\"104\">737<\/td>\n<td style=\"text-align: center;height: 68px\" width=\"85\">R2<\/td>\n<\/tr>\n<tr style=\"height: 68px\">\n<td style=\"height: 68px\" width=\"245\">Pauline Le Bihan (Cesson)<\/td>\n<td style=\"text-align: center;height: 68px\" width=\"132\">200m ESF<\/td>\n<td style=\"text-align: center;height: 68px\" width=\"132\">28&Prime;20<\/td>\n<td style=\"text-align: center;height: 68px\" width=\"104\">730<\/td>\n<td style=\"text-align: center;height: 68px\" width=\"85\">R2<\/td>\n<\/tr>\n<tr style=\"height: 68px\">\n<td style=\"height: 68px\" width=\"245\">Pauline Le Bihan (Cesson)<\/td>\n<td style=\"text-align: center;height: 68px\" width=\"132\">Longueur ESF<\/td>\n<td style=\"text-align: center;height: 68px\" width=\"132\">4m69<\/td>\n<td style=\"text-align: center;height: 68px\" width=\"104\">718<\/td>\n<td style=\"text-align: center;height: 68px\" width=\"85\">R5<\/td>\n<\/tr>\n<tr style=\"height: 68px\">\n<td style=\"height: 68px\" width=\"245\"><strong>Quentin<\/strong> Planchenault<\/td>\n<td style=\"text-align: center;height: 68px\" width=\"132\">200m CAM<\/td>\n<td style=\"text-align: center;height: 68px\" width=\"132\">24&Prime;06<\/td>\n<td style=\"text-align: center;height: 68px\" width=\"104\">718<\/td>\n<td style=\"text-align: center;height: 68px\" width=\"85\">R2<\/td>\n<\/tr>\n<tr style=\"height: 68px\">\n<td style=\"height: 68px\" width=\"245\"><strong>Thibault<\/strong> Vilay<\/td>\n<td style=\"text-align: center;height: 68px\" width=\"132\">Hauteur JUM<\/td>\n<td style=\"text-align: center;height: 68px\" width=\"132\">1m76<\/td>\n<td style=\"text-align: center;height: 68px\" width=\"104\">706<\/td>\n<td style=\"text-align: center;height: 68px\" width=\"85\">R3<\/td>\n<\/tr>\n<tr style=\"height: 68px\">\n<td style=\"height: 68px\" width=\"245\">L\u00e9a Hourmant (Cesson)<\/td>\n<td style=\"text-align: center;height: 68px\" width=\"132\">60m CAF<\/td>\n<td style=\"text-align: center;height: 68px\" width=\"132\">8&Prime;70<\/td>\n<td style=\"text-align: center;height: 68px\" width=\"104\">699<\/td>\n<td style=\"text-align: center;height: 68px\" width=\"85\">R3<\/td>\n<\/tr>\n<tr style=\"height: 68px\">\n<td style=\"height: 68px\" width=\"245\"><strong>Ma\u00eblys<\/strong> Renoult<\/td>\n<td style=\"text-align: center;height: 68px\" width=\"132\">400m CAF<\/td>\n<td style=\"text-align: center;height: 68px\" width=\"132\">65&Prime;46<\/td>\n<td style=\"text-align: center;height: 68px\" width=\"104\">698<\/td>\n<td style=\"text-align: center;height: 68px\" width=\"85\">R3<\/td>\n<\/tr>\n<tr style=\"height: 68px\">\n<td style=\"height: 68px\" width=\"245\">Jeanne Collineau-Catez (Cesson)<\/td>\n<td style=\"text-align: center;height: 68px\" width=\"132\">200m SEF<\/td>\n<td style=\"text-align: center;height: 68px\" width=\"132\">28&Prime;69<\/td>\n<td style=\"text-align: center;height: 68px\" width=\"104\">694<\/td>\n<td style=\"text-align: center;height: 68px\" width=\"85\">R3<\/td>\n<\/tr>\n<tr style=\"height: 68px\">\n<td style=\"height: 68px\" width=\"245\">Laurie Huchet (Cesson)<\/td>\n<td style=\"text-align: center;height: 68px\" width=\"132\">60m SEF<\/td>\n<td style=\"text-align: center;height: 68px\" width=\"132\">8&Prime;72<\/td>\n<td style=\"text-align: center;height: 68px\" width=\"104\">694<\/td>\n<td style=\"text-align: center;height: 68px\" width=\"85\">R3<\/td>\n<\/tr>\n<tr style=\"height: 68px\">\n<td style=\"height: 68px\" width=\"245\">Laetitia Lebosse (Cesson)<\/td>\n<td style=\"text-align: center;height: 68px\" width=\"132\">60m MAF<\/td>\n<td style=\"text-align: center;height: 68px\" width=\"132\">8&Prime;75<\/td>\n<td style=\"text-align: center;height: 68px\" width=\"104\">686<\/td>\n<td style=\"text-align: center;height: 68px\" width=\"85\">R4<\/td>\n<\/tr>\n<tr style=\"height: 68px\">\n<td style=\"height: 68px\" width=\"245\"><strong>Elouan<\/strong> L\u00e9v\u00eaque<\/td>\n<td style=\"text-align: center;height: 68px\" width=\"132\">60m CAM<\/td>\n<td style=\"text-align: center;height: 68px\" width=\"132\">7&Prime;54<\/td>\n<td style=\"text-align: center;height: 68px\" width=\"104\">685<\/td>\n<td style=\"text-align: center;height: 68px\" width=\"85\">IR4<\/td>\n<\/tr>\n<tr style=\"height: 68px\">\n<td style=\"height: 68px\" width=\"245\"><strong>Henri<\/strong> Carmes<\/td>\n<td style=\"text-align: center;height: 68px\" width=\"132\">400m CAM<\/td>\n<td style=\"text-align: center;height: 68px\" width=\"132\">54&Prime;46<\/td>\n<td style=\"text-align: center;height: 68px\" width=\"104\">670<\/td>\n<td style=\"text-align: center;height: 68px\" width=\"85\">R2<\/td>\n<\/tr>\n<tr style=\"height: 68px\">\n<td style=\"height: 68px\" width=\"245\"><strong>B\u00e9renger<\/strong> Tardif<\/td>\n<td style=\"text-align: center;height: 68px\" width=\"132\">400m JUM<\/td>\n<td style=\"text-align: center;height: 68px\" width=\"132\">54&Prime;58<\/td>\n<td style=\"text-align: center;height: 68px\" width=\"104\">664<\/td>\n<td style=\"text-align: center;height: 68px\" width=\"85\">R2<\/td>\n<\/tr>\n<tr style=\"height: 68px\">\n<td style=\"height: 68px\" width=\"245\"><strong>B\u00e9renger<\/strong> Tardif<\/td>\n<td style=\"text-align: center;height: 68px\" width=\"132\">60m JUM<\/td>\n<td style=\"text-align: center;height: 68px\" width=\"132\">7&Prime;59<\/td>\n<td style=\"text-align: center;height: 68px\" width=\"104\">663<\/td>\n<td style=\"text-align: center;height: 68px\" width=\"85\">R1<\/td>\n<\/tr>\n<tr style=\"height: 68px\">\n<td style=\"height: 68px\" width=\"245\"><strong>Manon<\/strong> Le Nard<\/td>\n<td style=\"text-align: center;height: 68px\" width=\"132\">200m CAF<\/td>\n<td style=\"text-align: center;height: 68px\" width=\"132\">29&Prime;22<\/td>\n<td style=\"text-align: center;height: 68px\" width=\"104\">655<\/td>\n<td style=\"text-align: center;height: 68px\" width=\"85\">R4<\/td>\n<\/tr>\n<tr style=\"height: 68px\">\n<td style=\"height: 68px\" width=\"245\"><strong>Enzo<\/strong> Paccini<\/td>\n<td style=\"text-align: center;height: 68px\" width=\"132\">Poids ESM<\/td>\n<td style=\"text-align: center;height: 68px\" width=\"132\">12m13<\/td>\n<td style=\"text-align: center;height: 68px\" width=\"104\">654<\/td>\n<td style=\"text-align: center;height: 68px\" width=\"85\">R1<\/td>\n<\/tr>\n<tr style=\"height: 68px\">\n<td style=\"height: 68px\" width=\"245\"><strong>Elouan<\/strong> L\u00e9v\u00eaque<\/td>\n<td style=\"text-align: center;height: 68px\" width=\"132\">200m CAM<\/td>\n<td style=\"text-align: center;height: 68px\" width=\"132\">24&Prime;65<\/td>\n<td style=\"text-align: center;height: 68px\" width=\"104\">649<\/td>\n<td style=\"text-align: center;height: 68px\" width=\"85\">R4<\/td>\n<\/tr>\n<tr style=\"height: 68px\">\n<td style=\"height: 68px\" width=\"245\"><strong>Cl\u00e9mence<\/strong> Lamoureux<\/td>\n<td style=\"text-align: center;height: 68px\" width=\"132\">800m CAF<\/td>\n<td style=\"text-align: center;height: 68px\" width=\"132\">2&rsquo;38&Prime;85<\/td>\n<td style=\"text-align: center;height: 68px\" width=\"104\">632<\/td>\n<td style=\"text-align: center;height: 68px\" width=\"85\">R4<\/td>\n<\/tr>\n<tr style=\"height: 68px\">\n<td style=\"height: 68px\" width=\"245\"><strong>Julian<\/strong> Chuinard<\/td>\n<td style=\"text-align: center;height: 68px\" width=\"132\">60m CAM<\/td>\n<td style=\"text-align: center;height: 68px\" width=\"132\">7&Prime;70<\/td>\n<td style=\"text-align: center;height: 68px\" width=\"104\">617<\/td>\n<td style=\"text-align: center;height: 68px\" width=\"85\">R2<\/td>\n<\/tr>\n<tr style=\"height: 68px\">\n<td style=\"height: 68px\" width=\"245\">Robin Legouable (Cesson)<\/td>\n<td style=\"text-align: center;height: 68px\" width=\"132\">800m ESM<\/td>\n<td style=\"text-align: center;height: 68px\" width=\"132\">2&rsquo;08&Prime;23<\/td>\n<td style=\"text-align: center;height: 68px\" width=\"104\">613<\/td>\n<td style=\"text-align: center;height: 68px\" width=\"85\">R3<\/td>\n<\/tr>\n<tr style=\"height: 68px\">\n<td style=\"height: 68px\" width=\"245\">Paul Laurain (Cesson)<\/td>\n<td style=\"text-align: center;height: 68px\" width=\"132\">60m SEM<\/td>\n<td style=\"text-align: center;height: 68px\" width=\"132\">7&Prime;71<\/td>\n<td style=\"text-align: center;height: 68px\" width=\"104\">613<\/td>\n<td style=\"text-align: center;height: 68px\" width=\"85\">R2<\/td>\n<\/tr>\n<tr style=\"height: 68px\">\n<td style=\"height: 68px\" width=\"245\"><strong>Jourdani<\/strong> Youssouf<\/td>\n<td style=\"text-align: center;height: 68px\" width=\"132\">60m ESM<\/td>\n<td style=\"text-align: center;height: 68px\" width=\"132\">7&Prime;73<\/td>\n<td style=\"text-align: center;height: 68px\" width=\"104\">605<\/td>\n<td style=\"text-align: center;height: 68px\" width=\"85\">R2<\/td>\n<\/tr>\n<tr style=\"height: 68px\">\n<td style=\"height: 68px\" width=\"245\">Laetitia Lebosse (Cesson)<\/td>\n<td style=\"text-align: center;height: 68px\" width=\"132\">200m MAF<\/td>\n<td style=\"text-align: center;height: 68px\" width=\"132\">29&Prime;99<\/td>\n<td style=\"text-align: center;height: 68px\" width=\"104\">601<\/td>\n<td style=\"text-align: center;height: 68px\" width=\"85\">R6<\/td>\n<\/tr>\n<\/tbody>\n<\/table>\n<p><u>Ont particip\u00e9 \u00e9galement<\/u> : Na\u00efs Louin (Cesson) 60m CAF, Juliette Sutter (Cesson) 800m CAF, Ronan Cottereau (Cesson) 60m et poids CAM, Melvin Gallais (Cesson) 800m ESM, Doriann Valette (Cesson) 200m et longueur ESM, Kevin Doucot (Cesson) 60m SEM, <strong>Sharleen<\/strong> Bourdin 60m haies et perche CAF, <strong>Ana <\/strong>Th\u00e9odin 1500m ESF, <strong>Jules<\/strong> Le Dorven 200m et perche CAM, <strong>Ewen <\/strong>Huchet 200m ESM, <strong>Augustin<\/strong> Jouzel 60m ESM,<strong> Samuel<\/strong> Lerebours 60 et 200m JUM et <strong>Mathieu<\/strong> henry 3000m SEM.<\/p>\n<p><em>Une grosse pens\u00e9e pour Augustin et Ewen, qui, h\u00e9las, se sont bless\u00e9s sur leurs \u00e9preuves. On vous souhaite \u00e0 tous les deux un bon et solide r\u00e9tablissement.<\/em><\/p>\n<p><u>Merci enfin \u00e0 nos juges<\/u> : Michelle Duvigneau (Cesson), Marie-Odile Doigneaux (Cesson), <strong>Sophie<\/strong> Vilay, S\u00e9bastien L\u00e9v\u00eaque (Cesson), Vincent Doigneaux (Cesson), <strong>Jourdani<\/strong> Youssouf (<strong>Sandrine<\/strong> L\u00e9v\u00eaque \u00e9tait pr\u00e9sente \u00e9galement mais finalement en surnombre). On ne le redit jamais assez mais, sans eux (et sans elles), rien de possible.<\/p>\n<p>Toutes les perfs de nos athl\u00e8tes sont <a href=\"https:\/\/bases.athle.fr\/asp.net\/liste.aspx?frmbase=resultats&amp;frmmode=1&amp;pardisplay=1&amp;frmespace=0&amp;frmcompetition=294924&amp;frmclub=035136\">ICI<\/a>.<\/p>\n<p><a href=\"https:\/\/janze-athletisme.fr\/wordpress\/wp-content\/uploads\/2025\/01\/DSC_1563.jpg\"><img loading=\"lazy\" decoding=\"async\" class=\"alignnone wp-image-22699\" src=\"https:\/\/janze-athletisme.fr\/wordpress\/wp-content\/uploads\/2025\/01\/DSC_1563-200x300.jpg\" alt=\"\" width=\"123\" height=\"185\" srcset=\"https:\/\/janze-athletisme.fr\/wordpress\/wp-content\/uploads\/2025\/01\/DSC_1563-200x300.jpg 200w, https:\/\/janze-athletisme.fr\/wordpress\/wp-content\/uploads\/2025\/01\/DSC_1563-684x1024.jpg 684w, https:\/\/janze-athletisme.fr\/wordpress\/wp-content\/uploads\/2025\/01\/DSC_1563-768x1150.jpg 768w, https:\/\/janze-athletisme.fr\/wordpress\/wp-content\/uploads\/2025\/01\/DSC_1563.jpg 1000w\" sizes=\"auto, (max-width: 123px) 100vw, 123px\" \/> <\/a><a href=\"https:\/\/janze-athletisme.fr\/wordpress\/wp-content\/uploads\/2025\/01\/Seb-Leveque-5janv2025-1.jpg\"><img loading=\"lazy\" decoding=\"async\" class=\"alignnone wp-image-22701\" src=\"https:\/\/janze-athletisme.fr\/wordpress\/wp-content\/uploads\/2025\/01\/Seb-Leveque-5janv2025-1-300x300.jpg\" alt=\"\" width=\"186\" height=\"186\" srcset=\"https:\/\/janze-athletisme.fr\/wordpress\/wp-content\/uploads\/2025\/01\/Seb-Leveque-5janv2025-1-300x300.jpg 300w, https:\/\/janze-athletisme.fr\/wordpress\/wp-content\/uploads\/2025\/01\/Seb-Leveque-5janv2025-1-1024x1024.jpg 1024w, https:\/\/janze-athletisme.fr\/wordpress\/wp-content\/uploads\/2025\/01\/Seb-Leveque-5janv2025-1-150x150.jpg 150w, https:\/\/janze-athletisme.fr\/wordpress\/wp-content\/uploads\/2025\/01\/Seb-Leveque-5janv2025-1-768x768.jpg 768w, https:\/\/janze-athletisme.fr\/wordpress\/wp-content\/uploads\/2025\/01\/Seb-Leveque-5janv2025-1.jpg 1200w\" sizes=\"auto, (max-width: 186px) 100vw, 186px\" \/> <\/a><a href=\"https:\/\/janze-athletisme.fr\/wordpress\/wp-content\/uploads\/2025\/01\/Sophie-Jourdani-Sandrine-5janv2025.jpg\"><img loading=\"lazy\" decoding=\"async\" class=\"alignnone wp-image-22702\" src=\"https:\/\/janze-athletisme.fr\/wordpress\/wp-content\/uploads\/2025\/01\/Sophie-Jourdani-Sandrine-5janv2025-300x200.jpg\" alt=\"\" width=\"278\" height=\"185\" srcset=\"https:\/\/janze-athletisme.fr\/wordpress\/wp-content\/uploads\/2025\/01\/Sophie-Jourdani-Sandrine-5janv2025-300x200.jpg 300w, https:\/\/janze-athletisme.fr\/wordpress\/wp-content\/uploads\/2025\/01\/Sophie-Jourdani-Sandrine-5janv2025-1024x683.jpg 1024w, https:\/\/janze-athletisme.fr\/wordpress\/wp-content\/uploads\/2025\/01\/Sophie-Jourdani-Sandrine-5janv2025-768x512.jpg 768w, https:\/\/janze-athletisme.fr\/wordpress\/wp-content\/uploads\/2025\/01\/Sophie-Jourdani-Sandrine-5janv2025.jpg 1500w\" sizes=\"auto, (max-width: 278px) 100vw, 278px\" \/> <\/a><a href=\"https:\/\/janze-athletisme.fr\/wordpress\/wp-content\/uploads\/2025\/01\/Marie-Odile-Vincent-Doigneaux-5janv2025-e1736249125333.jpg\"><img loading=\"lazy\" decoding=\"async\" class=\"alignnone wp-image-22703\" src=\"https:\/\/janze-athletisme.fr\/wordpress\/wp-content\/uploads\/2025\/01\/Marie-Odile-Vincent-Doigneaux-5janv2025-e1736249125333-300x277.jpg\" alt=\"\" width=\"200\" height=\"184\" srcset=\"https:\/\/janze-athletisme.fr\/wordpress\/wp-content\/uploads\/2025\/01\/Marie-Odile-Vincent-Doigneaux-5janv2025-e1736249125333-300x277.jpg 300w, https:\/\/janze-athletisme.fr\/wordpress\/wp-content\/uploads\/2025\/01\/Marie-Odile-Vincent-Doigneaux-5janv2025-e1736249125333-1024x946.jpg 1024w, https:\/\/janze-athletisme.fr\/wordpress\/wp-content\/uploads\/2025\/01\/Marie-Odile-Vincent-Doigneaux-5janv2025-e1736249125333-768x709.jpg 768w, https:\/\/janze-athletisme.fr\/wordpress\/wp-content\/uploads\/2025\/01\/Marie-Odile-Vincent-Doigneaux-5janv2025-e1736249125333.jpg 1083w\" sizes=\"auto, (max-width: 200px) 100vw, 200px\" \/><\/a><\/p>\n<p><span style=\"font-size: 10pt\"><em>En l&rsquo;absence de Marie Duvigneau, en stage en Guyane, le grand Hugo (Baudu) est LE performeur de la journ\u00e9e pour l&rsquo;EAC.<\/em><\/span><\/p>\n<p><span style=\"font-size: 10pt\"><em>Et un grand merci aux juges, toujours pr\u00e9cieux (pardon Michelle, j&rsquo;ai rat\u00e9 ma photo de toi).<br \/>\n<\/em><\/span><\/p>\n","protected":false},"excerpt":{"rendered":"<p>Championnat d&rsquo;Ille-et-Vilaine indoor, salle Robert-Poirier, dimanche 5 janvier Vingt-deux Cessonnais (dix filles, douze gar\u00e7ons) et dix-huit Janz\u00e9ens (cinq filles, treize gar\u00e7ons) ont particip\u00e9 \u00e0 ces championnats d\u00e9partementaux indoor 2025. On a vu que ces quarante athl\u00e8tes ont ramen\u00e9 vingt m\u00e9dailles, dont quatre titres, mais aussi trente-sept performances \u00e0 plus de 600 points, c&rsquo;est-\u00e0-dire d&rsquo;un niveau [&hellip;]<\/p>\n","protected":false},"author":12,"featured_media":22704,"comment_status":"open","ping_status":"open","sticky":false,"template":"","format":"aside","meta":{"_uag_custom_page_level_css":"","site-sidebar-layout":"default","site-content-layout":"","ast-site-content-layout":"default","site-content-style":"default","site-sidebar-style":"default","ast-global-header-display":"","ast-banner-title-visibility":"","ast-main-header-display":"","ast-hfb-above-header-display":"","ast-hfb-below-header-display":"","ast-hfb-mobile-header-display":"","site-post-title":"","ast-breadcrumbs-content":"","ast-featured-img":"","footer-sml-layout":"","ast-disable-related-posts":"","theme-transparent-header-meta":"default","adv-header-id-meta":"","stick-header-meta":"","header-above-stick-meta":"","header-main-stick-meta":"","header-below-stick-meta":"","astra-migrate-meta-layouts":"set","ast-page-background-enabled":"default","ast-page-background-meta":{"desktop":{"background-color":"var(--ast-global-color-4)","background-image":"","background-repeat":"repeat","background-position":"center center","background-size":"auto","background-attachment":"scroll","background-type":"","background-media":"","overlay-type":"","overlay-color":"","overlay-opacity":"","overlay-gradient":""},"tablet":{"background-color":"","background-image":"","background-repeat":"repeat","background-position":"center center","background-size":"auto","background-attachment":"scroll","background-type":"","background-media":"","overlay-type":"","overlay-color":"","overlay-opacity":"","overlay-gradient":""},"mobile":{"background-color":"","background-image":"","background-repeat":"repeat","background-position":"center center","background-size":"auto","background-attachment":"scroll","background-type":"","background-media":"","overlay-type":"","overlay-color":"","overlay-opacity":"","overlay-gradient":""}},"ast-content-background-meta":{"desktop":{"background-color":"var(--ast-global-color-5)","background-image":"","background-repeat":"repeat","background-position":"center center","background-size":"auto","background-attachment":"scroll","background-type":"","background-media":"","overlay-type":"","overlay-color":"","overlay-opacity":"","overlay-gradient":""},"tablet":{"background-color":"var(--ast-global-color-5)","background-image":"","background-repeat":"repeat","background-position":"center center","background-size":"auto","background-attachment":"scroll","background-type":"","background-media":"","overlay-type":"","overlay-color":"","overlay-opacity":"","overlay-gradient":""},"mobile":{"background-color":"var(--ast-global-color-5)","background-image":"","background-repeat":"repeat","background-position":"center center","background-size":"auto","background-attachment":"scroll","background-type":"","background-media":"","overlay-type":"","overlay-color":"","overlay-opacity":"","overlay-gradient":""}},"footnotes":""},"categories":[6],"tags":[],"class_list":["post-22698","post","type-post","status-publish","format-aside","has-post-thumbnail","hentry","category-sections","post_format-post-format-aside"],"yoast_head":"<!-- This site is optimized with the Yoast SEO plugin v27.4 - https:\/\/yoast.com\/product\/yoast-seo-wordpress\/ -->\n<title>D\u00e9partementaux indoor : les grosses perfs EAC de la journ\u00e9e - Janz\u00e9 Athl\u00e9tisme<\/title>\n<meta name=\"robots\" content=\"index, follow, max-snippet:-1, max-image-preview:large, max-video-preview:-1\" \/>\n<link rel=\"canonical\" href=\"https:\/\/janze-athletisme.fr\/wordpress\/departementaux-indoor-les-grosses-perfs-eac-de-la-journee\/\" \/>\n<meta property=\"og:locale\" content=\"fr_FR\" \/>\n<meta property=\"og:type\" content=\"article\" \/>\n<meta property=\"og:title\" content=\"D\u00e9partementaux indoor : les grosses perfs EAC de la journ\u00e9e - Janz\u00e9 Athl\u00e9tisme\" \/>\n<meta property=\"og:description\" content=\"Championnat d&rsquo;Ille-et-Vilaine indoor, salle Robert-Poirier, dimanche 5 janvier Vingt-deux Cessonnais (dix filles, douze gar\u00e7ons) et dix-huit Janz\u00e9ens (cinq filles, treize gar\u00e7ons) ont particip\u00e9 \u00e0 ces championnats d\u00e9partementaux indoor 2025. On a vu que ces quarante athl\u00e8tes ont ramen\u00e9 vingt m\u00e9dailles, dont quatre titres, mais aussi trente-sept performances \u00e0 plus de 600 points, c&rsquo;est-\u00e0-dire d&rsquo;un niveau [&hellip;]\" \/>\n<meta property=\"og:url\" content=\"https:\/\/janze-athletisme.fr\/wordpress\/departementaux-indoor-les-grosses-perfs-eac-de-la-journee\/\" \/>\n<meta property=\"og:site_name\" content=\"Janz\u00e9 Athl\u00e9tisme\" \/>\n<meta property=\"article:publisher\" content=\"https:\/\/www.facebook.com\/groups\/1007964579346590\" \/>\n<meta property=\"article:published_time\" content=\"2025-01-07T11:26:21+00:00\" \/>\n<meta property=\"article:modified_time\" content=\"2025-01-07T21:13:43+00:00\" \/>\n<meta property=\"og:image\" content=\"https:\/\/janze-athletisme.fr\/wordpress\/wp-content\/uploads\/2025\/01\/Manon-Maelys-Lucie-Lola-5janv2025-3.jpg\" \/>\n\t<meta property=\"og:image:width\" content=\"1200\" \/>\n\t<meta property=\"og:image:height\" content=\"1200\" \/>\n\t<meta property=\"og:image:type\" content=\"image\/jpeg\" \/>\n<meta name=\"author\" content=\"Laurent Meunier\" \/>\n<meta name=\"twitter:card\" content=\"summary_large_image\" \/>\n<meta name=\"twitter:label1\" content=\"\u00c9crit par\" \/>\n\t<meta name=\"twitter:data1\" content=\"Laurent Meunier\" \/>\n\t<meta name=\"twitter:label2\" content=\"Dur\u00e9e de lecture estim\u00e9e\" \/>\n\t<meta name=\"twitter:data2\" content=\"5 minutes\" \/>\n<script type=\"application\/ld+json\" class=\"yoast-schema-graph\">{\"@context\":\"https:\\\/\\\/schema.org\",\"@graph\":[{\"@type\":\"Article\",\"@id\":\"https:\\\/\\\/janze-athletisme.fr\\\/wordpress\\\/departementaux-indoor-les-grosses-perfs-eac-de-la-journee\\\/#article\",\"isPartOf\":{\"@id\":\"https:\\\/\\\/janze-athletisme.fr\\\/wordpress\\\/departementaux-indoor-les-grosses-perfs-eac-de-la-journee\\\/\"},\"author\":{\"name\":\"Laurent Meunier\",\"@id\":\"https:\\\/\\\/janze-athletisme.fr\\\/wordpress\\\/#\\\/schema\\\/person\\\/c7b063dcfa6234c041d4d9b26cc2ea03\"},\"headline\":\"D\u00e9partementaux indoor : les grosses perfs EAC de la journ\u00e9e\",\"datePublished\":\"2025-01-07T11:26:21+00:00\",\"dateModified\":\"2025-01-07T21:13:43+00:00\",\"mainEntityOfPage\":{\"@id\":\"https:\\\/\\\/janze-athletisme.fr\\\/wordpress\\\/departementaux-indoor-les-grosses-perfs-eac-de-la-journee\\\/\"},\"wordCount\":582,\"commentCount\":0,\"publisher\":{\"@id\":\"https:\\\/\\\/janze-athletisme.fr\\\/wordpress\\\/#organization\"},\"image\":{\"@id\":\"https:\\\/\\\/janze-athletisme.fr\\\/wordpress\\\/departementaux-indoor-les-grosses-perfs-eac-de-la-journee\\\/#primaryimage\"},\"thumbnailUrl\":\"https:\\\/\\\/janze-athletisme.fr\\\/wordpress\\\/wp-content\\\/uploads\\\/2025\\\/01\\\/Manon-Maelys-Lucie-Lola-5janv2025-3.jpg\",\"articleSection\":[\"Le club au jour le jour\"],\"inLanguage\":\"fr-FR\",\"potentialAction\":[{\"@type\":\"CommentAction\",\"name\":\"Comment\",\"target\":[\"https:\\\/\\\/janze-athletisme.fr\\\/wordpress\\\/departementaux-indoor-les-grosses-perfs-eac-de-la-journee\\\/#respond\"]}]},{\"@type\":\"WebPage\",\"@id\":\"https:\\\/\\\/janze-athletisme.fr\\\/wordpress\\\/departementaux-indoor-les-grosses-perfs-eac-de-la-journee\\\/\",\"url\":\"https:\\\/\\\/janze-athletisme.fr\\\/wordpress\\\/departementaux-indoor-les-grosses-perfs-eac-de-la-journee\\\/\",\"name\":\"D\u00e9partementaux indoor : les grosses perfs EAC de la journ\u00e9e - Janz\u00e9 Athl\u00e9tisme\",\"isPartOf\":{\"@id\":\"https:\\\/\\\/janze-athletisme.fr\\\/wordpress\\\/#website\"},\"primaryImageOfPage\":{\"@id\":\"https:\\\/\\\/janze-athletisme.fr\\\/wordpress\\\/departementaux-indoor-les-grosses-perfs-eac-de-la-journee\\\/#primaryimage\"},\"image\":{\"@id\":\"https:\\\/\\\/janze-athletisme.fr\\\/wordpress\\\/departementaux-indoor-les-grosses-perfs-eac-de-la-journee\\\/#primaryimage\"},\"thumbnailUrl\":\"https:\\\/\\\/janze-athletisme.fr\\\/wordpress\\\/wp-content\\\/uploads\\\/2025\\\/01\\\/Manon-Maelys-Lucie-Lola-5janv2025-3.jpg\",\"datePublished\":\"2025-01-07T11:26:21+00:00\",\"dateModified\":\"2025-01-07T21:13:43+00:00\",\"breadcrumb\":{\"@id\":\"https:\\\/\\\/janze-athletisme.fr\\\/wordpress\\\/departementaux-indoor-les-grosses-perfs-eac-de-la-journee\\\/#breadcrumb\"},\"inLanguage\":\"fr-FR\",\"potentialAction\":[{\"@type\":\"ReadAction\",\"target\":[\"https:\\\/\\\/janze-athletisme.fr\\\/wordpress\\\/departementaux-indoor-les-grosses-perfs-eac-de-la-journee\\\/\"]}]},{\"@type\":\"ImageObject\",\"inLanguage\":\"fr-FR\",\"@id\":\"https:\\\/\\\/janze-athletisme.fr\\\/wordpress\\\/departementaux-indoor-les-grosses-perfs-eac-de-la-journee\\\/#primaryimage\",\"url\":\"https:\\\/\\\/janze-athletisme.fr\\\/wordpress\\\/wp-content\\\/uploads\\\/2025\\\/01\\\/Manon-Maelys-Lucie-Lola-5janv2025-3.jpg\",\"contentUrl\":\"https:\\\/\\\/janze-athletisme.fr\\\/wordpress\\\/wp-content\\\/uploads\\\/2025\\\/01\\\/Manon-Maelys-Lucie-Lola-5janv2025-3.jpg\",\"width\":1200,\"height\":1200},{\"@type\":\"BreadcrumbList\",\"@id\":\"https:\\\/\\\/janze-athletisme.fr\\\/wordpress\\\/departementaux-indoor-les-grosses-perfs-eac-de-la-journee\\\/#breadcrumb\",\"itemListElement\":[{\"@type\":\"ListItem\",\"position\":1,\"name\":\"Accueil\",\"item\":\"https:\\\/\\\/janze-athletisme.fr\\\/wordpress\\\/\"},{\"@type\":\"ListItem\",\"position\":2,\"name\":\"D\u00e9partementaux indoor : les grosses perfs EAC de la journ\u00e9e\"}]},{\"@type\":\"WebSite\",\"@id\":\"https:\\\/\\\/janze-athletisme.fr\\\/wordpress\\\/#website\",\"url\":\"https:\\\/\\\/janze-athletisme.fr\\\/wordpress\\\/\",\"name\":\"Janz\u00e9 Athl\u00e9tisme\",\"description\":\"Pays de La Roche aux F\u00e9es\",\"publisher\":{\"@id\":\"https:\\\/\\\/janze-athletisme.fr\\\/wordpress\\\/#organization\"},\"potentialAction\":[{\"@type\":\"SearchAction\",\"target\":{\"@type\":\"EntryPoint\",\"urlTemplate\":\"https:\\\/\\\/janze-athletisme.fr\\\/wordpress\\\/?s={search_term_string}\"},\"query-input\":{\"@type\":\"PropertyValueSpecification\",\"valueRequired\":true,\"valueName\":\"search_term_string\"}}],\"inLanguage\":\"fr-FR\"},{\"@type\":\"Organization\",\"@id\":\"https:\\\/\\\/janze-athletisme.fr\\\/wordpress\\\/#organization\",\"name\":\"Janz\u00e9 Athl\u00e9tisme\",\"url\":\"https:\\\/\\\/janze-athletisme.fr\\\/wordpress\\\/\",\"logo\":{\"@type\":\"ImageObject\",\"inLanguage\":\"fr-FR\",\"@id\":\"https:\\\/\\\/janze-athletisme.fr\\\/wordpress\\\/#\\\/schema\\\/logo\\\/image\\\/\",\"url\":\"https:\\\/\\\/janze-athletisme.fr\\\/wordpress\\\/wp-content\\\/uploads\\\/2015\\\/03\\\/logo-full1.jpg\",\"contentUrl\":\"https:\\\/\\\/janze-athletisme.fr\\\/wordpress\\\/wp-content\\\/uploads\\\/2015\\\/03\\\/logo-full1.jpg\",\"width\":437,\"height\":205,\"caption\":\"Janz\u00e9 Athl\u00e9tisme\"},\"image\":{\"@id\":\"https:\\\/\\\/janze-athletisme.fr\\\/wordpress\\\/#\\\/schema\\\/logo\\\/image\\\/\"},\"sameAs\":[\"https:\\\/\\\/www.facebook.com\\\/groups\\\/1007964579346590\"]},{\"@type\":\"Person\",\"@id\":\"https:\\\/\\\/janze-athletisme.fr\\\/wordpress\\\/#\\\/schema\\\/person\\\/c7b063dcfa6234c041d4d9b26cc2ea03\",\"name\":\"Laurent Meunier\",\"image\":{\"@type\":\"ImageObject\",\"inLanguage\":\"fr-FR\",\"@id\":\"https:\\\/\\\/secure.gravatar.com\\\/avatar\\\/dd25d581ad7c3349090f2fa6a9adb6bfa287e6a5dd8a5216a092727cd8749034?s=96&d=mm&r=g\",\"url\":\"https:\\\/\\\/secure.gravatar.com\\\/avatar\\\/dd25d581ad7c3349090f2fa6a9adb6bfa287e6a5dd8a5216a092727cd8749034?s=96&d=mm&r=g\",\"contentUrl\":\"https:\\\/\\\/secure.gravatar.com\\\/avatar\\\/dd25d581ad7c3349090f2fa6a9adb6bfa287e6a5dd8a5216a092727cd8749034?s=96&d=mm&r=g\",\"caption\":\"Laurent Meunier\"},\"url\":\"https:\\\/\\\/janze-athletisme.fr\\\/wordpress\\\/author\\\/laurent-meunier35\\\/\"}]}<\/script>\n<!-- \/ Yoast SEO plugin. -->","yoast_head_json":{"title":"D\u00e9partementaux indoor : les grosses perfs EAC de la journ\u00e9e - Janz\u00e9 Athl\u00e9tisme","robots":{"index":"index","follow":"follow","max-snippet":"max-snippet:-1","max-image-preview":"max-image-preview:large","max-video-preview":"max-video-preview:-1"},"canonical":"https:\/\/janze-athletisme.fr\/wordpress\/departementaux-indoor-les-grosses-perfs-eac-de-la-journee\/","og_locale":"fr_FR","og_type":"article","og_title":"D\u00e9partementaux indoor : les grosses perfs EAC de la journ\u00e9e - Janz\u00e9 Athl\u00e9tisme","og_description":"Championnat d&rsquo;Ille-et-Vilaine indoor, salle Robert-Poirier, dimanche 5 janvier Vingt-deux Cessonnais (dix filles, douze gar\u00e7ons) et dix-huit Janz\u00e9ens (cinq filles, treize gar\u00e7ons) ont particip\u00e9 \u00e0 ces championnats d\u00e9partementaux indoor 2025. On a vu que ces quarante athl\u00e8tes ont ramen\u00e9 vingt m\u00e9dailles, dont quatre titres, mais aussi trente-sept performances \u00e0 plus de 600 points, c&rsquo;est-\u00e0-dire d&rsquo;un niveau [&hellip;]","og_url":"https:\/\/janze-athletisme.fr\/wordpress\/departementaux-indoor-les-grosses-perfs-eac-de-la-journee\/","og_site_name":"Janz\u00e9 Athl\u00e9tisme","article_publisher":"https:\/\/www.facebook.com\/groups\/1007964579346590","article_published_time":"2025-01-07T11:26:21+00:00","article_modified_time":"2025-01-07T21:13:43+00:00","og_image":[{"width":1200,"height":1200,"url":"https:\/\/janze-athletisme.fr\/wordpress\/wp-content\/uploads\/2025\/01\/Manon-Maelys-Lucie-Lola-5janv2025-3.jpg","type":"image\/jpeg"}],"author":"Laurent Meunier","twitter_card":"summary_large_image","twitter_misc":{"\u00c9crit par":"Laurent Meunier","Dur\u00e9e de lecture estim\u00e9e":"5 minutes"},"schema":{"@context":"https:\/\/schema.org","@graph":[{"@type":"Article","@id":"https:\/\/janze-athletisme.fr\/wordpress\/departementaux-indoor-les-grosses-perfs-eac-de-la-journee\/#article","isPartOf":{"@id":"https:\/\/janze-athletisme.fr\/wordpress\/departementaux-indoor-les-grosses-perfs-eac-de-la-journee\/"},"author":{"name":"Laurent Meunier","@id":"https:\/\/janze-athletisme.fr\/wordpress\/#\/schema\/person\/c7b063dcfa6234c041d4d9b26cc2ea03"},"headline":"D\u00e9partementaux indoor : les grosses perfs EAC de la journ\u00e9e","datePublished":"2025-01-07T11:26:21+00:00","dateModified":"2025-01-07T21:13:43+00:00","mainEntityOfPage":{"@id":"https:\/\/janze-athletisme.fr\/wordpress\/departementaux-indoor-les-grosses-perfs-eac-de-la-journee\/"},"wordCount":582,"commentCount":0,"publisher":{"@id":"https:\/\/janze-athletisme.fr\/wordpress\/#organization"},"image":{"@id":"https:\/\/janze-athletisme.fr\/wordpress\/departementaux-indoor-les-grosses-perfs-eac-de-la-journee\/#primaryimage"},"thumbnailUrl":"https:\/\/janze-athletisme.fr\/wordpress\/wp-content\/uploads\/2025\/01\/Manon-Maelys-Lucie-Lola-5janv2025-3.jpg","articleSection":["Le club au jour le jour"],"inLanguage":"fr-FR","potentialAction":[{"@type":"CommentAction","name":"Comment","target":["https:\/\/janze-athletisme.fr\/wordpress\/departementaux-indoor-les-grosses-perfs-eac-de-la-journee\/#respond"]}]},{"@type":"WebPage","@id":"https:\/\/janze-athletisme.fr\/wordpress\/departementaux-indoor-les-grosses-perfs-eac-de-la-journee\/","url":"https:\/\/janze-athletisme.fr\/wordpress\/departementaux-indoor-les-grosses-perfs-eac-de-la-journee\/","name":"D\u00e9partementaux indoor : les grosses perfs EAC de la journ\u00e9e - Janz\u00e9 Athl\u00e9tisme","isPartOf":{"@id":"https:\/\/janze-athletisme.fr\/wordpress\/#website"},"primaryImageOfPage":{"@id":"https:\/\/janze-athletisme.fr\/wordpress\/departementaux-indoor-les-grosses-perfs-eac-de-la-journee\/#primaryimage"},"image":{"@id":"https:\/\/janze-athletisme.fr\/wordpress\/departementaux-indoor-les-grosses-perfs-eac-de-la-journee\/#primaryimage"},"thumbnailUrl":"https:\/\/janze-athletisme.fr\/wordpress\/wp-content\/uploads\/2025\/01\/Manon-Maelys-Lucie-Lola-5janv2025-3.jpg","datePublished":"2025-01-07T11:26:21+00:00","dateModified":"2025-01-07T21:13:43+00:00","breadcrumb":{"@id":"https:\/\/janze-athletisme.fr\/wordpress\/departementaux-indoor-les-grosses-perfs-eac-de-la-journee\/#breadcrumb"},"inLanguage":"fr-FR","potentialAction":[{"@type":"ReadAction","target":["https:\/\/janze-athletisme.fr\/wordpress\/departementaux-indoor-les-grosses-perfs-eac-de-la-journee\/"]}]},{"@type":"ImageObject","inLanguage":"fr-FR","@id":"https:\/\/janze-athletisme.fr\/wordpress\/departementaux-indoor-les-grosses-perfs-eac-de-la-journee\/#primaryimage","url":"https:\/\/janze-athletisme.fr\/wordpress\/wp-content\/uploads\/2025\/01\/Manon-Maelys-Lucie-Lola-5janv2025-3.jpg","contentUrl":"https:\/\/janze-athletisme.fr\/wordpress\/wp-content\/uploads\/2025\/01\/Manon-Maelys-Lucie-Lola-5janv2025-3.jpg","width":1200,"height":1200},{"@type":"BreadcrumbList","@id":"https:\/\/janze-athletisme.fr\/wordpress\/departementaux-indoor-les-grosses-perfs-eac-de-la-journee\/#breadcrumb","itemListElement":[{"@type":"ListItem","position":1,"name":"Accueil","item":"https:\/\/janze-athletisme.fr\/wordpress\/"},{"@type":"ListItem","position":2,"name":"D\u00e9partementaux indoor : les grosses perfs EAC de la journ\u00e9e"}]},{"@type":"WebSite","@id":"https:\/\/janze-athletisme.fr\/wordpress\/#website","url":"https:\/\/janze-athletisme.fr\/wordpress\/","name":"Janz\u00e9 Athl\u00e9tisme","description":"Pays de La Roche aux F\u00e9es","publisher":{"@id":"https:\/\/janze-athletisme.fr\/wordpress\/#organization"},"potentialAction":[{"@type":"SearchAction","target":{"@type":"EntryPoint","urlTemplate":"https:\/\/janze-athletisme.fr\/wordpress\/?s={search_term_string}"},"query-input":{"@type":"PropertyValueSpecification","valueRequired":true,"valueName":"search_term_string"}}],"inLanguage":"fr-FR"},{"@type":"Organization","@id":"https:\/\/janze-athletisme.fr\/wordpress\/#organization","name":"Janz\u00e9 Athl\u00e9tisme","url":"https:\/\/janze-athletisme.fr\/wordpress\/","logo":{"@type":"ImageObject","inLanguage":"fr-FR","@id":"https:\/\/janze-athletisme.fr\/wordpress\/#\/schema\/logo\/image\/","url":"https:\/\/janze-athletisme.fr\/wordpress\/wp-content\/uploads\/2015\/03\/logo-full1.jpg","contentUrl":"https:\/\/janze-athletisme.fr\/wordpress\/wp-content\/uploads\/2015\/03\/logo-full1.jpg","width":437,"height":205,"caption":"Janz\u00e9 Athl\u00e9tisme"},"image":{"@id":"https:\/\/janze-athletisme.fr\/wordpress\/#\/schema\/logo\/image\/"},"sameAs":["https:\/\/www.facebook.com\/groups\/1007964579346590"]},{"@type":"Person","@id":"https:\/\/janze-athletisme.fr\/wordpress\/#\/schema\/person\/c7b063dcfa6234c041d4d9b26cc2ea03","name":"Laurent Meunier","image":{"@type":"ImageObject","inLanguage":"fr-FR","@id":"https:\/\/secure.gravatar.com\/avatar\/dd25d581ad7c3349090f2fa6a9adb6bfa287e6a5dd8a5216a092727cd8749034?s=96&d=mm&r=g","url":"https:\/\/secure.gravatar.com\/avatar\/dd25d581ad7c3349090f2fa6a9adb6bfa287e6a5dd8a5216a092727cd8749034?s=96&d=mm&r=g","contentUrl":"https:\/\/secure.gravatar.com\/avatar\/dd25d581ad7c3349090f2fa6a9adb6bfa287e6a5dd8a5216a092727cd8749034?s=96&d=mm&r=g","caption":"Laurent Meunier"},"url":"https:\/\/janze-athletisme.fr\/wordpress\/author\/laurent-meunier35\/"}]}},"uagb_featured_image_src":{"full":["https:\/\/janze-athletisme.fr\/wordpress\/wp-content\/uploads\/2025\/01\/Manon-Maelys-Lucie-Lola-5janv2025-3.jpg",1200,1200,false],"thumbnail":["https:\/\/janze-athletisme.fr\/wordpress\/wp-content\/uploads\/2025\/01\/Manon-Maelys-Lucie-Lola-5janv2025-3-150x150.jpg",150,150,true],"medium":["https:\/\/janze-athletisme.fr\/wordpress\/wp-content\/uploads\/2025\/01\/Manon-Maelys-Lucie-Lola-5janv2025-3-300x300.jpg",300,300,true],"medium_large":["https:\/\/janze-athletisme.fr\/wordpress\/wp-content\/uploads\/2025\/01\/Manon-Maelys-Lucie-Lola-5janv2025-3-768x768.jpg",768,768,true],"large":["https:\/\/janze-athletisme.fr\/wordpress\/wp-content\/uploads\/2025\/01\/Manon-Maelys-Lucie-Lola-5janv2025-3-1024x1024.jpg",1024,1024,true],"1536x1536":["https:\/\/janze-athletisme.fr\/wordpress\/wp-content\/uploads\/2025\/01\/Manon-Maelys-Lucie-Lola-5janv2025-3.jpg",1200,1200,false],"2048x2048":["https:\/\/janze-athletisme.fr\/wordpress\/wp-content\/uploads\/2025\/01\/Manon-Maelys-Lucie-Lola-5janv2025-3.jpg",1200,1200,false]},"uagb_author_info":{"display_name":"Laurent Meunier","author_link":"https:\/\/janze-athletisme.fr\/wordpress\/author\/laurent-meunier35\/"},"uagb_comment_info":0,"uagb_excerpt":"Championnat d&rsquo;Ille-et-Vilaine indoor, salle Robert-Poirier, dimanche 5 janvier Vingt-deux Cessonnais (dix filles, douze gar\u00e7ons) et dix-huit Janz\u00e9ens (cinq filles, treize gar\u00e7ons) ont particip\u00e9 \u00e0 ces championnats d\u00e9partementaux indoor 2025. On a vu que ces quarante athl\u00e8tes ont ramen\u00e9 vingt m\u00e9dailles, dont quatre titres, mais aussi trente-sept performances \u00e0 plus de 600 points, c&rsquo;est-\u00e0-dire d&rsquo;un niveau\u2026","_links":{"self":[{"href":"https:\/\/janze-athletisme.fr\/wordpress\/wp-json\/wp\/v2\/posts\/22698","targetHints":{"allow":["GET"]}}],"collection":[{"href":"https:\/\/janze-athletisme.fr\/wordpress\/wp-json\/wp\/v2\/posts"}],"about":[{"href":"https:\/\/janze-athletisme.fr\/wordpress\/wp-json\/wp\/v2\/types\/post"}],"author":[{"embeddable":true,"href":"https:\/\/janze-athletisme.fr\/wordpress\/wp-json\/wp\/v2\/users\/12"}],"replies":[{"embeddable":true,"href":"https:\/\/janze-athletisme.fr\/wordpress\/wp-json\/wp\/v2\/comments?post=22698"}],"version-history":[{"count":3,"href":"https:\/\/janze-athletisme.fr\/wordpress\/wp-json\/wp\/v2\/posts\/22698\/revisions"}],"predecessor-version":[{"id":22710,"href":"https:\/\/janze-athletisme.fr\/wordpress\/wp-json\/wp\/v2\/posts\/22698\/revisions\/22710"}],"wp:featuredmedia":[{"embeddable":true,"href":"https:\/\/janze-athletisme.fr\/wordpress\/wp-json\/wp\/v2\/media\/22704"}],"wp:attachment":[{"href":"https:\/\/janze-athletisme.fr\/wordpress\/wp-json\/wp\/v2\/media?parent=22698"}],"wp:term":[{"taxonomy":"category","embeddable":true,"href":"https:\/\/janze-athletisme.fr\/wordpress\/wp-json\/wp\/v2\/categories?post=22698"},{"taxonomy":"post_tag","embeddable":true,"href":"https:\/\/janze-athletisme.fr\/wordpress\/wp-json\/wp\/v2\/tags?post=22698"}],"curies":[{"name":"wp","href":"https:\/\/api.w.org\/{rel}","templated":true}]}}