{"id":22687,"date":"2025-01-06T22:30:11","date_gmt":"2025-01-06T21:30:11","guid":{"rendered":"https:\/\/janze-athletisme.fr\/wordpress\/?p=22687"},"modified":"2025-01-06T22:50:07","modified_gmt":"2025-01-06T21:50:07","slug":"20-podiums-dont-4-titres-pour-leac","status":"publish","type":"post","link":"https:\/\/janze-athletisme.fr\/wordpress\/20-podiums-dont-4-titres-pour-leac\/","title":{"rendered":"20 podiums, dont 4 titres pour l&rsquo;EAC"},"content":{"rendered":"<p><span style=\"font-size: 18pt\"><strong>D\u00e9partementaux d&rsquo;Ille-et-Vilaine indoor, salle Robert-Poirier, dimanche 5 janvier<\/strong><\/span><\/p>\n<p>En 2024, l&rsquo;EAC avait ramen\u00e9 seize podiums de Robert-Poirier, dont trois titres (Marie Duvigneau sur 200 et 400m SEF et Fran\u00e7ois Chevalier sur 200m CAM).<\/p>\n<p>Dans cet ensemble, Janz\u00e9 avait ramen\u00e9 sept m\u00e9dailles, sans aucun titre.<\/p>\n<p>On peut constater, avec la liste ci-dessous, que le total global a augment\u00e9 (vingt podiums, dont quatre titres), et que Janz\u00e9 y a largement sa part, avec dix m\u00e9dailles, dont trois des quatre titres de la journ\u00e9e. C&rsquo;est un excellent r\u00e9sultat. Bravo \u00e0 tous nos jeunes !<\/p>\n<p><span style=\"text-decoration: underline\"><span style=\"font-size: 14pt\"><strong>Champions d&rsquo;Ille-et-Vilaine<\/strong><\/span><\/span><\/p>\n<p><strong>Cl\u00e9mence<\/strong> Lamoureux sur 800m CAF en 2&rsquo;38&Prime;85<\/p>\n<p><strong>Quentin<\/strong> Planchenault sur 200m CAM en 24&Prime;06<\/p>\n<p>Elouan Beaucher (Cesson) sur 1500m JUM en 5&rsquo;20&Prime;13<\/p>\n<p><strong>B\u00e9renger<\/strong> Tardif, <strong>Thibault<\/strong> Vilay, <strong>Quentin<\/strong> Planchenault, Fran\u00e7ois Chevalier sur le 4 x 1 tour JUM en 1&rsquo;33&Prime;82<\/p>\n<p><span style=\"text-decoration: underline\"><span style=\"font-size: 14pt\"><strong>M\u00e9dailles d&rsquo;argent<\/strong><\/span><\/span><\/p>\n<p>Lola Foeillet (Cesson) sur 200m CAF en 27&Prime;37<\/p>\n<p>Lucie Duvigneau (Cesson) sur 400m CAF en 60&Prime;34<\/p>\n<p>Sterenn Tanguy (Cesson) au poids JUF (4kg) avec 8m30<\/p>\n<p><strong>Elouan<\/strong> L\u00e9v\u00eaque au poids CAM (5kg) avec 10m79<\/p>\n<p><strong>Enzo<\/strong> Paccini au poids ESM (7kg) avec 12m13<\/p>\n<p>Fran\u00e7ois Chevalier (Cesson) sur 400m JUM en 50&Prime;77<\/p>\n<p><strong>Thibault<\/strong> Vilay \u00e0 la hauteur JUM avec 1m76<\/p>\n<p>Hugo Baudu (Cesson) sur 200m SEM en 22&rsquo;54<\/p>\n<p><span style=\"text-decoration: underline\"><span style=\"font-size: 14pt\"><strong>M\u00e9dailles de bronze<\/strong><\/span><\/span><\/p>\n<p>Lola Foeillet (Cesson) sur 60m CAF en 8&Prime;16<\/p>\n<p><strong>Manon<\/strong> Le Nard, <strong>Ma\u00eblys<\/strong> Renoult, Lola Foeillet, Lucie Duvigneau sur le 4 x 1 tour CAF en 1&rsquo;50&Prime;34<\/p>\n<p><strong>Ana<\/strong> Th\u00e9odin sur 1500m ESF en 5&rsquo;53&Prime;04<\/p>\n<p>Pauline Le Bihan (Cesson) \u00e0 la longueur ESF en 4m69<\/p>\n<p>Jeanne Collineau-Catez (Cesson) sur 200m SEF en 28&Prime;69<\/p>\n<p><strong>Quentin<\/strong> Planchenault sur 60m CAM en 7&Prime;36<\/p>\n<p><strong>Jules<\/strong> Le Dorven \u00e0 la perche CAM avec 2m40<\/p>\n<p>Robin Legouable (Cesson) sur 800m ESM en 2&rsquo;08&Prime;23<\/p>\n<p><em>Tous les podiums de la journ\u00e9e sont <a href=\"https:\/\/bases.athle.fr\/asp.net\/liste.aspx?frmbase=podiums&amp;frmmode=1&amp;frmespace=&amp;frmcompetition=294924&amp;frmposition=0\">ICI<\/a>.<\/em><\/p>\n<p><em>Suite et fin demain, avec les meilleures performances de la journ\u00e9e.<\/em><\/p>\n<p><a href=\"https:\/\/janze-athletisme.fr\/wordpress\/wp-content\/uploads\/2025\/01\/Clemence-5janv2025-15.jpg\"><img loading=\"lazy\" decoding=\"async\" class=\"alignnone wp-image-22694\" src=\"https:\/\/janze-athletisme.fr\/wordpress\/wp-content\/uploads\/2025\/01\/Clemence-5janv2025-15-201x300.jpg\" alt=\"\" width=\"142\" height=\"212\" srcset=\"https:\/\/janze-athletisme.fr\/wordpress\/wp-content\/uploads\/2025\/01\/Clemence-5janv2025-15-201x300.jpg 201w, https:\/\/janze-athletisme.fr\/wordpress\/wp-content\/uploads\/2025\/01\/Clemence-5janv2025-15-685x1024.jpg 685w, https:\/\/janze-athletisme.fr\/wordpress\/wp-content\/uploads\/2025\/01\/Clemence-5janv2025-15-768x1148.jpg 768w, https:\/\/janze-athletisme.fr\/wordpress\/wp-content\/uploads\/2025\/01\/Clemence-5janv2025-15.jpg 1000w\" sizes=\"auto, (max-width: 142px) 100vw, 142px\" \/><\/a><a href=\"https:\/\/janze-athletisme.fr\/wordpress\/wp-content\/uploads\/2025\/01\/Clemence-5janv2025-16-1.jpg\">\u00a0<img loading=\"lazy\" decoding=\"async\" class=\"alignnone wp-image-22691\" src=\"https:\/\/janze-athletisme.fr\/wordpress\/wp-content\/uploads\/2025\/01\/Clemence-5janv2025-16-1-300x200.jpg\" alt=\"\" width=\"318\" height=\"212\" srcset=\"https:\/\/janze-athletisme.fr\/wordpress\/wp-content\/uploads\/2025\/01\/Clemence-5janv2025-16-1-300x200.jpg 300w, https:\/\/janze-athletisme.fr\/wordpress\/wp-content\/uploads\/2025\/01\/Clemence-5janv2025-16-1-1024x683.jpg 1024w, https:\/\/janze-athletisme.fr\/wordpress\/wp-content\/uploads\/2025\/01\/Clemence-5janv2025-16-1-768x512.jpg 768w, https:\/\/janze-athletisme.fr\/wordpress\/wp-content\/uploads\/2025\/01\/Clemence-5janv2025-16-1-1536x1025.jpg 1536w, https:\/\/janze-athletisme.fr\/wordpress\/wp-content\/uploads\/2025\/01\/Clemence-5janv2025-16-1.jpg 1799w\" sizes=\"auto, (max-width: 318px) 100vw, 318px\" \/><\/a><a href=\"https:\/\/janze-athletisme.fr\/wordpress\/wp-content\/uploads\/2025\/01\/Clemence-5janv2025-17.jpg\">\u00a0<img loading=\"lazy\" decoding=\"async\" class=\"alignnone wp-image-22688\" src=\"https:\/\/janze-athletisme.fr\/wordpress\/wp-content\/uploads\/2025\/01\/Clemence-5janv2025-17-300x201.jpg\" alt=\"\" width=\"317\" height=\"213\" srcset=\"https:\/\/janze-athletisme.fr\/wordpress\/wp-content\/uploads\/2025\/01\/Clemence-5janv2025-17-300x201.jpg 300w, https:\/\/janze-athletisme.fr\/wordpress\/wp-content\/uploads\/2025\/01\/Clemence-5janv2025-17-1024x684.jpg 1024w, https:\/\/janze-athletisme.fr\/wordpress\/wp-content\/uploads\/2025\/01\/Clemence-5janv2025-17-768x513.jpg 768w, https:\/\/janze-athletisme.fr\/wordpress\/wp-content\/uploads\/2025\/01\/Clemence-5janv2025-17.jpg 1496w\" sizes=\"auto, (max-width: 317px) 100vw, 317px\" \/> <\/a><\/p>\n<p><a href=\"https:\/\/janze-athletisme.fr\/wordpress\/wp-content\/uploads\/2025\/01\/Quentin-Elouan-5jenv2025.jpg\"><img loading=\"lazy\" decoding=\"async\" class=\"alignnone size-medium wp-image-22692\" src=\"https:\/\/janze-athletisme.fr\/wordpress\/wp-content\/uploads\/2025\/01\/Quentin-Elouan-5jenv2025-300x200.jpg\" alt=\"\" width=\"300\" height=\"200\" srcset=\"https:\/\/janze-athletisme.fr\/wordpress\/wp-content\/uploads\/2025\/01\/Quentin-Elouan-5jenv2025-300x200.jpg 300w, https:\/\/janze-athletisme.fr\/wordpress\/wp-content\/uploads\/2025\/01\/Quentin-Elouan-5jenv2025-1024x684.jpg 1024w, https:\/\/janze-athletisme.fr\/wordpress\/wp-content\/uploads\/2025\/01\/Quentin-Elouan-5jenv2025-768x513.jpg 768w, https:\/\/janze-athletisme.fr\/wordpress\/wp-content\/uploads\/2025\/01\/Quentin-Elouan-5jenv2025.jpg 1497w\" sizes=\"auto, (max-width: 300px) 100vw, 300px\" \/> <\/a><a href=\"https:\/\/janze-athletisme.fr\/wordpress\/wp-content\/uploads\/2025\/01\/Quentin-5janv2025-1.jpg\"><img loading=\"lazy\" decoding=\"async\" class=\"alignnone wp-image-22693\" src=\"https:\/\/janze-athletisme.fr\/wordpress\/wp-content\/uploads\/2025\/01\/Quentin-5janv2025-1-199x300.jpg\" alt=\"\" width=\"135\" height=\"203\" srcset=\"https:\/\/janze-athletisme.fr\/wordpress\/wp-content\/uploads\/2025\/01\/Quentin-5janv2025-1-199x300.jpg 199w, https:\/\/janze-athletisme.fr\/wordpress\/wp-content\/uploads\/2025\/01\/Quentin-5janv2025-1-679x1024.jpg 679w, https:\/\/janze-athletisme.fr\/wordpress\/wp-content\/uploads\/2025\/01\/Quentin-5janv2025-1-768x1158.jpg 768w, https:\/\/janze-athletisme.fr\/wordpress\/wp-content\/uploads\/2025\/01\/Quentin-5janv2025-1.jpg 1000w\" sizes=\"auto, (max-width: 135px) 100vw, 135px\" \/> <\/a><a href=\"https:\/\/janze-athletisme.fr\/wordpress\/wp-content\/uploads\/2025\/01\/Thibault-Francois-Berenger-Quentin-5janv2025-1.jpg\"><img loading=\"lazy\" decoding=\"async\" class=\"alignnone wp-image-22679\" src=\"https:\/\/janze-athletisme.fr\/wordpress\/wp-content\/uploads\/2025\/01\/Thibault-Francois-Berenger-Quentin-5janv2025-1-203x300.jpg\" alt=\"\" width=\"137\" height=\"203\" srcset=\"https:\/\/janze-athletisme.fr\/wordpress\/wp-content\/uploads\/2025\/01\/Thibault-Francois-Berenger-Quentin-5janv2025-1-203x300.jpg 203w, https:\/\/janze-athletisme.fr\/wordpress\/wp-content\/uploads\/2025\/01\/Thibault-Francois-Berenger-Quentin-5janv2025-1-692x1024.jpg 692w, https:\/\/janze-athletisme.fr\/wordpress\/wp-content\/uploads\/2025\/01\/Thibault-Francois-Berenger-Quentin-5janv2025-1-768x1137.jpg 768w, https:\/\/janze-athletisme.fr\/wordpress\/wp-content\/uploads\/2025\/01\/Thibault-Francois-Berenger-Quentin-5janv2025-1-1038x1536.jpg 1038w, https:\/\/janze-athletisme.fr\/wordpress\/wp-content\/uploads\/2025\/01\/Thibault-Francois-Berenger-Quentin-5janv2025-1.jpg 1200w\" sizes=\"auto, (max-width: 137px) 100vw, 137px\" \/> <\/a><a href=\"https:\/\/janze-athletisme.fr\/wordpress\/wp-content\/uploads\/2025\/01\/Quentin-Thibault-Berenger-Francois-5janv2025.jpg\"><img loading=\"lazy\" decoding=\"async\" class=\"alignnone wp-image-22678\" src=\"https:\/\/janze-athletisme.fr\/wordpress\/wp-content\/uploads\/2025\/01\/Quentin-Thibault-Berenger-Francois-5janv2025-300x300.jpg\" alt=\"\" width=\"202\" height=\"202\" srcset=\"https:\/\/janze-athletisme.fr\/wordpress\/wp-content\/uploads\/2025\/01\/Quentin-Thibault-Berenger-Francois-5janv2025-300x300.jpg 300w, https:\/\/janze-athletisme.fr\/wordpress\/wp-content\/uploads\/2025\/01\/Quentin-Thibault-Berenger-Francois-5janv2025-1024x1024.jpg 1024w, https:\/\/janze-athletisme.fr\/wordpress\/wp-content\/uploads\/2025\/01\/Quentin-Thibault-Berenger-Francois-5janv2025-150x150.jpg 150w, https:\/\/janze-athletisme.fr\/wordpress\/wp-content\/uploads\/2025\/01\/Quentin-Thibault-Berenger-Francois-5janv2025-768x768.jpg 768w, https:\/\/janze-athletisme.fr\/wordpress\/wp-content\/uploads\/2025\/01\/Quentin-Thibault-Berenger-Francois-5janv2025.jpg 1500w\" sizes=\"auto, (max-width: 202px) 100vw, 202px\" \/><\/a><\/p>\n<p><span style=\"font-size: 10pt\"><em>Cl\u00e9mence et Quentin (ici avec Elouan) sont nos deux champions d\u00e9partementaux individuels du jour. Quant au relais JUM champion du 4 x 1 tour, il comprenait trois Janz\u00e9ens (Quentin, Thibault et B\u00e9renger, ici avec Fran\u00e7ois, de Cesson).<\/em><\/span><\/p>\n","protected":false},"excerpt":{"rendered":"<p>D\u00e9partementaux d&rsquo;Ille-et-Vilaine indoor, salle Robert-Poirier, dimanche 5 janvier En 2024, l&rsquo;EAC avait ramen\u00e9 seize podiums de Robert-Poirier, dont trois titres (Marie Duvigneau sur 200 et 400m SEF et Fran\u00e7ois Chevalier sur 200m CAM). Dans cet ensemble, Janz\u00e9 avait ramen\u00e9 sept m\u00e9dailles, sans aucun titre. On peut constater, avec la liste ci-dessous, que le total global [&hellip;]<\/p>\n","protected":false},"author":12,"featured_media":22691,"comment_status":"open","ping_status":"open","sticky":false,"template":"","format":"aside","meta":{"_uag_custom_page_level_css":"","site-sidebar-layout":"default","site-content-layout":"","ast-site-content-layout":"default","site-content-style":"default","site-sidebar-style":"default","ast-global-header-display":"","ast-banner-title-visibility":"","ast-main-header-display":"","ast-hfb-above-header-display":"","ast-hfb-below-header-display":"","ast-hfb-mobile-header-display":"","site-post-title":"","ast-breadcrumbs-content":"","ast-featured-img":"","footer-sml-layout":"","ast-disable-related-posts":"","theme-transparent-header-meta":"default","adv-header-id-meta":"","stick-header-meta":"","header-above-stick-meta":"","header-main-stick-meta":"","header-below-stick-meta":"","astra-migrate-meta-layouts":"set","ast-page-background-enabled":"default","ast-page-background-meta":{"desktop":{"background-color":"var(--ast-global-color-4)","background-image":"","background-repeat":"repeat","background-position":"center center","background-size":"auto","background-attachment":"scroll","background-type":"","background-media":"","overlay-type":"","overlay-color":"","overlay-opacity":"","overlay-gradient":""},"tablet":{"background-color":"","background-image":"","background-repeat":"repeat","background-position":"center center","background-size":"auto","background-attachment":"scroll","background-type":"","background-media":"","overlay-type":"","overlay-color":"","overlay-opacity":"","overlay-gradient":""},"mobile":{"background-color":"","background-image":"","background-repeat":"repeat","background-position":"center center","background-size":"auto","background-attachment":"scroll","background-type":"","background-media":"","overlay-type":"","overlay-color":"","overlay-opacity":"","overlay-gradient":""}},"ast-content-background-meta":{"desktop":{"background-color":"var(--ast-global-color-5)","background-image":"","background-repeat":"repeat","background-position":"center center","background-size":"auto","background-attachment":"scroll","background-type":"","background-media":"","overlay-type":"","overlay-color":"","overlay-opacity":"","overlay-gradient":""},"tablet":{"background-color":"var(--ast-global-color-5)","background-image":"","background-repeat":"repeat","background-position":"center center","background-size":"auto","background-attachment":"scroll","background-type":"","background-media":"","overlay-type":"","overlay-color":"","overlay-opacity":"","overlay-gradient":""},"mobile":{"background-color":"var(--ast-global-color-5)","background-image":"","background-repeat":"repeat","background-position":"center center","background-size":"auto","background-attachment":"scroll","background-type":"","background-media":"","overlay-type":"","overlay-color":"","overlay-opacity":"","overlay-gradient":""}},"footnotes":""},"categories":[6],"tags":[],"class_list":["post-22687","post","type-post","status-publish","format-aside","has-post-thumbnail","hentry","category-sections","post_format-post-format-aside"],"yoast_head":"<!-- This site is optimized with the Yoast SEO plugin v27.4 - https:\/\/yoast.com\/product\/yoast-seo-wordpress\/ -->\n<title>20 podiums, dont 4 titres pour l&#039;EAC - Janz\u00e9 Athl\u00e9tisme<\/title>\n<meta name=\"robots\" content=\"index, follow, max-snippet:-1, max-image-preview:large, max-video-preview:-1\" \/>\n<link rel=\"canonical\" href=\"https:\/\/janze-athletisme.fr\/wordpress\/20-podiums-dont-4-titres-pour-leac\/\" \/>\n<meta property=\"og:locale\" content=\"fr_FR\" \/>\n<meta property=\"og:type\" content=\"article\" \/>\n<meta property=\"og:title\" content=\"20 podiums, dont 4 titres pour l&#039;EAC - Janz\u00e9 Athl\u00e9tisme\" \/>\n<meta property=\"og:description\" content=\"D\u00e9partementaux d&rsquo;Ille-et-Vilaine indoor, salle Robert-Poirier, dimanche 5 janvier En 2024, l&rsquo;EAC avait ramen\u00e9 seize podiums de Robert-Poirier, dont trois titres (Marie Duvigneau sur 200 et 400m SEF et Fran\u00e7ois Chevalier sur 200m CAM). Dans cet ensemble, Janz\u00e9 avait ramen\u00e9 sept m\u00e9dailles, sans aucun titre. On peut constater, avec la liste ci-dessous, que le total global [&hellip;]\" \/>\n<meta property=\"og:url\" content=\"https:\/\/janze-athletisme.fr\/wordpress\/20-podiums-dont-4-titres-pour-leac\/\" \/>\n<meta property=\"og:site_name\" content=\"Janz\u00e9 Athl\u00e9tisme\" \/>\n<meta property=\"article:publisher\" content=\"https:\/\/www.facebook.com\/groups\/1007964579346590\" \/>\n<meta property=\"article:published_time\" content=\"2025-01-06T21:30:11+00:00\" \/>\n<meta property=\"article:modified_time\" content=\"2025-01-06T21:50:07+00:00\" \/>\n<meta property=\"og:image\" content=\"https:\/\/janze-athletisme.fr\/wordpress\/wp-content\/uploads\/2025\/01\/Clemence-5janv2025-16-1.jpg\" \/>\n\t<meta property=\"og:image:width\" content=\"1799\" \/>\n\t<meta property=\"og:image:height\" content=\"1200\" \/>\n\t<meta property=\"og:image:type\" content=\"image\/jpeg\" \/>\n<meta name=\"author\" content=\"Laurent Meunier\" \/>\n<meta name=\"twitter:card\" content=\"summary_large_image\" \/>\n<meta name=\"twitter:label1\" content=\"\u00c9crit par\" \/>\n\t<meta name=\"twitter:data1\" content=\"Laurent Meunier\" \/>\n\t<meta name=\"twitter:label2\" content=\"Dur\u00e9e de lecture estim\u00e9e\" \/>\n\t<meta name=\"twitter:data2\" content=\"4 minutes\" \/>\n<script type=\"application\/ld+json\" class=\"yoast-schema-graph\">{\"@context\":\"https:\\\/\\\/schema.org\",\"@graph\":[{\"@type\":\"Article\",\"@id\":\"https:\\\/\\\/janze-athletisme.fr\\\/wordpress\\\/20-podiums-dont-4-titres-pour-leac\\\/#article\",\"isPartOf\":{\"@id\":\"https:\\\/\\\/janze-athletisme.fr\\\/wordpress\\\/20-podiums-dont-4-titres-pour-leac\\\/\"},\"author\":{\"name\":\"Laurent Meunier\",\"@id\":\"https:\\\/\\\/janze-athletisme.fr\\\/wordpress\\\/#\\\/schema\\\/person\\\/c7b063dcfa6234c041d4d9b26cc2ea03\"},\"headline\":\"20 podiums, dont 4 titres pour l&rsquo;EAC\",\"datePublished\":\"2025-01-06T21:30:11+00:00\",\"dateModified\":\"2025-01-06T21:50:07+00:00\",\"mainEntityOfPage\":{\"@id\":\"https:\\\/\\\/janze-athletisme.fr\\\/wordpress\\\/20-podiums-dont-4-titres-pour-leac\\\/\"},\"wordCount\":339,\"commentCount\":0,\"publisher\":{\"@id\":\"https:\\\/\\\/janze-athletisme.fr\\\/wordpress\\\/#organization\"},\"image\":{\"@id\":\"https:\\\/\\\/janze-athletisme.fr\\\/wordpress\\\/20-podiums-dont-4-titres-pour-leac\\\/#primaryimage\"},\"thumbnailUrl\":\"https:\\\/\\\/janze-athletisme.fr\\\/wordpress\\\/wp-content\\\/uploads\\\/2025\\\/01\\\/Clemence-5janv2025-16-1.jpg\",\"articleSection\":[\"Le club au jour le jour\"],\"inLanguage\":\"fr-FR\",\"potentialAction\":[{\"@type\":\"CommentAction\",\"name\":\"Comment\",\"target\":[\"https:\\\/\\\/janze-athletisme.fr\\\/wordpress\\\/20-podiums-dont-4-titres-pour-leac\\\/#respond\"]}]},{\"@type\":\"WebPage\",\"@id\":\"https:\\\/\\\/janze-athletisme.fr\\\/wordpress\\\/20-podiums-dont-4-titres-pour-leac\\\/\",\"url\":\"https:\\\/\\\/janze-athletisme.fr\\\/wordpress\\\/20-podiums-dont-4-titres-pour-leac\\\/\",\"name\":\"20 podiums, dont 4 titres pour l'EAC - Janz\u00e9 Athl\u00e9tisme\",\"isPartOf\":{\"@id\":\"https:\\\/\\\/janze-athletisme.fr\\\/wordpress\\\/#website\"},\"primaryImageOfPage\":{\"@id\":\"https:\\\/\\\/janze-athletisme.fr\\\/wordpress\\\/20-podiums-dont-4-titres-pour-leac\\\/#primaryimage\"},\"image\":{\"@id\":\"https:\\\/\\\/janze-athletisme.fr\\\/wordpress\\\/20-podiums-dont-4-titres-pour-leac\\\/#primaryimage\"},\"thumbnailUrl\":\"https:\\\/\\\/janze-athletisme.fr\\\/wordpress\\\/wp-content\\\/uploads\\\/2025\\\/01\\\/Clemence-5janv2025-16-1.jpg\",\"datePublished\":\"2025-01-06T21:30:11+00:00\",\"dateModified\":\"2025-01-06T21:50:07+00:00\",\"breadcrumb\":{\"@id\":\"https:\\\/\\\/janze-athletisme.fr\\\/wordpress\\\/20-podiums-dont-4-titres-pour-leac\\\/#breadcrumb\"},\"inLanguage\":\"fr-FR\",\"potentialAction\":[{\"@type\":\"ReadAction\",\"target\":[\"https:\\\/\\\/janze-athletisme.fr\\\/wordpress\\\/20-podiums-dont-4-titres-pour-leac\\\/\"]}]},{\"@type\":\"ImageObject\",\"inLanguage\":\"fr-FR\",\"@id\":\"https:\\\/\\\/janze-athletisme.fr\\\/wordpress\\\/20-podiums-dont-4-titres-pour-leac\\\/#primaryimage\",\"url\":\"https:\\\/\\\/janze-athletisme.fr\\\/wordpress\\\/wp-content\\\/uploads\\\/2025\\\/01\\\/Clemence-5janv2025-16-1.jpg\",\"contentUrl\":\"https:\\\/\\\/janze-athletisme.fr\\\/wordpress\\\/wp-content\\\/uploads\\\/2025\\\/01\\\/Clemence-5janv2025-16-1.jpg\",\"width\":1799,\"height\":1200},{\"@type\":\"BreadcrumbList\",\"@id\":\"https:\\\/\\\/janze-athletisme.fr\\\/wordpress\\\/20-podiums-dont-4-titres-pour-leac\\\/#breadcrumb\",\"itemListElement\":[{\"@type\":\"ListItem\",\"position\":1,\"name\":\"Accueil\",\"item\":\"https:\\\/\\\/janze-athletisme.fr\\\/wordpress\\\/\"},{\"@type\":\"ListItem\",\"position\":2,\"name\":\"20 podiums, dont 4 titres pour l&rsquo;EAC\"}]},{\"@type\":\"WebSite\",\"@id\":\"https:\\\/\\\/janze-athletisme.fr\\\/wordpress\\\/#website\",\"url\":\"https:\\\/\\\/janze-athletisme.fr\\\/wordpress\\\/\",\"name\":\"Janz\u00e9 Athl\u00e9tisme\",\"description\":\"Pays de La Roche aux F\u00e9es\",\"publisher\":{\"@id\":\"https:\\\/\\\/janze-athletisme.fr\\\/wordpress\\\/#organization\"},\"potentialAction\":[{\"@type\":\"SearchAction\",\"target\":{\"@type\":\"EntryPoint\",\"urlTemplate\":\"https:\\\/\\\/janze-athletisme.fr\\\/wordpress\\\/?s={search_term_string}\"},\"query-input\":{\"@type\":\"PropertyValueSpecification\",\"valueRequired\":true,\"valueName\":\"search_term_string\"}}],\"inLanguage\":\"fr-FR\"},{\"@type\":\"Organization\",\"@id\":\"https:\\\/\\\/janze-athletisme.fr\\\/wordpress\\\/#organization\",\"name\":\"Janz\u00e9 Athl\u00e9tisme\",\"url\":\"https:\\\/\\\/janze-athletisme.fr\\\/wordpress\\\/\",\"logo\":{\"@type\":\"ImageObject\",\"inLanguage\":\"fr-FR\",\"@id\":\"https:\\\/\\\/janze-athletisme.fr\\\/wordpress\\\/#\\\/schema\\\/logo\\\/image\\\/\",\"url\":\"https:\\\/\\\/janze-athletisme.fr\\\/wordpress\\\/wp-content\\\/uploads\\\/2015\\\/03\\\/logo-full1.jpg\",\"contentUrl\":\"https:\\\/\\\/janze-athletisme.fr\\\/wordpress\\\/wp-content\\\/uploads\\\/2015\\\/03\\\/logo-full1.jpg\",\"width\":437,\"height\":205,\"caption\":\"Janz\u00e9 Athl\u00e9tisme\"},\"image\":{\"@id\":\"https:\\\/\\\/janze-athletisme.fr\\\/wordpress\\\/#\\\/schema\\\/logo\\\/image\\\/\"},\"sameAs\":[\"https:\\\/\\\/www.facebook.com\\\/groups\\\/1007964579346590\"]},{\"@type\":\"Person\",\"@id\":\"https:\\\/\\\/janze-athletisme.fr\\\/wordpress\\\/#\\\/schema\\\/person\\\/c7b063dcfa6234c041d4d9b26cc2ea03\",\"name\":\"Laurent Meunier\",\"image\":{\"@type\":\"ImageObject\",\"inLanguage\":\"fr-FR\",\"@id\":\"https:\\\/\\\/secure.gravatar.com\\\/avatar\\\/dd25d581ad7c3349090f2fa6a9adb6bfa287e6a5dd8a5216a092727cd8749034?s=96&d=mm&r=g\",\"url\":\"https:\\\/\\\/secure.gravatar.com\\\/avatar\\\/dd25d581ad7c3349090f2fa6a9adb6bfa287e6a5dd8a5216a092727cd8749034?s=96&d=mm&r=g\",\"contentUrl\":\"https:\\\/\\\/secure.gravatar.com\\\/avatar\\\/dd25d581ad7c3349090f2fa6a9adb6bfa287e6a5dd8a5216a092727cd8749034?s=96&d=mm&r=g\",\"caption\":\"Laurent Meunier\"},\"url\":\"https:\\\/\\\/janze-athletisme.fr\\\/wordpress\\\/author\\\/laurent-meunier35\\\/\"}]}<\/script>\n<!-- \/ Yoast SEO plugin. -->","yoast_head_json":{"title":"20 podiums, dont 4 titres pour l'EAC - Janz\u00e9 Athl\u00e9tisme","robots":{"index":"index","follow":"follow","max-snippet":"max-snippet:-1","max-image-preview":"max-image-preview:large","max-video-preview":"max-video-preview:-1"},"canonical":"https:\/\/janze-athletisme.fr\/wordpress\/20-podiums-dont-4-titres-pour-leac\/","og_locale":"fr_FR","og_type":"article","og_title":"20 podiums, dont 4 titres pour l'EAC - Janz\u00e9 Athl\u00e9tisme","og_description":"D\u00e9partementaux d&rsquo;Ille-et-Vilaine indoor, salle Robert-Poirier, dimanche 5 janvier En 2024, l&rsquo;EAC avait ramen\u00e9 seize podiums de Robert-Poirier, dont trois titres (Marie Duvigneau sur 200 et 400m SEF et Fran\u00e7ois Chevalier sur 200m CAM). Dans cet ensemble, Janz\u00e9 avait ramen\u00e9 sept m\u00e9dailles, sans aucun titre. On peut constater, avec la liste ci-dessous, que le total global [&hellip;]","og_url":"https:\/\/janze-athletisme.fr\/wordpress\/20-podiums-dont-4-titres-pour-leac\/","og_site_name":"Janz\u00e9 Athl\u00e9tisme","article_publisher":"https:\/\/www.facebook.com\/groups\/1007964579346590","article_published_time":"2025-01-06T21:30:11+00:00","article_modified_time":"2025-01-06T21:50:07+00:00","og_image":[{"width":1799,"height":1200,"url":"https:\/\/janze-athletisme.fr\/wordpress\/wp-content\/uploads\/2025\/01\/Clemence-5janv2025-16-1.jpg","type":"image\/jpeg"}],"author":"Laurent Meunier","twitter_card":"summary_large_image","twitter_misc":{"\u00c9crit par":"Laurent Meunier","Dur\u00e9e de lecture estim\u00e9e":"4 minutes"},"schema":{"@context":"https:\/\/schema.org","@graph":[{"@type":"Article","@id":"https:\/\/janze-athletisme.fr\/wordpress\/20-podiums-dont-4-titres-pour-leac\/#article","isPartOf":{"@id":"https:\/\/janze-athletisme.fr\/wordpress\/20-podiums-dont-4-titres-pour-leac\/"},"author":{"name":"Laurent Meunier","@id":"https:\/\/janze-athletisme.fr\/wordpress\/#\/schema\/person\/c7b063dcfa6234c041d4d9b26cc2ea03"},"headline":"20 podiums, dont 4 titres pour l&rsquo;EAC","datePublished":"2025-01-06T21:30:11+00:00","dateModified":"2025-01-06T21:50:07+00:00","mainEntityOfPage":{"@id":"https:\/\/janze-athletisme.fr\/wordpress\/20-podiums-dont-4-titres-pour-leac\/"},"wordCount":339,"commentCount":0,"publisher":{"@id":"https:\/\/janze-athletisme.fr\/wordpress\/#organization"},"image":{"@id":"https:\/\/janze-athletisme.fr\/wordpress\/20-podiums-dont-4-titres-pour-leac\/#primaryimage"},"thumbnailUrl":"https:\/\/janze-athletisme.fr\/wordpress\/wp-content\/uploads\/2025\/01\/Clemence-5janv2025-16-1.jpg","articleSection":["Le club au jour le jour"],"inLanguage":"fr-FR","potentialAction":[{"@type":"CommentAction","name":"Comment","target":["https:\/\/janze-athletisme.fr\/wordpress\/20-podiums-dont-4-titres-pour-leac\/#respond"]}]},{"@type":"WebPage","@id":"https:\/\/janze-athletisme.fr\/wordpress\/20-podiums-dont-4-titres-pour-leac\/","url":"https:\/\/janze-athletisme.fr\/wordpress\/20-podiums-dont-4-titres-pour-leac\/","name":"20 podiums, dont 4 titres pour l'EAC - Janz\u00e9 Athl\u00e9tisme","isPartOf":{"@id":"https:\/\/janze-athletisme.fr\/wordpress\/#website"},"primaryImageOfPage":{"@id":"https:\/\/janze-athletisme.fr\/wordpress\/20-podiums-dont-4-titres-pour-leac\/#primaryimage"},"image":{"@id":"https:\/\/janze-athletisme.fr\/wordpress\/20-podiums-dont-4-titres-pour-leac\/#primaryimage"},"thumbnailUrl":"https:\/\/janze-athletisme.fr\/wordpress\/wp-content\/uploads\/2025\/01\/Clemence-5janv2025-16-1.jpg","datePublished":"2025-01-06T21:30:11+00:00","dateModified":"2025-01-06T21:50:07+00:00","breadcrumb":{"@id":"https:\/\/janze-athletisme.fr\/wordpress\/20-podiums-dont-4-titres-pour-leac\/#breadcrumb"},"inLanguage":"fr-FR","potentialAction":[{"@type":"ReadAction","target":["https:\/\/janze-athletisme.fr\/wordpress\/20-podiums-dont-4-titres-pour-leac\/"]}]},{"@type":"ImageObject","inLanguage":"fr-FR","@id":"https:\/\/janze-athletisme.fr\/wordpress\/20-podiums-dont-4-titres-pour-leac\/#primaryimage","url":"https:\/\/janze-athletisme.fr\/wordpress\/wp-content\/uploads\/2025\/01\/Clemence-5janv2025-16-1.jpg","contentUrl":"https:\/\/janze-athletisme.fr\/wordpress\/wp-content\/uploads\/2025\/01\/Clemence-5janv2025-16-1.jpg","width":1799,"height":1200},{"@type":"BreadcrumbList","@id":"https:\/\/janze-athletisme.fr\/wordpress\/20-podiums-dont-4-titres-pour-leac\/#breadcrumb","itemListElement":[{"@type":"ListItem","position":1,"name":"Accueil","item":"https:\/\/janze-athletisme.fr\/wordpress\/"},{"@type":"ListItem","position":2,"name":"20 podiums, dont 4 titres pour l&rsquo;EAC"}]},{"@type":"WebSite","@id":"https:\/\/janze-athletisme.fr\/wordpress\/#website","url":"https:\/\/janze-athletisme.fr\/wordpress\/","name":"Janz\u00e9 Athl\u00e9tisme","description":"Pays de La Roche aux F\u00e9es","publisher":{"@id":"https:\/\/janze-athletisme.fr\/wordpress\/#organization"},"potentialAction":[{"@type":"SearchAction","target":{"@type":"EntryPoint","urlTemplate":"https:\/\/janze-athletisme.fr\/wordpress\/?s={search_term_string}"},"query-input":{"@type":"PropertyValueSpecification","valueRequired":true,"valueName":"search_term_string"}}],"inLanguage":"fr-FR"},{"@type":"Organization","@id":"https:\/\/janze-athletisme.fr\/wordpress\/#organization","name":"Janz\u00e9 Athl\u00e9tisme","url":"https:\/\/janze-athletisme.fr\/wordpress\/","logo":{"@type":"ImageObject","inLanguage":"fr-FR","@id":"https:\/\/janze-athletisme.fr\/wordpress\/#\/schema\/logo\/image\/","url":"https:\/\/janze-athletisme.fr\/wordpress\/wp-content\/uploads\/2015\/03\/logo-full1.jpg","contentUrl":"https:\/\/janze-athletisme.fr\/wordpress\/wp-content\/uploads\/2015\/03\/logo-full1.jpg","width":437,"height":205,"caption":"Janz\u00e9 Athl\u00e9tisme"},"image":{"@id":"https:\/\/janze-athletisme.fr\/wordpress\/#\/schema\/logo\/image\/"},"sameAs":["https:\/\/www.facebook.com\/groups\/1007964579346590"]},{"@type":"Person","@id":"https:\/\/janze-athletisme.fr\/wordpress\/#\/schema\/person\/c7b063dcfa6234c041d4d9b26cc2ea03","name":"Laurent Meunier","image":{"@type":"ImageObject","inLanguage":"fr-FR","@id":"https:\/\/secure.gravatar.com\/avatar\/dd25d581ad7c3349090f2fa6a9adb6bfa287e6a5dd8a5216a092727cd8749034?s=96&d=mm&r=g","url":"https:\/\/secure.gravatar.com\/avatar\/dd25d581ad7c3349090f2fa6a9adb6bfa287e6a5dd8a5216a092727cd8749034?s=96&d=mm&r=g","contentUrl":"https:\/\/secure.gravatar.com\/avatar\/dd25d581ad7c3349090f2fa6a9adb6bfa287e6a5dd8a5216a092727cd8749034?s=96&d=mm&r=g","caption":"Laurent Meunier"},"url":"https:\/\/janze-athletisme.fr\/wordpress\/author\/laurent-meunier35\/"}]}},"uagb_featured_image_src":{"full":["https:\/\/janze-athletisme.fr\/wordpress\/wp-content\/uploads\/2025\/01\/Clemence-5janv2025-16-1.jpg",1799,1200,false],"thumbnail":["https:\/\/janze-athletisme.fr\/wordpress\/wp-content\/uploads\/2025\/01\/Clemence-5janv2025-16-1-150x150.jpg",150,150,true],"medium":["https:\/\/janze-athletisme.fr\/wordpress\/wp-content\/uploads\/2025\/01\/Clemence-5janv2025-16-1-300x200.jpg",300,200,true],"medium_large":["https:\/\/janze-athletisme.fr\/wordpress\/wp-content\/uploads\/2025\/01\/Clemence-5janv2025-16-1-768x512.jpg",768,512,true],"large":["https:\/\/janze-athletisme.fr\/wordpress\/wp-content\/uploads\/2025\/01\/Clemence-5janv2025-16-1-1024x683.jpg",1024,683,true],"1536x1536":["https:\/\/janze-athletisme.fr\/wordpress\/wp-content\/uploads\/2025\/01\/Clemence-5janv2025-16-1-1536x1025.jpg",1536,1025,true],"2048x2048":["https:\/\/janze-athletisme.fr\/wordpress\/wp-content\/uploads\/2025\/01\/Clemence-5janv2025-16-1.jpg",1799,1200,false]},"uagb_author_info":{"display_name":"Laurent Meunier","author_link":"https:\/\/janze-athletisme.fr\/wordpress\/author\/laurent-meunier35\/"},"uagb_comment_info":0,"uagb_excerpt":"D\u00e9partementaux d&rsquo;Ille-et-Vilaine indoor, salle Robert-Poirier, dimanche 5 janvier En 2024, l&rsquo;EAC avait ramen\u00e9 seize podiums de Robert-Poirier, dont trois titres (Marie Duvigneau sur 200 et 400m SEF et Fran\u00e7ois Chevalier sur 200m CAM). Dans cet ensemble, Janz\u00e9 avait ramen\u00e9 sept m\u00e9dailles, sans aucun titre. On peut constater, avec la liste ci-dessous, que le total global\u2026","_links":{"self":[{"href":"https:\/\/janze-athletisme.fr\/wordpress\/wp-json\/wp\/v2\/posts\/22687","targetHints":{"allow":["GET"]}}],"collection":[{"href":"https:\/\/janze-athletisme.fr\/wordpress\/wp-json\/wp\/v2\/posts"}],"about":[{"href":"https:\/\/janze-athletisme.fr\/wordpress\/wp-json\/wp\/v2\/types\/post"}],"author":[{"embeddable":true,"href":"https:\/\/janze-athletisme.fr\/wordpress\/wp-json\/wp\/v2\/users\/12"}],"replies":[{"embeddable":true,"href":"https:\/\/janze-athletisme.fr\/wordpress\/wp-json\/wp\/v2\/comments?post=22687"}],"version-history":[{"count":4,"href":"https:\/\/janze-athletisme.fr\/wordpress\/wp-json\/wp\/v2\/posts\/22687\/revisions"}],"predecessor-version":[{"id":22697,"href":"https:\/\/janze-athletisme.fr\/wordpress\/wp-json\/wp\/v2\/posts\/22687\/revisions\/22697"}],"wp:featuredmedia":[{"embeddable":true,"href":"https:\/\/janze-athletisme.fr\/wordpress\/wp-json\/wp\/v2\/media\/22691"}],"wp:attachment":[{"href":"https:\/\/janze-athletisme.fr\/wordpress\/wp-json\/wp\/v2\/media?parent=22687"}],"wp:term":[{"taxonomy":"category","embeddable":true,"href":"https:\/\/janze-athletisme.fr\/wordpress\/wp-json\/wp\/v2\/categories?post=22687"},{"taxonomy":"post_tag","embeddable":true,"href":"https:\/\/janze-athletisme.fr\/wordpress\/wp-json\/wp\/v2\/tags?post=22687"}],"curies":[{"name":"wp","href":"https:\/\/api.w.org\/{rel}","templated":true}]}}