{"id":22660,"date":"2025-01-05T23:38:00","date_gmt":"2025-01-05T22:38:00","guid":{"rendered":"https:\/\/janze-athletisme.fr\/wordpress\/?p=22660"},"modified":"2025-01-05T23:43:54","modified_gmt":"2025-01-05T22:43:54","slug":"oh-les-beaux-jours-a-venir","status":"publish","type":"post","link":"https:\/\/janze-athletisme.fr\/wordpress\/oh-les-beaux-jours-a-venir\/","title":{"rendered":"Oh les beaux jours \u00e0 venir !"},"content":{"rendered":"<p><span style=\"font-size: 18pt\"><strong>Championnat d&rsquo;Ille-et-Vilaine indoor U18 et +, salle Robert-Poirier, dimanche 5 janvier<\/strong><\/span><\/p>\n<p>Nous n&rsquo;avons pas encore fait le compte de toutes les m\u00e9dailles, ni regard\u00e9 encore dans le d\u00e9tail tous les r\u00e9sultats de ces championnats 35 en salle (<em>ce sera pour lundi et mardi<\/em>). Mais on peut d&rsquo;ores et d\u00e9j\u00e0 annoncer qu&rsquo;ils resteront parmi les plus beaux de ces derni\u00e8res ann\u00e9es. Nos cadets et juniors, dont en sentait depuis l&rsquo;an pass\u00e9 qu&rsquo;ils poussaient tr\u00e8s fort, ont clairement pris le pouvoir.<\/p>\n<p>Certes il manquait quelques-uns de nos cadors chez les a\u00een\u00e9s, mais le mouvement collectif de nos jeunes a cr\u00e9\u00e9 une dynamique qui g\u00e9n\u00e8re un l\u00e9gitime enthousiasme. Quand on sait qu&rsquo;il y a encore une foule de minimes derri\u00e8re qui r\u00e9clament \u00e9galement leur place au soleil, on peut raisonnablement penser qu&rsquo;il y a de beaux jours devant nous pour nos couleurs.<\/p>\n<p>L&rsquo;\u00e9preuve embl\u00e9matique de la journ\u00e9e a \u00e9t\u00e9 le 4 x 1 tour. Nous avions deux \u00e9quipes engag\u00e9es : les cadettes et les juniors gar\u00e7ons. Les cadettes terminent 3<sup>e<\/sup> et les gar\u00e7ons gagnent. Dans un contexte pourtant tr\u00e8s relev\u00e9 (plus de 400 athl\u00e8tes pr\u00e9sents sur la journ\u00e9e et une foule impressionnante dans les gradins), avec notamment Nantais et Mayennais en grand nombre pour augmenter encore le niveau g\u00e9n\u00e9ral.<\/p>\n<p><a href=\"https:\/\/janze-athletisme.fr\/wordpress\/wp-content\/uploads\/2025\/01\/Manon-5janv2025-3.jpg\"><img loading=\"lazy\" decoding=\"async\" class=\"alignnone wp-image-22661\" src=\"https:\/\/janze-athletisme.fr\/wordpress\/wp-content\/uploads\/2025\/01\/Manon-5janv2025-3-300x300.jpg\" alt=\"\" width=\"209\" height=\"209\" srcset=\"https:\/\/janze-athletisme.fr\/wordpress\/wp-content\/uploads\/2025\/01\/Manon-5janv2025-3-300x300.jpg 300w, https:\/\/janze-athletisme.fr\/wordpress\/wp-content\/uploads\/2025\/01\/Manon-5janv2025-3-1024x1024.jpg 1024w, https:\/\/janze-athletisme.fr\/wordpress\/wp-content\/uploads\/2025\/01\/Manon-5janv2025-3-150x150.jpg 150w, https:\/\/janze-athletisme.fr\/wordpress\/wp-content\/uploads\/2025\/01\/Manon-5janv2025-3-768x768.jpg 768w, https:\/\/janze-athletisme.fr\/wordpress\/wp-content\/uploads\/2025\/01\/Manon-5janv2025-3.jpg 1200w\" sizes=\"auto, (max-width: 209px) 100vw, 209px\" \/> <\/a><a href=\"https:\/\/janze-athletisme.fr\/wordpress\/wp-content\/uploads\/2025\/01\/Manon-5janv2025-6.jpg\"><img loading=\"lazy\" decoding=\"async\" class=\"alignnone wp-image-22662\" src=\"https:\/\/janze-athletisme.fr\/wordpress\/wp-content\/uploads\/2025\/01\/Manon-5janv2025-6-199x300.jpg\" alt=\"\" width=\"138\" height=\"209\" srcset=\"https:\/\/janze-athletisme.fr\/wordpress\/wp-content\/uploads\/2025\/01\/Manon-5janv2025-6-199x300.jpg 199w, https:\/\/janze-athletisme.fr\/wordpress\/wp-content\/uploads\/2025\/01\/Manon-5janv2025-6-680x1024.jpg 680w, https:\/\/janze-athletisme.fr\/wordpress\/wp-content\/uploads\/2025\/01\/Manon-5janv2025-6-768x1157.jpg 768w, https:\/\/janze-athletisme.fr\/wordpress\/wp-content\/uploads\/2025\/01\/Manon-5janv2025-6.jpg 1000w\" sizes=\"auto, (max-width: 138px) 100vw, 138px\" \/> <\/a><a href=\"https:\/\/janze-athletisme.fr\/wordpress\/wp-content\/uploads\/2025\/01\/Manon-Maelys-5janv2025-3.jpg\"><img loading=\"lazy\" decoding=\"async\" class=\"alignnone wp-image-22663\" src=\"https:\/\/janze-athletisme.fr\/wordpress\/wp-content\/uploads\/2025\/01\/Manon-Maelys-5janv2025-3-300x300.jpg\" alt=\"\" width=\"208\" height=\"208\" srcset=\"https:\/\/janze-athletisme.fr\/wordpress\/wp-content\/uploads\/2025\/01\/Manon-Maelys-5janv2025-3-300x300.jpg 300w, https:\/\/janze-athletisme.fr\/wordpress\/wp-content\/uploads\/2025\/01\/Manon-Maelys-5janv2025-3-1024x1024.jpg 1024w, https:\/\/janze-athletisme.fr\/wordpress\/wp-content\/uploads\/2025\/01\/Manon-Maelys-5janv2025-3-150x150.jpg 150w, https:\/\/janze-athletisme.fr\/wordpress\/wp-content\/uploads\/2025\/01\/Manon-Maelys-5janv2025-3-768x769.jpg 768w, https:\/\/janze-athletisme.fr\/wordpress\/wp-content\/uploads\/2025\/01\/Manon-Maelys-5janv2025-3.jpg 1200w\" sizes=\"auto, (max-width: 208px) 100vw, 208px\" \/> <\/a><a href=\"https:\/\/janze-athletisme.fr\/wordpress\/wp-content\/uploads\/2025\/01\/Maelys-Lola-5janv2025-1.jpg\"><img loading=\"lazy\" decoding=\"async\" class=\"alignnone wp-image-22664\" src=\"https:\/\/janze-athletisme.fr\/wordpress\/wp-content\/uploads\/2025\/01\/Maelys-Lola-5janv2025-1-300x300.jpg\" alt=\"\" width=\"211\" height=\"211\" srcset=\"https:\/\/janze-athletisme.fr\/wordpress\/wp-content\/uploads\/2025\/01\/Maelys-Lola-5janv2025-1-300x300.jpg 300w, https:\/\/janze-athletisme.fr\/wordpress\/wp-content\/uploads\/2025\/01\/Maelys-Lola-5janv2025-1-1024x1024.jpg 1024w, https:\/\/janze-athletisme.fr\/wordpress\/wp-content\/uploads\/2025\/01\/Maelys-Lola-5janv2025-1-150x150.jpg 150w, https:\/\/janze-athletisme.fr\/wordpress\/wp-content\/uploads\/2025\/01\/Maelys-Lola-5janv2025-1-768x768.jpg 768w, https:\/\/janze-athletisme.fr\/wordpress\/wp-content\/uploads\/2025\/01\/Maelys-Lola-5janv2025-1.jpg 1200w\" sizes=\"auto, (max-width: 211px) 100vw, 211px\" \/><\/a><\/p>\n<p><a href=\"https:\/\/janze-athletisme.fr\/wordpress\/wp-content\/uploads\/2025\/01\/Lola-5janv2025-2.jpg\"><img loading=\"lazy\" decoding=\"async\" class=\"alignnone wp-image-22665\" src=\"https:\/\/janze-athletisme.fr\/wordpress\/wp-content\/uploads\/2025\/01\/Lola-5janv2025-2-201x300.jpg\" alt=\"\" width=\"151\" height=\"225\" srcset=\"https:\/\/janze-athletisme.fr\/wordpress\/wp-content\/uploads\/2025\/01\/Lola-5janv2025-2-201x300.jpg 201w, https:\/\/janze-athletisme.fr\/wordpress\/wp-content\/uploads\/2025\/01\/Lola-5janv2025-2-687x1024.jpg 687w, https:\/\/janze-athletisme.fr\/wordpress\/wp-content\/uploads\/2025\/01\/Lola-5janv2025-2-768x1144.jpg 768w, https:\/\/janze-athletisme.fr\/wordpress\/wp-content\/uploads\/2025\/01\/Lola-5janv2025-2.jpg 1000w\" sizes=\"auto, (max-width: 151px) 100vw, 151px\" \/> <\/a><a href=\"https:\/\/janze-athletisme.fr\/wordpress\/wp-content\/uploads\/2025\/01\/Lucie-5janv2025-1.jpg\"><img loading=\"lazy\" decoding=\"async\" class=\"alignnone wp-image-22666\" src=\"https:\/\/janze-athletisme.fr\/wordpress\/wp-content\/uploads\/2025\/01\/Lucie-5janv2025-1-300x300.jpg\" alt=\"\" width=\"226\" height=\"226\" srcset=\"https:\/\/janze-athletisme.fr\/wordpress\/wp-content\/uploads\/2025\/01\/Lucie-5janv2025-1-300x300.jpg 300w, https:\/\/janze-athletisme.fr\/wordpress\/wp-content\/uploads\/2025\/01\/Lucie-5janv2025-1-1024x1024.jpg 1024w, https:\/\/janze-athletisme.fr\/wordpress\/wp-content\/uploads\/2025\/01\/Lucie-5janv2025-1-150x150.jpg 150w, https:\/\/janze-athletisme.fr\/wordpress\/wp-content\/uploads\/2025\/01\/Lucie-5janv2025-1-768x768.jpg 768w, https:\/\/janze-athletisme.fr\/wordpress\/wp-content\/uploads\/2025\/01\/Lucie-5janv2025-1.jpg 1200w\" sizes=\"auto, (max-width: 226px) 100vw, 226px\" \/> <\/a><a href=\"https:\/\/janze-athletisme.fr\/wordpress\/wp-content\/uploads\/2025\/01\/Manon-Maelys-Lucie-Lola-5janv2025-1.jpg\"><img loading=\"lazy\" decoding=\"async\" class=\"alignnone wp-image-22667\" src=\"https:\/\/janze-athletisme.fr\/wordpress\/wp-content\/uploads\/2025\/01\/Manon-Maelys-Lucie-Lola-5janv2025-1-300x300.jpg\" alt=\"\" width=\"225\" height=\"225\" srcset=\"https:\/\/janze-athletisme.fr\/wordpress\/wp-content\/uploads\/2025\/01\/Manon-Maelys-Lucie-Lola-5janv2025-1-300x300.jpg 300w, https:\/\/janze-athletisme.fr\/wordpress\/wp-content\/uploads\/2025\/01\/Manon-Maelys-Lucie-Lola-5janv2025-1-1024x1024.jpg 1024w, https:\/\/janze-athletisme.fr\/wordpress\/wp-content\/uploads\/2025\/01\/Manon-Maelys-Lucie-Lola-5janv2025-1-150x150.jpg 150w, https:\/\/janze-athletisme.fr\/wordpress\/wp-content\/uploads\/2025\/01\/Manon-Maelys-Lucie-Lola-5janv2025-1-768x768.jpg 768w, https:\/\/janze-athletisme.fr\/wordpress\/wp-content\/uploads\/2025\/01\/Manon-Maelys-Lucie-Lola-5janv2025-1.jpg 1500w\" sizes=\"auto, (max-width: 225px) 100vw, 225px\" \/> <\/a><a href=\"https:\/\/janze-athletisme.fr\/wordpress\/wp-content\/uploads\/2025\/01\/Lucie-Lola-Manon-Maelys-5janv2025-3.jpg\"><img loading=\"lazy\" decoding=\"async\" class=\"alignnone wp-image-22668\" src=\"https:\/\/janze-athletisme.fr\/wordpress\/wp-content\/uploads\/2025\/01\/Lucie-Lola-Manon-Maelys-5janv2025-3-200x300.jpg\" alt=\"\" width=\"152\" height=\"228\" srcset=\"https:\/\/janze-athletisme.fr\/wordpress\/wp-content\/uploads\/2025\/01\/Lucie-Lola-Manon-Maelys-5janv2025-3-200x300.jpg 200w, https:\/\/janze-athletisme.fr\/wordpress\/wp-content\/uploads\/2025\/01\/Lucie-Lola-Manon-Maelys-5janv2025-3-683x1024.jpg 683w, https:\/\/janze-athletisme.fr\/wordpress\/wp-content\/uploads\/2025\/01\/Lucie-Lola-Manon-Maelys-5janv2025-3-768x1152.jpg 768w, https:\/\/janze-athletisme.fr\/wordpress\/wp-content\/uploads\/2025\/01\/Lucie-Lola-Manon-Maelys-5janv2025-3-1024x1536.jpg 1024w, https:\/\/janze-athletisme.fr\/wordpress\/wp-content\/uploads\/2025\/01\/Lucie-Lola-Manon-Maelys-5janv2025-3.jpg 1200w\" sizes=\"auto, (max-width: 152px) 100vw, 152px\" \/><\/a><\/p>\n<p><a href=\"https:\/\/janze-athletisme.fr\/wordpress\/wp-content\/uploads\/2025\/01\/Berenger-5janv2025.jpg\"><img loading=\"lazy\" decoding=\"async\" class=\"alignnone wp-image-22669\" src=\"https:\/\/janze-athletisme.fr\/wordpress\/wp-content\/uploads\/2025\/01\/Berenger-5janv2025-200x300.jpg\" alt=\"\" width=\"140\" height=\"210\" \/><\/a> <a href=\"https:\/\/janze-athletisme.fr\/wordpress\/wp-content\/uploads\/2025\/01\/Berenger-Thibault-5janv2025.jpg\"><img loading=\"lazy\" decoding=\"async\" class=\"alignnone wp-image-22670\" src=\"https:\/\/janze-athletisme.fr\/wordpress\/wp-content\/uploads\/2025\/01\/Berenger-Thibault-5janv2025-300x300.jpg\" alt=\"\" width=\"209\" height=\"209\" srcset=\"https:\/\/janze-athletisme.fr\/wordpress\/wp-content\/uploads\/2025\/01\/Berenger-Thibault-5janv2025-300x300.jpg 300w, https:\/\/janze-athletisme.fr\/wordpress\/wp-content\/uploads\/2025\/01\/Berenger-Thibault-5janv2025-1024x1024.jpg 1024w, https:\/\/janze-athletisme.fr\/wordpress\/wp-content\/uploads\/2025\/01\/Berenger-Thibault-5janv2025-150x150.jpg 150w, https:\/\/janze-athletisme.fr\/wordpress\/wp-content\/uploads\/2025\/01\/Berenger-Thibault-5janv2025-768x768.jpg 768w, https:\/\/janze-athletisme.fr\/wordpress\/wp-content\/uploads\/2025\/01\/Berenger-Thibault-5janv2025.jpg 1200w\" sizes=\"auto, (max-width: 209px) 100vw, 209px\" \/><\/a> <a href=\"https:\/\/janze-athletisme.fr\/wordpress\/wp-content\/uploads\/2025\/01\/Thibault-5janv2025.jpg\"><img loading=\"lazy\" decoding=\"async\" class=\"alignnone wp-image-22671\" src=\"https:\/\/janze-athletisme.fr\/wordpress\/wp-content\/uploads\/2025\/01\/Thibault-5janv2025-300x300.jpg\" alt=\"\" width=\"211\" height=\"211\" srcset=\"https:\/\/janze-athletisme.fr\/wordpress\/wp-content\/uploads\/2025\/01\/Thibault-5janv2025-300x300.jpg 300w, https:\/\/janze-athletisme.fr\/wordpress\/wp-content\/uploads\/2025\/01\/Thibault-5janv2025-1024x1024.jpg 1024w, https:\/\/janze-athletisme.fr\/wordpress\/wp-content\/uploads\/2025\/01\/Thibault-5janv2025-150x150.jpg 150w, https:\/\/janze-athletisme.fr\/wordpress\/wp-content\/uploads\/2025\/01\/Thibault-5janv2025-768x767.jpg 768w, https:\/\/janze-athletisme.fr\/wordpress\/wp-content\/uploads\/2025\/01\/Thibault-5janv2025.jpg 1201w\" sizes=\"auto, (max-width: 211px) 100vw, 211px\" \/> <\/a><a href=\"https:\/\/janze-athletisme.fr\/wordpress\/wp-content\/uploads\/2025\/01\/Thibault-Quentin-5janv2025.jpg\"><img loading=\"lazy\" decoding=\"async\" class=\"alignnone wp-image-22672\" src=\"https:\/\/janze-athletisme.fr\/wordpress\/wp-content\/uploads\/2025\/01\/Thibault-Quentin-5janv2025-300x300.jpg\" alt=\"\" width=\"212\" height=\"212\" srcset=\"https:\/\/janze-athletisme.fr\/wordpress\/wp-content\/uploads\/2025\/01\/Thibault-Quentin-5janv2025-300x300.jpg 300w, https:\/\/janze-athletisme.fr\/wordpress\/wp-content\/uploads\/2025\/01\/Thibault-Quentin-5janv2025-1024x1024.jpg 1024w, https:\/\/janze-athletisme.fr\/wordpress\/wp-content\/uploads\/2025\/01\/Thibault-Quentin-5janv2025-150x150.jpg 150w, https:\/\/janze-athletisme.fr\/wordpress\/wp-content\/uploads\/2025\/01\/Thibault-Quentin-5janv2025-768x768.jpg 768w, https:\/\/janze-athletisme.fr\/wordpress\/wp-content\/uploads\/2025\/01\/Thibault-Quentin-5janv2025.jpg 1200w\" sizes=\"auto, (max-width: 212px) 100vw, 212px\" \/><\/a><\/p>\n<p><a href=\"https:\/\/janze-athletisme.fr\/wordpress\/wp-content\/uploads\/2025\/01\/Quentin-5janv2025-2.jpg\"><img loading=\"lazy\" decoding=\"async\" class=\"alignnone wp-image-22673\" src=\"https:\/\/janze-athletisme.fr\/wordpress\/wp-content\/uploads\/2025\/01\/Quentin-5janv2025-2-300x300.jpg\" alt=\"\" width=\"192\" height=\"192\" srcset=\"https:\/\/janze-athletisme.fr\/wordpress\/wp-content\/uploads\/2025\/01\/Quentin-5janv2025-2-300x300.jpg 300w, https:\/\/janze-athletisme.fr\/wordpress\/wp-content\/uploads\/2025\/01\/Quentin-5janv2025-2-1024x1024.jpg 1024w, https:\/\/janze-athletisme.fr\/wordpress\/wp-content\/uploads\/2025\/01\/Quentin-5janv2025-2-150x150.jpg 150w, https:\/\/janze-athletisme.fr\/wordpress\/wp-content\/uploads\/2025\/01\/Quentin-5janv2025-2-768x767.jpg 768w, https:\/\/janze-athletisme.fr\/wordpress\/wp-content\/uploads\/2025\/01\/Quentin-5janv2025-2.jpg 1201w\" sizes=\"auto, (max-width: 192px) 100vw, 192px\" \/><\/a> <a href=\"https:\/\/janze-athletisme.fr\/wordpress\/wp-content\/uploads\/2025\/01\/Quentin-Francois-5janv2025-1.jpg\"><img loading=\"lazy\" decoding=\"async\" class=\"alignnone wp-image-22674\" src=\"https:\/\/janze-athletisme.fr\/wordpress\/wp-content\/uploads\/2025\/01\/Quentin-Francois-5janv2025-1-300x300.jpg\" alt=\"\" width=\"193\" height=\"193\" srcset=\"https:\/\/janze-athletisme.fr\/wordpress\/wp-content\/uploads\/2025\/01\/Quentin-Francois-5janv2025-1-300x300.jpg 300w, https:\/\/janze-athletisme.fr\/wordpress\/wp-content\/uploads\/2025\/01\/Quentin-Francois-5janv2025-1-1024x1024.jpg 1024w, https:\/\/janze-athletisme.fr\/wordpress\/wp-content\/uploads\/2025\/01\/Quentin-Francois-5janv2025-1-150x150.jpg 150w, https:\/\/janze-athletisme.fr\/wordpress\/wp-content\/uploads\/2025\/01\/Quentin-Francois-5janv2025-1-768x769.jpg 768w, https:\/\/janze-athletisme.fr\/wordpress\/wp-content\/uploads\/2025\/01\/Quentin-Francois-5janv2025-1.jpg 1200w\" sizes=\"auto, (max-width: 193px) 100vw, 193px\" \/> <\/a><a href=\"https:\/\/janze-athletisme.fr\/wordpress\/wp-content\/uploads\/2025\/01\/Francois-5janv2025-3.jpg\"><img loading=\"lazy\" decoding=\"async\" class=\"alignnone wp-image-22675\" src=\"https:\/\/janze-athletisme.fr\/wordpress\/wp-content\/uploads\/2025\/01\/Francois-5janv2025-3-300x300.jpg\" alt=\"\" width=\"194\" height=\"194\" srcset=\"https:\/\/janze-athletisme.fr\/wordpress\/wp-content\/uploads\/2025\/01\/Francois-5janv2025-3-300x300.jpg 300w, https:\/\/janze-athletisme.fr\/wordpress\/wp-content\/uploads\/2025\/01\/Francois-5janv2025-3-1024x1024.jpg 1024w, https:\/\/janze-athletisme.fr\/wordpress\/wp-content\/uploads\/2025\/01\/Francois-5janv2025-3-150x150.jpg 150w, https:\/\/janze-athletisme.fr\/wordpress\/wp-content\/uploads\/2025\/01\/Francois-5janv2025-3-768x768.jpg 768w, https:\/\/janze-athletisme.fr\/wordpress\/wp-content\/uploads\/2025\/01\/Francois-5janv2025-3.jpg 1200w\" sizes=\"auto, (max-width: 194px) 100vw, 194px\" \/> <\/a><a href=\"https:\/\/janze-athletisme.fr\/wordpress\/wp-content\/uploads\/2025\/01\/Francois-5janv2025-5-1.jpg\"><img loading=\"lazy\" decoding=\"async\" class=\"alignnone wp-image-22677\" src=\"https:\/\/janze-athletisme.fr\/wordpress\/wp-content\/uploads\/2025\/01\/Francois-5janv2025-5-1-300x300.jpg\" alt=\"\" width=\"194\" height=\"194\" srcset=\"https:\/\/janze-athletisme.fr\/wordpress\/wp-content\/uploads\/2025\/01\/Francois-5janv2025-5-1-300x300.jpg 300w, https:\/\/janze-athletisme.fr\/wordpress\/wp-content\/uploads\/2025\/01\/Francois-5janv2025-5-1-1024x1024.jpg 1024w, https:\/\/janze-athletisme.fr\/wordpress\/wp-content\/uploads\/2025\/01\/Francois-5janv2025-5-1-150x150.jpg 150w, https:\/\/janze-athletisme.fr\/wordpress\/wp-content\/uploads\/2025\/01\/Francois-5janv2025-5-1-768x768.jpg 768w, https:\/\/janze-athletisme.fr\/wordpress\/wp-content\/uploads\/2025\/01\/Francois-5janv2025-5-1.jpg 1200w\" sizes=\"auto, (max-width: 194px) 100vw, 194px\" \/><\/a><\/p>\n<p><a href=\"https:\/\/janze-athletisme.fr\/wordpress\/wp-content\/uploads\/2025\/01\/Quentin-Thibault-Berenger-Francois-5janv2025.jpg\"><img loading=\"lazy\" decoding=\"async\" class=\"alignnone wp-image-22678\" src=\"https:\/\/janze-athletisme.fr\/wordpress\/wp-content\/uploads\/2025\/01\/Quentin-Thibault-Berenger-Francois-5janv2025-300x300.jpg\" alt=\"\" width=\"243\" height=\"243\" srcset=\"https:\/\/janze-athletisme.fr\/wordpress\/wp-content\/uploads\/2025\/01\/Quentin-Thibault-Berenger-Francois-5janv2025-300x300.jpg 300w, https:\/\/janze-athletisme.fr\/wordpress\/wp-content\/uploads\/2025\/01\/Quentin-Thibault-Berenger-Francois-5janv2025-1024x1024.jpg 1024w, https:\/\/janze-athletisme.fr\/wordpress\/wp-content\/uploads\/2025\/01\/Quentin-Thibault-Berenger-Francois-5janv2025-150x150.jpg 150w, https:\/\/janze-athletisme.fr\/wordpress\/wp-content\/uploads\/2025\/01\/Quentin-Thibault-Berenger-Francois-5janv2025-768x768.jpg 768w, https:\/\/janze-athletisme.fr\/wordpress\/wp-content\/uploads\/2025\/01\/Quentin-Thibault-Berenger-Francois-5janv2025.jpg 1500w\" sizes=\"auto, (max-width: 243px) 100vw, 243px\" \/> <\/a><a href=\"https:\/\/janze-athletisme.fr\/wordpress\/wp-content\/uploads\/2025\/01\/Thibault-Francois-Berenger-Quentin-5janv2025-1.jpg\"><img loading=\"lazy\" decoding=\"async\" class=\"alignnone wp-image-22679\" src=\"https:\/\/janze-athletisme.fr\/wordpress\/wp-content\/uploads\/2025\/01\/Thibault-Francois-Berenger-Quentin-5janv2025-1-203x300.jpg\" alt=\"\" width=\"164\" height=\"242\" srcset=\"https:\/\/janze-athletisme.fr\/wordpress\/wp-content\/uploads\/2025\/01\/Thibault-Francois-Berenger-Quentin-5janv2025-1-203x300.jpg 203w, https:\/\/janze-athletisme.fr\/wordpress\/wp-content\/uploads\/2025\/01\/Thibault-Francois-Berenger-Quentin-5janv2025-1-692x1024.jpg 692w, https:\/\/janze-athletisme.fr\/wordpress\/wp-content\/uploads\/2025\/01\/Thibault-Francois-Berenger-Quentin-5janv2025-1-768x1137.jpg 768w, https:\/\/janze-athletisme.fr\/wordpress\/wp-content\/uploads\/2025\/01\/Thibault-Francois-Berenger-Quentin-5janv2025-1-1038x1536.jpg 1038w, https:\/\/janze-athletisme.fr\/wordpress\/wp-content\/uploads\/2025\/01\/Thibault-Francois-Berenger-Quentin-5janv2025-1.jpg 1200w\" sizes=\"auto, (max-width: 164px) 100vw, 164px\" \/> <\/a><a href=\"https:\/\/janze-athletisme.fr\/wordpress\/wp-content\/uploads\/2025\/01\/Lucie-Lola-Manon-Maelys-5janv2025-1.jpg\"><img loading=\"lazy\" decoding=\"async\" class=\"alignnone wp-image-22680\" src=\"https:\/\/janze-athletisme.fr\/wordpress\/wp-content\/uploads\/2025\/01\/Lucie-Lola-Manon-Maelys-5janv2025-1-300x204.jpg\" alt=\"\" width=\"358\" height=\"243\" srcset=\"https:\/\/janze-athletisme.fr\/wordpress\/wp-content\/uploads\/2025\/01\/Lucie-Lola-Manon-Maelys-5janv2025-1-300x204.jpg 300w, https:\/\/janze-athletisme.fr\/wordpress\/wp-content\/uploads\/2025\/01\/Lucie-Lola-Manon-Maelys-5janv2025-1-1024x696.jpg 1024w, https:\/\/janze-athletisme.fr\/wordpress\/wp-content\/uploads\/2025\/01\/Lucie-Lola-Manon-Maelys-5janv2025-1-768x522.jpg 768w, https:\/\/janze-athletisme.fr\/wordpress\/wp-content\/uploads\/2025\/01\/Lucie-Lola-Manon-Maelys-5janv2025-1-1536x1044.jpg 1536w, https:\/\/janze-athletisme.fr\/wordpress\/wp-content\/uploads\/2025\/01\/Lucie-Lola-Manon-Maelys-5janv2025-1.jpg 1765w\" sizes=\"auto, (max-width: 358px) 100vw, 358px\" \/><\/a><\/p>\n<p><em><strong>Manon<\/strong>, <strong>Ma\u00eblys<\/strong>, Lola, Lucie, <strong>B\u00e9renger<\/strong>, <strong>Thibault<\/strong>, <strong>Quentin<\/strong> et Fran\u00e7ois, symboles de cette journ\u00e9e riche pour nos couleurs.<\/em><\/p>\n","protected":false},"excerpt":{"rendered":"<p>Championnat d&rsquo;Ille-et-Vilaine indoor U18 et +, salle Robert-Poirier, dimanche 5 janvier Nous n&rsquo;avons pas encore fait le compte de toutes les m\u00e9dailles, ni regard\u00e9 encore dans le d\u00e9tail tous les r\u00e9sultats de ces championnats 35 en salle (ce sera pour lundi et mardi). Mais on peut d&rsquo;ores et d\u00e9j\u00e0 annoncer qu&rsquo;ils resteront parmi les plus [&hellip;]<\/p>\n","protected":false},"author":12,"featured_media":22678,"comment_status":"open","ping_status":"open","sticky":false,"template":"","format":"aside","meta":{"_uag_custom_page_level_css":"","site-sidebar-layout":"default","site-content-layout":"","ast-site-content-layout":"default","site-content-style":"default","site-sidebar-style":"default","ast-global-header-display":"","ast-banner-title-visibility":"","ast-main-header-display":"","ast-hfb-above-header-display":"","ast-hfb-below-header-display":"","ast-hfb-mobile-header-display":"","site-post-title":"","ast-breadcrumbs-content":"","ast-featured-img":"","footer-sml-layout":"","ast-disable-related-posts":"","theme-transparent-header-meta":"default","adv-header-id-meta":"","stick-header-meta":"","header-above-stick-meta":"","header-main-stick-meta":"","header-below-stick-meta":"","astra-migrate-meta-layouts":"set","ast-page-background-enabled":"default","ast-page-background-meta":{"desktop":{"background-color":"var(--ast-global-color-4)","background-image":"","background-repeat":"repeat","background-position":"center center","background-size":"auto","background-attachment":"scroll","background-type":"","background-media":"","overlay-type":"","overlay-color":"","overlay-opacity":"","overlay-gradient":""},"tablet":{"background-color":"","background-image":"","background-repeat":"repeat","background-position":"center center","background-size":"auto","background-attachment":"scroll","background-type":"","background-media":"","overlay-type":"","overlay-color":"","overlay-opacity":"","overlay-gradient":""},"mobile":{"background-color":"","background-image":"","background-repeat":"repeat","background-position":"center center","background-size":"auto","background-attachment":"scroll","background-type":"","background-media":"","overlay-type":"","overlay-color":"","overlay-opacity":"","overlay-gradient":""}},"ast-content-background-meta":{"desktop":{"background-color":"var(--ast-global-color-5)","background-image":"","background-repeat":"repeat","background-position":"center center","background-size":"auto","background-attachment":"scroll","background-type":"","background-media":"","overlay-type":"","overlay-color":"","overlay-opacity":"","overlay-gradient":""},"tablet":{"background-color":"var(--ast-global-color-5)","background-image":"","background-repeat":"repeat","background-position":"center center","background-size":"auto","background-attachment":"scroll","background-type":"","background-media":"","overlay-type":"","overlay-color":"","overlay-opacity":"","overlay-gradient":""},"mobile":{"background-color":"var(--ast-global-color-5)","background-image":"","background-repeat":"repeat","background-position":"center center","background-size":"auto","background-attachment":"scroll","background-type":"","background-media":"","overlay-type":"","overlay-color":"","overlay-opacity":"","overlay-gradient":""}},"footnotes":""},"categories":[6],"tags":[],"class_list":["post-22660","post","type-post","status-publish","format-aside","has-post-thumbnail","hentry","category-sections","post_format-post-format-aside"],"yoast_head":"<!-- This site is optimized with the Yoast SEO plugin v27.5 - https:\/\/yoast.com\/product\/yoast-seo-wordpress\/ -->\n<title>Oh les beaux jours \u00e0 venir ! - Janz\u00e9 Athl\u00e9tisme<\/title>\n<meta name=\"robots\" content=\"index, follow, max-snippet:-1, max-image-preview:large, max-video-preview:-1\" \/>\n<link rel=\"canonical\" href=\"https:\/\/janze-athletisme.fr\/wordpress\/oh-les-beaux-jours-a-venir\/\" \/>\n<meta property=\"og:locale\" content=\"fr_FR\" \/>\n<meta property=\"og:type\" content=\"article\" \/>\n<meta property=\"og:title\" content=\"Oh les beaux jours \u00e0 venir ! - Janz\u00e9 Athl\u00e9tisme\" \/>\n<meta property=\"og:description\" content=\"Championnat d&rsquo;Ille-et-Vilaine indoor U18 et +, salle Robert-Poirier, dimanche 5 janvier Nous n&rsquo;avons pas encore fait le compte de toutes les m\u00e9dailles, ni regard\u00e9 encore dans le d\u00e9tail tous les r\u00e9sultats de ces championnats 35 en salle (ce sera pour lundi et mardi). Mais on peut d&rsquo;ores et d\u00e9j\u00e0 annoncer qu&rsquo;ils resteront parmi les plus [&hellip;]\" \/>\n<meta property=\"og:url\" content=\"https:\/\/janze-athletisme.fr\/wordpress\/oh-les-beaux-jours-a-venir\/\" \/>\n<meta property=\"og:site_name\" content=\"Janz\u00e9 Athl\u00e9tisme\" \/>\n<meta property=\"article:publisher\" content=\"https:\/\/www.facebook.com\/groups\/1007964579346590\" \/>\n<meta property=\"article:published_time\" content=\"2025-01-05T22:38:00+00:00\" \/>\n<meta property=\"article:modified_time\" content=\"2025-01-05T22:43:54+00:00\" \/>\n<meta property=\"og:image\" content=\"https:\/\/janze-athletisme.fr\/wordpress\/wp-content\/uploads\/2025\/01\/Quentin-Thibault-Berenger-Francois-5janv2025.jpg\" \/>\n\t<meta property=\"og:image:width\" content=\"1500\" \/>\n\t<meta property=\"og:image:height\" content=\"1500\" \/>\n\t<meta property=\"og:image:type\" content=\"image\/jpeg\" \/>\n<meta name=\"author\" content=\"Laurent Meunier\" \/>\n<meta name=\"twitter:card\" content=\"summary_large_image\" \/>\n<meta name=\"twitter:label1\" content=\"\u00c9crit par\" \/>\n\t<meta name=\"twitter:data1\" content=\"Laurent Meunier\" \/>\n\t<meta name=\"twitter:label2\" content=\"Dur\u00e9e de lecture estim\u00e9e\" \/>\n\t<meta name=\"twitter:data2\" content=\"6 minutes\" \/>\n<script type=\"application\/ld+json\" class=\"yoast-schema-graph\">{\"@context\":\"https:\\\/\\\/schema.org\",\"@graph\":[{\"@type\":\"Article\",\"@id\":\"https:\\\/\\\/janze-athletisme.fr\\\/wordpress\\\/oh-les-beaux-jours-a-venir\\\/#article\",\"isPartOf\":{\"@id\":\"https:\\\/\\\/janze-athletisme.fr\\\/wordpress\\\/oh-les-beaux-jours-a-venir\\\/\"},\"author\":{\"name\":\"Laurent Meunier\",\"@id\":\"https:\\\/\\\/janze-athletisme.fr\\\/wordpress\\\/#\\\/schema\\\/person\\\/c7b063dcfa6234c041d4d9b26cc2ea03\"},\"headline\":\"Oh les beaux jours \u00e0 venir !\",\"datePublished\":\"2025-01-05T22:38:00+00:00\",\"dateModified\":\"2025-01-05T22:43:54+00:00\",\"mainEntityOfPage\":{\"@id\":\"https:\\\/\\\/janze-athletisme.fr\\\/wordpress\\\/oh-les-beaux-jours-a-venir\\\/\"},\"wordCount\":259,\"commentCount\":0,\"publisher\":{\"@id\":\"https:\\\/\\\/janze-athletisme.fr\\\/wordpress\\\/#organization\"},\"image\":{\"@id\":\"https:\\\/\\\/janze-athletisme.fr\\\/wordpress\\\/oh-les-beaux-jours-a-venir\\\/#primaryimage\"},\"thumbnailUrl\":\"https:\\\/\\\/janze-athletisme.fr\\\/wordpress\\\/wp-content\\\/uploads\\\/2025\\\/01\\\/Quentin-Thibault-Berenger-Francois-5janv2025.jpg\",\"articleSection\":[\"Le club au jour le jour\"],\"inLanguage\":\"fr-FR\",\"potentialAction\":[{\"@type\":\"CommentAction\",\"name\":\"Comment\",\"target\":[\"https:\\\/\\\/janze-athletisme.fr\\\/wordpress\\\/oh-les-beaux-jours-a-venir\\\/#respond\"]}]},{\"@type\":\"WebPage\",\"@id\":\"https:\\\/\\\/janze-athletisme.fr\\\/wordpress\\\/oh-les-beaux-jours-a-venir\\\/\",\"url\":\"https:\\\/\\\/janze-athletisme.fr\\\/wordpress\\\/oh-les-beaux-jours-a-venir\\\/\",\"name\":\"Oh les beaux jours \u00e0 venir ! - Janz\u00e9 Athl\u00e9tisme\",\"isPartOf\":{\"@id\":\"https:\\\/\\\/janze-athletisme.fr\\\/wordpress\\\/#website\"},\"primaryImageOfPage\":{\"@id\":\"https:\\\/\\\/janze-athletisme.fr\\\/wordpress\\\/oh-les-beaux-jours-a-venir\\\/#primaryimage\"},\"image\":{\"@id\":\"https:\\\/\\\/janze-athletisme.fr\\\/wordpress\\\/oh-les-beaux-jours-a-venir\\\/#primaryimage\"},\"thumbnailUrl\":\"https:\\\/\\\/janze-athletisme.fr\\\/wordpress\\\/wp-content\\\/uploads\\\/2025\\\/01\\\/Quentin-Thibault-Berenger-Francois-5janv2025.jpg\",\"datePublished\":\"2025-01-05T22:38:00+00:00\",\"dateModified\":\"2025-01-05T22:43:54+00:00\",\"breadcrumb\":{\"@id\":\"https:\\\/\\\/janze-athletisme.fr\\\/wordpress\\\/oh-les-beaux-jours-a-venir\\\/#breadcrumb\"},\"inLanguage\":\"fr-FR\",\"potentialAction\":[{\"@type\":\"ReadAction\",\"target\":[\"https:\\\/\\\/janze-athletisme.fr\\\/wordpress\\\/oh-les-beaux-jours-a-venir\\\/\"]}]},{\"@type\":\"ImageObject\",\"inLanguage\":\"fr-FR\",\"@id\":\"https:\\\/\\\/janze-athletisme.fr\\\/wordpress\\\/oh-les-beaux-jours-a-venir\\\/#primaryimage\",\"url\":\"https:\\\/\\\/janze-athletisme.fr\\\/wordpress\\\/wp-content\\\/uploads\\\/2025\\\/01\\\/Quentin-Thibault-Berenger-Francois-5janv2025.jpg\",\"contentUrl\":\"https:\\\/\\\/janze-athletisme.fr\\\/wordpress\\\/wp-content\\\/uploads\\\/2025\\\/01\\\/Quentin-Thibault-Berenger-Francois-5janv2025.jpg\",\"width\":1500,\"height\":1500},{\"@type\":\"BreadcrumbList\",\"@id\":\"https:\\\/\\\/janze-athletisme.fr\\\/wordpress\\\/oh-les-beaux-jours-a-venir\\\/#breadcrumb\",\"itemListElement\":[{\"@type\":\"ListItem\",\"position\":1,\"name\":\"Accueil\",\"item\":\"https:\\\/\\\/janze-athletisme.fr\\\/wordpress\\\/\"},{\"@type\":\"ListItem\",\"position\":2,\"name\":\"Oh les beaux jours \u00e0 venir !\"}]},{\"@type\":\"WebSite\",\"@id\":\"https:\\\/\\\/janze-athletisme.fr\\\/wordpress\\\/#website\",\"url\":\"https:\\\/\\\/janze-athletisme.fr\\\/wordpress\\\/\",\"name\":\"Janz\u00e9 Athl\u00e9tisme\",\"description\":\"Pays de La Roche aux F\u00e9es\",\"publisher\":{\"@id\":\"https:\\\/\\\/janze-athletisme.fr\\\/wordpress\\\/#organization\"},\"potentialAction\":[{\"@type\":\"SearchAction\",\"target\":{\"@type\":\"EntryPoint\",\"urlTemplate\":\"https:\\\/\\\/janze-athletisme.fr\\\/wordpress\\\/?s={search_term_string}\"},\"query-input\":{\"@type\":\"PropertyValueSpecification\",\"valueRequired\":true,\"valueName\":\"search_term_string\"}}],\"inLanguage\":\"fr-FR\"},{\"@type\":\"Organization\",\"@id\":\"https:\\\/\\\/janze-athletisme.fr\\\/wordpress\\\/#organization\",\"name\":\"Janz\u00e9 Athl\u00e9tisme\",\"url\":\"https:\\\/\\\/janze-athletisme.fr\\\/wordpress\\\/\",\"logo\":{\"@type\":\"ImageObject\",\"inLanguage\":\"fr-FR\",\"@id\":\"https:\\\/\\\/janze-athletisme.fr\\\/wordpress\\\/#\\\/schema\\\/logo\\\/image\\\/\",\"url\":\"https:\\\/\\\/janze-athletisme.fr\\\/wordpress\\\/wp-content\\\/uploads\\\/2015\\\/03\\\/logo-full1.jpg\",\"contentUrl\":\"https:\\\/\\\/janze-athletisme.fr\\\/wordpress\\\/wp-content\\\/uploads\\\/2015\\\/03\\\/logo-full1.jpg\",\"width\":437,\"height\":205,\"caption\":\"Janz\u00e9 Athl\u00e9tisme\"},\"image\":{\"@id\":\"https:\\\/\\\/janze-athletisme.fr\\\/wordpress\\\/#\\\/schema\\\/logo\\\/image\\\/\"},\"sameAs\":[\"https:\\\/\\\/www.facebook.com\\\/groups\\\/1007964579346590\"]},{\"@type\":\"Person\",\"@id\":\"https:\\\/\\\/janze-athletisme.fr\\\/wordpress\\\/#\\\/schema\\\/person\\\/c7b063dcfa6234c041d4d9b26cc2ea03\",\"name\":\"Laurent Meunier\",\"image\":{\"@type\":\"ImageObject\",\"inLanguage\":\"fr-FR\",\"@id\":\"https:\\\/\\\/secure.gravatar.com\\\/avatar\\\/dd25d581ad7c3349090f2fa6a9adb6bfa287e6a5dd8a5216a092727cd8749034?s=96&d=mm&r=g\",\"url\":\"https:\\\/\\\/secure.gravatar.com\\\/avatar\\\/dd25d581ad7c3349090f2fa6a9adb6bfa287e6a5dd8a5216a092727cd8749034?s=96&d=mm&r=g\",\"contentUrl\":\"https:\\\/\\\/secure.gravatar.com\\\/avatar\\\/dd25d581ad7c3349090f2fa6a9adb6bfa287e6a5dd8a5216a092727cd8749034?s=96&d=mm&r=g\",\"caption\":\"Laurent Meunier\"},\"url\":\"https:\\\/\\\/janze-athletisme.fr\\\/wordpress\\\/author\\\/laurent-meunier35\\\/\"}]}<\/script>\n<!-- \/ Yoast SEO plugin. -->","yoast_head_json":{"title":"Oh les beaux jours \u00e0 venir ! - Janz\u00e9 Athl\u00e9tisme","robots":{"index":"index","follow":"follow","max-snippet":"max-snippet:-1","max-image-preview":"max-image-preview:large","max-video-preview":"max-video-preview:-1"},"canonical":"https:\/\/janze-athletisme.fr\/wordpress\/oh-les-beaux-jours-a-venir\/","og_locale":"fr_FR","og_type":"article","og_title":"Oh les beaux jours \u00e0 venir ! - Janz\u00e9 Athl\u00e9tisme","og_description":"Championnat d&rsquo;Ille-et-Vilaine indoor U18 et +, salle Robert-Poirier, dimanche 5 janvier Nous n&rsquo;avons pas encore fait le compte de toutes les m\u00e9dailles, ni regard\u00e9 encore dans le d\u00e9tail tous les r\u00e9sultats de ces championnats 35 en salle (ce sera pour lundi et mardi). Mais on peut d&rsquo;ores et d\u00e9j\u00e0 annoncer qu&rsquo;ils resteront parmi les plus [&hellip;]","og_url":"https:\/\/janze-athletisme.fr\/wordpress\/oh-les-beaux-jours-a-venir\/","og_site_name":"Janz\u00e9 Athl\u00e9tisme","article_publisher":"https:\/\/www.facebook.com\/groups\/1007964579346590","article_published_time":"2025-01-05T22:38:00+00:00","article_modified_time":"2025-01-05T22:43:54+00:00","og_image":[{"width":1500,"height":1500,"url":"https:\/\/janze-athletisme.fr\/wordpress\/wp-content\/uploads\/2025\/01\/Quentin-Thibault-Berenger-Francois-5janv2025.jpg","type":"image\/jpeg"}],"author":"Laurent Meunier","twitter_card":"summary_large_image","twitter_misc":{"\u00c9crit par":"Laurent Meunier","Dur\u00e9e de lecture estim\u00e9e":"6 minutes"},"schema":{"@context":"https:\/\/schema.org","@graph":[{"@type":"Article","@id":"https:\/\/janze-athletisme.fr\/wordpress\/oh-les-beaux-jours-a-venir\/#article","isPartOf":{"@id":"https:\/\/janze-athletisme.fr\/wordpress\/oh-les-beaux-jours-a-venir\/"},"author":{"name":"Laurent Meunier","@id":"https:\/\/janze-athletisme.fr\/wordpress\/#\/schema\/person\/c7b063dcfa6234c041d4d9b26cc2ea03"},"headline":"Oh les beaux jours \u00e0 venir !","datePublished":"2025-01-05T22:38:00+00:00","dateModified":"2025-01-05T22:43:54+00:00","mainEntityOfPage":{"@id":"https:\/\/janze-athletisme.fr\/wordpress\/oh-les-beaux-jours-a-venir\/"},"wordCount":259,"commentCount":0,"publisher":{"@id":"https:\/\/janze-athletisme.fr\/wordpress\/#organization"},"image":{"@id":"https:\/\/janze-athletisme.fr\/wordpress\/oh-les-beaux-jours-a-venir\/#primaryimage"},"thumbnailUrl":"https:\/\/janze-athletisme.fr\/wordpress\/wp-content\/uploads\/2025\/01\/Quentin-Thibault-Berenger-Francois-5janv2025.jpg","articleSection":["Le club au jour le jour"],"inLanguage":"fr-FR","potentialAction":[{"@type":"CommentAction","name":"Comment","target":["https:\/\/janze-athletisme.fr\/wordpress\/oh-les-beaux-jours-a-venir\/#respond"]}]},{"@type":"WebPage","@id":"https:\/\/janze-athletisme.fr\/wordpress\/oh-les-beaux-jours-a-venir\/","url":"https:\/\/janze-athletisme.fr\/wordpress\/oh-les-beaux-jours-a-venir\/","name":"Oh les beaux jours \u00e0 venir ! - Janz\u00e9 Athl\u00e9tisme","isPartOf":{"@id":"https:\/\/janze-athletisme.fr\/wordpress\/#website"},"primaryImageOfPage":{"@id":"https:\/\/janze-athletisme.fr\/wordpress\/oh-les-beaux-jours-a-venir\/#primaryimage"},"image":{"@id":"https:\/\/janze-athletisme.fr\/wordpress\/oh-les-beaux-jours-a-venir\/#primaryimage"},"thumbnailUrl":"https:\/\/janze-athletisme.fr\/wordpress\/wp-content\/uploads\/2025\/01\/Quentin-Thibault-Berenger-Francois-5janv2025.jpg","datePublished":"2025-01-05T22:38:00+00:00","dateModified":"2025-01-05T22:43:54+00:00","breadcrumb":{"@id":"https:\/\/janze-athletisme.fr\/wordpress\/oh-les-beaux-jours-a-venir\/#breadcrumb"},"inLanguage":"fr-FR","potentialAction":[{"@type":"ReadAction","target":["https:\/\/janze-athletisme.fr\/wordpress\/oh-les-beaux-jours-a-venir\/"]}]},{"@type":"ImageObject","inLanguage":"fr-FR","@id":"https:\/\/janze-athletisme.fr\/wordpress\/oh-les-beaux-jours-a-venir\/#primaryimage","url":"https:\/\/janze-athletisme.fr\/wordpress\/wp-content\/uploads\/2025\/01\/Quentin-Thibault-Berenger-Francois-5janv2025.jpg","contentUrl":"https:\/\/janze-athletisme.fr\/wordpress\/wp-content\/uploads\/2025\/01\/Quentin-Thibault-Berenger-Francois-5janv2025.jpg","width":1500,"height":1500},{"@type":"BreadcrumbList","@id":"https:\/\/janze-athletisme.fr\/wordpress\/oh-les-beaux-jours-a-venir\/#breadcrumb","itemListElement":[{"@type":"ListItem","position":1,"name":"Accueil","item":"https:\/\/janze-athletisme.fr\/wordpress\/"},{"@type":"ListItem","position":2,"name":"Oh les beaux jours \u00e0 venir !"}]},{"@type":"WebSite","@id":"https:\/\/janze-athletisme.fr\/wordpress\/#website","url":"https:\/\/janze-athletisme.fr\/wordpress\/","name":"Janz\u00e9 Athl\u00e9tisme","description":"Pays de La Roche aux F\u00e9es","publisher":{"@id":"https:\/\/janze-athletisme.fr\/wordpress\/#organization"},"potentialAction":[{"@type":"SearchAction","target":{"@type":"EntryPoint","urlTemplate":"https:\/\/janze-athletisme.fr\/wordpress\/?s={search_term_string}"},"query-input":{"@type":"PropertyValueSpecification","valueRequired":true,"valueName":"search_term_string"}}],"inLanguage":"fr-FR"},{"@type":"Organization","@id":"https:\/\/janze-athletisme.fr\/wordpress\/#organization","name":"Janz\u00e9 Athl\u00e9tisme","url":"https:\/\/janze-athletisme.fr\/wordpress\/","logo":{"@type":"ImageObject","inLanguage":"fr-FR","@id":"https:\/\/janze-athletisme.fr\/wordpress\/#\/schema\/logo\/image\/","url":"https:\/\/janze-athletisme.fr\/wordpress\/wp-content\/uploads\/2015\/03\/logo-full1.jpg","contentUrl":"https:\/\/janze-athletisme.fr\/wordpress\/wp-content\/uploads\/2015\/03\/logo-full1.jpg","width":437,"height":205,"caption":"Janz\u00e9 Athl\u00e9tisme"},"image":{"@id":"https:\/\/janze-athletisme.fr\/wordpress\/#\/schema\/logo\/image\/"},"sameAs":["https:\/\/www.facebook.com\/groups\/1007964579346590"]},{"@type":"Person","@id":"https:\/\/janze-athletisme.fr\/wordpress\/#\/schema\/person\/c7b063dcfa6234c041d4d9b26cc2ea03","name":"Laurent Meunier","image":{"@type":"ImageObject","inLanguage":"fr-FR","@id":"https:\/\/secure.gravatar.com\/avatar\/dd25d581ad7c3349090f2fa6a9adb6bfa287e6a5dd8a5216a092727cd8749034?s=96&d=mm&r=g","url":"https:\/\/secure.gravatar.com\/avatar\/dd25d581ad7c3349090f2fa6a9adb6bfa287e6a5dd8a5216a092727cd8749034?s=96&d=mm&r=g","contentUrl":"https:\/\/secure.gravatar.com\/avatar\/dd25d581ad7c3349090f2fa6a9adb6bfa287e6a5dd8a5216a092727cd8749034?s=96&d=mm&r=g","caption":"Laurent Meunier"},"url":"https:\/\/janze-athletisme.fr\/wordpress\/author\/laurent-meunier35\/"}]}},"uagb_featured_image_src":{"full":["https:\/\/janze-athletisme.fr\/wordpress\/wp-content\/uploads\/2025\/01\/Quentin-Thibault-Berenger-Francois-5janv2025.jpg",1500,1500,false],"thumbnail":["https:\/\/janze-athletisme.fr\/wordpress\/wp-content\/uploads\/2025\/01\/Quentin-Thibault-Berenger-Francois-5janv2025-150x150.jpg",150,150,true],"medium":["https:\/\/janze-athletisme.fr\/wordpress\/wp-content\/uploads\/2025\/01\/Quentin-Thibault-Berenger-Francois-5janv2025-300x300.jpg",300,300,true],"medium_large":["https:\/\/janze-athletisme.fr\/wordpress\/wp-content\/uploads\/2025\/01\/Quentin-Thibault-Berenger-Francois-5janv2025-768x768.jpg",768,768,true],"large":["https:\/\/janze-athletisme.fr\/wordpress\/wp-content\/uploads\/2025\/01\/Quentin-Thibault-Berenger-Francois-5janv2025-1024x1024.jpg",1024,1024,true],"1536x1536":["https:\/\/janze-athletisme.fr\/wordpress\/wp-content\/uploads\/2025\/01\/Quentin-Thibault-Berenger-Francois-5janv2025.jpg",1500,1500,false],"2048x2048":["https:\/\/janze-athletisme.fr\/wordpress\/wp-content\/uploads\/2025\/01\/Quentin-Thibault-Berenger-Francois-5janv2025.jpg",1500,1500,false]},"uagb_author_info":{"display_name":"Laurent Meunier","author_link":"https:\/\/janze-athletisme.fr\/wordpress\/author\/laurent-meunier35\/"},"uagb_comment_info":0,"uagb_excerpt":"Championnat d&rsquo;Ille-et-Vilaine indoor U18 et +, salle Robert-Poirier, dimanche 5 janvier Nous n&rsquo;avons pas encore fait le compte de toutes les m\u00e9dailles, ni regard\u00e9 encore dans le d\u00e9tail tous les r\u00e9sultats de ces championnats 35 en salle (ce sera pour lundi et mardi). Mais on peut d&rsquo;ores et d\u00e9j\u00e0 annoncer qu&rsquo;ils resteront parmi les plus\u2026","_links":{"self":[{"href":"https:\/\/janze-athletisme.fr\/wordpress\/wp-json\/wp\/v2\/posts\/22660","targetHints":{"allow":["GET"]}}],"collection":[{"href":"https:\/\/janze-athletisme.fr\/wordpress\/wp-json\/wp\/v2\/posts"}],"about":[{"href":"https:\/\/janze-athletisme.fr\/wordpress\/wp-json\/wp\/v2\/types\/post"}],"author":[{"embeddable":true,"href":"https:\/\/janze-athletisme.fr\/wordpress\/wp-json\/wp\/v2\/users\/12"}],"replies":[{"embeddable":true,"href":"https:\/\/janze-athletisme.fr\/wordpress\/wp-json\/wp\/v2\/comments?post=22660"}],"version-history":[{"count":3,"href":"https:\/\/janze-athletisme.fr\/wordpress\/wp-json\/wp\/v2\/posts\/22660\/revisions"}],"predecessor-version":[{"id":22683,"href":"https:\/\/janze-athletisme.fr\/wordpress\/wp-json\/wp\/v2\/posts\/22660\/revisions\/22683"}],"wp:featuredmedia":[{"embeddable":true,"href":"https:\/\/janze-athletisme.fr\/wordpress\/wp-json\/wp\/v2\/media\/22678"}],"wp:attachment":[{"href":"https:\/\/janze-athletisme.fr\/wordpress\/wp-json\/wp\/v2\/media?parent=22660"}],"wp:term":[{"taxonomy":"category","embeddable":true,"href":"https:\/\/janze-athletisme.fr\/wordpress\/wp-json\/wp\/v2\/categories?post=22660"},{"taxonomy":"post_tag","embeddable":true,"href":"https:\/\/janze-athletisme.fr\/wordpress\/wp-json\/wp\/v2\/tags?post=22660"}],"curies":[{"name":"wp","href":"https:\/\/api.w.org\/{rel}","templated":true}]}}