{"id":22629,"date":"2025-01-03T21:22:39","date_gmt":"2025-01-03T20:22:39","guid":{"rendered":"https:\/\/janze-athletisme.fr\/wordpress\/?p=22629"},"modified":"2025-01-05T14:03:21","modified_gmt":"2025-01-05T13:03:21","slug":"derniere-ligne-droite-pour-linscription-au-cross-35","status":"publish","type":"post","link":"https:\/\/janze-athletisme.fr\/wordpress\/derniere-ligne-droite-pour-linscription-au-cross-35\/","title":{"rendered":"Derni\u00e8re ligne droite pour l&rsquo;inscription au cross 35"},"content":{"rendered":"<p><span style=\"font-size: 18pt\"><strong>Championnat d\u00e9partemental de cross-country, Foug\u00e8res, dimanche 12 janvier<\/strong><\/span><\/p>\n<p>\u00c0 J &#8211; 3 de la cl\u00f4ture des inscriptions (<span style=\"text-decoration: underline\">mercredi 8 janvier<\/span>), on compte d\u00e9j\u00e0 cinquante athl\u00e8tes du club pressentis pour participer au championnat d&rsquo;Ille-et-Vilaine de cross-country, organis\u00e9 le dimanche 12 janvier \u00e0 Foug\u00e8res. Nous sommes bien partis pour battre un record historique de participation. Et c&rsquo;est sans compter sur nos coll\u00e8gues de Bain et de Cesson, qui participeront avec nous au nom de l&rsquo;EAC. Nous pouvons esp\u00e9rer \u00eatre pr\u00e8s de 100 maillots jaunes \u00e0 Foug\u00e8res (maillots orange pour les PO).<\/p>\n<p>Vous trouverez ci-dessous les listes des premi\u00e8res pr\u00e9inscrites et premiers pr\u00e9inscrits :<\/p>\n<p><a href=\"https:\/\/janze-athletisme.fr\/wordpress\/wp-content\/uploads\/2025\/01\/Inscrites-2.jpg\"><img loading=\"lazy\" decoding=\"async\" class=\"alignnone size-medium wp-image-22645\" src=\"https:\/\/janze-athletisme.fr\/wordpress\/wp-content\/uploads\/2025\/01\/Inscrites-2-300x171.jpg\" alt=\"\" width=\"300\" height=\"171\" srcset=\"https:\/\/janze-athletisme.fr\/wordpress\/wp-content\/uploads\/2025\/01\/Inscrites-2-300x171.jpg 300w, https:\/\/janze-athletisme.fr\/wordpress\/wp-content\/uploads\/2025\/01\/Inscrites-2-768x437.jpg 768w, https:\/\/janze-athletisme.fr\/wordpress\/wp-content\/uploads\/2025\/01\/Inscrites-2.jpg 848w\" sizes=\"auto, (max-width: 300px) 100vw, 300px\" \/><\/a><a href=\"https:\/\/janze-athletisme.fr\/wordpress\/wp-content\/uploads\/2025\/01\/Inscrits-2.jpg\">\u00a0 <img loading=\"lazy\" decoding=\"async\" class=\"alignnone size-medium wp-image-22646\" src=\"https:\/\/janze-athletisme.fr\/wordpress\/wp-content\/uploads\/2025\/01\/Inscrits-2-295x300.jpg\" alt=\"\" width=\"295\" height=\"300\" srcset=\"https:\/\/janze-athletisme.fr\/wordpress\/wp-content\/uploads\/2025\/01\/Inscrits-2-295x300.jpg 295w, https:\/\/janze-athletisme.fr\/wordpress\/wp-content\/uploads\/2025\/01\/Inscrits-2-768x782.jpg 768w, https:\/\/janze-athletisme.fr\/wordpress\/wp-content\/uploads\/2025\/01\/Inscrits-2.jpg 842w\" sizes=\"auto, (max-width: 295px) 100vw, 295px\" \/>\u00a0<\/a><\/p>\n<p><strong>Si<\/strong> votre nom est absent et que <strong>vous souhaitez participer, signalez-vous<\/strong> aupr\u00e8s de Mathieu (<a href=\"mailto:mathieu.henry.educathle@gmail.com\">mathieu.henry.educathle@gmail.com<\/a>) ou de Laurent (<a href=\"mailto:a.caboch@laposte.net\">a.caboch@laposte.net<\/a>). Si, au contraire, votre nom est not\u00e9 mais que, pour une raison ou pour une autre, vous ne pouvez plus participer, idem, signalez-vous en urgence.<\/p>\n<p>Pour rappel, notamment \u00e0 destination des plus jeunes (PO et BE), le cross est un excellent apprentissage, \u00e0 la fois physique et mental, et souvent c&rsquo;est un souvenir dont on se rappelle longtemps. Pour les parents, c&rsquo;est l&rsquo;occasion d&rsquo;un moment sympa (\u00e0 condition de penser aux bottes), dans une ambiance de kermesse&#8230; Le club pourra pr\u00eater des chaussures \u00e0 pointes aux PO, dans la limite de ses stocks (tailles 34 \u00e0 38).<\/p>\n<p>A suivre les horaires et le parcours du cross en pi\u00e8ces jointes.<\/p>\n<p><a href=\"https:\/\/janze-athletisme.fr\/wordpress\/wp-content\/uploads\/2025\/01\/Horaires.jpg\"><img loading=\"lazy\" decoding=\"async\" class=\"alignnone wp-image-22632\" src=\"https:\/\/janze-athletisme.fr\/wordpress\/wp-content\/uploads\/2025\/01\/Horaires-291x300.jpg\" alt=\"\" width=\"269\" height=\"277\" srcset=\"https:\/\/janze-athletisme.fr\/wordpress\/wp-content\/uploads\/2025\/01\/Horaires-291x300.jpg 291w, https:\/\/janze-athletisme.fr\/wordpress\/wp-content\/uploads\/2025\/01\/Horaires.jpg 647w\" sizes=\"auto, (max-width: 269px) 100vw, 269px\" \/><\/a> <a href=\"https:\/\/janze-athletisme.fr\/wordpress\/wp-content\/uploads\/2025\/01\/Plan-du-parcours.jpg\"><img loading=\"lazy\" decoding=\"async\" class=\"alignnone wp-image-22633\" src=\"https:\/\/janze-athletisme.fr\/wordpress\/wp-content\/uploads\/2025\/01\/Plan-du-parcours-261x300.jpg\" alt=\"\" width=\"240\" height=\"276\" \/><\/a> <a href=\"https:\/\/janze-athletisme.fr\/wordpress\/wp-content\/uploads\/2025\/01\/Site-du-Velodrome.jpg\"><img loading=\"lazy\" decoding=\"async\" class=\"alignnone wp-image-22634\" src=\"https:\/\/janze-athletisme.fr\/wordpress\/wp-content\/uploads\/2025\/01\/Site-du-Velodrome-300x300.jpg\" alt=\"\" width=\"276\" height=\"276\" \/><\/a><\/p>\n","protected":false},"excerpt":{"rendered":"<p>Championnat d\u00e9partemental de cross-country, Foug\u00e8res, dimanche 12 janvier \u00c0 J &#8211; 3 de la cl\u00f4ture des inscriptions (mercredi 8 janvier), on compte d\u00e9j\u00e0 cinquante athl\u00e8tes du club pressentis pour participer au championnat d&rsquo;Ille-et-Vilaine de cross-country, organis\u00e9 le dimanche 12 janvier \u00e0 Foug\u00e8res. Nous sommes bien partis pour battre un record historique de participation. Et c&rsquo;est [&hellip;]<\/p>\n","protected":false},"author":12,"featured_media":22635,"comment_status":"open","ping_status":"open","sticky":false,"template":"","format":"aside","meta":{"_uag_custom_page_level_css":"","site-sidebar-layout":"default","site-content-layout":"","ast-site-content-layout":"default","site-content-style":"default","site-sidebar-style":"default","ast-global-header-display":"","ast-banner-title-visibility":"","ast-main-header-display":"","ast-hfb-above-header-display":"","ast-hfb-below-header-display":"","ast-hfb-mobile-header-display":"","site-post-title":"","ast-breadcrumbs-content":"","ast-featured-img":"","footer-sml-layout":"","ast-disable-related-posts":"","theme-transparent-header-meta":"default","adv-header-id-meta":"","stick-header-meta":"","header-above-stick-meta":"","header-main-stick-meta":"","header-below-stick-meta":"","astra-migrate-meta-layouts":"set","ast-page-background-enabled":"default","ast-page-background-meta":{"desktop":{"background-color":"var(--ast-global-color-4)","background-image":"","background-repeat":"repeat","background-position":"center center","background-size":"auto","background-attachment":"scroll","background-type":"","background-media":"","overlay-type":"","overlay-color":"","overlay-opacity":"","overlay-gradient":""},"tablet":{"background-color":"","background-image":"","background-repeat":"repeat","background-position":"center center","background-size":"auto","background-attachment":"scroll","background-type":"","background-media":"","overlay-type":"","overlay-color":"","overlay-opacity":"","overlay-gradient":""},"mobile":{"background-color":"","background-image":"","background-repeat":"repeat","background-position":"center center","background-size":"auto","background-attachment":"scroll","background-type":"","background-media":"","overlay-type":"","overlay-color":"","overlay-opacity":"","overlay-gradient":""}},"ast-content-background-meta":{"desktop":{"background-color":"var(--ast-global-color-5)","background-image":"","background-repeat":"repeat","background-position":"center center","background-size":"auto","background-attachment":"scroll","background-type":"","background-media":"","overlay-type":"","overlay-color":"","overlay-opacity":"","overlay-gradient":""},"tablet":{"background-color":"var(--ast-global-color-5)","background-image":"","background-repeat":"repeat","background-position":"center center","background-size":"auto","background-attachment":"scroll","background-type":"","background-media":"","overlay-type":"","overlay-color":"","overlay-opacity":"","overlay-gradient":""},"mobile":{"background-color":"var(--ast-global-color-5)","background-image":"","background-repeat":"repeat","background-position":"center center","background-size":"auto","background-attachment":"scroll","background-type":"","background-media":"","overlay-type":"","overlay-color":"","overlay-opacity":"","overlay-gradient":""}},"footnotes":""},"categories":[6],"tags":[],"class_list":["post-22629","post","type-post","status-publish","format-aside","has-post-thumbnail","hentry","category-sections","post_format-post-format-aside"],"yoast_head":"<!-- This site is optimized with the Yoast SEO plugin v27.5 - https:\/\/yoast.com\/product\/yoast-seo-wordpress\/ -->\n<title>Derni\u00e8re ligne droite pour l&#039;inscription au cross 35 - Janz\u00e9 Athl\u00e9tisme<\/title>\n<meta name=\"robots\" content=\"index, follow, max-snippet:-1, max-image-preview:large, max-video-preview:-1\" \/>\n<link rel=\"canonical\" href=\"https:\/\/janze-athletisme.fr\/wordpress\/derniere-ligne-droite-pour-linscription-au-cross-35\/\" \/>\n<meta property=\"og:locale\" content=\"fr_FR\" \/>\n<meta property=\"og:type\" content=\"article\" \/>\n<meta property=\"og:title\" content=\"Derni\u00e8re ligne droite pour l&#039;inscription au cross 35 - Janz\u00e9 Athl\u00e9tisme\" \/>\n<meta property=\"og:description\" content=\"Championnat d\u00e9partemental de cross-country, Foug\u00e8res, dimanche 12 janvier \u00c0 J &#8211; 3 de la cl\u00f4ture des inscriptions (mercredi 8 janvier), on compte d\u00e9j\u00e0 cinquante athl\u00e8tes du club pressentis pour participer au championnat d&rsquo;Ille-et-Vilaine de cross-country, organis\u00e9 le dimanche 12 janvier \u00e0 Foug\u00e8res. Nous sommes bien partis pour battre un record historique de participation. Et c&rsquo;est [&hellip;]\" \/>\n<meta property=\"og:url\" content=\"https:\/\/janze-athletisme.fr\/wordpress\/derniere-ligne-droite-pour-linscription-au-cross-35\/\" \/>\n<meta property=\"og:site_name\" content=\"Janz\u00e9 Athl\u00e9tisme\" \/>\n<meta property=\"article:publisher\" content=\"https:\/\/www.facebook.com\/groups\/1007964579346590\" \/>\n<meta property=\"article:published_time\" content=\"2025-01-03T20:22:39+00:00\" \/>\n<meta property=\"article:modified_time\" content=\"2025-01-05T13:03:21+00:00\" \/>\n<meta property=\"og:image\" content=\"https:\/\/janze-athletisme.fr\/wordpress\/wp-content\/uploads\/2025\/01\/Mickael-B-14janv2024-7.jpg\" \/>\n\t<meta property=\"og:image:width\" content=\"1201\" \/>\n\t<meta property=\"og:image:height\" content=\"1200\" \/>\n\t<meta property=\"og:image:type\" content=\"image\/jpeg\" \/>\n<meta name=\"author\" content=\"Laurent Meunier\" \/>\n<meta name=\"twitter:card\" content=\"summary_large_image\" \/>\n<meta name=\"twitter:label1\" content=\"\u00c9crit par\" \/>\n\t<meta name=\"twitter:data1\" content=\"Laurent Meunier\" \/>\n\t<meta name=\"twitter:label2\" content=\"Dur\u00e9e de lecture estim\u00e9e\" \/>\n\t<meta name=\"twitter:data2\" content=\"3 minutes\" \/>\n<script type=\"application\/ld+json\" class=\"yoast-schema-graph\">{\"@context\":\"https:\\\/\\\/schema.org\",\"@graph\":[{\"@type\":\"Article\",\"@id\":\"https:\\\/\\\/janze-athletisme.fr\\\/wordpress\\\/derniere-ligne-droite-pour-linscription-au-cross-35\\\/#article\",\"isPartOf\":{\"@id\":\"https:\\\/\\\/janze-athletisme.fr\\\/wordpress\\\/derniere-ligne-droite-pour-linscription-au-cross-35\\\/\"},\"author\":{\"name\":\"Laurent Meunier\",\"@id\":\"https:\\\/\\\/janze-athletisme.fr\\\/wordpress\\\/#\\\/schema\\\/person\\\/c7b063dcfa6234c041d4d9b26cc2ea03\"},\"headline\":\"Derni\u00e8re ligne droite pour l&rsquo;inscription au cross 35\",\"datePublished\":\"2025-01-03T20:22:39+00:00\",\"dateModified\":\"2025-01-05T13:03:21+00:00\",\"mainEntityOfPage\":{\"@id\":\"https:\\\/\\\/janze-athletisme.fr\\\/wordpress\\\/derniere-ligne-droite-pour-linscription-au-cross-35\\\/\"},\"wordCount\":252,\"commentCount\":0,\"publisher\":{\"@id\":\"https:\\\/\\\/janze-athletisme.fr\\\/wordpress\\\/#organization\"},\"image\":{\"@id\":\"https:\\\/\\\/janze-athletisme.fr\\\/wordpress\\\/derniere-ligne-droite-pour-linscription-au-cross-35\\\/#primaryimage\"},\"thumbnailUrl\":\"https:\\\/\\\/janze-athletisme.fr\\\/wordpress\\\/wp-content\\\/uploads\\\/2025\\\/01\\\/Mickael-B-14janv2024-7.jpg\",\"articleSection\":[\"Le club au jour le jour\"],\"inLanguage\":\"fr-FR\",\"potentialAction\":[{\"@type\":\"CommentAction\",\"name\":\"Comment\",\"target\":[\"https:\\\/\\\/janze-athletisme.fr\\\/wordpress\\\/derniere-ligne-droite-pour-linscription-au-cross-35\\\/#respond\"]}]},{\"@type\":\"WebPage\",\"@id\":\"https:\\\/\\\/janze-athletisme.fr\\\/wordpress\\\/derniere-ligne-droite-pour-linscription-au-cross-35\\\/\",\"url\":\"https:\\\/\\\/janze-athletisme.fr\\\/wordpress\\\/derniere-ligne-droite-pour-linscription-au-cross-35\\\/\",\"name\":\"Derni\u00e8re ligne droite pour l'inscription au cross 35 - Janz\u00e9 Athl\u00e9tisme\",\"isPartOf\":{\"@id\":\"https:\\\/\\\/janze-athletisme.fr\\\/wordpress\\\/#website\"},\"primaryImageOfPage\":{\"@id\":\"https:\\\/\\\/janze-athletisme.fr\\\/wordpress\\\/derniere-ligne-droite-pour-linscription-au-cross-35\\\/#primaryimage\"},\"image\":{\"@id\":\"https:\\\/\\\/janze-athletisme.fr\\\/wordpress\\\/derniere-ligne-droite-pour-linscription-au-cross-35\\\/#primaryimage\"},\"thumbnailUrl\":\"https:\\\/\\\/janze-athletisme.fr\\\/wordpress\\\/wp-content\\\/uploads\\\/2025\\\/01\\\/Mickael-B-14janv2024-7.jpg\",\"datePublished\":\"2025-01-03T20:22:39+00:00\",\"dateModified\":\"2025-01-05T13:03:21+00:00\",\"breadcrumb\":{\"@id\":\"https:\\\/\\\/janze-athletisme.fr\\\/wordpress\\\/derniere-ligne-droite-pour-linscription-au-cross-35\\\/#breadcrumb\"},\"inLanguage\":\"fr-FR\",\"potentialAction\":[{\"@type\":\"ReadAction\",\"target\":[\"https:\\\/\\\/janze-athletisme.fr\\\/wordpress\\\/derniere-ligne-droite-pour-linscription-au-cross-35\\\/\"]}]},{\"@type\":\"ImageObject\",\"inLanguage\":\"fr-FR\",\"@id\":\"https:\\\/\\\/janze-athletisme.fr\\\/wordpress\\\/derniere-ligne-droite-pour-linscription-au-cross-35\\\/#primaryimage\",\"url\":\"https:\\\/\\\/janze-athletisme.fr\\\/wordpress\\\/wp-content\\\/uploads\\\/2025\\\/01\\\/Mickael-B-14janv2024-7.jpg\",\"contentUrl\":\"https:\\\/\\\/janze-athletisme.fr\\\/wordpress\\\/wp-content\\\/uploads\\\/2025\\\/01\\\/Mickael-B-14janv2024-7.jpg\",\"width\":1201,\"height\":1200},{\"@type\":\"BreadcrumbList\",\"@id\":\"https:\\\/\\\/janze-athletisme.fr\\\/wordpress\\\/derniere-ligne-droite-pour-linscription-au-cross-35\\\/#breadcrumb\",\"itemListElement\":[{\"@type\":\"ListItem\",\"position\":1,\"name\":\"Accueil\",\"item\":\"https:\\\/\\\/janze-athletisme.fr\\\/wordpress\\\/\"},{\"@type\":\"ListItem\",\"position\":2,\"name\":\"Derni\u00e8re ligne droite pour l&rsquo;inscription au cross 35\"}]},{\"@type\":\"WebSite\",\"@id\":\"https:\\\/\\\/janze-athletisme.fr\\\/wordpress\\\/#website\",\"url\":\"https:\\\/\\\/janze-athletisme.fr\\\/wordpress\\\/\",\"name\":\"Janz\u00e9 Athl\u00e9tisme\",\"description\":\"Pays de La Roche aux F\u00e9es\",\"publisher\":{\"@id\":\"https:\\\/\\\/janze-athletisme.fr\\\/wordpress\\\/#organization\"},\"potentialAction\":[{\"@type\":\"SearchAction\",\"target\":{\"@type\":\"EntryPoint\",\"urlTemplate\":\"https:\\\/\\\/janze-athletisme.fr\\\/wordpress\\\/?s={search_term_string}\"},\"query-input\":{\"@type\":\"PropertyValueSpecification\",\"valueRequired\":true,\"valueName\":\"search_term_string\"}}],\"inLanguage\":\"fr-FR\"},{\"@type\":\"Organization\",\"@id\":\"https:\\\/\\\/janze-athletisme.fr\\\/wordpress\\\/#organization\",\"name\":\"Janz\u00e9 Athl\u00e9tisme\",\"url\":\"https:\\\/\\\/janze-athletisme.fr\\\/wordpress\\\/\",\"logo\":{\"@type\":\"ImageObject\",\"inLanguage\":\"fr-FR\",\"@id\":\"https:\\\/\\\/janze-athletisme.fr\\\/wordpress\\\/#\\\/schema\\\/logo\\\/image\\\/\",\"url\":\"https:\\\/\\\/janze-athletisme.fr\\\/wordpress\\\/wp-content\\\/uploads\\\/2015\\\/03\\\/logo-full1.jpg\",\"contentUrl\":\"https:\\\/\\\/janze-athletisme.fr\\\/wordpress\\\/wp-content\\\/uploads\\\/2015\\\/03\\\/logo-full1.jpg\",\"width\":437,\"height\":205,\"caption\":\"Janz\u00e9 Athl\u00e9tisme\"},\"image\":{\"@id\":\"https:\\\/\\\/janze-athletisme.fr\\\/wordpress\\\/#\\\/schema\\\/logo\\\/image\\\/\"},\"sameAs\":[\"https:\\\/\\\/www.facebook.com\\\/groups\\\/1007964579346590\"]},{\"@type\":\"Person\",\"@id\":\"https:\\\/\\\/janze-athletisme.fr\\\/wordpress\\\/#\\\/schema\\\/person\\\/c7b063dcfa6234c041d4d9b26cc2ea03\",\"name\":\"Laurent Meunier\",\"image\":{\"@type\":\"ImageObject\",\"inLanguage\":\"fr-FR\",\"@id\":\"https:\\\/\\\/secure.gravatar.com\\\/avatar\\\/dd25d581ad7c3349090f2fa6a9adb6bfa287e6a5dd8a5216a092727cd8749034?s=96&d=mm&r=g\",\"url\":\"https:\\\/\\\/secure.gravatar.com\\\/avatar\\\/dd25d581ad7c3349090f2fa6a9adb6bfa287e6a5dd8a5216a092727cd8749034?s=96&d=mm&r=g\",\"contentUrl\":\"https:\\\/\\\/secure.gravatar.com\\\/avatar\\\/dd25d581ad7c3349090f2fa6a9adb6bfa287e6a5dd8a5216a092727cd8749034?s=96&d=mm&r=g\",\"caption\":\"Laurent Meunier\"},\"url\":\"https:\\\/\\\/janze-athletisme.fr\\\/wordpress\\\/author\\\/laurent-meunier35\\\/\"}]}<\/script>\n<!-- \/ Yoast SEO plugin. -->","yoast_head_json":{"title":"Derni\u00e8re ligne droite pour l'inscription au cross 35 - Janz\u00e9 Athl\u00e9tisme","robots":{"index":"index","follow":"follow","max-snippet":"max-snippet:-1","max-image-preview":"max-image-preview:large","max-video-preview":"max-video-preview:-1"},"canonical":"https:\/\/janze-athletisme.fr\/wordpress\/derniere-ligne-droite-pour-linscription-au-cross-35\/","og_locale":"fr_FR","og_type":"article","og_title":"Derni\u00e8re ligne droite pour l'inscription au cross 35 - Janz\u00e9 Athl\u00e9tisme","og_description":"Championnat d\u00e9partemental de cross-country, Foug\u00e8res, dimanche 12 janvier \u00c0 J &#8211; 3 de la cl\u00f4ture des inscriptions (mercredi 8 janvier), on compte d\u00e9j\u00e0 cinquante athl\u00e8tes du club pressentis pour participer au championnat d&rsquo;Ille-et-Vilaine de cross-country, organis\u00e9 le dimanche 12 janvier \u00e0 Foug\u00e8res. Nous sommes bien partis pour battre un record historique de participation. Et c&rsquo;est [&hellip;]","og_url":"https:\/\/janze-athletisme.fr\/wordpress\/derniere-ligne-droite-pour-linscription-au-cross-35\/","og_site_name":"Janz\u00e9 Athl\u00e9tisme","article_publisher":"https:\/\/www.facebook.com\/groups\/1007964579346590","article_published_time":"2025-01-03T20:22:39+00:00","article_modified_time":"2025-01-05T13:03:21+00:00","og_image":[{"width":1201,"height":1200,"url":"https:\/\/janze-athletisme.fr\/wordpress\/wp-content\/uploads\/2025\/01\/Mickael-B-14janv2024-7.jpg","type":"image\/jpeg"}],"author":"Laurent Meunier","twitter_card":"summary_large_image","twitter_misc":{"\u00c9crit par":"Laurent Meunier","Dur\u00e9e de lecture estim\u00e9e":"3 minutes"},"schema":{"@context":"https:\/\/schema.org","@graph":[{"@type":"Article","@id":"https:\/\/janze-athletisme.fr\/wordpress\/derniere-ligne-droite-pour-linscription-au-cross-35\/#article","isPartOf":{"@id":"https:\/\/janze-athletisme.fr\/wordpress\/derniere-ligne-droite-pour-linscription-au-cross-35\/"},"author":{"name":"Laurent Meunier","@id":"https:\/\/janze-athletisme.fr\/wordpress\/#\/schema\/person\/c7b063dcfa6234c041d4d9b26cc2ea03"},"headline":"Derni\u00e8re ligne droite pour l&rsquo;inscription au cross 35","datePublished":"2025-01-03T20:22:39+00:00","dateModified":"2025-01-05T13:03:21+00:00","mainEntityOfPage":{"@id":"https:\/\/janze-athletisme.fr\/wordpress\/derniere-ligne-droite-pour-linscription-au-cross-35\/"},"wordCount":252,"commentCount":0,"publisher":{"@id":"https:\/\/janze-athletisme.fr\/wordpress\/#organization"},"image":{"@id":"https:\/\/janze-athletisme.fr\/wordpress\/derniere-ligne-droite-pour-linscription-au-cross-35\/#primaryimage"},"thumbnailUrl":"https:\/\/janze-athletisme.fr\/wordpress\/wp-content\/uploads\/2025\/01\/Mickael-B-14janv2024-7.jpg","articleSection":["Le club au jour le jour"],"inLanguage":"fr-FR","potentialAction":[{"@type":"CommentAction","name":"Comment","target":["https:\/\/janze-athletisme.fr\/wordpress\/derniere-ligne-droite-pour-linscription-au-cross-35\/#respond"]}]},{"@type":"WebPage","@id":"https:\/\/janze-athletisme.fr\/wordpress\/derniere-ligne-droite-pour-linscription-au-cross-35\/","url":"https:\/\/janze-athletisme.fr\/wordpress\/derniere-ligne-droite-pour-linscription-au-cross-35\/","name":"Derni\u00e8re ligne droite pour l'inscription au cross 35 - Janz\u00e9 Athl\u00e9tisme","isPartOf":{"@id":"https:\/\/janze-athletisme.fr\/wordpress\/#website"},"primaryImageOfPage":{"@id":"https:\/\/janze-athletisme.fr\/wordpress\/derniere-ligne-droite-pour-linscription-au-cross-35\/#primaryimage"},"image":{"@id":"https:\/\/janze-athletisme.fr\/wordpress\/derniere-ligne-droite-pour-linscription-au-cross-35\/#primaryimage"},"thumbnailUrl":"https:\/\/janze-athletisme.fr\/wordpress\/wp-content\/uploads\/2025\/01\/Mickael-B-14janv2024-7.jpg","datePublished":"2025-01-03T20:22:39+00:00","dateModified":"2025-01-05T13:03:21+00:00","breadcrumb":{"@id":"https:\/\/janze-athletisme.fr\/wordpress\/derniere-ligne-droite-pour-linscription-au-cross-35\/#breadcrumb"},"inLanguage":"fr-FR","potentialAction":[{"@type":"ReadAction","target":["https:\/\/janze-athletisme.fr\/wordpress\/derniere-ligne-droite-pour-linscription-au-cross-35\/"]}]},{"@type":"ImageObject","inLanguage":"fr-FR","@id":"https:\/\/janze-athletisme.fr\/wordpress\/derniere-ligne-droite-pour-linscription-au-cross-35\/#primaryimage","url":"https:\/\/janze-athletisme.fr\/wordpress\/wp-content\/uploads\/2025\/01\/Mickael-B-14janv2024-7.jpg","contentUrl":"https:\/\/janze-athletisme.fr\/wordpress\/wp-content\/uploads\/2025\/01\/Mickael-B-14janv2024-7.jpg","width":1201,"height":1200},{"@type":"BreadcrumbList","@id":"https:\/\/janze-athletisme.fr\/wordpress\/derniere-ligne-droite-pour-linscription-au-cross-35\/#breadcrumb","itemListElement":[{"@type":"ListItem","position":1,"name":"Accueil","item":"https:\/\/janze-athletisme.fr\/wordpress\/"},{"@type":"ListItem","position":2,"name":"Derni\u00e8re ligne droite pour l&rsquo;inscription au cross 35"}]},{"@type":"WebSite","@id":"https:\/\/janze-athletisme.fr\/wordpress\/#website","url":"https:\/\/janze-athletisme.fr\/wordpress\/","name":"Janz\u00e9 Athl\u00e9tisme","description":"Pays de La Roche aux F\u00e9es","publisher":{"@id":"https:\/\/janze-athletisme.fr\/wordpress\/#organization"},"potentialAction":[{"@type":"SearchAction","target":{"@type":"EntryPoint","urlTemplate":"https:\/\/janze-athletisme.fr\/wordpress\/?s={search_term_string}"},"query-input":{"@type":"PropertyValueSpecification","valueRequired":true,"valueName":"search_term_string"}}],"inLanguage":"fr-FR"},{"@type":"Organization","@id":"https:\/\/janze-athletisme.fr\/wordpress\/#organization","name":"Janz\u00e9 Athl\u00e9tisme","url":"https:\/\/janze-athletisme.fr\/wordpress\/","logo":{"@type":"ImageObject","inLanguage":"fr-FR","@id":"https:\/\/janze-athletisme.fr\/wordpress\/#\/schema\/logo\/image\/","url":"https:\/\/janze-athletisme.fr\/wordpress\/wp-content\/uploads\/2015\/03\/logo-full1.jpg","contentUrl":"https:\/\/janze-athletisme.fr\/wordpress\/wp-content\/uploads\/2015\/03\/logo-full1.jpg","width":437,"height":205,"caption":"Janz\u00e9 Athl\u00e9tisme"},"image":{"@id":"https:\/\/janze-athletisme.fr\/wordpress\/#\/schema\/logo\/image\/"},"sameAs":["https:\/\/www.facebook.com\/groups\/1007964579346590"]},{"@type":"Person","@id":"https:\/\/janze-athletisme.fr\/wordpress\/#\/schema\/person\/c7b063dcfa6234c041d4d9b26cc2ea03","name":"Laurent Meunier","image":{"@type":"ImageObject","inLanguage":"fr-FR","@id":"https:\/\/secure.gravatar.com\/avatar\/dd25d581ad7c3349090f2fa6a9adb6bfa287e6a5dd8a5216a092727cd8749034?s=96&d=mm&r=g","url":"https:\/\/secure.gravatar.com\/avatar\/dd25d581ad7c3349090f2fa6a9adb6bfa287e6a5dd8a5216a092727cd8749034?s=96&d=mm&r=g","contentUrl":"https:\/\/secure.gravatar.com\/avatar\/dd25d581ad7c3349090f2fa6a9adb6bfa287e6a5dd8a5216a092727cd8749034?s=96&d=mm&r=g","caption":"Laurent Meunier"},"url":"https:\/\/janze-athletisme.fr\/wordpress\/author\/laurent-meunier35\/"}]}},"uagb_featured_image_src":{"full":["https:\/\/janze-athletisme.fr\/wordpress\/wp-content\/uploads\/2025\/01\/Mickael-B-14janv2024-7.jpg",1201,1200,false],"thumbnail":["https:\/\/janze-athletisme.fr\/wordpress\/wp-content\/uploads\/2025\/01\/Mickael-B-14janv2024-7-150x150.jpg",150,150,true],"medium":["https:\/\/janze-athletisme.fr\/wordpress\/wp-content\/uploads\/2025\/01\/Mickael-B-14janv2024-7-300x300.jpg",300,300,true],"medium_large":["https:\/\/janze-athletisme.fr\/wordpress\/wp-content\/uploads\/2025\/01\/Mickael-B-14janv2024-7-768x767.jpg",768,767,true],"large":["https:\/\/janze-athletisme.fr\/wordpress\/wp-content\/uploads\/2025\/01\/Mickael-B-14janv2024-7-1024x1024.jpg",1024,1024,true],"1536x1536":["https:\/\/janze-athletisme.fr\/wordpress\/wp-content\/uploads\/2025\/01\/Mickael-B-14janv2024-7.jpg",1201,1200,false],"2048x2048":["https:\/\/janze-athletisme.fr\/wordpress\/wp-content\/uploads\/2025\/01\/Mickael-B-14janv2024-7.jpg",1201,1200,false]},"uagb_author_info":{"display_name":"Laurent Meunier","author_link":"https:\/\/janze-athletisme.fr\/wordpress\/author\/laurent-meunier35\/"},"uagb_comment_info":0,"uagb_excerpt":"Championnat d\u00e9partemental de cross-country, Foug\u00e8res, dimanche 12 janvier \u00c0 J &#8211; 3 de la cl\u00f4ture des inscriptions (mercredi 8 janvier), on compte d\u00e9j\u00e0 cinquante athl\u00e8tes du club pressentis pour participer au championnat d&rsquo;Ille-et-Vilaine de cross-country, organis\u00e9 le dimanche 12 janvier \u00e0 Foug\u00e8res. Nous sommes bien partis pour battre un record historique de participation. Et c&rsquo;est\u2026","_links":{"self":[{"href":"https:\/\/janze-athletisme.fr\/wordpress\/wp-json\/wp\/v2\/posts\/22629","targetHints":{"allow":["GET"]}}],"collection":[{"href":"https:\/\/janze-athletisme.fr\/wordpress\/wp-json\/wp\/v2\/posts"}],"about":[{"href":"https:\/\/janze-athletisme.fr\/wordpress\/wp-json\/wp\/v2\/types\/post"}],"author":[{"embeddable":true,"href":"https:\/\/janze-athletisme.fr\/wordpress\/wp-json\/wp\/v2\/users\/12"}],"replies":[{"embeddable":true,"href":"https:\/\/janze-athletisme.fr\/wordpress\/wp-json\/wp\/v2\/comments?post=22629"}],"version-history":[{"count":7,"href":"https:\/\/janze-athletisme.fr\/wordpress\/wp-json\/wp\/v2\/posts\/22629\/revisions"}],"predecessor-version":[{"id":22649,"href":"https:\/\/janze-athletisme.fr\/wordpress\/wp-json\/wp\/v2\/posts\/22629\/revisions\/22649"}],"wp:featuredmedia":[{"embeddable":true,"href":"https:\/\/janze-athletisme.fr\/wordpress\/wp-json\/wp\/v2\/media\/22635"}],"wp:attachment":[{"href":"https:\/\/janze-athletisme.fr\/wordpress\/wp-json\/wp\/v2\/media?parent=22629"}],"wp:term":[{"taxonomy":"category","embeddable":true,"href":"https:\/\/janze-athletisme.fr\/wordpress\/wp-json\/wp\/v2\/categories?post=22629"},{"taxonomy":"post_tag","embeddable":true,"href":"https:\/\/janze-athletisme.fr\/wordpress\/wp-json\/wp\/v2\/tags?post=22629"}],"curies":[{"name":"wp","href":"https:\/\/api.w.org\/{rel}","templated":true}]}}