{"id":22594,"date":"2024-12-23T11:08:53","date_gmt":"2024-12-23T10:08:53","guid":{"rendered":"https:\/\/janze-athletisme.fr\/wordpress\/?p=22594"},"modified":"2024-12-23T11:12:47","modified_gmt":"2024-12-23T10:12:47","slug":"cesson-les-matadors-du-bitume-sont-de-retour-pour-la-corrida","status":"publish","type":"post","link":"https:\/\/janze-athletisme.fr\/wordpress\/cesson-les-matadors-du-bitume-sont-de-retour-pour-la-corrida\/","title":{"rendered":"Cesson: les matadors du bitume sont de retour pour la corrida !"},"content":{"rendered":"<h1 style=\"text-align: center\"><span style=\"font-family: comic sans ms, sans-serif;color: #800000\">La Corrida Cessonnaise<\/span><\/h1>\n<p>&nbsp;<\/p>\n<figure id=\"attachment_22596\" aria-describedby=\"caption-attachment-22596\" style=\"width: 536px\" class=\"wp-caption aligncenter\"><a href=\"https:\/\/janze-athletisme.fr\/wordpress\/wp-content\/uploads\/2024\/12\/MjAyNDEwYWM3NTZjMDZlZmY3NGQ1MWY0ZWM1NDQyMjQwZWM4YTg.webp\"><img loading=\"lazy\" decoding=\"async\" class=\"wp-image-22596 \" src=\"https:\/\/janze-athletisme.fr\/wordpress\/wp-content\/uploads\/2024\/12\/MjAyNDEwYWM3NTZjMDZlZmY3NGQ1MWY0ZWM1NDQyMjQwZWM4YTg-300x169.webp\" alt=\"\" width=\"536\" height=\"302\" srcset=\"https:\/\/janze-athletisme.fr\/wordpress\/wp-content\/uploads\/2024\/12\/MjAyNDEwYWM3NTZjMDZlZmY3NGQ1MWY0ZWM1NDQyMjQwZWM4YTg-300x169.webp 300w, https:\/\/janze-athletisme.fr\/wordpress\/wp-content\/uploads\/2024\/12\/MjAyNDEwYWM3NTZjMDZlZmY3NGQ1MWY0ZWM1NDQyMjQwZWM4YTg.webp 630w\" sizes=\"auto, (max-width: 536px) 100vw, 536px\" \/><\/a><figcaption id=\"caption-attachment-22596\" class=\"wp-caption-text\">L&rsquo;\u00e9quipe de b\u00e9n\u00e9voles de l&rsquo;ACCesson (Ouest-France 01\/10\/2024)<\/figcaption><\/figure>\n<p>&nbsp;<\/p>\n<p><span style=\"color: #000000\">L&rsquo;actualit\u00e9 ne s&rsquo;arr\u00eate jamais et ne prend (presque) pas de vacances. Apr\u00e8s A\u00efcha, dimanche dernier, c&rsquo;est Karine, Ana\u00efs et Anthony qui se sont retrouv\u00e9s chez nos coll\u00e8gues de Cesson pour la traditionnelle corrida de No\u00ebl. Un temps mise en pause, c&rsquo;est reparti de plus belle apr\u00e8s 5 ans d&rsquo;absence avec toujours une belle affluence et c&rsquo;est heureux ! (on esp\u00e8re avoir autant de monde pour la Ronde des F\u00e9es !!! j&rsquo;dis \u00e7a, j&rsquo;dis rien !).<\/span><\/p>\n<p><span style=\"color: #000000\">Seule Karine avait os\u00e9 affront\u00e9 le mode ultra et ses 10 redoutables km !!! bon, il y avait bien quelques passages sans bitume mais parcours plut\u00f4t roulant pour Karine qui ma\u00eetrise la distance; sur le format 5 km, Anthony d\u00e9roule tranquille sans forcer son talent, une 2\u00e8me place en M0 en passant et Ana\u00efs envoie du lourd avec un tr\u00e8s beau chrono et une 1\u00e8re place dans sa cat\u00e9gorie, toujours sur sa bonne dynamique de d\u00e9but de saison. Un parcours appr\u00e9ci\u00e9 par tous autour du golf et de l&rsquo;\u00e9tang de Dezerseul, certains janz\u00e9ens connaissent bien le site pour y avoir courru quelques s\u00e9ances avec nos amis Cessonnais !<br \/>\n<\/span><\/p>\n<p><span style=\"color: #000000\">Bravo les champions, allez on r\u00e9veillonne maintenant !<\/span><\/p>\n<p>&nbsp;<\/p>\n<table style=\"border-collapse: collapse;width: 100%\">\n<tbody>\n<tr>\n<td style=\"width: 16.6667%;text-align: center\"><strong><span style=\"color: #000000\">Distance<\/span><\/strong><\/td>\n<td style=\"width: 16.6667%;text-align: center\"><strong><span style=\"color: #000000\">Classement<\/span><\/strong><\/td>\n<td style=\"width: 16.6667%;text-align: center\"><strong><span style=\"color: #000000\">Nom<\/span><\/strong><\/td>\n<td style=\"width: 16.6667%;text-align: center\"><strong><span style=\"color: #000000\">Temps<\/span><\/strong><\/td>\n<td style=\"width: 16.6667%;text-align: center\"><strong><span style=\"color: #000000\">Classement cat\u00e9gorie<\/span><\/strong><\/td>\n<td style=\"width: 16.6667%;text-align: center\"><strong><span style=\"color: #000000\">Classement femme<\/span><\/strong><\/td>\n<\/tr>\n<tr>\n<td style=\"width: 16.6667%;text-align: center\"><span style=\"color: #000000\">5 km<\/span><\/td>\n<td style=\"width: 16.6667%;text-align: center\"><span style=\"color: #000000\">14\/326<\/span><\/td>\n<td style=\"width: 16.6667%;text-align: center\"><span style=\"color: #000000\">Anthony Andr\u00e9<\/span><\/td>\n<td style=\"width: 16.6667%;text-align: center\"><span style=\"color: #000000\">18&rsquo;40<\/span><\/td>\n<td style=\"width: 16.6667%;text-align: center\"><span style=\"color: #333333\"><strong>2\u00e8me M0<\/strong><\/span><\/td>\n<td style=\"width: 16.6667%;text-align: center\"><span style=\"color: #000000\">&#8211;<\/span><\/td>\n<\/tr>\n<tr>\n<td style=\"width: 16.6667%;text-align: center\"><span style=\"color: #000000\">5 km<\/span><\/td>\n<td style=\"width: 16.6667%;text-align: center\"><span style=\"color: #000000\">68\/326<\/span><\/td>\n<td style=\"width: 16.6667%;text-align: center\"><span style=\"color: #000000\">Ana\u00efs Guinnebault<\/span><\/td>\n<td style=\"width: 16.6667%;text-align: center\"><span style=\"color: #000000\">24&rsquo;12<\/span><\/td>\n<td style=\"width: 16.6667%;text-align: center\"><span style=\"color: #ff6600\"><strong>1\u00e8re M0F<\/strong><\/span><\/td>\n<td style=\"width: 16.6667%;text-align: center\"><span style=\"color: #000000\">8\/188<\/span><\/td>\n<\/tr>\n<tr>\n<td style=\"width: 16.6667%;text-align: center\"><span style=\"color: #000000\">10 km<\/span><\/td>\n<td style=\"width: 16.6667%;text-align: center\"><span style=\"color: #000000\">535\/763<\/span><\/td>\n<td style=\"width: 16.6667%;text-align: center\"><span style=\"color: #000000\">Karine Delin<\/span><\/td>\n<td style=\"width: 16.6667%;text-align: center\"><span style=\"color: #000000\">55&rsquo;38<\/span><\/td>\n<td style=\"width: 16.6667%;text-align: center\"><span style=\"color: #000000\">6\u00e8me M3F<\/span><\/td>\n<td style=\"width: 16.6667%;text-align: center\"><span style=\"color: #000000\">124\/280<\/span><\/td>\n<\/tr>\n<\/tbody>\n<\/table>\n","protected":false},"excerpt":{"rendered":"<p>La Corrida Cessonnaise &nbsp; &nbsp; L&rsquo;actualit\u00e9 ne s&rsquo;arr\u00eate jamais et ne prend (presque) pas de vacances. Apr\u00e8s A\u00efcha, dimanche dernier, c&rsquo;est Karine, Ana\u00efs et Anthony qui se sont retrouv\u00e9s chez nos coll\u00e8gues de Cesson pour la traditionnelle corrida de No\u00ebl. Un temps mise en pause, c&rsquo;est reparti de plus belle apr\u00e8s 5 ans d&rsquo;absence avec [&hellip;]<\/p>\n","protected":false},"author":8,"featured_media":22595,"comment_status":"open","ping_status":"open","sticky":false,"template":"","format":"aside","meta":{"_uag_custom_page_level_css":"","site-sidebar-layout":"default","site-content-layout":"","ast-site-content-layout":"default","site-content-style":"default","site-sidebar-style":"default","ast-global-header-display":"","ast-banner-title-visibility":"","ast-main-header-display":"","ast-hfb-above-header-display":"","ast-hfb-below-header-display":"","ast-hfb-mobile-header-display":"","site-post-title":"","ast-breadcrumbs-content":"","ast-featured-img":"","footer-sml-layout":"","ast-disable-related-posts":"","theme-transparent-header-meta":"default","adv-header-id-meta":"","stick-header-meta":"","header-above-stick-meta":"","header-main-stick-meta":"","header-below-stick-meta":"","astra-migrate-meta-layouts":"set","ast-page-background-enabled":"default","ast-page-background-meta":{"desktop":{"background-color":"var(--ast-global-color-4)","background-image":"","background-repeat":"repeat","background-position":"center center","background-size":"auto","background-attachment":"scroll","background-type":"","background-media":"","overlay-type":"","overlay-color":"","overlay-opacity":"","overlay-gradient":""},"tablet":{"background-color":"","background-image":"","background-repeat":"repeat","background-position":"center center","background-size":"auto","background-attachment":"scroll","background-type":"","background-media":"","overlay-type":"","overlay-color":"","overlay-opacity":"","overlay-gradient":""},"mobile":{"background-color":"","background-image":"","background-repeat":"repeat","background-position":"center center","background-size":"auto","background-attachment":"scroll","background-type":"","background-media":"","overlay-type":"","overlay-color":"","overlay-opacity":"","overlay-gradient":""}},"ast-content-background-meta":{"desktop":{"background-color":"var(--ast-global-color-5)","background-image":"","background-repeat":"repeat","background-position":"center center","background-size":"auto","background-attachment":"scroll","background-type":"","background-media":"","overlay-type":"","overlay-color":"","overlay-opacity":"","overlay-gradient":""},"tablet":{"background-color":"var(--ast-global-color-5)","background-image":"","background-repeat":"repeat","background-position":"center center","background-size":"auto","background-attachment":"scroll","background-type":"","background-media":"","overlay-type":"","overlay-color":"","overlay-opacity":"","overlay-gradient":""},"mobile":{"background-color":"var(--ast-global-color-5)","background-image":"","background-repeat":"repeat","background-position":"center center","background-size":"auto","background-attachment":"scroll","background-type":"","background-media":"","overlay-type":"","overlay-color":"","overlay-opacity":"","overlay-gradient":""}},"footnotes":""},"categories":[6],"tags":[],"class_list":["post-22594","post","type-post","status-publish","format-aside","has-post-thumbnail","hentry","category-sections","post_format-post-format-aside"],"yoast_head":"<!-- This site is optimized with the Yoast SEO plugin v27.5 - https:\/\/yoast.com\/product\/yoast-seo-wordpress\/ -->\n<title>Cesson: les matadors du bitume sont de retour pour la corrida ! - Janz\u00e9 Athl\u00e9tisme<\/title>\n<meta name=\"robots\" content=\"index, follow, max-snippet:-1, max-image-preview:large, max-video-preview:-1\" \/>\n<link rel=\"canonical\" href=\"https:\/\/janze-athletisme.fr\/wordpress\/cesson-les-matadors-du-bitume-sont-de-retour-pour-la-corrida\/\" \/>\n<meta property=\"og:locale\" content=\"fr_FR\" \/>\n<meta property=\"og:type\" content=\"article\" \/>\n<meta property=\"og:title\" content=\"Cesson: les matadors du bitume sont de retour pour la corrida ! - Janz\u00e9 Athl\u00e9tisme\" \/>\n<meta property=\"og:description\" content=\"La Corrida Cessonnaise &nbsp; &nbsp; L&rsquo;actualit\u00e9 ne s&rsquo;arr\u00eate jamais et ne prend (presque) pas de vacances. Apr\u00e8s A\u00efcha, dimanche dernier, c&rsquo;est Karine, Ana\u00efs et Anthony qui se sont retrouv\u00e9s chez nos coll\u00e8gues de Cesson pour la traditionnelle corrida de No\u00ebl. Un temps mise en pause, c&rsquo;est reparti de plus belle apr\u00e8s 5 ans d&rsquo;absence avec [&hellip;]\" \/>\n<meta property=\"og:url\" content=\"https:\/\/janze-athletisme.fr\/wordpress\/cesson-les-matadors-du-bitume-sont-de-retour-pour-la-corrida\/\" \/>\n<meta property=\"og:site_name\" content=\"Janz\u00e9 Athl\u00e9tisme\" \/>\n<meta property=\"article:publisher\" content=\"https:\/\/www.facebook.com\/groups\/1007964579346590\" \/>\n<meta property=\"article:published_time\" content=\"2024-12-23T10:08:53+00:00\" \/>\n<meta property=\"article:modified_time\" content=\"2024-12-23T10:12:47+00:00\" \/>\n<meta property=\"og:image\" content=\"https:\/\/janze-athletisme.fr\/wordpress\/wp-content\/uploads\/2024\/12\/Sans-titre-9.jpg\" \/>\n\t<meta property=\"og:image:width\" content=\"252\" \/>\n\t<meta property=\"og:image:height\" content=\"200\" \/>\n\t<meta property=\"og:image:type\" content=\"image\/jpeg\" \/>\n<meta name=\"author\" content=\"Jean-Marie Jouzel\" \/>\n<meta name=\"twitter:card\" content=\"summary_large_image\" \/>\n<meta name=\"twitter:label1\" content=\"\u00c9crit par\" \/>\n\t<meta name=\"twitter:data1\" content=\"Jean-Marie Jouzel\" \/>\n\t<meta name=\"twitter:label2\" content=\"Dur\u00e9e de lecture estim\u00e9e\" \/>\n\t<meta name=\"twitter:data2\" content=\"2 minutes\" \/>\n<script type=\"application\/ld+json\" class=\"yoast-schema-graph\">{\"@context\":\"https:\\\/\\\/schema.org\",\"@graph\":[{\"@type\":\"Article\",\"@id\":\"https:\\\/\\\/janze-athletisme.fr\\\/wordpress\\\/cesson-les-matadors-du-bitume-sont-de-retour-pour-la-corrida\\\/#article\",\"isPartOf\":{\"@id\":\"https:\\\/\\\/janze-athletisme.fr\\\/wordpress\\\/cesson-les-matadors-du-bitume-sont-de-retour-pour-la-corrida\\\/\"},\"author\":{\"name\":\"Jean-Marie Jouzel\",\"@id\":\"https:\\\/\\\/janze-athletisme.fr\\\/wordpress\\\/#\\\/schema\\\/person\\\/e27efa3d49687b81c679eb0b5c4973e9\"},\"headline\":\"Cesson: les matadors du bitume sont de retour pour la corrida !\",\"datePublished\":\"2024-12-23T10:08:53+00:00\",\"dateModified\":\"2024-12-23T10:12:47+00:00\",\"mainEntityOfPage\":{\"@id\":\"https:\\\/\\\/janze-athletisme.fr\\\/wordpress\\\/cesson-les-matadors-du-bitume-sont-de-retour-pour-la-corrida\\\/\"},\"wordCount\":274,\"commentCount\":0,\"publisher\":{\"@id\":\"https:\\\/\\\/janze-athletisme.fr\\\/wordpress\\\/#organization\"},\"image\":{\"@id\":\"https:\\\/\\\/janze-athletisme.fr\\\/wordpress\\\/cesson-les-matadors-du-bitume-sont-de-retour-pour-la-corrida\\\/#primaryimage\"},\"thumbnailUrl\":\"https:\\\/\\\/janze-athletisme.fr\\\/wordpress\\\/wp-content\\\/uploads\\\/2024\\\/12\\\/Sans-titre-9.jpg\",\"articleSection\":[\"Le club au jour le jour\"],\"inLanguage\":\"fr-FR\",\"potentialAction\":[{\"@type\":\"CommentAction\",\"name\":\"Comment\",\"target\":[\"https:\\\/\\\/janze-athletisme.fr\\\/wordpress\\\/cesson-les-matadors-du-bitume-sont-de-retour-pour-la-corrida\\\/#respond\"]}]},{\"@type\":\"WebPage\",\"@id\":\"https:\\\/\\\/janze-athletisme.fr\\\/wordpress\\\/cesson-les-matadors-du-bitume-sont-de-retour-pour-la-corrida\\\/\",\"url\":\"https:\\\/\\\/janze-athletisme.fr\\\/wordpress\\\/cesson-les-matadors-du-bitume-sont-de-retour-pour-la-corrida\\\/\",\"name\":\"Cesson: les matadors du bitume sont de retour pour la corrida ! - Janz\u00e9 Athl\u00e9tisme\",\"isPartOf\":{\"@id\":\"https:\\\/\\\/janze-athletisme.fr\\\/wordpress\\\/#website\"},\"primaryImageOfPage\":{\"@id\":\"https:\\\/\\\/janze-athletisme.fr\\\/wordpress\\\/cesson-les-matadors-du-bitume-sont-de-retour-pour-la-corrida\\\/#primaryimage\"},\"image\":{\"@id\":\"https:\\\/\\\/janze-athletisme.fr\\\/wordpress\\\/cesson-les-matadors-du-bitume-sont-de-retour-pour-la-corrida\\\/#primaryimage\"},\"thumbnailUrl\":\"https:\\\/\\\/janze-athletisme.fr\\\/wordpress\\\/wp-content\\\/uploads\\\/2024\\\/12\\\/Sans-titre-9.jpg\",\"datePublished\":\"2024-12-23T10:08:53+00:00\",\"dateModified\":\"2024-12-23T10:12:47+00:00\",\"breadcrumb\":{\"@id\":\"https:\\\/\\\/janze-athletisme.fr\\\/wordpress\\\/cesson-les-matadors-du-bitume-sont-de-retour-pour-la-corrida\\\/#breadcrumb\"},\"inLanguage\":\"fr-FR\",\"potentialAction\":[{\"@type\":\"ReadAction\",\"target\":[\"https:\\\/\\\/janze-athletisme.fr\\\/wordpress\\\/cesson-les-matadors-du-bitume-sont-de-retour-pour-la-corrida\\\/\"]}]},{\"@type\":\"ImageObject\",\"inLanguage\":\"fr-FR\",\"@id\":\"https:\\\/\\\/janze-athletisme.fr\\\/wordpress\\\/cesson-les-matadors-du-bitume-sont-de-retour-pour-la-corrida\\\/#primaryimage\",\"url\":\"https:\\\/\\\/janze-athletisme.fr\\\/wordpress\\\/wp-content\\\/uploads\\\/2024\\\/12\\\/Sans-titre-9.jpg\",\"contentUrl\":\"https:\\\/\\\/janze-athletisme.fr\\\/wordpress\\\/wp-content\\\/uploads\\\/2024\\\/12\\\/Sans-titre-9.jpg\",\"width\":252,\"height\":200},{\"@type\":\"BreadcrumbList\",\"@id\":\"https:\\\/\\\/janze-athletisme.fr\\\/wordpress\\\/cesson-les-matadors-du-bitume-sont-de-retour-pour-la-corrida\\\/#breadcrumb\",\"itemListElement\":[{\"@type\":\"ListItem\",\"position\":1,\"name\":\"Accueil\",\"item\":\"https:\\\/\\\/janze-athletisme.fr\\\/wordpress\\\/\"},{\"@type\":\"ListItem\",\"position\":2,\"name\":\"Cesson: les matadors du bitume sont de retour pour la corrida !\"}]},{\"@type\":\"WebSite\",\"@id\":\"https:\\\/\\\/janze-athletisme.fr\\\/wordpress\\\/#website\",\"url\":\"https:\\\/\\\/janze-athletisme.fr\\\/wordpress\\\/\",\"name\":\"Janz\u00e9 Athl\u00e9tisme\",\"description\":\"Pays de La Roche aux F\u00e9es\",\"publisher\":{\"@id\":\"https:\\\/\\\/janze-athletisme.fr\\\/wordpress\\\/#organization\"},\"potentialAction\":[{\"@type\":\"SearchAction\",\"target\":{\"@type\":\"EntryPoint\",\"urlTemplate\":\"https:\\\/\\\/janze-athletisme.fr\\\/wordpress\\\/?s={search_term_string}\"},\"query-input\":{\"@type\":\"PropertyValueSpecification\",\"valueRequired\":true,\"valueName\":\"search_term_string\"}}],\"inLanguage\":\"fr-FR\"},{\"@type\":\"Organization\",\"@id\":\"https:\\\/\\\/janze-athletisme.fr\\\/wordpress\\\/#organization\",\"name\":\"Janz\u00e9 Athl\u00e9tisme\",\"url\":\"https:\\\/\\\/janze-athletisme.fr\\\/wordpress\\\/\",\"logo\":{\"@type\":\"ImageObject\",\"inLanguage\":\"fr-FR\",\"@id\":\"https:\\\/\\\/janze-athletisme.fr\\\/wordpress\\\/#\\\/schema\\\/logo\\\/image\\\/\",\"url\":\"https:\\\/\\\/janze-athletisme.fr\\\/wordpress\\\/wp-content\\\/uploads\\\/2015\\\/03\\\/logo-full1.jpg\",\"contentUrl\":\"https:\\\/\\\/janze-athletisme.fr\\\/wordpress\\\/wp-content\\\/uploads\\\/2015\\\/03\\\/logo-full1.jpg\",\"width\":437,\"height\":205,\"caption\":\"Janz\u00e9 Athl\u00e9tisme\"},\"image\":{\"@id\":\"https:\\\/\\\/janze-athletisme.fr\\\/wordpress\\\/#\\\/schema\\\/logo\\\/image\\\/\"},\"sameAs\":[\"https:\\\/\\\/www.facebook.com\\\/groups\\\/1007964579346590\"]},{\"@type\":\"Person\",\"@id\":\"https:\\\/\\\/janze-athletisme.fr\\\/wordpress\\\/#\\\/schema\\\/person\\\/e27efa3d49687b81c679eb0b5c4973e9\",\"name\":\"Jean-Marie Jouzel\",\"image\":{\"@type\":\"ImageObject\",\"inLanguage\":\"fr-FR\",\"@id\":\"https:\\\/\\\/secure.gravatar.com\\\/avatar\\\/6aaee532914ad5ae9d6b4c13c953c6689456493b17979b560cf8fd0c344930ab?s=96&d=mm&r=g\",\"url\":\"https:\\\/\\\/secure.gravatar.com\\\/avatar\\\/6aaee532914ad5ae9d6b4c13c953c6689456493b17979b560cf8fd0c344930ab?s=96&d=mm&r=g\",\"contentUrl\":\"https:\\\/\\\/secure.gravatar.com\\\/avatar\\\/6aaee532914ad5ae9d6b4c13c953c6689456493b17979b560cf8fd0c344930ab?s=96&d=mm&r=g\",\"caption\":\"Jean-Marie Jouzel\"},\"url\":\"https:\\\/\\\/janze-athletisme.fr\\\/wordpress\\\/author\\\/jmjouzel\\\/\"}]}<\/script>\n<!-- \/ Yoast SEO plugin. -->","yoast_head_json":{"title":"Cesson: les matadors du bitume sont de retour pour la corrida ! - Janz\u00e9 Athl\u00e9tisme","robots":{"index":"index","follow":"follow","max-snippet":"max-snippet:-1","max-image-preview":"max-image-preview:large","max-video-preview":"max-video-preview:-1"},"canonical":"https:\/\/janze-athletisme.fr\/wordpress\/cesson-les-matadors-du-bitume-sont-de-retour-pour-la-corrida\/","og_locale":"fr_FR","og_type":"article","og_title":"Cesson: les matadors du bitume sont de retour pour la corrida ! - Janz\u00e9 Athl\u00e9tisme","og_description":"La Corrida Cessonnaise &nbsp; &nbsp; L&rsquo;actualit\u00e9 ne s&rsquo;arr\u00eate jamais et ne prend (presque) pas de vacances. Apr\u00e8s A\u00efcha, dimanche dernier, c&rsquo;est Karine, Ana\u00efs et Anthony qui se sont retrouv\u00e9s chez nos coll\u00e8gues de Cesson pour la traditionnelle corrida de No\u00ebl. Un temps mise en pause, c&rsquo;est reparti de plus belle apr\u00e8s 5 ans d&rsquo;absence avec [&hellip;]","og_url":"https:\/\/janze-athletisme.fr\/wordpress\/cesson-les-matadors-du-bitume-sont-de-retour-pour-la-corrida\/","og_site_name":"Janz\u00e9 Athl\u00e9tisme","article_publisher":"https:\/\/www.facebook.com\/groups\/1007964579346590","article_published_time":"2024-12-23T10:08:53+00:00","article_modified_time":"2024-12-23T10:12:47+00:00","og_image":[{"width":252,"height":200,"url":"https:\/\/janze-athletisme.fr\/wordpress\/wp-content\/uploads\/2024\/12\/Sans-titre-9.jpg","type":"image\/jpeg"}],"author":"Jean-Marie Jouzel","twitter_card":"summary_large_image","twitter_misc":{"\u00c9crit par":"Jean-Marie Jouzel","Dur\u00e9e de lecture estim\u00e9e":"2 minutes"},"schema":{"@context":"https:\/\/schema.org","@graph":[{"@type":"Article","@id":"https:\/\/janze-athletisme.fr\/wordpress\/cesson-les-matadors-du-bitume-sont-de-retour-pour-la-corrida\/#article","isPartOf":{"@id":"https:\/\/janze-athletisme.fr\/wordpress\/cesson-les-matadors-du-bitume-sont-de-retour-pour-la-corrida\/"},"author":{"name":"Jean-Marie Jouzel","@id":"https:\/\/janze-athletisme.fr\/wordpress\/#\/schema\/person\/e27efa3d49687b81c679eb0b5c4973e9"},"headline":"Cesson: les matadors du bitume sont de retour pour la corrida !","datePublished":"2024-12-23T10:08:53+00:00","dateModified":"2024-12-23T10:12:47+00:00","mainEntityOfPage":{"@id":"https:\/\/janze-athletisme.fr\/wordpress\/cesson-les-matadors-du-bitume-sont-de-retour-pour-la-corrida\/"},"wordCount":274,"commentCount":0,"publisher":{"@id":"https:\/\/janze-athletisme.fr\/wordpress\/#organization"},"image":{"@id":"https:\/\/janze-athletisme.fr\/wordpress\/cesson-les-matadors-du-bitume-sont-de-retour-pour-la-corrida\/#primaryimage"},"thumbnailUrl":"https:\/\/janze-athletisme.fr\/wordpress\/wp-content\/uploads\/2024\/12\/Sans-titre-9.jpg","articleSection":["Le club au jour le jour"],"inLanguage":"fr-FR","potentialAction":[{"@type":"CommentAction","name":"Comment","target":["https:\/\/janze-athletisme.fr\/wordpress\/cesson-les-matadors-du-bitume-sont-de-retour-pour-la-corrida\/#respond"]}]},{"@type":"WebPage","@id":"https:\/\/janze-athletisme.fr\/wordpress\/cesson-les-matadors-du-bitume-sont-de-retour-pour-la-corrida\/","url":"https:\/\/janze-athletisme.fr\/wordpress\/cesson-les-matadors-du-bitume-sont-de-retour-pour-la-corrida\/","name":"Cesson: les matadors du bitume sont de retour pour la corrida ! - Janz\u00e9 Athl\u00e9tisme","isPartOf":{"@id":"https:\/\/janze-athletisme.fr\/wordpress\/#website"},"primaryImageOfPage":{"@id":"https:\/\/janze-athletisme.fr\/wordpress\/cesson-les-matadors-du-bitume-sont-de-retour-pour-la-corrida\/#primaryimage"},"image":{"@id":"https:\/\/janze-athletisme.fr\/wordpress\/cesson-les-matadors-du-bitume-sont-de-retour-pour-la-corrida\/#primaryimage"},"thumbnailUrl":"https:\/\/janze-athletisme.fr\/wordpress\/wp-content\/uploads\/2024\/12\/Sans-titre-9.jpg","datePublished":"2024-12-23T10:08:53+00:00","dateModified":"2024-12-23T10:12:47+00:00","breadcrumb":{"@id":"https:\/\/janze-athletisme.fr\/wordpress\/cesson-les-matadors-du-bitume-sont-de-retour-pour-la-corrida\/#breadcrumb"},"inLanguage":"fr-FR","potentialAction":[{"@type":"ReadAction","target":["https:\/\/janze-athletisme.fr\/wordpress\/cesson-les-matadors-du-bitume-sont-de-retour-pour-la-corrida\/"]}]},{"@type":"ImageObject","inLanguage":"fr-FR","@id":"https:\/\/janze-athletisme.fr\/wordpress\/cesson-les-matadors-du-bitume-sont-de-retour-pour-la-corrida\/#primaryimage","url":"https:\/\/janze-athletisme.fr\/wordpress\/wp-content\/uploads\/2024\/12\/Sans-titre-9.jpg","contentUrl":"https:\/\/janze-athletisme.fr\/wordpress\/wp-content\/uploads\/2024\/12\/Sans-titre-9.jpg","width":252,"height":200},{"@type":"BreadcrumbList","@id":"https:\/\/janze-athletisme.fr\/wordpress\/cesson-les-matadors-du-bitume-sont-de-retour-pour-la-corrida\/#breadcrumb","itemListElement":[{"@type":"ListItem","position":1,"name":"Accueil","item":"https:\/\/janze-athletisme.fr\/wordpress\/"},{"@type":"ListItem","position":2,"name":"Cesson: les matadors du bitume sont de retour pour la corrida !"}]},{"@type":"WebSite","@id":"https:\/\/janze-athletisme.fr\/wordpress\/#website","url":"https:\/\/janze-athletisme.fr\/wordpress\/","name":"Janz\u00e9 Athl\u00e9tisme","description":"Pays de La Roche aux F\u00e9es","publisher":{"@id":"https:\/\/janze-athletisme.fr\/wordpress\/#organization"},"potentialAction":[{"@type":"SearchAction","target":{"@type":"EntryPoint","urlTemplate":"https:\/\/janze-athletisme.fr\/wordpress\/?s={search_term_string}"},"query-input":{"@type":"PropertyValueSpecification","valueRequired":true,"valueName":"search_term_string"}}],"inLanguage":"fr-FR"},{"@type":"Organization","@id":"https:\/\/janze-athletisme.fr\/wordpress\/#organization","name":"Janz\u00e9 Athl\u00e9tisme","url":"https:\/\/janze-athletisme.fr\/wordpress\/","logo":{"@type":"ImageObject","inLanguage":"fr-FR","@id":"https:\/\/janze-athletisme.fr\/wordpress\/#\/schema\/logo\/image\/","url":"https:\/\/janze-athletisme.fr\/wordpress\/wp-content\/uploads\/2015\/03\/logo-full1.jpg","contentUrl":"https:\/\/janze-athletisme.fr\/wordpress\/wp-content\/uploads\/2015\/03\/logo-full1.jpg","width":437,"height":205,"caption":"Janz\u00e9 Athl\u00e9tisme"},"image":{"@id":"https:\/\/janze-athletisme.fr\/wordpress\/#\/schema\/logo\/image\/"},"sameAs":["https:\/\/www.facebook.com\/groups\/1007964579346590"]},{"@type":"Person","@id":"https:\/\/janze-athletisme.fr\/wordpress\/#\/schema\/person\/e27efa3d49687b81c679eb0b5c4973e9","name":"Jean-Marie Jouzel","image":{"@type":"ImageObject","inLanguage":"fr-FR","@id":"https:\/\/secure.gravatar.com\/avatar\/6aaee532914ad5ae9d6b4c13c953c6689456493b17979b560cf8fd0c344930ab?s=96&d=mm&r=g","url":"https:\/\/secure.gravatar.com\/avatar\/6aaee532914ad5ae9d6b4c13c953c6689456493b17979b560cf8fd0c344930ab?s=96&d=mm&r=g","contentUrl":"https:\/\/secure.gravatar.com\/avatar\/6aaee532914ad5ae9d6b4c13c953c6689456493b17979b560cf8fd0c344930ab?s=96&d=mm&r=g","caption":"Jean-Marie Jouzel"},"url":"https:\/\/janze-athletisme.fr\/wordpress\/author\/jmjouzel\/"}]}},"uagb_featured_image_src":{"full":["https:\/\/janze-athletisme.fr\/wordpress\/wp-content\/uploads\/2024\/12\/Sans-titre-9.jpg",252,200,false],"thumbnail":["https:\/\/janze-athletisme.fr\/wordpress\/wp-content\/uploads\/2024\/12\/Sans-titre-9-150x150.jpg",150,150,true],"medium":["https:\/\/janze-athletisme.fr\/wordpress\/wp-content\/uploads\/2024\/12\/Sans-titre-9.jpg",252,200,false],"medium_large":["https:\/\/janze-athletisme.fr\/wordpress\/wp-content\/uploads\/2024\/12\/Sans-titre-9.jpg",252,200,false],"large":["https:\/\/janze-athletisme.fr\/wordpress\/wp-content\/uploads\/2024\/12\/Sans-titre-9.jpg",252,200,false],"1536x1536":["https:\/\/janze-athletisme.fr\/wordpress\/wp-content\/uploads\/2024\/12\/Sans-titre-9.jpg",252,200,false],"2048x2048":["https:\/\/janze-athletisme.fr\/wordpress\/wp-content\/uploads\/2024\/12\/Sans-titre-9.jpg",252,200,false]},"uagb_author_info":{"display_name":"Jean-Marie Jouzel","author_link":"https:\/\/janze-athletisme.fr\/wordpress\/author\/jmjouzel\/"},"uagb_comment_info":0,"uagb_excerpt":"La Corrida Cessonnaise &nbsp; &nbsp; L&rsquo;actualit\u00e9 ne s&rsquo;arr\u00eate jamais et ne prend (presque) pas de vacances. Apr\u00e8s A\u00efcha, dimanche dernier, c&rsquo;est Karine, Ana\u00efs et Anthony qui se sont retrouv\u00e9s chez nos coll\u00e8gues de Cesson pour la traditionnelle corrida de No\u00ebl. Un temps mise en pause, c&rsquo;est reparti de plus belle apr\u00e8s 5 ans d&rsquo;absence avec\u2026","_links":{"self":[{"href":"https:\/\/janze-athletisme.fr\/wordpress\/wp-json\/wp\/v2\/posts\/22594","targetHints":{"allow":["GET"]}}],"collection":[{"href":"https:\/\/janze-athletisme.fr\/wordpress\/wp-json\/wp\/v2\/posts"}],"about":[{"href":"https:\/\/janze-athletisme.fr\/wordpress\/wp-json\/wp\/v2\/types\/post"}],"author":[{"embeddable":true,"href":"https:\/\/janze-athletisme.fr\/wordpress\/wp-json\/wp\/v2\/users\/8"}],"replies":[{"embeddable":true,"href":"https:\/\/janze-athletisme.fr\/wordpress\/wp-json\/wp\/v2\/comments?post=22594"}],"version-history":[{"count":2,"href":"https:\/\/janze-athletisme.fr\/wordpress\/wp-json\/wp\/v2\/posts\/22594\/revisions"}],"predecessor-version":[{"id":22598,"href":"https:\/\/janze-athletisme.fr\/wordpress\/wp-json\/wp\/v2\/posts\/22594\/revisions\/22598"}],"wp:featuredmedia":[{"embeddable":true,"href":"https:\/\/janze-athletisme.fr\/wordpress\/wp-json\/wp\/v2\/media\/22595"}],"wp:attachment":[{"href":"https:\/\/janze-athletisme.fr\/wordpress\/wp-json\/wp\/v2\/media?parent=22594"}],"wp:term":[{"taxonomy":"category","embeddable":true,"href":"https:\/\/janze-athletisme.fr\/wordpress\/wp-json\/wp\/v2\/categories?post=22594"},{"taxonomy":"post_tag","embeddable":true,"href":"https:\/\/janze-athletisme.fr\/wordpress\/wp-json\/wp\/v2\/tags?post=22594"}],"curies":[{"name":"wp","href":"https:\/\/api.w.org\/{rel}","templated":true}]}}