{"id":22585,"date":"2024-12-22T23:27:21","date_gmt":"2024-12-22T22:27:21","guid":{"rendered":"https:\/\/janze-athletisme.fr\/wordpress\/?p=22585"},"modified":"2024-12-22T23:27:21","modified_gmt":"2024-12-22T22:27:21","slug":"thaon-les-vosges-aicha-confirme-et-finit-lannee-en-beaute","status":"publish","type":"post","link":"https:\/\/janze-athletisme.fr\/wordpress\/thaon-les-vosges-aicha-confirme-et-finit-lannee-en-beaute\/","title":{"rendered":"Thaon-les-Vosges: A\u00efcha confirme et finit l&rsquo;ann\u00e9e en beaut\u00e9 !"},"content":{"rendered":"<h1 style=\"text-align: center\"><span style=\"font-family: comic sans ms, sans-serif;color: #800000\">10 km La Ronde Hivernale<\/span><\/h1>\n<p>&nbsp;<\/p>\n<p><a href=\"https:\/\/janze-athletisme.fr\/wordpress\/wp-content\/uploads\/2024\/12\/471214631_2205307233199587_7537210995526170862_n.jpg\"><img loading=\"lazy\" decoding=\"async\" class=\"alignnone  wp-image-22586\" src=\"https:\/\/janze-athletisme.fr\/wordpress\/wp-content\/uploads\/2024\/12\/471214631_2205307233199587_7537210995526170862_n-225x300.jpg\" alt=\"\" width=\"335\" height=\"447\" srcset=\"https:\/\/janze-athletisme.fr\/wordpress\/wp-content\/uploads\/2024\/12\/471214631_2205307233199587_7537210995526170862_n-225x300.jpg 225w, https:\/\/janze-athletisme.fr\/wordpress\/wp-content\/uploads\/2024\/12\/471214631_2205307233199587_7537210995526170862_n-768x1024.jpg 768w, https:\/\/janze-athletisme.fr\/wordpress\/wp-content\/uploads\/2024\/12\/471214631_2205307233199587_7537210995526170862_n-1152x1536.jpg 1152w, https:\/\/janze-athletisme.fr\/wordpress\/wp-content\/uploads\/2024\/12\/471214631_2205307233199587_7537210995526170862_n.jpg 1536w\" sizes=\"auto, (max-width: 335px) 100vw, 335px\" \/><\/a> <a href=\"https:\/\/janze-athletisme.fr\/wordpress\/wp-content\/uploads\/2024\/12\/471483607_2205306953199615_2848740516591397059_n.jpg\"><img loading=\"lazy\" decoding=\"async\" class=\"alignnone  wp-image-22587\" src=\"https:\/\/janze-athletisme.fr\/wordpress\/wp-content\/uploads\/2024\/12\/471483607_2205306953199615_2848740516591397059_n-225x300.jpg\" alt=\"\" width=\"346\" height=\"461\" srcset=\"https:\/\/janze-athletisme.fr\/wordpress\/wp-content\/uploads\/2024\/12\/471483607_2205306953199615_2848740516591397059_n-225x300.jpg 225w, https:\/\/janze-athletisme.fr\/wordpress\/wp-content\/uploads\/2024\/12\/471483607_2205306953199615_2848740516591397059_n-768x1024.jpg 768w, https:\/\/janze-athletisme.fr\/wordpress\/wp-content\/uploads\/2024\/12\/471483607_2205306953199615_2848740516591397059_n-1152x1536.jpg 1152w, https:\/\/janze-athletisme.fr\/wordpress\/wp-content\/uploads\/2024\/12\/471483607_2205306953199615_2848740516591397059_n.jpg 1536w\" sizes=\"auto, (max-width: 346px) 100vw, 346px\" \/><\/a> <a href=\"https:\/\/janze-athletisme.fr\/wordpress\/wp-content\/uploads\/2024\/12\/471206895_2205306403199670_700671461686837366_n.jpg\"><img loading=\"lazy\" decoding=\"async\" class=\"alignnone  wp-image-22588\" src=\"https:\/\/janze-athletisme.fr\/wordpress\/wp-content\/uploads\/2024\/12\/471206895_2205306403199670_700671461686837366_n-225x300.jpg\" alt=\"\" width=\"357\" height=\"476\" srcset=\"https:\/\/janze-athletisme.fr\/wordpress\/wp-content\/uploads\/2024\/12\/471206895_2205306403199670_700671461686837366_n-225x300.jpg 225w, https:\/\/janze-athletisme.fr\/wordpress\/wp-content\/uploads\/2024\/12\/471206895_2205306403199670_700671461686837366_n-768x1024.jpg 768w, https:\/\/janze-athletisme.fr\/wordpress\/wp-content\/uploads\/2024\/12\/471206895_2205306403199670_700671461686837366_n-1152x1536.jpg 1152w, https:\/\/janze-athletisme.fr\/wordpress\/wp-content\/uploads\/2024\/12\/471206895_2205306403199670_700671461686837366_n.jpg 1200w\" sizes=\"auto, (max-width: 357px) 100vw, 357px\" \/><\/a><a href=\"https:\/\/janze-athletisme.fr\/wordpress\/wp-content\/uploads\/2024\/12\/471165330_2205308159866161_2932167998184410803_n.jpg\"><img loading=\"lazy\" decoding=\"async\" class=\"wp-image-22589 aligncenter\" src=\"https:\/\/janze-athletisme.fr\/wordpress\/wp-content\/uploads\/2024\/12\/471165330_2205308159866161_2932167998184410803_n.jpg\" alt=\"\" width=\"402\" height=\"402\" srcset=\"https:\/\/janze-athletisme.fr\/wordpress\/wp-content\/uploads\/2024\/12\/471165330_2205308159866161_2932167998184410803_n.jpg 206w, https:\/\/janze-athletisme.fr\/wordpress\/wp-content\/uploads\/2024\/12\/471165330_2205308159866161_2932167998184410803_n-150x150.jpg 150w\" sizes=\"auto, (max-width: 402px) 100vw, 402px\" \/><\/a><\/p>\n<p>&nbsp;<\/p>\n<p><span style=\"color: #000000\">D\u00e9j\u00e0 qualifi\u00e9e pour les France du 10 km, A\u00efcha s&rsquo;est une nouvelle fois fait plaisir sur ses terres en remportant la 1\u00e8re place dans sa cat\u00e9gorie. Une formalit\u00e9 pour notre championne. Elle a eu la gentillesse d&rsquo;\u00e9crire quelques mots et gr\u00e2ce aux r\u00e9seaux sociaux (il y a quand m\u00eame parfois du positif !) nous donne de ses nouvelles par des photos ou des actus sur ses courses. A toi la parole championne:\u00a0\u00bb <span class=\"x193iq5w xeuugli x13faqbe x1vvkbs x1xmvt09 x1lliihq x1s928wv xhkezso x1gmr53x x1cpjm7i x1fgarty x1943h6x xudqn12 x3x7a5m x6prxxf xvq8zen xo1l8bm xzsf02u x1yc453h\" dir=\"auto\">Sous une m\u00e9t\u00e9o ex\u00e9crable, j&rsquo;ai donn\u00e9 tout ce que j&rsquo;avais sur les 10km de Thaon-les-Vosges. Une fiert\u00e9 de franchir la ligne d&rsquo;arriv\u00e9e en premier de ma cat\u00e9gorie M4 en 40&rsquo;37 ! Un grand merci \u00e0 mes amis qui m&rsquo;ont soutenu tout au long de cette course. Merci \u00e0 mon cousin Steph Maurice qui m&rsquo;a encourag\u00e9 \u00e0 venir.<span class=\"html-span xexx8yu x4uap5 x18d9i69 xkhd6sd x1hl2dhg x16tdsg8 x1vvkbs x3nfvp2 x1j61x8r x1fcty0u xdj266r xat24cr xgzva0m xhhsvwb xxymvpz xlup9mm x1kky2od\"><img loading=\"lazy\" decoding=\"async\" class=\"xz74otr\" src=\"https:\/\/static.xx.fbcdn.net\/images\/emoji.php\/v9\/t80\/1\/16\/1f64f.png\" alt=\"\ud83d\ude4f\" width=\"16\" height=\"16\" \/>\u00ab\u00a0.<\/span><\/span><\/span><\/p>\n<p><span style=\"color: #000000\">Beaucoup de monde (plus de 1500 coureurs !) et un plateau tr\u00e8s relev\u00e9, la course s&rsquo;est gagn\u00e9e en 29&rsquo;31 quand m\u00eame !!! il n&rsquo;y a pas qu&rsquo;en Bretagne o\u00f9 on trouve des cadors en hors-stade !<\/span><\/p>\n<p><span style=\"color: #000000\">Merci pour tes photos et merci surtout de nous donner de tes nouvelles, on a l&rsquo;impression que tu es toujours avec nous autour du stade ! et t&rsquo;inqui\u00e8tes, je m&rsquo;occupe de te trouver un maillot de Janz\u00e9 \u00e0 ta taille !!!<\/span><\/p>\n<p>&nbsp;<\/p>\n<table style=\"border-collapse: collapse;width: 100%\">\n<tbody>\n<tr>\n<td style=\"width: 16.6667%;text-align: center\"><strong><span style=\"color: #000000\">Distance<\/span><\/strong><\/td>\n<td style=\"width: 16.6667%;text-align: center\"><strong><span style=\"color: #000000\">Classement<\/span><\/strong><\/td>\n<td style=\"width: 16.6667%;text-align: center\"><strong><span style=\"color: #000000\">Nom<\/span><\/strong><\/td>\n<td style=\"width: 16.6667%;text-align: center\"><strong><span style=\"color: #000000\">Temps<\/span><\/strong><\/td>\n<td style=\"width: 16.6667%;text-align: center\"><strong><span style=\"color: #000000\">Classement cat\u00e9gorie<\/span><\/strong><\/td>\n<td style=\"width: 16.6667%;text-align: center\"><strong><span style=\"color: #000000\">Classement femme<\/span><\/strong><\/td>\n<\/tr>\n<tr>\n<td style=\"width: 16.6667%;text-align: center\"><span style=\"color: #000000\">10 km<\/span><\/td>\n<td style=\"width: 16.6667%;text-align: center\"><span style=\"color: #000000\">647\/1506<\/span><\/td>\n<td style=\"width: 16.6667%;text-align: center\"><span style=\"color: #000000\">A\u00efcha Omrani<\/span><\/td>\n<td style=\"width: 16.6667%;text-align: center\"><span style=\"color: #000000\">40&rsquo;37<\/span><\/td>\n<td style=\"width: 16.6667%;text-align: center\"><strong><span style=\"color: #ff6600\">1\u00e8re M4F<\/span><\/strong><\/td>\n<td style=\"width: 16.6667%;text-align: center\"><span style=\"color: #000000\">61\/415<\/span><\/td>\n<\/tr>\n<\/tbody>\n<\/table>\n","protected":false},"excerpt":{"rendered":"<p>10 km La Ronde Hivernale &nbsp; &nbsp; D\u00e9j\u00e0 qualifi\u00e9e pour les France du 10 km, A\u00efcha s&rsquo;est une nouvelle fois fait plaisir sur ses terres en remportant la 1\u00e8re place dans sa cat\u00e9gorie. Une formalit\u00e9 pour notre championne. Elle a eu la gentillesse d&rsquo;\u00e9crire quelques mots et gr\u00e2ce aux r\u00e9seaux sociaux (il y a quand [&hellip;]<\/p>\n","protected":false},"author":8,"featured_media":22591,"comment_status":"open","ping_status":"open","sticky":false,"template":"","format":"aside","meta":{"_uag_custom_page_level_css":"","site-sidebar-layout":"default","site-content-layout":"","ast-site-content-layout":"default","site-content-style":"default","site-sidebar-style":"default","ast-global-header-display":"","ast-banner-title-visibility":"","ast-main-header-display":"","ast-hfb-above-header-display":"","ast-hfb-below-header-display":"","ast-hfb-mobile-header-display":"","site-post-title":"","ast-breadcrumbs-content":"","ast-featured-img":"","footer-sml-layout":"","ast-disable-related-posts":"","theme-transparent-header-meta":"default","adv-header-id-meta":"","stick-header-meta":"","header-above-stick-meta":"","header-main-stick-meta":"","header-below-stick-meta":"","astra-migrate-meta-layouts":"set","ast-page-background-enabled":"default","ast-page-background-meta":{"desktop":{"background-color":"var(--ast-global-color-4)","background-image":"","background-repeat":"repeat","background-position":"center center","background-size":"auto","background-attachment":"scroll","background-type":"","background-media":"","overlay-type":"","overlay-color":"","overlay-opacity":"","overlay-gradient":""},"tablet":{"background-color":"","background-image":"","background-repeat":"repeat","background-position":"center center","background-size":"auto","background-attachment":"scroll","background-type":"","background-media":"","overlay-type":"","overlay-color":"","overlay-opacity":"","overlay-gradient":""},"mobile":{"background-color":"","background-image":"","background-repeat":"repeat","background-position":"center center","background-size":"auto","background-attachment":"scroll","background-type":"","background-media":"","overlay-type":"","overlay-color":"","overlay-opacity":"","overlay-gradient":""}},"ast-content-background-meta":{"desktop":{"background-color":"var(--ast-global-color-5)","background-image":"","background-repeat":"repeat","background-position":"center center","background-size":"auto","background-attachment":"scroll","background-type":"","background-media":"","overlay-type":"","overlay-color":"","overlay-opacity":"","overlay-gradient":""},"tablet":{"background-color":"var(--ast-global-color-5)","background-image":"","background-repeat":"repeat","background-position":"center center","background-size":"auto","background-attachment":"scroll","background-type":"","background-media":"","overlay-type":"","overlay-color":"","overlay-opacity":"","overlay-gradient":""},"mobile":{"background-color":"var(--ast-global-color-5)","background-image":"","background-repeat":"repeat","background-position":"center center","background-size":"auto","background-attachment":"scroll","background-type":"","background-media":"","overlay-type":"","overlay-color":"","overlay-opacity":"","overlay-gradient":""}},"footnotes":""},"categories":[6],"tags":[],"class_list":["post-22585","post","type-post","status-publish","format-aside","has-post-thumbnail","hentry","category-sections","post_format-post-format-aside"],"yoast_head":"<!-- This site is optimized with the Yoast SEO plugin v27.5 - https:\/\/yoast.com\/product\/yoast-seo-wordpress\/ -->\n<title>Thaon-les-Vosges: A\u00efcha confirme et finit l&#039;ann\u00e9e en beaut\u00e9 ! - Janz\u00e9 Athl\u00e9tisme<\/title>\n<meta name=\"robots\" content=\"index, follow, max-snippet:-1, max-image-preview:large, max-video-preview:-1\" \/>\n<link rel=\"canonical\" href=\"https:\/\/janze-athletisme.fr\/wordpress\/thaon-les-vosges-aicha-confirme-et-finit-lannee-en-beaute\/\" \/>\n<meta property=\"og:locale\" content=\"fr_FR\" \/>\n<meta property=\"og:type\" content=\"article\" \/>\n<meta property=\"og:title\" content=\"Thaon-les-Vosges: A\u00efcha confirme et finit l&#039;ann\u00e9e en beaut\u00e9 ! - Janz\u00e9 Athl\u00e9tisme\" \/>\n<meta property=\"og:description\" content=\"10 km La Ronde Hivernale &nbsp; &nbsp; D\u00e9j\u00e0 qualifi\u00e9e pour les France du 10 km, A\u00efcha s&rsquo;est une nouvelle fois fait plaisir sur ses terres en remportant la 1\u00e8re place dans sa cat\u00e9gorie. Une formalit\u00e9 pour notre championne. Elle a eu la gentillesse d&rsquo;\u00e9crire quelques mots et gr\u00e2ce aux r\u00e9seaux sociaux (il y a quand [&hellip;]\" \/>\n<meta property=\"og:url\" content=\"https:\/\/janze-athletisme.fr\/wordpress\/thaon-les-vosges-aicha-confirme-et-finit-lannee-en-beaute\/\" \/>\n<meta property=\"og:site_name\" content=\"Janz\u00e9 Athl\u00e9tisme\" \/>\n<meta property=\"article:publisher\" content=\"https:\/\/www.facebook.com\/groups\/1007964579346590\" \/>\n<meta property=\"article:published_time\" content=\"2024-12-22T22:27:21+00:00\" \/>\n<meta property=\"og:image\" content=\"https:\/\/janze-athletisme.fr\/wordpress\/wp-content\/uploads\/2024\/12\/Sans-titre-8.jpg\" \/>\n\t<meta property=\"og:image:width\" content=\"210\" \/>\n\t<meta property=\"og:image:height\" content=\"210\" \/>\n\t<meta property=\"og:image:type\" content=\"image\/jpeg\" \/>\n<meta name=\"author\" content=\"Jean-Marie Jouzel\" \/>\n<meta name=\"twitter:card\" content=\"summary_large_image\" \/>\n<meta name=\"twitter:label1\" content=\"\u00c9crit par\" \/>\n\t<meta name=\"twitter:data1\" content=\"Jean-Marie Jouzel\" \/>\n\t<meta name=\"twitter:label2\" content=\"Dur\u00e9e de lecture estim\u00e9e\" \/>\n\t<meta name=\"twitter:data2\" content=\"3 minutes\" \/>\n<script type=\"application\/ld+json\" class=\"yoast-schema-graph\">{\"@context\":\"https:\\\/\\\/schema.org\",\"@graph\":[{\"@type\":\"Article\",\"@id\":\"https:\\\/\\\/janze-athletisme.fr\\\/wordpress\\\/thaon-les-vosges-aicha-confirme-et-finit-lannee-en-beaute\\\/#article\",\"isPartOf\":{\"@id\":\"https:\\\/\\\/janze-athletisme.fr\\\/wordpress\\\/thaon-les-vosges-aicha-confirme-et-finit-lannee-en-beaute\\\/\"},\"author\":{\"name\":\"Jean-Marie Jouzel\",\"@id\":\"https:\\\/\\\/janze-athletisme.fr\\\/wordpress\\\/#\\\/schema\\\/person\\\/e27efa3d49687b81c679eb0b5c4973e9\"},\"headline\":\"Thaon-les-Vosges: A\u00efcha confirme et finit l&rsquo;ann\u00e9e en beaut\u00e9 !\",\"datePublished\":\"2024-12-22T22:27:21+00:00\",\"mainEntityOfPage\":{\"@id\":\"https:\\\/\\\/janze-athletisme.fr\\\/wordpress\\\/thaon-les-vosges-aicha-confirme-et-finit-lannee-en-beaute\\\/\"},\"wordCount\":254,\"commentCount\":0,\"publisher\":{\"@id\":\"https:\\\/\\\/janze-athletisme.fr\\\/wordpress\\\/#organization\"},\"image\":{\"@id\":\"https:\\\/\\\/janze-athletisme.fr\\\/wordpress\\\/thaon-les-vosges-aicha-confirme-et-finit-lannee-en-beaute\\\/#primaryimage\"},\"thumbnailUrl\":\"https:\\\/\\\/janze-athletisme.fr\\\/wordpress\\\/wp-content\\\/uploads\\\/2024\\\/12\\\/Sans-titre-8.jpg\",\"articleSection\":[\"Le club au jour le jour\"],\"inLanguage\":\"fr-FR\",\"potentialAction\":[{\"@type\":\"CommentAction\",\"name\":\"Comment\",\"target\":[\"https:\\\/\\\/janze-athletisme.fr\\\/wordpress\\\/thaon-les-vosges-aicha-confirme-et-finit-lannee-en-beaute\\\/#respond\"]}]},{\"@type\":\"WebPage\",\"@id\":\"https:\\\/\\\/janze-athletisme.fr\\\/wordpress\\\/thaon-les-vosges-aicha-confirme-et-finit-lannee-en-beaute\\\/\",\"url\":\"https:\\\/\\\/janze-athletisme.fr\\\/wordpress\\\/thaon-les-vosges-aicha-confirme-et-finit-lannee-en-beaute\\\/\",\"name\":\"Thaon-les-Vosges: A\u00efcha confirme et finit l'ann\u00e9e en beaut\u00e9 ! - Janz\u00e9 Athl\u00e9tisme\",\"isPartOf\":{\"@id\":\"https:\\\/\\\/janze-athletisme.fr\\\/wordpress\\\/#website\"},\"primaryImageOfPage\":{\"@id\":\"https:\\\/\\\/janze-athletisme.fr\\\/wordpress\\\/thaon-les-vosges-aicha-confirme-et-finit-lannee-en-beaute\\\/#primaryimage\"},\"image\":{\"@id\":\"https:\\\/\\\/janze-athletisme.fr\\\/wordpress\\\/thaon-les-vosges-aicha-confirme-et-finit-lannee-en-beaute\\\/#primaryimage\"},\"thumbnailUrl\":\"https:\\\/\\\/janze-athletisme.fr\\\/wordpress\\\/wp-content\\\/uploads\\\/2024\\\/12\\\/Sans-titre-8.jpg\",\"datePublished\":\"2024-12-22T22:27:21+00:00\",\"breadcrumb\":{\"@id\":\"https:\\\/\\\/janze-athletisme.fr\\\/wordpress\\\/thaon-les-vosges-aicha-confirme-et-finit-lannee-en-beaute\\\/#breadcrumb\"},\"inLanguage\":\"fr-FR\",\"potentialAction\":[{\"@type\":\"ReadAction\",\"target\":[\"https:\\\/\\\/janze-athletisme.fr\\\/wordpress\\\/thaon-les-vosges-aicha-confirme-et-finit-lannee-en-beaute\\\/\"]}]},{\"@type\":\"ImageObject\",\"inLanguage\":\"fr-FR\",\"@id\":\"https:\\\/\\\/janze-athletisme.fr\\\/wordpress\\\/thaon-les-vosges-aicha-confirme-et-finit-lannee-en-beaute\\\/#primaryimage\",\"url\":\"https:\\\/\\\/janze-athletisme.fr\\\/wordpress\\\/wp-content\\\/uploads\\\/2024\\\/12\\\/Sans-titre-8.jpg\",\"contentUrl\":\"https:\\\/\\\/janze-athletisme.fr\\\/wordpress\\\/wp-content\\\/uploads\\\/2024\\\/12\\\/Sans-titre-8.jpg\",\"width\":210,\"height\":210},{\"@type\":\"BreadcrumbList\",\"@id\":\"https:\\\/\\\/janze-athletisme.fr\\\/wordpress\\\/thaon-les-vosges-aicha-confirme-et-finit-lannee-en-beaute\\\/#breadcrumb\",\"itemListElement\":[{\"@type\":\"ListItem\",\"position\":1,\"name\":\"Accueil\",\"item\":\"https:\\\/\\\/janze-athletisme.fr\\\/wordpress\\\/\"},{\"@type\":\"ListItem\",\"position\":2,\"name\":\"Thaon-les-Vosges: A\u00efcha confirme et finit l&rsquo;ann\u00e9e en beaut\u00e9 !\"}]},{\"@type\":\"WebSite\",\"@id\":\"https:\\\/\\\/janze-athletisme.fr\\\/wordpress\\\/#website\",\"url\":\"https:\\\/\\\/janze-athletisme.fr\\\/wordpress\\\/\",\"name\":\"Janz\u00e9 Athl\u00e9tisme\",\"description\":\"Pays de La Roche aux F\u00e9es\",\"publisher\":{\"@id\":\"https:\\\/\\\/janze-athletisme.fr\\\/wordpress\\\/#organization\"},\"potentialAction\":[{\"@type\":\"SearchAction\",\"target\":{\"@type\":\"EntryPoint\",\"urlTemplate\":\"https:\\\/\\\/janze-athletisme.fr\\\/wordpress\\\/?s={search_term_string}\"},\"query-input\":{\"@type\":\"PropertyValueSpecification\",\"valueRequired\":true,\"valueName\":\"search_term_string\"}}],\"inLanguage\":\"fr-FR\"},{\"@type\":\"Organization\",\"@id\":\"https:\\\/\\\/janze-athletisme.fr\\\/wordpress\\\/#organization\",\"name\":\"Janz\u00e9 Athl\u00e9tisme\",\"url\":\"https:\\\/\\\/janze-athletisme.fr\\\/wordpress\\\/\",\"logo\":{\"@type\":\"ImageObject\",\"inLanguage\":\"fr-FR\",\"@id\":\"https:\\\/\\\/janze-athletisme.fr\\\/wordpress\\\/#\\\/schema\\\/logo\\\/image\\\/\",\"url\":\"https:\\\/\\\/janze-athletisme.fr\\\/wordpress\\\/wp-content\\\/uploads\\\/2015\\\/03\\\/logo-full1.jpg\",\"contentUrl\":\"https:\\\/\\\/janze-athletisme.fr\\\/wordpress\\\/wp-content\\\/uploads\\\/2015\\\/03\\\/logo-full1.jpg\",\"width\":437,\"height\":205,\"caption\":\"Janz\u00e9 Athl\u00e9tisme\"},\"image\":{\"@id\":\"https:\\\/\\\/janze-athletisme.fr\\\/wordpress\\\/#\\\/schema\\\/logo\\\/image\\\/\"},\"sameAs\":[\"https:\\\/\\\/www.facebook.com\\\/groups\\\/1007964579346590\"]},{\"@type\":\"Person\",\"@id\":\"https:\\\/\\\/janze-athletisme.fr\\\/wordpress\\\/#\\\/schema\\\/person\\\/e27efa3d49687b81c679eb0b5c4973e9\",\"name\":\"Jean-Marie Jouzel\",\"image\":{\"@type\":\"ImageObject\",\"inLanguage\":\"fr-FR\",\"@id\":\"https:\\\/\\\/secure.gravatar.com\\\/avatar\\\/6aaee532914ad5ae9d6b4c13c953c6689456493b17979b560cf8fd0c344930ab?s=96&d=mm&r=g\",\"url\":\"https:\\\/\\\/secure.gravatar.com\\\/avatar\\\/6aaee532914ad5ae9d6b4c13c953c6689456493b17979b560cf8fd0c344930ab?s=96&d=mm&r=g\",\"contentUrl\":\"https:\\\/\\\/secure.gravatar.com\\\/avatar\\\/6aaee532914ad5ae9d6b4c13c953c6689456493b17979b560cf8fd0c344930ab?s=96&d=mm&r=g\",\"caption\":\"Jean-Marie Jouzel\"},\"url\":\"https:\\\/\\\/janze-athletisme.fr\\\/wordpress\\\/author\\\/jmjouzel\\\/\"}]}<\/script>\n<!-- \/ Yoast SEO plugin. -->","yoast_head_json":{"title":"Thaon-les-Vosges: A\u00efcha confirme et finit l'ann\u00e9e en beaut\u00e9 ! - Janz\u00e9 Athl\u00e9tisme","robots":{"index":"index","follow":"follow","max-snippet":"max-snippet:-1","max-image-preview":"max-image-preview:large","max-video-preview":"max-video-preview:-1"},"canonical":"https:\/\/janze-athletisme.fr\/wordpress\/thaon-les-vosges-aicha-confirme-et-finit-lannee-en-beaute\/","og_locale":"fr_FR","og_type":"article","og_title":"Thaon-les-Vosges: A\u00efcha confirme et finit l'ann\u00e9e en beaut\u00e9 ! - Janz\u00e9 Athl\u00e9tisme","og_description":"10 km La Ronde Hivernale &nbsp; &nbsp; D\u00e9j\u00e0 qualifi\u00e9e pour les France du 10 km, A\u00efcha s&rsquo;est une nouvelle fois fait plaisir sur ses terres en remportant la 1\u00e8re place dans sa cat\u00e9gorie. Une formalit\u00e9 pour notre championne. Elle a eu la gentillesse d&rsquo;\u00e9crire quelques mots et gr\u00e2ce aux r\u00e9seaux sociaux (il y a quand [&hellip;]","og_url":"https:\/\/janze-athletisme.fr\/wordpress\/thaon-les-vosges-aicha-confirme-et-finit-lannee-en-beaute\/","og_site_name":"Janz\u00e9 Athl\u00e9tisme","article_publisher":"https:\/\/www.facebook.com\/groups\/1007964579346590","article_published_time":"2024-12-22T22:27:21+00:00","og_image":[{"width":210,"height":210,"url":"https:\/\/janze-athletisme.fr\/wordpress\/wp-content\/uploads\/2024\/12\/Sans-titre-8.jpg","type":"image\/jpeg"}],"author":"Jean-Marie Jouzel","twitter_card":"summary_large_image","twitter_misc":{"\u00c9crit par":"Jean-Marie Jouzel","Dur\u00e9e de lecture estim\u00e9e":"3 minutes"},"schema":{"@context":"https:\/\/schema.org","@graph":[{"@type":"Article","@id":"https:\/\/janze-athletisme.fr\/wordpress\/thaon-les-vosges-aicha-confirme-et-finit-lannee-en-beaute\/#article","isPartOf":{"@id":"https:\/\/janze-athletisme.fr\/wordpress\/thaon-les-vosges-aicha-confirme-et-finit-lannee-en-beaute\/"},"author":{"name":"Jean-Marie Jouzel","@id":"https:\/\/janze-athletisme.fr\/wordpress\/#\/schema\/person\/e27efa3d49687b81c679eb0b5c4973e9"},"headline":"Thaon-les-Vosges: A\u00efcha confirme et finit l&rsquo;ann\u00e9e en beaut\u00e9 !","datePublished":"2024-12-22T22:27:21+00:00","mainEntityOfPage":{"@id":"https:\/\/janze-athletisme.fr\/wordpress\/thaon-les-vosges-aicha-confirme-et-finit-lannee-en-beaute\/"},"wordCount":254,"commentCount":0,"publisher":{"@id":"https:\/\/janze-athletisme.fr\/wordpress\/#organization"},"image":{"@id":"https:\/\/janze-athletisme.fr\/wordpress\/thaon-les-vosges-aicha-confirme-et-finit-lannee-en-beaute\/#primaryimage"},"thumbnailUrl":"https:\/\/janze-athletisme.fr\/wordpress\/wp-content\/uploads\/2024\/12\/Sans-titre-8.jpg","articleSection":["Le club au jour le jour"],"inLanguage":"fr-FR","potentialAction":[{"@type":"CommentAction","name":"Comment","target":["https:\/\/janze-athletisme.fr\/wordpress\/thaon-les-vosges-aicha-confirme-et-finit-lannee-en-beaute\/#respond"]}]},{"@type":"WebPage","@id":"https:\/\/janze-athletisme.fr\/wordpress\/thaon-les-vosges-aicha-confirme-et-finit-lannee-en-beaute\/","url":"https:\/\/janze-athletisme.fr\/wordpress\/thaon-les-vosges-aicha-confirme-et-finit-lannee-en-beaute\/","name":"Thaon-les-Vosges: A\u00efcha confirme et finit l'ann\u00e9e en beaut\u00e9 ! - Janz\u00e9 Athl\u00e9tisme","isPartOf":{"@id":"https:\/\/janze-athletisme.fr\/wordpress\/#website"},"primaryImageOfPage":{"@id":"https:\/\/janze-athletisme.fr\/wordpress\/thaon-les-vosges-aicha-confirme-et-finit-lannee-en-beaute\/#primaryimage"},"image":{"@id":"https:\/\/janze-athletisme.fr\/wordpress\/thaon-les-vosges-aicha-confirme-et-finit-lannee-en-beaute\/#primaryimage"},"thumbnailUrl":"https:\/\/janze-athletisme.fr\/wordpress\/wp-content\/uploads\/2024\/12\/Sans-titre-8.jpg","datePublished":"2024-12-22T22:27:21+00:00","breadcrumb":{"@id":"https:\/\/janze-athletisme.fr\/wordpress\/thaon-les-vosges-aicha-confirme-et-finit-lannee-en-beaute\/#breadcrumb"},"inLanguage":"fr-FR","potentialAction":[{"@type":"ReadAction","target":["https:\/\/janze-athletisme.fr\/wordpress\/thaon-les-vosges-aicha-confirme-et-finit-lannee-en-beaute\/"]}]},{"@type":"ImageObject","inLanguage":"fr-FR","@id":"https:\/\/janze-athletisme.fr\/wordpress\/thaon-les-vosges-aicha-confirme-et-finit-lannee-en-beaute\/#primaryimage","url":"https:\/\/janze-athletisme.fr\/wordpress\/wp-content\/uploads\/2024\/12\/Sans-titre-8.jpg","contentUrl":"https:\/\/janze-athletisme.fr\/wordpress\/wp-content\/uploads\/2024\/12\/Sans-titre-8.jpg","width":210,"height":210},{"@type":"BreadcrumbList","@id":"https:\/\/janze-athletisme.fr\/wordpress\/thaon-les-vosges-aicha-confirme-et-finit-lannee-en-beaute\/#breadcrumb","itemListElement":[{"@type":"ListItem","position":1,"name":"Accueil","item":"https:\/\/janze-athletisme.fr\/wordpress\/"},{"@type":"ListItem","position":2,"name":"Thaon-les-Vosges: A\u00efcha confirme et finit l&rsquo;ann\u00e9e en beaut\u00e9 !"}]},{"@type":"WebSite","@id":"https:\/\/janze-athletisme.fr\/wordpress\/#website","url":"https:\/\/janze-athletisme.fr\/wordpress\/","name":"Janz\u00e9 Athl\u00e9tisme","description":"Pays de La Roche aux F\u00e9es","publisher":{"@id":"https:\/\/janze-athletisme.fr\/wordpress\/#organization"},"potentialAction":[{"@type":"SearchAction","target":{"@type":"EntryPoint","urlTemplate":"https:\/\/janze-athletisme.fr\/wordpress\/?s={search_term_string}"},"query-input":{"@type":"PropertyValueSpecification","valueRequired":true,"valueName":"search_term_string"}}],"inLanguage":"fr-FR"},{"@type":"Organization","@id":"https:\/\/janze-athletisme.fr\/wordpress\/#organization","name":"Janz\u00e9 Athl\u00e9tisme","url":"https:\/\/janze-athletisme.fr\/wordpress\/","logo":{"@type":"ImageObject","inLanguage":"fr-FR","@id":"https:\/\/janze-athletisme.fr\/wordpress\/#\/schema\/logo\/image\/","url":"https:\/\/janze-athletisme.fr\/wordpress\/wp-content\/uploads\/2015\/03\/logo-full1.jpg","contentUrl":"https:\/\/janze-athletisme.fr\/wordpress\/wp-content\/uploads\/2015\/03\/logo-full1.jpg","width":437,"height":205,"caption":"Janz\u00e9 Athl\u00e9tisme"},"image":{"@id":"https:\/\/janze-athletisme.fr\/wordpress\/#\/schema\/logo\/image\/"},"sameAs":["https:\/\/www.facebook.com\/groups\/1007964579346590"]},{"@type":"Person","@id":"https:\/\/janze-athletisme.fr\/wordpress\/#\/schema\/person\/e27efa3d49687b81c679eb0b5c4973e9","name":"Jean-Marie Jouzel","image":{"@type":"ImageObject","inLanguage":"fr-FR","@id":"https:\/\/secure.gravatar.com\/avatar\/6aaee532914ad5ae9d6b4c13c953c6689456493b17979b560cf8fd0c344930ab?s=96&d=mm&r=g","url":"https:\/\/secure.gravatar.com\/avatar\/6aaee532914ad5ae9d6b4c13c953c6689456493b17979b560cf8fd0c344930ab?s=96&d=mm&r=g","contentUrl":"https:\/\/secure.gravatar.com\/avatar\/6aaee532914ad5ae9d6b4c13c953c6689456493b17979b560cf8fd0c344930ab?s=96&d=mm&r=g","caption":"Jean-Marie Jouzel"},"url":"https:\/\/janze-athletisme.fr\/wordpress\/author\/jmjouzel\/"}]}},"uagb_featured_image_src":{"full":["https:\/\/janze-athletisme.fr\/wordpress\/wp-content\/uploads\/2024\/12\/Sans-titre-8.jpg",210,210,false],"thumbnail":["https:\/\/janze-athletisme.fr\/wordpress\/wp-content\/uploads\/2024\/12\/Sans-titre-8-150x150.jpg",150,150,true],"medium":["https:\/\/janze-athletisme.fr\/wordpress\/wp-content\/uploads\/2024\/12\/Sans-titre-8.jpg",210,210,false],"medium_large":["https:\/\/janze-athletisme.fr\/wordpress\/wp-content\/uploads\/2024\/12\/Sans-titre-8.jpg",210,210,false],"large":["https:\/\/janze-athletisme.fr\/wordpress\/wp-content\/uploads\/2024\/12\/Sans-titre-8.jpg",210,210,false],"1536x1536":["https:\/\/janze-athletisme.fr\/wordpress\/wp-content\/uploads\/2024\/12\/Sans-titre-8.jpg",210,210,false],"2048x2048":["https:\/\/janze-athletisme.fr\/wordpress\/wp-content\/uploads\/2024\/12\/Sans-titre-8.jpg",210,210,false]},"uagb_author_info":{"display_name":"Jean-Marie Jouzel","author_link":"https:\/\/janze-athletisme.fr\/wordpress\/author\/jmjouzel\/"},"uagb_comment_info":0,"uagb_excerpt":"10 km La Ronde Hivernale &nbsp; &nbsp; D\u00e9j\u00e0 qualifi\u00e9e pour les France du 10 km, A\u00efcha s&rsquo;est une nouvelle fois fait plaisir sur ses terres en remportant la 1\u00e8re place dans sa cat\u00e9gorie. Une formalit\u00e9 pour notre championne. Elle a eu la gentillesse d&rsquo;\u00e9crire quelques mots et gr\u00e2ce aux r\u00e9seaux sociaux (il y a quand\u2026","_links":{"self":[{"href":"https:\/\/janze-athletisme.fr\/wordpress\/wp-json\/wp\/v2\/posts\/22585","targetHints":{"allow":["GET"]}}],"collection":[{"href":"https:\/\/janze-athletisme.fr\/wordpress\/wp-json\/wp\/v2\/posts"}],"about":[{"href":"https:\/\/janze-athletisme.fr\/wordpress\/wp-json\/wp\/v2\/types\/post"}],"author":[{"embeddable":true,"href":"https:\/\/janze-athletisme.fr\/wordpress\/wp-json\/wp\/v2\/users\/8"}],"replies":[{"embeddable":true,"href":"https:\/\/janze-athletisme.fr\/wordpress\/wp-json\/wp\/v2\/comments?post=22585"}],"version-history":[{"count":2,"href":"https:\/\/janze-athletisme.fr\/wordpress\/wp-json\/wp\/v2\/posts\/22585\/revisions"}],"predecessor-version":[{"id":22592,"href":"https:\/\/janze-athletisme.fr\/wordpress\/wp-json\/wp\/v2\/posts\/22585\/revisions\/22592"}],"wp:featuredmedia":[{"embeddable":true,"href":"https:\/\/janze-athletisme.fr\/wordpress\/wp-json\/wp\/v2\/media\/22591"}],"wp:attachment":[{"href":"https:\/\/janze-athletisme.fr\/wordpress\/wp-json\/wp\/v2\/media?parent=22585"}],"wp:term":[{"taxonomy":"category","embeddable":true,"href":"https:\/\/janze-athletisme.fr\/wordpress\/wp-json\/wp\/v2\/categories?post=22585"},{"taxonomy":"post_tag","embeddable":true,"href":"https:\/\/janze-athletisme.fr\/wordpress\/wp-json\/wp\/v2\/tags?post=22585"}],"curies":[{"name":"wp","href":"https:\/\/api.w.org\/{rel}","templated":true}]}}