{"id":22580,"date":"2024-12-22T21:13:37","date_gmt":"2024-12-22T20:13:37","guid":{"rendered":"https:\/\/janze-athletisme.fr\/wordpress\/?p=22580"},"modified":"2024-12-30T12:12:07","modified_gmt":"2024-12-30T11:12:07","slug":"cest-reparti-pour-la-prepa-cross","status":"publish","type":"post","link":"https:\/\/janze-athletisme.fr\/wordpress\/cest-reparti-pour-la-prepa-cross\/","title":{"rendered":"C&rsquo;est reparti pour la pr\u00e9pa cross"},"content":{"rendered":"<p><em>Comme chaque ann\u00e9e, \u00e0 cette p\u00e9riode, des s\u00e9ances sp\u00e9cifiques de pr\u00e9paration au cross vont avoir lieu durant les vacances de No\u00ebl. Apr\u00e8s le cross coh\u00e9sion club du 14 d\u00e9cembre et une petite semaine de repos bienvenue, la s\u00e9quence a d\u00e9but\u00e9 ce premier week-end des vacances pour le groupe demi-fond jeunes par un footing de 8 \u00e0 10km selon les cat\u00e9gories le samedi (\u00e0 Brie) et par un footing d&rsquo;une petite douzaine de km le dimanche (\u00e0 Panc\u00e9), avec une partie finale, dans les raidillons du Tertre gris, un peu plus active.<\/em><\/p>\n<p><span style=\"font-size: 14pt\"><strong>Deux s\u00e9ances communes dimanche 29 et samedi 4<\/strong><\/span><\/p>\n<p>Des parties communes sont propos\u00e9es \u00e0 celles et ceux que le cross int\u00e9resse, des Poussins aux Masters, <u>sous r\u00e9serve de l&rsquo;accord de leurs entra\u00eeneurs et encadrants<\/u>. Elles auront lieu aux dates suivantes :<\/p>\n<p><u>Dimanche 29 d\u00e9cembre<\/u> <u>(<strong>RV 10h<\/strong> \u00e0 Brie\/parking de l&rsquo;\u00e9tang. Fin \u00e0 12h)<\/u> : Footing 25&prime;, puis travail au seuil 2&prime; \/ 7&prime; \/ 7&prime; \/ 5&prime; \/ 2&prime; \/ 1&prime; (R1&rsquo;\/2&rsquo;30\/2&rsquo;30\/2&rsquo;\/1&prime;) pour les Masters, 2&prime; \/ 7&prime; \/ 7&prime; \/ 3&prime; \/ 1&prime; pour les cadets\/cadettes, 2&prime; \/ 7&prime; \/ 3&prime; \/ 2&prime; \/ 1&prime; pour les Minimes, 2&prime; \/ 7&prime; \/ 3&prime; \/ 1&prime; pour les Benjamins et 2&prime; \/ 3&prime; \/ 2&prime; \/ 1&prime; pour les Poussins \u00e0 allure cross (<u>avec pointes<\/u>) + Footing Retour au calme 10&prime;.<\/p>\n<p><u>Samedi 4 (RV <strong>10h<\/strong> \u00e0 Brie)<\/u> : Footing 25&prime;, gammes cross, puis W au seuil 3&rsquo;\/8&rsquo;\/6&rsquo;\/4&rsquo;\/2&rsquo;\/1&prime; \u00e0 allure cross (<u>avec pointes<\/u>). R.1&rsquo;30\/2&rsquo;30\/2&rsquo;\/1&rsquo;30\/1&prime;, puis R5&prime;, puis pour tous 2 x 1&rsquo;30\u00a0\u00bb de 15&Prime;vite \/ 15&Prime; lent (R1&prime;) + Footing RAC 10&prime;. (<em>3\/1\/3\/2\/1&prime; pour les PO,<\/em> <em>3\/4\/3\/2\/1&prime; pour les BE, 2&rsquo;\/6&rsquo;\/4&rsquo;\/2&rsquo;\/1&prime; pour les MI et 3&rsquo;\/8&rsquo;\/6&rsquo;\/2&rsquo;\/1&prime; pour les CAF<\/em>).<\/p>\n<p><span style=\"font-size: 14pt\"><strong>Le calendrier des championnats de cross<\/strong><\/span><\/p>\n<p><span style=\"text-decoration: underline\">Dimanche <strong>12 janvier<\/strong><\/span> : <strong>championnat d&rsquo;Ille-et-Vilaine de cross<\/strong> <strong>\u00e0 Foug\u00e8res<\/strong>, des Poussins aux Masters. Ouvert \u00e0 tous les licenci\u00e9s comp\u00e9tition.<\/p>\n<p><span style=\"text-decoration: underline\">Dimanche <strong>26 janvier<\/strong><\/span> : <strong>Championnat de Bretagne de cross \u00e0 Brest<\/strong>, des Benjamins aux Masters, sous r\u00e9serve de qualification.<\/p>\n<p><span style=\"text-decoration: underline\">Dimanche <strong>9 f\u00e9vrier<\/strong><\/span> : <strong>\u00bd finale des championnats de France de cross \u00e0 Combourg<\/strong>, des Minimes aux Masters, sous r\u00e9serve de s\u00e9lection (pour les Minimes) ou de qualification (pour tous les autres).<\/p>\n<p><span style=\"text-decoration: underline\">Dimanche <strong>2 mars<\/strong><\/span> : <strong>Championnat de France de cross \u00e0 Challans<\/strong>, en Vend\u00e9e, des Minimes aux Masters, sous r\u00e9serve de s\u00e9lection (pour les Minimes) ou de qualification (pour tous les autres).<\/p>\n<p><a href=\"https:\/\/janze-athletisme.fr\/wordpress\/wp-content\/uploads\/2024\/12\/Prepa-cross-Pance-22dec2024.jpg\"><img loading=\"lazy\" decoding=\"async\" class=\"alignnone wp-image-22581\" src=\"https:\/\/janze-athletisme.fr\/wordpress\/wp-content\/uploads\/2024\/12\/Prepa-cross-Pance-22dec2024-300x200.jpg\" alt=\"\" width=\"327\" height=\"218\" srcset=\"https:\/\/janze-athletisme.fr\/wordpress\/wp-content\/uploads\/2024\/12\/Prepa-cross-Pance-22dec2024-300x200.jpg 300w, https:\/\/janze-athletisme.fr\/wordpress\/wp-content\/uploads\/2024\/12\/Prepa-cross-Pance-22dec2024-1024x681.jpg 1024w, https:\/\/janze-athletisme.fr\/wordpress\/wp-content\/uploads\/2024\/12\/Prepa-cross-Pance-22dec2024-768x511.jpg 768w, https:\/\/janze-athletisme.fr\/wordpress\/wp-content\/uploads\/2024\/12\/Prepa-cross-Pance-22dec2024-1536x1022.jpg 1536w, https:\/\/janze-athletisme.fr\/wordpress\/wp-content\/uploads\/2024\/12\/Prepa-cross-Pance-22dec2024.jpg 1804w\" sizes=\"auto, (max-width: 327px) 100vw, 327px\" \/> <\/a><a href=\"https:\/\/janze-athletisme.fr\/wordpress\/wp-content\/uploads\/2024\/12\/Prepa-cross-Pance-31dec2023-6-scaled.jpg\">\u00a0<img loading=\"lazy\" decoding=\"async\" class=\"alignnone wp-image-22582\" src=\"https:\/\/janze-athletisme.fr\/wordpress\/wp-content\/uploads\/2024\/12\/Prepa-cross-Pance-31dec2023-6-300x131.jpg\" alt=\"\" width=\"465\" height=\"203\" srcset=\"https:\/\/janze-athletisme.fr\/wordpress\/wp-content\/uploads\/2024\/12\/Prepa-cross-Pance-31dec2023-6-300x131.jpg 300w, https:\/\/janze-athletisme.fr\/wordpress\/wp-content\/uploads\/2024\/12\/Prepa-cross-Pance-31dec2023-6-1024x448.jpg 1024w, https:\/\/janze-athletisme.fr\/wordpress\/wp-content\/uploads\/2024\/12\/Prepa-cross-Pance-31dec2023-6-768x336.jpg 768w, https:\/\/janze-athletisme.fr\/wordpress\/wp-content\/uploads\/2024\/12\/Prepa-cross-Pance-31dec2023-6-1536x672.jpg 1536w, https:\/\/janze-athletisme.fr\/wordpress\/wp-content\/uploads\/2024\/12\/Prepa-cross-Pance-31dec2023-6-2048x896.jpg 2048w\" sizes=\"auto, (max-width: 465px) 100vw, 465px\" \/><\/a><\/p>\n<p><em><span style=\"font-size: 10pt\">A gauche : Premi\u00e8re sortie pr\u00e9pa cross ce dimanche 22 d\u00e9cembre \u00e0 Panc\u00e9. A droite : un souvenir de l&rsquo;une des sorties communes de No\u00ebl 2023 (\u00e0 Panc\u00e9 d\u00e9j\u00e0).<\/span><\/em><\/p>\n","protected":false},"excerpt":{"rendered":"<p>Comme chaque ann\u00e9e, \u00e0 cette p\u00e9riode, des s\u00e9ances sp\u00e9cifiques de pr\u00e9paration au cross vont avoir lieu durant les vacances de No\u00ebl. Apr\u00e8s le cross coh\u00e9sion club du 14 d\u00e9cembre et une petite semaine de repos bienvenue, la s\u00e9quence a d\u00e9but\u00e9 ce premier week-end des vacances pour le groupe demi-fond jeunes par un footing de 8 [&hellip;]<\/p>\n","protected":false},"author":12,"featured_media":22581,"comment_status":"open","ping_status":"open","sticky":false,"template":"","format":"aside","meta":{"_uag_custom_page_level_css":"","site-sidebar-layout":"default","site-content-layout":"","ast-site-content-layout":"default","site-content-style":"default","site-sidebar-style":"default","ast-global-header-display":"","ast-banner-title-visibility":"","ast-main-header-display":"","ast-hfb-above-header-display":"","ast-hfb-below-header-display":"","ast-hfb-mobile-header-display":"","site-post-title":"","ast-breadcrumbs-content":"","ast-featured-img":"","footer-sml-layout":"","ast-disable-related-posts":"","theme-transparent-header-meta":"default","adv-header-id-meta":"","stick-header-meta":"","header-above-stick-meta":"","header-main-stick-meta":"","header-below-stick-meta":"","astra-migrate-meta-layouts":"set","ast-page-background-enabled":"default","ast-page-background-meta":{"desktop":{"background-color":"var(--ast-global-color-4)","background-image":"","background-repeat":"repeat","background-position":"center center","background-size":"auto","background-attachment":"scroll","background-type":"","background-media":"","overlay-type":"","overlay-color":"","overlay-opacity":"","overlay-gradient":""},"tablet":{"background-color":"","background-image":"","background-repeat":"repeat","background-position":"center center","background-size":"auto","background-attachment":"scroll","background-type":"","background-media":"","overlay-type":"","overlay-color":"","overlay-opacity":"","overlay-gradient":""},"mobile":{"background-color":"","background-image":"","background-repeat":"repeat","background-position":"center center","background-size":"auto","background-attachment":"scroll","background-type":"","background-media":"","overlay-type":"","overlay-color":"","overlay-opacity":"","overlay-gradient":""}},"ast-content-background-meta":{"desktop":{"background-color":"var(--ast-global-color-5)","background-image":"","background-repeat":"repeat","background-position":"center center","background-size":"auto","background-attachment":"scroll","background-type":"","background-media":"","overlay-type":"","overlay-color":"","overlay-opacity":"","overlay-gradient":""},"tablet":{"background-color":"var(--ast-global-color-5)","background-image":"","background-repeat":"repeat","background-position":"center center","background-size":"auto","background-attachment":"scroll","background-type":"","background-media":"","overlay-type":"","overlay-color":"","overlay-opacity":"","overlay-gradient":""},"mobile":{"background-color":"var(--ast-global-color-5)","background-image":"","background-repeat":"repeat","background-position":"center center","background-size":"auto","background-attachment":"scroll","background-type":"","background-media":"","overlay-type":"","overlay-color":"","overlay-opacity":"","overlay-gradient":""}},"footnotes":""},"categories":[6],"tags":[],"class_list":["post-22580","post","type-post","status-publish","format-aside","has-post-thumbnail","hentry","category-sections","post_format-post-format-aside"],"yoast_head":"<!-- This site is optimized with the Yoast SEO plugin v27.5 - https:\/\/yoast.com\/product\/yoast-seo-wordpress\/ -->\n<title>C&#039;est reparti pour la pr\u00e9pa cross - Janz\u00e9 Athl\u00e9tisme<\/title>\n<meta name=\"robots\" content=\"index, follow, max-snippet:-1, max-image-preview:large, max-video-preview:-1\" \/>\n<link rel=\"canonical\" href=\"https:\/\/janze-athletisme.fr\/wordpress\/cest-reparti-pour-la-prepa-cross\/\" \/>\n<meta property=\"og:locale\" content=\"fr_FR\" \/>\n<meta property=\"og:type\" content=\"article\" \/>\n<meta property=\"og:title\" content=\"C&#039;est reparti pour la pr\u00e9pa cross - Janz\u00e9 Athl\u00e9tisme\" \/>\n<meta property=\"og:description\" content=\"Comme chaque ann\u00e9e, \u00e0 cette p\u00e9riode, des s\u00e9ances sp\u00e9cifiques de pr\u00e9paration au cross vont avoir lieu durant les vacances de No\u00ebl. Apr\u00e8s le cross coh\u00e9sion club du 14 d\u00e9cembre et une petite semaine de repos bienvenue, la s\u00e9quence a d\u00e9but\u00e9 ce premier week-end des vacances pour le groupe demi-fond jeunes par un footing de 8 [&hellip;]\" \/>\n<meta property=\"og:url\" content=\"https:\/\/janze-athletisme.fr\/wordpress\/cest-reparti-pour-la-prepa-cross\/\" \/>\n<meta property=\"og:site_name\" content=\"Janz\u00e9 Athl\u00e9tisme\" \/>\n<meta property=\"article:publisher\" content=\"https:\/\/www.facebook.com\/groups\/1007964579346590\" \/>\n<meta property=\"article:published_time\" content=\"2024-12-22T20:13:37+00:00\" \/>\n<meta property=\"article:modified_time\" content=\"2024-12-30T11:12:07+00:00\" \/>\n<meta property=\"og:image\" content=\"https:\/\/janze-athletisme.fr\/wordpress\/wp-content\/uploads\/2024\/12\/Prepa-cross-Pance-22dec2024.jpg\" \/>\n\t<meta property=\"og:image:width\" content=\"1804\" \/>\n\t<meta property=\"og:image:height\" content=\"1200\" \/>\n\t<meta property=\"og:image:type\" content=\"image\/jpeg\" \/>\n<meta name=\"author\" content=\"Laurent Meunier\" \/>\n<meta name=\"twitter:card\" content=\"summary_large_image\" \/>\n<meta name=\"twitter:label1\" content=\"\u00c9crit par\" \/>\n\t<meta name=\"twitter:data1\" content=\"Laurent Meunier\" \/>\n\t<meta name=\"twitter:label2\" content=\"Dur\u00e9e de lecture estim\u00e9e\" \/>\n\t<meta name=\"twitter:data2\" content=\"3 minutes\" \/>\n<script type=\"application\/ld+json\" class=\"yoast-schema-graph\">{\"@context\":\"https:\\\/\\\/schema.org\",\"@graph\":[{\"@type\":\"Article\",\"@id\":\"https:\\\/\\\/janze-athletisme.fr\\\/wordpress\\\/cest-reparti-pour-la-prepa-cross\\\/#article\",\"isPartOf\":{\"@id\":\"https:\\\/\\\/janze-athletisme.fr\\\/wordpress\\\/cest-reparti-pour-la-prepa-cross\\\/\"},\"author\":{\"name\":\"Laurent Meunier\",\"@id\":\"https:\\\/\\\/janze-athletisme.fr\\\/wordpress\\\/#\\\/schema\\\/person\\\/c7b063dcfa6234c041d4d9b26cc2ea03\"},\"headline\":\"C&rsquo;est reparti pour la pr\u00e9pa cross\",\"datePublished\":\"2024-12-22T20:13:37+00:00\",\"dateModified\":\"2024-12-30T11:12:07+00:00\",\"mainEntityOfPage\":{\"@id\":\"https:\\\/\\\/janze-athletisme.fr\\\/wordpress\\\/cest-reparti-pour-la-prepa-cross\\\/\"},\"wordCount\":367,\"commentCount\":0,\"publisher\":{\"@id\":\"https:\\\/\\\/janze-athletisme.fr\\\/wordpress\\\/#organization\"},\"image\":{\"@id\":\"https:\\\/\\\/janze-athletisme.fr\\\/wordpress\\\/cest-reparti-pour-la-prepa-cross\\\/#primaryimage\"},\"thumbnailUrl\":\"https:\\\/\\\/janze-athletisme.fr\\\/wordpress\\\/wp-content\\\/uploads\\\/2024\\\/12\\\/Prepa-cross-Pance-22dec2024.jpg\",\"articleSection\":[\"Le club au jour le jour\"],\"inLanguage\":\"fr-FR\",\"potentialAction\":[{\"@type\":\"CommentAction\",\"name\":\"Comment\",\"target\":[\"https:\\\/\\\/janze-athletisme.fr\\\/wordpress\\\/cest-reparti-pour-la-prepa-cross\\\/#respond\"]}]},{\"@type\":\"WebPage\",\"@id\":\"https:\\\/\\\/janze-athletisme.fr\\\/wordpress\\\/cest-reparti-pour-la-prepa-cross\\\/\",\"url\":\"https:\\\/\\\/janze-athletisme.fr\\\/wordpress\\\/cest-reparti-pour-la-prepa-cross\\\/\",\"name\":\"C'est reparti pour la pr\u00e9pa cross - Janz\u00e9 Athl\u00e9tisme\",\"isPartOf\":{\"@id\":\"https:\\\/\\\/janze-athletisme.fr\\\/wordpress\\\/#website\"},\"primaryImageOfPage\":{\"@id\":\"https:\\\/\\\/janze-athletisme.fr\\\/wordpress\\\/cest-reparti-pour-la-prepa-cross\\\/#primaryimage\"},\"image\":{\"@id\":\"https:\\\/\\\/janze-athletisme.fr\\\/wordpress\\\/cest-reparti-pour-la-prepa-cross\\\/#primaryimage\"},\"thumbnailUrl\":\"https:\\\/\\\/janze-athletisme.fr\\\/wordpress\\\/wp-content\\\/uploads\\\/2024\\\/12\\\/Prepa-cross-Pance-22dec2024.jpg\",\"datePublished\":\"2024-12-22T20:13:37+00:00\",\"dateModified\":\"2024-12-30T11:12:07+00:00\",\"breadcrumb\":{\"@id\":\"https:\\\/\\\/janze-athletisme.fr\\\/wordpress\\\/cest-reparti-pour-la-prepa-cross\\\/#breadcrumb\"},\"inLanguage\":\"fr-FR\",\"potentialAction\":[{\"@type\":\"ReadAction\",\"target\":[\"https:\\\/\\\/janze-athletisme.fr\\\/wordpress\\\/cest-reparti-pour-la-prepa-cross\\\/\"]}]},{\"@type\":\"ImageObject\",\"inLanguage\":\"fr-FR\",\"@id\":\"https:\\\/\\\/janze-athletisme.fr\\\/wordpress\\\/cest-reparti-pour-la-prepa-cross\\\/#primaryimage\",\"url\":\"https:\\\/\\\/janze-athletisme.fr\\\/wordpress\\\/wp-content\\\/uploads\\\/2024\\\/12\\\/Prepa-cross-Pance-22dec2024.jpg\",\"contentUrl\":\"https:\\\/\\\/janze-athletisme.fr\\\/wordpress\\\/wp-content\\\/uploads\\\/2024\\\/12\\\/Prepa-cross-Pance-22dec2024.jpg\",\"width\":1804,\"height\":1200},{\"@type\":\"BreadcrumbList\",\"@id\":\"https:\\\/\\\/janze-athletisme.fr\\\/wordpress\\\/cest-reparti-pour-la-prepa-cross\\\/#breadcrumb\",\"itemListElement\":[{\"@type\":\"ListItem\",\"position\":1,\"name\":\"Accueil\",\"item\":\"https:\\\/\\\/janze-athletisme.fr\\\/wordpress\\\/\"},{\"@type\":\"ListItem\",\"position\":2,\"name\":\"C&rsquo;est reparti pour la pr\u00e9pa cross\"}]},{\"@type\":\"WebSite\",\"@id\":\"https:\\\/\\\/janze-athletisme.fr\\\/wordpress\\\/#website\",\"url\":\"https:\\\/\\\/janze-athletisme.fr\\\/wordpress\\\/\",\"name\":\"Janz\u00e9 Athl\u00e9tisme\",\"description\":\"Pays de La Roche aux F\u00e9es\",\"publisher\":{\"@id\":\"https:\\\/\\\/janze-athletisme.fr\\\/wordpress\\\/#organization\"},\"potentialAction\":[{\"@type\":\"SearchAction\",\"target\":{\"@type\":\"EntryPoint\",\"urlTemplate\":\"https:\\\/\\\/janze-athletisme.fr\\\/wordpress\\\/?s={search_term_string}\"},\"query-input\":{\"@type\":\"PropertyValueSpecification\",\"valueRequired\":true,\"valueName\":\"search_term_string\"}}],\"inLanguage\":\"fr-FR\"},{\"@type\":\"Organization\",\"@id\":\"https:\\\/\\\/janze-athletisme.fr\\\/wordpress\\\/#organization\",\"name\":\"Janz\u00e9 Athl\u00e9tisme\",\"url\":\"https:\\\/\\\/janze-athletisme.fr\\\/wordpress\\\/\",\"logo\":{\"@type\":\"ImageObject\",\"inLanguage\":\"fr-FR\",\"@id\":\"https:\\\/\\\/janze-athletisme.fr\\\/wordpress\\\/#\\\/schema\\\/logo\\\/image\\\/\",\"url\":\"https:\\\/\\\/janze-athletisme.fr\\\/wordpress\\\/wp-content\\\/uploads\\\/2015\\\/03\\\/logo-full1.jpg\",\"contentUrl\":\"https:\\\/\\\/janze-athletisme.fr\\\/wordpress\\\/wp-content\\\/uploads\\\/2015\\\/03\\\/logo-full1.jpg\",\"width\":437,\"height\":205,\"caption\":\"Janz\u00e9 Athl\u00e9tisme\"},\"image\":{\"@id\":\"https:\\\/\\\/janze-athletisme.fr\\\/wordpress\\\/#\\\/schema\\\/logo\\\/image\\\/\"},\"sameAs\":[\"https:\\\/\\\/www.facebook.com\\\/groups\\\/1007964579346590\"]},{\"@type\":\"Person\",\"@id\":\"https:\\\/\\\/janze-athletisme.fr\\\/wordpress\\\/#\\\/schema\\\/person\\\/c7b063dcfa6234c041d4d9b26cc2ea03\",\"name\":\"Laurent Meunier\",\"image\":{\"@type\":\"ImageObject\",\"inLanguage\":\"fr-FR\",\"@id\":\"https:\\\/\\\/secure.gravatar.com\\\/avatar\\\/dd25d581ad7c3349090f2fa6a9adb6bfa287e6a5dd8a5216a092727cd8749034?s=96&d=mm&r=g\",\"url\":\"https:\\\/\\\/secure.gravatar.com\\\/avatar\\\/dd25d581ad7c3349090f2fa6a9adb6bfa287e6a5dd8a5216a092727cd8749034?s=96&d=mm&r=g\",\"contentUrl\":\"https:\\\/\\\/secure.gravatar.com\\\/avatar\\\/dd25d581ad7c3349090f2fa6a9adb6bfa287e6a5dd8a5216a092727cd8749034?s=96&d=mm&r=g\",\"caption\":\"Laurent Meunier\"},\"url\":\"https:\\\/\\\/janze-athletisme.fr\\\/wordpress\\\/author\\\/laurent-meunier35\\\/\"}]}<\/script>\n<!-- \/ Yoast SEO plugin. -->","yoast_head_json":{"title":"C'est reparti pour la pr\u00e9pa cross - Janz\u00e9 Athl\u00e9tisme","robots":{"index":"index","follow":"follow","max-snippet":"max-snippet:-1","max-image-preview":"max-image-preview:large","max-video-preview":"max-video-preview:-1"},"canonical":"https:\/\/janze-athletisme.fr\/wordpress\/cest-reparti-pour-la-prepa-cross\/","og_locale":"fr_FR","og_type":"article","og_title":"C'est reparti pour la pr\u00e9pa cross - Janz\u00e9 Athl\u00e9tisme","og_description":"Comme chaque ann\u00e9e, \u00e0 cette p\u00e9riode, des s\u00e9ances sp\u00e9cifiques de pr\u00e9paration au cross vont avoir lieu durant les vacances de No\u00ebl. Apr\u00e8s le cross coh\u00e9sion club du 14 d\u00e9cembre et une petite semaine de repos bienvenue, la s\u00e9quence a d\u00e9but\u00e9 ce premier week-end des vacances pour le groupe demi-fond jeunes par un footing de 8 [&hellip;]","og_url":"https:\/\/janze-athletisme.fr\/wordpress\/cest-reparti-pour-la-prepa-cross\/","og_site_name":"Janz\u00e9 Athl\u00e9tisme","article_publisher":"https:\/\/www.facebook.com\/groups\/1007964579346590","article_published_time":"2024-12-22T20:13:37+00:00","article_modified_time":"2024-12-30T11:12:07+00:00","og_image":[{"width":1804,"height":1200,"url":"https:\/\/janze-athletisme.fr\/wordpress\/wp-content\/uploads\/2024\/12\/Prepa-cross-Pance-22dec2024.jpg","type":"image\/jpeg"}],"author":"Laurent Meunier","twitter_card":"summary_large_image","twitter_misc":{"\u00c9crit par":"Laurent Meunier","Dur\u00e9e de lecture estim\u00e9e":"3 minutes"},"schema":{"@context":"https:\/\/schema.org","@graph":[{"@type":"Article","@id":"https:\/\/janze-athletisme.fr\/wordpress\/cest-reparti-pour-la-prepa-cross\/#article","isPartOf":{"@id":"https:\/\/janze-athletisme.fr\/wordpress\/cest-reparti-pour-la-prepa-cross\/"},"author":{"name":"Laurent Meunier","@id":"https:\/\/janze-athletisme.fr\/wordpress\/#\/schema\/person\/c7b063dcfa6234c041d4d9b26cc2ea03"},"headline":"C&rsquo;est reparti pour la pr\u00e9pa cross","datePublished":"2024-12-22T20:13:37+00:00","dateModified":"2024-12-30T11:12:07+00:00","mainEntityOfPage":{"@id":"https:\/\/janze-athletisme.fr\/wordpress\/cest-reparti-pour-la-prepa-cross\/"},"wordCount":367,"commentCount":0,"publisher":{"@id":"https:\/\/janze-athletisme.fr\/wordpress\/#organization"},"image":{"@id":"https:\/\/janze-athletisme.fr\/wordpress\/cest-reparti-pour-la-prepa-cross\/#primaryimage"},"thumbnailUrl":"https:\/\/janze-athletisme.fr\/wordpress\/wp-content\/uploads\/2024\/12\/Prepa-cross-Pance-22dec2024.jpg","articleSection":["Le club au jour le jour"],"inLanguage":"fr-FR","potentialAction":[{"@type":"CommentAction","name":"Comment","target":["https:\/\/janze-athletisme.fr\/wordpress\/cest-reparti-pour-la-prepa-cross\/#respond"]}]},{"@type":"WebPage","@id":"https:\/\/janze-athletisme.fr\/wordpress\/cest-reparti-pour-la-prepa-cross\/","url":"https:\/\/janze-athletisme.fr\/wordpress\/cest-reparti-pour-la-prepa-cross\/","name":"C'est reparti pour la pr\u00e9pa cross - Janz\u00e9 Athl\u00e9tisme","isPartOf":{"@id":"https:\/\/janze-athletisme.fr\/wordpress\/#website"},"primaryImageOfPage":{"@id":"https:\/\/janze-athletisme.fr\/wordpress\/cest-reparti-pour-la-prepa-cross\/#primaryimage"},"image":{"@id":"https:\/\/janze-athletisme.fr\/wordpress\/cest-reparti-pour-la-prepa-cross\/#primaryimage"},"thumbnailUrl":"https:\/\/janze-athletisme.fr\/wordpress\/wp-content\/uploads\/2024\/12\/Prepa-cross-Pance-22dec2024.jpg","datePublished":"2024-12-22T20:13:37+00:00","dateModified":"2024-12-30T11:12:07+00:00","breadcrumb":{"@id":"https:\/\/janze-athletisme.fr\/wordpress\/cest-reparti-pour-la-prepa-cross\/#breadcrumb"},"inLanguage":"fr-FR","potentialAction":[{"@type":"ReadAction","target":["https:\/\/janze-athletisme.fr\/wordpress\/cest-reparti-pour-la-prepa-cross\/"]}]},{"@type":"ImageObject","inLanguage":"fr-FR","@id":"https:\/\/janze-athletisme.fr\/wordpress\/cest-reparti-pour-la-prepa-cross\/#primaryimage","url":"https:\/\/janze-athletisme.fr\/wordpress\/wp-content\/uploads\/2024\/12\/Prepa-cross-Pance-22dec2024.jpg","contentUrl":"https:\/\/janze-athletisme.fr\/wordpress\/wp-content\/uploads\/2024\/12\/Prepa-cross-Pance-22dec2024.jpg","width":1804,"height":1200},{"@type":"BreadcrumbList","@id":"https:\/\/janze-athletisme.fr\/wordpress\/cest-reparti-pour-la-prepa-cross\/#breadcrumb","itemListElement":[{"@type":"ListItem","position":1,"name":"Accueil","item":"https:\/\/janze-athletisme.fr\/wordpress\/"},{"@type":"ListItem","position":2,"name":"C&rsquo;est reparti pour la pr\u00e9pa cross"}]},{"@type":"WebSite","@id":"https:\/\/janze-athletisme.fr\/wordpress\/#website","url":"https:\/\/janze-athletisme.fr\/wordpress\/","name":"Janz\u00e9 Athl\u00e9tisme","description":"Pays de La Roche aux F\u00e9es","publisher":{"@id":"https:\/\/janze-athletisme.fr\/wordpress\/#organization"},"potentialAction":[{"@type":"SearchAction","target":{"@type":"EntryPoint","urlTemplate":"https:\/\/janze-athletisme.fr\/wordpress\/?s={search_term_string}"},"query-input":{"@type":"PropertyValueSpecification","valueRequired":true,"valueName":"search_term_string"}}],"inLanguage":"fr-FR"},{"@type":"Organization","@id":"https:\/\/janze-athletisme.fr\/wordpress\/#organization","name":"Janz\u00e9 Athl\u00e9tisme","url":"https:\/\/janze-athletisme.fr\/wordpress\/","logo":{"@type":"ImageObject","inLanguage":"fr-FR","@id":"https:\/\/janze-athletisme.fr\/wordpress\/#\/schema\/logo\/image\/","url":"https:\/\/janze-athletisme.fr\/wordpress\/wp-content\/uploads\/2015\/03\/logo-full1.jpg","contentUrl":"https:\/\/janze-athletisme.fr\/wordpress\/wp-content\/uploads\/2015\/03\/logo-full1.jpg","width":437,"height":205,"caption":"Janz\u00e9 Athl\u00e9tisme"},"image":{"@id":"https:\/\/janze-athletisme.fr\/wordpress\/#\/schema\/logo\/image\/"},"sameAs":["https:\/\/www.facebook.com\/groups\/1007964579346590"]},{"@type":"Person","@id":"https:\/\/janze-athletisme.fr\/wordpress\/#\/schema\/person\/c7b063dcfa6234c041d4d9b26cc2ea03","name":"Laurent Meunier","image":{"@type":"ImageObject","inLanguage":"fr-FR","@id":"https:\/\/secure.gravatar.com\/avatar\/dd25d581ad7c3349090f2fa6a9adb6bfa287e6a5dd8a5216a092727cd8749034?s=96&d=mm&r=g","url":"https:\/\/secure.gravatar.com\/avatar\/dd25d581ad7c3349090f2fa6a9adb6bfa287e6a5dd8a5216a092727cd8749034?s=96&d=mm&r=g","contentUrl":"https:\/\/secure.gravatar.com\/avatar\/dd25d581ad7c3349090f2fa6a9adb6bfa287e6a5dd8a5216a092727cd8749034?s=96&d=mm&r=g","caption":"Laurent Meunier"},"url":"https:\/\/janze-athletisme.fr\/wordpress\/author\/laurent-meunier35\/"}]}},"uagb_featured_image_src":{"full":["https:\/\/janze-athletisme.fr\/wordpress\/wp-content\/uploads\/2024\/12\/Prepa-cross-Pance-22dec2024.jpg",1804,1200,false],"thumbnail":["https:\/\/janze-athletisme.fr\/wordpress\/wp-content\/uploads\/2024\/12\/Prepa-cross-Pance-22dec2024-150x150.jpg",150,150,true],"medium":["https:\/\/janze-athletisme.fr\/wordpress\/wp-content\/uploads\/2024\/12\/Prepa-cross-Pance-22dec2024-300x200.jpg",300,200,true],"medium_large":["https:\/\/janze-athletisme.fr\/wordpress\/wp-content\/uploads\/2024\/12\/Prepa-cross-Pance-22dec2024-768x511.jpg",768,511,true],"large":["https:\/\/janze-athletisme.fr\/wordpress\/wp-content\/uploads\/2024\/12\/Prepa-cross-Pance-22dec2024-1024x681.jpg",1024,681,true],"1536x1536":["https:\/\/janze-athletisme.fr\/wordpress\/wp-content\/uploads\/2024\/12\/Prepa-cross-Pance-22dec2024-1536x1022.jpg",1536,1022,true],"2048x2048":["https:\/\/janze-athletisme.fr\/wordpress\/wp-content\/uploads\/2024\/12\/Prepa-cross-Pance-22dec2024.jpg",1804,1200,false]},"uagb_author_info":{"display_name":"Laurent Meunier","author_link":"https:\/\/janze-athletisme.fr\/wordpress\/author\/laurent-meunier35\/"},"uagb_comment_info":0,"uagb_excerpt":"Comme chaque ann\u00e9e, \u00e0 cette p\u00e9riode, des s\u00e9ances sp\u00e9cifiques de pr\u00e9paration au cross vont avoir lieu durant les vacances de No\u00ebl. Apr\u00e8s le cross coh\u00e9sion club du 14 d\u00e9cembre et une petite semaine de repos bienvenue, la s\u00e9quence a d\u00e9but\u00e9 ce premier week-end des vacances pour le groupe demi-fond jeunes par un footing de 8\u2026","_links":{"self":[{"href":"https:\/\/janze-athletisme.fr\/wordpress\/wp-json\/wp\/v2\/posts\/22580","targetHints":{"allow":["GET"]}}],"collection":[{"href":"https:\/\/janze-athletisme.fr\/wordpress\/wp-json\/wp\/v2\/posts"}],"about":[{"href":"https:\/\/janze-athletisme.fr\/wordpress\/wp-json\/wp\/v2\/types\/post"}],"author":[{"embeddable":true,"href":"https:\/\/janze-athletisme.fr\/wordpress\/wp-json\/wp\/v2\/users\/12"}],"replies":[{"embeddable":true,"href":"https:\/\/janze-athletisme.fr\/wordpress\/wp-json\/wp\/v2\/comments?post=22580"}],"version-history":[{"count":3,"href":"https:\/\/janze-athletisme.fr\/wordpress\/wp-json\/wp\/v2\/posts\/22580\/revisions"}],"predecessor-version":[{"id":22616,"href":"https:\/\/janze-athletisme.fr\/wordpress\/wp-json\/wp\/v2\/posts\/22580\/revisions\/22616"}],"wp:featuredmedia":[{"embeddable":true,"href":"https:\/\/janze-athletisme.fr\/wordpress\/wp-json\/wp\/v2\/media\/22581"}],"wp:attachment":[{"href":"https:\/\/janze-athletisme.fr\/wordpress\/wp-json\/wp\/v2\/media?parent=22580"}],"wp:term":[{"taxonomy":"category","embeddable":true,"href":"https:\/\/janze-athletisme.fr\/wordpress\/wp-json\/wp\/v2\/categories?post=22580"},{"taxonomy":"post_tag","embeddable":true,"href":"https:\/\/janze-athletisme.fr\/wordpress\/wp-json\/wp\/v2\/tags?post=22580"}],"curies":[{"name":"wp","href":"https:\/\/api.w.org\/{rel}","templated":true}]}}