{"id":22557,"date":"2024-12-22T18:43:17","date_gmt":"2024-12-22T17:43:17","guid":{"rendered":"https:\/\/janze-athletisme.fr\/wordpress\/?p=22557"},"modified":"2024-12-26T11:58:00","modified_gmt":"2024-12-26T10:58:00","slug":"pour-aicha-cest-noel-avant-lheure","status":"publish","type":"post","link":"https:\/\/janze-athletisme.fr\/wordpress\/pour-aicha-cest-noel-avant-lheure\/","title":{"rendered":"Pour A\u00efcha, c&rsquo;est No\u00ebl avant l&rsquo;heure"},"content":{"rendered":"<p><span style=\"font-size: 18pt\"><strong>10km Ronde hivernale de Thaon-Les-Vosges, dimanche 22 d\u00e9cembre<\/strong><\/span><\/p>\n<p>Elle a travers\u00e9 une p\u00e9riode difficile \u00e0 l&rsquo;approche de l&rsquo;hiver, mais cela semble d\u00e9sormais derri\u00e8re elle. <strong>A\u00efcha<\/strong> Omrani, notre Janz\u00e9enne exil\u00e9e dans le Grand Est, s&rsquo;est align\u00e9e ce dimanche sur un 10km labellis\u00e9 FFA dans les Vosges (88), au milieu de 1700 concurrents, avec l&rsquo;espoir de se qualifier pour les France de la discipline.<\/p>\n<p>C&rsquo;est fait : avec 40&rsquo;36 (chrono r\u00e9el \/ excellent chrono !), en d\u00e9pit d&rsquo;une m\u00e9t\u00e9o peu propice, elle est 1\u00e8re M4F et a la qualif en poche.<\/p>\n<p>Elle a envoy\u00e9 quelques photos. Cela fait plaisir d&rsquo;avoir de tes nouvelles, A\u00efcha. On en redemande !<\/p>\n<p><a href=\"https:\/\/janze-athletisme.fr\/wordpress\/wp-content\/uploads\/2024\/12\/Aicha-1.jpg\"><img loading=\"lazy\" decoding=\"async\" class=\"alignnone wp-image-22558\" src=\"https:\/\/janze-athletisme.fr\/wordpress\/wp-content\/uploads\/2024\/12\/Aicha-1-225x300.jpg\" alt=\"\" width=\"195\" height=\"260\" \/><\/a> <a href=\"https:\/\/janze-athletisme.fr\/wordpress\/wp-content\/uploads\/2024\/12\/Aicha-2.jpg\"><img loading=\"lazy\" decoding=\"async\" class=\"alignnone wp-image-22559\" src=\"https:\/\/janze-athletisme.fr\/wordpress\/wp-content\/uploads\/2024\/12\/Aicha-2-225x300.jpg\" alt=\"\" width=\"197\" height=\"263\" \/> <\/a><a href=\"https:\/\/janze-athletisme.fr\/wordpress\/wp-content\/uploads\/2024\/12\/Aicha-3-1.jpg\"><img loading=\"lazy\" decoding=\"async\" class=\"alignnone wp-image-22561\" src=\"https:\/\/janze-athletisme.fr\/wordpress\/wp-content\/uploads\/2024\/12\/Aicha-3-1-225x300.jpg\" alt=\"\" width=\"199\" height=\"265\" srcset=\"https:\/\/janze-athletisme.fr\/wordpress\/wp-content\/uploads\/2024\/12\/Aicha-3-1-225x300.jpg 225w, https:\/\/janze-athletisme.fr\/wordpress\/wp-content\/uploads\/2024\/12\/Aicha-3-1-768x1024.jpg 768w, https:\/\/janze-athletisme.fr\/wordpress\/wp-content\/uploads\/2024\/12\/Aicha-3-1.jpg 1000w\" sizes=\"auto, (max-width: 199px) 100vw, 199px\" \/><\/a><a href=\"https:\/\/janze-athletisme.fr\/wordpress\/wp-content\/uploads\/2024\/12\/Aicha-5.jpg\"> <img loading=\"lazy\" decoding=\"async\" class=\"alignnone wp-image-22562\" src=\"https:\/\/janze-athletisme.fr\/wordpress\/wp-content\/uploads\/2024\/12\/Aicha-5-208x300.jpg\" alt=\"\" width=\"185\" height=\"267\" srcset=\"https:\/\/janze-athletisme.fr\/wordpress\/wp-content\/uploads\/2024\/12\/Aicha-5-208x300.jpg 208w, https:\/\/janze-athletisme.fr\/wordpress\/wp-content\/uploads\/2024\/12\/Aicha-5-712x1024.jpg 712w, https:\/\/janze-athletisme.fr\/wordpress\/wp-content\/uploads\/2024\/12\/Aicha-5-768x1105.jpg 768w, https:\/\/janze-athletisme.fr\/wordpress\/wp-content\/uploads\/2024\/12\/Aicha-5.jpg 1000w\" sizes=\"auto, (max-width: 185px) 100vw, 185px\" \/>\u00a0<\/a><\/p>\n<p><span style=\"font-size: 14pt\"><strong>2e femme d&rsquo;un cross national de la Police le 19 novembre<\/strong><\/span><\/p>\n<p>A\u00efcha ne court pas seulement pour son plaisir et sa sant\u00e9 : il lui arrive aussi de satisfaire \u00e0 des obligations professionnelles avec les pointes aux pieds, comme ce 19 novembre, o\u00f9 elle a particip\u00e9 \u00e0 un cross national de la police. Bilan : 2e f\u00e9minine au scratch et 1\u00e8re de sa cat\u00e9gorie, avec une moyenne de 4&rsquo;41 au km sur un parcours de 8km, avec de la pluie, du vent et des raidillons en guise de c\u00f4tes. Bravo A\u00efcha !<\/p>\n","protected":false},"excerpt":{"rendered":"<p>10km Ronde hivernale de Thaon-Les-Vosges, dimanche 22 d\u00e9cembre Elle a travers\u00e9 une p\u00e9riode difficile \u00e0 l&rsquo;approche de l&rsquo;hiver, mais cela semble d\u00e9sormais derri\u00e8re elle. A\u00efcha Omrani, notre Janz\u00e9enne exil\u00e9e dans le Grand Est, s&rsquo;est align\u00e9e ce dimanche sur un 10km labellis\u00e9 FFA dans les Vosges (88), au milieu de 1700 concurrents, avec l&rsquo;espoir de se [&hellip;]<\/p>\n","protected":false},"author":12,"featured_media":0,"comment_status":"open","ping_status":"open","sticky":false,"template":"","format":"aside","meta":{"_uag_custom_page_level_css":"","site-sidebar-layout":"default","site-content-layout":"","ast-site-content-layout":"default","site-content-style":"default","site-sidebar-style":"default","ast-global-header-display":"","ast-banner-title-visibility":"","ast-main-header-display":"","ast-hfb-above-header-display":"","ast-hfb-below-header-display":"","ast-hfb-mobile-header-display":"","site-post-title":"","ast-breadcrumbs-content":"","ast-featured-img":"","footer-sml-layout":"","ast-disable-related-posts":"","theme-transparent-header-meta":"default","adv-header-id-meta":"","stick-header-meta":"","header-above-stick-meta":"","header-main-stick-meta":"","header-below-stick-meta":"","astra-migrate-meta-layouts":"set","ast-page-background-enabled":"default","ast-page-background-meta":{"desktop":{"background-color":"var(--ast-global-color-4)","background-image":"","background-repeat":"repeat","background-position":"center center","background-size":"auto","background-attachment":"scroll","background-type":"","background-media":"","overlay-type":"","overlay-color":"","overlay-opacity":"","overlay-gradient":""},"tablet":{"background-color":"","background-image":"","background-repeat":"repeat","background-position":"center center","background-size":"auto","background-attachment":"scroll","background-type":"","background-media":"","overlay-type":"","overlay-color":"","overlay-opacity":"","overlay-gradient":""},"mobile":{"background-color":"","background-image":"","background-repeat":"repeat","background-position":"center center","background-size":"auto","background-attachment":"scroll","background-type":"","background-media":"","overlay-type":"","overlay-color":"","overlay-opacity":"","overlay-gradient":""}},"ast-content-background-meta":{"desktop":{"background-color":"var(--ast-global-color-5)","background-image":"","background-repeat":"repeat","background-position":"center center","background-size":"auto","background-attachment":"scroll","background-type":"","background-media":"","overlay-type":"","overlay-color":"","overlay-opacity":"","overlay-gradient":""},"tablet":{"background-color":"var(--ast-global-color-5)","background-image":"","background-repeat":"repeat","background-position":"center center","background-size":"auto","background-attachment":"scroll","background-type":"","background-media":"","overlay-type":"","overlay-color":"","overlay-opacity":"","overlay-gradient":""},"mobile":{"background-color":"var(--ast-global-color-5)","background-image":"","background-repeat":"repeat","background-position":"center center","background-size":"auto","background-attachment":"scroll","background-type":"","background-media":"","overlay-type":"","overlay-color":"","overlay-opacity":"","overlay-gradient":""}},"footnotes":""},"categories":[6],"tags":[],"class_list":["post-22557","post","type-post","status-publish","format-aside","hentry","category-sections","post_format-post-format-aside"],"yoast_head":"<!-- This site is optimized with the Yoast SEO plugin v27.5 - https:\/\/yoast.com\/product\/yoast-seo-wordpress\/ -->\n<title>Pour A\u00efcha, c&#039;est No\u00ebl avant l&#039;heure - Janz\u00e9 Athl\u00e9tisme<\/title>\n<meta name=\"robots\" content=\"index, follow, max-snippet:-1, max-image-preview:large, max-video-preview:-1\" \/>\n<link rel=\"canonical\" href=\"https:\/\/janze-athletisme.fr\/wordpress\/pour-aicha-cest-noel-avant-lheure\/\" \/>\n<meta property=\"og:locale\" content=\"fr_FR\" \/>\n<meta property=\"og:type\" content=\"article\" \/>\n<meta property=\"og:title\" content=\"Pour A\u00efcha, c&#039;est No\u00ebl avant l&#039;heure - Janz\u00e9 Athl\u00e9tisme\" \/>\n<meta property=\"og:description\" content=\"10km Ronde hivernale de Thaon-Les-Vosges, dimanche 22 d\u00e9cembre Elle a travers\u00e9 une p\u00e9riode difficile \u00e0 l&rsquo;approche de l&rsquo;hiver, mais cela semble d\u00e9sormais derri\u00e8re elle. A\u00efcha Omrani, notre Janz\u00e9enne exil\u00e9e dans le Grand Est, s&rsquo;est align\u00e9e ce dimanche sur un 10km labellis\u00e9 FFA dans les Vosges (88), au milieu de 1700 concurrents, avec l&rsquo;espoir de se [&hellip;]\" \/>\n<meta property=\"og:url\" content=\"https:\/\/janze-athletisme.fr\/wordpress\/pour-aicha-cest-noel-avant-lheure\/\" \/>\n<meta property=\"og:site_name\" content=\"Janz\u00e9 Athl\u00e9tisme\" \/>\n<meta property=\"article:publisher\" content=\"https:\/\/www.facebook.com\/groups\/1007964579346590\" \/>\n<meta property=\"article:published_time\" content=\"2024-12-22T17:43:17+00:00\" \/>\n<meta property=\"article:modified_time\" content=\"2024-12-26T10:58:00+00:00\" \/>\n<meta property=\"og:image\" content=\"https:\/\/janze-athletisme.fr\/wordpress\/wp-content\/uploads\/2024\/12\/Aicha-6-e1734889320886.jpg\" \/>\n\t<meta property=\"og:image:width\" content=\"1000\" \/>\n\t<meta property=\"og:image:height\" content=\"1095\" \/>\n\t<meta property=\"og:image:type\" content=\"image\/jpeg\" \/>\n<meta name=\"author\" content=\"Laurent Meunier\" \/>\n<meta name=\"twitter:card\" content=\"summary_large_image\" \/>\n<meta name=\"twitter:label1\" content=\"\u00c9crit par\" \/>\n\t<meta name=\"twitter:data1\" content=\"Laurent Meunier\" \/>\n\t<meta name=\"twitter:label2\" content=\"Dur\u00e9e de lecture estim\u00e9e\" \/>\n\t<meta name=\"twitter:data2\" content=\"2 minutes\" \/>\n<script type=\"application\/ld+json\" class=\"yoast-schema-graph\">{\"@context\":\"https:\\\/\\\/schema.org\",\"@graph\":[{\"@type\":\"Article\",\"@id\":\"https:\\\/\\\/janze-athletisme.fr\\\/wordpress\\\/pour-aicha-cest-noel-avant-lheure\\\/#article\",\"isPartOf\":{\"@id\":\"https:\\\/\\\/janze-athletisme.fr\\\/wordpress\\\/pour-aicha-cest-noel-avant-lheure\\\/\"},\"author\":{\"name\":\"Laurent Meunier\",\"@id\":\"https:\\\/\\\/janze-athletisme.fr\\\/wordpress\\\/#\\\/schema\\\/person\\\/c7b063dcfa6234c041d4d9b26cc2ea03\"},\"headline\":\"Pour A\u00efcha, c&rsquo;est No\u00ebl avant l&rsquo;heure\",\"datePublished\":\"2024-12-22T17:43:17+00:00\",\"dateModified\":\"2024-12-26T10:58:00+00:00\",\"mainEntityOfPage\":{\"@id\":\"https:\\\/\\\/janze-athletisme.fr\\\/wordpress\\\/pour-aicha-cest-noel-avant-lheure\\\/\"},\"wordCount\":218,\"commentCount\":0,\"publisher\":{\"@id\":\"https:\\\/\\\/janze-athletisme.fr\\\/wordpress\\\/#organization\"},\"image\":{\"@id\":\"https:\\\/\\\/janze-athletisme.fr\\\/wordpress\\\/pour-aicha-cest-noel-avant-lheure\\\/#primaryimage\"},\"thumbnailUrl\":\"https:\\\/\\\/janze-athletisme.fr\\\/wordpress\\\/wp-content\\\/uploads\\\/2024\\\/12\\\/Aicha-1-225x300.jpg\",\"articleSection\":[\"Le club au jour le jour\"],\"inLanguage\":\"fr-FR\",\"potentialAction\":[{\"@type\":\"CommentAction\",\"name\":\"Comment\",\"target\":[\"https:\\\/\\\/janze-athletisme.fr\\\/wordpress\\\/pour-aicha-cest-noel-avant-lheure\\\/#respond\"]}]},{\"@type\":\"WebPage\",\"@id\":\"https:\\\/\\\/janze-athletisme.fr\\\/wordpress\\\/pour-aicha-cest-noel-avant-lheure\\\/\",\"url\":\"https:\\\/\\\/janze-athletisme.fr\\\/wordpress\\\/pour-aicha-cest-noel-avant-lheure\\\/\",\"name\":\"Pour A\u00efcha, c'est No\u00ebl avant l'heure - Janz\u00e9 Athl\u00e9tisme\",\"isPartOf\":{\"@id\":\"https:\\\/\\\/janze-athletisme.fr\\\/wordpress\\\/#website\"},\"primaryImageOfPage\":{\"@id\":\"https:\\\/\\\/janze-athletisme.fr\\\/wordpress\\\/pour-aicha-cest-noel-avant-lheure\\\/#primaryimage\"},\"image\":{\"@id\":\"https:\\\/\\\/janze-athletisme.fr\\\/wordpress\\\/pour-aicha-cest-noel-avant-lheure\\\/#primaryimage\"},\"thumbnailUrl\":\"https:\\\/\\\/janze-athletisme.fr\\\/wordpress\\\/wp-content\\\/uploads\\\/2024\\\/12\\\/Aicha-1-225x300.jpg\",\"datePublished\":\"2024-12-22T17:43:17+00:00\",\"dateModified\":\"2024-12-26T10:58:00+00:00\",\"breadcrumb\":{\"@id\":\"https:\\\/\\\/janze-athletisme.fr\\\/wordpress\\\/pour-aicha-cest-noel-avant-lheure\\\/#breadcrumb\"},\"inLanguage\":\"fr-FR\",\"potentialAction\":[{\"@type\":\"ReadAction\",\"target\":[\"https:\\\/\\\/janze-athletisme.fr\\\/wordpress\\\/pour-aicha-cest-noel-avant-lheure\\\/\"]}]},{\"@type\":\"ImageObject\",\"inLanguage\":\"fr-FR\",\"@id\":\"https:\\\/\\\/janze-athletisme.fr\\\/wordpress\\\/pour-aicha-cest-noel-avant-lheure\\\/#primaryimage\",\"url\":\"https:\\\/\\\/janze-athletisme.fr\\\/wordpress\\\/wp-content\\\/uploads\\\/2024\\\/12\\\/Aicha-1-225x300.jpg\",\"contentUrl\":\"https:\\\/\\\/janze-athletisme.fr\\\/wordpress\\\/wp-content\\\/uploads\\\/2024\\\/12\\\/Aicha-1-225x300.jpg\"},{\"@type\":\"BreadcrumbList\",\"@id\":\"https:\\\/\\\/janze-athletisme.fr\\\/wordpress\\\/pour-aicha-cest-noel-avant-lheure\\\/#breadcrumb\",\"itemListElement\":[{\"@type\":\"ListItem\",\"position\":1,\"name\":\"Accueil\",\"item\":\"https:\\\/\\\/janze-athletisme.fr\\\/wordpress\\\/\"},{\"@type\":\"ListItem\",\"position\":2,\"name\":\"Pour A\u00efcha, c&rsquo;est No\u00ebl avant l&rsquo;heure\"}]},{\"@type\":\"WebSite\",\"@id\":\"https:\\\/\\\/janze-athletisme.fr\\\/wordpress\\\/#website\",\"url\":\"https:\\\/\\\/janze-athletisme.fr\\\/wordpress\\\/\",\"name\":\"Janz\u00e9 Athl\u00e9tisme\",\"description\":\"Pays de La Roche aux F\u00e9es\",\"publisher\":{\"@id\":\"https:\\\/\\\/janze-athletisme.fr\\\/wordpress\\\/#organization\"},\"potentialAction\":[{\"@type\":\"SearchAction\",\"target\":{\"@type\":\"EntryPoint\",\"urlTemplate\":\"https:\\\/\\\/janze-athletisme.fr\\\/wordpress\\\/?s={search_term_string}\"},\"query-input\":{\"@type\":\"PropertyValueSpecification\",\"valueRequired\":true,\"valueName\":\"search_term_string\"}}],\"inLanguage\":\"fr-FR\"},{\"@type\":\"Organization\",\"@id\":\"https:\\\/\\\/janze-athletisme.fr\\\/wordpress\\\/#organization\",\"name\":\"Janz\u00e9 Athl\u00e9tisme\",\"url\":\"https:\\\/\\\/janze-athletisme.fr\\\/wordpress\\\/\",\"logo\":{\"@type\":\"ImageObject\",\"inLanguage\":\"fr-FR\",\"@id\":\"https:\\\/\\\/janze-athletisme.fr\\\/wordpress\\\/#\\\/schema\\\/logo\\\/image\\\/\",\"url\":\"https:\\\/\\\/janze-athletisme.fr\\\/wordpress\\\/wp-content\\\/uploads\\\/2015\\\/03\\\/logo-full1.jpg\",\"contentUrl\":\"https:\\\/\\\/janze-athletisme.fr\\\/wordpress\\\/wp-content\\\/uploads\\\/2015\\\/03\\\/logo-full1.jpg\",\"width\":437,\"height\":205,\"caption\":\"Janz\u00e9 Athl\u00e9tisme\"},\"image\":{\"@id\":\"https:\\\/\\\/janze-athletisme.fr\\\/wordpress\\\/#\\\/schema\\\/logo\\\/image\\\/\"},\"sameAs\":[\"https:\\\/\\\/www.facebook.com\\\/groups\\\/1007964579346590\"]},{\"@type\":\"Person\",\"@id\":\"https:\\\/\\\/janze-athletisme.fr\\\/wordpress\\\/#\\\/schema\\\/person\\\/c7b063dcfa6234c041d4d9b26cc2ea03\",\"name\":\"Laurent Meunier\",\"image\":{\"@type\":\"ImageObject\",\"inLanguage\":\"fr-FR\",\"@id\":\"https:\\\/\\\/secure.gravatar.com\\\/avatar\\\/dd25d581ad7c3349090f2fa6a9adb6bfa287e6a5dd8a5216a092727cd8749034?s=96&d=mm&r=g\",\"url\":\"https:\\\/\\\/secure.gravatar.com\\\/avatar\\\/dd25d581ad7c3349090f2fa6a9adb6bfa287e6a5dd8a5216a092727cd8749034?s=96&d=mm&r=g\",\"contentUrl\":\"https:\\\/\\\/secure.gravatar.com\\\/avatar\\\/dd25d581ad7c3349090f2fa6a9adb6bfa287e6a5dd8a5216a092727cd8749034?s=96&d=mm&r=g\",\"caption\":\"Laurent Meunier\"},\"url\":\"https:\\\/\\\/janze-athletisme.fr\\\/wordpress\\\/author\\\/laurent-meunier35\\\/\"}]}<\/script>\n<!-- \/ Yoast SEO plugin. -->","yoast_head_json":{"title":"Pour A\u00efcha, c'est No\u00ebl avant l'heure - Janz\u00e9 Athl\u00e9tisme","robots":{"index":"index","follow":"follow","max-snippet":"max-snippet:-1","max-image-preview":"max-image-preview:large","max-video-preview":"max-video-preview:-1"},"canonical":"https:\/\/janze-athletisme.fr\/wordpress\/pour-aicha-cest-noel-avant-lheure\/","og_locale":"fr_FR","og_type":"article","og_title":"Pour A\u00efcha, c'est No\u00ebl avant l'heure - Janz\u00e9 Athl\u00e9tisme","og_description":"10km Ronde hivernale de Thaon-Les-Vosges, dimanche 22 d\u00e9cembre Elle a travers\u00e9 une p\u00e9riode difficile \u00e0 l&rsquo;approche de l&rsquo;hiver, mais cela semble d\u00e9sormais derri\u00e8re elle. A\u00efcha Omrani, notre Janz\u00e9enne exil\u00e9e dans le Grand Est, s&rsquo;est align\u00e9e ce dimanche sur un 10km labellis\u00e9 FFA dans les Vosges (88), au milieu de 1700 concurrents, avec l&rsquo;espoir de se [&hellip;]","og_url":"https:\/\/janze-athletisme.fr\/wordpress\/pour-aicha-cest-noel-avant-lheure\/","og_site_name":"Janz\u00e9 Athl\u00e9tisme","article_publisher":"https:\/\/www.facebook.com\/groups\/1007964579346590","article_published_time":"2024-12-22T17:43:17+00:00","article_modified_time":"2024-12-26T10:58:00+00:00","og_image":[{"width":1000,"height":1095,"url":"https:\/\/janze-athletisme.fr\/wordpress\/wp-content\/uploads\/2024\/12\/Aicha-6-e1734889320886.jpg","type":"image\/jpeg"}],"author":"Laurent Meunier","twitter_card":"summary_large_image","twitter_misc":{"\u00c9crit par":"Laurent Meunier","Dur\u00e9e de lecture estim\u00e9e":"2 minutes"},"schema":{"@context":"https:\/\/schema.org","@graph":[{"@type":"Article","@id":"https:\/\/janze-athletisme.fr\/wordpress\/pour-aicha-cest-noel-avant-lheure\/#article","isPartOf":{"@id":"https:\/\/janze-athletisme.fr\/wordpress\/pour-aicha-cest-noel-avant-lheure\/"},"author":{"name":"Laurent Meunier","@id":"https:\/\/janze-athletisme.fr\/wordpress\/#\/schema\/person\/c7b063dcfa6234c041d4d9b26cc2ea03"},"headline":"Pour A\u00efcha, c&rsquo;est No\u00ebl avant l&rsquo;heure","datePublished":"2024-12-22T17:43:17+00:00","dateModified":"2024-12-26T10:58:00+00:00","mainEntityOfPage":{"@id":"https:\/\/janze-athletisme.fr\/wordpress\/pour-aicha-cest-noel-avant-lheure\/"},"wordCount":218,"commentCount":0,"publisher":{"@id":"https:\/\/janze-athletisme.fr\/wordpress\/#organization"},"image":{"@id":"https:\/\/janze-athletisme.fr\/wordpress\/pour-aicha-cest-noel-avant-lheure\/#primaryimage"},"thumbnailUrl":"https:\/\/janze-athletisme.fr\/wordpress\/wp-content\/uploads\/2024\/12\/Aicha-1-225x300.jpg","articleSection":["Le club au jour le jour"],"inLanguage":"fr-FR","potentialAction":[{"@type":"CommentAction","name":"Comment","target":["https:\/\/janze-athletisme.fr\/wordpress\/pour-aicha-cest-noel-avant-lheure\/#respond"]}]},{"@type":"WebPage","@id":"https:\/\/janze-athletisme.fr\/wordpress\/pour-aicha-cest-noel-avant-lheure\/","url":"https:\/\/janze-athletisme.fr\/wordpress\/pour-aicha-cest-noel-avant-lheure\/","name":"Pour A\u00efcha, c'est No\u00ebl avant l'heure - Janz\u00e9 Athl\u00e9tisme","isPartOf":{"@id":"https:\/\/janze-athletisme.fr\/wordpress\/#website"},"primaryImageOfPage":{"@id":"https:\/\/janze-athletisme.fr\/wordpress\/pour-aicha-cest-noel-avant-lheure\/#primaryimage"},"image":{"@id":"https:\/\/janze-athletisme.fr\/wordpress\/pour-aicha-cest-noel-avant-lheure\/#primaryimage"},"thumbnailUrl":"https:\/\/janze-athletisme.fr\/wordpress\/wp-content\/uploads\/2024\/12\/Aicha-1-225x300.jpg","datePublished":"2024-12-22T17:43:17+00:00","dateModified":"2024-12-26T10:58:00+00:00","breadcrumb":{"@id":"https:\/\/janze-athletisme.fr\/wordpress\/pour-aicha-cest-noel-avant-lheure\/#breadcrumb"},"inLanguage":"fr-FR","potentialAction":[{"@type":"ReadAction","target":["https:\/\/janze-athletisme.fr\/wordpress\/pour-aicha-cest-noel-avant-lheure\/"]}]},{"@type":"ImageObject","inLanguage":"fr-FR","@id":"https:\/\/janze-athletisme.fr\/wordpress\/pour-aicha-cest-noel-avant-lheure\/#primaryimage","url":"https:\/\/janze-athletisme.fr\/wordpress\/wp-content\/uploads\/2024\/12\/Aicha-1-225x300.jpg","contentUrl":"https:\/\/janze-athletisme.fr\/wordpress\/wp-content\/uploads\/2024\/12\/Aicha-1-225x300.jpg"},{"@type":"BreadcrumbList","@id":"https:\/\/janze-athletisme.fr\/wordpress\/pour-aicha-cest-noel-avant-lheure\/#breadcrumb","itemListElement":[{"@type":"ListItem","position":1,"name":"Accueil","item":"https:\/\/janze-athletisme.fr\/wordpress\/"},{"@type":"ListItem","position":2,"name":"Pour A\u00efcha, c&rsquo;est No\u00ebl avant l&rsquo;heure"}]},{"@type":"WebSite","@id":"https:\/\/janze-athletisme.fr\/wordpress\/#website","url":"https:\/\/janze-athletisme.fr\/wordpress\/","name":"Janz\u00e9 Athl\u00e9tisme","description":"Pays de La Roche aux F\u00e9es","publisher":{"@id":"https:\/\/janze-athletisme.fr\/wordpress\/#organization"},"potentialAction":[{"@type":"SearchAction","target":{"@type":"EntryPoint","urlTemplate":"https:\/\/janze-athletisme.fr\/wordpress\/?s={search_term_string}"},"query-input":{"@type":"PropertyValueSpecification","valueRequired":true,"valueName":"search_term_string"}}],"inLanguage":"fr-FR"},{"@type":"Organization","@id":"https:\/\/janze-athletisme.fr\/wordpress\/#organization","name":"Janz\u00e9 Athl\u00e9tisme","url":"https:\/\/janze-athletisme.fr\/wordpress\/","logo":{"@type":"ImageObject","inLanguage":"fr-FR","@id":"https:\/\/janze-athletisme.fr\/wordpress\/#\/schema\/logo\/image\/","url":"https:\/\/janze-athletisme.fr\/wordpress\/wp-content\/uploads\/2015\/03\/logo-full1.jpg","contentUrl":"https:\/\/janze-athletisme.fr\/wordpress\/wp-content\/uploads\/2015\/03\/logo-full1.jpg","width":437,"height":205,"caption":"Janz\u00e9 Athl\u00e9tisme"},"image":{"@id":"https:\/\/janze-athletisme.fr\/wordpress\/#\/schema\/logo\/image\/"},"sameAs":["https:\/\/www.facebook.com\/groups\/1007964579346590"]},{"@type":"Person","@id":"https:\/\/janze-athletisme.fr\/wordpress\/#\/schema\/person\/c7b063dcfa6234c041d4d9b26cc2ea03","name":"Laurent Meunier","image":{"@type":"ImageObject","inLanguage":"fr-FR","@id":"https:\/\/secure.gravatar.com\/avatar\/dd25d581ad7c3349090f2fa6a9adb6bfa287e6a5dd8a5216a092727cd8749034?s=96&d=mm&r=g","url":"https:\/\/secure.gravatar.com\/avatar\/dd25d581ad7c3349090f2fa6a9adb6bfa287e6a5dd8a5216a092727cd8749034?s=96&d=mm&r=g","contentUrl":"https:\/\/secure.gravatar.com\/avatar\/dd25d581ad7c3349090f2fa6a9adb6bfa287e6a5dd8a5216a092727cd8749034?s=96&d=mm&r=g","caption":"Laurent Meunier"},"url":"https:\/\/janze-athletisme.fr\/wordpress\/author\/laurent-meunier35\/"}]}},"uagb_featured_image_src":{"full":false,"thumbnail":false,"medium":false,"medium_large":false,"large":false,"1536x1536":false,"2048x2048":false},"uagb_author_info":{"display_name":"Laurent Meunier","author_link":"https:\/\/janze-athletisme.fr\/wordpress\/author\/laurent-meunier35\/"},"uagb_comment_info":0,"uagb_excerpt":"10km Ronde hivernale de Thaon-Les-Vosges, dimanche 22 d\u00e9cembre Elle a travers\u00e9 une p\u00e9riode difficile \u00e0 l&rsquo;approche de l&rsquo;hiver, mais cela semble d\u00e9sormais derri\u00e8re elle. A\u00efcha Omrani, notre Janz\u00e9enne exil\u00e9e dans le Grand Est, s&rsquo;est align\u00e9e ce dimanche sur un 10km labellis\u00e9 FFA dans les Vosges (88), au milieu de 1700 concurrents, avec l&rsquo;espoir de se\u2026","_links":{"self":[{"href":"https:\/\/janze-athletisme.fr\/wordpress\/wp-json\/wp\/v2\/posts\/22557","targetHints":{"allow":["GET"]}}],"collection":[{"href":"https:\/\/janze-athletisme.fr\/wordpress\/wp-json\/wp\/v2\/posts"}],"about":[{"href":"https:\/\/janze-athletisme.fr\/wordpress\/wp-json\/wp\/v2\/types\/post"}],"author":[{"embeddable":true,"href":"https:\/\/janze-athletisme.fr\/wordpress\/wp-json\/wp\/v2\/users\/12"}],"replies":[{"embeddable":true,"href":"https:\/\/janze-athletisme.fr\/wordpress\/wp-json\/wp\/v2\/comments?post=22557"}],"version-history":[{"count":3,"href":"https:\/\/janze-athletisme.fr\/wordpress\/wp-json\/wp\/v2\/posts\/22557\/revisions"}],"predecessor-version":[{"id":22611,"href":"https:\/\/janze-athletisme.fr\/wordpress\/wp-json\/wp\/v2\/posts\/22557\/revisions\/22611"}],"wp:attachment":[{"href":"https:\/\/janze-athletisme.fr\/wordpress\/wp-json\/wp\/v2\/media?parent=22557"}],"wp:term":[{"taxonomy":"category","embeddable":true,"href":"https:\/\/janze-athletisme.fr\/wordpress\/wp-json\/wp\/v2\/categories?post=22557"},{"taxonomy":"post_tag","embeddable":true,"href":"https:\/\/janze-athletisme.fr\/wordpress\/wp-json\/wp\/v2\/tags?post=22557"}],"curies":[{"name":"wp","href":"https:\/\/api.w.org\/{rel}","templated":true}]}}