{"id":22545,"date":"2024-12-20T18:06:12","date_gmt":"2024-12-20T17:06:12","guid":{"rendered":"https:\/\/janze-athletisme.fr\/wordpress\/?p=22545"},"modified":"2024-12-22T09:34:36","modified_gmt":"2024-12-22T08:34:36","slug":"des-maillots-jaunes-actifs-les-14-et-15-decembre","status":"publish","type":"post","link":"https:\/\/janze-athletisme.fr\/wordpress\/des-maillots-jaunes-actifs-les-14-et-15-decembre\/","title":{"rendered":"Des maillots jaunes actifs les 14 et 15 d\u00e9cembre"},"content":{"rendered":"<p><span style=\"font-size: 18pt\"><strong>R\u00e9sultats du dernier week-end sur les stades<\/strong><\/span><\/p>\n<p><span style=\"font-size: 14pt\"><strong>Meeting lancers longs de l&rsquo;ASPTT, samedi 14 d\u00e9cembre<\/strong><\/span><\/p>\n<p><strong>Solyne<\/strong> Mariette \u00e9tait seule en piste pour l&rsquo;occasion, au stade Robert-Launay, \u00e0 Rennes. Align\u00e9e au javelot 500gr, elle reste loin de son record (16m43 contre 20m09), mais se pr\u00e9pare activement pour les championnats R\u00e9gionaux de la discipline, le 8 f\u00e9vrier prochain.<\/p>\n<p><span style=\"font-size: 14pt\"><strong>Tour hivernal Equip&rsquo;athl\u00e9 BE-MI, salle Robert-Poirier, samedi 14 d\u00e9cembre<\/strong><\/span><\/p>\n<p>L&rsquo;\u00e9quipe EAC minimes, resserr\u00e9e et compos\u00e9e exclusivement de Cessonnais (5 filles, 2 gar\u00e7ons), est 4<sup>e<\/sup> sur 11 \u00e9quipes class\u00e9es en N2, avec quelques beaux r\u00e9sultats individuels\u2026 Cela promet quand nos Janz\u00e9en(ne)s vont retrouver le groupe au printemps prochain. Leurs forces conjugu\u00e9es vont les rendre redoutables.<\/p>\n<table style=\"width: 100%\">\n<tbody>\n<tr>\n<td style=\"width: 30.9091%\" width=\"101\"><strong>Athl\u00e8te<\/strong><\/td>\n<td style=\"width: 22.3637%\" width=\"101\"><strong>\u00c9preuve<\/strong><\/td>\n<td style=\"text-align: center;width: 23.6364%\" width=\"101\"><strong>Performance<\/strong><\/td>\n<td style=\"text-align: center;width: 23%\" width=\"123\"><strong>Points marqu\u00e9s<\/strong><\/td>\n<\/tr>\n<tr>\n<td style=\"width: 30.9091%\" width=\"101\">Jeanne Serraj<\/td>\n<td style=\"width: 22.3637%\" width=\"101\">50m<\/td>\n<td style=\"text-align: center;width: 23.6364%\" width=\"101\">7&Prime;08<\/td>\n<td style=\"text-align: center;width: 23%\" width=\"123\">39<\/td>\n<\/tr>\n<tr>\n<td style=\"width: 30.9091%\" width=\"101\">Elyn Ribi\u00e8re<\/td>\n<td style=\"width: 22.3637%\" width=\"101\">Hauteur<\/td>\n<td style=\"text-align: center;width: 23.6364%\" width=\"101\">1m38<\/td>\n<td style=\"text-align: center;width: 23%\" width=\"123\">33<\/td>\n<\/tr>\n<tr>\n<td style=\"width: 30.9091%\" width=\"101\">Lison Mayeur<\/td>\n<td style=\"width: 22.3637%\" width=\"101\">50m<\/td>\n<td style=\"text-align: center;width: 23.6364%\" width=\"101\">7&Prime;55<\/td>\n<td style=\"text-align: center;width: 23%\" width=\"123\">32<\/td>\n<\/tr>\n<tr>\n<td style=\"width: 30.9091%\" width=\"101\">Jeanne Serraj<\/td>\n<td style=\"width: 22.3637%\" width=\"101\">Longueur<\/td>\n<td style=\"text-align: center;width: 23.6364%\" width=\"101\">4m33<\/td>\n<td style=\"text-align: center;width: 23%\" width=\"123\">32<\/td>\n<\/tr>\n<tr>\n<td style=\"width: 30.9091%\" width=\"101\">Jeanne Serraj<\/td>\n<td style=\"width: 22.3637%\" width=\"101\">Poids 3kg<\/td>\n<td style=\"text-align: center;width: 23.6364%\" width=\"101\">7m02<\/td>\n<td style=\"text-align: center;width: 23%\" width=\"123\">30<\/td>\n<\/tr>\n<\/tbody>\n<\/table>\n<p>\u00c0 noter aussi, Tommy Saussier, seul \u00e0 concourir en benjamins pour l&rsquo;EAC (Cesson), 7&Prime;85 sur 50m et 6m73 au poids 3kg.<\/p>\n<p>Les r\u00e9sultats globaux sont <a href=\"https:\/\/bases.athle.fr\/asp.net\/liste.aspx?frmbase=resultats&amp;frmmode=1&amp;frmespace=0&amp;frmcompetition=299757\">ICI<\/a>.<\/p>\n<p><strong>Meeting de l&rsquo;AP Redon, dimanche 15 d\u00e9cembre<\/strong><\/p>\n<p>Nous avons parl\u00e9 (<a href=\"https:\/\/janze-athletisme.fr\/wordpress\/un-petit-800m-pour-finir-le-week-end-cohesion\/\">ICI<\/a>) de notre petite d\u00e9l\u00e9gation janz\u00e9enne, mais l&rsquo;EAC\/Cesson \u00e9tait pr\u00e9sent en nombre \u00e0 ce meeting, avec de grosses grosses perfs :<\/p>\n<table style=\"width: 100%\">\n<tbody>\n<tr>\n<td style=\"width: 30.7273%\" width=\"149\"><strong>Athl\u00e8te<\/strong><\/td>\n<td style=\"width: 21.7272%\" width=\"140\"><strong>\u00c9preuve<\/strong><\/td>\n<td style=\"text-align: center;width: 16.7273%\" width=\"103\"><strong>Performance<\/strong><\/td>\n<td style=\"text-align: center;width: 16.1818%\" width=\"99\"><strong>Points table de cotation<\/strong><\/td>\n<td style=\"text-align: center;width: 14.5455%\" width=\"74\"><strong>Niveau<\/strong><\/td>\n<\/tr>\n<tr>\n<td style=\"width: 30.7273%\" width=\"149\">Marie Duvigneau<\/td>\n<td style=\"width: 21.7272%\" width=\"140\">200m SEF<\/td>\n<td style=\"text-align: center;width: 16.7273%\" width=\"103\">24&Prime;83<\/td>\n<td style=\"text-align: center;width: 16.1818%\" width=\"99\">1008<\/td>\n<td style=\"text-align: center;width: 14.5455%\" width=\"74\">N4<\/td>\n<\/tr>\n<tr>\n<td style=\"width: 30.7273%\" width=\"149\">Marie Duvigneau<\/td>\n<td style=\"width: 21.7272%\" width=\"140\">60m SEF<\/td>\n<td style=\"text-align: center;width: 16.7273%\" width=\"103\">8&Prime;00<\/td>\n<td style=\"text-align: center;width: 16.1818%\" width=\"99\">896<\/td>\n<td style=\"text-align: center;width: 14.5455%\" width=\"74\">IR1<\/td>\n<\/tr>\n<tr>\n<td style=\"width: 30.7273%\" width=\"149\">Martin Lambard<\/td>\n<td style=\"width: 21.7272%\" width=\"140\">800m SEM<\/td>\n<td style=\"text-align: center;width: 16.7273%\" width=\"103\">1&rsquo;57&Prime;77<\/td>\n<td style=\"text-align: center;width: 16.1818%\" width=\"99\">865<\/td>\n<td style=\"text-align: center;width: 14.5455%\" width=\"74\">IR2<\/td>\n<\/tr>\n<tr>\n<td style=\"width: 30.7273%\" width=\"149\">Pauline Le Bihan<\/td>\n<td style=\"width: 21.7272%\" width=\"140\">60m ESF<\/td>\n<td style=\"text-align: center;width: 16.7273%\" width=\"103\">8&Prime;13<\/td>\n<td style=\"text-align: center;width: 16.1818%\" width=\"99\">857<\/td>\n<td style=\"text-align: center;width: 14.5455%\" width=\"74\">IR2<\/td>\n<\/tr>\n<tr>\n<td style=\"width: 30.7273%\" width=\"149\">Sterenn Tanguy<\/td>\n<td style=\"width: 21.7272%\" width=\"140\">60m haies (84) JUF<\/td>\n<td style=\"text-align: center;width: 16.7273%\" width=\"103\">9&Prime;48<\/td>\n<td style=\"text-align: center;width: 16.1818%\" width=\"99\">848<\/td>\n<td style=\"text-align: center;width: 14.5455%\" width=\"74\">IR2<\/td>\n<\/tr>\n<tr>\n<td style=\"width: 30.7273%\" width=\"149\">Lucie Duvigneau<\/td>\n<td style=\"width: 21.7272%\" width=\"140\">200m CAF<\/td>\n<td style=\"text-align: center;width: 16.7273%\" width=\"103\">26&Prime;40<\/td>\n<td style=\"text-align: center;width: 16.1818%\" width=\"99\">840<\/td>\n<td style=\"text-align: center;width: 14.5455%\" width=\"74\">IR4<\/td>\n<\/tr>\n<tr>\n<td style=\"width: 30.7273%\" width=\"149\">Lola Foeillet<\/td>\n<td style=\"width: 21.7272%\" width=\"140\">60m CAF<\/td>\n<td style=\"text-align: center;width: 16.7273%\" width=\"103\">8&Prime;24<\/td>\n<td style=\"text-align: center;width: 16.1818%\" width=\"99\">817<\/td>\n<td style=\"text-align: center;width: 14.5455%\" width=\"74\">IR4<\/td>\n<\/tr>\n<tr>\n<td style=\"width: 30.7273%\" width=\"149\">Lucie Duvigneau<\/td>\n<td style=\"width: 21.7272%\" width=\"140\">60m CAF<\/td>\n<td style=\"text-align: center;width: 16.7273%\" width=\"103\">8&Prime;31<\/td>\n<td style=\"text-align: center;width: 16.1818%\" width=\"99\">806<\/td>\n<td style=\"text-align: center;width: 14.5455%\" width=\"74\">IR4<\/td>\n<\/tr>\n<tr>\n<td style=\"width: 30.7273%\" width=\"149\">Sterenn Tanguy<\/td>\n<td style=\"width: 21.7272%\" width=\"140\">60m JUF<\/td>\n<td style=\"text-align: center;width: 16.7273%\" width=\"103\">8&Prime;34<\/td>\n<td style=\"text-align: center;width: 16.1818%\" width=\"99\">797<\/td>\n<td style=\"text-align: center;width: 14.5455%\" width=\"74\">IR4<\/td>\n<\/tr>\n<tr>\n<td style=\"width: 30.7273%\" width=\"149\">Lola Foeillet<\/td>\n<td style=\"width: 21.7272%\" width=\"140\">200m CAF<\/td>\n<td style=\"text-align: center;width: 16.7273%\" width=\"103\">27&Prime;48<\/td>\n<td style=\"text-align: center;width: 16.1818%\" width=\"99\">786<\/td>\n<td style=\"text-align: center;width: 14.5455%\" width=\"74\">R1<\/td>\n<\/tr>\n<tr>\n<td style=\"width: 30.7273%\" width=\"149\">Fran\u00e7ois Chevalier<\/td>\n<td style=\"width: 21.7272%\" width=\"140\">200m CAM<\/td>\n<td style=\"text-align: center;width: 16.7273%\" width=\"103\">23&Prime;60<\/td>\n<td style=\"text-align: center;width: 16.1818%\" width=\"99\">774<\/td>\n<td style=\"text-align: center;width: 14.5455%\" width=\"74\">R1<\/td>\n<\/tr>\n<tr>\n<td style=\"width: 30.7273%\" width=\"149\">Pauline Le Bihan<\/td>\n<td style=\"width: 21.7272%\" width=\"140\">Longueur ESF<\/td>\n<td style=\"text-align: center;width: 16.7273%\" width=\"103\">4m81<\/td>\n<td style=\"text-align: center;width: 16.1818%\" width=\"99\">743<\/td>\n<td style=\"text-align: center;width: 14.5455%\" width=\"74\">R3<\/td>\n<\/tr>\n<tr>\n<td style=\"width: 30.7273%\" width=\"149\">Jeanne Collineau-Cattez<\/td>\n<td style=\"width: 21.7272%\" width=\"140\">60m SEF<\/td>\n<td style=\"text-align: center;width: 16.7273%\" width=\"103\">8&Prime;64<\/td>\n<td style=\"text-align: center;width: 16.1818%\" width=\"99\">715<\/td>\n<td style=\"text-align: center;width: 14.5455%\" width=\"74\">R2<\/td>\n<\/tr>\n<\/tbody>\n<\/table>\n<p>Au total, la forte d\u00e9l\u00e9gation de Cesson (17 athl\u00e8tes) ram\u00e8ne 26 perfs d&rsquo;un niveau au moins r\u00e9gional. Bravo et de bon augure pour les d\u00e9partementaux en salle du 5 janvier prochain pour nos couleurs jaune et or !!!<\/p>\n<p><span style=\"font-size: 14pt\"><strong>Merci les juges<\/strong><\/span><\/p>\n<p>Merci aussi pour l&rsquo;occasion \u00e0 nos juges : <strong>Bruno<\/strong> Mariette \u00e0 Robert-Launay, Norah Jit et Delphine Lebret (Cesson) \u00e0 Robert-Poirier.<\/p>\n","protected":false},"excerpt":{"rendered":"<p>R\u00e9sultats du dernier week-end sur les stades Meeting lancers longs de l&rsquo;ASPTT, samedi 14 d\u00e9cembre Solyne Mariette \u00e9tait seule en piste pour l&rsquo;occasion, au stade Robert-Launay, \u00e0 Rennes. Align\u00e9e au javelot 500gr, elle reste loin de son record (16m43 contre 20m09), mais se pr\u00e9pare activement pour les championnats R\u00e9gionaux de la discipline, le 8 f\u00e9vrier [&hellip;]<\/p>\n","protected":false},"author":12,"featured_media":22555,"comment_status":"open","ping_status":"open","sticky":false,"template":"","format":"aside","meta":{"_uag_custom_page_level_css":"","site-sidebar-layout":"default","site-content-layout":"","ast-site-content-layout":"default","site-content-style":"default","site-sidebar-style":"default","ast-global-header-display":"","ast-banner-title-visibility":"","ast-main-header-display":"","ast-hfb-above-header-display":"","ast-hfb-below-header-display":"","ast-hfb-mobile-header-display":"","site-post-title":"","ast-breadcrumbs-content":"","ast-featured-img":"","footer-sml-layout":"","ast-disable-related-posts":"","theme-transparent-header-meta":"default","adv-header-id-meta":"","stick-header-meta":"","header-above-stick-meta":"","header-main-stick-meta":"","header-below-stick-meta":"","astra-migrate-meta-layouts":"set","ast-page-background-enabled":"default","ast-page-background-meta":{"desktop":{"background-color":"var(--ast-global-color-4)","background-image":"","background-repeat":"repeat","background-position":"center center","background-size":"auto","background-attachment":"scroll","background-type":"","background-media":"","overlay-type":"","overlay-color":"","overlay-opacity":"","overlay-gradient":""},"tablet":{"background-color":"","background-image":"","background-repeat":"repeat","background-position":"center center","background-size":"auto","background-attachment":"scroll","background-type":"","background-media":"","overlay-type":"","overlay-color":"","overlay-opacity":"","overlay-gradient":""},"mobile":{"background-color":"","background-image":"","background-repeat":"repeat","background-position":"center center","background-size":"auto","background-attachment":"scroll","background-type":"","background-media":"","overlay-type":"","overlay-color":"","overlay-opacity":"","overlay-gradient":""}},"ast-content-background-meta":{"desktop":{"background-color":"var(--ast-global-color-5)","background-image":"","background-repeat":"repeat","background-position":"center center","background-size":"auto","background-attachment":"scroll","background-type":"","background-media":"","overlay-type":"","overlay-color":"","overlay-opacity":"","overlay-gradient":""},"tablet":{"background-color":"var(--ast-global-color-5)","background-image":"","background-repeat":"repeat","background-position":"center center","background-size":"auto","background-attachment":"scroll","background-type":"","background-media":"","overlay-type":"","overlay-color":"","overlay-opacity":"","overlay-gradient":""},"mobile":{"background-color":"var(--ast-global-color-5)","background-image":"","background-repeat":"repeat","background-position":"center center","background-size":"auto","background-attachment":"scroll","background-type":"","background-media":"","overlay-type":"","overlay-color":"","overlay-opacity":"","overlay-gradient":""}},"footnotes":""},"categories":[6],"tags":[],"class_list":["post-22545","post","type-post","status-publish","format-aside","has-post-thumbnail","hentry","category-sections","post_format-post-format-aside"],"yoast_head":"<!-- This site is optimized with the Yoast SEO plugin v27.5 - https:\/\/yoast.com\/product\/yoast-seo-wordpress\/ -->\n<title>Des maillots jaunes actifs les 14 et 15 d\u00e9cembre - Janz\u00e9 Athl\u00e9tisme<\/title>\n<meta name=\"robots\" content=\"index, follow, max-snippet:-1, max-image-preview:large, max-video-preview:-1\" \/>\n<link rel=\"canonical\" href=\"https:\/\/janze-athletisme.fr\/wordpress\/des-maillots-jaunes-actifs-les-14-et-15-decembre\/\" \/>\n<meta property=\"og:locale\" content=\"fr_FR\" \/>\n<meta property=\"og:type\" content=\"article\" \/>\n<meta property=\"og:title\" content=\"Des maillots jaunes actifs les 14 et 15 d\u00e9cembre - Janz\u00e9 Athl\u00e9tisme\" \/>\n<meta property=\"og:description\" content=\"R\u00e9sultats du dernier week-end sur les stades Meeting lancers longs de l&rsquo;ASPTT, samedi 14 d\u00e9cembre Solyne Mariette \u00e9tait seule en piste pour l&rsquo;occasion, au stade Robert-Launay, \u00e0 Rennes. Align\u00e9e au javelot 500gr, elle reste loin de son record (16m43 contre 20m09), mais se pr\u00e9pare activement pour les championnats R\u00e9gionaux de la discipline, le 8 f\u00e9vrier [&hellip;]\" \/>\n<meta property=\"og:url\" content=\"https:\/\/janze-athletisme.fr\/wordpress\/des-maillots-jaunes-actifs-les-14-et-15-decembre\/\" \/>\n<meta property=\"og:site_name\" content=\"Janz\u00e9 Athl\u00e9tisme\" \/>\n<meta property=\"article:publisher\" content=\"https:\/\/www.facebook.com\/groups\/1007964579346590\" \/>\n<meta property=\"article:published_time\" content=\"2024-12-20T17:06:12+00:00\" \/>\n<meta property=\"article:modified_time\" content=\"2024-12-22T08:34:36+00:00\" \/>\n<meta property=\"og:image\" content=\"https:\/\/janze-athletisme.fr\/wordpress\/wp-content\/uploads\/2024\/12\/Relais-4x100m-DR-Augustin-Jouzel-e1734856469373.jpg\" \/>\n\t<meta property=\"og:image:width\" content=\"687\" \/>\n\t<meta property=\"og:image:height\" content=\"510\" \/>\n\t<meta property=\"og:image:type\" content=\"image\/jpeg\" \/>\n<meta name=\"author\" content=\"Laurent Meunier\" \/>\n<meta name=\"twitter:card\" content=\"summary_large_image\" \/>\n<meta name=\"twitter:label1\" content=\"\u00c9crit par\" \/>\n\t<meta name=\"twitter:data1\" content=\"Laurent Meunier\" \/>\n\t<meta name=\"twitter:label2\" content=\"Dur\u00e9e de lecture estim\u00e9e\" \/>\n\t<meta name=\"twitter:data2\" content=\"3 minutes\" \/>\n<script type=\"application\/ld+json\" class=\"yoast-schema-graph\">{\"@context\":\"https:\\\/\\\/schema.org\",\"@graph\":[{\"@type\":\"Article\",\"@id\":\"https:\\\/\\\/janze-athletisme.fr\\\/wordpress\\\/des-maillots-jaunes-actifs-les-14-et-15-decembre\\\/#article\",\"isPartOf\":{\"@id\":\"https:\\\/\\\/janze-athletisme.fr\\\/wordpress\\\/des-maillots-jaunes-actifs-les-14-et-15-decembre\\\/\"},\"author\":{\"name\":\"Laurent Meunier\",\"@id\":\"https:\\\/\\\/janze-athletisme.fr\\\/wordpress\\\/#\\\/schema\\\/person\\\/c7b063dcfa6234c041d4d9b26cc2ea03\"},\"headline\":\"Des maillots jaunes actifs les 14 et 15 d\u00e9cembre\",\"datePublished\":\"2024-12-20T17:06:12+00:00\",\"dateModified\":\"2024-12-22T08:34:36+00:00\",\"mainEntityOfPage\":{\"@id\":\"https:\\\/\\\/janze-athletisme.fr\\\/wordpress\\\/des-maillots-jaunes-actifs-les-14-et-15-decembre\\\/\"},\"wordCount\":359,\"commentCount\":0,\"publisher\":{\"@id\":\"https:\\\/\\\/janze-athletisme.fr\\\/wordpress\\\/#organization\"},\"image\":{\"@id\":\"https:\\\/\\\/janze-athletisme.fr\\\/wordpress\\\/des-maillots-jaunes-actifs-les-14-et-15-decembre\\\/#primaryimage\"},\"thumbnailUrl\":\"https:\\\/\\\/janze-athletisme.fr\\\/wordpress\\\/wp-content\\\/uploads\\\/2024\\\/12\\\/Relais-4x100m-DR-Augustin-Jouzel-e1734856469373.jpg\",\"articleSection\":[\"Le club au jour le jour\"],\"inLanguage\":\"fr-FR\",\"potentialAction\":[{\"@type\":\"CommentAction\",\"name\":\"Comment\",\"target\":[\"https:\\\/\\\/janze-athletisme.fr\\\/wordpress\\\/des-maillots-jaunes-actifs-les-14-et-15-decembre\\\/#respond\"]}]},{\"@type\":\"WebPage\",\"@id\":\"https:\\\/\\\/janze-athletisme.fr\\\/wordpress\\\/des-maillots-jaunes-actifs-les-14-et-15-decembre\\\/\",\"url\":\"https:\\\/\\\/janze-athletisme.fr\\\/wordpress\\\/des-maillots-jaunes-actifs-les-14-et-15-decembre\\\/\",\"name\":\"Des maillots jaunes actifs les 14 et 15 d\u00e9cembre - Janz\u00e9 Athl\u00e9tisme\",\"isPartOf\":{\"@id\":\"https:\\\/\\\/janze-athletisme.fr\\\/wordpress\\\/#website\"},\"primaryImageOfPage\":{\"@id\":\"https:\\\/\\\/janze-athletisme.fr\\\/wordpress\\\/des-maillots-jaunes-actifs-les-14-et-15-decembre\\\/#primaryimage\"},\"image\":{\"@id\":\"https:\\\/\\\/janze-athletisme.fr\\\/wordpress\\\/des-maillots-jaunes-actifs-les-14-et-15-decembre\\\/#primaryimage\"},\"thumbnailUrl\":\"https:\\\/\\\/janze-athletisme.fr\\\/wordpress\\\/wp-content\\\/uploads\\\/2024\\\/12\\\/Relais-4x100m-DR-Augustin-Jouzel-e1734856469373.jpg\",\"datePublished\":\"2024-12-20T17:06:12+00:00\",\"dateModified\":\"2024-12-22T08:34:36+00:00\",\"breadcrumb\":{\"@id\":\"https:\\\/\\\/janze-athletisme.fr\\\/wordpress\\\/des-maillots-jaunes-actifs-les-14-et-15-decembre\\\/#breadcrumb\"},\"inLanguage\":\"fr-FR\",\"potentialAction\":[{\"@type\":\"ReadAction\",\"target\":[\"https:\\\/\\\/janze-athletisme.fr\\\/wordpress\\\/des-maillots-jaunes-actifs-les-14-et-15-decembre\\\/\"]}]},{\"@type\":\"ImageObject\",\"inLanguage\":\"fr-FR\",\"@id\":\"https:\\\/\\\/janze-athletisme.fr\\\/wordpress\\\/des-maillots-jaunes-actifs-les-14-et-15-decembre\\\/#primaryimage\",\"url\":\"https:\\\/\\\/janze-athletisme.fr\\\/wordpress\\\/wp-content\\\/uploads\\\/2024\\\/12\\\/Relais-4x100m-DR-Augustin-Jouzel-e1734856469373.jpg\",\"contentUrl\":\"https:\\\/\\\/janze-athletisme.fr\\\/wordpress\\\/wp-content\\\/uploads\\\/2024\\\/12\\\/Relais-4x100m-DR-Augustin-Jouzel-e1734856469373.jpg\",\"width\":687,\"height\":510},{\"@type\":\"BreadcrumbList\",\"@id\":\"https:\\\/\\\/janze-athletisme.fr\\\/wordpress\\\/des-maillots-jaunes-actifs-les-14-et-15-decembre\\\/#breadcrumb\",\"itemListElement\":[{\"@type\":\"ListItem\",\"position\":1,\"name\":\"Accueil\",\"item\":\"https:\\\/\\\/janze-athletisme.fr\\\/wordpress\\\/\"},{\"@type\":\"ListItem\",\"position\":2,\"name\":\"Des maillots jaunes actifs les 14 et 15 d\u00e9cembre\"}]},{\"@type\":\"WebSite\",\"@id\":\"https:\\\/\\\/janze-athletisme.fr\\\/wordpress\\\/#website\",\"url\":\"https:\\\/\\\/janze-athletisme.fr\\\/wordpress\\\/\",\"name\":\"Janz\u00e9 Athl\u00e9tisme\",\"description\":\"Pays de La Roche aux F\u00e9es\",\"publisher\":{\"@id\":\"https:\\\/\\\/janze-athletisme.fr\\\/wordpress\\\/#organization\"},\"potentialAction\":[{\"@type\":\"SearchAction\",\"target\":{\"@type\":\"EntryPoint\",\"urlTemplate\":\"https:\\\/\\\/janze-athletisme.fr\\\/wordpress\\\/?s={search_term_string}\"},\"query-input\":{\"@type\":\"PropertyValueSpecification\",\"valueRequired\":true,\"valueName\":\"search_term_string\"}}],\"inLanguage\":\"fr-FR\"},{\"@type\":\"Organization\",\"@id\":\"https:\\\/\\\/janze-athletisme.fr\\\/wordpress\\\/#organization\",\"name\":\"Janz\u00e9 Athl\u00e9tisme\",\"url\":\"https:\\\/\\\/janze-athletisme.fr\\\/wordpress\\\/\",\"logo\":{\"@type\":\"ImageObject\",\"inLanguage\":\"fr-FR\",\"@id\":\"https:\\\/\\\/janze-athletisme.fr\\\/wordpress\\\/#\\\/schema\\\/logo\\\/image\\\/\",\"url\":\"https:\\\/\\\/janze-athletisme.fr\\\/wordpress\\\/wp-content\\\/uploads\\\/2015\\\/03\\\/logo-full1.jpg\",\"contentUrl\":\"https:\\\/\\\/janze-athletisme.fr\\\/wordpress\\\/wp-content\\\/uploads\\\/2015\\\/03\\\/logo-full1.jpg\",\"width\":437,\"height\":205,\"caption\":\"Janz\u00e9 Athl\u00e9tisme\"},\"image\":{\"@id\":\"https:\\\/\\\/janze-athletisme.fr\\\/wordpress\\\/#\\\/schema\\\/logo\\\/image\\\/\"},\"sameAs\":[\"https:\\\/\\\/www.facebook.com\\\/groups\\\/1007964579346590\"]},{\"@type\":\"Person\",\"@id\":\"https:\\\/\\\/janze-athletisme.fr\\\/wordpress\\\/#\\\/schema\\\/person\\\/c7b063dcfa6234c041d4d9b26cc2ea03\",\"name\":\"Laurent Meunier\",\"image\":{\"@type\":\"ImageObject\",\"inLanguage\":\"fr-FR\",\"@id\":\"https:\\\/\\\/secure.gravatar.com\\\/avatar\\\/dd25d581ad7c3349090f2fa6a9adb6bfa287e6a5dd8a5216a092727cd8749034?s=96&d=mm&r=g\",\"url\":\"https:\\\/\\\/secure.gravatar.com\\\/avatar\\\/dd25d581ad7c3349090f2fa6a9adb6bfa287e6a5dd8a5216a092727cd8749034?s=96&d=mm&r=g\",\"contentUrl\":\"https:\\\/\\\/secure.gravatar.com\\\/avatar\\\/dd25d581ad7c3349090f2fa6a9adb6bfa287e6a5dd8a5216a092727cd8749034?s=96&d=mm&r=g\",\"caption\":\"Laurent Meunier\"},\"url\":\"https:\\\/\\\/janze-athletisme.fr\\\/wordpress\\\/author\\\/laurent-meunier35\\\/\"}]}<\/script>\n<!-- \/ Yoast SEO plugin. -->","yoast_head_json":{"title":"Des maillots jaunes actifs les 14 et 15 d\u00e9cembre - Janz\u00e9 Athl\u00e9tisme","robots":{"index":"index","follow":"follow","max-snippet":"max-snippet:-1","max-image-preview":"max-image-preview:large","max-video-preview":"max-video-preview:-1"},"canonical":"https:\/\/janze-athletisme.fr\/wordpress\/des-maillots-jaunes-actifs-les-14-et-15-decembre\/","og_locale":"fr_FR","og_type":"article","og_title":"Des maillots jaunes actifs les 14 et 15 d\u00e9cembre - Janz\u00e9 Athl\u00e9tisme","og_description":"R\u00e9sultats du dernier week-end sur les stades Meeting lancers longs de l&rsquo;ASPTT, samedi 14 d\u00e9cembre Solyne Mariette \u00e9tait seule en piste pour l&rsquo;occasion, au stade Robert-Launay, \u00e0 Rennes. Align\u00e9e au javelot 500gr, elle reste loin de son record (16m43 contre 20m09), mais se pr\u00e9pare activement pour les championnats R\u00e9gionaux de la discipline, le 8 f\u00e9vrier [&hellip;]","og_url":"https:\/\/janze-athletisme.fr\/wordpress\/des-maillots-jaunes-actifs-les-14-et-15-decembre\/","og_site_name":"Janz\u00e9 Athl\u00e9tisme","article_publisher":"https:\/\/www.facebook.com\/groups\/1007964579346590","article_published_time":"2024-12-20T17:06:12+00:00","article_modified_time":"2024-12-22T08:34:36+00:00","og_image":[{"width":687,"height":510,"url":"https:\/\/janze-athletisme.fr\/wordpress\/wp-content\/uploads\/2024\/12\/Relais-4x100m-DR-Augustin-Jouzel-e1734856469373.jpg","type":"image\/jpeg"}],"author":"Laurent Meunier","twitter_card":"summary_large_image","twitter_misc":{"\u00c9crit par":"Laurent Meunier","Dur\u00e9e de lecture estim\u00e9e":"3 minutes"},"schema":{"@context":"https:\/\/schema.org","@graph":[{"@type":"Article","@id":"https:\/\/janze-athletisme.fr\/wordpress\/des-maillots-jaunes-actifs-les-14-et-15-decembre\/#article","isPartOf":{"@id":"https:\/\/janze-athletisme.fr\/wordpress\/des-maillots-jaunes-actifs-les-14-et-15-decembre\/"},"author":{"name":"Laurent Meunier","@id":"https:\/\/janze-athletisme.fr\/wordpress\/#\/schema\/person\/c7b063dcfa6234c041d4d9b26cc2ea03"},"headline":"Des maillots jaunes actifs les 14 et 15 d\u00e9cembre","datePublished":"2024-12-20T17:06:12+00:00","dateModified":"2024-12-22T08:34:36+00:00","mainEntityOfPage":{"@id":"https:\/\/janze-athletisme.fr\/wordpress\/des-maillots-jaunes-actifs-les-14-et-15-decembre\/"},"wordCount":359,"commentCount":0,"publisher":{"@id":"https:\/\/janze-athletisme.fr\/wordpress\/#organization"},"image":{"@id":"https:\/\/janze-athletisme.fr\/wordpress\/des-maillots-jaunes-actifs-les-14-et-15-decembre\/#primaryimage"},"thumbnailUrl":"https:\/\/janze-athletisme.fr\/wordpress\/wp-content\/uploads\/2024\/12\/Relais-4x100m-DR-Augustin-Jouzel-e1734856469373.jpg","articleSection":["Le club au jour le jour"],"inLanguage":"fr-FR","potentialAction":[{"@type":"CommentAction","name":"Comment","target":["https:\/\/janze-athletisme.fr\/wordpress\/des-maillots-jaunes-actifs-les-14-et-15-decembre\/#respond"]}]},{"@type":"WebPage","@id":"https:\/\/janze-athletisme.fr\/wordpress\/des-maillots-jaunes-actifs-les-14-et-15-decembre\/","url":"https:\/\/janze-athletisme.fr\/wordpress\/des-maillots-jaunes-actifs-les-14-et-15-decembre\/","name":"Des maillots jaunes actifs les 14 et 15 d\u00e9cembre - Janz\u00e9 Athl\u00e9tisme","isPartOf":{"@id":"https:\/\/janze-athletisme.fr\/wordpress\/#website"},"primaryImageOfPage":{"@id":"https:\/\/janze-athletisme.fr\/wordpress\/des-maillots-jaunes-actifs-les-14-et-15-decembre\/#primaryimage"},"image":{"@id":"https:\/\/janze-athletisme.fr\/wordpress\/des-maillots-jaunes-actifs-les-14-et-15-decembre\/#primaryimage"},"thumbnailUrl":"https:\/\/janze-athletisme.fr\/wordpress\/wp-content\/uploads\/2024\/12\/Relais-4x100m-DR-Augustin-Jouzel-e1734856469373.jpg","datePublished":"2024-12-20T17:06:12+00:00","dateModified":"2024-12-22T08:34:36+00:00","breadcrumb":{"@id":"https:\/\/janze-athletisme.fr\/wordpress\/des-maillots-jaunes-actifs-les-14-et-15-decembre\/#breadcrumb"},"inLanguage":"fr-FR","potentialAction":[{"@type":"ReadAction","target":["https:\/\/janze-athletisme.fr\/wordpress\/des-maillots-jaunes-actifs-les-14-et-15-decembre\/"]}]},{"@type":"ImageObject","inLanguage":"fr-FR","@id":"https:\/\/janze-athletisme.fr\/wordpress\/des-maillots-jaunes-actifs-les-14-et-15-decembre\/#primaryimage","url":"https:\/\/janze-athletisme.fr\/wordpress\/wp-content\/uploads\/2024\/12\/Relais-4x100m-DR-Augustin-Jouzel-e1734856469373.jpg","contentUrl":"https:\/\/janze-athletisme.fr\/wordpress\/wp-content\/uploads\/2024\/12\/Relais-4x100m-DR-Augustin-Jouzel-e1734856469373.jpg","width":687,"height":510},{"@type":"BreadcrumbList","@id":"https:\/\/janze-athletisme.fr\/wordpress\/des-maillots-jaunes-actifs-les-14-et-15-decembre\/#breadcrumb","itemListElement":[{"@type":"ListItem","position":1,"name":"Accueil","item":"https:\/\/janze-athletisme.fr\/wordpress\/"},{"@type":"ListItem","position":2,"name":"Des maillots jaunes actifs les 14 et 15 d\u00e9cembre"}]},{"@type":"WebSite","@id":"https:\/\/janze-athletisme.fr\/wordpress\/#website","url":"https:\/\/janze-athletisme.fr\/wordpress\/","name":"Janz\u00e9 Athl\u00e9tisme","description":"Pays de La Roche aux F\u00e9es","publisher":{"@id":"https:\/\/janze-athletisme.fr\/wordpress\/#organization"},"potentialAction":[{"@type":"SearchAction","target":{"@type":"EntryPoint","urlTemplate":"https:\/\/janze-athletisme.fr\/wordpress\/?s={search_term_string}"},"query-input":{"@type":"PropertyValueSpecification","valueRequired":true,"valueName":"search_term_string"}}],"inLanguage":"fr-FR"},{"@type":"Organization","@id":"https:\/\/janze-athletisme.fr\/wordpress\/#organization","name":"Janz\u00e9 Athl\u00e9tisme","url":"https:\/\/janze-athletisme.fr\/wordpress\/","logo":{"@type":"ImageObject","inLanguage":"fr-FR","@id":"https:\/\/janze-athletisme.fr\/wordpress\/#\/schema\/logo\/image\/","url":"https:\/\/janze-athletisme.fr\/wordpress\/wp-content\/uploads\/2015\/03\/logo-full1.jpg","contentUrl":"https:\/\/janze-athletisme.fr\/wordpress\/wp-content\/uploads\/2015\/03\/logo-full1.jpg","width":437,"height":205,"caption":"Janz\u00e9 Athl\u00e9tisme"},"image":{"@id":"https:\/\/janze-athletisme.fr\/wordpress\/#\/schema\/logo\/image\/"},"sameAs":["https:\/\/www.facebook.com\/groups\/1007964579346590"]},{"@type":"Person","@id":"https:\/\/janze-athletisme.fr\/wordpress\/#\/schema\/person\/c7b063dcfa6234c041d4d9b26cc2ea03","name":"Laurent Meunier","image":{"@type":"ImageObject","inLanguage":"fr-FR","@id":"https:\/\/secure.gravatar.com\/avatar\/dd25d581ad7c3349090f2fa6a9adb6bfa287e6a5dd8a5216a092727cd8749034?s=96&d=mm&r=g","url":"https:\/\/secure.gravatar.com\/avatar\/dd25d581ad7c3349090f2fa6a9adb6bfa287e6a5dd8a5216a092727cd8749034?s=96&d=mm&r=g","contentUrl":"https:\/\/secure.gravatar.com\/avatar\/dd25d581ad7c3349090f2fa6a9adb6bfa287e6a5dd8a5216a092727cd8749034?s=96&d=mm&r=g","caption":"Laurent Meunier"},"url":"https:\/\/janze-athletisme.fr\/wordpress\/author\/laurent-meunier35\/"}]}},"uagb_featured_image_src":{"full":["https:\/\/janze-athletisme.fr\/wordpress\/wp-content\/uploads\/2024\/12\/Relais-4x100m-DR-Augustin-Jouzel-e1734856469373.jpg",687,510,false],"thumbnail":["https:\/\/janze-athletisme.fr\/wordpress\/wp-content\/uploads\/2024\/12\/Relais-4x100m-DR-Augustin-Jouzel-e1734856469373-150x150.jpg",150,150,true],"medium":["https:\/\/janze-athletisme.fr\/wordpress\/wp-content\/uploads\/2024\/12\/Relais-4x100m-DR-Augustin-Jouzel-e1734856469373-300x223.jpg",300,223,true],"medium_large":["https:\/\/janze-athletisme.fr\/wordpress\/wp-content\/uploads\/2024\/12\/Relais-4x100m-DR-Augustin-Jouzel-e1734856469373.jpg",687,510,false],"large":["https:\/\/janze-athletisme.fr\/wordpress\/wp-content\/uploads\/2024\/12\/Relais-4x100m-DR-Augustin-Jouzel-e1734856469373.jpg",687,510,false],"1536x1536":["https:\/\/janze-athletisme.fr\/wordpress\/wp-content\/uploads\/2024\/12\/Relais-4x100m-DR-Augustin-Jouzel-e1734856469373.jpg",687,510,false],"2048x2048":["https:\/\/janze-athletisme.fr\/wordpress\/wp-content\/uploads\/2024\/12\/Relais-4x100m-DR-Augustin-Jouzel-e1734856469373.jpg",687,510,false]},"uagb_author_info":{"display_name":"Laurent Meunier","author_link":"https:\/\/janze-athletisme.fr\/wordpress\/author\/laurent-meunier35\/"},"uagb_comment_info":0,"uagb_excerpt":"R\u00e9sultats du dernier week-end sur les stades Meeting lancers longs de l&rsquo;ASPTT, samedi 14 d\u00e9cembre Solyne Mariette \u00e9tait seule en piste pour l&rsquo;occasion, au stade Robert-Launay, \u00e0 Rennes. Align\u00e9e au javelot 500gr, elle reste loin de son record (16m43 contre 20m09), mais se pr\u00e9pare activement pour les championnats R\u00e9gionaux de la discipline, le 8 f\u00e9vrier\u2026","_links":{"self":[{"href":"https:\/\/janze-athletisme.fr\/wordpress\/wp-json\/wp\/v2\/posts\/22545","targetHints":{"allow":["GET"]}}],"collection":[{"href":"https:\/\/janze-athletisme.fr\/wordpress\/wp-json\/wp\/v2\/posts"}],"about":[{"href":"https:\/\/janze-athletisme.fr\/wordpress\/wp-json\/wp\/v2\/types\/post"}],"author":[{"embeddable":true,"href":"https:\/\/janze-athletisme.fr\/wordpress\/wp-json\/wp\/v2\/users\/12"}],"replies":[{"embeddable":true,"href":"https:\/\/janze-athletisme.fr\/wordpress\/wp-json\/wp\/v2\/comments?post=22545"}],"version-history":[{"count":6,"href":"https:\/\/janze-athletisme.fr\/wordpress\/wp-json\/wp\/v2\/posts\/22545\/revisions"}],"predecessor-version":[{"id":22556,"href":"https:\/\/janze-athletisme.fr\/wordpress\/wp-json\/wp\/v2\/posts\/22545\/revisions\/22556"}],"wp:featuredmedia":[{"embeddable":true,"href":"https:\/\/janze-athletisme.fr\/wordpress\/wp-json\/wp\/v2\/media\/22555"}],"wp:attachment":[{"href":"https:\/\/janze-athletisme.fr\/wordpress\/wp-json\/wp\/v2\/media?parent=22545"}],"wp:term":[{"taxonomy":"category","embeddable":true,"href":"https:\/\/janze-athletisme.fr\/wordpress\/wp-json\/wp\/v2\/categories?post=22545"},{"taxonomy":"post_tag","embeddable":true,"href":"https:\/\/janze-athletisme.fr\/wordpress\/wp-json\/wp\/v2\/tags?post=22545"}],"curies":[{"name":"wp","href":"https:\/\/api.w.org\/{rel}","templated":true}]}}