{"id":22458,"date":"2024-12-16T00:01:12","date_gmt":"2024-12-15T23:01:12","guid":{"rendered":"https:\/\/janze-athletisme.fr\/wordpress\/?p=22458"},"modified":"2024-12-17T11:11:28","modified_gmt":"2024-12-17T10:11:28","slug":"un-petit-800m-pour-finir-le-week-end-cohesion","status":"publish","type":"post","link":"https:\/\/janze-athletisme.fr\/wordpress\/un-petit-800m-pour-finir-le-week-end-cohesion\/","title":{"rendered":"Un petit 800m pour finir le week-end coh\u00e9sion"},"content":{"rendered":"<p><span style=\"font-size: 18pt\"><strong>Meeting de l&rsquo;AP Redon, dimanche 15 d\u00e9cembre<\/strong><\/span><\/p>\n<p>La vie de l&rsquo;athl\u00e9 ne s&rsquo;est pas arr\u00eat\u00e9e ce week-end, bien que le cross coh\u00e9sion du club, samedi 14, nous en ait donn\u00e9 l&rsquo;impression. Il y avait un meeting de lancers longs \u00e0 Rennes, le challenge Mario-Gatti de marche, le cross de l&rsquo;EAPB, \u00e0 Saint-Onen-La-Chapelle, un tour hivernal \u00e9quip&rsquo;athl\u00e9 BE-MI \u00e0 Robert-Poirier le samedi, et le meeting de l&rsquo;AP Redon le dimanche, toujours dans la salle Robert-Poirier. Sans compter les traditionnelles courses sur route, les trails et autres marches en nature.<\/p>\n<p>Janz\u00e9 Athl\u00e9, tout occup\u00e9 \u00e0 l&rsquo;animation de son cross interne (grand moment !), a \u00e9t\u00e9 peu pr\u00e9sent \u00e0 ces diff\u00e9rents temps, m\u00eame si quelques individualit\u00e9s ont fait honneur au maillot et que Cesson a relev\u00e9 quelques-uns des diff\u00e9rents challenges sous le maillot de l&rsquo;EAC (notamment les deux RV de Robert-Poirier).<\/p>\n<p><span style=\"font-size: 14pt\"><strong>Derni\u00e8re sortie collective avant les vacances\u2026<\/strong><\/span><\/p>\n<p>Avec 703 performance enregistr\u00e9es, l&rsquo;\u00e9v\u00e8nement d\u00e9partemental du week-end a \u00e9t\u00e9 le meeting indoor du dimanche 15 d\u00e9cembre, organis\u00e9 par l&rsquo;AP Redon, qui a rassembl\u00e9 en masse sprinteurs, hurdleurs et sauteurs, ainsi que quelques lanceurs de poids et coureurs de 800m. L&rsquo;\u00e9crin magnifique de Robert-Poirier \u00e9tait bruissant de vie, et il n&rsquo;\u00e9tait pas simple de trouver une place o\u00f9 s&rsquo;asseoir. L&rsquo;\u00e9ch\u00e9ance approchante du d\u00e9partemental individuel indoor (le 5 janvier) explique certainement cette affluence inhabituelle.<\/p>\n<p>\u00c0 l&rsquo;exception d&rsquo;<strong>Ewen<\/strong> Huchet et d&rsquo;<strong>Augustin<\/strong> Jouzel, arriv\u00e9s avec de l&rsquo;ambition sur le sprint, la d\u00e9l\u00e9gation Janz\u00e9enne, plut\u00f4t demi-fond, est venue pour pr\u00e9parer une autre \u00e9ch\u00e9ance, celle du cross d\u00e9partemental du 12 janvier. Le cycle pr\u00e9paratoire aux cross s&rsquo;est en effet termin\u00e9 par un cycle de vitesse, entre le jeudi et le dimanche, ponctu\u00e9 au milieu par le cross du club. Il y avait donc un 800m au programme, ce dimanche, pour les cadets et cadettes qui le pouvaient, sur fond de fatigue, avant quelques jours de repos bien m\u00e9rit\u00e9s.<\/p>\n<p><span style=\"font-size: 14pt\"><strong>\u2026et dernier test avant quinze jours plus intensifs<\/strong><\/span><\/p>\n<p>Les vacances de No\u00ebl seront l&rsquo;occasion d&rsquo;une phase plus intensive, permettant d&rsquo;arriver \u00e0 Foug\u00e8res le 12 janvier avec d\u00e9j\u00e0 un minimum d&rsquo;affutage.<\/p>\n<p>Les r\u00e9sultats de ces 800m, comme attendus, non pas \u00e9t\u00e9 mirobolants (beaucoup de fatigue musculaire \/ r\u00e9sultats <a href=\"https:\/\/bases.athle.fr\/asp.net\/liste.aspx?frmbase=resultats&amp;frmmode=1&amp;pardisplay=1&amp;frmespace=0&amp;frmcompetition=296940&amp;frmclub=035066\">ICI<\/a>), mais la sortie a \u00e9t\u00e9 plaisante et a permis \u00e0 une bonne partie du collectif de se retrouver et de partager un moment ensemble, avec les parents pr\u00e9sents. Ont particip\u00e9 \u00e0 ce temps : <strong>Noah<\/strong> Barill\u00e9, <strong>Rapha\u00ebl <\/strong>Bou\u00e9, <strong>Ewen<\/strong> Caillaud, <strong>Camille<\/strong> Danet, <strong>Mariama<\/strong> Diallo, <strong>Cl\u00e9mence<\/strong> Lamoureux, <strong>Bertille<\/strong> et <strong>Faustine<\/strong> Louaisil, <strong>Louna <\/strong>Perrin, <strong>Jeanne<\/strong> Richard et <strong>L\u00e9a <\/strong>Robert + <strong>L\u00e9o <\/strong>Guiheux de son c\u00f4t\u00e9 le matin.<\/p>\n<p>Si l&rsquo;on ajoute <strong>Lucie<\/strong> Gadby, <strong>Manon <\/strong>Guiot, <strong>Solyne<\/strong> Mariette, <strong>Emilio <\/strong>Berthou et <strong>Esteban<\/strong> Bouillaux, on a les deux \u00e9quipes cadets\/cadettes de cross au complet.<\/p>\n<p><a href=\"https:\/\/janze-athletisme.fr\/wordpress\/wp-content\/uploads\/2024\/12\/DSC_1021.jpg\"><img loading=\"lazy\" decoding=\"async\" class=\"alignnone wp-image-22459\" src=\"https:\/\/janze-athletisme.fr\/wordpress\/wp-content\/uploads\/2024\/12\/DSC_1021-300x202.jpg\" alt=\"\" width=\"264\" height=\"178\" srcset=\"https:\/\/janze-athletisme.fr\/wordpress\/wp-content\/uploads\/2024\/12\/DSC_1021-300x202.jpg 300w, https:\/\/janze-athletisme.fr\/wordpress\/wp-content\/uploads\/2024\/12\/DSC_1021-1024x690.jpg 1024w, https:\/\/janze-athletisme.fr\/wordpress\/wp-content\/uploads\/2024\/12\/DSC_1021-768x518.jpg 768w, https:\/\/janze-athletisme.fr\/wordpress\/wp-content\/uploads\/2024\/12\/DSC_1021.jpg 1484w\" sizes=\"auto, (max-width: 264px) 100vw, 264px\" \/> <\/a><a href=\"https:\/\/janze-athletisme.fr\/wordpress\/wp-content\/uploads\/2024\/12\/DSC_1029.jpg\"><img loading=\"lazy\" decoding=\"async\" class=\"alignnone wp-image-22460\" src=\"https:\/\/janze-athletisme.fr\/wordpress\/wp-content\/uploads\/2024\/12\/DSC_1029-300x300.jpg\" alt=\"\" width=\"196\" height=\"196\" srcset=\"https:\/\/janze-athletisme.fr\/wordpress\/wp-content\/uploads\/2024\/12\/DSC_1029-300x300.jpg 300w, https:\/\/janze-athletisme.fr\/wordpress\/wp-content\/uploads\/2024\/12\/DSC_1029-1024x1024.jpg 1024w, https:\/\/janze-athletisme.fr\/wordpress\/wp-content\/uploads\/2024\/12\/DSC_1029-150x150.jpg 150w, https:\/\/janze-athletisme.fr\/wordpress\/wp-content\/uploads\/2024\/12\/DSC_1029-768x769.jpg 768w, https:\/\/janze-athletisme.fr\/wordpress\/wp-content\/uploads\/2024\/12\/DSC_1029.jpg 1200w\" sizes=\"auto, (max-width: 196px) 100vw, 196px\" \/> <\/a><a href=\"https:\/\/janze-athletisme.fr\/wordpress\/wp-content\/uploads\/2024\/12\/DSC_1034.jpg\"><img loading=\"lazy\" decoding=\"async\" class=\"alignnone wp-image-22461\" src=\"https:\/\/janze-athletisme.fr\/wordpress\/wp-content\/uploads\/2024\/12\/DSC_1034-300x300.jpg\" alt=\"\" width=\"197\" height=\"197\" srcset=\"https:\/\/janze-athletisme.fr\/wordpress\/wp-content\/uploads\/2024\/12\/DSC_1034-300x300.jpg 300w, https:\/\/janze-athletisme.fr\/wordpress\/wp-content\/uploads\/2024\/12\/DSC_1034-1024x1024.jpg 1024w, https:\/\/janze-athletisme.fr\/wordpress\/wp-content\/uploads\/2024\/12\/DSC_1034-150x150.jpg 150w, https:\/\/janze-athletisme.fr\/wordpress\/wp-content\/uploads\/2024\/12\/DSC_1034-768x768.jpg 768w, https:\/\/janze-athletisme.fr\/wordpress\/wp-content\/uploads\/2024\/12\/DSC_1034.jpg 1200w\" sizes=\"auto, (max-width: 197px) 100vw, 197px\" \/> <\/a><a href=\"https:\/\/janze-athletisme.fr\/wordpress\/wp-content\/uploads\/2024\/12\/DSC_1038.jpg\"><img loading=\"lazy\" decoding=\"async\" class=\"alignnone wp-image-22462\" src=\"https:\/\/janze-athletisme.fr\/wordpress\/wp-content\/uploads\/2024\/12\/DSC_1038-201x300.jpg\" alt=\"\" width=\"132\" height=\"197\" srcset=\"https:\/\/janze-athletisme.fr\/wordpress\/wp-content\/uploads\/2024\/12\/DSC_1038-201x300.jpg 201w, https:\/\/janze-athletisme.fr\/wordpress\/wp-content\/uploads\/2024\/12\/DSC_1038-687x1024.jpg 687w, https:\/\/janze-athletisme.fr\/wordpress\/wp-content\/uploads\/2024\/12\/DSC_1038-768x1145.jpg 768w, https:\/\/janze-athletisme.fr\/wordpress\/wp-content\/uploads\/2024\/12\/DSC_1038.jpg 1000w\" sizes=\"auto, (max-width: 132px) 100vw, 132px\" \/><\/a><\/p>\n<p><a href=\"https:\/\/janze-athletisme.fr\/wordpress\/wp-content\/uploads\/2024\/12\/DSC_1047-1.jpg\"><img loading=\"lazy\" decoding=\"async\" class=\"alignnone wp-image-22464\" src=\"https:\/\/janze-athletisme.fr\/wordpress\/wp-content\/uploads\/2024\/12\/DSC_1047-1-300x300.jpg\" alt=\"\" width=\"194\" height=\"194\" srcset=\"https:\/\/janze-athletisme.fr\/wordpress\/wp-content\/uploads\/2024\/12\/DSC_1047-1-300x300.jpg 300w, https:\/\/janze-athletisme.fr\/wordpress\/wp-content\/uploads\/2024\/12\/DSC_1047-1-1024x1024.jpg 1024w, https:\/\/janze-athletisme.fr\/wordpress\/wp-content\/uploads\/2024\/12\/DSC_1047-1-150x150.jpg 150w, https:\/\/janze-athletisme.fr\/wordpress\/wp-content\/uploads\/2024\/12\/DSC_1047-1-768x767.jpg 768w, https:\/\/janze-athletisme.fr\/wordpress\/wp-content\/uploads\/2024\/12\/DSC_1047-1.jpg 1201w\" sizes=\"auto, (max-width: 194px) 100vw, 194px\" \/> <\/a><a href=\"https:\/\/janze-athletisme.fr\/wordpress\/wp-content\/uploads\/2024\/12\/DSC_1049.jpg\"><img loading=\"lazy\" decoding=\"async\" class=\"alignnone wp-image-22465\" src=\"https:\/\/janze-athletisme.fr\/wordpress\/wp-content\/uploads\/2024\/12\/DSC_1049-200x300.jpg\" alt=\"\" width=\"129\" height=\"194\" srcset=\"https:\/\/janze-athletisme.fr\/wordpress\/wp-content\/uploads\/2024\/12\/DSC_1049-200x300.jpg 200w, https:\/\/janze-athletisme.fr\/wordpress\/wp-content\/uploads\/2024\/12\/DSC_1049-683x1024.jpg 683w, https:\/\/janze-athletisme.fr\/wordpress\/wp-content\/uploads\/2024\/12\/DSC_1049-768x1152.jpg 768w, https:\/\/janze-athletisme.fr\/wordpress\/wp-content\/uploads\/2024\/12\/DSC_1049.jpg 1000w\" sizes=\"auto, (max-width: 129px) 100vw, 129px\" \/> <\/a><a href=\"https:\/\/janze-athletisme.fr\/wordpress\/wp-content\/uploads\/2024\/12\/DSC_1052.jpg\"><img loading=\"lazy\" decoding=\"async\" class=\"alignnone wp-image-22466\" src=\"https:\/\/janze-athletisme.fr\/wordpress\/wp-content\/uploads\/2024\/12\/DSC_1052-200x300.jpg\" alt=\"\" width=\"130\" height=\"195\" srcset=\"https:\/\/janze-athletisme.fr\/wordpress\/wp-content\/uploads\/2024\/12\/DSC_1052-200x300.jpg 200w, https:\/\/janze-athletisme.fr\/wordpress\/wp-content\/uploads\/2024\/12\/DSC_1052-682x1024.jpg 682w, https:\/\/janze-athletisme.fr\/wordpress\/wp-content\/uploads\/2024\/12\/DSC_1052-768x1154.jpg 768w, https:\/\/janze-athletisme.fr\/wordpress\/wp-content\/uploads\/2024\/12\/DSC_1052.jpg 1000w\" sizes=\"auto, (max-width: 130px) 100vw, 130px\" \/><\/a><a href=\"https:\/\/janze-athletisme.fr\/wordpress\/wp-content\/uploads\/2024\/12\/DSC_1054.jpg\"> <img loading=\"lazy\" decoding=\"async\" class=\"alignnone wp-image-22468\" src=\"https:\/\/janze-athletisme.fr\/wordpress\/wp-content\/uploads\/2024\/12\/DSC_1054-202x300.jpg\" alt=\"\" width=\"132\" height=\"196\" srcset=\"https:\/\/janze-athletisme.fr\/wordpress\/wp-content\/uploads\/2024\/12\/DSC_1054-202x300.jpg 202w, https:\/\/janze-athletisme.fr\/wordpress\/wp-content\/uploads\/2024\/12\/DSC_1054-688x1024.jpg 688w, https:\/\/janze-athletisme.fr\/wordpress\/wp-content\/uploads\/2024\/12\/DSC_1054-768x1143.jpg 768w, https:\/\/janze-athletisme.fr\/wordpress\/wp-content\/uploads\/2024\/12\/DSC_1054.jpg 1000w\" sizes=\"auto, (max-width: 132px) 100vw, 132px\" \/> <\/a><a href=\"https:\/\/janze-athletisme.fr\/wordpress\/wp-content\/uploads\/2024\/12\/DSC_1074.jpg\"><img loading=\"lazy\" decoding=\"async\" class=\"alignnone wp-image-22469\" src=\"https:\/\/janze-athletisme.fr\/wordpress\/wp-content\/uploads\/2024\/12\/DSC_1074-300x300.jpg\" alt=\"\" width=\"198\" height=\"198\" srcset=\"https:\/\/janze-athletisme.fr\/wordpress\/wp-content\/uploads\/2024\/12\/DSC_1074-300x300.jpg 300w, https:\/\/janze-athletisme.fr\/wordpress\/wp-content\/uploads\/2024\/12\/DSC_1074-1024x1024.jpg 1024w, https:\/\/janze-athletisme.fr\/wordpress\/wp-content\/uploads\/2024\/12\/DSC_1074-150x150.jpg 150w, https:\/\/janze-athletisme.fr\/wordpress\/wp-content\/uploads\/2024\/12\/DSC_1074-768x767.jpg 768w, https:\/\/janze-athletisme.fr\/wordpress\/wp-content\/uploads\/2024\/12\/DSC_1074.jpg 1501w\" sizes=\"auto, (max-width: 198px) 100vw, 198px\" \/><\/a><\/p>\n<p><a href=\"https:\/\/janze-athletisme.fr\/wordpress\/wp-content\/uploads\/2024\/12\/DSC_1026.jpg\"><img loading=\"lazy\" decoding=\"async\" class=\"alignnone wp-image-22472\" src=\"https:\/\/janze-athletisme.fr\/wordpress\/wp-content\/uploads\/2024\/12\/DSC_1026-300x300.jpg\" alt=\"\" width=\"151\" height=\"151\" srcset=\"https:\/\/janze-athletisme.fr\/wordpress\/wp-content\/uploads\/2024\/12\/DSC_1026-300x300.jpg 300w, https:\/\/janze-athletisme.fr\/wordpress\/wp-content\/uploads\/2024\/12\/DSC_1026-1024x1024.jpg 1024w, https:\/\/janze-athletisme.fr\/wordpress\/wp-content\/uploads\/2024\/12\/DSC_1026-150x150.jpg 150w, https:\/\/janze-athletisme.fr\/wordpress\/wp-content\/uploads\/2024\/12\/DSC_1026-768x769.jpg 768w, https:\/\/janze-athletisme.fr\/wordpress\/wp-content\/uploads\/2024\/12\/DSC_1026.jpg 1200w\" sizes=\"auto, (max-width: 151px) 100vw, 151px\" \/><\/a><a href=\"https:\/\/janze-athletisme.fr\/wordpress\/wp-content\/uploads\/2024\/12\/DSC_1071.jpg\"> <img loading=\"lazy\" decoding=\"async\" class=\"alignnone wp-image-22467\" src=\"https:\/\/janze-athletisme.fr\/wordpress\/wp-content\/uploads\/2024\/12\/DSC_1071-300x200.jpg\" alt=\"\" width=\"303\" height=\"202\" srcset=\"https:\/\/janze-athletisme.fr\/wordpress\/wp-content\/uploads\/2024\/12\/DSC_1071-300x200.jpg 300w, https:\/\/janze-athletisme.fr\/wordpress\/wp-content\/uploads\/2024\/12\/DSC_1071-1024x682.jpg 1024w, https:\/\/janze-athletisme.fr\/wordpress\/wp-content\/uploads\/2024\/12\/DSC_1071-768x511.jpg 768w, https:\/\/janze-athletisme.fr\/wordpress\/wp-content\/uploads\/2024\/12\/DSC_1071-1536x1023.jpg 1536w, https:\/\/janze-athletisme.fr\/wordpress\/wp-content\/uploads\/2024\/12\/DSC_1071.jpg 1802w\" sizes=\"auto, (max-width: 303px) 100vw, 303px\" \/> <\/a><a href=\"https:\/\/janze-athletisme.fr\/wordpress\/wp-content\/uploads\/2024\/12\/DSC_1076.jpg\"><img loading=\"lazy\" decoding=\"async\" class=\"alignnone wp-image-22470\" src=\"https:\/\/janze-athletisme.fr\/wordpress\/wp-content\/uploads\/2024\/12\/DSC_1076-300x300.jpg\" alt=\"\" width=\"201\" height=\"201\" srcset=\"https:\/\/janze-athletisme.fr\/wordpress\/wp-content\/uploads\/2024\/12\/DSC_1076-300x300.jpg 300w, https:\/\/janze-athletisme.fr\/wordpress\/wp-content\/uploads\/2024\/12\/DSC_1076-1024x1024.jpg 1024w, https:\/\/janze-athletisme.fr\/wordpress\/wp-content\/uploads\/2024\/12\/DSC_1076-150x150.jpg 150w, https:\/\/janze-athletisme.fr\/wordpress\/wp-content\/uploads\/2024\/12\/DSC_1076-768x768.jpg 768w, https:\/\/janze-athletisme.fr\/wordpress\/wp-content\/uploads\/2024\/12\/DSC_1076.jpg 1200w\" sizes=\"auto, (max-width: 201px) 100vw, 201px\" \/> <\/a><a href=\"https:\/\/janze-athletisme.fr\/wordpress\/wp-content\/uploads\/2024\/12\/DSC_1078.jpg\"><img loading=\"lazy\" decoding=\"async\" class=\"alignnone wp-image-22471\" src=\"https:\/\/janze-athletisme.fr\/wordpress\/wp-content\/uploads\/2024\/12\/DSC_1078-200x300.jpg\" alt=\"\" width=\"132\" height=\"199\" srcset=\"https:\/\/janze-athletisme.fr\/wordpress\/wp-content\/uploads\/2024\/12\/DSC_1078-200x300.jpg 200w, https:\/\/janze-athletisme.fr\/wordpress\/wp-content\/uploads\/2024\/12\/DSC_1078-681x1024.jpg 681w, https:\/\/janze-athletisme.fr\/wordpress\/wp-content\/uploads\/2024\/12\/DSC_1078-768x1154.jpg 768w, https:\/\/janze-athletisme.fr\/wordpress\/wp-content\/uploads\/2024\/12\/DSC_1078.jpg 1000w\" sizes=\"auto, (max-width: 132px) 100vw, 132px\" \/> <\/a><\/p>\n<p>Les performances de la soir\u00e9e sont \u00e0 mettre \u00e0 l&rsquo;actif d&rsquo;Ewen Huchet, 7&rsquo;33 au 60m (son record pulv\u00e9ris\u00e9 de 13 centi\u00e8mes !), pour ce qui est des gar\u00e7ons, et, pour ce qui est des filles, de L\u00e9a Robert, 2&rsquo;33&Prime;33 sur le 800m (son record en salle). Augustin Jouzel h\u00e9las a fini son 200m avec un point de contracture et n&rsquo;a pu prendre le d\u00e9part du 60m.<\/p>\n<p><a href=\"https:\/\/janze-athletisme.fr\/wordpress\/wp-content\/uploads\/2024\/12\/DSC_1095.jpg\"><img loading=\"lazy\" decoding=\"async\" class=\"alignnone size-medium wp-image-22473\" src=\"https:\/\/janze-athletisme.fr\/wordpress\/wp-content\/uploads\/2024\/12\/DSC_1095-201x300.jpg\" alt=\"\" width=\"201\" height=\"300\" srcset=\"https:\/\/janze-athletisme.fr\/wordpress\/wp-content\/uploads\/2024\/12\/DSC_1095-201x300.jpg 201w, https:\/\/janze-athletisme.fr\/wordpress\/wp-content\/uploads\/2024\/12\/DSC_1095-687x1024.jpg 687w, https:\/\/janze-athletisme.fr\/wordpress\/wp-content\/uploads\/2024\/12\/DSC_1095-768x1145.jpg 768w, https:\/\/janze-athletisme.fr\/wordpress\/wp-content\/uploads\/2024\/12\/DSC_1095.jpg 1000w\" sizes=\"auto, (max-width: 201px) 100vw, 201px\" \/> <\/a><a href=\"https:\/\/janze-athletisme.fr\/wordpress\/wp-content\/uploads\/2024\/12\/DSC_1039.jpg\"><img loading=\"lazy\" decoding=\"async\" class=\"alignnone size-medium wp-image-22474\" src=\"https:\/\/janze-athletisme.fr\/wordpress\/wp-content\/uploads\/2024\/12\/DSC_1039-300x300.jpg\" alt=\"\" width=\"300\" height=\"300\" srcset=\"https:\/\/janze-athletisme.fr\/wordpress\/wp-content\/uploads\/2024\/12\/DSC_1039-300x300.jpg 300w, https:\/\/janze-athletisme.fr\/wordpress\/wp-content\/uploads\/2024\/12\/DSC_1039-1024x1024.jpg 1024w, https:\/\/janze-athletisme.fr\/wordpress\/wp-content\/uploads\/2024\/12\/DSC_1039-150x150.jpg 150w, https:\/\/janze-athletisme.fr\/wordpress\/wp-content\/uploads\/2024\/12\/DSC_1039-768x768.jpg 768w, https:\/\/janze-athletisme.fr\/wordpress\/wp-content\/uploads\/2024\/12\/DSC_1039.jpg 1200w\" sizes=\"auto, (max-width: 300px) 100vw, 300px\" \/><\/a> <a href=\"https:\/\/janze-athletisme.fr\/wordpress\/wp-content\/uploads\/2024\/12\/DSC_1097.jpg\"><img loading=\"lazy\" decoding=\"async\" class=\"alignnone size-medium wp-image-22475\" src=\"https:\/\/janze-athletisme.fr\/wordpress\/wp-content\/uploads\/2024\/12\/DSC_1097-200x300.jpg\" alt=\"\" width=\"200\" height=\"300\" srcset=\"https:\/\/janze-athletisme.fr\/wordpress\/wp-content\/uploads\/2024\/12\/DSC_1097-200x300.jpg 200w, https:\/\/janze-athletisme.fr\/wordpress\/wp-content\/uploads\/2024\/12\/DSC_1097-683x1024.jpg 683w, https:\/\/janze-athletisme.fr\/wordpress\/wp-content\/uploads\/2024\/12\/DSC_1097-768x1152.jpg 768w, https:\/\/janze-athletisme.fr\/wordpress\/wp-content\/uploads\/2024\/12\/DSC_1097.jpg 1000w\" sizes=\"auto, (max-width: 200px) 100vw, 200px\" \/><\/a><\/p>\n<p>Bravo \u00e0 toutes et tous !<\/p>\n","protected":false},"excerpt":{"rendered":"<p>Meeting de l&rsquo;AP Redon, dimanche 15 d\u00e9cembre La vie de l&rsquo;athl\u00e9 ne s&rsquo;est pas arr\u00eat\u00e9e ce week-end, bien que le cross coh\u00e9sion du club, samedi 14, nous en ait donn\u00e9 l&rsquo;impression. Il y avait un meeting de lancers longs \u00e0 Rennes, le challenge Mario-Gatti de marche, le cross de l&rsquo;EAPB, \u00e0 Saint-Onen-La-Chapelle, un tour hivernal [&hellip;]<\/p>\n","protected":false},"author":12,"featured_media":22460,"comment_status":"open","ping_status":"open","sticky":false,"template":"","format":"aside","meta":{"_uag_custom_page_level_css":"","site-sidebar-layout":"default","site-content-layout":"","ast-site-content-layout":"default","site-content-style":"default","site-sidebar-style":"default","ast-global-header-display":"","ast-banner-title-visibility":"","ast-main-header-display":"","ast-hfb-above-header-display":"","ast-hfb-below-header-display":"","ast-hfb-mobile-header-display":"","site-post-title":"","ast-breadcrumbs-content":"","ast-featured-img":"disabled","footer-sml-layout":"","ast-disable-related-posts":"","theme-transparent-header-meta":"default","adv-header-id-meta":"","stick-header-meta":"","header-above-stick-meta":"","header-main-stick-meta":"","header-below-stick-meta":"","astra-migrate-meta-layouts":"set","ast-page-background-enabled":"default","ast-page-background-meta":{"desktop":{"background-color":"var(--ast-global-color-4)","background-image":"","background-repeat":"repeat","background-position":"center center","background-size":"auto","background-attachment":"scroll","background-type":"","background-media":"","overlay-type":"","overlay-color":"","overlay-opacity":"","overlay-gradient":""},"tablet":{"background-color":"","background-image":"","background-repeat":"repeat","background-position":"center center","background-size":"auto","background-attachment":"scroll","background-type":"","background-media":"","overlay-type":"","overlay-color":"","overlay-opacity":"","overlay-gradient":""},"mobile":{"background-color":"","background-image":"","background-repeat":"repeat","background-position":"center center","background-size":"auto","background-attachment":"scroll","background-type":"","background-media":"","overlay-type":"","overlay-color":"","overlay-opacity":"","overlay-gradient":""}},"ast-content-background-meta":{"desktop":{"background-color":"var(--ast-global-color-5)","background-image":"","background-repeat":"repeat","background-position":"center center","background-size":"auto","background-attachment":"scroll","background-type":"","background-media":"","overlay-type":"","overlay-color":"","overlay-opacity":"","overlay-gradient":""},"tablet":{"background-color":"var(--ast-global-color-5)","background-image":"","background-repeat":"repeat","background-position":"center center","background-size":"auto","background-attachment":"scroll","background-type":"","background-media":"","overlay-type":"","overlay-color":"","overlay-opacity":"","overlay-gradient":""},"mobile":{"background-color":"var(--ast-global-color-5)","background-image":"","background-repeat":"repeat","background-position":"center center","background-size":"auto","background-attachment":"scroll","background-type":"","background-media":"","overlay-type":"","overlay-color":"","overlay-opacity":"","overlay-gradient":""}},"footnotes":""},"categories":[6],"tags":[],"class_list":["post-22458","post","type-post","status-publish","format-aside","has-post-thumbnail","hentry","category-sections","post_format-post-format-aside"],"yoast_head":"<!-- This site is optimized with the Yoast SEO plugin v27.5 - https:\/\/yoast.com\/product\/yoast-seo-wordpress\/ -->\n<title>Un petit 800m pour finir le week-end coh\u00e9sion - Janz\u00e9 Athl\u00e9tisme<\/title>\n<meta name=\"robots\" content=\"index, follow, max-snippet:-1, max-image-preview:large, max-video-preview:-1\" \/>\n<link rel=\"canonical\" href=\"https:\/\/janze-athletisme.fr\/wordpress\/un-petit-800m-pour-finir-le-week-end-cohesion\/\" \/>\n<meta property=\"og:locale\" content=\"fr_FR\" \/>\n<meta property=\"og:type\" content=\"article\" \/>\n<meta property=\"og:title\" content=\"Un petit 800m pour finir le week-end coh\u00e9sion - Janz\u00e9 Athl\u00e9tisme\" \/>\n<meta property=\"og:description\" content=\"Meeting de l&rsquo;AP Redon, dimanche 15 d\u00e9cembre La vie de l&rsquo;athl\u00e9 ne s&rsquo;est pas arr\u00eat\u00e9e ce week-end, bien que le cross coh\u00e9sion du club, samedi 14, nous en ait donn\u00e9 l&rsquo;impression. Il y avait un meeting de lancers longs \u00e0 Rennes, le challenge Mario-Gatti de marche, le cross de l&rsquo;EAPB, \u00e0 Saint-Onen-La-Chapelle, un tour hivernal [&hellip;]\" \/>\n<meta property=\"og:url\" content=\"https:\/\/janze-athletisme.fr\/wordpress\/un-petit-800m-pour-finir-le-week-end-cohesion\/\" \/>\n<meta property=\"og:site_name\" content=\"Janz\u00e9 Athl\u00e9tisme\" \/>\n<meta property=\"article:publisher\" content=\"https:\/\/www.facebook.com\/groups\/1007964579346590\" \/>\n<meta property=\"article:published_time\" content=\"2024-12-15T23:01:12+00:00\" \/>\n<meta property=\"article:modified_time\" content=\"2024-12-17T10:11:28+00:00\" \/>\n<meta property=\"og:image\" content=\"https:\/\/janze-athletisme.fr\/wordpress\/wp-content\/uploads\/2024\/12\/DSC_1029.jpg\" \/>\n\t<meta property=\"og:image:width\" content=\"1200\" \/>\n\t<meta property=\"og:image:height\" content=\"1201\" \/>\n\t<meta property=\"og:image:type\" content=\"image\/jpeg\" \/>\n<meta name=\"author\" content=\"Laurent Meunier\" \/>\n<meta name=\"twitter:card\" content=\"summary_large_image\" \/>\n<meta name=\"twitter:label1\" content=\"\u00c9crit par\" \/>\n\t<meta name=\"twitter:data1\" content=\"Laurent Meunier\" \/>\n\t<meta name=\"twitter:label2\" content=\"Dur\u00e9e de lecture estim\u00e9e\" \/>\n\t<meta name=\"twitter:data2\" content=\"7 minutes\" \/>\n<script type=\"application\/ld+json\" class=\"yoast-schema-graph\">{\"@context\":\"https:\\\/\\\/schema.org\",\"@graph\":[{\"@type\":\"Article\",\"@id\":\"https:\\\/\\\/janze-athletisme.fr\\\/wordpress\\\/un-petit-800m-pour-finir-le-week-end-cohesion\\\/#article\",\"isPartOf\":{\"@id\":\"https:\\\/\\\/janze-athletisme.fr\\\/wordpress\\\/un-petit-800m-pour-finir-le-week-end-cohesion\\\/\"},\"author\":{\"name\":\"Laurent Meunier\",\"@id\":\"https:\\\/\\\/janze-athletisme.fr\\\/wordpress\\\/#\\\/schema\\\/person\\\/c7b063dcfa6234c041d4d9b26cc2ea03\"},\"headline\":\"Un petit 800m pour finir le week-end coh\u00e9sion\",\"datePublished\":\"2024-12-15T23:01:12+00:00\",\"dateModified\":\"2024-12-17T10:11:28+00:00\",\"mainEntityOfPage\":{\"@id\":\"https:\\\/\\\/janze-athletisme.fr\\\/wordpress\\\/un-petit-800m-pour-finir-le-week-end-cohesion\\\/\"},\"wordCount\":571,\"commentCount\":0,\"publisher\":{\"@id\":\"https:\\\/\\\/janze-athletisme.fr\\\/wordpress\\\/#organization\"},\"image\":{\"@id\":\"https:\\\/\\\/janze-athletisme.fr\\\/wordpress\\\/un-petit-800m-pour-finir-le-week-end-cohesion\\\/#primaryimage\"},\"thumbnailUrl\":\"https:\\\/\\\/janze-athletisme.fr\\\/wordpress\\\/wp-content\\\/uploads\\\/2024\\\/12\\\/DSC_1029.jpg\",\"articleSection\":[\"Le club au jour le jour\"],\"inLanguage\":\"fr-FR\",\"potentialAction\":[{\"@type\":\"CommentAction\",\"name\":\"Comment\",\"target\":[\"https:\\\/\\\/janze-athletisme.fr\\\/wordpress\\\/un-petit-800m-pour-finir-le-week-end-cohesion\\\/#respond\"]}]},{\"@type\":\"WebPage\",\"@id\":\"https:\\\/\\\/janze-athletisme.fr\\\/wordpress\\\/un-petit-800m-pour-finir-le-week-end-cohesion\\\/\",\"url\":\"https:\\\/\\\/janze-athletisme.fr\\\/wordpress\\\/un-petit-800m-pour-finir-le-week-end-cohesion\\\/\",\"name\":\"Un petit 800m pour finir le week-end coh\u00e9sion - Janz\u00e9 Athl\u00e9tisme\",\"isPartOf\":{\"@id\":\"https:\\\/\\\/janze-athletisme.fr\\\/wordpress\\\/#website\"},\"primaryImageOfPage\":{\"@id\":\"https:\\\/\\\/janze-athletisme.fr\\\/wordpress\\\/un-petit-800m-pour-finir-le-week-end-cohesion\\\/#primaryimage\"},\"image\":{\"@id\":\"https:\\\/\\\/janze-athletisme.fr\\\/wordpress\\\/un-petit-800m-pour-finir-le-week-end-cohesion\\\/#primaryimage\"},\"thumbnailUrl\":\"https:\\\/\\\/janze-athletisme.fr\\\/wordpress\\\/wp-content\\\/uploads\\\/2024\\\/12\\\/DSC_1029.jpg\",\"datePublished\":\"2024-12-15T23:01:12+00:00\",\"dateModified\":\"2024-12-17T10:11:28+00:00\",\"breadcrumb\":{\"@id\":\"https:\\\/\\\/janze-athletisme.fr\\\/wordpress\\\/un-petit-800m-pour-finir-le-week-end-cohesion\\\/#breadcrumb\"},\"inLanguage\":\"fr-FR\",\"potentialAction\":[{\"@type\":\"ReadAction\",\"target\":[\"https:\\\/\\\/janze-athletisme.fr\\\/wordpress\\\/un-petit-800m-pour-finir-le-week-end-cohesion\\\/\"]}]},{\"@type\":\"ImageObject\",\"inLanguage\":\"fr-FR\",\"@id\":\"https:\\\/\\\/janze-athletisme.fr\\\/wordpress\\\/un-petit-800m-pour-finir-le-week-end-cohesion\\\/#primaryimage\",\"url\":\"https:\\\/\\\/janze-athletisme.fr\\\/wordpress\\\/wp-content\\\/uploads\\\/2024\\\/12\\\/DSC_1029.jpg\",\"contentUrl\":\"https:\\\/\\\/janze-athletisme.fr\\\/wordpress\\\/wp-content\\\/uploads\\\/2024\\\/12\\\/DSC_1029.jpg\",\"width\":1200,\"height\":1201},{\"@type\":\"BreadcrumbList\",\"@id\":\"https:\\\/\\\/janze-athletisme.fr\\\/wordpress\\\/un-petit-800m-pour-finir-le-week-end-cohesion\\\/#breadcrumb\",\"itemListElement\":[{\"@type\":\"ListItem\",\"position\":1,\"name\":\"Accueil\",\"item\":\"https:\\\/\\\/janze-athletisme.fr\\\/wordpress\\\/\"},{\"@type\":\"ListItem\",\"position\":2,\"name\":\"Un petit 800m pour finir le week-end coh\u00e9sion\"}]},{\"@type\":\"WebSite\",\"@id\":\"https:\\\/\\\/janze-athletisme.fr\\\/wordpress\\\/#website\",\"url\":\"https:\\\/\\\/janze-athletisme.fr\\\/wordpress\\\/\",\"name\":\"Janz\u00e9 Athl\u00e9tisme\",\"description\":\"Pays de La Roche aux F\u00e9es\",\"publisher\":{\"@id\":\"https:\\\/\\\/janze-athletisme.fr\\\/wordpress\\\/#organization\"},\"potentialAction\":[{\"@type\":\"SearchAction\",\"target\":{\"@type\":\"EntryPoint\",\"urlTemplate\":\"https:\\\/\\\/janze-athletisme.fr\\\/wordpress\\\/?s={search_term_string}\"},\"query-input\":{\"@type\":\"PropertyValueSpecification\",\"valueRequired\":true,\"valueName\":\"search_term_string\"}}],\"inLanguage\":\"fr-FR\"},{\"@type\":\"Organization\",\"@id\":\"https:\\\/\\\/janze-athletisme.fr\\\/wordpress\\\/#organization\",\"name\":\"Janz\u00e9 Athl\u00e9tisme\",\"url\":\"https:\\\/\\\/janze-athletisme.fr\\\/wordpress\\\/\",\"logo\":{\"@type\":\"ImageObject\",\"inLanguage\":\"fr-FR\",\"@id\":\"https:\\\/\\\/janze-athletisme.fr\\\/wordpress\\\/#\\\/schema\\\/logo\\\/image\\\/\",\"url\":\"https:\\\/\\\/janze-athletisme.fr\\\/wordpress\\\/wp-content\\\/uploads\\\/2015\\\/03\\\/logo-full1.jpg\",\"contentUrl\":\"https:\\\/\\\/janze-athletisme.fr\\\/wordpress\\\/wp-content\\\/uploads\\\/2015\\\/03\\\/logo-full1.jpg\",\"width\":437,\"height\":205,\"caption\":\"Janz\u00e9 Athl\u00e9tisme\"},\"image\":{\"@id\":\"https:\\\/\\\/janze-athletisme.fr\\\/wordpress\\\/#\\\/schema\\\/logo\\\/image\\\/\"},\"sameAs\":[\"https:\\\/\\\/www.facebook.com\\\/groups\\\/1007964579346590\"]},{\"@type\":\"Person\",\"@id\":\"https:\\\/\\\/janze-athletisme.fr\\\/wordpress\\\/#\\\/schema\\\/person\\\/c7b063dcfa6234c041d4d9b26cc2ea03\",\"name\":\"Laurent Meunier\",\"image\":{\"@type\":\"ImageObject\",\"inLanguage\":\"fr-FR\",\"@id\":\"https:\\\/\\\/secure.gravatar.com\\\/avatar\\\/dd25d581ad7c3349090f2fa6a9adb6bfa287e6a5dd8a5216a092727cd8749034?s=96&d=mm&r=g\",\"url\":\"https:\\\/\\\/secure.gravatar.com\\\/avatar\\\/dd25d581ad7c3349090f2fa6a9adb6bfa287e6a5dd8a5216a092727cd8749034?s=96&d=mm&r=g\",\"contentUrl\":\"https:\\\/\\\/secure.gravatar.com\\\/avatar\\\/dd25d581ad7c3349090f2fa6a9adb6bfa287e6a5dd8a5216a092727cd8749034?s=96&d=mm&r=g\",\"caption\":\"Laurent Meunier\"},\"url\":\"https:\\\/\\\/janze-athletisme.fr\\\/wordpress\\\/author\\\/laurent-meunier35\\\/\"}]}<\/script>\n<!-- \/ Yoast SEO plugin. -->","yoast_head_json":{"title":"Un petit 800m pour finir le week-end coh\u00e9sion - Janz\u00e9 Athl\u00e9tisme","robots":{"index":"index","follow":"follow","max-snippet":"max-snippet:-1","max-image-preview":"max-image-preview:large","max-video-preview":"max-video-preview:-1"},"canonical":"https:\/\/janze-athletisme.fr\/wordpress\/un-petit-800m-pour-finir-le-week-end-cohesion\/","og_locale":"fr_FR","og_type":"article","og_title":"Un petit 800m pour finir le week-end coh\u00e9sion - Janz\u00e9 Athl\u00e9tisme","og_description":"Meeting de l&rsquo;AP Redon, dimanche 15 d\u00e9cembre La vie de l&rsquo;athl\u00e9 ne s&rsquo;est pas arr\u00eat\u00e9e ce week-end, bien que le cross coh\u00e9sion du club, samedi 14, nous en ait donn\u00e9 l&rsquo;impression. Il y avait un meeting de lancers longs \u00e0 Rennes, le challenge Mario-Gatti de marche, le cross de l&rsquo;EAPB, \u00e0 Saint-Onen-La-Chapelle, un tour hivernal [&hellip;]","og_url":"https:\/\/janze-athletisme.fr\/wordpress\/un-petit-800m-pour-finir-le-week-end-cohesion\/","og_site_name":"Janz\u00e9 Athl\u00e9tisme","article_publisher":"https:\/\/www.facebook.com\/groups\/1007964579346590","article_published_time":"2024-12-15T23:01:12+00:00","article_modified_time":"2024-12-17T10:11:28+00:00","og_image":[{"width":1200,"height":1201,"url":"https:\/\/janze-athletisme.fr\/wordpress\/wp-content\/uploads\/2024\/12\/DSC_1029.jpg","type":"image\/jpeg"}],"author":"Laurent Meunier","twitter_card":"summary_large_image","twitter_misc":{"\u00c9crit par":"Laurent Meunier","Dur\u00e9e de lecture estim\u00e9e":"7 minutes"},"schema":{"@context":"https:\/\/schema.org","@graph":[{"@type":"Article","@id":"https:\/\/janze-athletisme.fr\/wordpress\/un-petit-800m-pour-finir-le-week-end-cohesion\/#article","isPartOf":{"@id":"https:\/\/janze-athletisme.fr\/wordpress\/un-petit-800m-pour-finir-le-week-end-cohesion\/"},"author":{"name":"Laurent Meunier","@id":"https:\/\/janze-athletisme.fr\/wordpress\/#\/schema\/person\/c7b063dcfa6234c041d4d9b26cc2ea03"},"headline":"Un petit 800m pour finir le week-end coh\u00e9sion","datePublished":"2024-12-15T23:01:12+00:00","dateModified":"2024-12-17T10:11:28+00:00","mainEntityOfPage":{"@id":"https:\/\/janze-athletisme.fr\/wordpress\/un-petit-800m-pour-finir-le-week-end-cohesion\/"},"wordCount":571,"commentCount":0,"publisher":{"@id":"https:\/\/janze-athletisme.fr\/wordpress\/#organization"},"image":{"@id":"https:\/\/janze-athletisme.fr\/wordpress\/un-petit-800m-pour-finir-le-week-end-cohesion\/#primaryimage"},"thumbnailUrl":"https:\/\/janze-athletisme.fr\/wordpress\/wp-content\/uploads\/2024\/12\/DSC_1029.jpg","articleSection":["Le club au jour le jour"],"inLanguage":"fr-FR","potentialAction":[{"@type":"CommentAction","name":"Comment","target":["https:\/\/janze-athletisme.fr\/wordpress\/un-petit-800m-pour-finir-le-week-end-cohesion\/#respond"]}]},{"@type":"WebPage","@id":"https:\/\/janze-athletisme.fr\/wordpress\/un-petit-800m-pour-finir-le-week-end-cohesion\/","url":"https:\/\/janze-athletisme.fr\/wordpress\/un-petit-800m-pour-finir-le-week-end-cohesion\/","name":"Un petit 800m pour finir le week-end coh\u00e9sion - Janz\u00e9 Athl\u00e9tisme","isPartOf":{"@id":"https:\/\/janze-athletisme.fr\/wordpress\/#website"},"primaryImageOfPage":{"@id":"https:\/\/janze-athletisme.fr\/wordpress\/un-petit-800m-pour-finir-le-week-end-cohesion\/#primaryimage"},"image":{"@id":"https:\/\/janze-athletisme.fr\/wordpress\/un-petit-800m-pour-finir-le-week-end-cohesion\/#primaryimage"},"thumbnailUrl":"https:\/\/janze-athletisme.fr\/wordpress\/wp-content\/uploads\/2024\/12\/DSC_1029.jpg","datePublished":"2024-12-15T23:01:12+00:00","dateModified":"2024-12-17T10:11:28+00:00","breadcrumb":{"@id":"https:\/\/janze-athletisme.fr\/wordpress\/un-petit-800m-pour-finir-le-week-end-cohesion\/#breadcrumb"},"inLanguage":"fr-FR","potentialAction":[{"@type":"ReadAction","target":["https:\/\/janze-athletisme.fr\/wordpress\/un-petit-800m-pour-finir-le-week-end-cohesion\/"]}]},{"@type":"ImageObject","inLanguage":"fr-FR","@id":"https:\/\/janze-athletisme.fr\/wordpress\/un-petit-800m-pour-finir-le-week-end-cohesion\/#primaryimage","url":"https:\/\/janze-athletisme.fr\/wordpress\/wp-content\/uploads\/2024\/12\/DSC_1029.jpg","contentUrl":"https:\/\/janze-athletisme.fr\/wordpress\/wp-content\/uploads\/2024\/12\/DSC_1029.jpg","width":1200,"height":1201},{"@type":"BreadcrumbList","@id":"https:\/\/janze-athletisme.fr\/wordpress\/un-petit-800m-pour-finir-le-week-end-cohesion\/#breadcrumb","itemListElement":[{"@type":"ListItem","position":1,"name":"Accueil","item":"https:\/\/janze-athletisme.fr\/wordpress\/"},{"@type":"ListItem","position":2,"name":"Un petit 800m pour finir le week-end coh\u00e9sion"}]},{"@type":"WebSite","@id":"https:\/\/janze-athletisme.fr\/wordpress\/#website","url":"https:\/\/janze-athletisme.fr\/wordpress\/","name":"Janz\u00e9 Athl\u00e9tisme","description":"Pays de La Roche aux F\u00e9es","publisher":{"@id":"https:\/\/janze-athletisme.fr\/wordpress\/#organization"},"potentialAction":[{"@type":"SearchAction","target":{"@type":"EntryPoint","urlTemplate":"https:\/\/janze-athletisme.fr\/wordpress\/?s={search_term_string}"},"query-input":{"@type":"PropertyValueSpecification","valueRequired":true,"valueName":"search_term_string"}}],"inLanguage":"fr-FR"},{"@type":"Organization","@id":"https:\/\/janze-athletisme.fr\/wordpress\/#organization","name":"Janz\u00e9 Athl\u00e9tisme","url":"https:\/\/janze-athletisme.fr\/wordpress\/","logo":{"@type":"ImageObject","inLanguage":"fr-FR","@id":"https:\/\/janze-athletisme.fr\/wordpress\/#\/schema\/logo\/image\/","url":"https:\/\/janze-athletisme.fr\/wordpress\/wp-content\/uploads\/2015\/03\/logo-full1.jpg","contentUrl":"https:\/\/janze-athletisme.fr\/wordpress\/wp-content\/uploads\/2015\/03\/logo-full1.jpg","width":437,"height":205,"caption":"Janz\u00e9 Athl\u00e9tisme"},"image":{"@id":"https:\/\/janze-athletisme.fr\/wordpress\/#\/schema\/logo\/image\/"},"sameAs":["https:\/\/www.facebook.com\/groups\/1007964579346590"]},{"@type":"Person","@id":"https:\/\/janze-athletisme.fr\/wordpress\/#\/schema\/person\/c7b063dcfa6234c041d4d9b26cc2ea03","name":"Laurent Meunier","image":{"@type":"ImageObject","inLanguage":"fr-FR","@id":"https:\/\/secure.gravatar.com\/avatar\/dd25d581ad7c3349090f2fa6a9adb6bfa287e6a5dd8a5216a092727cd8749034?s=96&d=mm&r=g","url":"https:\/\/secure.gravatar.com\/avatar\/dd25d581ad7c3349090f2fa6a9adb6bfa287e6a5dd8a5216a092727cd8749034?s=96&d=mm&r=g","contentUrl":"https:\/\/secure.gravatar.com\/avatar\/dd25d581ad7c3349090f2fa6a9adb6bfa287e6a5dd8a5216a092727cd8749034?s=96&d=mm&r=g","caption":"Laurent Meunier"},"url":"https:\/\/janze-athletisme.fr\/wordpress\/author\/laurent-meunier35\/"}]}},"uagb_featured_image_src":{"full":["https:\/\/janze-athletisme.fr\/wordpress\/wp-content\/uploads\/2024\/12\/DSC_1029.jpg",1200,1201,false],"thumbnail":["https:\/\/janze-athletisme.fr\/wordpress\/wp-content\/uploads\/2024\/12\/DSC_1029-150x150.jpg",150,150,true],"medium":["https:\/\/janze-athletisme.fr\/wordpress\/wp-content\/uploads\/2024\/12\/DSC_1029-300x300.jpg",300,300,true],"medium_large":["https:\/\/janze-athletisme.fr\/wordpress\/wp-content\/uploads\/2024\/12\/DSC_1029-768x769.jpg",768,769,true],"large":["https:\/\/janze-athletisme.fr\/wordpress\/wp-content\/uploads\/2024\/12\/DSC_1029-1024x1024.jpg",1024,1024,true],"1536x1536":["https:\/\/janze-athletisme.fr\/wordpress\/wp-content\/uploads\/2024\/12\/DSC_1029.jpg",1200,1201,false],"2048x2048":["https:\/\/janze-athletisme.fr\/wordpress\/wp-content\/uploads\/2024\/12\/DSC_1029.jpg",1200,1201,false]},"uagb_author_info":{"display_name":"Laurent Meunier","author_link":"https:\/\/janze-athletisme.fr\/wordpress\/author\/laurent-meunier35\/"},"uagb_comment_info":0,"uagb_excerpt":"Meeting de l&rsquo;AP Redon, dimanche 15 d\u00e9cembre La vie de l&rsquo;athl\u00e9 ne s&rsquo;est pas arr\u00eat\u00e9e ce week-end, bien que le cross coh\u00e9sion du club, samedi 14, nous en ait donn\u00e9 l&rsquo;impression. Il y avait un meeting de lancers longs \u00e0 Rennes, le challenge Mario-Gatti de marche, le cross de l&rsquo;EAPB, \u00e0 Saint-Onen-La-Chapelle, un tour hivernal\u2026","_links":{"self":[{"href":"https:\/\/janze-athletisme.fr\/wordpress\/wp-json\/wp\/v2\/posts\/22458","targetHints":{"allow":["GET"]}}],"collection":[{"href":"https:\/\/janze-athletisme.fr\/wordpress\/wp-json\/wp\/v2\/posts"}],"about":[{"href":"https:\/\/janze-athletisme.fr\/wordpress\/wp-json\/wp\/v2\/types\/post"}],"author":[{"embeddable":true,"href":"https:\/\/janze-athletisme.fr\/wordpress\/wp-json\/wp\/v2\/users\/12"}],"replies":[{"embeddable":true,"href":"https:\/\/janze-athletisme.fr\/wordpress\/wp-json\/wp\/v2\/comments?post=22458"}],"version-history":[{"count":8,"href":"https:\/\/janze-athletisme.fr\/wordpress\/wp-json\/wp\/v2\/posts\/22458\/revisions"}],"predecessor-version":[{"id":22487,"href":"https:\/\/janze-athletisme.fr\/wordpress\/wp-json\/wp\/v2\/posts\/22458\/revisions\/22487"}],"wp:featuredmedia":[{"embeddable":true,"href":"https:\/\/janze-athletisme.fr\/wordpress\/wp-json\/wp\/v2\/media\/22460"}],"wp:attachment":[{"href":"https:\/\/janze-athletisme.fr\/wordpress\/wp-json\/wp\/v2\/media?parent=22458"}],"wp:term":[{"taxonomy":"category","embeddable":true,"href":"https:\/\/janze-athletisme.fr\/wordpress\/wp-json\/wp\/v2\/categories?post=22458"},{"taxonomy":"post_tag","embeddable":true,"href":"https:\/\/janze-athletisme.fr\/wordpress\/wp-json\/wp\/v2\/tags?post=22458"}],"curies":[{"name":"wp","href":"https:\/\/api.w.org\/{rel}","templated":true}]}}