{"id":22010,"date":"2024-11-25T13:55:06","date_gmt":"2024-11-25T12:55:06","guid":{"rendered":"https:\/\/janze-athletisme.fr\/wordpress\/?p=22010"},"modified":"2024-11-25T19:44:33","modified_gmt":"2024-11-25T18:44:33","slug":"le-demi-fond-jeunes-excellent-sur-tous-les-fronts","status":"publish","type":"post","link":"https:\/\/janze-athletisme.fr\/wordpress\/le-demi-fond-jeunes-excellent-sur-tous-les-fronts\/","title":{"rendered":"Le demi-fond jeunes excellent sur tous les fronts"},"content":{"rendered":"<p><span style=\"font-size: 18pt\"><strong>Festival du cross de Carhaix, Foul\u00e9es de Chantepie, Grimpette de Co\u00ebsmes, dimanche 24 novembre<\/strong><\/span><\/p>\n<p>Nous avons parl\u00e9 hier des jolies perfs de <strong>Rapha\u00ebl<\/strong> Bou\u00e9, <strong>L\u00e9o<\/strong> Guiheux et <strong>Ewen<\/strong> Caillaud, 6, 8 et 48<sup>e<\/sup> chez les Cadets au festival du cross de Carhaix, et de <strong>Faustine<\/strong> Louaisil, 11<sup>e<\/sup> chez les Cadettes, mais plusieurs autres jeunes du groupe demi-fond \u00e9taient \u00e0 l&rsquo;\u0153uvre de leur c\u00f4t\u00e9, ce dimanche 24, \u00e0 Chantepie et \u00e0 Co\u00ebsmes, avec d&rsquo;excellents r\u00e9sultats \u00e9galement.<\/p>\n<p>Les nombreux athl\u00e8tes du club pr\u00e9sents ce dimanche sur ces diff\u00e9rentes courses ont pu constater que les jeunes ne font pas honneur au maillot de l&rsquo;EAC ou de Janz\u00e9 que dans les stades ou en salle : on les remarque aussi \u00e0 travers champs et sur la route. Les r\u00e9sultats qui suivent en t\u00e9moignent :<\/p>\n<p><span style=\"font-size: 14pt\"><strong>L\u00e9a 1<sup>\u00e8re<\/sup> cadette \u00e0 Chantepie<\/strong><\/span><\/p>\n<p><strong>L\u00e9a<\/strong> Robert, est 97<sup>e<\/sup> au scratch, 5<sup>e<\/sup> f\u00e9minine et 1<sup>\u00e8re<\/sup> cadette sur le 5km de Chantepie (couru en 21&rsquo;18), <strong>Chlo\u00e9<\/strong> Bruneau 219<sup>e<\/sup> et 7<sup>e<\/sup> JUF en 27&rsquo;08, devan\u00e7ant de peu sa s\u0153ur <strong>Ana\u00efs<\/strong>, 224<sup>e<\/sup> et 24<sup>e<\/sup> SEF en 27&rsquo;32.<\/p>\n<p><a href=\"https:\/\/janze-athletisme.fr\/wordpress\/wp-content\/uploads\/2024\/11\/Lea-a-Chantepie-2.jpg\"><img loading=\"lazy\" decoding=\"async\" class=\"alignnone wp-image-22011\" src=\"https:\/\/janze-athletisme.fr\/wordpress\/wp-content\/uploads\/2024\/11\/Lea-a-Chantepie-2-300x300.jpg\" alt=\"\" width=\"248\" height=\"248\" srcset=\"https:\/\/janze-athletisme.fr\/wordpress\/wp-content\/uploads\/2024\/11\/Lea-a-Chantepie-2-300x300.jpg 300w, https:\/\/janze-athletisme.fr\/wordpress\/wp-content\/uploads\/2024\/11\/Lea-a-Chantepie-2-1024x1024.jpg 1024w, https:\/\/janze-athletisme.fr\/wordpress\/wp-content\/uploads\/2024\/11\/Lea-a-Chantepie-2-150x150.jpg 150w, https:\/\/janze-athletisme.fr\/wordpress\/wp-content\/uploads\/2024\/11\/Lea-a-Chantepie-2-768x768.jpg 768w, https:\/\/janze-athletisme.fr\/wordpress\/wp-content\/uploads\/2024\/11\/Lea-a-Chantepie-2.jpg 1200w\" sizes=\"auto, (max-width: 248px) 100vw, 248px\" \/> <\/a><a href=\"https:\/\/janze-athletisme.fr\/wordpress\/wp-content\/uploads\/2024\/11\/Lea-Chloe-a-Chantepie-1.jpg\"><img loading=\"lazy\" decoding=\"async\" class=\"alignnone wp-image-22013\" src=\"https:\/\/janze-athletisme.fr\/wordpress\/wp-content\/uploads\/2024\/11\/Lea-Chloe-a-Chantepie-1-209x300.jpg\" alt=\"\" width=\"174\" height=\"250\" srcset=\"https:\/\/janze-athletisme.fr\/wordpress\/wp-content\/uploads\/2024\/11\/Lea-Chloe-a-Chantepie-1-209x300.jpg 209w, https:\/\/janze-athletisme.fr\/wordpress\/wp-content\/uploads\/2024\/11\/Lea-Chloe-a-Chantepie-1-714x1024.jpg 714w, https:\/\/janze-athletisme.fr\/wordpress\/wp-content\/uploads\/2024\/11\/Lea-Chloe-a-Chantepie-1-768x1101.jpg 768w, https:\/\/janze-athletisme.fr\/wordpress\/wp-content\/uploads\/2024\/11\/Lea-Chloe-a-Chantepie-1.jpg 1000w\" sizes=\"auto, (max-width: 174px) 100vw, 174px\" \/><\/a><\/p>\n<p><em><span style=\"font-size: 10pt\">L\u00e9a 1\u00e8re cadette \u00e0 Chantepie, et avec Chlo\u00e9.<\/span><\/em><\/p>\n<p><span style=\"font-size: 14pt\"><strong>Quatre podiums \u00e0 Co\u00ebsmes<\/strong><\/span><\/p>\n<p>Elsa Mah\u00e9 (Bain), en d\u00e9pit d&rsquo;une grosse s\u00e9ance la veille, est 11<sup>e<\/sup> au scratch sur le 5km de La grimpette de Co\u00ebsmes, 2<sup>e<\/sup> f\u00e9minine et 1<sup>\u00e8re<\/sup> Junior fille, <strong>Louna<\/strong> Perrin 23<sup>e<\/sup> au scratch, 5<sup>e<\/sup> f\u00e9minine et 1<sup>\u00e8re<\/sup> Cadette, <strong>Camille<\/strong> Danet, 31<sup>e<\/sup> au scratch, 8<sup>e<\/sup> f\u00e9minine et 3<sup>e<\/sup> cadette, <strong>Jeanne<\/strong> Richard, 37<sup>e<\/sup> au scratch, 12<sup>e<\/sup> f\u00e9minine et 4<sup>e<\/sup> cadette.<\/p>\n<p>Chez les gar\u00e7ons, <strong>Noah<\/strong> Barill\u00e9 est 8<sup>e<\/sup> au scratch et 2<sup>e<\/sup> cadet.<\/p>\n<p>Vos efforts \u00e0 l&rsquo;entra\u00eenement ne sont pas inutiles, et votre progression est sensible. Bravo \u00e0 toutes et tous !<\/p>\n<p><a href=\"https:\/\/janze-athletisme.fr\/wordpress\/wp-content\/uploads\/2024\/11\/Elsa-Podium-Coesmes.jpeg\"><img loading=\"lazy\" decoding=\"async\" class=\"alignnone wp-image-22014\" src=\"https:\/\/janze-athletisme.fr\/wordpress\/wp-content\/uploads\/2024\/11\/Elsa-Podium-Coesmes-202x300.jpeg\" alt=\"\" width=\"143\" height=\"212\" srcset=\"https:\/\/janze-athletisme.fr\/wordpress\/wp-content\/uploads\/2024\/11\/Elsa-Podium-Coesmes-202x300.jpeg 202w, https:\/\/janze-athletisme.fr\/wordpress\/wp-content\/uploads\/2024\/11\/Elsa-Podium-Coesmes-691x1024.jpeg 691w, https:\/\/janze-athletisme.fr\/wordpress\/wp-content\/uploads\/2024\/11\/Elsa-Podium-Coesmes-768x1138.jpeg 768w, https:\/\/janze-athletisme.fr\/wordpress\/wp-content\/uploads\/2024\/11\/Elsa-Podium-Coesmes.jpeg 1000w\" sizes=\"auto, (max-width: 143px) 100vw, 143px\" \/> <\/a><a href=\"https:\/\/janze-athletisme.fr\/wordpress\/wp-content\/uploads\/2024\/11\/Louna-Noah-Podium-Coesmes.jpg\"><img loading=\"lazy\" decoding=\"async\" class=\"alignnone wp-image-22015\" src=\"https:\/\/janze-athletisme.fr\/wordpress\/wp-content\/uploads\/2024\/11\/Louna-Noah-Podium-Coesmes-288x300.jpg\" alt=\"\" width=\"205\" height=\"213\" srcset=\"https:\/\/janze-athletisme.fr\/wordpress\/wp-content\/uploads\/2024\/11\/Louna-Noah-Podium-Coesmes-288x300.jpg 288w, https:\/\/janze-athletisme.fr\/wordpress\/wp-content\/uploads\/2024\/11\/Louna-Noah-Podium-Coesmes.jpg 768w\" sizes=\"auto, (max-width: 205px) 100vw, 205px\" \/> <\/a><a href=\"https:\/\/janze-athletisme.fr\/wordpress\/wp-content\/uploads\/2024\/11\/Camille-Louna-Elsa-au-depart-de-Coesmes-1.jpg\"><img loading=\"lazy\" decoding=\"async\" class=\"alignnone wp-image-22017\" src=\"https:\/\/janze-athletisme.fr\/wordpress\/wp-content\/uploads\/2024\/11\/Camille-Louna-Elsa-au-depart-de-Coesmes-1-300x300.jpg\" alt=\"\" width=\"215\" height=\"215\" srcset=\"https:\/\/janze-athletisme.fr\/wordpress\/wp-content\/uploads\/2024\/11\/Camille-Louna-Elsa-au-depart-de-Coesmes-1-300x300.jpg 300w, https:\/\/janze-athletisme.fr\/wordpress\/wp-content\/uploads\/2024\/11\/Camille-Louna-Elsa-au-depart-de-Coesmes-1-1024x1024.jpg 1024w, https:\/\/janze-athletisme.fr\/wordpress\/wp-content\/uploads\/2024\/11\/Camille-Louna-Elsa-au-depart-de-Coesmes-1-150x150.jpg 150w, https:\/\/janze-athletisme.fr\/wordpress\/wp-content\/uploads\/2024\/11\/Camille-Louna-Elsa-au-depart-de-Coesmes-1-768x769.jpg 768w, https:\/\/janze-athletisme.fr\/wordpress\/wp-content\/uploads\/2024\/11\/Camille-Louna-Elsa-au-depart-de-Coesmes-1.jpg 1200w\" sizes=\"auto, (max-width: 215px) 100vw, 215px\" \/> <\/a><a href=\"https:\/\/janze-athletisme.fr\/wordpress\/wp-content\/uploads\/2024\/11\/Louna-et-Camille-a-Coesmes.jpg\"><img loading=\"lazy\" decoding=\"async\" class=\"alignnone wp-image-22018\" src=\"https:\/\/janze-athletisme.fr\/wordpress\/wp-content\/uploads\/2024\/11\/Louna-et-Camille-a-Coesmes-300x300.jpg\" alt=\"\" width=\"215\" height=\"215\" srcset=\"https:\/\/janze-athletisme.fr\/wordpress\/wp-content\/uploads\/2024\/11\/Louna-et-Camille-a-Coesmes-300x300.jpg 300w, https:\/\/janze-athletisme.fr\/wordpress\/wp-content\/uploads\/2024\/11\/Louna-et-Camille-a-Coesmes-1024x1024.jpg 1024w, https:\/\/janze-athletisme.fr\/wordpress\/wp-content\/uploads\/2024\/11\/Louna-et-Camille-a-Coesmes-150x150.jpg 150w, https:\/\/janze-athletisme.fr\/wordpress\/wp-content\/uploads\/2024\/11\/Louna-et-Camille-a-Coesmes-768x769.jpg 768w, https:\/\/janze-athletisme.fr\/wordpress\/wp-content\/uploads\/2024\/11\/Louna-et-Camille-a-Coesmes.jpg 1200w\" sizes=\"auto, (max-width: 215px) 100vw, 215px\" \/>\u00a0<\/a><\/p>\n<p><em><span style=\"font-size: 10pt\">Elsa, Louna, Noah et Camille ont fini sur le podium&#8230;<\/span><\/em><\/p>\n<p><span style=\"font-size: 14pt\"><strong>Retour sur les D\u00e9partementaux UNSS le 20 novembre<\/strong><\/span><\/p>\n<p>Comme ils ont couru le mercredi, on ne les a pas vu le dimanche, mais on peut n\u00e9anmoins saluer leurs performances \u00e9galement : <strong>Bertille<\/strong> Louaisil est 32<sup>e<\/sup>\/166 du championnat d\u00e9partemental UNSS le mercredi 20 novembre aux Gayeulles, et 21<sup>e<\/sup> cadette (derri\u00e8re notamment neuf cadettes du p\u00f4le athl\u00e9 du lyc\u00e9e de Cesson !) Elle concourait pour le lyc\u00e9e Jean-Brito, de Bain de Bretagne. 21<sup>e<\/sup> de la course (sur 309 class\u00e9s) et 12<sup>e<\/sup> cadet (7<sup>e<\/sup> cadet de son lyc\u00e9e de Cesson !), <strong>Esteban<\/strong> Bouillaux fait une belle course \u00e9galement, en d\u00e9pit d&rsquo;une chaussure d\u00e9chauss\u00e9e au d\u00e9part, qu&rsquo;il a fallu remettre (reparti derri\u00e8re tout le monde, il a fait une grosse remont\u00e9e).<\/p>\n<p>Quant \u00e0 <strong>Thibault<\/strong> Philippe-Passot, avec Jean Monnet Janz\u00e9, il est 132<sup>e<\/sup> chez les MIM2, <strong>Mathys<\/strong> Riot 145<sup>e<\/sup> (Les Rochers S\u00e9vign\u00e9, Vitr\u00e9) et <strong>Manel<\/strong> Pigeon 76<sup>e<\/sup> chez les MIF2 (Jean-Monnet Janz\u00e9 \u00e9galement).<\/p>\n","protected":false},"excerpt":{"rendered":"<p>Festival du cross de Carhaix, Foul\u00e9es de Chantepie, Grimpette de Co\u00ebsmes, dimanche 24 novembre Nous avons parl\u00e9 hier des jolies perfs de Rapha\u00ebl Bou\u00e9, L\u00e9o Guiheux et Ewen Caillaud, 6, 8 et 48e chez les Cadets au festival du cross de Carhaix, et de Faustine Louaisil, 11e chez les Cadettes, mais plusieurs autres jeunes du [&hellip;]<\/p>\n","protected":false},"author":12,"featured_media":22015,"comment_status":"open","ping_status":"open","sticky":false,"template":"","format":"aside","meta":{"_uag_custom_page_level_css":"","site-sidebar-layout":"default","site-content-layout":"","ast-site-content-layout":"default","site-content-style":"default","site-sidebar-style":"default","ast-global-header-display":"","ast-banner-title-visibility":"","ast-main-header-display":"","ast-hfb-above-header-display":"","ast-hfb-below-header-display":"","ast-hfb-mobile-header-display":"","site-post-title":"","ast-breadcrumbs-content":"","ast-featured-img":"","footer-sml-layout":"","ast-disable-related-posts":"","theme-transparent-header-meta":"default","adv-header-id-meta":"","stick-header-meta":"","header-above-stick-meta":"","header-main-stick-meta":"","header-below-stick-meta":"","astra-migrate-meta-layouts":"set","ast-page-background-enabled":"default","ast-page-background-meta":{"desktop":{"background-color":"var(--ast-global-color-4)","background-image":"","background-repeat":"repeat","background-position":"center center","background-size":"auto","background-attachment":"scroll","background-type":"","background-media":"","overlay-type":"","overlay-color":"","overlay-opacity":"","overlay-gradient":""},"tablet":{"background-color":"","background-image":"","background-repeat":"repeat","background-position":"center center","background-size":"auto","background-attachment":"scroll","background-type":"","background-media":"","overlay-type":"","overlay-color":"","overlay-opacity":"","overlay-gradient":""},"mobile":{"background-color":"","background-image":"","background-repeat":"repeat","background-position":"center center","background-size":"auto","background-attachment":"scroll","background-type":"","background-media":"","overlay-type":"","overlay-color":"","overlay-opacity":"","overlay-gradient":""}},"ast-content-background-meta":{"desktop":{"background-color":"var(--ast-global-color-5)","background-image":"","background-repeat":"repeat","background-position":"center center","background-size":"auto","background-attachment":"scroll","background-type":"","background-media":"","overlay-type":"","overlay-color":"","overlay-opacity":"","overlay-gradient":""},"tablet":{"background-color":"var(--ast-global-color-5)","background-image":"","background-repeat":"repeat","background-position":"center center","background-size":"auto","background-attachment":"scroll","background-type":"","background-media":"","overlay-type":"","overlay-color":"","overlay-opacity":"","overlay-gradient":""},"mobile":{"background-color":"var(--ast-global-color-5)","background-image":"","background-repeat":"repeat","background-position":"center center","background-size":"auto","background-attachment":"scroll","background-type":"","background-media":"","overlay-type":"","overlay-color":"","overlay-opacity":"","overlay-gradient":""}},"footnotes":""},"categories":[6],"tags":[],"class_list":["post-22010","post","type-post","status-publish","format-aside","has-post-thumbnail","hentry","category-sections","post_format-post-format-aside"],"yoast_head":"<!-- This site is optimized with the Yoast SEO plugin v27.4 - https:\/\/yoast.com\/product\/yoast-seo-wordpress\/ -->\n<title>Le demi-fond jeunes excellent sur tous les fronts - Janz\u00e9 Athl\u00e9tisme<\/title>\n<meta name=\"robots\" content=\"index, follow, max-snippet:-1, max-image-preview:large, max-video-preview:-1\" \/>\n<link rel=\"canonical\" href=\"https:\/\/janze-athletisme.fr\/wordpress\/le-demi-fond-jeunes-excellent-sur-tous-les-fronts\/\" \/>\n<meta property=\"og:locale\" content=\"fr_FR\" \/>\n<meta property=\"og:type\" content=\"article\" \/>\n<meta property=\"og:title\" content=\"Le demi-fond jeunes excellent sur tous les fronts - Janz\u00e9 Athl\u00e9tisme\" \/>\n<meta property=\"og:description\" content=\"Festival du cross de Carhaix, Foul\u00e9es de Chantepie, Grimpette de Co\u00ebsmes, dimanche 24 novembre Nous avons parl\u00e9 hier des jolies perfs de Rapha\u00ebl Bou\u00e9, L\u00e9o Guiheux et Ewen Caillaud, 6, 8 et 48e chez les Cadets au festival du cross de Carhaix, et de Faustine Louaisil, 11e chez les Cadettes, mais plusieurs autres jeunes du [&hellip;]\" \/>\n<meta property=\"og:url\" content=\"https:\/\/janze-athletisme.fr\/wordpress\/le-demi-fond-jeunes-excellent-sur-tous-les-fronts\/\" \/>\n<meta property=\"og:site_name\" content=\"Janz\u00e9 Athl\u00e9tisme\" \/>\n<meta property=\"article:publisher\" content=\"https:\/\/www.facebook.com\/groups\/1007964579346590\" \/>\n<meta property=\"article:published_time\" content=\"2024-11-25T12:55:06+00:00\" \/>\n<meta property=\"article:modified_time\" content=\"2024-11-25T18:44:33+00:00\" \/>\n<meta property=\"og:image\" content=\"https:\/\/janze-athletisme.fr\/wordpress\/wp-content\/uploads\/2024\/11\/Louna-Noah-Podium-Coesmes.jpg\" \/>\n\t<meta property=\"og:image:width\" content=\"768\" \/>\n\t<meta property=\"og:image:height\" content=\"800\" \/>\n\t<meta property=\"og:image:type\" content=\"image\/jpeg\" \/>\n<meta name=\"author\" content=\"Laurent Meunier\" \/>\n<meta name=\"twitter:card\" content=\"summary_large_image\" \/>\n<meta name=\"twitter:label1\" content=\"\u00c9crit par\" \/>\n\t<meta name=\"twitter:data1\" content=\"Laurent Meunier\" \/>\n\t<meta name=\"twitter:label2\" content=\"Dur\u00e9e de lecture estim\u00e9e\" \/>\n\t<meta name=\"twitter:data2\" content=\"4 minutes\" \/>\n<script type=\"application\/ld+json\" class=\"yoast-schema-graph\">{\"@context\":\"https:\\\/\\\/schema.org\",\"@graph\":[{\"@type\":\"Article\",\"@id\":\"https:\\\/\\\/janze-athletisme.fr\\\/wordpress\\\/le-demi-fond-jeunes-excellent-sur-tous-les-fronts\\\/#article\",\"isPartOf\":{\"@id\":\"https:\\\/\\\/janze-athletisme.fr\\\/wordpress\\\/le-demi-fond-jeunes-excellent-sur-tous-les-fronts\\\/\"},\"author\":{\"name\":\"Laurent Meunier\",\"@id\":\"https:\\\/\\\/janze-athletisme.fr\\\/wordpress\\\/#\\\/schema\\\/person\\\/c7b063dcfa6234c041d4d9b26cc2ea03\"},\"headline\":\"Le demi-fond jeunes excellent sur tous les fronts\",\"datePublished\":\"2024-11-25T12:55:06+00:00\",\"dateModified\":\"2024-11-25T18:44:33+00:00\",\"mainEntityOfPage\":{\"@id\":\"https:\\\/\\\/janze-athletisme.fr\\\/wordpress\\\/le-demi-fond-jeunes-excellent-sur-tous-les-fronts\\\/\"},\"wordCount\":467,\"commentCount\":0,\"publisher\":{\"@id\":\"https:\\\/\\\/janze-athletisme.fr\\\/wordpress\\\/#organization\"},\"image\":{\"@id\":\"https:\\\/\\\/janze-athletisme.fr\\\/wordpress\\\/le-demi-fond-jeunes-excellent-sur-tous-les-fronts\\\/#primaryimage\"},\"thumbnailUrl\":\"https:\\\/\\\/janze-athletisme.fr\\\/wordpress\\\/wp-content\\\/uploads\\\/2024\\\/11\\\/Louna-Noah-Podium-Coesmes.jpg\",\"articleSection\":[\"Le club au jour le jour\"],\"inLanguage\":\"fr-FR\",\"potentialAction\":[{\"@type\":\"CommentAction\",\"name\":\"Comment\",\"target\":[\"https:\\\/\\\/janze-athletisme.fr\\\/wordpress\\\/le-demi-fond-jeunes-excellent-sur-tous-les-fronts\\\/#respond\"]}]},{\"@type\":\"WebPage\",\"@id\":\"https:\\\/\\\/janze-athletisme.fr\\\/wordpress\\\/le-demi-fond-jeunes-excellent-sur-tous-les-fronts\\\/\",\"url\":\"https:\\\/\\\/janze-athletisme.fr\\\/wordpress\\\/le-demi-fond-jeunes-excellent-sur-tous-les-fronts\\\/\",\"name\":\"Le demi-fond jeunes excellent sur tous les fronts - Janz\u00e9 Athl\u00e9tisme\",\"isPartOf\":{\"@id\":\"https:\\\/\\\/janze-athletisme.fr\\\/wordpress\\\/#website\"},\"primaryImageOfPage\":{\"@id\":\"https:\\\/\\\/janze-athletisme.fr\\\/wordpress\\\/le-demi-fond-jeunes-excellent-sur-tous-les-fronts\\\/#primaryimage\"},\"image\":{\"@id\":\"https:\\\/\\\/janze-athletisme.fr\\\/wordpress\\\/le-demi-fond-jeunes-excellent-sur-tous-les-fronts\\\/#primaryimage\"},\"thumbnailUrl\":\"https:\\\/\\\/janze-athletisme.fr\\\/wordpress\\\/wp-content\\\/uploads\\\/2024\\\/11\\\/Louna-Noah-Podium-Coesmes.jpg\",\"datePublished\":\"2024-11-25T12:55:06+00:00\",\"dateModified\":\"2024-11-25T18:44:33+00:00\",\"breadcrumb\":{\"@id\":\"https:\\\/\\\/janze-athletisme.fr\\\/wordpress\\\/le-demi-fond-jeunes-excellent-sur-tous-les-fronts\\\/#breadcrumb\"},\"inLanguage\":\"fr-FR\",\"potentialAction\":[{\"@type\":\"ReadAction\",\"target\":[\"https:\\\/\\\/janze-athletisme.fr\\\/wordpress\\\/le-demi-fond-jeunes-excellent-sur-tous-les-fronts\\\/\"]}]},{\"@type\":\"ImageObject\",\"inLanguage\":\"fr-FR\",\"@id\":\"https:\\\/\\\/janze-athletisme.fr\\\/wordpress\\\/le-demi-fond-jeunes-excellent-sur-tous-les-fronts\\\/#primaryimage\",\"url\":\"https:\\\/\\\/janze-athletisme.fr\\\/wordpress\\\/wp-content\\\/uploads\\\/2024\\\/11\\\/Louna-Noah-Podium-Coesmes.jpg\",\"contentUrl\":\"https:\\\/\\\/janze-athletisme.fr\\\/wordpress\\\/wp-content\\\/uploads\\\/2024\\\/11\\\/Louna-Noah-Podium-Coesmes.jpg\",\"width\":768,\"height\":800},{\"@type\":\"BreadcrumbList\",\"@id\":\"https:\\\/\\\/janze-athletisme.fr\\\/wordpress\\\/le-demi-fond-jeunes-excellent-sur-tous-les-fronts\\\/#breadcrumb\",\"itemListElement\":[{\"@type\":\"ListItem\",\"position\":1,\"name\":\"Accueil\",\"item\":\"https:\\\/\\\/janze-athletisme.fr\\\/wordpress\\\/\"},{\"@type\":\"ListItem\",\"position\":2,\"name\":\"Le demi-fond jeunes excellent sur tous les fronts\"}]},{\"@type\":\"WebSite\",\"@id\":\"https:\\\/\\\/janze-athletisme.fr\\\/wordpress\\\/#website\",\"url\":\"https:\\\/\\\/janze-athletisme.fr\\\/wordpress\\\/\",\"name\":\"Janz\u00e9 Athl\u00e9tisme\",\"description\":\"Pays de La Roche aux F\u00e9es\",\"publisher\":{\"@id\":\"https:\\\/\\\/janze-athletisme.fr\\\/wordpress\\\/#organization\"},\"potentialAction\":[{\"@type\":\"SearchAction\",\"target\":{\"@type\":\"EntryPoint\",\"urlTemplate\":\"https:\\\/\\\/janze-athletisme.fr\\\/wordpress\\\/?s={search_term_string}\"},\"query-input\":{\"@type\":\"PropertyValueSpecification\",\"valueRequired\":true,\"valueName\":\"search_term_string\"}}],\"inLanguage\":\"fr-FR\"},{\"@type\":\"Organization\",\"@id\":\"https:\\\/\\\/janze-athletisme.fr\\\/wordpress\\\/#organization\",\"name\":\"Janz\u00e9 Athl\u00e9tisme\",\"url\":\"https:\\\/\\\/janze-athletisme.fr\\\/wordpress\\\/\",\"logo\":{\"@type\":\"ImageObject\",\"inLanguage\":\"fr-FR\",\"@id\":\"https:\\\/\\\/janze-athletisme.fr\\\/wordpress\\\/#\\\/schema\\\/logo\\\/image\\\/\",\"url\":\"https:\\\/\\\/janze-athletisme.fr\\\/wordpress\\\/wp-content\\\/uploads\\\/2015\\\/03\\\/logo-full1.jpg\",\"contentUrl\":\"https:\\\/\\\/janze-athletisme.fr\\\/wordpress\\\/wp-content\\\/uploads\\\/2015\\\/03\\\/logo-full1.jpg\",\"width\":437,\"height\":205,\"caption\":\"Janz\u00e9 Athl\u00e9tisme\"},\"image\":{\"@id\":\"https:\\\/\\\/janze-athletisme.fr\\\/wordpress\\\/#\\\/schema\\\/logo\\\/image\\\/\"},\"sameAs\":[\"https:\\\/\\\/www.facebook.com\\\/groups\\\/1007964579346590\"]},{\"@type\":\"Person\",\"@id\":\"https:\\\/\\\/janze-athletisme.fr\\\/wordpress\\\/#\\\/schema\\\/person\\\/c7b063dcfa6234c041d4d9b26cc2ea03\",\"name\":\"Laurent Meunier\",\"image\":{\"@type\":\"ImageObject\",\"inLanguage\":\"fr-FR\",\"@id\":\"https:\\\/\\\/secure.gravatar.com\\\/avatar\\\/dd25d581ad7c3349090f2fa6a9adb6bfa287e6a5dd8a5216a092727cd8749034?s=96&d=mm&r=g\",\"url\":\"https:\\\/\\\/secure.gravatar.com\\\/avatar\\\/dd25d581ad7c3349090f2fa6a9adb6bfa287e6a5dd8a5216a092727cd8749034?s=96&d=mm&r=g\",\"contentUrl\":\"https:\\\/\\\/secure.gravatar.com\\\/avatar\\\/dd25d581ad7c3349090f2fa6a9adb6bfa287e6a5dd8a5216a092727cd8749034?s=96&d=mm&r=g\",\"caption\":\"Laurent Meunier\"},\"url\":\"https:\\\/\\\/janze-athletisme.fr\\\/wordpress\\\/author\\\/laurent-meunier35\\\/\"}]}<\/script>\n<!-- \/ Yoast SEO plugin. -->","yoast_head_json":{"title":"Le demi-fond jeunes excellent sur tous les fronts - Janz\u00e9 Athl\u00e9tisme","robots":{"index":"index","follow":"follow","max-snippet":"max-snippet:-1","max-image-preview":"max-image-preview:large","max-video-preview":"max-video-preview:-1"},"canonical":"https:\/\/janze-athletisme.fr\/wordpress\/le-demi-fond-jeunes-excellent-sur-tous-les-fronts\/","og_locale":"fr_FR","og_type":"article","og_title":"Le demi-fond jeunes excellent sur tous les fronts - Janz\u00e9 Athl\u00e9tisme","og_description":"Festival du cross de Carhaix, Foul\u00e9es de Chantepie, Grimpette de Co\u00ebsmes, dimanche 24 novembre Nous avons parl\u00e9 hier des jolies perfs de Rapha\u00ebl Bou\u00e9, L\u00e9o Guiheux et Ewen Caillaud, 6, 8 et 48e chez les Cadets au festival du cross de Carhaix, et de Faustine Louaisil, 11e chez les Cadettes, mais plusieurs autres jeunes du [&hellip;]","og_url":"https:\/\/janze-athletisme.fr\/wordpress\/le-demi-fond-jeunes-excellent-sur-tous-les-fronts\/","og_site_name":"Janz\u00e9 Athl\u00e9tisme","article_publisher":"https:\/\/www.facebook.com\/groups\/1007964579346590","article_published_time":"2024-11-25T12:55:06+00:00","article_modified_time":"2024-11-25T18:44:33+00:00","og_image":[{"width":768,"height":800,"url":"https:\/\/janze-athletisme.fr\/wordpress\/wp-content\/uploads\/2024\/11\/Louna-Noah-Podium-Coesmes.jpg","type":"image\/jpeg"}],"author":"Laurent Meunier","twitter_card":"summary_large_image","twitter_misc":{"\u00c9crit par":"Laurent Meunier","Dur\u00e9e de lecture estim\u00e9e":"4 minutes"},"schema":{"@context":"https:\/\/schema.org","@graph":[{"@type":"Article","@id":"https:\/\/janze-athletisme.fr\/wordpress\/le-demi-fond-jeunes-excellent-sur-tous-les-fronts\/#article","isPartOf":{"@id":"https:\/\/janze-athletisme.fr\/wordpress\/le-demi-fond-jeunes-excellent-sur-tous-les-fronts\/"},"author":{"name":"Laurent Meunier","@id":"https:\/\/janze-athletisme.fr\/wordpress\/#\/schema\/person\/c7b063dcfa6234c041d4d9b26cc2ea03"},"headline":"Le demi-fond jeunes excellent sur tous les fronts","datePublished":"2024-11-25T12:55:06+00:00","dateModified":"2024-11-25T18:44:33+00:00","mainEntityOfPage":{"@id":"https:\/\/janze-athletisme.fr\/wordpress\/le-demi-fond-jeunes-excellent-sur-tous-les-fronts\/"},"wordCount":467,"commentCount":0,"publisher":{"@id":"https:\/\/janze-athletisme.fr\/wordpress\/#organization"},"image":{"@id":"https:\/\/janze-athletisme.fr\/wordpress\/le-demi-fond-jeunes-excellent-sur-tous-les-fronts\/#primaryimage"},"thumbnailUrl":"https:\/\/janze-athletisme.fr\/wordpress\/wp-content\/uploads\/2024\/11\/Louna-Noah-Podium-Coesmes.jpg","articleSection":["Le club au jour le jour"],"inLanguage":"fr-FR","potentialAction":[{"@type":"CommentAction","name":"Comment","target":["https:\/\/janze-athletisme.fr\/wordpress\/le-demi-fond-jeunes-excellent-sur-tous-les-fronts\/#respond"]}]},{"@type":"WebPage","@id":"https:\/\/janze-athletisme.fr\/wordpress\/le-demi-fond-jeunes-excellent-sur-tous-les-fronts\/","url":"https:\/\/janze-athletisme.fr\/wordpress\/le-demi-fond-jeunes-excellent-sur-tous-les-fronts\/","name":"Le demi-fond jeunes excellent sur tous les fronts - Janz\u00e9 Athl\u00e9tisme","isPartOf":{"@id":"https:\/\/janze-athletisme.fr\/wordpress\/#website"},"primaryImageOfPage":{"@id":"https:\/\/janze-athletisme.fr\/wordpress\/le-demi-fond-jeunes-excellent-sur-tous-les-fronts\/#primaryimage"},"image":{"@id":"https:\/\/janze-athletisme.fr\/wordpress\/le-demi-fond-jeunes-excellent-sur-tous-les-fronts\/#primaryimage"},"thumbnailUrl":"https:\/\/janze-athletisme.fr\/wordpress\/wp-content\/uploads\/2024\/11\/Louna-Noah-Podium-Coesmes.jpg","datePublished":"2024-11-25T12:55:06+00:00","dateModified":"2024-11-25T18:44:33+00:00","breadcrumb":{"@id":"https:\/\/janze-athletisme.fr\/wordpress\/le-demi-fond-jeunes-excellent-sur-tous-les-fronts\/#breadcrumb"},"inLanguage":"fr-FR","potentialAction":[{"@type":"ReadAction","target":["https:\/\/janze-athletisme.fr\/wordpress\/le-demi-fond-jeunes-excellent-sur-tous-les-fronts\/"]}]},{"@type":"ImageObject","inLanguage":"fr-FR","@id":"https:\/\/janze-athletisme.fr\/wordpress\/le-demi-fond-jeunes-excellent-sur-tous-les-fronts\/#primaryimage","url":"https:\/\/janze-athletisme.fr\/wordpress\/wp-content\/uploads\/2024\/11\/Louna-Noah-Podium-Coesmes.jpg","contentUrl":"https:\/\/janze-athletisme.fr\/wordpress\/wp-content\/uploads\/2024\/11\/Louna-Noah-Podium-Coesmes.jpg","width":768,"height":800},{"@type":"BreadcrumbList","@id":"https:\/\/janze-athletisme.fr\/wordpress\/le-demi-fond-jeunes-excellent-sur-tous-les-fronts\/#breadcrumb","itemListElement":[{"@type":"ListItem","position":1,"name":"Accueil","item":"https:\/\/janze-athletisme.fr\/wordpress\/"},{"@type":"ListItem","position":2,"name":"Le demi-fond jeunes excellent sur tous les fronts"}]},{"@type":"WebSite","@id":"https:\/\/janze-athletisme.fr\/wordpress\/#website","url":"https:\/\/janze-athletisme.fr\/wordpress\/","name":"Janz\u00e9 Athl\u00e9tisme","description":"Pays de La Roche aux F\u00e9es","publisher":{"@id":"https:\/\/janze-athletisme.fr\/wordpress\/#organization"},"potentialAction":[{"@type":"SearchAction","target":{"@type":"EntryPoint","urlTemplate":"https:\/\/janze-athletisme.fr\/wordpress\/?s={search_term_string}"},"query-input":{"@type":"PropertyValueSpecification","valueRequired":true,"valueName":"search_term_string"}}],"inLanguage":"fr-FR"},{"@type":"Organization","@id":"https:\/\/janze-athletisme.fr\/wordpress\/#organization","name":"Janz\u00e9 Athl\u00e9tisme","url":"https:\/\/janze-athletisme.fr\/wordpress\/","logo":{"@type":"ImageObject","inLanguage":"fr-FR","@id":"https:\/\/janze-athletisme.fr\/wordpress\/#\/schema\/logo\/image\/","url":"https:\/\/janze-athletisme.fr\/wordpress\/wp-content\/uploads\/2015\/03\/logo-full1.jpg","contentUrl":"https:\/\/janze-athletisme.fr\/wordpress\/wp-content\/uploads\/2015\/03\/logo-full1.jpg","width":437,"height":205,"caption":"Janz\u00e9 Athl\u00e9tisme"},"image":{"@id":"https:\/\/janze-athletisme.fr\/wordpress\/#\/schema\/logo\/image\/"},"sameAs":["https:\/\/www.facebook.com\/groups\/1007964579346590"]},{"@type":"Person","@id":"https:\/\/janze-athletisme.fr\/wordpress\/#\/schema\/person\/c7b063dcfa6234c041d4d9b26cc2ea03","name":"Laurent Meunier","image":{"@type":"ImageObject","inLanguage":"fr-FR","@id":"https:\/\/secure.gravatar.com\/avatar\/dd25d581ad7c3349090f2fa6a9adb6bfa287e6a5dd8a5216a092727cd8749034?s=96&d=mm&r=g","url":"https:\/\/secure.gravatar.com\/avatar\/dd25d581ad7c3349090f2fa6a9adb6bfa287e6a5dd8a5216a092727cd8749034?s=96&d=mm&r=g","contentUrl":"https:\/\/secure.gravatar.com\/avatar\/dd25d581ad7c3349090f2fa6a9adb6bfa287e6a5dd8a5216a092727cd8749034?s=96&d=mm&r=g","caption":"Laurent Meunier"},"url":"https:\/\/janze-athletisme.fr\/wordpress\/author\/laurent-meunier35\/"}]}},"uagb_featured_image_src":{"full":["https:\/\/janze-athletisme.fr\/wordpress\/wp-content\/uploads\/2024\/11\/Louna-Noah-Podium-Coesmes.jpg",768,800,false],"thumbnail":["https:\/\/janze-athletisme.fr\/wordpress\/wp-content\/uploads\/2024\/11\/Louna-Noah-Podium-Coesmes-150x150.jpg",150,150,true],"medium":["https:\/\/janze-athletisme.fr\/wordpress\/wp-content\/uploads\/2024\/11\/Louna-Noah-Podium-Coesmes-288x300.jpg",288,300,true],"medium_large":["https:\/\/janze-athletisme.fr\/wordpress\/wp-content\/uploads\/2024\/11\/Louna-Noah-Podium-Coesmes.jpg",768,800,false],"large":["https:\/\/janze-athletisme.fr\/wordpress\/wp-content\/uploads\/2024\/11\/Louna-Noah-Podium-Coesmes.jpg",768,800,false],"1536x1536":["https:\/\/janze-athletisme.fr\/wordpress\/wp-content\/uploads\/2024\/11\/Louna-Noah-Podium-Coesmes.jpg",768,800,false],"2048x2048":["https:\/\/janze-athletisme.fr\/wordpress\/wp-content\/uploads\/2024\/11\/Louna-Noah-Podium-Coesmes.jpg",768,800,false]},"uagb_author_info":{"display_name":"Laurent Meunier","author_link":"https:\/\/janze-athletisme.fr\/wordpress\/author\/laurent-meunier35\/"},"uagb_comment_info":0,"uagb_excerpt":"Festival du cross de Carhaix, Foul\u00e9es de Chantepie, Grimpette de Co\u00ebsmes, dimanche 24 novembre Nous avons parl\u00e9 hier des jolies perfs de Rapha\u00ebl Bou\u00e9, L\u00e9o Guiheux et Ewen Caillaud, 6, 8 et 48e chez les Cadets au festival du cross de Carhaix, et de Faustine Louaisil, 11e chez les Cadettes, mais plusieurs autres jeunes du\u2026","_links":{"self":[{"href":"https:\/\/janze-athletisme.fr\/wordpress\/wp-json\/wp\/v2\/posts\/22010","targetHints":{"allow":["GET"]}}],"collection":[{"href":"https:\/\/janze-athletisme.fr\/wordpress\/wp-json\/wp\/v2\/posts"}],"about":[{"href":"https:\/\/janze-athletisme.fr\/wordpress\/wp-json\/wp\/v2\/types\/post"}],"author":[{"embeddable":true,"href":"https:\/\/janze-athletisme.fr\/wordpress\/wp-json\/wp\/v2\/users\/12"}],"replies":[{"embeddable":true,"href":"https:\/\/janze-athletisme.fr\/wordpress\/wp-json\/wp\/v2\/comments?post=22010"}],"version-history":[{"count":7,"href":"https:\/\/janze-athletisme.fr\/wordpress\/wp-json\/wp\/v2\/posts\/22010\/revisions"}],"predecessor-version":[{"id":22030,"href":"https:\/\/janze-athletisme.fr\/wordpress\/wp-json\/wp\/v2\/posts\/22010\/revisions\/22030"}],"wp:featuredmedia":[{"embeddable":true,"href":"https:\/\/janze-athletisme.fr\/wordpress\/wp-json\/wp\/v2\/media\/22015"}],"wp:attachment":[{"href":"https:\/\/janze-athletisme.fr\/wordpress\/wp-json\/wp\/v2\/media?parent=22010"}],"wp:term":[{"taxonomy":"category","embeddable":true,"href":"https:\/\/janze-athletisme.fr\/wordpress\/wp-json\/wp\/v2\/categories?post=22010"},{"taxonomy":"post_tag","embeddable":true,"href":"https:\/\/janze-athletisme.fr\/wordpress\/wp-json\/wp\/v2\/tags?post=22010"}],"curies":[{"name":"wp","href":"https:\/\/api.w.org\/{rel}","templated":true}]}}