{"id":22005,"date":"2024-11-25T18:00:14","date_gmt":"2024-11-25T17:00:14","guid":{"rendered":"https:\/\/janze-athletisme.fr\/wordpress\/?p=22005"},"modified":"2024-11-25T18:01:05","modified_gmt":"2024-11-25T17:01:05","slug":"coesmes-5","status":"publish","type":"post","link":"https:\/\/janze-athletisme.fr\/wordpress\/coesmes-5\/","title":{"rendered":"Co\u00ebsmes: la foule des grands jours pour une grimpette des grands jours !"},"content":{"rendered":"<h1 style=\"text-align: center\"><span style=\"color: #800000;font-family: comic sans ms, sans-serif\">La Grimpette de Co\u00ebsmes<\/span><\/h1>\n<p>&nbsp;<\/p>\n<p><span style=\"color: #000000\">La foule des grands jours \u00e0 Co\u00ebsmes pour la grand messe de novembre pour le hors-stade: la fabuleuse Grimpette. Gloire \u00e0 toi Yannick, oh, notre ancien pr\u00e9sident et instigateur de cette course mythique !!! Bon, on va pas se mentir, des r\u00e9sultats en demi-teinte par contre pour nos crossmen \u00e0 Carhaix sur le m\u00eame week-end, va falloir affuter les pointes pour les d\u00e9parts en janvier et s&rsquo;inspirer des athl\u00e8tes hors-stade; bon, c&rsquo;est vrai qu&rsquo;il y a du niveau en cross et qu&rsquo;Agathe Guillemot, Luis \u00ab\u00a0champion\u00a0\u00bb Lebreton ou Mathieu Henry (pour ne nommer qu&rsquo;eux !) auraient remport\u00e9 la grimpette en marche arri\u00e8re !!!<\/span><\/p>\n<p><span style=\"color: #000000\">Revenons \u00e0 nos moutons et pour plus de visibilit\u00e9, deux tableaux pour les deux distances. Egalement petite nouveaut\u00e9, une couleur or, argent et bronze pour les 3 premiers de chaque cat\u00e9gorie ! pour les 3 premiers au scratch je r\u00e9fl\u00e9chi encore, peut-\u00eatre une bouteille de champagne mais je risque d&rsquo;avoir des soucis d&rsquo;incitation aux conduites addictives ! une bo\u00eete de p\u00e2t\u00e9 ou un panier garni peut-\u00eatre, \u00e7a se rapprocherait plus de la r\u00e9alit\u00e9 !<\/span><\/p>\n<p><span style=\"color: #000000\">A noter la 2\u00e8me place en f\u00e9minine sur le 5km pour Elsa Mah\u00e9 du BBA ! pour les vainqueurs, c&rsquo;est pas compliqu\u00e9, c&rsquo;est toujours les Houssais qui gagnent ! bravo \u00e0 Mathis vainqueur du 10 kil&rsquo; et Charline qui l&#8217;emporte sur le 5 km (et oui, ils \u00e9taient \u00e0 Janz\u00e9, on leur a tout appris que voulez-vous !!!).<\/span><\/p>\n<p><span style=\"color: #000000\">Vous \u00e9tiez tellement nombreux que je vais avoir du mal \u00e0 dire quelques mots sur chacun. Saluons n\u00e9anmoins l&rsquo;excellent espoir du club, Noah, premier des janz\u00e9ens sur le 5 km. Notre pr\u00e9sident Ga\u00ebtan qui a tenu \u00e0 montrer l&rsquo;exemple et d\u00e9montr\u00e9 que les responsabilit\u00e9s ne l&rsquo;avaient pas rouill\u00e9 ! Notre fringant Jean-Paul, 1er \u00e0 vie de sa cat\u00e9gorie ! et Isabelle de la team \u00ab\u00a0charpent\u00a0\u00bb qui revient au club apr\u00e8s une petite pause.<\/span><\/p>\n<p><span style=\"color: #000000\">Sur le 10, K\u00e9vin confirme sa mont\u00e9e en puissance. J&rsquo;ai tenu \u00e9galement \u00e0 mettre en lumi\u00e8re Gabin qui n&rsquo;est pourtant pas (encore) licenci\u00e9 au club mais qui prend part r\u00e9guli\u00e8rement \u00e0 nos s\u00e9ances de torture d\u00e9licatement \u00e9labor\u00e9es par coach papa (18\u00e8me au scratch !) !!! Bravo \u00e0 Denis, \u00e9galement 1er M5 \u00e0 vie et honneur \u00e0 C\u00e9line et H\u00e9l\u00e8ne, doubl\u00e9 de charme gagnant sur la distance ! je signalerai \u00e9galement pour finir le retour aux affaires de Fr\u00e9d\u00e9rique qui s&rsquo;est courageusement remise d&rsquo;un accident qui aurait pu avoir pour elle des cons\u00e9quences plus n\u00e9fastes ! bravo championne, courage et exemplarit\u00e9 pourrait \u00eatre ta devise !<\/span><\/p>\n<p><span style=\"color: #000000\">Bravo \u00e0 toutes et \u00e0 tous !<\/span><\/p>\n<h3 style=\"text-align: center\"><span style=\"text-decoration: underline\"><span style=\"color: #003366;font-family: comic sans ms, sans-serif;text-decoration: underline\">Course 5km<\/span><\/span><\/h3>\n<table style=\"border-collapse: collapse;width: 100%;height: 424px\">\n<tbody>\n<tr style=\"height: 53px\">\n<td style=\"width: 16.6667%;text-align: center;height: 53px\"><strong><span style=\"color: #000000\">Distance<\/span><\/strong><\/td>\n<td style=\"width: 16.6667%;text-align: center;height: 53px\"><strong><span style=\"color: #000000\">Classement<\/span><\/strong><\/td>\n<td style=\"width: 16.6667%;text-align: center;height: 53px\"><strong><span style=\"color: #000000\">Nom<\/span><\/strong><\/td>\n<td style=\"width: 16.6667%;text-align: center;height: 53px\"><strong><span style=\"color: #000000\">Temps<\/span><\/strong><\/td>\n<td style=\"width: 16.6667%;text-align: center;height: 53px\"><strong><span style=\"color: #000000\">Classement cat\u00e9gorie<\/span><\/strong><\/td>\n<td style=\"width: 16.6667%;text-align: center;height: 53px\"><strong><span style=\"color: #000000\">Classement femme<\/span><\/strong><\/td>\n<\/tr>\n<tr style=\"height: 53px\">\n<td style=\"width: 16.6667%;text-align: center;height: 53px\"><span style=\"color: #000000\">5km<\/span><\/td>\n<td style=\"width: 16.6667%;text-align: center;height: 53px\"><span style=\"color: #000000\">8\/115<\/span><\/td>\n<td style=\"width: 16.6667%;text-align: center;height: 53px\"><span style=\"color: #000000\">Noah Barill\u00e9<\/span><\/td>\n<td style=\"width: 16.6667%;text-align: center;height: 53px\"><span style=\"color: #000000\">20&rsquo;20<\/span><\/td>\n<td style=\"width: 16.6667%;text-align: center;height: 53px\"><strong><span style=\"color: #333333\">2\u00e8me CA<\/span><\/strong><\/td>\n<td style=\"width: 16.6667%;text-align: center;height: 53px\"><span style=\"color: #000000\">&#8211;<\/span><\/td>\n<\/tr>\n<tr style=\"height: 53px\">\n<td style=\"width: 16.6667%;text-align: center;height: 53px\"><span style=\"color: #000000\">5km<\/span><\/td>\n<td style=\"width: 16.6667%;text-align: center;height: 53px\"><span style=\"color: #000000\">14\/115<\/span><\/td>\n<td style=\"width: 16.6667%;text-align: center;height: 53px\"><span style=\"color: #000000\">Ga\u00ebtan Rocaboy<\/span><\/td>\n<td style=\"width: 16.6667%;text-align: center;height: 53px\"><span style=\"color: #000000\">21&rsquo;46<\/span><\/td>\n<td style=\"width: 16.6667%;text-align: center;height: 53px\"><strong><span style=\"color: #333333\">2\u00e8me M2<\/span><\/strong><\/td>\n<td style=\"width: 16.6667%;text-align: center;height: 53px\"><span style=\"color: #000000\">&#8211;<\/span><\/td>\n<\/tr>\n<tr style=\"height: 53px\">\n<td style=\"width: 16.6667%;text-align: center;height: 53px\"><span style=\"color: #000000\">5km<\/span><\/td>\n<td style=\"width: 16.6667%;text-align: center;height: 53px\"><span style=\"color: #000000\">23\/115<\/span><\/td>\n<td style=\"width: 16.6667%;text-align: center;height: 53px\"><span style=\"color: #000000\">Louna Perrin<\/span><\/td>\n<td style=\"width: 16.6667%;text-align: center;height: 53px\"><span style=\"color: #000000\">24&rsquo;57<\/span><\/td>\n<td style=\"width: 16.6667%;text-align: center;height: 53px\"><span style=\"color: #ffcc00\"><strong>1\u00e8re CAF<\/strong><\/span><\/td>\n<td style=\"width: 16.6667%;text-align: center;height: 53px\"><span style=\"color: #000000\">5\/66<\/span><\/td>\n<\/tr>\n<tr style=\"height: 53px\">\n<td style=\"width: 16.6667%;text-align: center;height: 53px\"><span style=\"color: #000000\">5km<\/span><\/td>\n<td style=\"width: 16.6667%;text-align: center;height: 53px\"><span style=\"color: #000000\">24\/115<\/span><\/td>\n<td style=\"width: 16.6667%;text-align: center;height: 53px\"><span style=\"color: #000000\">Jean-Paul Lepr\u00eatre<\/span><\/td>\n<td style=\"width: 16.6667%;text-align: center;height: 53px\"><span style=\"color: #000000\">24&rsquo;57<\/span><\/td>\n<td style=\"width: 16.6667%;text-align: center;height: 53px\"><span style=\"color: #ffcc00\"><strong>1er M6<\/strong><\/span><\/td>\n<td style=\"width: 16.6667%;text-align: center;height: 53px\"><span style=\"color: #000000\">&#8211;<\/span><\/td>\n<\/tr>\n<tr style=\"height: 53px\">\n<td style=\"width: 16.6667%;text-align: center;height: 53px\"><span style=\"color: #000000\">5km<\/span><\/td>\n<td style=\"width: 16.6667%;text-align: center;height: 53px\"><span style=\"color: #000000\">31\/115<\/span><\/td>\n<td style=\"width: 16.6667%;text-align: center;height: 53px\"><span style=\"color: #000000\">Camille Danet<\/span><\/td>\n<td style=\"width: 16.6667%;text-align: center;height: 53px\"><span style=\"color: #000000\">25&rsquo;38<\/span><\/td>\n<td style=\"width: 16.6667%;text-align: center;height: 53px\"><strong><span style=\"color: #993300\">3\u00e8me CAF<\/span><\/strong><\/td>\n<td style=\"width: 16.6667%;text-align: center;height: 53px\"><span style=\"color: #000000\">8\/66<\/span><\/td>\n<\/tr>\n<tr style=\"height: 53px\">\n<td style=\"width: 16.6667%;text-align: center;height: 53px\"><span style=\"color: #000000\">5km<\/span><\/td>\n<td style=\"width: 16.6667%;text-align: center;height: 53px\"><span style=\"color: #000000\">37\/115<\/span><\/td>\n<td style=\"width: 16.6667%;text-align: center;height: 53px\"><span style=\"color: #000000\">Jeanne Richard<\/span><\/td>\n<td style=\"width: 16.6667%;text-align: center;height: 53px\"><span style=\"color: #000000\">27&rsquo;11<\/span><\/td>\n<td style=\"width: 16.6667%;text-align: center;height: 53px\"><span style=\"color: #000000\">4\u00e8me CAF<\/span><\/td>\n<td style=\"width: 16.6667%;text-align: center;height: 53px\"><span style=\"color: #000000\">12\/66<\/span><\/td>\n<\/tr>\n<tr style=\"height: 53px\">\n<td style=\"width: 16.6667%;text-align: center;height: 53px\"><span style=\"color: #000000\">5km<\/span><\/td>\n<td style=\"width: 16.6667%;text-align: center;height: 53px\"><span style=\"color: #000000\">48\/115<\/span><\/td>\n<td style=\"width: 16.6667%;text-align: center;height: 53px\"><span style=\"color: #000000\">Isabelle Le Charpentier<\/span><\/td>\n<td style=\"width: 16.6667%;text-align: center;height: 53px\"><span style=\"color: #000000\">28&rsquo;37<\/span><\/td>\n<td style=\"width: 16.6667%;text-align: center;height: 53px\"><span style=\"color: #ffcc00\"><strong>1\u00e8re M3F<\/strong><\/span><\/td>\n<td style=\"width: 16.6667%;text-align: center;height: 53px\"><span style=\"color: #000000\">15\/66<\/span><\/td>\n<\/tr>\n<\/tbody>\n<\/table>\n<h3 style=\"text-align: center\"><strong><span style=\"text-decoration: underline;color: #003366\"><span style=\"font-family: comic sans ms, sans-serif\">Course 10km<\/span><\/span><\/strong><\/h3>\n<table style=\"border-collapse: collapse;width: 100%;height: 795px\">\n<tbody>\n<tr style=\"height: 53px\">\n<td style=\"width: 16.6667%;height: 53px;text-align: center\"><strong><span style=\"color: #000000\">Distance<\/span><\/strong><\/td>\n<td style=\"width: 16.6667%;height: 53px;text-align: center\"><strong><span style=\"color: #000000\">Classement<\/span><\/strong><\/td>\n<td style=\"width: 16.6667%;height: 53px;text-align: center\"><strong><span style=\"color: #000000\">Nom<\/span><\/strong><\/td>\n<td style=\"width: 16.6667%;height: 53px;text-align: center\"><strong><span style=\"color: #000000\">Temps<\/span><\/strong><\/td>\n<td style=\"width: 16.6667%;height: 53px;text-align: center\"><strong><span style=\"color: #000000\">Classement cat\u00e9gorie<\/span><\/strong><\/td>\n<td style=\"width: 16.6667%;height: 53px;text-align: center\"><strong><span style=\"color: #000000\">Classement femme<\/span><\/strong><\/td>\n<\/tr>\n<tr style=\"height: 53px\">\n<td style=\"width: 16.6667%;height: 53px;text-align: center\"><span style=\"color: #000000\">10 km<\/span><\/td>\n<td style=\"width: 16.6667%;height: 53px;text-align: center\"><span style=\"color: #000000\">6\/201<\/span><\/td>\n<td style=\"width: 16.6667%;height: 53px;text-align: center\"><span style=\"color: #000000\">K\u00e9vin Hou\u00e9dec<\/span><\/td>\n<td style=\"width: 16.6667%;height: 53px;text-align: center\"><span style=\"color: #000000\">40&rsquo;09<\/span><\/td>\n<td style=\"width: 16.6667%;height: 53px;text-align: center\"><strong><span style=\"color: #ffcc00\">1er M1<\/span><\/strong><\/td>\n<td style=\"width: 16.6667%;height: 53px;text-align: center\"><span style=\"color: #000000\">&#8211;<\/span><\/td>\n<\/tr>\n<tr style=\"height: 53px\">\n<td style=\"width: 16.6667%;height: 53px;text-align: center\"><span style=\"color: #000000\">10 km<\/span><\/td>\n<td style=\"width: 16.6667%;height: 53px;text-align: center\"><span style=\"color: #000000\">11\/201<\/span><\/td>\n<td style=\"width: 16.6667%;height: 53px;text-align: center\"><span style=\"color: #000000\">Denis Palussi\u00e8re<\/span><\/td>\n<td style=\"width: 16.6667%;height: 53px;text-align: center\"><span style=\"color: #000000\">41&rsquo;51<\/span><\/td>\n<td style=\"width: 16.6667%;height: 53px;text-align: center\"><strong><span style=\"color: #ffcc00\">1er M5<\/span><\/strong><\/td>\n<td style=\"width: 16.6667%;height: 53px;text-align: center\"><span style=\"color: #000000\">&#8211;<\/span><\/td>\n<\/tr>\n<tr style=\"height: 53px\">\n<td style=\"width: 16.6667%;height: 53px;text-align: center\"><span style=\"color: #000000\">10 km<\/span><\/td>\n<td style=\"width: 16.6667%;height: 53px;text-align: center\"><span style=\"color: #000000\">14\/201<\/span><\/td>\n<td style=\"width: 16.6667%;height: 53px;text-align: center\"><span style=\"color: #000000\">Gabin Le Charpentier<\/span><\/td>\n<td style=\"width: 16.6667%;height: 53px;text-align: center\"><span style=\"color: #000000\">42&rsquo;33<\/span><\/td>\n<td style=\"width: 16.6667%;height: 53px;text-align: center\"><strong><span style=\"color: #333333\">2\u00e8me ES<\/span><\/strong><\/td>\n<td style=\"width: 16.6667%;height: 53px;text-align: center\"><span style=\"color: #000000\">&#8211;<\/span><\/td>\n<\/tr>\n<tr style=\"height: 53px\">\n<td style=\"width: 16.6667%;height: 53px;text-align: center\"><span style=\"color: #000000\">10 km<\/span><\/td>\n<td style=\"width: 16.6667%;height: 53px;text-align: center\"><span style=\"color: #000000\">16\/201<\/span><\/td>\n<td style=\"width: 16.6667%;height: 53px;text-align: center\"><span style=\"color: #000000\">Micka\u00ebl Balluet<\/span><\/td>\n<td style=\"width: 16.6667%;height: 53px;text-align: center\"><span style=\"color: #000000\">42&rsquo;49<\/span><\/td>\n<td style=\"width: 16.6667%;height: 53px;text-align: center\"><span style=\"color: #000000\">4\u00e8me M3<\/span><\/td>\n<td style=\"width: 16.6667%;height: 53px;text-align: center\"><span style=\"color: #000000\">&#8211;<\/span><\/td>\n<\/tr>\n<tr style=\"height: 53px\">\n<td style=\"width: 16.6667%;height: 53px;text-align: center\"><span style=\"color: #000000\">10 km<\/span><\/td>\n<td style=\"width: 16.6667%;height: 53px;text-align: center\"><span style=\"color: #000000\">18\/201<\/span><\/td>\n<td style=\"width: 16.6667%;height: 53px;text-align: center\"><span style=\"color: #000000\">Franck Le Charpentier<\/span><\/td>\n<td style=\"width: 16.6667%;height: 53px;text-align: center\"><span style=\"color: #000000\">43&rsquo;03<\/span><\/td>\n<td style=\"width: 16.6667%;height: 53px;text-align: center\"><span style=\"color: #000000\">5\u00e8me M3<\/span><\/td>\n<td style=\"width: 16.6667%;height: 53px;text-align: center\"><span style=\"color: #000000\">&#8211;<\/span><\/td>\n<\/tr>\n<tr style=\"height: 53px\">\n<td style=\"width: 16.6667%;height: 53px;text-align: center\"><span style=\"color: #000000\">10 km<\/span><\/td>\n<td style=\"width: 16.6667%;height: 53px;text-align: center\"><span style=\"color: #000000\">28\/201<\/span><\/td>\n<td style=\"width: 16.6667%;height: 53px;text-align: center\"><span style=\"color: #000000\">C\u00e9line Hazard<\/span><\/td>\n<td style=\"width: 16.6667%;height: 53px;text-align: center\"><span style=\"color: #000000\">44&rsquo;30<\/span><\/td>\n<td style=\"width: 16.6667%;height: 53px;text-align: center\"><span style=\"color: #ffcc00\"><strong>1\u00e8re M0F<\/strong><\/span><\/td>\n<td style=\"width: 16.6667%;height: 53px;text-align: center\"><span style=\"color: #000000\">1\/52<\/span><\/td>\n<\/tr>\n<tr style=\"height: 53px\">\n<td style=\"width: 16.6667%;height: 53px;text-align: center\"><span style=\"color: #000000\">10 km<\/span><\/td>\n<td style=\"width: 16.6667%;height: 53px;text-align: center\"><span style=\"color: #000000\">42\/201<\/span><\/td>\n<td style=\"width: 16.6667%;height: 53px;text-align: center\"><span style=\"color: #000000\">H\u00e9l\u00e8ne Gu\u00e9ry<\/span><\/td>\n<td style=\"width: 16.6667%;height: 53px;text-align: center\"><span style=\"color: #000000\">45&rsquo;58<\/span><\/td>\n<td style=\"width: 16.6667%;height: 53px;text-align: center\"><span style=\"color: #ffcc00\"><strong>1\u00e8re M2F<\/strong><\/span><\/td>\n<td style=\"width: 16.6667%;height: 53px;text-align: center\"><span style=\"color: #000000\">2\/52<\/span><\/td>\n<\/tr>\n<tr style=\"height: 53px\">\n<td style=\"width: 16.6667%;height: 53px;text-align: center\"><span style=\"color: #000000\">10 km<\/span><\/td>\n<td style=\"width: 16.6667%;height: 53px;text-align: center\"><span style=\"color: #000000\">43\/201<\/span><\/td>\n<td style=\"width: 16.6667%;height: 53px;text-align: center\"><span style=\"color: #000000\">Bruno Mariette<\/span><\/td>\n<td style=\"width: 16.6667%;height: 53px;text-align: center\"><span style=\"color: #000000\">45&rsquo;59<\/span><\/td>\n<td style=\"width: 16.6667%;height: 53px;text-align: center\"><span style=\"color: #993300\"><strong>3\u00e8me M5<\/strong><\/span><\/td>\n<td style=\"width: 16.6667%;height: 53px;text-align: center\"><span style=\"color: #000000\">&#8211;<\/span><\/td>\n<\/tr>\n<tr style=\"height: 53px\">\n<td style=\"width: 16.6667%;height: 53px;text-align: center\"><span style=\"color: #000000\">10 km<\/span><\/td>\n<td style=\"width: 16.6667%;height: 53px;text-align: center\"><span style=\"color: #000000\">58\/201<\/span><\/td>\n<td style=\"width: 16.6667%;height: 53px;text-align: center\"><span style=\"color: #000000\">Guillaume Besnard<\/span><\/td>\n<td style=\"width: 16.6667%;height: 53px;text-align: center\"><span style=\"color: #000000\">47&rsquo;42<\/span><\/td>\n<td style=\"width: 16.6667%;height: 53px;text-align: center\"><span style=\"color: #000000\">8\u00e8me M1<\/span><\/td>\n<td style=\"width: 16.6667%;height: 53px;text-align: center\"><span style=\"color: #000000\">&#8211;<\/span><\/td>\n<\/tr>\n<tr style=\"height: 53px\">\n<td style=\"width: 16.6667%;height: 53px;text-align: center\"><span style=\"color: #000000\">10 km<\/span><\/td>\n<td style=\"width: 16.6667%;height: 53px;text-align: center\"><span style=\"color: #000000\">107\/201<\/span><\/td>\n<td style=\"width: 16.6667%;height: 53px;text-align: center\"><span style=\"color: #000000\">Fr\u00e9d\u00e9rique Tr\u00e9hu<\/span><\/td>\n<td style=\"width: 16.6667%;height: 53px;text-align: center\"><span style=\"color: #000000\">53&rsquo;58<\/span><\/td>\n<td style=\"width: 16.6667%;height: 53px;text-align: center\"><strong><span style=\"color: #333333\">2\u00e8me M3F<\/span><\/strong><\/td>\n<td style=\"width: 16.6667%;height: 53px;text-align: center\"><span style=\"color: #000000\">8\/52<\/span><\/td>\n<\/tr>\n<tr style=\"height: 53px\">\n<td style=\"width: 16.6667%;height: 53px;text-align: center\"><span style=\"color: #000000\">10 km<\/span><\/td>\n<td style=\"width: 16.6667%;height: 53px;text-align: center\"><span style=\"color: #000000\">109\/201<\/span><\/td>\n<td style=\"width: 16.6667%;height: 53px;text-align: center\"><span style=\"color: #000000\">Raymond Flegeau<\/span><\/td>\n<td style=\"width: 16.6667%;height: 53px;text-align: center\"><span style=\"color: #000000\">54&rsquo;13<\/span><\/td>\n<td style=\"width: 16.6667%;height: 53px;text-align: center\"><span style=\"color: #000000\">6\u00e8me M5<\/span><\/td>\n<td style=\"width: 16.6667%;height: 53px;text-align: center\"><span style=\"color: #000000\">&#8211;<\/span><\/td>\n<\/tr>\n<tr style=\"height: 53px\">\n<td style=\"width: 16.6667%;height: 53px;text-align: center\"><span style=\"color: #000000\">10 km<\/span><\/td>\n<td style=\"width: 16.6667%;height: 53px;text-align: center\"><span style=\"color: #000000\">111\/201<\/span><\/td>\n<td style=\"width: 16.6667%;height: 53px;text-align: center\"><span style=\"color: #000000\">Xavier Claire<\/span><\/td>\n<td style=\"width: 16.6667%;height: 53px;text-align: center\"><span style=\"color: #000000\">54&rsquo;19<\/span><\/td>\n<td style=\"width: 16.6667%;height: 53px;text-align: center\"><span style=\"color: #000000\">15\u00e8me M1<\/span><\/td>\n<td style=\"width: 16.6667%;height: 53px;text-align: center\"><span style=\"color: #000000\">&#8211;<\/span><\/td>\n<\/tr>\n<tr style=\"height: 53px\">\n<td style=\"width: 16.6667%;height: 53px;text-align: center\"><span style=\"color: #000000\">10 km<\/span><\/td>\n<td style=\"width: 16.6667%;height: 53px;text-align: center\"><span style=\"color: #000000\">125\/201<\/span><\/td>\n<td style=\"width: 16.6667%;height: 53px;text-align: center\"><span style=\"color: #000000\">Germano Palma<\/span><\/td>\n<td style=\"width: 16.6667%;height: 53px;text-align: center\"><span style=\"color: #000000\">56&rsquo;16<\/span><\/td>\n<td style=\"width: 16.6667%;height: 53px;text-align: center\"><span style=\"color: #000000\">14\u00e8me M2<\/span><\/td>\n<td style=\"width: 16.6667%;height: 53px;text-align: center\"><span style=\"color: #000000\">&#8211;<\/span><\/td>\n<\/tr>\n<tr style=\"height: 53px\">\n<td style=\"width: 16.6667%;text-align: center;height: 53px\"><span style=\"color: #000000\">10 km<\/span><\/td>\n<td style=\"width: 16.6667%;text-align: center;height: 53px\"><span style=\"color: #000000\">138\/201<\/span><\/td>\n<td style=\"width: 16.6667%;text-align: center;height: 53px\"><span style=\"color: #000000\">Karine Delin<\/span><\/td>\n<td style=\"width: 16.6667%;text-align: center;height: 53px\"><span style=\"color: #000000\">58&rsquo;09<\/span><\/td>\n<td style=\"width: 16.6667%;text-align: center;height: 53px\"><span style=\"color: #000000\">5\u00e8me M3F<\/span><\/td>\n<td style=\"width: 16.6667%;text-align: center;height: 53px\"><span style=\"color: #000000\">14\/52<\/span><\/td>\n<\/tr>\n<\/tbody>\n<\/table>\n","protected":false},"excerpt":{"rendered":"<p>La Grimpette de Co\u00ebsmes &nbsp; La foule des grands jours \u00e0 Co\u00ebsmes pour la grand messe de novembre pour le hors-stade: la fabuleuse Grimpette. Gloire \u00e0 toi Yannick, oh, notre ancien pr\u00e9sident et instigateur de cette course mythique !!! Bon, on va pas se mentir, des r\u00e9sultats en demi-teinte par contre pour nos crossmen \u00e0 [&hellip;]<\/p>\n","protected":false},"author":8,"featured_media":22025,"comment_status":"open","ping_status":"open","sticky":false,"template":"","format":"aside","meta":{"_uag_custom_page_level_css":"","site-sidebar-layout":"default","site-content-layout":"","ast-site-content-layout":"default","site-content-style":"default","site-sidebar-style":"default","ast-global-header-display":"","ast-banner-title-visibility":"","ast-main-header-display":"","ast-hfb-above-header-display":"","ast-hfb-below-header-display":"","ast-hfb-mobile-header-display":"","site-post-title":"","ast-breadcrumbs-content":"","ast-featured-img":"","footer-sml-layout":"","ast-disable-related-posts":"","theme-transparent-header-meta":"default","adv-header-id-meta":"","stick-header-meta":"","header-above-stick-meta":"","header-main-stick-meta":"","header-below-stick-meta":"","astra-migrate-meta-layouts":"set","ast-page-background-enabled":"default","ast-page-background-meta":{"desktop":{"background-color":"var(--ast-global-color-4)","background-image":"","background-repeat":"repeat","background-position":"center center","background-size":"auto","background-attachment":"scroll","background-type":"","background-media":"","overlay-type":"","overlay-color":"","overlay-opacity":"","overlay-gradient":""},"tablet":{"background-color":"","background-image":"","background-repeat":"repeat","background-position":"center center","background-size":"auto","background-attachment":"scroll","background-type":"","background-media":"","overlay-type":"","overlay-color":"","overlay-opacity":"","overlay-gradient":""},"mobile":{"background-color":"","background-image":"","background-repeat":"repeat","background-position":"center center","background-size":"auto","background-attachment":"scroll","background-type":"","background-media":"","overlay-type":"","overlay-color":"","overlay-opacity":"","overlay-gradient":""}},"ast-content-background-meta":{"desktop":{"background-color":"var(--ast-global-color-5)","background-image":"","background-repeat":"repeat","background-position":"center center","background-size":"auto","background-attachment":"scroll","background-type":"","background-media":"","overlay-type":"","overlay-color":"","overlay-opacity":"","overlay-gradient":""},"tablet":{"background-color":"var(--ast-global-color-5)","background-image":"","background-repeat":"repeat","background-position":"center center","background-size":"auto","background-attachment":"scroll","background-type":"","background-media":"","overlay-type":"","overlay-color":"","overlay-opacity":"","overlay-gradient":""},"mobile":{"background-color":"var(--ast-global-color-5)","background-image":"","background-repeat":"repeat","background-position":"center center","background-size":"auto","background-attachment":"scroll","background-type":"","background-media":"","overlay-type":"","overlay-color":"","overlay-opacity":"","overlay-gradient":""}},"footnotes":""},"categories":[6],"tags":[],"class_list":["post-22005","post","type-post","status-publish","format-aside","has-post-thumbnail","hentry","category-sections","post_format-post-format-aside"],"yoast_head":"<!-- This site is optimized with the Yoast SEO plugin v27.4 - https:\/\/yoast.com\/product\/yoast-seo-wordpress\/ -->\n<title>Co\u00ebsmes: la foule des grands jours pour une grimpette des grands jours ! - Janz\u00e9 Athl\u00e9tisme<\/title>\n<meta name=\"robots\" content=\"index, follow, max-snippet:-1, max-image-preview:large, max-video-preview:-1\" \/>\n<link rel=\"canonical\" href=\"https:\/\/janze-athletisme.fr\/wordpress\/coesmes-5\/\" \/>\n<meta property=\"og:locale\" content=\"fr_FR\" \/>\n<meta property=\"og:type\" content=\"article\" \/>\n<meta property=\"og:title\" content=\"Co\u00ebsmes: la foule des grands jours pour une grimpette des grands jours ! - Janz\u00e9 Athl\u00e9tisme\" \/>\n<meta property=\"og:description\" content=\"La Grimpette de Co\u00ebsmes &nbsp; La foule des grands jours \u00e0 Co\u00ebsmes pour la grand messe de novembre pour le hors-stade: la fabuleuse Grimpette. Gloire \u00e0 toi Yannick, oh, notre ancien pr\u00e9sident et instigateur de cette course mythique !!! Bon, on va pas se mentir, des r\u00e9sultats en demi-teinte par contre pour nos crossmen \u00e0 [&hellip;]\" \/>\n<meta property=\"og:url\" content=\"https:\/\/janze-athletisme.fr\/wordpress\/coesmes-5\/\" \/>\n<meta property=\"og:site_name\" content=\"Janz\u00e9 Athl\u00e9tisme\" \/>\n<meta property=\"article:publisher\" content=\"https:\/\/www.facebook.com\/groups\/1007964579346590\" \/>\n<meta property=\"article:published_time\" content=\"2024-11-25T17:00:14+00:00\" \/>\n<meta property=\"article:modified_time\" content=\"2024-11-25T17:01:05+00:00\" \/>\n<meta property=\"og:image\" content=\"https:\/\/janze-athletisme.fr\/wordpress\/wp-content\/uploads\/2024\/11\/affiche-2023-jpg.png\" \/>\n\t<meta property=\"og:image:width\" content=\"420\" \/>\n\t<meta property=\"og:image:height\" content=\"599\" \/>\n\t<meta property=\"og:image:type\" content=\"image\/png\" \/>\n<meta name=\"author\" content=\"Jean-Marie Jouzel\" \/>\n<meta name=\"twitter:card\" content=\"summary_large_image\" \/>\n<meta name=\"twitter:label1\" content=\"\u00c9crit par\" \/>\n\t<meta name=\"twitter:data1\" content=\"Jean-Marie Jouzel\" \/>\n\t<meta name=\"twitter:label2\" content=\"Dur\u00e9e de lecture estim\u00e9e\" \/>\n\t<meta name=\"twitter:data2\" content=\"4 minutes\" \/>\n<script type=\"application\/ld+json\" class=\"yoast-schema-graph\">{\"@context\":\"https:\\\/\\\/schema.org\",\"@graph\":[{\"@type\":\"Article\",\"@id\":\"https:\\\/\\\/janze-athletisme.fr\\\/wordpress\\\/coesmes-5\\\/#article\",\"isPartOf\":{\"@id\":\"https:\\\/\\\/janze-athletisme.fr\\\/wordpress\\\/coesmes-5\\\/\"},\"author\":{\"name\":\"Jean-Marie Jouzel\",\"@id\":\"https:\\\/\\\/janze-athletisme.fr\\\/wordpress\\\/#\\\/schema\\\/person\\\/e27efa3d49687b81c679eb0b5c4973e9\"},\"headline\":\"Co\u00ebsmes: la foule des grands jours pour une grimpette des grands jours !\",\"datePublished\":\"2024-11-25T17:00:14+00:00\",\"dateModified\":\"2024-11-25T17:01:05+00:00\",\"mainEntityOfPage\":{\"@id\":\"https:\\\/\\\/janze-athletisme.fr\\\/wordpress\\\/coesmes-5\\\/\"},\"wordCount\":616,\"commentCount\":0,\"publisher\":{\"@id\":\"https:\\\/\\\/janze-athletisme.fr\\\/wordpress\\\/#organization\"},\"image\":{\"@id\":\"https:\\\/\\\/janze-athletisme.fr\\\/wordpress\\\/coesmes-5\\\/#primaryimage\"},\"thumbnailUrl\":\"https:\\\/\\\/janze-athletisme.fr\\\/wordpress\\\/wp-content\\\/uploads\\\/2024\\\/11\\\/affiche-2023-jpg.png\",\"articleSection\":[\"Le club au jour le jour\"],\"inLanguage\":\"fr-FR\",\"potentialAction\":[{\"@type\":\"CommentAction\",\"name\":\"Comment\",\"target\":[\"https:\\\/\\\/janze-athletisme.fr\\\/wordpress\\\/coesmes-5\\\/#respond\"]}]},{\"@type\":\"WebPage\",\"@id\":\"https:\\\/\\\/janze-athletisme.fr\\\/wordpress\\\/coesmes-5\\\/\",\"url\":\"https:\\\/\\\/janze-athletisme.fr\\\/wordpress\\\/coesmes-5\\\/\",\"name\":\"Co\u00ebsmes: la foule des grands jours pour une grimpette des grands jours ! - Janz\u00e9 Athl\u00e9tisme\",\"isPartOf\":{\"@id\":\"https:\\\/\\\/janze-athletisme.fr\\\/wordpress\\\/#website\"},\"primaryImageOfPage\":{\"@id\":\"https:\\\/\\\/janze-athletisme.fr\\\/wordpress\\\/coesmes-5\\\/#primaryimage\"},\"image\":{\"@id\":\"https:\\\/\\\/janze-athletisme.fr\\\/wordpress\\\/coesmes-5\\\/#primaryimage\"},\"thumbnailUrl\":\"https:\\\/\\\/janze-athletisme.fr\\\/wordpress\\\/wp-content\\\/uploads\\\/2024\\\/11\\\/affiche-2023-jpg.png\",\"datePublished\":\"2024-11-25T17:00:14+00:00\",\"dateModified\":\"2024-11-25T17:01:05+00:00\",\"breadcrumb\":{\"@id\":\"https:\\\/\\\/janze-athletisme.fr\\\/wordpress\\\/coesmes-5\\\/#breadcrumb\"},\"inLanguage\":\"fr-FR\",\"potentialAction\":[{\"@type\":\"ReadAction\",\"target\":[\"https:\\\/\\\/janze-athletisme.fr\\\/wordpress\\\/coesmes-5\\\/\"]}]},{\"@type\":\"ImageObject\",\"inLanguage\":\"fr-FR\",\"@id\":\"https:\\\/\\\/janze-athletisme.fr\\\/wordpress\\\/coesmes-5\\\/#primaryimage\",\"url\":\"https:\\\/\\\/janze-athletisme.fr\\\/wordpress\\\/wp-content\\\/uploads\\\/2024\\\/11\\\/affiche-2023-jpg.png\",\"contentUrl\":\"https:\\\/\\\/janze-athletisme.fr\\\/wordpress\\\/wp-content\\\/uploads\\\/2024\\\/11\\\/affiche-2023-jpg.png\",\"width\":420,\"height\":599},{\"@type\":\"BreadcrumbList\",\"@id\":\"https:\\\/\\\/janze-athletisme.fr\\\/wordpress\\\/coesmes-5\\\/#breadcrumb\",\"itemListElement\":[{\"@type\":\"ListItem\",\"position\":1,\"name\":\"Accueil\",\"item\":\"https:\\\/\\\/janze-athletisme.fr\\\/wordpress\\\/\"},{\"@type\":\"ListItem\",\"position\":2,\"name\":\"Co\u00ebsmes: la foule des grands jours pour une grimpette des grands jours !\"}]},{\"@type\":\"WebSite\",\"@id\":\"https:\\\/\\\/janze-athletisme.fr\\\/wordpress\\\/#website\",\"url\":\"https:\\\/\\\/janze-athletisme.fr\\\/wordpress\\\/\",\"name\":\"Janz\u00e9 Athl\u00e9tisme\",\"description\":\"Pays de La Roche aux F\u00e9es\",\"publisher\":{\"@id\":\"https:\\\/\\\/janze-athletisme.fr\\\/wordpress\\\/#organization\"},\"potentialAction\":[{\"@type\":\"SearchAction\",\"target\":{\"@type\":\"EntryPoint\",\"urlTemplate\":\"https:\\\/\\\/janze-athletisme.fr\\\/wordpress\\\/?s={search_term_string}\"},\"query-input\":{\"@type\":\"PropertyValueSpecification\",\"valueRequired\":true,\"valueName\":\"search_term_string\"}}],\"inLanguage\":\"fr-FR\"},{\"@type\":\"Organization\",\"@id\":\"https:\\\/\\\/janze-athletisme.fr\\\/wordpress\\\/#organization\",\"name\":\"Janz\u00e9 Athl\u00e9tisme\",\"url\":\"https:\\\/\\\/janze-athletisme.fr\\\/wordpress\\\/\",\"logo\":{\"@type\":\"ImageObject\",\"inLanguage\":\"fr-FR\",\"@id\":\"https:\\\/\\\/janze-athletisme.fr\\\/wordpress\\\/#\\\/schema\\\/logo\\\/image\\\/\",\"url\":\"https:\\\/\\\/janze-athletisme.fr\\\/wordpress\\\/wp-content\\\/uploads\\\/2015\\\/03\\\/logo-full1.jpg\",\"contentUrl\":\"https:\\\/\\\/janze-athletisme.fr\\\/wordpress\\\/wp-content\\\/uploads\\\/2015\\\/03\\\/logo-full1.jpg\",\"width\":437,\"height\":205,\"caption\":\"Janz\u00e9 Athl\u00e9tisme\"},\"image\":{\"@id\":\"https:\\\/\\\/janze-athletisme.fr\\\/wordpress\\\/#\\\/schema\\\/logo\\\/image\\\/\"},\"sameAs\":[\"https:\\\/\\\/www.facebook.com\\\/groups\\\/1007964579346590\"]},{\"@type\":\"Person\",\"@id\":\"https:\\\/\\\/janze-athletisme.fr\\\/wordpress\\\/#\\\/schema\\\/person\\\/e27efa3d49687b81c679eb0b5c4973e9\",\"name\":\"Jean-Marie Jouzel\",\"image\":{\"@type\":\"ImageObject\",\"inLanguage\":\"fr-FR\",\"@id\":\"https:\\\/\\\/secure.gravatar.com\\\/avatar\\\/6aaee532914ad5ae9d6b4c13c953c6689456493b17979b560cf8fd0c344930ab?s=96&d=mm&r=g\",\"url\":\"https:\\\/\\\/secure.gravatar.com\\\/avatar\\\/6aaee532914ad5ae9d6b4c13c953c6689456493b17979b560cf8fd0c344930ab?s=96&d=mm&r=g\",\"contentUrl\":\"https:\\\/\\\/secure.gravatar.com\\\/avatar\\\/6aaee532914ad5ae9d6b4c13c953c6689456493b17979b560cf8fd0c344930ab?s=96&d=mm&r=g\",\"caption\":\"Jean-Marie Jouzel\"},\"url\":\"https:\\\/\\\/janze-athletisme.fr\\\/wordpress\\\/author\\\/jmjouzel\\\/\"}]}<\/script>\n<!-- \/ Yoast SEO plugin. -->","yoast_head_json":{"title":"Co\u00ebsmes: la foule des grands jours pour une grimpette des grands jours ! - Janz\u00e9 Athl\u00e9tisme","robots":{"index":"index","follow":"follow","max-snippet":"max-snippet:-1","max-image-preview":"max-image-preview:large","max-video-preview":"max-video-preview:-1"},"canonical":"https:\/\/janze-athletisme.fr\/wordpress\/coesmes-5\/","og_locale":"fr_FR","og_type":"article","og_title":"Co\u00ebsmes: la foule des grands jours pour une grimpette des grands jours ! - Janz\u00e9 Athl\u00e9tisme","og_description":"La Grimpette de Co\u00ebsmes &nbsp; La foule des grands jours \u00e0 Co\u00ebsmes pour la grand messe de novembre pour le hors-stade: la fabuleuse Grimpette. Gloire \u00e0 toi Yannick, oh, notre ancien pr\u00e9sident et instigateur de cette course mythique !!! Bon, on va pas se mentir, des r\u00e9sultats en demi-teinte par contre pour nos crossmen \u00e0 [&hellip;]","og_url":"https:\/\/janze-athletisme.fr\/wordpress\/coesmes-5\/","og_site_name":"Janz\u00e9 Athl\u00e9tisme","article_publisher":"https:\/\/www.facebook.com\/groups\/1007964579346590","article_published_time":"2024-11-25T17:00:14+00:00","article_modified_time":"2024-11-25T17:01:05+00:00","og_image":[{"width":420,"height":599,"url":"https:\/\/janze-athletisme.fr\/wordpress\/wp-content\/uploads\/2024\/11\/affiche-2023-jpg.png","type":"image\/png"}],"author":"Jean-Marie Jouzel","twitter_card":"summary_large_image","twitter_misc":{"\u00c9crit par":"Jean-Marie Jouzel","Dur\u00e9e de lecture estim\u00e9e":"4 minutes"},"schema":{"@context":"https:\/\/schema.org","@graph":[{"@type":"Article","@id":"https:\/\/janze-athletisme.fr\/wordpress\/coesmes-5\/#article","isPartOf":{"@id":"https:\/\/janze-athletisme.fr\/wordpress\/coesmes-5\/"},"author":{"name":"Jean-Marie Jouzel","@id":"https:\/\/janze-athletisme.fr\/wordpress\/#\/schema\/person\/e27efa3d49687b81c679eb0b5c4973e9"},"headline":"Co\u00ebsmes: la foule des grands jours pour une grimpette des grands jours !","datePublished":"2024-11-25T17:00:14+00:00","dateModified":"2024-11-25T17:01:05+00:00","mainEntityOfPage":{"@id":"https:\/\/janze-athletisme.fr\/wordpress\/coesmes-5\/"},"wordCount":616,"commentCount":0,"publisher":{"@id":"https:\/\/janze-athletisme.fr\/wordpress\/#organization"},"image":{"@id":"https:\/\/janze-athletisme.fr\/wordpress\/coesmes-5\/#primaryimage"},"thumbnailUrl":"https:\/\/janze-athletisme.fr\/wordpress\/wp-content\/uploads\/2024\/11\/affiche-2023-jpg.png","articleSection":["Le club au jour le jour"],"inLanguage":"fr-FR","potentialAction":[{"@type":"CommentAction","name":"Comment","target":["https:\/\/janze-athletisme.fr\/wordpress\/coesmes-5\/#respond"]}]},{"@type":"WebPage","@id":"https:\/\/janze-athletisme.fr\/wordpress\/coesmes-5\/","url":"https:\/\/janze-athletisme.fr\/wordpress\/coesmes-5\/","name":"Co\u00ebsmes: la foule des grands jours pour une grimpette des grands jours ! - Janz\u00e9 Athl\u00e9tisme","isPartOf":{"@id":"https:\/\/janze-athletisme.fr\/wordpress\/#website"},"primaryImageOfPage":{"@id":"https:\/\/janze-athletisme.fr\/wordpress\/coesmes-5\/#primaryimage"},"image":{"@id":"https:\/\/janze-athletisme.fr\/wordpress\/coesmes-5\/#primaryimage"},"thumbnailUrl":"https:\/\/janze-athletisme.fr\/wordpress\/wp-content\/uploads\/2024\/11\/affiche-2023-jpg.png","datePublished":"2024-11-25T17:00:14+00:00","dateModified":"2024-11-25T17:01:05+00:00","breadcrumb":{"@id":"https:\/\/janze-athletisme.fr\/wordpress\/coesmes-5\/#breadcrumb"},"inLanguage":"fr-FR","potentialAction":[{"@type":"ReadAction","target":["https:\/\/janze-athletisme.fr\/wordpress\/coesmes-5\/"]}]},{"@type":"ImageObject","inLanguage":"fr-FR","@id":"https:\/\/janze-athletisme.fr\/wordpress\/coesmes-5\/#primaryimage","url":"https:\/\/janze-athletisme.fr\/wordpress\/wp-content\/uploads\/2024\/11\/affiche-2023-jpg.png","contentUrl":"https:\/\/janze-athletisme.fr\/wordpress\/wp-content\/uploads\/2024\/11\/affiche-2023-jpg.png","width":420,"height":599},{"@type":"BreadcrumbList","@id":"https:\/\/janze-athletisme.fr\/wordpress\/coesmes-5\/#breadcrumb","itemListElement":[{"@type":"ListItem","position":1,"name":"Accueil","item":"https:\/\/janze-athletisme.fr\/wordpress\/"},{"@type":"ListItem","position":2,"name":"Co\u00ebsmes: la foule des grands jours pour une grimpette des grands jours !"}]},{"@type":"WebSite","@id":"https:\/\/janze-athletisme.fr\/wordpress\/#website","url":"https:\/\/janze-athletisme.fr\/wordpress\/","name":"Janz\u00e9 Athl\u00e9tisme","description":"Pays de La Roche aux F\u00e9es","publisher":{"@id":"https:\/\/janze-athletisme.fr\/wordpress\/#organization"},"potentialAction":[{"@type":"SearchAction","target":{"@type":"EntryPoint","urlTemplate":"https:\/\/janze-athletisme.fr\/wordpress\/?s={search_term_string}"},"query-input":{"@type":"PropertyValueSpecification","valueRequired":true,"valueName":"search_term_string"}}],"inLanguage":"fr-FR"},{"@type":"Organization","@id":"https:\/\/janze-athletisme.fr\/wordpress\/#organization","name":"Janz\u00e9 Athl\u00e9tisme","url":"https:\/\/janze-athletisme.fr\/wordpress\/","logo":{"@type":"ImageObject","inLanguage":"fr-FR","@id":"https:\/\/janze-athletisme.fr\/wordpress\/#\/schema\/logo\/image\/","url":"https:\/\/janze-athletisme.fr\/wordpress\/wp-content\/uploads\/2015\/03\/logo-full1.jpg","contentUrl":"https:\/\/janze-athletisme.fr\/wordpress\/wp-content\/uploads\/2015\/03\/logo-full1.jpg","width":437,"height":205,"caption":"Janz\u00e9 Athl\u00e9tisme"},"image":{"@id":"https:\/\/janze-athletisme.fr\/wordpress\/#\/schema\/logo\/image\/"},"sameAs":["https:\/\/www.facebook.com\/groups\/1007964579346590"]},{"@type":"Person","@id":"https:\/\/janze-athletisme.fr\/wordpress\/#\/schema\/person\/e27efa3d49687b81c679eb0b5c4973e9","name":"Jean-Marie Jouzel","image":{"@type":"ImageObject","inLanguage":"fr-FR","@id":"https:\/\/secure.gravatar.com\/avatar\/6aaee532914ad5ae9d6b4c13c953c6689456493b17979b560cf8fd0c344930ab?s=96&d=mm&r=g","url":"https:\/\/secure.gravatar.com\/avatar\/6aaee532914ad5ae9d6b4c13c953c6689456493b17979b560cf8fd0c344930ab?s=96&d=mm&r=g","contentUrl":"https:\/\/secure.gravatar.com\/avatar\/6aaee532914ad5ae9d6b4c13c953c6689456493b17979b560cf8fd0c344930ab?s=96&d=mm&r=g","caption":"Jean-Marie Jouzel"},"url":"https:\/\/janze-athletisme.fr\/wordpress\/author\/jmjouzel\/"}]}},"uagb_featured_image_src":{"full":["https:\/\/janze-athletisme.fr\/wordpress\/wp-content\/uploads\/2024\/11\/affiche-2023-jpg.png",420,599,false],"thumbnail":["https:\/\/janze-athletisme.fr\/wordpress\/wp-content\/uploads\/2024\/11\/affiche-2023-jpg-150x150.png",150,150,true],"medium":["https:\/\/janze-athletisme.fr\/wordpress\/wp-content\/uploads\/2024\/11\/affiche-2023-jpg-210x300.png",210,300,true],"medium_large":["https:\/\/janze-athletisme.fr\/wordpress\/wp-content\/uploads\/2024\/11\/affiche-2023-jpg.png",420,599,false],"large":["https:\/\/janze-athletisme.fr\/wordpress\/wp-content\/uploads\/2024\/11\/affiche-2023-jpg.png",420,599,false],"1536x1536":["https:\/\/janze-athletisme.fr\/wordpress\/wp-content\/uploads\/2024\/11\/affiche-2023-jpg.png",420,599,false],"2048x2048":["https:\/\/janze-athletisme.fr\/wordpress\/wp-content\/uploads\/2024\/11\/affiche-2023-jpg.png",420,599,false]},"uagb_author_info":{"display_name":"Jean-Marie Jouzel","author_link":"https:\/\/janze-athletisme.fr\/wordpress\/author\/jmjouzel\/"},"uagb_comment_info":0,"uagb_excerpt":"La Grimpette de Co\u00ebsmes &nbsp; La foule des grands jours \u00e0 Co\u00ebsmes pour la grand messe de novembre pour le hors-stade: la fabuleuse Grimpette. Gloire \u00e0 toi Yannick, oh, notre ancien pr\u00e9sident et instigateur de cette course mythique !!! Bon, on va pas se mentir, des r\u00e9sultats en demi-teinte par contre pour nos crossmen \u00e0\u2026","_links":{"self":[{"href":"https:\/\/janze-athletisme.fr\/wordpress\/wp-json\/wp\/v2\/posts\/22005","targetHints":{"allow":["GET"]}}],"collection":[{"href":"https:\/\/janze-athletisme.fr\/wordpress\/wp-json\/wp\/v2\/posts"}],"about":[{"href":"https:\/\/janze-athletisme.fr\/wordpress\/wp-json\/wp\/v2\/types\/post"}],"author":[{"embeddable":true,"href":"https:\/\/janze-athletisme.fr\/wordpress\/wp-json\/wp\/v2\/users\/8"}],"replies":[{"embeddable":true,"href":"https:\/\/janze-athletisme.fr\/wordpress\/wp-json\/wp\/v2\/comments?post=22005"}],"version-history":[{"count":4,"href":"https:\/\/janze-athletisme.fr\/wordpress\/wp-json\/wp\/v2\/posts\/22005\/revisions"}],"predecessor-version":[{"id":22028,"href":"https:\/\/janze-athletisme.fr\/wordpress\/wp-json\/wp\/v2\/posts\/22005\/revisions\/22028"}],"wp:featuredmedia":[{"embeddable":true,"href":"https:\/\/janze-athletisme.fr\/wordpress\/wp-json\/wp\/v2\/media\/22025"}],"wp:attachment":[{"href":"https:\/\/janze-athletisme.fr\/wordpress\/wp-json\/wp\/v2\/media?parent=22005"}],"wp:term":[{"taxonomy":"category","embeddable":true,"href":"https:\/\/janze-athletisme.fr\/wordpress\/wp-json\/wp\/v2\/categories?post=22005"},{"taxonomy":"post_tag","embeddable":true,"href":"https:\/\/janze-athletisme.fr\/wordpress\/wp-json\/wp\/v2\/tags?post=22005"}],"curies":[{"name":"wp","href":"https:\/\/api.w.org\/{rel}","templated":true}]}}