{"id":21972,"date":"2024-11-24T18:01:49","date_gmt":"2024-11-24T17:01:49","guid":{"rendered":"https:\/\/janze-athletisme.fr\/wordpress\/?p=21972"},"modified":"2024-11-25T13:27:00","modified_gmt":"2024-11-25T12:27:00","slug":"de-tres-belles-perfs-a-carhaix-dont-une-qualif-pour-les-filles","status":"publish","type":"post","link":"https:\/\/janze-athletisme.fr\/wordpress\/de-tres-belles-perfs-a-carhaix-dont-une-qualif-pour-les-filles\/","title":{"rendered":"De tr\u00e8s belles perfs \u00e0 Carhaix, dont une qualif pour les filles"},"content":{"rendered":"<p><span style=\"font-size: 18pt\"><strong>Festival du cross \u00e0 Carhaix, dimanche 24 novembre<\/strong><\/span><\/p>\n<p><span style=\"font-size: 14pt\"><strong>Rapha\u00ebl et L\u00e9o, 6 et 8<sup>e<\/sup> chez les Cadets !<\/strong><\/span><\/p>\n<p>Honneur \u00e0 nos plus jeunes, <strong>Rapha\u00ebl<\/strong> Bou\u00e9 est 6<sup>e<\/sup> Cadet (\u00e0 27&Prime; du 1<sup>er<\/sup>) et <strong>L\u00e9o<\/strong> Guiheux 8<sup>e <\/sup>(\u00e0 34&Prime;). Avec 11&rsquo;54 sur 3 520m, le tempo est solide. Dans un contexte relev\u00e9 et sur un parcours technique, c&rsquo;est un r\u00e9sultat excellent. Leur course n&rsquo;est pas encore parfaite, mais ils sont sur la bonne voie, avec une bonne base fonci\u00e8re. Reste \u00e0 travailler la capacit\u00e9 \u00e0 relancer. <strong>Ewen<\/strong> Caillaud est un peu plus loin, 48<sup>e<\/sup>, \u00e0 2&rsquo;14 du 1<sup>er<\/sup>, mais il progresse bien et vite. 75 class\u00e9s chez les cadets.<\/p>\n<p>A\u00a0 noter aussi que <strong>Faustine<\/strong> Louaisil est une excellente 11<sup>e<\/sup> cadette (3 520m en 14&rsquo;44), \u00e0 2&rsquo;00 de la 1<sup>\u00e8re<\/sup>, tandis que Juliette Sutter (Cesson) termine 51<sup>e<\/sup> sur 70 cadettes class\u00e9es. Faustine, bless\u00e9e l&rsquo;an pass\u00e9 pour la saison de cross, peut avoir des ambitions pour cet hiver.<\/p>\n<p><span style=\"font-size: 14pt\"><strong>Les filles qualifi\u00e9es pour les demi-finales des France sur le cross court<\/strong><\/span><\/p>\n<p>Sur le cross court masculin, le niveau \u00e9tait extr\u00eamement costaud. <strong>Basile<\/strong> Chevrel le finit \u00e0 une belle 40<sup>e<\/sup> place, \u00e0 1&rsquo;15 du 1<sup>er<\/sup> (4 370m en 13&rsquo;52),<strong> Fred <\/strong>Breut est 222<sup>e<\/sup> en 15&rsquo;45, <strong>Micka\u00ebl <\/strong>Auroy 230<sup>e<\/sup> en 15&rsquo;53, Alexandre Berger (Bain) 270<sup>e<\/sup> en 16&rsquo;20, <strong>Mathieu<\/strong> Henry 274<sup>e<\/sup> en 16&rsquo;25, <strong>Wilfrid <\/strong>Lebreton 290<sup>e<\/sup> en 16&rsquo;52 et Melvin Gallais (Cesson) 299<sup>e<\/sup> en 17&rsquo;04 (342 class\u00e9s).<\/p>\n<p>Notre \u00e9quipe EAC se classe 37<sup>e<\/sup>\/48 et manque h\u00e9las la qualification pour les France.<\/p>\n<p>Dans le cross court f\u00e9minin, Tiphanie Lecomte (Cesson) est 43<sup>e<\/sup> en 17&rsquo;26 (m\u00eame distance que les gar\u00e7ons), <strong>Lou <\/strong>Gaspais 70<sup>e<\/sup> en 18&rsquo;14, <strong>Ana<\/strong> Th\u00e9odin 154<sup>e<\/sup> en 21&rsquo;24 et Youna Colliaux (Cesson) 165<sup>e<\/sup> en 22&rsquo;12 (175 class\u00e9es).<\/p>\n<p>L&rsquo;\u00e9quipe est 21<sup>e<\/sup> sur 25 mais se qualifie pour les demi-finales des France (\u00e0 la derni\u00e8re place qualificative), et non directement aux championnats de France, comme annonc\u00e9 hier par erreur. Tout reste \u00e0 faire mais bravo quand m\u00eame les filles !<\/p>\n<p>Tous les r\u00e9sultats sont <a href=\"http:\/\/direct.athle.fr\/asp.net\/main.lives\/direct.aspx?competition=288338\">ICI<\/a><\/p>\n<p><a href=\"https:\/\/janze-athletisme.fr\/wordpress\/wp-content\/uploads\/2024\/11\/Alexandre-24nov2024.jpg\"><img loading=\"lazy\" decoding=\"async\" class=\"alignnone wp-image-21977\" src=\"https:\/\/janze-athletisme.fr\/wordpress\/wp-content\/uploads\/2024\/11\/Alexandre-24nov2024-226x300.jpg\" alt=\"\" width=\"201\" height=\"266\" srcset=\"https:\/\/janze-athletisme.fr\/wordpress\/wp-content\/uploads\/2024\/11\/Alexandre-24nov2024-226x300.jpg 226w, https:\/\/janze-athletisme.fr\/wordpress\/wp-content\/uploads\/2024\/11\/Alexandre-24nov2024.jpg 643w\" sizes=\"auto, (max-width: 201px) 100vw, 201px\" \/><\/a> <a href=\"https:\/\/janze-athletisme.fr\/wordpress\/wp-content\/uploads\/2024\/11\/Basile-24nov2024.jpg\"><img loading=\"lazy\" decoding=\"async\" class=\"alignnone wp-image-21978\" src=\"https:\/\/janze-athletisme.fr\/wordpress\/wp-content\/uploads\/2024\/11\/Basile-24nov2024-226x300.jpg\" alt=\"\" width=\"201\" height=\"266\" srcset=\"https:\/\/janze-athletisme.fr\/wordpress\/wp-content\/uploads\/2024\/11\/Basile-24nov2024-226x300.jpg 226w, https:\/\/janze-athletisme.fr\/wordpress\/wp-content\/uploads\/2024\/11\/Basile-24nov2024.jpg 643w\" sizes=\"auto, (max-width: 201px) 100vw, 201px\" \/><\/a> <a href=\"https:\/\/janze-athletisme.fr\/wordpress\/wp-content\/uploads\/2024\/11\/Ewen-24nov2024-2.jpg\"><img loading=\"lazy\" decoding=\"async\" class=\"alignnone wp-image-21979\" src=\"https:\/\/janze-athletisme.fr\/wordpress\/wp-content\/uploads\/2024\/11\/Ewen-24nov2024-2-226x300.jpg\" alt=\"\" width=\"203\" height=\"269\" srcset=\"https:\/\/janze-athletisme.fr\/wordpress\/wp-content\/uploads\/2024\/11\/Ewen-24nov2024-2-226x300.jpg 226w, https:\/\/janze-athletisme.fr\/wordpress\/wp-content\/uploads\/2024\/11\/Ewen-24nov2024-2.jpg 643w\" sizes=\"auto, (max-width: 203px) 100vw, 203px\" \/><\/a> <a href=\"https:\/\/janze-athletisme.fr\/wordpress\/wp-content\/uploads\/2024\/11\/Ewen-24nov2024.jpg\"><img loading=\"lazy\" decoding=\"async\" class=\"alignnone wp-image-21980\" src=\"https:\/\/janze-athletisme.fr\/wordpress\/wp-content\/uploads\/2024\/11\/Ewen-24nov2024-226x300.jpg\" alt=\"\" width=\"203\" height=\"269\" srcset=\"https:\/\/janze-athletisme.fr\/wordpress\/wp-content\/uploads\/2024\/11\/Ewen-24nov2024-226x300.jpg 226w, https:\/\/janze-athletisme.fr\/wordpress\/wp-content\/uploads\/2024\/11\/Ewen-24nov2024.jpg 643w\" sizes=\"auto, (max-width: 203px) 100vw, 203px\" \/><\/a><\/p>\n<p><a href=\"https:\/\/janze-athletisme.fr\/wordpress\/wp-content\/uploads\/2024\/11\/Fred-24nov2024-2.jpg\"><img loading=\"lazy\" decoding=\"async\" class=\"alignnone wp-image-21981\" src=\"https:\/\/janze-athletisme.fr\/wordpress\/wp-content\/uploads\/2024\/11\/Fred-24nov2024-2-226x300.jpg\" alt=\"\" width=\"202\" height=\"268\" srcset=\"https:\/\/janze-athletisme.fr\/wordpress\/wp-content\/uploads\/2024\/11\/Fred-24nov2024-2-226x300.jpg 226w, https:\/\/janze-athletisme.fr\/wordpress\/wp-content\/uploads\/2024\/11\/Fred-24nov2024-2.jpg 643w\" sizes=\"auto, (max-width: 202px) 100vw, 202px\" \/> <\/a><a href=\"https:\/\/janze-athletisme.fr\/wordpress\/wp-content\/uploads\/2024\/11\/Fred-24nov2024.jpg\"><img loading=\"lazy\" decoding=\"async\" class=\"alignnone wp-image-21982\" src=\"https:\/\/janze-athletisme.fr\/wordpress\/wp-content\/uploads\/2024\/11\/Fred-24nov2024-226x300.jpg\" alt=\"\" width=\"203\" height=\"269\" srcset=\"https:\/\/janze-athletisme.fr\/wordpress\/wp-content\/uploads\/2024\/11\/Fred-24nov2024-226x300.jpg 226w, https:\/\/janze-athletisme.fr\/wordpress\/wp-content\/uploads\/2024\/11\/Fred-24nov2024.jpg 643w\" sizes=\"auto, (max-width: 203px) 100vw, 203px\" \/><\/a><a href=\"https:\/\/janze-athletisme.fr\/wordpress\/wp-content\/uploads\/2024\/11\/Leo-Raphael-24nov2024-1.jpg\"> <img loading=\"lazy\" decoding=\"async\" class=\"alignnone wp-image-21983\" src=\"https:\/\/janze-athletisme.fr\/wordpress\/wp-content\/uploads\/2024\/11\/Leo-Raphael-24nov2024-1-226x300.jpg\" alt=\"\" width=\"203\" height=\"270\" srcset=\"https:\/\/janze-athletisme.fr\/wordpress\/wp-content\/uploads\/2024\/11\/Leo-Raphael-24nov2024-1-226x300.jpg 226w, https:\/\/janze-athletisme.fr\/wordpress\/wp-content\/uploads\/2024\/11\/Leo-Raphael-24nov2024-1.jpg 643w\" sizes=\"auto, (max-width: 203px) 100vw, 203px\" \/><\/a><a href=\"https:\/\/janze-athletisme.fr\/wordpress\/wp-content\/uploads\/2024\/11\/Leo-24nov2024.jpg\"> <img loading=\"lazy\" decoding=\"async\" class=\"alignnone wp-image-21984\" src=\"https:\/\/janze-athletisme.fr\/wordpress\/wp-content\/uploads\/2024\/11\/Leo-24nov2024-226x300.jpg\" alt=\"\" width=\"202\" height=\"268\" srcset=\"https:\/\/janze-athletisme.fr\/wordpress\/wp-content\/uploads\/2024\/11\/Leo-24nov2024-226x300.jpg 226w, https:\/\/janze-athletisme.fr\/wordpress\/wp-content\/uploads\/2024\/11\/Leo-24nov2024.jpg 643w\" sizes=\"auto, (max-width: 202px) 100vw, 202px\" \/> <\/a><\/p>\n<p><a href=\"https:\/\/janze-athletisme.fr\/wordpress\/wp-content\/uploads\/2024\/11\/Mathieu-24nov2024-2.jpg\"><img loading=\"lazy\" decoding=\"async\" class=\"alignnone wp-image-21985\" src=\"https:\/\/janze-athletisme.fr\/wordpress\/wp-content\/uploads\/2024\/11\/Mathieu-24nov2024-2-226x300.jpg\" alt=\"\" width=\"202\" height=\"268\" srcset=\"https:\/\/janze-athletisme.fr\/wordpress\/wp-content\/uploads\/2024\/11\/Mathieu-24nov2024-2-226x300.jpg 226w, https:\/\/janze-athletisme.fr\/wordpress\/wp-content\/uploads\/2024\/11\/Mathieu-24nov2024-2.jpg 643w\" sizes=\"auto, (max-width: 202px) 100vw, 202px\" \/><\/a><a href=\"https:\/\/janze-athletisme.fr\/wordpress\/wp-content\/uploads\/2024\/11\/Mathieu-24nov2024.jpg\"> <img loading=\"lazy\" decoding=\"async\" class=\"alignnone wp-image-21986\" src=\"https:\/\/janze-athletisme.fr\/wordpress\/wp-content\/uploads\/2024\/11\/Mathieu-24nov2024-226x300.jpg\" alt=\"\" width=\"202\" height=\"268\" srcset=\"https:\/\/janze-athletisme.fr\/wordpress\/wp-content\/uploads\/2024\/11\/Mathieu-24nov2024-226x300.jpg 226w, https:\/\/janze-athletisme.fr\/wordpress\/wp-content\/uploads\/2024\/11\/Mathieu-24nov2024.jpg 643w\" sizes=\"auto, (max-width: 202px) 100vw, 202px\" \/> <\/a><a href=\"https:\/\/janze-athletisme.fr\/wordpress\/wp-content\/uploads\/2024\/11\/Mickael-Fred-24nov2024.jpg\"><img loading=\"lazy\" decoding=\"async\" class=\"alignnone wp-image-21987\" src=\"https:\/\/janze-athletisme.fr\/wordpress\/wp-content\/uploads\/2024\/11\/Mickael-Fred-24nov2024-226x300.jpg\" alt=\"\" width=\"203\" height=\"270\" srcset=\"https:\/\/janze-athletisme.fr\/wordpress\/wp-content\/uploads\/2024\/11\/Mickael-Fred-24nov2024-226x300.jpg 226w, https:\/\/janze-athletisme.fr\/wordpress\/wp-content\/uploads\/2024\/11\/Mickael-Fred-24nov2024.jpg 643w\" sizes=\"auto, (max-width: 203px) 100vw, 203px\" \/><\/a><a href=\"https:\/\/janze-athletisme.fr\/wordpress\/wp-content\/uploads\/2024\/11\/Raphael-24nov2024.jpg\"> <img loading=\"lazy\" decoding=\"async\" class=\"alignnone wp-image-21988\" src=\"https:\/\/janze-athletisme.fr\/wordpress\/wp-content\/uploads\/2024\/11\/Raphael-24nov2024-226x300.jpg\" alt=\"\" width=\"203\" height=\"270\" srcset=\"https:\/\/janze-athletisme.fr\/wordpress\/wp-content\/uploads\/2024\/11\/Raphael-24nov2024-226x300.jpg 226w, https:\/\/janze-athletisme.fr\/wordpress\/wp-content\/uploads\/2024\/11\/Raphael-24nov2024.jpg 643w\" sizes=\"auto, (max-width: 203px) 100vw, 203px\" \/><\/a><\/p>\n<p><a href=\"https:\/\/janze-athletisme.fr\/wordpress\/wp-content\/uploads\/2024\/11\/Wilfrid-24nov2024-2.jpg\"><img loading=\"lazy\" decoding=\"async\" class=\"alignnone wp-image-21989\" src=\"https:\/\/janze-athletisme.fr\/wordpress\/wp-content\/uploads\/2024\/11\/Wilfrid-24nov2024-2-226x300.jpg\" alt=\"\" width=\"209\" height=\"278\" srcset=\"https:\/\/janze-athletisme.fr\/wordpress\/wp-content\/uploads\/2024\/11\/Wilfrid-24nov2024-2-226x300.jpg 226w, https:\/\/janze-athletisme.fr\/wordpress\/wp-content\/uploads\/2024\/11\/Wilfrid-24nov2024-2.jpg 643w\" sizes=\"auto, (max-width: 209px) 100vw, 209px\" \/> <\/a><a href=\"https:\/\/janze-athletisme.fr\/wordpress\/wp-content\/uploads\/2024\/11\/Wilfrid-24nov2024.jpg\"><img loading=\"lazy\" decoding=\"async\" class=\"alignnone wp-image-21990\" src=\"https:\/\/janze-athletisme.fr\/wordpress\/wp-content\/uploads\/2024\/11\/Wilfrid-24nov2024-226x300.jpg\" alt=\"\" width=\"211\" height=\"280\" srcset=\"https:\/\/janze-athletisme.fr\/wordpress\/wp-content\/uploads\/2024\/11\/Wilfrid-24nov2024-226x300.jpg 226w, https:\/\/janze-athletisme.fr\/wordpress\/wp-content\/uploads\/2024\/11\/Wilfrid-24nov2024.jpg 643w\" sizes=\"auto, (max-width: 211px) 100vw, 211px\" \/>\u00a0<\/a><\/p>\n<p><span style=\"font-size: 10pt\"><em>Alexandre, Basile, Ewen, Fred, L\u00e9o, Rapha\u00ebl, Mathieu, Micka\u00ebl et Wilfrid&#8230; D\u00e9sol\u00e9, les filles, le photographe (Denis Caillaud) ne pouvait rester pour votre cross court. <\/em><\/span><span style=\"font-size: 10pt\"><em>Grand merci, Denis, pour les photos. On en trouvera d&rsquo;autres <a href=\"https:\/\/photos.google.com\/share\/AF1QipMU7Kuv7rTrq7zm-JT2yYtMlbhldodBcSfhBJisMsh_lQRNzoJFnmMuueurSI5ygg?key=ZDNvQ3FlRC1ETTNzVjZlX1JIMW9Cd0ItOWh6eTdB\">ICI<\/a>.<\/em><\/span><\/p>\n","protected":false},"excerpt":{"rendered":"<p>Festival du cross \u00e0 Carhaix, dimanche 24 novembre Rapha\u00ebl et L\u00e9o, 6 et 8e chez les Cadets ! Honneur \u00e0 nos plus jeunes, Rapha\u00ebl Bou\u00e9 est 6e Cadet (\u00e0 27&Prime; du 1er) et L\u00e9o Guiheux 8e (\u00e0 34&Prime;). Avec 11&rsquo;54 sur 3 520m, le tempo est solide. Dans un contexte relev\u00e9 et sur un parcours [&hellip;]<\/p>\n","protected":false},"author":12,"featured_media":21976,"comment_status":"open","ping_status":"open","sticky":false,"template":"","format":"aside","meta":{"_uag_custom_page_level_css":"","site-sidebar-layout":"default","site-content-layout":"","ast-site-content-layout":"default","site-content-style":"default","site-sidebar-style":"default","ast-global-header-display":"","ast-banner-title-visibility":"","ast-main-header-display":"","ast-hfb-above-header-display":"","ast-hfb-below-header-display":"","ast-hfb-mobile-header-display":"","site-post-title":"","ast-breadcrumbs-content":"","ast-featured-img":"","footer-sml-layout":"","ast-disable-related-posts":"","theme-transparent-header-meta":"default","adv-header-id-meta":"","stick-header-meta":"","header-above-stick-meta":"","header-main-stick-meta":"","header-below-stick-meta":"","astra-migrate-meta-layouts":"set","ast-page-background-enabled":"default","ast-page-background-meta":{"desktop":{"background-color":"var(--ast-global-color-4)","background-image":"","background-repeat":"repeat","background-position":"center center","background-size":"auto","background-attachment":"scroll","background-type":"","background-media":"","overlay-type":"","overlay-color":"","overlay-opacity":"","overlay-gradient":""},"tablet":{"background-color":"","background-image":"","background-repeat":"repeat","background-position":"center center","background-size":"auto","background-attachment":"scroll","background-type":"","background-media":"","overlay-type":"","overlay-color":"","overlay-opacity":"","overlay-gradient":""},"mobile":{"background-color":"","background-image":"","background-repeat":"repeat","background-position":"center center","background-size":"auto","background-attachment":"scroll","background-type":"","background-media":"","overlay-type":"","overlay-color":"","overlay-opacity":"","overlay-gradient":""}},"ast-content-background-meta":{"desktop":{"background-color":"var(--ast-global-color-5)","background-image":"","background-repeat":"repeat","background-position":"center center","background-size":"auto","background-attachment":"scroll","background-type":"","background-media":"","overlay-type":"","overlay-color":"","overlay-opacity":"","overlay-gradient":""},"tablet":{"background-color":"var(--ast-global-color-5)","background-image":"","background-repeat":"repeat","background-position":"center center","background-size":"auto","background-attachment":"scroll","background-type":"","background-media":"","overlay-type":"","overlay-color":"","overlay-opacity":"","overlay-gradient":""},"mobile":{"background-color":"var(--ast-global-color-5)","background-image":"","background-repeat":"repeat","background-position":"center center","background-size":"auto","background-attachment":"scroll","background-type":"","background-media":"","overlay-type":"","overlay-color":"","overlay-opacity":"","overlay-gradient":""}},"footnotes":""},"categories":[6],"tags":[],"class_list":["post-21972","post","type-post","status-publish","format-aside","has-post-thumbnail","hentry","category-sections","post_format-post-format-aside"],"yoast_head":"<!-- This site is optimized with the Yoast SEO plugin v27.4 - https:\/\/yoast.com\/product\/yoast-seo-wordpress\/ -->\n<title>De tr\u00e8s belles perfs \u00e0 Carhaix, dont une qualif pour les filles - Janz\u00e9 Athl\u00e9tisme<\/title>\n<meta name=\"robots\" content=\"index, follow, max-snippet:-1, max-image-preview:large, max-video-preview:-1\" \/>\n<link rel=\"canonical\" href=\"https:\/\/janze-athletisme.fr\/wordpress\/de-tres-belles-perfs-a-carhaix-dont-une-qualif-pour-les-filles\/\" \/>\n<meta property=\"og:locale\" content=\"fr_FR\" \/>\n<meta property=\"og:type\" content=\"article\" \/>\n<meta property=\"og:title\" content=\"De tr\u00e8s belles perfs \u00e0 Carhaix, dont une qualif pour les filles - Janz\u00e9 Athl\u00e9tisme\" \/>\n<meta property=\"og:description\" content=\"Festival du cross \u00e0 Carhaix, dimanche 24 novembre Rapha\u00ebl et L\u00e9o, 6 et 8e chez les Cadets ! Honneur \u00e0 nos plus jeunes, Rapha\u00ebl Bou\u00e9 est 6e Cadet (\u00e0 27&Prime; du 1er) et L\u00e9o Guiheux 8e (\u00e0 34&Prime;). Avec 11&rsquo;54 sur 3 520m, le tempo est solide. Dans un contexte relev\u00e9 et sur un parcours [&hellip;]\" \/>\n<meta property=\"og:url\" content=\"https:\/\/janze-athletisme.fr\/wordpress\/de-tres-belles-perfs-a-carhaix-dont-une-qualif-pour-les-filles\/\" \/>\n<meta property=\"og:site_name\" content=\"Janz\u00e9 Athl\u00e9tisme\" \/>\n<meta property=\"article:publisher\" content=\"https:\/\/www.facebook.com\/groups\/1007964579346590\" \/>\n<meta property=\"article:published_time\" content=\"2024-11-24T17:01:49+00:00\" \/>\n<meta property=\"article:modified_time\" content=\"2024-11-25T12:27:00+00:00\" \/>\n<meta property=\"og:image\" content=\"https:\/\/janze-athletisme.fr\/wordpress\/wp-content\/uploads\/2024\/11\/Leo-Raphael-24nov2024-e1732472496534.jpg\" \/>\n\t<meta property=\"og:image:width\" content=\"643\" \/>\n\t<meta property=\"og:image:height\" content=\"693\" \/>\n\t<meta property=\"og:image:type\" content=\"image\/jpeg\" \/>\n<meta name=\"author\" content=\"Laurent Meunier\" \/>\n<meta name=\"twitter:card\" content=\"summary_large_image\" \/>\n<meta name=\"twitter:label1\" content=\"\u00c9crit par\" \/>\n\t<meta name=\"twitter:data1\" content=\"Laurent Meunier\" \/>\n\t<meta name=\"twitter:label2\" content=\"Dur\u00e9e de lecture estim\u00e9e\" \/>\n\t<meta name=\"twitter:data2\" content=\"5 minutes\" \/>\n<script type=\"application\/ld+json\" class=\"yoast-schema-graph\">{\"@context\":\"https:\\\/\\\/schema.org\",\"@graph\":[{\"@type\":\"Article\",\"@id\":\"https:\\\/\\\/janze-athletisme.fr\\\/wordpress\\\/de-tres-belles-perfs-a-carhaix-dont-une-qualif-pour-les-filles\\\/#article\",\"isPartOf\":{\"@id\":\"https:\\\/\\\/janze-athletisme.fr\\\/wordpress\\\/de-tres-belles-perfs-a-carhaix-dont-une-qualif-pour-les-filles\\\/\"},\"author\":{\"name\":\"Laurent Meunier\",\"@id\":\"https:\\\/\\\/janze-athletisme.fr\\\/wordpress\\\/#\\\/schema\\\/person\\\/c7b063dcfa6234c041d4d9b26cc2ea03\"},\"headline\":\"De tr\u00e8s belles perfs \u00e0 Carhaix, dont une qualif pour les filles\",\"datePublished\":\"2024-11-24T17:01:49+00:00\",\"dateModified\":\"2024-11-25T12:27:00+00:00\",\"mainEntityOfPage\":{\"@id\":\"https:\\\/\\\/janze-athletisme.fr\\\/wordpress\\\/de-tres-belles-perfs-a-carhaix-dont-une-qualif-pour-les-filles\\\/\"},\"wordCount\":362,\"commentCount\":1,\"publisher\":{\"@id\":\"https:\\\/\\\/janze-athletisme.fr\\\/wordpress\\\/#organization\"},\"image\":{\"@id\":\"https:\\\/\\\/janze-athletisme.fr\\\/wordpress\\\/de-tres-belles-perfs-a-carhaix-dont-une-qualif-pour-les-filles\\\/#primaryimage\"},\"thumbnailUrl\":\"https:\\\/\\\/janze-athletisme.fr\\\/wordpress\\\/wp-content\\\/uploads\\\/2024\\\/11\\\/Leo-Raphael-24nov2024-e1732472496534.jpg\",\"articleSection\":[\"Le club au jour le jour\"],\"inLanguage\":\"fr-FR\",\"potentialAction\":[{\"@type\":\"CommentAction\",\"name\":\"Comment\",\"target\":[\"https:\\\/\\\/janze-athletisme.fr\\\/wordpress\\\/de-tres-belles-perfs-a-carhaix-dont-une-qualif-pour-les-filles\\\/#respond\"]}]},{\"@type\":\"WebPage\",\"@id\":\"https:\\\/\\\/janze-athletisme.fr\\\/wordpress\\\/de-tres-belles-perfs-a-carhaix-dont-une-qualif-pour-les-filles\\\/\",\"url\":\"https:\\\/\\\/janze-athletisme.fr\\\/wordpress\\\/de-tres-belles-perfs-a-carhaix-dont-une-qualif-pour-les-filles\\\/\",\"name\":\"De tr\u00e8s belles perfs \u00e0 Carhaix, dont une qualif pour les filles - Janz\u00e9 Athl\u00e9tisme\",\"isPartOf\":{\"@id\":\"https:\\\/\\\/janze-athletisme.fr\\\/wordpress\\\/#website\"},\"primaryImageOfPage\":{\"@id\":\"https:\\\/\\\/janze-athletisme.fr\\\/wordpress\\\/de-tres-belles-perfs-a-carhaix-dont-une-qualif-pour-les-filles\\\/#primaryimage\"},\"image\":{\"@id\":\"https:\\\/\\\/janze-athletisme.fr\\\/wordpress\\\/de-tres-belles-perfs-a-carhaix-dont-une-qualif-pour-les-filles\\\/#primaryimage\"},\"thumbnailUrl\":\"https:\\\/\\\/janze-athletisme.fr\\\/wordpress\\\/wp-content\\\/uploads\\\/2024\\\/11\\\/Leo-Raphael-24nov2024-e1732472496534.jpg\",\"datePublished\":\"2024-11-24T17:01:49+00:00\",\"dateModified\":\"2024-11-25T12:27:00+00:00\",\"breadcrumb\":{\"@id\":\"https:\\\/\\\/janze-athletisme.fr\\\/wordpress\\\/de-tres-belles-perfs-a-carhaix-dont-une-qualif-pour-les-filles\\\/#breadcrumb\"},\"inLanguage\":\"fr-FR\",\"potentialAction\":[{\"@type\":\"ReadAction\",\"target\":[\"https:\\\/\\\/janze-athletisme.fr\\\/wordpress\\\/de-tres-belles-perfs-a-carhaix-dont-une-qualif-pour-les-filles\\\/\"]}]},{\"@type\":\"ImageObject\",\"inLanguage\":\"fr-FR\",\"@id\":\"https:\\\/\\\/janze-athletisme.fr\\\/wordpress\\\/de-tres-belles-perfs-a-carhaix-dont-une-qualif-pour-les-filles\\\/#primaryimage\",\"url\":\"https:\\\/\\\/janze-athletisme.fr\\\/wordpress\\\/wp-content\\\/uploads\\\/2024\\\/11\\\/Leo-Raphael-24nov2024-e1732472496534.jpg\",\"contentUrl\":\"https:\\\/\\\/janze-athletisme.fr\\\/wordpress\\\/wp-content\\\/uploads\\\/2024\\\/11\\\/Leo-Raphael-24nov2024-e1732472496534.jpg\",\"width\":643,\"height\":693},{\"@type\":\"BreadcrumbList\",\"@id\":\"https:\\\/\\\/janze-athletisme.fr\\\/wordpress\\\/de-tres-belles-perfs-a-carhaix-dont-une-qualif-pour-les-filles\\\/#breadcrumb\",\"itemListElement\":[{\"@type\":\"ListItem\",\"position\":1,\"name\":\"Accueil\",\"item\":\"https:\\\/\\\/janze-athletisme.fr\\\/wordpress\\\/\"},{\"@type\":\"ListItem\",\"position\":2,\"name\":\"De tr\u00e8s belles perfs \u00e0 Carhaix, dont une qualif pour les filles\"}]},{\"@type\":\"WebSite\",\"@id\":\"https:\\\/\\\/janze-athletisme.fr\\\/wordpress\\\/#website\",\"url\":\"https:\\\/\\\/janze-athletisme.fr\\\/wordpress\\\/\",\"name\":\"Janz\u00e9 Athl\u00e9tisme\",\"description\":\"Pays de La Roche aux F\u00e9es\",\"publisher\":{\"@id\":\"https:\\\/\\\/janze-athletisme.fr\\\/wordpress\\\/#organization\"},\"potentialAction\":[{\"@type\":\"SearchAction\",\"target\":{\"@type\":\"EntryPoint\",\"urlTemplate\":\"https:\\\/\\\/janze-athletisme.fr\\\/wordpress\\\/?s={search_term_string}\"},\"query-input\":{\"@type\":\"PropertyValueSpecification\",\"valueRequired\":true,\"valueName\":\"search_term_string\"}}],\"inLanguage\":\"fr-FR\"},{\"@type\":\"Organization\",\"@id\":\"https:\\\/\\\/janze-athletisme.fr\\\/wordpress\\\/#organization\",\"name\":\"Janz\u00e9 Athl\u00e9tisme\",\"url\":\"https:\\\/\\\/janze-athletisme.fr\\\/wordpress\\\/\",\"logo\":{\"@type\":\"ImageObject\",\"inLanguage\":\"fr-FR\",\"@id\":\"https:\\\/\\\/janze-athletisme.fr\\\/wordpress\\\/#\\\/schema\\\/logo\\\/image\\\/\",\"url\":\"https:\\\/\\\/janze-athletisme.fr\\\/wordpress\\\/wp-content\\\/uploads\\\/2015\\\/03\\\/logo-full1.jpg\",\"contentUrl\":\"https:\\\/\\\/janze-athletisme.fr\\\/wordpress\\\/wp-content\\\/uploads\\\/2015\\\/03\\\/logo-full1.jpg\",\"width\":437,\"height\":205,\"caption\":\"Janz\u00e9 Athl\u00e9tisme\"},\"image\":{\"@id\":\"https:\\\/\\\/janze-athletisme.fr\\\/wordpress\\\/#\\\/schema\\\/logo\\\/image\\\/\"},\"sameAs\":[\"https:\\\/\\\/www.facebook.com\\\/groups\\\/1007964579346590\"]},{\"@type\":\"Person\",\"@id\":\"https:\\\/\\\/janze-athletisme.fr\\\/wordpress\\\/#\\\/schema\\\/person\\\/c7b063dcfa6234c041d4d9b26cc2ea03\",\"name\":\"Laurent Meunier\",\"image\":{\"@type\":\"ImageObject\",\"inLanguage\":\"fr-FR\",\"@id\":\"https:\\\/\\\/secure.gravatar.com\\\/avatar\\\/dd25d581ad7c3349090f2fa6a9adb6bfa287e6a5dd8a5216a092727cd8749034?s=96&d=mm&r=g\",\"url\":\"https:\\\/\\\/secure.gravatar.com\\\/avatar\\\/dd25d581ad7c3349090f2fa6a9adb6bfa287e6a5dd8a5216a092727cd8749034?s=96&d=mm&r=g\",\"contentUrl\":\"https:\\\/\\\/secure.gravatar.com\\\/avatar\\\/dd25d581ad7c3349090f2fa6a9adb6bfa287e6a5dd8a5216a092727cd8749034?s=96&d=mm&r=g\",\"caption\":\"Laurent Meunier\"},\"url\":\"https:\\\/\\\/janze-athletisme.fr\\\/wordpress\\\/author\\\/laurent-meunier35\\\/\"}]}<\/script>\n<!-- \/ Yoast SEO plugin. -->","yoast_head_json":{"title":"De tr\u00e8s belles perfs \u00e0 Carhaix, dont une qualif pour les filles - Janz\u00e9 Athl\u00e9tisme","robots":{"index":"index","follow":"follow","max-snippet":"max-snippet:-1","max-image-preview":"max-image-preview:large","max-video-preview":"max-video-preview:-1"},"canonical":"https:\/\/janze-athletisme.fr\/wordpress\/de-tres-belles-perfs-a-carhaix-dont-une-qualif-pour-les-filles\/","og_locale":"fr_FR","og_type":"article","og_title":"De tr\u00e8s belles perfs \u00e0 Carhaix, dont une qualif pour les filles - Janz\u00e9 Athl\u00e9tisme","og_description":"Festival du cross \u00e0 Carhaix, dimanche 24 novembre Rapha\u00ebl et L\u00e9o, 6 et 8e chez les Cadets ! Honneur \u00e0 nos plus jeunes, Rapha\u00ebl Bou\u00e9 est 6e Cadet (\u00e0 27&Prime; du 1er) et L\u00e9o Guiheux 8e (\u00e0 34&Prime;). Avec 11&rsquo;54 sur 3 520m, le tempo est solide. Dans un contexte relev\u00e9 et sur un parcours [&hellip;]","og_url":"https:\/\/janze-athletisme.fr\/wordpress\/de-tres-belles-perfs-a-carhaix-dont-une-qualif-pour-les-filles\/","og_site_name":"Janz\u00e9 Athl\u00e9tisme","article_publisher":"https:\/\/www.facebook.com\/groups\/1007964579346590","article_published_time":"2024-11-24T17:01:49+00:00","article_modified_time":"2024-11-25T12:27:00+00:00","og_image":[{"width":643,"height":693,"url":"https:\/\/janze-athletisme.fr\/wordpress\/wp-content\/uploads\/2024\/11\/Leo-Raphael-24nov2024-e1732472496534.jpg","type":"image\/jpeg"}],"author":"Laurent Meunier","twitter_card":"summary_large_image","twitter_misc":{"\u00c9crit par":"Laurent Meunier","Dur\u00e9e de lecture estim\u00e9e":"5 minutes"},"schema":{"@context":"https:\/\/schema.org","@graph":[{"@type":"Article","@id":"https:\/\/janze-athletisme.fr\/wordpress\/de-tres-belles-perfs-a-carhaix-dont-une-qualif-pour-les-filles\/#article","isPartOf":{"@id":"https:\/\/janze-athletisme.fr\/wordpress\/de-tres-belles-perfs-a-carhaix-dont-une-qualif-pour-les-filles\/"},"author":{"name":"Laurent Meunier","@id":"https:\/\/janze-athletisme.fr\/wordpress\/#\/schema\/person\/c7b063dcfa6234c041d4d9b26cc2ea03"},"headline":"De tr\u00e8s belles perfs \u00e0 Carhaix, dont une qualif pour les filles","datePublished":"2024-11-24T17:01:49+00:00","dateModified":"2024-11-25T12:27:00+00:00","mainEntityOfPage":{"@id":"https:\/\/janze-athletisme.fr\/wordpress\/de-tres-belles-perfs-a-carhaix-dont-une-qualif-pour-les-filles\/"},"wordCount":362,"commentCount":1,"publisher":{"@id":"https:\/\/janze-athletisme.fr\/wordpress\/#organization"},"image":{"@id":"https:\/\/janze-athletisme.fr\/wordpress\/de-tres-belles-perfs-a-carhaix-dont-une-qualif-pour-les-filles\/#primaryimage"},"thumbnailUrl":"https:\/\/janze-athletisme.fr\/wordpress\/wp-content\/uploads\/2024\/11\/Leo-Raphael-24nov2024-e1732472496534.jpg","articleSection":["Le club au jour le jour"],"inLanguage":"fr-FR","potentialAction":[{"@type":"CommentAction","name":"Comment","target":["https:\/\/janze-athletisme.fr\/wordpress\/de-tres-belles-perfs-a-carhaix-dont-une-qualif-pour-les-filles\/#respond"]}]},{"@type":"WebPage","@id":"https:\/\/janze-athletisme.fr\/wordpress\/de-tres-belles-perfs-a-carhaix-dont-une-qualif-pour-les-filles\/","url":"https:\/\/janze-athletisme.fr\/wordpress\/de-tres-belles-perfs-a-carhaix-dont-une-qualif-pour-les-filles\/","name":"De tr\u00e8s belles perfs \u00e0 Carhaix, dont une qualif pour les filles - Janz\u00e9 Athl\u00e9tisme","isPartOf":{"@id":"https:\/\/janze-athletisme.fr\/wordpress\/#website"},"primaryImageOfPage":{"@id":"https:\/\/janze-athletisme.fr\/wordpress\/de-tres-belles-perfs-a-carhaix-dont-une-qualif-pour-les-filles\/#primaryimage"},"image":{"@id":"https:\/\/janze-athletisme.fr\/wordpress\/de-tres-belles-perfs-a-carhaix-dont-une-qualif-pour-les-filles\/#primaryimage"},"thumbnailUrl":"https:\/\/janze-athletisme.fr\/wordpress\/wp-content\/uploads\/2024\/11\/Leo-Raphael-24nov2024-e1732472496534.jpg","datePublished":"2024-11-24T17:01:49+00:00","dateModified":"2024-11-25T12:27:00+00:00","breadcrumb":{"@id":"https:\/\/janze-athletisme.fr\/wordpress\/de-tres-belles-perfs-a-carhaix-dont-une-qualif-pour-les-filles\/#breadcrumb"},"inLanguage":"fr-FR","potentialAction":[{"@type":"ReadAction","target":["https:\/\/janze-athletisme.fr\/wordpress\/de-tres-belles-perfs-a-carhaix-dont-une-qualif-pour-les-filles\/"]}]},{"@type":"ImageObject","inLanguage":"fr-FR","@id":"https:\/\/janze-athletisme.fr\/wordpress\/de-tres-belles-perfs-a-carhaix-dont-une-qualif-pour-les-filles\/#primaryimage","url":"https:\/\/janze-athletisme.fr\/wordpress\/wp-content\/uploads\/2024\/11\/Leo-Raphael-24nov2024-e1732472496534.jpg","contentUrl":"https:\/\/janze-athletisme.fr\/wordpress\/wp-content\/uploads\/2024\/11\/Leo-Raphael-24nov2024-e1732472496534.jpg","width":643,"height":693},{"@type":"BreadcrumbList","@id":"https:\/\/janze-athletisme.fr\/wordpress\/de-tres-belles-perfs-a-carhaix-dont-une-qualif-pour-les-filles\/#breadcrumb","itemListElement":[{"@type":"ListItem","position":1,"name":"Accueil","item":"https:\/\/janze-athletisme.fr\/wordpress\/"},{"@type":"ListItem","position":2,"name":"De tr\u00e8s belles perfs \u00e0 Carhaix, dont une qualif pour les filles"}]},{"@type":"WebSite","@id":"https:\/\/janze-athletisme.fr\/wordpress\/#website","url":"https:\/\/janze-athletisme.fr\/wordpress\/","name":"Janz\u00e9 Athl\u00e9tisme","description":"Pays de La Roche aux F\u00e9es","publisher":{"@id":"https:\/\/janze-athletisme.fr\/wordpress\/#organization"},"potentialAction":[{"@type":"SearchAction","target":{"@type":"EntryPoint","urlTemplate":"https:\/\/janze-athletisme.fr\/wordpress\/?s={search_term_string}"},"query-input":{"@type":"PropertyValueSpecification","valueRequired":true,"valueName":"search_term_string"}}],"inLanguage":"fr-FR"},{"@type":"Organization","@id":"https:\/\/janze-athletisme.fr\/wordpress\/#organization","name":"Janz\u00e9 Athl\u00e9tisme","url":"https:\/\/janze-athletisme.fr\/wordpress\/","logo":{"@type":"ImageObject","inLanguage":"fr-FR","@id":"https:\/\/janze-athletisme.fr\/wordpress\/#\/schema\/logo\/image\/","url":"https:\/\/janze-athletisme.fr\/wordpress\/wp-content\/uploads\/2015\/03\/logo-full1.jpg","contentUrl":"https:\/\/janze-athletisme.fr\/wordpress\/wp-content\/uploads\/2015\/03\/logo-full1.jpg","width":437,"height":205,"caption":"Janz\u00e9 Athl\u00e9tisme"},"image":{"@id":"https:\/\/janze-athletisme.fr\/wordpress\/#\/schema\/logo\/image\/"},"sameAs":["https:\/\/www.facebook.com\/groups\/1007964579346590"]},{"@type":"Person","@id":"https:\/\/janze-athletisme.fr\/wordpress\/#\/schema\/person\/c7b063dcfa6234c041d4d9b26cc2ea03","name":"Laurent Meunier","image":{"@type":"ImageObject","inLanguage":"fr-FR","@id":"https:\/\/secure.gravatar.com\/avatar\/dd25d581ad7c3349090f2fa6a9adb6bfa287e6a5dd8a5216a092727cd8749034?s=96&d=mm&r=g","url":"https:\/\/secure.gravatar.com\/avatar\/dd25d581ad7c3349090f2fa6a9adb6bfa287e6a5dd8a5216a092727cd8749034?s=96&d=mm&r=g","contentUrl":"https:\/\/secure.gravatar.com\/avatar\/dd25d581ad7c3349090f2fa6a9adb6bfa287e6a5dd8a5216a092727cd8749034?s=96&d=mm&r=g","caption":"Laurent Meunier"},"url":"https:\/\/janze-athletisme.fr\/wordpress\/author\/laurent-meunier35\/"}]}},"uagb_featured_image_src":{"full":["https:\/\/janze-athletisme.fr\/wordpress\/wp-content\/uploads\/2024\/11\/Leo-Raphael-24nov2024-e1732472496534.jpg",643,693,false],"thumbnail":["https:\/\/janze-athletisme.fr\/wordpress\/wp-content\/uploads\/2024\/11\/Leo-Raphael-24nov2024-e1732472496534-150x150.jpg",150,150,true],"medium":["https:\/\/janze-athletisme.fr\/wordpress\/wp-content\/uploads\/2024\/11\/Leo-Raphael-24nov2024-e1732472496534-278x300.jpg",278,300,true],"medium_large":["https:\/\/janze-athletisme.fr\/wordpress\/wp-content\/uploads\/2024\/11\/Leo-Raphael-24nov2024-e1732472496534.jpg",643,693,false],"large":["https:\/\/janze-athletisme.fr\/wordpress\/wp-content\/uploads\/2024\/11\/Leo-Raphael-24nov2024-e1732472496534.jpg",643,693,false],"1536x1536":["https:\/\/janze-athletisme.fr\/wordpress\/wp-content\/uploads\/2024\/11\/Leo-Raphael-24nov2024-e1732472496534.jpg",643,693,false],"2048x2048":["https:\/\/janze-athletisme.fr\/wordpress\/wp-content\/uploads\/2024\/11\/Leo-Raphael-24nov2024-e1732472496534.jpg",643,693,false]},"uagb_author_info":{"display_name":"Laurent Meunier","author_link":"https:\/\/janze-athletisme.fr\/wordpress\/author\/laurent-meunier35\/"},"uagb_comment_info":1,"uagb_excerpt":"Festival du cross \u00e0 Carhaix, dimanche 24 novembre Rapha\u00ebl et L\u00e9o, 6 et 8e chez les Cadets ! Honneur \u00e0 nos plus jeunes, Rapha\u00ebl Bou\u00e9 est 6e Cadet (\u00e0 27&Prime; du 1er) et L\u00e9o Guiheux 8e (\u00e0 34&Prime;). Avec 11&rsquo;54 sur 3 520m, le tempo est solide. Dans un contexte relev\u00e9 et sur un parcours\u2026","_links":{"self":[{"href":"https:\/\/janze-athletisme.fr\/wordpress\/wp-json\/wp\/v2\/posts\/21972","targetHints":{"allow":["GET"]}}],"collection":[{"href":"https:\/\/janze-athletisme.fr\/wordpress\/wp-json\/wp\/v2\/posts"}],"about":[{"href":"https:\/\/janze-athletisme.fr\/wordpress\/wp-json\/wp\/v2\/types\/post"}],"author":[{"embeddable":true,"href":"https:\/\/janze-athletisme.fr\/wordpress\/wp-json\/wp\/v2\/users\/12"}],"replies":[{"embeddable":true,"href":"https:\/\/janze-athletisme.fr\/wordpress\/wp-json\/wp\/v2\/comments?post=21972"}],"version-history":[{"count":10,"href":"https:\/\/janze-athletisme.fr\/wordpress\/wp-json\/wp\/v2\/posts\/21972\/revisions"}],"predecessor-version":[{"id":22008,"href":"https:\/\/janze-athletisme.fr\/wordpress\/wp-json\/wp\/v2\/posts\/21972\/revisions\/22008"}],"wp:featuredmedia":[{"embeddable":true,"href":"https:\/\/janze-athletisme.fr\/wordpress\/wp-json\/wp\/v2\/media\/21976"}],"wp:attachment":[{"href":"https:\/\/janze-athletisme.fr\/wordpress\/wp-json\/wp\/v2\/media?parent=21972"}],"wp:term":[{"taxonomy":"category","embeddable":true,"href":"https:\/\/janze-athletisme.fr\/wordpress\/wp-json\/wp\/v2\/categories?post=21972"},{"taxonomy":"post_tag","embeddable":true,"href":"https:\/\/janze-athletisme.fr\/wordpress\/wp-json\/wp\/v2\/tags?post=21972"}],"curies":[{"name":"wp","href":"https:\/\/api.w.org\/{rel}","templated":true}]}}