{"id":21538,"date":"2024-10-30T14:30:03","date_gmt":"2024-10-30T13:30:03","guid":{"rendered":"https:\/\/janze-athletisme.fr\/wordpress\/?p=21538"},"modified":"2024-11-15T16:07:43","modified_gmt":"2024-11-15T15:07:43","slug":"grosse-journee-le-samedi-16-novembre-appel-a-benevolat","status":"publish","type":"post","link":"https:\/\/janze-athletisme.fr\/wordpress\/grosse-journee-le-samedi-16-novembre-appel-a-benevolat\/","title":{"rendered":"Appel \u00e0 b\u00e9n\u00e9volat &#8212; Grosse journ\u00e9e le samedi 16 novembre"},"content":{"rendered":"<p><span style=\"font-size: 18pt;\"><strong>Rencontre de secteur Poussins \/ Meeting Cadets &amp; + \/ Repas du club<\/strong><\/span><\/p>\n<p>On le voit \u00e0 lire ces trois temps forts : la journ\u00e9e du <span style=\"font-size: 18pt;\"><strong><span style=\"text-decoration: underline;\">samedi 16 novembre<\/span><\/strong><\/span> prochain va \u00eatre importante pour le club.<\/p>\n<p><span style=\"font-size: 14pt;\"><strong>Rencontre de secteur (matin, salle N\u00b01)<\/strong><\/span><\/p>\n<p>Nous aurons besoin de parents d\u2019\u00c9veils et de Poussins<strong> le matin<\/strong> pour donner un coup de main \u00e0 l&rsquo;\u00e9quipe des encadrants EA\/PO, qui organisent une rencontre de secteur (Janz\u00e9, salle n\u00b01 \/ <em>Les d\u00e9tails &#8212; notamment les horaires &#8212; vous seront donn\u00e9s ult\u00e9rieurement<\/em>).<\/p>\n<p><span style=\"font-size: 14pt;\"><strong>Meeting Janz\u00e9 Athl\u00e9 Salle Robert-Poirier \u00e0 Rennes (journ\u00e9e)<\/strong><\/span><\/p>\n<p>Nous aurons besoin de bonnes volont\u00e9s <strong>toute la journ\u00e9e<\/strong> pour faire juges et donner un coup de main (buvette, accueil athl\u00e8tes, etc.) dans la salle Robert-Poirier, \u00e0 Rennes, entre 9h30 et 18h30, puisque c&rsquo;est nous qui sommes organisateurs de ce premier meeting en salle de l&rsquo;hiver. On peut s&rsquo;inscrire via le lien suivant : <a href=\"https:\/\/forms.gle\/xRXnVyr255BNRoW4A\" target=\"_blank\" rel=\"noopener\">https:\/\/forms.gle\/xRXnVyr255BNRoW4A <\/a>ou en \u00e9crivant \u00e0\u00a0<a href=\"mailto:Janze.athle.jeunes@gmail.com\">Janze.athle.jeunes@gmail.com.<\/a><\/p>\n<p><span style=\"font-size: 14pt;\"><strong>Repas du club le soir (pensez \u00e0 vous inscrire)<\/strong><\/span><\/p>\n<p>Enfin <strong>le soir<\/strong>, les bonnes volont\u00e9s restantes seront les bienvenues pour donner un coup de main dans la salle de la Lande du Brun (pr\u00e8s du parking de la Jaroussaye), o\u00f9 nous organiserons le repas annuel du club (installation de la salle puis rangement \u00e0 la fin).<\/p>\n<p>A ce propos, il vous est rappel\u00e9 que vous \u00eates invit\u00e9.es \u00e0 vous inscrire pour le repas du club. D\u00e9but \u00e0 19h30, fin \u00e0 2h maxi. Prix : 10 \u20ac par personne (adultes \/ enfants &#8212; paiement sur place \/ CB ou esp\u00e8ces).<\/p>\n<p>Au menu : ap\u00e9ro, tartiflette, tarte aux pommes, caf\u00e9. Le repas sera suivi d&rsquo;une soir\u00e9e dansante, anim\u00e9e par Pierre.<\/p>\n<p>R\u00e9ponse avan<span style=\"font-size: 12pt;\">t le 8 novembre via le lien :<span style=\"color: #000000;\">\u00a0<b><u><a href=\"https:\/\/docs.google.com\/forms\/d\/e\/1FAIpQLScmsnWAuVcA3NztGlDO1zg8X20d8lNqzNxSwMscxqr6ucuEGA\/viewform?usp=sf_link\" target=\"_blank\" rel=\"noopener\">https:\/\/docs.google.com\/forms\/d\/e\/1FAIpQLScmsnWAuVcA3NztGlDO1zg8X20d8lNqzNxSwMscxqr6ucuEGA\/viewform?usp=sf_link<\/a><\/u><\/b><\/span>, ou, pour ceux qui ne peuvent se connecter \u00e0 Google, par messagerie aupr\u00e8s de <\/span><a href=\"mailto:janze.athletisme@gmail.com\"><span style=\"font-size: 12pt;\">janze.athletisme@gmail.com.<\/span><\/a><\/p>\n<div class=\"gmail_default\">Attention que la jauge est limit\u00e9e \u00e0 120 personnes. Ne tardez pas \u00e0 vous inscrire.<\/div>\n","protected":false},"excerpt":{"rendered":"<p>Rencontre de secteur Poussins \/ Meeting Cadets &amp; + \/ Repas du club On le voit \u00e0 lire ces trois temps forts : la journ\u00e9e du samedi 16 novembre prochain va \u00eatre importante pour le club. Rencontre de secteur (matin, salle N\u00b01) Nous aurons besoin de parents d\u2019\u00c9veils et de Poussins le matin pour donner [&hellip;]<\/p>\n","protected":false},"author":12,"featured_media":21539,"comment_status":"open","ping_status":"open","sticky":false,"template":"","format":"aside","meta":{"_uag_custom_page_level_css":"","site-sidebar-layout":"default","site-content-layout":"","ast-site-content-layout":"default","site-content-style":"default","site-sidebar-style":"default","ast-global-header-display":"","ast-banner-title-visibility":"","ast-main-header-display":"","ast-hfb-above-header-display":"","ast-hfb-below-header-display":"","ast-hfb-mobile-header-display":"","site-post-title":"","ast-breadcrumbs-content":"","ast-featured-img":"","footer-sml-layout":"","ast-disable-related-posts":"","theme-transparent-header-meta":"default","adv-header-id-meta":"","stick-header-meta":"","header-above-stick-meta":"","header-main-stick-meta":"","header-below-stick-meta":"","astra-migrate-meta-layouts":"set","ast-page-background-enabled":"default","ast-page-background-meta":{"desktop":{"background-color":"var(--ast-global-color-4)","background-image":"","background-repeat":"repeat","background-position":"center center","background-size":"auto","background-attachment":"scroll","background-type":"","background-media":"","overlay-type":"","overlay-color":"","overlay-opacity":"","overlay-gradient":""},"tablet":{"background-color":"","background-image":"","background-repeat":"repeat","background-position":"center center","background-size":"auto","background-attachment":"scroll","background-type":"","background-media":"","overlay-type":"","overlay-color":"","overlay-opacity":"","overlay-gradient":""},"mobile":{"background-color":"","background-image":"","background-repeat":"repeat","background-position":"center center","background-size":"auto","background-attachment":"scroll","background-type":"","background-media":"","overlay-type":"","overlay-color":"","overlay-opacity":"","overlay-gradient":""}},"ast-content-background-meta":{"desktop":{"background-color":"var(--ast-global-color-5)","background-image":"","background-repeat":"repeat","background-position":"center center","background-size":"auto","background-attachment":"scroll","background-type":"","background-media":"","overlay-type":"","overlay-color":"","overlay-opacity":"","overlay-gradient":""},"tablet":{"background-color":"var(--ast-global-color-5)","background-image":"","background-repeat":"repeat","background-position":"center center","background-size":"auto","background-attachment":"scroll","background-type":"","background-media":"","overlay-type":"","overlay-color":"","overlay-opacity":"","overlay-gradient":""},"mobile":{"background-color":"var(--ast-global-color-5)","background-image":"","background-repeat":"repeat","background-position":"center center","background-size":"auto","background-attachment":"scroll","background-type":"","background-media":"","overlay-type":"","overlay-color":"","overlay-opacity":"","overlay-gradient":""}},"footnotes":""},"categories":[6],"tags":[],"class_list":["post-21538","post","type-post","status-publish","format-aside","has-post-thumbnail","hentry","category-sections","post_format-post-format-aside"],"yoast_head":"<!-- This site is optimized with the Yoast SEO plugin v27.4 - https:\/\/yoast.com\/product\/yoast-seo-wordpress\/ -->\n<title>Appel \u00e0 b\u00e9n\u00e9volat - Grosse journ\u00e9e le samedi 16 novembre - Janz\u00e9 Athl\u00e9tisme<\/title>\n<meta name=\"robots\" content=\"index, follow, max-snippet:-1, max-image-preview:large, max-video-preview:-1\" \/>\n<link rel=\"canonical\" href=\"https:\/\/janze-athletisme.fr\/wordpress\/grosse-journee-le-samedi-16-novembre-appel-a-benevolat\/\" \/>\n<meta property=\"og:locale\" content=\"fr_FR\" \/>\n<meta property=\"og:type\" content=\"article\" \/>\n<meta property=\"og:title\" content=\"Appel \u00e0 b\u00e9n\u00e9volat - Grosse journ\u00e9e le samedi 16 novembre - Janz\u00e9 Athl\u00e9tisme\" \/>\n<meta property=\"og:description\" content=\"Rencontre de secteur Poussins \/ Meeting Cadets &amp; + \/ Repas du club On le voit \u00e0 lire ces trois temps forts : la journ\u00e9e du samedi 16 novembre prochain va \u00eatre importante pour le club. Rencontre de secteur (matin, salle N\u00b01) Nous aurons besoin de parents d\u2019\u00c9veils et de Poussins le matin pour donner [&hellip;]\" \/>\n<meta property=\"og:url\" content=\"https:\/\/janze-athletisme.fr\/wordpress\/grosse-journee-le-samedi-16-novembre-appel-a-benevolat\/\" \/>\n<meta property=\"og:site_name\" content=\"Janz\u00e9 Athl\u00e9tisme\" \/>\n<meta property=\"article:publisher\" content=\"https:\/\/www.facebook.com\/groups\/1007964579346590\" \/>\n<meta property=\"article:published_time\" content=\"2024-10-30T13:30:03+00:00\" \/>\n<meta property=\"article:modified_time\" content=\"2024-11-15T15:07:43+00:00\" \/>\n<meta property=\"og:image\" content=\"https:\/\/janze-athletisme.fr\/wordpress\/wp-content\/uploads\/2024\/10\/La-buvette-24fev2024-2.jpg\" \/>\n\t<meta property=\"og:image:width\" content=\"1500\" \/>\n\t<meta property=\"og:image:height\" content=\"1000\" \/>\n\t<meta property=\"og:image:type\" content=\"image\/jpeg\" \/>\n<meta name=\"author\" content=\"Laurent Meunier\" \/>\n<meta name=\"twitter:card\" content=\"summary_large_image\" \/>\n<meta name=\"twitter:label1\" content=\"\u00c9crit par\" \/>\n\t<meta name=\"twitter:data1\" content=\"Laurent Meunier\" \/>\n\t<meta name=\"twitter:label2\" content=\"Dur\u00e9e de lecture estim\u00e9e\" \/>\n\t<meta name=\"twitter:data2\" content=\"2 minutes\" \/>\n<script type=\"application\/ld+json\" class=\"yoast-schema-graph\">{\"@context\":\"https:\\\/\\\/schema.org\",\"@graph\":[{\"@type\":\"Article\",\"@id\":\"https:\\\/\\\/janze-athletisme.fr\\\/wordpress\\\/grosse-journee-le-samedi-16-novembre-appel-a-benevolat\\\/#article\",\"isPartOf\":{\"@id\":\"https:\\\/\\\/janze-athletisme.fr\\\/wordpress\\\/grosse-journee-le-samedi-16-novembre-appel-a-benevolat\\\/\"},\"author\":{\"name\":\"Laurent Meunier\",\"@id\":\"https:\\\/\\\/janze-athletisme.fr\\\/wordpress\\\/#\\\/schema\\\/person\\\/c7b063dcfa6234c041d4d9b26cc2ea03\"},\"headline\":\"Appel \u00e0 b\u00e9n\u00e9volat &#8212; Grosse journ\u00e9e le samedi 16 novembre\",\"datePublished\":\"2024-10-30T13:30:03+00:00\",\"dateModified\":\"2024-11-15T15:07:43+00:00\",\"mainEntityOfPage\":{\"@id\":\"https:\\\/\\\/janze-athletisme.fr\\\/wordpress\\\/grosse-journee-le-samedi-16-novembre-appel-a-benevolat\\\/\"},\"wordCount\":348,\"commentCount\":0,\"publisher\":{\"@id\":\"https:\\\/\\\/janze-athletisme.fr\\\/wordpress\\\/#organization\"},\"image\":{\"@id\":\"https:\\\/\\\/janze-athletisme.fr\\\/wordpress\\\/grosse-journee-le-samedi-16-novembre-appel-a-benevolat\\\/#primaryimage\"},\"thumbnailUrl\":\"https:\\\/\\\/janze-athletisme.fr\\\/wordpress\\\/wp-content\\\/uploads\\\/2024\\\/10\\\/La-buvette-24fev2024-2.jpg\",\"articleSection\":[\"Le club au jour le jour\"],\"inLanguage\":\"fr-FR\",\"potentialAction\":[{\"@type\":\"CommentAction\",\"name\":\"Comment\",\"target\":[\"https:\\\/\\\/janze-athletisme.fr\\\/wordpress\\\/grosse-journee-le-samedi-16-novembre-appel-a-benevolat\\\/#respond\"]}]},{\"@type\":\"WebPage\",\"@id\":\"https:\\\/\\\/janze-athletisme.fr\\\/wordpress\\\/grosse-journee-le-samedi-16-novembre-appel-a-benevolat\\\/\",\"url\":\"https:\\\/\\\/janze-athletisme.fr\\\/wordpress\\\/grosse-journee-le-samedi-16-novembre-appel-a-benevolat\\\/\",\"name\":\"Appel \u00e0 b\u00e9n\u00e9volat - Grosse journ\u00e9e le samedi 16 novembre - Janz\u00e9 Athl\u00e9tisme\",\"isPartOf\":{\"@id\":\"https:\\\/\\\/janze-athletisme.fr\\\/wordpress\\\/#website\"},\"primaryImageOfPage\":{\"@id\":\"https:\\\/\\\/janze-athletisme.fr\\\/wordpress\\\/grosse-journee-le-samedi-16-novembre-appel-a-benevolat\\\/#primaryimage\"},\"image\":{\"@id\":\"https:\\\/\\\/janze-athletisme.fr\\\/wordpress\\\/grosse-journee-le-samedi-16-novembre-appel-a-benevolat\\\/#primaryimage\"},\"thumbnailUrl\":\"https:\\\/\\\/janze-athletisme.fr\\\/wordpress\\\/wp-content\\\/uploads\\\/2024\\\/10\\\/La-buvette-24fev2024-2.jpg\",\"datePublished\":\"2024-10-30T13:30:03+00:00\",\"dateModified\":\"2024-11-15T15:07:43+00:00\",\"breadcrumb\":{\"@id\":\"https:\\\/\\\/janze-athletisme.fr\\\/wordpress\\\/grosse-journee-le-samedi-16-novembre-appel-a-benevolat\\\/#breadcrumb\"},\"inLanguage\":\"fr-FR\",\"potentialAction\":[{\"@type\":\"ReadAction\",\"target\":[\"https:\\\/\\\/janze-athletisme.fr\\\/wordpress\\\/grosse-journee-le-samedi-16-novembre-appel-a-benevolat\\\/\"]}]},{\"@type\":\"ImageObject\",\"inLanguage\":\"fr-FR\",\"@id\":\"https:\\\/\\\/janze-athletisme.fr\\\/wordpress\\\/grosse-journee-le-samedi-16-novembre-appel-a-benevolat\\\/#primaryimage\",\"url\":\"https:\\\/\\\/janze-athletisme.fr\\\/wordpress\\\/wp-content\\\/uploads\\\/2024\\\/10\\\/La-buvette-24fev2024-2.jpg\",\"contentUrl\":\"https:\\\/\\\/janze-athletisme.fr\\\/wordpress\\\/wp-content\\\/uploads\\\/2024\\\/10\\\/La-buvette-24fev2024-2.jpg\",\"width\":1500,\"height\":1000},{\"@type\":\"BreadcrumbList\",\"@id\":\"https:\\\/\\\/janze-athletisme.fr\\\/wordpress\\\/grosse-journee-le-samedi-16-novembre-appel-a-benevolat\\\/#breadcrumb\",\"itemListElement\":[{\"@type\":\"ListItem\",\"position\":1,\"name\":\"Accueil\",\"item\":\"https:\\\/\\\/janze-athletisme.fr\\\/wordpress\\\/\"},{\"@type\":\"ListItem\",\"position\":2,\"name\":\"Appel \u00e0 b\u00e9n\u00e9volat &#8212; Grosse journ\u00e9e le samedi 16 novembre\"}]},{\"@type\":\"WebSite\",\"@id\":\"https:\\\/\\\/janze-athletisme.fr\\\/wordpress\\\/#website\",\"url\":\"https:\\\/\\\/janze-athletisme.fr\\\/wordpress\\\/\",\"name\":\"Janz\u00e9 Athl\u00e9tisme\",\"description\":\"Pays de La Roche aux F\u00e9es\",\"publisher\":{\"@id\":\"https:\\\/\\\/janze-athletisme.fr\\\/wordpress\\\/#organization\"},\"potentialAction\":[{\"@type\":\"SearchAction\",\"target\":{\"@type\":\"EntryPoint\",\"urlTemplate\":\"https:\\\/\\\/janze-athletisme.fr\\\/wordpress\\\/?s={search_term_string}\"},\"query-input\":{\"@type\":\"PropertyValueSpecification\",\"valueRequired\":true,\"valueName\":\"search_term_string\"}}],\"inLanguage\":\"fr-FR\"},{\"@type\":\"Organization\",\"@id\":\"https:\\\/\\\/janze-athletisme.fr\\\/wordpress\\\/#organization\",\"name\":\"Janz\u00e9 Athl\u00e9tisme\",\"url\":\"https:\\\/\\\/janze-athletisme.fr\\\/wordpress\\\/\",\"logo\":{\"@type\":\"ImageObject\",\"inLanguage\":\"fr-FR\",\"@id\":\"https:\\\/\\\/janze-athletisme.fr\\\/wordpress\\\/#\\\/schema\\\/logo\\\/image\\\/\",\"url\":\"https:\\\/\\\/janze-athletisme.fr\\\/wordpress\\\/wp-content\\\/uploads\\\/2015\\\/03\\\/logo-full1.jpg\",\"contentUrl\":\"https:\\\/\\\/janze-athletisme.fr\\\/wordpress\\\/wp-content\\\/uploads\\\/2015\\\/03\\\/logo-full1.jpg\",\"width\":437,\"height\":205,\"caption\":\"Janz\u00e9 Athl\u00e9tisme\"},\"image\":{\"@id\":\"https:\\\/\\\/janze-athletisme.fr\\\/wordpress\\\/#\\\/schema\\\/logo\\\/image\\\/\"},\"sameAs\":[\"https:\\\/\\\/www.facebook.com\\\/groups\\\/1007964579346590\"]},{\"@type\":\"Person\",\"@id\":\"https:\\\/\\\/janze-athletisme.fr\\\/wordpress\\\/#\\\/schema\\\/person\\\/c7b063dcfa6234c041d4d9b26cc2ea03\",\"name\":\"Laurent Meunier\",\"image\":{\"@type\":\"ImageObject\",\"inLanguage\":\"fr-FR\",\"@id\":\"https:\\\/\\\/secure.gravatar.com\\\/avatar\\\/dd25d581ad7c3349090f2fa6a9adb6bfa287e6a5dd8a5216a092727cd8749034?s=96&d=mm&r=g\",\"url\":\"https:\\\/\\\/secure.gravatar.com\\\/avatar\\\/dd25d581ad7c3349090f2fa6a9adb6bfa287e6a5dd8a5216a092727cd8749034?s=96&d=mm&r=g\",\"contentUrl\":\"https:\\\/\\\/secure.gravatar.com\\\/avatar\\\/dd25d581ad7c3349090f2fa6a9adb6bfa287e6a5dd8a5216a092727cd8749034?s=96&d=mm&r=g\",\"caption\":\"Laurent Meunier\"},\"url\":\"https:\\\/\\\/janze-athletisme.fr\\\/wordpress\\\/author\\\/laurent-meunier35\\\/\"}]}<\/script>\n<!-- \/ Yoast SEO plugin. -->","yoast_head_json":{"title":"Appel \u00e0 b\u00e9n\u00e9volat - Grosse journ\u00e9e le samedi 16 novembre - Janz\u00e9 Athl\u00e9tisme","robots":{"index":"index","follow":"follow","max-snippet":"max-snippet:-1","max-image-preview":"max-image-preview:large","max-video-preview":"max-video-preview:-1"},"canonical":"https:\/\/janze-athletisme.fr\/wordpress\/grosse-journee-le-samedi-16-novembre-appel-a-benevolat\/","og_locale":"fr_FR","og_type":"article","og_title":"Appel \u00e0 b\u00e9n\u00e9volat - Grosse journ\u00e9e le samedi 16 novembre - Janz\u00e9 Athl\u00e9tisme","og_description":"Rencontre de secteur Poussins \/ Meeting Cadets &amp; + \/ Repas du club On le voit \u00e0 lire ces trois temps forts : la journ\u00e9e du samedi 16 novembre prochain va \u00eatre importante pour le club. Rencontre de secteur (matin, salle N\u00b01) Nous aurons besoin de parents d\u2019\u00c9veils et de Poussins le matin pour donner [&hellip;]","og_url":"https:\/\/janze-athletisme.fr\/wordpress\/grosse-journee-le-samedi-16-novembre-appel-a-benevolat\/","og_site_name":"Janz\u00e9 Athl\u00e9tisme","article_publisher":"https:\/\/www.facebook.com\/groups\/1007964579346590","article_published_time":"2024-10-30T13:30:03+00:00","article_modified_time":"2024-11-15T15:07:43+00:00","og_image":[{"width":1500,"height":1000,"url":"https:\/\/janze-athletisme.fr\/wordpress\/wp-content\/uploads\/2024\/10\/La-buvette-24fev2024-2.jpg","type":"image\/jpeg"}],"author":"Laurent Meunier","twitter_card":"summary_large_image","twitter_misc":{"\u00c9crit par":"Laurent Meunier","Dur\u00e9e de lecture estim\u00e9e":"2 minutes"},"schema":{"@context":"https:\/\/schema.org","@graph":[{"@type":"Article","@id":"https:\/\/janze-athletisme.fr\/wordpress\/grosse-journee-le-samedi-16-novembre-appel-a-benevolat\/#article","isPartOf":{"@id":"https:\/\/janze-athletisme.fr\/wordpress\/grosse-journee-le-samedi-16-novembre-appel-a-benevolat\/"},"author":{"name":"Laurent Meunier","@id":"https:\/\/janze-athletisme.fr\/wordpress\/#\/schema\/person\/c7b063dcfa6234c041d4d9b26cc2ea03"},"headline":"Appel \u00e0 b\u00e9n\u00e9volat &#8212; Grosse journ\u00e9e le samedi 16 novembre","datePublished":"2024-10-30T13:30:03+00:00","dateModified":"2024-11-15T15:07:43+00:00","mainEntityOfPage":{"@id":"https:\/\/janze-athletisme.fr\/wordpress\/grosse-journee-le-samedi-16-novembre-appel-a-benevolat\/"},"wordCount":348,"commentCount":0,"publisher":{"@id":"https:\/\/janze-athletisme.fr\/wordpress\/#organization"},"image":{"@id":"https:\/\/janze-athletisme.fr\/wordpress\/grosse-journee-le-samedi-16-novembre-appel-a-benevolat\/#primaryimage"},"thumbnailUrl":"https:\/\/janze-athletisme.fr\/wordpress\/wp-content\/uploads\/2024\/10\/La-buvette-24fev2024-2.jpg","articleSection":["Le club au jour le jour"],"inLanguage":"fr-FR","potentialAction":[{"@type":"CommentAction","name":"Comment","target":["https:\/\/janze-athletisme.fr\/wordpress\/grosse-journee-le-samedi-16-novembre-appel-a-benevolat\/#respond"]}]},{"@type":"WebPage","@id":"https:\/\/janze-athletisme.fr\/wordpress\/grosse-journee-le-samedi-16-novembre-appel-a-benevolat\/","url":"https:\/\/janze-athletisme.fr\/wordpress\/grosse-journee-le-samedi-16-novembre-appel-a-benevolat\/","name":"Appel \u00e0 b\u00e9n\u00e9volat - Grosse journ\u00e9e le samedi 16 novembre - Janz\u00e9 Athl\u00e9tisme","isPartOf":{"@id":"https:\/\/janze-athletisme.fr\/wordpress\/#website"},"primaryImageOfPage":{"@id":"https:\/\/janze-athletisme.fr\/wordpress\/grosse-journee-le-samedi-16-novembre-appel-a-benevolat\/#primaryimage"},"image":{"@id":"https:\/\/janze-athletisme.fr\/wordpress\/grosse-journee-le-samedi-16-novembre-appel-a-benevolat\/#primaryimage"},"thumbnailUrl":"https:\/\/janze-athletisme.fr\/wordpress\/wp-content\/uploads\/2024\/10\/La-buvette-24fev2024-2.jpg","datePublished":"2024-10-30T13:30:03+00:00","dateModified":"2024-11-15T15:07:43+00:00","breadcrumb":{"@id":"https:\/\/janze-athletisme.fr\/wordpress\/grosse-journee-le-samedi-16-novembre-appel-a-benevolat\/#breadcrumb"},"inLanguage":"fr-FR","potentialAction":[{"@type":"ReadAction","target":["https:\/\/janze-athletisme.fr\/wordpress\/grosse-journee-le-samedi-16-novembre-appel-a-benevolat\/"]}]},{"@type":"ImageObject","inLanguage":"fr-FR","@id":"https:\/\/janze-athletisme.fr\/wordpress\/grosse-journee-le-samedi-16-novembre-appel-a-benevolat\/#primaryimage","url":"https:\/\/janze-athletisme.fr\/wordpress\/wp-content\/uploads\/2024\/10\/La-buvette-24fev2024-2.jpg","contentUrl":"https:\/\/janze-athletisme.fr\/wordpress\/wp-content\/uploads\/2024\/10\/La-buvette-24fev2024-2.jpg","width":1500,"height":1000},{"@type":"BreadcrumbList","@id":"https:\/\/janze-athletisme.fr\/wordpress\/grosse-journee-le-samedi-16-novembre-appel-a-benevolat\/#breadcrumb","itemListElement":[{"@type":"ListItem","position":1,"name":"Accueil","item":"https:\/\/janze-athletisme.fr\/wordpress\/"},{"@type":"ListItem","position":2,"name":"Appel \u00e0 b\u00e9n\u00e9volat &#8212; Grosse journ\u00e9e le samedi 16 novembre"}]},{"@type":"WebSite","@id":"https:\/\/janze-athletisme.fr\/wordpress\/#website","url":"https:\/\/janze-athletisme.fr\/wordpress\/","name":"Janz\u00e9 Athl\u00e9tisme","description":"Pays de La Roche aux F\u00e9es","publisher":{"@id":"https:\/\/janze-athletisme.fr\/wordpress\/#organization"},"potentialAction":[{"@type":"SearchAction","target":{"@type":"EntryPoint","urlTemplate":"https:\/\/janze-athletisme.fr\/wordpress\/?s={search_term_string}"},"query-input":{"@type":"PropertyValueSpecification","valueRequired":true,"valueName":"search_term_string"}}],"inLanguage":"fr-FR"},{"@type":"Organization","@id":"https:\/\/janze-athletisme.fr\/wordpress\/#organization","name":"Janz\u00e9 Athl\u00e9tisme","url":"https:\/\/janze-athletisme.fr\/wordpress\/","logo":{"@type":"ImageObject","inLanguage":"fr-FR","@id":"https:\/\/janze-athletisme.fr\/wordpress\/#\/schema\/logo\/image\/","url":"https:\/\/janze-athletisme.fr\/wordpress\/wp-content\/uploads\/2015\/03\/logo-full1.jpg","contentUrl":"https:\/\/janze-athletisme.fr\/wordpress\/wp-content\/uploads\/2015\/03\/logo-full1.jpg","width":437,"height":205,"caption":"Janz\u00e9 Athl\u00e9tisme"},"image":{"@id":"https:\/\/janze-athletisme.fr\/wordpress\/#\/schema\/logo\/image\/"},"sameAs":["https:\/\/www.facebook.com\/groups\/1007964579346590"]},{"@type":"Person","@id":"https:\/\/janze-athletisme.fr\/wordpress\/#\/schema\/person\/c7b063dcfa6234c041d4d9b26cc2ea03","name":"Laurent Meunier","image":{"@type":"ImageObject","inLanguage":"fr-FR","@id":"https:\/\/secure.gravatar.com\/avatar\/dd25d581ad7c3349090f2fa6a9adb6bfa287e6a5dd8a5216a092727cd8749034?s=96&d=mm&r=g","url":"https:\/\/secure.gravatar.com\/avatar\/dd25d581ad7c3349090f2fa6a9adb6bfa287e6a5dd8a5216a092727cd8749034?s=96&d=mm&r=g","contentUrl":"https:\/\/secure.gravatar.com\/avatar\/dd25d581ad7c3349090f2fa6a9adb6bfa287e6a5dd8a5216a092727cd8749034?s=96&d=mm&r=g","caption":"Laurent Meunier"},"url":"https:\/\/janze-athletisme.fr\/wordpress\/author\/laurent-meunier35\/"}]}},"uagb_featured_image_src":{"full":["https:\/\/janze-athletisme.fr\/wordpress\/wp-content\/uploads\/2024\/10\/La-buvette-24fev2024-2.jpg",1500,1000,false],"thumbnail":["https:\/\/janze-athletisme.fr\/wordpress\/wp-content\/uploads\/2024\/10\/La-buvette-24fev2024-2-150x150.jpg",150,150,true],"medium":["https:\/\/janze-athletisme.fr\/wordpress\/wp-content\/uploads\/2024\/10\/La-buvette-24fev2024-2-300x200.jpg",300,200,true],"medium_large":["https:\/\/janze-athletisme.fr\/wordpress\/wp-content\/uploads\/2024\/10\/La-buvette-24fev2024-2-768x512.jpg",768,512,true],"large":["https:\/\/janze-athletisme.fr\/wordpress\/wp-content\/uploads\/2024\/10\/La-buvette-24fev2024-2-1024x683.jpg",1024,683,true],"1536x1536":["https:\/\/janze-athletisme.fr\/wordpress\/wp-content\/uploads\/2024\/10\/La-buvette-24fev2024-2.jpg",1500,1000,false],"2048x2048":["https:\/\/janze-athletisme.fr\/wordpress\/wp-content\/uploads\/2024\/10\/La-buvette-24fev2024-2.jpg",1500,1000,false]},"uagb_author_info":{"display_name":"Laurent Meunier","author_link":"https:\/\/janze-athletisme.fr\/wordpress\/author\/laurent-meunier35\/"},"uagb_comment_info":0,"uagb_excerpt":"Rencontre de secteur Poussins \/ Meeting Cadets &amp; + \/ Repas du club On le voit \u00e0 lire ces trois temps forts : la journ\u00e9e du samedi 16 novembre prochain va \u00eatre importante pour le club. Rencontre de secteur (matin, salle N\u00b01) Nous aurons besoin de parents d\u2019\u00c9veils et de Poussins le matin pour donner\u2026","_links":{"self":[{"href":"https:\/\/janze-athletisme.fr\/wordpress\/wp-json\/wp\/v2\/posts\/21538","targetHints":{"allow":["GET"]}}],"collection":[{"href":"https:\/\/janze-athletisme.fr\/wordpress\/wp-json\/wp\/v2\/posts"}],"about":[{"href":"https:\/\/janze-athletisme.fr\/wordpress\/wp-json\/wp\/v2\/types\/post"}],"author":[{"embeddable":true,"href":"https:\/\/janze-athletisme.fr\/wordpress\/wp-json\/wp\/v2\/users\/12"}],"replies":[{"embeddable":true,"href":"https:\/\/janze-athletisme.fr\/wordpress\/wp-json\/wp\/v2\/comments?post=21538"}],"version-history":[{"count":10,"href":"https:\/\/janze-athletisme.fr\/wordpress\/wp-json\/wp\/v2\/posts\/21538\/revisions"}],"predecessor-version":[{"id":21574,"href":"https:\/\/janze-athletisme.fr\/wordpress\/wp-json\/wp\/v2\/posts\/21538\/revisions\/21574"}],"wp:featuredmedia":[{"embeddable":true,"href":"https:\/\/janze-athletisme.fr\/wordpress\/wp-json\/wp\/v2\/media\/21539"}],"wp:attachment":[{"href":"https:\/\/janze-athletisme.fr\/wordpress\/wp-json\/wp\/v2\/media?parent=21538"}],"wp:term":[{"taxonomy":"category","embeddable":true,"href":"https:\/\/janze-athletisme.fr\/wordpress\/wp-json\/wp\/v2\/categories?post=21538"},{"taxonomy":"post_tag","embeddable":true,"href":"https:\/\/janze-athletisme.fr\/wordpress\/wp-json\/wp\/v2\/tags?post=21538"}],"curies":[{"name":"wp","href":"https:\/\/api.w.org\/{rel}","templated":true}]}}