{"id":21355,"date":"2024-10-21T15:42:23","date_gmt":"2024-10-21T13:42:23","guid":{"rendered":"https:\/\/janze-athletisme.fr\/wordpress\/?p=21355"},"modified":"2024-10-29T00:11:50","modified_gmt":"2024-10-28T23:11:50","slug":"a-lecoute-des-plus-jeunes-et-de-leurs-idees-pour-le-club","status":"publish","type":"post","link":"https:\/\/janze-athletisme.fr\/wordpress\/a-lecoute-des-plus-jeunes-et-de-leurs-idees-pour-le-club\/","title":{"rendered":"\u00c0 l&rsquo;\u00e9coute des plus jeunes et de leurs id\u00e9es pour le club"},"content":{"rendered":"<p><span style=\"font-size: 18pt;\"><strong>R\u00e9union de la Commission jeunes, samedi 19 octobre<\/strong><\/span><\/p>\n<p>Lanc\u00e9e \u00e0 l&rsquo;automne 2023, la commission jeunes (compos\u00e9e de benjamins et minimes pour l&rsquo;essentiel) a produit l&rsquo;an pass\u00e9 l&rsquo;id\u00e9e d&rsquo;une relance du stage de P\u00e2ques, et de son financement (partiel) par la vente de calendriers. Les calendriers se sont bien vendus, le stage a eu lieu et s&rsquo;est av\u00e9r\u00e9 g\u00e9nial. Les jeunes par cons\u00e9quent, devant le succ\u00e8s, ont cogit\u00e9 pour trouver une nouvelle bonne id\u00e9e.<\/p>\n<p>Cette ann\u00e9e, l&rsquo;initiative qui \u00e9merge serait d&rsquo;organiser un cross, \u00e0 une date qui reste \u00e0 d\u00e9terminer (samedi 14 ou samedi 21 d\u00e9cembre ?), pour r\u00e9unir, de mani\u00e8re festive, toutes les composantes du club et tous les \u00e2ges.<\/p>\n<p>Plusieurs courses seraient propos\u00e9es :<\/p>\n<ul>\n<li>Course \u00e9veils-poussins (environ 1,3 km)<\/li>\n<li>Course benjamins-minimes (environ 2,3 km)<\/li>\n<li>Course femmes cadettes et + (environ 4,5 km)<\/li>\n<li>Course hommes cadets et + (environ 6,25 km)<\/li>\n<\/ul>\n<p>Avec pour toutes et tous, \u00e0 l&rsquo;issue de la matin\u00e9e, un relais 4 x 1 km, ouvert \u00e0 toutes les cat\u00e9gories.<\/p>\n<p>Les d\u00e9tails sont encore \u00e0 affiner, mais voici l&rsquo;id\u00e9e 2024.<\/p>\n<p><a href=\"https:\/\/janze-athletisme.fr\/wordpress\/wp-content\/uploads\/2024\/10\/Commission-Jeunes-1.jpeg\"><img loading=\"lazy\" decoding=\"async\" class=\"alignnone size-medium wp-image-21357\" src=\"https:\/\/janze-athletisme.fr\/wordpress\/wp-content\/uploads\/2024\/10\/Commission-Jeunes-1-300x225.jpeg\" alt=\"\" width=\"300\" height=\"225\" srcset=\"https:\/\/janze-athletisme.fr\/wordpress\/wp-content\/uploads\/2024\/10\/Commission-Jeunes-1-300x225.jpeg 300w, https:\/\/janze-athletisme.fr\/wordpress\/wp-content\/uploads\/2024\/10\/Commission-Jeunes-1-1024x768.jpeg 1024w, https:\/\/janze-athletisme.fr\/wordpress\/wp-content\/uploads\/2024\/10\/Commission-Jeunes-1-768x576.jpeg 768w, https:\/\/janze-athletisme.fr\/wordpress\/wp-content\/uploads\/2024\/10\/Commission-Jeunes-1.jpeg 1333w\" sizes=\"auto, (max-width: 300px) 100vw, 300px\" \/><\/a><\/p>\n<p><span style=\"font-size: 10pt;\"><em>Lors de la s\u00e9ance de travail de la commission, sous l&rsquo;impulsion de Mathieu et de Jourdani.<\/em> <\/span><\/p>\n","protected":false},"excerpt":{"rendered":"<p>R\u00e9union de la Commission jeunes, samedi 19 octobre Lanc\u00e9e \u00e0 l&rsquo;automne 2023, la commission jeunes (compos\u00e9e de benjamins et minimes pour l&rsquo;essentiel) a produit l&rsquo;an pass\u00e9 l&rsquo;id\u00e9e d&rsquo;une relance du stage de P\u00e2ques, et de son financement (partiel) par la vente de calendriers. Les calendriers se sont bien vendus, le stage a eu lieu et [&hellip;]<\/p>\n","protected":false},"author":12,"featured_media":21357,"comment_status":"open","ping_status":"open","sticky":false,"template":"","format":"aside","meta":{"_uag_custom_page_level_css":"","site-sidebar-layout":"default","site-content-layout":"","ast-site-content-layout":"default","site-content-style":"default","site-sidebar-style":"default","ast-global-header-display":"","ast-banner-title-visibility":"","ast-main-header-display":"","ast-hfb-above-header-display":"","ast-hfb-below-header-display":"","ast-hfb-mobile-header-display":"","site-post-title":"","ast-breadcrumbs-content":"","ast-featured-img":"","footer-sml-layout":"","ast-disable-related-posts":"","theme-transparent-header-meta":"default","adv-header-id-meta":"","stick-header-meta":"","header-above-stick-meta":"","header-main-stick-meta":"","header-below-stick-meta":"","astra-migrate-meta-layouts":"set","ast-page-background-enabled":"default","ast-page-background-meta":{"desktop":{"background-color":"var(--ast-global-color-4)","background-image":"","background-repeat":"repeat","background-position":"center center","background-size":"auto","background-attachment":"scroll","background-type":"","background-media":"","overlay-type":"","overlay-color":"","overlay-opacity":"","overlay-gradient":""},"tablet":{"background-color":"","background-image":"","background-repeat":"repeat","background-position":"center center","background-size":"auto","background-attachment":"scroll","background-type":"","background-media":"","overlay-type":"","overlay-color":"","overlay-opacity":"","overlay-gradient":""},"mobile":{"background-color":"","background-image":"","background-repeat":"repeat","background-position":"center center","background-size":"auto","background-attachment":"scroll","background-type":"","background-media":"","overlay-type":"","overlay-color":"","overlay-opacity":"","overlay-gradient":""}},"ast-content-background-meta":{"desktop":{"background-color":"var(--ast-global-color-5)","background-image":"","background-repeat":"repeat","background-position":"center center","background-size":"auto","background-attachment":"scroll","background-type":"","background-media":"","overlay-type":"","overlay-color":"","overlay-opacity":"","overlay-gradient":""},"tablet":{"background-color":"var(--ast-global-color-5)","background-image":"","background-repeat":"repeat","background-position":"center center","background-size":"auto","background-attachment":"scroll","background-type":"","background-media":"","overlay-type":"","overlay-color":"","overlay-opacity":"","overlay-gradient":""},"mobile":{"background-color":"var(--ast-global-color-5)","background-image":"","background-repeat":"repeat","background-position":"center center","background-size":"auto","background-attachment":"scroll","background-type":"","background-media":"","overlay-type":"","overlay-color":"","overlay-opacity":"","overlay-gradient":""}},"footnotes":""},"categories":[6],"tags":[],"class_list":["post-21355","post","type-post","status-publish","format-aside","has-post-thumbnail","hentry","category-sections","post_format-post-format-aside"],"yoast_head":"<!-- This site is optimized with the Yoast SEO plugin v27.5 - https:\/\/yoast.com\/product\/yoast-seo-wordpress\/ -->\n<title>\u00c0 l&#039;\u00e9coute des plus jeunes et de leurs id\u00e9es pour le club - Janz\u00e9 Athl\u00e9tisme<\/title>\n<meta name=\"robots\" content=\"index, follow, max-snippet:-1, max-image-preview:large, max-video-preview:-1\" \/>\n<link rel=\"canonical\" href=\"https:\/\/janze-athletisme.fr\/wordpress\/a-lecoute-des-plus-jeunes-et-de-leurs-idees-pour-le-club\/\" \/>\n<meta property=\"og:locale\" content=\"fr_FR\" \/>\n<meta property=\"og:type\" content=\"article\" \/>\n<meta property=\"og:title\" content=\"\u00c0 l&#039;\u00e9coute des plus jeunes et de leurs id\u00e9es pour le club - Janz\u00e9 Athl\u00e9tisme\" \/>\n<meta property=\"og:description\" content=\"R\u00e9union de la Commission jeunes, samedi 19 octobre Lanc\u00e9e \u00e0 l&rsquo;automne 2023, la commission jeunes (compos\u00e9e de benjamins et minimes pour l&rsquo;essentiel) a produit l&rsquo;an pass\u00e9 l&rsquo;id\u00e9e d&rsquo;une relance du stage de P\u00e2ques, et de son financement (partiel) par la vente de calendriers. Les calendriers se sont bien vendus, le stage a eu lieu et [&hellip;]\" \/>\n<meta property=\"og:url\" content=\"https:\/\/janze-athletisme.fr\/wordpress\/a-lecoute-des-plus-jeunes-et-de-leurs-idees-pour-le-club\/\" \/>\n<meta property=\"og:site_name\" content=\"Janz\u00e9 Athl\u00e9tisme\" \/>\n<meta property=\"article:publisher\" content=\"https:\/\/www.facebook.com\/groups\/1007964579346590\" \/>\n<meta property=\"article:published_time\" content=\"2024-10-21T13:42:23+00:00\" \/>\n<meta property=\"article:modified_time\" content=\"2024-10-28T23:11:50+00:00\" \/>\n<meta property=\"og:image\" content=\"https:\/\/janze-athletisme.fr\/wordpress\/wp-content\/uploads\/2024\/10\/Commission-Jeunes-1.jpeg\" \/>\n\t<meta property=\"og:image:width\" content=\"1333\" \/>\n\t<meta property=\"og:image:height\" content=\"1000\" \/>\n\t<meta property=\"og:image:type\" content=\"image\/jpeg\" \/>\n<meta name=\"author\" content=\"Laurent Meunier\" \/>\n<meta name=\"twitter:card\" content=\"summary_large_image\" \/>\n<meta name=\"twitter:label1\" content=\"\u00c9crit par\" \/>\n\t<meta name=\"twitter:data1\" content=\"Laurent Meunier\" \/>\n\t<meta name=\"twitter:label2\" content=\"Dur\u00e9e de lecture estim\u00e9e\" \/>\n\t<meta name=\"twitter:data2\" content=\"2 minutes\" \/>\n<script type=\"application\/ld+json\" class=\"yoast-schema-graph\">{\"@context\":\"https:\\\/\\\/schema.org\",\"@graph\":[{\"@type\":\"Article\",\"@id\":\"https:\\\/\\\/janze-athletisme.fr\\\/wordpress\\\/a-lecoute-des-plus-jeunes-et-de-leurs-idees-pour-le-club\\\/#article\",\"isPartOf\":{\"@id\":\"https:\\\/\\\/janze-athletisme.fr\\\/wordpress\\\/a-lecoute-des-plus-jeunes-et-de-leurs-idees-pour-le-club\\\/\"},\"author\":{\"name\":\"Laurent Meunier\",\"@id\":\"https:\\\/\\\/janze-athletisme.fr\\\/wordpress\\\/#\\\/schema\\\/person\\\/c7b063dcfa6234c041d4d9b26cc2ea03\"},\"headline\":\"\u00c0 l&rsquo;\u00e9coute des plus jeunes et de leurs id\u00e9es pour le club\",\"datePublished\":\"2024-10-21T13:42:23+00:00\",\"dateModified\":\"2024-10-28T23:11:50+00:00\",\"mainEntityOfPage\":{\"@id\":\"https:\\\/\\\/janze-athletisme.fr\\\/wordpress\\\/a-lecoute-des-plus-jeunes-et-de-leurs-idees-pour-le-club\\\/\"},\"wordCount\":212,\"commentCount\":0,\"publisher\":{\"@id\":\"https:\\\/\\\/janze-athletisme.fr\\\/wordpress\\\/#organization\"},\"image\":{\"@id\":\"https:\\\/\\\/janze-athletisme.fr\\\/wordpress\\\/a-lecoute-des-plus-jeunes-et-de-leurs-idees-pour-le-club\\\/#primaryimage\"},\"thumbnailUrl\":\"https:\\\/\\\/janze-athletisme.fr\\\/wordpress\\\/wp-content\\\/uploads\\\/2024\\\/10\\\/Commission-Jeunes-1.jpeg\",\"articleSection\":[\"Le club au jour le jour\"],\"inLanguage\":\"fr-FR\",\"potentialAction\":[{\"@type\":\"CommentAction\",\"name\":\"Comment\",\"target\":[\"https:\\\/\\\/janze-athletisme.fr\\\/wordpress\\\/a-lecoute-des-plus-jeunes-et-de-leurs-idees-pour-le-club\\\/#respond\"]}]},{\"@type\":\"WebPage\",\"@id\":\"https:\\\/\\\/janze-athletisme.fr\\\/wordpress\\\/a-lecoute-des-plus-jeunes-et-de-leurs-idees-pour-le-club\\\/\",\"url\":\"https:\\\/\\\/janze-athletisme.fr\\\/wordpress\\\/a-lecoute-des-plus-jeunes-et-de-leurs-idees-pour-le-club\\\/\",\"name\":\"\u00c0 l'\u00e9coute des plus jeunes et de leurs id\u00e9es pour le club - Janz\u00e9 Athl\u00e9tisme\",\"isPartOf\":{\"@id\":\"https:\\\/\\\/janze-athletisme.fr\\\/wordpress\\\/#website\"},\"primaryImageOfPage\":{\"@id\":\"https:\\\/\\\/janze-athletisme.fr\\\/wordpress\\\/a-lecoute-des-plus-jeunes-et-de-leurs-idees-pour-le-club\\\/#primaryimage\"},\"image\":{\"@id\":\"https:\\\/\\\/janze-athletisme.fr\\\/wordpress\\\/a-lecoute-des-plus-jeunes-et-de-leurs-idees-pour-le-club\\\/#primaryimage\"},\"thumbnailUrl\":\"https:\\\/\\\/janze-athletisme.fr\\\/wordpress\\\/wp-content\\\/uploads\\\/2024\\\/10\\\/Commission-Jeunes-1.jpeg\",\"datePublished\":\"2024-10-21T13:42:23+00:00\",\"dateModified\":\"2024-10-28T23:11:50+00:00\",\"breadcrumb\":{\"@id\":\"https:\\\/\\\/janze-athletisme.fr\\\/wordpress\\\/a-lecoute-des-plus-jeunes-et-de-leurs-idees-pour-le-club\\\/#breadcrumb\"},\"inLanguage\":\"fr-FR\",\"potentialAction\":[{\"@type\":\"ReadAction\",\"target\":[\"https:\\\/\\\/janze-athletisme.fr\\\/wordpress\\\/a-lecoute-des-plus-jeunes-et-de-leurs-idees-pour-le-club\\\/\"]}]},{\"@type\":\"ImageObject\",\"inLanguage\":\"fr-FR\",\"@id\":\"https:\\\/\\\/janze-athletisme.fr\\\/wordpress\\\/a-lecoute-des-plus-jeunes-et-de-leurs-idees-pour-le-club\\\/#primaryimage\",\"url\":\"https:\\\/\\\/janze-athletisme.fr\\\/wordpress\\\/wp-content\\\/uploads\\\/2024\\\/10\\\/Commission-Jeunes-1.jpeg\",\"contentUrl\":\"https:\\\/\\\/janze-athletisme.fr\\\/wordpress\\\/wp-content\\\/uploads\\\/2024\\\/10\\\/Commission-Jeunes-1.jpeg\",\"width\":1333,\"height\":1000},{\"@type\":\"BreadcrumbList\",\"@id\":\"https:\\\/\\\/janze-athletisme.fr\\\/wordpress\\\/a-lecoute-des-plus-jeunes-et-de-leurs-idees-pour-le-club\\\/#breadcrumb\",\"itemListElement\":[{\"@type\":\"ListItem\",\"position\":1,\"name\":\"Accueil\",\"item\":\"https:\\\/\\\/janze-athletisme.fr\\\/wordpress\\\/\"},{\"@type\":\"ListItem\",\"position\":2,\"name\":\"\u00c0 l&#8217;\u00e9coute des plus jeunes et de leurs id\u00e9es pour le club\"}]},{\"@type\":\"WebSite\",\"@id\":\"https:\\\/\\\/janze-athletisme.fr\\\/wordpress\\\/#website\",\"url\":\"https:\\\/\\\/janze-athletisme.fr\\\/wordpress\\\/\",\"name\":\"Janz\u00e9 Athl\u00e9tisme\",\"description\":\"Pays de La Roche aux F\u00e9es\",\"publisher\":{\"@id\":\"https:\\\/\\\/janze-athletisme.fr\\\/wordpress\\\/#organization\"},\"potentialAction\":[{\"@type\":\"SearchAction\",\"target\":{\"@type\":\"EntryPoint\",\"urlTemplate\":\"https:\\\/\\\/janze-athletisme.fr\\\/wordpress\\\/?s={search_term_string}\"},\"query-input\":{\"@type\":\"PropertyValueSpecification\",\"valueRequired\":true,\"valueName\":\"search_term_string\"}}],\"inLanguage\":\"fr-FR\"},{\"@type\":\"Organization\",\"@id\":\"https:\\\/\\\/janze-athletisme.fr\\\/wordpress\\\/#organization\",\"name\":\"Janz\u00e9 Athl\u00e9tisme\",\"url\":\"https:\\\/\\\/janze-athletisme.fr\\\/wordpress\\\/\",\"logo\":{\"@type\":\"ImageObject\",\"inLanguage\":\"fr-FR\",\"@id\":\"https:\\\/\\\/janze-athletisme.fr\\\/wordpress\\\/#\\\/schema\\\/logo\\\/image\\\/\",\"url\":\"https:\\\/\\\/janze-athletisme.fr\\\/wordpress\\\/wp-content\\\/uploads\\\/2015\\\/03\\\/logo-full1.jpg\",\"contentUrl\":\"https:\\\/\\\/janze-athletisme.fr\\\/wordpress\\\/wp-content\\\/uploads\\\/2015\\\/03\\\/logo-full1.jpg\",\"width\":437,\"height\":205,\"caption\":\"Janz\u00e9 Athl\u00e9tisme\"},\"image\":{\"@id\":\"https:\\\/\\\/janze-athletisme.fr\\\/wordpress\\\/#\\\/schema\\\/logo\\\/image\\\/\"},\"sameAs\":[\"https:\\\/\\\/www.facebook.com\\\/groups\\\/1007964579346590\"]},{\"@type\":\"Person\",\"@id\":\"https:\\\/\\\/janze-athletisme.fr\\\/wordpress\\\/#\\\/schema\\\/person\\\/c7b063dcfa6234c041d4d9b26cc2ea03\",\"name\":\"Laurent Meunier\",\"image\":{\"@type\":\"ImageObject\",\"inLanguage\":\"fr-FR\",\"@id\":\"https:\\\/\\\/secure.gravatar.com\\\/avatar\\\/dd25d581ad7c3349090f2fa6a9adb6bfa287e6a5dd8a5216a092727cd8749034?s=96&d=mm&r=g\",\"url\":\"https:\\\/\\\/secure.gravatar.com\\\/avatar\\\/dd25d581ad7c3349090f2fa6a9adb6bfa287e6a5dd8a5216a092727cd8749034?s=96&d=mm&r=g\",\"contentUrl\":\"https:\\\/\\\/secure.gravatar.com\\\/avatar\\\/dd25d581ad7c3349090f2fa6a9adb6bfa287e6a5dd8a5216a092727cd8749034?s=96&d=mm&r=g\",\"caption\":\"Laurent Meunier\"},\"url\":\"https:\\\/\\\/janze-athletisme.fr\\\/wordpress\\\/author\\\/laurent-meunier35\\\/\"}]}<\/script>\n<!-- \/ Yoast SEO plugin. -->","yoast_head_json":{"title":"\u00c0 l'\u00e9coute des plus jeunes et de leurs id\u00e9es pour le club - Janz\u00e9 Athl\u00e9tisme","robots":{"index":"index","follow":"follow","max-snippet":"max-snippet:-1","max-image-preview":"max-image-preview:large","max-video-preview":"max-video-preview:-1"},"canonical":"https:\/\/janze-athletisme.fr\/wordpress\/a-lecoute-des-plus-jeunes-et-de-leurs-idees-pour-le-club\/","og_locale":"fr_FR","og_type":"article","og_title":"\u00c0 l'\u00e9coute des plus jeunes et de leurs id\u00e9es pour le club - Janz\u00e9 Athl\u00e9tisme","og_description":"R\u00e9union de la Commission jeunes, samedi 19 octobre Lanc\u00e9e \u00e0 l&rsquo;automne 2023, la commission jeunes (compos\u00e9e de benjamins et minimes pour l&rsquo;essentiel) a produit l&rsquo;an pass\u00e9 l&rsquo;id\u00e9e d&rsquo;une relance du stage de P\u00e2ques, et de son financement (partiel) par la vente de calendriers. Les calendriers se sont bien vendus, le stage a eu lieu et [&hellip;]","og_url":"https:\/\/janze-athletisme.fr\/wordpress\/a-lecoute-des-plus-jeunes-et-de-leurs-idees-pour-le-club\/","og_site_name":"Janz\u00e9 Athl\u00e9tisme","article_publisher":"https:\/\/www.facebook.com\/groups\/1007964579346590","article_published_time":"2024-10-21T13:42:23+00:00","article_modified_time":"2024-10-28T23:11:50+00:00","og_image":[{"width":1333,"height":1000,"url":"https:\/\/janze-athletisme.fr\/wordpress\/wp-content\/uploads\/2024\/10\/Commission-Jeunes-1.jpeg","type":"image\/jpeg"}],"author":"Laurent Meunier","twitter_card":"summary_large_image","twitter_misc":{"\u00c9crit par":"Laurent Meunier","Dur\u00e9e de lecture estim\u00e9e":"2 minutes"},"schema":{"@context":"https:\/\/schema.org","@graph":[{"@type":"Article","@id":"https:\/\/janze-athletisme.fr\/wordpress\/a-lecoute-des-plus-jeunes-et-de-leurs-idees-pour-le-club\/#article","isPartOf":{"@id":"https:\/\/janze-athletisme.fr\/wordpress\/a-lecoute-des-plus-jeunes-et-de-leurs-idees-pour-le-club\/"},"author":{"name":"Laurent Meunier","@id":"https:\/\/janze-athletisme.fr\/wordpress\/#\/schema\/person\/c7b063dcfa6234c041d4d9b26cc2ea03"},"headline":"\u00c0 l&rsquo;\u00e9coute des plus jeunes et de leurs id\u00e9es pour le club","datePublished":"2024-10-21T13:42:23+00:00","dateModified":"2024-10-28T23:11:50+00:00","mainEntityOfPage":{"@id":"https:\/\/janze-athletisme.fr\/wordpress\/a-lecoute-des-plus-jeunes-et-de-leurs-idees-pour-le-club\/"},"wordCount":212,"commentCount":0,"publisher":{"@id":"https:\/\/janze-athletisme.fr\/wordpress\/#organization"},"image":{"@id":"https:\/\/janze-athletisme.fr\/wordpress\/a-lecoute-des-plus-jeunes-et-de-leurs-idees-pour-le-club\/#primaryimage"},"thumbnailUrl":"https:\/\/janze-athletisme.fr\/wordpress\/wp-content\/uploads\/2024\/10\/Commission-Jeunes-1.jpeg","articleSection":["Le club au jour le jour"],"inLanguage":"fr-FR","potentialAction":[{"@type":"CommentAction","name":"Comment","target":["https:\/\/janze-athletisme.fr\/wordpress\/a-lecoute-des-plus-jeunes-et-de-leurs-idees-pour-le-club\/#respond"]}]},{"@type":"WebPage","@id":"https:\/\/janze-athletisme.fr\/wordpress\/a-lecoute-des-plus-jeunes-et-de-leurs-idees-pour-le-club\/","url":"https:\/\/janze-athletisme.fr\/wordpress\/a-lecoute-des-plus-jeunes-et-de-leurs-idees-pour-le-club\/","name":"\u00c0 l'\u00e9coute des plus jeunes et de leurs id\u00e9es pour le club - Janz\u00e9 Athl\u00e9tisme","isPartOf":{"@id":"https:\/\/janze-athletisme.fr\/wordpress\/#website"},"primaryImageOfPage":{"@id":"https:\/\/janze-athletisme.fr\/wordpress\/a-lecoute-des-plus-jeunes-et-de-leurs-idees-pour-le-club\/#primaryimage"},"image":{"@id":"https:\/\/janze-athletisme.fr\/wordpress\/a-lecoute-des-plus-jeunes-et-de-leurs-idees-pour-le-club\/#primaryimage"},"thumbnailUrl":"https:\/\/janze-athletisme.fr\/wordpress\/wp-content\/uploads\/2024\/10\/Commission-Jeunes-1.jpeg","datePublished":"2024-10-21T13:42:23+00:00","dateModified":"2024-10-28T23:11:50+00:00","breadcrumb":{"@id":"https:\/\/janze-athletisme.fr\/wordpress\/a-lecoute-des-plus-jeunes-et-de-leurs-idees-pour-le-club\/#breadcrumb"},"inLanguage":"fr-FR","potentialAction":[{"@type":"ReadAction","target":["https:\/\/janze-athletisme.fr\/wordpress\/a-lecoute-des-plus-jeunes-et-de-leurs-idees-pour-le-club\/"]}]},{"@type":"ImageObject","inLanguage":"fr-FR","@id":"https:\/\/janze-athletisme.fr\/wordpress\/a-lecoute-des-plus-jeunes-et-de-leurs-idees-pour-le-club\/#primaryimage","url":"https:\/\/janze-athletisme.fr\/wordpress\/wp-content\/uploads\/2024\/10\/Commission-Jeunes-1.jpeg","contentUrl":"https:\/\/janze-athletisme.fr\/wordpress\/wp-content\/uploads\/2024\/10\/Commission-Jeunes-1.jpeg","width":1333,"height":1000},{"@type":"BreadcrumbList","@id":"https:\/\/janze-athletisme.fr\/wordpress\/a-lecoute-des-plus-jeunes-et-de-leurs-idees-pour-le-club\/#breadcrumb","itemListElement":[{"@type":"ListItem","position":1,"name":"Accueil","item":"https:\/\/janze-athletisme.fr\/wordpress\/"},{"@type":"ListItem","position":2,"name":"\u00c0 l&#8217;\u00e9coute des plus jeunes et de leurs id\u00e9es pour le club"}]},{"@type":"WebSite","@id":"https:\/\/janze-athletisme.fr\/wordpress\/#website","url":"https:\/\/janze-athletisme.fr\/wordpress\/","name":"Janz\u00e9 Athl\u00e9tisme","description":"Pays de La Roche aux F\u00e9es","publisher":{"@id":"https:\/\/janze-athletisme.fr\/wordpress\/#organization"},"potentialAction":[{"@type":"SearchAction","target":{"@type":"EntryPoint","urlTemplate":"https:\/\/janze-athletisme.fr\/wordpress\/?s={search_term_string}"},"query-input":{"@type":"PropertyValueSpecification","valueRequired":true,"valueName":"search_term_string"}}],"inLanguage":"fr-FR"},{"@type":"Organization","@id":"https:\/\/janze-athletisme.fr\/wordpress\/#organization","name":"Janz\u00e9 Athl\u00e9tisme","url":"https:\/\/janze-athletisme.fr\/wordpress\/","logo":{"@type":"ImageObject","inLanguage":"fr-FR","@id":"https:\/\/janze-athletisme.fr\/wordpress\/#\/schema\/logo\/image\/","url":"https:\/\/janze-athletisme.fr\/wordpress\/wp-content\/uploads\/2015\/03\/logo-full1.jpg","contentUrl":"https:\/\/janze-athletisme.fr\/wordpress\/wp-content\/uploads\/2015\/03\/logo-full1.jpg","width":437,"height":205,"caption":"Janz\u00e9 Athl\u00e9tisme"},"image":{"@id":"https:\/\/janze-athletisme.fr\/wordpress\/#\/schema\/logo\/image\/"},"sameAs":["https:\/\/www.facebook.com\/groups\/1007964579346590"]},{"@type":"Person","@id":"https:\/\/janze-athletisme.fr\/wordpress\/#\/schema\/person\/c7b063dcfa6234c041d4d9b26cc2ea03","name":"Laurent Meunier","image":{"@type":"ImageObject","inLanguage":"fr-FR","@id":"https:\/\/secure.gravatar.com\/avatar\/dd25d581ad7c3349090f2fa6a9adb6bfa287e6a5dd8a5216a092727cd8749034?s=96&d=mm&r=g","url":"https:\/\/secure.gravatar.com\/avatar\/dd25d581ad7c3349090f2fa6a9adb6bfa287e6a5dd8a5216a092727cd8749034?s=96&d=mm&r=g","contentUrl":"https:\/\/secure.gravatar.com\/avatar\/dd25d581ad7c3349090f2fa6a9adb6bfa287e6a5dd8a5216a092727cd8749034?s=96&d=mm&r=g","caption":"Laurent Meunier"},"url":"https:\/\/janze-athletisme.fr\/wordpress\/author\/laurent-meunier35\/"}]}},"uagb_featured_image_src":{"full":["https:\/\/janze-athletisme.fr\/wordpress\/wp-content\/uploads\/2024\/10\/Commission-Jeunes-1.jpeg",1333,1000,false],"thumbnail":["https:\/\/janze-athletisme.fr\/wordpress\/wp-content\/uploads\/2024\/10\/Commission-Jeunes-1-150x150.jpeg",150,150,true],"medium":["https:\/\/janze-athletisme.fr\/wordpress\/wp-content\/uploads\/2024\/10\/Commission-Jeunes-1-300x225.jpeg",300,225,true],"medium_large":["https:\/\/janze-athletisme.fr\/wordpress\/wp-content\/uploads\/2024\/10\/Commission-Jeunes-1-768x576.jpeg",768,576,true],"large":["https:\/\/janze-athletisme.fr\/wordpress\/wp-content\/uploads\/2024\/10\/Commission-Jeunes-1-1024x768.jpeg",1024,768,true],"1536x1536":["https:\/\/janze-athletisme.fr\/wordpress\/wp-content\/uploads\/2024\/10\/Commission-Jeunes-1.jpeg",1333,1000,false],"2048x2048":["https:\/\/janze-athletisme.fr\/wordpress\/wp-content\/uploads\/2024\/10\/Commission-Jeunes-1.jpeg",1333,1000,false]},"uagb_author_info":{"display_name":"Laurent Meunier","author_link":"https:\/\/janze-athletisme.fr\/wordpress\/author\/laurent-meunier35\/"},"uagb_comment_info":0,"uagb_excerpt":"R\u00e9union de la Commission jeunes, samedi 19 octobre Lanc\u00e9e \u00e0 l&rsquo;automne 2023, la commission jeunes (compos\u00e9e de benjamins et minimes pour l&rsquo;essentiel) a produit l&rsquo;an pass\u00e9 l&rsquo;id\u00e9e d&rsquo;une relance du stage de P\u00e2ques, et de son financement (partiel) par la vente de calendriers. Les calendriers se sont bien vendus, le stage a eu lieu et\u2026","_links":{"self":[{"href":"https:\/\/janze-athletisme.fr\/wordpress\/wp-json\/wp\/v2\/posts\/21355","targetHints":{"allow":["GET"]}}],"collection":[{"href":"https:\/\/janze-athletisme.fr\/wordpress\/wp-json\/wp\/v2\/posts"}],"about":[{"href":"https:\/\/janze-athletisme.fr\/wordpress\/wp-json\/wp\/v2\/types\/post"}],"author":[{"embeddable":true,"href":"https:\/\/janze-athletisme.fr\/wordpress\/wp-json\/wp\/v2\/users\/12"}],"replies":[{"embeddable":true,"href":"https:\/\/janze-athletisme.fr\/wordpress\/wp-json\/wp\/v2\/comments?post=21355"}],"version-history":[{"count":2,"href":"https:\/\/janze-athletisme.fr\/wordpress\/wp-json\/wp\/v2\/posts\/21355\/revisions"}],"predecessor-version":[{"id":21496,"href":"https:\/\/janze-athletisme.fr\/wordpress\/wp-json\/wp\/v2\/posts\/21355\/revisions\/21496"}],"wp:featuredmedia":[{"embeddable":true,"href":"https:\/\/janze-athletisme.fr\/wordpress\/wp-json\/wp\/v2\/media\/21357"}],"wp:attachment":[{"href":"https:\/\/janze-athletisme.fr\/wordpress\/wp-json\/wp\/v2\/media?parent=21355"}],"wp:term":[{"taxonomy":"category","embeddable":true,"href":"https:\/\/janze-athletisme.fr\/wordpress\/wp-json\/wp\/v2\/categories?post=21355"},{"taxonomy":"post_tag","embeddable":true,"href":"https:\/\/janze-athletisme.fr\/wordpress\/wp-json\/wp\/v2\/tags?post=21355"}],"curies":[{"name":"wp","href":"https:\/\/api.w.org\/{rel}","templated":true}]}}