{"id":21331,"date":"2024-10-20T17:34:29","date_gmt":"2024-10-20T15:34:29","guid":{"rendered":"https:\/\/janze-athletisme.fr\/wordpress\/?p=21331"},"modified":"2024-10-24T22:15:57","modified_gmt":"2024-10-24T20:15:57","slug":"quatre-finalistes-dont-un-podium-pour-sept-relais-engages","status":"publish","type":"post","link":"https:\/\/janze-athletisme.fr\/wordpress\/quatre-finalistes-dont-un-podium-pour-sept-relais-engages\/","title":{"rendered":"Quatre finalistes (dont un podium) pour sept relais engag\u00e9s !"},"content":{"rendered":"<p><span style=\"font-size: 18pt;\"><strong>Coupe de France des relais, Blois, dimanche 20 octobre<\/strong><\/span><\/p>\n<p><em>Avec sept relais participants, dont un podium et trois finalistes, le bilan de ce week-end de relais \u00e0 Blois est tout \u00e0 fait satisfaisant pour nos couleurs. Avec la pr\u00e9sence d&rsquo;onze Cessonnais, onze Janz\u00e9ens et une Bainaise, ils ont montr\u00e9 de plus la vitalit\u00e9 de notre Entente.<\/em><\/p>\n<p><span style=\"font-size: 14pt;\"><strong>Relais 4 x 200m filles (19<sup>e<\/sup>, \u00e9limin\u00e9 en s\u00e9ries)<\/strong><\/span><\/p>\n<p>Avec 1&rsquo;56&Prime;11, nos quatre Janz\u00e9ennes terminent 7<sup>e<\/sup> de leur s\u00e9rie et 19<sup>e<\/sup> (et dernier temps final cumul\u00e9) de ce 4 x 200m national. C&rsquo;est un chrono correct, \u00e0 29&Prime; de moyenne, et c&rsquo;\u00e9tait bien de tenter l&rsquo;aventure, mais <strong>Manon<\/strong> Le Nard, <strong>Anna<\/strong> Tanguy, <strong>Ma\u00eblys<\/strong> Renoult et <strong>Lou-Ann<\/strong> Bouix mesurent le chemin qui reste \u00e0 parcourir pour rejoindre le haut-niveau national.<\/p>\n<p>Le bon c\u00f4t\u00e9 : le fait d&rsquo;avoir particip\u00e9 une fois devrait leur donner l&rsquo;envie de revenir. Surtout que sur le stade il y avait quand m\u00eame M\u00e9lina Robert-Michon, Alexandra Tavernier, Yann Chaussinand, Renaud Lavillenie, Agathe Guillemot, entre autres\u2026 C&rsquo;est le charme de cette Coupe de France que de m\u00ealer Olympiens et cadets et minimes. C&rsquo;est une super exp\u00e9rience pour nos jeunes !<\/p>\n<p><span style=\"font-size: 14pt;\"><strong>Relais 4 x 200m mixte (17<sup>e<\/sup>, \u00e9limin\u00e9 en s\u00e9ries)<\/strong><\/span><\/p>\n<p>Robin Legouable, Fran\u00e7ois Chevalier (un 200m et quatre 400m durant le week-end !), Sterenn Tanguy et Pauline Le Bihan (tous Cessonnais), avec 1&rsquo;43&Prime;21 terminent 17<sup>e<\/sup> chrono final (sur 18).<\/p>\n<p><span style=\"font-size: 14pt;\"><strong>Relais 4 x 400m Hommes (7<sup>e<\/sup> en finale)<\/strong><\/span><\/p>\n<p>Apr\u00e8s une belle qualification en s\u00e9ries samedi (avec les m\u00eames), le relais EAC termine \u00e0 une belle 7<sup>e<\/sup> place finale (avec Yoann Naudin, Fran\u00e7ois Chevalier, Martin Lambard et Yoann Devaud, tous Cessonnais). 3&rsquo;30&Prime;16 en s\u00e9rie, 3&rsquo;25&Prime;50 en finale. Tr\u00e8s belle perf. Bravo les gar\u00e7ons !<\/p>\n<p><span style=\"font-size: 14pt;\"><strong>Relais 4 x 400m mixte (2<sup>e<\/sup> en finale !)<\/strong><\/span><\/p>\n<p>Le meilleur pour la fin : les trois Duvigneau (Alan, Marie et Lucie), associ\u00e9s \u00e0 Hugo Baudu, r\u00e9alisent la perf du week-end, avec 3&rsquo;33&Prime;30 en finale, dans la foul\u00e9e du Stade Fran\u00e7ais. 3<sup>e<\/sup> l&rsquo;an pass\u00e9, 2<sup>e<\/sup> cette ann\u00e9e, le relais progresse\u2026 Encore un an \u00e0 attendre pour un premier titre qui serait superbe ! En s\u00e9rie, ils avaient r\u00e9alis\u00e9 3&rsquo;34&Prime;19. Week-end de feu !<\/p>\n<p><em><span style=\"font-size: 18pt;\">Rappel des r\u00e9sultats de la veille (voir article de samedi)<\/span><\/em><\/p>\n<p><span style=\"font-size: 14pt;\"><strong>Relais 4 x 1000m CAF (8<sup>e<\/sup> en finale)<\/strong><\/span><\/p>\n<p><span style=\"font-size: 14pt;\"><strong>Relais 4 x 1000m CA-Mixte(15<sup>e<\/sup>)<\/strong><\/span><\/p>\n<p><span style=\"font-size: 14pt;\"><strong>Relais Medley sprint (5<sup>e<\/sup> en finale)<\/strong><\/span><\/p>\n<p><a href=\"https:\/\/janze-athletisme.fr\/wordpress\/wp-content\/uploads\/2024\/10\/Lucie-4x400m-mixte-19oct2024-1.jpg\"><img loading=\"lazy\" decoding=\"async\" class=\"alignnone wp-image-21338\" src=\"https:\/\/janze-athletisme.fr\/wordpress\/wp-content\/uploads\/2024\/10\/Lucie-4x400m-mixte-19oct2024-1-200x300.jpg\" alt=\"\" width=\"171\" height=\"257\" srcset=\"https:\/\/janze-athletisme.fr\/wordpress\/wp-content\/uploads\/2024\/10\/Lucie-4x400m-mixte-19oct2024-1-200x300.jpg 200w, https:\/\/janze-athletisme.fr\/wordpress\/wp-content\/uploads\/2024\/10\/Lucie-4x400m-mixte-19oct2024-1-682x1024.jpg 682w, https:\/\/janze-athletisme.fr\/wordpress\/wp-content\/uploads\/2024\/10\/Lucie-4x400m-mixte-19oct2024-1-768x1153.jpg 768w, https:\/\/janze-athletisme.fr\/wordpress\/wp-content\/uploads\/2024\/10\/Lucie-4x400m-mixte-19oct2024-1.jpg 1000w\" sizes=\"auto, (max-width: 171px) 100vw, 171px\" \/> <\/a><a href=\"https:\/\/janze-athletisme.fr\/wordpress\/wp-content\/uploads\/2024\/10\/Marie-4x400m-mixte-19oct2024-3.jpg\"><img loading=\"lazy\" decoding=\"async\" class=\"alignnone wp-image-21342\" src=\"https:\/\/janze-athletisme.fr\/wordpress\/wp-content\/uploads\/2024\/10\/Marie-4x400m-mixte-19oct2024-3-300x300.jpg\" alt=\"\" width=\"258\" height=\"258\" srcset=\"https:\/\/janze-athletisme.fr\/wordpress\/wp-content\/uploads\/2024\/10\/Marie-4x400m-mixte-19oct2024-3-300x300.jpg 300w, https:\/\/janze-athletisme.fr\/wordpress\/wp-content\/uploads\/2024\/10\/Marie-4x400m-mixte-19oct2024-3-1024x1024.jpg 1024w, https:\/\/janze-athletisme.fr\/wordpress\/wp-content\/uploads\/2024\/10\/Marie-4x400m-mixte-19oct2024-3-150x150.jpg 150w, https:\/\/janze-athletisme.fr\/wordpress\/wp-content\/uploads\/2024\/10\/Marie-4x400m-mixte-19oct2024-3-768x768.jpg 768w, https:\/\/janze-athletisme.fr\/wordpress\/wp-content\/uploads\/2024\/10\/Marie-4x400m-mixte-19oct2024-3.jpg 1200w\" sizes=\"auto, (max-width: 258px) 100vw, 258px\" \/>\u00a0<\/a><a href=\"https:\/\/janze-athletisme.fr\/wordpress\/wp-content\/uploads\/2024\/10\/Alan-4x400m-mixte-19oct2024-2.jpg\"><img loading=\"lazy\" decoding=\"async\" class=\"alignnone wp-image-21334\" src=\"https:\/\/janze-athletisme.fr\/wordpress\/wp-content\/uploads\/2024\/10\/Alan-4x400m-mixte-19oct2024-2-200x300.jpg\" alt=\"\" width=\"173\" height=\"260\" srcset=\"https:\/\/janze-athletisme.fr\/wordpress\/wp-content\/uploads\/2024\/10\/Alan-4x400m-mixte-19oct2024-2-200x300.jpg 200w, https:\/\/janze-athletisme.fr\/wordpress\/wp-content\/uploads\/2024\/10\/Alan-4x400m-mixte-19oct2024-2-683x1024.jpg 683w, https:\/\/janze-athletisme.fr\/wordpress\/wp-content\/uploads\/2024\/10\/Alan-4x400m-mixte-19oct2024-2-768x1151.jpg 768w, https:\/\/janze-athletisme.fr\/wordpress\/wp-content\/uploads\/2024\/10\/Alan-4x400m-mixte-19oct2024-2.jpg 1000w\" sizes=\"auto, (max-width: 173px) 100vw, 173px\" \/><\/a><a href=\"https:\/\/janze-athletisme.fr\/wordpress\/wp-content\/uploads\/2024\/10\/Hugo-4x400m-mixte-19oct2024-4.jpg\"> <img loading=\"lazy\" decoding=\"async\" class=\"alignnone wp-image-21336\" src=\"https:\/\/janze-athletisme.fr\/wordpress\/wp-content\/uploads\/2024\/10\/Hugo-4x400m-mixte-19oct2024-4-200x300.jpg\" alt=\"\" width=\"174\" height=\"261\" srcset=\"https:\/\/janze-athletisme.fr\/wordpress\/wp-content\/uploads\/2024\/10\/Hugo-4x400m-mixte-19oct2024-4-200x300.jpg 200w, https:\/\/janze-athletisme.fr\/wordpress\/wp-content\/uploads\/2024\/10\/Hugo-4x400m-mixte-19oct2024-4-683x1024.jpg 683w, https:\/\/janze-athletisme.fr\/wordpress\/wp-content\/uploads\/2024\/10\/Hugo-4x400m-mixte-19oct2024-4-768x1152.jpg 768w, https:\/\/janze-athletisme.fr\/wordpress\/wp-content\/uploads\/2024\/10\/Hugo-4x400m-mixte-19oct2024-4.jpg 1000w\" sizes=\"auto, (max-width: 174px) 100vw, 174px\" \/><\/a><\/p>\n<p><em><span style=\"font-size: 10pt;\">Avec Lucie, Marie, Alan et Hugo (tous Cessonnais), le 4 x 400m mixte de l&rsquo;EAC est vice-champion de France ! Grosse perf !!!<\/span><\/em><\/p>\n<p><a href=\"https:\/\/janze-athletisme.fr\/wordpress\/wp-content\/uploads\/2024\/10\/Lucie-Marie-Alan-Hugo-4x400m-mixte-19oct2024-2.jpg\"><img loading=\"lazy\" decoding=\"async\" class=\"alignnone wp-image-21339\" src=\"https:\/\/janze-athletisme.fr\/wordpress\/wp-content\/uploads\/2024\/10\/Lucie-Marie-Alan-Hugo-4x400m-mixte-19oct2024-2-300x300.jpg\" alt=\"\" width=\"265\" height=\"265\" srcset=\"https:\/\/janze-athletisme.fr\/wordpress\/wp-content\/uploads\/2024\/10\/Lucie-Marie-Alan-Hugo-4x400m-mixte-19oct2024-2-300x300.jpg 300w, https:\/\/janze-athletisme.fr\/wordpress\/wp-content\/uploads\/2024\/10\/Lucie-Marie-Alan-Hugo-4x400m-mixte-19oct2024-2-1024x1024.jpg 1024w, https:\/\/janze-athletisme.fr\/wordpress\/wp-content\/uploads\/2024\/10\/Lucie-Marie-Alan-Hugo-4x400m-mixte-19oct2024-2-150x150.jpg 150w, https:\/\/janze-athletisme.fr\/wordpress\/wp-content\/uploads\/2024\/10\/Lucie-Marie-Alan-Hugo-4x400m-mixte-19oct2024-2-768x767.jpg 768w, https:\/\/janze-athletisme.fr\/wordpress\/wp-content\/uploads\/2024\/10\/Lucie-Marie-Alan-Hugo-4x400m-mixte-19oct2024-2.jpg 1201w\" sizes=\"auto, (max-width: 265px) 100vw, 265px\" \/><\/a><a href=\"https:\/\/janze-athletisme.fr\/wordpress\/wp-content\/uploads\/2024\/10\/Delphine-precieuse-juge-sauts-19oct2024.jpg\"> <img loading=\"lazy\" decoding=\"async\" class=\"alignnone wp-image-21335\" src=\"https:\/\/janze-athletisme.fr\/wordpress\/wp-content\/uploads\/2024\/10\/Delphine-precieuse-juge-sauts-19oct2024-300x300.jpg\" alt=\"\" width=\"269\" height=\"269\" srcset=\"https:\/\/janze-athletisme.fr\/wordpress\/wp-content\/uploads\/2024\/10\/Delphine-precieuse-juge-sauts-19oct2024-300x300.jpg 300w, https:\/\/janze-athletisme.fr\/wordpress\/wp-content\/uploads\/2024\/10\/Delphine-precieuse-juge-sauts-19oct2024-1024x1024.jpg 1024w, https:\/\/janze-athletisme.fr\/wordpress\/wp-content\/uploads\/2024\/10\/Delphine-precieuse-juge-sauts-19oct2024-150x150.jpg 150w, https:\/\/janze-athletisme.fr\/wordpress\/wp-content\/uploads\/2024\/10\/Delphine-precieuse-juge-sauts-19oct2024-768x767.jpg 768w, https:\/\/janze-athletisme.fr\/wordpress\/wp-content\/uploads\/2024\/10\/Delphine-precieuse-juge-sauts-19oct2024.jpg 1201w\" sizes=\"auto, (max-width: 269px) 100vw, 269px\" \/><\/a><\/p>\n<p><em><span style=\"font-size: 10pt;\">Merci au passage (un grand merci !) \u00e0 Delphine Lebret, juge sauts tout le week-end, qui a permis l&rsquo;engagement de nos \u00e9quipes (le juge \u00e9tait obligatoire).<\/span><\/em><\/p>\n<p><a href=\"https:\/\/janze-athletisme.fr\/wordpress\/wp-content\/uploads\/2024\/10\/Robin-4x400m-19oct2024-1.jpg\"><img loading=\"lazy\" decoding=\"async\" class=\"alignnone wp-image-21344\" src=\"https:\/\/janze-athletisme.fr\/wordpress\/wp-content\/uploads\/2024\/10\/Robin-4x400m-19oct2024-1-200x300.jpg\" alt=\"\" width=\"156\" height=\"234\" srcset=\"https:\/\/janze-athletisme.fr\/wordpress\/wp-content\/uploads\/2024\/10\/Robin-4x400m-19oct2024-1-200x300.jpg 200w, https:\/\/janze-athletisme.fr\/wordpress\/wp-content\/uploads\/2024\/10\/Robin-4x400m-19oct2024-1-683x1024.jpg 683w, https:\/\/janze-athletisme.fr\/wordpress\/wp-content\/uploads\/2024\/10\/Robin-4x400m-19oct2024-1-768x1152.jpg 768w, https:\/\/janze-athletisme.fr\/wordpress\/wp-content\/uploads\/2024\/10\/Robin-4x400m-19oct2024-1.jpg 1000w\" sizes=\"auto, (max-width: 156px) 100vw, 156px\" \/><\/a> <a href=\"https:\/\/janze-athletisme.fr\/wordpress\/wp-content\/uploads\/2024\/10\/Martin-4x400m-19oct2024-1.jpg\"><img loading=\"lazy\" decoding=\"async\" class=\"alignnone wp-image-21343\" src=\"https:\/\/janze-athletisme.fr\/wordpress\/wp-content\/uploads\/2024\/10\/Martin-4x400m-19oct2024-1-200x300.jpg\" alt=\"\" width=\"155\" height=\"233\" srcset=\"https:\/\/janze-athletisme.fr\/wordpress\/wp-content\/uploads\/2024\/10\/Martin-4x400m-19oct2024-1-200x300.jpg 200w, https:\/\/janze-athletisme.fr\/wordpress\/wp-content\/uploads\/2024\/10\/Martin-4x400m-19oct2024-1-684x1024.jpg 684w, https:\/\/janze-athletisme.fr\/wordpress\/wp-content\/uploads\/2024\/10\/Martin-4x400m-19oct2024-1-768x1150.jpg 768w, https:\/\/janze-athletisme.fr\/wordpress\/wp-content\/uploads\/2024\/10\/Martin-4x400m-19oct2024-1.jpg 1000w\" sizes=\"auto, (max-width: 155px) 100vw, 155px\" \/><\/a> <a href=\"https:\/\/janze-athletisme.fr\/wordpress\/wp-content\/uploads\/2024\/10\/Yoann-N-4x400m-19oct2024-4.jpg\"><img loading=\"lazy\" decoding=\"async\" class=\"alignnone wp-image-21346\" src=\"https:\/\/janze-athletisme.fr\/wordpress\/wp-content\/uploads\/2024\/10\/Yoann-N-4x400m-19oct2024-4-300x300.jpg\" alt=\"\" width=\"234\" height=\"234\" srcset=\"https:\/\/janze-athletisme.fr\/wordpress\/wp-content\/uploads\/2024\/10\/Yoann-N-4x400m-19oct2024-4-300x300.jpg 300w, https:\/\/janze-athletisme.fr\/wordpress\/wp-content\/uploads\/2024\/10\/Yoann-N-4x400m-19oct2024-4-1024x1024.jpg 1024w, https:\/\/janze-athletisme.fr\/wordpress\/wp-content\/uploads\/2024\/10\/Yoann-N-4x400m-19oct2024-4-150x150.jpg 150w, https:\/\/janze-athletisme.fr\/wordpress\/wp-content\/uploads\/2024\/10\/Yoann-N-4x400m-19oct2024-4-768x768.jpg 768w, https:\/\/janze-athletisme.fr\/wordpress\/wp-content\/uploads\/2024\/10\/Yoann-N-4x400m-19oct2024-4.jpg 1200w\" sizes=\"auto, (max-width: 234px) 100vw, 234px\" \/>\u00a0<\/a><a href=\"https:\/\/janze-athletisme.fr\/wordpress\/wp-content\/uploads\/2024\/10\/Yoann-D-4x400m-19oct2024-2.jpg\"><img loading=\"lazy\" decoding=\"async\" class=\"alignnone wp-image-21345\" src=\"https:\/\/janze-athletisme.fr\/wordpress\/wp-content\/uploads\/2024\/10\/Yoann-D-4x400m-19oct2024-2-300x300.jpg\" alt=\"\" width=\"236\" height=\"236\" srcset=\"https:\/\/janze-athletisme.fr\/wordpress\/wp-content\/uploads\/2024\/10\/Yoann-D-4x400m-19oct2024-2-300x300.jpg 300w, https:\/\/janze-athletisme.fr\/wordpress\/wp-content\/uploads\/2024\/10\/Yoann-D-4x400m-19oct2024-2-1024x1024.jpg 1024w, https:\/\/janze-athletisme.fr\/wordpress\/wp-content\/uploads\/2024\/10\/Yoann-D-4x400m-19oct2024-2-150x150.jpg 150w, https:\/\/janze-athletisme.fr\/wordpress\/wp-content\/uploads\/2024\/10\/Yoann-D-4x400m-19oct2024-2-768x767.jpg 768w, https:\/\/janze-athletisme.fr\/wordpress\/wp-content\/uploads\/2024\/10\/Yoann-D-4x400m-19oct2024-2.jpg 1201w\" sizes=\"auto, (max-width: 236px) 100vw, 236px\" \/><\/a><\/p>\n<p><em><span style=\"font-size: 10pt;\">Le relais 4 x 400m masculin, avec Robin, Martin et les deux Yoann termine \u00e0 une tr\u00e8s belle 7e place finale.<\/span><\/em><\/p>\n<p><a href=\"https:\/\/janze-athletisme.fr\/wordpress\/wp-content\/uploads\/2024\/10\/Manon-Maelys-Anna-Lou-Ann-4x200m-19oct20244.jpg\"><img loading=\"lazy\" decoding=\"async\" class=\"alignnone wp-image-21341\" src=\"https:\/\/janze-athletisme.fr\/wordpress\/wp-content\/uploads\/2024\/10\/Manon-Maelys-Anna-Lou-Ann-4x200m-19oct20244-300x300.jpg\" alt=\"\" width=\"248\" height=\"248\" srcset=\"https:\/\/janze-athletisme.fr\/wordpress\/wp-content\/uploads\/2024\/10\/Manon-Maelys-Anna-Lou-Ann-4x200m-19oct20244-300x300.jpg 300w, https:\/\/janze-athletisme.fr\/wordpress\/wp-content\/uploads\/2024\/10\/Manon-Maelys-Anna-Lou-Ann-4x200m-19oct20244-1024x1024.jpg 1024w, https:\/\/janze-athletisme.fr\/wordpress\/wp-content\/uploads\/2024\/10\/Manon-Maelys-Anna-Lou-Ann-4x200m-19oct20244-150x150.jpg 150w, https:\/\/janze-athletisme.fr\/wordpress\/wp-content\/uploads\/2024\/10\/Manon-Maelys-Anna-Lou-Ann-4x200m-19oct20244-768x767.jpg 768w, https:\/\/janze-athletisme.fr\/wordpress\/wp-content\/uploads\/2024\/10\/Manon-Maelys-Anna-Lou-Ann-4x200m-19oct20244.jpg 1201w\" sizes=\"auto, (max-width: 248px) 100vw, 248px\" \/> <\/a><a href=\"https:\/\/janze-athletisme.fr\/wordpress\/wp-content\/uploads\/2024\/10\/Maelys-Manon-19oct2024.jpg\"><img loading=\"lazy\" decoding=\"async\" class=\"alignnone wp-image-21340\" src=\"https:\/\/janze-athletisme.fr\/wordpress\/wp-content\/uploads\/2024\/10\/Maelys-Manon-19oct2024-300x200.jpg\" alt=\"\" width=\"267\" height=\"178\" srcset=\"https:\/\/janze-athletisme.fr\/wordpress\/wp-content\/uploads\/2024\/10\/Maelys-Manon-19oct2024-300x200.jpg 300w, https:\/\/janze-athletisme.fr\/wordpress\/wp-content\/uploads\/2024\/10\/Maelys-Manon-19oct2024-1024x682.jpg 1024w, https:\/\/janze-athletisme.fr\/wordpress\/wp-content\/uploads\/2024\/10\/Maelys-Manon-19oct2024-768x512.jpg 768w, https:\/\/janze-athletisme.fr\/wordpress\/wp-content\/uploads\/2024\/10\/Maelys-Manon-19oct2024.jpg 1501w\" sizes=\"auto, (max-width: 267px) 100vw, 267px\" \/><\/a><a href=\"https:\/\/janze-athletisme.fr\/wordpress\/wp-content\/uploads\/2024\/10\/Lou-Ann-Anna-19oct2024-2.jpg\"> <img loading=\"lazy\" decoding=\"async\" class=\"alignnone wp-image-21337\" src=\"https:\/\/janze-athletisme.fr\/wordpress\/wp-content\/uploads\/2024\/10\/Lou-Ann-Anna-19oct2024-2-300x200.jpg\" alt=\"\" width=\"267\" height=\"178\" srcset=\"https:\/\/janze-athletisme.fr\/wordpress\/wp-content\/uploads\/2024\/10\/Lou-Ann-Anna-19oct2024-2-300x200.jpg 300w, https:\/\/janze-athletisme.fr\/wordpress\/wp-content\/uploads\/2024\/10\/Lou-Ann-Anna-19oct2024-2-1024x683.jpg 1024w, https:\/\/janze-athletisme.fr\/wordpress\/wp-content\/uploads\/2024\/10\/Lou-Ann-Anna-19oct2024-2-768x512.jpg 768w, https:\/\/janze-athletisme.fr\/wordpress\/wp-content\/uploads\/2024\/10\/Lou-Ann-Anna-19oct2024-2.jpg 1500w\" sizes=\"auto, (max-width: 267px) 100vw, 267px\" \/><\/a><\/p>\n<p><span style=\"font-size: 10pt;\"><em>Enfin, notre quatuor de Janz\u00e9ennes, <strong>Manon<\/strong>, <strong>Ma\u00eblys<\/strong>, <strong>Anna<\/strong> et <strong>Lou-Ann<\/strong>, qui a pass\u00e9 le week-end \u00e0 Blois, a beaucoup appris au contact du haut niveau. Les filles, qui sont jeunes encore (3 CAF et 1 JUF), ont vu l&rsquo;\u00e9cart qui les en s\u00e9pare mais aussi l&rsquo;envie que \u00e7a g\u00e9n\u00e8re. A vous revoir l&rsquo;an prochain, les filles, et cette fois, qui sait, en finale ?! Pour Lou-Ann, visiblement, c&rsquo;est OK !<\/em><\/span><\/p>\n","protected":false},"excerpt":{"rendered":"<p>Coupe de France des relais, Blois, dimanche 20 octobre Avec sept relais participants, dont un podium et trois finalistes, le bilan de ce week-end de relais \u00e0 Blois est tout \u00e0 fait satisfaisant pour nos couleurs. Avec la pr\u00e9sence d&rsquo;onze Cessonnais, onze Janz\u00e9ens et une Bainaise, ils ont montr\u00e9 de plus la vitalit\u00e9 de notre [&hellip;]<\/p>\n","protected":false},"author":12,"featured_media":21339,"comment_status":"open","ping_status":"open","sticky":false,"template":"","format":"aside","meta":{"_uag_custom_page_level_css":"","site-sidebar-layout":"default","site-content-layout":"","ast-site-content-layout":"default","site-content-style":"default","site-sidebar-style":"default","ast-global-header-display":"","ast-banner-title-visibility":"","ast-main-header-display":"","ast-hfb-above-header-display":"","ast-hfb-below-header-display":"","ast-hfb-mobile-header-display":"","site-post-title":"","ast-breadcrumbs-content":"","ast-featured-img":"","footer-sml-layout":"","ast-disable-related-posts":"","theme-transparent-header-meta":"default","adv-header-id-meta":"","stick-header-meta":"","header-above-stick-meta":"","header-main-stick-meta":"","header-below-stick-meta":"","astra-migrate-meta-layouts":"set","ast-page-background-enabled":"default","ast-page-background-meta":{"desktop":{"background-color":"var(--ast-global-color-4)","background-image":"","background-repeat":"repeat","background-position":"center center","background-size":"auto","background-attachment":"scroll","background-type":"","background-media":"","overlay-type":"","overlay-color":"","overlay-opacity":"","overlay-gradient":""},"tablet":{"background-color":"","background-image":"","background-repeat":"repeat","background-position":"center center","background-size":"auto","background-attachment":"scroll","background-type":"","background-media":"","overlay-type":"","overlay-color":"","overlay-opacity":"","overlay-gradient":""},"mobile":{"background-color":"","background-image":"","background-repeat":"repeat","background-position":"center center","background-size":"auto","background-attachment":"scroll","background-type":"","background-media":"","overlay-type":"","overlay-color":"","overlay-opacity":"","overlay-gradient":""}},"ast-content-background-meta":{"desktop":{"background-color":"var(--ast-global-color-5)","background-image":"","background-repeat":"repeat","background-position":"center center","background-size":"auto","background-attachment":"scroll","background-type":"","background-media":"","overlay-type":"","overlay-color":"","overlay-opacity":"","overlay-gradient":""},"tablet":{"background-color":"var(--ast-global-color-5)","background-image":"","background-repeat":"repeat","background-position":"center center","background-size":"auto","background-attachment":"scroll","background-type":"","background-media":"","overlay-type":"","overlay-color":"","overlay-opacity":"","overlay-gradient":""},"mobile":{"background-color":"var(--ast-global-color-5)","background-image":"","background-repeat":"repeat","background-position":"center center","background-size":"auto","background-attachment":"scroll","background-type":"","background-media":"","overlay-type":"","overlay-color":"","overlay-opacity":"","overlay-gradient":""}},"footnotes":""},"categories":[6],"tags":[],"class_list":["post-21331","post","type-post","status-publish","format-aside","has-post-thumbnail","hentry","category-sections","post_format-post-format-aside"],"yoast_head":"<!-- This site is optimized with the Yoast SEO plugin v27.5 - https:\/\/yoast.com\/product\/yoast-seo-wordpress\/ -->\n<title>Quatre finalistes (dont un podium) pour sept relais engag\u00e9s ! - Janz\u00e9 Athl\u00e9tisme<\/title>\n<meta name=\"robots\" content=\"index, follow, max-snippet:-1, max-image-preview:large, max-video-preview:-1\" \/>\n<link rel=\"canonical\" href=\"https:\/\/janze-athletisme.fr\/wordpress\/quatre-finalistes-dont-un-podium-pour-sept-relais-engages\/\" \/>\n<meta property=\"og:locale\" content=\"fr_FR\" \/>\n<meta property=\"og:type\" content=\"article\" \/>\n<meta property=\"og:title\" content=\"Quatre finalistes (dont un podium) pour sept relais engag\u00e9s ! - Janz\u00e9 Athl\u00e9tisme\" \/>\n<meta property=\"og:description\" content=\"Coupe de France des relais, Blois, dimanche 20 octobre Avec sept relais participants, dont un podium et trois finalistes, le bilan de ce week-end de relais \u00e0 Blois est tout \u00e0 fait satisfaisant pour nos couleurs. Avec la pr\u00e9sence d&rsquo;onze Cessonnais, onze Janz\u00e9ens et une Bainaise, ils ont montr\u00e9 de plus la vitalit\u00e9 de notre [&hellip;]\" \/>\n<meta property=\"og:url\" content=\"https:\/\/janze-athletisme.fr\/wordpress\/quatre-finalistes-dont-un-podium-pour-sept-relais-engages\/\" \/>\n<meta property=\"og:site_name\" content=\"Janz\u00e9 Athl\u00e9tisme\" \/>\n<meta property=\"article:publisher\" content=\"https:\/\/www.facebook.com\/groups\/1007964579346590\" \/>\n<meta property=\"article:published_time\" content=\"2024-10-20T15:34:29+00:00\" \/>\n<meta property=\"article:modified_time\" content=\"2024-10-24T20:15:57+00:00\" \/>\n<meta property=\"og:image\" content=\"https:\/\/janze-athletisme.fr\/wordpress\/wp-content\/uploads\/2024\/10\/Lucie-Marie-Alan-Hugo-4x400m-mixte-19oct2024-2.jpg\" \/>\n\t<meta property=\"og:image:width\" content=\"1201\" \/>\n\t<meta property=\"og:image:height\" content=\"1200\" \/>\n\t<meta property=\"og:image:type\" content=\"image\/jpeg\" \/>\n<meta name=\"author\" content=\"Laurent Meunier\" \/>\n<meta name=\"twitter:card\" content=\"summary_large_image\" \/>\n<meta name=\"twitter:label1\" content=\"\u00c9crit par\" \/>\n\t<meta name=\"twitter:data1\" content=\"Laurent Meunier\" \/>\n\t<meta name=\"twitter:label2\" content=\"Dur\u00e9e de lecture estim\u00e9e\" \/>\n\t<meta name=\"twitter:data2\" content=\"6 minutes\" \/>\n<script type=\"application\/ld+json\" class=\"yoast-schema-graph\">{\"@context\":\"https:\\\/\\\/schema.org\",\"@graph\":[{\"@type\":\"Article\",\"@id\":\"https:\\\/\\\/janze-athletisme.fr\\\/wordpress\\\/quatre-finalistes-dont-un-podium-pour-sept-relais-engages\\\/#article\",\"isPartOf\":{\"@id\":\"https:\\\/\\\/janze-athletisme.fr\\\/wordpress\\\/quatre-finalistes-dont-un-podium-pour-sept-relais-engages\\\/\"},\"author\":{\"name\":\"Laurent Meunier\",\"@id\":\"https:\\\/\\\/janze-athletisme.fr\\\/wordpress\\\/#\\\/schema\\\/person\\\/c7b063dcfa6234c041d4d9b26cc2ea03\"},\"headline\":\"Quatre finalistes (dont un podium) pour sept relais engag\u00e9s !\",\"datePublished\":\"2024-10-20T15:34:29+00:00\",\"dateModified\":\"2024-10-24T20:15:57+00:00\",\"mainEntityOfPage\":{\"@id\":\"https:\\\/\\\/janze-athletisme.fr\\\/wordpress\\\/quatre-finalistes-dont-un-podium-pour-sept-relais-engages\\\/\"},\"wordCount\":537,\"commentCount\":1,\"publisher\":{\"@id\":\"https:\\\/\\\/janze-athletisme.fr\\\/wordpress\\\/#organization\"},\"image\":{\"@id\":\"https:\\\/\\\/janze-athletisme.fr\\\/wordpress\\\/quatre-finalistes-dont-un-podium-pour-sept-relais-engages\\\/#primaryimage\"},\"thumbnailUrl\":\"https:\\\/\\\/janze-athletisme.fr\\\/wordpress\\\/wp-content\\\/uploads\\\/2024\\\/10\\\/Lucie-Marie-Alan-Hugo-4x400m-mixte-19oct2024-2.jpg\",\"articleSection\":[\"Le club au jour le jour\"],\"inLanguage\":\"fr-FR\",\"potentialAction\":[{\"@type\":\"CommentAction\",\"name\":\"Comment\",\"target\":[\"https:\\\/\\\/janze-athletisme.fr\\\/wordpress\\\/quatre-finalistes-dont-un-podium-pour-sept-relais-engages\\\/#respond\"]}]},{\"@type\":\"WebPage\",\"@id\":\"https:\\\/\\\/janze-athletisme.fr\\\/wordpress\\\/quatre-finalistes-dont-un-podium-pour-sept-relais-engages\\\/\",\"url\":\"https:\\\/\\\/janze-athletisme.fr\\\/wordpress\\\/quatre-finalistes-dont-un-podium-pour-sept-relais-engages\\\/\",\"name\":\"Quatre finalistes (dont un podium) pour sept relais engag\u00e9s ! - Janz\u00e9 Athl\u00e9tisme\",\"isPartOf\":{\"@id\":\"https:\\\/\\\/janze-athletisme.fr\\\/wordpress\\\/#website\"},\"primaryImageOfPage\":{\"@id\":\"https:\\\/\\\/janze-athletisme.fr\\\/wordpress\\\/quatre-finalistes-dont-un-podium-pour-sept-relais-engages\\\/#primaryimage\"},\"image\":{\"@id\":\"https:\\\/\\\/janze-athletisme.fr\\\/wordpress\\\/quatre-finalistes-dont-un-podium-pour-sept-relais-engages\\\/#primaryimage\"},\"thumbnailUrl\":\"https:\\\/\\\/janze-athletisme.fr\\\/wordpress\\\/wp-content\\\/uploads\\\/2024\\\/10\\\/Lucie-Marie-Alan-Hugo-4x400m-mixte-19oct2024-2.jpg\",\"datePublished\":\"2024-10-20T15:34:29+00:00\",\"dateModified\":\"2024-10-24T20:15:57+00:00\",\"breadcrumb\":{\"@id\":\"https:\\\/\\\/janze-athletisme.fr\\\/wordpress\\\/quatre-finalistes-dont-un-podium-pour-sept-relais-engages\\\/#breadcrumb\"},\"inLanguage\":\"fr-FR\",\"potentialAction\":[{\"@type\":\"ReadAction\",\"target\":[\"https:\\\/\\\/janze-athletisme.fr\\\/wordpress\\\/quatre-finalistes-dont-un-podium-pour-sept-relais-engages\\\/\"]}]},{\"@type\":\"ImageObject\",\"inLanguage\":\"fr-FR\",\"@id\":\"https:\\\/\\\/janze-athletisme.fr\\\/wordpress\\\/quatre-finalistes-dont-un-podium-pour-sept-relais-engages\\\/#primaryimage\",\"url\":\"https:\\\/\\\/janze-athletisme.fr\\\/wordpress\\\/wp-content\\\/uploads\\\/2024\\\/10\\\/Lucie-Marie-Alan-Hugo-4x400m-mixte-19oct2024-2.jpg\",\"contentUrl\":\"https:\\\/\\\/janze-athletisme.fr\\\/wordpress\\\/wp-content\\\/uploads\\\/2024\\\/10\\\/Lucie-Marie-Alan-Hugo-4x400m-mixte-19oct2024-2.jpg\",\"width\":1201,\"height\":1200},{\"@type\":\"BreadcrumbList\",\"@id\":\"https:\\\/\\\/janze-athletisme.fr\\\/wordpress\\\/quatre-finalistes-dont-un-podium-pour-sept-relais-engages\\\/#breadcrumb\",\"itemListElement\":[{\"@type\":\"ListItem\",\"position\":1,\"name\":\"Accueil\",\"item\":\"https:\\\/\\\/janze-athletisme.fr\\\/wordpress\\\/\"},{\"@type\":\"ListItem\",\"position\":2,\"name\":\"Quatre finalistes (dont un podium) pour sept relais engag\u00e9s !\"}]},{\"@type\":\"WebSite\",\"@id\":\"https:\\\/\\\/janze-athletisme.fr\\\/wordpress\\\/#website\",\"url\":\"https:\\\/\\\/janze-athletisme.fr\\\/wordpress\\\/\",\"name\":\"Janz\u00e9 Athl\u00e9tisme\",\"description\":\"Pays de La Roche aux F\u00e9es\",\"publisher\":{\"@id\":\"https:\\\/\\\/janze-athletisme.fr\\\/wordpress\\\/#organization\"},\"potentialAction\":[{\"@type\":\"SearchAction\",\"target\":{\"@type\":\"EntryPoint\",\"urlTemplate\":\"https:\\\/\\\/janze-athletisme.fr\\\/wordpress\\\/?s={search_term_string}\"},\"query-input\":{\"@type\":\"PropertyValueSpecification\",\"valueRequired\":true,\"valueName\":\"search_term_string\"}}],\"inLanguage\":\"fr-FR\"},{\"@type\":\"Organization\",\"@id\":\"https:\\\/\\\/janze-athletisme.fr\\\/wordpress\\\/#organization\",\"name\":\"Janz\u00e9 Athl\u00e9tisme\",\"url\":\"https:\\\/\\\/janze-athletisme.fr\\\/wordpress\\\/\",\"logo\":{\"@type\":\"ImageObject\",\"inLanguage\":\"fr-FR\",\"@id\":\"https:\\\/\\\/janze-athletisme.fr\\\/wordpress\\\/#\\\/schema\\\/logo\\\/image\\\/\",\"url\":\"https:\\\/\\\/janze-athletisme.fr\\\/wordpress\\\/wp-content\\\/uploads\\\/2015\\\/03\\\/logo-full1.jpg\",\"contentUrl\":\"https:\\\/\\\/janze-athletisme.fr\\\/wordpress\\\/wp-content\\\/uploads\\\/2015\\\/03\\\/logo-full1.jpg\",\"width\":437,\"height\":205,\"caption\":\"Janz\u00e9 Athl\u00e9tisme\"},\"image\":{\"@id\":\"https:\\\/\\\/janze-athletisme.fr\\\/wordpress\\\/#\\\/schema\\\/logo\\\/image\\\/\"},\"sameAs\":[\"https:\\\/\\\/www.facebook.com\\\/groups\\\/1007964579346590\"]},{\"@type\":\"Person\",\"@id\":\"https:\\\/\\\/janze-athletisme.fr\\\/wordpress\\\/#\\\/schema\\\/person\\\/c7b063dcfa6234c041d4d9b26cc2ea03\",\"name\":\"Laurent Meunier\",\"image\":{\"@type\":\"ImageObject\",\"inLanguage\":\"fr-FR\",\"@id\":\"https:\\\/\\\/secure.gravatar.com\\\/avatar\\\/dd25d581ad7c3349090f2fa6a9adb6bfa287e6a5dd8a5216a092727cd8749034?s=96&d=mm&r=g\",\"url\":\"https:\\\/\\\/secure.gravatar.com\\\/avatar\\\/dd25d581ad7c3349090f2fa6a9adb6bfa287e6a5dd8a5216a092727cd8749034?s=96&d=mm&r=g\",\"contentUrl\":\"https:\\\/\\\/secure.gravatar.com\\\/avatar\\\/dd25d581ad7c3349090f2fa6a9adb6bfa287e6a5dd8a5216a092727cd8749034?s=96&d=mm&r=g\",\"caption\":\"Laurent Meunier\"},\"url\":\"https:\\\/\\\/janze-athletisme.fr\\\/wordpress\\\/author\\\/laurent-meunier35\\\/\"}]}<\/script>\n<!-- \/ Yoast SEO plugin. -->","yoast_head_json":{"title":"Quatre finalistes (dont un podium) pour sept relais engag\u00e9s ! - Janz\u00e9 Athl\u00e9tisme","robots":{"index":"index","follow":"follow","max-snippet":"max-snippet:-1","max-image-preview":"max-image-preview:large","max-video-preview":"max-video-preview:-1"},"canonical":"https:\/\/janze-athletisme.fr\/wordpress\/quatre-finalistes-dont-un-podium-pour-sept-relais-engages\/","og_locale":"fr_FR","og_type":"article","og_title":"Quatre finalistes (dont un podium) pour sept relais engag\u00e9s ! - Janz\u00e9 Athl\u00e9tisme","og_description":"Coupe de France des relais, Blois, dimanche 20 octobre Avec sept relais participants, dont un podium et trois finalistes, le bilan de ce week-end de relais \u00e0 Blois est tout \u00e0 fait satisfaisant pour nos couleurs. Avec la pr\u00e9sence d&rsquo;onze Cessonnais, onze Janz\u00e9ens et une Bainaise, ils ont montr\u00e9 de plus la vitalit\u00e9 de notre [&hellip;]","og_url":"https:\/\/janze-athletisme.fr\/wordpress\/quatre-finalistes-dont-un-podium-pour-sept-relais-engages\/","og_site_name":"Janz\u00e9 Athl\u00e9tisme","article_publisher":"https:\/\/www.facebook.com\/groups\/1007964579346590","article_published_time":"2024-10-20T15:34:29+00:00","article_modified_time":"2024-10-24T20:15:57+00:00","og_image":[{"width":1201,"height":1200,"url":"https:\/\/janze-athletisme.fr\/wordpress\/wp-content\/uploads\/2024\/10\/Lucie-Marie-Alan-Hugo-4x400m-mixte-19oct2024-2.jpg","type":"image\/jpeg"}],"author":"Laurent Meunier","twitter_card":"summary_large_image","twitter_misc":{"\u00c9crit par":"Laurent Meunier","Dur\u00e9e de lecture estim\u00e9e":"6 minutes"},"schema":{"@context":"https:\/\/schema.org","@graph":[{"@type":"Article","@id":"https:\/\/janze-athletisme.fr\/wordpress\/quatre-finalistes-dont-un-podium-pour-sept-relais-engages\/#article","isPartOf":{"@id":"https:\/\/janze-athletisme.fr\/wordpress\/quatre-finalistes-dont-un-podium-pour-sept-relais-engages\/"},"author":{"name":"Laurent Meunier","@id":"https:\/\/janze-athletisme.fr\/wordpress\/#\/schema\/person\/c7b063dcfa6234c041d4d9b26cc2ea03"},"headline":"Quatre finalistes (dont un podium) pour sept relais engag\u00e9s !","datePublished":"2024-10-20T15:34:29+00:00","dateModified":"2024-10-24T20:15:57+00:00","mainEntityOfPage":{"@id":"https:\/\/janze-athletisme.fr\/wordpress\/quatre-finalistes-dont-un-podium-pour-sept-relais-engages\/"},"wordCount":537,"commentCount":1,"publisher":{"@id":"https:\/\/janze-athletisme.fr\/wordpress\/#organization"},"image":{"@id":"https:\/\/janze-athletisme.fr\/wordpress\/quatre-finalistes-dont-un-podium-pour-sept-relais-engages\/#primaryimage"},"thumbnailUrl":"https:\/\/janze-athletisme.fr\/wordpress\/wp-content\/uploads\/2024\/10\/Lucie-Marie-Alan-Hugo-4x400m-mixte-19oct2024-2.jpg","articleSection":["Le club au jour le jour"],"inLanguage":"fr-FR","potentialAction":[{"@type":"CommentAction","name":"Comment","target":["https:\/\/janze-athletisme.fr\/wordpress\/quatre-finalistes-dont-un-podium-pour-sept-relais-engages\/#respond"]}]},{"@type":"WebPage","@id":"https:\/\/janze-athletisme.fr\/wordpress\/quatre-finalistes-dont-un-podium-pour-sept-relais-engages\/","url":"https:\/\/janze-athletisme.fr\/wordpress\/quatre-finalistes-dont-un-podium-pour-sept-relais-engages\/","name":"Quatre finalistes (dont un podium) pour sept relais engag\u00e9s ! - Janz\u00e9 Athl\u00e9tisme","isPartOf":{"@id":"https:\/\/janze-athletisme.fr\/wordpress\/#website"},"primaryImageOfPage":{"@id":"https:\/\/janze-athletisme.fr\/wordpress\/quatre-finalistes-dont-un-podium-pour-sept-relais-engages\/#primaryimage"},"image":{"@id":"https:\/\/janze-athletisme.fr\/wordpress\/quatre-finalistes-dont-un-podium-pour-sept-relais-engages\/#primaryimage"},"thumbnailUrl":"https:\/\/janze-athletisme.fr\/wordpress\/wp-content\/uploads\/2024\/10\/Lucie-Marie-Alan-Hugo-4x400m-mixte-19oct2024-2.jpg","datePublished":"2024-10-20T15:34:29+00:00","dateModified":"2024-10-24T20:15:57+00:00","breadcrumb":{"@id":"https:\/\/janze-athletisme.fr\/wordpress\/quatre-finalistes-dont-un-podium-pour-sept-relais-engages\/#breadcrumb"},"inLanguage":"fr-FR","potentialAction":[{"@type":"ReadAction","target":["https:\/\/janze-athletisme.fr\/wordpress\/quatre-finalistes-dont-un-podium-pour-sept-relais-engages\/"]}]},{"@type":"ImageObject","inLanguage":"fr-FR","@id":"https:\/\/janze-athletisme.fr\/wordpress\/quatre-finalistes-dont-un-podium-pour-sept-relais-engages\/#primaryimage","url":"https:\/\/janze-athletisme.fr\/wordpress\/wp-content\/uploads\/2024\/10\/Lucie-Marie-Alan-Hugo-4x400m-mixte-19oct2024-2.jpg","contentUrl":"https:\/\/janze-athletisme.fr\/wordpress\/wp-content\/uploads\/2024\/10\/Lucie-Marie-Alan-Hugo-4x400m-mixte-19oct2024-2.jpg","width":1201,"height":1200},{"@type":"BreadcrumbList","@id":"https:\/\/janze-athletisme.fr\/wordpress\/quatre-finalistes-dont-un-podium-pour-sept-relais-engages\/#breadcrumb","itemListElement":[{"@type":"ListItem","position":1,"name":"Accueil","item":"https:\/\/janze-athletisme.fr\/wordpress\/"},{"@type":"ListItem","position":2,"name":"Quatre finalistes (dont un podium) pour sept relais engag\u00e9s !"}]},{"@type":"WebSite","@id":"https:\/\/janze-athletisme.fr\/wordpress\/#website","url":"https:\/\/janze-athletisme.fr\/wordpress\/","name":"Janz\u00e9 Athl\u00e9tisme","description":"Pays de La Roche aux F\u00e9es","publisher":{"@id":"https:\/\/janze-athletisme.fr\/wordpress\/#organization"},"potentialAction":[{"@type":"SearchAction","target":{"@type":"EntryPoint","urlTemplate":"https:\/\/janze-athletisme.fr\/wordpress\/?s={search_term_string}"},"query-input":{"@type":"PropertyValueSpecification","valueRequired":true,"valueName":"search_term_string"}}],"inLanguage":"fr-FR"},{"@type":"Organization","@id":"https:\/\/janze-athletisme.fr\/wordpress\/#organization","name":"Janz\u00e9 Athl\u00e9tisme","url":"https:\/\/janze-athletisme.fr\/wordpress\/","logo":{"@type":"ImageObject","inLanguage":"fr-FR","@id":"https:\/\/janze-athletisme.fr\/wordpress\/#\/schema\/logo\/image\/","url":"https:\/\/janze-athletisme.fr\/wordpress\/wp-content\/uploads\/2015\/03\/logo-full1.jpg","contentUrl":"https:\/\/janze-athletisme.fr\/wordpress\/wp-content\/uploads\/2015\/03\/logo-full1.jpg","width":437,"height":205,"caption":"Janz\u00e9 Athl\u00e9tisme"},"image":{"@id":"https:\/\/janze-athletisme.fr\/wordpress\/#\/schema\/logo\/image\/"},"sameAs":["https:\/\/www.facebook.com\/groups\/1007964579346590"]},{"@type":"Person","@id":"https:\/\/janze-athletisme.fr\/wordpress\/#\/schema\/person\/c7b063dcfa6234c041d4d9b26cc2ea03","name":"Laurent Meunier","image":{"@type":"ImageObject","inLanguage":"fr-FR","@id":"https:\/\/secure.gravatar.com\/avatar\/dd25d581ad7c3349090f2fa6a9adb6bfa287e6a5dd8a5216a092727cd8749034?s=96&d=mm&r=g","url":"https:\/\/secure.gravatar.com\/avatar\/dd25d581ad7c3349090f2fa6a9adb6bfa287e6a5dd8a5216a092727cd8749034?s=96&d=mm&r=g","contentUrl":"https:\/\/secure.gravatar.com\/avatar\/dd25d581ad7c3349090f2fa6a9adb6bfa287e6a5dd8a5216a092727cd8749034?s=96&d=mm&r=g","caption":"Laurent Meunier"},"url":"https:\/\/janze-athletisme.fr\/wordpress\/author\/laurent-meunier35\/"}]}},"uagb_featured_image_src":{"full":["https:\/\/janze-athletisme.fr\/wordpress\/wp-content\/uploads\/2024\/10\/Lucie-Marie-Alan-Hugo-4x400m-mixte-19oct2024-2.jpg",1201,1200,false],"thumbnail":["https:\/\/janze-athletisme.fr\/wordpress\/wp-content\/uploads\/2024\/10\/Lucie-Marie-Alan-Hugo-4x400m-mixte-19oct2024-2-150x150.jpg",150,150,true],"medium":["https:\/\/janze-athletisme.fr\/wordpress\/wp-content\/uploads\/2024\/10\/Lucie-Marie-Alan-Hugo-4x400m-mixte-19oct2024-2-300x300.jpg",300,300,true],"medium_large":["https:\/\/janze-athletisme.fr\/wordpress\/wp-content\/uploads\/2024\/10\/Lucie-Marie-Alan-Hugo-4x400m-mixte-19oct2024-2-768x767.jpg",768,767,true],"large":["https:\/\/janze-athletisme.fr\/wordpress\/wp-content\/uploads\/2024\/10\/Lucie-Marie-Alan-Hugo-4x400m-mixte-19oct2024-2-1024x1024.jpg",1024,1024,true],"1536x1536":["https:\/\/janze-athletisme.fr\/wordpress\/wp-content\/uploads\/2024\/10\/Lucie-Marie-Alan-Hugo-4x400m-mixte-19oct2024-2.jpg",1201,1200,false],"2048x2048":["https:\/\/janze-athletisme.fr\/wordpress\/wp-content\/uploads\/2024\/10\/Lucie-Marie-Alan-Hugo-4x400m-mixte-19oct2024-2.jpg",1201,1200,false]},"uagb_author_info":{"display_name":"Laurent Meunier","author_link":"https:\/\/janze-athletisme.fr\/wordpress\/author\/laurent-meunier35\/"},"uagb_comment_info":1,"uagb_excerpt":"Coupe de France des relais, Blois, dimanche 20 octobre Avec sept relais participants, dont un podium et trois finalistes, le bilan de ce week-end de relais \u00e0 Blois est tout \u00e0 fait satisfaisant pour nos couleurs. Avec la pr\u00e9sence d&rsquo;onze Cessonnais, onze Janz\u00e9ens et une Bainaise, ils ont montr\u00e9 de plus la vitalit\u00e9 de notre\u2026","_links":{"self":[{"href":"https:\/\/janze-athletisme.fr\/wordpress\/wp-json\/wp\/v2\/posts\/21331","targetHints":{"allow":["GET"]}}],"collection":[{"href":"https:\/\/janze-athletisme.fr\/wordpress\/wp-json\/wp\/v2\/posts"}],"about":[{"href":"https:\/\/janze-athletisme.fr\/wordpress\/wp-json\/wp\/v2\/types\/post"}],"author":[{"embeddable":true,"href":"https:\/\/janze-athletisme.fr\/wordpress\/wp-json\/wp\/v2\/users\/12"}],"replies":[{"embeddable":true,"href":"https:\/\/janze-athletisme.fr\/wordpress\/wp-json\/wp\/v2\/comments?post=21331"}],"version-history":[{"count":6,"href":"https:\/\/janze-athletisme.fr\/wordpress\/wp-json\/wp\/v2\/posts\/21331\/revisions"}],"predecessor-version":[{"id":21403,"href":"https:\/\/janze-athletisme.fr\/wordpress\/wp-json\/wp\/v2\/posts\/21331\/revisions\/21403"}],"wp:featuredmedia":[{"embeddable":true,"href":"https:\/\/janze-athletisme.fr\/wordpress\/wp-json\/wp\/v2\/media\/21339"}],"wp:attachment":[{"href":"https:\/\/janze-athletisme.fr\/wordpress\/wp-json\/wp\/v2\/media?parent=21331"}],"wp:term":[{"taxonomy":"category","embeddable":true,"href":"https:\/\/janze-athletisme.fr\/wordpress\/wp-json\/wp\/v2\/categories?post=21331"},{"taxonomy":"post_tag","embeddable":true,"href":"https:\/\/janze-athletisme.fr\/wordpress\/wp-json\/wp\/v2\/tags?post=21331"}],"curies":[{"name":"wp","href":"https:\/\/api.w.org\/{rel}","templated":true}]}}