{"id":21283,"date":"2024-10-19T23:36:19","date_gmt":"2024-10-19T21:36:19","guid":{"rendered":"https:\/\/janze-athletisme.fr\/wordpress\/?p=21283"},"modified":"2024-10-20T21:53:50","modified_gmt":"2024-10-20T19:53:50","slug":"le-4-x-1000m-caf-8e-equipe-francaise","status":"publish","type":"post","link":"https:\/\/janze-athletisme.fr\/wordpress\/le-4-x-1000m-caf-8e-equipe-francaise\/","title":{"rendered":"Le 4 x 1000m CAF 8e \u00e9quipe fran\u00e7aise !"},"content":{"rendered":"<p><span style=\"font-size: 24pt;\"><strong>Coupe de France des Relais, Blois, samedi 19 octobre<\/strong><\/span><\/p>\n<p>Difficile d&rsquo;encha\u00eener les \u00e9ch\u00e9ances, alors que la saison invite \u00e0 ralentir le rythme et \u00e0 prendre des forces pour l&rsquo;hiver\u2026 Pour nos jeunes pistards du demi-fond, Il y a eu le tour Interclubs Avenir, Tout Rennes Court, un meeting HBA, une course sur route ou un trail, et il y a Saint-Omer qui arrive. Au milieu de tout cela, il fallait encore se mobiliser pour la Coupe de France des Relais, qui se d\u00e9roule \u00e0 Blois tout le week-end avec le gratin national du demi-fond jeunes pr\u00e9sent.<\/p>\n<p>Les ambitions \u00e9taient donc mesur\u00e9es : tenir son rang pour le 4 x 1000m cadettes (8<sup>e<\/sup> relais national sur la liste d&rsquo;engagement) et d\u00e9couvrir le haut niveau pour le jeune relais 4 x 1000m mixte (deux cadettes \/ deux cadets). \u00c0 noter que le 4 x 1000 cadets \u00e9tait \u00e9galement qualifiable, mais trois des quatre gar\u00e7ons pressentis allant \u00e0 Saint-Omer dans huit jours \u00e7a commen\u00e7ait \u00e0 faire beaucoup. \u00c0 noter que sur ces douze athl\u00e8tes susceptibles de participer \u00e0 ces championnats de France de relais, onze sont Janz\u00e9ens. C&rsquo;est brillant, jeunes gens, bravo !<\/p>\n<p><span style=\"font-size: 14pt;\"><strong>Le 4 x 1000m CAF tient son rang (8<sup>e<\/sup> \u00e9quipe nationale)<\/strong><\/span><\/p>\n<p>Le premier en piste de nos deux relais Janz\u00e9ens \u00e9tait celui des filles. Footing dans la for\u00eat domaniale voisine, acc\u00e9l\u00e9rations et gammes sur le stade bis, puis passage en chambre d&rsquo;appel. On en profite pour mettre ses pointes et se pr\u00e9parer mentalement. Enfin on l\u00e2che les fauves dans l&rsquo;ar\u00e8ne. 17 \u00e9quipes au d\u00e9part, pr\u00eates \u00e0 en d\u00e9coudre. Les dossards 1 et 3 sont au d\u00e9part, les 2 et 4 aux 200m. L&rsquo;ordre est bien d\u00e9fini et les filles ont pr\u00e9par\u00e9 leurs passages. N\u00e9anmoins l&rsquo;affluence leur jouera des tours : \u00e0 la bagarre avec leurs adversaires directes, il y a eu quelques coups de pointes et des coups de coudes un peu chauds.<\/p>\n<p>La pluie, une belle petite pluie drue, avec de jolies flaques sur le premier couloir, les a accompagn\u00e9es tout du long. Bref, des conditions pas top pour performer, mais notre relais \u00e9tait compos\u00e9 de filles commen\u00e7ant \u00e0 avoir de la bouteille, et globalement elles ont bien fait le job. Rose Mah\u00e9 (Bain \/ minime 1<sup>\u00e8re<\/sup> ann\u00e9e !) a parfaitement lanc\u00e9 la sarabande (3&rsquo;17), donnant le t\u00e9moin en 6<sup>e<\/sup> position, <strong>Faustine<\/strong> Louaisil a contenu le groupe de chasse (3&rsquo;30, 8<sup>e<\/sup>), <strong>Cl\u00e9mence<\/strong> Lamoureux est bien rest\u00e9e au contact (3&rsquo;33, 8<sup>e<\/sup>) et <strong>L\u00e9a<\/strong> Robert, en charge de relancer, l&rsquo;a tr\u00e8s bien fait, mais, se retrouvant avec les meilleures de chaque \u00e9quipe, n&rsquo;est pas parvenue \u00e0 faire la diff\u00e9rence (3&rsquo;20, 8<sup>e<\/sup>).<\/p>\n<p><a href=\"https:\/\/janze-athletisme.fr\/wordpress\/wp-content\/uploads\/2024\/10\/Resultats-4-x-1000m-CAF.jpg\"><img loading=\"lazy\" decoding=\"async\" class=\"alignnone wp-image-21292\" src=\"https:\/\/janze-athletisme.fr\/wordpress\/wp-content\/uploads\/2024\/10\/Resultats-4-x-1000m-CAF-297x300.jpg\" alt=\"\" width=\"147\" height=\"148\" srcset=\"https:\/\/janze-athletisme.fr\/wordpress\/wp-content\/uploads\/2024\/10\/Resultats-4-x-1000m-CAF-297x300.jpg 297w, https:\/\/janze-athletisme.fr\/wordpress\/wp-content\/uploads\/2024\/10\/Resultats-4-x-1000m-CAF-150x150.jpg 150w, https:\/\/janze-athletisme.fr\/wordpress\/wp-content\/uploads\/2024\/10\/Resultats-4-x-1000m-CAF-768x775.jpg 768w, https:\/\/janze-athletisme.fr\/wordpress\/wp-content\/uploads\/2024\/10\/Resultats-4-x-1000m-CAF.jpg 798w\" sizes=\"auto, (max-width: 147px) 100vw, 147px\" \/><\/a><\/p>\n<p><span style=\"font-size: 14pt;\"><strong>Un 4 x 1000m mixte en mission d\u00e9couverte<\/strong><\/span><\/p>\n<p>La t\u00e2che s&rsquo;est av\u00e9r\u00e9e plus ardue pour le relais mixte cadets\/cadettes. <strong>Ewen<\/strong> Caillaud est parti \u00e0 son allure (3&rsquo;04, 15<sup>e<\/sup>), mais, devant, les gars ont tourn\u00e9 entre 2&rsquo;32 et 2&rsquo;54, ce qui \u00e9tait un peu vite pour lui, <strong>Camille<\/strong> Danet a encha\u00een\u00e9 en 3&rsquo;43 (15<sup>e<\/sup>), <strong>Noah<\/strong> Barill\u00e9 en 3&rsquo;10 (15<sup>e<\/sup>) et <strong>Rose<\/strong> Meyer-Blanchot (minime) a conclu dans un beau 3&rsquo;28, mais est rest\u00e9e 15<sup>e<\/sup> et derni\u00e8re.<\/p>\n<p>Nos jeunes ont vu ce qui les s\u00e9pare encore de la bagarre qu&rsquo;ont connu les filles dans le relais f\u00e9minin. Mais ils ont tous \u00e9t\u00e9 courageux et engag\u00e9s et ont pris de l&rsquo;exp\u00e9rience. Ils savent d\u00e9sormais ce qu&rsquo;ils ont \u00e0 faire pour progresser et flirter avec le niveau national.<\/p>\n<p><span style=\"font-size: 14pt;\"><strong>Trois autres relais EAC en piste ce samedi<\/strong><\/span><\/p>\n<p>Le 4 x 400m Hommes, avec Robin Legouable, Martin Lambard, Yoann Devaud et Yoann Naudin (tous Cessonnais) a fini 4<sup>e<\/sup> de sa s\u00e9rie en 3&rsquo;30&rsquo;16 et s&rsquo;est qualifi\u00e9 pour la finale. Le 4 x 400m mixte, 3<sup>e<\/sup> national en 2023, avec Lucie, Marie, Alan Duvigneau et Hugo Baudu (Cessonnais), a domin\u00e9 sa s\u00e9rie en 3&rsquo;34&Prime;19 et sera difficile \u00e0 battre dimanche en finale. Quant au medley court mixte (100\/200\/300\/400m), avec Yoann Devaud, Pauline Le Bihan, Sterenn Tanguy et Fran\u00e7ois Chevalier en s\u00e9rie, puis Alan Duvigneau, Sterenn Tanguy, Marie Duvigneau et Fran\u00e7ois Chevalier en finale (tous Cessonnais), il termine 4<sup>e<\/sup> de sa s\u00e9rie en 2&rsquo;12&Prime;45, puis 5<sup>e<\/sup> de la finale en 2&rsquo;07&Prime;58.<\/p>\n<p><span style=\"font-size: 14pt;\"><strong>La suite dimanche avec notamment un 4 x 200m Janz\u00e9en<\/strong><\/span><\/p>\n<p>On attend \u00e0 l&rsquo;\u00e9preuve du feu <strong>Manon<\/strong> le Nard, <strong>Ma\u00ebly<\/strong>s Renoult, <strong>Anna<\/strong> Tanguy et <strong>Lou-Ann<\/strong> Bouix pour un 4 x 200m 100% Janz\u00e9en en s\u00e9rie, et esp\u00e9rons-le en finale ce dimanche 20 octobre. La suite demain. On croise les doigts.<\/p>\n<p><span style=\"font-size: 14pt;\"><strong>Premi\u00e8re galerie photos<\/strong><\/span><\/p>\n<p>Celle de Denis Caillaud (grand merci Denis !) : <a href=\"https:\/\/photos.app.goo.gl\/cNp65fhfmuwWmMr9A\">ICI<\/a><\/p>\n<p><a href=\"https:\/\/janze-athletisme.fr\/wordpress\/wp-content\/uploads\/2024\/10\/4x1000m-CAF-19oct2024-8e-equipe-francaise.jpg\"><img loading=\"lazy\" decoding=\"async\" class=\"alignnone wp-image-21284\" src=\"https:\/\/janze-athletisme.fr\/wordpress\/wp-content\/uploads\/2024\/10\/4x1000m-CAF-19oct2024-8e-equipe-francaise-300x200.jpg\" alt=\"\" width=\"391\" height=\"260\" srcset=\"https:\/\/janze-athletisme.fr\/wordpress\/wp-content\/uploads\/2024\/10\/4x1000m-CAF-19oct2024-8e-equipe-francaise-300x200.jpg 300w, https:\/\/janze-athletisme.fr\/wordpress\/wp-content\/uploads\/2024\/10\/4x1000m-CAF-19oct2024-8e-equipe-francaise-1024x683.jpg 1024w, https:\/\/janze-athletisme.fr\/wordpress\/wp-content\/uploads\/2024\/10\/4x1000m-CAF-19oct2024-8e-equipe-francaise-768x512.jpg 768w, https:\/\/janze-athletisme.fr\/wordpress\/wp-content\/uploads\/2024\/10\/4x1000m-CAF-19oct2024-8e-equipe-francaise-1536x1024.jpg 1536w, https:\/\/janze-athletisme.fr\/wordpress\/wp-content\/uploads\/2024\/10\/4x1000m-CAF-19oct2024-8e-equipe-francaise.jpg 1800w\" sizes=\"auto, (max-width: 391px) 100vw, 391px\" \/><\/a> <a href=\"https:\/\/janze-athletisme.fr\/wordpress\/wp-content\/uploads\/2024\/10\/4x1000m-CAMixte-19oct2024.jpg\"><img loading=\"lazy\" decoding=\"async\" class=\"alignnone wp-image-21285\" src=\"https:\/\/janze-athletisme.fr\/wordpress\/wp-content\/uploads\/2024\/10\/4x1000m-CAMixte-19oct2024-300x200.jpg\" alt=\"\" width=\"394\" height=\"262\" srcset=\"https:\/\/janze-athletisme.fr\/wordpress\/wp-content\/uploads\/2024\/10\/4x1000m-CAMixte-19oct2024-300x200.jpg 300w, https:\/\/janze-athletisme.fr\/wordpress\/wp-content\/uploads\/2024\/10\/4x1000m-CAMixte-19oct2024-1024x683.jpg 1024w, https:\/\/janze-athletisme.fr\/wordpress\/wp-content\/uploads\/2024\/10\/4x1000m-CAMixte-19oct2024-768x512.jpg 768w, https:\/\/janze-athletisme.fr\/wordpress\/wp-content\/uploads\/2024\/10\/4x1000m-CAMixte-19oct2024-1536x1024.jpg 1536w, https:\/\/janze-athletisme.fr\/wordpress\/wp-content\/uploads\/2024\/10\/4x1000m-CAMixte-19oct2024.jpg 1800w\" sizes=\"auto, (max-width: 394px) 100vw, 394px\" \/><\/a><\/p>\n<p><span style=\"font-size: 10pt;\"><em>A gauche le 4 x 1000m CAF : 13&rsquo;39&Prime;91 et 3&rsquo;25 de moyenne. Ce n&rsquo;est pas mauvais du tout pour la saison et sous une pluie battante ! Le HBA devant est 4e mais nos filles sont 2e Bretonnes&#8230; <\/em><\/span><span style=\"font-size: 10pt;\"><em>A droite, on attend le chrono d\u00e9finitif (le premier temps donn\u00e9 est erron\u00e9), mais si le relais 4 x 1000m CA Mixte finit bon dernier il s&rsquo;est bien battu jusqu&rsquo;au bout, avec engagement et courage.<br \/>\n<\/em><\/span><\/p>\n<p>&nbsp;<\/p>\n","protected":false},"excerpt":{"rendered":"<p>Coupe de France des Relais, Blois, samedi 19 octobre Difficile d&rsquo;encha\u00eener les \u00e9ch\u00e9ances, alors que la saison invite \u00e0 ralentir le rythme et \u00e0 prendre des forces pour l&rsquo;hiver\u2026 Pour nos jeunes pistards du demi-fond, Il y a eu le tour Interclubs Avenir, Tout Rennes Court, un meeting HBA, une course sur route ou un [&hellip;]<\/p>\n","protected":false},"author":12,"featured_media":21284,"comment_status":"open","ping_status":"open","sticky":false,"template":"","format":"aside","meta":{"_uag_custom_page_level_css":"","site-sidebar-layout":"default","site-content-layout":"","ast-site-content-layout":"default","site-content-style":"default","site-sidebar-style":"default","ast-global-header-display":"","ast-banner-title-visibility":"","ast-main-header-display":"","ast-hfb-above-header-display":"","ast-hfb-below-header-display":"","ast-hfb-mobile-header-display":"","site-post-title":"","ast-breadcrumbs-content":"","ast-featured-img":"","footer-sml-layout":"","ast-disable-related-posts":"","theme-transparent-header-meta":"default","adv-header-id-meta":"","stick-header-meta":"","header-above-stick-meta":"","header-main-stick-meta":"","header-below-stick-meta":"","astra-migrate-meta-layouts":"set","ast-page-background-enabled":"default","ast-page-background-meta":{"desktop":{"background-color":"var(--ast-global-color-4)","background-image":"","background-repeat":"repeat","background-position":"center center","background-size":"auto","background-attachment":"scroll","background-type":"","background-media":"","overlay-type":"","overlay-color":"","overlay-opacity":"","overlay-gradient":""},"tablet":{"background-color":"","background-image":"","background-repeat":"repeat","background-position":"center center","background-size":"auto","background-attachment":"scroll","background-type":"","background-media":"","overlay-type":"","overlay-color":"","overlay-opacity":"","overlay-gradient":""},"mobile":{"background-color":"","background-image":"","background-repeat":"repeat","background-position":"center center","background-size":"auto","background-attachment":"scroll","background-type":"","background-media":"","overlay-type":"","overlay-color":"","overlay-opacity":"","overlay-gradient":""}},"ast-content-background-meta":{"desktop":{"background-color":"var(--ast-global-color-5)","background-image":"","background-repeat":"repeat","background-position":"center center","background-size":"auto","background-attachment":"scroll","background-type":"","background-media":"","overlay-type":"","overlay-color":"","overlay-opacity":"","overlay-gradient":""},"tablet":{"background-color":"var(--ast-global-color-5)","background-image":"","background-repeat":"repeat","background-position":"center center","background-size":"auto","background-attachment":"scroll","background-type":"","background-media":"","overlay-type":"","overlay-color":"","overlay-opacity":"","overlay-gradient":""},"mobile":{"background-color":"var(--ast-global-color-5)","background-image":"","background-repeat":"repeat","background-position":"center center","background-size":"auto","background-attachment":"scroll","background-type":"","background-media":"","overlay-type":"","overlay-color":"","overlay-opacity":"","overlay-gradient":""}},"footnotes":""},"categories":[6],"tags":[],"class_list":["post-21283","post","type-post","status-publish","format-aside","has-post-thumbnail","hentry","category-sections","post_format-post-format-aside"],"yoast_head":"<!-- This site is optimized with the Yoast SEO plugin v27.5 - https:\/\/yoast.com\/product\/yoast-seo-wordpress\/ -->\n<title>Le 4 x 1000m CAF 8e \u00e9quipe fran\u00e7aise ! - Janz\u00e9 Athl\u00e9tisme<\/title>\n<meta name=\"robots\" content=\"index, follow, max-snippet:-1, max-image-preview:large, max-video-preview:-1\" \/>\n<link rel=\"canonical\" href=\"https:\/\/janze-athletisme.fr\/wordpress\/le-4-x-1000m-caf-8e-equipe-francaise\/\" \/>\n<meta property=\"og:locale\" content=\"fr_FR\" \/>\n<meta property=\"og:type\" content=\"article\" \/>\n<meta property=\"og:title\" content=\"Le 4 x 1000m CAF 8e \u00e9quipe fran\u00e7aise ! - Janz\u00e9 Athl\u00e9tisme\" \/>\n<meta property=\"og:description\" content=\"Coupe de France des Relais, Blois, samedi 19 octobre Difficile d&rsquo;encha\u00eener les \u00e9ch\u00e9ances, alors que la saison invite \u00e0 ralentir le rythme et \u00e0 prendre des forces pour l&rsquo;hiver\u2026 Pour nos jeunes pistards du demi-fond, Il y a eu le tour Interclubs Avenir, Tout Rennes Court, un meeting HBA, une course sur route ou un [&hellip;]\" \/>\n<meta property=\"og:url\" content=\"https:\/\/janze-athletisme.fr\/wordpress\/le-4-x-1000m-caf-8e-equipe-francaise\/\" \/>\n<meta property=\"og:site_name\" content=\"Janz\u00e9 Athl\u00e9tisme\" \/>\n<meta property=\"article:publisher\" content=\"https:\/\/www.facebook.com\/groups\/1007964579346590\" \/>\n<meta property=\"article:published_time\" content=\"2024-10-19T21:36:19+00:00\" \/>\n<meta property=\"article:modified_time\" content=\"2024-10-20T19:53:50+00:00\" \/>\n<meta property=\"og:image\" content=\"https:\/\/janze-athletisme.fr\/wordpress\/wp-content\/uploads\/2024\/10\/4x1000m-CAF-19oct2024-8e-equipe-francaise.jpg\" \/>\n\t<meta property=\"og:image:width\" content=\"1800\" \/>\n\t<meta property=\"og:image:height\" content=\"1200\" \/>\n\t<meta property=\"og:image:type\" content=\"image\/jpeg\" \/>\n<meta name=\"author\" content=\"Laurent Meunier\" \/>\n<meta name=\"twitter:card\" content=\"summary_large_image\" \/>\n<meta name=\"twitter:label1\" content=\"\u00c9crit par\" \/>\n\t<meta name=\"twitter:data1\" content=\"Laurent Meunier\" \/>\n\t<meta name=\"twitter:label2\" content=\"Dur\u00e9e de lecture estim\u00e9e\" \/>\n\t<meta name=\"twitter:data2\" content=\"5 minutes\" \/>\n<script type=\"application\/ld+json\" class=\"yoast-schema-graph\">{\"@context\":\"https:\\\/\\\/schema.org\",\"@graph\":[{\"@type\":\"Article\",\"@id\":\"https:\\\/\\\/janze-athletisme.fr\\\/wordpress\\\/le-4-x-1000m-caf-8e-equipe-francaise\\\/#article\",\"isPartOf\":{\"@id\":\"https:\\\/\\\/janze-athletisme.fr\\\/wordpress\\\/le-4-x-1000m-caf-8e-equipe-francaise\\\/\"},\"author\":{\"name\":\"Laurent Meunier\",\"@id\":\"https:\\\/\\\/janze-athletisme.fr\\\/wordpress\\\/#\\\/schema\\\/person\\\/c7b063dcfa6234c041d4d9b26cc2ea03\"},\"headline\":\"Le 4 x 1000m CAF 8e \u00e9quipe fran\u00e7aise !\",\"datePublished\":\"2024-10-19T21:36:19+00:00\",\"dateModified\":\"2024-10-20T19:53:50+00:00\",\"mainEntityOfPage\":{\"@id\":\"https:\\\/\\\/janze-athletisme.fr\\\/wordpress\\\/le-4-x-1000m-caf-8e-equipe-francaise\\\/\"},\"wordCount\":833,\"commentCount\":2,\"publisher\":{\"@id\":\"https:\\\/\\\/janze-athletisme.fr\\\/wordpress\\\/#organization\"},\"image\":{\"@id\":\"https:\\\/\\\/janze-athletisme.fr\\\/wordpress\\\/le-4-x-1000m-caf-8e-equipe-francaise\\\/#primaryimage\"},\"thumbnailUrl\":\"https:\\\/\\\/janze-athletisme.fr\\\/wordpress\\\/wp-content\\\/uploads\\\/2024\\\/10\\\/4x1000m-CAF-19oct2024-8e-equipe-francaise.jpg\",\"articleSection\":[\"Le club au jour le jour\"],\"inLanguage\":\"fr-FR\",\"potentialAction\":[{\"@type\":\"CommentAction\",\"name\":\"Comment\",\"target\":[\"https:\\\/\\\/janze-athletisme.fr\\\/wordpress\\\/le-4-x-1000m-caf-8e-equipe-francaise\\\/#respond\"]}]},{\"@type\":\"WebPage\",\"@id\":\"https:\\\/\\\/janze-athletisme.fr\\\/wordpress\\\/le-4-x-1000m-caf-8e-equipe-francaise\\\/\",\"url\":\"https:\\\/\\\/janze-athletisme.fr\\\/wordpress\\\/le-4-x-1000m-caf-8e-equipe-francaise\\\/\",\"name\":\"Le 4 x 1000m CAF 8e \u00e9quipe fran\u00e7aise ! - Janz\u00e9 Athl\u00e9tisme\",\"isPartOf\":{\"@id\":\"https:\\\/\\\/janze-athletisme.fr\\\/wordpress\\\/#website\"},\"primaryImageOfPage\":{\"@id\":\"https:\\\/\\\/janze-athletisme.fr\\\/wordpress\\\/le-4-x-1000m-caf-8e-equipe-francaise\\\/#primaryimage\"},\"image\":{\"@id\":\"https:\\\/\\\/janze-athletisme.fr\\\/wordpress\\\/le-4-x-1000m-caf-8e-equipe-francaise\\\/#primaryimage\"},\"thumbnailUrl\":\"https:\\\/\\\/janze-athletisme.fr\\\/wordpress\\\/wp-content\\\/uploads\\\/2024\\\/10\\\/4x1000m-CAF-19oct2024-8e-equipe-francaise.jpg\",\"datePublished\":\"2024-10-19T21:36:19+00:00\",\"dateModified\":\"2024-10-20T19:53:50+00:00\",\"breadcrumb\":{\"@id\":\"https:\\\/\\\/janze-athletisme.fr\\\/wordpress\\\/le-4-x-1000m-caf-8e-equipe-francaise\\\/#breadcrumb\"},\"inLanguage\":\"fr-FR\",\"potentialAction\":[{\"@type\":\"ReadAction\",\"target\":[\"https:\\\/\\\/janze-athletisme.fr\\\/wordpress\\\/le-4-x-1000m-caf-8e-equipe-francaise\\\/\"]}]},{\"@type\":\"ImageObject\",\"inLanguage\":\"fr-FR\",\"@id\":\"https:\\\/\\\/janze-athletisme.fr\\\/wordpress\\\/le-4-x-1000m-caf-8e-equipe-francaise\\\/#primaryimage\",\"url\":\"https:\\\/\\\/janze-athletisme.fr\\\/wordpress\\\/wp-content\\\/uploads\\\/2024\\\/10\\\/4x1000m-CAF-19oct2024-8e-equipe-francaise.jpg\",\"contentUrl\":\"https:\\\/\\\/janze-athletisme.fr\\\/wordpress\\\/wp-content\\\/uploads\\\/2024\\\/10\\\/4x1000m-CAF-19oct2024-8e-equipe-francaise.jpg\",\"width\":1800,\"height\":1200},{\"@type\":\"BreadcrumbList\",\"@id\":\"https:\\\/\\\/janze-athletisme.fr\\\/wordpress\\\/le-4-x-1000m-caf-8e-equipe-francaise\\\/#breadcrumb\",\"itemListElement\":[{\"@type\":\"ListItem\",\"position\":1,\"name\":\"Accueil\",\"item\":\"https:\\\/\\\/janze-athletisme.fr\\\/wordpress\\\/\"},{\"@type\":\"ListItem\",\"position\":2,\"name\":\"Le 4 x 1000m CAF 8e \u00e9quipe fran\u00e7aise !\"}]},{\"@type\":\"WebSite\",\"@id\":\"https:\\\/\\\/janze-athletisme.fr\\\/wordpress\\\/#website\",\"url\":\"https:\\\/\\\/janze-athletisme.fr\\\/wordpress\\\/\",\"name\":\"Janz\u00e9 Athl\u00e9tisme\",\"description\":\"Pays de La Roche aux F\u00e9es\",\"publisher\":{\"@id\":\"https:\\\/\\\/janze-athletisme.fr\\\/wordpress\\\/#organization\"},\"potentialAction\":[{\"@type\":\"SearchAction\",\"target\":{\"@type\":\"EntryPoint\",\"urlTemplate\":\"https:\\\/\\\/janze-athletisme.fr\\\/wordpress\\\/?s={search_term_string}\"},\"query-input\":{\"@type\":\"PropertyValueSpecification\",\"valueRequired\":true,\"valueName\":\"search_term_string\"}}],\"inLanguage\":\"fr-FR\"},{\"@type\":\"Organization\",\"@id\":\"https:\\\/\\\/janze-athletisme.fr\\\/wordpress\\\/#organization\",\"name\":\"Janz\u00e9 Athl\u00e9tisme\",\"url\":\"https:\\\/\\\/janze-athletisme.fr\\\/wordpress\\\/\",\"logo\":{\"@type\":\"ImageObject\",\"inLanguage\":\"fr-FR\",\"@id\":\"https:\\\/\\\/janze-athletisme.fr\\\/wordpress\\\/#\\\/schema\\\/logo\\\/image\\\/\",\"url\":\"https:\\\/\\\/janze-athletisme.fr\\\/wordpress\\\/wp-content\\\/uploads\\\/2015\\\/03\\\/logo-full1.jpg\",\"contentUrl\":\"https:\\\/\\\/janze-athletisme.fr\\\/wordpress\\\/wp-content\\\/uploads\\\/2015\\\/03\\\/logo-full1.jpg\",\"width\":437,\"height\":205,\"caption\":\"Janz\u00e9 Athl\u00e9tisme\"},\"image\":{\"@id\":\"https:\\\/\\\/janze-athletisme.fr\\\/wordpress\\\/#\\\/schema\\\/logo\\\/image\\\/\"},\"sameAs\":[\"https:\\\/\\\/www.facebook.com\\\/groups\\\/1007964579346590\"]},{\"@type\":\"Person\",\"@id\":\"https:\\\/\\\/janze-athletisme.fr\\\/wordpress\\\/#\\\/schema\\\/person\\\/c7b063dcfa6234c041d4d9b26cc2ea03\",\"name\":\"Laurent Meunier\",\"image\":{\"@type\":\"ImageObject\",\"inLanguage\":\"fr-FR\",\"@id\":\"https:\\\/\\\/secure.gravatar.com\\\/avatar\\\/dd25d581ad7c3349090f2fa6a9adb6bfa287e6a5dd8a5216a092727cd8749034?s=96&d=mm&r=g\",\"url\":\"https:\\\/\\\/secure.gravatar.com\\\/avatar\\\/dd25d581ad7c3349090f2fa6a9adb6bfa287e6a5dd8a5216a092727cd8749034?s=96&d=mm&r=g\",\"contentUrl\":\"https:\\\/\\\/secure.gravatar.com\\\/avatar\\\/dd25d581ad7c3349090f2fa6a9adb6bfa287e6a5dd8a5216a092727cd8749034?s=96&d=mm&r=g\",\"caption\":\"Laurent Meunier\"},\"url\":\"https:\\\/\\\/janze-athletisme.fr\\\/wordpress\\\/author\\\/laurent-meunier35\\\/\"}]}<\/script>\n<!-- \/ Yoast SEO plugin. -->","yoast_head_json":{"title":"Le 4 x 1000m CAF 8e \u00e9quipe fran\u00e7aise ! - Janz\u00e9 Athl\u00e9tisme","robots":{"index":"index","follow":"follow","max-snippet":"max-snippet:-1","max-image-preview":"max-image-preview:large","max-video-preview":"max-video-preview:-1"},"canonical":"https:\/\/janze-athletisme.fr\/wordpress\/le-4-x-1000m-caf-8e-equipe-francaise\/","og_locale":"fr_FR","og_type":"article","og_title":"Le 4 x 1000m CAF 8e \u00e9quipe fran\u00e7aise ! - Janz\u00e9 Athl\u00e9tisme","og_description":"Coupe de France des Relais, Blois, samedi 19 octobre Difficile d&rsquo;encha\u00eener les \u00e9ch\u00e9ances, alors que la saison invite \u00e0 ralentir le rythme et \u00e0 prendre des forces pour l&rsquo;hiver\u2026 Pour nos jeunes pistards du demi-fond, Il y a eu le tour Interclubs Avenir, Tout Rennes Court, un meeting HBA, une course sur route ou un [&hellip;]","og_url":"https:\/\/janze-athletisme.fr\/wordpress\/le-4-x-1000m-caf-8e-equipe-francaise\/","og_site_name":"Janz\u00e9 Athl\u00e9tisme","article_publisher":"https:\/\/www.facebook.com\/groups\/1007964579346590","article_published_time":"2024-10-19T21:36:19+00:00","article_modified_time":"2024-10-20T19:53:50+00:00","og_image":[{"width":1800,"height":1200,"url":"https:\/\/janze-athletisme.fr\/wordpress\/wp-content\/uploads\/2024\/10\/4x1000m-CAF-19oct2024-8e-equipe-francaise.jpg","type":"image\/jpeg"}],"author":"Laurent Meunier","twitter_card":"summary_large_image","twitter_misc":{"\u00c9crit par":"Laurent Meunier","Dur\u00e9e de lecture estim\u00e9e":"5 minutes"},"schema":{"@context":"https:\/\/schema.org","@graph":[{"@type":"Article","@id":"https:\/\/janze-athletisme.fr\/wordpress\/le-4-x-1000m-caf-8e-equipe-francaise\/#article","isPartOf":{"@id":"https:\/\/janze-athletisme.fr\/wordpress\/le-4-x-1000m-caf-8e-equipe-francaise\/"},"author":{"name":"Laurent Meunier","@id":"https:\/\/janze-athletisme.fr\/wordpress\/#\/schema\/person\/c7b063dcfa6234c041d4d9b26cc2ea03"},"headline":"Le 4 x 1000m CAF 8e \u00e9quipe fran\u00e7aise !","datePublished":"2024-10-19T21:36:19+00:00","dateModified":"2024-10-20T19:53:50+00:00","mainEntityOfPage":{"@id":"https:\/\/janze-athletisme.fr\/wordpress\/le-4-x-1000m-caf-8e-equipe-francaise\/"},"wordCount":833,"commentCount":2,"publisher":{"@id":"https:\/\/janze-athletisme.fr\/wordpress\/#organization"},"image":{"@id":"https:\/\/janze-athletisme.fr\/wordpress\/le-4-x-1000m-caf-8e-equipe-francaise\/#primaryimage"},"thumbnailUrl":"https:\/\/janze-athletisme.fr\/wordpress\/wp-content\/uploads\/2024\/10\/4x1000m-CAF-19oct2024-8e-equipe-francaise.jpg","articleSection":["Le club au jour le jour"],"inLanguage":"fr-FR","potentialAction":[{"@type":"CommentAction","name":"Comment","target":["https:\/\/janze-athletisme.fr\/wordpress\/le-4-x-1000m-caf-8e-equipe-francaise\/#respond"]}]},{"@type":"WebPage","@id":"https:\/\/janze-athletisme.fr\/wordpress\/le-4-x-1000m-caf-8e-equipe-francaise\/","url":"https:\/\/janze-athletisme.fr\/wordpress\/le-4-x-1000m-caf-8e-equipe-francaise\/","name":"Le 4 x 1000m CAF 8e \u00e9quipe fran\u00e7aise ! - Janz\u00e9 Athl\u00e9tisme","isPartOf":{"@id":"https:\/\/janze-athletisme.fr\/wordpress\/#website"},"primaryImageOfPage":{"@id":"https:\/\/janze-athletisme.fr\/wordpress\/le-4-x-1000m-caf-8e-equipe-francaise\/#primaryimage"},"image":{"@id":"https:\/\/janze-athletisme.fr\/wordpress\/le-4-x-1000m-caf-8e-equipe-francaise\/#primaryimage"},"thumbnailUrl":"https:\/\/janze-athletisme.fr\/wordpress\/wp-content\/uploads\/2024\/10\/4x1000m-CAF-19oct2024-8e-equipe-francaise.jpg","datePublished":"2024-10-19T21:36:19+00:00","dateModified":"2024-10-20T19:53:50+00:00","breadcrumb":{"@id":"https:\/\/janze-athletisme.fr\/wordpress\/le-4-x-1000m-caf-8e-equipe-francaise\/#breadcrumb"},"inLanguage":"fr-FR","potentialAction":[{"@type":"ReadAction","target":["https:\/\/janze-athletisme.fr\/wordpress\/le-4-x-1000m-caf-8e-equipe-francaise\/"]}]},{"@type":"ImageObject","inLanguage":"fr-FR","@id":"https:\/\/janze-athletisme.fr\/wordpress\/le-4-x-1000m-caf-8e-equipe-francaise\/#primaryimage","url":"https:\/\/janze-athletisme.fr\/wordpress\/wp-content\/uploads\/2024\/10\/4x1000m-CAF-19oct2024-8e-equipe-francaise.jpg","contentUrl":"https:\/\/janze-athletisme.fr\/wordpress\/wp-content\/uploads\/2024\/10\/4x1000m-CAF-19oct2024-8e-equipe-francaise.jpg","width":1800,"height":1200},{"@type":"BreadcrumbList","@id":"https:\/\/janze-athletisme.fr\/wordpress\/le-4-x-1000m-caf-8e-equipe-francaise\/#breadcrumb","itemListElement":[{"@type":"ListItem","position":1,"name":"Accueil","item":"https:\/\/janze-athletisme.fr\/wordpress\/"},{"@type":"ListItem","position":2,"name":"Le 4 x 1000m CAF 8e \u00e9quipe fran\u00e7aise !"}]},{"@type":"WebSite","@id":"https:\/\/janze-athletisme.fr\/wordpress\/#website","url":"https:\/\/janze-athletisme.fr\/wordpress\/","name":"Janz\u00e9 Athl\u00e9tisme","description":"Pays de La Roche aux F\u00e9es","publisher":{"@id":"https:\/\/janze-athletisme.fr\/wordpress\/#organization"},"potentialAction":[{"@type":"SearchAction","target":{"@type":"EntryPoint","urlTemplate":"https:\/\/janze-athletisme.fr\/wordpress\/?s={search_term_string}"},"query-input":{"@type":"PropertyValueSpecification","valueRequired":true,"valueName":"search_term_string"}}],"inLanguage":"fr-FR"},{"@type":"Organization","@id":"https:\/\/janze-athletisme.fr\/wordpress\/#organization","name":"Janz\u00e9 Athl\u00e9tisme","url":"https:\/\/janze-athletisme.fr\/wordpress\/","logo":{"@type":"ImageObject","inLanguage":"fr-FR","@id":"https:\/\/janze-athletisme.fr\/wordpress\/#\/schema\/logo\/image\/","url":"https:\/\/janze-athletisme.fr\/wordpress\/wp-content\/uploads\/2015\/03\/logo-full1.jpg","contentUrl":"https:\/\/janze-athletisme.fr\/wordpress\/wp-content\/uploads\/2015\/03\/logo-full1.jpg","width":437,"height":205,"caption":"Janz\u00e9 Athl\u00e9tisme"},"image":{"@id":"https:\/\/janze-athletisme.fr\/wordpress\/#\/schema\/logo\/image\/"},"sameAs":["https:\/\/www.facebook.com\/groups\/1007964579346590"]},{"@type":"Person","@id":"https:\/\/janze-athletisme.fr\/wordpress\/#\/schema\/person\/c7b063dcfa6234c041d4d9b26cc2ea03","name":"Laurent Meunier","image":{"@type":"ImageObject","inLanguage":"fr-FR","@id":"https:\/\/secure.gravatar.com\/avatar\/dd25d581ad7c3349090f2fa6a9adb6bfa287e6a5dd8a5216a092727cd8749034?s=96&d=mm&r=g","url":"https:\/\/secure.gravatar.com\/avatar\/dd25d581ad7c3349090f2fa6a9adb6bfa287e6a5dd8a5216a092727cd8749034?s=96&d=mm&r=g","contentUrl":"https:\/\/secure.gravatar.com\/avatar\/dd25d581ad7c3349090f2fa6a9adb6bfa287e6a5dd8a5216a092727cd8749034?s=96&d=mm&r=g","caption":"Laurent Meunier"},"url":"https:\/\/janze-athletisme.fr\/wordpress\/author\/laurent-meunier35\/"}]}},"uagb_featured_image_src":{"full":["https:\/\/janze-athletisme.fr\/wordpress\/wp-content\/uploads\/2024\/10\/4x1000m-CAF-19oct2024-8e-equipe-francaise.jpg",1800,1200,false],"thumbnail":["https:\/\/janze-athletisme.fr\/wordpress\/wp-content\/uploads\/2024\/10\/4x1000m-CAF-19oct2024-8e-equipe-francaise-150x150.jpg",150,150,true],"medium":["https:\/\/janze-athletisme.fr\/wordpress\/wp-content\/uploads\/2024\/10\/4x1000m-CAF-19oct2024-8e-equipe-francaise-300x200.jpg",300,200,true],"medium_large":["https:\/\/janze-athletisme.fr\/wordpress\/wp-content\/uploads\/2024\/10\/4x1000m-CAF-19oct2024-8e-equipe-francaise-768x512.jpg",768,512,true],"large":["https:\/\/janze-athletisme.fr\/wordpress\/wp-content\/uploads\/2024\/10\/4x1000m-CAF-19oct2024-8e-equipe-francaise-1024x683.jpg",1024,683,true],"1536x1536":["https:\/\/janze-athletisme.fr\/wordpress\/wp-content\/uploads\/2024\/10\/4x1000m-CAF-19oct2024-8e-equipe-francaise-1536x1024.jpg",1536,1024,true],"2048x2048":["https:\/\/janze-athletisme.fr\/wordpress\/wp-content\/uploads\/2024\/10\/4x1000m-CAF-19oct2024-8e-equipe-francaise.jpg",1800,1200,false]},"uagb_author_info":{"display_name":"Laurent Meunier","author_link":"https:\/\/janze-athletisme.fr\/wordpress\/author\/laurent-meunier35\/"},"uagb_comment_info":2,"uagb_excerpt":"Coupe de France des Relais, Blois, samedi 19 octobre Difficile d&rsquo;encha\u00eener les \u00e9ch\u00e9ances, alors que la saison invite \u00e0 ralentir le rythme et \u00e0 prendre des forces pour l&rsquo;hiver\u2026 Pour nos jeunes pistards du demi-fond, Il y a eu le tour Interclubs Avenir, Tout Rennes Court, un meeting HBA, une course sur route ou un\u2026","_links":{"self":[{"href":"https:\/\/janze-athletisme.fr\/wordpress\/wp-json\/wp\/v2\/posts\/21283","targetHints":{"allow":["GET"]}}],"collection":[{"href":"https:\/\/janze-athletisme.fr\/wordpress\/wp-json\/wp\/v2\/posts"}],"about":[{"href":"https:\/\/janze-athletisme.fr\/wordpress\/wp-json\/wp\/v2\/types\/post"}],"author":[{"embeddable":true,"href":"https:\/\/janze-athletisme.fr\/wordpress\/wp-json\/wp\/v2\/users\/12"}],"replies":[{"embeddable":true,"href":"https:\/\/janze-athletisme.fr\/wordpress\/wp-json\/wp\/v2\/comments?post=21283"}],"version-history":[{"count":10,"href":"https:\/\/janze-athletisme.fr\/wordpress\/wp-json\/wp\/v2\/posts\/21283\/revisions"}],"predecessor-version":[{"id":21350,"href":"https:\/\/janze-athletisme.fr\/wordpress\/wp-json\/wp\/v2\/posts\/21283\/revisions\/21350"}],"wp:featuredmedia":[{"embeddable":true,"href":"https:\/\/janze-athletisme.fr\/wordpress\/wp-json\/wp\/v2\/media\/21284"}],"wp:attachment":[{"href":"https:\/\/janze-athletisme.fr\/wordpress\/wp-json\/wp\/v2\/media?parent=21283"}],"wp:term":[{"taxonomy":"category","embeddable":true,"href":"https:\/\/janze-athletisme.fr\/wordpress\/wp-json\/wp\/v2\/categories?post=21283"},{"taxonomy":"post_tag","embeddable":true,"href":"https:\/\/janze-athletisme.fr\/wordpress\/wp-json\/wp\/v2\/tags?post=21283"}],"curies":[{"name":"wp","href":"https:\/\/api.w.org\/{rel}","templated":true}]}}