{"id":21277,"date":"2024-10-17T23:34:32","date_gmt":"2024-10-17T21:34:32","guid":{"rendered":"https:\/\/janze-athletisme.fr\/wordpress\/?p=21277"},"modified":"2024-11-02T23:23:04","modified_gmt":"2024-11-02T22:23:04","slug":"petit-coup-doeil-dans-le-retro","status":"publish","type":"post","link":"https:\/\/janze-athletisme.fr\/wordpress\/petit-coup-doeil-dans-le-retro\/","title":{"rendered":"Petit coup d\u2019\u0153il dans le r\u00e9tro"},"content":{"rendered":"<p><span style=\"font-size: 18pt\"><strong>Le saviez-vous ?<\/strong><\/span><\/p>\n<p>La r\u00e9cente AG du club a \u00e9t\u00e9 l&rsquo;occasion de se plonger dans les archives de l&rsquo;ann\u00e9e \u00e9coul\u00e9e et de sortir les calculettes. On a ainsi trouv\u00e9 que Janz\u00e9 Athl\u00e9, en 2023\/2024, c&rsquo;est :<\/p>\n<ul>\n<li>36 m\u00e9dailles d\u00e9partementales, en salle et en plein air, dont 10 titres (<strong>Sharleen<\/strong>, <strong>Justine<\/strong> x 2, <strong>Jules<\/strong> x 2, <strong>Thibault<\/strong>, <strong>L\u00e9a<\/strong>, <strong>Bastien<\/strong>, <strong>Augustin<\/strong>, <strong>Mathis M<\/strong>) (<em>54\/11 l&rsquo;ann\u00e9e d&rsquo;avant<\/em>)<\/li>\n<li>15 m\u00e9dailles r\u00e9gionales, dont 3 titres (<strong>Bastien<\/strong>, <strong>Esteban B<\/strong>, <strong>Jules<\/strong>) (<em>11\/1<\/em>)<\/li>\n<li>20 participant.es \u00e0 des Championnats de France FFA, sur route, sur piste et en cross, individuellement ou en relais (<strong>Bastien<\/strong> x 2, <strong>Enzo<\/strong>, <strong>Jules<\/strong>, <strong>L\u00e9a<\/strong>, <strong>Bertille<\/strong>, <strong>L\u00e9o<\/strong>, <strong>Rapha\u00ebl<\/strong> x 2, <strong>Esteban B,<\/strong> <strong>Liya<\/strong>, <strong>Wilfrid<\/strong> x 2, <strong>Fred B<\/strong> x 2, <strong>Mathieu<\/strong> x 2, <strong>Fr\u00e9d\u00e9rique<\/strong>, <strong>Maryse<\/strong>, <strong>Ana<\/strong>).<\/li>\n<li>1 athl\u00e8te class\u00e9 au niveau national (<strong>Bastien<\/strong>), 6 \u00e0 un niveau interr\u00e9gional (<strong>Basile<\/strong>, <strong>L\u00e9a<\/strong>, <strong>Quentin<\/strong>, <strong>Justine<\/strong>, <strong>Lou<\/strong>, <strong>Augustin<\/strong>), 42 \u00e0 un niveau r\u00e9gional (19 filles, 23 gar\u00e7ons) (<em>1\/5\/42-20\/22<\/em>)<\/li>\n<li>43 records du club battus (<em>50 la saison pr\u00e9c\u00e9dente<\/em>)<\/li>\n<li>Des m\u00e9dailles scolaires et universitaires en nombre, dont 1 titre national UGSEL (<strong>Manon<\/strong>).<\/li>\n<\/ul>\n<p>Objectif 2024-2025 ? Faire mieux !<\/p>\n","protected":false},"excerpt":{"rendered":"<p>Le saviez-vous ? La r\u00e9cente AG du club a \u00e9t\u00e9 l&rsquo;occasion de se plonger dans les archives de l&rsquo;ann\u00e9e \u00e9coul\u00e9e et de sortir les calculettes. On a ainsi trouv\u00e9 que Janz\u00e9 Athl\u00e9, en 2023\/2024, c&rsquo;est : 36 m\u00e9dailles d\u00e9partementales, en salle et en plein air, dont 10 titres (Sharleen, Justine x 2, Jules x 2, [&hellip;]<\/p>\n","protected":false},"author":12,"featured_media":21278,"comment_status":"open","ping_status":"open","sticky":false,"template":"","format":"aside","meta":{"_uag_custom_page_level_css":"","site-sidebar-layout":"default","site-content-layout":"","ast-site-content-layout":"default","site-content-style":"default","site-sidebar-style":"default","ast-global-header-display":"","ast-banner-title-visibility":"","ast-main-header-display":"","ast-hfb-above-header-display":"","ast-hfb-below-header-display":"","ast-hfb-mobile-header-display":"","site-post-title":"","ast-breadcrumbs-content":"","ast-featured-img":"","footer-sml-layout":"","ast-disable-related-posts":"","theme-transparent-header-meta":"default","adv-header-id-meta":"","stick-header-meta":"","header-above-stick-meta":"","header-main-stick-meta":"","header-below-stick-meta":"","astra-migrate-meta-layouts":"set","ast-page-background-enabled":"default","ast-page-background-meta":{"desktop":{"background-color":"var(--ast-global-color-4)","background-image":"","background-repeat":"repeat","background-position":"center center","background-size":"auto","background-attachment":"scroll","background-type":"","background-media":"","overlay-type":"","overlay-color":"","overlay-opacity":"","overlay-gradient":""},"tablet":{"background-color":"","background-image":"","background-repeat":"repeat","background-position":"center center","background-size":"auto","background-attachment":"scroll","background-type":"","background-media":"","overlay-type":"","overlay-color":"","overlay-opacity":"","overlay-gradient":""},"mobile":{"background-color":"","background-image":"","background-repeat":"repeat","background-position":"center center","background-size":"auto","background-attachment":"scroll","background-type":"","background-media":"","overlay-type":"","overlay-color":"","overlay-opacity":"","overlay-gradient":""}},"ast-content-background-meta":{"desktop":{"background-color":"var(--ast-global-color-5)","background-image":"","background-repeat":"repeat","background-position":"center center","background-size":"auto","background-attachment":"scroll","background-type":"","background-media":"","overlay-type":"","overlay-color":"","overlay-opacity":"","overlay-gradient":""},"tablet":{"background-color":"var(--ast-global-color-5)","background-image":"","background-repeat":"repeat","background-position":"center center","background-size":"auto","background-attachment":"scroll","background-type":"","background-media":"","overlay-type":"","overlay-color":"","overlay-opacity":"","overlay-gradient":""},"mobile":{"background-color":"var(--ast-global-color-5)","background-image":"","background-repeat":"repeat","background-position":"center center","background-size":"auto","background-attachment":"scroll","background-type":"","background-media":"","overlay-type":"","overlay-color":"","overlay-opacity":"","overlay-gradient":""}},"footnotes":""},"categories":[6],"tags":[],"class_list":["post-21277","post","type-post","status-publish","format-aside","has-post-thumbnail","hentry","category-sections","post_format-post-format-aside"],"yoast_head":"<!-- This site is optimized with the Yoast SEO plugin v27.5 - https:\/\/yoast.com\/product\/yoast-seo-wordpress\/ -->\n<title>Petit coup d\u2019\u0153il dans le r\u00e9tro - Janz\u00e9 Athl\u00e9tisme<\/title>\n<meta name=\"robots\" content=\"index, follow, max-snippet:-1, max-image-preview:large, max-video-preview:-1\" \/>\n<link rel=\"canonical\" href=\"https:\/\/janze-athletisme.fr\/wordpress\/petit-coup-doeil-dans-le-retro\/\" \/>\n<meta property=\"og:locale\" content=\"fr_FR\" \/>\n<meta property=\"og:type\" content=\"article\" \/>\n<meta property=\"og:title\" content=\"Petit coup d\u2019\u0153il dans le r\u00e9tro - Janz\u00e9 Athl\u00e9tisme\" \/>\n<meta property=\"og:description\" content=\"Le saviez-vous ? La r\u00e9cente AG du club a \u00e9t\u00e9 l&rsquo;occasion de se plonger dans les archives de l&rsquo;ann\u00e9e \u00e9coul\u00e9e et de sortir les calculettes. On a ainsi trouv\u00e9 que Janz\u00e9 Athl\u00e9, en 2023\/2024, c&rsquo;est : 36 m\u00e9dailles d\u00e9partementales, en salle et en plein air, dont 10 titres (Sharleen, Justine x 2, Jules x 2, [&hellip;]\" \/>\n<meta property=\"og:url\" content=\"https:\/\/janze-athletisme.fr\/wordpress\/petit-coup-doeil-dans-le-retro\/\" \/>\n<meta property=\"og:site_name\" content=\"Janz\u00e9 Athl\u00e9tisme\" \/>\n<meta property=\"article:publisher\" content=\"https:\/\/www.facebook.com\/groups\/1007964579346590\" \/>\n<meta property=\"article:published_time\" content=\"2024-10-17T21:34:32+00:00\" \/>\n<meta property=\"article:modified_time\" content=\"2024-11-02T22:23:04+00:00\" \/>\n<meta property=\"og:image\" content=\"https:\/\/janze-athletisme.fr\/wordpress\/wp-content\/uploads\/2024\/10\/DSC_6944.jpg\" \/>\n\t<meta property=\"og:image:width\" content=\"1000\" \/>\n\t<meta property=\"og:image:height\" content=\"1490\" \/>\n\t<meta property=\"og:image:type\" content=\"image\/jpeg\" \/>\n<meta name=\"author\" content=\"Laurent Meunier\" \/>\n<meta name=\"twitter:card\" content=\"summary_large_image\" \/>\n<meta name=\"twitter:label1\" content=\"\u00c9crit par\" \/>\n\t<meta name=\"twitter:data1\" content=\"Laurent Meunier\" \/>\n\t<meta name=\"twitter:label2\" content=\"Dur\u00e9e de lecture estim\u00e9e\" \/>\n\t<meta name=\"twitter:data2\" content=\"2 minutes\" \/>\n<script type=\"application\/ld+json\" class=\"yoast-schema-graph\">{\"@context\":\"https:\\\/\\\/schema.org\",\"@graph\":[{\"@type\":\"Article\",\"@id\":\"https:\\\/\\\/janze-athletisme.fr\\\/wordpress\\\/petit-coup-doeil-dans-le-retro\\\/#article\",\"isPartOf\":{\"@id\":\"https:\\\/\\\/janze-athletisme.fr\\\/wordpress\\\/petit-coup-doeil-dans-le-retro\\\/\"},\"author\":{\"name\":\"Laurent Meunier\",\"@id\":\"https:\\\/\\\/janze-athletisme.fr\\\/wordpress\\\/#\\\/schema\\\/person\\\/c7b063dcfa6234c041d4d9b26cc2ea03\"},\"headline\":\"Petit coup d\u2019\u0153il dans le r\u00e9tro\",\"datePublished\":\"2024-10-17T21:34:32+00:00\",\"dateModified\":\"2024-11-02T22:23:04+00:00\",\"mainEntityOfPage\":{\"@id\":\"https:\\\/\\\/janze-athletisme.fr\\\/wordpress\\\/petit-coup-doeil-dans-le-retro\\\/\"},\"wordCount\":183,\"commentCount\":0,\"publisher\":{\"@id\":\"https:\\\/\\\/janze-athletisme.fr\\\/wordpress\\\/#organization\"},\"image\":{\"@id\":\"https:\\\/\\\/janze-athletisme.fr\\\/wordpress\\\/petit-coup-doeil-dans-le-retro\\\/#primaryimage\"},\"thumbnailUrl\":\"https:\\\/\\\/janze-athletisme.fr\\\/wordpress\\\/wp-content\\\/uploads\\\/2024\\\/10\\\/DSC_6944.jpg\",\"articleSection\":[\"Le club au jour le jour\"],\"inLanguage\":\"fr-FR\",\"potentialAction\":[{\"@type\":\"CommentAction\",\"name\":\"Comment\",\"target\":[\"https:\\\/\\\/janze-athletisme.fr\\\/wordpress\\\/petit-coup-doeil-dans-le-retro\\\/#respond\"]}]},{\"@type\":\"WebPage\",\"@id\":\"https:\\\/\\\/janze-athletisme.fr\\\/wordpress\\\/petit-coup-doeil-dans-le-retro\\\/\",\"url\":\"https:\\\/\\\/janze-athletisme.fr\\\/wordpress\\\/petit-coup-doeil-dans-le-retro\\\/\",\"name\":\"Petit coup d\u2019\u0153il dans le r\u00e9tro - Janz\u00e9 Athl\u00e9tisme\",\"isPartOf\":{\"@id\":\"https:\\\/\\\/janze-athletisme.fr\\\/wordpress\\\/#website\"},\"primaryImageOfPage\":{\"@id\":\"https:\\\/\\\/janze-athletisme.fr\\\/wordpress\\\/petit-coup-doeil-dans-le-retro\\\/#primaryimage\"},\"image\":{\"@id\":\"https:\\\/\\\/janze-athletisme.fr\\\/wordpress\\\/petit-coup-doeil-dans-le-retro\\\/#primaryimage\"},\"thumbnailUrl\":\"https:\\\/\\\/janze-athletisme.fr\\\/wordpress\\\/wp-content\\\/uploads\\\/2024\\\/10\\\/DSC_6944.jpg\",\"datePublished\":\"2024-10-17T21:34:32+00:00\",\"dateModified\":\"2024-11-02T22:23:04+00:00\",\"breadcrumb\":{\"@id\":\"https:\\\/\\\/janze-athletisme.fr\\\/wordpress\\\/petit-coup-doeil-dans-le-retro\\\/#breadcrumb\"},\"inLanguage\":\"fr-FR\",\"potentialAction\":[{\"@type\":\"ReadAction\",\"target\":[\"https:\\\/\\\/janze-athletisme.fr\\\/wordpress\\\/petit-coup-doeil-dans-le-retro\\\/\"]}]},{\"@type\":\"ImageObject\",\"inLanguage\":\"fr-FR\",\"@id\":\"https:\\\/\\\/janze-athletisme.fr\\\/wordpress\\\/petit-coup-doeil-dans-le-retro\\\/#primaryimage\",\"url\":\"https:\\\/\\\/janze-athletisme.fr\\\/wordpress\\\/wp-content\\\/uploads\\\/2024\\\/10\\\/DSC_6944.jpg\",\"contentUrl\":\"https:\\\/\\\/janze-athletisme.fr\\\/wordpress\\\/wp-content\\\/uploads\\\/2024\\\/10\\\/DSC_6944.jpg\",\"width\":1000,\"height\":1490},{\"@type\":\"BreadcrumbList\",\"@id\":\"https:\\\/\\\/janze-athletisme.fr\\\/wordpress\\\/petit-coup-doeil-dans-le-retro\\\/#breadcrumb\",\"itemListElement\":[{\"@type\":\"ListItem\",\"position\":1,\"name\":\"Accueil\",\"item\":\"https:\\\/\\\/janze-athletisme.fr\\\/wordpress\\\/\"},{\"@type\":\"ListItem\",\"position\":2,\"name\":\"Petit coup d\u2019\u0153il dans le r\u00e9tro\"}]},{\"@type\":\"WebSite\",\"@id\":\"https:\\\/\\\/janze-athletisme.fr\\\/wordpress\\\/#website\",\"url\":\"https:\\\/\\\/janze-athletisme.fr\\\/wordpress\\\/\",\"name\":\"Janz\u00e9 Athl\u00e9tisme\",\"description\":\"Pays de La Roche aux F\u00e9es\",\"publisher\":{\"@id\":\"https:\\\/\\\/janze-athletisme.fr\\\/wordpress\\\/#organization\"},\"potentialAction\":[{\"@type\":\"SearchAction\",\"target\":{\"@type\":\"EntryPoint\",\"urlTemplate\":\"https:\\\/\\\/janze-athletisme.fr\\\/wordpress\\\/?s={search_term_string}\"},\"query-input\":{\"@type\":\"PropertyValueSpecification\",\"valueRequired\":true,\"valueName\":\"search_term_string\"}}],\"inLanguage\":\"fr-FR\"},{\"@type\":\"Organization\",\"@id\":\"https:\\\/\\\/janze-athletisme.fr\\\/wordpress\\\/#organization\",\"name\":\"Janz\u00e9 Athl\u00e9tisme\",\"url\":\"https:\\\/\\\/janze-athletisme.fr\\\/wordpress\\\/\",\"logo\":{\"@type\":\"ImageObject\",\"inLanguage\":\"fr-FR\",\"@id\":\"https:\\\/\\\/janze-athletisme.fr\\\/wordpress\\\/#\\\/schema\\\/logo\\\/image\\\/\",\"url\":\"https:\\\/\\\/janze-athletisme.fr\\\/wordpress\\\/wp-content\\\/uploads\\\/2015\\\/03\\\/logo-full1.jpg\",\"contentUrl\":\"https:\\\/\\\/janze-athletisme.fr\\\/wordpress\\\/wp-content\\\/uploads\\\/2015\\\/03\\\/logo-full1.jpg\",\"width\":437,\"height\":205,\"caption\":\"Janz\u00e9 Athl\u00e9tisme\"},\"image\":{\"@id\":\"https:\\\/\\\/janze-athletisme.fr\\\/wordpress\\\/#\\\/schema\\\/logo\\\/image\\\/\"},\"sameAs\":[\"https:\\\/\\\/www.facebook.com\\\/groups\\\/1007964579346590\"]},{\"@type\":\"Person\",\"@id\":\"https:\\\/\\\/janze-athletisme.fr\\\/wordpress\\\/#\\\/schema\\\/person\\\/c7b063dcfa6234c041d4d9b26cc2ea03\",\"name\":\"Laurent Meunier\",\"image\":{\"@type\":\"ImageObject\",\"inLanguage\":\"fr-FR\",\"@id\":\"https:\\\/\\\/secure.gravatar.com\\\/avatar\\\/dd25d581ad7c3349090f2fa6a9adb6bfa287e6a5dd8a5216a092727cd8749034?s=96&d=mm&r=g\",\"url\":\"https:\\\/\\\/secure.gravatar.com\\\/avatar\\\/dd25d581ad7c3349090f2fa6a9adb6bfa287e6a5dd8a5216a092727cd8749034?s=96&d=mm&r=g\",\"contentUrl\":\"https:\\\/\\\/secure.gravatar.com\\\/avatar\\\/dd25d581ad7c3349090f2fa6a9adb6bfa287e6a5dd8a5216a092727cd8749034?s=96&d=mm&r=g\",\"caption\":\"Laurent Meunier\"},\"url\":\"https:\\\/\\\/janze-athletisme.fr\\\/wordpress\\\/author\\\/laurent-meunier35\\\/\"}]}<\/script>\n<!-- \/ Yoast SEO plugin. -->","yoast_head_json":{"title":"Petit coup d\u2019\u0153il dans le r\u00e9tro - Janz\u00e9 Athl\u00e9tisme","robots":{"index":"index","follow":"follow","max-snippet":"max-snippet:-1","max-image-preview":"max-image-preview:large","max-video-preview":"max-video-preview:-1"},"canonical":"https:\/\/janze-athletisme.fr\/wordpress\/petit-coup-doeil-dans-le-retro\/","og_locale":"fr_FR","og_type":"article","og_title":"Petit coup d\u2019\u0153il dans le r\u00e9tro - Janz\u00e9 Athl\u00e9tisme","og_description":"Le saviez-vous ? La r\u00e9cente AG du club a \u00e9t\u00e9 l&rsquo;occasion de se plonger dans les archives de l&rsquo;ann\u00e9e \u00e9coul\u00e9e et de sortir les calculettes. On a ainsi trouv\u00e9 que Janz\u00e9 Athl\u00e9, en 2023\/2024, c&rsquo;est : 36 m\u00e9dailles d\u00e9partementales, en salle et en plein air, dont 10 titres (Sharleen, Justine x 2, Jules x 2, [&hellip;]","og_url":"https:\/\/janze-athletisme.fr\/wordpress\/petit-coup-doeil-dans-le-retro\/","og_site_name":"Janz\u00e9 Athl\u00e9tisme","article_publisher":"https:\/\/www.facebook.com\/groups\/1007964579346590","article_published_time":"2024-10-17T21:34:32+00:00","article_modified_time":"2024-11-02T22:23:04+00:00","og_image":[{"width":1000,"height":1490,"url":"https:\/\/janze-athletisme.fr\/wordpress\/wp-content\/uploads\/2024\/10\/DSC_6944.jpg","type":"image\/jpeg"}],"author":"Laurent Meunier","twitter_card":"summary_large_image","twitter_misc":{"\u00c9crit par":"Laurent Meunier","Dur\u00e9e de lecture estim\u00e9e":"2 minutes"},"schema":{"@context":"https:\/\/schema.org","@graph":[{"@type":"Article","@id":"https:\/\/janze-athletisme.fr\/wordpress\/petit-coup-doeil-dans-le-retro\/#article","isPartOf":{"@id":"https:\/\/janze-athletisme.fr\/wordpress\/petit-coup-doeil-dans-le-retro\/"},"author":{"name":"Laurent Meunier","@id":"https:\/\/janze-athletisme.fr\/wordpress\/#\/schema\/person\/c7b063dcfa6234c041d4d9b26cc2ea03"},"headline":"Petit coup d\u2019\u0153il dans le r\u00e9tro","datePublished":"2024-10-17T21:34:32+00:00","dateModified":"2024-11-02T22:23:04+00:00","mainEntityOfPage":{"@id":"https:\/\/janze-athletisme.fr\/wordpress\/petit-coup-doeil-dans-le-retro\/"},"wordCount":183,"commentCount":0,"publisher":{"@id":"https:\/\/janze-athletisme.fr\/wordpress\/#organization"},"image":{"@id":"https:\/\/janze-athletisme.fr\/wordpress\/petit-coup-doeil-dans-le-retro\/#primaryimage"},"thumbnailUrl":"https:\/\/janze-athletisme.fr\/wordpress\/wp-content\/uploads\/2024\/10\/DSC_6944.jpg","articleSection":["Le club au jour le jour"],"inLanguage":"fr-FR","potentialAction":[{"@type":"CommentAction","name":"Comment","target":["https:\/\/janze-athletisme.fr\/wordpress\/petit-coup-doeil-dans-le-retro\/#respond"]}]},{"@type":"WebPage","@id":"https:\/\/janze-athletisme.fr\/wordpress\/petit-coup-doeil-dans-le-retro\/","url":"https:\/\/janze-athletisme.fr\/wordpress\/petit-coup-doeil-dans-le-retro\/","name":"Petit coup d\u2019\u0153il dans le r\u00e9tro - Janz\u00e9 Athl\u00e9tisme","isPartOf":{"@id":"https:\/\/janze-athletisme.fr\/wordpress\/#website"},"primaryImageOfPage":{"@id":"https:\/\/janze-athletisme.fr\/wordpress\/petit-coup-doeil-dans-le-retro\/#primaryimage"},"image":{"@id":"https:\/\/janze-athletisme.fr\/wordpress\/petit-coup-doeil-dans-le-retro\/#primaryimage"},"thumbnailUrl":"https:\/\/janze-athletisme.fr\/wordpress\/wp-content\/uploads\/2024\/10\/DSC_6944.jpg","datePublished":"2024-10-17T21:34:32+00:00","dateModified":"2024-11-02T22:23:04+00:00","breadcrumb":{"@id":"https:\/\/janze-athletisme.fr\/wordpress\/petit-coup-doeil-dans-le-retro\/#breadcrumb"},"inLanguage":"fr-FR","potentialAction":[{"@type":"ReadAction","target":["https:\/\/janze-athletisme.fr\/wordpress\/petit-coup-doeil-dans-le-retro\/"]}]},{"@type":"ImageObject","inLanguage":"fr-FR","@id":"https:\/\/janze-athletisme.fr\/wordpress\/petit-coup-doeil-dans-le-retro\/#primaryimage","url":"https:\/\/janze-athletisme.fr\/wordpress\/wp-content\/uploads\/2024\/10\/DSC_6944.jpg","contentUrl":"https:\/\/janze-athletisme.fr\/wordpress\/wp-content\/uploads\/2024\/10\/DSC_6944.jpg","width":1000,"height":1490},{"@type":"BreadcrumbList","@id":"https:\/\/janze-athletisme.fr\/wordpress\/petit-coup-doeil-dans-le-retro\/#breadcrumb","itemListElement":[{"@type":"ListItem","position":1,"name":"Accueil","item":"https:\/\/janze-athletisme.fr\/wordpress\/"},{"@type":"ListItem","position":2,"name":"Petit coup d\u2019\u0153il dans le r\u00e9tro"}]},{"@type":"WebSite","@id":"https:\/\/janze-athletisme.fr\/wordpress\/#website","url":"https:\/\/janze-athletisme.fr\/wordpress\/","name":"Janz\u00e9 Athl\u00e9tisme","description":"Pays de La Roche aux F\u00e9es","publisher":{"@id":"https:\/\/janze-athletisme.fr\/wordpress\/#organization"},"potentialAction":[{"@type":"SearchAction","target":{"@type":"EntryPoint","urlTemplate":"https:\/\/janze-athletisme.fr\/wordpress\/?s={search_term_string}"},"query-input":{"@type":"PropertyValueSpecification","valueRequired":true,"valueName":"search_term_string"}}],"inLanguage":"fr-FR"},{"@type":"Organization","@id":"https:\/\/janze-athletisme.fr\/wordpress\/#organization","name":"Janz\u00e9 Athl\u00e9tisme","url":"https:\/\/janze-athletisme.fr\/wordpress\/","logo":{"@type":"ImageObject","inLanguage":"fr-FR","@id":"https:\/\/janze-athletisme.fr\/wordpress\/#\/schema\/logo\/image\/","url":"https:\/\/janze-athletisme.fr\/wordpress\/wp-content\/uploads\/2015\/03\/logo-full1.jpg","contentUrl":"https:\/\/janze-athletisme.fr\/wordpress\/wp-content\/uploads\/2015\/03\/logo-full1.jpg","width":437,"height":205,"caption":"Janz\u00e9 Athl\u00e9tisme"},"image":{"@id":"https:\/\/janze-athletisme.fr\/wordpress\/#\/schema\/logo\/image\/"},"sameAs":["https:\/\/www.facebook.com\/groups\/1007964579346590"]},{"@type":"Person","@id":"https:\/\/janze-athletisme.fr\/wordpress\/#\/schema\/person\/c7b063dcfa6234c041d4d9b26cc2ea03","name":"Laurent Meunier","image":{"@type":"ImageObject","inLanguage":"fr-FR","@id":"https:\/\/secure.gravatar.com\/avatar\/dd25d581ad7c3349090f2fa6a9adb6bfa287e6a5dd8a5216a092727cd8749034?s=96&d=mm&r=g","url":"https:\/\/secure.gravatar.com\/avatar\/dd25d581ad7c3349090f2fa6a9adb6bfa287e6a5dd8a5216a092727cd8749034?s=96&d=mm&r=g","contentUrl":"https:\/\/secure.gravatar.com\/avatar\/dd25d581ad7c3349090f2fa6a9adb6bfa287e6a5dd8a5216a092727cd8749034?s=96&d=mm&r=g","caption":"Laurent Meunier"},"url":"https:\/\/janze-athletisme.fr\/wordpress\/author\/laurent-meunier35\/"}]}},"uagb_featured_image_src":{"full":["https:\/\/janze-athletisme.fr\/wordpress\/wp-content\/uploads\/2024\/10\/DSC_6944.jpg",1000,1490,false],"thumbnail":["https:\/\/janze-athletisme.fr\/wordpress\/wp-content\/uploads\/2024\/10\/DSC_6944-150x150.jpg",150,150,true],"medium":["https:\/\/janze-athletisme.fr\/wordpress\/wp-content\/uploads\/2024\/10\/DSC_6944-201x300.jpg",201,300,true],"medium_large":["https:\/\/janze-athletisme.fr\/wordpress\/wp-content\/uploads\/2024\/10\/DSC_6944-768x1144.jpg",768,1144,true],"large":["https:\/\/janze-athletisme.fr\/wordpress\/wp-content\/uploads\/2024\/10\/DSC_6944-687x1024.jpg",687,1024,true],"1536x1536":["https:\/\/janze-athletisme.fr\/wordpress\/wp-content\/uploads\/2024\/10\/DSC_6944.jpg",1000,1490,false],"2048x2048":["https:\/\/janze-athletisme.fr\/wordpress\/wp-content\/uploads\/2024\/10\/DSC_6944.jpg",1000,1490,false]},"uagb_author_info":{"display_name":"Laurent Meunier","author_link":"https:\/\/janze-athletisme.fr\/wordpress\/author\/laurent-meunier35\/"},"uagb_comment_info":0,"uagb_excerpt":"Le saviez-vous ? La r\u00e9cente AG du club a \u00e9t\u00e9 l&rsquo;occasion de se plonger dans les archives de l&rsquo;ann\u00e9e \u00e9coul\u00e9e et de sortir les calculettes. On a ainsi trouv\u00e9 que Janz\u00e9 Athl\u00e9, en 2023\/2024, c&rsquo;est : 36 m\u00e9dailles d\u00e9partementales, en salle et en plein air, dont 10 titres (Sharleen, Justine x 2, Jules x 2,\u2026","_links":{"self":[{"href":"https:\/\/janze-athletisme.fr\/wordpress\/wp-json\/wp\/v2\/posts\/21277","targetHints":{"allow":["GET"]}}],"collection":[{"href":"https:\/\/janze-athletisme.fr\/wordpress\/wp-json\/wp\/v2\/posts"}],"about":[{"href":"https:\/\/janze-athletisme.fr\/wordpress\/wp-json\/wp\/v2\/types\/post"}],"author":[{"embeddable":true,"href":"https:\/\/janze-athletisme.fr\/wordpress\/wp-json\/wp\/v2\/users\/12"}],"replies":[{"embeddable":true,"href":"https:\/\/janze-athletisme.fr\/wordpress\/wp-json\/wp\/v2\/comments?post=21277"}],"version-history":[{"count":4,"href":"https:\/\/janze-athletisme.fr\/wordpress\/wp-json\/wp\/v2\/posts\/21277\/revisions"}],"predecessor-version":[{"id":21583,"href":"https:\/\/janze-athletisme.fr\/wordpress\/wp-json\/wp\/v2\/posts\/21277\/revisions\/21583"}],"wp:featuredmedia":[{"embeddable":true,"href":"https:\/\/janze-athletisme.fr\/wordpress\/wp-json\/wp\/v2\/media\/21278"}],"wp:attachment":[{"href":"https:\/\/janze-athletisme.fr\/wordpress\/wp-json\/wp\/v2\/media?parent=21277"}],"wp:term":[{"taxonomy":"category","embeddable":true,"href":"https:\/\/janze-athletisme.fr\/wordpress\/wp-json\/wp\/v2\/categories?post=21277"},{"taxonomy":"post_tag","embeddable":true,"href":"https:\/\/janze-athletisme.fr\/wordpress\/wp-json\/wp\/v2\/tags?post=21277"}],"curies":[{"name":"wp","href":"https:\/\/api.w.org\/{rel}","templated":true}]}}