{"id":21196,"date":"2024-10-14T21:49:12","date_gmt":"2024-10-14T19:49:12","guid":{"rendered":"https:\/\/janze-athletisme.fr\/wordpress\/?p=21196"},"modified":"2024-10-14T22:06:21","modified_gmt":"2024-10-14T20:06:21","slug":"sept-benjamins-et-minimes-dans-le-grand-bain","status":"publish","type":"post","link":"https:\/\/janze-athletisme.fr\/wordpress\/sept-benjamins-et-minimes-dans-le-grand-bain\/","title":{"rendered":"Sept benjamins et minimes dans le grand bain"},"content":{"rendered":"<p><span style=\"font-size: 18pt;\"><strong>Tout Rennes Court, dimanche 13 octobre<\/strong><\/span><\/p>\n<p>Nous avions trois repr\u00e9sentants de l&rsquo;EAC chez les Benjamins et quatre chez les Minimes. C&rsquo;est une ann\u00e9e maigre (nous avons eu jusqu&rsquo;\u00e0 20 repr\u00e9sentants dans ces cat\u00e9gories certaines ann\u00e9es), mais \u00e0 leur d\u00e9charge il y avait la veille un \u00e9quip&rsquo;athl\u00e9 prioritaire \u00e0 Montfort\/Meu\u2026 qui a \u00e9t\u00e9 annul\u00e9 en derni\u00e8re minute. Pas de chance !<\/p>\n<p>Les pr\u00e9sents ont finalement fait le bon choix. Chez les benjamins, <strong>Antonin<\/strong> Heinry est 59<sup>e<\/sup> (les 2km en 8&rsquo;18), <strong>Natha\u00ebl<\/strong> Cherruault 125<sup>e<\/sup> en 9&rsquo;10 et <strong>Salom\u00e9<\/strong> Bouillaux 148<sup>e<\/sup> en 9&rsquo;55 (39<sup>e<\/sup> fille), sur 205 class\u00e9.es.<\/p>\n<p><a href=\"https:\/\/janze-athletisme.fr\/wordpress\/wp-content\/uploads\/2024\/10\/Depart-des-BE-TRC13oct2024-1-scaled.jpg\"><img loading=\"lazy\" decoding=\"async\" class=\"alignnone  wp-image-21207\" src=\"https:\/\/janze-athletisme.fr\/wordpress\/wp-content\/uploads\/2024\/10\/Depart-des-BE-TRC13oct2024-1-300x104.jpg\" alt=\"\" width=\"349\" height=\"121\" srcset=\"https:\/\/janze-athletisme.fr\/wordpress\/wp-content\/uploads\/2024\/10\/Depart-des-BE-TRC13oct2024-1-300x104.jpg 300w, https:\/\/janze-athletisme.fr\/wordpress\/wp-content\/uploads\/2024\/10\/Depart-des-BE-TRC13oct2024-1-1024x357.jpg 1024w, https:\/\/janze-athletisme.fr\/wordpress\/wp-content\/uploads\/2024\/10\/Depart-des-BE-TRC13oct2024-1-768x268.jpg 768w, https:\/\/janze-athletisme.fr\/wordpress\/wp-content\/uploads\/2024\/10\/Depart-des-BE-TRC13oct2024-1-1536x535.jpg 1536w, https:\/\/janze-athletisme.fr\/wordpress\/wp-content\/uploads\/2024\/10\/Depart-des-BE-TRC13oct2024-1-2048x713.jpg 2048w\" sizes=\"auto, (max-width: 349px) 100vw, 349px\" \/> <\/a><\/p>\n<p>Chez les minimes, c&rsquo;\u00e9tait la premi\u00e8re confrontation entre les deux Rose : Rose Mah\u00e9 (Bain) et <strong>Rose<\/strong> Meyer-Blanchot. Rose M, 26<sup>e<\/sup> et 5<sup>e<\/sup> fille (en 15&rsquo;46 pour 4km), l&#8217;emporte devant Rose MB, 33<sup>e<\/sup> et 7<sup>e<\/sup> fille (en 16&rsquo;08). Les chronos sont d\u00e9j\u00e0 excellents.<\/p>\n<p><strong>Mathis<\/strong> Ryot ensuite est 87<sup>e<\/sup> en 17&rsquo;55, avec une course bien men\u00e9e, prudente au d\u00e9part, bien rythm\u00e9e ensuite, avec une belle remont\u00e9e. Quant \u00e0 Ad\u00e8le Diraison (Cesson), elle est 130<sup>e<\/sup> (et 29<sup>e<\/sup> fille), sur 210 class\u00e9.es, en 19&rsquo;39.<\/p>\n<p>Bravo \u00e0 tous les sept ! Quant on go\u00fbte \u00e0 TRC \u00e0 ces \u00e2ges-l\u00e0, en g\u00e9n\u00e9ral \u00e7a vous reste pour la vie&#8230;<\/p>\n<p><a href=\"https:\/\/janze-athletisme.fr\/wordpress\/wp-content\/uploads\/2024\/10\/Nathael-AntoninTRC13oct2024-1.jpg\"><img loading=\"lazy\" decoding=\"async\" class=\"alignnone wp-image-21197\" src=\"https:\/\/janze-athletisme.fr\/wordpress\/wp-content\/uploads\/2024\/10\/Nathael-AntoninTRC13oct2024-1-300x200.jpg\" alt=\"\" width=\"321\" height=\"214\" srcset=\"https:\/\/janze-athletisme.fr\/wordpress\/wp-content\/uploads\/2024\/10\/Nathael-AntoninTRC13oct2024-1-300x200.jpg 300w, https:\/\/janze-athletisme.fr\/wordpress\/wp-content\/uploads\/2024\/10\/Nathael-AntoninTRC13oct2024-1-1024x683.jpg 1024w, https:\/\/janze-athletisme.fr\/wordpress\/wp-content\/uploads\/2024\/10\/Nathael-AntoninTRC13oct2024-1-768x512.jpg 768w, https:\/\/janze-athletisme.fr\/wordpress\/wp-content\/uploads\/2024\/10\/Nathael-AntoninTRC13oct2024-1.jpg 1500w\" sizes=\"auto, (max-width: 321px) 100vw, 321px\" \/> <\/a><a href=\"https:\/\/janze-athletisme.fr\/wordpress\/wp-content\/uploads\/2024\/10\/Salome-TRC13oct2024.jpg\"><img loading=\"lazy\" decoding=\"async\" class=\"alignnone wp-image-21198\" src=\"https:\/\/janze-athletisme.fr\/wordpress\/wp-content\/uploads\/2024\/10\/Salome-TRC13oct2024-200x300.jpg\" alt=\"\" width=\"143\" height=\"215\" srcset=\"https:\/\/janze-athletisme.fr\/wordpress\/wp-content\/uploads\/2024\/10\/Salome-TRC13oct2024-200x300.jpg 200w, https:\/\/janze-athletisme.fr\/wordpress\/wp-content\/uploads\/2024\/10\/Salome-TRC13oct2024-683x1024.jpg 683w, https:\/\/janze-athletisme.fr\/wordpress\/wp-content\/uploads\/2024\/10\/Salome-TRC13oct2024-768x1152.jpg 768w, https:\/\/janze-athletisme.fr\/wordpress\/wp-content\/uploads\/2024\/10\/Salome-TRC13oct2024.jpg 1000w\" sizes=\"auto, (max-width: 143px) 100vw, 143px\" \/> <\/a><a href=\"https:\/\/janze-athletisme.fr\/wordpress\/wp-content\/uploads\/2024\/10\/Rose-Rose-Mathis-Adele-TRC13oct2024-2.jpg\"><img loading=\"lazy\" decoding=\"async\" class=\"alignnone wp-image-21199\" src=\"https:\/\/janze-athletisme.fr\/wordpress\/wp-content\/uploads\/2024\/10\/Rose-Rose-Mathis-Adele-TRC13oct2024-2-300x200.jpg\" alt=\"\" width=\"322\" height=\"215\" srcset=\"https:\/\/janze-athletisme.fr\/wordpress\/wp-content\/uploads\/2024\/10\/Rose-Rose-Mathis-Adele-TRC13oct2024-2-300x200.jpg 300w, https:\/\/janze-athletisme.fr\/wordpress\/wp-content\/uploads\/2024\/10\/Rose-Rose-Mathis-Adele-TRC13oct2024-2-1024x683.jpg 1024w, https:\/\/janze-athletisme.fr\/wordpress\/wp-content\/uploads\/2024\/10\/Rose-Rose-Mathis-Adele-TRC13oct2024-2-768x512.jpg 768w, https:\/\/janze-athletisme.fr\/wordpress\/wp-content\/uploads\/2024\/10\/Rose-Rose-Mathis-Adele-TRC13oct2024-2.jpg 1500w\" sizes=\"auto, (max-width: 322px) 100vw, 322px\" \/><\/a><\/p>\n<p><span style=\"font-size: 10pt;\"><em>Natha\u00ebl, Antonin, Salom\u00e9 ont couru en benjamins, et Rose, Rose, Mathis et Ad\u00e8le chez les minimes.<\/em><\/span><\/p>\n<p><a href=\"https:\/\/janze-athletisme.fr\/wordpress\/wp-content\/uploads\/2024\/10\/Rose-Rose-TRC13oct2024-2.jpg\"><img loading=\"lazy\" decoding=\"async\" class=\"alignnone wp-image-21200\" src=\"https:\/\/janze-athletisme.fr\/wordpress\/wp-content\/uploads\/2024\/10\/Rose-Rose-TRC13oct2024-2-300x300.jpg\" alt=\"\" width=\"211\" height=\"211\" srcset=\"https:\/\/janze-athletisme.fr\/wordpress\/wp-content\/uploads\/2024\/10\/Rose-Rose-TRC13oct2024-2-300x300.jpg 300w, https:\/\/janze-athletisme.fr\/wordpress\/wp-content\/uploads\/2024\/10\/Rose-Rose-TRC13oct2024-2-1024x1024.jpg 1024w, https:\/\/janze-athletisme.fr\/wordpress\/wp-content\/uploads\/2024\/10\/Rose-Rose-TRC13oct2024-2-150x150.jpg 150w, https:\/\/janze-athletisme.fr\/wordpress\/wp-content\/uploads\/2024\/10\/Rose-Rose-TRC13oct2024-2-768x768.jpg 768w, https:\/\/janze-athletisme.fr\/wordpress\/wp-content\/uploads\/2024\/10\/Rose-Rose-TRC13oct2024-2.jpg 1200w\" sizes=\"auto, (max-width: 211px) 100vw, 211px\" \/> <\/a><a href=\"https:\/\/janze-athletisme.fr\/wordpress\/wp-content\/uploads\/2024\/10\/Rose-Rose-TRC13oct2024-4.jpg\"><img loading=\"lazy\" decoding=\"async\" class=\"alignnone wp-image-21201\" src=\"https:\/\/janze-athletisme.fr\/wordpress\/wp-content\/uploads\/2024\/10\/Rose-Rose-TRC13oct2024-4-300x300.jpg\" alt=\"\" width=\"212\" height=\"212\" srcset=\"https:\/\/janze-athletisme.fr\/wordpress\/wp-content\/uploads\/2024\/10\/Rose-Rose-TRC13oct2024-4-300x300.jpg 300w, https:\/\/janze-athletisme.fr\/wordpress\/wp-content\/uploads\/2024\/10\/Rose-Rose-TRC13oct2024-4-1024x1024.jpg 1024w, https:\/\/janze-athletisme.fr\/wordpress\/wp-content\/uploads\/2024\/10\/Rose-Rose-TRC13oct2024-4-150x150.jpg 150w, https:\/\/janze-athletisme.fr\/wordpress\/wp-content\/uploads\/2024\/10\/Rose-Rose-TRC13oct2024-4-768x768.jpg 768w, https:\/\/janze-athletisme.fr\/wordpress\/wp-content\/uploads\/2024\/10\/Rose-Rose-TRC13oct2024-4.jpg 1200w\" sizes=\"auto, (max-width: 212px) 100vw, 212px\" \/> <\/a><a href=\"https:\/\/janze-athletisme.fr\/wordpress\/wp-content\/uploads\/2024\/10\/Mathis-TRC13oct2024-2.jpg\"><img loading=\"lazy\" decoding=\"async\" class=\"alignnone wp-image-21202\" src=\"https:\/\/janze-athletisme.fr\/wordpress\/wp-content\/uploads\/2024\/10\/Mathis-TRC13oct2024-2-300x300.jpg\" alt=\"\" width=\"214\" height=\"214\" srcset=\"https:\/\/janze-athletisme.fr\/wordpress\/wp-content\/uploads\/2024\/10\/Mathis-TRC13oct2024-2-300x300.jpg 300w, https:\/\/janze-athletisme.fr\/wordpress\/wp-content\/uploads\/2024\/10\/Mathis-TRC13oct2024-2-1024x1024.jpg 1024w, https:\/\/janze-athletisme.fr\/wordpress\/wp-content\/uploads\/2024\/10\/Mathis-TRC13oct2024-2-150x150.jpg 150w, https:\/\/janze-athletisme.fr\/wordpress\/wp-content\/uploads\/2024\/10\/Mathis-TRC13oct2024-2-768x768.jpg 768w, https:\/\/janze-athletisme.fr\/wordpress\/wp-content\/uploads\/2024\/10\/Mathis-TRC13oct2024-2.jpg 1200w\" sizes=\"auto, (max-width: 214px) 100vw, 214px\" \/> <\/a><a href=\"https:\/\/janze-athletisme.fr\/wordpress\/wp-content\/uploads\/2024\/10\/Adele-TRC13oct2024-1.jpg\"><img loading=\"lazy\" decoding=\"async\" class=\"alignnone wp-image-21203\" src=\"https:\/\/janze-athletisme.fr\/wordpress\/wp-content\/uploads\/2024\/10\/Adele-TRC13oct2024-1-201x300.jpg\" alt=\"\" width=\"144\" height=\"215\" srcset=\"https:\/\/janze-athletisme.fr\/wordpress\/wp-content\/uploads\/2024\/10\/Adele-TRC13oct2024-1-201x300.jpg 201w, https:\/\/janze-athletisme.fr\/wordpress\/wp-content\/uploads\/2024\/10\/Adele-TRC13oct2024-1-685x1024.jpg 685w, https:\/\/janze-athletisme.fr\/wordpress\/wp-content\/uploads\/2024\/10\/Adele-TRC13oct2024-1-768x1148.jpg 768w, https:\/\/janze-athletisme.fr\/wordpress\/wp-content\/uploads\/2024\/10\/Adele-TRC13oct2024-1.jpg 1000w\" sizes=\"auto, (max-width: 144px) 100vw, 144px\" \/><\/a><\/p>\n","protected":false},"excerpt":{"rendered":"<p>Tout Rennes Court, dimanche 13 octobre Nous avions trois repr\u00e9sentants de l&rsquo;EAC chez les Benjamins et quatre chez les Minimes. C&rsquo;est une ann\u00e9e maigre (nous avons eu jusqu&rsquo;\u00e0 20 repr\u00e9sentants dans ces cat\u00e9gories certaines ann\u00e9es), mais \u00e0 leur d\u00e9charge il y avait la veille un \u00e9quip&rsquo;athl\u00e9 prioritaire \u00e0 Montfort\/Meu\u2026 qui a \u00e9t\u00e9 annul\u00e9 en derni\u00e8re [&hellip;]<\/p>\n","protected":false},"author":12,"featured_media":21199,"comment_status":"open","ping_status":"open","sticky":false,"template":"","format":"aside","meta":{"_uag_custom_page_level_css":"","site-sidebar-layout":"default","site-content-layout":"","ast-site-content-layout":"default","site-content-style":"default","site-sidebar-style":"default","ast-global-header-display":"","ast-banner-title-visibility":"","ast-main-header-display":"","ast-hfb-above-header-display":"","ast-hfb-below-header-display":"","ast-hfb-mobile-header-display":"","site-post-title":"","ast-breadcrumbs-content":"","ast-featured-img":"","footer-sml-layout":"","ast-disable-related-posts":"","theme-transparent-header-meta":"default","adv-header-id-meta":"","stick-header-meta":"","header-above-stick-meta":"","header-main-stick-meta":"","header-below-stick-meta":"","astra-migrate-meta-layouts":"set","ast-page-background-enabled":"default","ast-page-background-meta":{"desktop":{"background-color":"var(--ast-global-color-4)","background-image":"","background-repeat":"repeat","background-position":"center center","background-size":"auto","background-attachment":"scroll","background-type":"","background-media":"","overlay-type":"","overlay-color":"","overlay-opacity":"","overlay-gradient":""},"tablet":{"background-color":"","background-image":"","background-repeat":"repeat","background-position":"center center","background-size":"auto","background-attachment":"scroll","background-type":"","background-media":"","overlay-type":"","overlay-color":"","overlay-opacity":"","overlay-gradient":""},"mobile":{"background-color":"","background-image":"","background-repeat":"repeat","background-position":"center center","background-size":"auto","background-attachment":"scroll","background-type":"","background-media":"","overlay-type":"","overlay-color":"","overlay-opacity":"","overlay-gradient":""}},"ast-content-background-meta":{"desktop":{"background-color":"var(--ast-global-color-5)","background-image":"","background-repeat":"repeat","background-position":"center center","background-size":"auto","background-attachment":"scroll","background-type":"","background-media":"","overlay-type":"","overlay-color":"","overlay-opacity":"","overlay-gradient":""},"tablet":{"background-color":"var(--ast-global-color-5)","background-image":"","background-repeat":"repeat","background-position":"center center","background-size":"auto","background-attachment":"scroll","background-type":"","background-media":"","overlay-type":"","overlay-color":"","overlay-opacity":"","overlay-gradient":""},"mobile":{"background-color":"var(--ast-global-color-5)","background-image":"","background-repeat":"repeat","background-position":"center center","background-size":"auto","background-attachment":"scroll","background-type":"","background-media":"","overlay-type":"","overlay-color":"","overlay-opacity":"","overlay-gradient":""}},"footnotes":""},"categories":[6],"tags":[],"class_list":["post-21196","post","type-post","status-publish","format-aside","has-post-thumbnail","hentry","category-sections","post_format-post-format-aside"],"yoast_head":"<!-- This site is optimized with the Yoast SEO plugin v27.5 - https:\/\/yoast.com\/product\/yoast-seo-wordpress\/ -->\n<title>Sept benjamins et minimes dans le grand bain - Janz\u00e9 Athl\u00e9tisme<\/title>\n<meta name=\"robots\" content=\"index, follow, max-snippet:-1, max-image-preview:large, max-video-preview:-1\" \/>\n<link rel=\"canonical\" href=\"https:\/\/janze-athletisme.fr\/wordpress\/sept-benjamins-et-minimes-dans-le-grand-bain\/\" \/>\n<meta property=\"og:locale\" content=\"fr_FR\" \/>\n<meta property=\"og:type\" content=\"article\" \/>\n<meta property=\"og:title\" content=\"Sept benjamins et minimes dans le grand bain - Janz\u00e9 Athl\u00e9tisme\" \/>\n<meta property=\"og:description\" content=\"Tout Rennes Court, dimanche 13 octobre Nous avions trois repr\u00e9sentants de l&rsquo;EAC chez les Benjamins et quatre chez les Minimes. C&rsquo;est une ann\u00e9e maigre (nous avons eu jusqu&rsquo;\u00e0 20 repr\u00e9sentants dans ces cat\u00e9gories certaines ann\u00e9es), mais \u00e0 leur d\u00e9charge il y avait la veille un \u00e9quip&rsquo;athl\u00e9 prioritaire \u00e0 Montfort\/Meu\u2026 qui a \u00e9t\u00e9 annul\u00e9 en derni\u00e8re [&hellip;]\" \/>\n<meta property=\"og:url\" content=\"https:\/\/janze-athletisme.fr\/wordpress\/sept-benjamins-et-minimes-dans-le-grand-bain\/\" \/>\n<meta property=\"og:site_name\" content=\"Janz\u00e9 Athl\u00e9tisme\" \/>\n<meta property=\"article:publisher\" content=\"https:\/\/www.facebook.com\/groups\/1007964579346590\" \/>\n<meta property=\"article:published_time\" content=\"2024-10-14T19:49:12+00:00\" \/>\n<meta property=\"article:modified_time\" content=\"2024-10-14T20:06:21+00:00\" \/>\n<meta property=\"og:image\" content=\"https:\/\/janze-athletisme.fr\/wordpress\/wp-content\/uploads\/2024\/10\/Rose-Rose-Mathis-Adele-TRC13oct2024-2.jpg\" \/>\n\t<meta property=\"og:image:width\" content=\"1500\" \/>\n\t<meta property=\"og:image:height\" content=\"1000\" \/>\n\t<meta property=\"og:image:type\" content=\"image\/jpeg\" \/>\n<meta name=\"author\" content=\"Laurent Meunier\" \/>\n<meta name=\"twitter:card\" content=\"summary_large_image\" \/>\n<meta name=\"twitter:label1\" content=\"\u00c9crit par\" \/>\n\t<meta name=\"twitter:data1\" content=\"Laurent Meunier\" \/>\n\t<meta name=\"twitter:label2\" content=\"Dur\u00e9e de lecture estim\u00e9e\" \/>\n\t<meta name=\"twitter:data2\" content=\"3 minutes\" \/>\n<script type=\"application\/ld+json\" class=\"yoast-schema-graph\">{\"@context\":\"https:\\\/\\\/schema.org\",\"@graph\":[{\"@type\":\"Article\",\"@id\":\"https:\\\/\\\/janze-athletisme.fr\\\/wordpress\\\/sept-benjamins-et-minimes-dans-le-grand-bain\\\/#article\",\"isPartOf\":{\"@id\":\"https:\\\/\\\/janze-athletisme.fr\\\/wordpress\\\/sept-benjamins-et-minimes-dans-le-grand-bain\\\/\"},\"author\":{\"name\":\"Laurent Meunier\",\"@id\":\"https:\\\/\\\/janze-athletisme.fr\\\/wordpress\\\/#\\\/schema\\\/person\\\/c7b063dcfa6234c041d4d9b26cc2ea03\"},\"headline\":\"Sept benjamins et minimes dans le grand bain\",\"datePublished\":\"2024-10-14T19:49:12+00:00\",\"dateModified\":\"2024-10-14T20:06:21+00:00\",\"mainEntityOfPage\":{\"@id\":\"https:\\\/\\\/janze-athletisme.fr\\\/wordpress\\\/sept-benjamins-et-minimes-dans-le-grand-bain\\\/\"},\"wordCount\":231,\"commentCount\":0,\"publisher\":{\"@id\":\"https:\\\/\\\/janze-athletisme.fr\\\/wordpress\\\/#organization\"},\"image\":{\"@id\":\"https:\\\/\\\/janze-athletisme.fr\\\/wordpress\\\/sept-benjamins-et-minimes-dans-le-grand-bain\\\/#primaryimage\"},\"thumbnailUrl\":\"https:\\\/\\\/janze-athletisme.fr\\\/wordpress\\\/wp-content\\\/uploads\\\/2024\\\/10\\\/Rose-Rose-Mathis-Adele-TRC13oct2024-2.jpg\",\"articleSection\":[\"Le club au jour le jour\"],\"inLanguage\":\"fr-FR\",\"potentialAction\":[{\"@type\":\"CommentAction\",\"name\":\"Comment\",\"target\":[\"https:\\\/\\\/janze-athletisme.fr\\\/wordpress\\\/sept-benjamins-et-minimes-dans-le-grand-bain\\\/#respond\"]}]},{\"@type\":\"WebPage\",\"@id\":\"https:\\\/\\\/janze-athletisme.fr\\\/wordpress\\\/sept-benjamins-et-minimes-dans-le-grand-bain\\\/\",\"url\":\"https:\\\/\\\/janze-athletisme.fr\\\/wordpress\\\/sept-benjamins-et-minimes-dans-le-grand-bain\\\/\",\"name\":\"Sept benjamins et minimes dans le grand bain - Janz\u00e9 Athl\u00e9tisme\",\"isPartOf\":{\"@id\":\"https:\\\/\\\/janze-athletisme.fr\\\/wordpress\\\/#website\"},\"primaryImageOfPage\":{\"@id\":\"https:\\\/\\\/janze-athletisme.fr\\\/wordpress\\\/sept-benjamins-et-minimes-dans-le-grand-bain\\\/#primaryimage\"},\"image\":{\"@id\":\"https:\\\/\\\/janze-athletisme.fr\\\/wordpress\\\/sept-benjamins-et-minimes-dans-le-grand-bain\\\/#primaryimage\"},\"thumbnailUrl\":\"https:\\\/\\\/janze-athletisme.fr\\\/wordpress\\\/wp-content\\\/uploads\\\/2024\\\/10\\\/Rose-Rose-Mathis-Adele-TRC13oct2024-2.jpg\",\"datePublished\":\"2024-10-14T19:49:12+00:00\",\"dateModified\":\"2024-10-14T20:06:21+00:00\",\"breadcrumb\":{\"@id\":\"https:\\\/\\\/janze-athletisme.fr\\\/wordpress\\\/sept-benjamins-et-minimes-dans-le-grand-bain\\\/#breadcrumb\"},\"inLanguage\":\"fr-FR\",\"potentialAction\":[{\"@type\":\"ReadAction\",\"target\":[\"https:\\\/\\\/janze-athletisme.fr\\\/wordpress\\\/sept-benjamins-et-minimes-dans-le-grand-bain\\\/\"]}]},{\"@type\":\"ImageObject\",\"inLanguage\":\"fr-FR\",\"@id\":\"https:\\\/\\\/janze-athletisme.fr\\\/wordpress\\\/sept-benjamins-et-minimes-dans-le-grand-bain\\\/#primaryimage\",\"url\":\"https:\\\/\\\/janze-athletisme.fr\\\/wordpress\\\/wp-content\\\/uploads\\\/2024\\\/10\\\/Rose-Rose-Mathis-Adele-TRC13oct2024-2.jpg\",\"contentUrl\":\"https:\\\/\\\/janze-athletisme.fr\\\/wordpress\\\/wp-content\\\/uploads\\\/2024\\\/10\\\/Rose-Rose-Mathis-Adele-TRC13oct2024-2.jpg\",\"width\":1500,\"height\":1000},{\"@type\":\"BreadcrumbList\",\"@id\":\"https:\\\/\\\/janze-athletisme.fr\\\/wordpress\\\/sept-benjamins-et-minimes-dans-le-grand-bain\\\/#breadcrumb\",\"itemListElement\":[{\"@type\":\"ListItem\",\"position\":1,\"name\":\"Accueil\",\"item\":\"https:\\\/\\\/janze-athletisme.fr\\\/wordpress\\\/\"},{\"@type\":\"ListItem\",\"position\":2,\"name\":\"Sept benjamins et minimes dans le grand bain\"}]},{\"@type\":\"WebSite\",\"@id\":\"https:\\\/\\\/janze-athletisme.fr\\\/wordpress\\\/#website\",\"url\":\"https:\\\/\\\/janze-athletisme.fr\\\/wordpress\\\/\",\"name\":\"Janz\u00e9 Athl\u00e9tisme\",\"description\":\"Pays de La Roche aux F\u00e9es\",\"publisher\":{\"@id\":\"https:\\\/\\\/janze-athletisme.fr\\\/wordpress\\\/#organization\"},\"potentialAction\":[{\"@type\":\"SearchAction\",\"target\":{\"@type\":\"EntryPoint\",\"urlTemplate\":\"https:\\\/\\\/janze-athletisme.fr\\\/wordpress\\\/?s={search_term_string}\"},\"query-input\":{\"@type\":\"PropertyValueSpecification\",\"valueRequired\":true,\"valueName\":\"search_term_string\"}}],\"inLanguage\":\"fr-FR\"},{\"@type\":\"Organization\",\"@id\":\"https:\\\/\\\/janze-athletisme.fr\\\/wordpress\\\/#organization\",\"name\":\"Janz\u00e9 Athl\u00e9tisme\",\"url\":\"https:\\\/\\\/janze-athletisme.fr\\\/wordpress\\\/\",\"logo\":{\"@type\":\"ImageObject\",\"inLanguage\":\"fr-FR\",\"@id\":\"https:\\\/\\\/janze-athletisme.fr\\\/wordpress\\\/#\\\/schema\\\/logo\\\/image\\\/\",\"url\":\"https:\\\/\\\/janze-athletisme.fr\\\/wordpress\\\/wp-content\\\/uploads\\\/2015\\\/03\\\/logo-full1.jpg\",\"contentUrl\":\"https:\\\/\\\/janze-athletisme.fr\\\/wordpress\\\/wp-content\\\/uploads\\\/2015\\\/03\\\/logo-full1.jpg\",\"width\":437,\"height\":205,\"caption\":\"Janz\u00e9 Athl\u00e9tisme\"},\"image\":{\"@id\":\"https:\\\/\\\/janze-athletisme.fr\\\/wordpress\\\/#\\\/schema\\\/logo\\\/image\\\/\"},\"sameAs\":[\"https:\\\/\\\/www.facebook.com\\\/groups\\\/1007964579346590\"]},{\"@type\":\"Person\",\"@id\":\"https:\\\/\\\/janze-athletisme.fr\\\/wordpress\\\/#\\\/schema\\\/person\\\/c7b063dcfa6234c041d4d9b26cc2ea03\",\"name\":\"Laurent Meunier\",\"image\":{\"@type\":\"ImageObject\",\"inLanguage\":\"fr-FR\",\"@id\":\"https:\\\/\\\/secure.gravatar.com\\\/avatar\\\/dd25d581ad7c3349090f2fa6a9adb6bfa287e6a5dd8a5216a092727cd8749034?s=96&d=mm&r=g\",\"url\":\"https:\\\/\\\/secure.gravatar.com\\\/avatar\\\/dd25d581ad7c3349090f2fa6a9adb6bfa287e6a5dd8a5216a092727cd8749034?s=96&d=mm&r=g\",\"contentUrl\":\"https:\\\/\\\/secure.gravatar.com\\\/avatar\\\/dd25d581ad7c3349090f2fa6a9adb6bfa287e6a5dd8a5216a092727cd8749034?s=96&d=mm&r=g\",\"caption\":\"Laurent Meunier\"},\"url\":\"https:\\\/\\\/janze-athletisme.fr\\\/wordpress\\\/author\\\/laurent-meunier35\\\/\"}]}<\/script>\n<!-- \/ Yoast SEO plugin. -->","yoast_head_json":{"title":"Sept benjamins et minimes dans le grand bain - Janz\u00e9 Athl\u00e9tisme","robots":{"index":"index","follow":"follow","max-snippet":"max-snippet:-1","max-image-preview":"max-image-preview:large","max-video-preview":"max-video-preview:-1"},"canonical":"https:\/\/janze-athletisme.fr\/wordpress\/sept-benjamins-et-minimes-dans-le-grand-bain\/","og_locale":"fr_FR","og_type":"article","og_title":"Sept benjamins et minimes dans le grand bain - Janz\u00e9 Athl\u00e9tisme","og_description":"Tout Rennes Court, dimanche 13 octobre Nous avions trois repr\u00e9sentants de l&rsquo;EAC chez les Benjamins et quatre chez les Minimes. C&rsquo;est une ann\u00e9e maigre (nous avons eu jusqu&rsquo;\u00e0 20 repr\u00e9sentants dans ces cat\u00e9gories certaines ann\u00e9es), mais \u00e0 leur d\u00e9charge il y avait la veille un \u00e9quip&rsquo;athl\u00e9 prioritaire \u00e0 Montfort\/Meu\u2026 qui a \u00e9t\u00e9 annul\u00e9 en derni\u00e8re [&hellip;]","og_url":"https:\/\/janze-athletisme.fr\/wordpress\/sept-benjamins-et-minimes-dans-le-grand-bain\/","og_site_name":"Janz\u00e9 Athl\u00e9tisme","article_publisher":"https:\/\/www.facebook.com\/groups\/1007964579346590","article_published_time":"2024-10-14T19:49:12+00:00","article_modified_time":"2024-10-14T20:06:21+00:00","og_image":[{"width":1500,"height":1000,"url":"https:\/\/janze-athletisme.fr\/wordpress\/wp-content\/uploads\/2024\/10\/Rose-Rose-Mathis-Adele-TRC13oct2024-2.jpg","type":"image\/jpeg"}],"author":"Laurent Meunier","twitter_card":"summary_large_image","twitter_misc":{"\u00c9crit par":"Laurent Meunier","Dur\u00e9e de lecture estim\u00e9e":"3 minutes"},"schema":{"@context":"https:\/\/schema.org","@graph":[{"@type":"Article","@id":"https:\/\/janze-athletisme.fr\/wordpress\/sept-benjamins-et-minimes-dans-le-grand-bain\/#article","isPartOf":{"@id":"https:\/\/janze-athletisme.fr\/wordpress\/sept-benjamins-et-minimes-dans-le-grand-bain\/"},"author":{"name":"Laurent Meunier","@id":"https:\/\/janze-athletisme.fr\/wordpress\/#\/schema\/person\/c7b063dcfa6234c041d4d9b26cc2ea03"},"headline":"Sept benjamins et minimes dans le grand bain","datePublished":"2024-10-14T19:49:12+00:00","dateModified":"2024-10-14T20:06:21+00:00","mainEntityOfPage":{"@id":"https:\/\/janze-athletisme.fr\/wordpress\/sept-benjamins-et-minimes-dans-le-grand-bain\/"},"wordCount":231,"commentCount":0,"publisher":{"@id":"https:\/\/janze-athletisme.fr\/wordpress\/#organization"},"image":{"@id":"https:\/\/janze-athletisme.fr\/wordpress\/sept-benjamins-et-minimes-dans-le-grand-bain\/#primaryimage"},"thumbnailUrl":"https:\/\/janze-athletisme.fr\/wordpress\/wp-content\/uploads\/2024\/10\/Rose-Rose-Mathis-Adele-TRC13oct2024-2.jpg","articleSection":["Le club au jour le jour"],"inLanguage":"fr-FR","potentialAction":[{"@type":"CommentAction","name":"Comment","target":["https:\/\/janze-athletisme.fr\/wordpress\/sept-benjamins-et-minimes-dans-le-grand-bain\/#respond"]}]},{"@type":"WebPage","@id":"https:\/\/janze-athletisme.fr\/wordpress\/sept-benjamins-et-minimes-dans-le-grand-bain\/","url":"https:\/\/janze-athletisme.fr\/wordpress\/sept-benjamins-et-minimes-dans-le-grand-bain\/","name":"Sept benjamins et minimes dans le grand bain - Janz\u00e9 Athl\u00e9tisme","isPartOf":{"@id":"https:\/\/janze-athletisme.fr\/wordpress\/#website"},"primaryImageOfPage":{"@id":"https:\/\/janze-athletisme.fr\/wordpress\/sept-benjamins-et-minimes-dans-le-grand-bain\/#primaryimage"},"image":{"@id":"https:\/\/janze-athletisme.fr\/wordpress\/sept-benjamins-et-minimes-dans-le-grand-bain\/#primaryimage"},"thumbnailUrl":"https:\/\/janze-athletisme.fr\/wordpress\/wp-content\/uploads\/2024\/10\/Rose-Rose-Mathis-Adele-TRC13oct2024-2.jpg","datePublished":"2024-10-14T19:49:12+00:00","dateModified":"2024-10-14T20:06:21+00:00","breadcrumb":{"@id":"https:\/\/janze-athletisme.fr\/wordpress\/sept-benjamins-et-minimes-dans-le-grand-bain\/#breadcrumb"},"inLanguage":"fr-FR","potentialAction":[{"@type":"ReadAction","target":["https:\/\/janze-athletisme.fr\/wordpress\/sept-benjamins-et-minimes-dans-le-grand-bain\/"]}]},{"@type":"ImageObject","inLanguage":"fr-FR","@id":"https:\/\/janze-athletisme.fr\/wordpress\/sept-benjamins-et-minimes-dans-le-grand-bain\/#primaryimage","url":"https:\/\/janze-athletisme.fr\/wordpress\/wp-content\/uploads\/2024\/10\/Rose-Rose-Mathis-Adele-TRC13oct2024-2.jpg","contentUrl":"https:\/\/janze-athletisme.fr\/wordpress\/wp-content\/uploads\/2024\/10\/Rose-Rose-Mathis-Adele-TRC13oct2024-2.jpg","width":1500,"height":1000},{"@type":"BreadcrumbList","@id":"https:\/\/janze-athletisme.fr\/wordpress\/sept-benjamins-et-minimes-dans-le-grand-bain\/#breadcrumb","itemListElement":[{"@type":"ListItem","position":1,"name":"Accueil","item":"https:\/\/janze-athletisme.fr\/wordpress\/"},{"@type":"ListItem","position":2,"name":"Sept benjamins et minimes dans le grand bain"}]},{"@type":"WebSite","@id":"https:\/\/janze-athletisme.fr\/wordpress\/#website","url":"https:\/\/janze-athletisme.fr\/wordpress\/","name":"Janz\u00e9 Athl\u00e9tisme","description":"Pays de La Roche aux F\u00e9es","publisher":{"@id":"https:\/\/janze-athletisme.fr\/wordpress\/#organization"},"potentialAction":[{"@type":"SearchAction","target":{"@type":"EntryPoint","urlTemplate":"https:\/\/janze-athletisme.fr\/wordpress\/?s={search_term_string}"},"query-input":{"@type":"PropertyValueSpecification","valueRequired":true,"valueName":"search_term_string"}}],"inLanguage":"fr-FR"},{"@type":"Organization","@id":"https:\/\/janze-athletisme.fr\/wordpress\/#organization","name":"Janz\u00e9 Athl\u00e9tisme","url":"https:\/\/janze-athletisme.fr\/wordpress\/","logo":{"@type":"ImageObject","inLanguage":"fr-FR","@id":"https:\/\/janze-athletisme.fr\/wordpress\/#\/schema\/logo\/image\/","url":"https:\/\/janze-athletisme.fr\/wordpress\/wp-content\/uploads\/2015\/03\/logo-full1.jpg","contentUrl":"https:\/\/janze-athletisme.fr\/wordpress\/wp-content\/uploads\/2015\/03\/logo-full1.jpg","width":437,"height":205,"caption":"Janz\u00e9 Athl\u00e9tisme"},"image":{"@id":"https:\/\/janze-athletisme.fr\/wordpress\/#\/schema\/logo\/image\/"},"sameAs":["https:\/\/www.facebook.com\/groups\/1007964579346590"]},{"@type":"Person","@id":"https:\/\/janze-athletisme.fr\/wordpress\/#\/schema\/person\/c7b063dcfa6234c041d4d9b26cc2ea03","name":"Laurent Meunier","image":{"@type":"ImageObject","inLanguage":"fr-FR","@id":"https:\/\/secure.gravatar.com\/avatar\/dd25d581ad7c3349090f2fa6a9adb6bfa287e6a5dd8a5216a092727cd8749034?s=96&d=mm&r=g","url":"https:\/\/secure.gravatar.com\/avatar\/dd25d581ad7c3349090f2fa6a9adb6bfa287e6a5dd8a5216a092727cd8749034?s=96&d=mm&r=g","contentUrl":"https:\/\/secure.gravatar.com\/avatar\/dd25d581ad7c3349090f2fa6a9adb6bfa287e6a5dd8a5216a092727cd8749034?s=96&d=mm&r=g","caption":"Laurent Meunier"},"url":"https:\/\/janze-athletisme.fr\/wordpress\/author\/laurent-meunier35\/"}]}},"uagb_featured_image_src":{"full":["https:\/\/janze-athletisme.fr\/wordpress\/wp-content\/uploads\/2024\/10\/Rose-Rose-Mathis-Adele-TRC13oct2024-2.jpg",1500,1000,false],"thumbnail":["https:\/\/janze-athletisme.fr\/wordpress\/wp-content\/uploads\/2024\/10\/Rose-Rose-Mathis-Adele-TRC13oct2024-2-150x150.jpg",150,150,true],"medium":["https:\/\/janze-athletisme.fr\/wordpress\/wp-content\/uploads\/2024\/10\/Rose-Rose-Mathis-Adele-TRC13oct2024-2-300x200.jpg",300,200,true],"medium_large":["https:\/\/janze-athletisme.fr\/wordpress\/wp-content\/uploads\/2024\/10\/Rose-Rose-Mathis-Adele-TRC13oct2024-2-768x512.jpg",768,512,true],"large":["https:\/\/janze-athletisme.fr\/wordpress\/wp-content\/uploads\/2024\/10\/Rose-Rose-Mathis-Adele-TRC13oct2024-2-1024x683.jpg",1024,683,true],"1536x1536":["https:\/\/janze-athletisme.fr\/wordpress\/wp-content\/uploads\/2024\/10\/Rose-Rose-Mathis-Adele-TRC13oct2024-2.jpg",1500,1000,false],"2048x2048":["https:\/\/janze-athletisme.fr\/wordpress\/wp-content\/uploads\/2024\/10\/Rose-Rose-Mathis-Adele-TRC13oct2024-2.jpg",1500,1000,false]},"uagb_author_info":{"display_name":"Laurent Meunier","author_link":"https:\/\/janze-athletisme.fr\/wordpress\/author\/laurent-meunier35\/"},"uagb_comment_info":0,"uagb_excerpt":"Tout Rennes Court, dimanche 13 octobre Nous avions trois repr\u00e9sentants de l&rsquo;EAC chez les Benjamins et quatre chez les Minimes. C&rsquo;est une ann\u00e9e maigre (nous avons eu jusqu&rsquo;\u00e0 20 repr\u00e9sentants dans ces cat\u00e9gories certaines ann\u00e9es), mais \u00e0 leur d\u00e9charge il y avait la veille un \u00e9quip&rsquo;athl\u00e9 prioritaire \u00e0 Montfort\/Meu\u2026 qui a \u00e9t\u00e9 annul\u00e9 en derni\u00e8re\u2026","_links":{"self":[{"href":"https:\/\/janze-athletisme.fr\/wordpress\/wp-json\/wp\/v2\/posts\/21196","targetHints":{"allow":["GET"]}}],"collection":[{"href":"https:\/\/janze-athletisme.fr\/wordpress\/wp-json\/wp\/v2\/posts"}],"about":[{"href":"https:\/\/janze-athletisme.fr\/wordpress\/wp-json\/wp\/v2\/types\/post"}],"author":[{"embeddable":true,"href":"https:\/\/janze-athletisme.fr\/wordpress\/wp-json\/wp\/v2\/users\/12"}],"replies":[{"embeddable":true,"href":"https:\/\/janze-athletisme.fr\/wordpress\/wp-json\/wp\/v2\/comments?post=21196"}],"version-history":[{"count":3,"href":"https:\/\/janze-athletisme.fr\/wordpress\/wp-json\/wp\/v2\/posts\/21196\/revisions"}],"predecessor-version":[{"id":21208,"href":"https:\/\/janze-athletisme.fr\/wordpress\/wp-json\/wp\/v2\/posts\/21196\/revisions\/21208"}],"wp:featuredmedia":[{"embeddable":true,"href":"https:\/\/janze-athletisme.fr\/wordpress\/wp-json\/wp\/v2\/media\/21199"}],"wp:attachment":[{"href":"https:\/\/janze-athletisme.fr\/wordpress\/wp-json\/wp\/v2\/media?parent=21196"}],"wp:term":[{"taxonomy":"category","embeddable":true,"href":"https:\/\/janze-athletisme.fr\/wordpress\/wp-json\/wp\/v2\/categories?post=21196"},{"taxonomy":"post_tag","embeddable":true,"href":"https:\/\/janze-athletisme.fr\/wordpress\/wp-json\/wp\/v2\/tags?post=21196"}],"curies":[{"name":"wp","href":"https:\/\/api.w.org\/{rel}","templated":true}]}}