{"id":21165,"date":"2024-10-13T19:30:40","date_gmt":"2024-10-13T17:30:40","guid":{"rendered":"https:\/\/janze-athletisme.fr\/wordpress\/?p=21165"},"modified":"2024-10-15T22:44:04","modified_gmt":"2024-10-15T20:44:04","slug":"maryse-a-trc-une-perf-de-niveau-national-dans-sa-categorie","status":"publish","type":"post","link":"https:\/\/janze-athletisme.fr\/wordpress\/maryse-a-trc-une-perf-de-niveau-national-dans-sa-categorie\/","title":{"rendered":"Maryse \u00e0 TRC : une perf de niveau national dans sa cat\u00e9gorie !"},"content":{"rendered":"<p><strong><span style=\"font-size: 24pt;\">TRC, dimanche 13 octobre<\/span><\/strong><\/p>\n<p><strong>Maryse<\/strong> Veyer avait annonc\u00e9 la couleur le 22 septembre avec son tr\u00e8s beau marathon de Tours couru en 3h14&rsquo;34. On la savait tr\u00e8s forte et apte \u00e0 revenir \u00e0 son meilleur niveau \u00e9galement sur le semi-marathon (1h23&rsquo;16 en 2010, 1h24&rsquo;59 en 2019).<\/p>\n<p>Elle n&rsquo;en est pas loin ce dimanche en terminant son semi-marathon de TRC en 1h27&rsquo;06. C&rsquo;est une perf remarquable ! Elle termine 10<sup>e<\/sup> f\u00e9minine de la course et de loin 1<sup>\u00e8re<\/sup> M4F. Dans sa cat\u00e9gorie, c&rsquo;est une perf de niveau national (il va falloir v\u00e9rifier mais il doit y avoir tr\u00e8s peu de M4F devant elle).<\/p>\n<p>Le pire, c&rsquo;est qu&rsquo;elle a fait la f\u00eate tr\u00e8s tard dans la nuit de vendredi \u00e0 samedi et a fini sa course dans le brouillard, sans aucune lucidit\u00e9. Une erreur de jeunesse ! Bravo Maryse !!!<\/p>\n<p><a href=\"https:\/\/janze-athletisme.fr\/wordpress\/wp-content\/uploads\/2024\/10\/Maryse-Saulnieres-2.jpg\"><img loading=\"lazy\" decoding=\"async\" class=\"alignnone wp-image-21166\" src=\"https:\/\/janze-athletisme.fr\/wordpress\/wp-content\/uploads\/2024\/10\/Maryse-Saulnieres-2-300x300.jpg\" alt=\"\" width=\"185\" height=\"185\" srcset=\"https:\/\/janze-athletisme.fr\/wordpress\/wp-content\/uploads\/2024\/10\/Maryse-Saulnieres-2-300x300.jpg 300w, https:\/\/janze-athletisme.fr\/wordpress\/wp-content\/uploads\/2024\/10\/Maryse-Saulnieres-2-150x150.jpg 150w, https:\/\/janze-athletisme.fr\/wordpress\/wp-content\/uploads\/2024\/10\/Maryse-Saulnieres-2-768x768.jpg 768w, https:\/\/janze-athletisme.fr\/wordpress\/wp-content\/uploads\/2024\/10\/Maryse-Saulnieres-2.jpg 855w\" sizes=\"auto, (max-width: 185px) 100vw, 185px\" \/><\/a><\/p>\n<p><em><span style=\"font-size: 10pt;\">Maryse \u00e0 Saulni\u00e8res il y a quelques semaines (photo D. Caillaud).<\/span><\/em><\/p>\n","protected":false},"excerpt":{"rendered":"<p>TRC, dimanche 13 octobre Maryse Veyer avait annonc\u00e9 la couleur le 22 septembre avec son tr\u00e8s beau marathon de Tours couru en 3h14&rsquo;34. On la savait tr\u00e8s forte et apte \u00e0 revenir \u00e0 son meilleur niveau \u00e9galement sur le semi-marathon (1h23&rsquo;16 en 2010, 1h24&rsquo;59 en 2019). Elle n&rsquo;en est pas loin ce dimanche en terminant [&hellip;]<\/p>\n","protected":false},"author":12,"featured_media":21166,"comment_status":"open","ping_status":"open","sticky":false,"template":"","format":"aside","meta":{"_uag_custom_page_level_css":"","site-sidebar-layout":"default","site-content-layout":"","ast-site-content-layout":"default","site-content-style":"default","site-sidebar-style":"default","ast-global-header-display":"","ast-banner-title-visibility":"","ast-main-header-display":"","ast-hfb-above-header-display":"","ast-hfb-below-header-display":"","ast-hfb-mobile-header-display":"","site-post-title":"","ast-breadcrumbs-content":"","ast-featured-img":"","footer-sml-layout":"","ast-disable-related-posts":"","theme-transparent-header-meta":"default","adv-header-id-meta":"","stick-header-meta":"","header-above-stick-meta":"","header-main-stick-meta":"","header-below-stick-meta":"","astra-migrate-meta-layouts":"set","ast-page-background-enabled":"default","ast-page-background-meta":{"desktop":{"background-color":"var(--ast-global-color-4)","background-image":"","background-repeat":"repeat","background-position":"center center","background-size":"auto","background-attachment":"scroll","background-type":"","background-media":"","overlay-type":"","overlay-color":"","overlay-opacity":"","overlay-gradient":""},"tablet":{"background-color":"","background-image":"","background-repeat":"repeat","background-position":"center center","background-size":"auto","background-attachment":"scroll","background-type":"","background-media":"","overlay-type":"","overlay-color":"","overlay-opacity":"","overlay-gradient":""},"mobile":{"background-color":"","background-image":"","background-repeat":"repeat","background-position":"center center","background-size":"auto","background-attachment":"scroll","background-type":"","background-media":"","overlay-type":"","overlay-color":"","overlay-opacity":"","overlay-gradient":""}},"ast-content-background-meta":{"desktop":{"background-color":"var(--ast-global-color-5)","background-image":"","background-repeat":"repeat","background-position":"center center","background-size":"auto","background-attachment":"scroll","background-type":"","background-media":"","overlay-type":"","overlay-color":"","overlay-opacity":"","overlay-gradient":""},"tablet":{"background-color":"var(--ast-global-color-5)","background-image":"","background-repeat":"repeat","background-position":"center center","background-size":"auto","background-attachment":"scroll","background-type":"","background-media":"","overlay-type":"","overlay-color":"","overlay-opacity":"","overlay-gradient":""},"mobile":{"background-color":"var(--ast-global-color-5)","background-image":"","background-repeat":"repeat","background-position":"center center","background-size":"auto","background-attachment":"scroll","background-type":"","background-media":"","overlay-type":"","overlay-color":"","overlay-opacity":"","overlay-gradient":""}},"footnotes":""},"categories":[6],"tags":[],"class_list":["post-21165","post","type-post","status-publish","format-aside","has-post-thumbnail","hentry","category-sections","post_format-post-format-aside"],"yoast_head":"<!-- This site is optimized with the Yoast SEO plugin v27.5 - https:\/\/yoast.com\/product\/yoast-seo-wordpress\/ -->\n<title>Maryse \u00e0 TRC : une perf de niveau national dans sa cat\u00e9gorie ! - Janz\u00e9 Athl\u00e9tisme<\/title>\n<meta name=\"robots\" content=\"index, follow, max-snippet:-1, max-image-preview:large, max-video-preview:-1\" \/>\n<link rel=\"canonical\" href=\"https:\/\/janze-athletisme.fr\/wordpress\/maryse-a-trc-une-perf-de-niveau-national-dans-sa-categorie\/\" \/>\n<meta property=\"og:locale\" content=\"fr_FR\" \/>\n<meta property=\"og:type\" content=\"article\" \/>\n<meta property=\"og:title\" content=\"Maryse \u00e0 TRC : une perf de niveau national dans sa cat\u00e9gorie ! - Janz\u00e9 Athl\u00e9tisme\" \/>\n<meta property=\"og:description\" content=\"TRC, dimanche 13 octobre Maryse Veyer avait annonc\u00e9 la couleur le 22 septembre avec son tr\u00e8s beau marathon de Tours couru en 3h14&rsquo;34. On la savait tr\u00e8s forte et apte \u00e0 revenir \u00e0 son meilleur niveau \u00e9galement sur le semi-marathon (1h23&rsquo;16 en 2010, 1h24&rsquo;59 en 2019). Elle n&rsquo;en est pas loin ce dimanche en terminant [&hellip;]\" \/>\n<meta property=\"og:url\" content=\"https:\/\/janze-athletisme.fr\/wordpress\/maryse-a-trc-une-perf-de-niveau-national-dans-sa-categorie\/\" \/>\n<meta property=\"og:site_name\" content=\"Janz\u00e9 Athl\u00e9tisme\" \/>\n<meta property=\"article:publisher\" content=\"https:\/\/www.facebook.com\/groups\/1007964579346590\" \/>\n<meta property=\"article:published_time\" content=\"2024-10-13T17:30:40+00:00\" \/>\n<meta property=\"article:modified_time\" content=\"2024-10-15T20:44:04+00:00\" \/>\n<meta property=\"og:image\" content=\"https:\/\/janze-athletisme.fr\/wordpress\/wp-content\/uploads\/2024\/10\/Maryse-Saulnieres-2.jpg\" \/>\n\t<meta property=\"og:image:width\" content=\"855\" \/>\n\t<meta property=\"og:image:height\" content=\"855\" \/>\n\t<meta property=\"og:image:type\" content=\"image\/jpeg\" \/>\n<meta name=\"author\" content=\"Laurent Meunier\" \/>\n<meta name=\"twitter:card\" content=\"summary_large_image\" \/>\n<meta name=\"twitter:label1\" content=\"\u00c9crit par\" \/>\n\t<meta name=\"twitter:data1\" content=\"Laurent Meunier\" \/>\n\t<meta name=\"twitter:label2\" content=\"Dur\u00e9e de lecture estim\u00e9e\" \/>\n\t<meta name=\"twitter:data2\" content=\"2 minutes\" \/>\n<script type=\"application\/ld+json\" class=\"yoast-schema-graph\">{\"@context\":\"https:\\\/\\\/schema.org\",\"@graph\":[{\"@type\":\"Article\",\"@id\":\"https:\\\/\\\/janze-athletisme.fr\\\/wordpress\\\/maryse-a-trc-une-perf-de-niveau-national-dans-sa-categorie\\\/#article\",\"isPartOf\":{\"@id\":\"https:\\\/\\\/janze-athletisme.fr\\\/wordpress\\\/maryse-a-trc-une-perf-de-niveau-national-dans-sa-categorie\\\/\"},\"author\":{\"name\":\"Laurent Meunier\",\"@id\":\"https:\\\/\\\/janze-athletisme.fr\\\/wordpress\\\/#\\\/schema\\\/person\\\/c7b063dcfa6234c041d4d9b26cc2ea03\"},\"headline\":\"Maryse \u00e0 TRC : une perf de niveau national dans sa cat\u00e9gorie !\",\"datePublished\":\"2024-10-13T17:30:40+00:00\",\"dateModified\":\"2024-10-15T20:44:04+00:00\",\"mainEntityOfPage\":{\"@id\":\"https:\\\/\\\/janze-athletisme.fr\\\/wordpress\\\/maryse-a-trc-une-perf-de-niveau-national-dans-sa-categorie\\\/\"},\"wordCount\":165,\"commentCount\":1,\"publisher\":{\"@id\":\"https:\\\/\\\/janze-athletisme.fr\\\/wordpress\\\/#organization\"},\"image\":{\"@id\":\"https:\\\/\\\/janze-athletisme.fr\\\/wordpress\\\/maryse-a-trc-une-perf-de-niveau-national-dans-sa-categorie\\\/#primaryimage\"},\"thumbnailUrl\":\"https:\\\/\\\/janze-athletisme.fr\\\/wordpress\\\/wp-content\\\/uploads\\\/2024\\\/10\\\/Maryse-Saulnieres-2.jpg\",\"articleSection\":[\"Le club au jour le jour\"],\"inLanguage\":\"fr-FR\",\"potentialAction\":[{\"@type\":\"CommentAction\",\"name\":\"Comment\",\"target\":[\"https:\\\/\\\/janze-athletisme.fr\\\/wordpress\\\/maryse-a-trc-une-perf-de-niveau-national-dans-sa-categorie\\\/#respond\"]}]},{\"@type\":\"WebPage\",\"@id\":\"https:\\\/\\\/janze-athletisme.fr\\\/wordpress\\\/maryse-a-trc-une-perf-de-niveau-national-dans-sa-categorie\\\/\",\"url\":\"https:\\\/\\\/janze-athletisme.fr\\\/wordpress\\\/maryse-a-trc-une-perf-de-niveau-national-dans-sa-categorie\\\/\",\"name\":\"Maryse \u00e0 TRC : une perf de niveau national dans sa cat\u00e9gorie ! - Janz\u00e9 Athl\u00e9tisme\",\"isPartOf\":{\"@id\":\"https:\\\/\\\/janze-athletisme.fr\\\/wordpress\\\/#website\"},\"primaryImageOfPage\":{\"@id\":\"https:\\\/\\\/janze-athletisme.fr\\\/wordpress\\\/maryse-a-trc-une-perf-de-niveau-national-dans-sa-categorie\\\/#primaryimage\"},\"image\":{\"@id\":\"https:\\\/\\\/janze-athletisme.fr\\\/wordpress\\\/maryse-a-trc-une-perf-de-niveau-national-dans-sa-categorie\\\/#primaryimage\"},\"thumbnailUrl\":\"https:\\\/\\\/janze-athletisme.fr\\\/wordpress\\\/wp-content\\\/uploads\\\/2024\\\/10\\\/Maryse-Saulnieres-2.jpg\",\"datePublished\":\"2024-10-13T17:30:40+00:00\",\"dateModified\":\"2024-10-15T20:44:04+00:00\",\"breadcrumb\":{\"@id\":\"https:\\\/\\\/janze-athletisme.fr\\\/wordpress\\\/maryse-a-trc-une-perf-de-niveau-national-dans-sa-categorie\\\/#breadcrumb\"},\"inLanguage\":\"fr-FR\",\"potentialAction\":[{\"@type\":\"ReadAction\",\"target\":[\"https:\\\/\\\/janze-athletisme.fr\\\/wordpress\\\/maryse-a-trc-une-perf-de-niveau-national-dans-sa-categorie\\\/\"]}]},{\"@type\":\"ImageObject\",\"inLanguage\":\"fr-FR\",\"@id\":\"https:\\\/\\\/janze-athletisme.fr\\\/wordpress\\\/maryse-a-trc-une-perf-de-niveau-national-dans-sa-categorie\\\/#primaryimage\",\"url\":\"https:\\\/\\\/janze-athletisme.fr\\\/wordpress\\\/wp-content\\\/uploads\\\/2024\\\/10\\\/Maryse-Saulnieres-2.jpg\",\"contentUrl\":\"https:\\\/\\\/janze-athletisme.fr\\\/wordpress\\\/wp-content\\\/uploads\\\/2024\\\/10\\\/Maryse-Saulnieres-2.jpg\",\"width\":855,\"height\":855},{\"@type\":\"BreadcrumbList\",\"@id\":\"https:\\\/\\\/janze-athletisme.fr\\\/wordpress\\\/maryse-a-trc-une-perf-de-niveau-national-dans-sa-categorie\\\/#breadcrumb\",\"itemListElement\":[{\"@type\":\"ListItem\",\"position\":1,\"name\":\"Accueil\",\"item\":\"https:\\\/\\\/janze-athletisme.fr\\\/wordpress\\\/\"},{\"@type\":\"ListItem\",\"position\":2,\"name\":\"Maryse \u00e0 TRC : une perf de niveau national dans sa cat\u00e9gorie !\"}]},{\"@type\":\"WebSite\",\"@id\":\"https:\\\/\\\/janze-athletisme.fr\\\/wordpress\\\/#website\",\"url\":\"https:\\\/\\\/janze-athletisme.fr\\\/wordpress\\\/\",\"name\":\"Janz\u00e9 Athl\u00e9tisme\",\"description\":\"Pays de La Roche aux F\u00e9es\",\"publisher\":{\"@id\":\"https:\\\/\\\/janze-athletisme.fr\\\/wordpress\\\/#organization\"},\"potentialAction\":[{\"@type\":\"SearchAction\",\"target\":{\"@type\":\"EntryPoint\",\"urlTemplate\":\"https:\\\/\\\/janze-athletisme.fr\\\/wordpress\\\/?s={search_term_string}\"},\"query-input\":{\"@type\":\"PropertyValueSpecification\",\"valueRequired\":true,\"valueName\":\"search_term_string\"}}],\"inLanguage\":\"fr-FR\"},{\"@type\":\"Organization\",\"@id\":\"https:\\\/\\\/janze-athletisme.fr\\\/wordpress\\\/#organization\",\"name\":\"Janz\u00e9 Athl\u00e9tisme\",\"url\":\"https:\\\/\\\/janze-athletisme.fr\\\/wordpress\\\/\",\"logo\":{\"@type\":\"ImageObject\",\"inLanguage\":\"fr-FR\",\"@id\":\"https:\\\/\\\/janze-athletisme.fr\\\/wordpress\\\/#\\\/schema\\\/logo\\\/image\\\/\",\"url\":\"https:\\\/\\\/janze-athletisme.fr\\\/wordpress\\\/wp-content\\\/uploads\\\/2015\\\/03\\\/logo-full1.jpg\",\"contentUrl\":\"https:\\\/\\\/janze-athletisme.fr\\\/wordpress\\\/wp-content\\\/uploads\\\/2015\\\/03\\\/logo-full1.jpg\",\"width\":437,\"height\":205,\"caption\":\"Janz\u00e9 Athl\u00e9tisme\"},\"image\":{\"@id\":\"https:\\\/\\\/janze-athletisme.fr\\\/wordpress\\\/#\\\/schema\\\/logo\\\/image\\\/\"},\"sameAs\":[\"https:\\\/\\\/www.facebook.com\\\/groups\\\/1007964579346590\"]},{\"@type\":\"Person\",\"@id\":\"https:\\\/\\\/janze-athletisme.fr\\\/wordpress\\\/#\\\/schema\\\/person\\\/c7b063dcfa6234c041d4d9b26cc2ea03\",\"name\":\"Laurent Meunier\",\"image\":{\"@type\":\"ImageObject\",\"inLanguage\":\"fr-FR\",\"@id\":\"https:\\\/\\\/secure.gravatar.com\\\/avatar\\\/dd25d581ad7c3349090f2fa6a9adb6bfa287e6a5dd8a5216a092727cd8749034?s=96&d=mm&r=g\",\"url\":\"https:\\\/\\\/secure.gravatar.com\\\/avatar\\\/dd25d581ad7c3349090f2fa6a9adb6bfa287e6a5dd8a5216a092727cd8749034?s=96&d=mm&r=g\",\"contentUrl\":\"https:\\\/\\\/secure.gravatar.com\\\/avatar\\\/dd25d581ad7c3349090f2fa6a9adb6bfa287e6a5dd8a5216a092727cd8749034?s=96&d=mm&r=g\",\"caption\":\"Laurent Meunier\"},\"url\":\"https:\\\/\\\/janze-athletisme.fr\\\/wordpress\\\/author\\\/laurent-meunier35\\\/\"}]}<\/script>\n<!-- \/ Yoast SEO plugin. -->","yoast_head_json":{"title":"Maryse \u00e0 TRC : une perf de niveau national dans sa cat\u00e9gorie ! - Janz\u00e9 Athl\u00e9tisme","robots":{"index":"index","follow":"follow","max-snippet":"max-snippet:-1","max-image-preview":"max-image-preview:large","max-video-preview":"max-video-preview:-1"},"canonical":"https:\/\/janze-athletisme.fr\/wordpress\/maryse-a-trc-une-perf-de-niveau-national-dans-sa-categorie\/","og_locale":"fr_FR","og_type":"article","og_title":"Maryse \u00e0 TRC : une perf de niveau national dans sa cat\u00e9gorie ! - Janz\u00e9 Athl\u00e9tisme","og_description":"TRC, dimanche 13 octobre Maryse Veyer avait annonc\u00e9 la couleur le 22 septembre avec son tr\u00e8s beau marathon de Tours couru en 3h14&rsquo;34. On la savait tr\u00e8s forte et apte \u00e0 revenir \u00e0 son meilleur niveau \u00e9galement sur le semi-marathon (1h23&rsquo;16 en 2010, 1h24&rsquo;59 en 2019). Elle n&rsquo;en est pas loin ce dimanche en terminant [&hellip;]","og_url":"https:\/\/janze-athletisme.fr\/wordpress\/maryse-a-trc-une-perf-de-niveau-national-dans-sa-categorie\/","og_site_name":"Janz\u00e9 Athl\u00e9tisme","article_publisher":"https:\/\/www.facebook.com\/groups\/1007964579346590","article_published_time":"2024-10-13T17:30:40+00:00","article_modified_time":"2024-10-15T20:44:04+00:00","og_image":[{"width":855,"height":855,"url":"https:\/\/janze-athletisme.fr\/wordpress\/wp-content\/uploads\/2024\/10\/Maryse-Saulnieres-2.jpg","type":"image\/jpeg"}],"author":"Laurent Meunier","twitter_card":"summary_large_image","twitter_misc":{"\u00c9crit par":"Laurent Meunier","Dur\u00e9e de lecture estim\u00e9e":"2 minutes"},"schema":{"@context":"https:\/\/schema.org","@graph":[{"@type":"Article","@id":"https:\/\/janze-athletisme.fr\/wordpress\/maryse-a-trc-une-perf-de-niveau-national-dans-sa-categorie\/#article","isPartOf":{"@id":"https:\/\/janze-athletisme.fr\/wordpress\/maryse-a-trc-une-perf-de-niveau-national-dans-sa-categorie\/"},"author":{"name":"Laurent Meunier","@id":"https:\/\/janze-athletisme.fr\/wordpress\/#\/schema\/person\/c7b063dcfa6234c041d4d9b26cc2ea03"},"headline":"Maryse \u00e0 TRC : une perf de niveau national dans sa cat\u00e9gorie !","datePublished":"2024-10-13T17:30:40+00:00","dateModified":"2024-10-15T20:44:04+00:00","mainEntityOfPage":{"@id":"https:\/\/janze-athletisme.fr\/wordpress\/maryse-a-trc-une-perf-de-niveau-national-dans-sa-categorie\/"},"wordCount":165,"commentCount":1,"publisher":{"@id":"https:\/\/janze-athletisme.fr\/wordpress\/#organization"},"image":{"@id":"https:\/\/janze-athletisme.fr\/wordpress\/maryse-a-trc-une-perf-de-niveau-national-dans-sa-categorie\/#primaryimage"},"thumbnailUrl":"https:\/\/janze-athletisme.fr\/wordpress\/wp-content\/uploads\/2024\/10\/Maryse-Saulnieres-2.jpg","articleSection":["Le club au jour le jour"],"inLanguage":"fr-FR","potentialAction":[{"@type":"CommentAction","name":"Comment","target":["https:\/\/janze-athletisme.fr\/wordpress\/maryse-a-trc-une-perf-de-niveau-national-dans-sa-categorie\/#respond"]}]},{"@type":"WebPage","@id":"https:\/\/janze-athletisme.fr\/wordpress\/maryse-a-trc-une-perf-de-niveau-national-dans-sa-categorie\/","url":"https:\/\/janze-athletisme.fr\/wordpress\/maryse-a-trc-une-perf-de-niveau-national-dans-sa-categorie\/","name":"Maryse \u00e0 TRC : une perf de niveau national dans sa cat\u00e9gorie ! - Janz\u00e9 Athl\u00e9tisme","isPartOf":{"@id":"https:\/\/janze-athletisme.fr\/wordpress\/#website"},"primaryImageOfPage":{"@id":"https:\/\/janze-athletisme.fr\/wordpress\/maryse-a-trc-une-perf-de-niveau-national-dans-sa-categorie\/#primaryimage"},"image":{"@id":"https:\/\/janze-athletisme.fr\/wordpress\/maryse-a-trc-une-perf-de-niveau-national-dans-sa-categorie\/#primaryimage"},"thumbnailUrl":"https:\/\/janze-athletisme.fr\/wordpress\/wp-content\/uploads\/2024\/10\/Maryse-Saulnieres-2.jpg","datePublished":"2024-10-13T17:30:40+00:00","dateModified":"2024-10-15T20:44:04+00:00","breadcrumb":{"@id":"https:\/\/janze-athletisme.fr\/wordpress\/maryse-a-trc-une-perf-de-niveau-national-dans-sa-categorie\/#breadcrumb"},"inLanguage":"fr-FR","potentialAction":[{"@type":"ReadAction","target":["https:\/\/janze-athletisme.fr\/wordpress\/maryse-a-trc-une-perf-de-niveau-national-dans-sa-categorie\/"]}]},{"@type":"ImageObject","inLanguage":"fr-FR","@id":"https:\/\/janze-athletisme.fr\/wordpress\/maryse-a-trc-une-perf-de-niveau-national-dans-sa-categorie\/#primaryimage","url":"https:\/\/janze-athletisme.fr\/wordpress\/wp-content\/uploads\/2024\/10\/Maryse-Saulnieres-2.jpg","contentUrl":"https:\/\/janze-athletisme.fr\/wordpress\/wp-content\/uploads\/2024\/10\/Maryse-Saulnieres-2.jpg","width":855,"height":855},{"@type":"BreadcrumbList","@id":"https:\/\/janze-athletisme.fr\/wordpress\/maryse-a-trc-une-perf-de-niveau-national-dans-sa-categorie\/#breadcrumb","itemListElement":[{"@type":"ListItem","position":1,"name":"Accueil","item":"https:\/\/janze-athletisme.fr\/wordpress\/"},{"@type":"ListItem","position":2,"name":"Maryse \u00e0 TRC : une perf de niveau national dans sa cat\u00e9gorie !"}]},{"@type":"WebSite","@id":"https:\/\/janze-athletisme.fr\/wordpress\/#website","url":"https:\/\/janze-athletisme.fr\/wordpress\/","name":"Janz\u00e9 Athl\u00e9tisme","description":"Pays de La Roche aux F\u00e9es","publisher":{"@id":"https:\/\/janze-athletisme.fr\/wordpress\/#organization"},"potentialAction":[{"@type":"SearchAction","target":{"@type":"EntryPoint","urlTemplate":"https:\/\/janze-athletisme.fr\/wordpress\/?s={search_term_string}"},"query-input":{"@type":"PropertyValueSpecification","valueRequired":true,"valueName":"search_term_string"}}],"inLanguage":"fr-FR"},{"@type":"Organization","@id":"https:\/\/janze-athletisme.fr\/wordpress\/#organization","name":"Janz\u00e9 Athl\u00e9tisme","url":"https:\/\/janze-athletisme.fr\/wordpress\/","logo":{"@type":"ImageObject","inLanguage":"fr-FR","@id":"https:\/\/janze-athletisme.fr\/wordpress\/#\/schema\/logo\/image\/","url":"https:\/\/janze-athletisme.fr\/wordpress\/wp-content\/uploads\/2015\/03\/logo-full1.jpg","contentUrl":"https:\/\/janze-athletisme.fr\/wordpress\/wp-content\/uploads\/2015\/03\/logo-full1.jpg","width":437,"height":205,"caption":"Janz\u00e9 Athl\u00e9tisme"},"image":{"@id":"https:\/\/janze-athletisme.fr\/wordpress\/#\/schema\/logo\/image\/"},"sameAs":["https:\/\/www.facebook.com\/groups\/1007964579346590"]},{"@type":"Person","@id":"https:\/\/janze-athletisme.fr\/wordpress\/#\/schema\/person\/c7b063dcfa6234c041d4d9b26cc2ea03","name":"Laurent Meunier","image":{"@type":"ImageObject","inLanguage":"fr-FR","@id":"https:\/\/secure.gravatar.com\/avatar\/dd25d581ad7c3349090f2fa6a9adb6bfa287e6a5dd8a5216a092727cd8749034?s=96&d=mm&r=g","url":"https:\/\/secure.gravatar.com\/avatar\/dd25d581ad7c3349090f2fa6a9adb6bfa287e6a5dd8a5216a092727cd8749034?s=96&d=mm&r=g","contentUrl":"https:\/\/secure.gravatar.com\/avatar\/dd25d581ad7c3349090f2fa6a9adb6bfa287e6a5dd8a5216a092727cd8749034?s=96&d=mm&r=g","caption":"Laurent Meunier"},"url":"https:\/\/janze-athletisme.fr\/wordpress\/author\/laurent-meunier35\/"}]}},"uagb_featured_image_src":{"full":["https:\/\/janze-athletisme.fr\/wordpress\/wp-content\/uploads\/2024\/10\/Maryse-Saulnieres-2.jpg",855,855,false],"thumbnail":["https:\/\/janze-athletisme.fr\/wordpress\/wp-content\/uploads\/2024\/10\/Maryse-Saulnieres-2-150x150.jpg",150,150,true],"medium":["https:\/\/janze-athletisme.fr\/wordpress\/wp-content\/uploads\/2024\/10\/Maryse-Saulnieres-2-300x300.jpg",300,300,true],"medium_large":["https:\/\/janze-athletisme.fr\/wordpress\/wp-content\/uploads\/2024\/10\/Maryse-Saulnieres-2-768x768.jpg",768,768,true],"large":["https:\/\/janze-athletisme.fr\/wordpress\/wp-content\/uploads\/2024\/10\/Maryse-Saulnieres-2.jpg",855,855,false],"1536x1536":["https:\/\/janze-athletisme.fr\/wordpress\/wp-content\/uploads\/2024\/10\/Maryse-Saulnieres-2.jpg",855,855,false],"2048x2048":["https:\/\/janze-athletisme.fr\/wordpress\/wp-content\/uploads\/2024\/10\/Maryse-Saulnieres-2.jpg",855,855,false]},"uagb_author_info":{"display_name":"Laurent Meunier","author_link":"https:\/\/janze-athletisme.fr\/wordpress\/author\/laurent-meunier35\/"},"uagb_comment_info":1,"uagb_excerpt":"TRC, dimanche 13 octobre Maryse Veyer avait annonc\u00e9 la couleur le 22 septembre avec son tr\u00e8s beau marathon de Tours couru en 3h14&rsquo;34. On la savait tr\u00e8s forte et apte \u00e0 revenir \u00e0 son meilleur niveau \u00e9galement sur le semi-marathon (1h23&rsquo;16 en 2010, 1h24&rsquo;59 en 2019). Elle n&rsquo;en est pas loin ce dimanche en terminant\u2026","_links":{"self":[{"href":"https:\/\/janze-athletisme.fr\/wordpress\/wp-json\/wp\/v2\/posts\/21165","targetHints":{"allow":["GET"]}}],"collection":[{"href":"https:\/\/janze-athletisme.fr\/wordpress\/wp-json\/wp\/v2\/posts"}],"about":[{"href":"https:\/\/janze-athletisme.fr\/wordpress\/wp-json\/wp\/v2\/types\/post"}],"author":[{"embeddable":true,"href":"https:\/\/janze-athletisme.fr\/wordpress\/wp-json\/wp\/v2\/users\/12"}],"replies":[{"embeddable":true,"href":"https:\/\/janze-athletisme.fr\/wordpress\/wp-json\/wp\/v2\/comments?post=21165"}],"version-history":[{"count":5,"href":"https:\/\/janze-athletisme.fr\/wordpress\/wp-json\/wp\/v2\/posts\/21165\/revisions"}],"predecessor-version":[{"id":21253,"href":"https:\/\/janze-athletisme.fr\/wordpress\/wp-json\/wp\/v2\/posts\/21165\/revisions\/21253"}],"wp:featuredmedia":[{"embeddable":true,"href":"https:\/\/janze-athletisme.fr\/wordpress\/wp-json\/wp\/v2\/media\/21166"}],"wp:attachment":[{"href":"https:\/\/janze-athletisme.fr\/wordpress\/wp-json\/wp\/v2\/media?parent=21165"}],"wp:term":[{"taxonomy":"category","embeddable":true,"href":"https:\/\/janze-athletisme.fr\/wordpress\/wp-json\/wp\/v2\/categories?post=21165"},{"taxonomy":"post_tag","embeddable":true,"href":"https:\/\/janze-athletisme.fr\/wordpress\/wp-json\/wp\/v2\/tags?post=21165"}],"curies":[{"name":"wp","href":"https:\/\/api.w.org\/{rel}","templated":true}]}}