{"id":21022,"date":"2024-10-04T23:27:22","date_gmt":"2024-10-04T21:27:22","guid":{"rendered":"https:\/\/janze-athletisme.fr\/wordpress\/?p=21022"},"modified":"2024-10-04T23:34:48","modified_gmt":"2024-10-04T21:34:48","slug":"une-decision-difficile-a-prendre","status":"publish","type":"post","link":"https:\/\/janze-athletisme.fr\/wordpress\/une-decision-difficile-a-prendre\/","title":{"rendered":"Une d\u00e9cision difficile \u00e0 prendre&#8230;"},"content":{"rendered":"<p><span style=\"font-size: 18pt;\"><strong>Interclubs Avenir, l&rsquo;EAC 17e \u00e9quipe nationale en U23 N2.<\/strong><\/span><\/p>\n<p>Avec son score du 29 septembre, notre \u00e9quipe EAC U23 (cadets, juniors, espoirs) a r\u00e9alis\u00e9 la 3e performance bretonne (sa place \u00e0 Courtemanche), mais la 17e performance nationale en Nationale 2&#8230; Un superbe r\u00e9sultat ! A ce titre, elle \u00e9tait qualifiable pour la finale des championnats de France, qui se d\u00e9roule le dimanche 13 octobre \u00e0 Tourlaville. H\u00e9las, le 13 octobre \u00e9tait une date coch\u00e9e depuis un moment par pas mal d&rsquo;athl\u00e8tes de Janz\u00e9 Athl\u00e9. Le 13 octobre, c&rsquo;est le rituel rendez-vous de Tout Rennes Court. Il a donc \u00e9t\u00e9 demand\u00e9 \u00e0 nos cadets \/ cadettes \/ juniors du demi-fond de choisir entre participer \u00e0 une finale de championnat de France Interclubs, avec le bon espoir d&rsquo;entrer dans les huit meilleures \u00e9quipes nationales, ou de s&rsquo;en tenir \u00e0 l&rsquo;objectif pr\u00e9alablement fix\u00e9 de commencer \u00e0 pr\u00e9parer la saison de cross en se testant sur le 5km de Tout Rennes Court. Nos demi-fondeurs \/ demi-fondeuses ont opt\u00e9 pour la seconde option. L&rsquo;\u00e9quipe, amput\u00e9e de son demi-fond, n&rsquo;a donc pas \u00e9t\u00e9 inscrite. Il ne servait \u00e0 rien d&rsquo;aller \u00e0 Tourlaville pour faire moins bien qu&rsquo;\u00e0 Courtemanche. Il fallait faire mieux ou rien.<\/p>\n<p>Par contre, le rendez-vous est pris pour l&rsquo;ann\u00e9e prochaine. L&rsquo;\u00e9quipe a surpris son monde cette ann\u00e9e par cette qualification inattendue. Les cadets \/ cadettes vont grandir et continuer \u00e0 progresser. L&rsquo;\u00e9quipe 2025 sera redoutable. Cet incident est un accroc dans la belle collaboration entre Cesson et Janz\u00e9, mais il est de ces accrocs qui permettent de r\u00e9fl\u00e9chir et de faire mieux ensemble. Promis, la prochaine fois, on partage nos objectifs d\u00e8s la fin du mois d&rsquo;ao\u00fbt pour aller loin ensemble au mois d&rsquo;octobre. Partie remise&#8230; Et on sera encore plus heureux de se retrouver tous ensemble la prochaine fois. Bravo en tout cas pour cette belle perf collective du 29 septembre. \u00catre class\u00e9e 17e \u00e9quipe nationale U23 en N2, ce n&rsquo;est pas rien !<\/p>\n","protected":false},"excerpt":{"rendered":"<p>Interclubs Avenir, l&rsquo;EAC 17e \u00e9quipe nationale en U23 N2. Avec son score du 29 septembre, notre \u00e9quipe EAC U23 (cadets, juniors, espoirs) a r\u00e9alis\u00e9 la 3e performance bretonne (sa place \u00e0 Courtemanche), mais la 17e performance nationale en Nationale 2&#8230; Un superbe r\u00e9sultat ! A ce titre, elle \u00e9tait qualifiable pour la finale des championnats [&hellip;]<\/p>\n","protected":false},"author":12,"featured_media":21024,"comment_status":"open","ping_status":"open","sticky":false,"template":"","format":"aside","meta":{"_uag_custom_page_level_css":"","site-sidebar-layout":"default","site-content-layout":"","ast-site-content-layout":"default","site-content-style":"default","site-sidebar-style":"default","ast-global-header-display":"","ast-banner-title-visibility":"","ast-main-header-display":"","ast-hfb-above-header-display":"","ast-hfb-below-header-display":"","ast-hfb-mobile-header-display":"","site-post-title":"","ast-breadcrumbs-content":"","ast-featured-img":"","footer-sml-layout":"","ast-disable-related-posts":"","theme-transparent-header-meta":"default","adv-header-id-meta":"","stick-header-meta":"","header-above-stick-meta":"","header-main-stick-meta":"","header-below-stick-meta":"","astra-migrate-meta-layouts":"set","ast-page-background-enabled":"default","ast-page-background-meta":{"desktop":{"background-color":"var(--ast-global-color-4)","background-image":"","background-repeat":"repeat","background-position":"center center","background-size":"auto","background-attachment":"scroll","background-type":"","background-media":"","overlay-type":"","overlay-color":"","overlay-opacity":"","overlay-gradient":""},"tablet":{"background-color":"","background-image":"","background-repeat":"repeat","background-position":"center center","background-size":"auto","background-attachment":"scroll","background-type":"","background-media":"","overlay-type":"","overlay-color":"","overlay-opacity":"","overlay-gradient":""},"mobile":{"background-color":"","background-image":"","background-repeat":"repeat","background-position":"center center","background-size":"auto","background-attachment":"scroll","background-type":"","background-media":"","overlay-type":"","overlay-color":"","overlay-opacity":"","overlay-gradient":""}},"ast-content-background-meta":{"desktop":{"background-color":"var(--ast-global-color-5)","background-image":"","background-repeat":"repeat","background-position":"center center","background-size":"auto","background-attachment":"scroll","background-type":"","background-media":"","overlay-type":"","overlay-color":"","overlay-opacity":"","overlay-gradient":""},"tablet":{"background-color":"var(--ast-global-color-5)","background-image":"","background-repeat":"repeat","background-position":"center center","background-size":"auto","background-attachment":"scroll","background-type":"","background-media":"","overlay-type":"","overlay-color":"","overlay-opacity":"","overlay-gradient":""},"mobile":{"background-color":"var(--ast-global-color-5)","background-image":"","background-repeat":"repeat","background-position":"center center","background-size":"auto","background-attachment":"scroll","background-type":"","background-media":"","overlay-type":"","overlay-color":"","overlay-opacity":"","overlay-gradient":""}},"footnotes":""},"categories":[6],"tags":[],"class_list":["post-21022","post","type-post","status-publish","format-aside","has-post-thumbnail","hentry","category-sections","post_format-post-format-aside"],"yoast_head":"<!-- This site is optimized with the Yoast SEO plugin v27.5 - https:\/\/yoast.com\/product\/yoast-seo-wordpress\/ -->\n<title>Une d\u00e9cision difficile \u00e0 prendre... - Janz\u00e9 Athl\u00e9tisme<\/title>\n<meta name=\"robots\" content=\"index, follow, max-snippet:-1, max-image-preview:large, max-video-preview:-1\" \/>\n<link rel=\"canonical\" href=\"https:\/\/janze-athletisme.fr\/wordpress\/une-decision-difficile-a-prendre\/\" \/>\n<meta property=\"og:locale\" content=\"fr_FR\" \/>\n<meta property=\"og:type\" content=\"article\" \/>\n<meta property=\"og:title\" content=\"Une d\u00e9cision difficile \u00e0 prendre... - Janz\u00e9 Athl\u00e9tisme\" \/>\n<meta property=\"og:description\" content=\"Interclubs Avenir, l&rsquo;EAC 17e \u00e9quipe nationale en U23 N2. Avec son score du 29 septembre, notre \u00e9quipe EAC U23 (cadets, juniors, espoirs) a r\u00e9alis\u00e9 la 3e performance bretonne (sa place \u00e0 Courtemanche), mais la 17e performance nationale en Nationale 2&#8230; Un superbe r\u00e9sultat ! A ce titre, elle \u00e9tait qualifiable pour la finale des championnats [&hellip;]\" \/>\n<meta property=\"og:url\" content=\"https:\/\/janze-athletisme.fr\/wordpress\/une-decision-difficile-a-prendre\/\" \/>\n<meta property=\"og:site_name\" content=\"Janz\u00e9 Athl\u00e9tisme\" \/>\n<meta property=\"article:publisher\" content=\"https:\/\/www.facebook.com\/groups\/1007964579346590\" \/>\n<meta property=\"article:published_time\" content=\"2024-10-04T21:27:22+00:00\" \/>\n<meta property=\"article:modified_time\" content=\"2024-10-04T21:34:48+00:00\" \/>\n<meta property=\"og:image\" content=\"https:\/\/janze-athletisme.fr\/wordpress\/wp-content\/uploads\/2024\/10\/Lucie-29sept2024.jpg\" \/>\n\t<meta property=\"og:image:width\" content=\"1500\" \/>\n\t<meta property=\"og:image:height\" content=\"1500\" \/>\n\t<meta property=\"og:image:type\" content=\"image\/jpeg\" \/>\n<meta name=\"author\" content=\"Laurent Meunier\" \/>\n<meta name=\"twitter:card\" content=\"summary_large_image\" \/>\n<meta name=\"twitter:label1\" content=\"\u00c9crit par\" \/>\n\t<meta name=\"twitter:data1\" content=\"Laurent Meunier\" \/>\n\t<meta name=\"twitter:label2\" content=\"Dur\u00e9e de lecture estim\u00e9e\" \/>\n\t<meta name=\"twitter:data2\" content=\"2 minutes\" \/>\n<script type=\"application\/ld+json\" class=\"yoast-schema-graph\">{\"@context\":\"https:\\\/\\\/schema.org\",\"@graph\":[{\"@type\":\"Article\",\"@id\":\"https:\\\/\\\/janze-athletisme.fr\\\/wordpress\\\/une-decision-difficile-a-prendre\\\/#article\",\"isPartOf\":{\"@id\":\"https:\\\/\\\/janze-athletisme.fr\\\/wordpress\\\/une-decision-difficile-a-prendre\\\/\"},\"author\":{\"name\":\"Laurent Meunier\",\"@id\":\"https:\\\/\\\/janze-athletisme.fr\\\/wordpress\\\/#\\\/schema\\\/person\\\/c7b063dcfa6234c041d4d9b26cc2ea03\"},\"headline\":\"Une d\u00e9cision difficile \u00e0 prendre&#8230;\",\"datePublished\":\"2024-10-04T21:27:22+00:00\",\"dateModified\":\"2024-10-04T21:34:48+00:00\",\"mainEntityOfPage\":{\"@id\":\"https:\\\/\\\/janze-athletisme.fr\\\/wordpress\\\/une-decision-difficile-a-prendre\\\/\"},\"wordCount\":336,\"commentCount\":0,\"publisher\":{\"@id\":\"https:\\\/\\\/janze-athletisme.fr\\\/wordpress\\\/#organization\"},\"image\":{\"@id\":\"https:\\\/\\\/janze-athletisme.fr\\\/wordpress\\\/une-decision-difficile-a-prendre\\\/#primaryimage\"},\"thumbnailUrl\":\"https:\\\/\\\/janze-athletisme.fr\\\/wordpress\\\/wp-content\\\/uploads\\\/2024\\\/10\\\/Lucie-29sept2024.jpg\",\"articleSection\":[\"Le club au jour le jour\"],\"inLanguage\":\"fr-FR\",\"potentialAction\":[{\"@type\":\"CommentAction\",\"name\":\"Comment\",\"target\":[\"https:\\\/\\\/janze-athletisme.fr\\\/wordpress\\\/une-decision-difficile-a-prendre\\\/#respond\"]}]},{\"@type\":\"WebPage\",\"@id\":\"https:\\\/\\\/janze-athletisme.fr\\\/wordpress\\\/une-decision-difficile-a-prendre\\\/\",\"url\":\"https:\\\/\\\/janze-athletisme.fr\\\/wordpress\\\/une-decision-difficile-a-prendre\\\/\",\"name\":\"Une d\u00e9cision difficile \u00e0 prendre... - Janz\u00e9 Athl\u00e9tisme\",\"isPartOf\":{\"@id\":\"https:\\\/\\\/janze-athletisme.fr\\\/wordpress\\\/#website\"},\"primaryImageOfPage\":{\"@id\":\"https:\\\/\\\/janze-athletisme.fr\\\/wordpress\\\/une-decision-difficile-a-prendre\\\/#primaryimage\"},\"image\":{\"@id\":\"https:\\\/\\\/janze-athletisme.fr\\\/wordpress\\\/une-decision-difficile-a-prendre\\\/#primaryimage\"},\"thumbnailUrl\":\"https:\\\/\\\/janze-athletisme.fr\\\/wordpress\\\/wp-content\\\/uploads\\\/2024\\\/10\\\/Lucie-29sept2024.jpg\",\"datePublished\":\"2024-10-04T21:27:22+00:00\",\"dateModified\":\"2024-10-04T21:34:48+00:00\",\"breadcrumb\":{\"@id\":\"https:\\\/\\\/janze-athletisme.fr\\\/wordpress\\\/une-decision-difficile-a-prendre\\\/#breadcrumb\"},\"inLanguage\":\"fr-FR\",\"potentialAction\":[{\"@type\":\"ReadAction\",\"target\":[\"https:\\\/\\\/janze-athletisme.fr\\\/wordpress\\\/une-decision-difficile-a-prendre\\\/\"]}]},{\"@type\":\"ImageObject\",\"inLanguage\":\"fr-FR\",\"@id\":\"https:\\\/\\\/janze-athletisme.fr\\\/wordpress\\\/une-decision-difficile-a-prendre\\\/#primaryimage\",\"url\":\"https:\\\/\\\/janze-athletisme.fr\\\/wordpress\\\/wp-content\\\/uploads\\\/2024\\\/10\\\/Lucie-29sept2024.jpg\",\"contentUrl\":\"https:\\\/\\\/janze-athletisme.fr\\\/wordpress\\\/wp-content\\\/uploads\\\/2024\\\/10\\\/Lucie-29sept2024.jpg\",\"width\":1500,\"height\":1500},{\"@type\":\"BreadcrumbList\",\"@id\":\"https:\\\/\\\/janze-athletisme.fr\\\/wordpress\\\/une-decision-difficile-a-prendre\\\/#breadcrumb\",\"itemListElement\":[{\"@type\":\"ListItem\",\"position\":1,\"name\":\"Accueil\",\"item\":\"https:\\\/\\\/janze-athletisme.fr\\\/wordpress\\\/\"},{\"@type\":\"ListItem\",\"position\":2,\"name\":\"Une d\u00e9cision difficile \u00e0 prendre&#8230;\"}]},{\"@type\":\"WebSite\",\"@id\":\"https:\\\/\\\/janze-athletisme.fr\\\/wordpress\\\/#website\",\"url\":\"https:\\\/\\\/janze-athletisme.fr\\\/wordpress\\\/\",\"name\":\"Janz\u00e9 Athl\u00e9tisme\",\"description\":\"Pays de La Roche aux F\u00e9es\",\"publisher\":{\"@id\":\"https:\\\/\\\/janze-athletisme.fr\\\/wordpress\\\/#organization\"},\"potentialAction\":[{\"@type\":\"SearchAction\",\"target\":{\"@type\":\"EntryPoint\",\"urlTemplate\":\"https:\\\/\\\/janze-athletisme.fr\\\/wordpress\\\/?s={search_term_string}\"},\"query-input\":{\"@type\":\"PropertyValueSpecification\",\"valueRequired\":true,\"valueName\":\"search_term_string\"}}],\"inLanguage\":\"fr-FR\"},{\"@type\":\"Organization\",\"@id\":\"https:\\\/\\\/janze-athletisme.fr\\\/wordpress\\\/#organization\",\"name\":\"Janz\u00e9 Athl\u00e9tisme\",\"url\":\"https:\\\/\\\/janze-athletisme.fr\\\/wordpress\\\/\",\"logo\":{\"@type\":\"ImageObject\",\"inLanguage\":\"fr-FR\",\"@id\":\"https:\\\/\\\/janze-athletisme.fr\\\/wordpress\\\/#\\\/schema\\\/logo\\\/image\\\/\",\"url\":\"https:\\\/\\\/janze-athletisme.fr\\\/wordpress\\\/wp-content\\\/uploads\\\/2015\\\/03\\\/logo-full1.jpg\",\"contentUrl\":\"https:\\\/\\\/janze-athletisme.fr\\\/wordpress\\\/wp-content\\\/uploads\\\/2015\\\/03\\\/logo-full1.jpg\",\"width\":437,\"height\":205,\"caption\":\"Janz\u00e9 Athl\u00e9tisme\"},\"image\":{\"@id\":\"https:\\\/\\\/janze-athletisme.fr\\\/wordpress\\\/#\\\/schema\\\/logo\\\/image\\\/\"},\"sameAs\":[\"https:\\\/\\\/www.facebook.com\\\/groups\\\/1007964579346590\"]},{\"@type\":\"Person\",\"@id\":\"https:\\\/\\\/janze-athletisme.fr\\\/wordpress\\\/#\\\/schema\\\/person\\\/c7b063dcfa6234c041d4d9b26cc2ea03\",\"name\":\"Laurent Meunier\",\"image\":{\"@type\":\"ImageObject\",\"inLanguage\":\"fr-FR\",\"@id\":\"https:\\\/\\\/secure.gravatar.com\\\/avatar\\\/dd25d581ad7c3349090f2fa6a9adb6bfa287e6a5dd8a5216a092727cd8749034?s=96&d=mm&r=g\",\"url\":\"https:\\\/\\\/secure.gravatar.com\\\/avatar\\\/dd25d581ad7c3349090f2fa6a9adb6bfa287e6a5dd8a5216a092727cd8749034?s=96&d=mm&r=g\",\"contentUrl\":\"https:\\\/\\\/secure.gravatar.com\\\/avatar\\\/dd25d581ad7c3349090f2fa6a9adb6bfa287e6a5dd8a5216a092727cd8749034?s=96&d=mm&r=g\",\"caption\":\"Laurent Meunier\"},\"url\":\"https:\\\/\\\/janze-athletisme.fr\\\/wordpress\\\/author\\\/laurent-meunier35\\\/\"}]}<\/script>\n<!-- \/ Yoast SEO plugin. -->","yoast_head_json":{"title":"Une d\u00e9cision difficile \u00e0 prendre... - Janz\u00e9 Athl\u00e9tisme","robots":{"index":"index","follow":"follow","max-snippet":"max-snippet:-1","max-image-preview":"max-image-preview:large","max-video-preview":"max-video-preview:-1"},"canonical":"https:\/\/janze-athletisme.fr\/wordpress\/une-decision-difficile-a-prendre\/","og_locale":"fr_FR","og_type":"article","og_title":"Une d\u00e9cision difficile \u00e0 prendre... - Janz\u00e9 Athl\u00e9tisme","og_description":"Interclubs Avenir, l&rsquo;EAC 17e \u00e9quipe nationale en U23 N2. Avec son score du 29 septembre, notre \u00e9quipe EAC U23 (cadets, juniors, espoirs) a r\u00e9alis\u00e9 la 3e performance bretonne (sa place \u00e0 Courtemanche), mais la 17e performance nationale en Nationale 2&#8230; Un superbe r\u00e9sultat ! A ce titre, elle \u00e9tait qualifiable pour la finale des championnats [&hellip;]","og_url":"https:\/\/janze-athletisme.fr\/wordpress\/une-decision-difficile-a-prendre\/","og_site_name":"Janz\u00e9 Athl\u00e9tisme","article_publisher":"https:\/\/www.facebook.com\/groups\/1007964579346590","article_published_time":"2024-10-04T21:27:22+00:00","article_modified_time":"2024-10-04T21:34:48+00:00","og_image":[{"width":1500,"height":1500,"url":"https:\/\/janze-athletisme.fr\/wordpress\/wp-content\/uploads\/2024\/10\/Lucie-29sept2024.jpg","type":"image\/jpeg"}],"author":"Laurent Meunier","twitter_card":"summary_large_image","twitter_misc":{"\u00c9crit par":"Laurent Meunier","Dur\u00e9e de lecture estim\u00e9e":"2 minutes"},"schema":{"@context":"https:\/\/schema.org","@graph":[{"@type":"Article","@id":"https:\/\/janze-athletisme.fr\/wordpress\/une-decision-difficile-a-prendre\/#article","isPartOf":{"@id":"https:\/\/janze-athletisme.fr\/wordpress\/une-decision-difficile-a-prendre\/"},"author":{"name":"Laurent Meunier","@id":"https:\/\/janze-athletisme.fr\/wordpress\/#\/schema\/person\/c7b063dcfa6234c041d4d9b26cc2ea03"},"headline":"Une d\u00e9cision difficile \u00e0 prendre&#8230;","datePublished":"2024-10-04T21:27:22+00:00","dateModified":"2024-10-04T21:34:48+00:00","mainEntityOfPage":{"@id":"https:\/\/janze-athletisme.fr\/wordpress\/une-decision-difficile-a-prendre\/"},"wordCount":336,"commentCount":0,"publisher":{"@id":"https:\/\/janze-athletisme.fr\/wordpress\/#organization"},"image":{"@id":"https:\/\/janze-athletisme.fr\/wordpress\/une-decision-difficile-a-prendre\/#primaryimage"},"thumbnailUrl":"https:\/\/janze-athletisme.fr\/wordpress\/wp-content\/uploads\/2024\/10\/Lucie-29sept2024.jpg","articleSection":["Le club au jour le jour"],"inLanguage":"fr-FR","potentialAction":[{"@type":"CommentAction","name":"Comment","target":["https:\/\/janze-athletisme.fr\/wordpress\/une-decision-difficile-a-prendre\/#respond"]}]},{"@type":"WebPage","@id":"https:\/\/janze-athletisme.fr\/wordpress\/une-decision-difficile-a-prendre\/","url":"https:\/\/janze-athletisme.fr\/wordpress\/une-decision-difficile-a-prendre\/","name":"Une d\u00e9cision difficile \u00e0 prendre... - Janz\u00e9 Athl\u00e9tisme","isPartOf":{"@id":"https:\/\/janze-athletisme.fr\/wordpress\/#website"},"primaryImageOfPage":{"@id":"https:\/\/janze-athletisme.fr\/wordpress\/une-decision-difficile-a-prendre\/#primaryimage"},"image":{"@id":"https:\/\/janze-athletisme.fr\/wordpress\/une-decision-difficile-a-prendre\/#primaryimage"},"thumbnailUrl":"https:\/\/janze-athletisme.fr\/wordpress\/wp-content\/uploads\/2024\/10\/Lucie-29sept2024.jpg","datePublished":"2024-10-04T21:27:22+00:00","dateModified":"2024-10-04T21:34:48+00:00","breadcrumb":{"@id":"https:\/\/janze-athletisme.fr\/wordpress\/une-decision-difficile-a-prendre\/#breadcrumb"},"inLanguage":"fr-FR","potentialAction":[{"@type":"ReadAction","target":["https:\/\/janze-athletisme.fr\/wordpress\/une-decision-difficile-a-prendre\/"]}]},{"@type":"ImageObject","inLanguage":"fr-FR","@id":"https:\/\/janze-athletisme.fr\/wordpress\/une-decision-difficile-a-prendre\/#primaryimage","url":"https:\/\/janze-athletisme.fr\/wordpress\/wp-content\/uploads\/2024\/10\/Lucie-29sept2024.jpg","contentUrl":"https:\/\/janze-athletisme.fr\/wordpress\/wp-content\/uploads\/2024\/10\/Lucie-29sept2024.jpg","width":1500,"height":1500},{"@type":"BreadcrumbList","@id":"https:\/\/janze-athletisme.fr\/wordpress\/une-decision-difficile-a-prendre\/#breadcrumb","itemListElement":[{"@type":"ListItem","position":1,"name":"Accueil","item":"https:\/\/janze-athletisme.fr\/wordpress\/"},{"@type":"ListItem","position":2,"name":"Une d\u00e9cision difficile \u00e0 prendre&#8230;"}]},{"@type":"WebSite","@id":"https:\/\/janze-athletisme.fr\/wordpress\/#website","url":"https:\/\/janze-athletisme.fr\/wordpress\/","name":"Janz\u00e9 Athl\u00e9tisme","description":"Pays de La Roche aux F\u00e9es","publisher":{"@id":"https:\/\/janze-athletisme.fr\/wordpress\/#organization"},"potentialAction":[{"@type":"SearchAction","target":{"@type":"EntryPoint","urlTemplate":"https:\/\/janze-athletisme.fr\/wordpress\/?s={search_term_string}"},"query-input":{"@type":"PropertyValueSpecification","valueRequired":true,"valueName":"search_term_string"}}],"inLanguage":"fr-FR"},{"@type":"Organization","@id":"https:\/\/janze-athletisme.fr\/wordpress\/#organization","name":"Janz\u00e9 Athl\u00e9tisme","url":"https:\/\/janze-athletisme.fr\/wordpress\/","logo":{"@type":"ImageObject","inLanguage":"fr-FR","@id":"https:\/\/janze-athletisme.fr\/wordpress\/#\/schema\/logo\/image\/","url":"https:\/\/janze-athletisme.fr\/wordpress\/wp-content\/uploads\/2015\/03\/logo-full1.jpg","contentUrl":"https:\/\/janze-athletisme.fr\/wordpress\/wp-content\/uploads\/2015\/03\/logo-full1.jpg","width":437,"height":205,"caption":"Janz\u00e9 Athl\u00e9tisme"},"image":{"@id":"https:\/\/janze-athletisme.fr\/wordpress\/#\/schema\/logo\/image\/"},"sameAs":["https:\/\/www.facebook.com\/groups\/1007964579346590"]},{"@type":"Person","@id":"https:\/\/janze-athletisme.fr\/wordpress\/#\/schema\/person\/c7b063dcfa6234c041d4d9b26cc2ea03","name":"Laurent Meunier","image":{"@type":"ImageObject","inLanguage":"fr-FR","@id":"https:\/\/secure.gravatar.com\/avatar\/dd25d581ad7c3349090f2fa6a9adb6bfa287e6a5dd8a5216a092727cd8749034?s=96&d=mm&r=g","url":"https:\/\/secure.gravatar.com\/avatar\/dd25d581ad7c3349090f2fa6a9adb6bfa287e6a5dd8a5216a092727cd8749034?s=96&d=mm&r=g","contentUrl":"https:\/\/secure.gravatar.com\/avatar\/dd25d581ad7c3349090f2fa6a9adb6bfa287e6a5dd8a5216a092727cd8749034?s=96&d=mm&r=g","caption":"Laurent Meunier"},"url":"https:\/\/janze-athletisme.fr\/wordpress\/author\/laurent-meunier35\/"}]}},"uagb_featured_image_src":{"full":["https:\/\/janze-athletisme.fr\/wordpress\/wp-content\/uploads\/2024\/10\/Lucie-29sept2024.jpg",1500,1500,false],"thumbnail":["https:\/\/janze-athletisme.fr\/wordpress\/wp-content\/uploads\/2024\/10\/Lucie-29sept2024-150x150.jpg",150,150,true],"medium":["https:\/\/janze-athletisme.fr\/wordpress\/wp-content\/uploads\/2024\/10\/Lucie-29sept2024-300x300.jpg",300,300,true],"medium_large":["https:\/\/janze-athletisme.fr\/wordpress\/wp-content\/uploads\/2024\/10\/Lucie-29sept2024-768x768.jpg",768,768,true],"large":["https:\/\/janze-athletisme.fr\/wordpress\/wp-content\/uploads\/2024\/10\/Lucie-29sept2024-1024x1024.jpg",1024,1024,true],"1536x1536":["https:\/\/janze-athletisme.fr\/wordpress\/wp-content\/uploads\/2024\/10\/Lucie-29sept2024.jpg",1500,1500,false],"2048x2048":["https:\/\/janze-athletisme.fr\/wordpress\/wp-content\/uploads\/2024\/10\/Lucie-29sept2024.jpg",1500,1500,false]},"uagb_author_info":{"display_name":"Laurent Meunier","author_link":"https:\/\/janze-athletisme.fr\/wordpress\/author\/laurent-meunier35\/"},"uagb_comment_info":0,"uagb_excerpt":"Interclubs Avenir, l&rsquo;EAC 17e \u00e9quipe nationale en U23 N2. Avec son score du 29 septembre, notre \u00e9quipe EAC U23 (cadets, juniors, espoirs) a r\u00e9alis\u00e9 la 3e performance bretonne (sa place \u00e0 Courtemanche), mais la 17e performance nationale en Nationale 2&#8230; Un superbe r\u00e9sultat ! A ce titre, elle \u00e9tait qualifiable pour la finale des championnats\u2026","_links":{"self":[{"href":"https:\/\/janze-athletisme.fr\/wordpress\/wp-json\/wp\/v2\/posts\/21022","targetHints":{"allow":["GET"]}}],"collection":[{"href":"https:\/\/janze-athletisme.fr\/wordpress\/wp-json\/wp\/v2\/posts"}],"about":[{"href":"https:\/\/janze-athletisme.fr\/wordpress\/wp-json\/wp\/v2\/types\/post"}],"author":[{"embeddable":true,"href":"https:\/\/janze-athletisme.fr\/wordpress\/wp-json\/wp\/v2\/users\/12"}],"replies":[{"embeddable":true,"href":"https:\/\/janze-athletisme.fr\/wordpress\/wp-json\/wp\/v2\/comments?post=21022"}],"version-history":[{"count":4,"href":"https:\/\/janze-athletisme.fr\/wordpress\/wp-json\/wp\/v2\/posts\/21022\/revisions"}],"predecessor-version":[{"id":21027,"href":"https:\/\/janze-athletisme.fr\/wordpress\/wp-json\/wp\/v2\/posts\/21022\/revisions\/21027"}],"wp:featuredmedia":[{"embeddable":true,"href":"https:\/\/janze-athletisme.fr\/wordpress\/wp-json\/wp\/v2\/media\/21024"}],"wp:attachment":[{"href":"https:\/\/janze-athletisme.fr\/wordpress\/wp-json\/wp\/v2\/media?parent=21022"}],"wp:term":[{"taxonomy":"category","embeddable":true,"href":"https:\/\/janze-athletisme.fr\/wordpress\/wp-json\/wp\/v2\/categories?post=21022"},{"taxonomy":"post_tag","embeddable":true,"href":"https:\/\/janze-athletisme.fr\/wordpress\/wp-json\/wp\/v2\/tags?post=21022"}],"curies":[{"name":"wp","href":"https:\/\/api.w.org\/{rel}","templated":true}]}}